{"id":72070,"date":"2025-06-19T15:42:12","date_gmt":"2025-06-19T13:42:12","guid":{"rendered":"https:\/\/dorogimedence.hu\/?p=72070"},"modified":"2025-06-19T15:42:12","modified_gmt":"2025-06-19T13:42:12","slug":"kozel-1000-diak-dolgozhat-a-nyaron-varmegyenkben","status":"publish","type":"post","link":"https:\/\/dorogimedence.hu\/index.php\/2025\/06\/19\/kozel-1000-diak-dolgozhat-a-nyaron-varmegyenkben\/","title":{"rendered":"K\u00f6zel 1000 di\u00e1k dolgozhat a ny\u00e1ron v\u00e1rmegy\u00e9nkben"},"content":{"rendered":"<div class=\"clearfix text-formatted field field--name-field-bevezeto-full field--type-text-long field--label-hidden field__item\">\n<p class=\"text-align-justify\"><strong>A Kom\u00e1rom-Esztergom V\u00e1rmegyei Korm\u00e1nyhivatal r\u00e9sz\u00e9r\u0151l Dr. Kancz Csaba f\u0151isp\u00e1n \u00e9s Z\u00f6lde M\u00f3nika f\u0151oszt\u00e1lyvezet\u0151, valamint Dr. Moln\u00e1r Attila Kom\u00e1rom v\u00e1ros polg\u00e1rmestere ismertett\u00e9k a \u201eNy\u00e1ri di\u00e1kmunka 2025\u201d elnevez\u00e9s\u0171 program legfontosabb r\u00e9szleteit a kom\u00e1romi Brigetio Gy\u00f3gyf\u00fcrd\u0151ben.<\/strong><\/p>\n<p class=\"text-align-justify\">A c\u00e9l tov\u00e1bbra is min\u00e9l t\u00f6bb 16-25 \u00e9v k\u00f6z\u00f6tti, nappali tagozatos fiatal sz\u00e1m\u00e1ra biztos\u00edtani a munkatapasztalat \u00e9s j\u00f6vedelemszerz\u00e9s lehet\u0151s\u00e9g\u00e9t a ny\u00e1ri id\u0151szakban.<\/p>\n<p class=\"text-align-justify\">J\u00falius 1. \u00e9s augusztus 31. k\u00f6z\u00f6tt t\u00f6bb mint 20 000 nappali tagozatos di\u00e1k v\u00e1llalhat munk\u00e1t orsz\u00e1gszerte, k\u00f6zt\u00fck legal\u00e1bb 980-an Kom\u00e1rom-Esztergom v\u00e1rmegy\u00e9ben, 213 milli\u00f3 forintos keret\u00f6sszegb\u0151l. A tavalyi kiemelked\u0151 eredm\u00e9nyek ut\u00e1n id\u00e9n m\u00e9g nagyobb t\u00e1mogat\u00e1s \u00e1ll rendelkez\u00e9sre.<\/p>\n<p class=\"text-align-justify\">A k\u00e9t pill\u00e9rre \u00e9p\u00fcl\u0151 programban id\u00e9n is helyet kapnak az \u00f6nkorm\u00e1nyzatok, valamint a piaci szerepl\u0151k k\u00f6z\u00fcl a mez\u0151gazdas\u00e1g, vend\u00e9gl\u00e1t\u00e1s, turizmus \u00e9s erd\u0151gazd\u00e1lkod\u00e1s ter\u00fclet\u00e9n m\u0171k\u00f6d\u0151 v\u00e1llalkoz\u00e1sok. T\u00e1mogat\u00e1st id\u00e9n is kiz\u00e1r\u00f3lag a rendezett munka\u00fcgyi kapcsolatoknak megfelel\u0151 foglalkoztat\u00f3 kaphat.<\/p>\n<p class=\"text-align-justify\">A ny\u00e1ri di\u00e1kmunka programban val\u00f3 r\u00e9szv\u00e9telfelt\u00e9tele, hogy a nappali tagozatos di\u00e1k regisztr\u00e1ltassa mag\u00e1t a lak\u00f3- vagy tart\u00f3zkod\u00e1si helye szerint illet\u00e9kes j\u00e1r\u00e1si hivatal foglalkoztat\u00e1si oszt\u00e1ly\u00e1n, m\u00e9g a munkakezd\u00e9s el\u0151tt. Ehhez sz\u00fcks\u00e9g van a szem\u00e9lyes okm\u00e1nyokra, \u00e9rv\u00e9nyes di\u00e1kigazolv\u00e1nyra, vagy ha az m\u00e1r visszavon\u00e1sra ker\u00fclt, akkor iskolal\u00e1togat\u00e1si igazol\u00e1sra. A di\u00e1kigazolv\u00e1ny matric\u00e1val val\u00f3 \u00e9rv\u00e9nyes\u00edt\u00e9se nem sz\u00fcks\u00e9ges a tan\u00e9v ut\u00e1ni okt\u00f3ber 31-ig, ha a tanul\u00f3 abban a tan\u00e9vben t\u00f6lti be a 16. \u00e9let\u00e9v\u00e9t.<\/p>\n<p class=\"text-align-justify\">A j\u00e1r\u00e1si hivatalok \u00fcgyf\u00e9lfogad\u00e1si id\u0151n k\u00edv\u00fcl is fogadj\u00e1k az \u00e9rdekl\u0151d\u0151ket, id\u0151pontfoglal\u00e1s n\u00e9lk\u00fcl, de \u00e9rdemes el\u0151zetesen telefonon vagy e-mailben \u00e9rdekl\u0151dni. Az el\u00e9rhet\u0151s\u00e9gek a korm\u00e1nyhivatal honlapj\u00e1n tal\u00e1lhat\u00f3k meg.<\/p>\n<p class=\"text-align-justify\">Tov\u00e1bbi inform\u00e1ci\u00f3k, illetve a program hivatalos le\u00edr\u00e1sa a <a class=\"ext\" href=\"http:\/\/www.munka.hu\" target=\"_blank\" rel=\"noopener noreferrer\" data-extlink=\"\"><span style=\"text-decoration: underline; color: #0000ff;\">www.munka.hu<\/span><\/a> oldalon \u00e9rhet\u0151k el.<\/p>\n<p><em>Bor\u00edt\u00f3k\u00e9p, forr\u00e1s: Kom\u00e1rom-Esztergom V\u00e1rmegyei Korm\u00e1nyhivatal<\/em><\/p>\n<\/div>\n","protected":false},"excerpt":{"rendered":"<p>A Kom\u00e1rom-Esztergom V\u00e1rmegyei Korm\u00e1nyhivatal r\u00e9sz\u00e9r\u0151l Dr. Kancz Csaba f\u0151isp\u00e1n \u00e9s Z\u00f6lde M\u00f3nika f\u0151oszt\u00e1lyvezet\u0151, valamint Dr. Moln\u00e1r Attila Kom\u00e1rom v\u00e1ros polg\u00e1rmestere ismertett\u00e9k a \u201eNy\u00e1ri di\u00e1kmunka 2025\u201d elnevez\u00e9s\u0171 program legfontosabb r\u00e9szleteit a kom\u00e1romi Brigetio Gy\u00f3gyf\u00fcrd\u0151ben. A c\u00e9l tov\u00e1bbra is min\u00e9l t\u00f6bb 16-25 \u00e9v k\u00f6z\u00f6tti, nappali tagozatos fiatal sz\u00e1m\u00e1ra biztos\u00edtani a munkatapasztalat \u00e9s j\u00f6vedelemszerz\u00e9s lehet\u0151s\u00e9g\u00e9t a ny\u00e1ri id\u0151szakban.<\/p>\n","protected":false},"author":1,"featured_media":72071,"comment_status":"closed","ping_status":"closed","sticky":false,"template":"","format":"standard","meta":{"ngg_post_thumbnail":0,"footnotes":""},"categories":[3,56],"tags":[2900,6890],"class_list":{"0":"post-72070","1":"post","2":"type-post","3":"status-publish","4":"format-standard","5":"has-post-thumbnail","7":"category-hirek","8":"category-komarom-esztergom","9":"tag-diakmunka","10":"tag-komarom-esztergom-varmegye"},"yoast_head":"<!-- This site is optimized with the Yoast SEO plugin v27.4 - https:\/\/yoast.com\/product\/yoast-seo-wordpress\/ -->\n<title>K\u00f6zel 1000 di\u00e1k dolgozhat a ny\u00e1ron v\u00e1rmegy\u00e9nkben<\/title>\n<meta name=\"robots\" content=\"index, follow, max-snippet:-1, max-image-preview:large, max-video-preview:-1\" \/>\n<link rel=\"canonical\" href=\"https:\/\/dorogimedence.hu\/index.php\/2025\/06\/19\/kozel-1000-diak-dolgozhat-a-nyaron-varmegyenkben\/\" class=\"yoast-seo-meta-tag\" \/>\n<meta property=\"og:locale\" content=\"hu_HU\" class=\"yoast-seo-meta-tag\" \/>\n<meta property=\"og:type\" content=\"article\" class=\"yoast-seo-meta-tag\" \/>\n<meta property=\"og:title\" content=\"K\u00f6zel 1000 di\u00e1k dolgozhat a ny\u00e1ron v\u00e1rmegy\u00e9nkben\" class=\"yoast-seo-meta-tag\" \/>\n<meta property=\"og:description\" content=\"A Kom\u00e1rom-Esztergom V\u00e1rmegyei Korm\u00e1nyhivatal r\u00e9sz\u00e9r\u0151l Dr. Kancz Csaba f\u0151isp\u00e1n \u00e9s Z\u00f6lde M\u00f3nika f\u0151oszt\u00e1lyvezet\u0151, valamint Dr. Moln\u00e1r Attila Kom\u00e1rom v\u00e1ros polg\u00e1rmestere ismertett\u00e9k a \u201eNy\u00e1ri di\u00e1kmunka 2025\u201d elnevez\u00e9s\u0171 program legfontosabb r\u00e9szleteit a kom\u00e1romi Brigetio Gy\u00f3gyf\u00fcrd\u0151ben. A c\u00e9l tov\u00e1bbra is min\u00e9l t\u00f6bb 16-25 \u00e9v k\u00f6z\u00f6tti, nappali tagozatos fiatal sz\u00e1m\u00e1ra biztos\u00edtani a munkatapasztalat \u00e9s j\u00f6vedelemszerz\u00e9s lehet\u0151s\u00e9g\u00e9t a ny\u00e1ri id\u0151szakban.\" class=\"yoast-seo-meta-tag\" \/>\n<meta property=\"og:url\" content=\"https:\/\/dorogimedence.hu\/index.php\/2025\/06\/19\/kozel-1000-diak-dolgozhat-a-nyaron-varmegyenkben\/\" class=\"yoast-seo-meta-tag\" \/>\n<meta property=\"og:site_name\" content=\"Dorogi-medence Region\u00e1lis H\u00edrport\u00e1l\" class=\"yoast-seo-meta-tag\" \/>\n<meta property=\"article:publisher\" content=\"https:\/\/www.facebook.com\/dorogimedence\/\" class=\"yoast-seo-meta-tag\" \/>\n<meta property=\"article:published_time\" content=\"2025-06-19T13:42:12+00:00\" class=\"yoast-seo-meta-tag\" \/>\n<meta property=\"og:image\" content=\"https:\/\/dorogimedence.hu\/wp-content\/uploads\/2025\/06\/diakmunka.jpg\" class=\"yoast-seo-meta-tag\" \/>\n\t<meta property=\"og:image:width\" content=\"1920\" class=\"yoast-seo-meta-tag\" \/>\n\t<meta property=\"og:image:height\" content=\"970\" class=\"yoast-seo-meta-tag\" \/>\n\t<meta property=\"og:image:type\" content=\"image\/jpeg\" class=\"yoast-seo-meta-tag\" \/>\n<meta name=\"author\" content=\"dorogimedence.hu\" class=\"yoast-seo-meta-tag\" \/>\n<meta name=\"twitter:card\" content=\"summary_large_image\" class=\"yoast-seo-meta-tag\" \/>\n<meta name=\"twitter:label1\" content=\"Szerz\u0151:\" class=\"yoast-seo-meta-tag\" \/>\n\t<meta name=\"twitter:data1\" content=\"dorogimedence.hu\" class=\"yoast-seo-meta-tag\" \/>\n\t<meta name=\"twitter:label2\" content=\"Becs\u00fclt olvas\u00e1si id\u0151\" class=\"yoast-seo-meta-tag\" \/>\n\t<meta name=\"twitter:data2\" content=\"2 perc\" class=\"yoast-seo-meta-tag\" \/>\n<script type=\"application\/ld+json\" class=\"yoast-schema-graph\">{\"@context\":\"https:\\\/\\\/schema.org\",\"@graph\":[{\"@type\":\"Article\",\"@id\":\"https:\\\/\\\/dorogimedence.hu\\\/index.php\\\/2025\\\/06\\\/19\\\/kozel-1000-diak-dolgozhat-a-nyaron-varmegyenkben\\\/#article\",\"isPartOf\":{\"@id\":\"https:\\\/\\\/dorogimedence.hu\\\/index.php\\\/2025\\\/06\\\/19\\\/kozel-1000-diak-dolgozhat-a-nyaron-varmegyenkben\\\/\"},\"author\":{\"name\":\"dorogimedence.hu\",\"@id\":\"https:\\\/\\\/dorogimedence.hu\\\/#\\\/schema\\\/person\\\/ce6091eeb7e95ecdc87890d6aa8e0fd4\"},\"headline\":\"K\u00f6zel 1000 di\u00e1k dolgozhat a ny\u00e1ron v\u00e1rmegy\u00e9nkben\",\"datePublished\":\"2025-06-19T13:42:12+00:00\",\"mainEntityOfPage\":{\"@id\":\"https:\\\/\\\/dorogimedence.hu\\\/index.php\\\/2025\\\/06\\\/19\\\/kozel-1000-diak-dolgozhat-a-nyaron-varmegyenkben\\\/\"},\"wordCount\":420,\"publisher\":{\"@id\":\"https:\\\/\\\/dorogimedence.hu\\\/#organization\"},\"image\":{\"@id\":\"https:\\\/\\\/dorogimedence.hu\\\/index.php\\\/2025\\\/06\\\/19\\\/kozel-1000-diak-dolgozhat-a-nyaron-varmegyenkben\\\/#primaryimage\"},\"thumbnailUrl\":\"https:\\\/\\\/dorogimedence.hu\\\/wp-content\\\/uploads\\\/2025\\\/06\\\/diakmunka.jpg\",\"keywords\":[\"di\u00e1kmunka\",\"Kom\u00e1rom-Esztergom v\u00e1rmegye\"],\"articleSection\":[\"H\u00edrek\",\"Kom\u00e1rom-Esztergom\"],\"inLanguage\":\"hu\"},{\"@type\":\"WebPage\",\"@id\":\"https:\\\/\\\/dorogimedence.hu\\\/index.php\\\/2025\\\/06\\\/19\\\/kozel-1000-diak-dolgozhat-a-nyaron-varmegyenkben\\\/\",\"url\":\"https:\\\/\\\/dorogimedence.hu\\\/index.php\\\/2025\\\/06\\\/19\\\/kozel-1000-diak-dolgozhat-a-nyaron-varmegyenkben\\\/\",\"name\":\"K\u00f6zel 1000 di\u00e1k dolgozhat a ny\u00e1ron v\u00e1rmegy\u00e9nkben\",\"isPartOf\":{\"@id\":\"https:\\\/\\\/dorogimedence.hu\\\/#website\"},\"primaryImageOfPage\":{\"@id\":\"https:\\\/\\\/dorogimedence.hu\\\/index.php\\\/2025\\\/06\\\/19\\\/kozel-1000-diak-dolgozhat-a-nyaron-varmegyenkben\\\/#primaryimage\"},\"image\":{\"@id\":\"https:\\\/\\\/dorogimedence.hu\\\/index.php\\\/2025\\\/06\\\/19\\\/kozel-1000-diak-dolgozhat-a-nyaron-varmegyenkben\\\/#primaryimage\"},\"thumbnailUrl\":\"https:\\\/\\\/dorogimedence.hu\\\/wp-content\\\/uploads\\\/2025\\\/06\\\/diakmunka.jpg\",\"datePublished\":\"2025-06-19T13:42:12+00:00\",\"breadcrumb\":{\"@id\":\"https:\\\/\\\/dorogimedence.hu\\\/index.php\\\/2025\\\/06\\\/19\\\/kozel-1000-diak-dolgozhat-a-nyaron-varmegyenkben\\\/#breadcrumb\"},\"inLanguage\":\"hu\",\"potentialAction\":[{\"@type\":\"ReadAction\",\"target\":[\"https:\\\/\\\/dorogimedence.hu\\\/index.php\\\/2025\\\/06\\\/19\\\/kozel-1000-diak-dolgozhat-a-nyaron-varmegyenkben\\\/\"]}]},{\"@type\":\"ImageObject\",\"inLanguage\":\"hu\",\"@id\":\"https:\\\/\\\/dorogimedence.hu\\\/index.php\\\/2025\\\/06\\\/19\\\/kozel-1000-diak-dolgozhat-a-nyaron-varmegyenkben\\\/#primaryimage\",\"url\":\"https:\\\/\\\/dorogimedence.hu\\\/wp-content\\\/uploads\\\/2025\\\/06\\\/diakmunka.jpg\",\"contentUrl\":\"https:\\\/\\\/dorogimedence.hu\\\/wp-content\\\/uploads\\\/2025\\\/06\\\/diakmunka.jpg\",\"width\":1920,\"height\":970},{\"@type\":\"BreadcrumbList\",\"@id\":\"https:\\\/\\\/dorogimedence.hu\\\/index.php\\\/2025\\\/06\\\/19\\\/kozel-1000-diak-dolgozhat-a-nyaron-varmegyenkben\\\/#breadcrumb\",\"itemListElement\":[{\"@type\":\"ListItem\",\"position\":1,\"name\":\"Kezd\u0151lap\",\"item\":\"https:\\\/\\\/dorogimedence.hu\\\/\"},{\"@type\":\"ListItem\",\"position\":2,\"name\":\"K\u00f6zel 1000 di\u00e1k dolgozhat a ny\u00e1ron v\u00e1rmegy\u00e9nkben\"}]},{\"@type\":\"WebSite\",\"@id\":\"https:\\\/\\\/dorogimedence.hu\\\/#website\",\"url\":\"https:\\\/\\\/dorogimedence.hu\\\/\",\"name\":\"Dorogi-medence Region\u00e1lis H\u00edrport\u00e1l\",\"description\":\"Dorog, Keszt\u00f6lc, Le\u00e1nyv\u00e1r, Piliscs\u00e9v, Tokod, Tokodalt\u00e1r\u00f3, Csolnok, Esztergom-kertv\u00e1ros: h\u00edrek, programok\",\"publisher\":{\"@id\":\"https:\\\/\\\/dorogimedence.hu\\\/#organization\"},\"potentialAction\":[{\"@type\":\"SearchAction\",\"target\":{\"@type\":\"EntryPoint\",\"urlTemplate\":\"https:\\\/\\\/dorogimedence.hu\\\/?s={search_term_string}\"},\"query-input\":{\"@type\":\"PropertyValueSpecification\",\"valueRequired\":true,\"valueName\":\"search_term_string\"}}],\"inLanguage\":\"hu\"},{\"@type\":\"Organization\",\"@id\":\"https:\\\/\\\/dorogimedence.hu\\\/#organization\",\"name\":\"Dorogi-medence Region\u00e1lis H\u00edrport\u00e1l\",\"url\":\"https:\\\/\\\/dorogimedence.hu\\\/\",\"logo\":{\"@type\":\"ImageObject\",\"inLanguage\":\"hu\",\"@id\":\"https:\\\/\\\/dorogimedence.hu\\\/#\\\/schema\\\/logo\\\/image\\\/\",\"url\":\"https:\\\/\\\/dorogimedence.hu\\\/wp-content\\\/uploads\\\/2021\\\/04\\\/logo-feher-600.png\",\"contentUrl\":\"https:\\\/\\\/dorogimedence.hu\\\/wp-content\\\/uploads\\\/2021\\\/04\\\/logo-feher-600.png\",\"width\":600,\"height\":100,\"caption\":\"Dorogi-medence Region\u00e1lis H\u00edrport\u00e1l\"},\"image\":{\"@id\":\"https:\\\/\\\/dorogimedence.hu\\\/#\\\/schema\\\/logo\\\/image\\\/\"},\"sameAs\":[\"https:\\\/\\\/www.facebook.com\\\/dorogimedence\\\/\"]},{\"@type\":\"Person\",\"@id\":\"https:\\\/\\\/dorogimedence.hu\\\/#\\\/schema\\\/person\\\/ce6091eeb7e95ecdc87890d6aa8e0fd4\",\"name\":\"dorogimedence.hu\",\"image\":{\"@type\":\"ImageObject\",\"inLanguage\":\"hu\",\"@id\":\"\\\/\\\/www.gravatar.com\\\/avatar\\\/d8d45f8901aadff40a4af72c0b826f1d?s=96&#038;r=g&#038;d=mm\",\"url\":\"\\\/\\\/www.gravatar.com\\\/avatar\\\/d8d45f8901aadff40a4af72c0b826f1d?s=96&#038;r=g&#038;d=mm\",\"contentUrl\":\"\\\/\\\/www.gravatar.com\\\/avatar\\\/d8d45f8901aadff40a4af72c0b826f1d?s=96&#038;r=g&#038;d=mm\",\"caption\":\"dorogimedence.hu\"}}]}<\/script>\n<!-- \/ Yoast SEO plugin. -->","yoast_head_json":{"title":"K\u00f6zel 1000 di\u00e1k dolgozhat a ny\u00e1ron v\u00e1rmegy\u00e9nkben","robots":{"index":"index","follow":"follow","max-snippet":"max-snippet:-1","max-image-preview":"max-image-preview:large","max-video-preview":"max-video-preview:-1"},"canonical":"https:\/\/dorogimedence.hu\/index.php\/2025\/06\/19\/kozel-1000-diak-dolgozhat-a-nyaron-varmegyenkben\/","og_locale":"hu_HU","og_type":"article","og_title":"K\u00f6zel 1000 di\u00e1k dolgozhat a ny\u00e1ron v\u00e1rmegy\u00e9nkben","og_description":"A Kom\u00e1rom-Esztergom V\u00e1rmegyei Korm\u00e1nyhivatal r\u00e9sz\u00e9r\u0151l Dr. Kancz Csaba f\u0151isp\u00e1n \u00e9s Z\u00f6lde M\u00f3nika f\u0151oszt\u00e1lyvezet\u0151, valamint Dr. Moln\u00e1r Attila Kom\u00e1rom v\u00e1ros polg\u00e1rmestere ismertett\u00e9k a \u201eNy\u00e1ri di\u00e1kmunka 2025\u201d elnevez\u00e9s\u0171 program legfontosabb r\u00e9szleteit a kom\u00e1romi Brigetio Gy\u00f3gyf\u00fcrd\u0151ben. A c\u00e9l tov\u00e1bbra is min\u00e9l t\u00f6bb 16-25 \u00e9v k\u00f6z\u00f6tti, nappali tagozatos fiatal sz\u00e1m\u00e1ra biztos\u00edtani a munkatapasztalat \u00e9s j\u00f6vedelemszerz\u00e9s lehet\u0151s\u00e9g\u00e9t a ny\u00e1ri id\u0151szakban.","og_url":"https:\/\/dorogimedence.hu\/index.php\/2025\/06\/19\/kozel-1000-diak-dolgozhat-a-nyaron-varmegyenkben\/","og_site_name":"Dorogi-medence Region\u00e1lis H\u00edrport\u00e1l","article_publisher":"https:\/\/www.facebook.com\/dorogimedence\/","article_published_time":"2025-06-19T13:42:12+00:00","og_image":[{"width":1920,"height":970,"url":"https:\/\/dorogimedence.hu\/wp-content\/uploads\/2025\/06\/diakmunka.jpg","type":"image\/jpeg"}],"author":"dorogimedence.hu","twitter_card":"summary_large_image","twitter_misc":{"Szerz\u0151:":"dorogimedence.hu","Becs\u00fclt olvas\u00e1si id\u0151":"2 perc"},"schema":{"@context":"https:\/\/schema.org","@graph":[{"@type":"Article","@id":"https:\/\/dorogimedence.hu\/index.php\/2025\/06\/19\/kozel-1000-diak-dolgozhat-a-nyaron-varmegyenkben\/#article","isPartOf":{"@id":"https:\/\/dorogimedence.hu\/index.php\/2025\/06\/19\/kozel-1000-diak-dolgozhat-a-nyaron-varmegyenkben\/"},"author":{"name":"dorogimedence.hu","@id":"https:\/\/dorogimedence.hu\/#\/schema\/person\/ce6091eeb7e95ecdc87890d6aa8e0fd4"},"headline":"K\u00f6zel 1000 di\u00e1k dolgozhat a ny\u00e1ron v\u00e1rmegy\u00e9nkben","datePublished":"2025-06-19T13:42:12+00:00","mainEntityOfPage":{"@id":"https:\/\/dorogimedence.hu\/index.php\/2025\/06\/19\/kozel-1000-diak-dolgozhat-a-nyaron-varmegyenkben\/"},"wordCount":420,"publisher":{"@id":"https:\/\/dorogimedence.hu\/#organization"},"image":{"@id":"https:\/\/dorogimedence.hu\/index.php\/2025\/06\/19\/kozel-1000-diak-dolgozhat-a-nyaron-varmegyenkben\/#primaryimage"},"thumbnailUrl":"https:\/\/dorogimedence.hu\/wp-content\/uploads\/2025\/06\/diakmunka.jpg","keywords":["di\u00e1kmunka","Kom\u00e1rom-Esztergom v\u00e1rmegye"],"articleSection":["H\u00edrek","Kom\u00e1rom-Esztergom"],"inLanguage":"hu"},{"@type":"WebPage","@id":"https:\/\/dorogimedence.hu\/index.php\/2025\/06\/19\/kozel-1000-diak-dolgozhat-a-nyaron-varmegyenkben\/","url":"https:\/\/dorogimedence.hu\/index.php\/2025\/06\/19\/kozel-1000-diak-dolgozhat-a-nyaron-varmegyenkben\/","name":"K\u00f6zel 1000 di\u00e1k dolgozhat a ny\u00e1ron v\u00e1rmegy\u00e9nkben","isPartOf":{"@id":"https:\/\/dorogimedence.hu\/#website"},"primaryImageOfPage":{"@id":"https:\/\/dorogimedence.hu\/index.php\/2025\/06\/19\/kozel-1000-diak-dolgozhat-a-nyaron-varmegyenkben\/#primaryimage"},"image":{"@id":"https:\/\/dorogimedence.hu\/index.php\/2025\/06\/19\/kozel-1000-diak-dolgozhat-a-nyaron-varmegyenkben\/#primaryimage"},"thumbnailUrl":"https:\/\/dorogimedence.hu\/wp-content\/uploads\/2025\/06\/diakmunka.jpg","datePublished":"2025-06-19T13:42:12+00:00","breadcrumb":{"@id":"https:\/\/dorogimedence.hu\/index.php\/2025\/06\/19\/kozel-1000-diak-dolgozhat-a-nyaron-varmegyenkben\/#breadcrumb"},"inLanguage":"hu","potentialAction":[{"@type":"ReadAction","target":["https:\/\/dorogimedence.hu\/index.php\/2025\/06\/19\/kozel-1000-diak-dolgozhat-a-nyaron-varmegyenkben\/"]}]},{"@type":"ImageObject","inLanguage":"hu","@id":"https:\/\/dorogimedence.hu\/index.php\/2025\/06\/19\/kozel-1000-diak-dolgozhat-a-nyaron-varmegyenkben\/#primaryimage","url":"https:\/\/dorogimedence.hu\/wp-content\/uploads\/2025\/06\/diakmunka.jpg","contentUrl":"https:\/\/dorogimedence.hu\/wp-content\/uploads\/2025\/06\/diakmunka.jpg","width":1920,"height":970},{"@type":"BreadcrumbList","@id":"https:\/\/dorogimedence.hu\/index.php\/2025\/06\/19\/kozel-1000-diak-dolgozhat-a-nyaron-varmegyenkben\/#breadcrumb","itemListElement":[{"@type":"ListItem","position":1,"name":"Kezd\u0151lap","item":"https:\/\/dorogimedence.hu\/"},{"@type":"ListItem","position":2,"name":"K\u00f6zel 1000 di\u00e1k dolgozhat a ny\u00e1ron v\u00e1rmegy\u00e9nkben"}]},{"@type":"WebSite","@id":"https:\/\/dorogimedence.hu\/#website","url":"https:\/\/dorogimedence.hu\/","name":"Dorogi-medence Region\u00e1lis H\u00edrport\u00e1l","description":"Dorog, Keszt\u00f6lc, Le\u00e1nyv\u00e1r, Piliscs\u00e9v, Tokod, Tokodalt\u00e1r\u00f3, Csolnok, Esztergom-kertv\u00e1ros: h\u00edrek, programok","publisher":{"@id":"https:\/\/dorogimedence.hu\/#organization"},"potentialAction":[{"@type":"SearchAction","target":{"@type":"EntryPoint","urlTemplate":"https:\/\/dorogimedence.hu\/?s={search_term_string}"},"query-input":{"@type":"PropertyValueSpecification","valueRequired":true,"valueName":"search_term_string"}}],"inLanguage":"hu"},{"@type":"Organization","@id":"https:\/\/dorogimedence.hu\/#organization","name":"Dorogi-medence Region\u00e1lis H\u00edrport\u00e1l","url":"https:\/\/dorogimedence.hu\/","logo":{"@type":"ImageObject","inLanguage":"hu","@id":"https:\/\/dorogimedence.hu\/#\/schema\/logo\/image\/","url":"https:\/\/dorogimedence.hu\/wp-content\/uploads\/2021\/04\/logo-feher-600.png","contentUrl":"https:\/\/dorogimedence.hu\/wp-content\/uploads\/2021\/04\/logo-feher-600.png","width":600,"height":100,"caption":"Dorogi-medence Region\u00e1lis H\u00edrport\u00e1l"},"image":{"@id":"https:\/\/dorogimedence.hu\/#\/schema\/logo\/image\/"},"sameAs":["https:\/\/www.facebook.com\/dorogimedence\/"]},{"@type":"Person","@id":"https:\/\/dorogimedence.hu\/#\/schema\/person\/ce6091eeb7e95ecdc87890d6aa8e0fd4","name":"dorogimedence.hu","image":{"@type":"ImageObject","inLanguage":"hu","@id":"\/\/www.gravatar.com\/avatar\/d8d45f8901aadff40a4af72c0b826f1d?s=96&#038;r=g&#038;d=mm","url":"\/\/www.gravatar.com\/avatar\/d8d45f8901aadff40a4af72c0b826f1d?s=96&#038;r=g&#038;d=mm","contentUrl":"\/\/www.gravatar.com\/avatar\/d8d45f8901aadff40a4af72c0b826f1d?s=96&#038;r=g&#038;d=mm","caption":"dorogimedence.hu"}}]}},"_links":{"self":[{"href":"https:\/\/dorogimedence.hu\/index.php\/wp-json\/wp\/v2\/posts\/72070","targetHints":{"allow":["GET"]}}],"collection":[{"href":"https:\/\/dorogimedence.hu\/index.php\/wp-json\/wp\/v2\/posts"}],"about":[{"href":"https:\/\/dorogimedence.hu\/index.php\/wp-json\/wp\/v2\/types\/post"}],"author":[{"embeddable":true,"href":"https:\/\/dorogimedence.hu\/index.php\/wp-json\/wp\/v2\/users\/1"}],"replies":[{"embeddable":true,"href":"https:\/\/dorogimedence.hu\/index.php\/wp-json\/wp\/v2\/comments?post=72070"}],"version-history":[{"count":0,"href":"https:\/\/dorogimedence.hu\/index.php\/wp-json\/wp\/v2\/posts\/72070\/revisions"}],"wp:featuredmedia":[{"embeddable":true,"href":"https:\/\/dorogimedence.hu\/index.php\/wp-json\/wp\/v2\/media\/72071"}],"wp:attachment":[{"href":"https:\/\/dorogimedence.hu\/index.php\/wp-json\/wp\/v2\/media?parent=72070"}],"wp:term":[{"taxonomy":"category","embeddable":true,"href":"https:\/\/dorogimedence.hu\/index.php\/wp-json\/wp\/v2\/categories?post=72070"},{"taxonomy":"post_tag","embeddable":true,"href":"https:\/\/dorogimedence.hu\/index.php\/wp-json\/wp\/v2\/tags?post=72070"}],"curies":[{"name":"wp","href":"https:\/\/api.w.org\/{rel}","templated":true}]}}