{"id":72057,"date":"2025-06-19T09:41:12","date_gmt":"2025-06-19T07:41:12","guid":{"rendered":"https:\/\/dorogimedence.hu\/?p=72057"},"modified":"2025-06-19T09:42:25","modified_gmt":"2025-06-19T07:42:25","slug":"dorogi-diak-alkotasa-lett-a-legjobb-a-tuzmegelozesi-bizottsag-palyazatan","status":"publish","type":"post","link":"https:\/\/dorogimedence.hu\/index.php\/2025\/06\/19\/dorogi-diak-alkotasa-lett-a-legjobb-a-tuzmegelozesi-bizottsag-palyazatan\/","title":{"rendered":"Dorogi di\u00e1k alkot\u00e1sa lett a legjobb a t\u0171zmegel\u0151z\u00e9si bizotts\u00e1g p\u00e1ly\u00e1zat\u00e1n"},"content":{"rendered":"<div class=\"article-descript\">\n<p><strong>A Katasztr\u00f3fav\u00e9delem K\u00f6zponti M\u00fazeum\u00e1ban tartott\u00e1k meg j\u00fanius 16-\u00e1n a 2025-\u00f6s Alkot\u00f3i P\u00e1ly\u00e1zat d\u00edj\u00e1tad\u00f3 \u00fcnneps\u00e9g\u00e9t. Itt der\u00fclt ki, hogy kik azok az ifj\u00fa alkot\u00f3k, akik a legkreat\u00edvabb m\u00f3don mutatt\u00e1k be, mik\u00e9nt k\u00e9pzelik el a j\u00f6v\u0151 t\u0171zv\u00e9delm\u00e9t.<\/strong><\/p>\n<\/div>\n<div class=\"text\">\n<p>A hagyom\u00e1nyokat k\u00f6vetve id\u00e9n is febru\u00e1rban hirdette meg alkot\u00f3i p\u00e1ly\u00e1zat\u00e1t az Orsz\u00e1gos T\u0171zmegel\u0151z\u00e9si Bizotts\u00e1g, a t\u00e9ma ez\u00fattal \u201eA j\u00f6v\u0151 t\u0171zv\u00e9delme\u201d volt. A di\u00e1kok h\u00e1rom korcsoportban \u2013 hat \u00e9s t\u00edz, tizenegy \u00e9s tizenn\u00e9gy, valamint tizen\u00f6t \u00e9s tizennyolc \u00e9v k\u00f6z\u00f6tt \u2013 p\u00e1ly\u00e1zhattak meghat\u00e1rozott m\u00e9ret\u0171 k\u00e9zm\u0171ves alkot\u00e1ssal, valamint korcsoport n\u00e9lk\u00fcl digit\u00e1lis alkot\u00e1sokkal, filmmel, anim\u00e1ci\u00f3val, digit\u00e1lis grafik\u00e1val \u00e9s k\u00e9ppel. A p\u00e1ly\u00e1zat c\u00e9lja az volt, hogy az iskol\u00e1sok kreat\u00edvan mutass\u00e1k be a t\u0171zv\u00e9delem fontoss\u00e1g\u00e1t \u00e9s a lak\u00e1st\u00fczek megel\u0151z\u00e9s\u00e9nek lehet\u0151s\u00e9geit.<\/p>\n<p><img fetchpriority=\"high\" decoding=\"async\" class=\"alignnone size-full wp-image-72060\" src=\"https:\/\/dorogimedence.hu\/wp-content\/uploads\/2025\/06\/6851309a4ae0c7.49602059.jpeg\" alt=\"\" width=\"660\" height=\"439\" srcset=\"https:\/\/dorogimedence.hu\/wp-content\/uploads\/2025\/06\/6851309a4ae0c7.49602059.jpeg 660w, https:\/\/dorogimedence.hu\/wp-content\/uploads\/2025\/06\/6851309a4ae0c7.49602059-600x399.jpeg 600w, https:\/\/dorogimedence.hu\/wp-content\/uploads\/2025\/06\/6851309a4ae0c7.49602059-150x100.jpeg 150w, https:\/\/dorogimedence.hu\/wp-content\/uploads\/2025\/06\/6851309a4ae0c7.49602059-450x299.jpeg 450w, https:\/\/dorogimedence.hu\/wp-content\/uploads\/2025\/06\/6851309a4ae0c7.49602059-272x182.jpeg 272w\" sizes=\"(max-width: 660px) 100vw, 660px\" \/><\/p>\n<p>A v\u00e1rmegyei v\u00e1logat\u00e1s ut\u00e1n be\u00e9rkezett alkot\u00e1sok rangsor\u00e1r\u00f3l sz\u00fcletett v\u00e9gs\u0151 d\u00f6nt\u00e9st m\u00e1jus 21-\u00e9n t\u00f6bb \u00f3r\u00e1s szakmai vita el\u0151zte meg. \u00d6sszesen t\u00f6bb mint 6 ezer alkot\u00e1s \u00e9rkezett, a v\u00e1rmegyei el\u0151zs\u0171riz\u00e9s alapj\u00e1n javasolt m\u0171veket m\u0171v\u00e9szekb\u0151l, m\u00fazeumi \u00e9s t\u0171zv\u00e9delmi szakemberekb\u0151l \u00e1ll\u00f3 zs\u0171ri b\u00edr\u00e1lta el.<\/p>\n<p><strong>F\u00fclep Zolt\u00e1n<\/strong> t\u0171. dand\u00e1rt\u00e1bornok, orsz\u00e1gos t\u0171zolt\u00f3s\u00e1gi f\u0151fel\u00fcgyel\u0151 a h\u00e9tf\u0151i d\u00edj\u00e1tad\u00f3 \u00fcnneps\u00e9gen gratul\u00e1lt a fiatal tehets\u00e9geknek, mint fogalmazott, val\u00f3ban b\u00fcszke lehet mindenki, akit d\u00edjaztak, mert messze nagyobb mez\u0151nyb\u0151l emelkedtek ki, id\u00e9n ugyanis k\u00e9tszer annyi p\u00e1lyam\u0171 \u00e9rkezett, mint tavaly. A t\u00e1bornok megk\u00f6sz\u00f6nte a gyerekeknek azt, hogy gondolkoztak a t\u0171zolt\u00f3s\u00e1gr\u00f3l, annak j\u00f6v\u0151j\u00e9r\u0151l, a biztons\u00e1gr\u00f3l \u00e9s a t\u0171zv\u00e9delemr\u0151l.<\/p>\n<p><img decoding=\"async\" class=\"alignnone size-full wp-image-72061\" src=\"https:\/\/dorogimedence.hu\/wp-content\/uploads\/2025\/06\/6851309a691129.86814537.jpeg\" alt=\"\" width=\"660\" height=\"439\" srcset=\"https:\/\/dorogimedence.hu\/wp-content\/uploads\/2025\/06\/6851309a691129.86814537.jpeg 660w, https:\/\/dorogimedence.hu\/wp-content\/uploads\/2025\/06\/6851309a691129.86814537-600x399.jpeg 600w, https:\/\/dorogimedence.hu\/wp-content\/uploads\/2025\/06\/6851309a691129.86814537-150x100.jpeg 150w, https:\/\/dorogimedence.hu\/wp-content\/uploads\/2025\/06\/6851309a691129.86814537-450x299.jpeg 450w, https:\/\/dorogimedence.hu\/wp-content\/uploads\/2025\/06\/6851309a691129.86814537-272x182.jpeg 272w\" sizes=\"(max-width: 660px) 100vw, 660px\" \/><\/p>\n<p><strong>Borsos Mih\u00e1ly<\/strong> fot\u00f3m\u0171v\u00e9sz is meger\u0151s\u00edtette, hogy valamennyi jelenl\u00e9v\u0151 gy\u0151ztes. Mint fogalmazott, hihetetlen alkot\u00f3er\u0151 mutatkozott meg a p\u00e1lyam\u0171vekben. Elismer\u00e9sre m\u00e9lt\u00f3nak tal\u00e1lta azt a kreativit\u00e1st \u00e9s modernit\u00e1st, amely \u00e1thatotta az alkot\u00e1sokat, \u00e9s amelynek csup\u00e1n az ifj\u00fa alkot\u00f3k fant\u00e1zi\u00e1ja szabott hat\u00e1rt.<\/p>\n<p>Az orsz\u00e1gos verseny gy\u0151ztesei \u00e9rt\u00e9kes d\u00edjakat kaptak, \u00e9s k\u00fcl\u00f6nd\u00edjak is gazd\u00e1ra tal\u00e1ltak.&nbsp;<\/p>\n<p><img decoding=\"async\" class=\"alignnone size-full wp-image-72059\" src=\"https:\/\/dorogimedence.hu\/wp-content\/uploads\/2025\/06\/6851309a44d522.38863397.jpeg\" alt=\"\" width=\"660\" height=\"439\" srcset=\"https:\/\/dorogimedence.hu\/wp-content\/uploads\/2025\/06\/6851309a44d522.38863397.jpeg 660w, https:\/\/dorogimedence.hu\/wp-content\/uploads\/2025\/06\/6851309a44d522.38863397-600x399.jpeg 600w, https:\/\/dorogimedence.hu\/wp-content\/uploads\/2025\/06\/6851309a44d522.38863397-150x100.jpeg 150w, https:\/\/dorogimedence.hu\/wp-content\/uploads\/2025\/06\/6851309a44d522.38863397-450x299.jpeg 450w, https:\/\/dorogimedence.hu\/wp-content\/uploads\/2025\/06\/6851309a44d522.38863397-272x182.jpeg 272w\" sizes=\"(max-width: 660px) 100vw, 660px\" \/><\/p>\n<p>Kom\u00e1rom-Esztergom v\u00e1rmegy\u00e9b\u0151l a 11-14 \u00e9ves koroszt\u00e1ly els\u0151 helyezettje a dorogi Magyar-Angol K\u00e9t Tan\u00edt\u00e1si Nyelv\u0171 \u00e9s Sportiskolai \u00c1ltal\u00e1nos Iskola E\u00f6tv\u00f6s J\u00f3zsef Tagiskol\u00e1j\u00e1nak di\u00e1kja, <strong>Jantyik Gy\u00f6rgy<\/strong> &nbsp;lett \u201eA j\u00f6v\u0151 t\u0171zv\u00e9delme\u201d c\u00edm\u0171 p\u00e1lyamunk\u00e1j\u00e1val. K\u00fcl\u00f6nd\u00edjat kapott <strong>Horn Lilla<\/strong>, az oroszl\u00e1nyi Hamvas B\u00e9la Gimn\u00e1zium tanul\u00f3ja.<\/p>\n<p>Gratul\u00e1lunk az el\u00e9rt eredm\u00e9nyekhez!<\/p>\n<p><em>Fot\u00f3k, forr\u00e1s: Katasztr\u00f3fav\u00e9delem<\/em><\/p>\n<\/div>\n","protected":false},"excerpt":{"rendered":"<p>A Katasztr\u00f3fav\u00e9delem K\u00f6zponti M\u00fazeum\u00e1ban tartott\u00e1k meg j\u00fanius 16-\u00e1n a 2025-\u00f6s Alkot\u00f3i P\u00e1ly\u00e1zat d\u00edj\u00e1tad\u00f3 \u00fcnneps\u00e9g\u00e9t. Itt der\u00fclt ki, hogy kik azok az ifj\u00fa alkot\u00f3k, akik a legkreat\u00edvabb m\u00f3don mutatt\u00e1k be, mik\u00e9nt k\u00e9pzelik el a j\u00f6v\u0151 t\u0171zv\u00e9delm\u00e9t. A hagyom\u00e1nyokat k\u00f6vetve id\u00e9n is febru\u00e1rban hirdette meg alkot\u00f3i p\u00e1ly\u00e1zat\u00e1t az Orsz\u00e1gos T\u0171zmegel\u0151z\u00e9si Bizotts\u00e1g, a t\u00e9ma ez\u00fattal \u201eA j\u00f6v\u0151 t\u0171zv\u00e9delme\u201d<\/p>\n","protected":false},"author":1,"featured_media":72058,"comment_status":"closed","ping_status":"closed","sticky":false,"template":"","format":"standard","meta":{"ngg_post_thumbnail":0,"footnotes":""},"categories":[2,3,56],"tags":[2591,15,175,6890,65],"class_list":{"0":"post-72057","1":"post","2":"type-post","3":"status-publish","4":"format-standard","5":"has-post-thumbnail","7":"category-dorog","8":"category-hirek","9":"category-komarom-esztergom","10":"tag-alkotoi-palyazat","11":"tag-dorog","12":"tag-katasztrofavedelem","13":"tag-komarom-esztergom-varmegye","14":"tag-tuzoltosag"},"yoast_head":"<!-- This site is optimized with the Yoast SEO plugin v27.4 - https:\/\/yoast.com\/product\/yoast-seo-wordpress\/ -->\n<title>Dorogi di\u00e1k alkot\u00e1sa lett a legjobb a t\u0171zmegel\u0151z\u00e9si bizotts\u00e1g p\u00e1ly\u00e1zat\u00e1n<\/title>\n<meta name=\"robots\" content=\"index, follow, max-snippet:-1, max-image-preview:large, max-video-preview:-1\" \/>\n<link rel=\"canonical\" href=\"https:\/\/dorogimedence.hu\/index.php\/2025\/06\/19\/dorogi-diak-alkotasa-lett-a-legjobb-a-tuzmegelozesi-bizottsag-palyazatan\/\" class=\"yoast-seo-meta-tag\" \/>\n<meta property=\"og:locale\" content=\"hu_HU\" class=\"yoast-seo-meta-tag\" \/>\n<meta property=\"og:type\" content=\"article\" class=\"yoast-seo-meta-tag\" \/>\n<meta property=\"og:title\" content=\"Dorogi di\u00e1k alkot\u00e1sa lett a legjobb a t\u0171zmegel\u0151z\u00e9si bizotts\u00e1g p\u00e1ly\u00e1zat\u00e1n\" class=\"yoast-seo-meta-tag\" \/>\n<meta property=\"og:description\" content=\"A Katasztr\u00f3fav\u00e9delem K\u00f6zponti M\u00fazeum\u00e1ban tartott\u00e1k meg j\u00fanius 16-\u00e1n a 2025-\u00f6s Alkot\u00f3i P\u00e1ly\u00e1zat d\u00edj\u00e1tad\u00f3 \u00fcnneps\u00e9g\u00e9t. Itt der\u00fclt ki, hogy kik azok az ifj\u00fa alkot\u00f3k, akik a legkreat\u00edvabb m\u00f3don mutatt\u00e1k be, mik\u00e9nt k\u00e9pzelik el a j\u00f6v\u0151 t\u0171zv\u00e9delm\u00e9t. A hagyom\u00e1nyokat k\u00f6vetve id\u00e9n is febru\u00e1rban hirdette meg alkot\u00f3i p\u00e1ly\u00e1zat\u00e1t az Orsz\u00e1gos T\u0171zmegel\u0151z\u00e9si Bizotts\u00e1g, a t\u00e9ma ez\u00fattal \u201eA j\u00f6v\u0151 t\u0171zv\u00e9delme\u201d\" class=\"yoast-seo-meta-tag\" \/>\n<meta property=\"og:url\" content=\"https:\/\/dorogimedence.hu\/index.php\/2025\/06\/19\/dorogi-diak-alkotasa-lett-a-legjobb-a-tuzmegelozesi-bizottsag-palyazatan\/\" class=\"yoast-seo-meta-tag\" \/>\n<meta property=\"og:site_name\" content=\"Dorogi-medence Region\u00e1lis H\u00edrport\u00e1l\" class=\"yoast-seo-meta-tag\" \/>\n<meta property=\"article:publisher\" content=\"https:\/\/www.facebook.com\/dorogimedence\/\" class=\"yoast-seo-meta-tag\" \/>\n<meta property=\"article:published_time\" content=\"2025-06-19T07:41:12+00:00\" class=\"yoast-seo-meta-tag\" \/>\n<meta property=\"article:modified_time\" content=\"2025-06-19T07:42:25+00:00\" class=\"yoast-seo-meta-tag\" \/>\n<meta property=\"og:image\" content=\"https:\/\/dorogimedence.hu\/wp-content\/uploads\/2025\/06\/alkotas-01.jpg\" class=\"yoast-seo-meta-tag\" \/>\n\t<meta property=\"og:image:width\" content=\"1920\" class=\"yoast-seo-meta-tag\" \/>\n\t<meta property=\"og:image:height\" content=\"970\" class=\"yoast-seo-meta-tag\" \/>\n\t<meta property=\"og:image:type\" content=\"image\/jpeg\" class=\"yoast-seo-meta-tag\" \/>\n<meta name=\"author\" content=\"dorogimedence.hu\" class=\"yoast-seo-meta-tag\" \/>\n<meta name=\"twitter:card\" content=\"summary_large_image\" class=\"yoast-seo-meta-tag\" \/>\n<meta name=\"twitter:label1\" content=\"Szerz\u0151:\" class=\"yoast-seo-meta-tag\" \/>\n\t<meta name=\"twitter:data1\" content=\"dorogimedence.hu\" class=\"yoast-seo-meta-tag\" \/>\n\t<meta name=\"twitter:label2\" content=\"Becs\u00fclt olvas\u00e1si id\u0151\" class=\"yoast-seo-meta-tag\" \/>\n\t<meta name=\"twitter:data2\" content=\"3 perc\" class=\"yoast-seo-meta-tag\" \/>\n<script type=\"application\/ld+json\" class=\"yoast-schema-graph\">{\"@context\":\"https:\\\/\\\/schema.org\",\"@graph\":[{\"@type\":\"Article\",\"@id\":\"https:\\\/\\\/dorogimedence.hu\\\/index.php\\\/2025\\\/06\\\/19\\\/dorogi-diak-alkotasa-lett-a-legjobb-a-tuzmegelozesi-bizottsag-palyazatan\\\/#article\",\"isPartOf\":{\"@id\":\"https:\\\/\\\/dorogimedence.hu\\\/index.php\\\/2025\\\/06\\\/19\\\/dorogi-diak-alkotasa-lett-a-legjobb-a-tuzmegelozesi-bizottsag-palyazatan\\\/\"},\"author\":{\"name\":\"dorogimedence.hu\",\"@id\":\"https:\\\/\\\/dorogimedence.hu\\\/#\\\/schema\\\/person\\\/ce6091eeb7e95ecdc87890d6aa8e0fd4\"},\"headline\":\"Dorogi di\u00e1k alkot\u00e1sa lett a legjobb a t\u0171zmegel\u0151z\u00e9si bizotts\u00e1g p\u00e1ly\u00e1zat\u00e1n\",\"datePublished\":\"2025-06-19T07:41:12+00:00\",\"dateModified\":\"2025-06-19T07:42:25+00:00\",\"mainEntityOfPage\":{\"@id\":\"https:\\\/\\\/dorogimedence.hu\\\/index.php\\\/2025\\\/06\\\/19\\\/dorogi-diak-alkotasa-lett-a-legjobb-a-tuzmegelozesi-bizottsag-palyazatan\\\/\"},\"wordCount\":548,\"publisher\":{\"@id\":\"https:\\\/\\\/dorogimedence.hu\\\/#organization\"},\"image\":{\"@id\":\"https:\\\/\\\/dorogimedence.hu\\\/index.php\\\/2025\\\/06\\\/19\\\/dorogi-diak-alkotasa-lett-a-legjobb-a-tuzmegelozesi-bizottsag-palyazatan\\\/#primaryimage\"},\"thumbnailUrl\":\"https:\\\/\\\/dorogimedence.hu\\\/wp-content\\\/uploads\\\/2025\\\/06\\\/alkotas-01.jpg\",\"keywords\":[\"alkot\u00f3i p\u00e1ly\u00e1zat\",\"Dorog\",\"katasztr\u00f3fav\u00e9delem\",\"Kom\u00e1rom-Esztergom v\u00e1rmegye\",\"t\u0171zolt\u00f3s\u00e1g\"],\"articleSection\":[\"Dorog\",\"H\u00edrek\",\"Kom\u00e1rom-Esztergom\"],\"inLanguage\":\"hu\"},{\"@type\":\"WebPage\",\"@id\":\"https:\\\/\\\/dorogimedence.hu\\\/index.php\\\/2025\\\/06\\\/19\\\/dorogi-diak-alkotasa-lett-a-legjobb-a-tuzmegelozesi-bizottsag-palyazatan\\\/\",\"url\":\"https:\\\/\\\/dorogimedence.hu\\\/index.php\\\/2025\\\/06\\\/19\\\/dorogi-diak-alkotasa-lett-a-legjobb-a-tuzmegelozesi-bizottsag-palyazatan\\\/\",\"name\":\"Dorogi di\u00e1k alkot\u00e1sa lett a legjobb a t\u0171zmegel\u0151z\u00e9si bizotts\u00e1g p\u00e1ly\u00e1zat\u00e1n\",\"isPartOf\":{\"@id\":\"https:\\\/\\\/dorogimedence.hu\\\/#website\"},\"primaryImageOfPage\":{\"@id\":\"https:\\\/\\\/dorogimedence.hu\\\/index.php\\\/2025\\\/06\\\/19\\\/dorogi-diak-alkotasa-lett-a-legjobb-a-tuzmegelozesi-bizottsag-palyazatan\\\/#primaryimage\"},\"image\":{\"@id\":\"https:\\\/\\\/dorogimedence.hu\\\/index.php\\\/2025\\\/06\\\/19\\\/dorogi-diak-alkotasa-lett-a-legjobb-a-tuzmegelozesi-bizottsag-palyazatan\\\/#primaryimage\"},\"thumbnailUrl\":\"https:\\\/\\\/dorogimedence.hu\\\/wp-content\\\/uploads\\\/2025\\\/06\\\/alkotas-01.jpg\",\"datePublished\":\"2025-06-19T07:41:12+00:00\",\"dateModified\":\"2025-06-19T07:42:25+00:00\",\"breadcrumb\":{\"@id\":\"https:\\\/\\\/dorogimedence.hu\\\/index.php\\\/2025\\\/06\\\/19\\\/dorogi-diak-alkotasa-lett-a-legjobb-a-tuzmegelozesi-bizottsag-palyazatan\\\/#breadcrumb\"},\"inLanguage\":\"hu\",\"potentialAction\":[{\"@type\":\"ReadAction\",\"target\":[\"https:\\\/\\\/dorogimedence.hu\\\/index.php\\\/2025\\\/06\\\/19\\\/dorogi-diak-alkotasa-lett-a-legjobb-a-tuzmegelozesi-bizottsag-palyazatan\\\/\"]}]},{\"@type\":\"ImageObject\",\"inLanguage\":\"hu\",\"@id\":\"https:\\\/\\\/dorogimedence.hu\\\/index.php\\\/2025\\\/06\\\/19\\\/dorogi-diak-alkotasa-lett-a-legjobb-a-tuzmegelozesi-bizottsag-palyazatan\\\/#primaryimage\",\"url\":\"https:\\\/\\\/dorogimedence.hu\\\/wp-content\\\/uploads\\\/2025\\\/06\\\/alkotas-01.jpg\",\"contentUrl\":\"https:\\\/\\\/dorogimedence.hu\\\/wp-content\\\/uploads\\\/2025\\\/06\\\/alkotas-01.jpg\",\"width\":1920,\"height\":970},{\"@type\":\"BreadcrumbList\",\"@id\":\"https:\\\/\\\/dorogimedence.hu\\\/index.php\\\/2025\\\/06\\\/19\\\/dorogi-diak-alkotasa-lett-a-legjobb-a-tuzmegelozesi-bizottsag-palyazatan\\\/#breadcrumb\",\"itemListElement\":[{\"@type\":\"ListItem\",\"position\":1,\"name\":\"Kezd\u0151lap\",\"item\":\"https:\\\/\\\/dorogimedence.hu\\\/\"},{\"@type\":\"ListItem\",\"position\":2,\"name\":\"Dorogi di\u00e1k alkot\u00e1sa lett a legjobb a t\u0171zmegel\u0151z\u00e9si bizotts\u00e1g p\u00e1ly\u00e1zat\u00e1n\"}]},{\"@type\":\"WebSite\",\"@id\":\"https:\\\/\\\/dorogimedence.hu\\\/#website\",\"url\":\"https:\\\/\\\/dorogimedence.hu\\\/\",\"name\":\"Dorogi-medence Region\u00e1lis H\u00edrport\u00e1l\",\"description\":\"Dorog, Keszt\u00f6lc, Le\u00e1nyv\u00e1r, Piliscs\u00e9v, Tokod, Tokodalt\u00e1r\u00f3, Csolnok, Esztergom-kertv\u00e1ros: h\u00edrek, programok\",\"publisher\":{\"@id\":\"https:\\\/\\\/dorogimedence.hu\\\/#organization\"},\"potentialAction\":[{\"@type\":\"SearchAction\",\"target\":{\"@type\":\"EntryPoint\",\"urlTemplate\":\"https:\\\/\\\/dorogimedence.hu\\\/?s={search_term_string}\"},\"query-input\":{\"@type\":\"PropertyValueSpecification\",\"valueRequired\":true,\"valueName\":\"search_term_string\"}}],\"inLanguage\":\"hu\"},{\"@type\":\"Organization\",\"@id\":\"https:\\\/\\\/dorogimedence.hu\\\/#organization\",\"name\":\"Dorogi-medence Region\u00e1lis H\u00edrport\u00e1l\",\"url\":\"https:\\\/\\\/dorogimedence.hu\\\/\",\"logo\":{\"@type\":\"ImageObject\",\"inLanguage\":\"hu\",\"@id\":\"https:\\\/\\\/dorogimedence.hu\\\/#\\\/schema\\\/logo\\\/image\\\/\",\"url\":\"https:\\\/\\\/dorogimedence.hu\\\/wp-content\\\/uploads\\\/2021\\\/04\\\/logo-feher-600.png\",\"contentUrl\":\"https:\\\/\\\/dorogimedence.hu\\\/wp-content\\\/uploads\\\/2021\\\/04\\\/logo-feher-600.png\",\"width\":600,\"height\":100,\"caption\":\"Dorogi-medence Region\u00e1lis H\u00edrport\u00e1l\"},\"image\":{\"@id\":\"https:\\\/\\\/dorogimedence.hu\\\/#\\\/schema\\\/logo\\\/image\\\/\"},\"sameAs\":[\"https:\\\/\\\/www.facebook.com\\\/dorogimedence\\\/\"]},{\"@type\":\"Person\",\"@id\":\"https:\\\/\\\/dorogimedence.hu\\\/#\\\/schema\\\/person\\\/ce6091eeb7e95ecdc87890d6aa8e0fd4\",\"name\":\"dorogimedence.hu\",\"image\":{\"@type\":\"ImageObject\",\"inLanguage\":\"hu\",\"@id\":\"\\\/\\\/www.gravatar.com\\\/avatar\\\/d8d45f8901aadff40a4af72c0b826f1d?s=96&#038;r=g&#038;d=mm\",\"url\":\"\\\/\\\/www.gravatar.com\\\/avatar\\\/d8d45f8901aadff40a4af72c0b826f1d?s=96&#038;r=g&#038;d=mm\",\"contentUrl\":\"\\\/\\\/www.gravatar.com\\\/avatar\\\/d8d45f8901aadff40a4af72c0b826f1d?s=96&#038;r=g&#038;d=mm\",\"caption\":\"dorogimedence.hu\"}}]}<\/script>\n<!-- \/ Yoast SEO plugin. -->","yoast_head_json":{"title":"Dorogi di\u00e1k alkot\u00e1sa lett a legjobb a t\u0171zmegel\u0151z\u00e9si bizotts\u00e1g p\u00e1ly\u00e1zat\u00e1n","robots":{"index":"index","follow":"follow","max-snippet":"max-snippet:-1","max-image-preview":"max-image-preview:large","max-video-preview":"max-video-preview:-1"},"canonical":"https:\/\/dorogimedence.hu\/index.php\/2025\/06\/19\/dorogi-diak-alkotasa-lett-a-legjobb-a-tuzmegelozesi-bizottsag-palyazatan\/","og_locale":"hu_HU","og_type":"article","og_title":"Dorogi di\u00e1k alkot\u00e1sa lett a legjobb a t\u0171zmegel\u0151z\u00e9si bizotts\u00e1g p\u00e1ly\u00e1zat\u00e1n","og_description":"A Katasztr\u00f3fav\u00e9delem K\u00f6zponti M\u00fazeum\u00e1ban tartott\u00e1k meg j\u00fanius 16-\u00e1n a 2025-\u00f6s Alkot\u00f3i P\u00e1ly\u00e1zat d\u00edj\u00e1tad\u00f3 \u00fcnneps\u00e9g\u00e9t. Itt der\u00fclt ki, hogy kik azok az ifj\u00fa alkot\u00f3k, akik a legkreat\u00edvabb m\u00f3don mutatt\u00e1k be, mik\u00e9nt k\u00e9pzelik el a j\u00f6v\u0151 t\u0171zv\u00e9delm\u00e9t. A hagyom\u00e1nyokat k\u00f6vetve id\u00e9n is febru\u00e1rban hirdette meg alkot\u00f3i p\u00e1ly\u00e1zat\u00e1t az Orsz\u00e1gos T\u0171zmegel\u0151z\u00e9si Bizotts\u00e1g, a t\u00e9ma ez\u00fattal \u201eA j\u00f6v\u0151 t\u0171zv\u00e9delme\u201d","og_url":"https:\/\/dorogimedence.hu\/index.php\/2025\/06\/19\/dorogi-diak-alkotasa-lett-a-legjobb-a-tuzmegelozesi-bizottsag-palyazatan\/","og_site_name":"Dorogi-medence Region\u00e1lis H\u00edrport\u00e1l","article_publisher":"https:\/\/www.facebook.com\/dorogimedence\/","article_published_time":"2025-06-19T07:41:12+00:00","article_modified_time":"2025-06-19T07:42:25+00:00","og_image":[{"width":1920,"height":970,"url":"https:\/\/dorogimedence.hu\/wp-content\/uploads\/2025\/06\/alkotas-01.jpg","type":"image\/jpeg"}],"author":"dorogimedence.hu","twitter_card":"summary_large_image","twitter_misc":{"Szerz\u0151:":"dorogimedence.hu","Becs\u00fclt olvas\u00e1si id\u0151":"3 perc"},"schema":{"@context":"https:\/\/schema.org","@graph":[{"@type":"Article","@id":"https:\/\/dorogimedence.hu\/index.php\/2025\/06\/19\/dorogi-diak-alkotasa-lett-a-legjobb-a-tuzmegelozesi-bizottsag-palyazatan\/#article","isPartOf":{"@id":"https:\/\/dorogimedence.hu\/index.php\/2025\/06\/19\/dorogi-diak-alkotasa-lett-a-legjobb-a-tuzmegelozesi-bizottsag-palyazatan\/"},"author":{"name":"dorogimedence.hu","@id":"https:\/\/dorogimedence.hu\/#\/schema\/person\/ce6091eeb7e95ecdc87890d6aa8e0fd4"},"headline":"Dorogi di\u00e1k alkot\u00e1sa lett a legjobb a t\u0171zmegel\u0151z\u00e9si bizotts\u00e1g p\u00e1ly\u00e1zat\u00e1n","datePublished":"2025-06-19T07:41:12+00:00","dateModified":"2025-06-19T07:42:25+00:00","mainEntityOfPage":{"@id":"https:\/\/dorogimedence.hu\/index.php\/2025\/06\/19\/dorogi-diak-alkotasa-lett-a-legjobb-a-tuzmegelozesi-bizottsag-palyazatan\/"},"wordCount":548,"publisher":{"@id":"https:\/\/dorogimedence.hu\/#organization"},"image":{"@id":"https:\/\/dorogimedence.hu\/index.php\/2025\/06\/19\/dorogi-diak-alkotasa-lett-a-legjobb-a-tuzmegelozesi-bizottsag-palyazatan\/#primaryimage"},"thumbnailUrl":"https:\/\/dorogimedence.hu\/wp-content\/uploads\/2025\/06\/alkotas-01.jpg","keywords":["alkot\u00f3i p\u00e1ly\u00e1zat","Dorog","katasztr\u00f3fav\u00e9delem","Kom\u00e1rom-Esztergom v\u00e1rmegye","t\u0171zolt\u00f3s\u00e1g"],"articleSection":["Dorog","H\u00edrek","Kom\u00e1rom-Esztergom"],"inLanguage":"hu"},{"@type":"WebPage","@id":"https:\/\/dorogimedence.hu\/index.php\/2025\/06\/19\/dorogi-diak-alkotasa-lett-a-legjobb-a-tuzmegelozesi-bizottsag-palyazatan\/","url":"https:\/\/dorogimedence.hu\/index.php\/2025\/06\/19\/dorogi-diak-alkotasa-lett-a-legjobb-a-tuzmegelozesi-bizottsag-palyazatan\/","name":"Dorogi di\u00e1k alkot\u00e1sa lett a legjobb a t\u0171zmegel\u0151z\u00e9si bizotts\u00e1g p\u00e1ly\u00e1zat\u00e1n","isPartOf":{"@id":"https:\/\/dorogimedence.hu\/#website"},"primaryImageOfPage":{"@id":"https:\/\/dorogimedence.hu\/index.php\/2025\/06\/19\/dorogi-diak-alkotasa-lett-a-legjobb-a-tuzmegelozesi-bizottsag-palyazatan\/#primaryimage"},"image":{"@id":"https:\/\/dorogimedence.hu\/index.php\/2025\/06\/19\/dorogi-diak-alkotasa-lett-a-legjobb-a-tuzmegelozesi-bizottsag-palyazatan\/#primaryimage"},"thumbnailUrl":"https:\/\/dorogimedence.hu\/wp-content\/uploads\/2025\/06\/alkotas-01.jpg","datePublished":"2025-06-19T07:41:12+00:00","dateModified":"2025-06-19T07:42:25+00:00","breadcrumb":{"@id":"https:\/\/dorogimedence.hu\/index.php\/2025\/06\/19\/dorogi-diak-alkotasa-lett-a-legjobb-a-tuzmegelozesi-bizottsag-palyazatan\/#breadcrumb"},"inLanguage":"hu","potentialAction":[{"@type":"ReadAction","target":["https:\/\/dorogimedence.hu\/index.php\/2025\/06\/19\/dorogi-diak-alkotasa-lett-a-legjobb-a-tuzmegelozesi-bizottsag-palyazatan\/"]}]},{"@type":"ImageObject","inLanguage":"hu","@id":"https:\/\/dorogimedence.hu\/index.php\/2025\/06\/19\/dorogi-diak-alkotasa-lett-a-legjobb-a-tuzmegelozesi-bizottsag-palyazatan\/#primaryimage","url":"https:\/\/dorogimedence.hu\/wp-content\/uploads\/2025\/06\/alkotas-01.jpg","contentUrl":"https:\/\/dorogimedence.hu\/wp-content\/uploads\/2025\/06\/alkotas-01.jpg","width":1920,"height":970},{"@type":"BreadcrumbList","@id":"https:\/\/dorogimedence.hu\/index.php\/2025\/06\/19\/dorogi-diak-alkotasa-lett-a-legjobb-a-tuzmegelozesi-bizottsag-palyazatan\/#breadcrumb","itemListElement":[{"@type":"ListItem","position":1,"name":"Kezd\u0151lap","item":"https:\/\/dorogimedence.hu\/"},{"@type":"ListItem","position":2,"name":"Dorogi di\u00e1k alkot\u00e1sa lett a legjobb a t\u0171zmegel\u0151z\u00e9si bizotts\u00e1g p\u00e1ly\u00e1zat\u00e1n"}]},{"@type":"WebSite","@id":"https:\/\/dorogimedence.hu\/#website","url":"https:\/\/dorogimedence.hu\/","name":"Dorogi-medence Region\u00e1lis H\u00edrport\u00e1l","description":"Dorog, Keszt\u00f6lc, Le\u00e1nyv\u00e1r, Piliscs\u00e9v, Tokod, Tokodalt\u00e1r\u00f3, Csolnok, Esztergom-kertv\u00e1ros: h\u00edrek, programok","publisher":{"@id":"https:\/\/dorogimedence.hu\/#organization"},"potentialAction":[{"@type":"SearchAction","target":{"@type":"EntryPoint","urlTemplate":"https:\/\/dorogimedence.hu\/?s={search_term_string}"},"query-input":{"@type":"PropertyValueSpecification","valueRequired":true,"valueName":"search_term_string"}}],"inLanguage":"hu"},{"@type":"Organization","@id":"https:\/\/dorogimedence.hu\/#organization","name":"Dorogi-medence Region\u00e1lis H\u00edrport\u00e1l","url":"https:\/\/dorogimedence.hu\/","logo":{"@type":"ImageObject","inLanguage":"hu","@id":"https:\/\/dorogimedence.hu\/#\/schema\/logo\/image\/","url":"https:\/\/dorogimedence.hu\/wp-content\/uploads\/2021\/04\/logo-feher-600.png","contentUrl":"https:\/\/dorogimedence.hu\/wp-content\/uploads\/2021\/04\/logo-feher-600.png","width":600,"height":100,"caption":"Dorogi-medence Region\u00e1lis H\u00edrport\u00e1l"},"image":{"@id":"https:\/\/dorogimedence.hu\/#\/schema\/logo\/image\/"},"sameAs":["https:\/\/www.facebook.com\/dorogimedence\/"]},{"@type":"Person","@id":"https:\/\/dorogimedence.hu\/#\/schema\/person\/ce6091eeb7e95ecdc87890d6aa8e0fd4","name":"dorogimedence.hu","image":{"@type":"ImageObject","inLanguage":"hu","@id":"\/\/www.gravatar.com\/avatar\/d8d45f8901aadff40a4af72c0b826f1d?s=96&#038;r=g&#038;d=mm","url":"\/\/www.gravatar.com\/avatar\/d8d45f8901aadff40a4af72c0b826f1d?s=96&#038;r=g&#038;d=mm","contentUrl":"\/\/www.gravatar.com\/avatar\/d8d45f8901aadff40a4af72c0b826f1d?s=96&#038;r=g&#038;d=mm","caption":"dorogimedence.hu"}}]}},"_links":{"self":[{"href":"https:\/\/dorogimedence.hu\/index.php\/wp-json\/wp\/v2\/posts\/72057","targetHints":{"allow":["GET"]}}],"collection":[{"href":"https:\/\/dorogimedence.hu\/index.php\/wp-json\/wp\/v2\/posts"}],"about":[{"href":"https:\/\/dorogimedence.hu\/index.php\/wp-json\/wp\/v2\/types\/post"}],"author":[{"embeddable":true,"href":"https:\/\/dorogimedence.hu\/index.php\/wp-json\/wp\/v2\/users\/1"}],"replies":[{"embeddable":true,"href":"https:\/\/dorogimedence.hu\/index.php\/wp-json\/wp\/v2\/comments?post=72057"}],"version-history":[{"count":0,"href":"https:\/\/dorogimedence.hu\/index.php\/wp-json\/wp\/v2\/posts\/72057\/revisions"}],"wp:featuredmedia":[{"embeddable":true,"href":"https:\/\/dorogimedence.hu\/index.php\/wp-json\/wp\/v2\/media\/72058"}],"wp:attachment":[{"href":"https:\/\/dorogimedence.hu\/index.php\/wp-json\/wp\/v2\/media?parent=72057"}],"wp:term":[{"taxonomy":"category","embeddable":true,"href":"https:\/\/dorogimedence.hu\/index.php\/wp-json\/wp\/v2\/categories?post=72057"},{"taxonomy":"post_tag","embeddable":true,"href":"https:\/\/dorogimedence.hu\/index.php\/wp-json\/wp\/v2\/tags?post=72057"}],"curies":[{"name":"wp","href":"https:\/\/api.w.org\/{rel}","templated":true}]}}