{"id":72022,"date":"2025-06-18T08:31:59","date_gmt":"2025-06-18T06:31:59","guid":{"rendered":"https:\/\/dorogimedence.hu\/?p=72022"},"modified":"2025-06-18T08:31:59","modified_gmt":"2025-06-18T06:31:59","slug":"14-helyszin-1-karszalag-fantasztikus-programokkal-var-a-muzeumok-ejszakaja-esztergomban-2","status":"publish","type":"post","link":"https:\/\/dorogimedence.hu\/index.php\/2025\/06\/18\/14-helyszin-1-karszalag-fantasztikus-programokkal-var-a-muzeumok-ejszakaja-esztergomban-2\/","title":{"rendered":"14 helysz\u00edn 1 karszalag: fantasztikus programokkal v\u00e1r a M\u00fazeumok \u00c9jszak\u00e1ja Esztergomban"},"content":{"rendered":"<p><strong>J\u00fanius 21-\u00e9n, szombaton huszonharmadik alkalommal rendezik meg az orsz\u00e1g legnagyobb \u00e9s legn\u00e9pszer\u0171bb kultur\u00e1lis programj\u00e1t, a M\u00fazeumok \u00c9jszak\u00e1j\u00e1t. A ny\u00e1r egyik legpezsd\u00edt\u0151bb kultur\u00e1lis esem\u00e9ny\u00e9n Esztergomban 13 m\u00fazeum \u00e9s l\u00e1togat\u00f3k\u00f6zpont, valamint egy p\u00e1rk\u00e1nyi t\u00e1rlat v\u00e1rja az \u00e9rdekl\u0151d\u0151ket el\u0151ad\u00e1sokkal, m\u0171sorokkal, k\u00e9zm\u0171ves foglalkoz\u00e1sokkal \u00e9s a helysz\u00edneket \u00f6sszek\u00f6t\u0151 \u00e9lm\u00e9nyutaz\u00e1ssal.<\/strong><\/p>\n<p>Esztergom impoz\u00e1ns t\u00f6rt\u00e9nelmi v\u00e1rosr\u00e9szei \u00e9s \u00e9p\u00fcletei mellett nagyszer\u0171 m\u00fazeumai \u00e9s k\u00f6zgy\u0171jtem\u00e9nyei is \u0151rzik haz\u00e1nk m\u00faltj\u00e1nak eml\u00e9kezet\u00e9t. A f\u0151v\u00e1roson k\u00edv\u00fcl vid\u00e9ken egyed\u00fcl itt siker\u00fcl m\u00e1r hossz\u00fa \u00e9vek \u00f3ta \u00f6sszefog\u00e1ssal egy olyan programot megval\u00f3s\u00edtani, melynek keret\u00e9ben egy \u00e9jszak\u00e1ra kinyit az \u00f6sszes helyi ki\u00e1ll\u00edt\u00f3hely. S\u0151t, a felvid\u00e9ki P\u00e1rk\u00e1nyi V\u00e1rosi M\u00fazeum is csatlakozik az akci\u00f3hoz, \u00edgy elmondhatjuk, hogy Magyarorsz\u00e1g els\u0151 v\u00e1ros\u00e1ban nemzetk\u00f6zi jelleg\u0171 a M\u00fazeumok \u00c9jszak\u00e1ja.<\/p>\n<p><img fetchpriority=\"high\" decoding=\"async\" class=\"alignnone size-full wp-image-71353\" src=\"https:\/\/dorogimedence.hu\/wp-content\/uploads\/2025\/05\/mnmvarmuzeum-01.jpg\" alt=\"\" width=\"2048\" height=\"1366\" srcset=\"https:\/\/dorogimedence.hu\/wp-content\/uploads\/2025\/05\/mnmvarmuzeum-01.jpg 2048w, https:\/\/dorogimedence.hu\/wp-content\/uploads\/2025\/05\/mnmvarmuzeum-01-600x400.jpg 600w, https:\/\/dorogimedence.hu\/wp-content\/uploads\/2025\/05\/mnmvarmuzeum-01-1920x1281.jpg 1920w, https:\/\/dorogimedence.hu\/wp-content\/uploads\/2025\/05\/mnmvarmuzeum-01-768x512.jpg 768w, https:\/\/dorogimedence.hu\/wp-content\/uploads\/2025\/05\/mnmvarmuzeum-01-1536x1025.jpg 1536w, https:\/\/dorogimedence.hu\/wp-content\/uploads\/2025\/05\/mnmvarmuzeum-01-150x100.jpg 150w, https:\/\/dorogimedence.hu\/wp-content\/uploads\/2025\/05\/mnmvarmuzeum-01-450x300.jpg 450w, https:\/\/dorogimedence.hu\/wp-content\/uploads\/2025\/05\/mnmvarmuzeum-01-1200x800.jpg 1200w, https:\/\/dorogimedence.hu\/wp-content\/uploads\/2025\/05\/mnmvarmuzeum-01-272x182.jpg 272w\" sizes=\"(max-width: 2048px) 100vw, 2048px\" \/><\/p>\n<p><strong>De milyen meglepet\u00e9seket tartogatnak az egyes helysz\u00ednek? <\/strong>A Duna M\u00fazeumban l\u00e1tv\u00e1nyos k\u00e9miai k\u00eds\u00e9rleteket mutat be a Richter Gedeon Nyrt., a F\u0151sz\u00e9kesegyh\u00e1zi K\u00f6nyvt\u00e1rban megtekinthet\u0151 a vil\u00e1g egyik legnagyobb m\u00e9ret\u0171 k\u00f3dexe, a Bak\u00f3cz-gradu\u00e1l\u00e9, a Baptista Imah\u00e1zban ki\u00e1ll\u00edt\u00e1smegnyit\u00f3val \u00e9s koncerttel k\u00e9sz\u00fclnek, az Esztergomi M\u0171v\u00e9szek C\u00e9he izgalmas el\u0151ad\u00e1sokat \u00e9s workshopokat tart a Kapcsolatok H\u00e1z\u00e1ban, a Geoda \u00e1sv\u00e1nyki\u00e1ll\u00edt\u00e1s\u00e1n a kisebbek aranyat is moshatnak, a Kereszt\u00e9ny M\u00fazeumban az \u00fajonnan restaur\u00e1lt m\u0171vek bemutat\u00f3ja mellett sz\u00ednh\u00e1zi el\u0151ad\u00e1ssal is v\u00e1rj\u00e1k az \u00e9rdekl\u0151d\u0151ket, az Esztergomi Bazilik\u00e1ban gyertyaf\u00e9nyes orgonakoncertet szerveznek, de a l\u00e1togat\u00f3k a Szent\u00e9vr\u0151l \u00e9s a p\u00e1pav\u00e1laszt\u00e1sr\u00f3l is hallgathatnak \u00e9rdekess\u00e9geket. A V\u00e1rm\u00fazeumban a t\u00f6rt\u00e9nelmi j\u00e1t\u00e9kok lesznek f\u0151szerepben, a V\u00e1rmegyei Lev\u00e9lt\u00e1rban a fiatalok igazi retro t\u00e1rgyakkal \u00e9s relikvi\u00e1kkal ismerkedhetnek meg, Babits Mih\u00e1ly egykori nyaral\u00f3j\u00e1ban a t\u00e1rlatvezet\u00e9sek mellett sz\u00ednh\u00e1zi el\u0151ad\u00e1ssal is k\u00e9sz\u00fclnek, a Balassa B\u00e1lint M\u00fazeumban k\u00e9zm\u0171ves szobr\u00e1sz foglalkoz\u00e1st \u00e9s k\u00f6nyvturit szerveznek, a P\u00e1zm\u00e1ny Egyetem kalandj\u00e1t\u00e9kokkal v\u00e1rja a gyerekeket, a K\u00e1konyi Asztrik Gal\u00e9ri\u00e1ban eml\u00e9kki\u00e1ll\u00edt\u00e1s tekinthet\u0151 meg, m\u00edg a P\u00e1rk\u00e1nyi V\u00e1rosi M\u00fazeumban zen\u00e9s irodalmi m\u0171sorral kedveskednek.<\/p>\n<p><img decoding=\"async\" class=\"alignnone size-full wp-image-71354\" src=\"https:\/\/dorogimedence.hu\/wp-content\/uploads\/2025\/05\/duna-01.jpg\" alt=\"\" width=\"2048\" height=\"1366\" srcset=\"https:\/\/dorogimedence.hu\/wp-content\/uploads\/2025\/05\/duna-01.jpg 2048w, https:\/\/dorogimedence.hu\/wp-content\/uploads\/2025\/05\/duna-01-600x400.jpg 600w, https:\/\/dorogimedence.hu\/wp-content\/uploads\/2025\/05\/duna-01-1920x1281.jpg 1920w, https:\/\/dorogimedence.hu\/wp-content\/uploads\/2025\/05\/duna-01-768x512.jpg 768w, https:\/\/dorogimedence.hu\/wp-content\/uploads\/2025\/05\/duna-01-1536x1025.jpg 1536w, https:\/\/dorogimedence.hu\/wp-content\/uploads\/2025\/05\/duna-01-150x100.jpg 150w, https:\/\/dorogimedence.hu\/wp-content\/uploads\/2025\/05\/duna-01-450x300.jpg 450w, https:\/\/dorogimedence.hu\/wp-content\/uploads\/2025\/05\/duna-01-1200x800.jpg 1200w, https:\/\/dorogimedence.hu\/wp-content\/uploads\/2025\/05\/duna-01-272x182.jpg 272w\" sizes=\"(max-width: 2048px) 100vw, 2048px\" \/><\/p>\n<p>A kult\u00fara szerelmesei id\u00e9n is mind\u00f6ssze egy karszalag \u00e1r\u00e1\u00e9rt l\u00e1togathatj\u00e1k a programban r\u00e9sztvev\u0151 ki\u00e1ll\u00edt\u00f3helyeket. A programra a jegyek el\u0151v\u00e9telben online a <a href=\"https:\/\/www.esztergomijegyek.hu\/hu\/program\/muzeumok-ejszakaja-esztergom\" target=\"_blank\" rel=\"noopener\"><span style=\"text-decoration: underline; color: #0000ff;\">www.esztergomijegyek.hu<\/span><\/a> oldalon v\u00e1s\u00e1rolhat\u00f3k meg. A r\u00e9sztvev\u0151k id\u00e9n is a Richter Gedeon Nyrt. j\u00f3volt\u00e1b\u00f3l ingyenesen k\u00f6zlekedhetnek a gumikerekes kisvonattal a kultur\u00e1lis int\u00e9zm\u00e9nyek k\u00f6z\u00f6tt.<\/p>\n<p><strong>A r\u00e9szletes programok <\/strong><a href=\"https:\/\/muzej.visitesztergom.hu\" target=\"_blank\" rel=\"noopener\"><span style=\"text-decoration: underline; color: #0000ff;\">ide kattintva<\/span><\/a><strong> \u00e9rhet\u0151k el, m\u00edg a M\u00fazeumok \u00c9jszak\u00e1ja Esztergom <\/strong><a href=\"https:\/\/www.facebook.com\/muzeumokejszakajaesztergom\" target=\"_blank\" rel=\"noopener\"><span style=\"text-decoration: underline; color: #0000ff;\">Facebook-oldalon<\/span><\/a><strong> tov\u00e1bbi inform\u00e1ci\u00f3k \u00e9s \u00e9rdekess\u00e9gek tal\u00e1lhat\u00f3k.<\/strong><\/p>\n<p><iframe title=\"M\u00fazeumok \u00c9jszak\u00e1ja - Esztergom - 2025 - promo\" width=\"755\" height=\"425\" src=\"https:\/\/www.youtube.com\/embed\/HgThSD5hsC8?feature=oembed\" frameborder=\"0\" allow=\"accelerometer; autoplay; clipboard-write; encrypted-media; gyroscope; picture-in-picture; web-share\" referrerpolicy=\"strict-origin-when-cross-origin\" allowfullscreen><\/iframe><\/p>\n","protected":false},"excerpt":{"rendered":"<p>J\u00fanius 21-\u00e9n, szombaton huszonharmadik alkalommal rendezik meg az orsz\u00e1g legnagyobb \u00e9s legn\u00e9pszer\u0171bb kultur\u00e1lis programj\u00e1t, a M\u00fazeumok \u00c9jszak\u00e1j\u00e1t. A ny\u00e1r egyik legpezsd\u00edt\u0151bb kultur\u00e1lis esem\u00e9ny\u00e9n Esztergomban 13 m\u00fazeum \u00e9s l\u00e1togat\u00f3k\u00f6zpont, valamint egy p\u00e1rk\u00e1nyi t\u00e1rlat v\u00e1rja az \u00e9rdekl\u0151d\u0151ket el\u0151ad\u00e1sokkal, m\u0171sorokkal, k\u00e9zm\u0171ves foglalkoz\u00e1sokkal \u00e9s a helysz\u00edneket \u00f6sszek\u00f6t\u0151 \u00e9lm\u00e9nyutaz\u00e1ssal. Esztergom impoz\u00e1ns t\u00f6rt\u00e9nelmi v\u00e1rosr\u00e9szei \u00e9s \u00e9p\u00fcletei mellett nagyszer\u0171 m\u00fazeumai \u00e9s k\u00f6zgy\u0171jtem\u00e9nyei<\/p>\n","protected":false},"author":1,"featured_media":71352,"comment_status":"closed","ping_status":"closed","sticky":false,"template":"","format":"standard","meta":{"ngg_post_thumbnail":0,"footnotes":""},"categories":[38,3,3561],"tags":[42,1167,101,116],"class_list":{"0":"post-72022","1":"post","2":"type-post","3":"status-publish","4":"format-standard","5":"has-post-thumbnail","7":"category-esztergom","8":"category-hirek","9":"category-programok","10":"tag-esztergom","11":"tag-muzeumok-ejszakaja","12":"tag-program","13":"tag-programok"},"yoast_head":"<!-- This site is optimized with the Yoast SEO plugin v27.4 - https:\/\/yoast.com\/product\/yoast-seo-wordpress\/ -->\n<title>14 helysz\u00edn 1 karszalag: fantasztikus programokkal v\u00e1r a M\u00fazeumok \u00c9jszak\u00e1ja Esztergomban<\/title>\n<meta name=\"robots\" content=\"index, follow, max-snippet:-1, max-image-preview:large, max-video-preview:-1\" \/>\n<link rel=\"canonical\" href=\"https:\/\/dorogimedence.hu\/index.php\/2025\/06\/18\/14-helyszin-1-karszalag-fantasztikus-programokkal-var-a-muzeumok-ejszakaja-esztergomban-2\/\" class=\"yoast-seo-meta-tag\" \/>\n<meta property=\"og:locale\" content=\"hu_HU\" class=\"yoast-seo-meta-tag\" \/>\n<meta property=\"og:type\" content=\"article\" class=\"yoast-seo-meta-tag\" \/>\n<meta property=\"og:title\" content=\"14 helysz\u00edn 1 karszalag: fantasztikus programokkal v\u00e1r a M\u00fazeumok \u00c9jszak\u00e1ja Esztergomban\" class=\"yoast-seo-meta-tag\" \/>\n<meta property=\"og:description\" content=\"J\u00fanius 21-\u00e9n, szombaton huszonharmadik alkalommal rendezik meg az orsz\u00e1g legnagyobb \u00e9s legn\u00e9pszer\u0171bb kultur\u00e1lis programj\u00e1t, a M\u00fazeumok \u00c9jszak\u00e1j\u00e1t. A ny\u00e1r egyik legpezsd\u00edt\u0151bb kultur\u00e1lis esem\u00e9ny\u00e9n Esztergomban 13 m\u00fazeum \u00e9s l\u00e1togat\u00f3k\u00f6zpont, valamint egy p\u00e1rk\u00e1nyi t\u00e1rlat v\u00e1rja az \u00e9rdekl\u0151d\u0151ket el\u0151ad\u00e1sokkal, m\u0171sorokkal, k\u00e9zm\u0171ves foglalkoz\u00e1sokkal \u00e9s a helysz\u00edneket \u00f6sszek\u00f6t\u0151 \u00e9lm\u00e9nyutaz\u00e1ssal. Esztergom impoz\u00e1ns t\u00f6rt\u00e9nelmi v\u00e1rosr\u00e9szei \u00e9s \u00e9p\u00fcletei mellett nagyszer\u0171 m\u00fazeumai \u00e9s k\u00f6zgy\u0171jtem\u00e9nyei\" class=\"yoast-seo-meta-tag\" \/>\n<meta property=\"og:url\" content=\"https:\/\/dorogimedence.hu\/index.php\/2025\/06\/18\/14-helyszin-1-karszalag-fantasztikus-programokkal-var-a-muzeumok-ejszakaja-esztergomban-2\/\" class=\"yoast-seo-meta-tag\" \/>\n<meta property=\"og:site_name\" content=\"Dorogi-medence Region\u00e1lis H\u00edrport\u00e1l\" class=\"yoast-seo-meta-tag\" \/>\n<meta property=\"article:publisher\" content=\"https:\/\/www.facebook.com\/dorogimedence\/\" class=\"yoast-seo-meta-tag\" \/>\n<meta property=\"article:published_time\" content=\"2025-06-18T06:31:59+00:00\" class=\"yoast-seo-meta-tag\" \/>\n<meta property=\"og:image\" content=\"https:\/\/dorogimedence.hu\/wp-content\/uploads\/2025\/05\/muzej.jpg\" class=\"yoast-seo-meta-tag\" \/>\n\t<meta property=\"og:image:width\" content=\"1920\" class=\"yoast-seo-meta-tag\" \/>\n\t<meta property=\"og:image:height\" content=\"970\" class=\"yoast-seo-meta-tag\" \/>\n\t<meta property=\"og:image:type\" content=\"image\/jpeg\" class=\"yoast-seo-meta-tag\" \/>\n<meta name=\"author\" content=\"dorogimedence.hu\" class=\"yoast-seo-meta-tag\" \/>\n<meta name=\"twitter:card\" content=\"summary_large_image\" class=\"yoast-seo-meta-tag\" \/>\n<meta name=\"twitter:label1\" content=\"Szerz\u0151:\" class=\"yoast-seo-meta-tag\" \/>\n\t<meta name=\"twitter:data1\" content=\"dorogimedence.hu\" class=\"yoast-seo-meta-tag\" \/>\n\t<meta name=\"twitter:label2\" content=\"Becs\u00fclt olvas\u00e1si id\u0151\" class=\"yoast-seo-meta-tag\" \/>\n\t<meta name=\"twitter:data2\" content=\"3 perc\" class=\"yoast-seo-meta-tag\" \/>\n<script type=\"application\/ld+json\" class=\"yoast-schema-graph\">{\"@context\":\"https:\\\/\\\/schema.org\",\"@graph\":[{\"@type\":\"Article\",\"@id\":\"https:\\\/\\\/dorogimedence.hu\\\/index.php\\\/2025\\\/06\\\/18\\\/14-helyszin-1-karszalag-fantasztikus-programokkal-var-a-muzeumok-ejszakaja-esztergomban-2\\\/#article\",\"isPartOf\":{\"@id\":\"https:\\\/\\\/dorogimedence.hu\\\/index.php\\\/2025\\\/06\\\/18\\\/14-helyszin-1-karszalag-fantasztikus-programokkal-var-a-muzeumok-ejszakaja-esztergomban-2\\\/\"},\"author\":{\"name\":\"dorogimedence.hu\",\"@id\":\"https:\\\/\\\/dorogimedence.hu\\\/#\\\/schema\\\/person\\\/ce6091eeb7e95ecdc87890d6aa8e0fd4\"},\"headline\":\"14 helysz\u00edn 1 karszalag: fantasztikus programokkal v\u00e1r a M\u00fazeumok \u00c9jszak\u00e1ja Esztergomban\",\"datePublished\":\"2025-06-18T06:31:59+00:00\",\"mainEntityOfPage\":{\"@id\":\"https:\\\/\\\/dorogimedence.hu\\\/index.php\\\/2025\\\/06\\\/18\\\/14-helyszin-1-karszalag-fantasztikus-programokkal-var-a-muzeumok-ejszakaja-esztergomban-2\\\/\"},\"wordCount\":570,\"publisher\":{\"@id\":\"https:\\\/\\\/dorogimedence.hu\\\/#organization\"},\"image\":{\"@id\":\"https:\\\/\\\/dorogimedence.hu\\\/index.php\\\/2025\\\/06\\\/18\\\/14-helyszin-1-karszalag-fantasztikus-programokkal-var-a-muzeumok-ejszakaja-esztergomban-2\\\/#primaryimage\"},\"thumbnailUrl\":\"https:\\\/\\\/dorogimedence.hu\\\/wp-content\\\/uploads\\\/2025\\\/05\\\/muzej.jpg\",\"keywords\":[\"esztergom\",\"M\u00fazeumok \u00c9jszak\u00e1ja\",\"program\",\"programok\"],\"articleSection\":[\"Esztergom\",\"H\u00edrek\",\"Programok\"],\"inLanguage\":\"hu\"},{\"@type\":\"WebPage\",\"@id\":\"https:\\\/\\\/dorogimedence.hu\\\/index.php\\\/2025\\\/06\\\/18\\\/14-helyszin-1-karszalag-fantasztikus-programokkal-var-a-muzeumok-ejszakaja-esztergomban-2\\\/\",\"url\":\"https:\\\/\\\/dorogimedence.hu\\\/index.php\\\/2025\\\/06\\\/18\\\/14-helyszin-1-karszalag-fantasztikus-programokkal-var-a-muzeumok-ejszakaja-esztergomban-2\\\/\",\"name\":\"14 helysz\u00edn 1 karszalag: fantasztikus programokkal v\u00e1r a M\u00fazeumok \u00c9jszak\u00e1ja Esztergomban\",\"isPartOf\":{\"@id\":\"https:\\\/\\\/dorogimedence.hu\\\/#website\"},\"primaryImageOfPage\":{\"@id\":\"https:\\\/\\\/dorogimedence.hu\\\/index.php\\\/2025\\\/06\\\/18\\\/14-helyszin-1-karszalag-fantasztikus-programokkal-var-a-muzeumok-ejszakaja-esztergomban-2\\\/#primaryimage\"},\"image\":{\"@id\":\"https:\\\/\\\/dorogimedence.hu\\\/index.php\\\/2025\\\/06\\\/18\\\/14-helyszin-1-karszalag-fantasztikus-programokkal-var-a-muzeumok-ejszakaja-esztergomban-2\\\/#primaryimage\"},\"thumbnailUrl\":\"https:\\\/\\\/dorogimedence.hu\\\/wp-content\\\/uploads\\\/2025\\\/05\\\/muzej.jpg\",\"datePublished\":\"2025-06-18T06:31:59+00:00\",\"breadcrumb\":{\"@id\":\"https:\\\/\\\/dorogimedence.hu\\\/index.php\\\/2025\\\/06\\\/18\\\/14-helyszin-1-karszalag-fantasztikus-programokkal-var-a-muzeumok-ejszakaja-esztergomban-2\\\/#breadcrumb\"},\"inLanguage\":\"hu\",\"potentialAction\":[{\"@type\":\"ReadAction\",\"target\":[\"https:\\\/\\\/dorogimedence.hu\\\/index.php\\\/2025\\\/06\\\/18\\\/14-helyszin-1-karszalag-fantasztikus-programokkal-var-a-muzeumok-ejszakaja-esztergomban-2\\\/\"]}]},{\"@type\":\"ImageObject\",\"inLanguage\":\"hu\",\"@id\":\"https:\\\/\\\/dorogimedence.hu\\\/index.php\\\/2025\\\/06\\\/18\\\/14-helyszin-1-karszalag-fantasztikus-programokkal-var-a-muzeumok-ejszakaja-esztergomban-2\\\/#primaryimage\",\"url\":\"https:\\\/\\\/dorogimedence.hu\\\/wp-content\\\/uploads\\\/2025\\\/05\\\/muzej.jpg\",\"contentUrl\":\"https:\\\/\\\/dorogimedence.hu\\\/wp-content\\\/uploads\\\/2025\\\/05\\\/muzej.jpg\",\"width\":1920,\"height\":970},{\"@type\":\"BreadcrumbList\",\"@id\":\"https:\\\/\\\/dorogimedence.hu\\\/index.php\\\/2025\\\/06\\\/18\\\/14-helyszin-1-karszalag-fantasztikus-programokkal-var-a-muzeumok-ejszakaja-esztergomban-2\\\/#breadcrumb\",\"itemListElement\":[{\"@type\":\"ListItem\",\"position\":1,\"name\":\"Kezd\u0151lap\",\"item\":\"https:\\\/\\\/dorogimedence.hu\\\/\"},{\"@type\":\"ListItem\",\"position\":2,\"name\":\"14 helysz\u00edn 1 karszalag: fantasztikus programokkal v\u00e1r a M\u00fazeumok \u00c9jszak\u00e1ja Esztergomban\"}]},{\"@type\":\"WebSite\",\"@id\":\"https:\\\/\\\/dorogimedence.hu\\\/#website\",\"url\":\"https:\\\/\\\/dorogimedence.hu\\\/\",\"name\":\"Dorogi-medence Region\u00e1lis H\u00edrport\u00e1l\",\"description\":\"Dorog, Keszt\u00f6lc, Le\u00e1nyv\u00e1r, Piliscs\u00e9v, Tokod, Tokodalt\u00e1r\u00f3, Csolnok, Esztergom-kertv\u00e1ros: h\u00edrek, programok\",\"publisher\":{\"@id\":\"https:\\\/\\\/dorogimedence.hu\\\/#organization\"},\"potentialAction\":[{\"@type\":\"SearchAction\",\"target\":{\"@type\":\"EntryPoint\",\"urlTemplate\":\"https:\\\/\\\/dorogimedence.hu\\\/?s={search_term_string}\"},\"query-input\":{\"@type\":\"PropertyValueSpecification\",\"valueRequired\":true,\"valueName\":\"search_term_string\"}}],\"inLanguage\":\"hu\"},{\"@type\":\"Organization\",\"@id\":\"https:\\\/\\\/dorogimedence.hu\\\/#organization\",\"name\":\"Dorogi-medence Region\u00e1lis H\u00edrport\u00e1l\",\"url\":\"https:\\\/\\\/dorogimedence.hu\\\/\",\"logo\":{\"@type\":\"ImageObject\",\"inLanguage\":\"hu\",\"@id\":\"https:\\\/\\\/dorogimedence.hu\\\/#\\\/schema\\\/logo\\\/image\\\/\",\"url\":\"https:\\\/\\\/dorogimedence.hu\\\/wp-content\\\/uploads\\\/2021\\\/04\\\/logo-feher-600.png\",\"contentUrl\":\"https:\\\/\\\/dorogimedence.hu\\\/wp-content\\\/uploads\\\/2021\\\/04\\\/logo-feher-600.png\",\"width\":600,\"height\":100,\"caption\":\"Dorogi-medence Region\u00e1lis H\u00edrport\u00e1l\"},\"image\":{\"@id\":\"https:\\\/\\\/dorogimedence.hu\\\/#\\\/schema\\\/logo\\\/image\\\/\"},\"sameAs\":[\"https:\\\/\\\/www.facebook.com\\\/dorogimedence\\\/\"]},{\"@type\":\"Person\",\"@id\":\"https:\\\/\\\/dorogimedence.hu\\\/#\\\/schema\\\/person\\\/ce6091eeb7e95ecdc87890d6aa8e0fd4\",\"name\":\"dorogimedence.hu\",\"image\":{\"@type\":\"ImageObject\",\"inLanguage\":\"hu\",\"@id\":\"\\\/\\\/www.gravatar.com\\\/avatar\\\/d8d45f8901aadff40a4af72c0b826f1d?s=96&#038;r=g&#038;d=mm\",\"url\":\"\\\/\\\/www.gravatar.com\\\/avatar\\\/d8d45f8901aadff40a4af72c0b826f1d?s=96&#038;r=g&#038;d=mm\",\"contentUrl\":\"\\\/\\\/www.gravatar.com\\\/avatar\\\/d8d45f8901aadff40a4af72c0b826f1d?s=96&#038;r=g&#038;d=mm\",\"caption\":\"dorogimedence.hu\"}}]}<\/script>\n<!-- \/ Yoast SEO plugin. -->","yoast_head_json":{"title":"14 helysz\u00edn 1 karszalag: fantasztikus programokkal v\u00e1r a M\u00fazeumok \u00c9jszak\u00e1ja Esztergomban","robots":{"index":"index","follow":"follow","max-snippet":"max-snippet:-1","max-image-preview":"max-image-preview:large","max-video-preview":"max-video-preview:-1"},"canonical":"https:\/\/dorogimedence.hu\/index.php\/2025\/06\/18\/14-helyszin-1-karszalag-fantasztikus-programokkal-var-a-muzeumok-ejszakaja-esztergomban-2\/","og_locale":"hu_HU","og_type":"article","og_title":"14 helysz\u00edn 1 karszalag: fantasztikus programokkal v\u00e1r a M\u00fazeumok \u00c9jszak\u00e1ja Esztergomban","og_description":"J\u00fanius 21-\u00e9n, szombaton huszonharmadik alkalommal rendezik meg az orsz\u00e1g legnagyobb \u00e9s legn\u00e9pszer\u0171bb kultur\u00e1lis programj\u00e1t, a M\u00fazeumok \u00c9jszak\u00e1j\u00e1t. A ny\u00e1r egyik legpezsd\u00edt\u0151bb kultur\u00e1lis esem\u00e9ny\u00e9n Esztergomban 13 m\u00fazeum \u00e9s l\u00e1togat\u00f3k\u00f6zpont, valamint egy p\u00e1rk\u00e1nyi t\u00e1rlat v\u00e1rja az \u00e9rdekl\u0151d\u0151ket el\u0151ad\u00e1sokkal, m\u0171sorokkal, k\u00e9zm\u0171ves foglalkoz\u00e1sokkal \u00e9s a helysz\u00edneket \u00f6sszek\u00f6t\u0151 \u00e9lm\u00e9nyutaz\u00e1ssal. Esztergom impoz\u00e1ns t\u00f6rt\u00e9nelmi v\u00e1rosr\u00e9szei \u00e9s \u00e9p\u00fcletei mellett nagyszer\u0171 m\u00fazeumai \u00e9s k\u00f6zgy\u0171jtem\u00e9nyei","og_url":"https:\/\/dorogimedence.hu\/index.php\/2025\/06\/18\/14-helyszin-1-karszalag-fantasztikus-programokkal-var-a-muzeumok-ejszakaja-esztergomban-2\/","og_site_name":"Dorogi-medence Region\u00e1lis H\u00edrport\u00e1l","article_publisher":"https:\/\/www.facebook.com\/dorogimedence\/","article_published_time":"2025-06-18T06:31:59+00:00","og_image":[{"width":1920,"height":970,"url":"https:\/\/dorogimedence.hu\/wp-content\/uploads\/2025\/05\/muzej.jpg","type":"image\/jpeg"}],"author":"dorogimedence.hu","twitter_card":"summary_large_image","twitter_misc":{"Szerz\u0151:":"dorogimedence.hu","Becs\u00fclt olvas\u00e1si id\u0151":"3 perc"},"schema":{"@context":"https:\/\/schema.org","@graph":[{"@type":"Article","@id":"https:\/\/dorogimedence.hu\/index.php\/2025\/06\/18\/14-helyszin-1-karszalag-fantasztikus-programokkal-var-a-muzeumok-ejszakaja-esztergomban-2\/#article","isPartOf":{"@id":"https:\/\/dorogimedence.hu\/index.php\/2025\/06\/18\/14-helyszin-1-karszalag-fantasztikus-programokkal-var-a-muzeumok-ejszakaja-esztergomban-2\/"},"author":{"name":"dorogimedence.hu","@id":"https:\/\/dorogimedence.hu\/#\/schema\/person\/ce6091eeb7e95ecdc87890d6aa8e0fd4"},"headline":"14 helysz\u00edn 1 karszalag: fantasztikus programokkal v\u00e1r a M\u00fazeumok \u00c9jszak\u00e1ja Esztergomban","datePublished":"2025-06-18T06:31:59+00:00","mainEntityOfPage":{"@id":"https:\/\/dorogimedence.hu\/index.php\/2025\/06\/18\/14-helyszin-1-karszalag-fantasztikus-programokkal-var-a-muzeumok-ejszakaja-esztergomban-2\/"},"wordCount":570,"publisher":{"@id":"https:\/\/dorogimedence.hu\/#organization"},"image":{"@id":"https:\/\/dorogimedence.hu\/index.php\/2025\/06\/18\/14-helyszin-1-karszalag-fantasztikus-programokkal-var-a-muzeumok-ejszakaja-esztergomban-2\/#primaryimage"},"thumbnailUrl":"https:\/\/dorogimedence.hu\/wp-content\/uploads\/2025\/05\/muzej.jpg","keywords":["esztergom","M\u00fazeumok \u00c9jszak\u00e1ja","program","programok"],"articleSection":["Esztergom","H\u00edrek","Programok"],"inLanguage":"hu"},{"@type":"WebPage","@id":"https:\/\/dorogimedence.hu\/index.php\/2025\/06\/18\/14-helyszin-1-karszalag-fantasztikus-programokkal-var-a-muzeumok-ejszakaja-esztergomban-2\/","url":"https:\/\/dorogimedence.hu\/index.php\/2025\/06\/18\/14-helyszin-1-karszalag-fantasztikus-programokkal-var-a-muzeumok-ejszakaja-esztergomban-2\/","name":"14 helysz\u00edn 1 karszalag: fantasztikus programokkal v\u00e1r a M\u00fazeumok \u00c9jszak\u00e1ja Esztergomban","isPartOf":{"@id":"https:\/\/dorogimedence.hu\/#website"},"primaryImageOfPage":{"@id":"https:\/\/dorogimedence.hu\/index.php\/2025\/06\/18\/14-helyszin-1-karszalag-fantasztikus-programokkal-var-a-muzeumok-ejszakaja-esztergomban-2\/#primaryimage"},"image":{"@id":"https:\/\/dorogimedence.hu\/index.php\/2025\/06\/18\/14-helyszin-1-karszalag-fantasztikus-programokkal-var-a-muzeumok-ejszakaja-esztergomban-2\/#primaryimage"},"thumbnailUrl":"https:\/\/dorogimedence.hu\/wp-content\/uploads\/2025\/05\/muzej.jpg","datePublished":"2025-06-18T06:31:59+00:00","breadcrumb":{"@id":"https:\/\/dorogimedence.hu\/index.php\/2025\/06\/18\/14-helyszin-1-karszalag-fantasztikus-programokkal-var-a-muzeumok-ejszakaja-esztergomban-2\/#breadcrumb"},"inLanguage":"hu","potentialAction":[{"@type":"ReadAction","target":["https:\/\/dorogimedence.hu\/index.php\/2025\/06\/18\/14-helyszin-1-karszalag-fantasztikus-programokkal-var-a-muzeumok-ejszakaja-esztergomban-2\/"]}]},{"@type":"ImageObject","inLanguage":"hu","@id":"https:\/\/dorogimedence.hu\/index.php\/2025\/06\/18\/14-helyszin-1-karszalag-fantasztikus-programokkal-var-a-muzeumok-ejszakaja-esztergomban-2\/#primaryimage","url":"https:\/\/dorogimedence.hu\/wp-content\/uploads\/2025\/05\/muzej.jpg","contentUrl":"https:\/\/dorogimedence.hu\/wp-content\/uploads\/2025\/05\/muzej.jpg","width":1920,"height":970},{"@type":"BreadcrumbList","@id":"https:\/\/dorogimedence.hu\/index.php\/2025\/06\/18\/14-helyszin-1-karszalag-fantasztikus-programokkal-var-a-muzeumok-ejszakaja-esztergomban-2\/#breadcrumb","itemListElement":[{"@type":"ListItem","position":1,"name":"Kezd\u0151lap","item":"https:\/\/dorogimedence.hu\/"},{"@type":"ListItem","position":2,"name":"14 helysz\u00edn 1 karszalag: fantasztikus programokkal v\u00e1r a M\u00fazeumok \u00c9jszak\u00e1ja Esztergomban"}]},{"@type":"WebSite","@id":"https:\/\/dorogimedence.hu\/#website","url":"https:\/\/dorogimedence.hu\/","name":"Dorogi-medence Region\u00e1lis H\u00edrport\u00e1l","description":"Dorog, Keszt\u00f6lc, Le\u00e1nyv\u00e1r, Piliscs\u00e9v, Tokod, Tokodalt\u00e1r\u00f3, Csolnok, Esztergom-kertv\u00e1ros: h\u00edrek, programok","publisher":{"@id":"https:\/\/dorogimedence.hu\/#organization"},"potentialAction":[{"@type":"SearchAction","target":{"@type":"EntryPoint","urlTemplate":"https:\/\/dorogimedence.hu\/?s={search_term_string}"},"query-input":{"@type":"PropertyValueSpecification","valueRequired":true,"valueName":"search_term_string"}}],"inLanguage":"hu"},{"@type":"Organization","@id":"https:\/\/dorogimedence.hu\/#organization","name":"Dorogi-medence Region\u00e1lis H\u00edrport\u00e1l","url":"https:\/\/dorogimedence.hu\/","logo":{"@type":"ImageObject","inLanguage":"hu","@id":"https:\/\/dorogimedence.hu\/#\/schema\/logo\/image\/","url":"https:\/\/dorogimedence.hu\/wp-content\/uploads\/2021\/04\/logo-feher-600.png","contentUrl":"https:\/\/dorogimedence.hu\/wp-content\/uploads\/2021\/04\/logo-feher-600.png","width":600,"height":100,"caption":"Dorogi-medence Region\u00e1lis H\u00edrport\u00e1l"},"image":{"@id":"https:\/\/dorogimedence.hu\/#\/schema\/logo\/image\/"},"sameAs":["https:\/\/www.facebook.com\/dorogimedence\/"]},{"@type":"Person","@id":"https:\/\/dorogimedence.hu\/#\/schema\/person\/ce6091eeb7e95ecdc87890d6aa8e0fd4","name":"dorogimedence.hu","image":{"@type":"ImageObject","inLanguage":"hu","@id":"\/\/www.gravatar.com\/avatar\/d8d45f8901aadff40a4af72c0b826f1d?s=96&#038;r=g&#038;d=mm","url":"\/\/www.gravatar.com\/avatar\/d8d45f8901aadff40a4af72c0b826f1d?s=96&#038;r=g&#038;d=mm","contentUrl":"\/\/www.gravatar.com\/avatar\/d8d45f8901aadff40a4af72c0b826f1d?s=96&#038;r=g&#038;d=mm","caption":"dorogimedence.hu"}}]}},"_links":{"self":[{"href":"https:\/\/dorogimedence.hu\/index.php\/wp-json\/wp\/v2\/posts\/72022","targetHints":{"allow":["GET"]}}],"collection":[{"href":"https:\/\/dorogimedence.hu\/index.php\/wp-json\/wp\/v2\/posts"}],"about":[{"href":"https:\/\/dorogimedence.hu\/index.php\/wp-json\/wp\/v2\/types\/post"}],"author":[{"embeddable":true,"href":"https:\/\/dorogimedence.hu\/index.php\/wp-json\/wp\/v2\/users\/1"}],"replies":[{"embeddable":true,"href":"https:\/\/dorogimedence.hu\/index.php\/wp-json\/wp\/v2\/comments?post=72022"}],"version-history":[{"count":0,"href":"https:\/\/dorogimedence.hu\/index.php\/wp-json\/wp\/v2\/posts\/72022\/revisions"}],"wp:featuredmedia":[{"embeddable":true,"href":"https:\/\/dorogimedence.hu\/index.php\/wp-json\/wp\/v2\/media\/71352"}],"wp:attachment":[{"href":"https:\/\/dorogimedence.hu\/index.php\/wp-json\/wp\/v2\/media?parent=72022"}],"wp:term":[{"taxonomy":"category","embeddable":true,"href":"https:\/\/dorogimedence.hu\/index.php\/wp-json\/wp\/v2\/categories?post=72022"},{"taxonomy":"post_tag","embeddable":true,"href":"https:\/\/dorogimedence.hu\/index.php\/wp-json\/wp\/v2\/tags?post=72022"}],"curies":[{"name":"wp","href":"https:\/\/api.w.org\/{rel}","templated":true}]}}