{"id":7202,"date":"2017-12-07T14:45:01","date_gmt":"2017-12-07T13:45:01","guid":{"rendered":"http:\/\/dorogimedence.hu\/?p=7202"},"modified":"2017-12-07T14:45:01","modified_gmt":"2017-12-07T13:45:01","slug":"18-evnyi-bujkalas-utan-kaptak-el-egy-gyilkost-kesztolcon","status":"publish","type":"post","link":"https:\/\/dorogimedence.hu\/index.php\/2017\/12\/07\/18-evnyi-bujkalas-utan-kaptak-el-egy-gyilkost-kesztolcon\/","title":{"rendered":"18 \u00e9vnyi bujk\u00e1l\u00e1s ut\u00e1n kaptak el egy gyilkost Keszt\u00f6lc\u00f6n"},"content":{"rendered":"<div class=\"body-text\">\n<p><strong>A K\u00e9szenl\u00e9ti Rend\u0151rs\u00e9g (KR) Kiemelt \u00dcgyeket Felder\u00edt\u0151 F\u0151oszt\u00e1ly nyomoz\u00f3i ism\u00e9t egy csaknem k\u00e9t \u00e9vtizede elk\u00f6vetett ember\u00f6l\u00e9s gyan\u00fas\u00edtottj\u00e1t fogt\u00e1k el.<\/strong><\/p>\n<p>Az elj\u00e1r\u00e1s adatai szerint N. Tam\u00e1s 1999. febru\u00e1r 11-\u00e9n budakal\u00e1szi h\u00e1zuk udvar\u00e1n a k\u00fatba l\u00f6kte az akkor 44 \u00e9ves feles\u00e9g\u00e9t, majd a k\u00fat fedel\u00e9t r\u00e1z\u00e1rta a n\u0151re. \u0150 jelentette be az asszony elt\u0171n\u00e9s\u00e9t, akinek holttest\u00e9t m\u00e1snap tal\u00e1lt\u00e1k meg, akkor azonban nem mer\u00fclt fel idegenkez\u0171s\u00e9gre utal\u00f3 k\u00f6r\u00fclm\u00e9ny. A megoldatlan \u00e9letellenes b\u0171ncselekm\u00e9nyekkel foglalkoz\u00f3 nyomoz\u00f3k 2017 november\u00e9ben \u00fajra el\u0151vett\u00e9k az \u00fcgy akt\u00e1it. Siker\u00fclt \u00fajabb inform\u00e1ci\u00f3kat beszerezni\u00fck, amelyek eredm\u00e9nyek\u00e9nt 2017. december 5-\u00e9n Keszt\u00f6lc\u00f6n elfogt\u00e1k a most 60 \u00e9ves f\u00e9rfit.<\/p>\n<p>A KR Kiemelt \u00dcgyeket Felder\u00edt\u0151 F\u0151oszt\u00e1ly el\u0151re kitervelten, k\u00fcl\u00f6n\u00f6s kegyetlens\u00e9ggel elk\u00f6vetett ember\u00f6l\u00e9s b\u0171ntett elk\u00f6vet\u00e9s\u00e9nek megalapozott gyan\u00faj\u00e1val folytatja az elj\u00e1r\u00e1st. A beismer\u0151 vallom\u00e1st tett gyan\u00fas\u00edtottat \u0151rizetbe vett\u00e9k. Az \u00fcgyben illet\u00e9kes b\u00edr\u00f3s\u00e1g pedig elrendelte a f\u00e9rfi\u00a0el\u0151zetes letart\u00f3ztat\u00e1s\u00e1t.<\/p>\n<div class=\"video-container\"><iframe src=\"https:\/\/www.youtube.com\/embed\/Cfb14mW29c0\" width=\"560\" height=\"315\" frameborder=\"0\" allowfullscreen=\"allowfullscreen\"><\/iframe><\/div>\n<p><em>Fot\u00f3, forr\u00e1s: police.hu<\/em><\/p>\n<\/div>\n","protected":false},"excerpt":{"rendered":"<p>A K\u00e9szenl\u00e9ti Rend\u0151rs\u00e9g (KR) Kiemelt \u00dcgyeket Felder\u00edt\u0151 F\u0151oszt\u00e1ly nyomoz\u00f3i ism\u00e9t egy csaknem k\u00e9t \u00e9vtizede elk\u00f6vetett ember\u00f6l\u00e9s gyan\u00fas\u00edtottj\u00e1t fogt\u00e1k el. Az elj\u00e1r\u00e1s adatai szerint N. Tam\u00e1s 1999. febru\u00e1r 11-\u00e9n budakal\u00e1szi h\u00e1zuk udvar\u00e1n a k\u00fatba l\u00f6kte az akkor 44 \u00e9ves feles\u00e9g\u00e9t, majd a k\u00fat fedel\u00e9t r\u00e1z\u00e1rta a n\u0151re. \u0150 jelentette be az asszony elt\u0171n\u00e9s\u00e9t, akinek holttest\u00e9t m\u00e1snap<\/p>\n","protected":false},"author":1,"featured_media":7203,"comment_status":"closed","ping_status":"closed","sticky":false,"template":"","format":"standard","meta":{"ngg_post_thumbnail":0,"footnotes":""},"categories":[3,39,8],"tags":[1941,63,899,129,61],"class_list":{"0":"post-7202","1":"post","2":"type-post","3":"status-publish","4":"format-standard","5":"has-post-thumbnail","7":"category-hirek","8":"category-kek-hirek","9":"category-kesztolc","10":"tag-budakalasz","11":"tag-buncselekmeny","12":"tag-gyilkossag","13":"tag-kesztolc","14":"tag-rendorsegi-hirek"},"yoast_head":"<!-- This site is optimized with the Yoast SEO plugin v27.4 - https:\/\/yoast.com\/product\/yoast-seo-wordpress\/ -->\n<title>18 \u00e9vnyi bujk\u00e1l\u00e1s ut\u00e1n kaptak el egy gyilkost Keszt\u00f6lc\u00f6n<\/title>\n<meta name=\"robots\" content=\"index, follow, max-snippet:-1, max-image-preview:large, max-video-preview:-1\" \/>\n<link rel=\"canonical\" href=\"https:\/\/dorogimedence.hu\/index.php\/2017\/12\/07\/18-evnyi-bujkalas-utan-kaptak-el-egy-gyilkost-kesztolcon\/\" class=\"yoast-seo-meta-tag\" \/>\n<meta property=\"og:locale\" content=\"hu_HU\" class=\"yoast-seo-meta-tag\" \/>\n<meta property=\"og:type\" content=\"article\" class=\"yoast-seo-meta-tag\" \/>\n<meta property=\"og:title\" content=\"18 \u00e9vnyi bujk\u00e1l\u00e1s ut\u00e1n kaptak el egy gyilkost Keszt\u00f6lc\u00f6n\" class=\"yoast-seo-meta-tag\" \/>\n<meta property=\"og:description\" content=\"A K\u00e9szenl\u00e9ti Rend\u0151rs\u00e9g (KR) Kiemelt \u00dcgyeket Felder\u00edt\u0151 F\u0151oszt\u00e1ly nyomoz\u00f3i ism\u00e9t egy csaknem k\u00e9t \u00e9vtizede elk\u00f6vetett ember\u00f6l\u00e9s gyan\u00fas\u00edtottj\u00e1t fogt\u00e1k el. Az elj\u00e1r\u00e1s adatai szerint N. Tam\u00e1s 1999. febru\u00e1r 11-\u00e9n budakal\u00e1szi h\u00e1zuk udvar\u00e1n a k\u00fatba l\u00f6kte az akkor 44 \u00e9ves feles\u00e9g\u00e9t, majd a k\u00fat fedel\u00e9t r\u00e1z\u00e1rta a n\u0151re. \u0150 jelentette be az asszony elt\u0171n\u00e9s\u00e9t, akinek holttest\u00e9t m\u00e1snap\" class=\"yoast-seo-meta-tag\" \/>\n<meta property=\"og:url\" content=\"https:\/\/dorogimedence.hu\/index.php\/2017\/12\/07\/18-evnyi-bujkalas-utan-kaptak-el-egy-gyilkost-kesztolcon\/\" class=\"yoast-seo-meta-tag\" \/>\n<meta property=\"og:site_name\" content=\"Dorogi-medence Region\u00e1lis H\u00edrport\u00e1l\" class=\"yoast-seo-meta-tag\" \/>\n<meta property=\"article:publisher\" content=\"https:\/\/www.facebook.com\/dorogimedence\/\" class=\"yoast-seo-meta-tag\" \/>\n<meta property=\"article:published_time\" content=\"2017-12-07T13:45:01+00:00\" class=\"yoast-seo-meta-tag\" \/>\n<meta property=\"og:image\" content=\"https:\/\/i0.wp.com\/dorogimedence.hu\/wp-content\/uploads\/2017\/12\/kesztolc-gyilkos.jpg?fit=670%2C365&ssl=1\" class=\"yoast-seo-meta-tag\" \/>\n\t<meta property=\"og:image:width\" content=\"670\" class=\"yoast-seo-meta-tag\" \/>\n\t<meta property=\"og:image:height\" content=\"365\" class=\"yoast-seo-meta-tag\" \/>\n\t<meta property=\"og:image:type\" content=\"image\/jpeg\" class=\"yoast-seo-meta-tag\" \/>\n<meta name=\"author\" content=\"dorogimedence.hu\" class=\"yoast-seo-meta-tag\" \/>\n<meta name=\"twitter:card\" content=\"summary_large_image\" class=\"yoast-seo-meta-tag\" \/>\n<meta name=\"twitter:label1\" content=\"Szerz\u0151:\" class=\"yoast-seo-meta-tag\" \/>\n\t<meta name=\"twitter:data1\" content=\"dorogimedence.hu\" class=\"yoast-seo-meta-tag\" \/>\n\t<meta name=\"twitter:label2\" content=\"Becs\u00fclt olvas\u00e1si id\u0151\" class=\"yoast-seo-meta-tag\" \/>\n\t<meta name=\"twitter:data2\" content=\"1 perc\" class=\"yoast-seo-meta-tag\" \/>\n<script type=\"application\/ld+json\" class=\"yoast-schema-graph\">{\"@context\":\"https:\\\/\\\/schema.org\",\"@graph\":[{\"@type\":\"Article\",\"@id\":\"https:\\\/\\\/dorogimedence.hu\\\/index.php\\\/2017\\\/12\\\/07\\\/18-evnyi-bujkalas-utan-kaptak-el-egy-gyilkost-kesztolcon\\\/#article\",\"isPartOf\":{\"@id\":\"https:\\\/\\\/dorogimedence.hu\\\/index.php\\\/2017\\\/12\\\/07\\\/18-evnyi-bujkalas-utan-kaptak-el-egy-gyilkost-kesztolcon\\\/\"},\"author\":{\"name\":\"dorogimedence.hu\",\"@id\":\"https:\\\/\\\/dorogimedence.hu\\\/#\\\/schema\\\/person\\\/ce6091eeb7e95ecdc87890d6aa8e0fd4\"},\"headline\":\"18 \u00e9vnyi bujk\u00e1l\u00e1s ut\u00e1n kaptak el egy gyilkost Keszt\u00f6lc\u00f6n\",\"datePublished\":\"2017-12-07T13:45:01+00:00\",\"mainEntityOfPage\":{\"@id\":\"https:\\\/\\\/dorogimedence.hu\\\/index.php\\\/2017\\\/12\\\/07\\\/18-evnyi-bujkalas-utan-kaptak-el-egy-gyilkost-kesztolcon\\\/\"},\"wordCount\":239,\"publisher\":{\"@id\":\"https:\\\/\\\/dorogimedence.hu\\\/#organization\"},\"image\":{\"@id\":\"https:\\\/\\\/dorogimedence.hu\\\/index.php\\\/2017\\\/12\\\/07\\\/18-evnyi-bujkalas-utan-kaptak-el-egy-gyilkost-kesztolcon\\\/#primaryimage\"},\"thumbnailUrl\":\"https:\\\/\\\/dorogimedence.hu\\\/wp-content\\\/uploads\\\/2017\\\/12\\\/kesztolc-gyilkos.jpg\",\"keywords\":[\"Budakal\u00e1sz\",\"b\u0171ncselekm\u00e9ny\",\"gyilkoss\u00e1g\",\"Keszt\u00f6lc\",\"rend\u0151rs\u00e9gi h\u00edrek\"],\"articleSection\":[\"H\u00edrek\",\"K\u00e9k h\u00edrek\",\"Keszt\u00f6lc\"],\"inLanguage\":\"hu\"},{\"@type\":\"WebPage\",\"@id\":\"https:\\\/\\\/dorogimedence.hu\\\/index.php\\\/2017\\\/12\\\/07\\\/18-evnyi-bujkalas-utan-kaptak-el-egy-gyilkost-kesztolcon\\\/\",\"url\":\"https:\\\/\\\/dorogimedence.hu\\\/index.php\\\/2017\\\/12\\\/07\\\/18-evnyi-bujkalas-utan-kaptak-el-egy-gyilkost-kesztolcon\\\/\",\"name\":\"18 \u00e9vnyi bujk\u00e1l\u00e1s ut\u00e1n kaptak el egy gyilkost Keszt\u00f6lc\u00f6n\",\"isPartOf\":{\"@id\":\"https:\\\/\\\/dorogimedence.hu\\\/#website\"},\"primaryImageOfPage\":{\"@id\":\"https:\\\/\\\/dorogimedence.hu\\\/index.php\\\/2017\\\/12\\\/07\\\/18-evnyi-bujkalas-utan-kaptak-el-egy-gyilkost-kesztolcon\\\/#primaryimage\"},\"image\":{\"@id\":\"https:\\\/\\\/dorogimedence.hu\\\/index.php\\\/2017\\\/12\\\/07\\\/18-evnyi-bujkalas-utan-kaptak-el-egy-gyilkost-kesztolcon\\\/#primaryimage\"},\"thumbnailUrl\":\"https:\\\/\\\/dorogimedence.hu\\\/wp-content\\\/uploads\\\/2017\\\/12\\\/kesztolc-gyilkos.jpg\",\"datePublished\":\"2017-12-07T13:45:01+00:00\",\"breadcrumb\":{\"@id\":\"https:\\\/\\\/dorogimedence.hu\\\/index.php\\\/2017\\\/12\\\/07\\\/18-evnyi-bujkalas-utan-kaptak-el-egy-gyilkost-kesztolcon\\\/#breadcrumb\"},\"inLanguage\":\"hu\",\"potentialAction\":[{\"@type\":\"ReadAction\",\"target\":[\"https:\\\/\\\/dorogimedence.hu\\\/index.php\\\/2017\\\/12\\\/07\\\/18-evnyi-bujkalas-utan-kaptak-el-egy-gyilkost-kesztolcon\\\/\"]}]},{\"@type\":\"ImageObject\",\"inLanguage\":\"hu\",\"@id\":\"https:\\\/\\\/dorogimedence.hu\\\/index.php\\\/2017\\\/12\\\/07\\\/18-evnyi-bujkalas-utan-kaptak-el-egy-gyilkost-kesztolcon\\\/#primaryimage\",\"url\":\"https:\\\/\\\/dorogimedence.hu\\\/wp-content\\\/uploads\\\/2017\\\/12\\\/kesztolc-gyilkos.jpg\",\"contentUrl\":\"https:\\\/\\\/dorogimedence.hu\\\/wp-content\\\/uploads\\\/2017\\\/12\\\/kesztolc-gyilkos.jpg\",\"width\":670,\"height\":365},{\"@type\":\"BreadcrumbList\",\"@id\":\"https:\\\/\\\/dorogimedence.hu\\\/index.php\\\/2017\\\/12\\\/07\\\/18-evnyi-bujkalas-utan-kaptak-el-egy-gyilkost-kesztolcon\\\/#breadcrumb\",\"itemListElement\":[{\"@type\":\"ListItem\",\"position\":1,\"name\":\"Kezd\u0151lap\",\"item\":\"https:\\\/\\\/dorogimedence.hu\\\/\"},{\"@type\":\"ListItem\",\"position\":2,\"name\":\"18 \u00e9vnyi bujk\u00e1l\u00e1s ut\u00e1n kaptak el egy gyilkost Keszt\u00f6lc\u00f6n\"}]},{\"@type\":\"WebSite\",\"@id\":\"https:\\\/\\\/dorogimedence.hu\\\/#website\",\"url\":\"https:\\\/\\\/dorogimedence.hu\\\/\",\"name\":\"Dorogi-medence Region\u00e1lis H\u00edrport\u00e1l\",\"description\":\"Dorog, Keszt\u00f6lc, Le\u00e1nyv\u00e1r, Piliscs\u00e9v, Tokod, Tokodalt\u00e1r\u00f3, Csolnok, Esztergom-kertv\u00e1ros: h\u00edrek, programok\",\"publisher\":{\"@id\":\"https:\\\/\\\/dorogimedence.hu\\\/#organization\"},\"potentialAction\":[{\"@type\":\"SearchAction\",\"target\":{\"@type\":\"EntryPoint\",\"urlTemplate\":\"https:\\\/\\\/dorogimedence.hu\\\/?s={search_term_string}\"},\"query-input\":{\"@type\":\"PropertyValueSpecification\",\"valueRequired\":true,\"valueName\":\"search_term_string\"}}],\"inLanguage\":\"hu\"},{\"@type\":\"Organization\",\"@id\":\"https:\\\/\\\/dorogimedence.hu\\\/#organization\",\"name\":\"Dorogi-medence Region\u00e1lis H\u00edrport\u00e1l\",\"url\":\"https:\\\/\\\/dorogimedence.hu\\\/\",\"logo\":{\"@type\":\"ImageObject\",\"inLanguage\":\"hu\",\"@id\":\"https:\\\/\\\/dorogimedence.hu\\\/#\\\/schema\\\/logo\\\/image\\\/\",\"url\":\"https:\\\/\\\/dorogimedence.hu\\\/wp-content\\\/uploads\\\/2021\\\/04\\\/logo-feher-600.png\",\"contentUrl\":\"https:\\\/\\\/dorogimedence.hu\\\/wp-content\\\/uploads\\\/2021\\\/04\\\/logo-feher-600.png\",\"width\":600,\"height\":100,\"caption\":\"Dorogi-medence Region\u00e1lis H\u00edrport\u00e1l\"},\"image\":{\"@id\":\"https:\\\/\\\/dorogimedence.hu\\\/#\\\/schema\\\/logo\\\/image\\\/\"},\"sameAs\":[\"https:\\\/\\\/www.facebook.com\\\/dorogimedence\\\/\"]},{\"@type\":\"Person\",\"@id\":\"https:\\\/\\\/dorogimedence.hu\\\/#\\\/schema\\\/person\\\/ce6091eeb7e95ecdc87890d6aa8e0fd4\",\"name\":\"dorogimedence.hu\",\"image\":{\"@type\":\"ImageObject\",\"inLanguage\":\"hu\",\"@id\":\"\\\/\\\/www.gravatar.com\\\/avatar\\\/d8d45f8901aadff40a4af72c0b826f1d?s=96&#038;r=g&#038;d=mm\",\"url\":\"\\\/\\\/www.gravatar.com\\\/avatar\\\/d8d45f8901aadff40a4af72c0b826f1d?s=96&#038;r=g&#038;d=mm\",\"contentUrl\":\"\\\/\\\/www.gravatar.com\\\/avatar\\\/d8d45f8901aadff40a4af72c0b826f1d?s=96&#038;r=g&#038;d=mm\",\"caption\":\"dorogimedence.hu\"}}]}<\/script>\n<!-- \/ Yoast SEO plugin. -->","yoast_head_json":{"title":"18 \u00e9vnyi bujk\u00e1l\u00e1s ut\u00e1n kaptak el egy gyilkost Keszt\u00f6lc\u00f6n","robots":{"index":"index","follow":"follow","max-snippet":"max-snippet:-1","max-image-preview":"max-image-preview:large","max-video-preview":"max-video-preview:-1"},"canonical":"https:\/\/dorogimedence.hu\/index.php\/2017\/12\/07\/18-evnyi-bujkalas-utan-kaptak-el-egy-gyilkost-kesztolcon\/","og_locale":"hu_HU","og_type":"article","og_title":"18 \u00e9vnyi bujk\u00e1l\u00e1s ut\u00e1n kaptak el egy gyilkost Keszt\u00f6lc\u00f6n","og_description":"A K\u00e9szenl\u00e9ti Rend\u0151rs\u00e9g (KR) Kiemelt \u00dcgyeket Felder\u00edt\u0151 F\u0151oszt\u00e1ly nyomoz\u00f3i ism\u00e9t egy csaknem k\u00e9t \u00e9vtizede elk\u00f6vetett ember\u00f6l\u00e9s gyan\u00fas\u00edtottj\u00e1t fogt\u00e1k el. Az elj\u00e1r\u00e1s adatai szerint N. Tam\u00e1s 1999. febru\u00e1r 11-\u00e9n budakal\u00e1szi h\u00e1zuk udvar\u00e1n a k\u00fatba l\u00f6kte az akkor 44 \u00e9ves feles\u00e9g\u00e9t, majd a k\u00fat fedel\u00e9t r\u00e1z\u00e1rta a n\u0151re. \u0150 jelentette be az asszony elt\u0171n\u00e9s\u00e9t, akinek holttest\u00e9t m\u00e1snap","og_url":"https:\/\/dorogimedence.hu\/index.php\/2017\/12\/07\/18-evnyi-bujkalas-utan-kaptak-el-egy-gyilkost-kesztolcon\/","og_site_name":"Dorogi-medence Region\u00e1lis H\u00edrport\u00e1l","article_publisher":"https:\/\/www.facebook.com\/dorogimedence\/","article_published_time":"2017-12-07T13:45:01+00:00","og_image":[{"width":670,"height":365,"url":"https:\/\/i0.wp.com\/dorogimedence.hu\/wp-content\/uploads\/2017\/12\/kesztolc-gyilkos.jpg?fit=670%2C365&ssl=1","type":"image\/jpeg"}],"author":"dorogimedence.hu","twitter_card":"summary_large_image","twitter_misc":{"Szerz\u0151:":"dorogimedence.hu","Becs\u00fclt olvas\u00e1si id\u0151":"1 perc"},"schema":{"@context":"https:\/\/schema.org","@graph":[{"@type":"Article","@id":"https:\/\/dorogimedence.hu\/index.php\/2017\/12\/07\/18-evnyi-bujkalas-utan-kaptak-el-egy-gyilkost-kesztolcon\/#article","isPartOf":{"@id":"https:\/\/dorogimedence.hu\/index.php\/2017\/12\/07\/18-evnyi-bujkalas-utan-kaptak-el-egy-gyilkost-kesztolcon\/"},"author":{"name":"dorogimedence.hu","@id":"https:\/\/dorogimedence.hu\/#\/schema\/person\/ce6091eeb7e95ecdc87890d6aa8e0fd4"},"headline":"18 \u00e9vnyi bujk\u00e1l\u00e1s ut\u00e1n kaptak el egy gyilkost Keszt\u00f6lc\u00f6n","datePublished":"2017-12-07T13:45:01+00:00","mainEntityOfPage":{"@id":"https:\/\/dorogimedence.hu\/index.php\/2017\/12\/07\/18-evnyi-bujkalas-utan-kaptak-el-egy-gyilkost-kesztolcon\/"},"wordCount":239,"publisher":{"@id":"https:\/\/dorogimedence.hu\/#organization"},"image":{"@id":"https:\/\/dorogimedence.hu\/index.php\/2017\/12\/07\/18-evnyi-bujkalas-utan-kaptak-el-egy-gyilkost-kesztolcon\/#primaryimage"},"thumbnailUrl":"https:\/\/dorogimedence.hu\/wp-content\/uploads\/2017\/12\/kesztolc-gyilkos.jpg","keywords":["Budakal\u00e1sz","b\u0171ncselekm\u00e9ny","gyilkoss\u00e1g","Keszt\u00f6lc","rend\u0151rs\u00e9gi h\u00edrek"],"articleSection":["H\u00edrek","K\u00e9k h\u00edrek","Keszt\u00f6lc"],"inLanguage":"hu"},{"@type":"WebPage","@id":"https:\/\/dorogimedence.hu\/index.php\/2017\/12\/07\/18-evnyi-bujkalas-utan-kaptak-el-egy-gyilkost-kesztolcon\/","url":"https:\/\/dorogimedence.hu\/index.php\/2017\/12\/07\/18-evnyi-bujkalas-utan-kaptak-el-egy-gyilkost-kesztolcon\/","name":"18 \u00e9vnyi bujk\u00e1l\u00e1s ut\u00e1n kaptak el egy gyilkost Keszt\u00f6lc\u00f6n","isPartOf":{"@id":"https:\/\/dorogimedence.hu\/#website"},"primaryImageOfPage":{"@id":"https:\/\/dorogimedence.hu\/index.php\/2017\/12\/07\/18-evnyi-bujkalas-utan-kaptak-el-egy-gyilkost-kesztolcon\/#primaryimage"},"image":{"@id":"https:\/\/dorogimedence.hu\/index.php\/2017\/12\/07\/18-evnyi-bujkalas-utan-kaptak-el-egy-gyilkost-kesztolcon\/#primaryimage"},"thumbnailUrl":"https:\/\/dorogimedence.hu\/wp-content\/uploads\/2017\/12\/kesztolc-gyilkos.jpg","datePublished":"2017-12-07T13:45:01+00:00","breadcrumb":{"@id":"https:\/\/dorogimedence.hu\/index.php\/2017\/12\/07\/18-evnyi-bujkalas-utan-kaptak-el-egy-gyilkost-kesztolcon\/#breadcrumb"},"inLanguage":"hu","potentialAction":[{"@type":"ReadAction","target":["https:\/\/dorogimedence.hu\/index.php\/2017\/12\/07\/18-evnyi-bujkalas-utan-kaptak-el-egy-gyilkost-kesztolcon\/"]}]},{"@type":"ImageObject","inLanguage":"hu","@id":"https:\/\/dorogimedence.hu\/index.php\/2017\/12\/07\/18-evnyi-bujkalas-utan-kaptak-el-egy-gyilkost-kesztolcon\/#primaryimage","url":"https:\/\/dorogimedence.hu\/wp-content\/uploads\/2017\/12\/kesztolc-gyilkos.jpg","contentUrl":"https:\/\/dorogimedence.hu\/wp-content\/uploads\/2017\/12\/kesztolc-gyilkos.jpg","width":670,"height":365},{"@type":"BreadcrumbList","@id":"https:\/\/dorogimedence.hu\/index.php\/2017\/12\/07\/18-evnyi-bujkalas-utan-kaptak-el-egy-gyilkost-kesztolcon\/#breadcrumb","itemListElement":[{"@type":"ListItem","position":1,"name":"Kezd\u0151lap","item":"https:\/\/dorogimedence.hu\/"},{"@type":"ListItem","position":2,"name":"18 \u00e9vnyi bujk\u00e1l\u00e1s ut\u00e1n kaptak el egy gyilkost Keszt\u00f6lc\u00f6n"}]},{"@type":"WebSite","@id":"https:\/\/dorogimedence.hu\/#website","url":"https:\/\/dorogimedence.hu\/","name":"Dorogi-medence Region\u00e1lis H\u00edrport\u00e1l","description":"Dorog, Keszt\u00f6lc, Le\u00e1nyv\u00e1r, Piliscs\u00e9v, Tokod, Tokodalt\u00e1r\u00f3, Csolnok, Esztergom-kertv\u00e1ros: h\u00edrek, programok","publisher":{"@id":"https:\/\/dorogimedence.hu\/#organization"},"potentialAction":[{"@type":"SearchAction","target":{"@type":"EntryPoint","urlTemplate":"https:\/\/dorogimedence.hu\/?s={search_term_string}"},"query-input":{"@type":"PropertyValueSpecification","valueRequired":true,"valueName":"search_term_string"}}],"inLanguage":"hu"},{"@type":"Organization","@id":"https:\/\/dorogimedence.hu\/#organization","name":"Dorogi-medence Region\u00e1lis H\u00edrport\u00e1l","url":"https:\/\/dorogimedence.hu\/","logo":{"@type":"ImageObject","inLanguage":"hu","@id":"https:\/\/dorogimedence.hu\/#\/schema\/logo\/image\/","url":"https:\/\/dorogimedence.hu\/wp-content\/uploads\/2021\/04\/logo-feher-600.png","contentUrl":"https:\/\/dorogimedence.hu\/wp-content\/uploads\/2021\/04\/logo-feher-600.png","width":600,"height":100,"caption":"Dorogi-medence Region\u00e1lis H\u00edrport\u00e1l"},"image":{"@id":"https:\/\/dorogimedence.hu\/#\/schema\/logo\/image\/"},"sameAs":["https:\/\/www.facebook.com\/dorogimedence\/"]},{"@type":"Person","@id":"https:\/\/dorogimedence.hu\/#\/schema\/person\/ce6091eeb7e95ecdc87890d6aa8e0fd4","name":"dorogimedence.hu","image":{"@type":"ImageObject","inLanguage":"hu","@id":"\/\/www.gravatar.com\/avatar\/d8d45f8901aadff40a4af72c0b826f1d?s=96&#038;r=g&#038;d=mm","url":"\/\/www.gravatar.com\/avatar\/d8d45f8901aadff40a4af72c0b826f1d?s=96&#038;r=g&#038;d=mm","contentUrl":"\/\/www.gravatar.com\/avatar\/d8d45f8901aadff40a4af72c0b826f1d?s=96&#038;r=g&#038;d=mm","caption":"dorogimedence.hu"}}]}},"_links":{"self":[{"href":"https:\/\/dorogimedence.hu\/index.php\/wp-json\/wp\/v2\/posts\/7202","targetHints":{"allow":["GET"]}}],"collection":[{"href":"https:\/\/dorogimedence.hu\/index.php\/wp-json\/wp\/v2\/posts"}],"about":[{"href":"https:\/\/dorogimedence.hu\/index.php\/wp-json\/wp\/v2\/types\/post"}],"author":[{"embeddable":true,"href":"https:\/\/dorogimedence.hu\/index.php\/wp-json\/wp\/v2\/users\/1"}],"replies":[{"embeddable":true,"href":"https:\/\/dorogimedence.hu\/index.php\/wp-json\/wp\/v2\/comments?post=7202"}],"version-history":[{"count":0,"href":"https:\/\/dorogimedence.hu\/index.php\/wp-json\/wp\/v2\/posts\/7202\/revisions"}],"wp:featuredmedia":[{"embeddable":true,"href":"https:\/\/dorogimedence.hu\/index.php\/wp-json\/wp\/v2\/media\/7203"}],"wp:attachment":[{"href":"https:\/\/dorogimedence.hu\/index.php\/wp-json\/wp\/v2\/media?parent=7202"}],"wp:term":[{"taxonomy":"category","embeddable":true,"href":"https:\/\/dorogimedence.hu\/index.php\/wp-json\/wp\/v2\/categories?post=7202"},{"taxonomy":"post_tag","embeddable":true,"href":"https:\/\/dorogimedence.hu\/index.php\/wp-json\/wp\/v2\/tags?post=7202"}],"curies":[{"name":"wp","href":"https:\/\/api.w.org\/{rel}","templated":true}]}}