{"id":71974,"date":"2025-06-16T15:44:22","date_gmt":"2025-06-16T13:44:22","guid":{"rendered":"https:\/\/dorogimedence.hu\/?p=71974"},"modified":"2025-06-16T15:44:22","modified_gmt":"2025-06-16T13:44:22","slug":"lezarult-az-nkfh-nagy-orszagos-szamocaellenorzese","status":"publish","type":"post","link":"https:\/\/dorogimedence.hu\/index.php\/2025\/06\/16\/lezarult-az-nkfh-nagy-orszagos-szamocaellenorzese\/","title":{"rendered":"Lez\u00e1rult az NKFH nagy orsz\u00e1gos szam\u00f3caellen\u0151rz\u00e9se"},"content":{"rendered":"<div id=\"856\" class=\"mb-6 relative pl-4 text-text\/neutral\/subtle text-lg font-medium italic before:absolute before:left-0 before:border-l-[3px] before:border-brand\/1000 before:h-full\">\n<p class=\"mb-6\"><strong>N\u00e9gy h\u00e9ten \u00e1t fokozott figyelmet kaptak a szam\u00f3c\u00e1k: a Nemzeti Kereskedelmi \u00e9s Fogyaszt\u00f3v\u00e9delmi Hat\u00f3s\u00e1g (NKFH) \u00e9s a szakmai ir\u00e1ny\u00edt\u00e1sa alatt \u00e1ll\u00f3 korm\u00e1nyhivatalok munkat\u00e1rsai orsz\u00e1gszerte 479 helysz\u00ednen \u00f6sszesen 512 t\u00e9telt ellen\u0151riztek. A teljes kereskedelmi palett\u00e1t vizsg\u00e1l\u00f3 ellen\u0151rz\u00e9sek r\u00e1vil\u00e1g\u00edtottak arra, hogy minden tizedik term\u00e9kkel volt probl\u00e9ma. Az akci\u00f3 v\u00e9g\u00e9re a hat\u00f3s\u00e1g munkat\u00e1rsai k\u00f6zel 3 milli\u00f3 forintnyi b\u00edrs\u00e1got szabtak ki, t\u00f6bb elj\u00e1r\u00e1s pedig m\u00e9g folyamatban van.<\/strong><\/p>\n<\/div>\n<div id=\"4342\" class=\"text-text\/neutral\/strong font-medium mb-6\">\n<p class=\"mb-6\">A szam\u00f3ca egyik legismertebb hazai term\u0151helye Lajosmizse \u00e9s k\u00f6rny\u00e9ke. Az itteni gy\u00fcm\u00f6lcsnek m\u00e1r neve van a piacon \u2013 sokan keresik kifejezetten a \u201elajosmizsei epret\u201d. Sajnos \u00e9pp emiatt minden \u00e9vben el\u0151fordul, hogy m\u00e1s \u2013 f\u0151leg rom\u00e1niai \u2013 sz\u00e1rmaz\u00e1s\u00fa szam\u00f3c\u00e1t pr\u00f3b\u00e1lnak magyark\u00e9nt, s\u0151t \u201elajosmizseik\u00e9nt\u201d eladni. Az ellen\u0151r\u00f6k az idei szezonban is t\u00f6bb ilyen esetre bukkantak, pedig aki \u00edgy tr\u00fckk\u00f6zik, s\u00falyos b\u00edrs\u00e1gra sz\u00e1m\u00edthat.<\/p>\n<p class=\"mb-6\">Fontos tudni, hogy a rom\u00e1niai szam\u00f3ca gyakran j\u00f3val olcs\u00f3bb a hazain\u00e1l, \u00edgy sokszor \u00f6nmag\u00e1ban emiatt is n\u00e9pszer\u0171. A tudatos v\u00e1s\u00e1rl\u00e1s ez\u00e9rt kulcsfontoss\u00e1g\u00fa: a k\u00fclf\u00f6ldi gy\u00fcm\u00f6lcs\u00f6k \u00e1ltal\u00e1ban m\u00e1s fajt\u00e1k, m\u00e1s a sz\u00edn\u00fck, form\u00e1juk, \u00e9s csomagol\u00e1suk is \u00e1rulkod\u00f3 lehet. A magyar termel\u0151k jellemz\u0151en cser\u00e9lhet\u0151 5 kil\u00f3s fal\u00e1d\u00e1t haszn\u00e1lnak, m\u00edg a rom\u00e1n szam\u00f3ca m\u0171anyag rekeszben \u00e9rkezik, a spanyol, g\u00f6r\u00f6g vagy lengyel eper pedig kisebb, egyszer haszn\u00e1latos csomagol\u00e1sban van.<\/p>\n<p class=\"mb-6\">Az NKFH \u00e1ltal koordin\u00e1lt orsz\u00e1gos akci\u00f3 a teljes kereskedelmi palett\u00e1t lefedte, a nagybani piacokt\u00f3l a hipermarketeken \u00e9s z\u00f6lds\u00e9geseken \u00e1t eg\u00e9szen az utcai, ideiglenes \u00e1rus\u00edt\u00f3helyekig. Az ellen\u0151r\u00f6k nemcsak a gy\u00fcm\u00f6lcs min\u0151s\u00e9g\u00e9t \u00e9s sz\u00e1rmaz\u00e1s\u00e1t vizsg\u00e1lt\u00e1k, hanem a higi\u00e9niai k\u00f6r\u00fclm\u00e9nyeket is.<\/p>\n<p class=\"mb-6\">A vizsg\u00e1lt t\u00e9telek mintegy \u00f6t\u00f6de volt k\u00fclf\u00f6ldi eredet\u0171 \u2013 ez nagyj\u00e1b\u00f3l megfelel a piaci ar\u00e1nyoknak. A probl\u00e9m\u00e1s t\u00e9telek ar\u00e1nya azonban 10% volt, vagyis minden tizedik minta nem felelt meg a min\u0151s\u00e9gi, nyomonk\u00f6vethet\u0151s\u00e9gi vagy jel\u00f6l\u00e9si szab\u00e1lyoknak. Ez az ar\u00e1ny magasabb, mint amit \u00e1ltal\u00e1ban z\u00f6lds\u00e9g-gy\u00fcm\u00f6lcs eset\u00e9n m\u00e9rnek a szakemberek.<\/p>\n<p class=\"mb-6\">Min\u0151s\u00e9gi probl\u00e9ma sem a hazai, sem a k\u00fclf\u00f6ldi sz\u00e1ll\u00edtm\u00e1nyokkal sem volt, ut\u00f3bbi eset\u00e9ben azonban a sz\u00e1rmaz\u00e1st gyakran nem vagy f\u00e9lrevezet\u0151en t\u00fcntett\u00e9k fel. A leggyakoribb hiba a hi\u00e1nyos c\u00edmk\u00e9z\u00e9s volt: p\u00e9ld\u00e1ul a min\u0151s\u00e9gi oszt\u00e1ly felt\u00fcntet\u00e9s\u00e9nek hi\u00e1nya, illetve a nyomonk\u00f6vethet\u0151s\u00e9g hi\u00e1nya, amikor az \u00e1rus nem tudta bizony\u00edtani, honnan sz\u00e1rmazik az \u00e1ru. N\u00e9gy t\u00e9telt kellett ez\u00e9rt megsemmis\u00edteni. K\u00f6zel 3 milli\u00f3 forintnyi b\u00edrs\u00e1g kiszab\u00e1s\u00e1ra ker\u00fclt sor, t\u00f6bb elj\u00e1r\u00e1s pedig m\u00e9g folyamatban van.<\/p>\n<p class=\"mb-6\"><b class=\"font-bold\">Dr. N\u00e9met-Weingartner Lilla<\/b>, az NKFH eln\u00f6ke elmondta, hogy <i class=\"\">\u201ea szam\u00f3caszezon ut\u00e1n is folytat\u00f3dnak a z\u00f6lds\u00e9g-gy\u00fcm\u00f6lcs ellen\u0151rz\u00e9sek, c\u00e9lunk v\u00e1ltozatlan: biztos\u00edtani, hogy a v\u00e1s\u00e1rl\u00f3k val\u00f3ban j\u00f3 min\u0151s\u00e9g\u0171, biztons\u00e1gos \u00e1ruhoz jussanak a boltokban \u00e9s a piacokon.\u201d<\/i><\/p>\n<p><em>Forr\u00e1s: NKFH<\/em><\/p>\n<\/div>\n","protected":false},"excerpt":{"rendered":"<p>N\u00e9gy h\u00e9ten \u00e1t fokozott figyelmet kaptak a szam\u00f3c\u00e1k: a Nemzeti Kereskedelmi \u00e9s Fogyaszt\u00f3v\u00e9delmi Hat\u00f3s\u00e1g (NKFH) \u00e9s a szakmai ir\u00e1ny\u00edt\u00e1sa alatt \u00e1ll\u00f3 korm\u00e1nyhivatalok munkat\u00e1rsai orsz\u00e1gszerte 479 helysz\u00ednen \u00f6sszesen 512 t\u00e9telt ellen\u0151riztek. A teljes kereskedelmi palett\u00e1t vizsg\u00e1l\u00f3 ellen\u0151rz\u00e9sek r\u00e1vil\u00e1g\u00edtottak arra, hogy minden tizedik term\u00e9kkel volt probl\u00e9ma. Az akci\u00f3 v\u00e9g\u00e9re a hat\u00f3s\u00e1g munkat\u00e1rsai k\u00f6zel 3 milli\u00f3 forintnyi b\u00edrs\u00e1got<\/p>\n","protected":false},"author":1,"featured_media":71975,"comment_status":"closed","ping_status":"closed","sticky":false,"template":"","format":"standard","meta":{"ngg_post_thumbnail":0,"footnotes":""},"categories":[6934,3],"tags":[515,990,8210,8427],"class_list":{"0":"post-71974","1":"post","2":"type-post","3":"status-publish","4":"format-standard","5":"has-post-thumbnail","7":"category-belfold","8":"category-hirek","9":"tag-ellenorzes","10":"tag-eper","11":"tag-nkfh","12":"tag-szamoca"},"yoast_head":"<!-- This site is optimized with the Yoast SEO plugin v27.5 - https:\/\/yoast.com\/product\/yoast-seo-wordpress\/ -->\n<title>Lez\u00e1rult az NKFH nagy orsz\u00e1gos szam\u00f3caellen\u0151rz\u00e9se<\/title>\n<meta name=\"robots\" content=\"index, follow, max-snippet:-1, max-image-preview:large, max-video-preview:-1\" \/>\n<link rel=\"canonical\" href=\"https:\/\/dorogimedence.hu\/index.php\/2025\/06\/16\/lezarult-az-nkfh-nagy-orszagos-szamocaellenorzese\/\" class=\"yoast-seo-meta-tag\" \/>\n<meta property=\"og:locale\" content=\"hu_HU\" class=\"yoast-seo-meta-tag\" \/>\n<meta property=\"og:type\" content=\"article\" class=\"yoast-seo-meta-tag\" \/>\n<meta property=\"og:title\" content=\"Lez\u00e1rult az NKFH nagy orsz\u00e1gos szam\u00f3caellen\u0151rz\u00e9se\" class=\"yoast-seo-meta-tag\" \/>\n<meta property=\"og:description\" content=\"N\u00e9gy h\u00e9ten \u00e1t fokozott figyelmet kaptak a szam\u00f3c\u00e1k: a Nemzeti Kereskedelmi \u00e9s Fogyaszt\u00f3v\u00e9delmi Hat\u00f3s\u00e1g (NKFH) \u00e9s a szakmai ir\u00e1ny\u00edt\u00e1sa alatt \u00e1ll\u00f3 korm\u00e1nyhivatalok munkat\u00e1rsai orsz\u00e1gszerte 479 helysz\u00ednen \u00f6sszesen 512 t\u00e9telt ellen\u0151riztek. A teljes kereskedelmi palett\u00e1t vizsg\u00e1l\u00f3 ellen\u0151rz\u00e9sek r\u00e1vil\u00e1g\u00edtottak arra, hogy minden tizedik term\u00e9kkel volt probl\u00e9ma. Az akci\u00f3 v\u00e9g\u00e9re a hat\u00f3s\u00e1g munkat\u00e1rsai k\u00f6zel 3 milli\u00f3 forintnyi b\u00edrs\u00e1got\" class=\"yoast-seo-meta-tag\" \/>\n<meta property=\"og:url\" content=\"https:\/\/dorogimedence.hu\/index.php\/2025\/06\/16\/lezarult-az-nkfh-nagy-orszagos-szamocaellenorzese\/\" class=\"yoast-seo-meta-tag\" \/>\n<meta property=\"og:site_name\" content=\"Dorogi-medence Region\u00e1lis H\u00edrport\u00e1l\" class=\"yoast-seo-meta-tag\" \/>\n<meta property=\"article:publisher\" content=\"https:\/\/www.facebook.com\/dorogimedence\/\" class=\"yoast-seo-meta-tag\" \/>\n<meta property=\"article:published_time\" content=\"2025-06-16T13:44:22+00:00\" class=\"yoast-seo-meta-tag\" \/>\n<meta property=\"og:image\" content=\"https:\/\/dorogimedence.hu\/wp-content\/uploads\/2025\/06\/9716.jpg\" class=\"yoast-seo-meta-tag\" \/>\n\t<meta property=\"og:image:width\" content=\"1500\" class=\"yoast-seo-meta-tag\" \/>\n\t<meta property=\"og:image:height\" content=\"1000\" class=\"yoast-seo-meta-tag\" \/>\n\t<meta property=\"og:image:type\" content=\"image\/jpeg\" class=\"yoast-seo-meta-tag\" \/>\n<meta name=\"author\" content=\"dorogimedence.hu\" class=\"yoast-seo-meta-tag\" \/>\n<meta name=\"twitter:card\" content=\"summary_large_image\" class=\"yoast-seo-meta-tag\" \/>\n<meta name=\"twitter:label1\" content=\"Szerz\u0151:\" class=\"yoast-seo-meta-tag\" \/>\n\t<meta name=\"twitter:data1\" content=\"dorogimedence.hu\" class=\"yoast-seo-meta-tag\" \/>\n\t<meta name=\"twitter:label2\" content=\"Becs\u00fclt olvas\u00e1si id\u0151\" class=\"yoast-seo-meta-tag\" \/>\n\t<meta name=\"twitter:data2\" content=\"3 perc\" class=\"yoast-seo-meta-tag\" \/>\n<script type=\"application\/ld+json\" class=\"yoast-schema-graph\">{\"@context\":\"https:\\\/\\\/schema.org\",\"@graph\":[{\"@type\":\"Article\",\"@id\":\"https:\\\/\\\/dorogimedence.hu\\\/index.php\\\/2025\\\/06\\\/16\\\/lezarult-az-nkfh-nagy-orszagos-szamocaellenorzese\\\/#article\",\"isPartOf\":{\"@id\":\"https:\\\/\\\/dorogimedence.hu\\\/index.php\\\/2025\\\/06\\\/16\\\/lezarult-az-nkfh-nagy-orszagos-szamocaellenorzese\\\/\"},\"author\":{\"name\":\"dorogimedence.hu\",\"@id\":\"https:\\\/\\\/dorogimedence.hu\\\/#\\\/schema\\\/person\\\/ce6091eeb7e95ecdc87890d6aa8e0fd4\"},\"headline\":\"Lez\u00e1rult az NKFH nagy orsz\u00e1gos szam\u00f3caellen\u0151rz\u00e9se\",\"datePublished\":\"2025-06-16T13:44:22+00:00\",\"mainEntityOfPage\":{\"@id\":\"https:\\\/\\\/dorogimedence.hu\\\/index.php\\\/2025\\\/06\\\/16\\\/lezarult-az-nkfh-nagy-orszagos-szamocaellenorzese\\\/\"},\"wordCount\":609,\"publisher\":{\"@id\":\"https:\\\/\\\/dorogimedence.hu\\\/#organization\"},\"image\":{\"@id\":\"https:\\\/\\\/dorogimedence.hu\\\/index.php\\\/2025\\\/06\\\/16\\\/lezarult-az-nkfh-nagy-orszagos-szamocaellenorzese\\\/#primaryimage\"},\"thumbnailUrl\":\"https:\\\/\\\/dorogimedence.hu\\\/wp-content\\\/uploads\\\/2025\\\/06\\\/9716.jpg\",\"keywords\":[\"ellen\u0151rz\u00e9s\",\"eper\",\"NKFH\",\"szam\u00f3ca\"],\"articleSection\":[\"Belf\u00f6ld, Gazdas\u00e1g\",\"H\u00edrek\"],\"inLanguage\":\"hu\"},{\"@type\":\"WebPage\",\"@id\":\"https:\\\/\\\/dorogimedence.hu\\\/index.php\\\/2025\\\/06\\\/16\\\/lezarult-az-nkfh-nagy-orszagos-szamocaellenorzese\\\/\",\"url\":\"https:\\\/\\\/dorogimedence.hu\\\/index.php\\\/2025\\\/06\\\/16\\\/lezarult-az-nkfh-nagy-orszagos-szamocaellenorzese\\\/\",\"name\":\"Lez\u00e1rult az NKFH nagy orsz\u00e1gos szam\u00f3caellen\u0151rz\u00e9se\",\"isPartOf\":{\"@id\":\"https:\\\/\\\/dorogimedence.hu\\\/#website\"},\"primaryImageOfPage\":{\"@id\":\"https:\\\/\\\/dorogimedence.hu\\\/index.php\\\/2025\\\/06\\\/16\\\/lezarult-az-nkfh-nagy-orszagos-szamocaellenorzese\\\/#primaryimage\"},\"image\":{\"@id\":\"https:\\\/\\\/dorogimedence.hu\\\/index.php\\\/2025\\\/06\\\/16\\\/lezarult-az-nkfh-nagy-orszagos-szamocaellenorzese\\\/#primaryimage\"},\"thumbnailUrl\":\"https:\\\/\\\/dorogimedence.hu\\\/wp-content\\\/uploads\\\/2025\\\/06\\\/9716.jpg\",\"datePublished\":\"2025-06-16T13:44:22+00:00\",\"breadcrumb\":{\"@id\":\"https:\\\/\\\/dorogimedence.hu\\\/index.php\\\/2025\\\/06\\\/16\\\/lezarult-az-nkfh-nagy-orszagos-szamocaellenorzese\\\/#breadcrumb\"},\"inLanguage\":\"hu\",\"potentialAction\":[{\"@type\":\"ReadAction\",\"target\":[\"https:\\\/\\\/dorogimedence.hu\\\/index.php\\\/2025\\\/06\\\/16\\\/lezarult-az-nkfh-nagy-orszagos-szamocaellenorzese\\\/\"]}]},{\"@type\":\"ImageObject\",\"inLanguage\":\"hu\",\"@id\":\"https:\\\/\\\/dorogimedence.hu\\\/index.php\\\/2025\\\/06\\\/16\\\/lezarult-az-nkfh-nagy-orszagos-szamocaellenorzese\\\/#primaryimage\",\"url\":\"https:\\\/\\\/dorogimedence.hu\\\/wp-content\\\/uploads\\\/2025\\\/06\\\/9716.jpg\",\"contentUrl\":\"https:\\\/\\\/dorogimedence.hu\\\/wp-content\\\/uploads\\\/2025\\\/06\\\/9716.jpg\",\"width\":1500,\"height\":1000},{\"@type\":\"BreadcrumbList\",\"@id\":\"https:\\\/\\\/dorogimedence.hu\\\/index.php\\\/2025\\\/06\\\/16\\\/lezarult-az-nkfh-nagy-orszagos-szamocaellenorzese\\\/#breadcrumb\",\"itemListElement\":[{\"@type\":\"ListItem\",\"position\":1,\"name\":\"Kezd\u0151lap\",\"item\":\"https:\\\/\\\/dorogimedence.hu\\\/\"},{\"@type\":\"ListItem\",\"position\":2,\"name\":\"Lez\u00e1rult az NKFH nagy orsz\u00e1gos szam\u00f3caellen\u0151rz\u00e9se\"}]},{\"@type\":\"WebSite\",\"@id\":\"https:\\\/\\\/dorogimedence.hu\\\/#website\",\"url\":\"https:\\\/\\\/dorogimedence.hu\\\/\",\"name\":\"Dorogi-medence Region\u00e1lis H\u00edrport\u00e1l\",\"description\":\"Dorog, Keszt\u00f6lc, Le\u00e1nyv\u00e1r, Piliscs\u00e9v, Tokod, Tokodalt\u00e1r\u00f3, Csolnok, Esztergom-kertv\u00e1ros: h\u00edrek, programok\",\"publisher\":{\"@id\":\"https:\\\/\\\/dorogimedence.hu\\\/#organization\"},\"potentialAction\":[{\"@type\":\"SearchAction\",\"target\":{\"@type\":\"EntryPoint\",\"urlTemplate\":\"https:\\\/\\\/dorogimedence.hu\\\/?s={search_term_string}\"},\"query-input\":{\"@type\":\"PropertyValueSpecification\",\"valueRequired\":true,\"valueName\":\"search_term_string\"}}],\"inLanguage\":\"hu\"},{\"@type\":\"Organization\",\"@id\":\"https:\\\/\\\/dorogimedence.hu\\\/#organization\",\"name\":\"Dorogi-medence Region\u00e1lis H\u00edrport\u00e1l\",\"url\":\"https:\\\/\\\/dorogimedence.hu\\\/\",\"logo\":{\"@type\":\"ImageObject\",\"inLanguage\":\"hu\",\"@id\":\"https:\\\/\\\/dorogimedence.hu\\\/#\\\/schema\\\/logo\\\/image\\\/\",\"url\":\"https:\\\/\\\/dorogimedence.hu\\\/wp-content\\\/uploads\\\/2021\\\/04\\\/logo-feher-600.png\",\"contentUrl\":\"https:\\\/\\\/dorogimedence.hu\\\/wp-content\\\/uploads\\\/2021\\\/04\\\/logo-feher-600.png\",\"width\":600,\"height\":100,\"caption\":\"Dorogi-medence Region\u00e1lis H\u00edrport\u00e1l\"},\"image\":{\"@id\":\"https:\\\/\\\/dorogimedence.hu\\\/#\\\/schema\\\/logo\\\/image\\\/\"},\"sameAs\":[\"https:\\\/\\\/www.facebook.com\\\/dorogimedence\\\/\"]},{\"@type\":\"Person\",\"@id\":\"https:\\\/\\\/dorogimedence.hu\\\/#\\\/schema\\\/person\\\/ce6091eeb7e95ecdc87890d6aa8e0fd4\",\"name\":\"dorogimedence.hu\",\"image\":{\"@type\":\"ImageObject\",\"inLanguage\":\"hu\",\"@id\":\"\\\/\\\/www.gravatar.com\\\/avatar\\\/d8d45f8901aadff40a4af72c0b826f1d?s=96&#038;r=g&#038;d=mm\",\"url\":\"\\\/\\\/www.gravatar.com\\\/avatar\\\/d8d45f8901aadff40a4af72c0b826f1d?s=96&#038;r=g&#038;d=mm\",\"contentUrl\":\"\\\/\\\/www.gravatar.com\\\/avatar\\\/d8d45f8901aadff40a4af72c0b826f1d?s=96&#038;r=g&#038;d=mm\",\"caption\":\"dorogimedence.hu\"}}]}<\/script>\n<!-- \/ Yoast SEO plugin. -->","yoast_head_json":{"title":"Lez\u00e1rult az NKFH nagy orsz\u00e1gos szam\u00f3caellen\u0151rz\u00e9se","robots":{"index":"index","follow":"follow","max-snippet":"max-snippet:-1","max-image-preview":"max-image-preview:large","max-video-preview":"max-video-preview:-1"},"canonical":"https:\/\/dorogimedence.hu\/index.php\/2025\/06\/16\/lezarult-az-nkfh-nagy-orszagos-szamocaellenorzese\/","og_locale":"hu_HU","og_type":"article","og_title":"Lez\u00e1rult az NKFH nagy orsz\u00e1gos szam\u00f3caellen\u0151rz\u00e9se","og_description":"N\u00e9gy h\u00e9ten \u00e1t fokozott figyelmet kaptak a szam\u00f3c\u00e1k: a Nemzeti Kereskedelmi \u00e9s Fogyaszt\u00f3v\u00e9delmi Hat\u00f3s\u00e1g (NKFH) \u00e9s a szakmai ir\u00e1ny\u00edt\u00e1sa alatt \u00e1ll\u00f3 korm\u00e1nyhivatalok munkat\u00e1rsai orsz\u00e1gszerte 479 helysz\u00ednen \u00f6sszesen 512 t\u00e9telt ellen\u0151riztek. A teljes kereskedelmi palett\u00e1t vizsg\u00e1l\u00f3 ellen\u0151rz\u00e9sek r\u00e1vil\u00e1g\u00edtottak arra, hogy minden tizedik term\u00e9kkel volt probl\u00e9ma. Az akci\u00f3 v\u00e9g\u00e9re a hat\u00f3s\u00e1g munkat\u00e1rsai k\u00f6zel 3 milli\u00f3 forintnyi b\u00edrs\u00e1got","og_url":"https:\/\/dorogimedence.hu\/index.php\/2025\/06\/16\/lezarult-az-nkfh-nagy-orszagos-szamocaellenorzese\/","og_site_name":"Dorogi-medence Region\u00e1lis H\u00edrport\u00e1l","article_publisher":"https:\/\/www.facebook.com\/dorogimedence\/","article_published_time":"2025-06-16T13:44:22+00:00","og_image":[{"width":1500,"height":1000,"url":"https:\/\/dorogimedence.hu\/wp-content\/uploads\/2025\/06\/9716.jpg","type":"image\/jpeg"}],"author":"dorogimedence.hu","twitter_card":"summary_large_image","twitter_misc":{"Szerz\u0151:":"dorogimedence.hu","Becs\u00fclt olvas\u00e1si id\u0151":"3 perc"},"schema":{"@context":"https:\/\/schema.org","@graph":[{"@type":"Article","@id":"https:\/\/dorogimedence.hu\/index.php\/2025\/06\/16\/lezarult-az-nkfh-nagy-orszagos-szamocaellenorzese\/#article","isPartOf":{"@id":"https:\/\/dorogimedence.hu\/index.php\/2025\/06\/16\/lezarult-az-nkfh-nagy-orszagos-szamocaellenorzese\/"},"author":{"name":"dorogimedence.hu","@id":"https:\/\/dorogimedence.hu\/#\/schema\/person\/ce6091eeb7e95ecdc87890d6aa8e0fd4"},"headline":"Lez\u00e1rult az NKFH nagy orsz\u00e1gos szam\u00f3caellen\u0151rz\u00e9se","datePublished":"2025-06-16T13:44:22+00:00","mainEntityOfPage":{"@id":"https:\/\/dorogimedence.hu\/index.php\/2025\/06\/16\/lezarult-az-nkfh-nagy-orszagos-szamocaellenorzese\/"},"wordCount":609,"publisher":{"@id":"https:\/\/dorogimedence.hu\/#organization"},"image":{"@id":"https:\/\/dorogimedence.hu\/index.php\/2025\/06\/16\/lezarult-az-nkfh-nagy-orszagos-szamocaellenorzese\/#primaryimage"},"thumbnailUrl":"https:\/\/dorogimedence.hu\/wp-content\/uploads\/2025\/06\/9716.jpg","keywords":["ellen\u0151rz\u00e9s","eper","NKFH","szam\u00f3ca"],"articleSection":["Belf\u00f6ld, Gazdas\u00e1g","H\u00edrek"],"inLanguage":"hu"},{"@type":"WebPage","@id":"https:\/\/dorogimedence.hu\/index.php\/2025\/06\/16\/lezarult-az-nkfh-nagy-orszagos-szamocaellenorzese\/","url":"https:\/\/dorogimedence.hu\/index.php\/2025\/06\/16\/lezarult-az-nkfh-nagy-orszagos-szamocaellenorzese\/","name":"Lez\u00e1rult az NKFH nagy orsz\u00e1gos szam\u00f3caellen\u0151rz\u00e9se","isPartOf":{"@id":"https:\/\/dorogimedence.hu\/#website"},"primaryImageOfPage":{"@id":"https:\/\/dorogimedence.hu\/index.php\/2025\/06\/16\/lezarult-az-nkfh-nagy-orszagos-szamocaellenorzese\/#primaryimage"},"image":{"@id":"https:\/\/dorogimedence.hu\/index.php\/2025\/06\/16\/lezarult-az-nkfh-nagy-orszagos-szamocaellenorzese\/#primaryimage"},"thumbnailUrl":"https:\/\/dorogimedence.hu\/wp-content\/uploads\/2025\/06\/9716.jpg","datePublished":"2025-06-16T13:44:22+00:00","breadcrumb":{"@id":"https:\/\/dorogimedence.hu\/index.php\/2025\/06\/16\/lezarult-az-nkfh-nagy-orszagos-szamocaellenorzese\/#breadcrumb"},"inLanguage":"hu","potentialAction":[{"@type":"ReadAction","target":["https:\/\/dorogimedence.hu\/index.php\/2025\/06\/16\/lezarult-az-nkfh-nagy-orszagos-szamocaellenorzese\/"]}]},{"@type":"ImageObject","inLanguage":"hu","@id":"https:\/\/dorogimedence.hu\/index.php\/2025\/06\/16\/lezarult-az-nkfh-nagy-orszagos-szamocaellenorzese\/#primaryimage","url":"https:\/\/dorogimedence.hu\/wp-content\/uploads\/2025\/06\/9716.jpg","contentUrl":"https:\/\/dorogimedence.hu\/wp-content\/uploads\/2025\/06\/9716.jpg","width":1500,"height":1000},{"@type":"BreadcrumbList","@id":"https:\/\/dorogimedence.hu\/index.php\/2025\/06\/16\/lezarult-az-nkfh-nagy-orszagos-szamocaellenorzese\/#breadcrumb","itemListElement":[{"@type":"ListItem","position":1,"name":"Kezd\u0151lap","item":"https:\/\/dorogimedence.hu\/"},{"@type":"ListItem","position":2,"name":"Lez\u00e1rult az NKFH nagy orsz\u00e1gos szam\u00f3caellen\u0151rz\u00e9se"}]},{"@type":"WebSite","@id":"https:\/\/dorogimedence.hu\/#website","url":"https:\/\/dorogimedence.hu\/","name":"Dorogi-medence Region\u00e1lis H\u00edrport\u00e1l","description":"Dorog, Keszt\u00f6lc, Le\u00e1nyv\u00e1r, Piliscs\u00e9v, Tokod, Tokodalt\u00e1r\u00f3, Csolnok, Esztergom-kertv\u00e1ros: h\u00edrek, programok","publisher":{"@id":"https:\/\/dorogimedence.hu\/#organization"},"potentialAction":[{"@type":"SearchAction","target":{"@type":"EntryPoint","urlTemplate":"https:\/\/dorogimedence.hu\/?s={search_term_string}"},"query-input":{"@type":"PropertyValueSpecification","valueRequired":true,"valueName":"search_term_string"}}],"inLanguage":"hu"},{"@type":"Organization","@id":"https:\/\/dorogimedence.hu\/#organization","name":"Dorogi-medence Region\u00e1lis H\u00edrport\u00e1l","url":"https:\/\/dorogimedence.hu\/","logo":{"@type":"ImageObject","inLanguage":"hu","@id":"https:\/\/dorogimedence.hu\/#\/schema\/logo\/image\/","url":"https:\/\/dorogimedence.hu\/wp-content\/uploads\/2021\/04\/logo-feher-600.png","contentUrl":"https:\/\/dorogimedence.hu\/wp-content\/uploads\/2021\/04\/logo-feher-600.png","width":600,"height":100,"caption":"Dorogi-medence Region\u00e1lis H\u00edrport\u00e1l"},"image":{"@id":"https:\/\/dorogimedence.hu\/#\/schema\/logo\/image\/"},"sameAs":["https:\/\/www.facebook.com\/dorogimedence\/"]},{"@type":"Person","@id":"https:\/\/dorogimedence.hu\/#\/schema\/person\/ce6091eeb7e95ecdc87890d6aa8e0fd4","name":"dorogimedence.hu","image":{"@type":"ImageObject","inLanguage":"hu","@id":"\/\/www.gravatar.com\/avatar\/d8d45f8901aadff40a4af72c0b826f1d?s=96&#038;r=g&#038;d=mm","url":"\/\/www.gravatar.com\/avatar\/d8d45f8901aadff40a4af72c0b826f1d?s=96&#038;r=g&#038;d=mm","contentUrl":"\/\/www.gravatar.com\/avatar\/d8d45f8901aadff40a4af72c0b826f1d?s=96&#038;r=g&#038;d=mm","caption":"dorogimedence.hu"}}]}},"_links":{"self":[{"href":"https:\/\/dorogimedence.hu\/index.php\/wp-json\/wp\/v2\/posts\/71974","targetHints":{"allow":["GET"]}}],"collection":[{"href":"https:\/\/dorogimedence.hu\/index.php\/wp-json\/wp\/v2\/posts"}],"about":[{"href":"https:\/\/dorogimedence.hu\/index.php\/wp-json\/wp\/v2\/types\/post"}],"author":[{"embeddable":true,"href":"https:\/\/dorogimedence.hu\/index.php\/wp-json\/wp\/v2\/users\/1"}],"replies":[{"embeddable":true,"href":"https:\/\/dorogimedence.hu\/index.php\/wp-json\/wp\/v2\/comments?post=71974"}],"version-history":[{"count":0,"href":"https:\/\/dorogimedence.hu\/index.php\/wp-json\/wp\/v2\/posts\/71974\/revisions"}],"wp:featuredmedia":[{"embeddable":true,"href":"https:\/\/dorogimedence.hu\/index.php\/wp-json\/wp\/v2\/media\/71975"}],"wp:attachment":[{"href":"https:\/\/dorogimedence.hu\/index.php\/wp-json\/wp\/v2\/media?parent=71974"}],"wp:term":[{"taxonomy":"category","embeddable":true,"href":"https:\/\/dorogimedence.hu\/index.php\/wp-json\/wp\/v2\/categories?post=71974"},{"taxonomy":"post_tag","embeddable":true,"href":"https:\/\/dorogimedence.hu\/index.php\/wp-json\/wp\/v2\/tags?post=71974"}],"curies":[{"name":"wp","href":"https:\/\/api.w.org\/{rel}","templated":true}]}}