{"id":71962,"date":"2025-06-16T11:34:18","date_gmt":"2025-06-16T09:34:18","guid":{"rendered":"https:\/\/dorogimedence.hu\/?p=71962"},"modified":"2025-06-16T15:11:42","modified_gmt":"2025-06-16T13:11:42","slug":"azonositottak-a-butortornaszt","status":"publish","type":"post","link":"https:\/\/dorogimedence.hu\/index.php\/2025\/06\/16\/azonositottak-a-butortornaszt\/","title":{"rendered":"Azonos\u00edtott\u00e1k a b\u00fatortorn\u00e1szt"},"content":{"rendered":"<div class=\"lead-text\">\n<p><strong>V. Levente (38) egyik rokon\u00e1t l\u00e1togatta meg az egyik tokodalt\u00e1r\u00f3i int\u00e9zm\u00e9nyben, ahol szemet vetett egy kerti \u00fcl\u0151garnit\u00far\u00e1ra. \u00dagy gondolta, megszerzi, ez\u00e9rt elhat\u00e1rozta, hogy m\u00e9g aznap \u00e9jszaka visszamegy \u00e9rte, \u00e9s egy ut\u00e1nfut\u00f3s kocsival hazaviszi. \u00cdgy is tett.<\/strong><\/p>\n<p>\u2013 \u00c1prilis 18-\u00e1n \u00e9rkezett a bejelent\u00e9s, hogy a Batthy\u00e1ny-Strattmann L\u00e1szl\u00f3 Fogyat\u00e9kosok Otthona udvar\u00e1r\u00f3l \u00e9jszaka elt\u0171nt egy m\u0171rattan kerti \u00fcl\u0151garnit\u00fara \u2013 kezdi a t\u00f6rt\u00e9netet Szt\u00e1na Gergely f\u0151t\u00f6rzs\u0151rmester, a Dorogi Rend\u0151rkapit\u00e1nys\u00e1g nyomoz\u00f3ja. \u2013 A garnit\u00fara egy dupla \u00fcl\u00e9ses kanap\u00e9b\u00f3l, k\u00e9t fotelb\u00f3l \u00e9s egy doh\u00e1nyz\u00f3asztalb\u00f3l \u00e1llt, nem volt egyszer\u0171 teh\u00e1t elvinni. Hogy ez m\u00e9gis hogyan siker\u00fclt, az egy int\u00e9zm\u00e9nyt\u0151l kapott k\u00fclt\u00e9ri kamerafelv\u00e9telb\u0151l der\u00fclt ki. Nem volt igaz\u00e1n j\u00f3 min\u0151s\u00e9g\u0171 a felv\u00e9tel, de az az\u00e9rt l\u00e1tszott rajta, hogy hajnali 2 \u00e9s 3 \u00f3ra k\u00f6z\u00f6tt valaki a ker\u00edt\u00e9s mell\u00e9 parkol egy s\u00f6t\u00e9t sz\u00edn\u0171, ut\u00e1nfut\u00f3s aut\u00f3val, majd bem\u00e1szik a ker\u00edt\u00e9sen, \u00e9s a m\u0171anyag b\u00fatordarabokat egyes\u00e9vel \u00e1ttorn\u00e1ssza valahogy a ker\u00edt\u00e9sen. Azut\u00e1n elhelyezi azokat az ut\u00e1nfut\u00f3n, \u00e9s t\u00e1vozik. Beszerezt\u00fcnk egy\u00e9b, jobb min\u0151s\u00e9g\u0171 k\u00f6zt\u00e9ri kamerafelv\u00e9teleket is, ezek alapj\u00e1n megtudtuk, hogy egy Opelr\u0151l van sz\u00f3, s\u0151t, megtudtuk tov\u00e1bb\u00e1 az ellopott b\u00fatorokkal megpakolt ut\u00e1nfut\u00f3 rendsz\u00e1m\u00e1t is. Ennek alapj\u00e1n teh\u00e1t egy\u00e9rtelm\u0171 lett, ki\u00e9 az ut\u00e1nfut\u00f3. Az is kider\u00fclt, hogy a tulajdonos\u00e1nak egyik rokona lakik a tokodalt\u00e1r\u00f3i int\u00e9zm\u00e9nyben, teh\u00e1t val\u00f3sz\u00edn\u0171leg megl\u00e1togatta \u0151t, amikor megtetszett neki a kerti \u00fcl\u0151garnit\u00fara. Gondoltuk, megvan az elk\u00f6vet\u0151, hiszen minden egybev\u00e1g.<\/p>\n<p><img fetchpriority=\"high\" decoding=\"async\" class=\"alignnone size-full wp-image-71964\" src=\"https:\/\/dorogimedence.hu\/wp-content\/uploads\/2025\/06\/20250505_094920.jpg\" alt=\"\" width=\"751\" height=\"347\" srcset=\"https:\/\/dorogimedence.hu\/wp-content\/uploads\/2025\/06\/20250505_094920.jpg 751w, https:\/\/dorogimedence.hu\/wp-content\/uploads\/2025\/06\/20250505_094920-600x277.jpg 600w, https:\/\/dorogimedence.hu\/wp-content\/uploads\/2025\/06\/20250505_094920-150x69.jpg 150w, https:\/\/dorogimedence.hu\/wp-content\/uploads\/2025\/06\/20250505_094920-450x208.jpg 450w\" sizes=\"(max-width: 751px) 100vw, 751px\" \/><\/p>\n<p>Csakhogy a t\u00f6rt\u00e9net m\u00e9g tartogatott n\u00e9h\u00e1ny csavart. A rend\u0151r\u00f6k elmentek Tatab\u00e1ny\u00e1ra, az ut\u00e1nfut\u00f3 tulajdonos\u00e1n\u00e1l v\u00e9geztek egy h\u00e1zkutat\u00e1st, de a b\u00fatorokat nem tal\u00e1lt\u00e1k meg, az ut\u00e1nfut\u00f3 tulajdonosa pedig nem tudott a lop\u00e1sr\u00f3l, valamint a b\u0171ncselekm\u00e9nyr\u0151l k\u00e9sz\u00edtett kamerafelv\u00e9teleken l\u00e1that\u00f3, s\u00f6t\u00e9t sz\u00edn\u0171 Opel sem volt az \u0151 tulajdon\u00e1ban. A fiatalembert ennek ellen\u00e9re kihallgatt\u00e1k a Dorogi Rend\u0151rkapit\u00e1nys\u00e1gon, de v\u00e1ltozatlanul azt \u00e1ll\u00edtotta, \u0151 nem tud semmit az esetr\u0151l. Szerencs\u00e9re egy \u00fajabb kamerak\u00e9pen id\u0151k\u00f6zben az aut\u00f3 rendsz\u00e1m\u00e1t is megtal\u00e1lt\u00e1k, kider\u00fclt, hogy az ut\u00e1nfut\u00f3 tulajdonos\u00e1nak a rokon\u00e1\u00e9. Az Opel gazd\u00e1ja is meglett teh\u00e1t. R\u00f6videsen, az adatgy\u0171jt\u00e9s sor\u00e1n az is biztoss\u00e1 v\u00e1lt, hogy az Opelt az ut\u00e1nfut\u00f3 tulajdonos\u00e1nak egy m\u00e1sik rokona, V. Levente (38) haszn\u00e1lta az adott napon. A f\u00e9rfi v\u00e9g\u00fcl megjelent a kapit\u00e1nys\u00e1gon, \u00e9s bevallotta, hogy \u0151 lopta el a kerti b\u00fatorokat. El\u0151z\u0151 nap megl\u00e1togatta az int\u00e9zm\u00e9nyben \u00e9l\u0151 rokonukat, megtetszett neki a b\u00fator, k\u00f6lcs\u00f6nk\u00e9rte a kocsit \u00e9s az ut\u00e1nfut\u00f3t, majd m\u00e1snap hajnalban visszament, \u00e9s a m\u00e1r ismert m\u00f3don ellopta.<\/p>\n<p>\u2013 V. Levente beismerte ugyan a b\u0171ncselekm\u00e9nyt, a lopott b\u00fator m\u00e9gsem lett meg \u2013 mondja v\u00e9g\u00fcl Szt\u00e1na Gergely. \u2013 Az elk\u00f6vet\u0151 ugyanis azt \u00e1ll\u00edtotta, hogy egy biztons\u00e1gos helyre eldugta, \u00e1m onnan meg elt\u0171nt. V. Levente azt is hozz\u00e1tette, hogy nagyon megb\u00e1nta a tett\u00e9t, szeretn\u00e9 a b\u00fatorok \u00e9rt\u00e9k\u00e9t kifizetni. Lop\u00e1s miatt indult ellene elj\u00e1r\u00e1s, szabadl\u00e1bon v\u00e1rja az \u00fcgy folytat\u00e1s\u00e1t.<\/p>\n<p><em>Fot\u00f3k, forr\u00e1s: T. Z. \/ Zsaru Magazin \/ police.hu<\/em><\/p>\n<\/div>\n","protected":false},"excerpt":{"rendered":"<p>V. Levente (38) egyik rokon\u00e1t l\u00e1togatta meg az egyik tokodalt\u00e1r\u00f3i int\u00e9zm\u00e9nyben, ahol szemet vetett egy kerti \u00fcl\u0151garnit\u00far\u00e1ra. \u00dagy gondolta, megszerzi, ez\u00e9rt elhat\u00e1rozta, hogy m\u00e9g aznap \u00e9jszaka visszamegy \u00e9rte, \u00e9s egy ut\u00e1nfut\u00f3s kocsival hazaviszi. \u00cdgy is tett. \u2013 \u00c1prilis 18-\u00e1n \u00e9rkezett a bejelent\u00e9s, hogy a Batthy\u00e1ny-Strattmann L\u00e1szl\u00f3 Fogyat\u00e9kosok Otthona udvar\u00e1r\u00f3l \u00e9jszaka elt\u0171nt egy m\u0171rattan kerti \u00fcl\u0151garnit\u00fara<\/p>\n","protected":false},"author":1,"featured_media":71963,"comment_status":"closed","ping_status":"closed","sticky":false,"template":"","format":"standard","meta":{"ngg_post_thumbnail":0,"footnotes":""},"categories":[2,3,39],"tags":[15,5624,447,61],"class_list":{"0":"post-71962","1":"post","2":"type-post","3":"status-publish","4":"format-standard","5":"has-post-thumbnail","7":"category-dorog","8":"category-hirek","9":"category-kek-hirek","10":"tag-dorog","11":"tag-featured","12":"tag-lopas","13":"tag-rendorsegi-hirek"},"yoast_head":"<!-- This site is optimized with the Yoast SEO plugin v27.4 - https:\/\/yoast.com\/product\/yoast-seo-wordpress\/ -->\n<title>Azonos\u00edtott\u00e1k a b\u00fatortorn\u00e1szt<\/title>\n<meta name=\"robots\" content=\"index, follow, max-snippet:-1, max-image-preview:large, max-video-preview:-1\" \/>\n<link rel=\"canonical\" href=\"https:\/\/dorogimedence.hu\/index.php\/2025\/06\/16\/azonositottak-a-butortornaszt\/\" class=\"yoast-seo-meta-tag\" \/>\n<meta property=\"og:locale\" content=\"hu_HU\" class=\"yoast-seo-meta-tag\" \/>\n<meta property=\"og:type\" content=\"article\" class=\"yoast-seo-meta-tag\" \/>\n<meta property=\"og:title\" content=\"Azonos\u00edtott\u00e1k a b\u00fatortorn\u00e1szt\" class=\"yoast-seo-meta-tag\" \/>\n<meta property=\"og:description\" content=\"V. Levente (38) egyik rokon\u00e1t l\u00e1togatta meg az egyik tokodalt\u00e1r\u00f3i int\u00e9zm\u00e9nyben, ahol szemet vetett egy kerti \u00fcl\u0151garnit\u00far\u00e1ra. \u00dagy gondolta, megszerzi, ez\u00e9rt elhat\u00e1rozta, hogy m\u00e9g aznap \u00e9jszaka visszamegy \u00e9rte, \u00e9s egy ut\u00e1nfut\u00f3s kocsival hazaviszi. \u00cdgy is tett. \u2013 \u00c1prilis 18-\u00e1n \u00e9rkezett a bejelent\u00e9s, hogy a Batthy\u00e1ny-Strattmann L\u00e1szl\u00f3 Fogyat\u00e9kosok Otthona udvar\u00e1r\u00f3l \u00e9jszaka elt\u0171nt egy m\u0171rattan kerti \u00fcl\u0151garnit\u00fara\" class=\"yoast-seo-meta-tag\" \/>\n<meta property=\"og:url\" content=\"https:\/\/dorogimedence.hu\/index.php\/2025\/06\/16\/azonositottak-a-butortornaszt\/\" class=\"yoast-seo-meta-tag\" \/>\n<meta property=\"og:site_name\" content=\"Dorogi-medence Region\u00e1lis H\u00edrport\u00e1l\" class=\"yoast-seo-meta-tag\" \/>\n<meta property=\"article:publisher\" content=\"https:\/\/www.facebook.com\/dorogimedence\/\" class=\"yoast-seo-meta-tag\" \/>\n<meta property=\"article:published_time\" content=\"2025-06-16T09:34:18+00:00\" class=\"yoast-seo-meta-tag\" \/>\n<meta property=\"article:modified_time\" content=\"2025-06-16T13:11:42+00:00\" class=\"yoast-seo-meta-tag\" \/>\n<meta property=\"og:image\" content=\"https:\/\/dorogimedence.hu\/wp-content\/uploads\/2025\/06\/lead.es_.FB_.jpg\" class=\"yoast-seo-meta-tag\" \/>\n\t<meta property=\"og:image:width\" content=\"751\" class=\"yoast-seo-meta-tag\" \/>\n\t<meta property=\"og:image:height\" content=\"500\" class=\"yoast-seo-meta-tag\" \/>\n\t<meta property=\"og:image:type\" content=\"image\/jpeg\" class=\"yoast-seo-meta-tag\" \/>\n<meta name=\"author\" content=\"dorogimedence.hu\" class=\"yoast-seo-meta-tag\" \/>\n<meta name=\"twitter:card\" content=\"summary_large_image\" class=\"yoast-seo-meta-tag\" \/>\n<meta name=\"twitter:label1\" content=\"Szerz\u0151:\" class=\"yoast-seo-meta-tag\" \/>\n\t<meta name=\"twitter:data1\" content=\"dorogimedence.hu\" class=\"yoast-seo-meta-tag\" \/>\n\t<meta name=\"twitter:label2\" content=\"Becs\u00fclt olvas\u00e1si id\u0151\" class=\"yoast-seo-meta-tag\" \/>\n\t<meta name=\"twitter:data2\" content=\"3 perc\" class=\"yoast-seo-meta-tag\" \/>\n<script type=\"application\/ld+json\" class=\"yoast-schema-graph\">{\"@context\":\"https:\\\/\\\/schema.org\",\"@graph\":[{\"@type\":\"Article\",\"@id\":\"https:\\\/\\\/dorogimedence.hu\\\/index.php\\\/2025\\\/06\\\/16\\\/azonositottak-a-butortornaszt\\\/#article\",\"isPartOf\":{\"@id\":\"https:\\\/\\\/dorogimedence.hu\\\/index.php\\\/2025\\\/06\\\/16\\\/azonositottak-a-butortornaszt\\\/\"},\"author\":{\"name\":\"dorogimedence.hu\",\"@id\":\"https:\\\/\\\/dorogimedence.hu\\\/#\\\/schema\\\/person\\\/ce6091eeb7e95ecdc87890d6aa8e0fd4\"},\"headline\":\"Azonos\u00edtott\u00e1k a b\u00fatortorn\u00e1szt\",\"datePublished\":\"2025-06-16T09:34:18+00:00\",\"dateModified\":\"2025-06-16T13:11:42+00:00\",\"mainEntityOfPage\":{\"@id\":\"https:\\\/\\\/dorogimedence.hu\\\/index.php\\\/2025\\\/06\\\/16\\\/azonositottak-a-butortornaszt\\\/\"},\"wordCount\":645,\"publisher\":{\"@id\":\"https:\\\/\\\/dorogimedence.hu\\\/#organization\"},\"image\":{\"@id\":\"https:\\\/\\\/dorogimedence.hu\\\/index.php\\\/2025\\\/06\\\/16\\\/azonositottak-a-butortornaszt\\\/#primaryimage\"},\"thumbnailUrl\":\"https:\\\/\\\/dorogimedence.hu\\\/wp-content\\\/uploads\\\/2025\\\/06\\\/lead.es_.FB_.jpg\",\"keywords\":[\"Dorog\",\"featured\",\"lop\u00e1s\",\"rend\u0151rs\u00e9gi h\u00edrek\"],\"articleSection\":[\"Dorog\",\"H\u00edrek\",\"K\u00e9k h\u00edrek\"],\"inLanguage\":\"hu\"},{\"@type\":\"WebPage\",\"@id\":\"https:\\\/\\\/dorogimedence.hu\\\/index.php\\\/2025\\\/06\\\/16\\\/azonositottak-a-butortornaszt\\\/\",\"url\":\"https:\\\/\\\/dorogimedence.hu\\\/index.php\\\/2025\\\/06\\\/16\\\/azonositottak-a-butortornaszt\\\/\",\"name\":\"Azonos\u00edtott\u00e1k a b\u00fatortorn\u00e1szt\",\"isPartOf\":{\"@id\":\"https:\\\/\\\/dorogimedence.hu\\\/#website\"},\"primaryImageOfPage\":{\"@id\":\"https:\\\/\\\/dorogimedence.hu\\\/index.php\\\/2025\\\/06\\\/16\\\/azonositottak-a-butortornaszt\\\/#primaryimage\"},\"image\":{\"@id\":\"https:\\\/\\\/dorogimedence.hu\\\/index.php\\\/2025\\\/06\\\/16\\\/azonositottak-a-butortornaszt\\\/#primaryimage\"},\"thumbnailUrl\":\"https:\\\/\\\/dorogimedence.hu\\\/wp-content\\\/uploads\\\/2025\\\/06\\\/lead.es_.FB_.jpg\",\"datePublished\":\"2025-06-16T09:34:18+00:00\",\"dateModified\":\"2025-06-16T13:11:42+00:00\",\"breadcrumb\":{\"@id\":\"https:\\\/\\\/dorogimedence.hu\\\/index.php\\\/2025\\\/06\\\/16\\\/azonositottak-a-butortornaszt\\\/#breadcrumb\"},\"inLanguage\":\"hu\",\"potentialAction\":[{\"@type\":\"ReadAction\",\"target\":[\"https:\\\/\\\/dorogimedence.hu\\\/index.php\\\/2025\\\/06\\\/16\\\/azonositottak-a-butortornaszt\\\/\"]}]},{\"@type\":\"ImageObject\",\"inLanguage\":\"hu\",\"@id\":\"https:\\\/\\\/dorogimedence.hu\\\/index.php\\\/2025\\\/06\\\/16\\\/azonositottak-a-butortornaszt\\\/#primaryimage\",\"url\":\"https:\\\/\\\/dorogimedence.hu\\\/wp-content\\\/uploads\\\/2025\\\/06\\\/lead.es_.FB_.jpg\",\"contentUrl\":\"https:\\\/\\\/dorogimedence.hu\\\/wp-content\\\/uploads\\\/2025\\\/06\\\/lead.es_.FB_.jpg\",\"width\":751,\"height\":500},{\"@type\":\"BreadcrumbList\",\"@id\":\"https:\\\/\\\/dorogimedence.hu\\\/index.php\\\/2025\\\/06\\\/16\\\/azonositottak-a-butortornaszt\\\/#breadcrumb\",\"itemListElement\":[{\"@type\":\"ListItem\",\"position\":1,\"name\":\"Kezd\u0151lap\",\"item\":\"https:\\\/\\\/dorogimedence.hu\\\/\"},{\"@type\":\"ListItem\",\"position\":2,\"name\":\"Azonos\u00edtott\u00e1k a b\u00fatortorn\u00e1szt\"}]},{\"@type\":\"WebSite\",\"@id\":\"https:\\\/\\\/dorogimedence.hu\\\/#website\",\"url\":\"https:\\\/\\\/dorogimedence.hu\\\/\",\"name\":\"Dorogi-medence Region\u00e1lis H\u00edrport\u00e1l\",\"description\":\"Dorog, Keszt\u00f6lc, Le\u00e1nyv\u00e1r, Piliscs\u00e9v, Tokod, Tokodalt\u00e1r\u00f3, Csolnok, Esztergom-kertv\u00e1ros: h\u00edrek, programok\",\"publisher\":{\"@id\":\"https:\\\/\\\/dorogimedence.hu\\\/#organization\"},\"potentialAction\":[{\"@type\":\"SearchAction\",\"target\":{\"@type\":\"EntryPoint\",\"urlTemplate\":\"https:\\\/\\\/dorogimedence.hu\\\/?s={search_term_string}\"},\"query-input\":{\"@type\":\"PropertyValueSpecification\",\"valueRequired\":true,\"valueName\":\"search_term_string\"}}],\"inLanguage\":\"hu\"},{\"@type\":\"Organization\",\"@id\":\"https:\\\/\\\/dorogimedence.hu\\\/#organization\",\"name\":\"Dorogi-medence Region\u00e1lis H\u00edrport\u00e1l\",\"url\":\"https:\\\/\\\/dorogimedence.hu\\\/\",\"logo\":{\"@type\":\"ImageObject\",\"inLanguage\":\"hu\",\"@id\":\"https:\\\/\\\/dorogimedence.hu\\\/#\\\/schema\\\/logo\\\/image\\\/\",\"url\":\"https:\\\/\\\/dorogimedence.hu\\\/wp-content\\\/uploads\\\/2021\\\/04\\\/logo-feher-600.png\",\"contentUrl\":\"https:\\\/\\\/dorogimedence.hu\\\/wp-content\\\/uploads\\\/2021\\\/04\\\/logo-feher-600.png\",\"width\":600,\"height\":100,\"caption\":\"Dorogi-medence Region\u00e1lis H\u00edrport\u00e1l\"},\"image\":{\"@id\":\"https:\\\/\\\/dorogimedence.hu\\\/#\\\/schema\\\/logo\\\/image\\\/\"},\"sameAs\":[\"https:\\\/\\\/www.facebook.com\\\/dorogimedence\\\/\"]},{\"@type\":\"Person\",\"@id\":\"https:\\\/\\\/dorogimedence.hu\\\/#\\\/schema\\\/person\\\/ce6091eeb7e95ecdc87890d6aa8e0fd4\",\"name\":\"dorogimedence.hu\",\"image\":{\"@type\":\"ImageObject\",\"inLanguage\":\"hu\",\"@id\":\"\\\/\\\/www.gravatar.com\\\/avatar\\\/d8d45f8901aadff40a4af72c0b826f1d?s=96&#038;r=g&#038;d=mm\",\"url\":\"\\\/\\\/www.gravatar.com\\\/avatar\\\/d8d45f8901aadff40a4af72c0b826f1d?s=96&#038;r=g&#038;d=mm\",\"contentUrl\":\"\\\/\\\/www.gravatar.com\\\/avatar\\\/d8d45f8901aadff40a4af72c0b826f1d?s=96&#038;r=g&#038;d=mm\",\"caption\":\"dorogimedence.hu\"}}]}<\/script>\n<!-- \/ Yoast SEO plugin. -->","yoast_head_json":{"title":"Azonos\u00edtott\u00e1k a b\u00fatortorn\u00e1szt","robots":{"index":"index","follow":"follow","max-snippet":"max-snippet:-1","max-image-preview":"max-image-preview:large","max-video-preview":"max-video-preview:-1"},"canonical":"https:\/\/dorogimedence.hu\/index.php\/2025\/06\/16\/azonositottak-a-butortornaszt\/","og_locale":"hu_HU","og_type":"article","og_title":"Azonos\u00edtott\u00e1k a b\u00fatortorn\u00e1szt","og_description":"V. Levente (38) egyik rokon\u00e1t l\u00e1togatta meg az egyik tokodalt\u00e1r\u00f3i int\u00e9zm\u00e9nyben, ahol szemet vetett egy kerti \u00fcl\u0151garnit\u00far\u00e1ra. \u00dagy gondolta, megszerzi, ez\u00e9rt elhat\u00e1rozta, hogy m\u00e9g aznap \u00e9jszaka visszamegy \u00e9rte, \u00e9s egy ut\u00e1nfut\u00f3s kocsival hazaviszi. \u00cdgy is tett. \u2013 \u00c1prilis 18-\u00e1n \u00e9rkezett a bejelent\u00e9s, hogy a Batthy\u00e1ny-Strattmann L\u00e1szl\u00f3 Fogyat\u00e9kosok Otthona udvar\u00e1r\u00f3l \u00e9jszaka elt\u0171nt egy m\u0171rattan kerti \u00fcl\u0151garnit\u00fara","og_url":"https:\/\/dorogimedence.hu\/index.php\/2025\/06\/16\/azonositottak-a-butortornaszt\/","og_site_name":"Dorogi-medence Region\u00e1lis H\u00edrport\u00e1l","article_publisher":"https:\/\/www.facebook.com\/dorogimedence\/","article_published_time":"2025-06-16T09:34:18+00:00","article_modified_time":"2025-06-16T13:11:42+00:00","og_image":[{"width":751,"height":500,"url":"https:\/\/dorogimedence.hu\/wp-content\/uploads\/2025\/06\/lead.es_.FB_.jpg","type":"image\/jpeg"}],"author":"dorogimedence.hu","twitter_card":"summary_large_image","twitter_misc":{"Szerz\u0151:":"dorogimedence.hu","Becs\u00fclt olvas\u00e1si id\u0151":"3 perc"},"schema":{"@context":"https:\/\/schema.org","@graph":[{"@type":"Article","@id":"https:\/\/dorogimedence.hu\/index.php\/2025\/06\/16\/azonositottak-a-butortornaszt\/#article","isPartOf":{"@id":"https:\/\/dorogimedence.hu\/index.php\/2025\/06\/16\/azonositottak-a-butortornaszt\/"},"author":{"name":"dorogimedence.hu","@id":"https:\/\/dorogimedence.hu\/#\/schema\/person\/ce6091eeb7e95ecdc87890d6aa8e0fd4"},"headline":"Azonos\u00edtott\u00e1k a b\u00fatortorn\u00e1szt","datePublished":"2025-06-16T09:34:18+00:00","dateModified":"2025-06-16T13:11:42+00:00","mainEntityOfPage":{"@id":"https:\/\/dorogimedence.hu\/index.php\/2025\/06\/16\/azonositottak-a-butortornaszt\/"},"wordCount":645,"publisher":{"@id":"https:\/\/dorogimedence.hu\/#organization"},"image":{"@id":"https:\/\/dorogimedence.hu\/index.php\/2025\/06\/16\/azonositottak-a-butortornaszt\/#primaryimage"},"thumbnailUrl":"https:\/\/dorogimedence.hu\/wp-content\/uploads\/2025\/06\/lead.es_.FB_.jpg","keywords":["Dorog","featured","lop\u00e1s","rend\u0151rs\u00e9gi h\u00edrek"],"articleSection":["Dorog","H\u00edrek","K\u00e9k h\u00edrek"],"inLanguage":"hu"},{"@type":"WebPage","@id":"https:\/\/dorogimedence.hu\/index.php\/2025\/06\/16\/azonositottak-a-butortornaszt\/","url":"https:\/\/dorogimedence.hu\/index.php\/2025\/06\/16\/azonositottak-a-butortornaszt\/","name":"Azonos\u00edtott\u00e1k a b\u00fatortorn\u00e1szt","isPartOf":{"@id":"https:\/\/dorogimedence.hu\/#website"},"primaryImageOfPage":{"@id":"https:\/\/dorogimedence.hu\/index.php\/2025\/06\/16\/azonositottak-a-butortornaszt\/#primaryimage"},"image":{"@id":"https:\/\/dorogimedence.hu\/index.php\/2025\/06\/16\/azonositottak-a-butortornaszt\/#primaryimage"},"thumbnailUrl":"https:\/\/dorogimedence.hu\/wp-content\/uploads\/2025\/06\/lead.es_.FB_.jpg","datePublished":"2025-06-16T09:34:18+00:00","dateModified":"2025-06-16T13:11:42+00:00","breadcrumb":{"@id":"https:\/\/dorogimedence.hu\/index.php\/2025\/06\/16\/azonositottak-a-butortornaszt\/#breadcrumb"},"inLanguage":"hu","potentialAction":[{"@type":"ReadAction","target":["https:\/\/dorogimedence.hu\/index.php\/2025\/06\/16\/azonositottak-a-butortornaszt\/"]}]},{"@type":"ImageObject","inLanguage":"hu","@id":"https:\/\/dorogimedence.hu\/index.php\/2025\/06\/16\/azonositottak-a-butortornaszt\/#primaryimage","url":"https:\/\/dorogimedence.hu\/wp-content\/uploads\/2025\/06\/lead.es_.FB_.jpg","contentUrl":"https:\/\/dorogimedence.hu\/wp-content\/uploads\/2025\/06\/lead.es_.FB_.jpg","width":751,"height":500},{"@type":"BreadcrumbList","@id":"https:\/\/dorogimedence.hu\/index.php\/2025\/06\/16\/azonositottak-a-butortornaszt\/#breadcrumb","itemListElement":[{"@type":"ListItem","position":1,"name":"Kezd\u0151lap","item":"https:\/\/dorogimedence.hu\/"},{"@type":"ListItem","position":2,"name":"Azonos\u00edtott\u00e1k a b\u00fatortorn\u00e1szt"}]},{"@type":"WebSite","@id":"https:\/\/dorogimedence.hu\/#website","url":"https:\/\/dorogimedence.hu\/","name":"Dorogi-medence Region\u00e1lis H\u00edrport\u00e1l","description":"Dorog, Keszt\u00f6lc, Le\u00e1nyv\u00e1r, Piliscs\u00e9v, Tokod, Tokodalt\u00e1r\u00f3, Csolnok, Esztergom-kertv\u00e1ros: h\u00edrek, programok","publisher":{"@id":"https:\/\/dorogimedence.hu\/#organization"},"potentialAction":[{"@type":"SearchAction","target":{"@type":"EntryPoint","urlTemplate":"https:\/\/dorogimedence.hu\/?s={search_term_string}"},"query-input":{"@type":"PropertyValueSpecification","valueRequired":true,"valueName":"search_term_string"}}],"inLanguage":"hu"},{"@type":"Organization","@id":"https:\/\/dorogimedence.hu\/#organization","name":"Dorogi-medence Region\u00e1lis H\u00edrport\u00e1l","url":"https:\/\/dorogimedence.hu\/","logo":{"@type":"ImageObject","inLanguage":"hu","@id":"https:\/\/dorogimedence.hu\/#\/schema\/logo\/image\/","url":"https:\/\/dorogimedence.hu\/wp-content\/uploads\/2021\/04\/logo-feher-600.png","contentUrl":"https:\/\/dorogimedence.hu\/wp-content\/uploads\/2021\/04\/logo-feher-600.png","width":600,"height":100,"caption":"Dorogi-medence Region\u00e1lis H\u00edrport\u00e1l"},"image":{"@id":"https:\/\/dorogimedence.hu\/#\/schema\/logo\/image\/"},"sameAs":["https:\/\/www.facebook.com\/dorogimedence\/"]},{"@type":"Person","@id":"https:\/\/dorogimedence.hu\/#\/schema\/person\/ce6091eeb7e95ecdc87890d6aa8e0fd4","name":"dorogimedence.hu","image":{"@type":"ImageObject","inLanguage":"hu","@id":"\/\/www.gravatar.com\/avatar\/d8d45f8901aadff40a4af72c0b826f1d?s=96&#038;r=g&#038;d=mm","url":"\/\/www.gravatar.com\/avatar\/d8d45f8901aadff40a4af72c0b826f1d?s=96&#038;r=g&#038;d=mm","contentUrl":"\/\/www.gravatar.com\/avatar\/d8d45f8901aadff40a4af72c0b826f1d?s=96&#038;r=g&#038;d=mm","caption":"dorogimedence.hu"}}]}},"_links":{"self":[{"href":"https:\/\/dorogimedence.hu\/index.php\/wp-json\/wp\/v2\/posts\/71962","targetHints":{"allow":["GET"]}}],"collection":[{"href":"https:\/\/dorogimedence.hu\/index.php\/wp-json\/wp\/v2\/posts"}],"about":[{"href":"https:\/\/dorogimedence.hu\/index.php\/wp-json\/wp\/v2\/types\/post"}],"author":[{"embeddable":true,"href":"https:\/\/dorogimedence.hu\/index.php\/wp-json\/wp\/v2\/users\/1"}],"replies":[{"embeddable":true,"href":"https:\/\/dorogimedence.hu\/index.php\/wp-json\/wp\/v2\/comments?post=71962"}],"version-history":[{"count":0,"href":"https:\/\/dorogimedence.hu\/index.php\/wp-json\/wp\/v2\/posts\/71962\/revisions"}],"wp:featuredmedia":[{"embeddable":true,"href":"https:\/\/dorogimedence.hu\/index.php\/wp-json\/wp\/v2\/media\/71963"}],"wp:attachment":[{"href":"https:\/\/dorogimedence.hu\/index.php\/wp-json\/wp\/v2\/media?parent=71962"}],"wp:term":[{"taxonomy":"category","embeddable":true,"href":"https:\/\/dorogimedence.hu\/index.php\/wp-json\/wp\/v2\/categories?post=71962"},{"taxonomy":"post_tag","embeddable":true,"href":"https:\/\/dorogimedence.hu\/index.php\/wp-json\/wp\/v2\/tags?post=71962"}],"curies":[{"name":"wp","href":"https:\/\/api.w.org\/{rel}","templated":true}]}}