{"id":71863,"date":"2025-06-12T14:11:12","date_gmt":"2025-06-12T12:11:12","guid":{"rendered":"https:\/\/dorogimedence.hu\/?p=71863"},"modified":"2025-06-12T14:11:12","modified_gmt":"2025-06-12T12:11:12","slug":"sikeresen-zarult-a-nemzeti-minosito-gyakorlat-sutton","status":"publish","type":"post","link":"https:\/\/dorogimedence.hu\/index.php\/2025\/06\/12\/sikeresen-zarult-a-nemzeti-minosito-gyakorlat-sutton\/","title":{"rendered":"Sikeresen z\u00e1rult a nemzeti min\u0151s\u00edt\u0151 gyakorlat S\u00fctt\u0151n"},"content":{"rendered":"<div class=\"article-descript\">\n<p><strong>\u00d6nk\u00e9ntes telep\u00fcl\u00e9si ment\u0151szervezetek bizony\u00edtott\u00e1k felk\u00e9sz\u00fclts\u00e9g\u00fcket v\u00edz- \u00e9s vihark\u00e1rok elh\u00e1r\u00edt\u00e1s\u00e1ban.<\/strong><\/p>\n<\/div>\n<div class=\"text\">\n<p>Nemzeti min\u0151s\u00edt\u0151 gyakorlatot szervezett az Esztergomi Katasztr\u00f3fav\u00e9delmi Kirendelts\u00e9g az \u00f6nk\u00e9ntes telep\u00fcl\u00e9si ment\u0151szervezetek r\u00e9sz\u00e9re S\u00fctt\u0151n. Az \u00fajramin\u0151s\u00fcl\u0151 szervezetek alapvet\u0151 v\u00edzk\u00e1r-elh\u00e1r\u00edt\u00e1si, valamint vihark\u00e1r-elh\u00e1r\u00edt\u00e1si tev\u00e9kenys\u00e9gb\u0151l szereztek nemzeti min\u0151s\u00edt\u00e9st.<\/p>\n<p><img fetchpriority=\"high\" decoding=\"async\" class=\"alignnone size-full wp-image-71866\" src=\"https:\/\/dorogimedence.hu\/wp-content\/uploads\/2025\/06\/1125426.jpg\" alt=\"\" width=\"1024\" height=\"680\" srcset=\"https:\/\/dorogimedence.hu\/wp-content\/uploads\/2025\/06\/1125426.jpg 1024w, https:\/\/dorogimedence.hu\/wp-content\/uploads\/2025\/06\/1125426-600x398.jpg 600w, https:\/\/dorogimedence.hu\/wp-content\/uploads\/2025\/06\/1125426-768x510.jpg 768w, https:\/\/dorogimedence.hu\/wp-content\/uploads\/2025\/06\/1125426-150x100.jpg 150w, https:\/\/dorogimedence.hu\/wp-content\/uploads\/2025\/06\/1125426-450x299.jpg 450w, https:\/\/dorogimedence.hu\/wp-content\/uploads\/2025\/06\/1125426-272x182.jpg 272w\" sizes=\"(max-width: 1024px) 100vw, 1024px\" \/><\/p>\n<p>S\u00e1ris\u00e1p telep\u00fcl\u00e9si ment\u0151szervezet\u00e9nek m\u0171szaki komponense emel\u0151kosaras ut\u00e1nfut\u00f3val h\u00e1rom vesz\u00e9lyes f\u00e1t t\u00e1vol\u00edtott el az \u00f6nkorm\u00e1nyzat k\u00e9r\u00e9s\u00e9re. A Gerecse j\u00e1r\u00e1si ment\u0151szervezet eg\u00e9szs\u00e9g\u00fcgyi komponense a gyakorlat eg\u00e9szs\u00e9g\u00fcgyi biztos\u00edt\u00e1s\u00e1t l\u00e1tta el.<\/p>\n<p>A szervezeti \u00e9s m\u0171veleti ir\u00e1nyelvben meghat\u00e1rozott feladatokon t\u00fal a r\u00e9sztvev\u0151 szervezetek megtiszt\u00edtott\u00e1k a Bikol-patak medr\u00e9t az \u00e1ltal\u00e1nos iskol\u00e1t\u00f3l a Natura 2000 ter\u00fclet hat\u00e1r\u00e1ig (vas\u00fati h\u00eddig), valamint a Haraszti \u00e1rkot a vas\u00fati h\u00eddt\u00f3l a befoly\u00e1si torkolatig.<\/p>\n<p><img decoding=\"async\" class=\"alignnone size-full wp-image-71865\" src=\"https:\/\/dorogimedence.hu\/wp-content\/uploads\/2025\/06\/1125428.jpg\" alt=\"\" width=\"1024\" height=\"680\" srcset=\"https:\/\/dorogimedence.hu\/wp-content\/uploads\/2025\/06\/1125428.jpg 1024w, https:\/\/dorogimedence.hu\/wp-content\/uploads\/2025\/06\/1125428-600x398.jpg 600w, https:\/\/dorogimedence.hu\/wp-content\/uploads\/2025\/06\/1125428-768x510.jpg 768w, https:\/\/dorogimedence.hu\/wp-content\/uploads\/2025\/06\/1125428-150x100.jpg 150w, https:\/\/dorogimedence.hu\/wp-content\/uploads\/2025\/06\/1125428-450x299.jpg 450w, https:\/\/dorogimedence.hu\/wp-content\/uploads\/2025\/06\/1125428-272x182.jpg 272w\" sizes=\"(max-width: 1024px) 100vw, 1024px\" \/><\/p>\n<p>A gyakorlaton nemzeti min\u0151s\u00edt\u00e9st szerzett:<\/p>\n<ul>\n<li>S\u00fctt\u0151 Telep\u00fcl\u00e9si \u00d6nk\u00e9ntes Ment\u0151szervezet<\/li>\n<li>Nyerges\u00fajfalu Telep\u00fcl\u00e9si \u00d6nk\u00e9ntes Ment\u0151szervezet<\/li>\n<li>Keszt\u00f6lc Telep\u00fcl\u00e9si \u00d6nk\u00e9ntes Ment\u0151szervezet<\/li>\n<li>Tokod Telep\u00fcl\u00e9si \u00d6nk\u00e9ntes Ment\u0151szervezet<\/li>\n<li>Kom\u00e1rom Telep\u00fcl\u00e9si \u00d6nk\u00e9ntes Ment\u0151szervezet<\/li>\n<\/ul>\n<p>A gyakorlatot V\u00e1gi G\u00e1bor t\u0171. alezredes, megb\u00edzott igazgat\u00f3helyettes \u00e9rt\u00e9kelte.<\/p>\n<p><em>Fot\u00f3k: V\u00e1gi G\u00e1bor t\u0171.alez. mb. igazgat\u00f3helyettes, KEVMKI<\/em><\/p>\n<\/div>\n","protected":false},"excerpt":{"rendered":"<p>\u00d6nk\u00e9ntes telep\u00fcl\u00e9si ment\u0151szervezetek bizony\u00edtott\u00e1k felk\u00e9sz\u00fclts\u00e9g\u00fcket v\u00edz- \u00e9s vihark\u00e1rok elh\u00e1r\u00edt\u00e1s\u00e1ban. Nemzeti min\u0151s\u00edt\u0151 gyakorlatot szervezett az Esztergomi Katasztr\u00f3fav\u00e9delmi Kirendelts\u00e9g az \u00f6nk\u00e9ntes telep\u00fcl\u00e9si ment\u0151szervezetek r\u00e9sz\u00e9re S\u00fctt\u0151n. Az \u00fajramin\u0151s\u00fcl\u0151 szervezetek alapvet\u0151 v\u00edzk\u00e1r-elh\u00e1r\u00edt\u00e1si, valamint vihark\u00e1r-elh\u00e1r\u00edt\u00e1si tev\u00e9kenys\u00e9gb\u0151l szereztek nemzeti min\u0151s\u00edt\u00e9st. S\u00e1ris\u00e1p telep\u00fcl\u00e9si ment\u0151szervezet\u00e9nek m\u0171szaki komponense emel\u0151kosaras ut\u00e1nfut\u00f3val h\u00e1rom vesz\u00e9lyes f\u00e1t t\u00e1vol\u00edtott el az \u00f6nkorm\u00e1nyzat k\u00e9r\u00e9s\u00e9re. A Gerecse j\u00e1r\u00e1si ment\u0151szervezet eg\u00e9szs\u00e9g\u00fcgyi komponense<\/p>\n","protected":false},"author":1,"featured_media":71864,"comment_status":"closed","ping_status":"closed","sticky":false,"template":"","format":"standard","meta":{"ngg_post_thumbnail":0,"footnotes":""},"categories":[38,3],"tags":[42,175,376,65],"class_list":{"0":"post-71863","1":"post","2":"type-post","3":"status-publish","4":"format-standard","5":"has-post-thumbnail","7":"category-esztergom","8":"category-hirek","9":"tag-esztergom","10":"tag-katasztrofavedelem","11":"tag-sutto","12":"tag-tuzoltosag"},"yoast_head":"<!-- This site is optimized with the Yoast SEO plugin v27.5 - https:\/\/yoast.com\/product\/yoast-seo-wordpress\/ -->\n<title>Sikeresen z\u00e1rult a nemzeti min\u0151s\u00edt\u0151 gyakorlat S\u00fctt\u0151n<\/title>\n<meta name=\"robots\" content=\"index, follow, max-snippet:-1, max-image-preview:large, max-video-preview:-1\" \/>\n<link rel=\"canonical\" href=\"https:\/\/dorogimedence.hu\/index.php\/2025\/06\/12\/sikeresen-zarult-a-nemzeti-minosito-gyakorlat-sutton\/\" class=\"yoast-seo-meta-tag\" \/>\n<meta property=\"og:locale\" content=\"hu_HU\" class=\"yoast-seo-meta-tag\" \/>\n<meta property=\"og:type\" content=\"article\" class=\"yoast-seo-meta-tag\" \/>\n<meta property=\"og:title\" content=\"Sikeresen z\u00e1rult a nemzeti min\u0151s\u00edt\u0151 gyakorlat S\u00fctt\u0151n\" class=\"yoast-seo-meta-tag\" \/>\n<meta property=\"og:description\" content=\"\u00d6nk\u00e9ntes telep\u00fcl\u00e9si ment\u0151szervezetek bizony\u00edtott\u00e1k felk\u00e9sz\u00fclts\u00e9g\u00fcket v\u00edz- \u00e9s vihark\u00e1rok elh\u00e1r\u00edt\u00e1s\u00e1ban. Nemzeti min\u0151s\u00edt\u0151 gyakorlatot szervezett az Esztergomi Katasztr\u00f3fav\u00e9delmi Kirendelts\u00e9g az \u00f6nk\u00e9ntes telep\u00fcl\u00e9si ment\u0151szervezetek r\u00e9sz\u00e9re S\u00fctt\u0151n. Az \u00fajramin\u0151s\u00fcl\u0151 szervezetek alapvet\u0151 v\u00edzk\u00e1r-elh\u00e1r\u00edt\u00e1si, valamint vihark\u00e1r-elh\u00e1r\u00edt\u00e1si tev\u00e9kenys\u00e9gb\u0151l szereztek nemzeti min\u0151s\u00edt\u00e9st. S\u00e1ris\u00e1p telep\u00fcl\u00e9si ment\u0151szervezet\u00e9nek m\u0171szaki komponense emel\u0151kosaras ut\u00e1nfut\u00f3val h\u00e1rom vesz\u00e9lyes f\u00e1t t\u00e1vol\u00edtott el az \u00f6nkorm\u00e1nyzat k\u00e9r\u00e9s\u00e9re. A Gerecse j\u00e1r\u00e1si ment\u0151szervezet eg\u00e9szs\u00e9g\u00fcgyi komponense\" class=\"yoast-seo-meta-tag\" \/>\n<meta property=\"og:url\" content=\"https:\/\/dorogimedence.hu\/index.php\/2025\/06\/12\/sikeresen-zarult-a-nemzeti-minosito-gyakorlat-sutton\/\" class=\"yoast-seo-meta-tag\" \/>\n<meta property=\"og:site_name\" content=\"Dorogi-medence Region\u00e1lis H\u00edrport\u00e1l\" class=\"yoast-seo-meta-tag\" \/>\n<meta property=\"article:publisher\" content=\"https:\/\/www.facebook.com\/dorogimedence\/\" class=\"yoast-seo-meta-tag\" \/>\n<meta property=\"article:published_time\" content=\"2025-06-12T12:11:12+00:00\" class=\"yoast-seo-meta-tag\" \/>\n<meta property=\"og:image\" content=\"https:\/\/dorogimedence.hu\/wp-content\/uploads\/2025\/06\/1125413.jpg\" class=\"yoast-seo-meta-tag\" \/>\n\t<meta property=\"og:image:width\" content=\"1024\" class=\"yoast-seo-meta-tag\" \/>\n\t<meta property=\"og:image:height\" content=\"768\" class=\"yoast-seo-meta-tag\" \/>\n\t<meta property=\"og:image:type\" content=\"image\/jpeg\" class=\"yoast-seo-meta-tag\" \/>\n<meta name=\"author\" content=\"dorogimedence.hu\" class=\"yoast-seo-meta-tag\" \/>\n<meta name=\"twitter:card\" content=\"summary_large_image\" class=\"yoast-seo-meta-tag\" \/>\n<meta name=\"twitter:label1\" content=\"Szerz\u0151:\" class=\"yoast-seo-meta-tag\" \/>\n\t<meta name=\"twitter:data1\" content=\"dorogimedence.hu\" class=\"yoast-seo-meta-tag\" \/>\n\t<meta name=\"twitter:label2\" content=\"Becs\u00fclt olvas\u00e1si id\u0151\" class=\"yoast-seo-meta-tag\" \/>\n\t<meta name=\"twitter:data2\" content=\"1 perc\" class=\"yoast-seo-meta-tag\" \/>\n<script type=\"application\/ld+json\" class=\"yoast-schema-graph\">{\"@context\":\"https:\\\/\\\/schema.org\",\"@graph\":[{\"@type\":\"Article\",\"@id\":\"https:\\\/\\\/dorogimedence.hu\\\/index.php\\\/2025\\\/06\\\/12\\\/sikeresen-zarult-a-nemzeti-minosito-gyakorlat-sutton\\\/#article\",\"isPartOf\":{\"@id\":\"https:\\\/\\\/dorogimedence.hu\\\/index.php\\\/2025\\\/06\\\/12\\\/sikeresen-zarult-a-nemzeti-minosito-gyakorlat-sutton\\\/\"},\"author\":{\"name\":\"dorogimedence.hu\",\"@id\":\"https:\\\/\\\/dorogimedence.hu\\\/#\\\/schema\\\/person\\\/ce6091eeb7e95ecdc87890d6aa8e0fd4\"},\"headline\":\"Sikeresen z\u00e1rult a nemzeti min\u0151s\u00edt\u0151 gyakorlat S\u00fctt\u0151n\",\"datePublished\":\"2025-06-12T12:11:12+00:00\",\"mainEntityOfPage\":{\"@id\":\"https:\\\/\\\/dorogimedence.hu\\\/index.php\\\/2025\\\/06\\\/12\\\/sikeresen-zarult-a-nemzeti-minosito-gyakorlat-sutton\\\/\"},\"wordCount\":283,\"publisher\":{\"@id\":\"https:\\\/\\\/dorogimedence.hu\\\/#organization\"},\"image\":{\"@id\":\"https:\\\/\\\/dorogimedence.hu\\\/index.php\\\/2025\\\/06\\\/12\\\/sikeresen-zarult-a-nemzeti-minosito-gyakorlat-sutton\\\/#primaryimage\"},\"thumbnailUrl\":\"https:\\\/\\\/dorogimedence.hu\\\/wp-content\\\/uploads\\\/2025\\\/06\\\/1125413.jpg\",\"keywords\":[\"esztergom\",\"katasztr\u00f3fav\u00e9delem\",\"S\u00fctt\u0151\",\"t\u0171zolt\u00f3s\u00e1g\"],\"articleSection\":[\"Esztergom\",\"H\u00edrek\"],\"inLanguage\":\"hu\"},{\"@type\":\"WebPage\",\"@id\":\"https:\\\/\\\/dorogimedence.hu\\\/index.php\\\/2025\\\/06\\\/12\\\/sikeresen-zarult-a-nemzeti-minosito-gyakorlat-sutton\\\/\",\"url\":\"https:\\\/\\\/dorogimedence.hu\\\/index.php\\\/2025\\\/06\\\/12\\\/sikeresen-zarult-a-nemzeti-minosito-gyakorlat-sutton\\\/\",\"name\":\"Sikeresen z\u00e1rult a nemzeti min\u0151s\u00edt\u0151 gyakorlat S\u00fctt\u0151n\",\"isPartOf\":{\"@id\":\"https:\\\/\\\/dorogimedence.hu\\\/#website\"},\"primaryImageOfPage\":{\"@id\":\"https:\\\/\\\/dorogimedence.hu\\\/index.php\\\/2025\\\/06\\\/12\\\/sikeresen-zarult-a-nemzeti-minosito-gyakorlat-sutton\\\/#primaryimage\"},\"image\":{\"@id\":\"https:\\\/\\\/dorogimedence.hu\\\/index.php\\\/2025\\\/06\\\/12\\\/sikeresen-zarult-a-nemzeti-minosito-gyakorlat-sutton\\\/#primaryimage\"},\"thumbnailUrl\":\"https:\\\/\\\/dorogimedence.hu\\\/wp-content\\\/uploads\\\/2025\\\/06\\\/1125413.jpg\",\"datePublished\":\"2025-06-12T12:11:12+00:00\",\"breadcrumb\":{\"@id\":\"https:\\\/\\\/dorogimedence.hu\\\/index.php\\\/2025\\\/06\\\/12\\\/sikeresen-zarult-a-nemzeti-minosito-gyakorlat-sutton\\\/#breadcrumb\"},\"inLanguage\":\"hu\",\"potentialAction\":[{\"@type\":\"ReadAction\",\"target\":[\"https:\\\/\\\/dorogimedence.hu\\\/index.php\\\/2025\\\/06\\\/12\\\/sikeresen-zarult-a-nemzeti-minosito-gyakorlat-sutton\\\/\"]}]},{\"@type\":\"ImageObject\",\"inLanguage\":\"hu\",\"@id\":\"https:\\\/\\\/dorogimedence.hu\\\/index.php\\\/2025\\\/06\\\/12\\\/sikeresen-zarult-a-nemzeti-minosito-gyakorlat-sutton\\\/#primaryimage\",\"url\":\"https:\\\/\\\/dorogimedence.hu\\\/wp-content\\\/uploads\\\/2025\\\/06\\\/1125413.jpg\",\"contentUrl\":\"https:\\\/\\\/dorogimedence.hu\\\/wp-content\\\/uploads\\\/2025\\\/06\\\/1125413.jpg\",\"width\":1024,\"height\":768},{\"@type\":\"BreadcrumbList\",\"@id\":\"https:\\\/\\\/dorogimedence.hu\\\/index.php\\\/2025\\\/06\\\/12\\\/sikeresen-zarult-a-nemzeti-minosito-gyakorlat-sutton\\\/#breadcrumb\",\"itemListElement\":[{\"@type\":\"ListItem\",\"position\":1,\"name\":\"Kezd\u0151lap\",\"item\":\"https:\\\/\\\/dorogimedence.hu\\\/\"},{\"@type\":\"ListItem\",\"position\":2,\"name\":\"Sikeresen z\u00e1rult a nemzeti min\u0151s\u00edt\u0151 gyakorlat S\u00fctt\u0151n\"}]},{\"@type\":\"WebSite\",\"@id\":\"https:\\\/\\\/dorogimedence.hu\\\/#website\",\"url\":\"https:\\\/\\\/dorogimedence.hu\\\/\",\"name\":\"Dorogi-medence Region\u00e1lis H\u00edrport\u00e1l\",\"description\":\"Dorog, Keszt\u00f6lc, Le\u00e1nyv\u00e1r, Piliscs\u00e9v, Tokod, Tokodalt\u00e1r\u00f3, Csolnok, Esztergom-kertv\u00e1ros: h\u00edrek, programok\",\"publisher\":{\"@id\":\"https:\\\/\\\/dorogimedence.hu\\\/#organization\"},\"potentialAction\":[{\"@type\":\"SearchAction\",\"target\":{\"@type\":\"EntryPoint\",\"urlTemplate\":\"https:\\\/\\\/dorogimedence.hu\\\/?s={search_term_string}\"},\"query-input\":{\"@type\":\"PropertyValueSpecification\",\"valueRequired\":true,\"valueName\":\"search_term_string\"}}],\"inLanguage\":\"hu\"},{\"@type\":\"Organization\",\"@id\":\"https:\\\/\\\/dorogimedence.hu\\\/#organization\",\"name\":\"Dorogi-medence Region\u00e1lis H\u00edrport\u00e1l\",\"url\":\"https:\\\/\\\/dorogimedence.hu\\\/\",\"logo\":{\"@type\":\"ImageObject\",\"inLanguage\":\"hu\",\"@id\":\"https:\\\/\\\/dorogimedence.hu\\\/#\\\/schema\\\/logo\\\/image\\\/\",\"url\":\"https:\\\/\\\/dorogimedence.hu\\\/wp-content\\\/uploads\\\/2021\\\/04\\\/logo-feher-600.png\",\"contentUrl\":\"https:\\\/\\\/dorogimedence.hu\\\/wp-content\\\/uploads\\\/2021\\\/04\\\/logo-feher-600.png\",\"width\":600,\"height\":100,\"caption\":\"Dorogi-medence Region\u00e1lis H\u00edrport\u00e1l\"},\"image\":{\"@id\":\"https:\\\/\\\/dorogimedence.hu\\\/#\\\/schema\\\/logo\\\/image\\\/\"},\"sameAs\":[\"https:\\\/\\\/www.facebook.com\\\/dorogimedence\\\/\"]},{\"@type\":\"Person\",\"@id\":\"https:\\\/\\\/dorogimedence.hu\\\/#\\\/schema\\\/person\\\/ce6091eeb7e95ecdc87890d6aa8e0fd4\",\"name\":\"dorogimedence.hu\",\"image\":{\"@type\":\"ImageObject\",\"inLanguage\":\"hu\",\"@id\":\"\\\/\\\/www.gravatar.com\\\/avatar\\\/d8d45f8901aadff40a4af72c0b826f1d?s=96&#038;r=g&#038;d=mm\",\"url\":\"\\\/\\\/www.gravatar.com\\\/avatar\\\/d8d45f8901aadff40a4af72c0b826f1d?s=96&#038;r=g&#038;d=mm\",\"contentUrl\":\"\\\/\\\/www.gravatar.com\\\/avatar\\\/d8d45f8901aadff40a4af72c0b826f1d?s=96&#038;r=g&#038;d=mm\",\"caption\":\"dorogimedence.hu\"}}]}<\/script>\n<!-- \/ Yoast SEO plugin. -->","yoast_head_json":{"title":"Sikeresen z\u00e1rult a nemzeti min\u0151s\u00edt\u0151 gyakorlat S\u00fctt\u0151n","robots":{"index":"index","follow":"follow","max-snippet":"max-snippet:-1","max-image-preview":"max-image-preview:large","max-video-preview":"max-video-preview:-1"},"canonical":"https:\/\/dorogimedence.hu\/index.php\/2025\/06\/12\/sikeresen-zarult-a-nemzeti-minosito-gyakorlat-sutton\/","og_locale":"hu_HU","og_type":"article","og_title":"Sikeresen z\u00e1rult a nemzeti min\u0151s\u00edt\u0151 gyakorlat S\u00fctt\u0151n","og_description":"\u00d6nk\u00e9ntes telep\u00fcl\u00e9si ment\u0151szervezetek bizony\u00edtott\u00e1k felk\u00e9sz\u00fclts\u00e9g\u00fcket v\u00edz- \u00e9s vihark\u00e1rok elh\u00e1r\u00edt\u00e1s\u00e1ban. Nemzeti min\u0151s\u00edt\u0151 gyakorlatot szervezett az Esztergomi Katasztr\u00f3fav\u00e9delmi Kirendelts\u00e9g az \u00f6nk\u00e9ntes telep\u00fcl\u00e9si ment\u0151szervezetek r\u00e9sz\u00e9re S\u00fctt\u0151n. Az \u00fajramin\u0151s\u00fcl\u0151 szervezetek alapvet\u0151 v\u00edzk\u00e1r-elh\u00e1r\u00edt\u00e1si, valamint vihark\u00e1r-elh\u00e1r\u00edt\u00e1si tev\u00e9kenys\u00e9gb\u0151l szereztek nemzeti min\u0151s\u00edt\u00e9st. S\u00e1ris\u00e1p telep\u00fcl\u00e9si ment\u0151szervezet\u00e9nek m\u0171szaki komponense emel\u0151kosaras ut\u00e1nfut\u00f3val h\u00e1rom vesz\u00e9lyes f\u00e1t t\u00e1vol\u00edtott el az \u00f6nkorm\u00e1nyzat k\u00e9r\u00e9s\u00e9re. A Gerecse j\u00e1r\u00e1si ment\u0151szervezet eg\u00e9szs\u00e9g\u00fcgyi komponense","og_url":"https:\/\/dorogimedence.hu\/index.php\/2025\/06\/12\/sikeresen-zarult-a-nemzeti-minosito-gyakorlat-sutton\/","og_site_name":"Dorogi-medence Region\u00e1lis H\u00edrport\u00e1l","article_publisher":"https:\/\/www.facebook.com\/dorogimedence\/","article_published_time":"2025-06-12T12:11:12+00:00","og_image":[{"width":1024,"height":768,"url":"https:\/\/dorogimedence.hu\/wp-content\/uploads\/2025\/06\/1125413.jpg","type":"image\/jpeg"}],"author":"dorogimedence.hu","twitter_card":"summary_large_image","twitter_misc":{"Szerz\u0151:":"dorogimedence.hu","Becs\u00fclt olvas\u00e1si id\u0151":"1 perc"},"schema":{"@context":"https:\/\/schema.org","@graph":[{"@type":"Article","@id":"https:\/\/dorogimedence.hu\/index.php\/2025\/06\/12\/sikeresen-zarult-a-nemzeti-minosito-gyakorlat-sutton\/#article","isPartOf":{"@id":"https:\/\/dorogimedence.hu\/index.php\/2025\/06\/12\/sikeresen-zarult-a-nemzeti-minosito-gyakorlat-sutton\/"},"author":{"name":"dorogimedence.hu","@id":"https:\/\/dorogimedence.hu\/#\/schema\/person\/ce6091eeb7e95ecdc87890d6aa8e0fd4"},"headline":"Sikeresen z\u00e1rult a nemzeti min\u0151s\u00edt\u0151 gyakorlat S\u00fctt\u0151n","datePublished":"2025-06-12T12:11:12+00:00","mainEntityOfPage":{"@id":"https:\/\/dorogimedence.hu\/index.php\/2025\/06\/12\/sikeresen-zarult-a-nemzeti-minosito-gyakorlat-sutton\/"},"wordCount":283,"publisher":{"@id":"https:\/\/dorogimedence.hu\/#organization"},"image":{"@id":"https:\/\/dorogimedence.hu\/index.php\/2025\/06\/12\/sikeresen-zarult-a-nemzeti-minosito-gyakorlat-sutton\/#primaryimage"},"thumbnailUrl":"https:\/\/dorogimedence.hu\/wp-content\/uploads\/2025\/06\/1125413.jpg","keywords":["esztergom","katasztr\u00f3fav\u00e9delem","S\u00fctt\u0151","t\u0171zolt\u00f3s\u00e1g"],"articleSection":["Esztergom","H\u00edrek"],"inLanguage":"hu"},{"@type":"WebPage","@id":"https:\/\/dorogimedence.hu\/index.php\/2025\/06\/12\/sikeresen-zarult-a-nemzeti-minosito-gyakorlat-sutton\/","url":"https:\/\/dorogimedence.hu\/index.php\/2025\/06\/12\/sikeresen-zarult-a-nemzeti-minosito-gyakorlat-sutton\/","name":"Sikeresen z\u00e1rult a nemzeti min\u0151s\u00edt\u0151 gyakorlat S\u00fctt\u0151n","isPartOf":{"@id":"https:\/\/dorogimedence.hu\/#website"},"primaryImageOfPage":{"@id":"https:\/\/dorogimedence.hu\/index.php\/2025\/06\/12\/sikeresen-zarult-a-nemzeti-minosito-gyakorlat-sutton\/#primaryimage"},"image":{"@id":"https:\/\/dorogimedence.hu\/index.php\/2025\/06\/12\/sikeresen-zarult-a-nemzeti-minosito-gyakorlat-sutton\/#primaryimage"},"thumbnailUrl":"https:\/\/dorogimedence.hu\/wp-content\/uploads\/2025\/06\/1125413.jpg","datePublished":"2025-06-12T12:11:12+00:00","breadcrumb":{"@id":"https:\/\/dorogimedence.hu\/index.php\/2025\/06\/12\/sikeresen-zarult-a-nemzeti-minosito-gyakorlat-sutton\/#breadcrumb"},"inLanguage":"hu","potentialAction":[{"@type":"ReadAction","target":["https:\/\/dorogimedence.hu\/index.php\/2025\/06\/12\/sikeresen-zarult-a-nemzeti-minosito-gyakorlat-sutton\/"]}]},{"@type":"ImageObject","inLanguage":"hu","@id":"https:\/\/dorogimedence.hu\/index.php\/2025\/06\/12\/sikeresen-zarult-a-nemzeti-minosito-gyakorlat-sutton\/#primaryimage","url":"https:\/\/dorogimedence.hu\/wp-content\/uploads\/2025\/06\/1125413.jpg","contentUrl":"https:\/\/dorogimedence.hu\/wp-content\/uploads\/2025\/06\/1125413.jpg","width":1024,"height":768},{"@type":"BreadcrumbList","@id":"https:\/\/dorogimedence.hu\/index.php\/2025\/06\/12\/sikeresen-zarult-a-nemzeti-minosito-gyakorlat-sutton\/#breadcrumb","itemListElement":[{"@type":"ListItem","position":1,"name":"Kezd\u0151lap","item":"https:\/\/dorogimedence.hu\/"},{"@type":"ListItem","position":2,"name":"Sikeresen z\u00e1rult a nemzeti min\u0151s\u00edt\u0151 gyakorlat S\u00fctt\u0151n"}]},{"@type":"WebSite","@id":"https:\/\/dorogimedence.hu\/#website","url":"https:\/\/dorogimedence.hu\/","name":"Dorogi-medence Region\u00e1lis H\u00edrport\u00e1l","description":"Dorog, Keszt\u00f6lc, Le\u00e1nyv\u00e1r, Piliscs\u00e9v, Tokod, Tokodalt\u00e1r\u00f3, Csolnok, Esztergom-kertv\u00e1ros: h\u00edrek, programok","publisher":{"@id":"https:\/\/dorogimedence.hu\/#organization"},"potentialAction":[{"@type":"SearchAction","target":{"@type":"EntryPoint","urlTemplate":"https:\/\/dorogimedence.hu\/?s={search_term_string}"},"query-input":{"@type":"PropertyValueSpecification","valueRequired":true,"valueName":"search_term_string"}}],"inLanguage":"hu"},{"@type":"Organization","@id":"https:\/\/dorogimedence.hu\/#organization","name":"Dorogi-medence Region\u00e1lis H\u00edrport\u00e1l","url":"https:\/\/dorogimedence.hu\/","logo":{"@type":"ImageObject","inLanguage":"hu","@id":"https:\/\/dorogimedence.hu\/#\/schema\/logo\/image\/","url":"https:\/\/dorogimedence.hu\/wp-content\/uploads\/2021\/04\/logo-feher-600.png","contentUrl":"https:\/\/dorogimedence.hu\/wp-content\/uploads\/2021\/04\/logo-feher-600.png","width":600,"height":100,"caption":"Dorogi-medence Region\u00e1lis H\u00edrport\u00e1l"},"image":{"@id":"https:\/\/dorogimedence.hu\/#\/schema\/logo\/image\/"},"sameAs":["https:\/\/www.facebook.com\/dorogimedence\/"]},{"@type":"Person","@id":"https:\/\/dorogimedence.hu\/#\/schema\/person\/ce6091eeb7e95ecdc87890d6aa8e0fd4","name":"dorogimedence.hu","image":{"@type":"ImageObject","inLanguage":"hu","@id":"\/\/www.gravatar.com\/avatar\/d8d45f8901aadff40a4af72c0b826f1d?s=96&#038;r=g&#038;d=mm","url":"\/\/www.gravatar.com\/avatar\/d8d45f8901aadff40a4af72c0b826f1d?s=96&#038;r=g&#038;d=mm","contentUrl":"\/\/www.gravatar.com\/avatar\/d8d45f8901aadff40a4af72c0b826f1d?s=96&#038;r=g&#038;d=mm","caption":"dorogimedence.hu"}}]}},"_links":{"self":[{"href":"https:\/\/dorogimedence.hu\/index.php\/wp-json\/wp\/v2\/posts\/71863","targetHints":{"allow":["GET"]}}],"collection":[{"href":"https:\/\/dorogimedence.hu\/index.php\/wp-json\/wp\/v2\/posts"}],"about":[{"href":"https:\/\/dorogimedence.hu\/index.php\/wp-json\/wp\/v2\/types\/post"}],"author":[{"embeddable":true,"href":"https:\/\/dorogimedence.hu\/index.php\/wp-json\/wp\/v2\/users\/1"}],"replies":[{"embeddable":true,"href":"https:\/\/dorogimedence.hu\/index.php\/wp-json\/wp\/v2\/comments?post=71863"}],"version-history":[{"count":0,"href":"https:\/\/dorogimedence.hu\/index.php\/wp-json\/wp\/v2\/posts\/71863\/revisions"}],"wp:featuredmedia":[{"embeddable":true,"href":"https:\/\/dorogimedence.hu\/index.php\/wp-json\/wp\/v2\/media\/71864"}],"wp:attachment":[{"href":"https:\/\/dorogimedence.hu\/index.php\/wp-json\/wp\/v2\/media?parent=71863"}],"wp:term":[{"taxonomy":"category","embeddable":true,"href":"https:\/\/dorogimedence.hu\/index.php\/wp-json\/wp\/v2\/categories?post=71863"},{"taxonomy":"post_tag","embeddable":true,"href":"https:\/\/dorogimedence.hu\/index.php\/wp-json\/wp\/v2\/tags?post=71863"}],"curies":[{"name":"wp","href":"https:\/\/api.w.org\/{rel}","templated":true}]}}