{"id":71742,"date":"2025-06-07T15:15:07","date_gmt":"2025-06-07T13:15:07","guid":{"rendered":"https:\/\/dorogimedence.hu\/?p=71742"},"modified":"2025-06-09T09:10:48","modified_gmt":"2025-06-09T07:10:48","slug":"junius-21-tol-a-turistautvonalak-erintik-az-aknatorony-kilatot-is","status":"publish","type":"post","link":"https:\/\/dorogimedence.hu\/index.php\/2025\/06\/07\/junius-21-tol-a-turistautvonalak-erintik-az-aknatorony-kilatot-is\/","title":{"rendered":"J\u00fanius 21-t\u0151l a turista\u00fatvonalak \u00e9rintik az Aknatorony-kil\u00e1t\u00f3t is"},"content":{"rendered":"<p><strong>Kor\u00e1bban \u00edrtuk, hogy j\u00fanius 21-\u00e9n megnyitja kapuit az Aknatorony-kil\u00e1t\u00f3 Dorogon. A kil\u00e1t\u00f3 \u00e1tad\u00e1s\u00e1val egy\u00fctt meg\u00fajul az Orsz\u00e1gos K\u00e9kt\u00fara, a M\u00e1ria \u00dat \u00e9s a Gy\u00f6ngy\u00f6k \u00datja \u00fatvonala is a k\u00f6rny\u00e9ken.<\/strong><\/p>\n<p>A jelenlegi jelz\u00e9sek a Csolnoki \u00fat &#8211; \u00c1rp\u00e1d utca &#8211; B\u00e9csi \u00fat \u00e9rint\u00e9s\u00e9vel vezetnek a n\u00e9pszer\u0171 Orsz\u00e1gos K\u00e9kt\u00fara vas\u00fat\u00e1llom\u00e1son tal\u00e1lhat\u00f3 b\u00e9lyegz\u0151pontja fel\u00e9. A t\u00faramozgalom, illetve a zar\u00e1ndokutak fenntart\u00f3i azonban a kil\u00e1t\u00f3 megnyit\u00e1sa, azaz 2025. j\u00fanius 21. ut\u00e1n \u00fagy m\u00f3dos\u00edtj\u00e1k majd a nyomvonalakat az \u00e9rintett a szakaszon, hogy \u00e9rints\u00e9k az Aknatornyot. A jelz\u00e9sek ezzel k\u00f6zvetlen\u00fcl is a l\u00e1tv\u00e1nyos panor\u00e1m\u00e1t ny\u00fajt\u00f3 pontra fogj\u00e1k kalauzolni a t\u00far\u00e1z\u00f3kat.<\/p>\n<p><strong>Figyelem! <\/strong>Az applik\u00e1ci\u00f3ban csak az \u00e1tad\u00f3 ut\u00e1n lesz \u00e1tvezetve az \u00faj \u00fatvonal, hiszen &#8211; b\u00e1r a kil\u00e1t\u00e1s m\u00e1r most is pazar a K\u00e1lv\u00e1ria-dombr\u00f3l &#8211; az Aknatorony jelenleg m\u00e9g nem l\u00e1togathat\u00f3. Addig az eml\u00edtett t\u00far\u00e1k \u00fatvonala is v\u00e1ltozatlan! K\u00e9rj\u00fck, k\u00f6vess\u00e9tek figyelemmel az ezzel kapcsolatos legfrissebb h\u00edreket a Magyar Term\u00e9szetj\u00e1r\u00f3 Sz\u00f6vets\u00e9g, a K\u00c9KT\u00daRA hivatalos oldala, Dorog V\u00e1ros \u00d6nkorm\u00e1nyzata \u00e9s az Aknatorony Kil\u00e1t\u00f3 Facebook oldal\u00e1n.<\/p>\n<p>A projekt az Eur\u00f3pai Uni\u00f3 t\u00e1mogat\u00e1s\u00e1val, a Sz\u00e9chenyi Terv Plusz program keret\u00e9ben val\u00f3sul meg.<br \/>\nA projekt c\u00edme: Dorogi B\u00e1ny\u00e1sz Eml\u00e9km\u0171 &#8211; Kil\u00e1t\u00f3 kialak\u00edt\u00e1sa a K\u00e1lv\u00e1ria Dombon<br \/>\nProjekt azonos\u00edt\u00f3sz\u00e1ma: TOP_PLUSZ-1.1.3-21-KO1-2022-00004<\/p>\n<p><em>Bor\u00edt\u00f3k\u00e9p, forr\u00e1s: Dorog V\u00e1ros \u00d6nkorm\u00e1nyzata<\/em><\/p>\n","protected":false},"excerpt":{"rendered":"<p>Kor\u00e1bban \u00edrtuk, hogy j\u00fanius 21-\u00e9n megnyitja kapuit az Aknatorony-kil\u00e1t\u00f3 Dorogon. A kil\u00e1t\u00f3 \u00e1tad\u00e1s\u00e1val egy\u00fctt meg\u00fajul az Orsz\u00e1gos K\u00e9kt\u00fara, a M\u00e1ria \u00dat \u00e9s a Gy\u00f6ngy\u00f6k \u00datja \u00fatvonala is a k\u00f6rny\u00e9ken. A jelenlegi jelz\u00e9sek a Csolnoki \u00fat &#8211; \u00c1rp\u00e1d utca &#8211; B\u00e9csi \u00fat \u00e9rint\u00e9s\u00e9vel vezetnek a n\u00e9pszer\u0171 Orsz\u00e1gos K\u00e9kt\u00fara vas\u00fat\u00e1llom\u00e1son tal\u00e1lhat\u00f3 b\u00e9lyegz\u0151pontja fel\u00e9. A t\u00faramozgalom, illetve a<\/p>\n","protected":false},"author":1,"featured_media":71743,"comment_status":"closed","ping_status":"closed","sticky":false,"template":"","format":"standard","meta":{"ngg_post_thumbnail":0,"footnotes":""},"categories":[2,3],"tags":[8416,15,5624,842],"class_list":{"0":"post-71742","1":"post","2":"type-post","3":"status-publish","4":"format-standard","5":"has-post-thumbnail","7":"category-dorog","8":"category-hirek","9":"tag-aknatorony-kilato","10":"tag-dorog","11":"tag-featured","12":"tag-turistautvonal"},"yoast_head":"<!-- This site is optimized with the Yoast SEO plugin v27.4 - https:\/\/yoast.com\/product\/yoast-seo-wordpress\/ -->\n<title>J\u00fanius 21-t\u0151l a turista\u00fatvonalak \u00e9rintik az Aknatorony-kil\u00e1t\u00f3t is<\/title>\n<meta name=\"robots\" content=\"index, follow, max-snippet:-1, max-image-preview:large, max-video-preview:-1\" \/>\n<link rel=\"canonical\" href=\"https:\/\/dorogimedence.hu\/index.php\/2025\/06\/07\/junius-21-tol-a-turistautvonalak-erintik-az-aknatorony-kilatot-is\/\" class=\"yoast-seo-meta-tag\" \/>\n<meta property=\"og:locale\" content=\"hu_HU\" class=\"yoast-seo-meta-tag\" \/>\n<meta property=\"og:type\" content=\"article\" class=\"yoast-seo-meta-tag\" \/>\n<meta property=\"og:title\" content=\"J\u00fanius 21-t\u0151l a turista\u00fatvonalak \u00e9rintik az Aknatorony-kil\u00e1t\u00f3t is\" class=\"yoast-seo-meta-tag\" \/>\n<meta property=\"og:description\" content=\"Kor\u00e1bban \u00edrtuk, hogy j\u00fanius 21-\u00e9n megnyitja kapuit az Aknatorony-kil\u00e1t\u00f3 Dorogon. A kil\u00e1t\u00f3 \u00e1tad\u00e1s\u00e1val egy\u00fctt meg\u00fajul az Orsz\u00e1gos K\u00e9kt\u00fara, a M\u00e1ria \u00dat \u00e9s a Gy\u00f6ngy\u00f6k \u00datja \u00fatvonala is a k\u00f6rny\u00e9ken. A jelenlegi jelz\u00e9sek a Csolnoki \u00fat &#8211; \u00c1rp\u00e1d utca &#8211; B\u00e9csi \u00fat \u00e9rint\u00e9s\u00e9vel vezetnek a n\u00e9pszer\u0171 Orsz\u00e1gos K\u00e9kt\u00fara vas\u00fat\u00e1llom\u00e1son tal\u00e1lhat\u00f3 b\u00e9lyegz\u0151pontja fel\u00e9. A t\u00faramozgalom, illetve a\" class=\"yoast-seo-meta-tag\" \/>\n<meta property=\"og:url\" content=\"https:\/\/dorogimedence.hu\/index.php\/2025\/06\/07\/junius-21-tol-a-turistautvonalak-erintik-az-aknatorony-kilatot-is\/\" class=\"yoast-seo-meta-tag\" \/>\n<meta property=\"og:site_name\" content=\"Dorogi-medence Region\u00e1lis H\u00edrport\u00e1l\" class=\"yoast-seo-meta-tag\" \/>\n<meta property=\"article:publisher\" content=\"https:\/\/www.facebook.com\/dorogimedence\/\" class=\"yoast-seo-meta-tag\" \/>\n<meta property=\"article:published_time\" content=\"2025-06-07T13:15:07+00:00\" class=\"yoast-seo-meta-tag\" \/>\n<meta property=\"article:modified_time\" content=\"2025-06-09T07:10:48+00:00\" class=\"yoast-seo-meta-tag\" \/>\n<meta property=\"og:image\" content=\"https:\/\/dorogimedence.hu\/wp-content\/uploads\/2025\/06\/turistaut.jpg\" class=\"yoast-seo-meta-tag\" \/>\n\t<meta property=\"og:image:width\" content=\"1920\" class=\"yoast-seo-meta-tag\" \/>\n\t<meta property=\"og:image:height\" content=\"970\" class=\"yoast-seo-meta-tag\" \/>\n\t<meta property=\"og:image:type\" content=\"image\/jpeg\" class=\"yoast-seo-meta-tag\" \/>\n<meta name=\"author\" content=\"dorogimedence.hu\" class=\"yoast-seo-meta-tag\" \/>\n<meta name=\"twitter:card\" content=\"summary_large_image\" class=\"yoast-seo-meta-tag\" \/>\n<meta name=\"twitter:label1\" content=\"Szerz\u0151:\" class=\"yoast-seo-meta-tag\" \/>\n\t<meta name=\"twitter:data1\" content=\"dorogimedence.hu\" class=\"yoast-seo-meta-tag\" \/>\n\t<meta name=\"twitter:label2\" content=\"Becs\u00fclt olvas\u00e1si id\u0151\" class=\"yoast-seo-meta-tag\" \/>\n\t<meta name=\"twitter:data2\" content=\"2 perc\" class=\"yoast-seo-meta-tag\" \/>\n<script type=\"application\/ld+json\" class=\"yoast-schema-graph\">{\"@context\":\"https:\\\/\\\/schema.org\",\"@graph\":[{\"@type\":\"Article\",\"@id\":\"https:\\\/\\\/dorogimedence.hu\\\/index.php\\\/2025\\\/06\\\/07\\\/junius-21-tol-a-turistautvonalak-erintik-az-aknatorony-kilatot-is\\\/#article\",\"isPartOf\":{\"@id\":\"https:\\\/\\\/dorogimedence.hu\\\/index.php\\\/2025\\\/06\\\/07\\\/junius-21-tol-a-turistautvonalak-erintik-az-aknatorony-kilatot-is\\\/\"},\"author\":{\"name\":\"dorogimedence.hu\",\"@id\":\"https:\\\/\\\/dorogimedence.hu\\\/#\\\/schema\\\/person\\\/ce6091eeb7e95ecdc87890d6aa8e0fd4\"},\"headline\":\"J\u00fanius 21-t\u0151l a turista\u00fatvonalak \u00e9rintik az Aknatorony-kil\u00e1t\u00f3t is\",\"datePublished\":\"2025-06-07T13:15:07+00:00\",\"dateModified\":\"2025-06-09T07:10:48+00:00\",\"mainEntityOfPage\":{\"@id\":\"https:\\\/\\\/dorogimedence.hu\\\/index.php\\\/2025\\\/06\\\/07\\\/junius-21-tol-a-turistautvonalak-erintik-az-aknatorony-kilatot-is\\\/\"},\"wordCount\":316,\"publisher\":{\"@id\":\"https:\\\/\\\/dorogimedence.hu\\\/#organization\"},\"image\":{\"@id\":\"https:\\\/\\\/dorogimedence.hu\\\/index.php\\\/2025\\\/06\\\/07\\\/junius-21-tol-a-turistautvonalak-erintik-az-aknatorony-kilatot-is\\\/#primaryimage\"},\"thumbnailUrl\":\"https:\\\/\\\/dorogimedence.hu\\\/wp-content\\\/uploads\\\/2025\\\/06\\\/turistaut.jpg\",\"keywords\":[\"Aknatorony-kil\u00e1t\u00f3\",\"Dorog\",\"featured\",\"turistautvonal\"],\"articleSection\":[\"Dorog\",\"H\u00edrek\"],\"inLanguage\":\"hu\"},{\"@type\":\"WebPage\",\"@id\":\"https:\\\/\\\/dorogimedence.hu\\\/index.php\\\/2025\\\/06\\\/07\\\/junius-21-tol-a-turistautvonalak-erintik-az-aknatorony-kilatot-is\\\/\",\"url\":\"https:\\\/\\\/dorogimedence.hu\\\/index.php\\\/2025\\\/06\\\/07\\\/junius-21-tol-a-turistautvonalak-erintik-az-aknatorony-kilatot-is\\\/\",\"name\":\"J\u00fanius 21-t\u0151l a turista\u00fatvonalak \u00e9rintik az Aknatorony-kil\u00e1t\u00f3t is\",\"isPartOf\":{\"@id\":\"https:\\\/\\\/dorogimedence.hu\\\/#website\"},\"primaryImageOfPage\":{\"@id\":\"https:\\\/\\\/dorogimedence.hu\\\/index.php\\\/2025\\\/06\\\/07\\\/junius-21-tol-a-turistautvonalak-erintik-az-aknatorony-kilatot-is\\\/#primaryimage\"},\"image\":{\"@id\":\"https:\\\/\\\/dorogimedence.hu\\\/index.php\\\/2025\\\/06\\\/07\\\/junius-21-tol-a-turistautvonalak-erintik-az-aknatorony-kilatot-is\\\/#primaryimage\"},\"thumbnailUrl\":\"https:\\\/\\\/dorogimedence.hu\\\/wp-content\\\/uploads\\\/2025\\\/06\\\/turistaut.jpg\",\"datePublished\":\"2025-06-07T13:15:07+00:00\",\"dateModified\":\"2025-06-09T07:10:48+00:00\",\"breadcrumb\":{\"@id\":\"https:\\\/\\\/dorogimedence.hu\\\/index.php\\\/2025\\\/06\\\/07\\\/junius-21-tol-a-turistautvonalak-erintik-az-aknatorony-kilatot-is\\\/#breadcrumb\"},\"inLanguage\":\"hu\",\"potentialAction\":[{\"@type\":\"ReadAction\",\"target\":[\"https:\\\/\\\/dorogimedence.hu\\\/index.php\\\/2025\\\/06\\\/07\\\/junius-21-tol-a-turistautvonalak-erintik-az-aknatorony-kilatot-is\\\/\"]}]},{\"@type\":\"ImageObject\",\"inLanguage\":\"hu\",\"@id\":\"https:\\\/\\\/dorogimedence.hu\\\/index.php\\\/2025\\\/06\\\/07\\\/junius-21-tol-a-turistautvonalak-erintik-az-aknatorony-kilatot-is\\\/#primaryimage\",\"url\":\"https:\\\/\\\/dorogimedence.hu\\\/wp-content\\\/uploads\\\/2025\\\/06\\\/turistaut.jpg\",\"contentUrl\":\"https:\\\/\\\/dorogimedence.hu\\\/wp-content\\\/uploads\\\/2025\\\/06\\\/turistaut.jpg\",\"width\":1920,\"height\":970},{\"@type\":\"BreadcrumbList\",\"@id\":\"https:\\\/\\\/dorogimedence.hu\\\/index.php\\\/2025\\\/06\\\/07\\\/junius-21-tol-a-turistautvonalak-erintik-az-aknatorony-kilatot-is\\\/#breadcrumb\",\"itemListElement\":[{\"@type\":\"ListItem\",\"position\":1,\"name\":\"Kezd\u0151lap\",\"item\":\"https:\\\/\\\/dorogimedence.hu\\\/\"},{\"@type\":\"ListItem\",\"position\":2,\"name\":\"J\u00fanius 21-t\u0151l a turista\u00fatvonalak \u00e9rintik az Aknatorony-kil\u00e1t\u00f3t is\"}]},{\"@type\":\"WebSite\",\"@id\":\"https:\\\/\\\/dorogimedence.hu\\\/#website\",\"url\":\"https:\\\/\\\/dorogimedence.hu\\\/\",\"name\":\"Dorogi-medence Region\u00e1lis H\u00edrport\u00e1l\",\"description\":\"Dorog, Keszt\u00f6lc, Le\u00e1nyv\u00e1r, Piliscs\u00e9v, Tokod, Tokodalt\u00e1r\u00f3, Csolnok, Esztergom-kertv\u00e1ros: h\u00edrek, programok\",\"publisher\":{\"@id\":\"https:\\\/\\\/dorogimedence.hu\\\/#organization\"},\"potentialAction\":[{\"@type\":\"SearchAction\",\"target\":{\"@type\":\"EntryPoint\",\"urlTemplate\":\"https:\\\/\\\/dorogimedence.hu\\\/?s={search_term_string}\"},\"query-input\":{\"@type\":\"PropertyValueSpecification\",\"valueRequired\":true,\"valueName\":\"search_term_string\"}}],\"inLanguage\":\"hu\"},{\"@type\":\"Organization\",\"@id\":\"https:\\\/\\\/dorogimedence.hu\\\/#organization\",\"name\":\"Dorogi-medence Region\u00e1lis H\u00edrport\u00e1l\",\"url\":\"https:\\\/\\\/dorogimedence.hu\\\/\",\"logo\":{\"@type\":\"ImageObject\",\"inLanguage\":\"hu\",\"@id\":\"https:\\\/\\\/dorogimedence.hu\\\/#\\\/schema\\\/logo\\\/image\\\/\",\"url\":\"https:\\\/\\\/dorogimedence.hu\\\/wp-content\\\/uploads\\\/2021\\\/04\\\/logo-feher-600.png\",\"contentUrl\":\"https:\\\/\\\/dorogimedence.hu\\\/wp-content\\\/uploads\\\/2021\\\/04\\\/logo-feher-600.png\",\"width\":600,\"height\":100,\"caption\":\"Dorogi-medence Region\u00e1lis H\u00edrport\u00e1l\"},\"image\":{\"@id\":\"https:\\\/\\\/dorogimedence.hu\\\/#\\\/schema\\\/logo\\\/image\\\/\"},\"sameAs\":[\"https:\\\/\\\/www.facebook.com\\\/dorogimedence\\\/\"]},{\"@type\":\"Person\",\"@id\":\"https:\\\/\\\/dorogimedence.hu\\\/#\\\/schema\\\/person\\\/ce6091eeb7e95ecdc87890d6aa8e0fd4\",\"name\":\"dorogimedence.hu\",\"image\":{\"@type\":\"ImageObject\",\"inLanguage\":\"hu\",\"@id\":\"\\\/\\\/www.gravatar.com\\\/avatar\\\/d8d45f8901aadff40a4af72c0b826f1d?s=96&#038;r=g&#038;d=mm\",\"url\":\"\\\/\\\/www.gravatar.com\\\/avatar\\\/d8d45f8901aadff40a4af72c0b826f1d?s=96&#038;r=g&#038;d=mm\",\"contentUrl\":\"\\\/\\\/www.gravatar.com\\\/avatar\\\/d8d45f8901aadff40a4af72c0b826f1d?s=96&#038;r=g&#038;d=mm\",\"caption\":\"dorogimedence.hu\"}}]}<\/script>\n<!-- \/ Yoast SEO plugin. -->","yoast_head_json":{"title":"J\u00fanius 21-t\u0151l a turista\u00fatvonalak \u00e9rintik az Aknatorony-kil\u00e1t\u00f3t is","robots":{"index":"index","follow":"follow","max-snippet":"max-snippet:-1","max-image-preview":"max-image-preview:large","max-video-preview":"max-video-preview:-1"},"canonical":"https:\/\/dorogimedence.hu\/index.php\/2025\/06\/07\/junius-21-tol-a-turistautvonalak-erintik-az-aknatorony-kilatot-is\/","og_locale":"hu_HU","og_type":"article","og_title":"J\u00fanius 21-t\u0151l a turista\u00fatvonalak \u00e9rintik az Aknatorony-kil\u00e1t\u00f3t is","og_description":"Kor\u00e1bban \u00edrtuk, hogy j\u00fanius 21-\u00e9n megnyitja kapuit az Aknatorony-kil\u00e1t\u00f3 Dorogon. A kil\u00e1t\u00f3 \u00e1tad\u00e1s\u00e1val egy\u00fctt meg\u00fajul az Orsz\u00e1gos K\u00e9kt\u00fara, a M\u00e1ria \u00dat \u00e9s a Gy\u00f6ngy\u00f6k \u00datja \u00fatvonala is a k\u00f6rny\u00e9ken. A jelenlegi jelz\u00e9sek a Csolnoki \u00fat &#8211; \u00c1rp\u00e1d utca &#8211; B\u00e9csi \u00fat \u00e9rint\u00e9s\u00e9vel vezetnek a n\u00e9pszer\u0171 Orsz\u00e1gos K\u00e9kt\u00fara vas\u00fat\u00e1llom\u00e1son tal\u00e1lhat\u00f3 b\u00e9lyegz\u0151pontja fel\u00e9. A t\u00faramozgalom, illetve a","og_url":"https:\/\/dorogimedence.hu\/index.php\/2025\/06\/07\/junius-21-tol-a-turistautvonalak-erintik-az-aknatorony-kilatot-is\/","og_site_name":"Dorogi-medence Region\u00e1lis H\u00edrport\u00e1l","article_publisher":"https:\/\/www.facebook.com\/dorogimedence\/","article_published_time":"2025-06-07T13:15:07+00:00","article_modified_time":"2025-06-09T07:10:48+00:00","og_image":[{"width":1920,"height":970,"url":"https:\/\/dorogimedence.hu\/wp-content\/uploads\/2025\/06\/turistaut.jpg","type":"image\/jpeg"}],"author":"dorogimedence.hu","twitter_card":"summary_large_image","twitter_misc":{"Szerz\u0151:":"dorogimedence.hu","Becs\u00fclt olvas\u00e1si id\u0151":"2 perc"},"schema":{"@context":"https:\/\/schema.org","@graph":[{"@type":"Article","@id":"https:\/\/dorogimedence.hu\/index.php\/2025\/06\/07\/junius-21-tol-a-turistautvonalak-erintik-az-aknatorony-kilatot-is\/#article","isPartOf":{"@id":"https:\/\/dorogimedence.hu\/index.php\/2025\/06\/07\/junius-21-tol-a-turistautvonalak-erintik-az-aknatorony-kilatot-is\/"},"author":{"name":"dorogimedence.hu","@id":"https:\/\/dorogimedence.hu\/#\/schema\/person\/ce6091eeb7e95ecdc87890d6aa8e0fd4"},"headline":"J\u00fanius 21-t\u0151l a turista\u00fatvonalak \u00e9rintik az Aknatorony-kil\u00e1t\u00f3t is","datePublished":"2025-06-07T13:15:07+00:00","dateModified":"2025-06-09T07:10:48+00:00","mainEntityOfPage":{"@id":"https:\/\/dorogimedence.hu\/index.php\/2025\/06\/07\/junius-21-tol-a-turistautvonalak-erintik-az-aknatorony-kilatot-is\/"},"wordCount":316,"publisher":{"@id":"https:\/\/dorogimedence.hu\/#organization"},"image":{"@id":"https:\/\/dorogimedence.hu\/index.php\/2025\/06\/07\/junius-21-tol-a-turistautvonalak-erintik-az-aknatorony-kilatot-is\/#primaryimage"},"thumbnailUrl":"https:\/\/dorogimedence.hu\/wp-content\/uploads\/2025\/06\/turistaut.jpg","keywords":["Aknatorony-kil\u00e1t\u00f3","Dorog","featured","turistautvonal"],"articleSection":["Dorog","H\u00edrek"],"inLanguage":"hu"},{"@type":"WebPage","@id":"https:\/\/dorogimedence.hu\/index.php\/2025\/06\/07\/junius-21-tol-a-turistautvonalak-erintik-az-aknatorony-kilatot-is\/","url":"https:\/\/dorogimedence.hu\/index.php\/2025\/06\/07\/junius-21-tol-a-turistautvonalak-erintik-az-aknatorony-kilatot-is\/","name":"J\u00fanius 21-t\u0151l a turista\u00fatvonalak \u00e9rintik az Aknatorony-kil\u00e1t\u00f3t is","isPartOf":{"@id":"https:\/\/dorogimedence.hu\/#website"},"primaryImageOfPage":{"@id":"https:\/\/dorogimedence.hu\/index.php\/2025\/06\/07\/junius-21-tol-a-turistautvonalak-erintik-az-aknatorony-kilatot-is\/#primaryimage"},"image":{"@id":"https:\/\/dorogimedence.hu\/index.php\/2025\/06\/07\/junius-21-tol-a-turistautvonalak-erintik-az-aknatorony-kilatot-is\/#primaryimage"},"thumbnailUrl":"https:\/\/dorogimedence.hu\/wp-content\/uploads\/2025\/06\/turistaut.jpg","datePublished":"2025-06-07T13:15:07+00:00","dateModified":"2025-06-09T07:10:48+00:00","breadcrumb":{"@id":"https:\/\/dorogimedence.hu\/index.php\/2025\/06\/07\/junius-21-tol-a-turistautvonalak-erintik-az-aknatorony-kilatot-is\/#breadcrumb"},"inLanguage":"hu","potentialAction":[{"@type":"ReadAction","target":["https:\/\/dorogimedence.hu\/index.php\/2025\/06\/07\/junius-21-tol-a-turistautvonalak-erintik-az-aknatorony-kilatot-is\/"]}]},{"@type":"ImageObject","inLanguage":"hu","@id":"https:\/\/dorogimedence.hu\/index.php\/2025\/06\/07\/junius-21-tol-a-turistautvonalak-erintik-az-aknatorony-kilatot-is\/#primaryimage","url":"https:\/\/dorogimedence.hu\/wp-content\/uploads\/2025\/06\/turistaut.jpg","contentUrl":"https:\/\/dorogimedence.hu\/wp-content\/uploads\/2025\/06\/turistaut.jpg","width":1920,"height":970},{"@type":"BreadcrumbList","@id":"https:\/\/dorogimedence.hu\/index.php\/2025\/06\/07\/junius-21-tol-a-turistautvonalak-erintik-az-aknatorony-kilatot-is\/#breadcrumb","itemListElement":[{"@type":"ListItem","position":1,"name":"Kezd\u0151lap","item":"https:\/\/dorogimedence.hu\/"},{"@type":"ListItem","position":2,"name":"J\u00fanius 21-t\u0151l a turista\u00fatvonalak \u00e9rintik az Aknatorony-kil\u00e1t\u00f3t is"}]},{"@type":"WebSite","@id":"https:\/\/dorogimedence.hu\/#website","url":"https:\/\/dorogimedence.hu\/","name":"Dorogi-medence Region\u00e1lis H\u00edrport\u00e1l","description":"Dorog, Keszt\u00f6lc, Le\u00e1nyv\u00e1r, Piliscs\u00e9v, Tokod, Tokodalt\u00e1r\u00f3, Csolnok, Esztergom-kertv\u00e1ros: h\u00edrek, programok","publisher":{"@id":"https:\/\/dorogimedence.hu\/#organization"},"potentialAction":[{"@type":"SearchAction","target":{"@type":"EntryPoint","urlTemplate":"https:\/\/dorogimedence.hu\/?s={search_term_string}"},"query-input":{"@type":"PropertyValueSpecification","valueRequired":true,"valueName":"search_term_string"}}],"inLanguage":"hu"},{"@type":"Organization","@id":"https:\/\/dorogimedence.hu\/#organization","name":"Dorogi-medence Region\u00e1lis H\u00edrport\u00e1l","url":"https:\/\/dorogimedence.hu\/","logo":{"@type":"ImageObject","inLanguage":"hu","@id":"https:\/\/dorogimedence.hu\/#\/schema\/logo\/image\/","url":"https:\/\/dorogimedence.hu\/wp-content\/uploads\/2021\/04\/logo-feher-600.png","contentUrl":"https:\/\/dorogimedence.hu\/wp-content\/uploads\/2021\/04\/logo-feher-600.png","width":600,"height":100,"caption":"Dorogi-medence Region\u00e1lis H\u00edrport\u00e1l"},"image":{"@id":"https:\/\/dorogimedence.hu\/#\/schema\/logo\/image\/"},"sameAs":["https:\/\/www.facebook.com\/dorogimedence\/"]},{"@type":"Person","@id":"https:\/\/dorogimedence.hu\/#\/schema\/person\/ce6091eeb7e95ecdc87890d6aa8e0fd4","name":"dorogimedence.hu","image":{"@type":"ImageObject","inLanguage":"hu","@id":"\/\/www.gravatar.com\/avatar\/d8d45f8901aadff40a4af72c0b826f1d?s=96&#038;r=g&#038;d=mm","url":"\/\/www.gravatar.com\/avatar\/d8d45f8901aadff40a4af72c0b826f1d?s=96&#038;r=g&#038;d=mm","contentUrl":"\/\/www.gravatar.com\/avatar\/d8d45f8901aadff40a4af72c0b826f1d?s=96&#038;r=g&#038;d=mm","caption":"dorogimedence.hu"}}]}},"_links":{"self":[{"href":"https:\/\/dorogimedence.hu\/index.php\/wp-json\/wp\/v2\/posts\/71742","targetHints":{"allow":["GET"]}}],"collection":[{"href":"https:\/\/dorogimedence.hu\/index.php\/wp-json\/wp\/v2\/posts"}],"about":[{"href":"https:\/\/dorogimedence.hu\/index.php\/wp-json\/wp\/v2\/types\/post"}],"author":[{"embeddable":true,"href":"https:\/\/dorogimedence.hu\/index.php\/wp-json\/wp\/v2\/users\/1"}],"replies":[{"embeddable":true,"href":"https:\/\/dorogimedence.hu\/index.php\/wp-json\/wp\/v2\/comments?post=71742"}],"version-history":[{"count":0,"href":"https:\/\/dorogimedence.hu\/index.php\/wp-json\/wp\/v2\/posts\/71742\/revisions"}],"wp:featuredmedia":[{"embeddable":true,"href":"https:\/\/dorogimedence.hu\/index.php\/wp-json\/wp\/v2\/media\/71743"}],"wp:attachment":[{"href":"https:\/\/dorogimedence.hu\/index.php\/wp-json\/wp\/v2\/media?parent=71742"}],"wp:term":[{"taxonomy":"category","embeddable":true,"href":"https:\/\/dorogimedence.hu\/index.php\/wp-json\/wp\/v2\/categories?post=71742"},{"taxonomy":"post_tag","embeddable":true,"href":"https:\/\/dorogimedence.hu\/index.php\/wp-json\/wp\/v2\/tags?post=71742"}],"curies":[{"name":"wp","href":"https:\/\/api.w.org\/{rel}","templated":true}]}}