{"id":71558,"date":"2025-05-30T08:50:49","date_gmt":"2025-05-30T06:50:49","guid":{"rendered":"https:\/\/dorogimedence.hu\/?p=71558"},"modified":"2025-05-30T08:50:49","modified_gmt":"2025-05-30T06:50:49","slug":"kibontotta-a-falat-es-buzos-folyadekot-juttatott-a-szomszedja-furdoszobajaba","status":"publish","type":"post","link":"https:\/\/dorogimedence.hu\/index.php\/2025\/05\/30\/kibontotta-a-falat-es-buzos-folyadekot-juttatott-a-szomszedja-furdoszobajaba\/","title":{"rendered":"Kibontotta a falat \u00e9s b\u0171z\u00f6s folyad\u00e9kot juttatott a szomsz\u00e9dja f\u00fcrd\u0151szob\u00e1j\u00e1ba"},"content":{"rendered":"<p><strong>B\u00f6rt\u00f6nb\u00fcntet\u00e9st szabhatnak ki azzal a b\u00fcntetett el\u00e9let\u0171 f\u00e9rfival szemben, aki \u00e9veken kereszt\u00fcl h\u00e1borgatta esztergomi szomsz\u00e9dj\u00e1t, majd egy megrong\u00e1lt szennyv\u00edzelvezet\u0151 cs\u00f6v\u00f6n kereszt\u00fcl b\u0171z\u00f6s anyagot jutatott a s\u00e9rtett f\u00fcrd\u0151szob\u00e1j\u00e1ba.<\/strong><\/p>\n<p>A v\u00e1dirat szerint a f\u00e9rfi \u00e9s a s\u00e9rtett szomsz\u00e9dok Esztergomban. A f\u00e9rfi 2021. \u00e9v \u0151sz\u00e9t\u0151l \u00e9veken kereszt\u00fcl, rendszeresen \u00e9s tart\u00f3san h\u00e1borgatta a s\u00e9rtettet oly m\u00f3don, hogy est\u00e9nk\u00e9nt \u00e9s \u00e9jjelenk\u00e9nt h\u00e1z\u00e1nak a s\u00e9rtettel k\u00f6z\u00f6s fal\u00e1n d\u00f6r\u00f6mb\u00f6lt, hangosan hallgatta a r\u00e1di\u00f3t, \u00e9s \u00e9jszaka zajjal j\u00e1r\u00f3 szerel\u00e9si munk\u00e1latokat v\u00e9gzett. Az elk\u00f6vet\u0151 2024. febru\u00e1rj\u00e1ban a s\u00e9rtett h\u00e1zfal\u00e1nak egy r\u00e9sz\u00e9t megbontotta, \u00e9s \u00edgy hozz\u00e1f\u00e9rt a s\u00e9rtett h\u00e1z\u00e1nak szennyv\u00edzelvezet\u0151 cs\u00f6v\u00e9hez. Az elk\u00f6vet\u0151 ki\u00e9gette a cs\u0151 egy r\u00e9sz\u00e9t \u00e9s a keletkez\u0151 r\u00e9sen kereszt\u00fcl t\u00f6bb alkalommal b\u0171z\u00f6s szag\u00fa, ismeretlen eredet\u0171 folyad\u00e9kot \u00f6nt\u00f6tt a cs\u0151be. A folyad\u00e9k a s\u00e9rtett f\u00fcrd\u0151szob\u00e1j\u00e1ba folyt, fel\u00e1ztatta a f\u00fcrd\u0151szoba fal\u00e1t \u00e9s aljzat\u00e1t, t\u00f6bb mint 110.000 Ft k\u00e1rt okozva a s\u00e9rtettnek.<\/p>\n<p>A rong\u00e1l\u00e1s v\u00e9ts\u00e9ge \u00e9s zaklat\u00e1s v\u00e9ts\u00e9ge miatt indult \u00fcgyben az Esztergomi J\u00e1r\u00e1si \u00dcgy\u00e9szs\u00e9g a v\u00e1diratban arra tett ind\u00edtv\u00e1nyt, hogy az Esztergomi J\u00e1r\u00e1sb\u00edr\u00f3s\u00e1g a visszaes\u0151 f\u00e9rfival szemben b\u00f6rt\u00f6nb\u00fcntet\u00e9st szabjon ki, \u00e9s k\u00f6telezze a s\u00e9rtett k\u00e1r\u00e1nak megt\u00e9r\u00edt\u00e9s\u00e9re.<\/p>\n<p><img fetchpriority=\"high\" decoding=\"async\" class=\"alignnone size-full wp-image-71559\" src=\"https:\/\/dorogimedence.hu\/wp-content\/uploads\/2025\/05\/megbontott-fal.jpg\" alt=\"\" width=\"720\" height=\"960\" srcset=\"https:\/\/dorogimedence.hu\/wp-content\/uploads\/2025\/05\/megbontott-fal.jpg 720w, https:\/\/dorogimedence.hu\/wp-content\/uploads\/2025\/05\/megbontott-fal-450x600.jpg 450w, https:\/\/dorogimedence.hu\/wp-content\/uploads\/2025\/05\/megbontott-fal-150x200.jpg 150w\" sizes=\"(max-width: 720px) 100vw, 720px\" \/><\/p>\n<p><em>Fot\u00f3k, forr\u00e1s: Kom\u00e1rom-Esztergom V\u00e1rmegyei F\u0151\u00fcgy\u00e9szs\u00e9g (a fot\u00f3kon a megbontott fal \u00e9s a megrong\u00e1lt cs\u0151 l\u00e1that\u00f3)<\/em><\/p>\n","protected":false},"excerpt":{"rendered":"<p>B\u00f6rt\u00f6nb\u00fcntet\u00e9st szabhatnak ki azzal a b\u00fcntetett el\u00e9let\u0171 f\u00e9rfival szemben, aki \u00e9veken kereszt\u00fcl h\u00e1borgatta esztergomi szomsz\u00e9dj\u00e1t, majd egy megrong\u00e1lt szennyv\u00edzelvezet\u0151 cs\u00f6v\u00f6n kereszt\u00fcl b\u0171z\u00f6s anyagot jutatott a s\u00e9rtett f\u00fcrd\u0151szob\u00e1j\u00e1ba. A v\u00e1dirat szerint a f\u00e9rfi \u00e9s a s\u00e9rtett szomsz\u00e9dok Esztergomban. A f\u00e9rfi 2021. \u00e9v \u0151sz\u00e9t\u0151l \u00e9veken kereszt\u00fcl, rendszeresen \u00e9s tart\u00f3san h\u00e1borgatta a s\u00e9rtettet oly m\u00f3don, hogy est\u00e9nk\u00e9nt \u00e9s<\/p>\n","protected":false},"author":1,"featured_media":71560,"comment_status":"closed","ping_status":"closed","sticky":false,"template":"","format":"standard","meta":{"ngg_post_thumbnail":0,"footnotes":""},"categories":[38,3,39],"tags":[1042,63,42,61,1061,326,1102],"class_list":{"0":"post-71558","1":"post","2":"type-post","3":"status-publish","4":"format-standard","5":"has-post-thumbnail","7":"category-esztergom","8":"category-hirek","9":"category-kek-hirek","10":"tag-birosag","11":"tag-buncselekmeny","12":"tag-esztergom","13":"tag-rendorsegi-hirek","14":"tag-rongalas","15":"tag-ugyeszseg","16":"tag-zaklatas"},"yoast_head":"<!-- This site is optimized with the Yoast SEO plugin v27.5 - https:\/\/yoast.com\/product\/yoast-seo-wordpress\/ -->\n<title>Kibontotta a falat \u00e9s b\u0171z\u00f6s folyad\u00e9kot juttatott a szomsz\u00e9dja f\u00fcrd\u0151szob\u00e1j\u00e1ba<\/title>\n<meta name=\"robots\" content=\"index, follow, max-snippet:-1, max-image-preview:large, max-video-preview:-1\" \/>\n<link rel=\"canonical\" href=\"https:\/\/dorogimedence.hu\/index.php\/2025\/05\/30\/kibontotta-a-falat-es-buzos-folyadekot-juttatott-a-szomszedja-furdoszobajaba\/\" class=\"yoast-seo-meta-tag\" \/>\n<meta property=\"og:locale\" content=\"hu_HU\" class=\"yoast-seo-meta-tag\" \/>\n<meta property=\"og:type\" content=\"article\" class=\"yoast-seo-meta-tag\" \/>\n<meta property=\"og:title\" content=\"Kibontotta a falat \u00e9s b\u0171z\u00f6s folyad\u00e9kot juttatott a szomsz\u00e9dja f\u00fcrd\u0151szob\u00e1j\u00e1ba\" class=\"yoast-seo-meta-tag\" \/>\n<meta property=\"og:description\" content=\"B\u00f6rt\u00f6nb\u00fcntet\u00e9st szabhatnak ki azzal a b\u00fcntetett el\u00e9let\u0171 f\u00e9rfival szemben, aki \u00e9veken kereszt\u00fcl h\u00e1borgatta esztergomi szomsz\u00e9dj\u00e1t, majd egy megrong\u00e1lt szennyv\u00edzelvezet\u0151 cs\u00f6v\u00f6n kereszt\u00fcl b\u0171z\u00f6s anyagot jutatott a s\u00e9rtett f\u00fcrd\u0151szob\u00e1j\u00e1ba. A v\u00e1dirat szerint a f\u00e9rfi \u00e9s a s\u00e9rtett szomsz\u00e9dok Esztergomban. A f\u00e9rfi 2021. \u00e9v \u0151sz\u00e9t\u0151l \u00e9veken kereszt\u00fcl, rendszeresen \u00e9s tart\u00f3san h\u00e1borgatta a s\u00e9rtettet oly m\u00f3don, hogy est\u00e9nk\u00e9nt \u00e9s\" class=\"yoast-seo-meta-tag\" \/>\n<meta property=\"og:url\" content=\"https:\/\/dorogimedence.hu\/index.php\/2025\/05\/30\/kibontotta-a-falat-es-buzos-folyadekot-juttatott-a-szomszedja-furdoszobajaba\/\" class=\"yoast-seo-meta-tag\" \/>\n<meta property=\"og:site_name\" content=\"Dorogi-medence Region\u00e1lis H\u00edrport\u00e1l\" class=\"yoast-seo-meta-tag\" \/>\n<meta property=\"article:publisher\" content=\"https:\/\/www.facebook.com\/dorogimedence\/\" class=\"yoast-seo-meta-tag\" \/>\n<meta property=\"article:published_time\" content=\"2025-05-30T06:50:49+00:00\" class=\"yoast-seo-meta-tag\" \/>\n<meta property=\"og:image\" content=\"https:\/\/dorogimedence.hu\/wp-content\/uploads\/2025\/05\/megrongalt-cso.jpg\" class=\"yoast-seo-meta-tag\" \/>\n\t<meta property=\"og:image:width\" content=\"1920\" class=\"yoast-seo-meta-tag\" \/>\n\t<meta property=\"og:image:height\" content=\"970\" class=\"yoast-seo-meta-tag\" \/>\n\t<meta property=\"og:image:type\" content=\"image\/jpeg\" class=\"yoast-seo-meta-tag\" \/>\n<meta name=\"author\" content=\"dorogimedence.hu\" class=\"yoast-seo-meta-tag\" \/>\n<meta name=\"twitter:card\" content=\"summary_large_image\" class=\"yoast-seo-meta-tag\" \/>\n<meta name=\"twitter:label1\" content=\"Szerz\u0151:\" class=\"yoast-seo-meta-tag\" \/>\n\t<meta name=\"twitter:data1\" content=\"dorogimedence.hu\" class=\"yoast-seo-meta-tag\" \/>\n\t<meta name=\"twitter:label2\" content=\"Becs\u00fclt olvas\u00e1si id\u0151\" class=\"yoast-seo-meta-tag\" \/>\n\t<meta name=\"twitter:data2\" content=\"2 perc\" class=\"yoast-seo-meta-tag\" \/>\n<script type=\"application\/ld+json\" class=\"yoast-schema-graph\">{\"@context\":\"https:\\\/\\\/schema.org\",\"@graph\":[{\"@type\":\"Article\",\"@id\":\"https:\\\/\\\/dorogimedence.hu\\\/index.php\\\/2025\\\/05\\\/30\\\/kibontotta-a-falat-es-buzos-folyadekot-juttatott-a-szomszedja-furdoszobajaba\\\/#article\",\"isPartOf\":{\"@id\":\"https:\\\/\\\/dorogimedence.hu\\\/index.php\\\/2025\\\/05\\\/30\\\/kibontotta-a-falat-es-buzos-folyadekot-juttatott-a-szomszedja-furdoszobajaba\\\/\"},\"author\":{\"name\":\"dorogimedence.hu\",\"@id\":\"https:\\\/\\\/dorogimedence.hu\\\/#\\\/schema\\\/person\\\/ce6091eeb7e95ecdc87890d6aa8e0fd4\"},\"headline\":\"Kibontotta a falat \u00e9s b\u0171z\u00f6s folyad\u00e9kot juttatott a szomsz\u00e9dja f\u00fcrd\u0151szob\u00e1j\u00e1ba\",\"datePublished\":\"2025-05-30T06:50:49+00:00\",\"mainEntityOfPage\":{\"@id\":\"https:\\\/\\\/dorogimedence.hu\\\/index.php\\\/2025\\\/05\\\/30\\\/kibontotta-a-falat-es-buzos-folyadekot-juttatott-a-szomszedja-furdoszobajaba\\\/\"},\"wordCount\":335,\"publisher\":{\"@id\":\"https:\\\/\\\/dorogimedence.hu\\\/#organization\"},\"image\":{\"@id\":\"https:\\\/\\\/dorogimedence.hu\\\/index.php\\\/2025\\\/05\\\/30\\\/kibontotta-a-falat-es-buzos-folyadekot-juttatott-a-szomszedja-furdoszobajaba\\\/#primaryimage\"},\"thumbnailUrl\":\"https:\\\/\\\/dorogimedence.hu\\\/wp-content\\\/uploads\\\/2025\\\/05\\\/megrongalt-cso.jpg\",\"keywords\":[\"b\u00edr\u00f3s\u00e1g\",\"b\u0171ncselekm\u00e9ny\",\"esztergom\",\"rend\u0151rs\u00e9gi h\u00edrek\",\"rong\u00e1l\u00e1s\",\"\u00fcgy\u00e9szs\u00e9g\",\"zaklat\u00e1s\"],\"articleSection\":[\"Esztergom\",\"H\u00edrek\",\"K\u00e9k h\u00edrek\"],\"inLanguage\":\"hu\"},{\"@type\":\"WebPage\",\"@id\":\"https:\\\/\\\/dorogimedence.hu\\\/index.php\\\/2025\\\/05\\\/30\\\/kibontotta-a-falat-es-buzos-folyadekot-juttatott-a-szomszedja-furdoszobajaba\\\/\",\"url\":\"https:\\\/\\\/dorogimedence.hu\\\/index.php\\\/2025\\\/05\\\/30\\\/kibontotta-a-falat-es-buzos-folyadekot-juttatott-a-szomszedja-furdoszobajaba\\\/\",\"name\":\"Kibontotta a falat \u00e9s b\u0171z\u00f6s folyad\u00e9kot juttatott a szomsz\u00e9dja f\u00fcrd\u0151szob\u00e1j\u00e1ba\",\"isPartOf\":{\"@id\":\"https:\\\/\\\/dorogimedence.hu\\\/#website\"},\"primaryImageOfPage\":{\"@id\":\"https:\\\/\\\/dorogimedence.hu\\\/index.php\\\/2025\\\/05\\\/30\\\/kibontotta-a-falat-es-buzos-folyadekot-juttatott-a-szomszedja-furdoszobajaba\\\/#primaryimage\"},\"image\":{\"@id\":\"https:\\\/\\\/dorogimedence.hu\\\/index.php\\\/2025\\\/05\\\/30\\\/kibontotta-a-falat-es-buzos-folyadekot-juttatott-a-szomszedja-furdoszobajaba\\\/#primaryimage\"},\"thumbnailUrl\":\"https:\\\/\\\/dorogimedence.hu\\\/wp-content\\\/uploads\\\/2025\\\/05\\\/megrongalt-cso.jpg\",\"datePublished\":\"2025-05-30T06:50:49+00:00\",\"breadcrumb\":{\"@id\":\"https:\\\/\\\/dorogimedence.hu\\\/index.php\\\/2025\\\/05\\\/30\\\/kibontotta-a-falat-es-buzos-folyadekot-juttatott-a-szomszedja-furdoszobajaba\\\/#breadcrumb\"},\"inLanguage\":\"hu\",\"potentialAction\":[{\"@type\":\"ReadAction\",\"target\":[\"https:\\\/\\\/dorogimedence.hu\\\/index.php\\\/2025\\\/05\\\/30\\\/kibontotta-a-falat-es-buzos-folyadekot-juttatott-a-szomszedja-furdoszobajaba\\\/\"]}]},{\"@type\":\"ImageObject\",\"inLanguage\":\"hu\",\"@id\":\"https:\\\/\\\/dorogimedence.hu\\\/index.php\\\/2025\\\/05\\\/30\\\/kibontotta-a-falat-es-buzos-folyadekot-juttatott-a-szomszedja-furdoszobajaba\\\/#primaryimage\",\"url\":\"https:\\\/\\\/dorogimedence.hu\\\/wp-content\\\/uploads\\\/2025\\\/05\\\/megrongalt-cso.jpg\",\"contentUrl\":\"https:\\\/\\\/dorogimedence.hu\\\/wp-content\\\/uploads\\\/2025\\\/05\\\/megrongalt-cso.jpg\",\"width\":1920,\"height\":970},{\"@type\":\"BreadcrumbList\",\"@id\":\"https:\\\/\\\/dorogimedence.hu\\\/index.php\\\/2025\\\/05\\\/30\\\/kibontotta-a-falat-es-buzos-folyadekot-juttatott-a-szomszedja-furdoszobajaba\\\/#breadcrumb\",\"itemListElement\":[{\"@type\":\"ListItem\",\"position\":1,\"name\":\"Kezd\u0151lap\",\"item\":\"https:\\\/\\\/dorogimedence.hu\\\/\"},{\"@type\":\"ListItem\",\"position\":2,\"name\":\"Kibontotta a falat \u00e9s b\u0171z\u00f6s folyad\u00e9kot juttatott a szomsz\u00e9dja f\u00fcrd\u0151szob\u00e1j\u00e1ba\"}]},{\"@type\":\"WebSite\",\"@id\":\"https:\\\/\\\/dorogimedence.hu\\\/#website\",\"url\":\"https:\\\/\\\/dorogimedence.hu\\\/\",\"name\":\"Dorogi-medence Region\u00e1lis H\u00edrport\u00e1l\",\"description\":\"Dorog, Keszt\u00f6lc, Le\u00e1nyv\u00e1r, Piliscs\u00e9v, Tokod, Tokodalt\u00e1r\u00f3, Csolnok, Esztergom-kertv\u00e1ros: h\u00edrek, programok\",\"publisher\":{\"@id\":\"https:\\\/\\\/dorogimedence.hu\\\/#organization\"},\"potentialAction\":[{\"@type\":\"SearchAction\",\"target\":{\"@type\":\"EntryPoint\",\"urlTemplate\":\"https:\\\/\\\/dorogimedence.hu\\\/?s={search_term_string}\"},\"query-input\":{\"@type\":\"PropertyValueSpecification\",\"valueRequired\":true,\"valueName\":\"search_term_string\"}}],\"inLanguage\":\"hu\"},{\"@type\":\"Organization\",\"@id\":\"https:\\\/\\\/dorogimedence.hu\\\/#organization\",\"name\":\"Dorogi-medence Region\u00e1lis H\u00edrport\u00e1l\",\"url\":\"https:\\\/\\\/dorogimedence.hu\\\/\",\"logo\":{\"@type\":\"ImageObject\",\"inLanguage\":\"hu\",\"@id\":\"https:\\\/\\\/dorogimedence.hu\\\/#\\\/schema\\\/logo\\\/image\\\/\",\"url\":\"https:\\\/\\\/dorogimedence.hu\\\/wp-content\\\/uploads\\\/2021\\\/04\\\/logo-feher-600.png\",\"contentUrl\":\"https:\\\/\\\/dorogimedence.hu\\\/wp-content\\\/uploads\\\/2021\\\/04\\\/logo-feher-600.png\",\"width\":600,\"height\":100,\"caption\":\"Dorogi-medence Region\u00e1lis H\u00edrport\u00e1l\"},\"image\":{\"@id\":\"https:\\\/\\\/dorogimedence.hu\\\/#\\\/schema\\\/logo\\\/image\\\/\"},\"sameAs\":[\"https:\\\/\\\/www.facebook.com\\\/dorogimedence\\\/\"]},{\"@type\":\"Person\",\"@id\":\"https:\\\/\\\/dorogimedence.hu\\\/#\\\/schema\\\/person\\\/ce6091eeb7e95ecdc87890d6aa8e0fd4\",\"name\":\"dorogimedence.hu\",\"image\":{\"@type\":\"ImageObject\",\"inLanguage\":\"hu\",\"@id\":\"\\\/\\\/www.gravatar.com\\\/avatar\\\/d8d45f8901aadff40a4af72c0b826f1d?s=96&#038;r=g&#038;d=mm\",\"url\":\"\\\/\\\/www.gravatar.com\\\/avatar\\\/d8d45f8901aadff40a4af72c0b826f1d?s=96&#038;r=g&#038;d=mm\",\"contentUrl\":\"\\\/\\\/www.gravatar.com\\\/avatar\\\/d8d45f8901aadff40a4af72c0b826f1d?s=96&#038;r=g&#038;d=mm\",\"caption\":\"dorogimedence.hu\"}}]}<\/script>\n<!-- \/ Yoast SEO plugin. -->","yoast_head_json":{"title":"Kibontotta a falat \u00e9s b\u0171z\u00f6s folyad\u00e9kot juttatott a szomsz\u00e9dja f\u00fcrd\u0151szob\u00e1j\u00e1ba","robots":{"index":"index","follow":"follow","max-snippet":"max-snippet:-1","max-image-preview":"max-image-preview:large","max-video-preview":"max-video-preview:-1"},"canonical":"https:\/\/dorogimedence.hu\/index.php\/2025\/05\/30\/kibontotta-a-falat-es-buzos-folyadekot-juttatott-a-szomszedja-furdoszobajaba\/","og_locale":"hu_HU","og_type":"article","og_title":"Kibontotta a falat \u00e9s b\u0171z\u00f6s folyad\u00e9kot juttatott a szomsz\u00e9dja f\u00fcrd\u0151szob\u00e1j\u00e1ba","og_description":"B\u00f6rt\u00f6nb\u00fcntet\u00e9st szabhatnak ki azzal a b\u00fcntetett el\u00e9let\u0171 f\u00e9rfival szemben, aki \u00e9veken kereszt\u00fcl h\u00e1borgatta esztergomi szomsz\u00e9dj\u00e1t, majd egy megrong\u00e1lt szennyv\u00edzelvezet\u0151 cs\u00f6v\u00f6n kereszt\u00fcl b\u0171z\u00f6s anyagot jutatott a s\u00e9rtett f\u00fcrd\u0151szob\u00e1j\u00e1ba. A v\u00e1dirat szerint a f\u00e9rfi \u00e9s a s\u00e9rtett szomsz\u00e9dok Esztergomban. A f\u00e9rfi 2021. \u00e9v \u0151sz\u00e9t\u0151l \u00e9veken kereszt\u00fcl, rendszeresen \u00e9s tart\u00f3san h\u00e1borgatta a s\u00e9rtettet oly m\u00f3don, hogy est\u00e9nk\u00e9nt \u00e9s","og_url":"https:\/\/dorogimedence.hu\/index.php\/2025\/05\/30\/kibontotta-a-falat-es-buzos-folyadekot-juttatott-a-szomszedja-furdoszobajaba\/","og_site_name":"Dorogi-medence Region\u00e1lis H\u00edrport\u00e1l","article_publisher":"https:\/\/www.facebook.com\/dorogimedence\/","article_published_time":"2025-05-30T06:50:49+00:00","og_image":[{"width":1920,"height":970,"url":"https:\/\/dorogimedence.hu\/wp-content\/uploads\/2025\/05\/megrongalt-cso.jpg","type":"image\/jpeg"}],"author":"dorogimedence.hu","twitter_card":"summary_large_image","twitter_misc":{"Szerz\u0151:":"dorogimedence.hu","Becs\u00fclt olvas\u00e1si id\u0151":"2 perc"},"schema":{"@context":"https:\/\/schema.org","@graph":[{"@type":"Article","@id":"https:\/\/dorogimedence.hu\/index.php\/2025\/05\/30\/kibontotta-a-falat-es-buzos-folyadekot-juttatott-a-szomszedja-furdoszobajaba\/#article","isPartOf":{"@id":"https:\/\/dorogimedence.hu\/index.php\/2025\/05\/30\/kibontotta-a-falat-es-buzos-folyadekot-juttatott-a-szomszedja-furdoszobajaba\/"},"author":{"name":"dorogimedence.hu","@id":"https:\/\/dorogimedence.hu\/#\/schema\/person\/ce6091eeb7e95ecdc87890d6aa8e0fd4"},"headline":"Kibontotta a falat \u00e9s b\u0171z\u00f6s folyad\u00e9kot juttatott a szomsz\u00e9dja f\u00fcrd\u0151szob\u00e1j\u00e1ba","datePublished":"2025-05-30T06:50:49+00:00","mainEntityOfPage":{"@id":"https:\/\/dorogimedence.hu\/index.php\/2025\/05\/30\/kibontotta-a-falat-es-buzos-folyadekot-juttatott-a-szomszedja-furdoszobajaba\/"},"wordCount":335,"publisher":{"@id":"https:\/\/dorogimedence.hu\/#organization"},"image":{"@id":"https:\/\/dorogimedence.hu\/index.php\/2025\/05\/30\/kibontotta-a-falat-es-buzos-folyadekot-juttatott-a-szomszedja-furdoszobajaba\/#primaryimage"},"thumbnailUrl":"https:\/\/dorogimedence.hu\/wp-content\/uploads\/2025\/05\/megrongalt-cso.jpg","keywords":["b\u00edr\u00f3s\u00e1g","b\u0171ncselekm\u00e9ny","esztergom","rend\u0151rs\u00e9gi h\u00edrek","rong\u00e1l\u00e1s","\u00fcgy\u00e9szs\u00e9g","zaklat\u00e1s"],"articleSection":["Esztergom","H\u00edrek","K\u00e9k h\u00edrek"],"inLanguage":"hu"},{"@type":"WebPage","@id":"https:\/\/dorogimedence.hu\/index.php\/2025\/05\/30\/kibontotta-a-falat-es-buzos-folyadekot-juttatott-a-szomszedja-furdoszobajaba\/","url":"https:\/\/dorogimedence.hu\/index.php\/2025\/05\/30\/kibontotta-a-falat-es-buzos-folyadekot-juttatott-a-szomszedja-furdoszobajaba\/","name":"Kibontotta a falat \u00e9s b\u0171z\u00f6s folyad\u00e9kot juttatott a szomsz\u00e9dja f\u00fcrd\u0151szob\u00e1j\u00e1ba","isPartOf":{"@id":"https:\/\/dorogimedence.hu\/#website"},"primaryImageOfPage":{"@id":"https:\/\/dorogimedence.hu\/index.php\/2025\/05\/30\/kibontotta-a-falat-es-buzos-folyadekot-juttatott-a-szomszedja-furdoszobajaba\/#primaryimage"},"image":{"@id":"https:\/\/dorogimedence.hu\/index.php\/2025\/05\/30\/kibontotta-a-falat-es-buzos-folyadekot-juttatott-a-szomszedja-furdoszobajaba\/#primaryimage"},"thumbnailUrl":"https:\/\/dorogimedence.hu\/wp-content\/uploads\/2025\/05\/megrongalt-cso.jpg","datePublished":"2025-05-30T06:50:49+00:00","breadcrumb":{"@id":"https:\/\/dorogimedence.hu\/index.php\/2025\/05\/30\/kibontotta-a-falat-es-buzos-folyadekot-juttatott-a-szomszedja-furdoszobajaba\/#breadcrumb"},"inLanguage":"hu","potentialAction":[{"@type":"ReadAction","target":["https:\/\/dorogimedence.hu\/index.php\/2025\/05\/30\/kibontotta-a-falat-es-buzos-folyadekot-juttatott-a-szomszedja-furdoszobajaba\/"]}]},{"@type":"ImageObject","inLanguage":"hu","@id":"https:\/\/dorogimedence.hu\/index.php\/2025\/05\/30\/kibontotta-a-falat-es-buzos-folyadekot-juttatott-a-szomszedja-furdoszobajaba\/#primaryimage","url":"https:\/\/dorogimedence.hu\/wp-content\/uploads\/2025\/05\/megrongalt-cso.jpg","contentUrl":"https:\/\/dorogimedence.hu\/wp-content\/uploads\/2025\/05\/megrongalt-cso.jpg","width":1920,"height":970},{"@type":"BreadcrumbList","@id":"https:\/\/dorogimedence.hu\/index.php\/2025\/05\/30\/kibontotta-a-falat-es-buzos-folyadekot-juttatott-a-szomszedja-furdoszobajaba\/#breadcrumb","itemListElement":[{"@type":"ListItem","position":1,"name":"Kezd\u0151lap","item":"https:\/\/dorogimedence.hu\/"},{"@type":"ListItem","position":2,"name":"Kibontotta a falat \u00e9s b\u0171z\u00f6s folyad\u00e9kot juttatott a szomsz\u00e9dja f\u00fcrd\u0151szob\u00e1j\u00e1ba"}]},{"@type":"WebSite","@id":"https:\/\/dorogimedence.hu\/#website","url":"https:\/\/dorogimedence.hu\/","name":"Dorogi-medence Region\u00e1lis H\u00edrport\u00e1l","description":"Dorog, Keszt\u00f6lc, Le\u00e1nyv\u00e1r, Piliscs\u00e9v, Tokod, Tokodalt\u00e1r\u00f3, Csolnok, Esztergom-kertv\u00e1ros: h\u00edrek, programok","publisher":{"@id":"https:\/\/dorogimedence.hu\/#organization"},"potentialAction":[{"@type":"SearchAction","target":{"@type":"EntryPoint","urlTemplate":"https:\/\/dorogimedence.hu\/?s={search_term_string}"},"query-input":{"@type":"PropertyValueSpecification","valueRequired":true,"valueName":"search_term_string"}}],"inLanguage":"hu"},{"@type":"Organization","@id":"https:\/\/dorogimedence.hu\/#organization","name":"Dorogi-medence Region\u00e1lis H\u00edrport\u00e1l","url":"https:\/\/dorogimedence.hu\/","logo":{"@type":"ImageObject","inLanguage":"hu","@id":"https:\/\/dorogimedence.hu\/#\/schema\/logo\/image\/","url":"https:\/\/dorogimedence.hu\/wp-content\/uploads\/2021\/04\/logo-feher-600.png","contentUrl":"https:\/\/dorogimedence.hu\/wp-content\/uploads\/2021\/04\/logo-feher-600.png","width":600,"height":100,"caption":"Dorogi-medence Region\u00e1lis H\u00edrport\u00e1l"},"image":{"@id":"https:\/\/dorogimedence.hu\/#\/schema\/logo\/image\/"},"sameAs":["https:\/\/www.facebook.com\/dorogimedence\/"]},{"@type":"Person","@id":"https:\/\/dorogimedence.hu\/#\/schema\/person\/ce6091eeb7e95ecdc87890d6aa8e0fd4","name":"dorogimedence.hu","image":{"@type":"ImageObject","inLanguage":"hu","@id":"\/\/www.gravatar.com\/avatar\/d8d45f8901aadff40a4af72c0b826f1d?s=96&#038;r=g&#038;d=mm","url":"\/\/www.gravatar.com\/avatar\/d8d45f8901aadff40a4af72c0b826f1d?s=96&#038;r=g&#038;d=mm","contentUrl":"\/\/www.gravatar.com\/avatar\/d8d45f8901aadff40a4af72c0b826f1d?s=96&#038;r=g&#038;d=mm","caption":"dorogimedence.hu"}}]}},"_links":{"self":[{"href":"https:\/\/dorogimedence.hu\/index.php\/wp-json\/wp\/v2\/posts\/71558","targetHints":{"allow":["GET"]}}],"collection":[{"href":"https:\/\/dorogimedence.hu\/index.php\/wp-json\/wp\/v2\/posts"}],"about":[{"href":"https:\/\/dorogimedence.hu\/index.php\/wp-json\/wp\/v2\/types\/post"}],"author":[{"embeddable":true,"href":"https:\/\/dorogimedence.hu\/index.php\/wp-json\/wp\/v2\/users\/1"}],"replies":[{"embeddable":true,"href":"https:\/\/dorogimedence.hu\/index.php\/wp-json\/wp\/v2\/comments?post=71558"}],"version-history":[{"count":0,"href":"https:\/\/dorogimedence.hu\/index.php\/wp-json\/wp\/v2\/posts\/71558\/revisions"}],"wp:featuredmedia":[{"embeddable":true,"href":"https:\/\/dorogimedence.hu\/index.php\/wp-json\/wp\/v2\/media\/71560"}],"wp:attachment":[{"href":"https:\/\/dorogimedence.hu\/index.php\/wp-json\/wp\/v2\/media?parent=71558"}],"wp:term":[{"taxonomy":"category","embeddable":true,"href":"https:\/\/dorogimedence.hu\/index.php\/wp-json\/wp\/v2\/categories?post=71558"},{"taxonomy":"post_tag","embeddable":true,"href":"https:\/\/dorogimedence.hu\/index.php\/wp-json\/wp\/v2\/tags?post=71558"}],"curies":[{"name":"wp","href":"https:\/\/api.w.org\/{rel}","templated":true}]}}