{"id":71539,"date":"2025-05-30T05:37:32","date_gmt":"2025-05-30T03:37:32","guid":{"rendered":"https:\/\/dorogimedence.hu\/?p=71539"},"modified":"2025-05-30T07:00:16","modified_gmt":"2025-05-30T05:00:16","slug":"baleset-miatt-fennakadas-az-esztergomi-vasutvonalon","status":"publish","type":"post","link":"https:\/\/dorogimedence.hu\/index.php\/2025\/05\/30\/baleset-miatt-fennakadas-az-esztergomi-vasutvonalon\/","title":{"rendered":"Baleset miatt fennakad\u00e1s az esztergomi vas\u00fatvonalon"},"content":{"rendered":"<div class=\"yellowbox\"><strong>Baleseti helysz\u00ednel\u00e9s miatt p\u00e9nteken reggel az esztergomi vonalon k\u00e9s\u00e9sekre, hosszabb menetid\u0151re, kimarad\u00f3, illetve r\u00f6videbb \u00fatvonalon k\u00f6zleked\u0151 j\u00e1ratokra is lehet sz\u00e1m\u00edtani, mert Angyalf\u00f6ld \u00e9s \u00dajpest k\u00f6z\u00f6tt csak korl\u00e1toz\u00e1sokkal k\u00f6zlekedhetnek a vonatok <\/strong><em>&#8211; k\u00f6z\u00f6lte a <a href=\"https:\/\/www.mavcsoport.hu\/mavinform\/baleset-miatt-fennakadas-esztergomi-vonalon\" target=\"_blank\" rel=\"noopener\"><span style=\"text-decoration: underline; color: #0000ff;\">M\u00c1V<\/span><\/a>.<\/em><\/div>\n<div>\n<p><strong>A k\u00e9s\u00e9sek cs\u00f6kkent\u00e9se \u00e9rdek\u00e9ben bevezetett forgalmi v\u00e1ltoz\u00e1sok:<\/strong><\/p>\n<ul>\n<li>a Pilisv\u00f6r\u00f6sv\u00e1rr\u00f3l 5:22-kor indul\u00f3 S76-os vonat (3219) nem k\u00f6zlekedik, utasai az Esztergomb\u00f3l indul\u00f3 Z72-es (2039) vonattal utazhatnak, amely Pilisv\u00f6r\u00f6sv\u00e1rt\u00f3l minden \u00e1llom\u00e1son \u00e9s meg\u00e1ll\u00f3helyen meg\u00e1ll<\/li>\n<li>a R\u00e1kosr\u00f3l 6:06-kor Pilisv\u00f6r\u00f6sv\u00e1rra indul\u00f3 S76-os vonat (3230) nem k\u00f6zlekedik, utasai a k\u00f6vetkez\u0151 Z72-es vonattal (2012) utazhatnak, amely Angyalf\u00f6ldt\u0151l Pilisv\u00f6r\u00f6sv\u00e1rig minden \u00e1llom\u00e1son \u00e9s meg\u00e1ll\u00f3helyen meg\u00e1ll<\/li>\n<li>az Esztergomb\u00f3l 6:05-kor a Nyugati p\u00e1lyaudvarra indul\u00f3 Z72-es vonat (2017) Piliscsab\u00e1t\u00f3l S72-es vonatk\u00e9nt (2117) k\u00f6zlekedik tov\u00e1bb<\/li>\n<\/ul>\n<p>El\u0151zm\u00e9ny: Angyalf\u00f6ld vas\u00fat\u00e1llom\u00e1sn\u00e1l az \u00dajpalotai \u00fati \u00e1tj\u00e1r\u00f3ban el\u00fct\u00f6tt egy embert egy utasokat nem sz\u00e1ll\u00edt\u00f3 motorvonat.<\/p>\n<p><span style=\"color: #ff0000;\"><em><strong>Friss\u00edt\u00e9s (06.54): Az esztergomi vonalon m\u00e9g a reggeli \u00f3r\u00e1kban helyre\u00e1ll a menetrend, befejez\u0151d\u00f6tt Angyalf\u00f6ld\u00f6n a hajnali baleset ut\u00e1ni helysz\u00ednel\u00e9s.<\/strong><\/em><\/span><\/p>\n<p><em>Forr\u00e1s: mavcsoport.hu<\/em><\/p>\n<\/div>\n","protected":false},"excerpt":{"rendered":"<p>Baleseti helysz\u00ednel\u00e9s miatt p\u00e9nteken reggel az esztergomi vonalon k\u00e9s\u00e9sekre, hosszabb menetid\u0151re, kimarad\u00f3, illetve r\u00f6videbb \u00fatvonalon k\u00f6zleked\u0151 j\u00e1ratokra is lehet sz\u00e1m\u00edtani, mert Angyalf\u00f6ld \u00e9s \u00dajpest k\u00f6z\u00f6tt csak korl\u00e1toz\u00e1sokkal k\u00f6zlekedhetnek a vonatok &#8211; k\u00f6z\u00f6lte a M\u00c1V. A k\u00e9s\u00e9sek cs\u00f6kkent\u00e9se \u00e9rdek\u00e9ben bevezetett forgalmi v\u00e1ltoz\u00e1sok: a Pilisv\u00f6r\u00f6sv\u00e1rr\u00f3l 5:22-kor indul\u00f3 S76-os vonat (3219) nem k\u00f6zlekedik, utasai az Esztergomb\u00f3l indul\u00f3 Z72-es<\/p>\n","protected":false},"author":1,"featured_media":0,"comment_status":"closed","ping_status":"closed","sticky":false,"template":"","format":"standard","meta":{"ngg_post_thumbnail":0,"footnotes":""},"categories":[3],"tags":[292,6570,381,291],"class_list":{"0":"post-71539","1":"post","2":"type-post","3":"status-publish","4":"format-standard","6":"category-hirek","7":"tag-mav","8":"tag-menentrend","9":"tag-vasut","10":"tag-vonat"},"yoast_head":"<!-- This site is optimized with the Yoast SEO plugin v27.5 - https:\/\/yoast.com\/product\/yoast-seo-wordpress\/ -->\n<title>Baleset miatt fennakad\u00e1s az esztergomi vas\u00fatvonalon<\/title>\n<meta name=\"robots\" content=\"index, follow, max-snippet:-1, max-image-preview:large, max-video-preview:-1\" \/>\n<link rel=\"canonical\" href=\"https:\/\/dorogimedence.hu\/index.php\/2025\/05\/30\/baleset-miatt-fennakadas-az-esztergomi-vasutvonalon\/\" class=\"yoast-seo-meta-tag\" \/>\n<meta property=\"og:locale\" content=\"hu_HU\" class=\"yoast-seo-meta-tag\" \/>\n<meta property=\"og:type\" content=\"article\" class=\"yoast-seo-meta-tag\" \/>\n<meta property=\"og:title\" content=\"Baleset miatt fennakad\u00e1s az esztergomi vas\u00fatvonalon\" class=\"yoast-seo-meta-tag\" \/>\n<meta property=\"og:description\" content=\"Baleseti helysz\u00ednel\u00e9s miatt p\u00e9nteken reggel az esztergomi vonalon k\u00e9s\u00e9sekre, hosszabb menetid\u0151re, kimarad\u00f3, illetve r\u00f6videbb \u00fatvonalon k\u00f6zleked\u0151 j\u00e1ratokra is lehet sz\u00e1m\u00edtani, mert Angyalf\u00f6ld \u00e9s \u00dajpest k\u00f6z\u00f6tt csak korl\u00e1toz\u00e1sokkal k\u00f6zlekedhetnek a vonatok &#8211; k\u00f6z\u00f6lte a M\u00c1V. A k\u00e9s\u00e9sek cs\u00f6kkent\u00e9se \u00e9rdek\u00e9ben bevezetett forgalmi v\u00e1ltoz\u00e1sok: a Pilisv\u00f6r\u00f6sv\u00e1rr\u00f3l 5:22-kor indul\u00f3 S76-os vonat (3219) nem k\u00f6zlekedik, utasai az Esztergomb\u00f3l indul\u00f3 Z72-es\" class=\"yoast-seo-meta-tag\" \/>\n<meta property=\"og:url\" content=\"https:\/\/dorogimedence.hu\/index.php\/2025\/05\/30\/baleset-miatt-fennakadas-az-esztergomi-vasutvonalon\/\" class=\"yoast-seo-meta-tag\" \/>\n<meta property=\"og:site_name\" content=\"Dorogi-medence Region\u00e1lis H\u00edrport\u00e1l\" class=\"yoast-seo-meta-tag\" \/>\n<meta property=\"article:publisher\" content=\"https:\/\/www.facebook.com\/dorogimedence\/\" class=\"yoast-seo-meta-tag\" \/>\n<meta property=\"article:published_time\" content=\"2025-05-30T03:37:32+00:00\" class=\"yoast-seo-meta-tag\" \/>\n<meta property=\"article:modified_time\" content=\"2025-05-30T05:00:16+00:00\" class=\"yoast-seo-meta-tag\" \/>\n<meta property=\"og:image\" content=\"https:\/\/dorogimedence.hu\/wp-content\/uploads\/2023\/03\/vasut.jpg\" class=\"yoast-seo-meta-tag\" \/>\n\t<meta property=\"og:image:width\" content=\"1200\" class=\"yoast-seo-meta-tag\" \/>\n\t<meta property=\"og:image:height\" content=\"800\" class=\"yoast-seo-meta-tag\" \/>\n\t<meta property=\"og:image:type\" content=\"image\/jpeg\" class=\"yoast-seo-meta-tag\" \/>\n<meta name=\"author\" content=\"dorogimedence.hu\" class=\"yoast-seo-meta-tag\" \/>\n<meta name=\"twitter:card\" content=\"summary_large_image\" class=\"yoast-seo-meta-tag\" \/>\n<meta name=\"twitter:label1\" content=\"Szerz\u0151:\" class=\"yoast-seo-meta-tag\" \/>\n\t<meta name=\"twitter:data1\" content=\"dorogimedence.hu\" class=\"yoast-seo-meta-tag\" \/>\n\t<meta name=\"twitter:label2\" content=\"Becs\u00fclt olvas\u00e1si id\u0151\" class=\"yoast-seo-meta-tag\" \/>\n\t<meta name=\"twitter:data2\" content=\"1 perc\" class=\"yoast-seo-meta-tag\" \/>\n<script type=\"application\/ld+json\" class=\"yoast-schema-graph\">{\"@context\":\"https:\\\/\\\/schema.org\",\"@graph\":[{\"@type\":\"Article\",\"@id\":\"https:\\\/\\\/dorogimedence.hu\\\/index.php\\\/2025\\\/05\\\/30\\\/baleset-miatt-fennakadas-az-esztergomi-vasutvonalon\\\/#article\",\"isPartOf\":{\"@id\":\"https:\\\/\\\/dorogimedence.hu\\\/index.php\\\/2025\\\/05\\\/30\\\/baleset-miatt-fennakadas-az-esztergomi-vasutvonalon\\\/\"},\"author\":{\"name\":\"dorogimedence.hu\",\"@id\":\"https:\\\/\\\/dorogimedence.hu\\\/#\\\/schema\\\/person\\\/ce6091eeb7e95ecdc87890d6aa8e0fd4\"},\"headline\":\"Baleset miatt fennakad\u00e1s az esztergomi vas\u00fatvonalon\",\"datePublished\":\"2025-05-30T03:37:32+00:00\",\"dateModified\":\"2025-05-30T05:00:16+00:00\",\"mainEntityOfPage\":{\"@id\":\"https:\\\/\\\/dorogimedence.hu\\\/index.php\\\/2025\\\/05\\\/30\\\/baleset-miatt-fennakadas-az-esztergomi-vasutvonalon\\\/\"},\"wordCount\":240,\"publisher\":{\"@id\":\"https:\\\/\\\/dorogimedence.hu\\\/#organization\"},\"keywords\":[\"m\u00e1v\",\"menentrend\",\"vas\u00fat\",\"vonat\"],\"articleSection\":[\"H\u00edrek\"],\"inLanguage\":\"hu\"},{\"@type\":\"WebPage\",\"@id\":\"https:\\\/\\\/dorogimedence.hu\\\/index.php\\\/2025\\\/05\\\/30\\\/baleset-miatt-fennakadas-az-esztergomi-vasutvonalon\\\/\",\"url\":\"https:\\\/\\\/dorogimedence.hu\\\/index.php\\\/2025\\\/05\\\/30\\\/baleset-miatt-fennakadas-az-esztergomi-vasutvonalon\\\/\",\"name\":\"Baleset miatt fennakad\u00e1s az esztergomi vas\u00fatvonalon\",\"isPartOf\":{\"@id\":\"https:\\\/\\\/dorogimedence.hu\\\/#website\"},\"datePublished\":\"2025-05-30T03:37:32+00:00\",\"dateModified\":\"2025-05-30T05:00:16+00:00\",\"breadcrumb\":{\"@id\":\"https:\\\/\\\/dorogimedence.hu\\\/index.php\\\/2025\\\/05\\\/30\\\/baleset-miatt-fennakadas-az-esztergomi-vasutvonalon\\\/#breadcrumb\"},\"inLanguage\":\"hu\",\"potentialAction\":[{\"@type\":\"ReadAction\",\"target\":[\"https:\\\/\\\/dorogimedence.hu\\\/index.php\\\/2025\\\/05\\\/30\\\/baleset-miatt-fennakadas-az-esztergomi-vasutvonalon\\\/\"]}]},{\"@type\":\"BreadcrumbList\",\"@id\":\"https:\\\/\\\/dorogimedence.hu\\\/index.php\\\/2025\\\/05\\\/30\\\/baleset-miatt-fennakadas-az-esztergomi-vasutvonalon\\\/#breadcrumb\",\"itemListElement\":[{\"@type\":\"ListItem\",\"position\":1,\"name\":\"Kezd\u0151lap\",\"item\":\"https:\\\/\\\/dorogimedence.hu\\\/\"},{\"@type\":\"ListItem\",\"position\":2,\"name\":\"Baleset miatt fennakad\u00e1s az esztergomi vas\u00fatvonalon\"}]},{\"@type\":\"WebSite\",\"@id\":\"https:\\\/\\\/dorogimedence.hu\\\/#website\",\"url\":\"https:\\\/\\\/dorogimedence.hu\\\/\",\"name\":\"Dorogi-medence Region\u00e1lis H\u00edrport\u00e1l\",\"description\":\"Dorog, Keszt\u00f6lc, Le\u00e1nyv\u00e1r, Piliscs\u00e9v, Tokod, Tokodalt\u00e1r\u00f3, Csolnok, Esztergom-kertv\u00e1ros: h\u00edrek, programok\",\"publisher\":{\"@id\":\"https:\\\/\\\/dorogimedence.hu\\\/#organization\"},\"potentialAction\":[{\"@type\":\"SearchAction\",\"target\":{\"@type\":\"EntryPoint\",\"urlTemplate\":\"https:\\\/\\\/dorogimedence.hu\\\/?s={search_term_string}\"},\"query-input\":{\"@type\":\"PropertyValueSpecification\",\"valueRequired\":true,\"valueName\":\"search_term_string\"}}],\"inLanguage\":\"hu\"},{\"@type\":\"Organization\",\"@id\":\"https:\\\/\\\/dorogimedence.hu\\\/#organization\",\"name\":\"Dorogi-medence Region\u00e1lis H\u00edrport\u00e1l\",\"url\":\"https:\\\/\\\/dorogimedence.hu\\\/\",\"logo\":{\"@type\":\"ImageObject\",\"inLanguage\":\"hu\",\"@id\":\"https:\\\/\\\/dorogimedence.hu\\\/#\\\/schema\\\/logo\\\/image\\\/\",\"url\":\"https:\\\/\\\/dorogimedence.hu\\\/wp-content\\\/uploads\\\/2021\\\/04\\\/logo-feher-600.png\",\"contentUrl\":\"https:\\\/\\\/dorogimedence.hu\\\/wp-content\\\/uploads\\\/2021\\\/04\\\/logo-feher-600.png\",\"width\":600,\"height\":100,\"caption\":\"Dorogi-medence Region\u00e1lis H\u00edrport\u00e1l\"},\"image\":{\"@id\":\"https:\\\/\\\/dorogimedence.hu\\\/#\\\/schema\\\/logo\\\/image\\\/\"},\"sameAs\":[\"https:\\\/\\\/www.facebook.com\\\/dorogimedence\\\/\"]},{\"@type\":\"Person\",\"@id\":\"https:\\\/\\\/dorogimedence.hu\\\/#\\\/schema\\\/person\\\/ce6091eeb7e95ecdc87890d6aa8e0fd4\",\"name\":\"dorogimedence.hu\",\"image\":{\"@type\":\"ImageObject\",\"inLanguage\":\"hu\",\"@id\":\"\\\/\\\/www.gravatar.com\\\/avatar\\\/d8d45f8901aadff40a4af72c0b826f1d?s=96&#038;r=g&#038;d=mm\",\"url\":\"\\\/\\\/www.gravatar.com\\\/avatar\\\/d8d45f8901aadff40a4af72c0b826f1d?s=96&#038;r=g&#038;d=mm\",\"contentUrl\":\"\\\/\\\/www.gravatar.com\\\/avatar\\\/d8d45f8901aadff40a4af72c0b826f1d?s=96&#038;r=g&#038;d=mm\",\"caption\":\"dorogimedence.hu\"}}]}<\/script>\n<!-- \/ Yoast SEO plugin. -->","yoast_head_json":{"title":"Baleset miatt fennakad\u00e1s az esztergomi vas\u00fatvonalon","robots":{"index":"index","follow":"follow","max-snippet":"max-snippet:-1","max-image-preview":"max-image-preview:large","max-video-preview":"max-video-preview:-1"},"canonical":"https:\/\/dorogimedence.hu\/index.php\/2025\/05\/30\/baleset-miatt-fennakadas-az-esztergomi-vasutvonalon\/","og_locale":"hu_HU","og_type":"article","og_title":"Baleset miatt fennakad\u00e1s az esztergomi vas\u00fatvonalon","og_description":"Baleseti helysz\u00ednel\u00e9s miatt p\u00e9nteken reggel az esztergomi vonalon k\u00e9s\u00e9sekre, hosszabb menetid\u0151re, kimarad\u00f3, illetve r\u00f6videbb \u00fatvonalon k\u00f6zleked\u0151 j\u00e1ratokra is lehet sz\u00e1m\u00edtani, mert Angyalf\u00f6ld \u00e9s \u00dajpest k\u00f6z\u00f6tt csak korl\u00e1toz\u00e1sokkal k\u00f6zlekedhetnek a vonatok &#8211; k\u00f6z\u00f6lte a M\u00c1V. A k\u00e9s\u00e9sek cs\u00f6kkent\u00e9se \u00e9rdek\u00e9ben bevezetett forgalmi v\u00e1ltoz\u00e1sok: a Pilisv\u00f6r\u00f6sv\u00e1rr\u00f3l 5:22-kor indul\u00f3 S76-os vonat (3219) nem k\u00f6zlekedik, utasai az Esztergomb\u00f3l indul\u00f3 Z72-es","og_url":"https:\/\/dorogimedence.hu\/index.php\/2025\/05\/30\/baleset-miatt-fennakadas-az-esztergomi-vasutvonalon\/","og_site_name":"Dorogi-medence Region\u00e1lis H\u00edrport\u00e1l","article_publisher":"https:\/\/www.facebook.com\/dorogimedence\/","article_published_time":"2025-05-30T03:37:32+00:00","article_modified_time":"2025-05-30T05:00:16+00:00","og_image":[{"width":1200,"height":800,"url":"https:\/\/dorogimedence.hu\/wp-content\/uploads\/2023\/03\/vasut.jpg","type":"image\/jpeg"}],"author":"dorogimedence.hu","twitter_card":"summary_large_image","twitter_misc":{"Szerz\u0151:":"dorogimedence.hu","Becs\u00fclt olvas\u00e1si id\u0151":"1 perc"},"schema":{"@context":"https:\/\/schema.org","@graph":[{"@type":"Article","@id":"https:\/\/dorogimedence.hu\/index.php\/2025\/05\/30\/baleset-miatt-fennakadas-az-esztergomi-vasutvonalon\/#article","isPartOf":{"@id":"https:\/\/dorogimedence.hu\/index.php\/2025\/05\/30\/baleset-miatt-fennakadas-az-esztergomi-vasutvonalon\/"},"author":{"name":"dorogimedence.hu","@id":"https:\/\/dorogimedence.hu\/#\/schema\/person\/ce6091eeb7e95ecdc87890d6aa8e0fd4"},"headline":"Baleset miatt fennakad\u00e1s az esztergomi vas\u00fatvonalon","datePublished":"2025-05-30T03:37:32+00:00","dateModified":"2025-05-30T05:00:16+00:00","mainEntityOfPage":{"@id":"https:\/\/dorogimedence.hu\/index.php\/2025\/05\/30\/baleset-miatt-fennakadas-az-esztergomi-vasutvonalon\/"},"wordCount":240,"publisher":{"@id":"https:\/\/dorogimedence.hu\/#organization"},"keywords":["m\u00e1v","menentrend","vas\u00fat","vonat"],"articleSection":["H\u00edrek"],"inLanguage":"hu"},{"@type":"WebPage","@id":"https:\/\/dorogimedence.hu\/index.php\/2025\/05\/30\/baleset-miatt-fennakadas-az-esztergomi-vasutvonalon\/","url":"https:\/\/dorogimedence.hu\/index.php\/2025\/05\/30\/baleset-miatt-fennakadas-az-esztergomi-vasutvonalon\/","name":"Baleset miatt fennakad\u00e1s az esztergomi vas\u00fatvonalon","isPartOf":{"@id":"https:\/\/dorogimedence.hu\/#website"},"datePublished":"2025-05-30T03:37:32+00:00","dateModified":"2025-05-30T05:00:16+00:00","breadcrumb":{"@id":"https:\/\/dorogimedence.hu\/index.php\/2025\/05\/30\/baleset-miatt-fennakadas-az-esztergomi-vasutvonalon\/#breadcrumb"},"inLanguage":"hu","potentialAction":[{"@type":"ReadAction","target":["https:\/\/dorogimedence.hu\/index.php\/2025\/05\/30\/baleset-miatt-fennakadas-az-esztergomi-vasutvonalon\/"]}]},{"@type":"BreadcrumbList","@id":"https:\/\/dorogimedence.hu\/index.php\/2025\/05\/30\/baleset-miatt-fennakadas-az-esztergomi-vasutvonalon\/#breadcrumb","itemListElement":[{"@type":"ListItem","position":1,"name":"Kezd\u0151lap","item":"https:\/\/dorogimedence.hu\/"},{"@type":"ListItem","position":2,"name":"Baleset miatt fennakad\u00e1s az esztergomi vas\u00fatvonalon"}]},{"@type":"WebSite","@id":"https:\/\/dorogimedence.hu\/#website","url":"https:\/\/dorogimedence.hu\/","name":"Dorogi-medence Region\u00e1lis H\u00edrport\u00e1l","description":"Dorog, Keszt\u00f6lc, Le\u00e1nyv\u00e1r, Piliscs\u00e9v, Tokod, Tokodalt\u00e1r\u00f3, Csolnok, Esztergom-kertv\u00e1ros: h\u00edrek, programok","publisher":{"@id":"https:\/\/dorogimedence.hu\/#organization"},"potentialAction":[{"@type":"SearchAction","target":{"@type":"EntryPoint","urlTemplate":"https:\/\/dorogimedence.hu\/?s={search_term_string}"},"query-input":{"@type":"PropertyValueSpecification","valueRequired":true,"valueName":"search_term_string"}}],"inLanguage":"hu"},{"@type":"Organization","@id":"https:\/\/dorogimedence.hu\/#organization","name":"Dorogi-medence Region\u00e1lis H\u00edrport\u00e1l","url":"https:\/\/dorogimedence.hu\/","logo":{"@type":"ImageObject","inLanguage":"hu","@id":"https:\/\/dorogimedence.hu\/#\/schema\/logo\/image\/","url":"https:\/\/dorogimedence.hu\/wp-content\/uploads\/2021\/04\/logo-feher-600.png","contentUrl":"https:\/\/dorogimedence.hu\/wp-content\/uploads\/2021\/04\/logo-feher-600.png","width":600,"height":100,"caption":"Dorogi-medence Region\u00e1lis H\u00edrport\u00e1l"},"image":{"@id":"https:\/\/dorogimedence.hu\/#\/schema\/logo\/image\/"},"sameAs":["https:\/\/www.facebook.com\/dorogimedence\/"]},{"@type":"Person","@id":"https:\/\/dorogimedence.hu\/#\/schema\/person\/ce6091eeb7e95ecdc87890d6aa8e0fd4","name":"dorogimedence.hu","image":{"@type":"ImageObject","inLanguage":"hu","@id":"\/\/www.gravatar.com\/avatar\/d8d45f8901aadff40a4af72c0b826f1d?s=96&#038;r=g&#038;d=mm","url":"\/\/www.gravatar.com\/avatar\/d8d45f8901aadff40a4af72c0b826f1d?s=96&#038;r=g&#038;d=mm","contentUrl":"\/\/www.gravatar.com\/avatar\/d8d45f8901aadff40a4af72c0b826f1d?s=96&#038;r=g&#038;d=mm","caption":"dorogimedence.hu"}}]}},"_links":{"self":[{"href":"https:\/\/dorogimedence.hu\/index.php\/wp-json\/wp\/v2\/posts\/71539","targetHints":{"allow":["GET"]}}],"collection":[{"href":"https:\/\/dorogimedence.hu\/index.php\/wp-json\/wp\/v2\/posts"}],"about":[{"href":"https:\/\/dorogimedence.hu\/index.php\/wp-json\/wp\/v2\/types\/post"}],"author":[{"embeddable":true,"href":"https:\/\/dorogimedence.hu\/index.php\/wp-json\/wp\/v2\/users\/1"}],"replies":[{"embeddable":true,"href":"https:\/\/dorogimedence.hu\/index.php\/wp-json\/wp\/v2\/comments?post=71539"}],"version-history":[{"count":0,"href":"https:\/\/dorogimedence.hu\/index.php\/wp-json\/wp\/v2\/posts\/71539\/revisions"}],"wp:attachment":[{"href":"https:\/\/dorogimedence.hu\/index.php\/wp-json\/wp\/v2\/media?parent=71539"}],"wp:term":[{"taxonomy":"category","embeddable":true,"href":"https:\/\/dorogimedence.hu\/index.php\/wp-json\/wp\/v2\/categories?post=71539"},{"taxonomy":"post_tag","embeddable":true,"href":"https:\/\/dorogimedence.hu\/index.php\/wp-json\/wp\/v2\/tags?post=71539"}],"curies":[{"name":"wp","href":"https:\/\/api.w.org\/{rel}","templated":true}]}}