{"id":71386,"date":"2025-05-23T16:28:20","date_gmt":"2025-05-23T14:28:20","guid":{"rendered":"https:\/\/dorogimedence.hu\/?p=71386"},"modified":"2025-05-23T16:28:20","modified_gmt":"2025-05-23T14:28:20","slug":"ot-fos-csapat-kepviseli-varmegyenk-horgaszait-a-33-klubcsapat-ob-n","status":"publish","type":"post","link":"https:\/\/dorogimedence.hu\/index.php\/2025\/05\/23\/ot-fos-csapat-kepviseli-varmegyenk-horgaszait-a-33-klubcsapat-ob-n\/","title":{"rendered":"\u00d6t f\u0151s csapat k\u00e9pviseli v\u00e1rmegy\u00e9nk horg\u00e1szait a 33. Klubcsapat OB-n"},"content":{"rendered":"<p><strong>A h\u00e9tv\u00e9g\u00e9n tartja a MOHOSZ a klubcsapatok 33. Orsz\u00e1gos Bajnoks\u00e1g\u00e1t Szegeden, a maty\u00e9ri evez\u0151s p\u00e1ly\u00e1n. A Kom\u00e1rom-Esztergom Megyei Horg\u00e1szegyes\u00fcletek Sz\u00f6vets\u00e9g\u00e9t \u00f6t f\u0151s csapat k\u00e9pviseli.<\/strong><\/p>\n<p>A versenyz\u0151k n\u00e9vsora: Dobai B\u00e9la, Makar\u00e9sz Zolt\u00e1n, Sasv\u00e1ri J\u00f3zsef, Szalai Tam\u00e1s \u00e9s Sz\u00e1sz Attila<\/p>\n<p>Az egy\u00e9ni \u00e9s csapat \u00f6sszes\u00edt\u0151k nyomon k\u00f6vethet\u0151k a <a href=\"https:\/\/www.facebook.com\/mohoszhu\" target=\"_blank\" rel=\"noopener\"><span style=\"text-decoration: underline; color: #0000ff;\">MOHOSZ oldal\u00e1n<\/span><\/a>. A t\u00f6bb napos esem\u00e9nyr\u0151l h\u00e9tf\u0151n jelentkez\u00fcnk \u00f6sszefoglal\u00f3val, addig is szurkoljunk a Kom\u00e1rom-Esztergom v\u00e1rmegyei versenyz\u0151knek!<\/p>\n","protected":false},"excerpt":{"rendered":"<p>A h\u00e9tv\u00e9g\u00e9n tartja a MOHOSZ a klubcsapatok 33. Orsz\u00e1gos Bajnoks\u00e1g\u00e1t Szegeden, a maty\u00e9ri evez\u0151s p\u00e1ly\u00e1n. A Kom\u00e1rom-Esztergom Megyei Horg\u00e1szegyes\u00fcletek Sz\u00f6vets\u00e9g\u00e9t \u00f6t f\u0151s csapat k\u00e9pviseli. A versenyz\u0151k n\u00e9vsora: Dobai B\u00e9la, Makar\u00e9sz Zolt\u00e1n, Sasv\u00e1ri J\u00f3zsef, Szalai Tam\u00e1s \u00e9s Sz\u00e1sz Attila Az egy\u00e9ni \u00e9s csapat \u00f6sszes\u00edt\u0151k nyomon k\u00f6vethet\u0151k a MOHOSZ oldal\u00e1n. A t\u00f6bb napos esem\u00e9nyr\u0151l h\u00e9tf\u0151n jelentkez\u00fcnk \u00f6sszefoglal\u00f3val,<\/p>\n","protected":false},"author":1,"featured_media":71387,"comment_status":"closed","ping_status":"closed","sticky":false,"template":"","format":"standard","meta":{"ngg_post_thumbnail":0,"footnotes":""},"categories":[3,56,5],"tags":[4825,598,792,4398,6890,4878,16],"class_list":{"0":"post-71386","1":"post","2":"type-post","3":"status-publish","4":"format-standard","5":"has-post-thumbnail","7":"category-hirek","8":"category-komarom-esztergom","9":"category-sport","10":"tag-horgasz","11":"tag-horgaszat","12":"tag-horgaszverseny","13":"tag-kemhesz","14":"tag-komarom-esztergom-varmegye","15":"tag-mohosz","16":"tag-sport"},"yoast_head":"<!-- This site is optimized with the Yoast SEO plugin v27.4 - https:\/\/yoast.com\/product\/yoast-seo-wordpress\/ -->\n<title>\u00d6t f\u0151s csapat k\u00e9pviseli v\u00e1rmegy\u00e9nk horg\u00e1szait a 33. Klubcsapat OB-n<\/title>\n<meta name=\"robots\" content=\"index, follow, max-snippet:-1, max-image-preview:large, max-video-preview:-1\" \/>\n<link rel=\"canonical\" href=\"https:\/\/dorogimedence.hu\/index.php\/2025\/05\/23\/ot-fos-csapat-kepviseli-varmegyenk-horgaszait-a-33-klubcsapat-ob-n\/\" class=\"yoast-seo-meta-tag\" \/>\n<meta property=\"og:locale\" content=\"hu_HU\" class=\"yoast-seo-meta-tag\" \/>\n<meta property=\"og:type\" content=\"article\" class=\"yoast-seo-meta-tag\" \/>\n<meta property=\"og:title\" content=\"\u00d6t f\u0151s csapat k\u00e9pviseli v\u00e1rmegy\u00e9nk horg\u00e1szait a 33. Klubcsapat OB-n\" class=\"yoast-seo-meta-tag\" \/>\n<meta property=\"og:description\" content=\"A h\u00e9tv\u00e9g\u00e9n tartja a MOHOSZ a klubcsapatok 33. Orsz\u00e1gos Bajnoks\u00e1g\u00e1t Szegeden, a maty\u00e9ri evez\u0151s p\u00e1ly\u00e1n. A Kom\u00e1rom-Esztergom Megyei Horg\u00e1szegyes\u00fcletek Sz\u00f6vets\u00e9g\u00e9t \u00f6t f\u0151s csapat k\u00e9pviseli. A versenyz\u0151k n\u00e9vsora: Dobai B\u00e9la, Makar\u00e9sz Zolt\u00e1n, Sasv\u00e1ri J\u00f3zsef, Szalai Tam\u00e1s \u00e9s Sz\u00e1sz Attila Az egy\u00e9ni \u00e9s csapat \u00f6sszes\u00edt\u0151k nyomon k\u00f6vethet\u0151k a MOHOSZ oldal\u00e1n. A t\u00f6bb napos esem\u00e9nyr\u0151l h\u00e9tf\u0151n jelentkez\u00fcnk \u00f6sszefoglal\u00f3val,\" class=\"yoast-seo-meta-tag\" \/>\n<meta property=\"og:url\" content=\"https:\/\/dorogimedence.hu\/index.php\/2025\/05\/23\/ot-fos-csapat-kepviseli-varmegyenk-horgaszait-a-33-klubcsapat-ob-n\/\" class=\"yoast-seo-meta-tag\" \/>\n<meta property=\"og:site_name\" content=\"Dorogi-medence Region\u00e1lis H\u00edrport\u00e1l\" class=\"yoast-seo-meta-tag\" \/>\n<meta property=\"article:publisher\" content=\"https:\/\/www.facebook.com\/dorogimedence\/\" class=\"yoast-seo-meta-tag\" \/>\n<meta property=\"article:published_time\" content=\"2025-05-23T14:28:20+00:00\" class=\"yoast-seo-meta-tag\" \/>\n<meta property=\"og:image\" content=\"https:\/\/dorogimedence.hu\/wp-content\/uploads\/2025\/05\/0523KlubcsapatOB.jpg\" class=\"yoast-seo-meta-tag\" \/>\n\t<meta property=\"og:image:width\" content=\"1080\" class=\"yoast-seo-meta-tag\" \/>\n\t<meta property=\"og:image:height\" content=\"585\" class=\"yoast-seo-meta-tag\" \/>\n\t<meta property=\"og:image:type\" content=\"image\/jpeg\" class=\"yoast-seo-meta-tag\" \/>\n<meta name=\"author\" content=\"dorogimedence.hu\" class=\"yoast-seo-meta-tag\" \/>\n<meta name=\"twitter:card\" content=\"summary_large_image\" class=\"yoast-seo-meta-tag\" \/>\n<meta name=\"twitter:label1\" content=\"Szerz\u0151:\" class=\"yoast-seo-meta-tag\" \/>\n\t<meta name=\"twitter:data1\" content=\"dorogimedence.hu\" class=\"yoast-seo-meta-tag\" \/>\n\t<meta name=\"twitter:label2\" content=\"Becs\u00fclt olvas\u00e1si id\u0151\" class=\"yoast-seo-meta-tag\" \/>\n\t<meta name=\"twitter:data2\" content=\"1 perc\" class=\"yoast-seo-meta-tag\" \/>\n<script type=\"application\/ld+json\" class=\"yoast-schema-graph\">{\"@context\":\"https:\\\/\\\/schema.org\",\"@graph\":[{\"@type\":\"Article\",\"@id\":\"https:\\\/\\\/dorogimedence.hu\\\/index.php\\\/2025\\\/05\\\/23\\\/ot-fos-csapat-kepviseli-varmegyenk-horgaszait-a-33-klubcsapat-ob-n\\\/#article\",\"isPartOf\":{\"@id\":\"https:\\\/\\\/dorogimedence.hu\\\/index.php\\\/2025\\\/05\\\/23\\\/ot-fos-csapat-kepviseli-varmegyenk-horgaszait-a-33-klubcsapat-ob-n\\\/\"},\"author\":{\"name\":\"dorogimedence.hu\",\"@id\":\"https:\\\/\\\/dorogimedence.hu\\\/#\\\/schema\\\/person\\\/ce6091eeb7e95ecdc87890d6aa8e0fd4\"},\"headline\":\"\u00d6t f\u0151s csapat k\u00e9pviseli v\u00e1rmegy\u00e9nk horg\u00e1szait a 33. Klubcsapat OB-n\",\"datePublished\":\"2025-05-23T14:28:20+00:00\",\"mainEntityOfPage\":{\"@id\":\"https:\\\/\\\/dorogimedence.hu\\\/index.php\\\/2025\\\/05\\\/23\\\/ot-fos-csapat-kepviseli-varmegyenk-horgaszait-a-33-klubcsapat-ob-n\\\/\"},\"wordCount\":118,\"publisher\":{\"@id\":\"https:\\\/\\\/dorogimedence.hu\\\/#organization\"},\"image\":{\"@id\":\"https:\\\/\\\/dorogimedence.hu\\\/index.php\\\/2025\\\/05\\\/23\\\/ot-fos-csapat-kepviseli-varmegyenk-horgaszait-a-33-klubcsapat-ob-n\\\/#primaryimage\"},\"thumbnailUrl\":\"https:\\\/\\\/dorogimedence.hu\\\/wp-content\\\/uploads\\\/2025\\\/05\\\/0523KlubcsapatOB.jpg\",\"keywords\":[\"horg\u00e1sz\",\"horg\u00e1szat\",\"horg\u00e1szverseny\",\"KEMHESZ\",\"Kom\u00e1rom-Esztergom v\u00e1rmegye\",\"MOHOSZ\",\"sport\"],\"articleSection\":[\"H\u00edrek\",\"Kom\u00e1rom-Esztergom\",\"Sport\"],\"inLanguage\":\"hu\"},{\"@type\":\"WebPage\",\"@id\":\"https:\\\/\\\/dorogimedence.hu\\\/index.php\\\/2025\\\/05\\\/23\\\/ot-fos-csapat-kepviseli-varmegyenk-horgaszait-a-33-klubcsapat-ob-n\\\/\",\"url\":\"https:\\\/\\\/dorogimedence.hu\\\/index.php\\\/2025\\\/05\\\/23\\\/ot-fos-csapat-kepviseli-varmegyenk-horgaszait-a-33-klubcsapat-ob-n\\\/\",\"name\":\"\u00d6t f\u0151s csapat k\u00e9pviseli v\u00e1rmegy\u00e9nk horg\u00e1szait a 33. Klubcsapat OB-n\",\"isPartOf\":{\"@id\":\"https:\\\/\\\/dorogimedence.hu\\\/#website\"},\"primaryImageOfPage\":{\"@id\":\"https:\\\/\\\/dorogimedence.hu\\\/index.php\\\/2025\\\/05\\\/23\\\/ot-fos-csapat-kepviseli-varmegyenk-horgaszait-a-33-klubcsapat-ob-n\\\/#primaryimage\"},\"image\":{\"@id\":\"https:\\\/\\\/dorogimedence.hu\\\/index.php\\\/2025\\\/05\\\/23\\\/ot-fos-csapat-kepviseli-varmegyenk-horgaszait-a-33-klubcsapat-ob-n\\\/#primaryimage\"},\"thumbnailUrl\":\"https:\\\/\\\/dorogimedence.hu\\\/wp-content\\\/uploads\\\/2025\\\/05\\\/0523KlubcsapatOB.jpg\",\"datePublished\":\"2025-05-23T14:28:20+00:00\",\"breadcrumb\":{\"@id\":\"https:\\\/\\\/dorogimedence.hu\\\/index.php\\\/2025\\\/05\\\/23\\\/ot-fos-csapat-kepviseli-varmegyenk-horgaszait-a-33-klubcsapat-ob-n\\\/#breadcrumb\"},\"inLanguage\":\"hu\",\"potentialAction\":[{\"@type\":\"ReadAction\",\"target\":[\"https:\\\/\\\/dorogimedence.hu\\\/index.php\\\/2025\\\/05\\\/23\\\/ot-fos-csapat-kepviseli-varmegyenk-horgaszait-a-33-klubcsapat-ob-n\\\/\"]}]},{\"@type\":\"ImageObject\",\"inLanguage\":\"hu\",\"@id\":\"https:\\\/\\\/dorogimedence.hu\\\/index.php\\\/2025\\\/05\\\/23\\\/ot-fos-csapat-kepviseli-varmegyenk-horgaszait-a-33-klubcsapat-ob-n\\\/#primaryimage\",\"url\":\"https:\\\/\\\/dorogimedence.hu\\\/wp-content\\\/uploads\\\/2025\\\/05\\\/0523KlubcsapatOB.jpg\",\"contentUrl\":\"https:\\\/\\\/dorogimedence.hu\\\/wp-content\\\/uploads\\\/2025\\\/05\\\/0523KlubcsapatOB.jpg\",\"width\":1080,\"height\":585},{\"@type\":\"BreadcrumbList\",\"@id\":\"https:\\\/\\\/dorogimedence.hu\\\/index.php\\\/2025\\\/05\\\/23\\\/ot-fos-csapat-kepviseli-varmegyenk-horgaszait-a-33-klubcsapat-ob-n\\\/#breadcrumb\",\"itemListElement\":[{\"@type\":\"ListItem\",\"position\":1,\"name\":\"Kezd\u0151lap\",\"item\":\"https:\\\/\\\/dorogimedence.hu\\\/\"},{\"@type\":\"ListItem\",\"position\":2,\"name\":\"\u00d6t f\u0151s csapat k\u00e9pviseli v\u00e1rmegy\u00e9nk horg\u00e1szait a 33. Klubcsapat OB-n\"}]},{\"@type\":\"WebSite\",\"@id\":\"https:\\\/\\\/dorogimedence.hu\\\/#website\",\"url\":\"https:\\\/\\\/dorogimedence.hu\\\/\",\"name\":\"Dorogi-medence Region\u00e1lis H\u00edrport\u00e1l\",\"description\":\"Dorog, Keszt\u00f6lc, Le\u00e1nyv\u00e1r, Piliscs\u00e9v, Tokod, Tokodalt\u00e1r\u00f3, Csolnok, Esztergom-kertv\u00e1ros: h\u00edrek, programok\",\"publisher\":{\"@id\":\"https:\\\/\\\/dorogimedence.hu\\\/#organization\"},\"potentialAction\":[{\"@type\":\"SearchAction\",\"target\":{\"@type\":\"EntryPoint\",\"urlTemplate\":\"https:\\\/\\\/dorogimedence.hu\\\/?s={search_term_string}\"},\"query-input\":{\"@type\":\"PropertyValueSpecification\",\"valueRequired\":true,\"valueName\":\"search_term_string\"}}],\"inLanguage\":\"hu\"},{\"@type\":\"Organization\",\"@id\":\"https:\\\/\\\/dorogimedence.hu\\\/#organization\",\"name\":\"Dorogi-medence Region\u00e1lis H\u00edrport\u00e1l\",\"url\":\"https:\\\/\\\/dorogimedence.hu\\\/\",\"logo\":{\"@type\":\"ImageObject\",\"inLanguage\":\"hu\",\"@id\":\"https:\\\/\\\/dorogimedence.hu\\\/#\\\/schema\\\/logo\\\/image\\\/\",\"url\":\"https:\\\/\\\/dorogimedence.hu\\\/wp-content\\\/uploads\\\/2021\\\/04\\\/logo-feher-600.png\",\"contentUrl\":\"https:\\\/\\\/dorogimedence.hu\\\/wp-content\\\/uploads\\\/2021\\\/04\\\/logo-feher-600.png\",\"width\":600,\"height\":100,\"caption\":\"Dorogi-medence Region\u00e1lis H\u00edrport\u00e1l\"},\"image\":{\"@id\":\"https:\\\/\\\/dorogimedence.hu\\\/#\\\/schema\\\/logo\\\/image\\\/\"},\"sameAs\":[\"https:\\\/\\\/www.facebook.com\\\/dorogimedence\\\/\"]},{\"@type\":\"Person\",\"@id\":\"https:\\\/\\\/dorogimedence.hu\\\/#\\\/schema\\\/person\\\/ce6091eeb7e95ecdc87890d6aa8e0fd4\",\"name\":\"dorogimedence.hu\",\"image\":{\"@type\":\"ImageObject\",\"inLanguage\":\"hu\",\"@id\":\"\\\/\\\/www.gravatar.com\\\/avatar\\\/d8d45f8901aadff40a4af72c0b826f1d?s=96&#038;r=g&#038;d=mm\",\"url\":\"\\\/\\\/www.gravatar.com\\\/avatar\\\/d8d45f8901aadff40a4af72c0b826f1d?s=96&#038;r=g&#038;d=mm\",\"contentUrl\":\"\\\/\\\/www.gravatar.com\\\/avatar\\\/d8d45f8901aadff40a4af72c0b826f1d?s=96&#038;r=g&#038;d=mm\",\"caption\":\"dorogimedence.hu\"}}]}<\/script>\n<!-- \/ Yoast SEO plugin. -->","yoast_head_json":{"title":"\u00d6t f\u0151s csapat k\u00e9pviseli v\u00e1rmegy\u00e9nk horg\u00e1szait a 33. Klubcsapat OB-n","robots":{"index":"index","follow":"follow","max-snippet":"max-snippet:-1","max-image-preview":"max-image-preview:large","max-video-preview":"max-video-preview:-1"},"canonical":"https:\/\/dorogimedence.hu\/index.php\/2025\/05\/23\/ot-fos-csapat-kepviseli-varmegyenk-horgaszait-a-33-klubcsapat-ob-n\/","og_locale":"hu_HU","og_type":"article","og_title":"\u00d6t f\u0151s csapat k\u00e9pviseli v\u00e1rmegy\u00e9nk horg\u00e1szait a 33. Klubcsapat OB-n","og_description":"A h\u00e9tv\u00e9g\u00e9n tartja a MOHOSZ a klubcsapatok 33. Orsz\u00e1gos Bajnoks\u00e1g\u00e1t Szegeden, a maty\u00e9ri evez\u0151s p\u00e1ly\u00e1n. A Kom\u00e1rom-Esztergom Megyei Horg\u00e1szegyes\u00fcletek Sz\u00f6vets\u00e9g\u00e9t \u00f6t f\u0151s csapat k\u00e9pviseli. A versenyz\u0151k n\u00e9vsora: Dobai B\u00e9la, Makar\u00e9sz Zolt\u00e1n, Sasv\u00e1ri J\u00f3zsef, Szalai Tam\u00e1s \u00e9s Sz\u00e1sz Attila Az egy\u00e9ni \u00e9s csapat \u00f6sszes\u00edt\u0151k nyomon k\u00f6vethet\u0151k a MOHOSZ oldal\u00e1n. A t\u00f6bb napos esem\u00e9nyr\u0151l h\u00e9tf\u0151n jelentkez\u00fcnk \u00f6sszefoglal\u00f3val,","og_url":"https:\/\/dorogimedence.hu\/index.php\/2025\/05\/23\/ot-fos-csapat-kepviseli-varmegyenk-horgaszait-a-33-klubcsapat-ob-n\/","og_site_name":"Dorogi-medence Region\u00e1lis H\u00edrport\u00e1l","article_publisher":"https:\/\/www.facebook.com\/dorogimedence\/","article_published_time":"2025-05-23T14:28:20+00:00","og_image":[{"width":1080,"height":585,"url":"https:\/\/dorogimedence.hu\/wp-content\/uploads\/2025\/05\/0523KlubcsapatOB.jpg","type":"image\/jpeg"}],"author":"dorogimedence.hu","twitter_card":"summary_large_image","twitter_misc":{"Szerz\u0151:":"dorogimedence.hu","Becs\u00fclt olvas\u00e1si id\u0151":"1 perc"},"schema":{"@context":"https:\/\/schema.org","@graph":[{"@type":"Article","@id":"https:\/\/dorogimedence.hu\/index.php\/2025\/05\/23\/ot-fos-csapat-kepviseli-varmegyenk-horgaszait-a-33-klubcsapat-ob-n\/#article","isPartOf":{"@id":"https:\/\/dorogimedence.hu\/index.php\/2025\/05\/23\/ot-fos-csapat-kepviseli-varmegyenk-horgaszait-a-33-klubcsapat-ob-n\/"},"author":{"name":"dorogimedence.hu","@id":"https:\/\/dorogimedence.hu\/#\/schema\/person\/ce6091eeb7e95ecdc87890d6aa8e0fd4"},"headline":"\u00d6t f\u0151s csapat k\u00e9pviseli v\u00e1rmegy\u00e9nk horg\u00e1szait a 33. Klubcsapat OB-n","datePublished":"2025-05-23T14:28:20+00:00","mainEntityOfPage":{"@id":"https:\/\/dorogimedence.hu\/index.php\/2025\/05\/23\/ot-fos-csapat-kepviseli-varmegyenk-horgaszait-a-33-klubcsapat-ob-n\/"},"wordCount":118,"publisher":{"@id":"https:\/\/dorogimedence.hu\/#organization"},"image":{"@id":"https:\/\/dorogimedence.hu\/index.php\/2025\/05\/23\/ot-fos-csapat-kepviseli-varmegyenk-horgaszait-a-33-klubcsapat-ob-n\/#primaryimage"},"thumbnailUrl":"https:\/\/dorogimedence.hu\/wp-content\/uploads\/2025\/05\/0523KlubcsapatOB.jpg","keywords":["horg\u00e1sz","horg\u00e1szat","horg\u00e1szverseny","KEMHESZ","Kom\u00e1rom-Esztergom v\u00e1rmegye","MOHOSZ","sport"],"articleSection":["H\u00edrek","Kom\u00e1rom-Esztergom","Sport"],"inLanguage":"hu"},{"@type":"WebPage","@id":"https:\/\/dorogimedence.hu\/index.php\/2025\/05\/23\/ot-fos-csapat-kepviseli-varmegyenk-horgaszait-a-33-klubcsapat-ob-n\/","url":"https:\/\/dorogimedence.hu\/index.php\/2025\/05\/23\/ot-fos-csapat-kepviseli-varmegyenk-horgaszait-a-33-klubcsapat-ob-n\/","name":"\u00d6t f\u0151s csapat k\u00e9pviseli v\u00e1rmegy\u00e9nk horg\u00e1szait a 33. Klubcsapat OB-n","isPartOf":{"@id":"https:\/\/dorogimedence.hu\/#website"},"primaryImageOfPage":{"@id":"https:\/\/dorogimedence.hu\/index.php\/2025\/05\/23\/ot-fos-csapat-kepviseli-varmegyenk-horgaszait-a-33-klubcsapat-ob-n\/#primaryimage"},"image":{"@id":"https:\/\/dorogimedence.hu\/index.php\/2025\/05\/23\/ot-fos-csapat-kepviseli-varmegyenk-horgaszait-a-33-klubcsapat-ob-n\/#primaryimage"},"thumbnailUrl":"https:\/\/dorogimedence.hu\/wp-content\/uploads\/2025\/05\/0523KlubcsapatOB.jpg","datePublished":"2025-05-23T14:28:20+00:00","breadcrumb":{"@id":"https:\/\/dorogimedence.hu\/index.php\/2025\/05\/23\/ot-fos-csapat-kepviseli-varmegyenk-horgaszait-a-33-klubcsapat-ob-n\/#breadcrumb"},"inLanguage":"hu","potentialAction":[{"@type":"ReadAction","target":["https:\/\/dorogimedence.hu\/index.php\/2025\/05\/23\/ot-fos-csapat-kepviseli-varmegyenk-horgaszait-a-33-klubcsapat-ob-n\/"]}]},{"@type":"ImageObject","inLanguage":"hu","@id":"https:\/\/dorogimedence.hu\/index.php\/2025\/05\/23\/ot-fos-csapat-kepviseli-varmegyenk-horgaszait-a-33-klubcsapat-ob-n\/#primaryimage","url":"https:\/\/dorogimedence.hu\/wp-content\/uploads\/2025\/05\/0523KlubcsapatOB.jpg","contentUrl":"https:\/\/dorogimedence.hu\/wp-content\/uploads\/2025\/05\/0523KlubcsapatOB.jpg","width":1080,"height":585},{"@type":"BreadcrumbList","@id":"https:\/\/dorogimedence.hu\/index.php\/2025\/05\/23\/ot-fos-csapat-kepviseli-varmegyenk-horgaszait-a-33-klubcsapat-ob-n\/#breadcrumb","itemListElement":[{"@type":"ListItem","position":1,"name":"Kezd\u0151lap","item":"https:\/\/dorogimedence.hu\/"},{"@type":"ListItem","position":2,"name":"\u00d6t f\u0151s csapat k\u00e9pviseli v\u00e1rmegy\u00e9nk horg\u00e1szait a 33. Klubcsapat OB-n"}]},{"@type":"WebSite","@id":"https:\/\/dorogimedence.hu\/#website","url":"https:\/\/dorogimedence.hu\/","name":"Dorogi-medence Region\u00e1lis H\u00edrport\u00e1l","description":"Dorog, Keszt\u00f6lc, Le\u00e1nyv\u00e1r, Piliscs\u00e9v, Tokod, Tokodalt\u00e1r\u00f3, Csolnok, Esztergom-kertv\u00e1ros: h\u00edrek, programok","publisher":{"@id":"https:\/\/dorogimedence.hu\/#organization"},"potentialAction":[{"@type":"SearchAction","target":{"@type":"EntryPoint","urlTemplate":"https:\/\/dorogimedence.hu\/?s={search_term_string}"},"query-input":{"@type":"PropertyValueSpecification","valueRequired":true,"valueName":"search_term_string"}}],"inLanguage":"hu"},{"@type":"Organization","@id":"https:\/\/dorogimedence.hu\/#organization","name":"Dorogi-medence Region\u00e1lis H\u00edrport\u00e1l","url":"https:\/\/dorogimedence.hu\/","logo":{"@type":"ImageObject","inLanguage":"hu","@id":"https:\/\/dorogimedence.hu\/#\/schema\/logo\/image\/","url":"https:\/\/dorogimedence.hu\/wp-content\/uploads\/2021\/04\/logo-feher-600.png","contentUrl":"https:\/\/dorogimedence.hu\/wp-content\/uploads\/2021\/04\/logo-feher-600.png","width":600,"height":100,"caption":"Dorogi-medence Region\u00e1lis H\u00edrport\u00e1l"},"image":{"@id":"https:\/\/dorogimedence.hu\/#\/schema\/logo\/image\/"},"sameAs":["https:\/\/www.facebook.com\/dorogimedence\/"]},{"@type":"Person","@id":"https:\/\/dorogimedence.hu\/#\/schema\/person\/ce6091eeb7e95ecdc87890d6aa8e0fd4","name":"dorogimedence.hu","image":{"@type":"ImageObject","inLanguage":"hu","@id":"\/\/www.gravatar.com\/avatar\/d8d45f8901aadff40a4af72c0b826f1d?s=96&#038;r=g&#038;d=mm","url":"\/\/www.gravatar.com\/avatar\/d8d45f8901aadff40a4af72c0b826f1d?s=96&#038;r=g&#038;d=mm","contentUrl":"\/\/www.gravatar.com\/avatar\/d8d45f8901aadff40a4af72c0b826f1d?s=96&#038;r=g&#038;d=mm","caption":"dorogimedence.hu"}}]}},"_links":{"self":[{"href":"https:\/\/dorogimedence.hu\/index.php\/wp-json\/wp\/v2\/posts\/71386","targetHints":{"allow":["GET"]}}],"collection":[{"href":"https:\/\/dorogimedence.hu\/index.php\/wp-json\/wp\/v2\/posts"}],"about":[{"href":"https:\/\/dorogimedence.hu\/index.php\/wp-json\/wp\/v2\/types\/post"}],"author":[{"embeddable":true,"href":"https:\/\/dorogimedence.hu\/index.php\/wp-json\/wp\/v2\/users\/1"}],"replies":[{"embeddable":true,"href":"https:\/\/dorogimedence.hu\/index.php\/wp-json\/wp\/v2\/comments?post=71386"}],"version-history":[{"count":0,"href":"https:\/\/dorogimedence.hu\/index.php\/wp-json\/wp\/v2\/posts\/71386\/revisions"}],"wp:featuredmedia":[{"embeddable":true,"href":"https:\/\/dorogimedence.hu\/index.php\/wp-json\/wp\/v2\/media\/71387"}],"wp:attachment":[{"href":"https:\/\/dorogimedence.hu\/index.php\/wp-json\/wp\/v2\/media?parent=71386"}],"wp:term":[{"taxonomy":"category","embeddable":true,"href":"https:\/\/dorogimedence.hu\/index.php\/wp-json\/wp\/v2\/categories?post=71386"},{"taxonomy":"post_tag","embeddable":true,"href":"https:\/\/dorogimedence.hu\/index.php\/wp-json\/wp\/v2\/tags?post=71386"}],"curies":[{"name":"wp","href":"https:\/\/api.w.org\/{rel}","templated":true}]}}