{"id":71366,"date":"2025-05-22T16:33:56","date_gmt":"2025-05-22T14:33:56","guid":{"rendered":"https:\/\/dorogimedence.hu\/?p=71366"},"modified":"2025-05-22T16:33:56","modified_gmt":"2025-05-22T14:33:56","slug":"forum-vallalkozoknak-a-mesterseges-intelligenciarol","status":"publish","type":"post","link":"https:\/\/dorogimedence.hu\/index.php\/2025\/05\/22\/forum-vallalkozoknak-a-mesterseges-intelligenciarol\/","title":{"rendered":"F\u00f3rum v\u00e1llalkoz\u00f3knak a mesters\u00e9ges intelligenci\u00e1r\u00f3l"},"content":{"rendered":"<p><strong>K\u00e9tsz\u00e1zn\u00e1l t\u00f6bb \u00e9rdekl\u0151d\u0151 k\u00eds\u00e9rte figyelemmel a Kom\u00e1rom-Esztergom V\u00e1rmegyei Kereskedelmi \u00e9s Iparkamara \u00e1ltal szervezett el\u0151ad\u00e1st, ahol v\u00e1llalkoz\u00f3knak mutatt\u00e1k be, mire haszn\u00e1lhatj\u00e1k a mesters\u00e9ges intelligenci\u00e1t munk\u00e1juk sor\u00e1n.<\/strong><\/p>\n<p>A KEMKIK V\u00e1llalkoz\u00e1sfejleszt\u00e9si Projektj\u00e9nek keretein bel\u00fcl megval\u00f3sult el\u0151ad\u00e1son a MI alapjain t\u00fal a r\u00e9szvev\u0151k megismerkedhettek t\u00f6bb \u00e9rdekes \u00e9s hasznos programmal, bemutatt\u00e1k a folyamatok automatiz\u00e1l\u00e1s\u00e1nak lehet\u0151s\u00e9geit, valamint a mesters\u00e9ges intelligencia kreat\u00edv alkalmaz\u00e1s\u00e1nak n\u00e9h\u00e1ny ter\u00fclet\u00e9t.<\/p>\n<p>Dr. Szerencs\u00e9s L\u00e1szl\u00f3, a kamara eln\u00f6ke k\u00f6sz\u00f6nt\u0151j\u00e9ben elmondta, Magyarorsz\u00e1gon egy \u00e9v alatt k\u00e9tszeres\u00e9re n\u0151tt az MI-t haszn\u00e1l\u00f3 c\u00e9gek ar\u00e1nya, mely mostanra megk\u00f6zel\u00edti a n\u00e9gy sz\u00e1zal\u00e9kot, m\u00edg az uni\u00f3s \u00e1tlag 8 sz\u00e1zal\u00e9k.<\/p>\n<p>Magyarorsz\u00e1gon a kis- \u00e9s k\u00f6z\u00e9pv\u00e1llalkoz\u00e1sok t\u00f6bbs\u00e9ge m\u00e9g nem \u00e1ll t\u00fal magas digitaliz\u00e1ci\u00f3s szinten, viszont a mesters\u00e9ges intelligenci\u00e1t alkalmaz\u00f3 eszk\u00f6z\u00f6k megjelen\u00e9se \u00e9s haszn\u00e1lata egy j\u00f3 lehet\u0151s\u00e9get ny\u00fajthat, hogy egy-egy v\u00e1llalkoz\u00e1s kell\u0151 nyitotts\u00e1g eset\u00e9n t\u00f6bb l\u00e9pcs\u0151t is \u00e1tugorhasson a fejl\u0151d\u00e9sben.<\/p>\n<p>Az el\u0151ad\u00e1son elhangzott, hogy mesters\u00e9ges intelligencia seg\u00edts\u00e9g\u00e9vel k\u00e9sz\u00edthet\u0151k professzion\u00e1lis infografik\u00e1k, prezent\u00e1ci\u00f3k \u00e9s vizu\u00e1lis anyagok, megoldhat\u00f3 nyelvtanilag helyes \u00e9s j\u00f3 st\u00edlus\u00fa term\u00e9kle\u00edr\u00e1sok k\u00e9sz\u00edt\u00e9se, automatiz\u00e1lt munkafolyamatok l\u00e9trehoz\u00e1sa, \u00e9s l\u00e9tezik mesters\u00e9ges intelligencia \u00e1ltal vez\u00e9relt log\u00f3-, illetve n\u00e9vjegyk\u00e1rtya tervez\u0151 eszk\u00f6z is.<\/p>\n<p>\u00c1ltal\u00e1nosan jellemz\u0151, hogy az egyes programoknak vannak ingyenes csomagjai is, melyekkel kock\u00e1zat n\u00e9lk\u00fcl kipr\u00f3b\u00e1lhat\u00f3k a lehet\u0151s\u00e9gek.<\/p>\n<p>\u00c9rdemes id\u0151t sz\u00e1nni a lehet\u0151s\u00e9gek megismer\u00e9s\u00e9re, mert MI-alap\u00fa eszk\u00f6z\u00f6k hat\u00e9konyabb\u00e1 \u00e9s gyorsabb\u00e1 tehetik a munk\u00e1t, \u00faj lehet\u0151s\u00e9geket is teremtenek az \u00fcgyf\u00e9lszerz\u00e9s, az \u00e9rt\u00e9kes\u00edt\u00e9s \u00e9s a marketing ter\u00fclet\u00e9n \u00edgy versenyel\u0151nyt, a piacon val\u00f3 kiemelked\u00e9s lehet\u0151s\u00e9g\u00e9t biztos\u00edthatj\u00e1k a haszn\u00e1l\u00f3knak.<\/p>\n<p>A kamara feladat\u00e1nak tekinti, hogy megismertesse a c\u00e9gekkel, mindez mekkora lehet\u0151s\u00e9g, ez\u00e9rt elind\u00edtotta a Digit\u00e1lis \u00e9breszt\u0151 programot, amelyben 10 ezer magyar v\u00e1llalkoz\u00e1st tan\u00edtanak meg az MI haszn\u00e1lat\u00e1ra &#8211; ismertette az eln\u00f6k.<\/p>\n<p><em>Bor\u00edt\u00f3k\u00e9p: illusztr\u00e1ci\u00f3<\/em><\/p>\n","protected":false},"excerpt":{"rendered":"<p>K\u00e9tsz\u00e1zn\u00e1l t\u00f6bb \u00e9rdekl\u0151d\u0151 k\u00eds\u00e9rte figyelemmel a Kom\u00e1rom-Esztergom V\u00e1rmegyei Kereskedelmi \u00e9s Iparkamara \u00e1ltal szervezett el\u0151ad\u00e1st, ahol v\u00e1llalkoz\u00f3knak mutatt\u00e1k be, mire haszn\u00e1lhatj\u00e1k a mesters\u00e9ges intelligenci\u00e1t munk\u00e1juk sor\u00e1n. A KEMKIK V\u00e1llalkoz\u00e1sfejleszt\u00e9si Projektj\u00e9nek keretein bel\u00fcl megval\u00f3sult el\u0151ad\u00e1son a MI alapjain t\u00fal a r\u00e9szvev\u0151k megismerkedhettek t\u00f6bb \u00e9rdekes \u00e9s hasznos programmal, bemutatt\u00e1k a folyamatok automatiz\u00e1l\u00e1s\u00e1nak lehet\u0151s\u00e9geit, valamint a mesters\u00e9ges intelligencia kreat\u00edv<\/p>\n","protected":false},"author":1,"featured_media":71367,"comment_status":"closed","ping_status":"closed","sticky":false,"template":"","format":"standard","meta":{"ngg_post_thumbnail":0,"footnotes":""},"categories":[3,56],"tags":[86,4569,6890],"class_list":{"0":"post-71366","1":"post","2":"type-post","3":"status-publish","4":"format-standard","5":"has-post-thumbnail","7":"category-hirek","8":"category-komarom-esztergom","9":"tag-forum","10":"tag-kemkik","11":"tag-komarom-esztergom-varmegye"},"yoast_head":"<!-- This site is optimized with the Yoast SEO plugin v27.4 - https:\/\/yoast.com\/product\/yoast-seo-wordpress\/ -->\n<title>F\u00f3rum v\u00e1llalkoz\u00f3knak a mesters\u00e9ges intelligenci\u00e1r\u00f3l<\/title>\n<meta name=\"robots\" content=\"index, follow, max-snippet:-1, max-image-preview:large, max-video-preview:-1\" \/>\n<link rel=\"canonical\" href=\"https:\/\/dorogimedence.hu\/index.php\/2025\/05\/22\/forum-vallalkozoknak-a-mesterseges-intelligenciarol\/\" class=\"yoast-seo-meta-tag\" \/>\n<meta property=\"og:locale\" content=\"hu_HU\" class=\"yoast-seo-meta-tag\" \/>\n<meta property=\"og:type\" content=\"article\" class=\"yoast-seo-meta-tag\" \/>\n<meta property=\"og:title\" content=\"F\u00f3rum v\u00e1llalkoz\u00f3knak a mesters\u00e9ges intelligenci\u00e1r\u00f3l\" class=\"yoast-seo-meta-tag\" \/>\n<meta property=\"og:description\" content=\"K\u00e9tsz\u00e1zn\u00e1l t\u00f6bb \u00e9rdekl\u0151d\u0151 k\u00eds\u00e9rte figyelemmel a Kom\u00e1rom-Esztergom V\u00e1rmegyei Kereskedelmi \u00e9s Iparkamara \u00e1ltal szervezett el\u0151ad\u00e1st, ahol v\u00e1llalkoz\u00f3knak mutatt\u00e1k be, mire haszn\u00e1lhatj\u00e1k a mesters\u00e9ges intelligenci\u00e1t munk\u00e1juk sor\u00e1n. A KEMKIK V\u00e1llalkoz\u00e1sfejleszt\u00e9si Projektj\u00e9nek keretein bel\u00fcl megval\u00f3sult el\u0151ad\u00e1son a MI alapjain t\u00fal a r\u00e9szvev\u0151k megismerkedhettek t\u00f6bb \u00e9rdekes \u00e9s hasznos programmal, bemutatt\u00e1k a folyamatok automatiz\u00e1l\u00e1s\u00e1nak lehet\u0151s\u00e9geit, valamint a mesters\u00e9ges intelligencia kreat\u00edv\" class=\"yoast-seo-meta-tag\" \/>\n<meta property=\"og:url\" content=\"https:\/\/dorogimedence.hu\/index.php\/2025\/05\/22\/forum-vallalkozoknak-a-mesterseges-intelligenciarol\/\" class=\"yoast-seo-meta-tag\" \/>\n<meta property=\"og:site_name\" content=\"Dorogi-medence Region\u00e1lis H\u00edrport\u00e1l\" class=\"yoast-seo-meta-tag\" \/>\n<meta property=\"article:publisher\" content=\"https:\/\/www.facebook.com\/dorogimedence\/\" class=\"yoast-seo-meta-tag\" \/>\n<meta property=\"article:published_time\" content=\"2025-05-22T14:33:56+00:00\" class=\"yoast-seo-meta-tag\" \/>\n<meta property=\"og:image\" content=\"https:\/\/dorogimedence.hu\/wp-content\/uploads\/2025\/05\/eloadas.jpg\" class=\"yoast-seo-meta-tag\" \/>\n\t<meta property=\"og:image:width\" content=\"1367\" class=\"yoast-seo-meta-tag\" \/>\n\t<meta property=\"og:image:height\" content=\"819\" class=\"yoast-seo-meta-tag\" \/>\n\t<meta property=\"og:image:type\" content=\"image\/jpeg\" class=\"yoast-seo-meta-tag\" \/>\n<meta name=\"author\" content=\"dorogimedence.hu\" class=\"yoast-seo-meta-tag\" \/>\n<meta name=\"twitter:card\" content=\"summary_large_image\" class=\"yoast-seo-meta-tag\" \/>\n<meta name=\"twitter:label1\" content=\"Szerz\u0151:\" class=\"yoast-seo-meta-tag\" \/>\n\t<meta name=\"twitter:data1\" content=\"dorogimedence.hu\" class=\"yoast-seo-meta-tag\" \/>\n\t<meta name=\"twitter:label2\" content=\"Becs\u00fclt olvas\u00e1si id\u0151\" class=\"yoast-seo-meta-tag\" \/>\n\t<meta name=\"twitter:data2\" content=\"2 perc\" class=\"yoast-seo-meta-tag\" \/>\n<script type=\"application\/ld+json\" class=\"yoast-schema-graph\">{\"@context\":\"https:\\\/\\\/schema.org\",\"@graph\":[{\"@type\":\"Article\",\"@id\":\"https:\\\/\\\/dorogimedence.hu\\\/index.php\\\/2025\\\/05\\\/22\\\/forum-vallalkozoknak-a-mesterseges-intelligenciarol\\\/#article\",\"isPartOf\":{\"@id\":\"https:\\\/\\\/dorogimedence.hu\\\/index.php\\\/2025\\\/05\\\/22\\\/forum-vallalkozoknak-a-mesterseges-intelligenciarol\\\/\"},\"author\":{\"name\":\"dorogimedence.hu\",\"@id\":\"https:\\\/\\\/dorogimedence.hu\\\/#\\\/schema\\\/person\\\/ce6091eeb7e95ecdc87890d6aa8e0fd4\"},\"headline\":\"F\u00f3rum v\u00e1llalkoz\u00f3knak a mesters\u00e9ges intelligenci\u00e1r\u00f3l\",\"datePublished\":\"2025-05-22T14:33:56+00:00\",\"mainEntityOfPage\":{\"@id\":\"https:\\\/\\\/dorogimedence.hu\\\/index.php\\\/2025\\\/05\\\/22\\\/forum-vallalkozoknak-a-mesterseges-intelligenciarol\\\/\"},\"wordCount\":442,\"publisher\":{\"@id\":\"https:\\\/\\\/dorogimedence.hu\\\/#organization\"},\"image\":{\"@id\":\"https:\\\/\\\/dorogimedence.hu\\\/index.php\\\/2025\\\/05\\\/22\\\/forum-vallalkozoknak-a-mesterseges-intelligenciarol\\\/#primaryimage\"},\"thumbnailUrl\":\"https:\\\/\\\/dorogimedence.hu\\\/wp-content\\\/uploads\\\/2025\\\/05\\\/eloadas.jpg\",\"keywords\":[\"f\u00f3rum\",\"KEMKIK\",\"Kom\u00e1rom-Esztergom v\u00e1rmegye\"],\"articleSection\":[\"H\u00edrek\",\"Kom\u00e1rom-Esztergom\"],\"inLanguage\":\"hu\"},{\"@type\":\"WebPage\",\"@id\":\"https:\\\/\\\/dorogimedence.hu\\\/index.php\\\/2025\\\/05\\\/22\\\/forum-vallalkozoknak-a-mesterseges-intelligenciarol\\\/\",\"url\":\"https:\\\/\\\/dorogimedence.hu\\\/index.php\\\/2025\\\/05\\\/22\\\/forum-vallalkozoknak-a-mesterseges-intelligenciarol\\\/\",\"name\":\"F\u00f3rum v\u00e1llalkoz\u00f3knak a mesters\u00e9ges intelligenci\u00e1r\u00f3l\",\"isPartOf\":{\"@id\":\"https:\\\/\\\/dorogimedence.hu\\\/#website\"},\"primaryImageOfPage\":{\"@id\":\"https:\\\/\\\/dorogimedence.hu\\\/index.php\\\/2025\\\/05\\\/22\\\/forum-vallalkozoknak-a-mesterseges-intelligenciarol\\\/#primaryimage\"},\"image\":{\"@id\":\"https:\\\/\\\/dorogimedence.hu\\\/index.php\\\/2025\\\/05\\\/22\\\/forum-vallalkozoknak-a-mesterseges-intelligenciarol\\\/#primaryimage\"},\"thumbnailUrl\":\"https:\\\/\\\/dorogimedence.hu\\\/wp-content\\\/uploads\\\/2025\\\/05\\\/eloadas.jpg\",\"datePublished\":\"2025-05-22T14:33:56+00:00\",\"breadcrumb\":{\"@id\":\"https:\\\/\\\/dorogimedence.hu\\\/index.php\\\/2025\\\/05\\\/22\\\/forum-vallalkozoknak-a-mesterseges-intelligenciarol\\\/#breadcrumb\"},\"inLanguage\":\"hu\",\"potentialAction\":[{\"@type\":\"ReadAction\",\"target\":[\"https:\\\/\\\/dorogimedence.hu\\\/index.php\\\/2025\\\/05\\\/22\\\/forum-vallalkozoknak-a-mesterseges-intelligenciarol\\\/\"]}]},{\"@type\":\"ImageObject\",\"inLanguage\":\"hu\",\"@id\":\"https:\\\/\\\/dorogimedence.hu\\\/index.php\\\/2025\\\/05\\\/22\\\/forum-vallalkozoknak-a-mesterseges-intelligenciarol\\\/#primaryimage\",\"url\":\"https:\\\/\\\/dorogimedence.hu\\\/wp-content\\\/uploads\\\/2025\\\/05\\\/eloadas.jpg\",\"contentUrl\":\"https:\\\/\\\/dorogimedence.hu\\\/wp-content\\\/uploads\\\/2025\\\/05\\\/eloadas.jpg\",\"width\":1367,\"height\":819},{\"@type\":\"BreadcrumbList\",\"@id\":\"https:\\\/\\\/dorogimedence.hu\\\/index.php\\\/2025\\\/05\\\/22\\\/forum-vallalkozoknak-a-mesterseges-intelligenciarol\\\/#breadcrumb\",\"itemListElement\":[{\"@type\":\"ListItem\",\"position\":1,\"name\":\"Kezd\u0151lap\",\"item\":\"https:\\\/\\\/dorogimedence.hu\\\/\"},{\"@type\":\"ListItem\",\"position\":2,\"name\":\"F\u00f3rum v\u00e1llalkoz\u00f3knak a mesters\u00e9ges intelligenci\u00e1r\u00f3l\"}]},{\"@type\":\"WebSite\",\"@id\":\"https:\\\/\\\/dorogimedence.hu\\\/#website\",\"url\":\"https:\\\/\\\/dorogimedence.hu\\\/\",\"name\":\"Dorogi-medence Region\u00e1lis H\u00edrport\u00e1l\",\"description\":\"Dorog, Keszt\u00f6lc, Le\u00e1nyv\u00e1r, Piliscs\u00e9v, Tokod, Tokodalt\u00e1r\u00f3, Csolnok, Esztergom-kertv\u00e1ros: h\u00edrek, programok\",\"publisher\":{\"@id\":\"https:\\\/\\\/dorogimedence.hu\\\/#organization\"},\"potentialAction\":[{\"@type\":\"SearchAction\",\"target\":{\"@type\":\"EntryPoint\",\"urlTemplate\":\"https:\\\/\\\/dorogimedence.hu\\\/?s={search_term_string}\"},\"query-input\":{\"@type\":\"PropertyValueSpecification\",\"valueRequired\":true,\"valueName\":\"search_term_string\"}}],\"inLanguage\":\"hu\"},{\"@type\":\"Organization\",\"@id\":\"https:\\\/\\\/dorogimedence.hu\\\/#organization\",\"name\":\"Dorogi-medence Region\u00e1lis H\u00edrport\u00e1l\",\"url\":\"https:\\\/\\\/dorogimedence.hu\\\/\",\"logo\":{\"@type\":\"ImageObject\",\"inLanguage\":\"hu\",\"@id\":\"https:\\\/\\\/dorogimedence.hu\\\/#\\\/schema\\\/logo\\\/image\\\/\",\"url\":\"https:\\\/\\\/dorogimedence.hu\\\/wp-content\\\/uploads\\\/2021\\\/04\\\/logo-feher-600.png\",\"contentUrl\":\"https:\\\/\\\/dorogimedence.hu\\\/wp-content\\\/uploads\\\/2021\\\/04\\\/logo-feher-600.png\",\"width\":600,\"height\":100,\"caption\":\"Dorogi-medence Region\u00e1lis H\u00edrport\u00e1l\"},\"image\":{\"@id\":\"https:\\\/\\\/dorogimedence.hu\\\/#\\\/schema\\\/logo\\\/image\\\/\"},\"sameAs\":[\"https:\\\/\\\/www.facebook.com\\\/dorogimedence\\\/\"]},{\"@type\":\"Person\",\"@id\":\"https:\\\/\\\/dorogimedence.hu\\\/#\\\/schema\\\/person\\\/ce6091eeb7e95ecdc87890d6aa8e0fd4\",\"name\":\"dorogimedence.hu\",\"image\":{\"@type\":\"ImageObject\",\"inLanguage\":\"hu\",\"@id\":\"\\\/\\\/www.gravatar.com\\\/avatar\\\/d8d45f8901aadff40a4af72c0b826f1d?s=96&#038;r=g&#038;d=mm\",\"url\":\"\\\/\\\/www.gravatar.com\\\/avatar\\\/d8d45f8901aadff40a4af72c0b826f1d?s=96&#038;r=g&#038;d=mm\",\"contentUrl\":\"\\\/\\\/www.gravatar.com\\\/avatar\\\/d8d45f8901aadff40a4af72c0b826f1d?s=96&#038;r=g&#038;d=mm\",\"caption\":\"dorogimedence.hu\"}}]}<\/script>\n<!-- \/ Yoast SEO plugin. -->","yoast_head_json":{"title":"F\u00f3rum v\u00e1llalkoz\u00f3knak a mesters\u00e9ges intelligenci\u00e1r\u00f3l","robots":{"index":"index","follow":"follow","max-snippet":"max-snippet:-1","max-image-preview":"max-image-preview:large","max-video-preview":"max-video-preview:-1"},"canonical":"https:\/\/dorogimedence.hu\/index.php\/2025\/05\/22\/forum-vallalkozoknak-a-mesterseges-intelligenciarol\/","og_locale":"hu_HU","og_type":"article","og_title":"F\u00f3rum v\u00e1llalkoz\u00f3knak a mesters\u00e9ges intelligenci\u00e1r\u00f3l","og_description":"K\u00e9tsz\u00e1zn\u00e1l t\u00f6bb \u00e9rdekl\u0151d\u0151 k\u00eds\u00e9rte figyelemmel a Kom\u00e1rom-Esztergom V\u00e1rmegyei Kereskedelmi \u00e9s Iparkamara \u00e1ltal szervezett el\u0151ad\u00e1st, ahol v\u00e1llalkoz\u00f3knak mutatt\u00e1k be, mire haszn\u00e1lhatj\u00e1k a mesters\u00e9ges intelligenci\u00e1t munk\u00e1juk sor\u00e1n. A KEMKIK V\u00e1llalkoz\u00e1sfejleszt\u00e9si Projektj\u00e9nek keretein bel\u00fcl megval\u00f3sult el\u0151ad\u00e1son a MI alapjain t\u00fal a r\u00e9szvev\u0151k megismerkedhettek t\u00f6bb \u00e9rdekes \u00e9s hasznos programmal, bemutatt\u00e1k a folyamatok automatiz\u00e1l\u00e1s\u00e1nak lehet\u0151s\u00e9geit, valamint a mesters\u00e9ges intelligencia kreat\u00edv","og_url":"https:\/\/dorogimedence.hu\/index.php\/2025\/05\/22\/forum-vallalkozoknak-a-mesterseges-intelligenciarol\/","og_site_name":"Dorogi-medence Region\u00e1lis H\u00edrport\u00e1l","article_publisher":"https:\/\/www.facebook.com\/dorogimedence\/","article_published_time":"2025-05-22T14:33:56+00:00","og_image":[{"width":1367,"height":819,"url":"https:\/\/dorogimedence.hu\/wp-content\/uploads\/2025\/05\/eloadas.jpg","type":"image\/jpeg"}],"author":"dorogimedence.hu","twitter_card":"summary_large_image","twitter_misc":{"Szerz\u0151:":"dorogimedence.hu","Becs\u00fclt olvas\u00e1si id\u0151":"2 perc"},"schema":{"@context":"https:\/\/schema.org","@graph":[{"@type":"Article","@id":"https:\/\/dorogimedence.hu\/index.php\/2025\/05\/22\/forum-vallalkozoknak-a-mesterseges-intelligenciarol\/#article","isPartOf":{"@id":"https:\/\/dorogimedence.hu\/index.php\/2025\/05\/22\/forum-vallalkozoknak-a-mesterseges-intelligenciarol\/"},"author":{"name":"dorogimedence.hu","@id":"https:\/\/dorogimedence.hu\/#\/schema\/person\/ce6091eeb7e95ecdc87890d6aa8e0fd4"},"headline":"F\u00f3rum v\u00e1llalkoz\u00f3knak a mesters\u00e9ges intelligenci\u00e1r\u00f3l","datePublished":"2025-05-22T14:33:56+00:00","mainEntityOfPage":{"@id":"https:\/\/dorogimedence.hu\/index.php\/2025\/05\/22\/forum-vallalkozoknak-a-mesterseges-intelligenciarol\/"},"wordCount":442,"publisher":{"@id":"https:\/\/dorogimedence.hu\/#organization"},"image":{"@id":"https:\/\/dorogimedence.hu\/index.php\/2025\/05\/22\/forum-vallalkozoknak-a-mesterseges-intelligenciarol\/#primaryimage"},"thumbnailUrl":"https:\/\/dorogimedence.hu\/wp-content\/uploads\/2025\/05\/eloadas.jpg","keywords":["f\u00f3rum","KEMKIK","Kom\u00e1rom-Esztergom v\u00e1rmegye"],"articleSection":["H\u00edrek","Kom\u00e1rom-Esztergom"],"inLanguage":"hu"},{"@type":"WebPage","@id":"https:\/\/dorogimedence.hu\/index.php\/2025\/05\/22\/forum-vallalkozoknak-a-mesterseges-intelligenciarol\/","url":"https:\/\/dorogimedence.hu\/index.php\/2025\/05\/22\/forum-vallalkozoknak-a-mesterseges-intelligenciarol\/","name":"F\u00f3rum v\u00e1llalkoz\u00f3knak a mesters\u00e9ges intelligenci\u00e1r\u00f3l","isPartOf":{"@id":"https:\/\/dorogimedence.hu\/#website"},"primaryImageOfPage":{"@id":"https:\/\/dorogimedence.hu\/index.php\/2025\/05\/22\/forum-vallalkozoknak-a-mesterseges-intelligenciarol\/#primaryimage"},"image":{"@id":"https:\/\/dorogimedence.hu\/index.php\/2025\/05\/22\/forum-vallalkozoknak-a-mesterseges-intelligenciarol\/#primaryimage"},"thumbnailUrl":"https:\/\/dorogimedence.hu\/wp-content\/uploads\/2025\/05\/eloadas.jpg","datePublished":"2025-05-22T14:33:56+00:00","breadcrumb":{"@id":"https:\/\/dorogimedence.hu\/index.php\/2025\/05\/22\/forum-vallalkozoknak-a-mesterseges-intelligenciarol\/#breadcrumb"},"inLanguage":"hu","potentialAction":[{"@type":"ReadAction","target":["https:\/\/dorogimedence.hu\/index.php\/2025\/05\/22\/forum-vallalkozoknak-a-mesterseges-intelligenciarol\/"]}]},{"@type":"ImageObject","inLanguage":"hu","@id":"https:\/\/dorogimedence.hu\/index.php\/2025\/05\/22\/forum-vallalkozoknak-a-mesterseges-intelligenciarol\/#primaryimage","url":"https:\/\/dorogimedence.hu\/wp-content\/uploads\/2025\/05\/eloadas.jpg","contentUrl":"https:\/\/dorogimedence.hu\/wp-content\/uploads\/2025\/05\/eloadas.jpg","width":1367,"height":819},{"@type":"BreadcrumbList","@id":"https:\/\/dorogimedence.hu\/index.php\/2025\/05\/22\/forum-vallalkozoknak-a-mesterseges-intelligenciarol\/#breadcrumb","itemListElement":[{"@type":"ListItem","position":1,"name":"Kezd\u0151lap","item":"https:\/\/dorogimedence.hu\/"},{"@type":"ListItem","position":2,"name":"F\u00f3rum v\u00e1llalkoz\u00f3knak a mesters\u00e9ges intelligenci\u00e1r\u00f3l"}]},{"@type":"WebSite","@id":"https:\/\/dorogimedence.hu\/#website","url":"https:\/\/dorogimedence.hu\/","name":"Dorogi-medence Region\u00e1lis H\u00edrport\u00e1l","description":"Dorog, Keszt\u00f6lc, Le\u00e1nyv\u00e1r, Piliscs\u00e9v, Tokod, Tokodalt\u00e1r\u00f3, Csolnok, Esztergom-kertv\u00e1ros: h\u00edrek, programok","publisher":{"@id":"https:\/\/dorogimedence.hu\/#organization"},"potentialAction":[{"@type":"SearchAction","target":{"@type":"EntryPoint","urlTemplate":"https:\/\/dorogimedence.hu\/?s={search_term_string}"},"query-input":{"@type":"PropertyValueSpecification","valueRequired":true,"valueName":"search_term_string"}}],"inLanguage":"hu"},{"@type":"Organization","@id":"https:\/\/dorogimedence.hu\/#organization","name":"Dorogi-medence Region\u00e1lis H\u00edrport\u00e1l","url":"https:\/\/dorogimedence.hu\/","logo":{"@type":"ImageObject","inLanguage":"hu","@id":"https:\/\/dorogimedence.hu\/#\/schema\/logo\/image\/","url":"https:\/\/dorogimedence.hu\/wp-content\/uploads\/2021\/04\/logo-feher-600.png","contentUrl":"https:\/\/dorogimedence.hu\/wp-content\/uploads\/2021\/04\/logo-feher-600.png","width":600,"height":100,"caption":"Dorogi-medence Region\u00e1lis H\u00edrport\u00e1l"},"image":{"@id":"https:\/\/dorogimedence.hu\/#\/schema\/logo\/image\/"},"sameAs":["https:\/\/www.facebook.com\/dorogimedence\/"]},{"@type":"Person","@id":"https:\/\/dorogimedence.hu\/#\/schema\/person\/ce6091eeb7e95ecdc87890d6aa8e0fd4","name":"dorogimedence.hu","image":{"@type":"ImageObject","inLanguage":"hu","@id":"\/\/www.gravatar.com\/avatar\/d8d45f8901aadff40a4af72c0b826f1d?s=96&#038;r=g&#038;d=mm","url":"\/\/www.gravatar.com\/avatar\/d8d45f8901aadff40a4af72c0b826f1d?s=96&#038;r=g&#038;d=mm","contentUrl":"\/\/www.gravatar.com\/avatar\/d8d45f8901aadff40a4af72c0b826f1d?s=96&#038;r=g&#038;d=mm","caption":"dorogimedence.hu"}}]}},"_links":{"self":[{"href":"https:\/\/dorogimedence.hu\/index.php\/wp-json\/wp\/v2\/posts\/71366","targetHints":{"allow":["GET"]}}],"collection":[{"href":"https:\/\/dorogimedence.hu\/index.php\/wp-json\/wp\/v2\/posts"}],"about":[{"href":"https:\/\/dorogimedence.hu\/index.php\/wp-json\/wp\/v2\/types\/post"}],"author":[{"embeddable":true,"href":"https:\/\/dorogimedence.hu\/index.php\/wp-json\/wp\/v2\/users\/1"}],"replies":[{"embeddable":true,"href":"https:\/\/dorogimedence.hu\/index.php\/wp-json\/wp\/v2\/comments?post=71366"}],"version-history":[{"count":0,"href":"https:\/\/dorogimedence.hu\/index.php\/wp-json\/wp\/v2\/posts\/71366\/revisions"}],"wp:featuredmedia":[{"embeddable":true,"href":"https:\/\/dorogimedence.hu\/index.php\/wp-json\/wp\/v2\/media\/71367"}],"wp:attachment":[{"href":"https:\/\/dorogimedence.hu\/index.php\/wp-json\/wp\/v2\/media?parent=71366"}],"wp:term":[{"taxonomy":"category","embeddable":true,"href":"https:\/\/dorogimedence.hu\/index.php\/wp-json\/wp\/v2\/categories?post=71366"},{"taxonomy":"post_tag","embeddable":true,"href":"https:\/\/dorogimedence.hu\/index.php\/wp-json\/wp\/v2\/tags?post=71366"}],"curies":[{"name":"wp","href":"https:\/\/api.w.org\/{rel}","templated":true}]}}