{"id":71362,"date":"2025-05-22T16:28:13","date_gmt":"2025-05-22T14:28:13","guid":{"rendered":"https:\/\/dorogimedence.hu\/?p=71362"},"modified":"2025-05-22T16:28:13","modified_gmt":"2025-05-22T14:28:13","slug":"aranynap-dijat-kapott-a-grand-hotel-esztergom","status":"publish","type":"post","link":"https:\/\/dorogimedence.hu\/index.php\/2025\/05\/22\/aranynap-dijat-kapott-a-grand-hotel-esztergom\/","title":{"rendered":"Aranynap d\u00edjat kapott a Grand Hotel Esztergom"},"content":{"rendered":"<p><strong>A napokban adt\u00e1k \u00e1t az Aranynap-d\u00edjakat, amellyel a legjobb hazai konferencia- \u00e9s wellness-sz\u00e1llod\u00e1k, rendezv\u00e9nyhelysz\u00ednek munk\u00e1j\u00e1t ismeri el a d\u00edjalap\u00edt\u00f3 Day Holiday Kft. a Magyar Sz\u00e1llod\u00e1k \u00e9s \u00c9ttermek Sz\u00f6vets\u00e9ge, mint szakmai partner t\u00e1mogat\u00e1s\u00e1val. Magyarorsz\u00e1g legjobb n\u00e9gycsillagos vid\u00e9ki konferenciasz\u00e1llod\u00e1ja kateg\u00f3ri\u00e1ban a 2024. \u00e9vi teljes\u00edtm\u00e9nye alapj\u00e1n Aranynap-d\u00edjat kapott a Grand Hotel Esztergom<\/strong><em> &#8211; \u00edrja a <a href=\"https:\/\/turizmus.com\/cikk\/szallashely\/hat-konferencia-es-wellness-szalloda-kapott-aranynap-dijat\" target=\"_blank\" rel=\"noopener\"><span style=\"text-decoration: underline; color: #0000ff;\">turizmus.com<\/span><\/a><\/em><\/p>\n<p>Az idei alkalom az\u00e9rt is k\u00fcl\u00f6nleges, mert szinte napra pontosan 30 \u00e9ve indult \u00fatj\u00e1ra a Day Holiday Kft. hivatalos t\u00f6rt\u00e9nete \u2013 1995. m\u00e1jus 15-\u00e9n ker\u00fclt a pecs\u00e9t a c\u00e9gbejegyz\u00e9si dokumentumokra, amikor <strong>Dakakni Amina<\/strong> \u00e9s <strong>Czvitk\u00f3 Zolt\u00e1n<\/strong> alap\u00edt\u00f3k\u00e9nt \u00e9letre h\u00edvt\u00e1k a c\u00e9get. Az elm\u00falt h\u00e1rom \u00e9vtized sor\u00e1n sz\u00e1mos m\u00e9rf\u00f6ldk\u00f6vet \u00e9rt el a v\u00e1llalkoz\u00e1s.&nbsp;<\/p>\n<p>A Day Holiday 2005-ben azzal a c\u00e9llal alap\u00edtotta meg az Aranynap-d\u00edjat, hogy \u00e9rt\u00e9kelje az orsz\u00e1g legjobb konferenciasz\u00e1llod\u00e1it. Oda\u00edt\u00e9l\u00e9s\u00e9vel minden \u00e9vben \u00e9rt\u00e9kelik \u00e9s megk\u00f6sz\u00f6nik a munk\u00e1j\u00e1t azoknak a sz\u00e1llod\u00e1knak \u00e9s rendezv\u00e9nyhelysz\u00edneknek, amelyek megb\u00edzhat\u00f3 \u00e9s magas sz\u00ednvonal\u00fa szolg\u00e1ltat\u00e1saikkal t\u00e1mogatt\u00e1k a sikeres rendezv\u00e9nyek megval\u00f3sul\u00e1s\u00e1t.<\/p>\n<p><img fetchpriority=\"high\" decoding=\"async\" class=\"alignnone size-full wp-image-71364\" src=\"https:\/\/dorogimedence.hu\/wp-content\/uploads\/2025\/05\/Aranynap-dij-2024-dijazottak.jpg\" alt=\"\" width=\"1290\" height=\"860\" srcset=\"https:\/\/dorogimedence.hu\/wp-content\/uploads\/2025\/05\/Aranynap-dij-2024-dijazottak.jpg 1290w, https:\/\/dorogimedence.hu\/wp-content\/uploads\/2025\/05\/Aranynap-dij-2024-dijazottak-600x400.jpg 600w, https:\/\/dorogimedence.hu\/wp-content\/uploads\/2025\/05\/Aranynap-dij-2024-dijazottak-768x512.jpg 768w, https:\/\/dorogimedence.hu\/wp-content\/uploads\/2025\/05\/Aranynap-dij-2024-dijazottak-150x100.jpg 150w, https:\/\/dorogimedence.hu\/wp-content\/uploads\/2025\/05\/Aranynap-dij-2024-dijazottak-450x300.jpg 450w, https:\/\/dorogimedence.hu\/wp-content\/uploads\/2025\/05\/Aranynap-dij-2024-dijazottak-1200x800.jpg 1200w, https:\/\/dorogimedence.hu\/wp-content\/uploads\/2025\/05\/Aranynap-dij-2024-dijazottak-272x182.jpg 272w\" sizes=\"(max-width: 1290px) 100vw, 1290px\" \/><\/p>\n<p>A rendezv\u00e9nyszervez\u0151 c\u00e9g megrendel\u0151i, vend\u00e9gei \u00e9s munkat\u00e1rsai v\u00e9lem\u00e9nye alapj\u00e1n, szakmai szempontok szerint \u00e9rt\u00e9kelte a legjobb sz\u00e1llod\u00e1kat.<\/p>\n<p>Az Aranynap-d\u00edjat a 2024. \u00e9vi teljes\u00edtm\u00e9ny\u00fck alapj\u00e1n a k\u00f6vetkez\u0151 szolg\u00e1ltat\u00f3k kapt\u00e1k:<\/p>\n<ul>\n<li>Magyarorsz\u00e1g legjobb h\u00e1romcsillagos konferencia sz\u00e1llod\u00e1ja: &nbsp;<strong>Rosinante St\u00edlusos Vid\u00e9ki Fogad\u00f3<\/strong><\/li>\n<li>Magyarorsz\u00e1g legjobb n\u00e9gycsillagos vid\u00e9ki konferenciasz\u00e1llod\u00e1ja: <strong>Grand Hotel Esztergom<\/strong><\/li>\n<li>Magyarorsz\u00e1g legjobb n\u00e9gycsillagos budapesti konferenciasz\u00e1llod\u00e1ja: <strong>Ensana Thermal Margitsziget<\/strong><\/li>\n<li>Magyarorsz\u00e1g legjobb \u00f6tcsillagos konferenciasz\u00e1llod\u00e1ja: <strong>Anna Grand Hotel<\/strong><\/li>\n<li>Magyarorsz\u00e1g legjobb wellness-sz\u00e1llod\u00e1ja: <strong>Kenese Bay Garden Resort &amp; Conference<\/strong><\/li>\n<li>Magyarorsz\u00e1g legjobb rendezv\u00e9nyhelysz\u00edne: <strong>Haris Park<\/strong>&nbsp;<\/li>\n<\/ul>\n<p>A d\u00edjazottakat \u00e9s a vend\u00e9geket Czvitk\u00f3 Zolt\u00e1n c\u00e9gvezet\u0151 mellett <strong>Somlyai Zolt\u00e1n, <\/strong>a Magyar Sz\u00e1llod\u00e1k \u00e9s \u00c9ttermek Sz\u00f6vets\u00e9ge eln\u00f6ke k\u00f6sz\u00f6nt\u00f6tte a Haris Parkban tartott d\u00edj\u00e1tad\u00f3n. A d\u00edjnyertes sz\u00e1llod\u00e1k szakmai k\u00f6z\u00f6ns\u00e9g el\u0151tt mutatkozhattak be. Az est m\u0171sor\u00e1t a Moment\u00e1n t\u00e1rsulat alap\u00edt\u00f3i, <strong>Kiskov\u00e1cs Attila<\/strong> \u00e9s <strong>Hars\u00e1nyi Bence<\/strong>, a Vegas Show Band \u00e9nekesei, valamint a Fever Dance Group sz\u00ednes\u00edtett\u00e9k.<\/p>\n<p>A c\u00e9ges rendezv\u00e9nyek, konferenci\u00e1k, tr\u00e9ningek szervez\u00e9s\u00e9re 1995-ben els\u0151k\u00e9nt alakult, magyar tulajdon\u00fa Day Holiday Kft. t\u00f6bb t\u00edzezer rendezv\u00e9ny \u00e9s t\u00f6bb mint f\u00e9lmilli\u00f3 vend\u00e9g tapasztalat\u00e1val a h\u00e1ta m\u00f6g\u00f6tt h\u00fasz \u00e9ve rendezi meg az Aranynap-g\u00e1l\u00e1t. A c\u00e9g k\u00f6zel f\u00e9lsz\u00e1z \u00fcgyfele k\u00f6z\u00f6tt megtal\u00e1lhat\u00f3k gy\u00f3gyszeripari, p\u00e9nz\u00fcgyi, k\u00f6nyvvizsg\u00e1l\u00f3, informatikai, elektronikai \u00e9s \u00e9lelmiszeripari v\u00e1llalkoz\u00e1sok, valamint sz\u00e1mos m\u00e1s szektor meghat\u00e1roz\u00f3 szerepl\u0151i.<\/p>\n<p><em>Forr\u00e1s: turizmus.com<\/em><br \/>\n<em>Fot\u00f3k: Day Holiday<\/em><\/p>\n","protected":false},"excerpt":{"rendered":"<p>A napokban adt\u00e1k \u00e1t az Aranynap-d\u00edjakat, amellyel a legjobb hazai konferencia- \u00e9s wellness-sz\u00e1llod\u00e1k, rendezv\u00e9nyhelysz\u00ednek munk\u00e1j\u00e1t ismeri el a d\u00edjalap\u00edt\u00f3 Day Holiday Kft. a Magyar Sz\u00e1llod\u00e1k \u00e9s \u00c9ttermek Sz\u00f6vets\u00e9ge, mint szakmai partner t\u00e1mogat\u00e1s\u00e1val. Magyarorsz\u00e1g legjobb n\u00e9gycsillagos vid\u00e9ki konferenciasz\u00e1llod\u00e1ja kateg\u00f3ri\u00e1ban a 2024. \u00e9vi teljes\u00edtm\u00e9nye alapj\u00e1n Aranynap-d\u00edjat kapott a Grand Hotel Esztergom &#8211; \u00edrja a turizmus.com Az idei<\/p>\n","protected":false},"author":1,"featured_media":71363,"comment_status":"closed","ping_status":"closed","sticky":false,"template":"","format":"standard","meta":{"ngg_post_thumbnail":0,"footnotes":""},"categories":[38,3],"tags":[585,594,42,5971],"class_list":{"0":"post-71362","1":"post","2":"type-post","3":"status-publish","4":"format-standard","5":"has-post-thumbnail","7":"category-esztergom","8":"category-hirek","9":"tag-dij","10":"tag-dijatado","11":"tag-esztergom","12":"tag-grand-hotel-esztergom"},"yoast_head":"<!-- This site is optimized with the Yoast SEO plugin v27.4 - https:\/\/yoast.com\/product\/yoast-seo-wordpress\/ -->\n<title>Aranynap d\u00edjat kapott a Grand Hotel Esztergom<\/title>\n<meta name=\"robots\" content=\"index, follow, max-snippet:-1, max-image-preview:large, max-video-preview:-1\" \/>\n<link rel=\"canonical\" href=\"https:\/\/dorogimedence.hu\/index.php\/2025\/05\/22\/aranynap-dijat-kapott-a-grand-hotel-esztergom\/\" class=\"yoast-seo-meta-tag\" \/>\n<meta property=\"og:locale\" content=\"hu_HU\" class=\"yoast-seo-meta-tag\" \/>\n<meta property=\"og:type\" content=\"article\" class=\"yoast-seo-meta-tag\" \/>\n<meta property=\"og:title\" content=\"Aranynap d\u00edjat kapott a Grand Hotel Esztergom\" class=\"yoast-seo-meta-tag\" \/>\n<meta property=\"og:description\" content=\"A napokban adt\u00e1k \u00e1t az Aranynap-d\u00edjakat, amellyel a legjobb hazai konferencia- \u00e9s wellness-sz\u00e1llod\u00e1k, rendezv\u00e9nyhelysz\u00ednek munk\u00e1j\u00e1t ismeri el a d\u00edjalap\u00edt\u00f3 Day Holiday Kft. a Magyar Sz\u00e1llod\u00e1k \u00e9s \u00c9ttermek Sz\u00f6vets\u00e9ge, mint szakmai partner t\u00e1mogat\u00e1s\u00e1val. Magyarorsz\u00e1g legjobb n\u00e9gycsillagos vid\u00e9ki konferenciasz\u00e1llod\u00e1ja kateg\u00f3ri\u00e1ban a 2024. \u00e9vi teljes\u00edtm\u00e9nye alapj\u00e1n Aranynap-d\u00edjat kapott a Grand Hotel Esztergom &#8211; \u00edrja a turizmus.com Az idei\" class=\"yoast-seo-meta-tag\" \/>\n<meta property=\"og:url\" content=\"https:\/\/dorogimedence.hu\/index.php\/2025\/05\/22\/aranynap-dijat-kapott-a-grand-hotel-esztergom\/\" class=\"yoast-seo-meta-tag\" \/>\n<meta property=\"og:site_name\" content=\"Dorogi-medence Region\u00e1lis H\u00edrport\u00e1l\" class=\"yoast-seo-meta-tag\" \/>\n<meta property=\"article:publisher\" content=\"https:\/\/www.facebook.com\/dorogimedence\/\" class=\"yoast-seo-meta-tag\" \/>\n<meta property=\"article:published_time\" content=\"2025-05-22T14:28:13+00:00\" class=\"yoast-seo-meta-tag\" \/>\n<meta property=\"og:image\" content=\"https:\/\/dorogimedence.hu\/wp-content\/uploads\/2025\/05\/Aranynap-dij.jpg\" class=\"yoast-seo-meta-tag\" \/>\n\t<meta property=\"og:image:width\" content=\"1290\" class=\"yoast-seo-meta-tag\" \/>\n\t<meta property=\"og:image:height\" content=\"860\" class=\"yoast-seo-meta-tag\" \/>\n\t<meta property=\"og:image:type\" content=\"image\/jpeg\" class=\"yoast-seo-meta-tag\" \/>\n<meta name=\"author\" content=\"dorogimedence.hu\" class=\"yoast-seo-meta-tag\" \/>\n<meta name=\"twitter:card\" content=\"summary_large_image\" class=\"yoast-seo-meta-tag\" \/>\n<meta name=\"twitter:label1\" content=\"Szerz\u0151:\" class=\"yoast-seo-meta-tag\" \/>\n\t<meta name=\"twitter:data1\" content=\"dorogimedence.hu\" class=\"yoast-seo-meta-tag\" \/>\n\t<meta name=\"twitter:label2\" content=\"Becs\u00fclt olvas\u00e1si id\u0151\" class=\"yoast-seo-meta-tag\" \/>\n\t<meta name=\"twitter:data2\" content=\"3 perc\" class=\"yoast-seo-meta-tag\" \/>\n<script type=\"application\/ld+json\" class=\"yoast-schema-graph\">{\"@context\":\"https:\\\/\\\/schema.org\",\"@graph\":[{\"@type\":\"Article\",\"@id\":\"https:\\\/\\\/dorogimedence.hu\\\/index.php\\\/2025\\\/05\\\/22\\\/aranynap-dijat-kapott-a-grand-hotel-esztergom\\\/#article\",\"isPartOf\":{\"@id\":\"https:\\\/\\\/dorogimedence.hu\\\/index.php\\\/2025\\\/05\\\/22\\\/aranynap-dijat-kapott-a-grand-hotel-esztergom\\\/\"},\"author\":{\"name\":\"dorogimedence.hu\",\"@id\":\"https:\\\/\\\/dorogimedence.hu\\\/#\\\/schema\\\/person\\\/ce6091eeb7e95ecdc87890d6aa8e0fd4\"},\"headline\":\"Aranynap d\u00edjat kapott a Grand Hotel Esztergom\",\"datePublished\":\"2025-05-22T14:28:13+00:00\",\"mainEntityOfPage\":{\"@id\":\"https:\\\/\\\/dorogimedence.hu\\\/index.php\\\/2025\\\/05\\\/22\\\/aranynap-dijat-kapott-a-grand-hotel-esztergom\\\/\"},\"wordCount\":546,\"publisher\":{\"@id\":\"https:\\\/\\\/dorogimedence.hu\\\/#organization\"},\"image\":{\"@id\":\"https:\\\/\\\/dorogimedence.hu\\\/index.php\\\/2025\\\/05\\\/22\\\/aranynap-dijat-kapott-a-grand-hotel-esztergom\\\/#primaryimage\"},\"thumbnailUrl\":\"https:\\\/\\\/dorogimedence.hu\\\/wp-content\\\/uploads\\\/2025\\\/05\\\/Aranynap-dij.jpg\",\"keywords\":[\"d\u00edj\",\"d\u00edj\u00e1tad\u00f3\",\"esztergom\",\"Grand Hotel Esztergom\"],\"articleSection\":[\"Esztergom\",\"H\u00edrek\"],\"inLanguage\":\"hu\"},{\"@type\":\"WebPage\",\"@id\":\"https:\\\/\\\/dorogimedence.hu\\\/index.php\\\/2025\\\/05\\\/22\\\/aranynap-dijat-kapott-a-grand-hotel-esztergom\\\/\",\"url\":\"https:\\\/\\\/dorogimedence.hu\\\/index.php\\\/2025\\\/05\\\/22\\\/aranynap-dijat-kapott-a-grand-hotel-esztergom\\\/\",\"name\":\"Aranynap d\u00edjat kapott a Grand Hotel Esztergom\",\"isPartOf\":{\"@id\":\"https:\\\/\\\/dorogimedence.hu\\\/#website\"},\"primaryImageOfPage\":{\"@id\":\"https:\\\/\\\/dorogimedence.hu\\\/index.php\\\/2025\\\/05\\\/22\\\/aranynap-dijat-kapott-a-grand-hotel-esztergom\\\/#primaryimage\"},\"image\":{\"@id\":\"https:\\\/\\\/dorogimedence.hu\\\/index.php\\\/2025\\\/05\\\/22\\\/aranynap-dijat-kapott-a-grand-hotel-esztergom\\\/#primaryimage\"},\"thumbnailUrl\":\"https:\\\/\\\/dorogimedence.hu\\\/wp-content\\\/uploads\\\/2025\\\/05\\\/Aranynap-dij.jpg\",\"datePublished\":\"2025-05-22T14:28:13+00:00\",\"breadcrumb\":{\"@id\":\"https:\\\/\\\/dorogimedence.hu\\\/index.php\\\/2025\\\/05\\\/22\\\/aranynap-dijat-kapott-a-grand-hotel-esztergom\\\/#breadcrumb\"},\"inLanguage\":\"hu\",\"potentialAction\":[{\"@type\":\"ReadAction\",\"target\":[\"https:\\\/\\\/dorogimedence.hu\\\/index.php\\\/2025\\\/05\\\/22\\\/aranynap-dijat-kapott-a-grand-hotel-esztergom\\\/\"]}]},{\"@type\":\"ImageObject\",\"inLanguage\":\"hu\",\"@id\":\"https:\\\/\\\/dorogimedence.hu\\\/index.php\\\/2025\\\/05\\\/22\\\/aranynap-dijat-kapott-a-grand-hotel-esztergom\\\/#primaryimage\",\"url\":\"https:\\\/\\\/dorogimedence.hu\\\/wp-content\\\/uploads\\\/2025\\\/05\\\/Aranynap-dij.jpg\",\"contentUrl\":\"https:\\\/\\\/dorogimedence.hu\\\/wp-content\\\/uploads\\\/2025\\\/05\\\/Aranynap-dij.jpg\",\"width\":1290,\"height\":860},{\"@type\":\"BreadcrumbList\",\"@id\":\"https:\\\/\\\/dorogimedence.hu\\\/index.php\\\/2025\\\/05\\\/22\\\/aranynap-dijat-kapott-a-grand-hotel-esztergom\\\/#breadcrumb\",\"itemListElement\":[{\"@type\":\"ListItem\",\"position\":1,\"name\":\"Kezd\u0151lap\",\"item\":\"https:\\\/\\\/dorogimedence.hu\\\/\"},{\"@type\":\"ListItem\",\"position\":2,\"name\":\"Aranynap d\u00edjat kapott a Grand Hotel Esztergom\"}]},{\"@type\":\"WebSite\",\"@id\":\"https:\\\/\\\/dorogimedence.hu\\\/#website\",\"url\":\"https:\\\/\\\/dorogimedence.hu\\\/\",\"name\":\"Dorogi-medence Region\u00e1lis H\u00edrport\u00e1l\",\"description\":\"Dorog, Keszt\u00f6lc, Le\u00e1nyv\u00e1r, Piliscs\u00e9v, Tokod, Tokodalt\u00e1r\u00f3, Csolnok, Esztergom-kertv\u00e1ros: h\u00edrek, programok\",\"publisher\":{\"@id\":\"https:\\\/\\\/dorogimedence.hu\\\/#organization\"},\"potentialAction\":[{\"@type\":\"SearchAction\",\"target\":{\"@type\":\"EntryPoint\",\"urlTemplate\":\"https:\\\/\\\/dorogimedence.hu\\\/?s={search_term_string}\"},\"query-input\":{\"@type\":\"PropertyValueSpecification\",\"valueRequired\":true,\"valueName\":\"search_term_string\"}}],\"inLanguage\":\"hu\"},{\"@type\":\"Organization\",\"@id\":\"https:\\\/\\\/dorogimedence.hu\\\/#organization\",\"name\":\"Dorogi-medence Region\u00e1lis H\u00edrport\u00e1l\",\"url\":\"https:\\\/\\\/dorogimedence.hu\\\/\",\"logo\":{\"@type\":\"ImageObject\",\"inLanguage\":\"hu\",\"@id\":\"https:\\\/\\\/dorogimedence.hu\\\/#\\\/schema\\\/logo\\\/image\\\/\",\"url\":\"https:\\\/\\\/dorogimedence.hu\\\/wp-content\\\/uploads\\\/2021\\\/04\\\/logo-feher-600.png\",\"contentUrl\":\"https:\\\/\\\/dorogimedence.hu\\\/wp-content\\\/uploads\\\/2021\\\/04\\\/logo-feher-600.png\",\"width\":600,\"height\":100,\"caption\":\"Dorogi-medence Region\u00e1lis H\u00edrport\u00e1l\"},\"image\":{\"@id\":\"https:\\\/\\\/dorogimedence.hu\\\/#\\\/schema\\\/logo\\\/image\\\/\"},\"sameAs\":[\"https:\\\/\\\/www.facebook.com\\\/dorogimedence\\\/\"]},{\"@type\":\"Person\",\"@id\":\"https:\\\/\\\/dorogimedence.hu\\\/#\\\/schema\\\/person\\\/ce6091eeb7e95ecdc87890d6aa8e0fd4\",\"name\":\"dorogimedence.hu\",\"image\":{\"@type\":\"ImageObject\",\"inLanguage\":\"hu\",\"@id\":\"\\\/\\\/www.gravatar.com\\\/avatar\\\/d8d45f8901aadff40a4af72c0b826f1d?s=96&#038;r=g&#038;d=mm\",\"url\":\"\\\/\\\/www.gravatar.com\\\/avatar\\\/d8d45f8901aadff40a4af72c0b826f1d?s=96&#038;r=g&#038;d=mm\",\"contentUrl\":\"\\\/\\\/www.gravatar.com\\\/avatar\\\/d8d45f8901aadff40a4af72c0b826f1d?s=96&#038;r=g&#038;d=mm\",\"caption\":\"dorogimedence.hu\"}}]}<\/script>\n<!-- \/ Yoast SEO plugin. -->","yoast_head_json":{"title":"Aranynap d\u00edjat kapott a Grand Hotel Esztergom","robots":{"index":"index","follow":"follow","max-snippet":"max-snippet:-1","max-image-preview":"max-image-preview:large","max-video-preview":"max-video-preview:-1"},"canonical":"https:\/\/dorogimedence.hu\/index.php\/2025\/05\/22\/aranynap-dijat-kapott-a-grand-hotel-esztergom\/","og_locale":"hu_HU","og_type":"article","og_title":"Aranynap d\u00edjat kapott a Grand Hotel Esztergom","og_description":"A napokban adt\u00e1k \u00e1t az Aranynap-d\u00edjakat, amellyel a legjobb hazai konferencia- \u00e9s wellness-sz\u00e1llod\u00e1k, rendezv\u00e9nyhelysz\u00ednek munk\u00e1j\u00e1t ismeri el a d\u00edjalap\u00edt\u00f3 Day Holiday Kft. a Magyar Sz\u00e1llod\u00e1k \u00e9s \u00c9ttermek Sz\u00f6vets\u00e9ge, mint szakmai partner t\u00e1mogat\u00e1s\u00e1val. Magyarorsz\u00e1g legjobb n\u00e9gycsillagos vid\u00e9ki konferenciasz\u00e1llod\u00e1ja kateg\u00f3ri\u00e1ban a 2024. \u00e9vi teljes\u00edtm\u00e9nye alapj\u00e1n Aranynap-d\u00edjat kapott a Grand Hotel Esztergom &#8211; \u00edrja a turizmus.com Az idei","og_url":"https:\/\/dorogimedence.hu\/index.php\/2025\/05\/22\/aranynap-dijat-kapott-a-grand-hotel-esztergom\/","og_site_name":"Dorogi-medence Region\u00e1lis H\u00edrport\u00e1l","article_publisher":"https:\/\/www.facebook.com\/dorogimedence\/","article_published_time":"2025-05-22T14:28:13+00:00","og_image":[{"width":1290,"height":860,"url":"https:\/\/dorogimedence.hu\/wp-content\/uploads\/2025\/05\/Aranynap-dij.jpg","type":"image\/jpeg"}],"author":"dorogimedence.hu","twitter_card":"summary_large_image","twitter_misc":{"Szerz\u0151:":"dorogimedence.hu","Becs\u00fclt olvas\u00e1si id\u0151":"3 perc"},"schema":{"@context":"https:\/\/schema.org","@graph":[{"@type":"Article","@id":"https:\/\/dorogimedence.hu\/index.php\/2025\/05\/22\/aranynap-dijat-kapott-a-grand-hotel-esztergom\/#article","isPartOf":{"@id":"https:\/\/dorogimedence.hu\/index.php\/2025\/05\/22\/aranynap-dijat-kapott-a-grand-hotel-esztergom\/"},"author":{"name":"dorogimedence.hu","@id":"https:\/\/dorogimedence.hu\/#\/schema\/person\/ce6091eeb7e95ecdc87890d6aa8e0fd4"},"headline":"Aranynap d\u00edjat kapott a Grand Hotel Esztergom","datePublished":"2025-05-22T14:28:13+00:00","mainEntityOfPage":{"@id":"https:\/\/dorogimedence.hu\/index.php\/2025\/05\/22\/aranynap-dijat-kapott-a-grand-hotel-esztergom\/"},"wordCount":546,"publisher":{"@id":"https:\/\/dorogimedence.hu\/#organization"},"image":{"@id":"https:\/\/dorogimedence.hu\/index.php\/2025\/05\/22\/aranynap-dijat-kapott-a-grand-hotel-esztergom\/#primaryimage"},"thumbnailUrl":"https:\/\/dorogimedence.hu\/wp-content\/uploads\/2025\/05\/Aranynap-dij.jpg","keywords":["d\u00edj","d\u00edj\u00e1tad\u00f3","esztergom","Grand Hotel Esztergom"],"articleSection":["Esztergom","H\u00edrek"],"inLanguage":"hu"},{"@type":"WebPage","@id":"https:\/\/dorogimedence.hu\/index.php\/2025\/05\/22\/aranynap-dijat-kapott-a-grand-hotel-esztergom\/","url":"https:\/\/dorogimedence.hu\/index.php\/2025\/05\/22\/aranynap-dijat-kapott-a-grand-hotel-esztergom\/","name":"Aranynap d\u00edjat kapott a Grand Hotel Esztergom","isPartOf":{"@id":"https:\/\/dorogimedence.hu\/#website"},"primaryImageOfPage":{"@id":"https:\/\/dorogimedence.hu\/index.php\/2025\/05\/22\/aranynap-dijat-kapott-a-grand-hotel-esztergom\/#primaryimage"},"image":{"@id":"https:\/\/dorogimedence.hu\/index.php\/2025\/05\/22\/aranynap-dijat-kapott-a-grand-hotel-esztergom\/#primaryimage"},"thumbnailUrl":"https:\/\/dorogimedence.hu\/wp-content\/uploads\/2025\/05\/Aranynap-dij.jpg","datePublished":"2025-05-22T14:28:13+00:00","breadcrumb":{"@id":"https:\/\/dorogimedence.hu\/index.php\/2025\/05\/22\/aranynap-dijat-kapott-a-grand-hotel-esztergom\/#breadcrumb"},"inLanguage":"hu","potentialAction":[{"@type":"ReadAction","target":["https:\/\/dorogimedence.hu\/index.php\/2025\/05\/22\/aranynap-dijat-kapott-a-grand-hotel-esztergom\/"]}]},{"@type":"ImageObject","inLanguage":"hu","@id":"https:\/\/dorogimedence.hu\/index.php\/2025\/05\/22\/aranynap-dijat-kapott-a-grand-hotel-esztergom\/#primaryimage","url":"https:\/\/dorogimedence.hu\/wp-content\/uploads\/2025\/05\/Aranynap-dij.jpg","contentUrl":"https:\/\/dorogimedence.hu\/wp-content\/uploads\/2025\/05\/Aranynap-dij.jpg","width":1290,"height":860},{"@type":"BreadcrumbList","@id":"https:\/\/dorogimedence.hu\/index.php\/2025\/05\/22\/aranynap-dijat-kapott-a-grand-hotel-esztergom\/#breadcrumb","itemListElement":[{"@type":"ListItem","position":1,"name":"Kezd\u0151lap","item":"https:\/\/dorogimedence.hu\/"},{"@type":"ListItem","position":2,"name":"Aranynap d\u00edjat kapott a Grand Hotel Esztergom"}]},{"@type":"WebSite","@id":"https:\/\/dorogimedence.hu\/#website","url":"https:\/\/dorogimedence.hu\/","name":"Dorogi-medence Region\u00e1lis H\u00edrport\u00e1l","description":"Dorog, Keszt\u00f6lc, Le\u00e1nyv\u00e1r, Piliscs\u00e9v, Tokod, Tokodalt\u00e1r\u00f3, Csolnok, Esztergom-kertv\u00e1ros: h\u00edrek, programok","publisher":{"@id":"https:\/\/dorogimedence.hu\/#organization"},"potentialAction":[{"@type":"SearchAction","target":{"@type":"EntryPoint","urlTemplate":"https:\/\/dorogimedence.hu\/?s={search_term_string}"},"query-input":{"@type":"PropertyValueSpecification","valueRequired":true,"valueName":"search_term_string"}}],"inLanguage":"hu"},{"@type":"Organization","@id":"https:\/\/dorogimedence.hu\/#organization","name":"Dorogi-medence Region\u00e1lis H\u00edrport\u00e1l","url":"https:\/\/dorogimedence.hu\/","logo":{"@type":"ImageObject","inLanguage":"hu","@id":"https:\/\/dorogimedence.hu\/#\/schema\/logo\/image\/","url":"https:\/\/dorogimedence.hu\/wp-content\/uploads\/2021\/04\/logo-feher-600.png","contentUrl":"https:\/\/dorogimedence.hu\/wp-content\/uploads\/2021\/04\/logo-feher-600.png","width":600,"height":100,"caption":"Dorogi-medence Region\u00e1lis H\u00edrport\u00e1l"},"image":{"@id":"https:\/\/dorogimedence.hu\/#\/schema\/logo\/image\/"},"sameAs":["https:\/\/www.facebook.com\/dorogimedence\/"]},{"@type":"Person","@id":"https:\/\/dorogimedence.hu\/#\/schema\/person\/ce6091eeb7e95ecdc87890d6aa8e0fd4","name":"dorogimedence.hu","image":{"@type":"ImageObject","inLanguage":"hu","@id":"\/\/www.gravatar.com\/avatar\/d8d45f8901aadff40a4af72c0b826f1d?s=96&#038;r=g&#038;d=mm","url":"\/\/www.gravatar.com\/avatar\/d8d45f8901aadff40a4af72c0b826f1d?s=96&#038;r=g&#038;d=mm","contentUrl":"\/\/www.gravatar.com\/avatar\/d8d45f8901aadff40a4af72c0b826f1d?s=96&#038;r=g&#038;d=mm","caption":"dorogimedence.hu"}}]}},"_links":{"self":[{"href":"https:\/\/dorogimedence.hu\/index.php\/wp-json\/wp\/v2\/posts\/71362","targetHints":{"allow":["GET"]}}],"collection":[{"href":"https:\/\/dorogimedence.hu\/index.php\/wp-json\/wp\/v2\/posts"}],"about":[{"href":"https:\/\/dorogimedence.hu\/index.php\/wp-json\/wp\/v2\/types\/post"}],"author":[{"embeddable":true,"href":"https:\/\/dorogimedence.hu\/index.php\/wp-json\/wp\/v2\/users\/1"}],"replies":[{"embeddable":true,"href":"https:\/\/dorogimedence.hu\/index.php\/wp-json\/wp\/v2\/comments?post=71362"}],"version-history":[{"count":0,"href":"https:\/\/dorogimedence.hu\/index.php\/wp-json\/wp\/v2\/posts\/71362\/revisions"}],"wp:featuredmedia":[{"embeddable":true,"href":"https:\/\/dorogimedence.hu\/index.php\/wp-json\/wp\/v2\/media\/71363"}],"wp:attachment":[{"href":"https:\/\/dorogimedence.hu\/index.php\/wp-json\/wp\/v2\/media?parent=71362"}],"wp:term":[{"taxonomy":"category","embeddable":true,"href":"https:\/\/dorogimedence.hu\/index.php\/wp-json\/wp\/v2\/categories?post=71362"},{"taxonomy":"post_tag","embeddable":true,"href":"https:\/\/dorogimedence.hu\/index.php\/wp-json\/wp\/v2\/tags?post=71362"}],"curies":[{"name":"wp","href":"https:\/\/api.w.org\/{rel}","templated":true}]}}