{"id":71339,"date":"2025-05-22T12:06:48","date_gmt":"2025-05-22T10:06:48","guid":{"rendered":"https:\/\/dorogimedence.hu\/?p=71339"},"modified":"2025-05-22T12:06:48","modified_gmt":"2025-05-22T10:06:48","slug":"csaladi-ulohely-az-emeletes-vonatokon","status":"publish","type":"post","link":"https:\/\/dorogimedence.hu\/index.php\/2025\/05\/22\/csaladi-ulohely-az-emeletes-vonatokon\/","title":{"rendered":"Csal\u00e1di \u00fcl\u0151hely az emeletes vonatokon"},"content":{"rendered":"<div class=\"field-lead\">\n<p><strong>A nemzet k\u00f6zleked\u00e9si v\u00e1llalata az \u00faj tarif\u00e1kkal nemcsak az ing\u00e1z\u00f3 feln\u0151ttek \u00e9s di\u00e1kok, hanem a kir\u00e1ndul\u00f3 csal\u00e1dok sz\u00e1m\u00e1ra is olcs\u00f3bb\u00e1 tette az utaz\u00e1st. A Gyermeknapra, illetve a teljes, ny\u00e1ri f\u0151szezonra id\u0151z\u00edtett l\u00e9p\u00e9sek c\u00e9lja az, hogy jobb\u00e1 is tegy\u00e9k<\/strong> <em>\u2013 <a href=\"https:\/\/www.mavcsoport.hu\/mav-csoport\/csaladi-ulohely-emeletes-vonatokon-segitseg-kisbabaval-torteno-utazashoz-kulon-weboldal\" target=\"_blank\" rel=\"noopener\"><span style=\"text-decoration: underline;\"><span style=\"color: #0000ff; text-decoration: underline;\">jelentette be<\/span><\/span><\/a> a M\u00c1V-csoport abb\u00f3l az alkalomb\u00f3l, hogy a Csal\u00e1dbar\u00e1t Magyarorsz\u00e1g programhoz kapcsol\u00f3d\u00f3an \u00fajabb, csal\u00e1dbar\u00e1t l\u00e9p\u00e9sekr\u0151l \u00e9s egy hasznos inform\u00e1ci\u00f3kat, de sz\u00f3rakoztat\u00f3 tartalmakat is k\u00edn\u00e1l\u00f3 csal\u00e1di weboldal elind\u00edt\u00e1s\u00e1r\u00f3l adott t\u00e1j\u00e9koztat\u00e1st.<\/em><\/p>\n<\/div>\n<div class=\"field-body\">\n<p>Nincs m\u00e9g egy olyan k\u00f6zleked\u00e9si eszk\u00f6z, mint a vonat, ahol nagysz\u00e1mban el\u00e9rhet\u0151 az a fajta \u00fcl\u00e9selrendez\u00e9s, ahol&nbsp;a csal\u00e1dtagok egym\u00e1ssal szemben \u00fclve tudnak utazni, r\u00e1ad\u00e1sul a csal\u00e1dtag, aki m\u00e1skor sof\u0151r szokott lenni, szint\u00e9n \u00f6nfeledten egy\u00fctt lehet a csal\u00e1ddal.<\/p>\n<p>Hogy ezzel a lehet\u0151s\u00e9ggel min\u00e9l t\u00f6bb csal\u00e1d biztosan \u00e9lhessen, a mai napt\u00f3l tesztjelleggel mind <strong>a 40 KISS motorvonaton csal\u00e1di helyeket jel\u00f6lnek ki. \u00cdgy egym\u00e1s mellett 6 darab n\u00e9gyes \u00fcl\u00e9st (\u00f6sszesen 24 helyet) a kisgyerekes csal\u00e1dok sz\u00e1m\u00e1ra tartanak fenn, ahol az sem olyan nagy baj, ha egy picit hangosabbak a gyerekek. Term\u00e9szetesen ezeket a helyeket a \u201elegmen\u0151bb\u201d r\u00e9szen, az emeleten alak\u00edtott\u00e1k ki.<\/strong> Gondoltak a kisebbekre is: a kisgyermekes csal\u00e1dokat a <strong>f\u00f6ldszinten babakocsi-helyek<\/strong>kel v\u00e1rj\u00e1k, ahol mell\u00e9khelyis\u00e9gekben<strong> pelenk\u00e1z\u00f3<\/strong> is tal\u00e1lhat\u00f3.<\/p>\n<p>Ahhoz, hogy a csal\u00e1d tudja, hogy hol \u00e9s mikor j\u00e1rnak emeletes motorvonatok, <strong>heti szinten friss\u00edtve<\/strong> teszik k\u00f6z\u00e9 <strong>a KISS-ek menetrendj\u00e9t, <\/strong>amelyet a csoportport\u00e1lon, kifejezett a csal\u00e1doknak sz\u00f3l\u00f3 <a tabindex=\"0\" href=\"https:\/\/www.mavcsoport.hu\/csalad\" target=\"_blank\" rel=\"noopener\"><span style=\"text-decoration: underline; color: #0000ff;\">csal\u00e1di aloldalon<\/span><\/a> helyeztek el.<\/p>\n<p>A <a tabindex=\"0\" href=\"https:\/\/www.mavcsoport.hu\/csalad\" target=\"_blank\" rel=\"noopener\"><span style=\"text-decoration: underline; color: #0000ff;\">https:\/\/www.mavcsoport.hu\/csalad<\/span><\/a> c\u00edmen tal\u00e1lhat\u00f3 webhely a gyereknap alkalm\u00e1b\u00f3l teljesen meg\u00fajult \u00e9s m\u00e9g t\u00f6bb tartalommal seg\u00edti az utaz\u00e1st: utaz\u00f3s j\u00e1t\u00e9k\u00f6tleteket, foglalkoztat\u00f3 f\u00fczetet, mes\u00e9ket, gy\u0171jt\u00f6ttek itt \u00f6ssze a csal\u00e1dok sz\u00e1m\u00e1ra, de tippeket is adnak a csal\u00e1di kir\u00e1ndul\u00e1sokhoz, illetve t\u00e1j\u00e9koz\u00f3dhatnak arr\u00f3l, hogy milyen kedvezm\u00e9nyek \u00e9rhet\u0151k el a gyerekek, valamint a nagycsal\u00e1dos utasok sz\u00e1m\u00e1ra.<\/p>\n<\/div>\n<p><iframe title=\"S\u00e1ri\u00e9k a vonaton\" width=\"755\" height=\"425\" src=\"https:\/\/www.youtube.com\/embed\/J4xihoMB3I4?feature=oembed\" frameborder=\"0\" allow=\"accelerometer; autoplay; clipboard-write; encrypted-media; gyroscope; picture-in-picture; web-share\" referrerpolicy=\"strict-origin-when-cross-origin\" allowfullscreen><\/iframe><\/p>\n<p><em>Bor\u00edt\u00f3k\u00e9p, forr\u00e1s: M\u00c1V Zrt. Kommunik\u00e1ci\u00f3s Igazgat\u00f3s\u00e1g<\/em><\/p>\n","protected":false},"excerpt":{"rendered":"<p>A nemzet k\u00f6zleked\u00e9si v\u00e1llalata az \u00faj tarif\u00e1kkal nemcsak az ing\u00e1z\u00f3 feln\u0151ttek \u00e9s di\u00e1kok, hanem a kir\u00e1ndul\u00f3 csal\u00e1dok sz\u00e1m\u00e1ra is olcs\u00f3bb\u00e1 tette az utaz\u00e1st. A Gyermeknapra, illetve a teljes, ny\u00e1ri f\u0151szezonra id\u0151z\u00edtett l\u00e9p\u00e9sek c\u00e9lja az, hogy jobb\u00e1 is tegy\u00e9k \u2013 jelentette be a M\u00c1V-csoport abb\u00f3l az alkalomb\u00f3l, hogy a Csal\u00e1dbar\u00e1t Magyarorsz\u00e1g programhoz kapcsol\u00f3d\u00f3an \u00fajabb, csal\u00e1dbar\u00e1t l\u00e9p\u00e9sekr\u0151l<\/p>\n","protected":false},"author":1,"featured_media":71340,"comment_status":"closed","ping_status":"closed","sticky":false,"template":"","format":"standard","meta":{"ngg_post_thumbnail":0,"footnotes":""},"categories":[6934,3],"tags":[292,381,291],"class_list":{"0":"post-71339","1":"post","2":"type-post","3":"status-publish","4":"format-standard","5":"has-post-thumbnail","7":"category-belfold","8":"category-hirek","9":"tag-mav","10":"tag-vasut","11":"tag-vonat"},"yoast_head":"<!-- This site is optimized with the Yoast SEO plugin v27.4 - https:\/\/yoast.com\/product\/yoast-seo-wordpress\/ -->\n<title>Csal\u00e1di \u00fcl\u0151hely az emeletes vonatokon<\/title>\n<meta name=\"robots\" content=\"index, follow, max-snippet:-1, max-image-preview:large, max-video-preview:-1\" \/>\n<link rel=\"canonical\" href=\"https:\/\/dorogimedence.hu\/index.php\/2025\/05\/22\/csaladi-ulohely-az-emeletes-vonatokon\/\" class=\"yoast-seo-meta-tag\" \/>\n<meta property=\"og:locale\" content=\"hu_HU\" class=\"yoast-seo-meta-tag\" \/>\n<meta property=\"og:type\" content=\"article\" class=\"yoast-seo-meta-tag\" \/>\n<meta property=\"og:title\" content=\"Csal\u00e1di \u00fcl\u0151hely az emeletes vonatokon\" class=\"yoast-seo-meta-tag\" \/>\n<meta property=\"og:description\" content=\"A nemzet k\u00f6zleked\u00e9si v\u00e1llalata az \u00faj tarif\u00e1kkal nemcsak az ing\u00e1z\u00f3 feln\u0151ttek \u00e9s di\u00e1kok, hanem a kir\u00e1ndul\u00f3 csal\u00e1dok sz\u00e1m\u00e1ra is olcs\u00f3bb\u00e1 tette az utaz\u00e1st. A Gyermeknapra, illetve a teljes, ny\u00e1ri f\u0151szezonra id\u0151z\u00edtett l\u00e9p\u00e9sek c\u00e9lja az, hogy jobb\u00e1 is tegy\u00e9k \u2013 jelentette be a M\u00c1V-csoport abb\u00f3l az alkalomb\u00f3l, hogy a Csal\u00e1dbar\u00e1t Magyarorsz\u00e1g programhoz kapcsol\u00f3d\u00f3an \u00fajabb, csal\u00e1dbar\u00e1t l\u00e9p\u00e9sekr\u0151l\" class=\"yoast-seo-meta-tag\" \/>\n<meta property=\"og:url\" content=\"https:\/\/dorogimedence.hu\/index.php\/2025\/05\/22\/csaladi-ulohely-az-emeletes-vonatokon\/\" class=\"yoast-seo-meta-tag\" \/>\n<meta property=\"og:site_name\" content=\"Dorogi-medence Region\u00e1lis H\u00edrport\u00e1l\" class=\"yoast-seo-meta-tag\" \/>\n<meta property=\"article:publisher\" content=\"https:\/\/www.facebook.com\/dorogimedence\/\" class=\"yoast-seo-meta-tag\" \/>\n<meta property=\"article:published_time\" content=\"2025-05-22T10:06:48+00:00\" class=\"yoast-seo-meta-tag\" \/>\n<meta property=\"og:image\" content=\"https:\/\/dorogimedence.hu\/wp-content\/uploads\/2025\/05\/sariek-a-vonaton.jpg\" class=\"yoast-seo-meta-tag\" \/>\n\t<meta property=\"og:image:width\" content=\"1920\" class=\"yoast-seo-meta-tag\" \/>\n\t<meta property=\"og:image:height\" content=\"970\" class=\"yoast-seo-meta-tag\" \/>\n\t<meta property=\"og:image:type\" content=\"image\/jpeg\" class=\"yoast-seo-meta-tag\" \/>\n<meta name=\"author\" content=\"dorogimedence.hu\" class=\"yoast-seo-meta-tag\" \/>\n<meta name=\"twitter:card\" content=\"summary_large_image\" class=\"yoast-seo-meta-tag\" \/>\n<meta name=\"twitter:label1\" content=\"Szerz\u0151:\" class=\"yoast-seo-meta-tag\" \/>\n\t<meta name=\"twitter:data1\" content=\"dorogimedence.hu\" class=\"yoast-seo-meta-tag\" \/>\n\t<meta name=\"twitter:label2\" content=\"Becs\u00fclt olvas\u00e1si id\u0151\" class=\"yoast-seo-meta-tag\" \/>\n\t<meta name=\"twitter:data2\" content=\"2 perc\" class=\"yoast-seo-meta-tag\" \/>\n<script type=\"application\/ld+json\" class=\"yoast-schema-graph\">{\"@context\":\"https:\\\/\\\/schema.org\",\"@graph\":[{\"@type\":\"Article\",\"@id\":\"https:\\\/\\\/dorogimedence.hu\\\/index.php\\\/2025\\\/05\\\/22\\\/csaladi-ulohely-az-emeletes-vonatokon\\\/#article\",\"isPartOf\":{\"@id\":\"https:\\\/\\\/dorogimedence.hu\\\/index.php\\\/2025\\\/05\\\/22\\\/csaladi-ulohely-az-emeletes-vonatokon\\\/\"},\"author\":{\"name\":\"dorogimedence.hu\",\"@id\":\"https:\\\/\\\/dorogimedence.hu\\\/#\\\/schema\\\/person\\\/ce6091eeb7e95ecdc87890d6aa8e0fd4\"},\"headline\":\"Csal\u00e1di \u00fcl\u0151hely az emeletes vonatokon\",\"datePublished\":\"2025-05-22T10:06:48+00:00\",\"mainEntityOfPage\":{\"@id\":\"https:\\\/\\\/dorogimedence.hu\\\/index.php\\\/2025\\\/05\\\/22\\\/csaladi-ulohely-az-emeletes-vonatokon\\\/\"},\"wordCount\":430,\"publisher\":{\"@id\":\"https:\\\/\\\/dorogimedence.hu\\\/#organization\"},\"image\":{\"@id\":\"https:\\\/\\\/dorogimedence.hu\\\/index.php\\\/2025\\\/05\\\/22\\\/csaladi-ulohely-az-emeletes-vonatokon\\\/#primaryimage\"},\"thumbnailUrl\":\"https:\\\/\\\/dorogimedence.hu\\\/wp-content\\\/uploads\\\/2025\\\/05\\\/sariek-a-vonaton.jpg\",\"keywords\":[\"m\u00e1v\",\"vas\u00fat\",\"vonat\"],\"articleSection\":[\"Belf\u00f6ld, Gazdas\u00e1g\",\"H\u00edrek\"],\"inLanguage\":\"hu\"},{\"@type\":\"WebPage\",\"@id\":\"https:\\\/\\\/dorogimedence.hu\\\/index.php\\\/2025\\\/05\\\/22\\\/csaladi-ulohely-az-emeletes-vonatokon\\\/\",\"url\":\"https:\\\/\\\/dorogimedence.hu\\\/index.php\\\/2025\\\/05\\\/22\\\/csaladi-ulohely-az-emeletes-vonatokon\\\/\",\"name\":\"Csal\u00e1di \u00fcl\u0151hely az emeletes vonatokon\",\"isPartOf\":{\"@id\":\"https:\\\/\\\/dorogimedence.hu\\\/#website\"},\"primaryImageOfPage\":{\"@id\":\"https:\\\/\\\/dorogimedence.hu\\\/index.php\\\/2025\\\/05\\\/22\\\/csaladi-ulohely-az-emeletes-vonatokon\\\/#primaryimage\"},\"image\":{\"@id\":\"https:\\\/\\\/dorogimedence.hu\\\/index.php\\\/2025\\\/05\\\/22\\\/csaladi-ulohely-az-emeletes-vonatokon\\\/#primaryimage\"},\"thumbnailUrl\":\"https:\\\/\\\/dorogimedence.hu\\\/wp-content\\\/uploads\\\/2025\\\/05\\\/sariek-a-vonaton.jpg\",\"datePublished\":\"2025-05-22T10:06:48+00:00\",\"breadcrumb\":{\"@id\":\"https:\\\/\\\/dorogimedence.hu\\\/index.php\\\/2025\\\/05\\\/22\\\/csaladi-ulohely-az-emeletes-vonatokon\\\/#breadcrumb\"},\"inLanguage\":\"hu\",\"potentialAction\":[{\"@type\":\"ReadAction\",\"target\":[\"https:\\\/\\\/dorogimedence.hu\\\/index.php\\\/2025\\\/05\\\/22\\\/csaladi-ulohely-az-emeletes-vonatokon\\\/\"]}]},{\"@type\":\"ImageObject\",\"inLanguage\":\"hu\",\"@id\":\"https:\\\/\\\/dorogimedence.hu\\\/index.php\\\/2025\\\/05\\\/22\\\/csaladi-ulohely-az-emeletes-vonatokon\\\/#primaryimage\",\"url\":\"https:\\\/\\\/dorogimedence.hu\\\/wp-content\\\/uploads\\\/2025\\\/05\\\/sariek-a-vonaton.jpg\",\"contentUrl\":\"https:\\\/\\\/dorogimedence.hu\\\/wp-content\\\/uploads\\\/2025\\\/05\\\/sariek-a-vonaton.jpg\",\"width\":1920,\"height\":970},{\"@type\":\"BreadcrumbList\",\"@id\":\"https:\\\/\\\/dorogimedence.hu\\\/index.php\\\/2025\\\/05\\\/22\\\/csaladi-ulohely-az-emeletes-vonatokon\\\/#breadcrumb\",\"itemListElement\":[{\"@type\":\"ListItem\",\"position\":1,\"name\":\"Kezd\u0151lap\",\"item\":\"https:\\\/\\\/dorogimedence.hu\\\/\"},{\"@type\":\"ListItem\",\"position\":2,\"name\":\"Csal\u00e1di \u00fcl\u0151hely az emeletes vonatokon\"}]},{\"@type\":\"WebSite\",\"@id\":\"https:\\\/\\\/dorogimedence.hu\\\/#website\",\"url\":\"https:\\\/\\\/dorogimedence.hu\\\/\",\"name\":\"Dorogi-medence Region\u00e1lis H\u00edrport\u00e1l\",\"description\":\"Dorog, Keszt\u00f6lc, Le\u00e1nyv\u00e1r, Piliscs\u00e9v, Tokod, Tokodalt\u00e1r\u00f3, Csolnok, Esztergom-kertv\u00e1ros: h\u00edrek, programok\",\"publisher\":{\"@id\":\"https:\\\/\\\/dorogimedence.hu\\\/#organization\"},\"potentialAction\":[{\"@type\":\"SearchAction\",\"target\":{\"@type\":\"EntryPoint\",\"urlTemplate\":\"https:\\\/\\\/dorogimedence.hu\\\/?s={search_term_string}\"},\"query-input\":{\"@type\":\"PropertyValueSpecification\",\"valueRequired\":true,\"valueName\":\"search_term_string\"}}],\"inLanguage\":\"hu\"},{\"@type\":\"Organization\",\"@id\":\"https:\\\/\\\/dorogimedence.hu\\\/#organization\",\"name\":\"Dorogi-medence Region\u00e1lis H\u00edrport\u00e1l\",\"url\":\"https:\\\/\\\/dorogimedence.hu\\\/\",\"logo\":{\"@type\":\"ImageObject\",\"inLanguage\":\"hu\",\"@id\":\"https:\\\/\\\/dorogimedence.hu\\\/#\\\/schema\\\/logo\\\/image\\\/\",\"url\":\"https:\\\/\\\/dorogimedence.hu\\\/wp-content\\\/uploads\\\/2021\\\/04\\\/logo-feher-600.png\",\"contentUrl\":\"https:\\\/\\\/dorogimedence.hu\\\/wp-content\\\/uploads\\\/2021\\\/04\\\/logo-feher-600.png\",\"width\":600,\"height\":100,\"caption\":\"Dorogi-medence Region\u00e1lis H\u00edrport\u00e1l\"},\"image\":{\"@id\":\"https:\\\/\\\/dorogimedence.hu\\\/#\\\/schema\\\/logo\\\/image\\\/\"},\"sameAs\":[\"https:\\\/\\\/www.facebook.com\\\/dorogimedence\\\/\"]},{\"@type\":\"Person\",\"@id\":\"https:\\\/\\\/dorogimedence.hu\\\/#\\\/schema\\\/person\\\/ce6091eeb7e95ecdc87890d6aa8e0fd4\",\"name\":\"dorogimedence.hu\",\"image\":{\"@type\":\"ImageObject\",\"inLanguage\":\"hu\",\"@id\":\"\\\/\\\/www.gravatar.com\\\/avatar\\\/d8d45f8901aadff40a4af72c0b826f1d?s=96&#038;r=g&#038;d=mm\",\"url\":\"\\\/\\\/www.gravatar.com\\\/avatar\\\/d8d45f8901aadff40a4af72c0b826f1d?s=96&#038;r=g&#038;d=mm\",\"contentUrl\":\"\\\/\\\/www.gravatar.com\\\/avatar\\\/d8d45f8901aadff40a4af72c0b826f1d?s=96&#038;r=g&#038;d=mm\",\"caption\":\"dorogimedence.hu\"}}]}<\/script>\n<!-- \/ Yoast SEO plugin. -->","yoast_head_json":{"title":"Csal\u00e1di \u00fcl\u0151hely az emeletes vonatokon","robots":{"index":"index","follow":"follow","max-snippet":"max-snippet:-1","max-image-preview":"max-image-preview:large","max-video-preview":"max-video-preview:-1"},"canonical":"https:\/\/dorogimedence.hu\/index.php\/2025\/05\/22\/csaladi-ulohely-az-emeletes-vonatokon\/","og_locale":"hu_HU","og_type":"article","og_title":"Csal\u00e1di \u00fcl\u0151hely az emeletes vonatokon","og_description":"A nemzet k\u00f6zleked\u00e9si v\u00e1llalata az \u00faj tarif\u00e1kkal nemcsak az ing\u00e1z\u00f3 feln\u0151ttek \u00e9s di\u00e1kok, hanem a kir\u00e1ndul\u00f3 csal\u00e1dok sz\u00e1m\u00e1ra is olcs\u00f3bb\u00e1 tette az utaz\u00e1st. A Gyermeknapra, illetve a teljes, ny\u00e1ri f\u0151szezonra id\u0151z\u00edtett l\u00e9p\u00e9sek c\u00e9lja az, hogy jobb\u00e1 is tegy\u00e9k \u2013 jelentette be a M\u00c1V-csoport abb\u00f3l az alkalomb\u00f3l, hogy a Csal\u00e1dbar\u00e1t Magyarorsz\u00e1g programhoz kapcsol\u00f3d\u00f3an \u00fajabb, csal\u00e1dbar\u00e1t l\u00e9p\u00e9sekr\u0151l","og_url":"https:\/\/dorogimedence.hu\/index.php\/2025\/05\/22\/csaladi-ulohely-az-emeletes-vonatokon\/","og_site_name":"Dorogi-medence Region\u00e1lis H\u00edrport\u00e1l","article_publisher":"https:\/\/www.facebook.com\/dorogimedence\/","article_published_time":"2025-05-22T10:06:48+00:00","og_image":[{"width":1920,"height":970,"url":"https:\/\/dorogimedence.hu\/wp-content\/uploads\/2025\/05\/sariek-a-vonaton.jpg","type":"image\/jpeg"}],"author":"dorogimedence.hu","twitter_card":"summary_large_image","twitter_misc":{"Szerz\u0151:":"dorogimedence.hu","Becs\u00fclt olvas\u00e1si id\u0151":"2 perc"},"schema":{"@context":"https:\/\/schema.org","@graph":[{"@type":"Article","@id":"https:\/\/dorogimedence.hu\/index.php\/2025\/05\/22\/csaladi-ulohely-az-emeletes-vonatokon\/#article","isPartOf":{"@id":"https:\/\/dorogimedence.hu\/index.php\/2025\/05\/22\/csaladi-ulohely-az-emeletes-vonatokon\/"},"author":{"name":"dorogimedence.hu","@id":"https:\/\/dorogimedence.hu\/#\/schema\/person\/ce6091eeb7e95ecdc87890d6aa8e0fd4"},"headline":"Csal\u00e1di \u00fcl\u0151hely az emeletes vonatokon","datePublished":"2025-05-22T10:06:48+00:00","mainEntityOfPage":{"@id":"https:\/\/dorogimedence.hu\/index.php\/2025\/05\/22\/csaladi-ulohely-az-emeletes-vonatokon\/"},"wordCount":430,"publisher":{"@id":"https:\/\/dorogimedence.hu\/#organization"},"image":{"@id":"https:\/\/dorogimedence.hu\/index.php\/2025\/05\/22\/csaladi-ulohely-az-emeletes-vonatokon\/#primaryimage"},"thumbnailUrl":"https:\/\/dorogimedence.hu\/wp-content\/uploads\/2025\/05\/sariek-a-vonaton.jpg","keywords":["m\u00e1v","vas\u00fat","vonat"],"articleSection":["Belf\u00f6ld, Gazdas\u00e1g","H\u00edrek"],"inLanguage":"hu"},{"@type":"WebPage","@id":"https:\/\/dorogimedence.hu\/index.php\/2025\/05\/22\/csaladi-ulohely-az-emeletes-vonatokon\/","url":"https:\/\/dorogimedence.hu\/index.php\/2025\/05\/22\/csaladi-ulohely-az-emeletes-vonatokon\/","name":"Csal\u00e1di \u00fcl\u0151hely az emeletes vonatokon","isPartOf":{"@id":"https:\/\/dorogimedence.hu\/#website"},"primaryImageOfPage":{"@id":"https:\/\/dorogimedence.hu\/index.php\/2025\/05\/22\/csaladi-ulohely-az-emeletes-vonatokon\/#primaryimage"},"image":{"@id":"https:\/\/dorogimedence.hu\/index.php\/2025\/05\/22\/csaladi-ulohely-az-emeletes-vonatokon\/#primaryimage"},"thumbnailUrl":"https:\/\/dorogimedence.hu\/wp-content\/uploads\/2025\/05\/sariek-a-vonaton.jpg","datePublished":"2025-05-22T10:06:48+00:00","breadcrumb":{"@id":"https:\/\/dorogimedence.hu\/index.php\/2025\/05\/22\/csaladi-ulohely-az-emeletes-vonatokon\/#breadcrumb"},"inLanguage":"hu","potentialAction":[{"@type":"ReadAction","target":["https:\/\/dorogimedence.hu\/index.php\/2025\/05\/22\/csaladi-ulohely-az-emeletes-vonatokon\/"]}]},{"@type":"ImageObject","inLanguage":"hu","@id":"https:\/\/dorogimedence.hu\/index.php\/2025\/05\/22\/csaladi-ulohely-az-emeletes-vonatokon\/#primaryimage","url":"https:\/\/dorogimedence.hu\/wp-content\/uploads\/2025\/05\/sariek-a-vonaton.jpg","contentUrl":"https:\/\/dorogimedence.hu\/wp-content\/uploads\/2025\/05\/sariek-a-vonaton.jpg","width":1920,"height":970},{"@type":"BreadcrumbList","@id":"https:\/\/dorogimedence.hu\/index.php\/2025\/05\/22\/csaladi-ulohely-az-emeletes-vonatokon\/#breadcrumb","itemListElement":[{"@type":"ListItem","position":1,"name":"Kezd\u0151lap","item":"https:\/\/dorogimedence.hu\/"},{"@type":"ListItem","position":2,"name":"Csal\u00e1di \u00fcl\u0151hely az emeletes vonatokon"}]},{"@type":"WebSite","@id":"https:\/\/dorogimedence.hu\/#website","url":"https:\/\/dorogimedence.hu\/","name":"Dorogi-medence Region\u00e1lis H\u00edrport\u00e1l","description":"Dorog, Keszt\u00f6lc, Le\u00e1nyv\u00e1r, Piliscs\u00e9v, Tokod, Tokodalt\u00e1r\u00f3, Csolnok, Esztergom-kertv\u00e1ros: h\u00edrek, programok","publisher":{"@id":"https:\/\/dorogimedence.hu\/#organization"},"potentialAction":[{"@type":"SearchAction","target":{"@type":"EntryPoint","urlTemplate":"https:\/\/dorogimedence.hu\/?s={search_term_string}"},"query-input":{"@type":"PropertyValueSpecification","valueRequired":true,"valueName":"search_term_string"}}],"inLanguage":"hu"},{"@type":"Organization","@id":"https:\/\/dorogimedence.hu\/#organization","name":"Dorogi-medence Region\u00e1lis H\u00edrport\u00e1l","url":"https:\/\/dorogimedence.hu\/","logo":{"@type":"ImageObject","inLanguage":"hu","@id":"https:\/\/dorogimedence.hu\/#\/schema\/logo\/image\/","url":"https:\/\/dorogimedence.hu\/wp-content\/uploads\/2021\/04\/logo-feher-600.png","contentUrl":"https:\/\/dorogimedence.hu\/wp-content\/uploads\/2021\/04\/logo-feher-600.png","width":600,"height":100,"caption":"Dorogi-medence Region\u00e1lis H\u00edrport\u00e1l"},"image":{"@id":"https:\/\/dorogimedence.hu\/#\/schema\/logo\/image\/"},"sameAs":["https:\/\/www.facebook.com\/dorogimedence\/"]},{"@type":"Person","@id":"https:\/\/dorogimedence.hu\/#\/schema\/person\/ce6091eeb7e95ecdc87890d6aa8e0fd4","name":"dorogimedence.hu","image":{"@type":"ImageObject","inLanguage":"hu","@id":"\/\/www.gravatar.com\/avatar\/d8d45f8901aadff40a4af72c0b826f1d?s=96&#038;r=g&#038;d=mm","url":"\/\/www.gravatar.com\/avatar\/d8d45f8901aadff40a4af72c0b826f1d?s=96&#038;r=g&#038;d=mm","contentUrl":"\/\/www.gravatar.com\/avatar\/d8d45f8901aadff40a4af72c0b826f1d?s=96&#038;r=g&#038;d=mm","caption":"dorogimedence.hu"}}]}},"_links":{"self":[{"href":"https:\/\/dorogimedence.hu\/index.php\/wp-json\/wp\/v2\/posts\/71339","targetHints":{"allow":["GET"]}}],"collection":[{"href":"https:\/\/dorogimedence.hu\/index.php\/wp-json\/wp\/v2\/posts"}],"about":[{"href":"https:\/\/dorogimedence.hu\/index.php\/wp-json\/wp\/v2\/types\/post"}],"author":[{"embeddable":true,"href":"https:\/\/dorogimedence.hu\/index.php\/wp-json\/wp\/v2\/users\/1"}],"replies":[{"embeddable":true,"href":"https:\/\/dorogimedence.hu\/index.php\/wp-json\/wp\/v2\/comments?post=71339"}],"version-history":[{"count":0,"href":"https:\/\/dorogimedence.hu\/index.php\/wp-json\/wp\/v2\/posts\/71339\/revisions"}],"wp:featuredmedia":[{"embeddable":true,"href":"https:\/\/dorogimedence.hu\/index.php\/wp-json\/wp\/v2\/media\/71340"}],"wp:attachment":[{"href":"https:\/\/dorogimedence.hu\/index.php\/wp-json\/wp\/v2\/media?parent=71339"}],"wp:term":[{"taxonomy":"category","embeddable":true,"href":"https:\/\/dorogimedence.hu\/index.php\/wp-json\/wp\/v2\/categories?post=71339"},{"taxonomy":"post_tag","embeddable":true,"href":"https:\/\/dorogimedence.hu\/index.php\/wp-json\/wp\/v2\/tags?post=71339"}],"curies":[{"name":"wp","href":"https:\/\/api.w.org\/{rel}","templated":true}]}}