{"id":71312,"date":"2025-05-21T12:08:42","date_gmt":"2025-05-21T10:08:42","guid":{"rendered":"https:\/\/dorogimedence.hu\/?p=71312"},"modified":"2025-05-21T12:08:42","modified_gmt":"2025-05-21T10:08:42","slug":"elek-gabor-egesz-esztergom-nepunnepelyre-keszul","status":"publish","type":"post","link":"https:\/\/dorogimedence.hu\/index.php\/2025\/05\/21\/elek-gabor-egesz-esztergom-nepunnepelyre-keszul\/","title":{"rendered":"Elek G\u00e1bor: Eg\u00e9sz Esztergom n\u00e9p\u00fcnnep\u00e9lyre k\u00e9sz\u00fcl"},"content":{"rendered":"<div class=\"lead\"><strong>Egyetlen gy\u0151zelem v\u00e1lasztja el a bronz\u00e9remt\u0151l a n\u0151i k\u00e9zilabda bajnoks\u00e1g \u00fajonc\u00e1t, a MOL Esztergomnak a Duna\u00fajv\u00e1rost kell legy\u0151znie az utols\u00f3 fordul\u00f3ban, \u00e9s oda\u00e9r a dobog\u00f3ra. Elek G\u00e1bor \u00f3vatos, de magabiztos is a z\u00e1r\u00f3fordul\u00f3 el\u0151tt <\/strong><em>&#8211; olvashat\u00f3 a <a href=\"https:\/\/molcsapat.hu\/kezilabda\/elek-gabor-egesz-esztergom-nepunnepelyre-keszul-4060\" target=\"_blank\" rel=\"noopener\"><span style=\"text-decoration: underline; color: #0000ff;\">molcsapat.hu<\/span><\/a> oldalon.<\/em><\/div>\n<div class=\"text\">\n<p>Rezgett a l\u00e9c, de hozta a k\u00f6telez\u0151t a MOL Esztergom, amely a kies\u00e9s el\u0151l [az\u00f3ta tudjuk, sikertelen\u00fcl] menek\u00fcl\u0151 B\u00e9k\u00e9scsaba ellen csaknem leadta komoly el\u0151ny\u00e9t, ami ak\u00e1r a bronz\u00e9rem\u00e9rt foly\u00f3 k\u00fczdelem v\u00e9g\u00e9t is jelenthette volna. Az Egom v\u00e9g\u00fcl egy g\u00f3lt meg\u0151rz\u00f6tt az el\u0151ny\u00e9b\u0151l, \u00e9s tov\u00e1bbra is saj\u00e1t kez\u00e9ben tartja a sors\u00e1t a dobog\u00f3\u00e9rt foly\u00f3 versenyben.<\/p>\n<p>\u201cAz \u00e9n h\u00fclyes\u00e9gem is benne volt sok m\u00e1s mellett, mert kicsit sok\u00e1ig v\u00e1rtam, hogy majdcsak megoldjuk a feladatot, \u00e9s a t\u00fal sok t\u00fcrelemnek az lett a v\u00e9ge, hogy a v\u00e9g\u00e9n m\u00e9g izgulnunk is kellett. De a gy\u0151zelem volt a l\u00e9nyeg, a saj\u00e1t kez\u00fcnkben maradt a sorsunk\u201d &#8211; mondta <strong>Elek G\u00e1bor<\/strong> a MOL Csapatnak.<\/p>\n<h2>Egy fordul\u00f3ra a bronzt\u00f3l<\/h2>\n<p>A MOL Esztergom azonos pontsz\u00e1mmal \u00e1ll a Debrecennel, de ha most a tabell\u00e1ra n\u00e9z\u00fcnk, a Lokit l\u00e1tjuk a harmadik helyen. A bajnoks\u00e1g k\u00f6zben ugyanis a g\u00f3lk\u00fcl\u00f6nbs\u00e9g rangsorol, \u00e1m a v\u00e9geredm\u00e9nyn\u00e9l az egym\u00e1s elleni eredm\u00e9ny d\u00f6nt, \u00e9s mindk\u00e9t csapat nyert a m\u00e1sik otthon\u00e1ban, csak az esztergomiak magabiztosabban.<\/p>\n<p><q>\u201cNem az\u00e9rt, a negyedik hely is brut\u00e1lis brav\u00far egy \u00fajonct\u00f3l, de most m\u00e1r nagyon nem \u00f6r\u00fcln\u00e9nk neki\u201d<\/q> &#8211; mondta nevetve Elek.<\/p>\n<p>\u201cN\u00e9p\u00fcnnep\u00e9lyre k\u00e9sz\u00fcl eg\u00e9sz Esztergom, \u00e9s az ilyesmi nek\u00fcnk j\u00f3l szokott menni, a felfokozott v\u00e1rakoz\u00e1s \u00e1ltal\u00e1ban j\u00f3t hoz ki a csapatomb\u00f3l. Persze \u00e9lsportr\u00f3l besz\u00e9l\u00fcnk, b\u00e1rmi benne van, hiszen a j\u00e1t\u00e9kosok k\u00f6z\u00fcl kevesen l\u00e9ptek eddig p\u00e1ly\u00e1ra ilyen t\u00e9t\u00e9rt, de \u00fagy gondolom, nem fogunk \u00f6sszecsuklani a nyom\u00e1s alatt.\u201d<\/p>\n<p>\u2018\u201cPont mondtam a l\u00e1nyoknak az \u00f6lt\u00f6z\u0151ben, hogy ha a h\u00e9tv\u00e9g\u00e9n nyer\u00fcnk, olyat l\u00e1thatnak, amit m\u00e9g soha: \u00e9n m\u00e9g \u00edgy \u00e9letemben nem \u00f6r\u00fcltem bronz\u00e9remnek\u201d &#8211; tette hozz\u00e1 nevetve.<\/p>\n<p><img fetchpriority=\"high\" decoding=\"async\" class=\"alignnone size-full wp-image-71314\" src=\"https:\/\/dorogimedence.hu\/wp-content\/uploads\/2025\/05\/egom2.jpg\" alt=\"\" width=\"2000\" height=\"1125\" srcset=\"https:\/\/dorogimedence.hu\/wp-content\/uploads\/2025\/05\/egom2.jpg 2000w, https:\/\/dorogimedence.hu\/wp-content\/uploads\/2025\/05\/egom2-600x338.jpg 600w, https:\/\/dorogimedence.hu\/wp-content\/uploads\/2025\/05\/egom2-1920x1080.jpg 1920w, https:\/\/dorogimedence.hu\/wp-content\/uploads\/2025\/05\/egom2-768x432.jpg 768w, https:\/\/dorogimedence.hu\/wp-content\/uploads\/2025\/05\/egom2-1536x864.jpg 1536w, https:\/\/dorogimedence.hu\/wp-content\/uploads\/2025\/05\/egom2-150x84.jpg 150w, https:\/\/dorogimedence.hu\/wp-content\/uploads\/2025\/05\/egom2-450x253.jpg 450w, https:\/\/dorogimedence.hu\/wp-content\/uploads\/2025\/05\/egom2-1200x675.jpg 1200w\" sizes=\"(max-width: 2000px) 100vw, 2000px\" \/><\/p>\n<h2>Van az\u00e9rt mit\u0151l tartani<\/h2>\n<p>Elek elmondta, egy\u00e1ltal\u00e1n nem sz\u00e1m\u00edt r\u00e1, hogy a Debrecen utols\u00f3 fordul\u00f3s ellenfele, a V\u00e1c kikaparja a geszteny\u00e9t azzal, hogy idegenben j\u00f3 eredm\u00e9nyt \u00e9r el a Loki ellen.<\/p>\n<p>\u201cMaga a gondolat is vesz\u00e9lyes, nem is akarok vele foglalkozni. Csak a saj\u00e1t feladatunkra szabad koncentr\u00e1lni, ann\u00e1l is ink\u00e1bb, mert azt lesz\u00f6gezhetj\u00fck, hogy a Duna\u00fajv\u00e1ros j\u00e1t\u00e9ka nem igaz\u00e1n fekszik nek\u00fcnk.\u201d<\/p>\n<p><q>\u00d6ttel nyert\u00fcnk idegenben, de ha teljesen \u0151szinte akarok lenni, azt sem \u00e9rtem, hogy nyert\u00fck meg azt a meccset nemhogy \u00f6t, de egy g\u00f3llal.<\/q> Az egyik legrosszabb meccs\u00fcnk volt, visszan\u00e9zni sem esett igaz\u00e1n j\u00f3l, b\u00e1r az is igaz, hogy nyert\u00fcnk, \u00e9s az volt a l\u00e9nyeg. Most is \u00edgy lesz, csak a v\u00e9geredm\u00e9ny sz\u00e1m\u00edt.\u201d<\/p>\n<p>\u201cAzt l\u00e1tni kell, hogy a legt\u00f6bb csapat &#8211; \u00e9s ebbe magunkat is belesz\u00e1m\u00edtom &#8211; m\u00e1r nem azt hozza, amit mondjuk t\u00e9len. J\u00f6nnek a s\u00e9r\u00fcl\u00e9sek, f\u00e1radtabbak is a j\u00e1t\u00e9kosok, sok helyen \u00e9rz\u0151dik, hogy kifogyott a lend\u00fclet. Minket m\u00e9g visz el\u0151re a sz\u00edv\u00fcnk, de n\u00e1lunk is fogy az \u00fczemanyag\u201d &#8211; mondta a szakember.<\/p>\n<h2>Hatalmas dolog lenne<\/h2>\n<p>Elek azt k\u00e9rte, majd akkor t\u00e9rj\u00fcnk vissza a k\u00e9rd\u00e9sre, hogy hova helyezi p\u00e1lyafut\u00e1sa sikerei k\u00f6z\u00f6tt az Esztergommal el\u00e9rt bronz\u00e9rmet, ha siker\u00fclt megszerezni.<\/p>\n<p><q>Nem akarok semmit elkiab\u00e1lni, de az\u00e9rt er\u0151sen hiszek benne, hogy innen m\u00e1r sikerrel j\u00e1runk.<\/q>&#8222;Az eg\u00e9sz szezonnak le kell majd \u00fclepednie, de m\u00e1r az is nagyon dolog, amit m\u00e1r most t\u00e9nyk\u00e9nt lehet kezelni: megel\u0151zt\u00fck a V\u00e1cot, a Mosonmagyar\u00f3v\u00e1rt \u00e9s tal\u00e1n meg fogjuk a Debrecent is.\u201d<\/p>\n<p>\u201cMivel a Ferencv\u00e1ros \u00e9s a Gy\u0151r k\u00fcl\u00f6n kasztot k\u00e9pvisel a n\u0151i bajnoks\u00e1gban, az ellen\u00fck megv\u00edvott meccseken kalkul\u00e1lhat\u00f3 volt a n\u00e9gy veres\u00e9g, de ezen k\u00edv\u00fcl csak egyetlen meccset vesztett\u00fcnk el, a t\u00f6bbit megnyert\u00fck. Ez hatalmas dolog egy \u00fajonct\u00f3l.\u201d<\/p>\n<p>\u201cEgyetlen l\u00e9p\u00e9s v\u00e1laszt le minket att\u00f3l, hogy ezt az eg\u00e9szet m\u00falt id\u0151be tegy\u00fck. Rem\u00e9lem, sikerrel vessz\u00fck az utols\u00f3 akad\u00e1lyt, mert nagy sztorit \u00edrhatunk Esztergomban\u201d &#8211; tette hozz\u00e1 Elek.7<\/p>\n<p><em>Forr\u00e1s: molcsapat.hu<\/em><br \/>\n<em>Fot\u00f3k: MOL Esztergom<\/em><\/p>\n<\/div>\n","protected":false},"excerpt":{"rendered":"<p>Egyetlen gy\u0151zelem v\u00e1lasztja el a bronz\u00e9remt\u0151l a n\u0151i k\u00e9zilabda bajnoks\u00e1g \u00fajonc\u00e1t, a MOL Esztergomnak a Duna\u00fajv\u00e1rost kell legy\u0151znie az utols\u00f3 fordul\u00f3ban, \u00e9s oda\u00e9r a dobog\u00f3ra. Elek G\u00e1bor \u00f3vatos, de magabiztos is a z\u00e1r\u00f3fordul\u00f3 el\u0151tt &#8211; olvashat\u00f3 a molcsapat.hu oldalon. Rezgett a l\u00e9c, de hozta a k\u00f6telez\u0151t a MOL Esztergom, amely a kies\u00e9s el\u0151l [az\u00f3ta tudjuk,<\/p>\n","protected":false},"author":1,"featured_media":71313,"comment_status":"closed","ping_status":"closed","sticky":false,"template":"","format":"standard","meta":{"ngg_post_thumbnail":0,"footnotes":""},"categories":[38,3,5],"tags":[42,355,8025,16],"class_list":{"0":"post-71312","1":"post","2":"type-post","3":"status-publish","4":"format-standard","5":"has-post-thumbnail","7":"category-esztergom","8":"category-hirek","9":"category-sport","10":"tag-esztergom","11":"tag-kezilabda","12":"tag-mol-esztergom","13":"tag-sport"},"yoast_head":"<!-- This site is optimized with the Yoast SEO plugin v27.5 - https:\/\/yoast.com\/product\/yoast-seo-wordpress\/ -->\n<title>Elek G\u00e1bor: Eg\u00e9sz Esztergom n\u00e9p\u00fcnnep\u00e9lyre k\u00e9sz\u00fcl<\/title>\n<meta name=\"robots\" content=\"index, follow, max-snippet:-1, max-image-preview:large, max-video-preview:-1\" \/>\n<link rel=\"canonical\" href=\"https:\/\/dorogimedence.hu\/index.php\/2025\/05\/21\/elek-gabor-egesz-esztergom-nepunnepelyre-keszul\/\" class=\"yoast-seo-meta-tag\" \/>\n<meta property=\"og:locale\" content=\"hu_HU\" class=\"yoast-seo-meta-tag\" \/>\n<meta property=\"og:type\" content=\"article\" class=\"yoast-seo-meta-tag\" \/>\n<meta property=\"og:title\" content=\"Elek G\u00e1bor: Eg\u00e9sz Esztergom n\u00e9p\u00fcnnep\u00e9lyre k\u00e9sz\u00fcl\" class=\"yoast-seo-meta-tag\" \/>\n<meta property=\"og:description\" content=\"Egyetlen gy\u0151zelem v\u00e1lasztja el a bronz\u00e9remt\u0151l a n\u0151i k\u00e9zilabda bajnoks\u00e1g \u00fajonc\u00e1t, a MOL Esztergomnak a Duna\u00fajv\u00e1rost kell legy\u0151znie az utols\u00f3 fordul\u00f3ban, \u00e9s oda\u00e9r a dobog\u00f3ra. Elek G\u00e1bor \u00f3vatos, de magabiztos is a z\u00e1r\u00f3fordul\u00f3 el\u0151tt &#8211; olvashat\u00f3 a molcsapat.hu oldalon. Rezgett a l\u00e9c, de hozta a k\u00f6telez\u0151t a MOL Esztergom, amely a kies\u00e9s el\u0151l [az\u00f3ta tudjuk,\" class=\"yoast-seo-meta-tag\" \/>\n<meta property=\"og:url\" content=\"https:\/\/dorogimedence.hu\/index.php\/2025\/05\/21\/elek-gabor-egesz-esztergom-nepunnepelyre-keszul\/\" class=\"yoast-seo-meta-tag\" \/>\n<meta property=\"og:site_name\" content=\"Dorogi-medence Region\u00e1lis H\u00edrport\u00e1l\" class=\"yoast-seo-meta-tag\" \/>\n<meta property=\"article:publisher\" content=\"https:\/\/www.facebook.com\/dorogimedence\/\" class=\"yoast-seo-meta-tag\" \/>\n<meta property=\"article:published_time\" content=\"2025-05-21T10:08:42+00:00\" class=\"yoast-seo-meta-tag\" \/>\n<meta property=\"og:image\" content=\"https:\/\/dorogimedence.hu\/wp-content\/uploads\/2025\/05\/egom4.jpg\" class=\"yoast-seo-meta-tag\" \/>\n\t<meta property=\"og:image:width\" content=\"1440\" class=\"yoast-seo-meta-tag\" \/>\n\t<meta property=\"og:image:height\" content=\"810\" class=\"yoast-seo-meta-tag\" \/>\n\t<meta property=\"og:image:type\" content=\"image\/jpeg\" class=\"yoast-seo-meta-tag\" \/>\n<meta name=\"author\" content=\"dorogimedence.hu\" class=\"yoast-seo-meta-tag\" \/>\n<meta name=\"twitter:card\" content=\"summary_large_image\" class=\"yoast-seo-meta-tag\" \/>\n<meta name=\"twitter:label1\" content=\"Szerz\u0151:\" class=\"yoast-seo-meta-tag\" \/>\n\t<meta name=\"twitter:data1\" content=\"dorogimedence.hu\" class=\"yoast-seo-meta-tag\" \/>\n\t<meta name=\"twitter:label2\" content=\"Becs\u00fclt olvas\u00e1si id\u0151\" class=\"yoast-seo-meta-tag\" \/>\n\t<meta name=\"twitter:data2\" content=\"4 perc\" class=\"yoast-seo-meta-tag\" \/>\n<script type=\"application\/ld+json\" class=\"yoast-schema-graph\">{\"@context\":\"https:\\\/\\\/schema.org\",\"@graph\":[{\"@type\":\"Article\",\"@id\":\"https:\\\/\\\/dorogimedence.hu\\\/index.php\\\/2025\\\/05\\\/21\\\/elek-gabor-egesz-esztergom-nepunnepelyre-keszul\\\/#article\",\"isPartOf\":{\"@id\":\"https:\\\/\\\/dorogimedence.hu\\\/index.php\\\/2025\\\/05\\\/21\\\/elek-gabor-egesz-esztergom-nepunnepelyre-keszul\\\/\"},\"author\":{\"name\":\"dorogimedence.hu\",\"@id\":\"https:\\\/\\\/dorogimedence.hu\\\/#\\\/schema\\\/person\\\/ce6091eeb7e95ecdc87890d6aa8e0fd4\"},\"headline\":\"Elek G\u00e1bor: Eg\u00e9sz Esztergom n\u00e9p\u00fcnnep\u00e9lyre k\u00e9sz\u00fcl\",\"datePublished\":\"2025-05-21T10:08:42+00:00\",\"mainEntityOfPage\":{\"@id\":\"https:\\\/\\\/dorogimedence.hu\\\/index.php\\\/2025\\\/05\\\/21\\\/elek-gabor-egesz-esztergom-nepunnepelyre-keszul\\\/\"},\"wordCount\":857,\"publisher\":{\"@id\":\"https:\\\/\\\/dorogimedence.hu\\\/#organization\"},\"image\":{\"@id\":\"https:\\\/\\\/dorogimedence.hu\\\/index.php\\\/2025\\\/05\\\/21\\\/elek-gabor-egesz-esztergom-nepunnepelyre-keszul\\\/#primaryimage\"},\"thumbnailUrl\":\"https:\\\/\\\/dorogimedence.hu\\\/wp-content\\\/uploads\\\/2025\\\/05\\\/egom4.jpg\",\"keywords\":[\"esztergom\",\"k\u00e9zilabda\",\"Mol Esztergom\",\"sport\"],\"articleSection\":[\"Esztergom\",\"H\u00edrek\",\"Sport\"],\"inLanguage\":\"hu\"},{\"@type\":\"WebPage\",\"@id\":\"https:\\\/\\\/dorogimedence.hu\\\/index.php\\\/2025\\\/05\\\/21\\\/elek-gabor-egesz-esztergom-nepunnepelyre-keszul\\\/\",\"url\":\"https:\\\/\\\/dorogimedence.hu\\\/index.php\\\/2025\\\/05\\\/21\\\/elek-gabor-egesz-esztergom-nepunnepelyre-keszul\\\/\",\"name\":\"Elek G\u00e1bor: Eg\u00e9sz Esztergom n\u00e9p\u00fcnnep\u00e9lyre k\u00e9sz\u00fcl\",\"isPartOf\":{\"@id\":\"https:\\\/\\\/dorogimedence.hu\\\/#website\"},\"primaryImageOfPage\":{\"@id\":\"https:\\\/\\\/dorogimedence.hu\\\/index.php\\\/2025\\\/05\\\/21\\\/elek-gabor-egesz-esztergom-nepunnepelyre-keszul\\\/#primaryimage\"},\"image\":{\"@id\":\"https:\\\/\\\/dorogimedence.hu\\\/index.php\\\/2025\\\/05\\\/21\\\/elek-gabor-egesz-esztergom-nepunnepelyre-keszul\\\/#primaryimage\"},\"thumbnailUrl\":\"https:\\\/\\\/dorogimedence.hu\\\/wp-content\\\/uploads\\\/2025\\\/05\\\/egom4.jpg\",\"datePublished\":\"2025-05-21T10:08:42+00:00\",\"breadcrumb\":{\"@id\":\"https:\\\/\\\/dorogimedence.hu\\\/index.php\\\/2025\\\/05\\\/21\\\/elek-gabor-egesz-esztergom-nepunnepelyre-keszul\\\/#breadcrumb\"},\"inLanguage\":\"hu\",\"potentialAction\":[{\"@type\":\"ReadAction\",\"target\":[\"https:\\\/\\\/dorogimedence.hu\\\/index.php\\\/2025\\\/05\\\/21\\\/elek-gabor-egesz-esztergom-nepunnepelyre-keszul\\\/\"]}]},{\"@type\":\"ImageObject\",\"inLanguage\":\"hu\",\"@id\":\"https:\\\/\\\/dorogimedence.hu\\\/index.php\\\/2025\\\/05\\\/21\\\/elek-gabor-egesz-esztergom-nepunnepelyre-keszul\\\/#primaryimage\",\"url\":\"https:\\\/\\\/dorogimedence.hu\\\/wp-content\\\/uploads\\\/2025\\\/05\\\/egom4.jpg\",\"contentUrl\":\"https:\\\/\\\/dorogimedence.hu\\\/wp-content\\\/uploads\\\/2025\\\/05\\\/egom4.jpg\",\"width\":1440,\"height\":810},{\"@type\":\"BreadcrumbList\",\"@id\":\"https:\\\/\\\/dorogimedence.hu\\\/index.php\\\/2025\\\/05\\\/21\\\/elek-gabor-egesz-esztergom-nepunnepelyre-keszul\\\/#breadcrumb\",\"itemListElement\":[{\"@type\":\"ListItem\",\"position\":1,\"name\":\"Kezd\u0151lap\",\"item\":\"https:\\\/\\\/dorogimedence.hu\\\/\"},{\"@type\":\"ListItem\",\"position\":2,\"name\":\"Elek G\u00e1bor: Eg\u00e9sz Esztergom n\u00e9p\u00fcnnep\u00e9lyre k\u00e9sz\u00fcl\"}]},{\"@type\":\"WebSite\",\"@id\":\"https:\\\/\\\/dorogimedence.hu\\\/#website\",\"url\":\"https:\\\/\\\/dorogimedence.hu\\\/\",\"name\":\"Dorogi-medence Region\u00e1lis H\u00edrport\u00e1l\",\"description\":\"Dorog, Keszt\u00f6lc, Le\u00e1nyv\u00e1r, Piliscs\u00e9v, Tokod, Tokodalt\u00e1r\u00f3, Csolnok, Esztergom-kertv\u00e1ros: h\u00edrek, programok\",\"publisher\":{\"@id\":\"https:\\\/\\\/dorogimedence.hu\\\/#organization\"},\"potentialAction\":[{\"@type\":\"SearchAction\",\"target\":{\"@type\":\"EntryPoint\",\"urlTemplate\":\"https:\\\/\\\/dorogimedence.hu\\\/?s={search_term_string}\"},\"query-input\":{\"@type\":\"PropertyValueSpecification\",\"valueRequired\":true,\"valueName\":\"search_term_string\"}}],\"inLanguage\":\"hu\"},{\"@type\":\"Organization\",\"@id\":\"https:\\\/\\\/dorogimedence.hu\\\/#organization\",\"name\":\"Dorogi-medence Region\u00e1lis H\u00edrport\u00e1l\",\"url\":\"https:\\\/\\\/dorogimedence.hu\\\/\",\"logo\":{\"@type\":\"ImageObject\",\"inLanguage\":\"hu\",\"@id\":\"https:\\\/\\\/dorogimedence.hu\\\/#\\\/schema\\\/logo\\\/image\\\/\",\"url\":\"https:\\\/\\\/dorogimedence.hu\\\/wp-content\\\/uploads\\\/2021\\\/04\\\/logo-feher-600.png\",\"contentUrl\":\"https:\\\/\\\/dorogimedence.hu\\\/wp-content\\\/uploads\\\/2021\\\/04\\\/logo-feher-600.png\",\"width\":600,\"height\":100,\"caption\":\"Dorogi-medence Region\u00e1lis H\u00edrport\u00e1l\"},\"image\":{\"@id\":\"https:\\\/\\\/dorogimedence.hu\\\/#\\\/schema\\\/logo\\\/image\\\/\"},\"sameAs\":[\"https:\\\/\\\/www.facebook.com\\\/dorogimedence\\\/\"]},{\"@type\":\"Person\",\"@id\":\"https:\\\/\\\/dorogimedence.hu\\\/#\\\/schema\\\/person\\\/ce6091eeb7e95ecdc87890d6aa8e0fd4\",\"name\":\"dorogimedence.hu\",\"image\":{\"@type\":\"ImageObject\",\"inLanguage\":\"hu\",\"@id\":\"\\\/\\\/www.gravatar.com\\\/avatar\\\/d8d45f8901aadff40a4af72c0b826f1d?s=96&#038;r=g&#038;d=mm\",\"url\":\"\\\/\\\/www.gravatar.com\\\/avatar\\\/d8d45f8901aadff40a4af72c0b826f1d?s=96&#038;r=g&#038;d=mm\",\"contentUrl\":\"\\\/\\\/www.gravatar.com\\\/avatar\\\/d8d45f8901aadff40a4af72c0b826f1d?s=96&#038;r=g&#038;d=mm\",\"caption\":\"dorogimedence.hu\"}}]}<\/script>\n<!-- \/ Yoast SEO plugin. -->","yoast_head_json":{"title":"Elek G\u00e1bor: Eg\u00e9sz Esztergom n\u00e9p\u00fcnnep\u00e9lyre k\u00e9sz\u00fcl","robots":{"index":"index","follow":"follow","max-snippet":"max-snippet:-1","max-image-preview":"max-image-preview:large","max-video-preview":"max-video-preview:-1"},"canonical":"https:\/\/dorogimedence.hu\/index.php\/2025\/05\/21\/elek-gabor-egesz-esztergom-nepunnepelyre-keszul\/","og_locale":"hu_HU","og_type":"article","og_title":"Elek G\u00e1bor: Eg\u00e9sz Esztergom n\u00e9p\u00fcnnep\u00e9lyre k\u00e9sz\u00fcl","og_description":"Egyetlen gy\u0151zelem v\u00e1lasztja el a bronz\u00e9remt\u0151l a n\u0151i k\u00e9zilabda bajnoks\u00e1g \u00fajonc\u00e1t, a MOL Esztergomnak a Duna\u00fajv\u00e1rost kell legy\u0151znie az utols\u00f3 fordul\u00f3ban, \u00e9s oda\u00e9r a dobog\u00f3ra. Elek G\u00e1bor \u00f3vatos, de magabiztos is a z\u00e1r\u00f3fordul\u00f3 el\u0151tt &#8211; olvashat\u00f3 a molcsapat.hu oldalon. Rezgett a l\u00e9c, de hozta a k\u00f6telez\u0151t a MOL Esztergom, amely a kies\u00e9s el\u0151l [az\u00f3ta tudjuk,","og_url":"https:\/\/dorogimedence.hu\/index.php\/2025\/05\/21\/elek-gabor-egesz-esztergom-nepunnepelyre-keszul\/","og_site_name":"Dorogi-medence Region\u00e1lis H\u00edrport\u00e1l","article_publisher":"https:\/\/www.facebook.com\/dorogimedence\/","article_published_time":"2025-05-21T10:08:42+00:00","og_image":[{"width":1440,"height":810,"url":"https:\/\/dorogimedence.hu\/wp-content\/uploads\/2025\/05\/egom4.jpg","type":"image\/jpeg"}],"author":"dorogimedence.hu","twitter_card":"summary_large_image","twitter_misc":{"Szerz\u0151:":"dorogimedence.hu","Becs\u00fclt olvas\u00e1si id\u0151":"4 perc"},"schema":{"@context":"https:\/\/schema.org","@graph":[{"@type":"Article","@id":"https:\/\/dorogimedence.hu\/index.php\/2025\/05\/21\/elek-gabor-egesz-esztergom-nepunnepelyre-keszul\/#article","isPartOf":{"@id":"https:\/\/dorogimedence.hu\/index.php\/2025\/05\/21\/elek-gabor-egesz-esztergom-nepunnepelyre-keszul\/"},"author":{"name":"dorogimedence.hu","@id":"https:\/\/dorogimedence.hu\/#\/schema\/person\/ce6091eeb7e95ecdc87890d6aa8e0fd4"},"headline":"Elek G\u00e1bor: Eg\u00e9sz Esztergom n\u00e9p\u00fcnnep\u00e9lyre k\u00e9sz\u00fcl","datePublished":"2025-05-21T10:08:42+00:00","mainEntityOfPage":{"@id":"https:\/\/dorogimedence.hu\/index.php\/2025\/05\/21\/elek-gabor-egesz-esztergom-nepunnepelyre-keszul\/"},"wordCount":857,"publisher":{"@id":"https:\/\/dorogimedence.hu\/#organization"},"image":{"@id":"https:\/\/dorogimedence.hu\/index.php\/2025\/05\/21\/elek-gabor-egesz-esztergom-nepunnepelyre-keszul\/#primaryimage"},"thumbnailUrl":"https:\/\/dorogimedence.hu\/wp-content\/uploads\/2025\/05\/egom4.jpg","keywords":["esztergom","k\u00e9zilabda","Mol Esztergom","sport"],"articleSection":["Esztergom","H\u00edrek","Sport"],"inLanguage":"hu"},{"@type":"WebPage","@id":"https:\/\/dorogimedence.hu\/index.php\/2025\/05\/21\/elek-gabor-egesz-esztergom-nepunnepelyre-keszul\/","url":"https:\/\/dorogimedence.hu\/index.php\/2025\/05\/21\/elek-gabor-egesz-esztergom-nepunnepelyre-keszul\/","name":"Elek G\u00e1bor: Eg\u00e9sz Esztergom n\u00e9p\u00fcnnep\u00e9lyre k\u00e9sz\u00fcl","isPartOf":{"@id":"https:\/\/dorogimedence.hu\/#website"},"primaryImageOfPage":{"@id":"https:\/\/dorogimedence.hu\/index.php\/2025\/05\/21\/elek-gabor-egesz-esztergom-nepunnepelyre-keszul\/#primaryimage"},"image":{"@id":"https:\/\/dorogimedence.hu\/index.php\/2025\/05\/21\/elek-gabor-egesz-esztergom-nepunnepelyre-keszul\/#primaryimage"},"thumbnailUrl":"https:\/\/dorogimedence.hu\/wp-content\/uploads\/2025\/05\/egom4.jpg","datePublished":"2025-05-21T10:08:42+00:00","breadcrumb":{"@id":"https:\/\/dorogimedence.hu\/index.php\/2025\/05\/21\/elek-gabor-egesz-esztergom-nepunnepelyre-keszul\/#breadcrumb"},"inLanguage":"hu","potentialAction":[{"@type":"ReadAction","target":["https:\/\/dorogimedence.hu\/index.php\/2025\/05\/21\/elek-gabor-egesz-esztergom-nepunnepelyre-keszul\/"]}]},{"@type":"ImageObject","inLanguage":"hu","@id":"https:\/\/dorogimedence.hu\/index.php\/2025\/05\/21\/elek-gabor-egesz-esztergom-nepunnepelyre-keszul\/#primaryimage","url":"https:\/\/dorogimedence.hu\/wp-content\/uploads\/2025\/05\/egom4.jpg","contentUrl":"https:\/\/dorogimedence.hu\/wp-content\/uploads\/2025\/05\/egom4.jpg","width":1440,"height":810},{"@type":"BreadcrumbList","@id":"https:\/\/dorogimedence.hu\/index.php\/2025\/05\/21\/elek-gabor-egesz-esztergom-nepunnepelyre-keszul\/#breadcrumb","itemListElement":[{"@type":"ListItem","position":1,"name":"Kezd\u0151lap","item":"https:\/\/dorogimedence.hu\/"},{"@type":"ListItem","position":2,"name":"Elek G\u00e1bor: Eg\u00e9sz Esztergom n\u00e9p\u00fcnnep\u00e9lyre k\u00e9sz\u00fcl"}]},{"@type":"WebSite","@id":"https:\/\/dorogimedence.hu\/#website","url":"https:\/\/dorogimedence.hu\/","name":"Dorogi-medence Region\u00e1lis H\u00edrport\u00e1l","description":"Dorog, Keszt\u00f6lc, Le\u00e1nyv\u00e1r, Piliscs\u00e9v, Tokod, Tokodalt\u00e1r\u00f3, Csolnok, Esztergom-kertv\u00e1ros: h\u00edrek, programok","publisher":{"@id":"https:\/\/dorogimedence.hu\/#organization"},"potentialAction":[{"@type":"SearchAction","target":{"@type":"EntryPoint","urlTemplate":"https:\/\/dorogimedence.hu\/?s={search_term_string}"},"query-input":{"@type":"PropertyValueSpecification","valueRequired":true,"valueName":"search_term_string"}}],"inLanguage":"hu"},{"@type":"Organization","@id":"https:\/\/dorogimedence.hu\/#organization","name":"Dorogi-medence Region\u00e1lis H\u00edrport\u00e1l","url":"https:\/\/dorogimedence.hu\/","logo":{"@type":"ImageObject","inLanguage":"hu","@id":"https:\/\/dorogimedence.hu\/#\/schema\/logo\/image\/","url":"https:\/\/dorogimedence.hu\/wp-content\/uploads\/2021\/04\/logo-feher-600.png","contentUrl":"https:\/\/dorogimedence.hu\/wp-content\/uploads\/2021\/04\/logo-feher-600.png","width":600,"height":100,"caption":"Dorogi-medence Region\u00e1lis H\u00edrport\u00e1l"},"image":{"@id":"https:\/\/dorogimedence.hu\/#\/schema\/logo\/image\/"},"sameAs":["https:\/\/www.facebook.com\/dorogimedence\/"]},{"@type":"Person","@id":"https:\/\/dorogimedence.hu\/#\/schema\/person\/ce6091eeb7e95ecdc87890d6aa8e0fd4","name":"dorogimedence.hu","image":{"@type":"ImageObject","inLanguage":"hu","@id":"\/\/www.gravatar.com\/avatar\/d8d45f8901aadff40a4af72c0b826f1d?s=96&#038;r=g&#038;d=mm","url":"\/\/www.gravatar.com\/avatar\/d8d45f8901aadff40a4af72c0b826f1d?s=96&#038;r=g&#038;d=mm","contentUrl":"\/\/www.gravatar.com\/avatar\/d8d45f8901aadff40a4af72c0b826f1d?s=96&#038;r=g&#038;d=mm","caption":"dorogimedence.hu"}}]}},"_links":{"self":[{"href":"https:\/\/dorogimedence.hu\/index.php\/wp-json\/wp\/v2\/posts\/71312","targetHints":{"allow":["GET"]}}],"collection":[{"href":"https:\/\/dorogimedence.hu\/index.php\/wp-json\/wp\/v2\/posts"}],"about":[{"href":"https:\/\/dorogimedence.hu\/index.php\/wp-json\/wp\/v2\/types\/post"}],"author":[{"embeddable":true,"href":"https:\/\/dorogimedence.hu\/index.php\/wp-json\/wp\/v2\/users\/1"}],"replies":[{"embeddable":true,"href":"https:\/\/dorogimedence.hu\/index.php\/wp-json\/wp\/v2\/comments?post=71312"}],"version-history":[{"count":0,"href":"https:\/\/dorogimedence.hu\/index.php\/wp-json\/wp\/v2\/posts\/71312\/revisions"}],"wp:featuredmedia":[{"embeddable":true,"href":"https:\/\/dorogimedence.hu\/index.php\/wp-json\/wp\/v2\/media\/71313"}],"wp:attachment":[{"href":"https:\/\/dorogimedence.hu\/index.php\/wp-json\/wp\/v2\/media?parent=71312"}],"wp:term":[{"taxonomy":"category","embeddable":true,"href":"https:\/\/dorogimedence.hu\/index.php\/wp-json\/wp\/v2\/categories?post=71312"},{"taxonomy":"post_tag","embeddable":true,"href":"https:\/\/dorogimedence.hu\/index.php\/wp-json\/wp\/v2\/tags?post=71312"}],"curies":[{"name":"wp","href":"https:\/\/api.w.org\/{rel}","templated":true}]}}