{"id":71295,"date":"2025-05-20T10:23:11","date_gmt":"2025-05-20T08:23:11","guid":{"rendered":"https:\/\/dorogimedence.hu\/?p=71295"},"modified":"2025-05-20T10:23:11","modified_gmt":"2025-05-20T08:23:11","slug":"sikeresen-palyazott-a-leader-programban-egy-kesztolci-vallalkozas","status":"publish","type":"post","link":"https:\/\/dorogimedence.hu\/index.php\/2025\/05\/20\/sikeresen-palyazott-a-leader-programban-egy-kesztolci-vallalkozas\/","title":{"rendered":"Sikeresen p\u00e1ly\u00e1zott a LEADER programban egy keszt\u00f6lci v\u00e1llalkoz\u00e1s"},"content":{"rendered":"<p><strong>A keszt\u00f6lci Pilis-Met\u00e1l 2010 Kft. a LEADER program keret\u00e9ben \u00e9p\u00edt\u00e9sre ny\u00fajtott be p\u00e1ly\u00e1zatot, amelyet a Vid\u00e9kfejleszt\u00e9si Program Ir\u00e1ny\u00edt\u00f3 Hat\u00f3s\u00e1ga \u00e9s a Duna-Pilis-Gerecse Vid\u00e9kfejleszt\u00e9si Egyes\u00fclet t\u00e1mogat\u00e1sra \u00e9rdemesnek tal\u00e1lt.<\/strong><\/p>\n<p>A PILISMET\u00c1L 1985 \u00f3ta foglalkozik vas- \u00e9s ac\u00e9lkereskedelemmel. R\u00e9gebben Pilisv\u00f6r\u00f6sv\u00e1ron volt a telep\u00fck, azonban Keszt\u00f6lcre k\u00f6lt\u00f6ztek. V\u00e1llalj\u00e1k ac\u00e9lh\u00e1l\u00f3k forgalmaz\u00e1s\u00e1t, betonac\u00e9l megmunk\u00e1l\u00e1s\u00e1t statikai tervek alapj\u00e1n, \u00e9p\u00edt\u00e9si ter\u00fcletre val\u00f3 fuvaroz\u00e1s\u00e1t saj\u00e1t eszk\u00f6zeikkel. Szolg\u00e1ltat\u00e1saik \u00e9s \u00fczem\u00fck zavartalanul m\u0171k\u00f6dik, \u00e9s ugyanolyan kedvez\u0151 \u00e1rakkal v\u00e1rj\u00e1k V\u00e1s\u00e1rl\u00f3ikat, mint eddig. Szabadplat\u00f3s aut\u00f3ikkal, m\u00e1sf\u00e9l, illetve hat tonn\u00e1s teherb\u00edr\u00e1ssal sz\u00e1ll\u00edtanak \u00e9p\u00edt\u0151anyagot, raklapos \u00e1rut, t\u00fczel\u0151t \u00e9s hasonl\u00f3 anyagokat kedvez\u0151 \u00e1ron az orsz\u00e1g eg\u00e9sz ter\u00fclet\u00e9n.<\/p>\n<p>A projekt v\u00e1laszthat\u00f3 \u00f6n\u00e1ll\u00f3an t\u00e1mogathat\u00f3 tev\u00e9kenys\u00e9gei k\u00f6z\u00fcl az \u00e9p\u00edt\u00e9s t\u00e1rgyk\u00f6rben ny\u00fajtottak be t\u00e1mogat\u00e1si k\u00e9relmet. A piaci poz\u00edci\u00f3juk er\u0151s\u00edt\u00e9se \u00e9s meg\u0151rz\u00e9se \u00e9s fejleszt\u00e9se \u00e9rdek\u00e9ben \u00e9p\u00edt\u00e9st-b\u0151v\u00edt\u00e9st k\u00edv\u00e1ntak megval\u00f3s\u00edtani. A piaci helyzet induk\u00e1lta a fejleszt\u00e9st. A g\u00e9pj\u00e1rm\u0171vek a szabad \u00e9g alatt parkoltak. Karbantart\u00e1suk, \u00e1llagmeg\u00f3v\u00e1suk nagyon kritikus volt \u00edgy. Ez\u00e9rt kiv\u00e1l\u00f3 megold\u00e1snak t\u0171nt egy f\u00e9ltet\u0151s megold\u00e1ssal legal\u00e1bb a g\u00e9pj\u00e1rm\u0171vek feje felett meg\u00f3vni \u0151ket az id\u0151j\u00e1r\u00e1s viszontags\u00e1gait\u00f3l.<\/p>\n<p>Egyre neh\u00e9zkesebb az eszk\u00f6zbeszerz\u00e9s. Mindig kell v\u00e1rniuk egy-egy megrendel\u00e9s eset\u00e9n az \u00e1raj\u00e1nlatra, annak elfogad\u00e1s\u00e1ra, a sz\u00e1ll\u00edt\u00e1sra. Ez\u00e9rt nyilv\u00e1nval\u00f3v\u00e1 v\u00e1lt, ha nem szeretn\u00e9nek sz\u00e1mos megrendel\u00e9st\u0151l elesni ezen nehez\u00edt\u0151 k\u00f6r\u00fclm\u00e9nyek miatt, talpon marad\u00e1sunk \u00e9s fejl\u0151d\u00e9s\u00fcnk \u00e9rdek\u00e9ben olyan megold\u00e1sra van sz\u00fcks\u00e9g, ami lehet\u0151v\u00e9 teszi az \u00e1ru biztons\u00e1gos depon\u00e1l\u00e1s\u00e1t. Olyan fejleszt\u00e9st k\u00edv\u00e1ntak v\u00e9grehajtani, amely lehet\u0151s\u00e9g szerint seg\u00edti a t\u00f6bb l\u00e1bon \u00e1ll\u00e1s gondolat\u00e1nak megteremt\u00e9s\u00e9t. Jelenleg \u00e9vek \u00f3ta m\u0171k\u00f6d\u0151, standardiz\u00e1lt, j\u00f3l kialakult folyamataik vannak a c\u00e9gben.<\/p>\n<p>A projekt azonos\u00edt\u00f3 sz\u00e1ma: 3417134951<br \/>\nA felh\u00edv\u00e1s azonos\u00edt\u00f3ja: Helyi v\u00e1llalkoz\u00e1sok versenyk\u00e9pess\u00e9g\u00e9nek n\u00f6vel\u00e9se II.<br \/>\nA szerz\u0151d\u00f6tt t\u00e1mogat\u00e1s \u00f6sszege: 4 999 999.-Ft<br \/>\nA t\u00e1mogat\u00e1s m\u00e9rt\u00e9ke (%-ban): 60%<br \/>\nA projekt tervezett befejez\u00e9si d\u00e1tuma: 2025. \u00e1prilis 21.<\/p>\n","protected":false},"excerpt":{"rendered":"<p>A keszt\u00f6lci Pilis-Met\u00e1l 2010 Kft. a LEADER program keret\u00e9ben \u00e9p\u00edt\u00e9sre ny\u00fajtott be p\u00e1ly\u00e1zatot, amelyet a Vid\u00e9kfejleszt\u00e9si Program Ir\u00e1ny\u00edt\u00f3 Hat\u00f3s\u00e1ga \u00e9s a Duna-Pilis-Gerecse Vid\u00e9kfejleszt\u00e9si Egyes\u00fclet t\u00e1mogat\u00e1sra \u00e9rdemesnek tal\u00e1lt. A PILISMET\u00c1L 1985 \u00f3ta foglalkozik vas- \u00e9s ac\u00e9lkereskedelemmel. R\u00e9gebben Pilisv\u00f6r\u00f6sv\u00e1ron volt a telep\u00fck, azonban Keszt\u00f6lcre k\u00f6lt\u00f6ztek. V\u00e1llalj\u00e1k ac\u00e9lh\u00e1l\u00f3k forgalmaz\u00e1s\u00e1t, betonac\u00e9l megmunk\u00e1l\u00e1s\u00e1t statikai tervek alapj\u00e1n, \u00e9p\u00edt\u00e9si ter\u00fcletre val\u00f3 fuvaroz\u00e1s\u00e1t<\/p>\n","protected":false},"author":1,"featured_media":71296,"comment_status":"closed","ping_status":"closed","sticky":false,"template":"","format":"standard","meta":{"ngg_post_thumbnail":0,"footnotes":""},"categories":[3,8],"tags":[129,4971,74],"class_list":{"0":"post-71295","1":"post","2":"type-post","3":"status-publish","4":"format-standard","5":"has-post-thumbnail","7":"category-hirek","8":"category-kesztolc","9":"tag-kesztolc","10":"tag-leader-palyazat","11":"tag-palyazat"},"yoast_head":"<!-- This site is optimized with the Yoast SEO plugin v27.4 - https:\/\/yoast.com\/product\/yoast-seo-wordpress\/ -->\n<title>Sikeresen p\u00e1ly\u00e1zott a LEADER programban egy keszt\u00f6lci v\u00e1llalkoz\u00e1s<\/title>\n<meta name=\"robots\" content=\"index, follow, max-snippet:-1, max-image-preview:large, max-video-preview:-1\" \/>\n<link rel=\"canonical\" href=\"https:\/\/dorogimedence.hu\/index.php\/2025\/05\/20\/sikeresen-palyazott-a-leader-programban-egy-kesztolci-vallalkozas\/\" class=\"yoast-seo-meta-tag\" \/>\n<meta property=\"og:locale\" content=\"hu_HU\" class=\"yoast-seo-meta-tag\" \/>\n<meta property=\"og:type\" content=\"article\" class=\"yoast-seo-meta-tag\" \/>\n<meta property=\"og:title\" content=\"Sikeresen p\u00e1ly\u00e1zott a LEADER programban egy keszt\u00f6lci v\u00e1llalkoz\u00e1s\" class=\"yoast-seo-meta-tag\" \/>\n<meta property=\"og:description\" content=\"A keszt\u00f6lci Pilis-Met\u00e1l 2010 Kft. a LEADER program keret\u00e9ben \u00e9p\u00edt\u00e9sre ny\u00fajtott be p\u00e1ly\u00e1zatot, amelyet a Vid\u00e9kfejleszt\u00e9si Program Ir\u00e1ny\u00edt\u00f3 Hat\u00f3s\u00e1ga \u00e9s a Duna-Pilis-Gerecse Vid\u00e9kfejleszt\u00e9si Egyes\u00fclet t\u00e1mogat\u00e1sra \u00e9rdemesnek tal\u00e1lt. A PILISMET\u00c1L 1985 \u00f3ta foglalkozik vas- \u00e9s ac\u00e9lkereskedelemmel. R\u00e9gebben Pilisv\u00f6r\u00f6sv\u00e1ron volt a telep\u00fck, azonban Keszt\u00f6lcre k\u00f6lt\u00f6ztek. V\u00e1llalj\u00e1k ac\u00e9lh\u00e1l\u00f3k forgalmaz\u00e1s\u00e1t, betonac\u00e9l megmunk\u00e1l\u00e1s\u00e1t statikai tervek alapj\u00e1n, \u00e9p\u00edt\u00e9si ter\u00fcletre val\u00f3 fuvaroz\u00e1s\u00e1t\" class=\"yoast-seo-meta-tag\" \/>\n<meta property=\"og:url\" content=\"https:\/\/dorogimedence.hu\/index.php\/2025\/05\/20\/sikeresen-palyazott-a-leader-programban-egy-kesztolci-vallalkozas\/\" class=\"yoast-seo-meta-tag\" \/>\n<meta property=\"og:site_name\" content=\"Dorogi-medence Region\u00e1lis H\u00edrport\u00e1l\" class=\"yoast-seo-meta-tag\" \/>\n<meta property=\"article:publisher\" content=\"https:\/\/www.facebook.com\/dorogimedence\/\" class=\"yoast-seo-meta-tag\" \/>\n<meta property=\"article:published_time\" content=\"2025-05-20T08:23:11+00:00\" class=\"yoast-seo-meta-tag\" \/>\n<meta property=\"og:image\" content=\"https:\/\/dorogimedence.hu\/wp-content\/uploads\/2025\/05\/01-1.jpg\" class=\"yoast-seo-meta-tag\" \/>\n\t<meta property=\"og:image:width\" content=\"640\" class=\"yoast-seo-meta-tag\" \/>\n\t<meta property=\"og:image:height\" content=\"480\" class=\"yoast-seo-meta-tag\" \/>\n\t<meta property=\"og:image:type\" content=\"image\/jpeg\" class=\"yoast-seo-meta-tag\" \/>\n<meta name=\"author\" content=\"dorogimedence.hu\" class=\"yoast-seo-meta-tag\" \/>\n<meta name=\"twitter:card\" content=\"summary_large_image\" class=\"yoast-seo-meta-tag\" \/>\n<meta name=\"twitter:label1\" content=\"Szerz\u0151:\" class=\"yoast-seo-meta-tag\" \/>\n\t<meta name=\"twitter:data1\" content=\"dorogimedence.hu\" class=\"yoast-seo-meta-tag\" \/>\n\t<meta name=\"twitter:label2\" content=\"Becs\u00fclt olvas\u00e1si id\u0151\" class=\"yoast-seo-meta-tag\" \/>\n\t<meta name=\"twitter:data2\" content=\"2 perc\" class=\"yoast-seo-meta-tag\" \/>\n<script type=\"application\/ld+json\" class=\"yoast-schema-graph\">{\"@context\":\"https:\\\/\\\/schema.org\",\"@graph\":[{\"@type\":\"Article\",\"@id\":\"https:\\\/\\\/dorogimedence.hu\\\/index.php\\\/2025\\\/05\\\/20\\\/sikeresen-palyazott-a-leader-programban-egy-kesztolci-vallalkozas\\\/#article\",\"isPartOf\":{\"@id\":\"https:\\\/\\\/dorogimedence.hu\\\/index.php\\\/2025\\\/05\\\/20\\\/sikeresen-palyazott-a-leader-programban-egy-kesztolci-vallalkozas\\\/\"},\"author\":{\"name\":\"dorogimedence.hu\",\"@id\":\"https:\\\/\\\/dorogimedence.hu\\\/#\\\/schema\\\/person\\\/ce6091eeb7e95ecdc87890d6aa8e0fd4\"},\"headline\":\"Sikeresen p\u00e1ly\u00e1zott a LEADER programban egy keszt\u00f6lci v\u00e1llalkoz\u00e1s\",\"datePublished\":\"2025-05-20T08:23:11+00:00\",\"mainEntityOfPage\":{\"@id\":\"https:\\\/\\\/dorogimedence.hu\\\/index.php\\\/2025\\\/05\\\/20\\\/sikeresen-palyazott-a-leader-programban-egy-kesztolci-vallalkozas\\\/\"},\"wordCount\":474,\"publisher\":{\"@id\":\"https:\\\/\\\/dorogimedence.hu\\\/#organization\"},\"image\":{\"@id\":\"https:\\\/\\\/dorogimedence.hu\\\/index.php\\\/2025\\\/05\\\/20\\\/sikeresen-palyazott-a-leader-programban-egy-kesztolci-vallalkozas\\\/#primaryimage\"},\"thumbnailUrl\":\"https:\\\/\\\/dorogimedence.hu\\\/wp-content\\\/uploads\\\/2025\\\/05\\\/01-1.jpg\",\"keywords\":[\"Keszt\u00f6lc\",\"LEADER p\u00e1ly\u00e1zat\",\"p\u00e1ly\u00e1zat\"],\"articleSection\":[\"H\u00edrek\",\"Keszt\u00f6lc\"],\"inLanguage\":\"hu\"},{\"@type\":\"WebPage\",\"@id\":\"https:\\\/\\\/dorogimedence.hu\\\/index.php\\\/2025\\\/05\\\/20\\\/sikeresen-palyazott-a-leader-programban-egy-kesztolci-vallalkozas\\\/\",\"url\":\"https:\\\/\\\/dorogimedence.hu\\\/index.php\\\/2025\\\/05\\\/20\\\/sikeresen-palyazott-a-leader-programban-egy-kesztolci-vallalkozas\\\/\",\"name\":\"Sikeresen p\u00e1ly\u00e1zott a LEADER programban egy keszt\u00f6lci v\u00e1llalkoz\u00e1s\",\"isPartOf\":{\"@id\":\"https:\\\/\\\/dorogimedence.hu\\\/#website\"},\"primaryImageOfPage\":{\"@id\":\"https:\\\/\\\/dorogimedence.hu\\\/index.php\\\/2025\\\/05\\\/20\\\/sikeresen-palyazott-a-leader-programban-egy-kesztolci-vallalkozas\\\/#primaryimage\"},\"image\":{\"@id\":\"https:\\\/\\\/dorogimedence.hu\\\/index.php\\\/2025\\\/05\\\/20\\\/sikeresen-palyazott-a-leader-programban-egy-kesztolci-vallalkozas\\\/#primaryimage\"},\"thumbnailUrl\":\"https:\\\/\\\/dorogimedence.hu\\\/wp-content\\\/uploads\\\/2025\\\/05\\\/01-1.jpg\",\"datePublished\":\"2025-05-20T08:23:11+00:00\",\"breadcrumb\":{\"@id\":\"https:\\\/\\\/dorogimedence.hu\\\/index.php\\\/2025\\\/05\\\/20\\\/sikeresen-palyazott-a-leader-programban-egy-kesztolci-vallalkozas\\\/#breadcrumb\"},\"inLanguage\":\"hu\",\"potentialAction\":[{\"@type\":\"ReadAction\",\"target\":[\"https:\\\/\\\/dorogimedence.hu\\\/index.php\\\/2025\\\/05\\\/20\\\/sikeresen-palyazott-a-leader-programban-egy-kesztolci-vallalkozas\\\/\"]}]},{\"@type\":\"ImageObject\",\"inLanguage\":\"hu\",\"@id\":\"https:\\\/\\\/dorogimedence.hu\\\/index.php\\\/2025\\\/05\\\/20\\\/sikeresen-palyazott-a-leader-programban-egy-kesztolci-vallalkozas\\\/#primaryimage\",\"url\":\"https:\\\/\\\/dorogimedence.hu\\\/wp-content\\\/uploads\\\/2025\\\/05\\\/01-1.jpg\",\"contentUrl\":\"https:\\\/\\\/dorogimedence.hu\\\/wp-content\\\/uploads\\\/2025\\\/05\\\/01-1.jpg\",\"width\":640,\"height\":480},{\"@type\":\"BreadcrumbList\",\"@id\":\"https:\\\/\\\/dorogimedence.hu\\\/index.php\\\/2025\\\/05\\\/20\\\/sikeresen-palyazott-a-leader-programban-egy-kesztolci-vallalkozas\\\/#breadcrumb\",\"itemListElement\":[{\"@type\":\"ListItem\",\"position\":1,\"name\":\"Kezd\u0151lap\",\"item\":\"https:\\\/\\\/dorogimedence.hu\\\/\"},{\"@type\":\"ListItem\",\"position\":2,\"name\":\"Sikeresen p\u00e1ly\u00e1zott a LEADER programban egy keszt\u00f6lci v\u00e1llalkoz\u00e1s\"}]},{\"@type\":\"WebSite\",\"@id\":\"https:\\\/\\\/dorogimedence.hu\\\/#website\",\"url\":\"https:\\\/\\\/dorogimedence.hu\\\/\",\"name\":\"Dorogi-medence Region\u00e1lis H\u00edrport\u00e1l\",\"description\":\"Dorog, Keszt\u00f6lc, Le\u00e1nyv\u00e1r, Piliscs\u00e9v, Tokod, Tokodalt\u00e1r\u00f3, Csolnok, Esztergom-kertv\u00e1ros: h\u00edrek, programok\",\"publisher\":{\"@id\":\"https:\\\/\\\/dorogimedence.hu\\\/#organization\"},\"potentialAction\":[{\"@type\":\"SearchAction\",\"target\":{\"@type\":\"EntryPoint\",\"urlTemplate\":\"https:\\\/\\\/dorogimedence.hu\\\/?s={search_term_string}\"},\"query-input\":{\"@type\":\"PropertyValueSpecification\",\"valueRequired\":true,\"valueName\":\"search_term_string\"}}],\"inLanguage\":\"hu\"},{\"@type\":\"Organization\",\"@id\":\"https:\\\/\\\/dorogimedence.hu\\\/#organization\",\"name\":\"Dorogi-medence Region\u00e1lis H\u00edrport\u00e1l\",\"url\":\"https:\\\/\\\/dorogimedence.hu\\\/\",\"logo\":{\"@type\":\"ImageObject\",\"inLanguage\":\"hu\",\"@id\":\"https:\\\/\\\/dorogimedence.hu\\\/#\\\/schema\\\/logo\\\/image\\\/\",\"url\":\"https:\\\/\\\/dorogimedence.hu\\\/wp-content\\\/uploads\\\/2021\\\/04\\\/logo-feher-600.png\",\"contentUrl\":\"https:\\\/\\\/dorogimedence.hu\\\/wp-content\\\/uploads\\\/2021\\\/04\\\/logo-feher-600.png\",\"width\":600,\"height\":100,\"caption\":\"Dorogi-medence Region\u00e1lis H\u00edrport\u00e1l\"},\"image\":{\"@id\":\"https:\\\/\\\/dorogimedence.hu\\\/#\\\/schema\\\/logo\\\/image\\\/\"},\"sameAs\":[\"https:\\\/\\\/www.facebook.com\\\/dorogimedence\\\/\"]},{\"@type\":\"Person\",\"@id\":\"https:\\\/\\\/dorogimedence.hu\\\/#\\\/schema\\\/person\\\/ce6091eeb7e95ecdc87890d6aa8e0fd4\",\"name\":\"dorogimedence.hu\",\"image\":{\"@type\":\"ImageObject\",\"inLanguage\":\"hu\",\"@id\":\"\\\/\\\/www.gravatar.com\\\/avatar\\\/d8d45f8901aadff40a4af72c0b826f1d?s=96&#038;r=g&#038;d=mm\",\"url\":\"\\\/\\\/www.gravatar.com\\\/avatar\\\/d8d45f8901aadff40a4af72c0b826f1d?s=96&#038;r=g&#038;d=mm\",\"contentUrl\":\"\\\/\\\/www.gravatar.com\\\/avatar\\\/d8d45f8901aadff40a4af72c0b826f1d?s=96&#038;r=g&#038;d=mm\",\"caption\":\"dorogimedence.hu\"}}]}<\/script>\n<!-- \/ Yoast SEO plugin. -->","yoast_head_json":{"title":"Sikeresen p\u00e1ly\u00e1zott a LEADER programban egy keszt\u00f6lci v\u00e1llalkoz\u00e1s","robots":{"index":"index","follow":"follow","max-snippet":"max-snippet:-1","max-image-preview":"max-image-preview:large","max-video-preview":"max-video-preview:-1"},"canonical":"https:\/\/dorogimedence.hu\/index.php\/2025\/05\/20\/sikeresen-palyazott-a-leader-programban-egy-kesztolci-vallalkozas\/","og_locale":"hu_HU","og_type":"article","og_title":"Sikeresen p\u00e1ly\u00e1zott a LEADER programban egy keszt\u00f6lci v\u00e1llalkoz\u00e1s","og_description":"A keszt\u00f6lci Pilis-Met\u00e1l 2010 Kft. a LEADER program keret\u00e9ben \u00e9p\u00edt\u00e9sre ny\u00fajtott be p\u00e1ly\u00e1zatot, amelyet a Vid\u00e9kfejleszt\u00e9si Program Ir\u00e1ny\u00edt\u00f3 Hat\u00f3s\u00e1ga \u00e9s a Duna-Pilis-Gerecse Vid\u00e9kfejleszt\u00e9si Egyes\u00fclet t\u00e1mogat\u00e1sra \u00e9rdemesnek tal\u00e1lt. A PILISMET\u00c1L 1985 \u00f3ta foglalkozik vas- \u00e9s ac\u00e9lkereskedelemmel. R\u00e9gebben Pilisv\u00f6r\u00f6sv\u00e1ron volt a telep\u00fck, azonban Keszt\u00f6lcre k\u00f6lt\u00f6ztek. V\u00e1llalj\u00e1k ac\u00e9lh\u00e1l\u00f3k forgalmaz\u00e1s\u00e1t, betonac\u00e9l megmunk\u00e1l\u00e1s\u00e1t statikai tervek alapj\u00e1n, \u00e9p\u00edt\u00e9si ter\u00fcletre val\u00f3 fuvaroz\u00e1s\u00e1t","og_url":"https:\/\/dorogimedence.hu\/index.php\/2025\/05\/20\/sikeresen-palyazott-a-leader-programban-egy-kesztolci-vallalkozas\/","og_site_name":"Dorogi-medence Region\u00e1lis H\u00edrport\u00e1l","article_publisher":"https:\/\/www.facebook.com\/dorogimedence\/","article_published_time":"2025-05-20T08:23:11+00:00","og_image":[{"width":640,"height":480,"url":"https:\/\/dorogimedence.hu\/wp-content\/uploads\/2025\/05\/01-1.jpg","type":"image\/jpeg"}],"author":"dorogimedence.hu","twitter_card":"summary_large_image","twitter_misc":{"Szerz\u0151:":"dorogimedence.hu","Becs\u00fclt olvas\u00e1si id\u0151":"2 perc"},"schema":{"@context":"https:\/\/schema.org","@graph":[{"@type":"Article","@id":"https:\/\/dorogimedence.hu\/index.php\/2025\/05\/20\/sikeresen-palyazott-a-leader-programban-egy-kesztolci-vallalkozas\/#article","isPartOf":{"@id":"https:\/\/dorogimedence.hu\/index.php\/2025\/05\/20\/sikeresen-palyazott-a-leader-programban-egy-kesztolci-vallalkozas\/"},"author":{"name":"dorogimedence.hu","@id":"https:\/\/dorogimedence.hu\/#\/schema\/person\/ce6091eeb7e95ecdc87890d6aa8e0fd4"},"headline":"Sikeresen p\u00e1ly\u00e1zott a LEADER programban egy keszt\u00f6lci v\u00e1llalkoz\u00e1s","datePublished":"2025-05-20T08:23:11+00:00","mainEntityOfPage":{"@id":"https:\/\/dorogimedence.hu\/index.php\/2025\/05\/20\/sikeresen-palyazott-a-leader-programban-egy-kesztolci-vallalkozas\/"},"wordCount":474,"publisher":{"@id":"https:\/\/dorogimedence.hu\/#organization"},"image":{"@id":"https:\/\/dorogimedence.hu\/index.php\/2025\/05\/20\/sikeresen-palyazott-a-leader-programban-egy-kesztolci-vallalkozas\/#primaryimage"},"thumbnailUrl":"https:\/\/dorogimedence.hu\/wp-content\/uploads\/2025\/05\/01-1.jpg","keywords":["Keszt\u00f6lc","LEADER p\u00e1ly\u00e1zat","p\u00e1ly\u00e1zat"],"articleSection":["H\u00edrek","Keszt\u00f6lc"],"inLanguage":"hu"},{"@type":"WebPage","@id":"https:\/\/dorogimedence.hu\/index.php\/2025\/05\/20\/sikeresen-palyazott-a-leader-programban-egy-kesztolci-vallalkozas\/","url":"https:\/\/dorogimedence.hu\/index.php\/2025\/05\/20\/sikeresen-palyazott-a-leader-programban-egy-kesztolci-vallalkozas\/","name":"Sikeresen p\u00e1ly\u00e1zott a LEADER programban egy keszt\u00f6lci v\u00e1llalkoz\u00e1s","isPartOf":{"@id":"https:\/\/dorogimedence.hu\/#website"},"primaryImageOfPage":{"@id":"https:\/\/dorogimedence.hu\/index.php\/2025\/05\/20\/sikeresen-palyazott-a-leader-programban-egy-kesztolci-vallalkozas\/#primaryimage"},"image":{"@id":"https:\/\/dorogimedence.hu\/index.php\/2025\/05\/20\/sikeresen-palyazott-a-leader-programban-egy-kesztolci-vallalkozas\/#primaryimage"},"thumbnailUrl":"https:\/\/dorogimedence.hu\/wp-content\/uploads\/2025\/05\/01-1.jpg","datePublished":"2025-05-20T08:23:11+00:00","breadcrumb":{"@id":"https:\/\/dorogimedence.hu\/index.php\/2025\/05\/20\/sikeresen-palyazott-a-leader-programban-egy-kesztolci-vallalkozas\/#breadcrumb"},"inLanguage":"hu","potentialAction":[{"@type":"ReadAction","target":["https:\/\/dorogimedence.hu\/index.php\/2025\/05\/20\/sikeresen-palyazott-a-leader-programban-egy-kesztolci-vallalkozas\/"]}]},{"@type":"ImageObject","inLanguage":"hu","@id":"https:\/\/dorogimedence.hu\/index.php\/2025\/05\/20\/sikeresen-palyazott-a-leader-programban-egy-kesztolci-vallalkozas\/#primaryimage","url":"https:\/\/dorogimedence.hu\/wp-content\/uploads\/2025\/05\/01-1.jpg","contentUrl":"https:\/\/dorogimedence.hu\/wp-content\/uploads\/2025\/05\/01-1.jpg","width":640,"height":480},{"@type":"BreadcrumbList","@id":"https:\/\/dorogimedence.hu\/index.php\/2025\/05\/20\/sikeresen-palyazott-a-leader-programban-egy-kesztolci-vallalkozas\/#breadcrumb","itemListElement":[{"@type":"ListItem","position":1,"name":"Kezd\u0151lap","item":"https:\/\/dorogimedence.hu\/"},{"@type":"ListItem","position":2,"name":"Sikeresen p\u00e1ly\u00e1zott a LEADER programban egy keszt\u00f6lci v\u00e1llalkoz\u00e1s"}]},{"@type":"WebSite","@id":"https:\/\/dorogimedence.hu\/#website","url":"https:\/\/dorogimedence.hu\/","name":"Dorogi-medence Region\u00e1lis H\u00edrport\u00e1l","description":"Dorog, Keszt\u00f6lc, Le\u00e1nyv\u00e1r, Piliscs\u00e9v, Tokod, Tokodalt\u00e1r\u00f3, Csolnok, Esztergom-kertv\u00e1ros: h\u00edrek, programok","publisher":{"@id":"https:\/\/dorogimedence.hu\/#organization"},"potentialAction":[{"@type":"SearchAction","target":{"@type":"EntryPoint","urlTemplate":"https:\/\/dorogimedence.hu\/?s={search_term_string}"},"query-input":{"@type":"PropertyValueSpecification","valueRequired":true,"valueName":"search_term_string"}}],"inLanguage":"hu"},{"@type":"Organization","@id":"https:\/\/dorogimedence.hu\/#organization","name":"Dorogi-medence Region\u00e1lis H\u00edrport\u00e1l","url":"https:\/\/dorogimedence.hu\/","logo":{"@type":"ImageObject","inLanguage":"hu","@id":"https:\/\/dorogimedence.hu\/#\/schema\/logo\/image\/","url":"https:\/\/dorogimedence.hu\/wp-content\/uploads\/2021\/04\/logo-feher-600.png","contentUrl":"https:\/\/dorogimedence.hu\/wp-content\/uploads\/2021\/04\/logo-feher-600.png","width":600,"height":100,"caption":"Dorogi-medence Region\u00e1lis H\u00edrport\u00e1l"},"image":{"@id":"https:\/\/dorogimedence.hu\/#\/schema\/logo\/image\/"},"sameAs":["https:\/\/www.facebook.com\/dorogimedence\/"]},{"@type":"Person","@id":"https:\/\/dorogimedence.hu\/#\/schema\/person\/ce6091eeb7e95ecdc87890d6aa8e0fd4","name":"dorogimedence.hu","image":{"@type":"ImageObject","inLanguage":"hu","@id":"\/\/www.gravatar.com\/avatar\/d8d45f8901aadff40a4af72c0b826f1d?s=96&#038;r=g&#038;d=mm","url":"\/\/www.gravatar.com\/avatar\/d8d45f8901aadff40a4af72c0b826f1d?s=96&#038;r=g&#038;d=mm","contentUrl":"\/\/www.gravatar.com\/avatar\/d8d45f8901aadff40a4af72c0b826f1d?s=96&#038;r=g&#038;d=mm","caption":"dorogimedence.hu"}}]}},"_links":{"self":[{"href":"https:\/\/dorogimedence.hu\/index.php\/wp-json\/wp\/v2\/posts\/71295","targetHints":{"allow":["GET"]}}],"collection":[{"href":"https:\/\/dorogimedence.hu\/index.php\/wp-json\/wp\/v2\/posts"}],"about":[{"href":"https:\/\/dorogimedence.hu\/index.php\/wp-json\/wp\/v2\/types\/post"}],"author":[{"embeddable":true,"href":"https:\/\/dorogimedence.hu\/index.php\/wp-json\/wp\/v2\/users\/1"}],"replies":[{"embeddable":true,"href":"https:\/\/dorogimedence.hu\/index.php\/wp-json\/wp\/v2\/comments?post=71295"}],"version-history":[{"count":0,"href":"https:\/\/dorogimedence.hu\/index.php\/wp-json\/wp\/v2\/posts\/71295\/revisions"}],"wp:featuredmedia":[{"embeddable":true,"href":"https:\/\/dorogimedence.hu\/index.php\/wp-json\/wp\/v2\/media\/71296"}],"wp:attachment":[{"href":"https:\/\/dorogimedence.hu\/index.php\/wp-json\/wp\/v2\/media?parent=71295"}],"wp:term":[{"taxonomy":"category","embeddable":true,"href":"https:\/\/dorogimedence.hu\/index.php\/wp-json\/wp\/v2\/categories?post=71295"},{"taxonomy":"post_tag","embeddable":true,"href":"https:\/\/dorogimedence.hu\/index.php\/wp-json\/wp\/v2\/tags?post=71295"}],"curies":[{"name":"wp","href":"https:\/\/api.w.org\/{rel}","templated":true}]}}