{"id":71286,"date":"2025-05-20T10:03:07","date_gmt":"2025-05-20T08:03:07","guid":{"rendered":"https:\/\/dorogimedence.hu\/?p=71286"},"modified":"2025-05-20T10:03:07","modified_gmt":"2025-05-20T08:03:07","slug":"a-dorogiakat-is-varjak-a-tatai-motoros-fesztivalra","status":"publish","type":"post","link":"https:\/\/dorogimedence.hu\/index.php\/2025\/05\/20\/a-dorogiakat-is-varjak-a-tatai-motoros-fesztivalra\/","title":{"rendered":"A dorogiakat is v\u00e1rj\u00e1k a Tatai Motoros Fesztiv\u00e1lra"},"content":{"rendered":"<p><strong>K\u00e9t napra a motorosok fellegv\u00e1r\u00e1v\u00e1 v\u00e1lik ny\u00e1ron Tata, ahol hagyom\u00e1nyteremt\u0151 c\u00e9llal egy \u00faj rendezv\u00e9nyt szerveznek. A j\u00faliusi Tatai Motoros Fesztiv\u00e1l minden bizonnyal \u00faj lend\u00fcletet hoz a \u201evizek v\u00e1ros\u00e1nak\u201d \u00e9s egyben a t\u00e9rs\u00e9g kultur\u00e1lis \u00e9s turisztikai \u00e9let\u00e9be. A szervez\u0151k t\u00e9rs\u00e9g\u00fcnk motorosait is szeretettel v\u00e1rj\u00e1k!<\/strong><\/p>\n<p>M\u00e1jus 15-\u00e9n, cs\u00fct\u00f6rt\u00f6k\u00f6n a tatai \u00d6reg-T\u00f3 Hotel \u00e9s Rendezv\u00e9nyt\u00e9rben tartott sajt\u00f3t\u00e1j\u00e9koztat\u00f3n jelentett\u00e9k be, hogy Tatai Motoros Fesztiv\u00e1l n\u00e9ven egy \u00faj, a motoros k\u00f6z\u00f6ss\u00e9get, valamint a rockzene kedvel\u0151it megsz\u00f3l\u00edt\u00f3 rendezv\u00e9nnyel b\u0171v\u00f6l a v\u00e1rosi rendezv\u00e9nyk\u00edn\u00e1lat.<\/p>\n<p>Csonka Istv\u00e1n, a rendezv\u00e9nynek otthont ad\u00f3 \u00d6reg-T\u00f3 Hotel \u00e9s Rendezv\u00e9nyt\u00e9r tulajdonosa, elmondta: nagy \u00f6r\u00f6m sz\u00e1mukra, hogy h\u00e1zigazd\u00e1i lehetnek a j\u00falius 25-26-i Tatai Motoros Fesztiv\u00e1lnak. Elmes\u00e9lte, hogy t\u00f6bb mint t\u00edz \u00e9vvel ezel\u0151tt egy motoros klub rendezett egy sikeres tal\u00e1lkoz\u00f3t a v\u00e1rosban, az akkori esem\u00e9ny adta az ihletet ahhoz, hogy egy olyan programot szervezzenek, mellyel a motoros t\u00e1rsadalom min\u00e9l sz\u00e9lesebb r\u00e9teg\u00e9t megsz\u00f3l\u00edthatj\u00e1k. \u00dagy v\u00e9li, hogy a hotel \u00e9s a hozz\u00e1 tartoz\u00f3 k\u00e9thekt\u00e1ros, z\u00e1rt \u0151sf\u00e1s park nagyon biztons\u00e1gos \u00e9s egyben k\u00fcl\u00f6nleges helysz\u00edn\u00e9\u00fcl szolg\u00e1lhat a ny\u00e1ri tal\u00e1lkoz\u00f3nak. A fesztiv\u00e1l egy igazi m\u00e9rf\u00f6ldk\u0151nek sz\u00e1m\u00edt majd Tata \u00e9let\u00e9ben, hiszen kor\u00e1bban sosem rendeztek ilyen nagyszab\u00e1s\u00fa motoros fesztiv\u00e1lt a v\u00e1rosban. A rendezv\u00e9ny egy\u00e9bk\u00e9nt a j\u00f3t\u00e9konys\u00e1g jegy\u00e9ben is zajlik majd, hiszen lesz lehet\u0151s\u00e9g v\u00e9rad\u00e1sra, de a programok k\u00f6z\u00f6tt szerepelnek k\u00f6zleked\u00e9sbiztons\u00e1gi el\u0151ad\u00e1sok is. Megk\u00f6sz\u00f6nte koll\u00e9g\u00e1i seg\u00edts\u00e9g\u00e9t \u00e9s b\u00edzik benne, hogy megval\u00f3s\u00edthatj\u00e1k c\u00e9ljaikat, a Tatai Motoros Fesztiv\u00e1l hagyom\u00e1nny\u00e1 v\u00e1lhat \u00e9s min\u00e9l t\u00f6bben megismerkedhetnek a v\u00e1rossal.<\/p>\n<p><img fetchpriority=\"high\" decoding=\"async\" class=\"alignnone size-full wp-image-71288\" src=\"https:\/\/dorogimedence.hu\/wp-content\/uploads\/2025\/05\/tata-02.jpg\" alt=\"\" width=\"1920\" height=\"1280\" srcset=\"https:\/\/dorogimedence.hu\/wp-content\/uploads\/2025\/05\/tata-02.jpg 1920w, https:\/\/dorogimedence.hu\/wp-content\/uploads\/2025\/05\/tata-02-600x400.jpg 600w, https:\/\/dorogimedence.hu\/wp-content\/uploads\/2025\/05\/tata-02-768x512.jpg 768w, https:\/\/dorogimedence.hu\/wp-content\/uploads\/2025\/05\/tata-02-1536x1024.jpg 1536w, https:\/\/dorogimedence.hu\/wp-content\/uploads\/2025\/05\/tata-02-150x100.jpg 150w, https:\/\/dorogimedence.hu\/wp-content\/uploads\/2025\/05\/tata-02-450x300.jpg 450w, https:\/\/dorogimedence.hu\/wp-content\/uploads\/2025\/05\/tata-02-1200x800.jpg 1200w, https:\/\/dorogimedence.hu\/wp-content\/uploads\/2025\/05\/tata-02-272x182.jpg 272w\" sizes=\"(max-width: 1920px) 100vw, 1920px\" \/><\/p>\n<p>Dobai Attila, a hazai motoros \u00e9let megker\u00fclhetetlen tagja, az als\u00f3\u00f6rsi Harley-Davidson tal\u00e1lkoz\u00f3 meg\u00e1lmod\u00f3ja mes\u00e9lt arr\u00f3l, hogy sokakhoz hasonl\u00f3an m\u00e1r \u0151 is gyermekkor\u00e1ban beleszeretett a motoroz\u00e1sba. Ennek az \u00f6sszetart\u00f3 k\u00f6z\u00f6ss\u00e9gnek a tagjai a motort t\u00f6bbnek tekintik egy k\u00f6zleked\u00e9si eszk\u00f6zn\u00e9l, az a tartalmas id\u0151t\u00f6lt\u00e9st \u00e9s a kikapcsol\u00f3d\u00e1st testes\u00edti meg sz\u00e1mukra. Dobai Attila \u00f6r\u00f6mmel v\u00e1llalta el a tatai rendezv\u00e9ny mentor\u00e1l\u00e1s\u00e1t, \u00e9s \u00fagy v\u00e9li, az \u00d6reg-T\u00f3 Hotel \u00e9s Rendezv\u00e9nyt\u00e9r t\u00f6k\u00e9letes lehet\u0151s\u00e9get k\u00edn\u00e1l arra, hogy a motorosok a bar\u00e1tokkal egy\u00fctt kapcsol\u00f3djanak ki a helysz\u00ednen. Rem\u00e9li, hogy egy olyan rendezv\u00e9ny sz\u00fcletik, ami az als\u00f3\u00f6rsi tal\u00e1lkoz\u00f3hoz hasonl\u00f3an felejthetetlen \u00e9lm\u00e9nyekkel szolg\u00e1lhat. Els\u0151re 500 k\u00f6r\u00fcli motoros r\u00e9sztvev\u0151re sz\u00e1m\u00edt, b\u00edzik benne, hogy a k\u00f6rnyez\u0151 orsz\u00e1gokb\u00f3l is \u00e9rkeznek fesztiv\u00e1loz\u00f3k, ha pedig a motorosok messzire elviszik majd a fesztiv\u00e1l h\u00edr\u00e9t, akkor \u00e9vr\u0151l \u00e9vre m\u00e9g t\u00f6bben, a bar\u00e1taikkal k\u00f6z\u00f6sen t\u00e9rhetnek vissza Tat\u00e1ra.<\/p>\n<p>Abah\u00e1zi Csaba, \u00e9nekes, r\u00e1di\u00f3s m\u0171sorvezet\u0151, a Sing Sing egy\u00fcttes egykori \u00e9s a Tatai Motoros Fesztiv\u00e1lon fell\u00e9p\u0151 Abah\u00e1zi RT. frontembere b\u00edzik benne, hogy egy olyan hagyom\u00e1ny j\u00f6n l\u00e9tre, melyre \u00e9vek m\u00falt\u00e1n mindannyian b\u00fcszk\u00e9k lehetnek. Egy\u00fcttes\u00e9vel sz\u00e1mos motoros fesztiv\u00e1lon szerepeltek m\u00e1r az orsz\u00e1gban \u00e9s azt v\u00e1rj\u00e1k, hogy Tat\u00e1n is hasonl\u00f3 sikerekben lehet r\u00e9sz\u00fck. M\u0171sorukban r\u00e9gi Sing Sing dalok is szerepelnek majd, igyekeznek a kilencvenes \u00e9vek hangulat\u00e1t is megid\u00e9zni, a k\u00f6z\u00f6ns\u00e9g nagyon sz\u00ednes, v\u00e1ltozatos programot v\u00e1rhatnak t\u0151l\u00fck, melyekb\u0151l nem hi\u00e1nyozhatnak az \u00fajabb szerzem\u00e9nyek sem. Az Abah\u00e1zi Rt. id\u00e9n \u00faj albumot is megjelentet, az \u00faj korong dalai k\u00f6z\u00fcl n\u00e9h\u00e1nyat el\u0151sz\u00f6r Tat\u00e1n hallhatnak majd a rajong\u00f3k.<\/p>\n<p>Az el\u0151zetes visszajelz\u00e9sek alapj\u00e1n m\u00e1r t\u00f6bb sz\u00e1z motoros jelezte r\u00e9szv\u00e9teli sz\u00e1nd\u00e9k\u00e1t, ennek f\u00e9ny\u00e9ben egy l\u00e1tv\u00e1nyos felvonul\u00e1s \u00edg\u00e9rkezik. A pontos \u00fatvonal m\u00e9g nem ismert, annyi azonban biztos, hogy a menet \u00e9rinteni fogja Tata fontosabb \u00fatvonalait \u00e9s a k\u00f6rny\u00e9k dombosabb, kanyarg\u00f3sabb \u00fatvonalait. A zenei felhozatalra sem lehet panasz, a Tatai Motoros Fesztiv\u00e1lon az Abah\u00e1zi Rt. mellett fell\u00e9p az \u00dcst\u00f6k\u00f6s Rock Band, a Blues Company, az After Queen, a Candymen Duo \u00e9s az AB\/CD is,<\/p>\n<p>Tov\u00e1bbi inform\u00e1ci\u00f3k az <a href=\"https:\/\/www.facebook.com\/oregtohotel\/\" target=\"_blank\" rel=\"noopener\"><span style=\"text-decoration: underline; color: #0000ff;\">\u00d6reg-T\u00f3 Hotel \u00e9s Rendezv\u00e9nyt\u00e9r<\/span><\/a> Facebook-oldal\u00e1n olvashat\u00f3k.<\/p>\n<p><img decoding=\"async\" class=\"alignnone size-full wp-image-71289\" src=\"https:\/\/dorogimedence.hu\/wp-content\/uploads\/2025\/05\/tata-03.jpg\" alt=\"\" width=\"1200\" height=\"1687\" srcset=\"https:\/\/dorogimedence.hu\/wp-content\/uploads\/2025\/05\/tata-03.jpg 1200w, https:\/\/dorogimedence.hu\/wp-content\/uploads\/2025\/05\/tata-03-427x600.jpg 427w, https:\/\/dorogimedence.hu\/wp-content\/uploads\/2025\/05\/tata-03-768x1080.jpg 768w, https:\/\/dorogimedence.hu\/wp-content\/uploads\/2025\/05\/tata-03-1093x1536.jpg 1093w, https:\/\/dorogimedence.hu\/wp-content\/uploads\/2025\/05\/tata-03-150x211.jpg 150w, https:\/\/dorogimedence.hu\/wp-content\/uploads\/2025\/05\/tata-03-450x633.jpg 450w\" sizes=\"(max-width: 1200px) 100vw, 1200px\" \/><\/p>\n","protected":false},"excerpt":{"rendered":"<p>K\u00e9t napra a motorosok fellegv\u00e1r\u00e1v\u00e1 v\u00e1lik ny\u00e1ron Tata, ahol hagyom\u00e1nyteremt\u0151 c\u00e9llal egy \u00faj rendezv\u00e9nyt szerveznek. A j\u00faliusi Tatai Motoros Fesztiv\u00e1l minden bizonnyal \u00faj lend\u00fcletet hoz a \u201evizek v\u00e1ros\u00e1nak\u201d \u00e9s egyben a t\u00e9rs\u00e9g kultur\u00e1lis \u00e9s turisztikai \u00e9let\u00e9be. A szervez\u0151k t\u00e9rs\u00e9g\u00fcnk motorosait is szeretettel v\u00e1rj\u00e1k! M\u00e1jus 15-\u00e9n, cs\u00fct\u00f6rt\u00f6k\u00f6n a tatai \u00d6reg-T\u00f3 Hotel \u00e9s Rendezv\u00e9nyt\u00e9rben tartott sajt\u00f3t\u00e1j\u00e9koztat\u00f3n jelentett\u00e9k<\/p>\n","protected":false},"author":1,"featured_media":71287,"comment_status":"closed","ping_status":"closed","sticky":false,"template":"","format":"standard","meta":{"ngg_post_thumbnail":0,"footnotes":""},"categories":[3,56,3561],"tags":[6890,101,1062],"class_list":{"0":"post-71286","1":"post","2":"type-post","3":"status-publish","4":"format-standard","5":"has-post-thumbnail","7":"category-hirek","8":"category-komarom-esztergom","9":"category-programok","10":"tag-komarom-esztergom-varmegye","11":"tag-program","12":"tag-tata"},"yoast_head":"<!-- This site is optimized with the Yoast SEO plugin v27.4 - https:\/\/yoast.com\/product\/yoast-seo-wordpress\/ -->\n<title>A dorogiakat is v\u00e1rj\u00e1k a Tatai Motoros Fesztiv\u00e1lra<\/title>\n<meta name=\"robots\" content=\"index, follow, max-snippet:-1, max-image-preview:large, max-video-preview:-1\" \/>\n<link rel=\"canonical\" href=\"https:\/\/dorogimedence.hu\/index.php\/2025\/05\/20\/a-dorogiakat-is-varjak-a-tatai-motoros-fesztivalra\/\" class=\"yoast-seo-meta-tag\" \/>\n<meta property=\"og:locale\" content=\"hu_HU\" class=\"yoast-seo-meta-tag\" \/>\n<meta property=\"og:type\" content=\"article\" class=\"yoast-seo-meta-tag\" \/>\n<meta property=\"og:title\" content=\"A dorogiakat is v\u00e1rj\u00e1k a Tatai Motoros Fesztiv\u00e1lra\" class=\"yoast-seo-meta-tag\" \/>\n<meta property=\"og:description\" content=\"K\u00e9t napra a motorosok fellegv\u00e1r\u00e1v\u00e1 v\u00e1lik ny\u00e1ron Tata, ahol hagyom\u00e1nyteremt\u0151 c\u00e9llal egy \u00faj rendezv\u00e9nyt szerveznek. A j\u00faliusi Tatai Motoros Fesztiv\u00e1l minden bizonnyal \u00faj lend\u00fcletet hoz a \u201evizek v\u00e1ros\u00e1nak\u201d \u00e9s egyben a t\u00e9rs\u00e9g kultur\u00e1lis \u00e9s turisztikai \u00e9let\u00e9be. A szervez\u0151k t\u00e9rs\u00e9g\u00fcnk motorosait is szeretettel v\u00e1rj\u00e1k! M\u00e1jus 15-\u00e9n, cs\u00fct\u00f6rt\u00f6k\u00f6n a tatai \u00d6reg-T\u00f3 Hotel \u00e9s Rendezv\u00e9nyt\u00e9rben tartott sajt\u00f3t\u00e1j\u00e9koztat\u00f3n jelentett\u00e9k\" class=\"yoast-seo-meta-tag\" \/>\n<meta property=\"og:url\" content=\"https:\/\/dorogimedence.hu\/index.php\/2025\/05\/20\/a-dorogiakat-is-varjak-a-tatai-motoros-fesztivalra\/\" class=\"yoast-seo-meta-tag\" \/>\n<meta property=\"og:site_name\" content=\"Dorogi-medence Region\u00e1lis H\u00edrport\u00e1l\" class=\"yoast-seo-meta-tag\" \/>\n<meta property=\"article:publisher\" content=\"https:\/\/www.facebook.com\/dorogimedence\/\" class=\"yoast-seo-meta-tag\" \/>\n<meta property=\"article:published_time\" content=\"2025-05-20T08:03:07+00:00\" class=\"yoast-seo-meta-tag\" \/>\n<meta property=\"og:image\" content=\"https:\/\/dorogimedence.hu\/wp-content\/uploads\/2025\/05\/tata-01.jpg\" class=\"yoast-seo-meta-tag\" \/>\n\t<meta property=\"og:image:width\" content=\"1920\" class=\"yoast-seo-meta-tag\" \/>\n\t<meta property=\"og:image:height\" content=\"1280\" class=\"yoast-seo-meta-tag\" \/>\n\t<meta property=\"og:image:type\" content=\"image\/jpeg\" class=\"yoast-seo-meta-tag\" \/>\n<meta name=\"author\" content=\"dorogimedence.hu\" class=\"yoast-seo-meta-tag\" \/>\n<meta name=\"twitter:card\" content=\"summary_large_image\" class=\"yoast-seo-meta-tag\" \/>\n<meta name=\"twitter:label1\" content=\"Szerz\u0151:\" class=\"yoast-seo-meta-tag\" \/>\n\t<meta name=\"twitter:data1\" content=\"dorogimedence.hu\" class=\"yoast-seo-meta-tag\" \/>\n\t<meta name=\"twitter:label2\" content=\"Becs\u00fclt olvas\u00e1si id\u0151\" class=\"yoast-seo-meta-tag\" \/>\n\t<meta name=\"twitter:data2\" content=\"4 perc\" class=\"yoast-seo-meta-tag\" \/>\n<script type=\"application\/ld+json\" class=\"yoast-schema-graph\">{\"@context\":\"https:\\\/\\\/schema.org\",\"@graph\":[{\"@type\":\"Article\",\"@id\":\"https:\\\/\\\/dorogimedence.hu\\\/index.php\\\/2025\\\/05\\\/20\\\/a-dorogiakat-is-varjak-a-tatai-motoros-fesztivalra\\\/#article\",\"isPartOf\":{\"@id\":\"https:\\\/\\\/dorogimedence.hu\\\/index.php\\\/2025\\\/05\\\/20\\\/a-dorogiakat-is-varjak-a-tatai-motoros-fesztivalra\\\/\"},\"author\":{\"name\":\"dorogimedence.hu\",\"@id\":\"https:\\\/\\\/dorogimedence.hu\\\/#\\\/schema\\\/person\\\/ce6091eeb7e95ecdc87890d6aa8e0fd4\"},\"headline\":\"A dorogiakat is v\u00e1rj\u00e1k a Tatai Motoros Fesztiv\u00e1lra\",\"datePublished\":\"2025-05-20T08:03:07+00:00\",\"mainEntityOfPage\":{\"@id\":\"https:\\\/\\\/dorogimedence.hu\\\/index.php\\\/2025\\\/05\\\/20\\\/a-dorogiakat-is-varjak-a-tatai-motoros-fesztivalra\\\/\"},\"wordCount\":843,\"publisher\":{\"@id\":\"https:\\\/\\\/dorogimedence.hu\\\/#organization\"},\"image\":{\"@id\":\"https:\\\/\\\/dorogimedence.hu\\\/index.php\\\/2025\\\/05\\\/20\\\/a-dorogiakat-is-varjak-a-tatai-motoros-fesztivalra\\\/#primaryimage\"},\"thumbnailUrl\":\"https:\\\/\\\/dorogimedence.hu\\\/wp-content\\\/uploads\\\/2025\\\/05\\\/tata-01.jpg\",\"keywords\":[\"Kom\u00e1rom-Esztergom v\u00e1rmegye\",\"program\",\"Tata\"],\"articleSection\":[\"H\u00edrek\",\"Kom\u00e1rom-Esztergom\",\"Programok\"],\"inLanguage\":\"hu\"},{\"@type\":\"WebPage\",\"@id\":\"https:\\\/\\\/dorogimedence.hu\\\/index.php\\\/2025\\\/05\\\/20\\\/a-dorogiakat-is-varjak-a-tatai-motoros-fesztivalra\\\/\",\"url\":\"https:\\\/\\\/dorogimedence.hu\\\/index.php\\\/2025\\\/05\\\/20\\\/a-dorogiakat-is-varjak-a-tatai-motoros-fesztivalra\\\/\",\"name\":\"A dorogiakat is v\u00e1rj\u00e1k a Tatai Motoros Fesztiv\u00e1lra\",\"isPartOf\":{\"@id\":\"https:\\\/\\\/dorogimedence.hu\\\/#website\"},\"primaryImageOfPage\":{\"@id\":\"https:\\\/\\\/dorogimedence.hu\\\/index.php\\\/2025\\\/05\\\/20\\\/a-dorogiakat-is-varjak-a-tatai-motoros-fesztivalra\\\/#primaryimage\"},\"image\":{\"@id\":\"https:\\\/\\\/dorogimedence.hu\\\/index.php\\\/2025\\\/05\\\/20\\\/a-dorogiakat-is-varjak-a-tatai-motoros-fesztivalra\\\/#primaryimage\"},\"thumbnailUrl\":\"https:\\\/\\\/dorogimedence.hu\\\/wp-content\\\/uploads\\\/2025\\\/05\\\/tata-01.jpg\",\"datePublished\":\"2025-05-20T08:03:07+00:00\",\"breadcrumb\":{\"@id\":\"https:\\\/\\\/dorogimedence.hu\\\/index.php\\\/2025\\\/05\\\/20\\\/a-dorogiakat-is-varjak-a-tatai-motoros-fesztivalra\\\/#breadcrumb\"},\"inLanguage\":\"hu\",\"potentialAction\":[{\"@type\":\"ReadAction\",\"target\":[\"https:\\\/\\\/dorogimedence.hu\\\/index.php\\\/2025\\\/05\\\/20\\\/a-dorogiakat-is-varjak-a-tatai-motoros-fesztivalra\\\/\"]}]},{\"@type\":\"ImageObject\",\"inLanguage\":\"hu\",\"@id\":\"https:\\\/\\\/dorogimedence.hu\\\/index.php\\\/2025\\\/05\\\/20\\\/a-dorogiakat-is-varjak-a-tatai-motoros-fesztivalra\\\/#primaryimage\",\"url\":\"https:\\\/\\\/dorogimedence.hu\\\/wp-content\\\/uploads\\\/2025\\\/05\\\/tata-01.jpg\",\"contentUrl\":\"https:\\\/\\\/dorogimedence.hu\\\/wp-content\\\/uploads\\\/2025\\\/05\\\/tata-01.jpg\",\"width\":1920,\"height\":1280},{\"@type\":\"BreadcrumbList\",\"@id\":\"https:\\\/\\\/dorogimedence.hu\\\/index.php\\\/2025\\\/05\\\/20\\\/a-dorogiakat-is-varjak-a-tatai-motoros-fesztivalra\\\/#breadcrumb\",\"itemListElement\":[{\"@type\":\"ListItem\",\"position\":1,\"name\":\"Kezd\u0151lap\",\"item\":\"https:\\\/\\\/dorogimedence.hu\\\/\"},{\"@type\":\"ListItem\",\"position\":2,\"name\":\"A dorogiakat is v\u00e1rj\u00e1k a Tatai Motoros Fesztiv\u00e1lra\"}]},{\"@type\":\"WebSite\",\"@id\":\"https:\\\/\\\/dorogimedence.hu\\\/#website\",\"url\":\"https:\\\/\\\/dorogimedence.hu\\\/\",\"name\":\"Dorogi-medence Region\u00e1lis H\u00edrport\u00e1l\",\"description\":\"Dorog, Keszt\u00f6lc, Le\u00e1nyv\u00e1r, Piliscs\u00e9v, Tokod, Tokodalt\u00e1r\u00f3, Csolnok, Esztergom-kertv\u00e1ros: h\u00edrek, programok\",\"publisher\":{\"@id\":\"https:\\\/\\\/dorogimedence.hu\\\/#organization\"},\"potentialAction\":[{\"@type\":\"SearchAction\",\"target\":{\"@type\":\"EntryPoint\",\"urlTemplate\":\"https:\\\/\\\/dorogimedence.hu\\\/?s={search_term_string}\"},\"query-input\":{\"@type\":\"PropertyValueSpecification\",\"valueRequired\":true,\"valueName\":\"search_term_string\"}}],\"inLanguage\":\"hu\"},{\"@type\":\"Organization\",\"@id\":\"https:\\\/\\\/dorogimedence.hu\\\/#organization\",\"name\":\"Dorogi-medence Region\u00e1lis H\u00edrport\u00e1l\",\"url\":\"https:\\\/\\\/dorogimedence.hu\\\/\",\"logo\":{\"@type\":\"ImageObject\",\"inLanguage\":\"hu\",\"@id\":\"https:\\\/\\\/dorogimedence.hu\\\/#\\\/schema\\\/logo\\\/image\\\/\",\"url\":\"https:\\\/\\\/dorogimedence.hu\\\/wp-content\\\/uploads\\\/2021\\\/04\\\/logo-feher-600.png\",\"contentUrl\":\"https:\\\/\\\/dorogimedence.hu\\\/wp-content\\\/uploads\\\/2021\\\/04\\\/logo-feher-600.png\",\"width\":600,\"height\":100,\"caption\":\"Dorogi-medence Region\u00e1lis H\u00edrport\u00e1l\"},\"image\":{\"@id\":\"https:\\\/\\\/dorogimedence.hu\\\/#\\\/schema\\\/logo\\\/image\\\/\"},\"sameAs\":[\"https:\\\/\\\/www.facebook.com\\\/dorogimedence\\\/\"]},{\"@type\":\"Person\",\"@id\":\"https:\\\/\\\/dorogimedence.hu\\\/#\\\/schema\\\/person\\\/ce6091eeb7e95ecdc87890d6aa8e0fd4\",\"name\":\"dorogimedence.hu\",\"image\":{\"@type\":\"ImageObject\",\"inLanguage\":\"hu\",\"@id\":\"\\\/\\\/www.gravatar.com\\\/avatar\\\/d8d45f8901aadff40a4af72c0b826f1d?s=96&#038;r=g&#038;d=mm\",\"url\":\"\\\/\\\/www.gravatar.com\\\/avatar\\\/d8d45f8901aadff40a4af72c0b826f1d?s=96&#038;r=g&#038;d=mm\",\"contentUrl\":\"\\\/\\\/www.gravatar.com\\\/avatar\\\/d8d45f8901aadff40a4af72c0b826f1d?s=96&#038;r=g&#038;d=mm\",\"caption\":\"dorogimedence.hu\"}}]}<\/script>\n<!-- \/ Yoast SEO plugin. -->","yoast_head_json":{"title":"A dorogiakat is v\u00e1rj\u00e1k a Tatai Motoros Fesztiv\u00e1lra","robots":{"index":"index","follow":"follow","max-snippet":"max-snippet:-1","max-image-preview":"max-image-preview:large","max-video-preview":"max-video-preview:-1"},"canonical":"https:\/\/dorogimedence.hu\/index.php\/2025\/05\/20\/a-dorogiakat-is-varjak-a-tatai-motoros-fesztivalra\/","og_locale":"hu_HU","og_type":"article","og_title":"A dorogiakat is v\u00e1rj\u00e1k a Tatai Motoros Fesztiv\u00e1lra","og_description":"K\u00e9t napra a motorosok fellegv\u00e1r\u00e1v\u00e1 v\u00e1lik ny\u00e1ron Tata, ahol hagyom\u00e1nyteremt\u0151 c\u00e9llal egy \u00faj rendezv\u00e9nyt szerveznek. A j\u00faliusi Tatai Motoros Fesztiv\u00e1l minden bizonnyal \u00faj lend\u00fcletet hoz a \u201evizek v\u00e1ros\u00e1nak\u201d \u00e9s egyben a t\u00e9rs\u00e9g kultur\u00e1lis \u00e9s turisztikai \u00e9let\u00e9be. A szervez\u0151k t\u00e9rs\u00e9g\u00fcnk motorosait is szeretettel v\u00e1rj\u00e1k! M\u00e1jus 15-\u00e9n, cs\u00fct\u00f6rt\u00f6k\u00f6n a tatai \u00d6reg-T\u00f3 Hotel \u00e9s Rendezv\u00e9nyt\u00e9rben tartott sajt\u00f3t\u00e1j\u00e9koztat\u00f3n jelentett\u00e9k","og_url":"https:\/\/dorogimedence.hu\/index.php\/2025\/05\/20\/a-dorogiakat-is-varjak-a-tatai-motoros-fesztivalra\/","og_site_name":"Dorogi-medence Region\u00e1lis H\u00edrport\u00e1l","article_publisher":"https:\/\/www.facebook.com\/dorogimedence\/","article_published_time":"2025-05-20T08:03:07+00:00","og_image":[{"width":1920,"height":1280,"url":"https:\/\/dorogimedence.hu\/wp-content\/uploads\/2025\/05\/tata-01.jpg","type":"image\/jpeg"}],"author":"dorogimedence.hu","twitter_card":"summary_large_image","twitter_misc":{"Szerz\u0151:":"dorogimedence.hu","Becs\u00fclt olvas\u00e1si id\u0151":"4 perc"},"schema":{"@context":"https:\/\/schema.org","@graph":[{"@type":"Article","@id":"https:\/\/dorogimedence.hu\/index.php\/2025\/05\/20\/a-dorogiakat-is-varjak-a-tatai-motoros-fesztivalra\/#article","isPartOf":{"@id":"https:\/\/dorogimedence.hu\/index.php\/2025\/05\/20\/a-dorogiakat-is-varjak-a-tatai-motoros-fesztivalra\/"},"author":{"name":"dorogimedence.hu","@id":"https:\/\/dorogimedence.hu\/#\/schema\/person\/ce6091eeb7e95ecdc87890d6aa8e0fd4"},"headline":"A dorogiakat is v\u00e1rj\u00e1k a Tatai Motoros Fesztiv\u00e1lra","datePublished":"2025-05-20T08:03:07+00:00","mainEntityOfPage":{"@id":"https:\/\/dorogimedence.hu\/index.php\/2025\/05\/20\/a-dorogiakat-is-varjak-a-tatai-motoros-fesztivalra\/"},"wordCount":843,"publisher":{"@id":"https:\/\/dorogimedence.hu\/#organization"},"image":{"@id":"https:\/\/dorogimedence.hu\/index.php\/2025\/05\/20\/a-dorogiakat-is-varjak-a-tatai-motoros-fesztivalra\/#primaryimage"},"thumbnailUrl":"https:\/\/dorogimedence.hu\/wp-content\/uploads\/2025\/05\/tata-01.jpg","keywords":["Kom\u00e1rom-Esztergom v\u00e1rmegye","program","Tata"],"articleSection":["H\u00edrek","Kom\u00e1rom-Esztergom","Programok"],"inLanguage":"hu"},{"@type":"WebPage","@id":"https:\/\/dorogimedence.hu\/index.php\/2025\/05\/20\/a-dorogiakat-is-varjak-a-tatai-motoros-fesztivalra\/","url":"https:\/\/dorogimedence.hu\/index.php\/2025\/05\/20\/a-dorogiakat-is-varjak-a-tatai-motoros-fesztivalra\/","name":"A dorogiakat is v\u00e1rj\u00e1k a Tatai Motoros Fesztiv\u00e1lra","isPartOf":{"@id":"https:\/\/dorogimedence.hu\/#website"},"primaryImageOfPage":{"@id":"https:\/\/dorogimedence.hu\/index.php\/2025\/05\/20\/a-dorogiakat-is-varjak-a-tatai-motoros-fesztivalra\/#primaryimage"},"image":{"@id":"https:\/\/dorogimedence.hu\/index.php\/2025\/05\/20\/a-dorogiakat-is-varjak-a-tatai-motoros-fesztivalra\/#primaryimage"},"thumbnailUrl":"https:\/\/dorogimedence.hu\/wp-content\/uploads\/2025\/05\/tata-01.jpg","datePublished":"2025-05-20T08:03:07+00:00","breadcrumb":{"@id":"https:\/\/dorogimedence.hu\/index.php\/2025\/05\/20\/a-dorogiakat-is-varjak-a-tatai-motoros-fesztivalra\/#breadcrumb"},"inLanguage":"hu","potentialAction":[{"@type":"ReadAction","target":["https:\/\/dorogimedence.hu\/index.php\/2025\/05\/20\/a-dorogiakat-is-varjak-a-tatai-motoros-fesztivalra\/"]}]},{"@type":"ImageObject","inLanguage":"hu","@id":"https:\/\/dorogimedence.hu\/index.php\/2025\/05\/20\/a-dorogiakat-is-varjak-a-tatai-motoros-fesztivalra\/#primaryimage","url":"https:\/\/dorogimedence.hu\/wp-content\/uploads\/2025\/05\/tata-01.jpg","contentUrl":"https:\/\/dorogimedence.hu\/wp-content\/uploads\/2025\/05\/tata-01.jpg","width":1920,"height":1280},{"@type":"BreadcrumbList","@id":"https:\/\/dorogimedence.hu\/index.php\/2025\/05\/20\/a-dorogiakat-is-varjak-a-tatai-motoros-fesztivalra\/#breadcrumb","itemListElement":[{"@type":"ListItem","position":1,"name":"Kezd\u0151lap","item":"https:\/\/dorogimedence.hu\/"},{"@type":"ListItem","position":2,"name":"A dorogiakat is v\u00e1rj\u00e1k a Tatai Motoros Fesztiv\u00e1lra"}]},{"@type":"WebSite","@id":"https:\/\/dorogimedence.hu\/#website","url":"https:\/\/dorogimedence.hu\/","name":"Dorogi-medence Region\u00e1lis H\u00edrport\u00e1l","description":"Dorog, Keszt\u00f6lc, Le\u00e1nyv\u00e1r, Piliscs\u00e9v, Tokod, Tokodalt\u00e1r\u00f3, Csolnok, Esztergom-kertv\u00e1ros: h\u00edrek, programok","publisher":{"@id":"https:\/\/dorogimedence.hu\/#organization"},"potentialAction":[{"@type":"SearchAction","target":{"@type":"EntryPoint","urlTemplate":"https:\/\/dorogimedence.hu\/?s={search_term_string}"},"query-input":{"@type":"PropertyValueSpecification","valueRequired":true,"valueName":"search_term_string"}}],"inLanguage":"hu"},{"@type":"Organization","@id":"https:\/\/dorogimedence.hu\/#organization","name":"Dorogi-medence Region\u00e1lis H\u00edrport\u00e1l","url":"https:\/\/dorogimedence.hu\/","logo":{"@type":"ImageObject","inLanguage":"hu","@id":"https:\/\/dorogimedence.hu\/#\/schema\/logo\/image\/","url":"https:\/\/dorogimedence.hu\/wp-content\/uploads\/2021\/04\/logo-feher-600.png","contentUrl":"https:\/\/dorogimedence.hu\/wp-content\/uploads\/2021\/04\/logo-feher-600.png","width":600,"height":100,"caption":"Dorogi-medence Region\u00e1lis H\u00edrport\u00e1l"},"image":{"@id":"https:\/\/dorogimedence.hu\/#\/schema\/logo\/image\/"},"sameAs":["https:\/\/www.facebook.com\/dorogimedence\/"]},{"@type":"Person","@id":"https:\/\/dorogimedence.hu\/#\/schema\/person\/ce6091eeb7e95ecdc87890d6aa8e0fd4","name":"dorogimedence.hu","image":{"@type":"ImageObject","inLanguage":"hu","@id":"\/\/www.gravatar.com\/avatar\/d8d45f8901aadff40a4af72c0b826f1d?s=96&#038;r=g&#038;d=mm","url":"\/\/www.gravatar.com\/avatar\/d8d45f8901aadff40a4af72c0b826f1d?s=96&#038;r=g&#038;d=mm","contentUrl":"\/\/www.gravatar.com\/avatar\/d8d45f8901aadff40a4af72c0b826f1d?s=96&#038;r=g&#038;d=mm","caption":"dorogimedence.hu"}}]}},"_links":{"self":[{"href":"https:\/\/dorogimedence.hu\/index.php\/wp-json\/wp\/v2\/posts\/71286","targetHints":{"allow":["GET"]}}],"collection":[{"href":"https:\/\/dorogimedence.hu\/index.php\/wp-json\/wp\/v2\/posts"}],"about":[{"href":"https:\/\/dorogimedence.hu\/index.php\/wp-json\/wp\/v2\/types\/post"}],"author":[{"embeddable":true,"href":"https:\/\/dorogimedence.hu\/index.php\/wp-json\/wp\/v2\/users\/1"}],"replies":[{"embeddable":true,"href":"https:\/\/dorogimedence.hu\/index.php\/wp-json\/wp\/v2\/comments?post=71286"}],"version-history":[{"count":0,"href":"https:\/\/dorogimedence.hu\/index.php\/wp-json\/wp\/v2\/posts\/71286\/revisions"}],"wp:featuredmedia":[{"embeddable":true,"href":"https:\/\/dorogimedence.hu\/index.php\/wp-json\/wp\/v2\/media\/71287"}],"wp:attachment":[{"href":"https:\/\/dorogimedence.hu\/index.php\/wp-json\/wp\/v2\/media?parent=71286"}],"wp:term":[{"taxonomy":"category","embeddable":true,"href":"https:\/\/dorogimedence.hu\/index.php\/wp-json\/wp\/v2\/categories?post=71286"},{"taxonomy":"post_tag","embeddable":true,"href":"https:\/\/dorogimedence.hu\/index.php\/wp-json\/wp\/v2\/tags?post=71286"}],"curies":[{"name":"wp","href":"https:\/\/api.w.org\/{rel}","templated":true}]}}