{"id":71281,"date":"2025-05-20T09:50:40","date_gmt":"2025-05-20T07:50:40","guid":{"rendered":"https:\/\/dorogimedence.hu\/?p=71281"},"modified":"2025-05-20T09:50:40","modified_gmt":"2025-05-20T07:50:40","slug":"a-lakossaggal-a-feszkelo-baglyok-nyomaban-ii-fuleskuvikparok-orszagos-felmerese","status":"publish","type":"post","link":"https:\/\/dorogimedence.hu\/index.php\/2025\/05\/20\/a-lakossaggal-a-feszkelo-baglyok-nyomaban-ii-fuleskuvikparok-orszagos-felmerese\/","title":{"rendered":"A lakoss\u00e1ggal a f\u00e9szkel\u0151 baglyok nyom\u00e1ban II. &#8211; f\u00fcleskuvikp\u00e1rok orsz\u00e1gos felm\u00e9r\u00e9se"},"content":{"rendered":"<p><strong>A Magyar Mad\u00e1rtani \u00e9s Term\u00e9szetv\u00e9delmi Egyes\u00fclet (MME) legut\u00f3bb a telel\u0151, majd a f\u00e9szkel\u0151 erdei f\u00fclesbaglyok felm\u00e9r\u00e9se kapcs\u00e1n k\u00e9rte a lakoss\u00e1g seg\u00edts\u00e9g\u00e9t id\u00e9n janu\u00e1rban \u00e9s \u00e1prilisban. A sorozat z\u00e1r\u00e1sak\u00e9nt most a kev\u00e9sb\u00e9 k\u00f6zismert, de a lakott ter\u00fcleteken is egyre gyakoribb, terjed\u0151ben l\u00e9v\u0151 f\u00fcleskuvik k\u00f6lt\u0151 \u00e1llom\u00e1ny\u00e1nak felm\u00e9r\u00e9s\u00e9ben tudnak seg\u00edteni az \u00e9rdekl\u0151d\u0151k. Ez az\u00e9rt fontos, mert gyakoris\u00e1ga ellen\u00e9re kev\u00e9sb\u00e9 pontos becsl\u00e9seink vannak csak ennek az apr\u00f3, vonul\u00f3 bagolyfajunknak az orsz\u00e1gos elterjed\u00e9s\u00e9r\u0151l \u00e9s \u00e1llom\u00e1ny\u00e1r\u00f3l.<\/strong><\/p>\n<p>Els\u0151 pillant\u00e1sra lehetetlen feladatnak t\u0171nhet \u00e9jszakai \u00e9letm\u00f3dot folytat\u00f3, sz\u00e1munkra l\u00e1thatatlanul mozg\u00f3 madarak am\u00fagy is rejtett k\u00f6lt\u0151hely\u00e9nek megkeres\u00e9se. Szerencs\u00e9re a f\u00e9szkel\u0151 baglyok felm\u00e9r\u00e9se alapvet\u0151en a hangjuk alapj\u00e1n t\u00f6rt\u00e9nik, a madarakat nem is kell hozz\u00e1 l\u00e1tnunk!<\/p>\n<p>A felm\u00e9r\u00e9s l\u00e9nyege, hogy az esti sz\u00fcrk\u00fcletben \u00e9s \u00e9jszaka hallgat\u00f3zzunk n\u00e9h\u00e1ny percet az erk\u00e9lyr\u0151l, az emeleti ablakb\u00f3l, a torn\u00e1cr\u00f3l, a kertb\u0151l, az utc\u00e1n, parkban s\u00e9t\u00e1lva \u2013 \u00e9s ezt hetente egy-k\u00e9t alkalommal ism\u00e9telj\u00fck meg m\u00e1jus-j\u00falius folyam\u00e1n. Ek\u00f6zben pedig a feln\u0151tt f\u00fcleskuvikok jellegzetes, a h\u00edm \u00e9s a toj\u00f3 gyakran egym\u00e1snak v\u00e1laszolgat\u00f3, f\u00fctty\u00f6g\u0151 jelz\u0151hangj\u00e1t, k\u00e9s\u0151bb pedig a fi\u00f3k\u00e1k eles\u00e9gk\u00e9r\u0151 hangj\u00e1t keress\u00fck:<\/p>\n<ul>\n<li>feln\u0151tt f\u00fcleskuvik <span style=\"text-decoration: underline; color: #0000ff;\"><a style=\"color: #0000ff; text-decoration: underline;\" href=\"https:\/\/www.xeno-canto.org\/397258\" target=\"_blank\" rel=\"noopener\">hangja<\/a><\/span>, <a href=\"https:\/\/www.youtube.com\/watch?v=EjgKrST6Ga0\" target=\"_blank\" rel=\"noopener\"><span style=\"text-decoration: underline; color: #0000ff;\">vide\u00f3n<\/span><\/a>;<\/li>\n<li>a f\u00e9szket elhagy\u00f3 fi\u00f3k\u00e1k jellegzetes eles\u00e9gk\u00e9r\u0151 <a href=\"https:\/\/www.xeno-canto.org\/326610\" target=\"_blank\" rel=\"noopener\"><span style=\"text-decoration: underline; color: #0000ff;\">hangja<\/span><\/a>, <a href=\"https:\/\/www.youtube.com\/watch?v=-4nwx0OeWqg\" target=\"_blank\" rel=\"noopener\"><span style=\"text-decoration: underline; color: #0000ff;\">vide\u00f3n<\/span><\/a>.<\/li>\n<\/ul>\n<p>Ha \u00e9szlelt\u00fck e hangok valamelyik\u00e9t, ennek az <a href=\"https:\/\/docs.google.com\/forms\/d\/e\/1FAIpQLSemEK5zzppFi8X7ndLDRsie68cV2DGhrXmV_9f6CZduwn-xag\/viewform\" target=\"_blank\" rel=\"noopener\"><span style=\"text-decoration: underline; color: #0000ff;\">elektronikus jelent\u0151lap<\/span><\/a>nak a gyors \u00e9s egyszer\u0171, ak\u00e1r okostelefonon is elv\u00e9gezhet\u0151 kit\u00f6lt\u00e9s\u00e9vel tudunk adatainkkal hozz\u00e1j\u00e1rulni a faj orsz\u00e1gos elterjed\u00e9si t\u00e9rk\u00e9p\u00e9nek pontos\u00edt\u00e1s\u00e1hoz.<\/p>\n<p><span style=\"text-decoration: underline; color: #0000ff;\"><a style=\"color: #0000ff;\" href=\"https:\/\/mme.hu\/fuleskuvik_feszkeloparok_felmerese_majus-julius\" target=\"_blank\" rel=\"noopener\">R\u00e9szletek, fot\u00f3k, vide\u00f3k, elektronikus jelent\u0151lap &gt;&gt;<\/a>&nbsp;<\/span><\/p>\n<p><em>Bor\u00edt\u00f3k\u00e9p, forr\u00e1s: MME<\/em><\/p>\n","protected":false},"excerpt":{"rendered":"<p>A Magyar Mad\u00e1rtani \u00e9s Term\u00e9szetv\u00e9delmi Egyes\u00fclet (MME) legut\u00f3bb a telel\u0151, majd a f\u00e9szkel\u0151 erdei f\u00fclesbaglyok felm\u00e9r\u00e9se kapcs\u00e1n k\u00e9rte a lakoss\u00e1g seg\u00edts\u00e9g\u00e9t id\u00e9n janu\u00e1rban \u00e9s \u00e1prilisban. A sorozat z\u00e1r\u00e1sak\u00e9nt most a kev\u00e9sb\u00e9 k\u00f6zismert, de a lakott ter\u00fcleteken is egyre gyakoribb, terjed\u0151ben l\u00e9v\u0151 f\u00fcleskuvik k\u00f6lt\u0151 \u00e1llom\u00e1ny\u00e1nak felm\u00e9r\u00e9s\u00e9ben tudnak seg\u00edteni az \u00e9rdekl\u0151d\u0151k. Ez az\u00e9rt fontos, mert gyakoris\u00e1ga ellen\u00e9re<\/p>\n","protected":false},"author":1,"featured_media":71282,"comment_status":"closed","ping_status":"closed","sticky":false,"template":"","format":"standard","meta":{"ngg_post_thumbnail":0,"footnotes":""},"categories":[3,6948],"tags":[7325],"class_list":{"0":"post-71281","1":"post","2":"type-post","3":"status-publish","4":"format-standard","5":"has-post-thumbnail","7":"category-hirek","8":"category-szines","9":"tag-mme"},"yoast_head":"<!-- This site is optimized with the Yoast SEO plugin v27.4 - https:\/\/yoast.com\/product\/yoast-seo-wordpress\/ -->\n<title>A lakoss\u00e1ggal a f\u00e9szkel\u0151 baglyok nyom\u00e1ban II. - f\u00fcleskuvikp\u00e1rok orsz\u00e1gos felm\u00e9r\u00e9se<\/title>\n<meta name=\"robots\" content=\"index, follow, max-snippet:-1, max-image-preview:large, max-video-preview:-1\" \/>\n<link rel=\"canonical\" href=\"https:\/\/dorogimedence.hu\/index.php\/2025\/05\/20\/a-lakossaggal-a-feszkelo-baglyok-nyomaban-ii-fuleskuvikparok-orszagos-felmerese\/\" class=\"yoast-seo-meta-tag\" \/>\n<meta property=\"og:locale\" content=\"hu_HU\" class=\"yoast-seo-meta-tag\" \/>\n<meta property=\"og:type\" content=\"article\" class=\"yoast-seo-meta-tag\" \/>\n<meta property=\"og:title\" content=\"A lakoss\u00e1ggal a f\u00e9szkel\u0151 baglyok nyom\u00e1ban II. - f\u00fcleskuvikp\u00e1rok orsz\u00e1gos felm\u00e9r\u00e9se\" class=\"yoast-seo-meta-tag\" \/>\n<meta property=\"og:description\" content=\"A Magyar Mad\u00e1rtani \u00e9s Term\u00e9szetv\u00e9delmi Egyes\u00fclet (MME) legut\u00f3bb a telel\u0151, majd a f\u00e9szkel\u0151 erdei f\u00fclesbaglyok felm\u00e9r\u00e9se kapcs\u00e1n k\u00e9rte a lakoss\u00e1g seg\u00edts\u00e9g\u00e9t id\u00e9n janu\u00e1rban \u00e9s \u00e1prilisban. A sorozat z\u00e1r\u00e1sak\u00e9nt most a kev\u00e9sb\u00e9 k\u00f6zismert, de a lakott ter\u00fcleteken is egyre gyakoribb, terjed\u0151ben l\u00e9v\u0151 f\u00fcleskuvik k\u00f6lt\u0151 \u00e1llom\u00e1ny\u00e1nak felm\u00e9r\u00e9s\u00e9ben tudnak seg\u00edteni az \u00e9rdekl\u0151d\u0151k. Ez az\u00e9rt fontos, mert gyakoris\u00e1ga ellen\u00e9re\" class=\"yoast-seo-meta-tag\" \/>\n<meta property=\"og:url\" content=\"https:\/\/dorogimedence.hu\/index.php\/2025\/05\/20\/a-lakossaggal-a-feszkelo-baglyok-nyomaban-ii-fuleskuvikparok-orszagos-felmerese\/\" class=\"yoast-seo-meta-tag\" \/>\n<meta property=\"og:site_name\" content=\"Dorogi-medence Region\u00e1lis H\u00edrport\u00e1l\" class=\"yoast-seo-meta-tag\" \/>\n<meta property=\"article:publisher\" content=\"https:\/\/www.facebook.com\/dorogimedence\/\" class=\"yoast-seo-meta-tag\" \/>\n<meta property=\"article:published_time\" content=\"2025-05-20T07:50:40+00:00\" class=\"yoast-seo-meta-tag\" \/>\n<meta property=\"og:image\" content=\"https:\/\/dorogimedence.hu\/wp-content\/uploads\/2025\/05\/fuleskuvik_Rakoshegy_Petofi_utca_27_20110509_Orban_Zoltan_0002.jpg\" class=\"yoast-seo-meta-tag\" \/>\n\t<meta property=\"og:image:width\" content=\"904\" class=\"yoast-seo-meta-tag\" \/>\n\t<meta property=\"og:image:height\" content=\"555\" class=\"yoast-seo-meta-tag\" \/>\n\t<meta property=\"og:image:type\" content=\"image\/jpeg\" class=\"yoast-seo-meta-tag\" \/>\n<meta name=\"author\" content=\"dorogimedence.hu\" class=\"yoast-seo-meta-tag\" \/>\n<meta name=\"twitter:card\" content=\"summary_large_image\" class=\"yoast-seo-meta-tag\" \/>\n<meta name=\"twitter:label1\" content=\"Szerz\u0151:\" class=\"yoast-seo-meta-tag\" \/>\n\t<meta name=\"twitter:data1\" content=\"dorogimedence.hu\" class=\"yoast-seo-meta-tag\" \/>\n\t<meta name=\"twitter:label2\" content=\"Becs\u00fclt olvas\u00e1si id\u0151\" class=\"yoast-seo-meta-tag\" \/>\n\t<meta name=\"twitter:data2\" content=\"2 perc\" class=\"yoast-seo-meta-tag\" \/>\n<script type=\"application\/ld+json\" class=\"yoast-schema-graph\">{\"@context\":\"https:\\\/\\\/schema.org\",\"@graph\":[{\"@type\":\"Article\",\"@id\":\"https:\\\/\\\/dorogimedence.hu\\\/index.php\\\/2025\\\/05\\\/20\\\/a-lakossaggal-a-feszkelo-baglyok-nyomaban-ii-fuleskuvikparok-orszagos-felmerese\\\/#article\",\"isPartOf\":{\"@id\":\"https:\\\/\\\/dorogimedence.hu\\\/index.php\\\/2025\\\/05\\\/20\\\/a-lakossaggal-a-feszkelo-baglyok-nyomaban-ii-fuleskuvikparok-orszagos-felmerese\\\/\"},\"author\":{\"name\":\"dorogimedence.hu\",\"@id\":\"https:\\\/\\\/dorogimedence.hu\\\/#\\\/schema\\\/person\\\/ce6091eeb7e95ecdc87890d6aa8e0fd4\"},\"headline\":\"A lakoss\u00e1ggal a f\u00e9szkel\u0151 baglyok nyom\u00e1ban II. &#8211; f\u00fcleskuvikp\u00e1rok orsz\u00e1gos felm\u00e9r\u00e9se\",\"datePublished\":\"2025-05-20T07:50:40+00:00\",\"mainEntityOfPage\":{\"@id\":\"https:\\\/\\\/dorogimedence.hu\\\/index.php\\\/2025\\\/05\\\/20\\\/a-lakossaggal-a-feszkelo-baglyok-nyomaban-ii-fuleskuvikparok-orszagos-felmerese\\\/\"},\"wordCount\":373,\"publisher\":{\"@id\":\"https:\\\/\\\/dorogimedence.hu\\\/#organization\"},\"image\":{\"@id\":\"https:\\\/\\\/dorogimedence.hu\\\/index.php\\\/2025\\\/05\\\/20\\\/a-lakossaggal-a-feszkelo-baglyok-nyomaban-ii-fuleskuvikparok-orszagos-felmerese\\\/#primaryimage\"},\"thumbnailUrl\":\"https:\\\/\\\/dorogimedence.hu\\\/wp-content\\\/uploads\\\/2025\\\/05\\\/fuleskuvik_Rakoshegy_Petofi_utca_27_20110509_Orban_Zoltan_0002.jpg\",\"keywords\":[\"MME\"],\"articleSection\":[\"H\u00edrek\",\"Sz\u00ednes\"],\"inLanguage\":\"hu\"},{\"@type\":\"WebPage\",\"@id\":\"https:\\\/\\\/dorogimedence.hu\\\/index.php\\\/2025\\\/05\\\/20\\\/a-lakossaggal-a-feszkelo-baglyok-nyomaban-ii-fuleskuvikparok-orszagos-felmerese\\\/\",\"url\":\"https:\\\/\\\/dorogimedence.hu\\\/index.php\\\/2025\\\/05\\\/20\\\/a-lakossaggal-a-feszkelo-baglyok-nyomaban-ii-fuleskuvikparok-orszagos-felmerese\\\/\",\"name\":\"A lakoss\u00e1ggal a f\u00e9szkel\u0151 baglyok nyom\u00e1ban II. - f\u00fcleskuvikp\u00e1rok orsz\u00e1gos felm\u00e9r\u00e9se\",\"isPartOf\":{\"@id\":\"https:\\\/\\\/dorogimedence.hu\\\/#website\"},\"primaryImageOfPage\":{\"@id\":\"https:\\\/\\\/dorogimedence.hu\\\/index.php\\\/2025\\\/05\\\/20\\\/a-lakossaggal-a-feszkelo-baglyok-nyomaban-ii-fuleskuvikparok-orszagos-felmerese\\\/#primaryimage\"},\"image\":{\"@id\":\"https:\\\/\\\/dorogimedence.hu\\\/index.php\\\/2025\\\/05\\\/20\\\/a-lakossaggal-a-feszkelo-baglyok-nyomaban-ii-fuleskuvikparok-orszagos-felmerese\\\/#primaryimage\"},\"thumbnailUrl\":\"https:\\\/\\\/dorogimedence.hu\\\/wp-content\\\/uploads\\\/2025\\\/05\\\/fuleskuvik_Rakoshegy_Petofi_utca_27_20110509_Orban_Zoltan_0002.jpg\",\"datePublished\":\"2025-05-20T07:50:40+00:00\",\"breadcrumb\":{\"@id\":\"https:\\\/\\\/dorogimedence.hu\\\/index.php\\\/2025\\\/05\\\/20\\\/a-lakossaggal-a-feszkelo-baglyok-nyomaban-ii-fuleskuvikparok-orszagos-felmerese\\\/#breadcrumb\"},\"inLanguage\":\"hu\",\"potentialAction\":[{\"@type\":\"ReadAction\",\"target\":[\"https:\\\/\\\/dorogimedence.hu\\\/index.php\\\/2025\\\/05\\\/20\\\/a-lakossaggal-a-feszkelo-baglyok-nyomaban-ii-fuleskuvikparok-orszagos-felmerese\\\/\"]}]},{\"@type\":\"ImageObject\",\"inLanguage\":\"hu\",\"@id\":\"https:\\\/\\\/dorogimedence.hu\\\/index.php\\\/2025\\\/05\\\/20\\\/a-lakossaggal-a-feszkelo-baglyok-nyomaban-ii-fuleskuvikparok-orszagos-felmerese\\\/#primaryimage\",\"url\":\"https:\\\/\\\/dorogimedence.hu\\\/wp-content\\\/uploads\\\/2025\\\/05\\\/fuleskuvik_Rakoshegy_Petofi_utca_27_20110509_Orban_Zoltan_0002.jpg\",\"contentUrl\":\"https:\\\/\\\/dorogimedence.hu\\\/wp-content\\\/uploads\\\/2025\\\/05\\\/fuleskuvik_Rakoshegy_Petofi_utca_27_20110509_Orban_Zoltan_0002.jpg\",\"width\":904,\"height\":555},{\"@type\":\"BreadcrumbList\",\"@id\":\"https:\\\/\\\/dorogimedence.hu\\\/index.php\\\/2025\\\/05\\\/20\\\/a-lakossaggal-a-feszkelo-baglyok-nyomaban-ii-fuleskuvikparok-orszagos-felmerese\\\/#breadcrumb\",\"itemListElement\":[{\"@type\":\"ListItem\",\"position\":1,\"name\":\"Kezd\u0151lap\",\"item\":\"https:\\\/\\\/dorogimedence.hu\\\/\"},{\"@type\":\"ListItem\",\"position\":2,\"name\":\"A lakoss\u00e1ggal a f\u00e9szkel\u0151 baglyok nyom\u00e1ban II. &#8211; f\u00fcleskuvikp\u00e1rok orsz\u00e1gos felm\u00e9r\u00e9se\"}]},{\"@type\":\"WebSite\",\"@id\":\"https:\\\/\\\/dorogimedence.hu\\\/#website\",\"url\":\"https:\\\/\\\/dorogimedence.hu\\\/\",\"name\":\"Dorogi-medence Region\u00e1lis H\u00edrport\u00e1l\",\"description\":\"Dorog, Keszt\u00f6lc, Le\u00e1nyv\u00e1r, Piliscs\u00e9v, Tokod, Tokodalt\u00e1r\u00f3, Csolnok, Esztergom-kertv\u00e1ros: h\u00edrek, programok\",\"publisher\":{\"@id\":\"https:\\\/\\\/dorogimedence.hu\\\/#organization\"},\"potentialAction\":[{\"@type\":\"SearchAction\",\"target\":{\"@type\":\"EntryPoint\",\"urlTemplate\":\"https:\\\/\\\/dorogimedence.hu\\\/?s={search_term_string}\"},\"query-input\":{\"@type\":\"PropertyValueSpecification\",\"valueRequired\":true,\"valueName\":\"search_term_string\"}}],\"inLanguage\":\"hu\"},{\"@type\":\"Organization\",\"@id\":\"https:\\\/\\\/dorogimedence.hu\\\/#organization\",\"name\":\"Dorogi-medence Region\u00e1lis H\u00edrport\u00e1l\",\"url\":\"https:\\\/\\\/dorogimedence.hu\\\/\",\"logo\":{\"@type\":\"ImageObject\",\"inLanguage\":\"hu\",\"@id\":\"https:\\\/\\\/dorogimedence.hu\\\/#\\\/schema\\\/logo\\\/image\\\/\",\"url\":\"https:\\\/\\\/dorogimedence.hu\\\/wp-content\\\/uploads\\\/2021\\\/04\\\/logo-feher-600.png\",\"contentUrl\":\"https:\\\/\\\/dorogimedence.hu\\\/wp-content\\\/uploads\\\/2021\\\/04\\\/logo-feher-600.png\",\"width\":600,\"height\":100,\"caption\":\"Dorogi-medence Region\u00e1lis H\u00edrport\u00e1l\"},\"image\":{\"@id\":\"https:\\\/\\\/dorogimedence.hu\\\/#\\\/schema\\\/logo\\\/image\\\/\"},\"sameAs\":[\"https:\\\/\\\/www.facebook.com\\\/dorogimedence\\\/\"]},{\"@type\":\"Person\",\"@id\":\"https:\\\/\\\/dorogimedence.hu\\\/#\\\/schema\\\/person\\\/ce6091eeb7e95ecdc87890d6aa8e0fd4\",\"name\":\"dorogimedence.hu\",\"image\":{\"@type\":\"ImageObject\",\"inLanguage\":\"hu\",\"@id\":\"\\\/\\\/www.gravatar.com\\\/avatar\\\/d8d45f8901aadff40a4af72c0b826f1d?s=96&#038;r=g&#038;d=mm\",\"url\":\"\\\/\\\/www.gravatar.com\\\/avatar\\\/d8d45f8901aadff40a4af72c0b826f1d?s=96&#038;r=g&#038;d=mm\",\"contentUrl\":\"\\\/\\\/www.gravatar.com\\\/avatar\\\/d8d45f8901aadff40a4af72c0b826f1d?s=96&#038;r=g&#038;d=mm\",\"caption\":\"dorogimedence.hu\"}}]}<\/script>\n<!-- \/ Yoast SEO plugin. -->","yoast_head_json":{"title":"A lakoss\u00e1ggal a f\u00e9szkel\u0151 baglyok nyom\u00e1ban II. - f\u00fcleskuvikp\u00e1rok orsz\u00e1gos felm\u00e9r\u00e9se","robots":{"index":"index","follow":"follow","max-snippet":"max-snippet:-1","max-image-preview":"max-image-preview:large","max-video-preview":"max-video-preview:-1"},"canonical":"https:\/\/dorogimedence.hu\/index.php\/2025\/05\/20\/a-lakossaggal-a-feszkelo-baglyok-nyomaban-ii-fuleskuvikparok-orszagos-felmerese\/","og_locale":"hu_HU","og_type":"article","og_title":"A lakoss\u00e1ggal a f\u00e9szkel\u0151 baglyok nyom\u00e1ban II. - f\u00fcleskuvikp\u00e1rok orsz\u00e1gos felm\u00e9r\u00e9se","og_description":"A Magyar Mad\u00e1rtani \u00e9s Term\u00e9szetv\u00e9delmi Egyes\u00fclet (MME) legut\u00f3bb a telel\u0151, majd a f\u00e9szkel\u0151 erdei f\u00fclesbaglyok felm\u00e9r\u00e9se kapcs\u00e1n k\u00e9rte a lakoss\u00e1g seg\u00edts\u00e9g\u00e9t id\u00e9n janu\u00e1rban \u00e9s \u00e1prilisban. A sorozat z\u00e1r\u00e1sak\u00e9nt most a kev\u00e9sb\u00e9 k\u00f6zismert, de a lakott ter\u00fcleteken is egyre gyakoribb, terjed\u0151ben l\u00e9v\u0151 f\u00fcleskuvik k\u00f6lt\u0151 \u00e1llom\u00e1ny\u00e1nak felm\u00e9r\u00e9s\u00e9ben tudnak seg\u00edteni az \u00e9rdekl\u0151d\u0151k. Ez az\u00e9rt fontos, mert gyakoris\u00e1ga ellen\u00e9re","og_url":"https:\/\/dorogimedence.hu\/index.php\/2025\/05\/20\/a-lakossaggal-a-feszkelo-baglyok-nyomaban-ii-fuleskuvikparok-orszagos-felmerese\/","og_site_name":"Dorogi-medence Region\u00e1lis H\u00edrport\u00e1l","article_publisher":"https:\/\/www.facebook.com\/dorogimedence\/","article_published_time":"2025-05-20T07:50:40+00:00","og_image":[{"width":904,"height":555,"url":"https:\/\/dorogimedence.hu\/wp-content\/uploads\/2025\/05\/fuleskuvik_Rakoshegy_Petofi_utca_27_20110509_Orban_Zoltan_0002.jpg","type":"image\/jpeg"}],"author":"dorogimedence.hu","twitter_card":"summary_large_image","twitter_misc":{"Szerz\u0151:":"dorogimedence.hu","Becs\u00fclt olvas\u00e1si id\u0151":"2 perc"},"schema":{"@context":"https:\/\/schema.org","@graph":[{"@type":"Article","@id":"https:\/\/dorogimedence.hu\/index.php\/2025\/05\/20\/a-lakossaggal-a-feszkelo-baglyok-nyomaban-ii-fuleskuvikparok-orszagos-felmerese\/#article","isPartOf":{"@id":"https:\/\/dorogimedence.hu\/index.php\/2025\/05\/20\/a-lakossaggal-a-feszkelo-baglyok-nyomaban-ii-fuleskuvikparok-orszagos-felmerese\/"},"author":{"name":"dorogimedence.hu","@id":"https:\/\/dorogimedence.hu\/#\/schema\/person\/ce6091eeb7e95ecdc87890d6aa8e0fd4"},"headline":"A lakoss\u00e1ggal a f\u00e9szkel\u0151 baglyok nyom\u00e1ban II. &#8211; f\u00fcleskuvikp\u00e1rok orsz\u00e1gos felm\u00e9r\u00e9se","datePublished":"2025-05-20T07:50:40+00:00","mainEntityOfPage":{"@id":"https:\/\/dorogimedence.hu\/index.php\/2025\/05\/20\/a-lakossaggal-a-feszkelo-baglyok-nyomaban-ii-fuleskuvikparok-orszagos-felmerese\/"},"wordCount":373,"publisher":{"@id":"https:\/\/dorogimedence.hu\/#organization"},"image":{"@id":"https:\/\/dorogimedence.hu\/index.php\/2025\/05\/20\/a-lakossaggal-a-feszkelo-baglyok-nyomaban-ii-fuleskuvikparok-orszagos-felmerese\/#primaryimage"},"thumbnailUrl":"https:\/\/dorogimedence.hu\/wp-content\/uploads\/2025\/05\/fuleskuvik_Rakoshegy_Petofi_utca_27_20110509_Orban_Zoltan_0002.jpg","keywords":["MME"],"articleSection":["H\u00edrek","Sz\u00ednes"],"inLanguage":"hu"},{"@type":"WebPage","@id":"https:\/\/dorogimedence.hu\/index.php\/2025\/05\/20\/a-lakossaggal-a-feszkelo-baglyok-nyomaban-ii-fuleskuvikparok-orszagos-felmerese\/","url":"https:\/\/dorogimedence.hu\/index.php\/2025\/05\/20\/a-lakossaggal-a-feszkelo-baglyok-nyomaban-ii-fuleskuvikparok-orszagos-felmerese\/","name":"A lakoss\u00e1ggal a f\u00e9szkel\u0151 baglyok nyom\u00e1ban II. - f\u00fcleskuvikp\u00e1rok orsz\u00e1gos felm\u00e9r\u00e9se","isPartOf":{"@id":"https:\/\/dorogimedence.hu\/#website"},"primaryImageOfPage":{"@id":"https:\/\/dorogimedence.hu\/index.php\/2025\/05\/20\/a-lakossaggal-a-feszkelo-baglyok-nyomaban-ii-fuleskuvikparok-orszagos-felmerese\/#primaryimage"},"image":{"@id":"https:\/\/dorogimedence.hu\/index.php\/2025\/05\/20\/a-lakossaggal-a-feszkelo-baglyok-nyomaban-ii-fuleskuvikparok-orszagos-felmerese\/#primaryimage"},"thumbnailUrl":"https:\/\/dorogimedence.hu\/wp-content\/uploads\/2025\/05\/fuleskuvik_Rakoshegy_Petofi_utca_27_20110509_Orban_Zoltan_0002.jpg","datePublished":"2025-05-20T07:50:40+00:00","breadcrumb":{"@id":"https:\/\/dorogimedence.hu\/index.php\/2025\/05\/20\/a-lakossaggal-a-feszkelo-baglyok-nyomaban-ii-fuleskuvikparok-orszagos-felmerese\/#breadcrumb"},"inLanguage":"hu","potentialAction":[{"@type":"ReadAction","target":["https:\/\/dorogimedence.hu\/index.php\/2025\/05\/20\/a-lakossaggal-a-feszkelo-baglyok-nyomaban-ii-fuleskuvikparok-orszagos-felmerese\/"]}]},{"@type":"ImageObject","inLanguage":"hu","@id":"https:\/\/dorogimedence.hu\/index.php\/2025\/05\/20\/a-lakossaggal-a-feszkelo-baglyok-nyomaban-ii-fuleskuvikparok-orszagos-felmerese\/#primaryimage","url":"https:\/\/dorogimedence.hu\/wp-content\/uploads\/2025\/05\/fuleskuvik_Rakoshegy_Petofi_utca_27_20110509_Orban_Zoltan_0002.jpg","contentUrl":"https:\/\/dorogimedence.hu\/wp-content\/uploads\/2025\/05\/fuleskuvik_Rakoshegy_Petofi_utca_27_20110509_Orban_Zoltan_0002.jpg","width":904,"height":555},{"@type":"BreadcrumbList","@id":"https:\/\/dorogimedence.hu\/index.php\/2025\/05\/20\/a-lakossaggal-a-feszkelo-baglyok-nyomaban-ii-fuleskuvikparok-orszagos-felmerese\/#breadcrumb","itemListElement":[{"@type":"ListItem","position":1,"name":"Kezd\u0151lap","item":"https:\/\/dorogimedence.hu\/"},{"@type":"ListItem","position":2,"name":"A lakoss\u00e1ggal a f\u00e9szkel\u0151 baglyok nyom\u00e1ban II. &#8211; f\u00fcleskuvikp\u00e1rok orsz\u00e1gos felm\u00e9r\u00e9se"}]},{"@type":"WebSite","@id":"https:\/\/dorogimedence.hu\/#website","url":"https:\/\/dorogimedence.hu\/","name":"Dorogi-medence Region\u00e1lis H\u00edrport\u00e1l","description":"Dorog, Keszt\u00f6lc, Le\u00e1nyv\u00e1r, Piliscs\u00e9v, Tokod, Tokodalt\u00e1r\u00f3, Csolnok, Esztergom-kertv\u00e1ros: h\u00edrek, programok","publisher":{"@id":"https:\/\/dorogimedence.hu\/#organization"},"potentialAction":[{"@type":"SearchAction","target":{"@type":"EntryPoint","urlTemplate":"https:\/\/dorogimedence.hu\/?s={search_term_string}"},"query-input":{"@type":"PropertyValueSpecification","valueRequired":true,"valueName":"search_term_string"}}],"inLanguage":"hu"},{"@type":"Organization","@id":"https:\/\/dorogimedence.hu\/#organization","name":"Dorogi-medence Region\u00e1lis H\u00edrport\u00e1l","url":"https:\/\/dorogimedence.hu\/","logo":{"@type":"ImageObject","inLanguage":"hu","@id":"https:\/\/dorogimedence.hu\/#\/schema\/logo\/image\/","url":"https:\/\/dorogimedence.hu\/wp-content\/uploads\/2021\/04\/logo-feher-600.png","contentUrl":"https:\/\/dorogimedence.hu\/wp-content\/uploads\/2021\/04\/logo-feher-600.png","width":600,"height":100,"caption":"Dorogi-medence Region\u00e1lis H\u00edrport\u00e1l"},"image":{"@id":"https:\/\/dorogimedence.hu\/#\/schema\/logo\/image\/"},"sameAs":["https:\/\/www.facebook.com\/dorogimedence\/"]},{"@type":"Person","@id":"https:\/\/dorogimedence.hu\/#\/schema\/person\/ce6091eeb7e95ecdc87890d6aa8e0fd4","name":"dorogimedence.hu","image":{"@type":"ImageObject","inLanguage":"hu","@id":"\/\/www.gravatar.com\/avatar\/d8d45f8901aadff40a4af72c0b826f1d?s=96&#038;r=g&#038;d=mm","url":"\/\/www.gravatar.com\/avatar\/d8d45f8901aadff40a4af72c0b826f1d?s=96&#038;r=g&#038;d=mm","contentUrl":"\/\/www.gravatar.com\/avatar\/d8d45f8901aadff40a4af72c0b826f1d?s=96&#038;r=g&#038;d=mm","caption":"dorogimedence.hu"}}]}},"_links":{"self":[{"href":"https:\/\/dorogimedence.hu\/index.php\/wp-json\/wp\/v2\/posts\/71281","targetHints":{"allow":["GET"]}}],"collection":[{"href":"https:\/\/dorogimedence.hu\/index.php\/wp-json\/wp\/v2\/posts"}],"about":[{"href":"https:\/\/dorogimedence.hu\/index.php\/wp-json\/wp\/v2\/types\/post"}],"author":[{"embeddable":true,"href":"https:\/\/dorogimedence.hu\/index.php\/wp-json\/wp\/v2\/users\/1"}],"replies":[{"embeddable":true,"href":"https:\/\/dorogimedence.hu\/index.php\/wp-json\/wp\/v2\/comments?post=71281"}],"version-history":[{"count":0,"href":"https:\/\/dorogimedence.hu\/index.php\/wp-json\/wp\/v2\/posts\/71281\/revisions"}],"wp:featuredmedia":[{"embeddable":true,"href":"https:\/\/dorogimedence.hu\/index.php\/wp-json\/wp\/v2\/media\/71282"}],"wp:attachment":[{"href":"https:\/\/dorogimedence.hu\/index.php\/wp-json\/wp\/v2\/media?parent=71281"}],"wp:term":[{"taxonomy":"category","embeddable":true,"href":"https:\/\/dorogimedence.hu\/index.php\/wp-json\/wp\/v2\/categories?post=71281"},{"taxonomy":"post_tag","embeddable":true,"href":"https:\/\/dorogimedence.hu\/index.php\/wp-json\/wp\/v2\/tags?post=71281"}],"curies":[{"name":"wp","href":"https:\/\/api.w.org\/{rel}","templated":true}]}}