{"id":71177,"date":"2025-05-16T16:04:46","date_gmt":"2025-05-16T14:04:46","guid":{"rendered":"https:\/\/dorogimedence.hu\/?p=71177"},"modified":"2025-05-16T16:04:46","modified_gmt":"2025-05-16T14:04:46","slug":"vett-mar-pocsek-termeket-vegyen-inkabb-reszt-a-konzultacion","status":"publish","type":"post","link":"https:\/\/dorogimedence.hu\/index.php\/2025\/05\/16\/vett-mar-pocsek-termeket-vegyen-inkabb-reszt-a-konzultacion\/","title":{"rendered":"Vett m\u00e1r pocs\u00e9k term\u00e9ket? Vegyen ink\u00e1bb r\u00e9szt a konzult\u00e1ci\u00f3n!"},"content":{"rendered":"<p><strong>Sajt\u00f3t\u00e1j\u00e9koztat\u00f3t tartottak a Kom\u00e1rom-Esztergom V\u00e1rmegyei Korm\u00e1nyhivatalban, ahol az online fogyaszt\u00f3v\u00e9delmi konzult\u00e1ci\u00f3n val\u00f3 r\u00e9szv\u00e9tel fontoss\u00e1g\u00e1ra h\u00edvt\u00e1k fel a figyelmet.<\/strong><\/p>\n<p>A tudatos v\u00e1s\u00e1rl\u00e1ssal, jogainkkal, a kereskedelemmel \u00e9s a fogyaszt\u00f3v\u00e9delemmel kapcsolatos szab\u00e1lyoz\u00e1ssal \u00f6sszef\u00fcgg\u00e9sben ind\u00edtott lehet\u0151s\u00e9gr\u0151l Dr. Kancz Csaba f\u0151isp\u00e1n, Dr. Eitmann Norbert, a Nemzeti Kereskedelmi \u00e9s Fogyaszt\u00f3v\u00e9delmi Hat\u00f3s\u00e1g sajt\u00f3f\u0151n\u00f6ke \u00e9s Turza G\u00e1bor, a korm\u00e1nyhivatal Fogyaszt\u00f3v\u00e9delmi Oszt\u00e1ly\u00e1nak vezet\u0151je t\u00e1j\u00e9koztatta a megjelenteket.<\/p>\n<p class=\"text-align-justify\">A rendezv\u00e9ny a &#8222;K\u00f6z\u00f6s \u00fcgy\u00fcnk a fogyaszt\u00f3v\u00e9delem&#8221; c\u00edmet viselte, \u00e9s ez val\u00f3ban p\u00e9ld\u00e1zza minden \u00e1llampolg\u00e1r \u00e9let\u00e9t. Mindenki szembes\u00fclt m\u00e1r az \u00fajonnan v\u00e1s\u00e1rolt term\u00e9kek kapcs\u00e1n kider\u00fcl\u0151 hib\u00e1kkal, web\u00e1ruh\u00e1zak megt\u00e9veszt\u0151 t\u00e1j\u00e9koztat\u00e1s\u00e1val, online csal\u00e1sokkal, vagy ak\u00e1r egy szolg\u00e1ltat\u00e1s kapcs\u00e1n v\u00e9ge\u00e9rhetetlen telefon\u00e1l\u00e1si id\u0151vel \u00e9s kapcsol\u00e1sra v\u00e1r\u00e1sokkal. Ezek elleni fell\u00e9p\u00e9shez szigor\u00fabb jogszab\u00e1lyi k\u00f6rnyezet sz\u00fcks\u00e9ges, emiatt k\u00e9ri a korm\u00e1ny v\u00e9lem\u00e9nynyilv\u00e1n\u00edt\u00e1sunkat a m\u00e1jus 23-ig tart\u00f3 online konzult\u00e1ci\u00f3s lehet\u0151s\u00e9gen.<\/p>\n<p class=\"text-align-justify\">A felm\u00e9r\u00e9s eredm\u00e9nyek\u00e9nt &#8211; a lakoss\u00e1g v\u00e9lem\u00e9nye alapj\u00e1n, annak megfelelve &#8211; lehets\u00e9ges \u00e9s sz\u00fcks\u00e9ges a fell\u00e9p\u00e9s a tisztess\u00e9gtelen keresked\u0151k ellen, a jogszab\u00e1lyok m\u00f3dos\u00edt\u00e1sa. A c\u00e9l nem a b\u00edrs\u00e1g, hanem a jogszer\u0171, tisztess\u00e9ges v\u00e1llalkoz\u00e1sok el\u0151seg\u00edt\u00e9se, \u00e9s ezzel a fogyaszt\u00f3i jogok \u00e9rv\u00e9nyes\u00edt\u00e9se. Az elm\u00falt id\u0151szakban a korm\u00e1ny a fogyaszt\u00f3v\u00e9delmi jogs\u00e9rt\u00e9sek b\u00edrs\u00e1gol\u00e1s\u00e1nak rendszer\u00e9t szigor\u00edtotta. Viszont az online vil\u00e1g nagyon gyors b\u0151v\u00fcl\u00e9se miatt sz\u00fcks\u00e9ges tov\u00e1bbi l\u00e9p\u00e9sek megt\u00e9tele.<\/p>\n<p class=\"text-align-justify\">Kom\u00e1rom-Esztergom v\u00e1rmegy\u00e9ben 2024-ben 29 tervezett t\u00e9mavizsg\u00e1latban, 423 ellen\u0151rz\u00e9st v\u00e9geztek a korm\u00e1nyhivatali koll\u00e9g\u00e1k. \u00d6sszesen 94 esetben t\u00e1rtak fel olyan jogs\u00e9rt\u00e9s, ami elj\u00e1r\u00e1s megind\u00edt\u00e1s\u00e1t tette sz\u00fcks\u00e9gess\u00e9, illetve 12 esetben a helysz\u00ednen azonnal jav\u00edthat\u00f3 volt a probl\u00e9ma. Sajn\u00e1latos tapasztalat v\u00e1rmegy\u00e9nkben, hogy a tavalyi \u00e9vben 20 web\u00e1ruh\u00e1z ellen\u0151rz\u00e9se kapcs\u00e1n &#8211; egy kiv\u00e9tel\u00e9vel &#8211; mindegyikn\u00e9l tal\u00e1ltak hib\u00e1t (95%-os kifog\u00e1sol\u00e1si ar\u00e1ny).<\/p>\n<p class=\"text-align-justify\">Sokan keresik fel a korm\u00e1nyhivatali \u00fcgyf\u00e9lszolg\u00e1latot szem\u00e9lyesen is, ez jelzi a fogyaszt\u00f3v\u00e9delembe vetett bizalmat, ennek igyekeznek megfelelni. A lehet\u0151s\u00e9geik \u00e9s elj\u00e1r\u00e1saik miatt is k\u00e9rik, hogy m\u00e1jus 23-ig \u00e9ljenek a lehet\u0151s\u00e9ggel \u00e9s keress\u00e9k fel a&nbsp; <span style=\"text-decoration: underline; color: #0000ff;\"><a class=\"ext\" style=\"color: #0000ff; text-decoration: underline;\" href=\"https:\/\/fogyved.kormany.hu\/\" target=\"_blank\" rel=\"noopener noreferrer\" data-extlink=\"\">https:\/\/fogyved.kormany.hu\/<\/a><\/span> oldalt, mondj\u00e1k el v\u00e9lem\u00e9ny\u00fcket!<\/p>\n<div class=\"forras mb-5\"><em>Bor\u00edt\u00f3k\u00e9p, forr\u00e1s: Kom\u00e1rom-Esztergom V\u00e1rmegyei Korm\u00e1nyhivatal<\/em><\/div>\n","protected":false},"excerpt":{"rendered":"<p>Sajt\u00f3t\u00e1j\u00e9koztat\u00f3t tartottak a Kom\u00e1rom-Esztergom V\u00e1rmegyei Korm\u00e1nyhivatalban, ahol az online fogyaszt\u00f3v\u00e9delmi konzult\u00e1ci\u00f3n val\u00f3 r\u00e9szv\u00e9tel fontoss\u00e1g\u00e1ra h\u00edvt\u00e1k fel a figyelmet. A tudatos v\u00e1s\u00e1rl\u00e1ssal, jogainkkal, a kereskedelemmel \u00e9s a fogyaszt\u00f3v\u00e9delemmel kapcsolatos szab\u00e1lyoz\u00e1ssal \u00f6sszef\u00fcgg\u00e9sben ind\u00edtott lehet\u0151s\u00e9gr\u0151l Dr. Kancz Csaba f\u0151isp\u00e1n, Dr. Eitmann Norbert, a Nemzeti Kereskedelmi \u00e9s Fogyaszt\u00f3v\u00e9delmi Hat\u00f3s\u00e1g sajt\u00f3f\u0151n\u00f6ke \u00e9s Turza G\u00e1bor, a korm\u00e1nyhivatal Fogyaszt\u00f3v\u00e9delmi Oszt\u00e1ly\u00e1nak vezet\u0151je t\u00e1j\u00e9koztatta<\/p>\n","protected":false},"author":1,"featured_media":71178,"comment_status":"closed","ping_status":"closed","sticky":false,"template":"","format":"standard","meta":{"ngg_post_thumbnail":0,"footnotes":""},"categories":[3,56],"tags":[1580,6890,7223],"class_list":{"0":"post-71177","1":"post","2":"type-post","3":"status-publish","4":"format-standard","5":"has-post-thumbnail","7":"category-hirek","8":"category-komarom-esztergom","9":"tag-fogyasztovedelem","10":"tag-komarom-esztergom-varmegye","11":"tag-komarom-esztergom-varmegyei-kormanyhivatal"},"yoast_head":"<!-- This site is optimized with the Yoast SEO plugin v27.5 - https:\/\/yoast.com\/product\/yoast-seo-wordpress\/ -->\n<title>Vett m\u00e1r pocs\u00e9k term\u00e9ket? Vegyen ink\u00e1bb r\u00e9szt a konzult\u00e1ci\u00f3n!<\/title>\n<meta name=\"robots\" content=\"index, follow, max-snippet:-1, max-image-preview:large, max-video-preview:-1\" \/>\n<link rel=\"canonical\" href=\"https:\/\/dorogimedence.hu\/index.php\/2025\/05\/16\/vett-mar-pocsek-termeket-vegyen-inkabb-reszt-a-konzultacion\/\" class=\"yoast-seo-meta-tag\" \/>\n<meta property=\"og:locale\" content=\"hu_HU\" class=\"yoast-seo-meta-tag\" \/>\n<meta property=\"og:type\" content=\"article\" class=\"yoast-seo-meta-tag\" \/>\n<meta property=\"og:title\" content=\"Vett m\u00e1r pocs\u00e9k term\u00e9ket? Vegyen ink\u00e1bb r\u00e9szt a konzult\u00e1ci\u00f3n!\" class=\"yoast-seo-meta-tag\" \/>\n<meta property=\"og:description\" content=\"Sajt\u00f3t\u00e1j\u00e9koztat\u00f3t tartottak a Kom\u00e1rom-Esztergom V\u00e1rmegyei Korm\u00e1nyhivatalban, ahol az online fogyaszt\u00f3v\u00e9delmi konzult\u00e1ci\u00f3n val\u00f3 r\u00e9szv\u00e9tel fontoss\u00e1g\u00e1ra h\u00edvt\u00e1k fel a figyelmet. A tudatos v\u00e1s\u00e1rl\u00e1ssal, jogainkkal, a kereskedelemmel \u00e9s a fogyaszt\u00f3v\u00e9delemmel kapcsolatos szab\u00e1lyoz\u00e1ssal \u00f6sszef\u00fcgg\u00e9sben ind\u00edtott lehet\u0151s\u00e9gr\u0151l Dr. Kancz Csaba f\u0151isp\u00e1n, Dr. Eitmann Norbert, a Nemzeti Kereskedelmi \u00e9s Fogyaszt\u00f3v\u00e9delmi Hat\u00f3s\u00e1g sajt\u00f3f\u0151n\u00f6ke \u00e9s Turza G\u00e1bor, a korm\u00e1nyhivatal Fogyaszt\u00f3v\u00e9delmi Oszt\u00e1ly\u00e1nak vezet\u0151je t\u00e1j\u00e9koztatta\" class=\"yoast-seo-meta-tag\" \/>\n<meta property=\"og:url\" content=\"https:\/\/dorogimedence.hu\/index.php\/2025\/05\/16\/vett-mar-pocsek-termeket-vegyen-inkabb-reszt-a-konzultacion\/\" class=\"yoast-seo-meta-tag\" \/>\n<meta property=\"og:site_name\" content=\"Dorogi-medence Region\u00e1lis H\u00edrport\u00e1l\" class=\"yoast-seo-meta-tag\" \/>\n<meta property=\"article:publisher\" content=\"https:\/\/www.facebook.com\/dorogimedence\/\" class=\"yoast-seo-meta-tag\" \/>\n<meta property=\"article:published_time\" content=\"2025-05-16T14:04:46+00:00\" class=\"yoast-seo-meta-tag\" \/>\n<meta property=\"og:image\" content=\"https:\/\/dorogimedence.hu\/wp-content\/uploads\/2025\/05\/kormanyhivatal.jpg\" class=\"yoast-seo-meta-tag\" \/>\n\t<meta property=\"og:image:width\" content=\"1920\" class=\"yoast-seo-meta-tag\" \/>\n\t<meta property=\"og:image:height\" content=\"970\" class=\"yoast-seo-meta-tag\" \/>\n\t<meta property=\"og:image:type\" content=\"image\/jpeg\" class=\"yoast-seo-meta-tag\" \/>\n<meta name=\"author\" content=\"dorogimedence.hu\" class=\"yoast-seo-meta-tag\" \/>\n<meta name=\"twitter:card\" content=\"summary_large_image\" class=\"yoast-seo-meta-tag\" \/>\n<meta name=\"twitter:label1\" content=\"Szerz\u0151:\" class=\"yoast-seo-meta-tag\" \/>\n\t<meta name=\"twitter:data1\" content=\"dorogimedence.hu\" class=\"yoast-seo-meta-tag\" \/>\n\t<meta name=\"twitter:label2\" content=\"Becs\u00fclt olvas\u00e1si id\u0151\" class=\"yoast-seo-meta-tag\" \/>\n\t<meta name=\"twitter:data2\" content=\"3 perc\" class=\"yoast-seo-meta-tag\" \/>\n<script type=\"application\/ld+json\" class=\"yoast-schema-graph\">{\"@context\":\"https:\\\/\\\/schema.org\",\"@graph\":[{\"@type\":\"Article\",\"@id\":\"https:\\\/\\\/dorogimedence.hu\\\/index.php\\\/2025\\\/05\\\/16\\\/vett-mar-pocsek-termeket-vegyen-inkabb-reszt-a-konzultacion\\\/#article\",\"isPartOf\":{\"@id\":\"https:\\\/\\\/dorogimedence.hu\\\/index.php\\\/2025\\\/05\\\/16\\\/vett-mar-pocsek-termeket-vegyen-inkabb-reszt-a-konzultacion\\\/\"},\"author\":{\"name\":\"dorogimedence.hu\",\"@id\":\"https:\\\/\\\/dorogimedence.hu\\\/#\\\/schema\\\/person\\\/ce6091eeb7e95ecdc87890d6aa8e0fd4\"},\"headline\":\"Vett m\u00e1r pocs\u00e9k term\u00e9ket? Vegyen ink\u00e1bb r\u00e9szt a konzult\u00e1ci\u00f3n!\",\"datePublished\":\"2025-05-16T14:04:46+00:00\",\"mainEntityOfPage\":{\"@id\":\"https:\\\/\\\/dorogimedence.hu\\\/index.php\\\/2025\\\/05\\\/16\\\/vett-mar-pocsek-termeket-vegyen-inkabb-reszt-a-konzultacion\\\/\"},\"wordCount\":523,\"publisher\":{\"@id\":\"https:\\\/\\\/dorogimedence.hu\\\/#organization\"},\"image\":{\"@id\":\"https:\\\/\\\/dorogimedence.hu\\\/index.php\\\/2025\\\/05\\\/16\\\/vett-mar-pocsek-termeket-vegyen-inkabb-reszt-a-konzultacion\\\/#primaryimage\"},\"thumbnailUrl\":\"https:\\\/\\\/dorogimedence.hu\\\/wp-content\\\/uploads\\\/2025\\\/05\\\/kormanyhivatal.jpg\",\"keywords\":[\"fogyaszt\u00f3v\u00e9delem\",\"Kom\u00e1rom-Esztergom v\u00e1rmegye\",\"Kom\u00e1rom-Esztergom V\u00e1rmegyei Korm\u00e1nyhivatal\"],\"articleSection\":[\"H\u00edrek\",\"Kom\u00e1rom-Esztergom\"],\"inLanguage\":\"hu\"},{\"@type\":\"WebPage\",\"@id\":\"https:\\\/\\\/dorogimedence.hu\\\/index.php\\\/2025\\\/05\\\/16\\\/vett-mar-pocsek-termeket-vegyen-inkabb-reszt-a-konzultacion\\\/\",\"url\":\"https:\\\/\\\/dorogimedence.hu\\\/index.php\\\/2025\\\/05\\\/16\\\/vett-mar-pocsek-termeket-vegyen-inkabb-reszt-a-konzultacion\\\/\",\"name\":\"Vett m\u00e1r pocs\u00e9k term\u00e9ket? Vegyen ink\u00e1bb r\u00e9szt a konzult\u00e1ci\u00f3n!\",\"isPartOf\":{\"@id\":\"https:\\\/\\\/dorogimedence.hu\\\/#website\"},\"primaryImageOfPage\":{\"@id\":\"https:\\\/\\\/dorogimedence.hu\\\/index.php\\\/2025\\\/05\\\/16\\\/vett-mar-pocsek-termeket-vegyen-inkabb-reszt-a-konzultacion\\\/#primaryimage\"},\"image\":{\"@id\":\"https:\\\/\\\/dorogimedence.hu\\\/index.php\\\/2025\\\/05\\\/16\\\/vett-mar-pocsek-termeket-vegyen-inkabb-reszt-a-konzultacion\\\/#primaryimage\"},\"thumbnailUrl\":\"https:\\\/\\\/dorogimedence.hu\\\/wp-content\\\/uploads\\\/2025\\\/05\\\/kormanyhivatal.jpg\",\"datePublished\":\"2025-05-16T14:04:46+00:00\",\"breadcrumb\":{\"@id\":\"https:\\\/\\\/dorogimedence.hu\\\/index.php\\\/2025\\\/05\\\/16\\\/vett-mar-pocsek-termeket-vegyen-inkabb-reszt-a-konzultacion\\\/#breadcrumb\"},\"inLanguage\":\"hu\",\"potentialAction\":[{\"@type\":\"ReadAction\",\"target\":[\"https:\\\/\\\/dorogimedence.hu\\\/index.php\\\/2025\\\/05\\\/16\\\/vett-mar-pocsek-termeket-vegyen-inkabb-reszt-a-konzultacion\\\/\"]}]},{\"@type\":\"ImageObject\",\"inLanguage\":\"hu\",\"@id\":\"https:\\\/\\\/dorogimedence.hu\\\/index.php\\\/2025\\\/05\\\/16\\\/vett-mar-pocsek-termeket-vegyen-inkabb-reszt-a-konzultacion\\\/#primaryimage\",\"url\":\"https:\\\/\\\/dorogimedence.hu\\\/wp-content\\\/uploads\\\/2025\\\/05\\\/kormanyhivatal.jpg\",\"contentUrl\":\"https:\\\/\\\/dorogimedence.hu\\\/wp-content\\\/uploads\\\/2025\\\/05\\\/kormanyhivatal.jpg\",\"width\":1920,\"height\":970},{\"@type\":\"BreadcrumbList\",\"@id\":\"https:\\\/\\\/dorogimedence.hu\\\/index.php\\\/2025\\\/05\\\/16\\\/vett-mar-pocsek-termeket-vegyen-inkabb-reszt-a-konzultacion\\\/#breadcrumb\",\"itemListElement\":[{\"@type\":\"ListItem\",\"position\":1,\"name\":\"Kezd\u0151lap\",\"item\":\"https:\\\/\\\/dorogimedence.hu\\\/\"},{\"@type\":\"ListItem\",\"position\":2,\"name\":\"Vett m\u00e1r pocs\u00e9k term\u00e9ket? Vegyen ink\u00e1bb r\u00e9szt a konzult\u00e1ci\u00f3n!\"}]},{\"@type\":\"WebSite\",\"@id\":\"https:\\\/\\\/dorogimedence.hu\\\/#website\",\"url\":\"https:\\\/\\\/dorogimedence.hu\\\/\",\"name\":\"Dorogi-medence Region\u00e1lis H\u00edrport\u00e1l\",\"description\":\"Dorog, Keszt\u00f6lc, Le\u00e1nyv\u00e1r, Piliscs\u00e9v, Tokod, Tokodalt\u00e1r\u00f3, Csolnok, Esztergom-kertv\u00e1ros: h\u00edrek, programok\",\"publisher\":{\"@id\":\"https:\\\/\\\/dorogimedence.hu\\\/#organization\"},\"potentialAction\":[{\"@type\":\"SearchAction\",\"target\":{\"@type\":\"EntryPoint\",\"urlTemplate\":\"https:\\\/\\\/dorogimedence.hu\\\/?s={search_term_string}\"},\"query-input\":{\"@type\":\"PropertyValueSpecification\",\"valueRequired\":true,\"valueName\":\"search_term_string\"}}],\"inLanguage\":\"hu\"},{\"@type\":\"Organization\",\"@id\":\"https:\\\/\\\/dorogimedence.hu\\\/#organization\",\"name\":\"Dorogi-medence Region\u00e1lis H\u00edrport\u00e1l\",\"url\":\"https:\\\/\\\/dorogimedence.hu\\\/\",\"logo\":{\"@type\":\"ImageObject\",\"inLanguage\":\"hu\",\"@id\":\"https:\\\/\\\/dorogimedence.hu\\\/#\\\/schema\\\/logo\\\/image\\\/\",\"url\":\"https:\\\/\\\/dorogimedence.hu\\\/wp-content\\\/uploads\\\/2021\\\/04\\\/logo-feher-600.png\",\"contentUrl\":\"https:\\\/\\\/dorogimedence.hu\\\/wp-content\\\/uploads\\\/2021\\\/04\\\/logo-feher-600.png\",\"width\":600,\"height\":100,\"caption\":\"Dorogi-medence Region\u00e1lis H\u00edrport\u00e1l\"},\"image\":{\"@id\":\"https:\\\/\\\/dorogimedence.hu\\\/#\\\/schema\\\/logo\\\/image\\\/\"},\"sameAs\":[\"https:\\\/\\\/www.facebook.com\\\/dorogimedence\\\/\"]},{\"@type\":\"Person\",\"@id\":\"https:\\\/\\\/dorogimedence.hu\\\/#\\\/schema\\\/person\\\/ce6091eeb7e95ecdc87890d6aa8e0fd4\",\"name\":\"dorogimedence.hu\",\"image\":{\"@type\":\"ImageObject\",\"inLanguage\":\"hu\",\"@id\":\"\\\/\\\/www.gravatar.com\\\/avatar\\\/d8d45f8901aadff40a4af72c0b826f1d?s=96&#038;r=g&#038;d=mm\",\"url\":\"\\\/\\\/www.gravatar.com\\\/avatar\\\/d8d45f8901aadff40a4af72c0b826f1d?s=96&#038;r=g&#038;d=mm\",\"contentUrl\":\"\\\/\\\/www.gravatar.com\\\/avatar\\\/d8d45f8901aadff40a4af72c0b826f1d?s=96&#038;r=g&#038;d=mm\",\"caption\":\"dorogimedence.hu\"}}]}<\/script>\n<!-- \/ Yoast SEO plugin. -->","yoast_head_json":{"title":"Vett m\u00e1r pocs\u00e9k term\u00e9ket? Vegyen ink\u00e1bb r\u00e9szt a konzult\u00e1ci\u00f3n!","robots":{"index":"index","follow":"follow","max-snippet":"max-snippet:-1","max-image-preview":"max-image-preview:large","max-video-preview":"max-video-preview:-1"},"canonical":"https:\/\/dorogimedence.hu\/index.php\/2025\/05\/16\/vett-mar-pocsek-termeket-vegyen-inkabb-reszt-a-konzultacion\/","og_locale":"hu_HU","og_type":"article","og_title":"Vett m\u00e1r pocs\u00e9k term\u00e9ket? Vegyen ink\u00e1bb r\u00e9szt a konzult\u00e1ci\u00f3n!","og_description":"Sajt\u00f3t\u00e1j\u00e9koztat\u00f3t tartottak a Kom\u00e1rom-Esztergom V\u00e1rmegyei Korm\u00e1nyhivatalban, ahol az online fogyaszt\u00f3v\u00e9delmi konzult\u00e1ci\u00f3n val\u00f3 r\u00e9szv\u00e9tel fontoss\u00e1g\u00e1ra h\u00edvt\u00e1k fel a figyelmet. A tudatos v\u00e1s\u00e1rl\u00e1ssal, jogainkkal, a kereskedelemmel \u00e9s a fogyaszt\u00f3v\u00e9delemmel kapcsolatos szab\u00e1lyoz\u00e1ssal \u00f6sszef\u00fcgg\u00e9sben ind\u00edtott lehet\u0151s\u00e9gr\u0151l Dr. Kancz Csaba f\u0151isp\u00e1n, Dr. Eitmann Norbert, a Nemzeti Kereskedelmi \u00e9s Fogyaszt\u00f3v\u00e9delmi Hat\u00f3s\u00e1g sajt\u00f3f\u0151n\u00f6ke \u00e9s Turza G\u00e1bor, a korm\u00e1nyhivatal Fogyaszt\u00f3v\u00e9delmi Oszt\u00e1ly\u00e1nak vezet\u0151je t\u00e1j\u00e9koztatta","og_url":"https:\/\/dorogimedence.hu\/index.php\/2025\/05\/16\/vett-mar-pocsek-termeket-vegyen-inkabb-reszt-a-konzultacion\/","og_site_name":"Dorogi-medence Region\u00e1lis H\u00edrport\u00e1l","article_publisher":"https:\/\/www.facebook.com\/dorogimedence\/","article_published_time":"2025-05-16T14:04:46+00:00","og_image":[{"width":1920,"height":970,"url":"https:\/\/dorogimedence.hu\/wp-content\/uploads\/2025\/05\/kormanyhivatal.jpg","type":"image\/jpeg"}],"author":"dorogimedence.hu","twitter_card":"summary_large_image","twitter_misc":{"Szerz\u0151:":"dorogimedence.hu","Becs\u00fclt olvas\u00e1si id\u0151":"3 perc"},"schema":{"@context":"https:\/\/schema.org","@graph":[{"@type":"Article","@id":"https:\/\/dorogimedence.hu\/index.php\/2025\/05\/16\/vett-mar-pocsek-termeket-vegyen-inkabb-reszt-a-konzultacion\/#article","isPartOf":{"@id":"https:\/\/dorogimedence.hu\/index.php\/2025\/05\/16\/vett-mar-pocsek-termeket-vegyen-inkabb-reszt-a-konzultacion\/"},"author":{"name":"dorogimedence.hu","@id":"https:\/\/dorogimedence.hu\/#\/schema\/person\/ce6091eeb7e95ecdc87890d6aa8e0fd4"},"headline":"Vett m\u00e1r pocs\u00e9k term\u00e9ket? Vegyen ink\u00e1bb r\u00e9szt a konzult\u00e1ci\u00f3n!","datePublished":"2025-05-16T14:04:46+00:00","mainEntityOfPage":{"@id":"https:\/\/dorogimedence.hu\/index.php\/2025\/05\/16\/vett-mar-pocsek-termeket-vegyen-inkabb-reszt-a-konzultacion\/"},"wordCount":523,"publisher":{"@id":"https:\/\/dorogimedence.hu\/#organization"},"image":{"@id":"https:\/\/dorogimedence.hu\/index.php\/2025\/05\/16\/vett-mar-pocsek-termeket-vegyen-inkabb-reszt-a-konzultacion\/#primaryimage"},"thumbnailUrl":"https:\/\/dorogimedence.hu\/wp-content\/uploads\/2025\/05\/kormanyhivatal.jpg","keywords":["fogyaszt\u00f3v\u00e9delem","Kom\u00e1rom-Esztergom v\u00e1rmegye","Kom\u00e1rom-Esztergom V\u00e1rmegyei Korm\u00e1nyhivatal"],"articleSection":["H\u00edrek","Kom\u00e1rom-Esztergom"],"inLanguage":"hu"},{"@type":"WebPage","@id":"https:\/\/dorogimedence.hu\/index.php\/2025\/05\/16\/vett-mar-pocsek-termeket-vegyen-inkabb-reszt-a-konzultacion\/","url":"https:\/\/dorogimedence.hu\/index.php\/2025\/05\/16\/vett-mar-pocsek-termeket-vegyen-inkabb-reszt-a-konzultacion\/","name":"Vett m\u00e1r pocs\u00e9k term\u00e9ket? Vegyen ink\u00e1bb r\u00e9szt a konzult\u00e1ci\u00f3n!","isPartOf":{"@id":"https:\/\/dorogimedence.hu\/#website"},"primaryImageOfPage":{"@id":"https:\/\/dorogimedence.hu\/index.php\/2025\/05\/16\/vett-mar-pocsek-termeket-vegyen-inkabb-reszt-a-konzultacion\/#primaryimage"},"image":{"@id":"https:\/\/dorogimedence.hu\/index.php\/2025\/05\/16\/vett-mar-pocsek-termeket-vegyen-inkabb-reszt-a-konzultacion\/#primaryimage"},"thumbnailUrl":"https:\/\/dorogimedence.hu\/wp-content\/uploads\/2025\/05\/kormanyhivatal.jpg","datePublished":"2025-05-16T14:04:46+00:00","breadcrumb":{"@id":"https:\/\/dorogimedence.hu\/index.php\/2025\/05\/16\/vett-mar-pocsek-termeket-vegyen-inkabb-reszt-a-konzultacion\/#breadcrumb"},"inLanguage":"hu","potentialAction":[{"@type":"ReadAction","target":["https:\/\/dorogimedence.hu\/index.php\/2025\/05\/16\/vett-mar-pocsek-termeket-vegyen-inkabb-reszt-a-konzultacion\/"]}]},{"@type":"ImageObject","inLanguage":"hu","@id":"https:\/\/dorogimedence.hu\/index.php\/2025\/05\/16\/vett-mar-pocsek-termeket-vegyen-inkabb-reszt-a-konzultacion\/#primaryimage","url":"https:\/\/dorogimedence.hu\/wp-content\/uploads\/2025\/05\/kormanyhivatal.jpg","contentUrl":"https:\/\/dorogimedence.hu\/wp-content\/uploads\/2025\/05\/kormanyhivatal.jpg","width":1920,"height":970},{"@type":"BreadcrumbList","@id":"https:\/\/dorogimedence.hu\/index.php\/2025\/05\/16\/vett-mar-pocsek-termeket-vegyen-inkabb-reszt-a-konzultacion\/#breadcrumb","itemListElement":[{"@type":"ListItem","position":1,"name":"Kezd\u0151lap","item":"https:\/\/dorogimedence.hu\/"},{"@type":"ListItem","position":2,"name":"Vett m\u00e1r pocs\u00e9k term\u00e9ket? Vegyen ink\u00e1bb r\u00e9szt a konzult\u00e1ci\u00f3n!"}]},{"@type":"WebSite","@id":"https:\/\/dorogimedence.hu\/#website","url":"https:\/\/dorogimedence.hu\/","name":"Dorogi-medence Region\u00e1lis H\u00edrport\u00e1l","description":"Dorog, Keszt\u00f6lc, Le\u00e1nyv\u00e1r, Piliscs\u00e9v, Tokod, Tokodalt\u00e1r\u00f3, Csolnok, Esztergom-kertv\u00e1ros: h\u00edrek, programok","publisher":{"@id":"https:\/\/dorogimedence.hu\/#organization"},"potentialAction":[{"@type":"SearchAction","target":{"@type":"EntryPoint","urlTemplate":"https:\/\/dorogimedence.hu\/?s={search_term_string}"},"query-input":{"@type":"PropertyValueSpecification","valueRequired":true,"valueName":"search_term_string"}}],"inLanguage":"hu"},{"@type":"Organization","@id":"https:\/\/dorogimedence.hu\/#organization","name":"Dorogi-medence Region\u00e1lis H\u00edrport\u00e1l","url":"https:\/\/dorogimedence.hu\/","logo":{"@type":"ImageObject","inLanguage":"hu","@id":"https:\/\/dorogimedence.hu\/#\/schema\/logo\/image\/","url":"https:\/\/dorogimedence.hu\/wp-content\/uploads\/2021\/04\/logo-feher-600.png","contentUrl":"https:\/\/dorogimedence.hu\/wp-content\/uploads\/2021\/04\/logo-feher-600.png","width":600,"height":100,"caption":"Dorogi-medence Region\u00e1lis H\u00edrport\u00e1l"},"image":{"@id":"https:\/\/dorogimedence.hu\/#\/schema\/logo\/image\/"},"sameAs":["https:\/\/www.facebook.com\/dorogimedence\/"]},{"@type":"Person","@id":"https:\/\/dorogimedence.hu\/#\/schema\/person\/ce6091eeb7e95ecdc87890d6aa8e0fd4","name":"dorogimedence.hu","image":{"@type":"ImageObject","inLanguage":"hu","@id":"\/\/www.gravatar.com\/avatar\/d8d45f8901aadff40a4af72c0b826f1d?s=96&#038;r=g&#038;d=mm","url":"\/\/www.gravatar.com\/avatar\/d8d45f8901aadff40a4af72c0b826f1d?s=96&#038;r=g&#038;d=mm","contentUrl":"\/\/www.gravatar.com\/avatar\/d8d45f8901aadff40a4af72c0b826f1d?s=96&#038;r=g&#038;d=mm","caption":"dorogimedence.hu"}}]}},"_links":{"self":[{"href":"https:\/\/dorogimedence.hu\/index.php\/wp-json\/wp\/v2\/posts\/71177","targetHints":{"allow":["GET"]}}],"collection":[{"href":"https:\/\/dorogimedence.hu\/index.php\/wp-json\/wp\/v2\/posts"}],"about":[{"href":"https:\/\/dorogimedence.hu\/index.php\/wp-json\/wp\/v2\/types\/post"}],"author":[{"embeddable":true,"href":"https:\/\/dorogimedence.hu\/index.php\/wp-json\/wp\/v2\/users\/1"}],"replies":[{"embeddable":true,"href":"https:\/\/dorogimedence.hu\/index.php\/wp-json\/wp\/v2\/comments?post=71177"}],"version-history":[{"count":0,"href":"https:\/\/dorogimedence.hu\/index.php\/wp-json\/wp\/v2\/posts\/71177\/revisions"}],"wp:featuredmedia":[{"embeddable":true,"href":"https:\/\/dorogimedence.hu\/index.php\/wp-json\/wp\/v2\/media\/71178"}],"wp:attachment":[{"href":"https:\/\/dorogimedence.hu\/index.php\/wp-json\/wp\/v2\/media?parent=71177"}],"wp:term":[{"taxonomy":"category","embeddable":true,"href":"https:\/\/dorogimedence.hu\/index.php\/wp-json\/wp\/v2\/categories?post=71177"},{"taxonomy":"post_tag","embeddable":true,"href":"https:\/\/dorogimedence.hu\/index.php\/wp-json\/wp\/v2\/tags?post=71177"}],"curies":[{"name":"wp","href":"https:\/\/api.w.org\/{rel}","templated":true}]}}