{"id":71093,"date":"2025-05-14T16:45:24","date_gmt":"2025-05-14T14:45:24","guid":{"rendered":"https:\/\/dorogimedence.hu\/?p=71093"},"modified":"2025-05-14T16:45:24","modified_gmt":"2025-05-14T14:45:24","slug":"a-richter-dorogi-gyaregysegenel-tett-latogatast-czunyine-dr-bertalan-judit-allamtitkar","status":"publish","type":"post","link":"https:\/\/dorogimedence.hu\/index.php\/2025\/05\/14\/a-richter-dorogi-gyaregysegenel-tett-latogatast-czunyine-dr-bertalan-judit-allamtitkar\/","title":{"rendered":"A Richter dorogi gy\u00e1regys\u00e9g\u00e9n\u00e9l tett l\u00e1togat\u00e1st Czunyin\u00e9 dr. Bertalan Judit \u00e1llamtitk\u00e1r"},"content":{"rendered":"<p><strong>A Richter Gedeon Nyrt. dorogi gy\u00e1regys\u00e9g\u00e9hez kapcsol\u00f3d\u00f3 region\u00e1lis ter\u00fclet- \u00e9s gazdas\u00e1gfejleszt\u00e9si lehet\u0151s\u00e9gekr\u0151l egyeztetett Czunyin\u00e9 Dr. Bertalan Judit, a K\u00f6zigazgat\u00e1si \u00e9s Ter\u00fcletfejleszt\u00e9si Miniszt\u00e9rium ter\u00fcletfejleszt\u00e9s\u00e9rt felel\u0151s \u00e1llamtitk\u00e1ra a gy\u00f3gyszeripari v\u00e1llalat vezet\u0151ivel a telephelyen tett m\u00falt heti l\u00e1togat\u00e1s\u00e1n. <\/strong><\/p>\n<p>A Richter vezet\u0151ivel folytatott szakmai egyeztet\u00e9sen t\u00f6bbek k\u00f6z\u00f6tt a r\u00e9gi\u00f3 munkaer\u0151 megtart\u00f3 erej\u00e9nek n\u00f6vel\u00e9s\u00e9r\u0151l, a potenci\u00e1lis munkav\u00e1llal\u00f3k megfizethet\u0151 lak\u00e1shoz jut\u00e1s\u00e1nak megold\u00e1si lehet\u0151s\u00e9geir\u0151l, valamint a gy\u00f3gyszeriparhoz kapcsol\u00f3d\u00f3, \u00e1gazatspecifikus tov\u00e1bbk\u00e9pz\u00e9si feladatokr\u00f3l, \u00edgy az Esztergomi Szakk\u00e9pz\u00e9si Centrummal \u00e9s az ESZC Botty\u00e1n J\u00e1nos Technikummal, a Richter du\u00e1lis partner\u00e9vel kapcsolatos tov\u00e1bbi egy\u00fcttm\u0171k\u00f6d\u00e9sek f\u0151bb ir\u00e1nyair\u00f3l, lehet\u0151s\u00e9geir\u0151l is sz\u00f3 esett.<\/p>\n<p><img fetchpriority=\"high\" decoding=\"async\" class=\"alignnone size-full wp-image-71097\" src=\"https:\/\/dorogimedence.hu\/wp-content\/uploads\/2025\/05\/IMG_1136.jpg\" alt=\"\" width=\"1920\" height=\"1280\" srcset=\"https:\/\/dorogimedence.hu\/wp-content\/uploads\/2025\/05\/IMG_1136.jpg 1920w, https:\/\/dorogimedence.hu\/wp-content\/uploads\/2025\/05\/IMG_1136-600x400.jpg 600w, https:\/\/dorogimedence.hu\/wp-content\/uploads\/2025\/05\/IMG_1136-768x512.jpg 768w, https:\/\/dorogimedence.hu\/wp-content\/uploads\/2025\/05\/IMG_1136-1536x1024.jpg 1536w, https:\/\/dorogimedence.hu\/wp-content\/uploads\/2025\/05\/IMG_1136-150x100.jpg 150w, https:\/\/dorogimedence.hu\/wp-content\/uploads\/2025\/05\/IMG_1136-450x300.jpg 450w, https:\/\/dorogimedence.hu\/wp-content\/uploads\/2025\/05\/IMG_1136-1200x800.jpg 1200w, https:\/\/dorogimedence.hu\/wp-content\/uploads\/2025\/05\/IMG_1136-272x182.jpg 272w\" sizes=\"(max-width: 1920px) 100vw, 1920px\" \/><\/p>\n<p>Czunyin\u00e9 Dr. Bertalan Judit \u00e1llamtitk\u00e1rt a Richter r\u00e9sz\u00e9r\u0151l Beke Zsuzsa, a Richter Csoportszint\u0171 PR, CSR \u00e9s Korm\u00e1nyzati Kapcsolatok vezet\u0151je, Dr. Demeter \u00c1d\u00e1m a Richter hat\u00f3anyaggy\u00e1rt\u00e1si igazgat\u00f3-helyettese, \u00e9s Garai Zolt\u00e1n, a Richter dorogi gy\u00e1regys\u00e9g\u00e9nek vezet\u0151je, f\u0151m\u00e9rn\u00f6ke fogadt\u00e1k. El\u0151ad\u00e1saikban bemutatt\u00e1k t\u00f6bbek k\u00f6z\u00f6tt a vil\u00e1gszerte csaknem 12 ezer f\u0151t foglalkoztat\u00f3 v\u00e1llalat hazai \u00e9s nemzetk\u00f6zi tev\u00e9kenys\u00e9g\u00e9t, a magyar gazdas\u00e1gban bet\u00f6lt\u00f6tt szerep\u00e9t, az eur\u00f3pai hat\u00f3anyaggy\u00e1rt\u00e1s jelenlegi helyzet\u00e9t, valamint a dorogi gy\u00e1regys\u00e9gn\u00e9l jelenleg zajl\u00f3 hat\u00e9konys\u00e1gn\u00f6vel\u0151 transzform\u00e1ci\u00f3s folyamatot \u00e9s tervezett beruh\u00e1z\u00e1sokat.<\/p>\n<p><img decoding=\"async\" class=\"alignnone size-full wp-image-71100\" src=\"https:\/\/dorogimedence.hu\/wp-content\/uploads\/2025\/05\/IMG_1108.jpg\" alt=\"\" width=\"1920\" height=\"1280\" srcset=\"https:\/\/dorogimedence.hu\/wp-content\/uploads\/2025\/05\/IMG_1108.jpg 1920w, https:\/\/dorogimedence.hu\/wp-content\/uploads\/2025\/05\/IMG_1108-600x400.jpg 600w, https:\/\/dorogimedence.hu\/wp-content\/uploads\/2025\/05\/IMG_1108-768x512.jpg 768w, https:\/\/dorogimedence.hu\/wp-content\/uploads\/2025\/05\/IMG_1108-1536x1024.jpg 1536w, https:\/\/dorogimedence.hu\/wp-content\/uploads\/2025\/05\/IMG_1108-150x100.jpg 150w, https:\/\/dorogimedence.hu\/wp-content\/uploads\/2025\/05\/IMG_1108-450x300.jpg 450w, https:\/\/dorogimedence.hu\/wp-content\/uploads\/2025\/05\/IMG_1108-1200x800.jpg 1200w, https:\/\/dorogimedence.hu\/wp-content\/uploads\/2025\/05\/IMG_1108-272x182.jpg 272w\" sizes=\"(max-width: 1920px) 100vw, 1920px\" \/><\/p>\n<p>Czunyin\u00e9 Dr. Bertalan Judit, a K\u00f6zigazgat\u00e1si \u00e9s Ter\u00fcletfejleszt\u00e9si Miniszt\u00e9rium ter\u00fcletfejleszt\u00e9s\u00e9rt felel\u0151s \u00e1llamtitk\u00e1ra hangs\u00falyozta: <em>\u201eA Richter a t\u00e9rs\u00e9g meghat\u00e1roz\u00f3 gazdas\u00e1gi szerepl\u0151je. A gy\u00f3gyszer- \u00e9s gy\u00f3gyszeralapanyag gy\u00e1rt\u00e1sban horizont\u00e1lisan van jelen minden gy\u00e1rt\u00e1si folyamattal Magyarorsz\u00e1gon. Fontos kutat\u00e1si \u00e9s k\u00e9pz\u00e9si programokkal, t\u00e1rsadalmi szerepv\u00e1lal\u00e1s\u00e1val felel\u0151s gazdas\u00e1gi szerepl\u0151. A munkaer\u0151piaci, fejleszt\u00e9si \u00e9s \u00f6nkorm\u00e1nyzati egy\u00fcttm\u0171k\u00f6d\u00e9s a c\u00e9ggel a t\u00e9rs\u00e9g gazdas\u00e1gi erej\u00e9t n\u00f6veli. Kiemelten figyel\u00fcnk arra, hogy a ter\u00fcletfejleszt\u00e9s \u00e9s a gazdas\u00e1gfejleszt\u00e9s szempontjai \u00f6sszhangban legyenek az itt \u00e9l\u0151k \u00e9rdek\u00e9ben, a helyi szempontoknak megfeleltetve.\u201d<\/em><\/p>\n<p><img decoding=\"async\" class=\"alignnone size-full wp-image-71098\" src=\"https:\/\/dorogimedence.hu\/wp-content\/uploads\/2025\/05\/IMG_1114.jpg\" alt=\"\" width=\"1920\" height=\"1280\" srcset=\"https:\/\/dorogimedence.hu\/wp-content\/uploads\/2025\/05\/IMG_1114.jpg 1920w, https:\/\/dorogimedence.hu\/wp-content\/uploads\/2025\/05\/IMG_1114-600x400.jpg 600w, https:\/\/dorogimedence.hu\/wp-content\/uploads\/2025\/05\/IMG_1114-768x512.jpg 768w, https:\/\/dorogimedence.hu\/wp-content\/uploads\/2025\/05\/IMG_1114-1536x1024.jpg 1536w, https:\/\/dorogimedence.hu\/wp-content\/uploads\/2025\/05\/IMG_1114-150x100.jpg 150w, https:\/\/dorogimedence.hu\/wp-content\/uploads\/2025\/05\/IMG_1114-450x300.jpg 450w, https:\/\/dorogimedence.hu\/wp-content\/uploads\/2025\/05\/IMG_1114-1200x800.jpg 1200w, https:\/\/dorogimedence.hu\/wp-content\/uploads\/2025\/05\/IMG_1114-272x182.jpg 272w\" sizes=\"(max-width: 1920px) 100vw, 1920px\" \/><\/p>\n<p>Dr. Demeter \u00c1d\u00e1m a Richter hat\u00f3anyaggy\u00e1rt\u00e1si igazgat\u00f3-helyettese a tal\u00e1lkoz\u00f3 kapcs\u00e1n elmondta: <em>\u201eA Richter magyar gazdas\u00e1gban bet\u00f6lt\u00f6tt szerepe kiemelt jelent\u0151s\u00e9g\u0171 \u00e9s t\u00e9rs\u00e9gbeli szerepe is egyre jelent\u0151sebb\u00e9 v\u00e1lik. A dorogi telephelyen gy\u00e1rtott kiv\u00e1l\u00f3 min\u0151s\u00e9g\u0171 hat\u00f3anyagok megfizethet\u0151 gy\u00f3gyszertem\u00e9kekbe \u00e9p\u00fclve hozz\u00e1j\u00e1rulnak a betegek \u00e9letmin\u0151s\u00e9g\u00e9nek jav\u00edt\u00e1s\u00e1hoz. Nagy \u00f6r\u00f6m sz\u00e1munkra, hogy munk\u00e1nkat a korm\u00e1nyzat \u00e9s a t\u00e9rs\u00e9g d\u00f6nt\u00e9shoz\u00f3i r\u00e9sz\u00e9r\u0151l is nagy \u00e9rdekl\u0151d\u00e9s \u00f6vezi.\u201d <\/em><\/p>\n<p>A megh\u00edvott vend\u00e9g k\u00eds\u00e9ret\u00e9nek tagja volt P\u00e1kozdi-Nagy Katalin kabinetf\u0151n\u00f6k is. A deleg\u00e1ci\u00f3 a megbesz\u00e9l\u00e9st k\u00f6vet\u0151en egy r\u00f6vid gy\u00e1rl\u00e1togat\u00e1s keret\u00e9ben megtekintette a Richter hat\u00f3anyaggy\u00e1rt\u00f3 b\u00e1zis\u00e1t is.<\/p>\n<p>A 70 hekt\u00e1ron elter\u00fcl\u0151, mintegy ezer f\u0151t foglalkoztat\u00f3 dorogi&nbsp;gy\u00e1r&nbsp;k\u00f6zel 60&nbsp;\u00e9ve&nbsp;a v\u00e1llalat&nbsp;legnagyobb&nbsp;hat\u00f3anyaggy\u00e1rt\u00f3&nbsp;egys\u00e9ge. Az itt m\u0171k\u00f6d\u0151 n\u00e9gy \u00fczem saj\u00e1t gy\u00e1rt\u00e1s\u00fa szteroid \u00e9s szintetikus hat\u00f3anyagokat, valamint intermediereket \u00e1ll\u00edt el\u0151 a szerte\u00e1gaz\u00f3 ter\u00e1pi\u00e1s ter\u00fcleteken alkalmazand\u00f3 k\u00e9sz\u00edtm\u00e9nyekhez. A dorogi hat\u00f3anyaggy\u00e1rt\u00e1s tov\u00e1bbi fejleszt\u00e9se hozz\u00e1j\u00e1rulhat a r\u00e9gi\u00f3 tov\u00e1bbi n\u00f6veked\u00e9s\u00e9hez, a helyi egy\u00fcttm\u0171k\u00f6d\u00e9sek er\u0151s\u00edt\u00e9s\u00e9hez, a szakk\u00e9pzett munkaer\u0151 elhelyezked\u00e9s\u00e9hez.<\/p>\n<p><img loading=\"lazy\" decoding=\"async\" class=\"alignnone size-full wp-image-71096\" src=\"https:\/\/dorogimedence.hu\/wp-content\/uploads\/2025\/05\/richter-02.jpg\" alt=\"\" width=\"1920\" height=\"1272\" srcset=\"https:\/\/dorogimedence.hu\/wp-content\/uploads\/2025\/05\/richter-02.jpg 1920w, https:\/\/dorogimedence.hu\/wp-content\/uploads\/2025\/05\/richter-02-600x398.jpg 600w, https:\/\/dorogimedence.hu\/wp-content\/uploads\/2025\/05\/richter-02-768x509.jpg 768w, https:\/\/dorogimedence.hu\/wp-content\/uploads\/2025\/05\/richter-02-1536x1018.jpg 1536w, https:\/\/dorogimedence.hu\/wp-content\/uploads\/2025\/05\/richter-02-150x99.jpg 150w, https:\/\/dorogimedence.hu\/wp-content\/uploads\/2025\/05\/richter-02-450x298.jpg 450w, https:\/\/dorogimedence.hu\/wp-content\/uploads\/2025\/05\/richter-02-1200x795.jpg 1200w\" sizes=\"(max-width: 1920px) 100vw, 1920px\" \/><\/p>\n<h3><strong>Richter \u2013 H\u00e1tt\u00e9radatok<\/strong><\/h3>\n<p>A Richter arra t\u00f6rekszik, hogy glob\u00e1lis innov\u00e1tor legyen n\u00e9h\u00e1ny kulcsfontoss\u00e1g\u00fa tudom\u00e1nyos ter\u00fcleten, mik\u00f6zben elk\u00f6telezett a gy\u00f3gyszerek vil\u00e1gszerte el\u00e9rhet\u0151bb\u00e9 t\u00e9tele mellett. Az 1901-ben alap\u00edtott, magyarorsz\u00e1gi sz\u00e9khely\u0171, 2024-ben 4,7 milli\u00e1rd eur\u00f3s piaci kapitaliz\u00e1ci\u00f3val \u00e9s 2,2 milli\u00e1rd eur\u00f3s \u00e1rbev\u00e9tellel rendelkez\u0151 v\u00e1llalat K\u00f6z\u00e9p-Eur\u00f3pa legnagyobb K+F k\u00f6zpontj\u00e1t m\u0171k\u00f6dteti. \u00c1tt\u00f6r\u0151 kutat\u00e1sokat v\u00e9gez a neuropszichi\u00e1tria \u00e9s a n\u0151gy\u00f3gy\u00e1szat ter\u00fclet\u00e9n, m\u00edg a biotechnol\u00f3gia \u00e9s a generikus \u00fczlet\u00e1gak az alapvet\u0151 k\u00e9sz\u00edtm\u00e9nyek portf\u00f3li\u00f3j\u00e1t er\u0151s\u00edtik. A fenntarthat\u00f3 n\u00f6veked\u00e9s ir\u00e1nt elk\u00f6telezett Richter a kutat\u00e1s-fejleszt\u00e9sbe, a gy\u00e1rt\u00e1si kiv\u00e1l\u00f3s\u00e1gba \u00e9s a digitaliz\u00e1ci\u00f3ba fektet be az orvosi innov\u00e1ci\u00f3 el\u0151mozd\u00edt\u00e1sa \u00e9rdek\u00e9ben. Tov\u00e1bbi inform\u00e1ci\u00f3k a weboldalon: <a href=\"http:\/\/www.gedeonrichter.com\" target=\"_blank\" rel=\"noopener\"><span style=\"text-decoration: underline; color: #0000ff;\">www.gedeonrichter.com<\/span><\/a><\/p>\n","protected":false},"excerpt":{"rendered":"<p>A Richter Gedeon Nyrt. dorogi gy\u00e1regys\u00e9g\u00e9hez kapcsol\u00f3d\u00f3 region\u00e1lis ter\u00fclet- \u00e9s gazdas\u00e1gfejleszt\u00e9si lehet\u0151s\u00e9gekr\u0151l egyeztetett Czunyin\u00e9 Dr. Bertalan Judit, a K\u00f6zigazgat\u00e1si \u00e9s Ter\u00fcletfejleszt\u00e9si Miniszt\u00e9rium ter\u00fcletfejleszt\u00e9s\u00e9rt felel\u0151s \u00e1llamtitk\u00e1ra a gy\u00f3gyszeripari v\u00e1llalat vezet\u0151ivel a telephelyen tett m\u00falt heti l\u00e1togat\u00e1s\u00e1n. A Richter vezet\u0151ivel folytatott szakmai egyeztet\u00e9sen t\u00f6bbek k\u00f6z\u00f6tt a r\u00e9gi\u00f3 munkaer\u0151 megtart\u00f3 erej\u00e9nek n\u00f6vel\u00e9s\u00e9r\u0151l, a potenci\u00e1lis munkav\u00e1llal\u00f3k megfizethet\u0151 lak\u00e1shoz jut\u00e1s\u00e1nak<\/p>\n","protected":false},"author":1,"featured_media":71095,"comment_status":"closed","ping_status":"closed","sticky":false,"template":"","format":"standard","meta":{"ngg_post_thumbnail":0,"footnotes":""},"categories":[2,3],"tags":[15,4060],"class_list":{"0":"post-71093","1":"post","2":"type-post","3":"status-publish","4":"format-standard","5":"has-post-thumbnail","7":"category-dorog","8":"category-hirek","9":"tag-dorog","10":"tag-richter"},"yoast_head":"<!-- This site is optimized with the Yoast SEO plugin v27.4 - https:\/\/yoast.com\/product\/yoast-seo-wordpress\/ -->\n<title>A Richter dorogi gy\u00e1regys\u00e9g\u00e9n\u00e9l tett l\u00e1togat\u00e1st Czunyin\u00e9 dr. Bertalan Judit \u00e1llamtitk\u00e1r<\/title>\n<meta name=\"robots\" content=\"index, follow, max-snippet:-1, max-image-preview:large, max-video-preview:-1\" \/>\n<link rel=\"canonical\" href=\"https:\/\/dorogimedence.hu\/index.php\/2025\/05\/14\/a-richter-dorogi-gyaregysegenel-tett-latogatast-czunyine-dr-bertalan-judit-allamtitkar\/\" class=\"yoast-seo-meta-tag\" \/>\n<meta property=\"og:locale\" content=\"hu_HU\" class=\"yoast-seo-meta-tag\" \/>\n<meta property=\"og:type\" content=\"article\" class=\"yoast-seo-meta-tag\" \/>\n<meta property=\"og:title\" content=\"A Richter dorogi gy\u00e1regys\u00e9g\u00e9n\u00e9l tett l\u00e1togat\u00e1st Czunyin\u00e9 dr. Bertalan Judit \u00e1llamtitk\u00e1r\" class=\"yoast-seo-meta-tag\" \/>\n<meta property=\"og:description\" content=\"A Richter Gedeon Nyrt. dorogi gy\u00e1regys\u00e9g\u00e9hez kapcsol\u00f3d\u00f3 region\u00e1lis ter\u00fclet- \u00e9s gazdas\u00e1gfejleszt\u00e9si lehet\u0151s\u00e9gekr\u0151l egyeztetett Czunyin\u00e9 Dr. Bertalan Judit, a K\u00f6zigazgat\u00e1si \u00e9s Ter\u00fcletfejleszt\u00e9si Miniszt\u00e9rium ter\u00fcletfejleszt\u00e9s\u00e9rt felel\u0151s \u00e1llamtitk\u00e1ra a gy\u00f3gyszeripari v\u00e1llalat vezet\u0151ivel a telephelyen tett m\u00falt heti l\u00e1togat\u00e1s\u00e1n. A Richter vezet\u0151ivel folytatott szakmai egyeztet\u00e9sen t\u00f6bbek k\u00f6z\u00f6tt a r\u00e9gi\u00f3 munkaer\u0151 megtart\u00f3 erej\u00e9nek n\u00f6vel\u00e9s\u00e9r\u0151l, a potenci\u00e1lis munkav\u00e1llal\u00f3k megfizethet\u0151 lak\u00e1shoz jut\u00e1s\u00e1nak\" class=\"yoast-seo-meta-tag\" \/>\n<meta property=\"og:url\" content=\"https:\/\/dorogimedence.hu\/index.php\/2025\/05\/14\/a-richter-dorogi-gyaregysegenel-tett-latogatast-czunyine-dr-bertalan-judit-allamtitkar\/\" class=\"yoast-seo-meta-tag\" \/>\n<meta property=\"og:site_name\" content=\"Dorogi-medence Region\u00e1lis H\u00edrport\u00e1l\" class=\"yoast-seo-meta-tag\" \/>\n<meta property=\"article:publisher\" content=\"https:\/\/www.facebook.com\/dorogimedence\/\" class=\"yoast-seo-meta-tag\" \/>\n<meta property=\"article:published_time\" content=\"2025-05-14T14:45:24+00:00\" class=\"yoast-seo-meta-tag\" \/>\n<meta property=\"og:image\" content=\"https:\/\/dorogimedence.hu\/wp-content\/uploads\/2025\/05\/richter-01.jpg\" class=\"yoast-seo-meta-tag\" \/>\n\t<meta property=\"og:image:width\" content=\"1920\" class=\"yoast-seo-meta-tag\" \/>\n\t<meta property=\"og:image:height\" content=\"1280\" class=\"yoast-seo-meta-tag\" \/>\n\t<meta property=\"og:image:type\" content=\"image\/jpeg\" class=\"yoast-seo-meta-tag\" \/>\n<meta name=\"author\" content=\"dorogimedence.hu\" class=\"yoast-seo-meta-tag\" \/>\n<meta name=\"twitter:card\" content=\"summary_large_image\" class=\"yoast-seo-meta-tag\" \/>\n<meta name=\"twitter:label1\" content=\"Szerz\u0151:\" class=\"yoast-seo-meta-tag\" \/>\n\t<meta name=\"twitter:data1\" content=\"dorogimedence.hu\" class=\"yoast-seo-meta-tag\" \/>\n\t<meta name=\"twitter:label2\" content=\"Becs\u00fclt olvas\u00e1si id\u0151\" class=\"yoast-seo-meta-tag\" \/>\n\t<meta name=\"twitter:data2\" content=\"4 perc\" class=\"yoast-seo-meta-tag\" \/>\n<script type=\"application\/ld+json\" class=\"yoast-schema-graph\">{\"@context\":\"https:\\\/\\\/schema.org\",\"@graph\":[{\"@type\":\"Article\",\"@id\":\"https:\\\/\\\/dorogimedence.hu\\\/index.php\\\/2025\\\/05\\\/14\\\/a-richter-dorogi-gyaregysegenel-tett-latogatast-czunyine-dr-bertalan-judit-allamtitkar\\\/#article\",\"isPartOf\":{\"@id\":\"https:\\\/\\\/dorogimedence.hu\\\/index.php\\\/2025\\\/05\\\/14\\\/a-richter-dorogi-gyaregysegenel-tett-latogatast-czunyine-dr-bertalan-judit-allamtitkar\\\/\"},\"author\":{\"name\":\"dorogimedence.hu\",\"@id\":\"https:\\\/\\\/dorogimedence.hu\\\/#\\\/schema\\\/person\\\/ce6091eeb7e95ecdc87890d6aa8e0fd4\"},\"headline\":\"A Richter dorogi gy\u00e1regys\u00e9g\u00e9n\u00e9l tett l\u00e1togat\u00e1st Czunyin\u00e9 dr. Bertalan Judit \u00e1llamtitk\u00e1r\",\"datePublished\":\"2025-05-14T14:45:24+00:00\",\"mainEntityOfPage\":{\"@id\":\"https:\\\/\\\/dorogimedence.hu\\\/index.php\\\/2025\\\/05\\\/14\\\/a-richter-dorogi-gyaregysegenel-tett-latogatast-czunyine-dr-bertalan-judit-allamtitkar\\\/\"},\"wordCount\":859,\"publisher\":{\"@id\":\"https:\\\/\\\/dorogimedence.hu\\\/#organization\"},\"image\":{\"@id\":\"https:\\\/\\\/dorogimedence.hu\\\/index.php\\\/2025\\\/05\\\/14\\\/a-richter-dorogi-gyaregysegenel-tett-latogatast-czunyine-dr-bertalan-judit-allamtitkar\\\/#primaryimage\"},\"thumbnailUrl\":\"https:\\\/\\\/dorogimedence.hu\\\/wp-content\\\/uploads\\\/2025\\\/05\\\/richter-01.jpg\",\"keywords\":[\"Dorog\",\"richter\"],\"articleSection\":[\"Dorog\",\"H\u00edrek\"],\"inLanguage\":\"hu\"},{\"@type\":\"WebPage\",\"@id\":\"https:\\\/\\\/dorogimedence.hu\\\/index.php\\\/2025\\\/05\\\/14\\\/a-richter-dorogi-gyaregysegenel-tett-latogatast-czunyine-dr-bertalan-judit-allamtitkar\\\/\",\"url\":\"https:\\\/\\\/dorogimedence.hu\\\/index.php\\\/2025\\\/05\\\/14\\\/a-richter-dorogi-gyaregysegenel-tett-latogatast-czunyine-dr-bertalan-judit-allamtitkar\\\/\",\"name\":\"A Richter dorogi gy\u00e1regys\u00e9g\u00e9n\u00e9l tett l\u00e1togat\u00e1st Czunyin\u00e9 dr. Bertalan Judit \u00e1llamtitk\u00e1r\",\"isPartOf\":{\"@id\":\"https:\\\/\\\/dorogimedence.hu\\\/#website\"},\"primaryImageOfPage\":{\"@id\":\"https:\\\/\\\/dorogimedence.hu\\\/index.php\\\/2025\\\/05\\\/14\\\/a-richter-dorogi-gyaregysegenel-tett-latogatast-czunyine-dr-bertalan-judit-allamtitkar\\\/#primaryimage\"},\"image\":{\"@id\":\"https:\\\/\\\/dorogimedence.hu\\\/index.php\\\/2025\\\/05\\\/14\\\/a-richter-dorogi-gyaregysegenel-tett-latogatast-czunyine-dr-bertalan-judit-allamtitkar\\\/#primaryimage\"},\"thumbnailUrl\":\"https:\\\/\\\/dorogimedence.hu\\\/wp-content\\\/uploads\\\/2025\\\/05\\\/richter-01.jpg\",\"datePublished\":\"2025-05-14T14:45:24+00:00\",\"breadcrumb\":{\"@id\":\"https:\\\/\\\/dorogimedence.hu\\\/index.php\\\/2025\\\/05\\\/14\\\/a-richter-dorogi-gyaregysegenel-tett-latogatast-czunyine-dr-bertalan-judit-allamtitkar\\\/#breadcrumb\"},\"inLanguage\":\"hu\",\"potentialAction\":[{\"@type\":\"ReadAction\",\"target\":[\"https:\\\/\\\/dorogimedence.hu\\\/index.php\\\/2025\\\/05\\\/14\\\/a-richter-dorogi-gyaregysegenel-tett-latogatast-czunyine-dr-bertalan-judit-allamtitkar\\\/\"]}]},{\"@type\":\"ImageObject\",\"inLanguage\":\"hu\",\"@id\":\"https:\\\/\\\/dorogimedence.hu\\\/index.php\\\/2025\\\/05\\\/14\\\/a-richter-dorogi-gyaregysegenel-tett-latogatast-czunyine-dr-bertalan-judit-allamtitkar\\\/#primaryimage\",\"url\":\"https:\\\/\\\/dorogimedence.hu\\\/wp-content\\\/uploads\\\/2025\\\/05\\\/richter-01.jpg\",\"contentUrl\":\"https:\\\/\\\/dorogimedence.hu\\\/wp-content\\\/uploads\\\/2025\\\/05\\\/richter-01.jpg\",\"width\":1920,\"height\":1280},{\"@type\":\"BreadcrumbList\",\"@id\":\"https:\\\/\\\/dorogimedence.hu\\\/index.php\\\/2025\\\/05\\\/14\\\/a-richter-dorogi-gyaregysegenel-tett-latogatast-czunyine-dr-bertalan-judit-allamtitkar\\\/#breadcrumb\",\"itemListElement\":[{\"@type\":\"ListItem\",\"position\":1,\"name\":\"Kezd\u0151lap\",\"item\":\"https:\\\/\\\/dorogimedence.hu\\\/\"},{\"@type\":\"ListItem\",\"position\":2,\"name\":\"A Richter dorogi gy\u00e1regys\u00e9g\u00e9n\u00e9l tett l\u00e1togat\u00e1st Czunyin\u00e9 dr. Bertalan Judit \u00e1llamtitk\u00e1r\"}]},{\"@type\":\"WebSite\",\"@id\":\"https:\\\/\\\/dorogimedence.hu\\\/#website\",\"url\":\"https:\\\/\\\/dorogimedence.hu\\\/\",\"name\":\"Dorogi-medence Region\u00e1lis H\u00edrport\u00e1l\",\"description\":\"Dorog, Keszt\u00f6lc, Le\u00e1nyv\u00e1r, Piliscs\u00e9v, Tokod, Tokodalt\u00e1r\u00f3, Csolnok, Esztergom-kertv\u00e1ros: h\u00edrek, programok\",\"publisher\":{\"@id\":\"https:\\\/\\\/dorogimedence.hu\\\/#organization\"},\"potentialAction\":[{\"@type\":\"SearchAction\",\"target\":{\"@type\":\"EntryPoint\",\"urlTemplate\":\"https:\\\/\\\/dorogimedence.hu\\\/?s={search_term_string}\"},\"query-input\":{\"@type\":\"PropertyValueSpecification\",\"valueRequired\":true,\"valueName\":\"search_term_string\"}}],\"inLanguage\":\"hu\"},{\"@type\":\"Organization\",\"@id\":\"https:\\\/\\\/dorogimedence.hu\\\/#organization\",\"name\":\"Dorogi-medence Region\u00e1lis H\u00edrport\u00e1l\",\"url\":\"https:\\\/\\\/dorogimedence.hu\\\/\",\"logo\":{\"@type\":\"ImageObject\",\"inLanguage\":\"hu\",\"@id\":\"https:\\\/\\\/dorogimedence.hu\\\/#\\\/schema\\\/logo\\\/image\\\/\",\"url\":\"https:\\\/\\\/dorogimedence.hu\\\/wp-content\\\/uploads\\\/2021\\\/04\\\/logo-feher-600.png\",\"contentUrl\":\"https:\\\/\\\/dorogimedence.hu\\\/wp-content\\\/uploads\\\/2021\\\/04\\\/logo-feher-600.png\",\"width\":600,\"height\":100,\"caption\":\"Dorogi-medence Region\u00e1lis H\u00edrport\u00e1l\"},\"image\":{\"@id\":\"https:\\\/\\\/dorogimedence.hu\\\/#\\\/schema\\\/logo\\\/image\\\/\"},\"sameAs\":[\"https:\\\/\\\/www.facebook.com\\\/dorogimedence\\\/\"]},{\"@type\":\"Person\",\"@id\":\"https:\\\/\\\/dorogimedence.hu\\\/#\\\/schema\\\/person\\\/ce6091eeb7e95ecdc87890d6aa8e0fd4\",\"name\":\"dorogimedence.hu\",\"image\":{\"@type\":\"ImageObject\",\"inLanguage\":\"hu\",\"@id\":\"\\\/\\\/www.gravatar.com\\\/avatar\\\/d8d45f8901aadff40a4af72c0b826f1d?s=96&#038;r=g&#038;d=mm\",\"url\":\"\\\/\\\/www.gravatar.com\\\/avatar\\\/d8d45f8901aadff40a4af72c0b826f1d?s=96&#038;r=g&#038;d=mm\",\"contentUrl\":\"\\\/\\\/www.gravatar.com\\\/avatar\\\/d8d45f8901aadff40a4af72c0b826f1d?s=96&#038;r=g&#038;d=mm\",\"caption\":\"dorogimedence.hu\"}}]}<\/script>\n<!-- \/ Yoast SEO plugin. -->","yoast_head_json":{"title":"A Richter dorogi gy\u00e1regys\u00e9g\u00e9n\u00e9l tett l\u00e1togat\u00e1st Czunyin\u00e9 dr. Bertalan Judit \u00e1llamtitk\u00e1r","robots":{"index":"index","follow":"follow","max-snippet":"max-snippet:-1","max-image-preview":"max-image-preview:large","max-video-preview":"max-video-preview:-1"},"canonical":"https:\/\/dorogimedence.hu\/index.php\/2025\/05\/14\/a-richter-dorogi-gyaregysegenel-tett-latogatast-czunyine-dr-bertalan-judit-allamtitkar\/","og_locale":"hu_HU","og_type":"article","og_title":"A Richter dorogi gy\u00e1regys\u00e9g\u00e9n\u00e9l tett l\u00e1togat\u00e1st Czunyin\u00e9 dr. Bertalan Judit \u00e1llamtitk\u00e1r","og_description":"A Richter Gedeon Nyrt. dorogi gy\u00e1regys\u00e9g\u00e9hez kapcsol\u00f3d\u00f3 region\u00e1lis ter\u00fclet- \u00e9s gazdas\u00e1gfejleszt\u00e9si lehet\u0151s\u00e9gekr\u0151l egyeztetett Czunyin\u00e9 Dr. Bertalan Judit, a K\u00f6zigazgat\u00e1si \u00e9s Ter\u00fcletfejleszt\u00e9si Miniszt\u00e9rium ter\u00fcletfejleszt\u00e9s\u00e9rt felel\u0151s \u00e1llamtitk\u00e1ra a gy\u00f3gyszeripari v\u00e1llalat vezet\u0151ivel a telephelyen tett m\u00falt heti l\u00e1togat\u00e1s\u00e1n. A Richter vezet\u0151ivel folytatott szakmai egyeztet\u00e9sen t\u00f6bbek k\u00f6z\u00f6tt a r\u00e9gi\u00f3 munkaer\u0151 megtart\u00f3 erej\u00e9nek n\u00f6vel\u00e9s\u00e9r\u0151l, a potenci\u00e1lis munkav\u00e1llal\u00f3k megfizethet\u0151 lak\u00e1shoz jut\u00e1s\u00e1nak","og_url":"https:\/\/dorogimedence.hu\/index.php\/2025\/05\/14\/a-richter-dorogi-gyaregysegenel-tett-latogatast-czunyine-dr-bertalan-judit-allamtitkar\/","og_site_name":"Dorogi-medence Region\u00e1lis H\u00edrport\u00e1l","article_publisher":"https:\/\/www.facebook.com\/dorogimedence\/","article_published_time":"2025-05-14T14:45:24+00:00","og_image":[{"width":1920,"height":1280,"url":"https:\/\/dorogimedence.hu\/wp-content\/uploads\/2025\/05\/richter-01.jpg","type":"image\/jpeg"}],"author":"dorogimedence.hu","twitter_card":"summary_large_image","twitter_misc":{"Szerz\u0151:":"dorogimedence.hu","Becs\u00fclt olvas\u00e1si id\u0151":"4 perc"},"schema":{"@context":"https:\/\/schema.org","@graph":[{"@type":"Article","@id":"https:\/\/dorogimedence.hu\/index.php\/2025\/05\/14\/a-richter-dorogi-gyaregysegenel-tett-latogatast-czunyine-dr-bertalan-judit-allamtitkar\/#article","isPartOf":{"@id":"https:\/\/dorogimedence.hu\/index.php\/2025\/05\/14\/a-richter-dorogi-gyaregysegenel-tett-latogatast-czunyine-dr-bertalan-judit-allamtitkar\/"},"author":{"name":"dorogimedence.hu","@id":"https:\/\/dorogimedence.hu\/#\/schema\/person\/ce6091eeb7e95ecdc87890d6aa8e0fd4"},"headline":"A Richter dorogi gy\u00e1regys\u00e9g\u00e9n\u00e9l tett l\u00e1togat\u00e1st Czunyin\u00e9 dr. Bertalan Judit \u00e1llamtitk\u00e1r","datePublished":"2025-05-14T14:45:24+00:00","mainEntityOfPage":{"@id":"https:\/\/dorogimedence.hu\/index.php\/2025\/05\/14\/a-richter-dorogi-gyaregysegenel-tett-latogatast-czunyine-dr-bertalan-judit-allamtitkar\/"},"wordCount":859,"publisher":{"@id":"https:\/\/dorogimedence.hu\/#organization"},"image":{"@id":"https:\/\/dorogimedence.hu\/index.php\/2025\/05\/14\/a-richter-dorogi-gyaregysegenel-tett-latogatast-czunyine-dr-bertalan-judit-allamtitkar\/#primaryimage"},"thumbnailUrl":"https:\/\/dorogimedence.hu\/wp-content\/uploads\/2025\/05\/richter-01.jpg","keywords":["Dorog","richter"],"articleSection":["Dorog","H\u00edrek"],"inLanguage":"hu"},{"@type":"WebPage","@id":"https:\/\/dorogimedence.hu\/index.php\/2025\/05\/14\/a-richter-dorogi-gyaregysegenel-tett-latogatast-czunyine-dr-bertalan-judit-allamtitkar\/","url":"https:\/\/dorogimedence.hu\/index.php\/2025\/05\/14\/a-richter-dorogi-gyaregysegenel-tett-latogatast-czunyine-dr-bertalan-judit-allamtitkar\/","name":"A Richter dorogi gy\u00e1regys\u00e9g\u00e9n\u00e9l tett l\u00e1togat\u00e1st Czunyin\u00e9 dr. Bertalan Judit \u00e1llamtitk\u00e1r","isPartOf":{"@id":"https:\/\/dorogimedence.hu\/#website"},"primaryImageOfPage":{"@id":"https:\/\/dorogimedence.hu\/index.php\/2025\/05\/14\/a-richter-dorogi-gyaregysegenel-tett-latogatast-czunyine-dr-bertalan-judit-allamtitkar\/#primaryimage"},"image":{"@id":"https:\/\/dorogimedence.hu\/index.php\/2025\/05\/14\/a-richter-dorogi-gyaregysegenel-tett-latogatast-czunyine-dr-bertalan-judit-allamtitkar\/#primaryimage"},"thumbnailUrl":"https:\/\/dorogimedence.hu\/wp-content\/uploads\/2025\/05\/richter-01.jpg","datePublished":"2025-05-14T14:45:24+00:00","breadcrumb":{"@id":"https:\/\/dorogimedence.hu\/index.php\/2025\/05\/14\/a-richter-dorogi-gyaregysegenel-tett-latogatast-czunyine-dr-bertalan-judit-allamtitkar\/#breadcrumb"},"inLanguage":"hu","potentialAction":[{"@type":"ReadAction","target":["https:\/\/dorogimedence.hu\/index.php\/2025\/05\/14\/a-richter-dorogi-gyaregysegenel-tett-latogatast-czunyine-dr-bertalan-judit-allamtitkar\/"]}]},{"@type":"ImageObject","inLanguage":"hu","@id":"https:\/\/dorogimedence.hu\/index.php\/2025\/05\/14\/a-richter-dorogi-gyaregysegenel-tett-latogatast-czunyine-dr-bertalan-judit-allamtitkar\/#primaryimage","url":"https:\/\/dorogimedence.hu\/wp-content\/uploads\/2025\/05\/richter-01.jpg","contentUrl":"https:\/\/dorogimedence.hu\/wp-content\/uploads\/2025\/05\/richter-01.jpg","width":1920,"height":1280},{"@type":"BreadcrumbList","@id":"https:\/\/dorogimedence.hu\/index.php\/2025\/05\/14\/a-richter-dorogi-gyaregysegenel-tett-latogatast-czunyine-dr-bertalan-judit-allamtitkar\/#breadcrumb","itemListElement":[{"@type":"ListItem","position":1,"name":"Kezd\u0151lap","item":"https:\/\/dorogimedence.hu\/"},{"@type":"ListItem","position":2,"name":"A Richter dorogi gy\u00e1regys\u00e9g\u00e9n\u00e9l tett l\u00e1togat\u00e1st Czunyin\u00e9 dr. Bertalan Judit \u00e1llamtitk\u00e1r"}]},{"@type":"WebSite","@id":"https:\/\/dorogimedence.hu\/#website","url":"https:\/\/dorogimedence.hu\/","name":"Dorogi-medence Region\u00e1lis H\u00edrport\u00e1l","description":"Dorog, Keszt\u00f6lc, Le\u00e1nyv\u00e1r, Piliscs\u00e9v, Tokod, Tokodalt\u00e1r\u00f3, Csolnok, Esztergom-kertv\u00e1ros: h\u00edrek, programok","publisher":{"@id":"https:\/\/dorogimedence.hu\/#organization"},"potentialAction":[{"@type":"SearchAction","target":{"@type":"EntryPoint","urlTemplate":"https:\/\/dorogimedence.hu\/?s={search_term_string}"},"query-input":{"@type":"PropertyValueSpecification","valueRequired":true,"valueName":"search_term_string"}}],"inLanguage":"hu"},{"@type":"Organization","@id":"https:\/\/dorogimedence.hu\/#organization","name":"Dorogi-medence Region\u00e1lis H\u00edrport\u00e1l","url":"https:\/\/dorogimedence.hu\/","logo":{"@type":"ImageObject","inLanguage":"hu","@id":"https:\/\/dorogimedence.hu\/#\/schema\/logo\/image\/","url":"https:\/\/dorogimedence.hu\/wp-content\/uploads\/2021\/04\/logo-feher-600.png","contentUrl":"https:\/\/dorogimedence.hu\/wp-content\/uploads\/2021\/04\/logo-feher-600.png","width":600,"height":100,"caption":"Dorogi-medence Region\u00e1lis H\u00edrport\u00e1l"},"image":{"@id":"https:\/\/dorogimedence.hu\/#\/schema\/logo\/image\/"},"sameAs":["https:\/\/www.facebook.com\/dorogimedence\/"]},{"@type":"Person","@id":"https:\/\/dorogimedence.hu\/#\/schema\/person\/ce6091eeb7e95ecdc87890d6aa8e0fd4","name":"dorogimedence.hu","image":{"@type":"ImageObject","inLanguage":"hu","@id":"\/\/www.gravatar.com\/avatar\/d8d45f8901aadff40a4af72c0b826f1d?s=96&#038;r=g&#038;d=mm","url":"\/\/www.gravatar.com\/avatar\/d8d45f8901aadff40a4af72c0b826f1d?s=96&#038;r=g&#038;d=mm","contentUrl":"\/\/www.gravatar.com\/avatar\/d8d45f8901aadff40a4af72c0b826f1d?s=96&#038;r=g&#038;d=mm","caption":"dorogimedence.hu"}}]}},"_links":{"self":[{"href":"https:\/\/dorogimedence.hu\/index.php\/wp-json\/wp\/v2\/posts\/71093","targetHints":{"allow":["GET"]}}],"collection":[{"href":"https:\/\/dorogimedence.hu\/index.php\/wp-json\/wp\/v2\/posts"}],"about":[{"href":"https:\/\/dorogimedence.hu\/index.php\/wp-json\/wp\/v2\/types\/post"}],"author":[{"embeddable":true,"href":"https:\/\/dorogimedence.hu\/index.php\/wp-json\/wp\/v2\/users\/1"}],"replies":[{"embeddable":true,"href":"https:\/\/dorogimedence.hu\/index.php\/wp-json\/wp\/v2\/comments?post=71093"}],"version-history":[{"count":0,"href":"https:\/\/dorogimedence.hu\/index.php\/wp-json\/wp\/v2\/posts\/71093\/revisions"}],"wp:featuredmedia":[{"embeddable":true,"href":"https:\/\/dorogimedence.hu\/index.php\/wp-json\/wp\/v2\/media\/71095"}],"wp:attachment":[{"href":"https:\/\/dorogimedence.hu\/index.php\/wp-json\/wp\/v2\/media?parent=71093"}],"wp:term":[{"taxonomy":"category","embeddable":true,"href":"https:\/\/dorogimedence.hu\/index.php\/wp-json\/wp\/v2\/categories?post=71093"},{"taxonomy":"post_tag","embeddable":true,"href":"https:\/\/dorogimedence.hu\/index.php\/wp-json\/wp\/v2\/tags?post=71093"}],"curies":[{"name":"wp","href":"https:\/\/api.w.org\/{rel}","templated":true}]}}