{"id":71040,"date":"2025-05-13T11:57:25","date_gmt":"2025-05-13T09:57:25","guid":{"rendered":"https:\/\/dorogimedence.hu\/?p=71040"},"modified":"2025-05-13T11:57:25","modified_gmt":"2025-05-13T09:57:25","slug":"a-szakmavalasztasban-segit-a-kamara","status":"publish","type":"post","link":"https:\/\/dorogimedence.hu\/index.php\/2025\/05\/13\/a-szakmavalasztasban-segit-a-kamara\/","title":{"rendered":"A szakmav\u00e1laszt\u00e1sban seg\u00edt a kamara"},"content":{"rendered":"<p><strong>V\u00e1rmegy\u00e9nk hatodikos \u00e9s hetedikes tanul\u00f3inak hirdetett szakmaismereti versenyt a Kom\u00e1rom-Esztergom V\u00e1rmegyei Kereskedelmi \u00e9s Iparkamara. A vet\u00e9lked\u0151 d\u00f6nt\u0151j\u00e9t p\u00e9nteken tartott\u00e1k Tatab\u00e1ny\u00e1n. A megm\u00e9rettet\u00e9sre tavaly 20, az id\u00e9n 49 csapat, k\u00f6zel 200 di\u00e1k nevezett a v\u00e1rmegye minden j\u00e1r\u00e1s\u00e1b\u00f3l, 16 \u00e1ltal\u00e1nos iskol\u00e1b\u00f3l.<\/strong><\/p>\n<p>A jelentkez\u0151 iskol\u00e1kb\u00f3l \u00e1ltal\u00e1ban t\u00f6bb csapat is indult a versenyen. Az I. \u00e9s II. \u00edr\u00e1sbeli fordul\u00f3 ut\u00e1n a d\u00f6nt\u0151be 8 csapat jutott, a k\u00f6vetkez\u0151 telep\u00fcl\u00e9sekr\u0151l; Alm\u00e1sf\u00fczit\u0151, Dad, D\u00e1g, Cs\u00e1sz\u00e1r, Esztergom, Piliscs\u00e9v, Tatab\u00e1nya, \u00e9s V\u00e9rtessoml\u00f3.<\/p>\n<p><img fetchpriority=\"high\" decoding=\"async\" class=\"alignnone size-full wp-image-71043\" src=\"https:\/\/dorogimedence.hu\/wp-content\/uploads\/2025\/05\/0509SzakmazzVelunkFOTO1-scaled.jpg\" alt=\"\" width=\"2560\" height=\"1707\" srcset=\"https:\/\/dorogimedence.hu\/wp-content\/uploads\/2025\/05\/0509SzakmazzVelunkFOTO1-scaled.jpg 2560w, https:\/\/dorogimedence.hu\/wp-content\/uploads\/2025\/05\/0509SzakmazzVelunkFOTO1-600x400.jpg 600w, https:\/\/dorogimedence.hu\/wp-content\/uploads\/2025\/05\/0509SzakmazzVelunkFOTO1-1920x1280.jpg 1920w, https:\/\/dorogimedence.hu\/wp-content\/uploads\/2025\/05\/0509SzakmazzVelunkFOTO1-768x512.jpg 768w, https:\/\/dorogimedence.hu\/wp-content\/uploads\/2025\/05\/0509SzakmazzVelunkFOTO1-1536x1024.jpg 1536w, https:\/\/dorogimedence.hu\/wp-content\/uploads\/2025\/05\/0509SzakmazzVelunkFOTO1-2048x1365.jpg 2048w, https:\/\/dorogimedence.hu\/wp-content\/uploads\/2025\/05\/0509SzakmazzVelunkFOTO1-150x100.jpg 150w, https:\/\/dorogimedence.hu\/wp-content\/uploads\/2025\/05\/0509SzakmazzVelunkFOTO1-450x300.jpg 450w, https:\/\/dorogimedence.hu\/wp-content\/uploads\/2025\/05\/0509SzakmazzVelunkFOTO1-1200x800.jpg 1200w, https:\/\/dorogimedence.hu\/wp-content\/uploads\/2025\/05\/0509SzakmazzVelunkFOTO1-272x182.jpg 272w\" sizes=\"(max-width: 2560px) 100vw, 2560px\" \/><\/p>\n<p>Dr. Szerencs\u00e9s L\u00e1szl\u00f3, a kamara eln\u00f6ke elmondta, a vet\u00e9lked\u0151 c\u00e9lja a tanul\u00f3k szakk\u00e9pz\u00e9ssel kapcsolatos ismereteinek b\u0151v\u00edt\u00e9se, megismerked\u00e9s a r\u00e9gi mesters\u00e9gekkel \u00e9s a jelenkor szakm\u00e1ival, valamint a di\u00e1kok \u00f6szt\u00f6n\u00f6z\u00e9se az \u00f6n\u00e1ll\u00f3 t\u00e1j\u00e9koz\u00f3d\u00e1sra, az ismeretszerz\u00e9s k\u00fcl\u00f6nb\u00f6z\u0151 form\u00e1inak alkalmaz\u00e1s\u00e1ra \u2013 mondta el a kamara eln\u00f6ke.<\/p>\n<p>Egy 25 perces \u00edr\u00e1sbeli fordul\u00f3 ut\u00e1n a d\u00f6nt\u0151 gyakorlati r\u00e9sz\u00e9ben a csapatok 8 helysz\u00ednen &#8211; 8 \u00e1gazathoz kapcsol\u00f3d\u00f3an &#8211; oldottak meg feladatokat, melyeket a Szent Borb\u00e1la K\u00f3rh\u00e1z, az E.O.N, a Palater Bt.,a Grundfos, az OTP, a Krist\u00e1ly Hotel, a Tatab\u00e1nyai Rend\u0151rkapit\u00e1nys\u00e1g \u00e9s a kamara \u00e1ll\u00edtott \u00f6ssze.<\/p>\n<p><img decoding=\"async\" class=\"alignnone size-full wp-image-71042\" src=\"https:\/\/dorogimedence.hu\/wp-content\/uploads\/2025\/05\/0509SzakmazzVelunkFOTO3-scaled.jpg\" alt=\"\" width=\"2560\" height=\"1707\" srcset=\"https:\/\/dorogimedence.hu\/wp-content\/uploads\/2025\/05\/0509SzakmazzVelunkFOTO3-scaled.jpg 2560w, https:\/\/dorogimedence.hu\/wp-content\/uploads\/2025\/05\/0509SzakmazzVelunkFOTO3-600x400.jpg 600w, https:\/\/dorogimedence.hu\/wp-content\/uploads\/2025\/05\/0509SzakmazzVelunkFOTO3-1920x1280.jpg 1920w, https:\/\/dorogimedence.hu\/wp-content\/uploads\/2025\/05\/0509SzakmazzVelunkFOTO3-768x512.jpg 768w, https:\/\/dorogimedence.hu\/wp-content\/uploads\/2025\/05\/0509SzakmazzVelunkFOTO3-1536x1024.jpg 1536w, https:\/\/dorogimedence.hu\/wp-content\/uploads\/2025\/05\/0509SzakmazzVelunkFOTO3-2048x1365.jpg 2048w, https:\/\/dorogimedence.hu\/wp-content\/uploads\/2025\/05\/0509SzakmazzVelunkFOTO3-150x100.jpg 150w, https:\/\/dorogimedence.hu\/wp-content\/uploads\/2025\/05\/0509SzakmazzVelunkFOTO3-450x300.jpg 450w, https:\/\/dorogimedence.hu\/wp-content\/uploads\/2025\/05\/0509SzakmazzVelunkFOTO3-1200x800.jpg 1200w, https:\/\/dorogimedence.hu\/wp-content\/uploads\/2025\/05\/0509SzakmazzVelunkFOTO3-272x182.jpg 272w\" sizes=\"(max-width: 2560px) 100vw, 2560px\" \/><\/p>\n<p>A verseny els\u0151 d\u00edj\u00e1t a dadi Reform\u00e1tus \u00c1ltal\u00e1nos Iskola nyerte el, m\u00e1sodik lett a tatab\u00e1nyai D\u00f3zsa Gy\u00f6rgy Sportiskola \u00c1ltal\u00e1nos Iskola, a harmadik helyet az alm\u00e1sf\u00fczit\u0151i Fekete Istv\u00e1n \u00c1ltal\u00e1nos Iskola szerezte meg.<\/p>\n<p>A kamara egyik legfontosabb feladata, hogy a p\u00e1lyav\u00e1laszt\u00e1sban seg\u00edts\u00e9k az iskol\u00e1t elv\u00e9gz\u0151ket, hogy az egy\u00e9ni k\u00e9pess\u00e9geiket kiteljes\u00edtve, a szem\u00e9lyis\u00e9g\u00fckh\u00f6z ill\u0151 m\u00f3don tanuljanak tov\u00e1bb \u00e9s ez meg\u00e9lhet\u00e9s\u00fcket is biztos\u00edtsa. Az \u00f6tlet mell\u00e9 \u00e1llva v\u00e1rmegy\u00e9nk nagyobb c\u00e9geib\u0151l t\u00f6bben szakmai ismereteikkel \u00e9s kisebb aj\u00e1nd\u00e9kokkal t\u00e1mogatt\u00e1k a rendezv\u00e9nyt \u2013 ismertette a kamara eln\u00f6ke.<\/p>\n","protected":false},"excerpt":{"rendered":"<p>V\u00e1rmegy\u00e9nk hatodikos \u00e9s hetedikes tanul\u00f3inak hirdetett szakmaismereti versenyt a Kom\u00e1rom-Esztergom V\u00e1rmegyei Kereskedelmi \u00e9s Iparkamara. A vet\u00e9lked\u0151 d\u00f6nt\u0151j\u00e9t p\u00e9nteken tartott\u00e1k Tatab\u00e1ny\u00e1n. A megm\u00e9rettet\u00e9sre tavaly 20, az id\u00e9n 49 csapat, k\u00f6zel 200 di\u00e1k nevezett a v\u00e1rmegye minden j\u00e1r\u00e1s\u00e1b\u00f3l, 16 \u00e1ltal\u00e1nos iskol\u00e1b\u00f3l. A jelentkez\u0151 iskol\u00e1kb\u00f3l \u00e1ltal\u00e1ban t\u00f6bb csapat is indult a versenyen. Az I. \u00e9s II. \u00edr\u00e1sbeli fordul\u00f3<\/p>\n","protected":false},"author":1,"featured_media":71041,"comment_status":"closed","ping_status":"closed","sticky":false,"template":"","format":"standard","meta":{"ngg_post_thumbnail":0,"footnotes":""},"categories":[3,56],"tags":[5174,4569,6890,8376],"class_list":{"0":"post-71040","1":"post","2":"type-post","3":"status-publish","4":"format-standard","5":"has-post-thumbnail","7":"category-hirek","8":"category-komarom-esztergom","9":"tag-iparkamara","10":"tag-kemkik","11":"tag-komarom-esztergom-varmegye","12":"tag-szakmavalasztas"},"yoast_head":"<!-- This site is optimized with the Yoast SEO plugin v27.4 - https:\/\/yoast.com\/product\/yoast-seo-wordpress\/ -->\n<title>A szakmav\u00e1laszt\u00e1sban seg\u00edt a kamara<\/title>\n<meta name=\"robots\" content=\"index, follow, max-snippet:-1, max-image-preview:large, max-video-preview:-1\" \/>\n<link rel=\"canonical\" href=\"https:\/\/dorogimedence.hu\/index.php\/2025\/05\/13\/a-szakmavalasztasban-segit-a-kamara\/\" class=\"yoast-seo-meta-tag\" \/>\n<meta property=\"og:locale\" content=\"hu_HU\" class=\"yoast-seo-meta-tag\" \/>\n<meta property=\"og:type\" content=\"article\" class=\"yoast-seo-meta-tag\" \/>\n<meta property=\"og:title\" content=\"A szakmav\u00e1laszt\u00e1sban seg\u00edt a kamara\" class=\"yoast-seo-meta-tag\" \/>\n<meta property=\"og:description\" content=\"V\u00e1rmegy\u00e9nk hatodikos \u00e9s hetedikes tanul\u00f3inak hirdetett szakmaismereti versenyt a Kom\u00e1rom-Esztergom V\u00e1rmegyei Kereskedelmi \u00e9s Iparkamara. A vet\u00e9lked\u0151 d\u00f6nt\u0151j\u00e9t p\u00e9nteken tartott\u00e1k Tatab\u00e1ny\u00e1n. A megm\u00e9rettet\u00e9sre tavaly 20, az id\u00e9n 49 csapat, k\u00f6zel 200 di\u00e1k nevezett a v\u00e1rmegye minden j\u00e1r\u00e1s\u00e1b\u00f3l, 16 \u00e1ltal\u00e1nos iskol\u00e1b\u00f3l. A jelentkez\u0151 iskol\u00e1kb\u00f3l \u00e1ltal\u00e1ban t\u00f6bb csapat is indult a versenyen. Az I. \u00e9s II. \u00edr\u00e1sbeli fordul\u00f3\" class=\"yoast-seo-meta-tag\" \/>\n<meta property=\"og:url\" content=\"https:\/\/dorogimedence.hu\/index.php\/2025\/05\/13\/a-szakmavalasztasban-segit-a-kamara\/\" class=\"yoast-seo-meta-tag\" \/>\n<meta property=\"og:site_name\" content=\"Dorogi-medence Region\u00e1lis H\u00edrport\u00e1l\" class=\"yoast-seo-meta-tag\" \/>\n<meta property=\"article:publisher\" content=\"https:\/\/www.facebook.com\/dorogimedence\/\" class=\"yoast-seo-meta-tag\" \/>\n<meta property=\"article:published_time\" content=\"2025-05-13T09:57:25+00:00\" class=\"yoast-seo-meta-tag\" \/>\n<meta property=\"og:image\" content=\"https:\/\/dorogimedence.hu\/wp-content\/uploads\/2025\/05\/0509SzakmazzVelunkFOTO2-scaled.jpg\" class=\"yoast-seo-meta-tag\" \/>\n\t<meta property=\"og:image:width\" content=\"2560\" class=\"yoast-seo-meta-tag\" \/>\n\t<meta property=\"og:image:height\" content=\"1772\" class=\"yoast-seo-meta-tag\" \/>\n\t<meta property=\"og:image:type\" content=\"image\/jpeg\" class=\"yoast-seo-meta-tag\" \/>\n<meta name=\"author\" content=\"dorogimedence.hu\" class=\"yoast-seo-meta-tag\" \/>\n<meta name=\"twitter:card\" content=\"summary_large_image\" class=\"yoast-seo-meta-tag\" \/>\n<meta name=\"twitter:label1\" content=\"Szerz\u0151:\" class=\"yoast-seo-meta-tag\" \/>\n\t<meta name=\"twitter:data1\" content=\"dorogimedence.hu\" class=\"yoast-seo-meta-tag\" \/>\n\t<meta name=\"twitter:label2\" content=\"Becs\u00fclt olvas\u00e1si id\u0151\" class=\"yoast-seo-meta-tag\" \/>\n\t<meta name=\"twitter:data2\" content=\"2 perc\" class=\"yoast-seo-meta-tag\" \/>\n<script type=\"application\/ld+json\" class=\"yoast-schema-graph\">{\"@context\":\"https:\\\/\\\/schema.org\",\"@graph\":[{\"@type\":\"Article\",\"@id\":\"https:\\\/\\\/dorogimedence.hu\\\/index.php\\\/2025\\\/05\\\/13\\\/a-szakmavalasztasban-segit-a-kamara\\\/#article\",\"isPartOf\":{\"@id\":\"https:\\\/\\\/dorogimedence.hu\\\/index.php\\\/2025\\\/05\\\/13\\\/a-szakmavalasztasban-segit-a-kamara\\\/\"},\"author\":{\"name\":\"dorogimedence.hu\",\"@id\":\"https:\\\/\\\/dorogimedence.hu\\\/#\\\/schema\\\/person\\\/ce6091eeb7e95ecdc87890d6aa8e0fd4\"},\"headline\":\"A szakmav\u00e1laszt\u00e1sban seg\u00edt a kamara\",\"datePublished\":\"2025-05-13T09:57:25+00:00\",\"mainEntityOfPage\":{\"@id\":\"https:\\\/\\\/dorogimedence.hu\\\/index.php\\\/2025\\\/05\\\/13\\\/a-szakmavalasztasban-segit-a-kamara\\\/\"},\"wordCount\":384,\"publisher\":{\"@id\":\"https:\\\/\\\/dorogimedence.hu\\\/#organization\"},\"image\":{\"@id\":\"https:\\\/\\\/dorogimedence.hu\\\/index.php\\\/2025\\\/05\\\/13\\\/a-szakmavalasztasban-segit-a-kamara\\\/#primaryimage\"},\"thumbnailUrl\":\"https:\\\/\\\/dorogimedence.hu\\\/wp-content\\\/uploads\\\/2025\\\/05\\\/0509SzakmazzVelunkFOTO2-scaled.jpg\",\"keywords\":[\"iparkamara\",\"KEMKIK\",\"Kom\u00e1rom-Esztergom v\u00e1rmegye\",\"szakmav\u00e1laszt\u00e1s\"],\"articleSection\":[\"H\u00edrek\",\"Kom\u00e1rom-Esztergom\"],\"inLanguage\":\"hu\"},{\"@type\":\"WebPage\",\"@id\":\"https:\\\/\\\/dorogimedence.hu\\\/index.php\\\/2025\\\/05\\\/13\\\/a-szakmavalasztasban-segit-a-kamara\\\/\",\"url\":\"https:\\\/\\\/dorogimedence.hu\\\/index.php\\\/2025\\\/05\\\/13\\\/a-szakmavalasztasban-segit-a-kamara\\\/\",\"name\":\"A szakmav\u00e1laszt\u00e1sban seg\u00edt a kamara\",\"isPartOf\":{\"@id\":\"https:\\\/\\\/dorogimedence.hu\\\/#website\"},\"primaryImageOfPage\":{\"@id\":\"https:\\\/\\\/dorogimedence.hu\\\/index.php\\\/2025\\\/05\\\/13\\\/a-szakmavalasztasban-segit-a-kamara\\\/#primaryimage\"},\"image\":{\"@id\":\"https:\\\/\\\/dorogimedence.hu\\\/index.php\\\/2025\\\/05\\\/13\\\/a-szakmavalasztasban-segit-a-kamara\\\/#primaryimage\"},\"thumbnailUrl\":\"https:\\\/\\\/dorogimedence.hu\\\/wp-content\\\/uploads\\\/2025\\\/05\\\/0509SzakmazzVelunkFOTO2-scaled.jpg\",\"datePublished\":\"2025-05-13T09:57:25+00:00\",\"breadcrumb\":{\"@id\":\"https:\\\/\\\/dorogimedence.hu\\\/index.php\\\/2025\\\/05\\\/13\\\/a-szakmavalasztasban-segit-a-kamara\\\/#breadcrumb\"},\"inLanguage\":\"hu\",\"potentialAction\":[{\"@type\":\"ReadAction\",\"target\":[\"https:\\\/\\\/dorogimedence.hu\\\/index.php\\\/2025\\\/05\\\/13\\\/a-szakmavalasztasban-segit-a-kamara\\\/\"]}]},{\"@type\":\"ImageObject\",\"inLanguage\":\"hu\",\"@id\":\"https:\\\/\\\/dorogimedence.hu\\\/index.php\\\/2025\\\/05\\\/13\\\/a-szakmavalasztasban-segit-a-kamara\\\/#primaryimage\",\"url\":\"https:\\\/\\\/dorogimedence.hu\\\/wp-content\\\/uploads\\\/2025\\\/05\\\/0509SzakmazzVelunkFOTO2-scaled.jpg\",\"contentUrl\":\"https:\\\/\\\/dorogimedence.hu\\\/wp-content\\\/uploads\\\/2025\\\/05\\\/0509SzakmazzVelunkFOTO2-scaled.jpg\",\"width\":2560,\"height\":1772},{\"@type\":\"BreadcrumbList\",\"@id\":\"https:\\\/\\\/dorogimedence.hu\\\/index.php\\\/2025\\\/05\\\/13\\\/a-szakmavalasztasban-segit-a-kamara\\\/#breadcrumb\",\"itemListElement\":[{\"@type\":\"ListItem\",\"position\":1,\"name\":\"Kezd\u0151lap\",\"item\":\"https:\\\/\\\/dorogimedence.hu\\\/\"},{\"@type\":\"ListItem\",\"position\":2,\"name\":\"A szakmav\u00e1laszt\u00e1sban seg\u00edt a kamara\"}]},{\"@type\":\"WebSite\",\"@id\":\"https:\\\/\\\/dorogimedence.hu\\\/#website\",\"url\":\"https:\\\/\\\/dorogimedence.hu\\\/\",\"name\":\"Dorogi-medence Region\u00e1lis H\u00edrport\u00e1l\",\"description\":\"Dorog, Keszt\u00f6lc, Le\u00e1nyv\u00e1r, Piliscs\u00e9v, Tokod, Tokodalt\u00e1r\u00f3, Csolnok, Esztergom-kertv\u00e1ros: h\u00edrek, programok\",\"publisher\":{\"@id\":\"https:\\\/\\\/dorogimedence.hu\\\/#organization\"},\"potentialAction\":[{\"@type\":\"SearchAction\",\"target\":{\"@type\":\"EntryPoint\",\"urlTemplate\":\"https:\\\/\\\/dorogimedence.hu\\\/?s={search_term_string}\"},\"query-input\":{\"@type\":\"PropertyValueSpecification\",\"valueRequired\":true,\"valueName\":\"search_term_string\"}}],\"inLanguage\":\"hu\"},{\"@type\":\"Organization\",\"@id\":\"https:\\\/\\\/dorogimedence.hu\\\/#organization\",\"name\":\"Dorogi-medence Region\u00e1lis H\u00edrport\u00e1l\",\"url\":\"https:\\\/\\\/dorogimedence.hu\\\/\",\"logo\":{\"@type\":\"ImageObject\",\"inLanguage\":\"hu\",\"@id\":\"https:\\\/\\\/dorogimedence.hu\\\/#\\\/schema\\\/logo\\\/image\\\/\",\"url\":\"https:\\\/\\\/dorogimedence.hu\\\/wp-content\\\/uploads\\\/2021\\\/04\\\/logo-feher-600.png\",\"contentUrl\":\"https:\\\/\\\/dorogimedence.hu\\\/wp-content\\\/uploads\\\/2021\\\/04\\\/logo-feher-600.png\",\"width\":600,\"height\":100,\"caption\":\"Dorogi-medence Region\u00e1lis H\u00edrport\u00e1l\"},\"image\":{\"@id\":\"https:\\\/\\\/dorogimedence.hu\\\/#\\\/schema\\\/logo\\\/image\\\/\"},\"sameAs\":[\"https:\\\/\\\/www.facebook.com\\\/dorogimedence\\\/\"]},{\"@type\":\"Person\",\"@id\":\"https:\\\/\\\/dorogimedence.hu\\\/#\\\/schema\\\/person\\\/ce6091eeb7e95ecdc87890d6aa8e0fd4\",\"name\":\"dorogimedence.hu\",\"image\":{\"@type\":\"ImageObject\",\"inLanguage\":\"hu\",\"@id\":\"\\\/\\\/www.gravatar.com\\\/avatar\\\/d8d45f8901aadff40a4af72c0b826f1d?s=96&#038;r=g&#038;d=mm\",\"url\":\"\\\/\\\/www.gravatar.com\\\/avatar\\\/d8d45f8901aadff40a4af72c0b826f1d?s=96&#038;r=g&#038;d=mm\",\"contentUrl\":\"\\\/\\\/www.gravatar.com\\\/avatar\\\/d8d45f8901aadff40a4af72c0b826f1d?s=96&#038;r=g&#038;d=mm\",\"caption\":\"dorogimedence.hu\"}}]}<\/script>\n<!-- \/ Yoast SEO plugin. -->","yoast_head_json":{"title":"A szakmav\u00e1laszt\u00e1sban seg\u00edt a kamara","robots":{"index":"index","follow":"follow","max-snippet":"max-snippet:-1","max-image-preview":"max-image-preview:large","max-video-preview":"max-video-preview:-1"},"canonical":"https:\/\/dorogimedence.hu\/index.php\/2025\/05\/13\/a-szakmavalasztasban-segit-a-kamara\/","og_locale":"hu_HU","og_type":"article","og_title":"A szakmav\u00e1laszt\u00e1sban seg\u00edt a kamara","og_description":"V\u00e1rmegy\u00e9nk hatodikos \u00e9s hetedikes tanul\u00f3inak hirdetett szakmaismereti versenyt a Kom\u00e1rom-Esztergom V\u00e1rmegyei Kereskedelmi \u00e9s Iparkamara. A vet\u00e9lked\u0151 d\u00f6nt\u0151j\u00e9t p\u00e9nteken tartott\u00e1k Tatab\u00e1ny\u00e1n. A megm\u00e9rettet\u00e9sre tavaly 20, az id\u00e9n 49 csapat, k\u00f6zel 200 di\u00e1k nevezett a v\u00e1rmegye minden j\u00e1r\u00e1s\u00e1b\u00f3l, 16 \u00e1ltal\u00e1nos iskol\u00e1b\u00f3l. A jelentkez\u0151 iskol\u00e1kb\u00f3l \u00e1ltal\u00e1ban t\u00f6bb csapat is indult a versenyen. Az I. \u00e9s II. \u00edr\u00e1sbeli fordul\u00f3","og_url":"https:\/\/dorogimedence.hu\/index.php\/2025\/05\/13\/a-szakmavalasztasban-segit-a-kamara\/","og_site_name":"Dorogi-medence Region\u00e1lis H\u00edrport\u00e1l","article_publisher":"https:\/\/www.facebook.com\/dorogimedence\/","article_published_time":"2025-05-13T09:57:25+00:00","og_image":[{"width":2560,"height":1772,"url":"https:\/\/dorogimedence.hu\/wp-content\/uploads\/2025\/05\/0509SzakmazzVelunkFOTO2-scaled.jpg","type":"image\/jpeg"}],"author":"dorogimedence.hu","twitter_card":"summary_large_image","twitter_misc":{"Szerz\u0151:":"dorogimedence.hu","Becs\u00fclt olvas\u00e1si id\u0151":"2 perc"},"schema":{"@context":"https:\/\/schema.org","@graph":[{"@type":"Article","@id":"https:\/\/dorogimedence.hu\/index.php\/2025\/05\/13\/a-szakmavalasztasban-segit-a-kamara\/#article","isPartOf":{"@id":"https:\/\/dorogimedence.hu\/index.php\/2025\/05\/13\/a-szakmavalasztasban-segit-a-kamara\/"},"author":{"name":"dorogimedence.hu","@id":"https:\/\/dorogimedence.hu\/#\/schema\/person\/ce6091eeb7e95ecdc87890d6aa8e0fd4"},"headline":"A szakmav\u00e1laszt\u00e1sban seg\u00edt a kamara","datePublished":"2025-05-13T09:57:25+00:00","mainEntityOfPage":{"@id":"https:\/\/dorogimedence.hu\/index.php\/2025\/05\/13\/a-szakmavalasztasban-segit-a-kamara\/"},"wordCount":384,"publisher":{"@id":"https:\/\/dorogimedence.hu\/#organization"},"image":{"@id":"https:\/\/dorogimedence.hu\/index.php\/2025\/05\/13\/a-szakmavalasztasban-segit-a-kamara\/#primaryimage"},"thumbnailUrl":"https:\/\/dorogimedence.hu\/wp-content\/uploads\/2025\/05\/0509SzakmazzVelunkFOTO2-scaled.jpg","keywords":["iparkamara","KEMKIK","Kom\u00e1rom-Esztergom v\u00e1rmegye","szakmav\u00e1laszt\u00e1s"],"articleSection":["H\u00edrek","Kom\u00e1rom-Esztergom"],"inLanguage":"hu"},{"@type":"WebPage","@id":"https:\/\/dorogimedence.hu\/index.php\/2025\/05\/13\/a-szakmavalasztasban-segit-a-kamara\/","url":"https:\/\/dorogimedence.hu\/index.php\/2025\/05\/13\/a-szakmavalasztasban-segit-a-kamara\/","name":"A szakmav\u00e1laszt\u00e1sban seg\u00edt a kamara","isPartOf":{"@id":"https:\/\/dorogimedence.hu\/#website"},"primaryImageOfPage":{"@id":"https:\/\/dorogimedence.hu\/index.php\/2025\/05\/13\/a-szakmavalasztasban-segit-a-kamara\/#primaryimage"},"image":{"@id":"https:\/\/dorogimedence.hu\/index.php\/2025\/05\/13\/a-szakmavalasztasban-segit-a-kamara\/#primaryimage"},"thumbnailUrl":"https:\/\/dorogimedence.hu\/wp-content\/uploads\/2025\/05\/0509SzakmazzVelunkFOTO2-scaled.jpg","datePublished":"2025-05-13T09:57:25+00:00","breadcrumb":{"@id":"https:\/\/dorogimedence.hu\/index.php\/2025\/05\/13\/a-szakmavalasztasban-segit-a-kamara\/#breadcrumb"},"inLanguage":"hu","potentialAction":[{"@type":"ReadAction","target":["https:\/\/dorogimedence.hu\/index.php\/2025\/05\/13\/a-szakmavalasztasban-segit-a-kamara\/"]}]},{"@type":"ImageObject","inLanguage":"hu","@id":"https:\/\/dorogimedence.hu\/index.php\/2025\/05\/13\/a-szakmavalasztasban-segit-a-kamara\/#primaryimage","url":"https:\/\/dorogimedence.hu\/wp-content\/uploads\/2025\/05\/0509SzakmazzVelunkFOTO2-scaled.jpg","contentUrl":"https:\/\/dorogimedence.hu\/wp-content\/uploads\/2025\/05\/0509SzakmazzVelunkFOTO2-scaled.jpg","width":2560,"height":1772},{"@type":"BreadcrumbList","@id":"https:\/\/dorogimedence.hu\/index.php\/2025\/05\/13\/a-szakmavalasztasban-segit-a-kamara\/#breadcrumb","itemListElement":[{"@type":"ListItem","position":1,"name":"Kezd\u0151lap","item":"https:\/\/dorogimedence.hu\/"},{"@type":"ListItem","position":2,"name":"A szakmav\u00e1laszt\u00e1sban seg\u00edt a kamara"}]},{"@type":"WebSite","@id":"https:\/\/dorogimedence.hu\/#website","url":"https:\/\/dorogimedence.hu\/","name":"Dorogi-medence Region\u00e1lis H\u00edrport\u00e1l","description":"Dorog, Keszt\u00f6lc, Le\u00e1nyv\u00e1r, Piliscs\u00e9v, Tokod, Tokodalt\u00e1r\u00f3, Csolnok, Esztergom-kertv\u00e1ros: h\u00edrek, programok","publisher":{"@id":"https:\/\/dorogimedence.hu\/#organization"},"potentialAction":[{"@type":"SearchAction","target":{"@type":"EntryPoint","urlTemplate":"https:\/\/dorogimedence.hu\/?s={search_term_string}"},"query-input":{"@type":"PropertyValueSpecification","valueRequired":true,"valueName":"search_term_string"}}],"inLanguage":"hu"},{"@type":"Organization","@id":"https:\/\/dorogimedence.hu\/#organization","name":"Dorogi-medence Region\u00e1lis H\u00edrport\u00e1l","url":"https:\/\/dorogimedence.hu\/","logo":{"@type":"ImageObject","inLanguage":"hu","@id":"https:\/\/dorogimedence.hu\/#\/schema\/logo\/image\/","url":"https:\/\/dorogimedence.hu\/wp-content\/uploads\/2021\/04\/logo-feher-600.png","contentUrl":"https:\/\/dorogimedence.hu\/wp-content\/uploads\/2021\/04\/logo-feher-600.png","width":600,"height":100,"caption":"Dorogi-medence Region\u00e1lis H\u00edrport\u00e1l"},"image":{"@id":"https:\/\/dorogimedence.hu\/#\/schema\/logo\/image\/"},"sameAs":["https:\/\/www.facebook.com\/dorogimedence\/"]},{"@type":"Person","@id":"https:\/\/dorogimedence.hu\/#\/schema\/person\/ce6091eeb7e95ecdc87890d6aa8e0fd4","name":"dorogimedence.hu","image":{"@type":"ImageObject","inLanguage":"hu","@id":"\/\/www.gravatar.com\/avatar\/d8d45f8901aadff40a4af72c0b826f1d?s=96&#038;r=g&#038;d=mm","url":"\/\/www.gravatar.com\/avatar\/d8d45f8901aadff40a4af72c0b826f1d?s=96&#038;r=g&#038;d=mm","contentUrl":"\/\/www.gravatar.com\/avatar\/d8d45f8901aadff40a4af72c0b826f1d?s=96&#038;r=g&#038;d=mm","caption":"dorogimedence.hu"}}]}},"_links":{"self":[{"href":"https:\/\/dorogimedence.hu\/index.php\/wp-json\/wp\/v2\/posts\/71040","targetHints":{"allow":["GET"]}}],"collection":[{"href":"https:\/\/dorogimedence.hu\/index.php\/wp-json\/wp\/v2\/posts"}],"about":[{"href":"https:\/\/dorogimedence.hu\/index.php\/wp-json\/wp\/v2\/types\/post"}],"author":[{"embeddable":true,"href":"https:\/\/dorogimedence.hu\/index.php\/wp-json\/wp\/v2\/users\/1"}],"replies":[{"embeddable":true,"href":"https:\/\/dorogimedence.hu\/index.php\/wp-json\/wp\/v2\/comments?post=71040"}],"version-history":[{"count":0,"href":"https:\/\/dorogimedence.hu\/index.php\/wp-json\/wp\/v2\/posts\/71040\/revisions"}],"wp:featuredmedia":[{"embeddable":true,"href":"https:\/\/dorogimedence.hu\/index.php\/wp-json\/wp\/v2\/media\/71041"}],"wp:attachment":[{"href":"https:\/\/dorogimedence.hu\/index.php\/wp-json\/wp\/v2\/media?parent=71040"}],"wp:term":[{"taxonomy":"category","embeddable":true,"href":"https:\/\/dorogimedence.hu\/index.php\/wp-json\/wp\/v2\/categories?post=71040"},{"taxonomy":"post_tag","embeddable":true,"href":"https:\/\/dorogimedence.hu\/index.php\/wp-json\/wp\/v2\/tags?post=71040"}],"curies":[{"name":"wp","href":"https:\/\/api.w.org\/{rel}","templated":true}]}}