{"id":70986,"date":"2025-05-12T10:07:25","date_gmt":"2025-05-12T08:07:25","guid":{"rendered":"https:\/\/dorogimedence.hu\/?p=70986"},"modified":"2025-05-12T10:08:51","modified_gmt":"2025-05-12T08:08:51","slug":"vegig-vezetve-nyert-az-esztergom-a-mosonmagyarovar-ellen","status":"publish","type":"post","link":"https:\/\/dorogimedence.hu\/index.php\/2025\/05\/12\/vegig-vezetve-nyert-az-esztergom-a-mosonmagyarovar-ellen\/","title":{"rendered":"V\u00e9gig vezetve nyert az Esztergom a Mosonmagyar\u00f3v\u00e1r ellen"},"content":{"rendered":"<p><strong>A n\u0151i k\u00e9zilabda NB I 24. fordul\u00f3j\u00e1ban az Esztergom 35\u201330-ra legy\u0151zte a Mosonmagyar\u00f3v\u00e1rt m\u00e1jus 10-\u00e9n, szombaton a Suzuki Ar\u00e9n\u00e1ban<\/strong> <em>&#8211; \u00edrja a <a href=\"https:\/\/www.nemzetisport.hu\/kezilabda\/2025\/05\/vegig-vezetve-nyert-az-esztergom-a-mosonmagyarovar-ellen\" target=\"_blank\" rel=\"noopener\"><span style=\"text-decoration: underline; color: #0000ff;\">Nemzeti Sport<\/span><\/a>.<\/em><\/p>\n<p>A Esztergom kapuj\u00e1ban Herczeg Lili 41 sz\u00e1zal\u00e9kkal v\u00e9dett, 32 l\u00f6v\u00e9sb\u0151l 13-at h\u00e1r\u00edtott. El\u00f6l els\u0151sorban Kov\u00e1cs Anett \u00e9s Farag\u00f3 Lea gondoskodott a g\u00f3lokr\u00f3l, el\u0151bbi hat, ut\u00f3bbi kilencszer tal\u00e1lt a kapuba. A Mosonmagyar\u00f3v\u00e1rban Horv\u00e1th Szofi \u00f6tven sz\u00e1zal\u00e9kkal v\u00e9dett, \u00e1m csak 16 percet j\u00e1tszott. Ines Ivancok 11 g\u00f3lt termelt, de m\u00e1s csapatt\u00e1rsa nem tudott ennyit el\u00e9rni. Az Esztergom tov\u00e1bbra is nagy harcban van a DVSC-vel a bronz\u00e9rem\u00e9rt.<\/p>\n<p><strong>N\u0150I K\u00c9ZILABDA NB I &#8211; <\/strong><strong>24. FORDUL\u00d3<\/strong><br \/>\n<strong>MOL ESZTERGOM\u2013MOTHERSON MOSONMAGYAR\u00d3V\u00c1RI KC 35\u201330 <\/strong>(19\u201316)<br \/>\n<strong>Esztergom, 640 <\/strong>n\u00e9z\u0151. <strong>V: <\/strong>Nagy F., T\u00far\u00f3czy<br \/>\n<strong>ESZTERGOM:<\/strong> HERCZEG L. \u2013 KOV\u00c1CS ANETT <strong>6,<\/strong> Majoros <strong>1,<\/strong> Kisfaludy, FARAG\u00d3 LEA <strong>9 (4),<\/strong> SZUCS\u00c1NSZKI <strong>5,<\/strong> Hajtai <strong>3. Csere: <\/strong>T\u00f3th N. (kapus), BALLAI B. <strong>4, <\/strong>Mlink\u00f3 <strong>1,<\/strong> K\u00c1RM\u00c1N <strong>5, <\/strong>Ballai A. <strong>1, <\/strong>Horv\u00e1th F., Tepl\u00e1n. <strong>Edz\u0151: <\/strong>Elek G\u00e1bor<br \/>\n<strong>MOSONMAGYAR\u00d3V\u00c1R: <\/strong>Halter \u2013 Falusi-Udvardi <strong>1,<\/strong> Lancz <strong>1,<\/strong> T\u00f3th G. <strong>3,<\/strong> WOLFS <strong>4,<\/strong> IVANCOK-SOLTIC <strong>11 (4), <\/strong>Magyar F. <strong>Csere: <\/strong>Martins, HORV\u00c1TH SZ. (kapus), KUKELY <strong>4, <\/strong>T\u00f3th E.<strong> 1, <\/strong>Varga E. <strong>1, <\/strong>Farag\u00f3 Luca <strong>4. Edz\u0151: <\/strong>Stranigg Ferenc<br \/>\n<strong>Az eredm\u00e9ny alakul\u00e1sa. 6. perc: <\/strong>5\u20132. <strong>13. p.: <\/strong>11\u20135. <strong>21. p.: <\/strong>12\u201310. <strong>28. p.: <\/strong>17\u201314. <strong>36. p.: <\/strong>25\u201318. <strong>44. p.: <\/strong>29\u201319. <strong>49. p.: <\/strong>29\u201322. <strong>56. p.: <\/strong>32\u201326<br \/>\n<strong>Ki\u00e1ll\u00edt\u00e1sok: <\/strong>4, ill. 12 perc<br \/>\n<strong>H\u00e9tm\u00e9teresek: <\/strong>4\/4, ill. 5\/4<\/p>\n<p><strong>MESTERM\u00c9RLEG<\/strong><br \/>\n<strong>Elek G\u00e1bor: \u2013<\/strong> M\u00e9g nehezen tudjuk felvenni a sebess\u00e9get a kispadr\u00f3l, ez\u00e9rt nem sz\u00edvesen cser\u00e9lek addig, am\u00edg nagyobb el\u0151nyben nem vagyunk. Nagyon \u201ef\u00e1ztam\u201d ett\u0151l a meccst\u0151l, mert tudom, milyen fizikai \u00e1llapotban vagyunk, r\u00e1ad\u00e1sul meg is fogyatkoztunk, \u00edgy t\u00e1rolni kell az energi\u00e1kat. A k\u00f6vetkez\u0151 k\u00e9t meccset meg kell nyern\u00fcnk, \u00e9s akkor egy \u00e1lom v\u00e1lhat val\u00f3ra.<br \/>\n<strong>Stranigg Ferenc: \u2013<\/strong> Kicsit hull\u00e1mz\u00f3 volt a j\u00e1t\u00e9kunk t\u00e1mad\u00e1sban \u00e9s v\u00e9dekez\u00e9sben v\u00e9gig. Gyeng\u00e9bb kezd\u00e9s ut\u00e1n felvett\u00fck a ritmust, de sok\u00e1ig hi\u00e1nyzott a j\u00f3 kapusteljes\u00edtm\u00e9ny, nem v\u00e9letlen\u00fcl cser\u00e9ltem annyit, mert olyan helyzetekb\u0151l kaptunk g\u00f3lokat, amilyenekre pedig k\u00e9sz\u00fclt\u00fcnk. Visszaj\u00f6tt\u00fcnk a meccsbe, de sajnos nem tudtuk megford\u00edtani.<\/p>\n<p><em>Forr\u00e1s: nemzetisport.hu<\/em><br \/>\n<em>Bor\u00edt\u00f3k\u00e9p: Esztergom Handball<\/em><\/p>\n","protected":false},"excerpt":{"rendered":"<p>A n\u0151i k\u00e9zilabda NB I 24. fordul\u00f3j\u00e1ban az Esztergom 35\u201330-ra legy\u0151zte a Mosonmagyar\u00f3v\u00e1rt m\u00e1jus 10-\u00e9n, szombaton a Suzuki Ar\u00e9n\u00e1ban &#8211; \u00edrja a Nemzeti Sport. A Esztergom kapuj\u00e1ban Herczeg Lili 41 sz\u00e1zal\u00e9kkal v\u00e9dett, 32 l\u00f6v\u00e9sb\u0151l 13-at h\u00e1r\u00edtott. El\u00f6l els\u0151sorban Kov\u00e1cs Anett \u00e9s Farag\u00f3 Lea gondoskodott a g\u00f3lokr\u00f3l, el\u0151bbi hat, ut\u00f3bbi kilencszer tal\u00e1lt a kapuba. A Mosonmagyar\u00f3v\u00e1rban<\/p>\n","protected":false},"author":1,"featured_media":70987,"comment_status":"closed","ping_status":"closed","sticky":false,"template":"","format":"standard","meta":{"ngg_post_thumbnail":0,"footnotes":""},"categories":[38,3,5],"tags":[42,5624,355,8025,479,7855,16],"class_list":{"0":"post-70986","1":"post","2":"type-post","3":"status-publish","4":"format-standard","5":"has-post-thumbnail","7":"category-esztergom","8":"category-hirek","9":"category-sport","10":"tag-esztergom","11":"tag-featured","12":"tag-kezilabda","13":"tag-mol-esztergom","14":"tag-mosonmagyarovar","15":"tag-nb-i","16":"tag-sport"},"yoast_head":"<!-- This site is optimized with the Yoast SEO plugin v27.4 - https:\/\/yoast.com\/product\/yoast-seo-wordpress\/ -->\n<title>V\u00e9gig vezetve nyert az Esztergom a Mosonmagyar\u00f3v\u00e1r ellen<\/title>\n<meta name=\"robots\" content=\"index, follow, max-snippet:-1, max-image-preview:large, max-video-preview:-1\" \/>\n<link rel=\"canonical\" href=\"https:\/\/dorogimedence.hu\/index.php\/2025\/05\/12\/vegig-vezetve-nyert-az-esztergom-a-mosonmagyarovar-ellen\/\" class=\"yoast-seo-meta-tag\" \/>\n<meta property=\"og:locale\" content=\"hu_HU\" class=\"yoast-seo-meta-tag\" \/>\n<meta property=\"og:type\" content=\"article\" class=\"yoast-seo-meta-tag\" \/>\n<meta property=\"og:title\" content=\"V\u00e9gig vezetve nyert az Esztergom a Mosonmagyar\u00f3v\u00e1r ellen\" class=\"yoast-seo-meta-tag\" \/>\n<meta property=\"og:description\" content=\"A n\u0151i k\u00e9zilabda NB I 24. fordul\u00f3j\u00e1ban az Esztergom 35\u201330-ra legy\u0151zte a Mosonmagyar\u00f3v\u00e1rt m\u00e1jus 10-\u00e9n, szombaton a Suzuki Ar\u00e9n\u00e1ban &#8211; \u00edrja a Nemzeti Sport. A Esztergom kapuj\u00e1ban Herczeg Lili 41 sz\u00e1zal\u00e9kkal v\u00e9dett, 32 l\u00f6v\u00e9sb\u0151l 13-at h\u00e1r\u00edtott. El\u00f6l els\u0151sorban Kov\u00e1cs Anett \u00e9s Farag\u00f3 Lea gondoskodott a g\u00f3lokr\u00f3l, el\u0151bbi hat, ut\u00f3bbi kilencszer tal\u00e1lt a kapuba. A Mosonmagyar\u00f3v\u00e1rban\" class=\"yoast-seo-meta-tag\" \/>\n<meta property=\"og:url\" content=\"https:\/\/dorogimedence.hu\/index.php\/2025\/05\/12\/vegig-vezetve-nyert-az-esztergom-a-mosonmagyarovar-ellen\/\" class=\"yoast-seo-meta-tag\" \/>\n<meta property=\"og:site_name\" content=\"Dorogi-medence Region\u00e1lis H\u00edrport\u00e1l\" class=\"yoast-seo-meta-tag\" \/>\n<meta property=\"article:publisher\" content=\"https:\/\/www.facebook.com\/dorogimedence\/\" class=\"yoast-seo-meta-tag\" \/>\n<meta property=\"article:published_time\" content=\"2025-05-12T08:07:25+00:00\" class=\"yoast-seo-meta-tag\" \/>\n<meta property=\"article:modified_time\" content=\"2025-05-12T08:08:51+00:00\" class=\"yoast-seo-meta-tag\" \/>\n<meta property=\"og:image\" content=\"https:\/\/dorogimedence.hu\/wp-content\/uploads\/2025\/05\/497489455_122140774328402307_8159355653690652773_n.jpg\" class=\"yoast-seo-meta-tag\" \/>\n\t<meta property=\"og:image:width\" content=\"2048\" class=\"yoast-seo-meta-tag\" \/>\n\t<meta property=\"og:image:height\" content=\"1152\" class=\"yoast-seo-meta-tag\" \/>\n\t<meta property=\"og:image:type\" content=\"image\/jpeg\" class=\"yoast-seo-meta-tag\" \/>\n<meta name=\"author\" content=\"dorogimedence.hu\" class=\"yoast-seo-meta-tag\" \/>\n<meta name=\"twitter:card\" content=\"summary_large_image\" class=\"yoast-seo-meta-tag\" \/>\n<meta name=\"twitter:label1\" content=\"Szerz\u0151:\" class=\"yoast-seo-meta-tag\" \/>\n\t<meta name=\"twitter:data1\" content=\"dorogimedence.hu\" class=\"yoast-seo-meta-tag\" \/>\n\t<meta name=\"twitter:label2\" content=\"Becs\u00fclt olvas\u00e1si id\u0151\" class=\"yoast-seo-meta-tag\" \/>\n\t<meta name=\"twitter:data2\" content=\"2 perc\" class=\"yoast-seo-meta-tag\" \/>\n<script type=\"application\/ld+json\" class=\"yoast-schema-graph\">{\"@context\":\"https:\\\/\\\/schema.org\",\"@graph\":[{\"@type\":\"Article\",\"@id\":\"https:\\\/\\\/dorogimedence.hu\\\/index.php\\\/2025\\\/05\\\/12\\\/vegig-vezetve-nyert-az-esztergom-a-mosonmagyarovar-ellen\\\/#article\",\"isPartOf\":{\"@id\":\"https:\\\/\\\/dorogimedence.hu\\\/index.php\\\/2025\\\/05\\\/12\\\/vegig-vezetve-nyert-az-esztergom-a-mosonmagyarovar-ellen\\\/\"},\"author\":{\"name\":\"dorogimedence.hu\",\"@id\":\"https:\\\/\\\/dorogimedence.hu\\\/#\\\/schema\\\/person\\\/ce6091eeb7e95ecdc87890d6aa8e0fd4\"},\"headline\":\"V\u00e9gig vezetve nyert az Esztergom a Mosonmagyar\u00f3v\u00e1r ellen\",\"datePublished\":\"2025-05-12T08:07:25+00:00\",\"dateModified\":\"2025-05-12T08:08:51+00:00\",\"mainEntityOfPage\":{\"@id\":\"https:\\\/\\\/dorogimedence.hu\\\/index.php\\\/2025\\\/05\\\/12\\\/vegig-vezetve-nyert-az-esztergom-a-mosonmagyarovar-ellen\\\/\"},\"wordCount\":404,\"publisher\":{\"@id\":\"https:\\\/\\\/dorogimedence.hu\\\/#organization\"},\"image\":{\"@id\":\"https:\\\/\\\/dorogimedence.hu\\\/index.php\\\/2025\\\/05\\\/12\\\/vegig-vezetve-nyert-az-esztergom-a-mosonmagyarovar-ellen\\\/#primaryimage\"},\"thumbnailUrl\":\"https:\\\/\\\/dorogimedence.hu\\\/wp-content\\\/uploads\\\/2025\\\/05\\\/497489455_122140774328402307_8159355653690652773_n.jpg\",\"keywords\":[\"esztergom\",\"featured\",\"k\u00e9zilabda\",\"Mol Esztergom\",\"Mosonmagyar\u00f3v\u00e1r\",\"NB I\",\"sport\"],\"articleSection\":[\"Esztergom\",\"H\u00edrek\",\"Sport\"],\"inLanguage\":\"hu\"},{\"@type\":\"WebPage\",\"@id\":\"https:\\\/\\\/dorogimedence.hu\\\/index.php\\\/2025\\\/05\\\/12\\\/vegig-vezetve-nyert-az-esztergom-a-mosonmagyarovar-ellen\\\/\",\"url\":\"https:\\\/\\\/dorogimedence.hu\\\/index.php\\\/2025\\\/05\\\/12\\\/vegig-vezetve-nyert-az-esztergom-a-mosonmagyarovar-ellen\\\/\",\"name\":\"V\u00e9gig vezetve nyert az Esztergom a Mosonmagyar\u00f3v\u00e1r ellen\",\"isPartOf\":{\"@id\":\"https:\\\/\\\/dorogimedence.hu\\\/#website\"},\"primaryImageOfPage\":{\"@id\":\"https:\\\/\\\/dorogimedence.hu\\\/index.php\\\/2025\\\/05\\\/12\\\/vegig-vezetve-nyert-az-esztergom-a-mosonmagyarovar-ellen\\\/#primaryimage\"},\"image\":{\"@id\":\"https:\\\/\\\/dorogimedence.hu\\\/index.php\\\/2025\\\/05\\\/12\\\/vegig-vezetve-nyert-az-esztergom-a-mosonmagyarovar-ellen\\\/#primaryimage\"},\"thumbnailUrl\":\"https:\\\/\\\/dorogimedence.hu\\\/wp-content\\\/uploads\\\/2025\\\/05\\\/497489455_122140774328402307_8159355653690652773_n.jpg\",\"datePublished\":\"2025-05-12T08:07:25+00:00\",\"dateModified\":\"2025-05-12T08:08:51+00:00\",\"breadcrumb\":{\"@id\":\"https:\\\/\\\/dorogimedence.hu\\\/index.php\\\/2025\\\/05\\\/12\\\/vegig-vezetve-nyert-az-esztergom-a-mosonmagyarovar-ellen\\\/#breadcrumb\"},\"inLanguage\":\"hu\",\"potentialAction\":[{\"@type\":\"ReadAction\",\"target\":[\"https:\\\/\\\/dorogimedence.hu\\\/index.php\\\/2025\\\/05\\\/12\\\/vegig-vezetve-nyert-az-esztergom-a-mosonmagyarovar-ellen\\\/\"]}]},{\"@type\":\"ImageObject\",\"inLanguage\":\"hu\",\"@id\":\"https:\\\/\\\/dorogimedence.hu\\\/index.php\\\/2025\\\/05\\\/12\\\/vegig-vezetve-nyert-az-esztergom-a-mosonmagyarovar-ellen\\\/#primaryimage\",\"url\":\"https:\\\/\\\/dorogimedence.hu\\\/wp-content\\\/uploads\\\/2025\\\/05\\\/497489455_122140774328402307_8159355653690652773_n.jpg\",\"contentUrl\":\"https:\\\/\\\/dorogimedence.hu\\\/wp-content\\\/uploads\\\/2025\\\/05\\\/497489455_122140774328402307_8159355653690652773_n.jpg\",\"width\":2048,\"height\":1152},{\"@type\":\"BreadcrumbList\",\"@id\":\"https:\\\/\\\/dorogimedence.hu\\\/index.php\\\/2025\\\/05\\\/12\\\/vegig-vezetve-nyert-az-esztergom-a-mosonmagyarovar-ellen\\\/#breadcrumb\",\"itemListElement\":[{\"@type\":\"ListItem\",\"position\":1,\"name\":\"Kezd\u0151lap\",\"item\":\"https:\\\/\\\/dorogimedence.hu\\\/\"},{\"@type\":\"ListItem\",\"position\":2,\"name\":\"V\u00e9gig vezetve nyert az Esztergom a Mosonmagyar\u00f3v\u00e1r ellen\"}]},{\"@type\":\"WebSite\",\"@id\":\"https:\\\/\\\/dorogimedence.hu\\\/#website\",\"url\":\"https:\\\/\\\/dorogimedence.hu\\\/\",\"name\":\"Dorogi-medence Region\u00e1lis H\u00edrport\u00e1l\",\"description\":\"Dorog, Keszt\u00f6lc, Le\u00e1nyv\u00e1r, Piliscs\u00e9v, Tokod, Tokodalt\u00e1r\u00f3, Csolnok, Esztergom-kertv\u00e1ros: h\u00edrek, programok\",\"publisher\":{\"@id\":\"https:\\\/\\\/dorogimedence.hu\\\/#organization\"},\"potentialAction\":[{\"@type\":\"SearchAction\",\"target\":{\"@type\":\"EntryPoint\",\"urlTemplate\":\"https:\\\/\\\/dorogimedence.hu\\\/?s={search_term_string}\"},\"query-input\":{\"@type\":\"PropertyValueSpecification\",\"valueRequired\":true,\"valueName\":\"search_term_string\"}}],\"inLanguage\":\"hu\"},{\"@type\":\"Organization\",\"@id\":\"https:\\\/\\\/dorogimedence.hu\\\/#organization\",\"name\":\"Dorogi-medence Region\u00e1lis H\u00edrport\u00e1l\",\"url\":\"https:\\\/\\\/dorogimedence.hu\\\/\",\"logo\":{\"@type\":\"ImageObject\",\"inLanguage\":\"hu\",\"@id\":\"https:\\\/\\\/dorogimedence.hu\\\/#\\\/schema\\\/logo\\\/image\\\/\",\"url\":\"https:\\\/\\\/dorogimedence.hu\\\/wp-content\\\/uploads\\\/2021\\\/04\\\/logo-feher-600.png\",\"contentUrl\":\"https:\\\/\\\/dorogimedence.hu\\\/wp-content\\\/uploads\\\/2021\\\/04\\\/logo-feher-600.png\",\"width\":600,\"height\":100,\"caption\":\"Dorogi-medence Region\u00e1lis H\u00edrport\u00e1l\"},\"image\":{\"@id\":\"https:\\\/\\\/dorogimedence.hu\\\/#\\\/schema\\\/logo\\\/image\\\/\"},\"sameAs\":[\"https:\\\/\\\/www.facebook.com\\\/dorogimedence\\\/\"]},{\"@type\":\"Person\",\"@id\":\"https:\\\/\\\/dorogimedence.hu\\\/#\\\/schema\\\/person\\\/ce6091eeb7e95ecdc87890d6aa8e0fd4\",\"name\":\"dorogimedence.hu\",\"image\":{\"@type\":\"ImageObject\",\"inLanguage\":\"hu\",\"@id\":\"\\\/\\\/www.gravatar.com\\\/avatar\\\/d8d45f8901aadff40a4af72c0b826f1d?s=96&#038;r=g&#038;d=mm\",\"url\":\"\\\/\\\/www.gravatar.com\\\/avatar\\\/d8d45f8901aadff40a4af72c0b826f1d?s=96&#038;r=g&#038;d=mm\",\"contentUrl\":\"\\\/\\\/www.gravatar.com\\\/avatar\\\/d8d45f8901aadff40a4af72c0b826f1d?s=96&#038;r=g&#038;d=mm\",\"caption\":\"dorogimedence.hu\"}}]}<\/script>\n<!-- \/ Yoast SEO plugin. -->","yoast_head_json":{"title":"V\u00e9gig vezetve nyert az Esztergom a Mosonmagyar\u00f3v\u00e1r ellen","robots":{"index":"index","follow":"follow","max-snippet":"max-snippet:-1","max-image-preview":"max-image-preview:large","max-video-preview":"max-video-preview:-1"},"canonical":"https:\/\/dorogimedence.hu\/index.php\/2025\/05\/12\/vegig-vezetve-nyert-az-esztergom-a-mosonmagyarovar-ellen\/","og_locale":"hu_HU","og_type":"article","og_title":"V\u00e9gig vezetve nyert az Esztergom a Mosonmagyar\u00f3v\u00e1r ellen","og_description":"A n\u0151i k\u00e9zilabda NB I 24. fordul\u00f3j\u00e1ban az Esztergom 35\u201330-ra legy\u0151zte a Mosonmagyar\u00f3v\u00e1rt m\u00e1jus 10-\u00e9n, szombaton a Suzuki Ar\u00e9n\u00e1ban &#8211; \u00edrja a Nemzeti Sport. A Esztergom kapuj\u00e1ban Herczeg Lili 41 sz\u00e1zal\u00e9kkal v\u00e9dett, 32 l\u00f6v\u00e9sb\u0151l 13-at h\u00e1r\u00edtott. El\u00f6l els\u0151sorban Kov\u00e1cs Anett \u00e9s Farag\u00f3 Lea gondoskodott a g\u00f3lokr\u00f3l, el\u0151bbi hat, ut\u00f3bbi kilencszer tal\u00e1lt a kapuba. A Mosonmagyar\u00f3v\u00e1rban","og_url":"https:\/\/dorogimedence.hu\/index.php\/2025\/05\/12\/vegig-vezetve-nyert-az-esztergom-a-mosonmagyarovar-ellen\/","og_site_name":"Dorogi-medence Region\u00e1lis H\u00edrport\u00e1l","article_publisher":"https:\/\/www.facebook.com\/dorogimedence\/","article_published_time":"2025-05-12T08:07:25+00:00","article_modified_time":"2025-05-12T08:08:51+00:00","og_image":[{"width":2048,"height":1152,"url":"https:\/\/dorogimedence.hu\/wp-content\/uploads\/2025\/05\/497489455_122140774328402307_8159355653690652773_n.jpg","type":"image\/jpeg"}],"author":"dorogimedence.hu","twitter_card":"summary_large_image","twitter_misc":{"Szerz\u0151:":"dorogimedence.hu","Becs\u00fclt olvas\u00e1si id\u0151":"2 perc"},"schema":{"@context":"https:\/\/schema.org","@graph":[{"@type":"Article","@id":"https:\/\/dorogimedence.hu\/index.php\/2025\/05\/12\/vegig-vezetve-nyert-az-esztergom-a-mosonmagyarovar-ellen\/#article","isPartOf":{"@id":"https:\/\/dorogimedence.hu\/index.php\/2025\/05\/12\/vegig-vezetve-nyert-az-esztergom-a-mosonmagyarovar-ellen\/"},"author":{"name":"dorogimedence.hu","@id":"https:\/\/dorogimedence.hu\/#\/schema\/person\/ce6091eeb7e95ecdc87890d6aa8e0fd4"},"headline":"V\u00e9gig vezetve nyert az Esztergom a Mosonmagyar\u00f3v\u00e1r ellen","datePublished":"2025-05-12T08:07:25+00:00","dateModified":"2025-05-12T08:08:51+00:00","mainEntityOfPage":{"@id":"https:\/\/dorogimedence.hu\/index.php\/2025\/05\/12\/vegig-vezetve-nyert-az-esztergom-a-mosonmagyarovar-ellen\/"},"wordCount":404,"publisher":{"@id":"https:\/\/dorogimedence.hu\/#organization"},"image":{"@id":"https:\/\/dorogimedence.hu\/index.php\/2025\/05\/12\/vegig-vezetve-nyert-az-esztergom-a-mosonmagyarovar-ellen\/#primaryimage"},"thumbnailUrl":"https:\/\/dorogimedence.hu\/wp-content\/uploads\/2025\/05\/497489455_122140774328402307_8159355653690652773_n.jpg","keywords":["esztergom","featured","k\u00e9zilabda","Mol Esztergom","Mosonmagyar\u00f3v\u00e1r","NB I","sport"],"articleSection":["Esztergom","H\u00edrek","Sport"],"inLanguage":"hu"},{"@type":"WebPage","@id":"https:\/\/dorogimedence.hu\/index.php\/2025\/05\/12\/vegig-vezetve-nyert-az-esztergom-a-mosonmagyarovar-ellen\/","url":"https:\/\/dorogimedence.hu\/index.php\/2025\/05\/12\/vegig-vezetve-nyert-az-esztergom-a-mosonmagyarovar-ellen\/","name":"V\u00e9gig vezetve nyert az Esztergom a Mosonmagyar\u00f3v\u00e1r ellen","isPartOf":{"@id":"https:\/\/dorogimedence.hu\/#website"},"primaryImageOfPage":{"@id":"https:\/\/dorogimedence.hu\/index.php\/2025\/05\/12\/vegig-vezetve-nyert-az-esztergom-a-mosonmagyarovar-ellen\/#primaryimage"},"image":{"@id":"https:\/\/dorogimedence.hu\/index.php\/2025\/05\/12\/vegig-vezetve-nyert-az-esztergom-a-mosonmagyarovar-ellen\/#primaryimage"},"thumbnailUrl":"https:\/\/dorogimedence.hu\/wp-content\/uploads\/2025\/05\/497489455_122140774328402307_8159355653690652773_n.jpg","datePublished":"2025-05-12T08:07:25+00:00","dateModified":"2025-05-12T08:08:51+00:00","breadcrumb":{"@id":"https:\/\/dorogimedence.hu\/index.php\/2025\/05\/12\/vegig-vezetve-nyert-az-esztergom-a-mosonmagyarovar-ellen\/#breadcrumb"},"inLanguage":"hu","potentialAction":[{"@type":"ReadAction","target":["https:\/\/dorogimedence.hu\/index.php\/2025\/05\/12\/vegig-vezetve-nyert-az-esztergom-a-mosonmagyarovar-ellen\/"]}]},{"@type":"ImageObject","inLanguage":"hu","@id":"https:\/\/dorogimedence.hu\/index.php\/2025\/05\/12\/vegig-vezetve-nyert-az-esztergom-a-mosonmagyarovar-ellen\/#primaryimage","url":"https:\/\/dorogimedence.hu\/wp-content\/uploads\/2025\/05\/497489455_122140774328402307_8159355653690652773_n.jpg","contentUrl":"https:\/\/dorogimedence.hu\/wp-content\/uploads\/2025\/05\/497489455_122140774328402307_8159355653690652773_n.jpg","width":2048,"height":1152},{"@type":"BreadcrumbList","@id":"https:\/\/dorogimedence.hu\/index.php\/2025\/05\/12\/vegig-vezetve-nyert-az-esztergom-a-mosonmagyarovar-ellen\/#breadcrumb","itemListElement":[{"@type":"ListItem","position":1,"name":"Kezd\u0151lap","item":"https:\/\/dorogimedence.hu\/"},{"@type":"ListItem","position":2,"name":"V\u00e9gig vezetve nyert az Esztergom a Mosonmagyar\u00f3v\u00e1r ellen"}]},{"@type":"WebSite","@id":"https:\/\/dorogimedence.hu\/#website","url":"https:\/\/dorogimedence.hu\/","name":"Dorogi-medence Region\u00e1lis H\u00edrport\u00e1l","description":"Dorog, Keszt\u00f6lc, Le\u00e1nyv\u00e1r, Piliscs\u00e9v, Tokod, Tokodalt\u00e1r\u00f3, Csolnok, Esztergom-kertv\u00e1ros: h\u00edrek, programok","publisher":{"@id":"https:\/\/dorogimedence.hu\/#organization"},"potentialAction":[{"@type":"SearchAction","target":{"@type":"EntryPoint","urlTemplate":"https:\/\/dorogimedence.hu\/?s={search_term_string}"},"query-input":{"@type":"PropertyValueSpecification","valueRequired":true,"valueName":"search_term_string"}}],"inLanguage":"hu"},{"@type":"Organization","@id":"https:\/\/dorogimedence.hu\/#organization","name":"Dorogi-medence Region\u00e1lis H\u00edrport\u00e1l","url":"https:\/\/dorogimedence.hu\/","logo":{"@type":"ImageObject","inLanguage":"hu","@id":"https:\/\/dorogimedence.hu\/#\/schema\/logo\/image\/","url":"https:\/\/dorogimedence.hu\/wp-content\/uploads\/2021\/04\/logo-feher-600.png","contentUrl":"https:\/\/dorogimedence.hu\/wp-content\/uploads\/2021\/04\/logo-feher-600.png","width":600,"height":100,"caption":"Dorogi-medence Region\u00e1lis H\u00edrport\u00e1l"},"image":{"@id":"https:\/\/dorogimedence.hu\/#\/schema\/logo\/image\/"},"sameAs":["https:\/\/www.facebook.com\/dorogimedence\/"]},{"@type":"Person","@id":"https:\/\/dorogimedence.hu\/#\/schema\/person\/ce6091eeb7e95ecdc87890d6aa8e0fd4","name":"dorogimedence.hu","image":{"@type":"ImageObject","inLanguage":"hu","@id":"\/\/www.gravatar.com\/avatar\/d8d45f8901aadff40a4af72c0b826f1d?s=96&#038;r=g&#038;d=mm","url":"\/\/www.gravatar.com\/avatar\/d8d45f8901aadff40a4af72c0b826f1d?s=96&#038;r=g&#038;d=mm","contentUrl":"\/\/www.gravatar.com\/avatar\/d8d45f8901aadff40a4af72c0b826f1d?s=96&#038;r=g&#038;d=mm","caption":"dorogimedence.hu"}}]}},"_links":{"self":[{"href":"https:\/\/dorogimedence.hu\/index.php\/wp-json\/wp\/v2\/posts\/70986","targetHints":{"allow":["GET"]}}],"collection":[{"href":"https:\/\/dorogimedence.hu\/index.php\/wp-json\/wp\/v2\/posts"}],"about":[{"href":"https:\/\/dorogimedence.hu\/index.php\/wp-json\/wp\/v2\/types\/post"}],"author":[{"embeddable":true,"href":"https:\/\/dorogimedence.hu\/index.php\/wp-json\/wp\/v2\/users\/1"}],"replies":[{"embeddable":true,"href":"https:\/\/dorogimedence.hu\/index.php\/wp-json\/wp\/v2\/comments?post=70986"}],"version-history":[{"count":0,"href":"https:\/\/dorogimedence.hu\/index.php\/wp-json\/wp\/v2\/posts\/70986\/revisions"}],"wp:featuredmedia":[{"embeddable":true,"href":"https:\/\/dorogimedence.hu\/index.php\/wp-json\/wp\/v2\/media\/70987"}],"wp:attachment":[{"href":"https:\/\/dorogimedence.hu\/index.php\/wp-json\/wp\/v2\/media?parent=70986"}],"wp:term":[{"taxonomy":"category","embeddable":true,"href":"https:\/\/dorogimedence.hu\/index.php\/wp-json\/wp\/v2\/categories?post=70986"},{"taxonomy":"post_tag","embeddable":true,"href":"https:\/\/dorogimedence.hu\/index.php\/wp-json\/wp\/v2\/tags?post=70986"}],"curies":[{"name":"wp","href":"https:\/\/api.w.org\/{rel}","templated":true}]}}