{"id":70983,"date":"2025-05-12T08:18:15","date_gmt":"2025-05-12T06:18:15","guid":{"rendered":"https:\/\/dorogimedence.hu\/?p=70983"},"modified":"2025-05-12T08:18:15","modified_gmt":"2025-05-12T06:18:15","slug":"felhivas-ne-feljunk-toluk-ne-uldozzuk-az-artalmatlan-torosdarazsakat","status":"publish","type":"post","link":"https:\/\/dorogimedence.hu\/index.php\/2025\/05\/12\/felhivas-ne-feljunk-toluk-ne-uldozzuk-az-artalmatlan-torosdarazsakat\/","title":{"rendered":"Felh\u00edv\u00e1s &#8211; ne f\u00e9lj\u00fcnk t\u0151l\u00fck, ne \u00fcld\u00f6zz\u00fck az \u00e1rtalmatlan t\u0151r\u00f6sdarazsakat!"},"content":{"rendered":"<p><strong>M\u00e1just\u00f3l sz\u00e1m\u00edthatunk a termetes t\u0151r\u00f6sdarazsak felt\u0171n\u00e9s\u00e9re amint a kertek, parkok gyep\u00e9n, egy korhad\u00f3 fa k\u00f6zel\u00e9ben, a komposztn\u00e1l keringenek, ak\u00e1r nagy t\u00f6megben is. A Magyar Mad\u00e1rtani \u00e9s Term\u00e9szetv\u00e9delmi Egyes\u00fclt (MME) felh\u00edvja a figyelmet arra, hogy ezek a rovarok az emberekre, a h\u00e1zi\u00e1llatokra nem vesz\u00e9lyesek, ugyanakkor biol\u00f3giai \u00faton seg\u00edtenek kord\u00e1ban tartani p\u00e9ld\u00e1ul a cserebog\u00e1r-szaporulatot is!<\/strong><\/p>\n<p>\u00c1rtalmatlans\u00e1guk miatt a Magyarorsz\u00e1gon \u00e9l\u0151 f\u00e9ltucatnyi faj irt\u00e1sa felesleges, r\u00e1ad\u00e1sul az \u00f3ri\u00e1s t\u0151r\u00f6sdar\u00e1zs v\u00e9dett, term\u00e9szetv\u00e9delmi \u00e9rt\u00e9ke 50 000 Ft, elpuszt\u00edt\u00e1suk \u00e9ppen ez\u00e9rt t\u00f6rv\u00e9nytelen is. A tudatlans\u00e1g sajnos \u00e9vr\u0151l \u00e9vre sz\u00e1mos ilyen \u00e1llat pusztul\u00e1s\u00e1t okozza, amikor a felesleges p\u00e1nikkelt\u00e9s hat\u00e1s\u00e1ra a munk\u00e1jukat nem kell\u0151 szakmai felk\u00e9sz\u00fclts\u00e9ggel v\u00e9gz\u0151 rovarirt\u00f3k t\u00f6megesen m\u00e9rgezik le a t\u0151r\u00f6sdarazsakat.<\/p>\n<p>A rovarcsal\u00e1d hazai k\u00e9pvisel\u0151i t\u00falnyom\u00f3r\u00e9szt termetesek \u00e9s l\u00e1tv\u00e1nyos megjelen\u00e9s\u0171ek, az \u00f3ri\u00e1s t\u0151r\u00f6sdar\u00e1zs, melynek n\u0151st\u00e9nye k\u00f6zel \u00f6t centim\u00e9teres, egyben kontinens\u00fcnk legnagyobb h\u00e1rty\u00e1ssz\u00e1rny\u00faja is. Ezek a rovarok nem t\u00e9vesztend\u0151ek \u00f6ssze a csal\u00e1di k\u00f6z\u00f6ss\u00e9gekben \u00e9l\u0151, a h\u00e1z k\u00f6r\u00fcl gyakori \u00e9s agressz\u00edv, jellegzetes fekete-s\u00e1rga mint\u00e1zatukkal j\u00f3l elk\u00fcl\u00f6n\u00edthet\u0151 t\u00e1rsas darazsakkal, k\u00f6zt\u00fck a l\u00f3dar\u00e1zzsal. A t\u0151r\u00f6sdarazsak is rendelkeznek full\u00e1nkkal, ezt azonban (hacsak nem fogjuk meg \u0151ket) nem ellen\u00fcnk haszn\u00e1lj\u00e1k, m\u00e9rg\u00fck pedig nem f\u00e1jdalomkelt\u00e9sre, hanem l\u00e1rv\u00e1k megb\u00e9n\u00edt\u00e1s\u00e1ra szolg\u00e1l. A t\u0151r\u00f6sdarazsak ugyanis parazitoidok, szaporod\u00e1sukhoz, a peterak\u00e1shoz nagyobb rovarok, els\u0151sorban lemezescs\u00e1p\u00fa bogarak l\u00e1rv\u00e1ira van sz\u00fcks\u00e9g\u00fck.<\/p>\n<p>Megjelen\u00e9s\u00fckre ott sz\u00e1m\u00edthatunk, ahol a talajban, a pusztul\u00f3 f\u00e1ban, a komposztban nagy, gyakran jelent\u0151s mennyis\u00e9gben tal\u00e1lnak cserebog\u00e1r-, szarvasbog\u00e1r-, orrszarv\u00fabog\u00e1r-, r\u00f3zsabog\u00e1rl\u00e1rv\u00e1t. Ezeket a faanyagon kereszt\u00fcl vagy magukat a talajba \u00e1sva a sz\u00far\u00e1sukkal b\u00e9n\u00edtj\u00e1k meg, majd belepet\u00e9zzenek, a kikel\u0151 l\u00e1rv\u00e1juk pedig bel\u00fclr\u0151l fogyasztja el a m\u00e9g \u00e9l\u0151 pajort. A t\u0151r\u00f6sdarazsak \u00e9ppen ez\u00e9rt n\u00e9lk\u00fcl\u00f6zhetetlen elemei a kiskert, a park, az \u00fcltetv\u00e9ny vegyszermentes, biol\u00f3giai alap\u00fa rovarok elleni v\u00e9delm\u00e9nek!<\/p>\n<p>Ne f\u00e9lj\u00fcnk teh\u00e1t a m\u00e1just\u00f3l a ny\u00e1r v\u00e9g\u00e9ig t\u00f6megesen felt\u0171n\u0151, a talajhoz k\u00f6zel jellegzetesen, lassan rep\u00fcl\u0151 t\u0151r\u00f6sdarazsakt\u00f3l. Ha idegenked\u00fcnk a rovarokt\u00f3l, nyugodtan menj\u00fcnk tov\u00e1bb, de ha term\u00e9szetb\u00fav\u00e1rk\u00e9nt olyan szerencs\u00e9ben van r\u00e9sz\u00fcnk, hogy l\u00e1thatunk egy ilyen &#8222;rajz\u00e1st&#8221;, \u00e9rdemes le\u00fclni a k\u00f6zelben, \u00e9s megfigyelni ezeknek a fogyatkoz\u00f3 \u00e9s \u00e9rdekes \u00f3ri\u00e1soknak az \u00e9let\u00e9t. <span style=\"text-decoration: underline; color: #0000ff;\"><a style=\"color: #0000ff; text-decoration: underline;\" href=\"http:\/\/www.mme.hu\/ne-feljunk-torosdarazsaktol\" target=\"_blank\" rel=\"noopener\">R\u00e9szletek, fot\u00f3k, vide\u00f3k &gt;&gt;<\/a><\/span><\/p>\n<p><em>Bor\u00edt\u00f3k\u00e9p: Orb\u00e1n Zolt\u00e1nn<\/em><br \/>\n<em>Forr\u00e1s: MME<\/em><\/p>\n","protected":false},"excerpt":{"rendered":"<p>M\u00e1just\u00f3l sz\u00e1m\u00edthatunk a termetes t\u0151r\u00f6sdarazsak felt\u0171n\u00e9s\u00e9re amint a kertek, parkok gyep\u00e9n, egy korhad\u00f3 fa k\u00f6zel\u00e9ben, a komposztn\u00e1l keringenek, ak\u00e1r nagy t\u00f6megben is. A Magyar Mad\u00e1rtani \u00e9s Term\u00e9szetv\u00e9delmi Egyes\u00fclt (MME) felh\u00edvja a figyelmet arra, hogy ezek a rovarok az emberekre, a h\u00e1zi\u00e1llatokra nem vesz\u00e9lyesek, ugyanakkor biol\u00f3giai \u00faton seg\u00edtenek kord\u00e1ban tartani p\u00e9ld\u00e1ul a cserebog\u00e1r-szaporulatot is! \u00c1rtalmatlans\u00e1guk miatt<\/p>\n","protected":false},"author":1,"featured_media":70984,"comment_status":"closed","ping_status":"closed","sticky":false,"template":"","format":"standard","meta":{"ngg_post_thumbnail":0,"footnotes":""},"categories":[3,6948],"tags":[7325,8373],"class_list":{"0":"post-70983","1":"post","2":"type-post","3":"status-publish","4":"format-standard","5":"has-post-thumbnail","7":"category-hirek","8":"category-szines","9":"tag-mme","10":"tag-torosdarazs"},"yoast_head":"<!-- This site is optimized with the Yoast SEO plugin v27.4 - https:\/\/yoast.com\/product\/yoast-seo-wordpress\/ -->\n<title>Felh\u00edv\u00e1s - ne f\u00e9lj\u00fcnk t\u0151l\u00fck, ne \u00fcld\u00f6zz\u00fck az \u00e1rtalmatlan t\u0151r\u00f6sdarazsakat!<\/title>\n<meta name=\"robots\" content=\"index, follow, max-snippet:-1, max-image-preview:large, max-video-preview:-1\" \/>\n<link rel=\"canonical\" href=\"https:\/\/dorogimedence.hu\/index.php\/2025\/05\/12\/felhivas-ne-feljunk-toluk-ne-uldozzuk-az-artalmatlan-torosdarazsakat\/\" class=\"yoast-seo-meta-tag\" \/>\n<meta property=\"og:locale\" content=\"hu_HU\" class=\"yoast-seo-meta-tag\" \/>\n<meta property=\"og:type\" content=\"article\" class=\"yoast-seo-meta-tag\" \/>\n<meta property=\"og:title\" content=\"Felh\u00edv\u00e1s - ne f\u00e9lj\u00fcnk t\u0151l\u00fck, ne \u00fcld\u00f6zz\u00fck az \u00e1rtalmatlan t\u0151r\u00f6sdarazsakat!\" class=\"yoast-seo-meta-tag\" \/>\n<meta property=\"og:description\" content=\"M\u00e1just\u00f3l sz\u00e1m\u00edthatunk a termetes t\u0151r\u00f6sdarazsak felt\u0171n\u00e9s\u00e9re amint a kertek, parkok gyep\u00e9n, egy korhad\u00f3 fa k\u00f6zel\u00e9ben, a komposztn\u00e1l keringenek, ak\u00e1r nagy t\u00f6megben is. A Magyar Mad\u00e1rtani \u00e9s Term\u00e9szetv\u00e9delmi Egyes\u00fclt (MME) felh\u00edvja a figyelmet arra, hogy ezek a rovarok az emberekre, a h\u00e1zi\u00e1llatokra nem vesz\u00e9lyesek, ugyanakkor biol\u00f3giai \u00faton seg\u00edtenek kord\u00e1ban tartani p\u00e9ld\u00e1ul a cserebog\u00e1r-szaporulatot is! \u00c1rtalmatlans\u00e1guk miatt\" class=\"yoast-seo-meta-tag\" \/>\n<meta property=\"og:url\" content=\"https:\/\/dorogimedence.hu\/index.php\/2025\/05\/12\/felhivas-ne-feljunk-toluk-ne-uldozzuk-az-artalmatlan-torosdarazsakat\/\" class=\"yoast-seo-meta-tag\" \/>\n<meta property=\"og:site_name\" content=\"Dorogi-medence Region\u00e1lis H\u00edrport\u00e1l\" class=\"yoast-seo-meta-tag\" \/>\n<meta property=\"article:publisher\" content=\"https:\/\/www.facebook.com\/dorogimedence\/\" class=\"yoast-seo-meta-tag\" \/>\n<meta property=\"article:published_time\" content=\"2025-05-12T06:18:15+00:00\" class=\"yoast-seo-meta-tag\" \/>\n<meta property=\"og:image\" content=\"https:\/\/dorogimedence.hu\/wp-content\/uploads\/2025\/05\/sotetszarnyu_torosdarazs_talajon_budapest_20160706_orban_zoltan_0003_0.jpg\" class=\"yoast-seo-meta-tag\" \/>\n\t<meta property=\"og:image:width\" content=\"904\" class=\"yoast-seo-meta-tag\" \/>\n\t<meta property=\"og:image:height\" content=\"555\" class=\"yoast-seo-meta-tag\" \/>\n\t<meta property=\"og:image:type\" content=\"image\/jpeg\" class=\"yoast-seo-meta-tag\" \/>\n<meta name=\"author\" content=\"dorogimedence.hu\" class=\"yoast-seo-meta-tag\" \/>\n<meta name=\"twitter:card\" content=\"summary_large_image\" class=\"yoast-seo-meta-tag\" \/>\n<meta name=\"twitter:label1\" content=\"Szerz\u0151:\" class=\"yoast-seo-meta-tag\" \/>\n\t<meta name=\"twitter:data1\" content=\"dorogimedence.hu\" class=\"yoast-seo-meta-tag\" \/>\n\t<meta name=\"twitter:label2\" content=\"Becs\u00fclt olvas\u00e1si id\u0151\" class=\"yoast-seo-meta-tag\" \/>\n\t<meta name=\"twitter:data2\" content=\"3 perc\" class=\"yoast-seo-meta-tag\" \/>\n<script type=\"application\/ld+json\" class=\"yoast-schema-graph\">{\"@context\":\"https:\\\/\\\/schema.org\",\"@graph\":[{\"@type\":\"Article\",\"@id\":\"https:\\\/\\\/dorogimedence.hu\\\/index.php\\\/2025\\\/05\\\/12\\\/felhivas-ne-feljunk-toluk-ne-uldozzuk-az-artalmatlan-torosdarazsakat\\\/#article\",\"isPartOf\":{\"@id\":\"https:\\\/\\\/dorogimedence.hu\\\/index.php\\\/2025\\\/05\\\/12\\\/felhivas-ne-feljunk-toluk-ne-uldozzuk-az-artalmatlan-torosdarazsakat\\\/\"},\"author\":{\"name\":\"dorogimedence.hu\",\"@id\":\"https:\\\/\\\/dorogimedence.hu\\\/#\\\/schema\\\/person\\\/ce6091eeb7e95ecdc87890d6aa8e0fd4\"},\"headline\":\"Felh\u00edv\u00e1s &#8211; ne f\u00e9lj\u00fcnk t\u0151l\u00fck, ne \u00fcld\u00f6zz\u00fck az \u00e1rtalmatlan t\u0151r\u00f6sdarazsakat!\",\"datePublished\":\"2025-05-12T06:18:15+00:00\",\"mainEntityOfPage\":{\"@id\":\"https:\\\/\\\/dorogimedence.hu\\\/index.php\\\/2025\\\/05\\\/12\\\/felhivas-ne-feljunk-toluk-ne-uldozzuk-az-artalmatlan-torosdarazsakat\\\/\"},\"wordCount\":551,\"publisher\":{\"@id\":\"https:\\\/\\\/dorogimedence.hu\\\/#organization\"},\"image\":{\"@id\":\"https:\\\/\\\/dorogimedence.hu\\\/index.php\\\/2025\\\/05\\\/12\\\/felhivas-ne-feljunk-toluk-ne-uldozzuk-az-artalmatlan-torosdarazsakat\\\/#primaryimage\"},\"thumbnailUrl\":\"https:\\\/\\\/dorogimedence.hu\\\/wp-content\\\/uploads\\\/2025\\\/05\\\/sotetszarnyu_torosdarazs_talajon_budapest_20160706_orban_zoltan_0003_0.jpg\",\"keywords\":[\"MME\",\"t\u0151r\u00f6sdar\u00e1zs\"],\"articleSection\":[\"H\u00edrek\",\"Sz\u00ednes\"],\"inLanguage\":\"hu\"},{\"@type\":\"WebPage\",\"@id\":\"https:\\\/\\\/dorogimedence.hu\\\/index.php\\\/2025\\\/05\\\/12\\\/felhivas-ne-feljunk-toluk-ne-uldozzuk-az-artalmatlan-torosdarazsakat\\\/\",\"url\":\"https:\\\/\\\/dorogimedence.hu\\\/index.php\\\/2025\\\/05\\\/12\\\/felhivas-ne-feljunk-toluk-ne-uldozzuk-az-artalmatlan-torosdarazsakat\\\/\",\"name\":\"Felh\u00edv\u00e1s - ne f\u00e9lj\u00fcnk t\u0151l\u00fck, ne \u00fcld\u00f6zz\u00fck az \u00e1rtalmatlan t\u0151r\u00f6sdarazsakat!\",\"isPartOf\":{\"@id\":\"https:\\\/\\\/dorogimedence.hu\\\/#website\"},\"primaryImageOfPage\":{\"@id\":\"https:\\\/\\\/dorogimedence.hu\\\/index.php\\\/2025\\\/05\\\/12\\\/felhivas-ne-feljunk-toluk-ne-uldozzuk-az-artalmatlan-torosdarazsakat\\\/#primaryimage\"},\"image\":{\"@id\":\"https:\\\/\\\/dorogimedence.hu\\\/index.php\\\/2025\\\/05\\\/12\\\/felhivas-ne-feljunk-toluk-ne-uldozzuk-az-artalmatlan-torosdarazsakat\\\/#primaryimage\"},\"thumbnailUrl\":\"https:\\\/\\\/dorogimedence.hu\\\/wp-content\\\/uploads\\\/2025\\\/05\\\/sotetszarnyu_torosdarazs_talajon_budapest_20160706_orban_zoltan_0003_0.jpg\",\"datePublished\":\"2025-05-12T06:18:15+00:00\",\"breadcrumb\":{\"@id\":\"https:\\\/\\\/dorogimedence.hu\\\/index.php\\\/2025\\\/05\\\/12\\\/felhivas-ne-feljunk-toluk-ne-uldozzuk-az-artalmatlan-torosdarazsakat\\\/#breadcrumb\"},\"inLanguage\":\"hu\",\"potentialAction\":[{\"@type\":\"ReadAction\",\"target\":[\"https:\\\/\\\/dorogimedence.hu\\\/index.php\\\/2025\\\/05\\\/12\\\/felhivas-ne-feljunk-toluk-ne-uldozzuk-az-artalmatlan-torosdarazsakat\\\/\"]}]},{\"@type\":\"ImageObject\",\"inLanguage\":\"hu\",\"@id\":\"https:\\\/\\\/dorogimedence.hu\\\/index.php\\\/2025\\\/05\\\/12\\\/felhivas-ne-feljunk-toluk-ne-uldozzuk-az-artalmatlan-torosdarazsakat\\\/#primaryimage\",\"url\":\"https:\\\/\\\/dorogimedence.hu\\\/wp-content\\\/uploads\\\/2025\\\/05\\\/sotetszarnyu_torosdarazs_talajon_budapest_20160706_orban_zoltan_0003_0.jpg\",\"contentUrl\":\"https:\\\/\\\/dorogimedence.hu\\\/wp-content\\\/uploads\\\/2025\\\/05\\\/sotetszarnyu_torosdarazs_talajon_budapest_20160706_orban_zoltan_0003_0.jpg\",\"width\":904,\"height\":555},{\"@type\":\"BreadcrumbList\",\"@id\":\"https:\\\/\\\/dorogimedence.hu\\\/index.php\\\/2025\\\/05\\\/12\\\/felhivas-ne-feljunk-toluk-ne-uldozzuk-az-artalmatlan-torosdarazsakat\\\/#breadcrumb\",\"itemListElement\":[{\"@type\":\"ListItem\",\"position\":1,\"name\":\"Kezd\u0151lap\",\"item\":\"https:\\\/\\\/dorogimedence.hu\\\/\"},{\"@type\":\"ListItem\",\"position\":2,\"name\":\"Felh\u00edv\u00e1s &#8211; ne f\u00e9lj\u00fcnk t\u0151l\u00fck, ne \u00fcld\u00f6zz\u00fck az \u00e1rtalmatlan t\u0151r\u00f6sdarazsakat!\"}]},{\"@type\":\"WebSite\",\"@id\":\"https:\\\/\\\/dorogimedence.hu\\\/#website\",\"url\":\"https:\\\/\\\/dorogimedence.hu\\\/\",\"name\":\"Dorogi-medence Region\u00e1lis H\u00edrport\u00e1l\",\"description\":\"Dorog, Keszt\u00f6lc, Le\u00e1nyv\u00e1r, Piliscs\u00e9v, Tokod, Tokodalt\u00e1r\u00f3, Csolnok, Esztergom-kertv\u00e1ros: h\u00edrek, programok\",\"publisher\":{\"@id\":\"https:\\\/\\\/dorogimedence.hu\\\/#organization\"},\"potentialAction\":[{\"@type\":\"SearchAction\",\"target\":{\"@type\":\"EntryPoint\",\"urlTemplate\":\"https:\\\/\\\/dorogimedence.hu\\\/?s={search_term_string}\"},\"query-input\":{\"@type\":\"PropertyValueSpecification\",\"valueRequired\":true,\"valueName\":\"search_term_string\"}}],\"inLanguage\":\"hu\"},{\"@type\":\"Organization\",\"@id\":\"https:\\\/\\\/dorogimedence.hu\\\/#organization\",\"name\":\"Dorogi-medence Region\u00e1lis H\u00edrport\u00e1l\",\"url\":\"https:\\\/\\\/dorogimedence.hu\\\/\",\"logo\":{\"@type\":\"ImageObject\",\"inLanguage\":\"hu\",\"@id\":\"https:\\\/\\\/dorogimedence.hu\\\/#\\\/schema\\\/logo\\\/image\\\/\",\"url\":\"https:\\\/\\\/dorogimedence.hu\\\/wp-content\\\/uploads\\\/2021\\\/04\\\/logo-feher-600.png\",\"contentUrl\":\"https:\\\/\\\/dorogimedence.hu\\\/wp-content\\\/uploads\\\/2021\\\/04\\\/logo-feher-600.png\",\"width\":600,\"height\":100,\"caption\":\"Dorogi-medence Region\u00e1lis H\u00edrport\u00e1l\"},\"image\":{\"@id\":\"https:\\\/\\\/dorogimedence.hu\\\/#\\\/schema\\\/logo\\\/image\\\/\"},\"sameAs\":[\"https:\\\/\\\/www.facebook.com\\\/dorogimedence\\\/\"]},{\"@type\":\"Person\",\"@id\":\"https:\\\/\\\/dorogimedence.hu\\\/#\\\/schema\\\/person\\\/ce6091eeb7e95ecdc87890d6aa8e0fd4\",\"name\":\"dorogimedence.hu\",\"image\":{\"@type\":\"ImageObject\",\"inLanguage\":\"hu\",\"@id\":\"\\\/\\\/www.gravatar.com\\\/avatar\\\/d8d45f8901aadff40a4af72c0b826f1d?s=96&#038;r=g&#038;d=mm\",\"url\":\"\\\/\\\/www.gravatar.com\\\/avatar\\\/d8d45f8901aadff40a4af72c0b826f1d?s=96&#038;r=g&#038;d=mm\",\"contentUrl\":\"\\\/\\\/www.gravatar.com\\\/avatar\\\/d8d45f8901aadff40a4af72c0b826f1d?s=96&#038;r=g&#038;d=mm\",\"caption\":\"dorogimedence.hu\"}}]}<\/script>\n<!-- \/ Yoast SEO plugin. -->","yoast_head_json":{"title":"Felh\u00edv\u00e1s - ne f\u00e9lj\u00fcnk t\u0151l\u00fck, ne \u00fcld\u00f6zz\u00fck az \u00e1rtalmatlan t\u0151r\u00f6sdarazsakat!","robots":{"index":"index","follow":"follow","max-snippet":"max-snippet:-1","max-image-preview":"max-image-preview:large","max-video-preview":"max-video-preview:-1"},"canonical":"https:\/\/dorogimedence.hu\/index.php\/2025\/05\/12\/felhivas-ne-feljunk-toluk-ne-uldozzuk-az-artalmatlan-torosdarazsakat\/","og_locale":"hu_HU","og_type":"article","og_title":"Felh\u00edv\u00e1s - ne f\u00e9lj\u00fcnk t\u0151l\u00fck, ne \u00fcld\u00f6zz\u00fck az \u00e1rtalmatlan t\u0151r\u00f6sdarazsakat!","og_description":"M\u00e1just\u00f3l sz\u00e1m\u00edthatunk a termetes t\u0151r\u00f6sdarazsak felt\u0171n\u00e9s\u00e9re amint a kertek, parkok gyep\u00e9n, egy korhad\u00f3 fa k\u00f6zel\u00e9ben, a komposztn\u00e1l keringenek, ak\u00e1r nagy t\u00f6megben is. A Magyar Mad\u00e1rtani \u00e9s Term\u00e9szetv\u00e9delmi Egyes\u00fclt (MME) felh\u00edvja a figyelmet arra, hogy ezek a rovarok az emberekre, a h\u00e1zi\u00e1llatokra nem vesz\u00e9lyesek, ugyanakkor biol\u00f3giai \u00faton seg\u00edtenek kord\u00e1ban tartani p\u00e9ld\u00e1ul a cserebog\u00e1r-szaporulatot is! \u00c1rtalmatlans\u00e1guk miatt","og_url":"https:\/\/dorogimedence.hu\/index.php\/2025\/05\/12\/felhivas-ne-feljunk-toluk-ne-uldozzuk-az-artalmatlan-torosdarazsakat\/","og_site_name":"Dorogi-medence Region\u00e1lis H\u00edrport\u00e1l","article_publisher":"https:\/\/www.facebook.com\/dorogimedence\/","article_published_time":"2025-05-12T06:18:15+00:00","og_image":[{"width":904,"height":555,"url":"https:\/\/dorogimedence.hu\/wp-content\/uploads\/2025\/05\/sotetszarnyu_torosdarazs_talajon_budapest_20160706_orban_zoltan_0003_0.jpg","type":"image\/jpeg"}],"author":"dorogimedence.hu","twitter_card":"summary_large_image","twitter_misc":{"Szerz\u0151:":"dorogimedence.hu","Becs\u00fclt olvas\u00e1si id\u0151":"3 perc"},"schema":{"@context":"https:\/\/schema.org","@graph":[{"@type":"Article","@id":"https:\/\/dorogimedence.hu\/index.php\/2025\/05\/12\/felhivas-ne-feljunk-toluk-ne-uldozzuk-az-artalmatlan-torosdarazsakat\/#article","isPartOf":{"@id":"https:\/\/dorogimedence.hu\/index.php\/2025\/05\/12\/felhivas-ne-feljunk-toluk-ne-uldozzuk-az-artalmatlan-torosdarazsakat\/"},"author":{"name":"dorogimedence.hu","@id":"https:\/\/dorogimedence.hu\/#\/schema\/person\/ce6091eeb7e95ecdc87890d6aa8e0fd4"},"headline":"Felh\u00edv\u00e1s &#8211; ne f\u00e9lj\u00fcnk t\u0151l\u00fck, ne \u00fcld\u00f6zz\u00fck az \u00e1rtalmatlan t\u0151r\u00f6sdarazsakat!","datePublished":"2025-05-12T06:18:15+00:00","mainEntityOfPage":{"@id":"https:\/\/dorogimedence.hu\/index.php\/2025\/05\/12\/felhivas-ne-feljunk-toluk-ne-uldozzuk-az-artalmatlan-torosdarazsakat\/"},"wordCount":551,"publisher":{"@id":"https:\/\/dorogimedence.hu\/#organization"},"image":{"@id":"https:\/\/dorogimedence.hu\/index.php\/2025\/05\/12\/felhivas-ne-feljunk-toluk-ne-uldozzuk-az-artalmatlan-torosdarazsakat\/#primaryimage"},"thumbnailUrl":"https:\/\/dorogimedence.hu\/wp-content\/uploads\/2025\/05\/sotetszarnyu_torosdarazs_talajon_budapest_20160706_orban_zoltan_0003_0.jpg","keywords":["MME","t\u0151r\u00f6sdar\u00e1zs"],"articleSection":["H\u00edrek","Sz\u00ednes"],"inLanguage":"hu"},{"@type":"WebPage","@id":"https:\/\/dorogimedence.hu\/index.php\/2025\/05\/12\/felhivas-ne-feljunk-toluk-ne-uldozzuk-az-artalmatlan-torosdarazsakat\/","url":"https:\/\/dorogimedence.hu\/index.php\/2025\/05\/12\/felhivas-ne-feljunk-toluk-ne-uldozzuk-az-artalmatlan-torosdarazsakat\/","name":"Felh\u00edv\u00e1s - ne f\u00e9lj\u00fcnk t\u0151l\u00fck, ne \u00fcld\u00f6zz\u00fck az \u00e1rtalmatlan t\u0151r\u00f6sdarazsakat!","isPartOf":{"@id":"https:\/\/dorogimedence.hu\/#website"},"primaryImageOfPage":{"@id":"https:\/\/dorogimedence.hu\/index.php\/2025\/05\/12\/felhivas-ne-feljunk-toluk-ne-uldozzuk-az-artalmatlan-torosdarazsakat\/#primaryimage"},"image":{"@id":"https:\/\/dorogimedence.hu\/index.php\/2025\/05\/12\/felhivas-ne-feljunk-toluk-ne-uldozzuk-az-artalmatlan-torosdarazsakat\/#primaryimage"},"thumbnailUrl":"https:\/\/dorogimedence.hu\/wp-content\/uploads\/2025\/05\/sotetszarnyu_torosdarazs_talajon_budapest_20160706_orban_zoltan_0003_0.jpg","datePublished":"2025-05-12T06:18:15+00:00","breadcrumb":{"@id":"https:\/\/dorogimedence.hu\/index.php\/2025\/05\/12\/felhivas-ne-feljunk-toluk-ne-uldozzuk-az-artalmatlan-torosdarazsakat\/#breadcrumb"},"inLanguage":"hu","potentialAction":[{"@type":"ReadAction","target":["https:\/\/dorogimedence.hu\/index.php\/2025\/05\/12\/felhivas-ne-feljunk-toluk-ne-uldozzuk-az-artalmatlan-torosdarazsakat\/"]}]},{"@type":"ImageObject","inLanguage":"hu","@id":"https:\/\/dorogimedence.hu\/index.php\/2025\/05\/12\/felhivas-ne-feljunk-toluk-ne-uldozzuk-az-artalmatlan-torosdarazsakat\/#primaryimage","url":"https:\/\/dorogimedence.hu\/wp-content\/uploads\/2025\/05\/sotetszarnyu_torosdarazs_talajon_budapest_20160706_orban_zoltan_0003_0.jpg","contentUrl":"https:\/\/dorogimedence.hu\/wp-content\/uploads\/2025\/05\/sotetszarnyu_torosdarazs_talajon_budapest_20160706_orban_zoltan_0003_0.jpg","width":904,"height":555},{"@type":"BreadcrumbList","@id":"https:\/\/dorogimedence.hu\/index.php\/2025\/05\/12\/felhivas-ne-feljunk-toluk-ne-uldozzuk-az-artalmatlan-torosdarazsakat\/#breadcrumb","itemListElement":[{"@type":"ListItem","position":1,"name":"Kezd\u0151lap","item":"https:\/\/dorogimedence.hu\/"},{"@type":"ListItem","position":2,"name":"Felh\u00edv\u00e1s &#8211; ne f\u00e9lj\u00fcnk t\u0151l\u00fck, ne \u00fcld\u00f6zz\u00fck az \u00e1rtalmatlan t\u0151r\u00f6sdarazsakat!"}]},{"@type":"WebSite","@id":"https:\/\/dorogimedence.hu\/#website","url":"https:\/\/dorogimedence.hu\/","name":"Dorogi-medence Region\u00e1lis H\u00edrport\u00e1l","description":"Dorog, Keszt\u00f6lc, Le\u00e1nyv\u00e1r, Piliscs\u00e9v, Tokod, Tokodalt\u00e1r\u00f3, Csolnok, Esztergom-kertv\u00e1ros: h\u00edrek, programok","publisher":{"@id":"https:\/\/dorogimedence.hu\/#organization"},"potentialAction":[{"@type":"SearchAction","target":{"@type":"EntryPoint","urlTemplate":"https:\/\/dorogimedence.hu\/?s={search_term_string}"},"query-input":{"@type":"PropertyValueSpecification","valueRequired":true,"valueName":"search_term_string"}}],"inLanguage":"hu"},{"@type":"Organization","@id":"https:\/\/dorogimedence.hu\/#organization","name":"Dorogi-medence Region\u00e1lis H\u00edrport\u00e1l","url":"https:\/\/dorogimedence.hu\/","logo":{"@type":"ImageObject","inLanguage":"hu","@id":"https:\/\/dorogimedence.hu\/#\/schema\/logo\/image\/","url":"https:\/\/dorogimedence.hu\/wp-content\/uploads\/2021\/04\/logo-feher-600.png","contentUrl":"https:\/\/dorogimedence.hu\/wp-content\/uploads\/2021\/04\/logo-feher-600.png","width":600,"height":100,"caption":"Dorogi-medence Region\u00e1lis H\u00edrport\u00e1l"},"image":{"@id":"https:\/\/dorogimedence.hu\/#\/schema\/logo\/image\/"},"sameAs":["https:\/\/www.facebook.com\/dorogimedence\/"]},{"@type":"Person","@id":"https:\/\/dorogimedence.hu\/#\/schema\/person\/ce6091eeb7e95ecdc87890d6aa8e0fd4","name":"dorogimedence.hu","image":{"@type":"ImageObject","inLanguage":"hu","@id":"\/\/www.gravatar.com\/avatar\/d8d45f8901aadff40a4af72c0b826f1d?s=96&#038;r=g&#038;d=mm","url":"\/\/www.gravatar.com\/avatar\/d8d45f8901aadff40a4af72c0b826f1d?s=96&#038;r=g&#038;d=mm","contentUrl":"\/\/www.gravatar.com\/avatar\/d8d45f8901aadff40a4af72c0b826f1d?s=96&#038;r=g&#038;d=mm","caption":"dorogimedence.hu"}}]}},"_links":{"self":[{"href":"https:\/\/dorogimedence.hu\/index.php\/wp-json\/wp\/v2\/posts\/70983","targetHints":{"allow":["GET"]}}],"collection":[{"href":"https:\/\/dorogimedence.hu\/index.php\/wp-json\/wp\/v2\/posts"}],"about":[{"href":"https:\/\/dorogimedence.hu\/index.php\/wp-json\/wp\/v2\/types\/post"}],"author":[{"embeddable":true,"href":"https:\/\/dorogimedence.hu\/index.php\/wp-json\/wp\/v2\/users\/1"}],"replies":[{"embeddable":true,"href":"https:\/\/dorogimedence.hu\/index.php\/wp-json\/wp\/v2\/comments?post=70983"}],"version-history":[{"count":0,"href":"https:\/\/dorogimedence.hu\/index.php\/wp-json\/wp\/v2\/posts\/70983\/revisions"}],"wp:featuredmedia":[{"embeddable":true,"href":"https:\/\/dorogimedence.hu\/index.php\/wp-json\/wp\/v2\/media\/70984"}],"wp:attachment":[{"href":"https:\/\/dorogimedence.hu\/index.php\/wp-json\/wp\/v2\/media?parent=70983"}],"wp:term":[{"taxonomy":"category","embeddable":true,"href":"https:\/\/dorogimedence.hu\/index.php\/wp-json\/wp\/v2\/categories?post=70983"},{"taxonomy":"post_tag","embeddable":true,"href":"https:\/\/dorogimedence.hu\/index.php\/wp-json\/wp\/v2\/tags?post=70983"}],"curies":[{"name":"wp","href":"https:\/\/api.w.org\/{rel}","templated":true}]}}