{"id":70843,"date":"2025-05-08T10:55:23","date_gmt":"2025-05-08T08:55:23","guid":{"rendered":"https:\/\/dorogimedence.hu\/?p=70843"},"modified":"2025-05-08T10:55:23","modified_gmt":"2025-05-08T08:55:23","slug":"fesztivalok-taxik-szorakozohelyek-fokozott-ellenorzesere-keszul-a-fogyasztovedelmi-hatosag","status":"publish","type":"post","link":"https:\/\/dorogimedence.hu\/index.php\/2025\/05\/08\/fesztivalok-taxik-szorakozohelyek-fokozott-ellenorzesere-keszul-a-fogyasztovedelmi-hatosag\/","title":{"rendered":"Fesztiv\u00e1lok, taxik, sz\u00f3rakoz\u00f3helyek fokozott ellen\u0151rz\u00e9s\u00e9re k\u00e9sz\u00fcl a fogyaszt\u00f3v\u00e9delmi hat\u00f3s\u00e1g"},"content":{"rendered":"<div id=\"585\" class=\"mb-6 relative pl-4 text-text\/neutral\/subtle text-lg font-medium italic before:absolute before:left-0 before:border-l-[3px] before:border-brand\/1000 before:h-full\">\n<p class=\"mb-6\"><strong>A Nemzeti Kereskedelmi \u00e9s Fogyaszt\u00f3v\u00e9delmi Hat\u00f3s\u00e1g (NKFH) id\u00e9n is kiemelt figyelmet ford\u00edt a turizmus n\u00f6veked\u00e9s\u00e9vel p\u00e1rhuzamosan emelked\u0151 kereskedelmi \u00e9s szolg\u00e1ltat\u00e1si tev\u00e9kenys\u00e9gek ellen\u0151rz\u00e9s\u00e9re. A szezon\u00e1lis t\u00e9mavizsg\u00e1lat sor\u00e1n a hat\u00f3s\u00e1g munkat\u00e1rsai a turist\u00e1k \u00e1ltal legink\u00e1bb l\u00e1togatott helysz\u00ednek vend\u00e9gl\u00e1t\u00f3-ipari egys\u00e9geit, a rendezv\u00e9nyekre kitelep\u00fclt, k\u00f6zter\u00fcleti \u00e9s alkalmi \u00e1rusokat, valamint a szem\u00e9lysz\u00e1ll\u00edt\u00f3 szolg\u00e1ltat\u00e1st \u2013 kiemelten a szem\u00e9lytaxi-szolg\u00e1ltat\u00e1st \u2013 ny\u00fajt\u00f3 v\u00e1llalkoz\u00e1sokat ellen\u0151rzik.<\/strong><\/p>\n<\/div>\n<div id=\"3835\" class=\"text-text\/neutral\/strong font-medium mb-6\">\n<p class=\"mb-6\">Az ellen\u0151rz\u00e9sek c\u00e9lja az egyes idegenforgalmi szolg\u00e1ltat\u00e1sokra vonatkoz\u00f3 jogszab\u00e1lyi el\u0151\u00edr\u00e1sok betart\u00e1s\u00e1nak vizsg\u00e1lata, a v\u00e1s\u00e1rl\u00f3i magatart\u00e1st tisztess\u00e9gtelen\u00fcl befoly\u00e1sol\u00f3 kereskedelmi gyakorlatok kisz\u0171r\u00e9se.<\/p>\n<p class=\"mb-6\">Az NKFH szakmai ir\u00e1ny\u00edt\u00e1sa alatt \u00e1ll\u00f3 korm\u00e1nyhivatalok ellen\u0151rz\u00e9seket folytatnak t\u00f6bbek k\u00f6z\u00f6tt vend\u00e9gl\u00e1t\u00f3helyeken, b\u00fcf\u00e9kben, pecsenyes\u00fct\u0151kben \u00e9s cukr\u00e1szd\u00e1kban, valamint zen\u00e9s sz\u00f3rakoztat\u00f3helyeken egyar\u00e1nt. Ugyancsak vizsg\u00e1latokat folytatnak fesztiv\u00e1lokon \u00e9s k\u00fcl\u00f6nb\u00f6z\u0151 rendezv\u00e9nyeken is.<\/p>\n<p class=\"mb-6\">A nagy\u00edt\u00f3val v\u00e9gzett ellen\u0151rz\u00e9sek a vend\u00e9gl\u00e1t\u00f3-ipari egys\u00e9gekben kiterjednek egyebek mellett az \u00e1rt\u00e1j\u00e9koztat\u00e1sra, a nyugtaad\u00e1si k\u00f6telezetts\u00e9gre, a m\u00e9rlegek hiteless\u00e9g\u00e9re \u00e9s a v\u00e1s\u00e1rl\u00f3k k\u00f6nyv\u00e9re egyar\u00e1nt, m\u00edg a taxik tekintet\u00e9ben az enged\u00e9lyek mellett a d\u00edjt\u00e1bl\u00e1zatot, az \u00e1rt\u00e1j\u00e9koztat\u00e1st \u00e9s a megfelel\u0151 tarifa alkalmaz\u00e1s\u00e1t is ellen\u0151rzik az NKFH munkat\u00e1rsai.<\/p>\n<p class=\"mb-6\">A fogyaszt\u00f3v\u00e9delmi hat\u00f3s\u00e1gi jelenl\u00e9tet \u00e9s a folyamatos ellen\u0151rz\u00e9seket a kor\u00e1bbi \u00e9vek tapasztalatai is indokolj\u00e1k. <b class=\"font-bold\">2024-ben 928 kereskedelmi egys\u00e9g ellen\u0151rz\u00e9s\u00e9re sor\u00e1n 326 jogs\u00e9rt\u00e9s mer\u00fclt fel, ami kifog\u00e1sol\u00e1si ar\u00e1nyk\u00e9nt megk\u00f6zel\u00edt\u0151leg 35%-ot jelent. <\/b>A tavalyi \u00e9vben mind\u00f6sszesen 6.470.000 forint b\u00edrs\u00e1g kiszab\u00e1s\u00e1ra ker\u00fclt sor.<\/p>\n<p class=\"mb-6\"><b class=\"font-bold\">Dr. N\u00e9met-Weingartner Lilla,<\/b> az NKFH eln\u00f6ke elmondta, hogy<i class=\"\"> \u201eaz NKFH a j\u00f6v\u0151ben is folytatja e ter\u00fcletek fokozott ellen\u0151rz\u00e9s\u00e9t annak \u00e9rdek\u00e9ben, hogy a fogyaszt\u00f3k biztons\u00e1gban \u00e9lvezhess\u00e9k a szolg\u00e1ltat\u00e1sokat, \u00e9s a v\u00e1llalkoz\u00e1sok jogk\u00f6vet\u0151 magatart\u00e1sa tov\u00e1bb er\u0151s\u00f6dj\u00f6n. A vizsg\u00e1latok m\u00e1r m\u00e1jusban elindulnak annak \u00e9rdek\u00e9ben, hogy a f\u0151szezonban biztons\u00e1gosan, a jogszab\u00e1lyi el\u0151\u00edr\u00e1sokat betart\u00f3 vend\u00e9gl\u00e1t\u00f3helyeken v\u00e1s\u00e1rolhassanak a fogyaszt\u00f3k, illetve vehess\u00e9k ig\u00e9nybe a taxi-szolg\u00e1ltat\u00e1sokat. Az ellen\u0151rz\u00e9sek eg\u00e9sz ny\u00e1ron folyamatosan zajlanak majd.\u201d<\/i><\/p>\n<p class=\"mb-6\">A Nemzeti Kereskedelmi \u00e9s Fogyaszt\u00f3v\u00e9delmi Hat\u00f3s\u00e1g tov\u00e1bbra is elk\u00f6telezett a magyar fogyaszt\u00f3k biztons\u00e1ga ir\u00e1nt, \u00e9s minden eszk\u00f6zzel azon dolgozik, hogy haz\u00e1nk piac\u00e1n kiz\u00e1r\u00f3lag biztons\u00e1gos kereskedelmi \u00e9s szolg\u00e1ltat\u00e1si tev\u00e9kenys\u00e9gek legyenek el\u00e9rhet\u0151k.<\/p>\n<p><em>Forr\u00e1s: NKFH<\/em><\/p>\n<\/div>\n","protected":false},"excerpt":{"rendered":"<p>A Nemzeti Kereskedelmi \u00e9s Fogyaszt\u00f3v\u00e9delmi Hat\u00f3s\u00e1g (NKFH) id\u00e9n is kiemelt figyelmet ford\u00edt a turizmus n\u00f6veked\u00e9s\u00e9vel p\u00e1rhuzamosan emelked\u0151 kereskedelmi \u00e9s szolg\u00e1ltat\u00e1si tev\u00e9kenys\u00e9gek ellen\u0151rz\u00e9s\u00e9re. A szezon\u00e1lis t\u00e9mavizsg\u00e1lat sor\u00e1n a hat\u00f3s\u00e1g munkat\u00e1rsai a turist\u00e1k \u00e1ltal legink\u00e1bb l\u00e1togatott helysz\u00ednek vend\u00e9gl\u00e1t\u00f3-ipari egys\u00e9geit, a rendezv\u00e9nyekre kitelep\u00fclt, k\u00f6zter\u00fcleti \u00e9s alkalmi \u00e1rusokat, valamint a szem\u00e9lysz\u00e1ll\u00edt\u00f3 szolg\u00e1ltat\u00e1st \u2013 kiemelten a szem\u00e9lytaxi-szolg\u00e1ltat\u00e1st \u2013 ny\u00fajt\u00f3 v\u00e1llalkoz\u00e1sokat<\/p>\n","protected":false},"author":1,"featured_media":70844,"comment_status":"closed","ping_status":"closed","sticky":false,"template":"","format":"standard","meta":{"ngg_post_thumbnail":0,"footnotes":""},"categories":[3],"tags":[515,8210],"class_list":{"0":"post-70843","1":"post","2":"type-post","3":"status-publish","4":"format-standard","5":"has-post-thumbnail","7":"category-hirek","8":"tag-ellenorzes","9":"tag-nkfh"},"yoast_head":"<!-- This site is optimized with the Yoast SEO plugin v27.5 - https:\/\/yoast.com\/product\/yoast-seo-wordpress\/ -->\n<title>Fesztiv\u00e1lok, taxik, sz\u00f3rakoz\u00f3helyek fokozott ellen\u0151rz\u00e9s\u00e9re k\u00e9sz\u00fcl a fogyaszt\u00f3v\u00e9delmi hat\u00f3s\u00e1g<\/title>\n<meta name=\"robots\" content=\"index, follow, max-snippet:-1, max-image-preview:large, max-video-preview:-1\" \/>\n<link rel=\"canonical\" href=\"https:\/\/dorogimedence.hu\/index.php\/2025\/05\/08\/fesztivalok-taxik-szorakozohelyek-fokozott-ellenorzesere-keszul-a-fogyasztovedelmi-hatosag\/\" class=\"yoast-seo-meta-tag\" \/>\n<meta property=\"og:locale\" content=\"hu_HU\" class=\"yoast-seo-meta-tag\" \/>\n<meta property=\"og:type\" content=\"article\" class=\"yoast-seo-meta-tag\" \/>\n<meta property=\"og:title\" content=\"Fesztiv\u00e1lok, taxik, sz\u00f3rakoz\u00f3helyek fokozott ellen\u0151rz\u00e9s\u00e9re k\u00e9sz\u00fcl a fogyaszt\u00f3v\u00e9delmi hat\u00f3s\u00e1g\" class=\"yoast-seo-meta-tag\" \/>\n<meta property=\"og:description\" content=\"A Nemzeti Kereskedelmi \u00e9s Fogyaszt\u00f3v\u00e9delmi Hat\u00f3s\u00e1g (NKFH) id\u00e9n is kiemelt figyelmet ford\u00edt a turizmus n\u00f6veked\u00e9s\u00e9vel p\u00e1rhuzamosan emelked\u0151 kereskedelmi \u00e9s szolg\u00e1ltat\u00e1si tev\u00e9kenys\u00e9gek ellen\u0151rz\u00e9s\u00e9re. A szezon\u00e1lis t\u00e9mavizsg\u00e1lat sor\u00e1n a hat\u00f3s\u00e1g munkat\u00e1rsai a turist\u00e1k \u00e1ltal legink\u00e1bb l\u00e1togatott helysz\u00ednek vend\u00e9gl\u00e1t\u00f3-ipari egys\u00e9geit, a rendezv\u00e9nyekre kitelep\u00fclt, k\u00f6zter\u00fcleti \u00e9s alkalmi \u00e1rusokat, valamint a szem\u00e9lysz\u00e1ll\u00edt\u00f3 szolg\u00e1ltat\u00e1st \u2013 kiemelten a szem\u00e9lytaxi-szolg\u00e1ltat\u00e1st \u2013 ny\u00fajt\u00f3 v\u00e1llalkoz\u00e1sokat\" class=\"yoast-seo-meta-tag\" \/>\n<meta property=\"og:url\" content=\"https:\/\/dorogimedence.hu\/index.php\/2025\/05\/08\/fesztivalok-taxik-szorakozohelyek-fokozott-ellenorzesere-keszul-a-fogyasztovedelmi-hatosag\/\" class=\"yoast-seo-meta-tag\" \/>\n<meta property=\"og:site_name\" content=\"Dorogi-medence Region\u00e1lis H\u00edrport\u00e1l\" class=\"yoast-seo-meta-tag\" \/>\n<meta property=\"article:publisher\" content=\"https:\/\/www.facebook.com\/dorogimedence\/\" class=\"yoast-seo-meta-tag\" \/>\n<meta property=\"article:published_time\" content=\"2025-05-08T08:55:23+00:00\" class=\"yoast-seo-meta-tag\" \/>\n<meta property=\"og:image\" content=\"https:\/\/dorogimedence.hu\/wp-content\/uploads\/2025\/05\/8371.jpg\" class=\"yoast-seo-meta-tag\" \/>\n\t<meta property=\"og:image:width\" content=\"2000\" class=\"yoast-seo-meta-tag\" \/>\n\t<meta property=\"og:image:height\" content=\"1335\" class=\"yoast-seo-meta-tag\" \/>\n\t<meta property=\"og:image:type\" content=\"image\/jpeg\" class=\"yoast-seo-meta-tag\" \/>\n<meta name=\"author\" content=\"dorogimedence.hu\" class=\"yoast-seo-meta-tag\" \/>\n<meta name=\"twitter:card\" content=\"summary_large_image\" class=\"yoast-seo-meta-tag\" \/>\n<meta name=\"twitter:label1\" content=\"Szerz\u0151:\" class=\"yoast-seo-meta-tag\" \/>\n\t<meta name=\"twitter:data1\" content=\"dorogimedence.hu\" class=\"yoast-seo-meta-tag\" \/>\n\t<meta name=\"twitter:label2\" content=\"Becs\u00fclt olvas\u00e1si id\u0151\" class=\"yoast-seo-meta-tag\" \/>\n\t<meta name=\"twitter:data2\" content=\"3 perc\" class=\"yoast-seo-meta-tag\" \/>\n<script type=\"application\/ld+json\" class=\"yoast-schema-graph\">{\"@context\":\"https:\\\/\\\/schema.org\",\"@graph\":[{\"@type\":\"Article\",\"@id\":\"https:\\\/\\\/dorogimedence.hu\\\/index.php\\\/2025\\\/05\\\/08\\\/fesztivalok-taxik-szorakozohelyek-fokozott-ellenorzesere-keszul-a-fogyasztovedelmi-hatosag\\\/#article\",\"isPartOf\":{\"@id\":\"https:\\\/\\\/dorogimedence.hu\\\/index.php\\\/2025\\\/05\\\/08\\\/fesztivalok-taxik-szorakozohelyek-fokozott-ellenorzesere-keszul-a-fogyasztovedelmi-hatosag\\\/\"},\"author\":{\"name\":\"dorogimedence.hu\",\"@id\":\"https:\\\/\\\/dorogimedence.hu\\\/#\\\/schema\\\/person\\\/ce6091eeb7e95ecdc87890d6aa8e0fd4\"},\"headline\":\"Fesztiv\u00e1lok, taxik, sz\u00f3rakoz\u00f3helyek fokozott ellen\u0151rz\u00e9s\u00e9re k\u00e9sz\u00fcl a fogyaszt\u00f3v\u00e9delmi hat\u00f3s\u00e1g\",\"datePublished\":\"2025-05-08T08:55:23+00:00\",\"mainEntityOfPage\":{\"@id\":\"https:\\\/\\\/dorogimedence.hu\\\/index.php\\\/2025\\\/05\\\/08\\\/fesztivalok-taxik-szorakozohelyek-fokozott-ellenorzesere-keszul-a-fogyasztovedelmi-hatosag\\\/\"},\"wordCount\":531,\"publisher\":{\"@id\":\"https:\\\/\\\/dorogimedence.hu\\\/#organization\"},\"image\":{\"@id\":\"https:\\\/\\\/dorogimedence.hu\\\/index.php\\\/2025\\\/05\\\/08\\\/fesztivalok-taxik-szorakozohelyek-fokozott-ellenorzesere-keszul-a-fogyasztovedelmi-hatosag\\\/#primaryimage\"},\"thumbnailUrl\":\"https:\\\/\\\/dorogimedence.hu\\\/wp-content\\\/uploads\\\/2025\\\/05\\\/8371.jpg\",\"keywords\":[\"ellen\u0151rz\u00e9s\",\"NKFH\"],\"articleSection\":[\"H\u00edrek\"],\"inLanguage\":\"hu\"},{\"@type\":\"WebPage\",\"@id\":\"https:\\\/\\\/dorogimedence.hu\\\/index.php\\\/2025\\\/05\\\/08\\\/fesztivalok-taxik-szorakozohelyek-fokozott-ellenorzesere-keszul-a-fogyasztovedelmi-hatosag\\\/\",\"url\":\"https:\\\/\\\/dorogimedence.hu\\\/index.php\\\/2025\\\/05\\\/08\\\/fesztivalok-taxik-szorakozohelyek-fokozott-ellenorzesere-keszul-a-fogyasztovedelmi-hatosag\\\/\",\"name\":\"Fesztiv\u00e1lok, taxik, sz\u00f3rakoz\u00f3helyek fokozott ellen\u0151rz\u00e9s\u00e9re k\u00e9sz\u00fcl a fogyaszt\u00f3v\u00e9delmi hat\u00f3s\u00e1g\",\"isPartOf\":{\"@id\":\"https:\\\/\\\/dorogimedence.hu\\\/#website\"},\"primaryImageOfPage\":{\"@id\":\"https:\\\/\\\/dorogimedence.hu\\\/index.php\\\/2025\\\/05\\\/08\\\/fesztivalok-taxik-szorakozohelyek-fokozott-ellenorzesere-keszul-a-fogyasztovedelmi-hatosag\\\/#primaryimage\"},\"image\":{\"@id\":\"https:\\\/\\\/dorogimedence.hu\\\/index.php\\\/2025\\\/05\\\/08\\\/fesztivalok-taxik-szorakozohelyek-fokozott-ellenorzesere-keszul-a-fogyasztovedelmi-hatosag\\\/#primaryimage\"},\"thumbnailUrl\":\"https:\\\/\\\/dorogimedence.hu\\\/wp-content\\\/uploads\\\/2025\\\/05\\\/8371.jpg\",\"datePublished\":\"2025-05-08T08:55:23+00:00\",\"breadcrumb\":{\"@id\":\"https:\\\/\\\/dorogimedence.hu\\\/index.php\\\/2025\\\/05\\\/08\\\/fesztivalok-taxik-szorakozohelyek-fokozott-ellenorzesere-keszul-a-fogyasztovedelmi-hatosag\\\/#breadcrumb\"},\"inLanguage\":\"hu\",\"potentialAction\":[{\"@type\":\"ReadAction\",\"target\":[\"https:\\\/\\\/dorogimedence.hu\\\/index.php\\\/2025\\\/05\\\/08\\\/fesztivalok-taxik-szorakozohelyek-fokozott-ellenorzesere-keszul-a-fogyasztovedelmi-hatosag\\\/\"]}]},{\"@type\":\"ImageObject\",\"inLanguage\":\"hu\",\"@id\":\"https:\\\/\\\/dorogimedence.hu\\\/index.php\\\/2025\\\/05\\\/08\\\/fesztivalok-taxik-szorakozohelyek-fokozott-ellenorzesere-keszul-a-fogyasztovedelmi-hatosag\\\/#primaryimage\",\"url\":\"https:\\\/\\\/dorogimedence.hu\\\/wp-content\\\/uploads\\\/2025\\\/05\\\/8371.jpg\",\"contentUrl\":\"https:\\\/\\\/dorogimedence.hu\\\/wp-content\\\/uploads\\\/2025\\\/05\\\/8371.jpg\",\"width\":2000,\"height\":1335},{\"@type\":\"BreadcrumbList\",\"@id\":\"https:\\\/\\\/dorogimedence.hu\\\/index.php\\\/2025\\\/05\\\/08\\\/fesztivalok-taxik-szorakozohelyek-fokozott-ellenorzesere-keszul-a-fogyasztovedelmi-hatosag\\\/#breadcrumb\",\"itemListElement\":[{\"@type\":\"ListItem\",\"position\":1,\"name\":\"Kezd\u0151lap\",\"item\":\"https:\\\/\\\/dorogimedence.hu\\\/\"},{\"@type\":\"ListItem\",\"position\":2,\"name\":\"Fesztiv\u00e1lok, taxik, sz\u00f3rakoz\u00f3helyek fokozott ellen\u0151rz\u00e9s\u00e9re k\u00e9sz\u00fcl a fogyaszt\u00f3v\u00e9delmi hat\u00f3s\u00e1g\"}]},{\"@type\":\"WebSite\",\"@id\":\"https:\\\/\\\/dorogimedence.hu\\\/#website\",\"url\":\"https:\\\/\\\/dorogimedence.hu\\\/\",\"name\":\"Dorogi-medence Region\u00e1lis H\u00edrport\u00e1l\",\"description\":\"Dorog, Keszt\u00f6lc, Le\u00e1nyv\u00e1r, Piliscs\u00e9v, Tokod, Tokodalt\u00e1r\u00f3, Csolnok, Esztergom-kertv\u00e1ros: h\u00edrek, programok\",\"publisher\":{\"@id\":\"https:\\\/\\\/dorogimedence.hu\\\/#organization\"},\"potentialAction\":[{\"@type\":\"SearchAction\",\"target\":{\"@type\":\"EntryPoint\",\"urlTemplate\":\"https:\\\/\\\/dorogimedence.hu\\\/?s={search_term_string}\"},\"query-input\":{\"@type\":\"PropertyValueSpecification\",\"valueRequired\":true,\"valueName\":\"search_term_string\"}}],\"inLanguage\":\"hu\"},{\"@type\":\"Organization\",\"@id\":\"https:\\\/\\\/dorogimedence.hu\\\/#organization\",\"name\":\"Dorogi-medence Region\u00e1lis H\u00edrport\u00e1l\",\"url\":\"https:\\\/\\\/dorogimedence.hu\\\/\",\"logo\":{\"@type\":\"ImageObject\",\"inLanguage\":\"hu\",\"@id\":\"https:\\\/\\\/dorogimedence.hu\\\/#\\\/schema\\\/logo\\\/image\\\/\",\"url\":\"https:\\\/\\\/dorogimedence.hu\\\/wp-content\\\/uploads\\\/2021\\\/04\\\/logo-feher-600.png\",\"contentUrl\":\"https:\\\/\\\/dorogimedence.hu\\\/wp-content\\\/uploads\\\/2021\\\/04\\\/logo-feher-600.png\",\"width\":600,\"height\":100,\"caption\":\"Dorogi-medence Region\u00e1lis H\u00edrport\u00e1l\"},\"image\":{\"@id\":\"https:\\\/\\\/dorogimedence.hu\\\/#\\\/schema\\\/logo\\\/image\\\/\"},\"sameAs\":[\"https:\\\/\\\/www.facebook.com\\\/dorogimedence\\\/\"]},{\"@type\":\"Person\",\"@id\":\"https:\\\/\\\/dorogimedence.hu\\\/#\\\/schema\\\/person\\\/ce6091eeb7e95ecdc87890d6aa8e0fd4\",\"name\":\"dorogimedence.hu\",\"image\":{\"@type\":\"ImageObject\",\"inLanguage\":\"hu\",\"@id\":\"\\\/\\\/www.gravatar.com\\\/avatar\\\/d8d45f8901aadff40a4af72c0b826f1d?s=96&#038;r=g&#038;d=mm\",\"url\":\"\\\/\\\/www.gravatar.com\\\/avatar\\\/d8d45f8901aadff40a4af72c0b826f1d?s=96&#038;r=g&#038;d=mm\",\"contentUrl\":\"\\\/\\\/www.gravatar.com\\\/avatar\\\/d8d45f8901aadff40a4af72c0b826f1d?s=96&#038;r=g&#038;d=mm\",\"caption\":\"dorogimedence.hu\"}}]}<\/script>\n<!-- \/ Yoast SEO plugin. -->","yoast_head_json":{"title":"Fesztiv\u00e1lok, taxik, sz\u00f3rakoz\u00f3helyek fokozott ellen\u0151rz\u00e9s\u00e9re k\u00e9sz\u00fcl a fogyaszt\u00f3v\u00e9delmi hat\u00f3s\u00e1g","robots":{"index":"index","follow":"follow","max-snippet":"max-snippet:-1","max-image-preview":"max-image-preview:large","max-video-preview":"max-video-preview:-1"},"canonical":"https:\/\/dorogimedence.hu\/index.php\/2025\/05\/08\/fesztivalok-taxik-szorakozohelyek-fokozott-ellenorzesere-keszul-a-fogyasztovedelmi-hatosag\/","og_locale":"hu_HU","og_type":"article","og_title":"Fesztiv\u00e1lok, taxik, sz\u00f3rakoz\u00f3helyek fokozott ellen\u0151rz\u00e9s\u00e9re k\u00e9sz\u00fcl a fogyaszt\u00f3v\u00e9delmi hat\u00f3s\u00e1g","og_description":"A Nemzeti Kereskedelmi \u00e9s Fogyaszt\u00f3v\u00e9delmi Hat\u00f3s\u00e1g (NKFH) id\u00e9n is kiemelt figyelmet ford\u00edt a turizmus n\u00f6veked\u00e9s\u00e9vel p\u00e1rhuzamosan emelked\u0151 kereskedelmi \u00e9s szolg\u00e1ltat\u00e1si tev\u00e9kenys\u00e9gek ellen\u0151rz\u00e9s\u00e9re. A szezon\u00e1lis t\u00e9mavizsg\u00e1lat sor\u00e1n a hat\u00f3s\u00e1g munkat\u00e1rsai a turist\u00e1k \u00e1ltal legink\u00e1bb l\u00e1togatott helysz\u00ednek vend\u00e9gl\u00e1t\u00f3-ipari egys\u00e9geit, a rendezv\u00e9nyekre kitelep\u00fclt, k\u00f6zter\u00fcleti \u00e9s alkalmi \u00e1rusokat, valamint a szem\u00e9lysz\u00e1ll\u00edt\u00f3 szolg\u00e1ltat\u00e1st \u2013 kiemelten a szem\u00e9lytaxi-szolg\u00e1ltat\u00e1st \u2013 ny\u00fajt\u00f3 v\u00e1llalkoz\u00e1sokat","og_url":"https:\/\/dorogimedence.hu\/index.php\/2025\/05\/08\/fesztivalok-taxik-szorakozohelyek-fokozott-ellenorzesere-keszul-a-fogyasztovedelmi-hatosag\/","og_site_name":"Dorogi-medence Region\u00e1lis H\u00edrport\u00e1l","article_publisher":"https:\/\/www.facebook.com\/dorogimedence\/","article_published_time":"2025-05-08T08:55:23+00:00","og_image":[{"width":2000,"height":1335,"url":"https:\/\/dorogimedence.hu\/wp-content\/uploads\/2025\/05\/8371.jpg","type":"image\/jpeg"}],"author":"dorogimedence.hu","twitter_card":"summary_large_image","twitter_misc":{"Szerz\u0151:":"dorogimedence.hu","Becs\u00fclt olvas\u00e1si id\u0151":"3 perc"},"schema":{"@context":"https:\/\/schema.org","@graph":[{"@type":"Article","@id":"https:\/\/dorogimedence.hu\/index.php\/2025\/05\/08\/fesztivalok-taxik-szorakozohelyek-fokozott-ellenorzesere-keszul-a-fogyasztovedelmi-hatosag\/#article","isPartOf":{"@id":"https:\/\/dorogimedence.hu\/index.php\/2025\/05\/08\/fesztivalok-taxik-szorakozohelyek-fokozott-ellenorzesere-keszul-a-fogyasztovedelmi-hatosag\/"},"author":{"name":"dorogimedence.hu","@id":"https:\/\/dorogimedence.hu\/#\/schema\/person\/ce6091eeb7e95ecdc87890d6aa8e0fd4"},"headline":"Fesztiv\u00e1lok, taxik, sz\u00f3rakoz\u00f3helyek fokozott ellen\u0151rz\u00e9s\u00e9re k\u00e9sz\u00fcl a fogyaszt\u00f3v\u00e9delmi hat\u00f3s\u00e1g","datePublished":"2025-05-08T08:55:23+00:00","mainEntityOfPage":{"@id":"https:\/\/dorogimedence.hu\/index.php\/2025\/05\/08\/fesztivalok-taxik-szorakozohelyek-fokozott-ellenorzesere-keszul-a-fogyasztovedelmi-hatosag\/"},"wordCount":531,"publisher":{"@id":"https:\/\/dorogimedence.hu\/#organization"},"image":{"@id":"https:\/\/dorogimedence.hu\/index.php\/2025\/05\/08\/fesztivalok-taxik-szorakozohelyek-fokozott-ellenorzesere-keszul-a-fogyasztovedelmi-hatosag\/#primaryimage"},"thumbnailUrl":"https:\/\/dorogimedence.hu\/wp-content\/uploads\/2025\/05\/8371.jpg","keywords":["ellen\u0151rz\u00e9s","NKFH"],"articleSection":["H\u00edrek"],"inLanguage":"hu"},{"@type":"WebPage","@id":"https:\/\/dorogimedence.hu\/index.php\/2025\/05\/08\/fesztivalok-taxik-szorakozohelyek-fokozott-ellenorzesere-keszul-a-fogyasztovedelmi-hatosag\/","url":"https:\/\/dorogimedence.hu\/index.php\/2025\/05\/08\/fesztivalok-taxik-szorakozohelyek-fokozott-ellenorzesere-keszul-a-fogyasztovedelmi-hatosag\/","name":"Fesztiv\u00e1lok, taxik, sz\u00f3rakoz\u00f3helyek fokozott ellen\u0151rz\u00e9s\u00e9re k\u00e9sz\u00fcl a fogyaszt\u00f3v\u00e9delmi hat\u00f3s\u00e1g","isPartOf":{"@id":"https:\/\/dorogimedence.hu\/#website"},"primaryImageOfPage":{"@id":"https:\/\/dorogimedence.hu\/index.php\/2025\/05\/08\/fesztivalok-taxik-szorakozohelyek-fokozott-ellenorzesere-keszul-a-fogyasztovedelmi-hatosag\/#primaryimage"},"image":{"@id":"https:\/\/dorogimedence.hu\/index.php\/2025\/05\/08\/fesztivalok-taxik-szorakozohelyek-fokozott-ellenorzesere-keszul-a-fogyasztovedelmi-hatosag\/#primaryimage"},"thumbnailUrl":"https:\/\/dorogimedence.hu\/wp-content\/uploads\/2025\/05\/8371.jpg","datePublished":"2025-05-08T08:55:23+00:00","breadcrumb":{"@id":"https:\/\/dorogimedence.hu\/index.php\/2025\/05\/08\/fesztivalok-taxik-szorakozohelyek-fokozott-ellenorzesere-keszul-a-fogyasztovedelmi-hatosag\/#breadcrumb"},"inLanguage":"hu","potentialAction":[{"@type":"ReadAction","target":["https:\/\/dorogimedence.hu\/index.php\/2025\/05\/08\/fesztivalok-taxik-szorakozohelyek-fokozott-ellenorzesere-keszul-a-fogyasztovedelmi-hatosag\/"]}]},{"@type":"ImageObject","inLanguage":"hu","@id":"https:\/\/dorogimedence.hu\/index.php\/2025\/05\/08\/fesztivalok-taxik-szorakozohelyek-fokozott-ellenorzesere-keszul-a-fogyasztovedelmi-hatosag\/#primaryimage","url":"https:\/\/dorogimedence.hu\/wp-content\/uploads\/2025\/05\/8371.jpg","contentUrl":"https:\/\/dorogimedence.hu\/wp-content\/uploads\/2025\/05\/8371.jpg","width":2000,"height":1335},{"@type":"BreadcrumbList","@id":"https:\/\/dorogimedence.hu\/index.php\/2025\/05\/08\/fesztivalok-taxik-szorakozohelyek-fokozott-ellenorzesere-keszul-a-fogyasztovedelmi-hatosag\/#breadcrumb","itemListElement":[{"@type":"ListItem","position":1,"name":"Kezd\u0151lap","item":"https:\/\/dorogimedence.hu\/"},{"@type":"ListItem","position":2,"name":"Fesztiv\u00e1lok, taxik, sz\u00f3rakoz\u00f3helyek fokozott ellen\u0151rz\u00e9s\u00e9re k\u00e9sz\u00fcl a fogyaszt\u00f3v\u00e9delmi hat\u00f3s\u00e1g"}]},{"@type":"WebSite","@id":"https:\/\/dorogimedence.hu\/#website","url":"https:\/\/dorogimedence.hu\/","name":"Dorogi-medence Region\u00e1lis H\u00edrport\u00e1l","description":"Dorog, Keszt\u00f6lc, Le\u00e1nyv\u00e1r, Piliscs\u00e9v, Tokod, Tokodalt\u00e1r\u00f3, Csolnok, Esztergom-kertv\u00e1ros: h\u00edrek, programok","publisher":{"@id":"https:\/\/dorogimedence.hu\/#organization"},"potentialAction":[{"@type":"SearchAction","target":{"@type":"EntryPoint","urlTemplate":"https:\/\/dorogimedence.hu\/?s={search_term_string}"},"query-input":{"@type":"PropertyValueSpecification","valueRequired":true,"valueName":"search_term_string"}}],"inLanguage":"hu"},{"@type":"Organization","@id":"https:\/\/dorogimedence.hu\/#organization","name":"Dorogi-medence Region\u00e1lis H\u00edrport\u00e1l","url":"https:\/\/dorogimedence.hu\/","logo":{"@type":"ImageObject","inLanguage":"hu","@id":"https:\/\/dorogimedence.hu\/#\/schema\/logo\/image\/","url":"https:\/\/dorogimedence.hu\/wp-content\/uploads\/2021\/04\/logo-feher-600.png","contentUrl":"https:\/\/dorogimedence.hu\/wp-content\/uploads\/2021\/04\/logo-feher-600.png","width":600,"height":100,"caption":"Dorogi-medence Region\u00e1lis H\u00edrport\u00e1l"},"image":{"@id":"https:\/\/dorogimedence.hu\/#\/schema\/logo\/image\/"},"sameAs":["https:\/\/www.facebook.com\/dorogimedence\/"]},{"@type":"Person","@id":"https:\/\/dorogimedence.hu\/#\/schema\/person\/ce6091eeb7e95ecdc87890d6aa8e0fd4","name":"dorogimedence.hu","image":{"@type":"ImageObject","inLanguage":"hu","@id":"\/\/www.gravatar.com\/avatar\/d8d45f8901aadff40a4af72c0b826f1d?s=96&#038;r=g&#038;d=mm","url":"\/\/www.gravatar.com\/avatar\/d8d45f8901aadff40a4af72c0b826f1d?s=96&#038;r=g&#038;d=mm","contentUrl":"\/\/www.gravatar.com\/avatar\/d8d45f8901aadff40a4af72c0b826f1d?s=96&#038;r=g&#038;d=mm","caption":"dorogimedence.hu"}}]}},"_links":{"self":[{"href":"https:\/\/dorogimedence.hu\/index.php\/wp-json\/wp\/v2\/posts\/70843","targetHints":{"allow":["GET"]}}],"collection":[{"href":"https:\/\/dorogimedence.hu\/index.php\/wp-json\/wp\/v2\/posts"}],"about":[{"href":"https:\/\/dorogimedence.hu\/index.php\/wp-json\/wp\/v2\/types\/post"}],"author":[{"embeddable":true,"href":"https:\/\/dorogimedence.hu\/index.php\/wp-json\/wp\/v2\/users\/1"}],"replies":[{"embeddable":true,"href":"https:\/\/dorogimedence.hu\/index.php\/wp-json\/wp\/v2\/comments?post=70843"}],"version-history":[{"count":0,"href":"https:\/\/dorogimedence.hu\/index.php\/wp-json\/wp\/v2\/posts\/70843\/revisions"}],"wp:featuredmedia":[{"embeddable":true,"href":"https:\/\/dorogimedence.hu\/index.php\/wp-json\/wp\/v2\/media\/70844"}],"wp:attachment":[{"href":"https:\/\/dorogimedence.hu\/index.php\/wp-json\/wp\/v2\/media?parent=70843"}],"wp:term":[{"taxonomy":"category","embeddable":true,"href":"https:\/\/dorogimedence.hu\/index.php\/wp-json\/wp\/v2\/categories?post=70843"},{"taxonomy":"post_tag","embeddable":true,"href":"https:\/\/dorogimedence.hu\/index.php\/wp-json\/wp\/v2\/tags?post=70843"}],"curies":[{"name":"wp","href":"https:\/\/api.w.org\/{rel}","templated":true}]}}