{"id":70840,"date":"2025-05-08T10:39:44","date_gmt":"2025-05-08T08:39:44","guid":{"rendered":"https:\/\/dorogimedence.hu\/?p=70840"},"modified":"2025-05-08T10:39:44","modified_gmt":"2025-05-08T08:39:44","slug":"iden-uj-celterulettel-bovul-a-hungarikum-palyazati-felhivas","status":"publish","type":"post","link":"https:\/\/dorogimedence.hu\/index.php\/2025\/05\/08\/iden-uj-celterulettel-bovul-a-hungarikum-palyazati-felhivas\/","title":{"rendered":"Id\u00e9n \u00faj c\u00e9lter\u00fclettel b\u0151v\u00fcl a hungarikum p\u00e1ly\u00e1zati felh\u00edv\u00e1s"},"content":{"rendered":"<p><strong>M\u00e1r tizennegyedik alkalommal hirdeti meg a&nbsp;hungarikum&nbsp;p\u00e1ly\u00e1zatot az Agr\u00e1rminiszt\u00e9rium \u00e9s a Hungarikum Bizotts\u00e1g. Az idei ki\u00edr\u00e1s 650 milli\u00f3 forintos keret\u00f6sszeggel n\u00e9gy c\u00e9lter\u00fcletet t\u00e1mogat, k\u00f6zt\u00fck egy \u00fajat is: a n\u00e9pzene \u00e9s a n\u00e9pt\u00e1nc vil\u00e1g\u00e1hoz kapcsol\u00f3d\u00f3 kezdem\u00e9nyez\u00e9sek is beker\u00fcltek a t\u00e1mogatott tev\u00e9kenys\u00e9gek k\u00f6z\u00e9.<\/strong><\/p>\n<p>A&nbsp;hungarikum&nbsp;p\u00e1ly\u00e1zat c\u00e9lja, hogy er\u0151s\u00edtse a nemzeti \u00e9rt\u00e9keink gy\u0171jt\u00e9s\u00e9t, meg\u0151rz\u00e9s\u00e9t \u00e9s n\u00e9pszer\u0171s\u00edt\u00e9s\u00e9t.&nbsp;Id\u00e9n n\u00e9gy c\u00e9lter\u00fcletre lehet p\u00e1ly\u00e1zni: az els\u0151ben hazai \u00e9s k\u00fclhoni p\u00e1ly\u00e1z\u00f3knak elektronikus \u00e9s nyomtatott kiadv\u00e1nyok, f\u00e9nyk\u00e9psorozatok, filmek k\u00e9sz\u00edt\u00e9s\u00e9re, \u00faj honlap l\u00e9trehoz\u00e1s\u00e1ra, megl\u00e9v\u0151 honlap fenntart\u00e1s\u00e1ra \u00e9s fejleszt\u00e9s\u00e9re, rendezv\u00e9nyek megval\u00f3s\u00edt\u00e1s\u00e1ra 520 milli\u00f3 forintos keret\u00f6sszeg \u00e1ll rendelkez\u00e9sre. Szint\u00e9n ennek a pill\u00e9rnek a&nbsp;r\u00e9szek\u00e9nt ig\u00e9nyelhet\u0151 forr\u00e1s a telep\u00fcl\u00e9sre jellemz\u0151 jelk\u00e9peknek, szimb\u00f3lumoknak a telep\u00fcl\u00e9sk\u00e9p arculat\u00e1ba val\u00f3 beilleszt\u00e9s\u00e9re, felhaszn\u00e1l\u00e1s\u00e1ra, azok l\u00e1that\u00f3v\u00e1 t\u00e9tel\u00e9re.<\/p>\n<p>A II. c\u00e9lter\u00fcleten 78 milli\u00f3 forint keret\u00f6sszeg adott&nbsp;<em>\u2013&nbsp;<\/em>\u00e1ltal\u00e1nos iskola fels\u0151 tagozatos \u00e9s k\u00f6z\u00e9piskol\u00e1s di\u00e1kok r\u00e9szv\u00e9tel\u00e9vel&nbsp;<em>\u2013<\/em>&nbsp;vet\u00e9lked\u0151k szervez\u00e9s\u00e9re&nbsp;az identit\u00e1studat meger\u0151s\u00edt\u00e9se \u00e9s a hagyom\u00e1ny\u0151rz\u00e9s \u00e1pol\u00e1sa \u00e9rdek\u00e9ben. Fontos, hogy a K\u00e1rp\u00e1t-medence hagyom\u00e1nyos \u00f6lt\u00f6zet-kult\u00far\u00e1ja, valamint n\u00e9pi k\u00e9zm\u0171ves \u00e9rt\u00e9keinek meg\u0151rz\u00e9se, n\u00e9pszer\u0171s\u00edt\u00e9se, alkalmaz\u00e1sa \u00e1ltal \u00fcnnepeink \u00e9s h\u00e9tk\u00f6znapjaink r\u00e9sz\u00e9v\u00e9 v\u00e1ljon, \u00e9s hordhat\u00f3 kollekci\u00f3k k\u00e9sz\u00fcljenek, ezen t\u00f6rekv\u00e9sek pedig 22 milli\u00f3 forinttal t\u00e1mogathat\u00f3ak a III. c\u00e9lter\u00fcleten.&nbsp;<\/p>\n<p>Egy \u00faj, IV. c\u00e9lter\u00fclet v\u00e1lik el\u00e9rhet\u0151v\u00e9 id\u00e9n, m\u00e9gpedig&nbsp;a \u201eHat\u00e1ron t\u00fali nemzetr\u00e9szek kultur\u00e1lis egy\u00fcttm\u0171k\u00f6d\u00e9se a n\u00e9pzen\u00e9hez, a n\u00e9pt\u00e1nchoz \u00e9s a n\u00e9pi t\u00e1rgyi kult\u00far\u00e1hoz kapcsol\u00f3d\u00f3 nemzeti \u00e9rt\u00e9kek k\u00f6lcs\u00f6n\u00f6s megismertet\u00e9se c\u00e9lj\u00e1b\u00f3l\u201d c\u00edmmel. A 30 milli\u00f3 forintos keret\u00f6sszeg\u0171 pill\u00e9rben K\u00fclhoni Nemzetr\u00e9sz \u00c9rt\u00e9kt\u00e1rat m\u0171k\u00f6dtet\u0151 szervezetek ny\u00fajthatnak be p\u00e1ly\u00e1zatot.&nbsp;A forr\u00e1ssal olyan kultur\u00e1lis rendezv\u00e9nyek t\u00e1mogathat\u00f3k, amelyeken a magyarorsz\u00e1gi \u00e9s k\u00fclhoni nemzetr\u00e9szek n\u00e9pzenei \u00e9s n\u00e9pt\u00e1ncegy\u00fcttesei, m\u0171v\u00e9szei k\u00f6z\u00f6s fell\u00e9p\u00e9sen kereszt\u00fcl mutatj\u00e1k be, hogyan jelenik meg m\u0171v\u00e9szet\u00fckben a Hungarikumok Gy\u0171jtem\u00e9nye, illetve az egyes \u00e9rt\u00e9kt\u00e1rakban szerepl\u0151 nemzeti \u00e9rt\u00e9kek (p\u00e9ld\u00e1ul a magyar citera, a t\u00e1rogat\u00f3, a n\u00e9pi t\u00e1rgyi kult\u00fara, h\u00edmz\u00e9sek stb.).<\/p>\n<p>\u00c9rdemes tudni, hogy valamennyi c\u00e9lter\u00fcletn\u00e9l m\u0171k\u00f6d\u00e9si t\u00e1mogat\u00e1snak nem min\u0151s\u00fcl\u0151, egyszeri, vissza nem t\u00e9r\u00edtend\u0151 t\u00e1mogat\u00e1s ig\u00e9nyelhet\u0151. A t\u00e1mogat\u00e1s intenzit\u00e1sa 100%, vagyis nem sz\u00fcks\u00e9ges \u00f6nr\u00e9szt biztos\u00edtani. Tov\u00e1bbi fontos inform\u00e1ci\u00f3, hogy a p\u00e1ly\u00e1zatok beny\u00fajt\u00e1s\u00e1nak sorrendje nem sz\u00e1m\u00edt. A p\u00e1ly\u00e1zati fel\u00fcleten m\u00e1jus 7-\u00e9n 12:00 \u00f3r\u00e1t\u00f3l lehet regisztr\u00e1lni, kit\u00f6lteni a p\u00e1ly\u00e1zati adatlapokat, illetve a mell\u00e9kleteket felt\u00f6lteni. A p\u00e1ly\u00e1zatok v\u00e9gleges\u00edt\u00e9s\u00e9re m\u00e1jus 20-\u00e1n d\u00e9lel\u0151tt 10:00 \u00f3r\u00e1t\u00f3l van lehet\u0151s\u00e9g. Amennyiben a m\u00e1r v\u00e9gleges\u00edtett p\u00e1ly\u00e1zatok t\u00e1mogat\u00e1si ig\u00e9nye el\u00e9ri az adott c\u00e9lter\u00fclet keret\u00f6sszeg\u00e9nek 150%-\u00e1t, a p\u00e1ly\u00e1zati fel\u00fclet automatikusan, de leghamarabb a nyit\u00e1si napon (2025. m\u00e1jus 20-\u00e1n) 14.00 \u00f3rakor lez\u00e1rul \u00e9s tov\u00e1bbi p\u00e1ly\u00e1zat v\u00e9gleges\u00edt\u00e9s\u00e9re, beny\u00fajt\u00e1s\u00e1ra nem lesz lehet\u0151s\u00e9g.<\/p>\n<p><em>Forr\u00e1s: Agr\u00e1rminiszt\u00e9rium Sajt\u00f3iroda<\/em><\/p>\n","protected":false},"excerpt":{"rendered":"<p>M\u00e1r tizennegyedik alkalommal hirdeti meg a&nbsp;hungarikum&nbsp;p\u00e1ly\u00e1zatot az Agr\u00e1rminiszt\u00e9rium \u00e9s a Hungarikum Bizotts\u00e1g. Az idei ki\u00edr\u00e1s 650 milli\u00f3 forintos keret\u00f6sszeggel n\u00e9gy c\u00e9lter\u00fcletet t\u00e1mogat, k\u00f6zt\u00fck egy \u00fajat is: a n\u00e9pzene \u00e9s a n\u00e9pt\u00e1nc vil\u00e1g\u00e1hoz kapcsol\u00f3d\u00f3 kezdem\u00e9nyez\u00e9sek is beker\u00fcltek a t\u00e1mogatott tev\u00e9kenys\u00e9gek k\u00f6z\u00e9. A&nbsp;hungarikum&nbsp;p\u00e1ly\u00e1zat c\u00e9lja, hogy er\u0151s\u00edtse a nemzeti \u00e9rt\u00e9keink gy\u0171jt\u00e9s\u00e9t, meg\u0151rz\u00e9s\u00e9t \u00e9s n\u00e9pszer\u0171s\u00edt\u00e9s\u00e9t.&nbsp;Id\u00e9n n\u00e9gy c\u00e9lter\u00fcletre lehet p\u00e1ly\u00e1zni:<\/p>\n","protected":false},"author":1,"featured_media":70841,"comment_status":"closed","ping_status":"closed","sticky":false,"template":"","format":"standard","meta":{"ngg_post_thumbnail":0,"footnotes":""},"categories":[6934,3],"tags":[7896],"class_list":{"0":"post-70840","1":"post","2":"type-post","3":"status-publish","4":"format-standard","5":"has-post-thumbnail","7":"category-belfold","8":"category-hirek","9":"tag-hungarikum"},"yoast_head":"<!-- This site is optimized with the Yoast SEO plugin v27.5 - https:\/\/yoast.com\/product\/yoast-seo-wordpress\/ -->\n<title>Id\u00e9n \u00faj c\u00e9lter\u00fclettel b\u0151v\u00fcl a hungarikum p\u00e1ly\u00e1zati felh\u00edv\u00e1s<\/title>\n<meta name=\"robots\" content=\"index, follow, max-snippet:-1, max-image-preview:large, max-video-preview:-1\" \/>\n<link rel=\"canonical\" href=\"https:\/\/dorogimedence.hu\/index.php\/2025\/05\/08\/iden-uj-celterulettel-bovul-a-hungarikum-palyazati-felhivas\/\" class=\"yoast-seo-meta-tag\" \/>\n<meta property=\"og:locale\" content=\"hu_HU\" class=\"yoast-seo-meta-tag\" \/>\n<meta property=\"og:type\" content=\"article\" class=\"yoast-seo-meta-tag\" \/>\n<meta property=\"og:title\" content=\"Id\u00e9n \u00faj c\u00e9lter\u00fclettel b\u0151v\u00fcl a hungarikum p\u00e1ly\u00e1zati felh\u00edv\u00e1s\" class=\"yoast-seo-meta-tag\" \/>\n<meta property=\"og:description\" content=\"M\u00e1r tizennegyedik alkalommal hirdeti meg a&nbsp;hungarikum&nbsp;p\u00e1ly\u00e1zatot az Agr\u00e1rminiszt\u00e9rium \u00e9s a Hungarikum Bizotts\u00e1g. Az idei ki\u00edr\u00e1s 650 milli\u00f3 forintos keret\u00f6sszeggel n\u00e9gy c\u00e9lter\u00fcletet t\u00e1mogat, k\u00f6zt\u00fck egy \u00fajat is: a n\u00e9pzene \u00e9s a n\u00e9pt\u00e1nc vil\u00e1g\u00e1hoz kapcsol\u00f3d\u00f3 kezdem\u00e9nyez\u00e9sek is beker\u00fcltek a t\u00e1mogatott tev\u00e9kenys\u00e9gek k\u00f6z\u00e9. A&nbsp;hungarikum&nbsp;p\u00e1ly\u00e1zat c\u00e9lja, hogy er\u0151s\u00edtse a nemzeti \u00e9rt\u00e9keink gy\u0171jt\u00e9s\u00e9t, meg\u0151rz\u00e9s\u00e9t \u00e9s n\u00e9pszer\u0171s\u00edt\u00e9s\u00e9t.&nbsp;Id\u00e9n n\u00e9gy c\u00e9lter\u00fcletre lehet p\u00e1ly\u00e1zni:\" class=\"yoast-seo-meta-tag\" \/>\n<meta property=\"og:url\" content=\"https:\/\/dorogimedence.hu\/index.php\/2025\/05\/08\/iden-uj-celterulettel-bovul-a-hungarikum-palyazati-felhivas\/\" class=\"yoast-seo-meta-tag\" \/>\n<meta property=\"og:site_name\" content=\"Dorogi-medence Region\u00e1lis H\u00edrport\u00e1l\" class=\"yoast-seo-meta-tag\" \/>\n<meta property=\"article:publisher\" content=\"https:\/\/www.facebook.com\/dorogimedence\/\" class=\"yoast-seo-meta-tag\" \/>\n<meta property=\"article:published_time\" content=\"2025-05-08T08:39:44+00:00\" class=\"yoast-seo-meta-tag\" \/>\n<meta property=\"og:image\" content=\"https:\/\/dorogimedence.hu\/wp-content\/uploads\/2025\/05\/hungarikum.jpg\" class=\"yoast-seo-meta-tag\" \/>\n\t<meta property=\"og:image:width\" content=\"1920\" class=\"yoast-seo-meta-tag\" \/>\n\t<meta property=\"og:image:height\" content=\"970\" class=\"yoast-seo-meta-tag\" \/>\n\t<meta property=\"og:image:type\" content=\"image\/jpeg\" class=\"yoast-seo-meta-tag\" \/>\n<meta name=\"author\" content=\"dorogimedence.hu\" class=\"yoast-seo-meta-tag\" \/>\n<meta name=\"twitter:card\" content=\"summary_large_image\" class=\"yoast-seo-meta-tag\" \/>\n<meta name=\"twitter:label1\" content=\"Szerz\u0151:\" class=\"yoast-seo-meta-tag\" \/>\n\t<meta name=\"twitter:data1\" content=\"dorogimedence.hu\" class=\"yoast-seo-meta-tag\" \/>\n\t<meta name=\"twitter:label2\" content=\"Becs\u00fclt olvas\u00e1si id\u0151\" class=\"yoast-seo-meta-tag\" \/>\n\t<meta name=\"twitter:data2\" content=\"3 perc\" class=\"yoast-seo-meta-tag\" \/>\n<script type=\"application\/ld+json\" class=\"yoast-schema-graph\">{\"@context\":\"https:\\\/\\\/schema.org\",\"@graph\":[{\"@type\":\"Article\",\"@id\":\"https:\\\/\\\/dorogimedence.hu\\\/index.php\\\/2025\\\/05\\\/08\\\/iden-uj-celterulettel-bovul-a-hungarikum-palyazati-felhivas\\\/#article\",\"isPartOf\":{\"@id\":\"https:\\\/\\\/dorogimedence.hu\\\/index.php\\\/2025\\\/05\\\/08\\\/iden-uj-celterulettel-bovul-a-hungarikum-palyazati-felhivas\\\/\"},\"author\":{\"name\":\"dorogimedence.hu\",\"@id\":\"https:\\\/\\\/dorogimedence.hu\\\/#\\\/schema\\\/person\\\/ce6091eeb7e95ecdc87890d6aa8e0fd4\"},\"headline\":\"Id\u00e9n \u00faj c\u00e9lter\u00fclettel b\u0151v\u00fcl a hungarikum p\u00e1ly\u00e1zati felh\u00edv\u00e1s\",\"datePublished\":\"2025-05-08T08:39:44+00:00\",\"mainEntityOfPage\":{\"@id\":\"https:\\\/\\\/dorogimedence.hu\\\/index.php\\\/2025\\\/05\\\/08\\\/iden-uj-celterulettel-bovul-a-hungarikum-palyazati-felhivas\\\/\"},\"wordCount\":713,\"publisher\":{\"@id\":\"https:\\\/\\\/dorogimedence.hu\\\/#organization\"},\"image\":{\"@id\":\"https:\\\/\\\/dorogimedence.hu\\\/index.php\\\/2025\\\/05\\\/08\\\/iden-uj-celterulettel-bovul-a-hungarikum-palyazati-felhivas\\\/#primaryimage\"},\"thumbnailUrl\":\"https:\\\/\\\/dorogimedence.hu\\\/wp-content\\\/uploads\\\/2025\\\/05\\\/hungarikum.jpg\",\"keywords\":[\"hungarikum\"],\"articleSection\":[\"Belf\u00f6ld, Gazdas\u00e1g\",\"H\u00edrek\"],\"inLanguage\":\"hu\"},{\"@type\":\"WebPage\",\"@id\":\"https:\\\/\\\/dorogimedence.hu\\\/index.php\\\/2025\\\/05\\\/08\\\/iden-uj-celterulettel-bovul-a-hungarikum-palyazati-felhivas\\\/\",\"url\":\"https:\\\/\\\/dorogimedence.hu\\\/index.php\\\/2025\\\/05\\\/08\\\/iden-uj-celterulettel-bovul-a-hungarikum-palyazati-felhivas\\\/\",\"name\":\"Id\u00e9n \u00faj c\u00e9lter\u00fclettel b\u0151v\u00fcl a hungarikum p\u00e1ly\u00e1zati felh\u00edv\u00e1s\",\"isPartOf\":{\"@id\":\"https:\\\/\\\/dorogimedence.hu\\\/#website\"},\"primaryImageOfPage\":{\"@id\":\"https:\\\/\\\/dorogimedence.hu\\\/index.php\\\/2025\\\/05\\\/08\\\/iden-uj-celterulettel-bovul-a-hungarikum-palyazati-felhivas\\\/#primaryimage\"},\"image\":{\"@id\":\"https:\\\/\\\/dorogimedence.hu\\\/index.php\\\/2025\\\/05\\\/08\\\/iden-uj-celterulettel-bovul-a-hungarikum-palyazati-felhivas\\\/#primaryimage\"},\"thumbnailUrl\":\"https:\\\/\\\/dorogimedence.hu\\\/wp-content\\\/uploads\\\/2025\\\/05\\\/hungarikum.jpg\",\"datePublished\":\"2025-05-08T08:39:44+00:00\",\"breadcrumb\":{\"@id\":\"https:\\\/\\\/dorogimedence.hu\\\/index.php\\\/2025\\\/05\\\/08\\\/iden-uj-celterulettel-bovul-a-hungarikum-palyazati-felhivas\\\/#breadcrumb\"},\"inLanguage\":\"hu\",\"potentialAction\":[{\"@type\":\"ReadAction\",\"target\":[\"https:\\\/\\\/dorogimedence.hu\\\/index.php\\\/2025\\\/05\\\/08\\\/iden-uj-celterulettel-bovul-a-hungarikum-palyazati-felhivas\\\/\"]}]},{\"@type\":\"ImageObject\",\"inLanguage\":\"hu\",\"@id\":\"https:\\\/\\\/dorogimedence.hu\\\/index.php\\\/2025\\\/05\\\/08\\\/iden-uj-celterulettel-bovul-a-hungarikum-palyazati-felhivas\\\/#primaryimage\",\"url\":\"https:\\\/\\\/dorogimedence.hu\\\/wp-content\\\/uploads\\\/2025\\\/05\\\/hungarikum.jpg\",\"contentUrl\":\"https:\\\/\\\/dorogimedence.hu\\\/wp-content\\\/uploads\\\/2025\\\/05\\\/hungarikum.jpg\",\"width\":1920,\"height\":970},{\"@type\":\"BreadcrumbList\",\"@id\":\"https:\\\/\\\/dorogimedence.hu\\\/index.php\\\/2025\\\/05\\\/08\\\/iden-uj-celterulettel-bovul-a-hungarikum-palyazati-felhivas\\\/#breadcrumb\",\"itemListElement\":[{\"@type\":\"ListItem\",\"position\":1,\"name\":\"Kezd\u0151lap\",\"item\":\"https:\\\/\\\/dorogimedence.hu\\\/\"},{\"@type\":\"ListItem\",\"position\":2,\"name\":\"Id\u00e9n \u00faj c\u00e9lter\u00fclettel b\u0151v\u00fcl a hungarikum p\u00e1ly\u00e1zati felh\u00edv\u00e1s\"}]},{\"@type\":\"WebSite\",\"@id\":\"https:\\\/\\\/dorogimedence.hu\\\/#website\",\"url\":\"https:\\\/\\\/dorogimedence.hu\\\/\",\"name\":\"Dorogi-medence Region\u00e1lis H\u00edrport\u00e1l\",\"description\":\"Dorog, Keszt\u00f6lc, Le\u00e1nyv\u00e1r, Piliscs\u00e9v, Tokod, Tokodalt\u00e1r\u00f3, Csolnok, Esztergom-kertv\u00e1ros: h\u00edrek, programok\",\"publisher\":{\"@id\":\"https:\\\/\\\/dorogimedence.hu\\\/#organization\"},\"potentialAction\":[{\"@type\":\"SearchAction\",\"target\":{\"@type\":\"EntryPoint\",\"urlTemplate\":\"https:\\\/\\\/dorogimedence.hu\\\/?s={search_term_string}\"},\"query-input\":{\"@type\":\"PropertyValueSpecification\",\"valueRequired\":true,\"valueName\":\"search_term_string\"}}],\"inLanguage\":\"hu\"},{\"@type\":\"Organization\",\"@id\":\"https:\\\/\\\/dorogimedence.hu\\\/#organization\",\"name\":\"Dorogi-medence Region\u00e1lis H\u00edrport\u00e1l\",\"url\":\"https:\\\/\\\/dorogimedence.hu\\\/\",\"logo\":{\"@type\":\"ImageObject\",\"inLanguage\":\"hu\",\"@id\":\"https:\\\/\\\/dorogimedence.hu\\\/#\\\/schema\\\/logo\\\/image\\\/\",\"url\":\"https:\\\/\\\/dorogimedence.hu\\\/wp-content\\\/uploads\\\/2021\\\/04\\\/logo-feher-600.png\",\"contentUrl\":\"https:\\\/\\\/dorogimedence.hu\\\/wp-content\\\/uploads\\\/2021\\\/04\\\/logo-feher-600.png\",\"width\":600,\"height\":100,\"caption\":\"Dorogi-medence Region\u00e1lis H\u00edrport\u00e1l\"},\"image\":{\"@id\":\"https:\\\/\\\/dorogimedence.hu\\\/#\\\/schema\\\/logo\\\/image\\\/\"},\"sameAs\":[\"https:\\\/\\\/www.facebook.com\\\/dorogimedence\\\/\"]},{\"@type\":\"Person\",\"@id\":\"https:\\\/\\\/dorogimedence.hu\\\/#\\\/schema\\\/person\\\/ce6091eeb7e95ecdc87890d6aa8e0fd4\",\"name\":\"dorogimedence.hu\",\"image\":{\"@type\":\"ImageObject\",\"inLanguage\":\"hu\",\"@id\":\"\\\/\\\/www.gravatar.com\\\/avatar\\\/d8d45f8901aadff40a4af72c0b826f1d?s=96&#038;r=g&#038;d=mm\",\"url\":\"\\\/\\\/www.gravatar.com\\\/avatar\\\/d8d45f8901aadff40a4af72c0b826f1d?s=96&#038;r=g&#038;d=mm\",\"contentUrl\":\"\\\/\\\/www.gravatar.com\\\/avatar\\\/d8d45f8901aadff40a4af72c0b826f1d?s=96&#038;r=g&#038;d=mm\",\"caption\":\"dorogimedence.hu\"}}]}<\/script>\n<!-- \/ Yoast SEO plugin. -->","yoast_head_json":{"title":"Id\u00e9n \u00faj c\u00e9lter\u00fclettel b\u0151v\u00fcl a hungarikum p\u00e1ly\u00e1zati felh\u00edv\u00e1s","robots":{"index":"index","follow":"follow","max-snippet":"max-snippet:-1","max-image-preview":"max-image-preview:large","max-video-preview":"max-video-preview:-1"},"canonical":"https:\/\/dorogimedence.hu\/index.php\/2025\/05\/08\/iden-uj-celterulettel-bovul-a-hungarikum-palyazati-felhivas\/","og_locale":"hu_HU","og_type":"article","og_title":"Id\u00e9n \u00faj c\u00e9lter\u00fclettel b\u0151v\u00fcl a hungarikum p\u00e1ly\u00e1zati felh\u00edv\u00e1s","og_description":"M\u00e1r tizennegyedik alkalommal hirdeti meg a&nbsp;hungarikum&nbsp;p\u00e1ly\u00e1zatot az Agr\u00e1rminiszt\u00e9rium \u00e9s a Hungarikum Bizotts\u00e1g. Az idei ki\u00edr\u00e1s 650 milli\u00f3 forintos keret\u00f6sszeggel n\u00e9gy c\u00e9lter\u00fcletet t\u00e1mogat, k\u00f6zt\u00fck egy \u00fajat is: a n\u00e9pzene \u00e9s a n\u00e9pt\u00e1nc vil\u00e1g\u00e1hoz kapcsol\u00f3d\u00f3 kezdem\u00e9nyez\u00e9sek is beker\u00fcltek a t\u00e1mogatott tev\u00e9kenys\u00e9gek k\u00f6z\u00e9. A&nbsp;hungarikum&nbsp;p\u00e1ly\u00e1zat c\u00e9lja, hogy er\u0151s\u00edtse a nemzeti \u00e9rt\u00e9keink gy\u0171jt\u00e9s\u00e9t, meg\u0151rz\u00e9s\u00e9t \u00e9s n\u00e9pszer\u0171s\u00edt\u00e9s\u00e9t.&nbsp;Id\u00e9n n\u00e9gy c\u00e9lter\u00fcletre lehet p\u00e1ly\u00e1zni:","og_url":"https:\/\/dorogimedence.hu\/index.php\/2025\/05\/08\/iden-uj-celterulettel-bovul-a-hungarikum-palyazati-felhivas\/","og_site_name":"Dorogi-medence Region\u00e1lis H\u00edrport\u00e1l","article_publisher":"https:\/\/www.facebook.com\/dorogimedence\/","article_published_time":"2025-05-08T08:39:44+00:00","og_image":[{"width":1920,"height":970,"url":"https:\/\/dorogimedence.hu\/wp-content\/uploads\/2025\/05\/hungarikum.jpg","type":"image\/jpeg"}],"author":"dorogimedence.hu","twitter_card":"summary_large_image","twitter_misc":{"Szerz\u0151:":"dorogimedence.hu","Becs\u00fclt olvas\u00e1si id\u0151":"3 perc"},"schema":{"@context":"https:\/\/schema.org","@graph":[{"@type":"Article","@id":"https:\/\/dorogimedence.hu\/index.php\/2025\/05\/08\/iden-uj-celterulettel-bovul-a-hungarikum-palyazati-felhivas\/#article","isPartOf":{"@id":"https:\/\/dorogimedence.hu\/index.php\/2025\/05\/08\/iden-uj-celterulettel-bovul-a-hungarikum-palyazati-felhivas\/"},"author":{"name":"dorogimedence.hu","@id":"https:\/\/dorogimedence.hu\/#\/schema\/person\/ce6091eeb7e95ecdc87890d6aa8e0fd4"},"headline":"Id\u00e9n \u00faj c\u00e9lter\u00fclettel b\u0151v\u00fcl a hungarikum p\u00e1ly\u00e1zati felh\u00edv\u00e1s","datePublished":"2025-05-08T08:39:44+00:00","mainEntityOfPage":{"@id":"https:\/\/dorogimedence.hu\/index.php\/2025\/05\/08\/iden-uj-celterulettel-bovul-a-hungarikum-palyazati-felhivas\/"},"wordCount":713,"publisher":{"@id":"https:\/\/dorogimedence.hu\/#organization"},"image":{"@id":"https:\/\/dorogimedence.hu\/index.php\/2025\/05\/08\/iden-uj-celterulettel-bovul-a-hungarikum-palyazati-felhivas\/#primaryimage"},"thumbnailUrl":"https:\/\/dorogimedence.hu\/wp-content\/uploads\/2025\/05\/hungarikum.jpg","keywords":["hungarikum"],"articleSection":["Belf\u00f6ld, Gazdas\u00e1g","H\u00edrek"],"inLanguage":"hu"},{"@type":"WebPage","@id":"https:\/\/dorogimedence.hu\/index.php\/2025\/05\/08\/iden-uj-celterulettel-bovul-a-hungarikum-palyazati-felhivas\/","url":"https:\/\/dorogimedence.hu\/index.php\/2025\/05\/08\/iden-uj-celterulettel-bovul-a-hungarikum-palyazati-felhivas\/","name":"Id\u00e9n \u00faj c\u00e9lter\u00fclettel b\u0151v\u00fcl a hungarikum p\u00e1ly\u00e1zati felh\u00edv\u00e1s","isPartOf":{"@id":"https:\/\/dorogimedence.hu\/#website"},"primaryImageOfPage":{"@id":"https:\/\/dorogimedence.hu\/index.php\/2025\/05\/08\/iden-uj-celterulettel-bovul-a-hungarikum-palyazati-felhivas\/#primaryimage"},"image":{"@id":"https:\/\/dorogimedence.hu\/index.php\/2025\/05\/08\/iden-uj-celterulettel-bovul-a-hungarikum-palyazati-felhivas\/#primaryimage"},"thumbnailUrl":"https:\/\/dorogimedence.hu\/wp-content\/uploads\/2025\/05\/hungarikum.jpg","datePublished":"2025-05-08T08:39:44+00:00","breadcrumb":{"@id":"https:\/\/dorogimedence.hu\/index.php\/2025\/05\/08\/iden-uj-celterulettel-bovul-a-hungarikum-palyazati-felhivas\/#breadcrumb"},"inLanguage":"hu","potentialAction":[{"@type":"ReadAction","target":["https:\/\/dorogimedence.hu\/index.php\/2025\/05\/08\/iden-uj-celterulettel-bovul-a-hungarikum-palyazati-felhivas\/"]}]},{"@type":"ImageObject","inLanguage":"hu","@id":"https:\/\/dorogimedence.hu\/index.php\/2025\/05\/08\/iden-uj-celterulettel-bovul-a-hungarikum-palyazati-felhivas\/#primaryimage","url":"https:\/\/dorogimedence.hu\/wp-content\/uploads\/2025\/05\/hungarikum.jpg","contentUrl":"https:\/\/dorogimedence.hu\/wp-content\/uploads\/2025\/05\/hungarikum.jpg","width":1920,"height":970},{"@type":"BreadcrumbList","@id":"https:\/\/dorogimedence.hu\/index.php\/2025\/05\/08\/iden-uj-celterulettel-bovul-a-hungarikum-palyazati-felhivas\/#breadcrumb","itemListElement":[{"@type":"ListItem","position":1,"name":"Kezd\u0151lap","item":"https:\/\/dorogimedence.hu\/"},{"@type":"ListItem","position":2,"name":"Id\u00e9n \u00faj c\u00e9lter\u00fclettel b\u0151v\u00fcl a hungarikum p\u00e1ly\u00e1zati felh\u00edv\u00e1s"}]},{"@type":"WebSite","@id":"https:\/\/dorogimedence.hu\/#website","url":"https:\/\/dorogimedence.hu\/","name":"Dorogi-medence Region\u00e1lis H\u00edrport\u00e1l","description":"Dorog, Keszt\u00f6lc, Le\u00e1nyv\u00e1r, Piliscs\u00e9v, Tokod, Tokodalt\u00e1r\u00f3, Csolnok, Esztergom-kertv\u00e1ros: h\u00edrek, programok","publisher":{"@id":"https:\/\/dorogimedence.hu\/#organization"},"potentialAction":[{"@type":"SearchAction","target":{"@type":"EntryPoint","urlTemplate":"https:\/\/dorogimedence.hu\/?s={search_term_string}"},"query-input":{"@type":"PropertyValueSpecification","valueRequired":true,"valueName":"search_term_string"}}],"inLanguage":"hu"},{"@type":"Organization","@id":"https:\/\/dorogimedence.hu\/#organization","name":"Dorogi-medence Region\u00e1lis H\u00edrport\u00e1l","url":"https:\/\/dorogimedence.hu\/","logo":{"@type":"ImageObject","inLanguage":"hu","@id":"https:\/\/dorogimedence.hu\/#\/schema\/logo\/image\/","url":"https:\/\/dorogimedence.hu\/wp-content\/uploads\/2021\/04\/logo-feher-600.png","contentUrl":"https:\/\/dorogimedence.hu\/wp-content\/uploads\/2021\/04\/logo-feher-600.png","width":600,"height":100,"caption":"Dorogi-medence Region\u00e1lis H\u00edrport\u00e1l"},"image":{"@id":"https:\/\/dorogimedence.hu\/#\/schema\/logo\/image\/"},"sameAs":["https:\/\/www.facebook.com\/dorogimedence\/"]},{"@type":"Person","@id":"https:\/\/dorogimedence.hu\/#\/schema\/person\/ce6091eeb7e95ecdc87890d6aa8e0fd4","name":"dorogimedence.hu","image":{"@type":"ImageObject","inLanguage":"hu","@id":"\/\/www.gravatar.com\/avatar\/d8d45f8901aadff40a4af72c0b826f1d?s=96&#038;r=g&#038;d=mm","url":"\/\/www.gravatar.com\/avatar\/d8d45f8901aadff40a4af72c0b826f1d?s=96&#038;r=g&#038;d=mm","contentUrl":"\/\/www.gravatar.com\/avatar\/d8d45f8901aadff40a4af72c0b826f1d?s=96&#038;r=g&#038;d=mm","caption":"dorogimedence.hu"}}]}},"_links":{"self":[{"href":"https:\/\/dorogimedence.hu\/index.php\/wp-json\/wp\/v2\/posts\/70840","targetHints":{"allow":["GET"]}}],"collection":[{"href":"https:\/\/dorogimedence.hu\/index.php\/wp-json\/wp\/v2\/posts"}],"about":[{"href":"https:\/\/dorogimedence.hu\/index.php\/wp-json\/wp\/v2\/types\/post"}],"author":[{"embeddable":true,"href":"https:\/\/dorogimedence.hu\/index.php\/wp-json\/wp\/v2\/users\/1"}],"replies":[{"embeddable":true,"href":"https:\/\/dorogimedence.hu\/index.php\/wp-json\/wp\/v2\/comments?post=70840"}],"version-history":[{"count":0,"href":"https:\/\/dorogimedence.hu\/index.php\/wp-json\/wp\/v2\/posts\/70840\/revisions"}],"wp:featuredmedia":[{"embeddable":true,"href":"https:\/\/dorogimedence.hu\/index.php\/wp-json\/wp\/v2\/media\/70841"}],"wp:attachment":[{"href":"https:\/\/dorogimedence.hu\/index.php\/wp-json\/wp\/v2\/media?parent=70840"}],"wp:term":[{"taxonomy":"category","embeddable":true,"href":"https:\/\/dorogimedence.hu\/index.php\/wp-json\/wp\/v2\/categories?post=70840"},{"taxonomy":"post_tag","embeddable":true,"href":"https:\/\/dorogimedence.hu\/index.php\/wp-json\/wp\/v2\/tags?post=70840"}],"curies":[{"name":"wp","href":"https:\/\/api.w.org\/{rel}","templated":true}]}}