{"id":70759,"date":"2025-05-05T10:33:44","date_gmt":"2025-05-05T08:33:44","guid":{"rendered":"https:\/\/dorogimedence.hu\/?p=70759"},"modified":"2025-05-05T10:35:11","modified_gmt":"2025-05-05T08:35:11","slug":"veszpremben-sem-tudott-nyerni-a-dorog","status":"publish","type":"post","link":"https:\/\/dorogimedence.hu\/index.php\/2025\/05\/05\/veszpremben-sem-tudott-nyerni-a-dorog\/","title":{"rendered":"Veszpr\u00e9mben sem tudott nyerni a Dorog"},"content":{"rendered":"<p><strong>M\u00e1jus 4-\u00e9n, vas\u00e1rnap rendezt\u00e9k meg a Labdar\u00fag\u00f3 NB III. \u00c9szak-Nyugati csoport 27. fordul\u00f3j\u00e1t. A Dorog a Veszpr\u00e9m otthon\u00e1ban s\u00falyos veres\u00e9get szenvedett, az eredm\u00e9ny 4-1 lett.<\/strong><\/p>\n<p>A hazaiak a 18. percben szerezt\u00e9k meg els\u0151 g\u00f3ljukat T\u00f6m\u00f6sv\u00e1ri B\u00e1lint szem\u00e9ly\u00e9ben, majd Volter Patrik is a dorogiak kapuj\u00e1ba tal\u00e1lt a 28. percben. A v\u00e1lasz a vend\u00e9gek r\u00e9sz\u00e9r\u0151l csak a 42. percben \u00e9rkezett, a g\u00f3lt Gula Boldizs\u00e1r \u00e9rt\u00e9kes\u00edtette. A m\u00e1sodik f\u00e9lid\u0151 nagyon nem kedvezett a dorogiaknak, olyannyira, hogy Moln\u00e1r Bal\u00e1zs a 64. \u00e9s a 75. percben is a kapujukba tal\u00e1lt.<\/p>\n<p>A dorogiakat az is h\u00e1tr\u00e1ltatta, hogy eltilt\u00e1s miatt hi\u00e1nyzott L\u00e9n\u00e1rth Tam\u00e1s. S\u00e9r\u00fcl\u00e9s miatt n\u00e9lk\u00fcl\u00f6zni kellett Hoszpod\u00e1r Benc\u00e9t, Klausz \u00c1d\u00e1mot \u00e9s Erdei Mil\u00e1nt. Sid\u00f3 Zal\u00e1n pedig az \u00e9retts\u00e9gire k\u00e9sz\u00fclt.<\/p>\n<p>NB III. \u00c9szak-Nyugati csoport 27. fordul\u00f3<br \/>\n2025. m\u00e1jus 4. vas\u00e1rnap 17:00, Veszpr\u00e9mi V\u00e1rosi Stadion<br \/>\n<strong>VSC 2015 VESZPR\u00c9M &#8211; DOROGI FC 4-1<\/strong><\/p>\n<p>A dorogiak jelenleg 26 ponttal a tabella 12. hely\u00e9t foglalj\u00e1k el. A 28. fordul\u00f3ban m\u00e1jus 11-\u00e9n, vas\u00e1rnap 17 \u00f3rakor a Dorogi FC vend\u00e9ge a Szombathelyi Halad\u00e1s lesz.<\/p>\n<p><em>Forr\u00e1s: Dorogi-medence \/ MLSZ \/ Dorogi Futball Kft.<\/em><\/p>\n","protected":false},"excerpt":{"rendered":"<p>M\u00e1jus 4-\u00e9n, vas\u00e1rnap rendezt\u00e9k meg a Labdar\u00fag\u00f3 NB III. \u00c9szak-Nyugati csoport 27. fordul\u00f3j\u00e1t. A Dorog a Veszpr\u00e9m otthon\u00e1ban s\u00falyos veres\u00e9get szenvedett, az eredm\u00e9ny 4-1 lett. A hazaiak a 18. percben szerezt\u00e9k meg els\u0151 g\u00f3ljukat T\u00f6m\u00f6sv\u00e1ri B\u00e1lint szem\u00e9ly\u00e9ben, majd Volter Patrik is a dorogiak kapuj\u00e1ba tal\u00e1lt a 28. percben. A v\u00e1lasz a vend\u00e9gek r\u00e9sz\u00e9r\u0151l csak a<\/p>\n","protected":false},"author":1,"featured_media":65640,"comment_status":"closed","ping_status":"closed","sticky":false,"template":"","format":"standard","meta":{"ngg_post_thumbnail":0,"footnotes":""},"categories":[2,3,5],"tags":[15,37,70,69,72,7311,16,4598],"class_list":{"0":"post-70759","1":"post","2":"type-post","3":"status-publish","4":"format-standard","5":"has-post-thumbnail","7":"category-dorog","8":"category-hirek","9":"category-sport","10":"tag-dorog","11":"tag-dorogi-fc","12":"tag-foci","13":"tag-futball","14":"tag-labdarugas","15":"tag-nb-iii","16":"tag-sport","17":"tag-veszprem"},"yoast_head":"<!-- This site is optimized with the Yoast SEO plugin v27.5 - https:\/\/yoast.com\/product\/yoast-seo-wordpress\/ -->\n<title>Veszpr\u00e9mben sem tudott nyerni a Dorog<\/title>\n<meta name=\"robots\" content=\"index, follow, max-snippet:-1, max-image-preview:large, max-video-preview:-1\" \/>\n<link rel=\"canonical\" href=\"https:\/\/dorogimedence.hu\/index.php\/2025\/05\/05\/veszpremben-sem-tudott-nyerni-a-dorog\/\" class=\"yoast-seo-meta-tag\" \/>\n<meta property=\"og:locale\" content=\"hu_HU\" class=\"yoast-seo-meta-tag\" \/>\n<meta property=\"og:type\" content=\"article\" class=\"yoast-seo-meta-tag\" \/>\n<meta property=\"og:title\" content=\"Veszpr\u00e9mben sem tudott nyerni a Dorog\" class=\"yoast-seo-meta-tag\" \/>\n<meta property=\"og:description\" content=\"M\u00e1jus 4-\u00e9n, vas\u00e1rnap rendezt\u00e9k meg a Labdar\u00fag\u00f3 NB III. \u00c9szak-Nyugati csoport 27. fordul\u00f3j\u00e1t. A Dorog a Veszpr\u00e9m otthon\u00e1ban s\u00falyos veres\u00e9get szenvedett, az eredm\u00e9ny 4-1 lett. A hazaiak a 18. percben szerezt\u00e9k meg els\u0151 g\u00f3ljukat T\u00f6m\u00f6sv\u00e1ri B\u00e1lint szem\u00e9ly\u00e9ben, majd Volter Patrik is a dorogiak kapuj\u00e1ba tal\u00e1lt a 28. percben. A v\u00e1lasz a vend\u00e9gek r\u00e9sz\u00e9r\u0151l csak a\" class=\"yoast-seo-meta-tag\" \/>\n<meta property=\"og:url\" content=\"https:\/\/dorogimedence.hu\/index.php\/2025\/05\/05\/veszpremben-sem-tudott-nyerni-a-dorog\/\" class=\"yoast-seo-meta-tag\" \/>\n<meta property=\"og:site_name\" content=\"Dorogi-medence Region\u00e1lis H\u00edrport\u00e1l\" class=\"yoast-seo-meta-tag\" \/>\n<meta property=\"article:publisher\" content=\"https:\/\/www.facebook.com\/dorogimedence\/\" class=\"yoast-seo-meta-tag\" \/>\n<meta property=\"article:published_time\" content=\"2025-05-05T08:33:44+00:00\" class=\"yoast-seo-meta-tag\" \/>\n<meta property=\"article:modified_time\" content=\"2025-05-05T08:35:11+00:00\" class=\"yoast-seo-meta-tag\" \/>\n<meta property=\"og:image\" content=\"https:\/\/dorogimedence.hu\/wp-content\/uploads\/2024\/10\/foci-01.jpg\" class=\"yoast-seo-meta-tag\" \/>\n\t<meta property=\"og:image:width\" content=\"1920\" class=\"yoast-seo-meta-tag\" \/>\n\t<meta property=\"og:image:height\" content=\"1280\" class=\"yoast-seo-meta-tag\" \/>\n\t<meta property=\"og:image:type\" content=\"image\/jpeg\" class=\"yoast-seo-meta-tag\" \/>\n<meta name=\"author\" content=\"dorogimedence.hu\" class=\"yoast-seo-meta-tag\" \/>\n<meta name=\"twitter:card\" content=\"summary_large_image\" class=\"yoast-seo-meta-tag\" \/>\n<meta name=\"twitter:label1\" content=\"Szerz\u0151:\" class=\"yoast-seo-meta-tag\" \/>\n\t<meta name=\"twitter:data1\" content=\"dorogimedence.hu\" class=\"yoast-seo-meta-tag\" \/>\n\t<meta name=\"twitter:label2\" content=\"Becs\u00fclt olvas\u00e1si id\u0151\" class=\"yoast-seo-meta-tag\" \/>\n\t<meta name=\"twitter:data2\" content=\"1 perc\" class=\"yoast-seo-meta-tag\" \/>\n<script type=\"application\/ld+json\" class=\"yoast-schema-graph\">{\"@context\":\"https:\\\/\\\/schema.org\",\"@graph\":[{\"@type\":\"Article\",\"@id\":\"https:\\\/\\\/dorogimedence.hu\\\/index.php\\\/2025\\\/05\\\/05\\\/veszpremben-sem-tudott-nyerni-a-dorog\\\/#article\",\"isPartOf\":{\"@id\":\"https:\\\/\\\/dorogimedence.hu\\\/index.php\\\/2025\\\/05\\\/05\\\/veszpremben-sem-tudott-nyerni-a-dorog\\\/\"},\"author\":{\"name\":\"dorogimedence.hu\",\"@id\":\"https:\\\/\\\/dorogimedence.hu\\\/#\\\/schema\\\/person\\\/ce6091eeb7e95ecdc87890d6aa8e0fd4\"},\"headline\":\"Veszpr\u00e9mben sem tudott nyerni a Dorog\",\"datePublished\":\"2025-05-05T08:33:44+00:00\",\"dateModified\":\"2025-05-05T08:35:11+00:00\",\"mainEntityOfPage\":{\"@id\":\"https:\\\/\\\/dorogimedence.hu\\\/index.php\\\/2025\\\/05\\\/05\\\/veszpremben-sem-tudott-nyerni-a-dorog\\\/\"},\"wordCount\":230,\"publisher\":{\"@id\":\"https:\\\/\\\/dorogimedence.hu\\\/#organization\"},\"image\":{\"@id\":\"https:\\\/\\\/dorogimedence.hu\\\/index.php\\\/2025\\\/05\\\/05\\\/veszpremben-sem-tudott-nyerni-a-dorog\\\/#primaryimage\"},\"thumbnailUrl\":\"https:\\\/\\\/dorogimedence.hu\\\/wp-content\\\/uploads\\\/2024\\\/10\\\/foci-01.jpg\",\"keywords\":[\"Dorog\",\"Dorogi FC\",\"foci\",\"futball\",\"labdar\u00fag\u00e1s\",\"NB III\",\"sport\",\"Veszpr\u00e9m\"],\"articleSection\":[\"Dorog\",\"H\u00edrek\",\"Sport\"],\"inLanguage\":\"hu\"},{\"@type\":\"WebPage\",\"@id\":\"https:\\\/\\\/dorogimedence.hu\\\/index.php\\\/2025\\\/05\\\/05\\\/veszpremben-sem-tudott-nyerni-a-dorog\\\/\",\"url\":\"https:\\\/\\\/dorogimedence.hu\\\/index.php\\\/2025\\\/05\\\/05\\\/veszpremben-sem-tudott-nyerni-a-dorog\\\/\",\"name\":\"Veszpr\u00e9mben sem tudott nyerni a Dorog\",\"isPartOf\":{\"@id\":\"https:\\\/\\\/dorogimedence.hu\\\/#website\"},\"primaryImageOfPage\":{\"@id\":\"https:\\\/\\\/dorogimedence.hu\\\/index.php\\\/2025\\\/05\\\/05\\\/veszpremben-sem-tudott-nyerni-a-dorog\\\/#primaryimage\"},\"image\":{\"@id\":\"https:\\\/\\\/dorogimedence.hu\\\/index.php\\\/2025\\\/05\\\/05\\\/veszpremben-sem-tudott-nyerni-a-dorog\\\/#primaryimage\"},\"thumbnailUrl\":\"https:\\\/\\\/dorogimedence.hu\\\/wp-content\\\/uploads\\\/2024\\\/10\\\/foci-01.jpg\",\"datePublished\":\"2025-05-05T08:33:44+00:00\",\"dateModified\":\"2025-05-05T08:35:11+00:00\",\"breadcrumb\":{\"@id\":\"https:\\\/\\\/dorogimedence.hu\\\/index.php\\\/2025\\\/05\\\/05\\\/veszpremben-sem-tudott-nyerni-a-dorog\\\/#breadcrumb\"},\"inLanguage\":\"hu\",\"potentialAction\":[{\"@type\":\"ReadAction\",\"target\":[\"https:\\\/\\\/dorogimedence.hu\\\/index.php\\\/2025\\\/05\\\/05\\\/veszpremben-sem-tudott-nyerni-a-dorog\\\/\"]}]},{\"@type\":\"ImageObject\",\"inLanguage\":\"hu\",\"@id\":\"https:\\\/\\\/dorogimedence.hu\\\/index.php\\\/2025\\\/05\\\/05\\\/veszpremben-sem-tudott-nyerni-a-dorog\\\/#primaryimage\",\"url\":\"https:\\\/\\\/dorogimedence.hu\\\/wp-content\\\/uploads\\\/2024\\\/10\\\/foci-01.jpg\",\"contentUrl\":\"https:\\\/\\\/dorogimedence.hu\\\/wp-content\\\/uploads\\\/2024\\\/10\\\/foci-01.jpg\",\"width\":1920,\"height\":1280},{\"@type\":\"BreadcrumbList\",\"@id\":\"https:\\\/\\\/dorogimedence.hu\\\/index.php\\\/2025\\\/05\\\/05\\\/veszpremben-sem-tudott-nyerni-a-dorog\\\/#breadcrumb\",\"itemListElement\":[{\"@type\":\"ListItem\",\"position\":1,\"name\":\"Kezd\u0151lap\",\"item\":\"https:\\\/\\\/dorogimedence.hu\\\/\"},{\"@type\":\"ListItem\",\"position\":2,\"name\":\"Veszpr\u00e9mben sem tudott nyerni a Dorog\"}]},{\"@type\":\"WebSite\",\"@id\":\"https:\\\/\\\/dorogimedence.hu\\\/#website\",\"url\":\"https:\\\/\\\/dorogimedence.hu\\\/\",\"name\":\"Dorogi-medence Region\u00e1lis H\u00edrport\u00e1l\",\"description\":\"Dorog, Keszt\u00f6lc, Le\u00e1nyv\u00e1r, Piliscs\u00e9v, Tokod, Tokodalt\u00e1r\u00f3, Csolnok, Esztergom-kertv\u00e1ros: h\u00edrek, programok\",\"publisher\":{\"@id\":\"https:\\\/\\\/dorogimedence.hu\\\/#organization\"},\"potentialAction\":[{\"@type\":\"SearchAction\",\"target\":{\"@type\":\"EntryPoint\",\"urlTemplate\":\"https:\\\/\\\/dorogimedence.hu\\\/?s={search_term_string}\"},\"query-input\":{\"@type\":\"PropertyValueSpecification\",\"valueRequired\":true,\"valueName\":\"search_term_string\"}}],\"inLanguage\":\"hu\"},{\"@type\":\"Organization\",\"@id\":\"https:\\\/\\\/dorogimedence.hu\\\/#organization\",\"name\":\"Dorogi-medence Region\u00e1lis H\u00edrport\u00e1l\",\"url\":\"https:\\\/\\\/dorogimedence.hu\\\/\",\"logo\":{\"@type\":\"ImageObject\",\"inLanguage\":\"hu\",\"@id\":\"https:\\\/\\\/dorogimedence.hu\\\/#\\\/schema\\\/logo\\\/image\\\/\",\"url\":\"https:\\\/\\\/dorogimedence.hu\\\/wp-content\\\/uploads\\\/2021\\\/04\\\/logo-feher-600.png\",\"contentUrl\":\"https:\\\/\\\/dorogimedence.hu\\\/wp-content\\\/uploads\\\/2021\\\/04\\\/logo-feher-600.png\",\"width\":600,\"height\":100,\"caption\":\"Dorogi-medence Region\u00e1lis H\u00edrport\u00e1l\"},\"image\":{\"@id\":\"https:\\\/\\\/dorogimedence.hu\\\/#\\\/schema\\\/logo\\\/image\\\/\"},\"sameAs\":[\"https:\\\/\\\/www.facebook.com\\\/dorogimedence\\\/\"]},{\"@type\":\"Person\",\"@id\":\"https:\\\/\\\/dorogimedence.hu\\\/#\\\/schema\\\/person\\\/ce6091eeb7e95ecdc87890d6aa8e0fd4\",\"name\":\"dorogimedence.hu\",\"image\":{\"@type\":\"ImageObject\",\"inLanguage\":\"hu\",\"@id\":\"\\\/\\\/www.gravatar.com\\\/avatar\\\/d8d45f8901aadff40a4af72c0b826f1d?s=96&#038;r=g&#038;d=mm\",\"url\":\"\\\/\\\/www.gravatar.com\\\/avatar\\\/d8d45f8901aadff40a4af72c0b826f1d?s=96&#038;r=g&#038;d=mm\",\"contentUrl\":\"\\\/\\\/www.gravatar.com\\\/avatar\\\/d8d45f8901aadff40a4af72c0b826f1d?s=96&#038;r=g&#038;d=mm\",\"caption\":\"dorogimedence.hu\"}}]}<\/script>\n<!-- \/ Yoast SEO plugin. -->","yoast_head_json":{"title":"Veszpr\u00e9mben sem tudott nyerni a Dorog","robots":{"index":"index","follow":"follow","max-snippet":"max-snippet:-1","max-image-preview":"max-image-preview:large","max-video-preview":"max-video-preview:-1"},"canonical":"https:\/\/dorogimedence.hu\/index.php\/2025\/05\/05\/veszpremben-sem-tudott-nyerni-a-dorog\/","og_locale":"hu_HU","og_type":"article","og_title":"Veszpr\u00e9mben sem tudott nyerni a Dorog","og_description":"M\u00e1jus 4-\u00e9n, vas\u00e1rnap rendezt\u00e9k meg a Labdar\u00fag\u00f3 NB III. \u00c9szak-Nyugati csoport 27. fordul\u00f3j\u00e1t. A Dorog a Veszpr\u00e9m otthon\u00e1ban s\u00falyos veres\u00e9get szenvedett, az eredm\u00e9ny 4-1 lett. A hazaiak a 18. percben szerezt\u00e9k meg els\u0151 g\u00f3ljukat T\u00f6m\u00f6sv\u00e1ri B\u00e1lint szem\u00e9ly\u00e9ben, majd Volter Patrik is a dorogiak kapuj\u00e1ba tal\u00e1lt a 28. percben. A v\u00e1lasz a vend\u00e9gek r\u00e9sz\u00e9r\u0151l csak a","og_url":"https:\/\/dorogimedence.hu\/index.php\/2025\/05\/05\/veszpremben-sem-tudott-nyerni-a-dorog\/","og_site_name":"Dorogi-medence Region\u00e1lis H\u00edrport\u00e1l","article_publisher":"https:\/\/www.facebook.com\/dorogimedence\/","article_published_time":"2025-05-05T08:33:44+00:00","article_modified_time":"2025-05-05T08:35:11+00:00","og_image":[{"width":1920,"height":1280,"url":"https:\/\/dorogimedence.hu\/wp-content\/uploads\/2024\/10\/foci-01.jpg","type":"image\/jpeg"}],"author":"dorogimedence.hu","twitter_card":"summary_large_image","twitter_misc":{"Szerz\u0151:":"dorogimedence.hu","Becs\u00fclt olvas\u00e1si id\u0151":"1 perc"},"schema":{"@context":"https:\/\/schema.org","@graph":[{"@type":"Article","@id":"https:\/\/dorogimedence.hu\/index.php\/2025\/05\/05\/veszpremben-sem-tudott-nyerni-a-dorog\/#article","isPartOf":{"@id":"https:\/\/dorogimedence.hu\/index.php\/2025\/05\/05\/veszpremben-sem-tudott-nyerni-a-dorog\/"},"author":{"name":"dorogimedence.hu","@id":"https:\/\/dorogimedence.hu\/#\/schema\/person\/ce6091eeb7e95ecdc87890d6aa8e0fd4"},"headline":"Veszpr\u00e9mben sem tudott nyerni a Dorog","datePublished":"2025-05-05T08:33:44+00:00","dateModified":"2025-05-05T08:35:11+00:00","mainEntityOfPage":{"@id":"https:\/\/dorogimedence.hu\/index.php\/2025\/05\/05\/veszpremben-sem-tudott-nyerni-a-dorog\/"},"wordCount":230,"publisher":{"@id":"https:\/\/dorogimedence.hu\/#organization"},"image":{"@id":"https:\/\/dorogimedence.hu\/index.php\/2025\/05\/05\/veszpremben-sem-tudott-nyerni-a-dorog\/#primaryimage"},"thumbnailUrl":"https:\/\/dorogimedence.hu\/wp-content\/uploads\/2024\/10\/foci-01.jpg","keywords":["Dorog","Dorogi FC","foci","futball","labdar\u00fag\u00e1s","NB III","sport","Veszpr\u00e9m"],"articleSection":["Dorog","H\u00edrek","Sport"],"inLanguage":"hu"},{"@type":"WebPage","@id":"https:\/\/dorogimedence.hu\/index.php\/2025\/05\/05\/veszpremben-sem-tudott-nyerni-a-dorog\/","url":"https:\/\/dorogimedence.hu\/index.php\/2025\/05\/05\/veszpremben-sem-tudott-nyerni-a-dorog\/","name":"Veszpr\u00e9mben sem tudott nyerni a Dorog","isPartOf":{"@id":"https:\/\/dorogimedence.hu\/#website"},"primaryImageOfPage":{"@id":"https:\/\/dorogimedence.hu\/index.php\/2025\/05\/05\/veszpremben-sem-tudott-nyerni-a-dorog\/#primaryimage"},"image":{"@id":"https:\/\/dorogimedence.hu\/index.php\/2025\/05\/05\/veszpremben-sem-tudott-nyerni-a-dorog\/#primaryimage"},"thumbnailUrl":"https:\/\/dorogimedence.hu\/wp-content\/uploads\/2024\/10\/foci-01.jpg","datePublished":"2025-05-05T08:33:44+00:00","dateModified":"2025-05-05T08:35:11+00:00","breadcrumb":{"@id":"https:\/\/dorogimedence.hu\/index.php\/2025\/05\/05\/veszpremben-sem-tudott-nyerni-a-dorog\/#breadcrumb"},"inLanguage":"hu","potentialAction":[{"@type":"ReadAction","target":["https:\/\/dorogimedence.hu\/index.php\/2025\/05\/05\/veszpremben-sem-tudott-nyerni-a-dorog\/"]}]},{"@type":"ImageObject","inLanguage":"hu","@id":"https:\/\/dorogimedence.hu\/index.php\/2025\/05\/05\/veszpremben-sem-tudott-nyerni-a-dorog\/#primaryimage","url":"https:\/\/dorogimedence.hu\/wp-content\/uploads\/2024\/10\/foci-01.jpg","contentUrl":"https:\/\/dorogimedence.hu\/wp-content\/uploads\/2024\/10\/foci-01.jpg","width":1920,"height":1280},{"@type":"BreadcrumbList","@id":"https:\/\/dorogimedence.hu\/index.php\/2025\/05\/05\/veszpremben-sem-tudott-nyerni-a-dorog\/#breadcrumb","itemListElement":[{"@type":"ListItem","position":1,"name":"Kezd\u0151lap","item":"https:\/\/dorogimedence.hu\/"},{"@type":"ListItem","position":2,"name":"Veszpr\u00e9mben sem tudott nyerni a Dorog"}]},{"@type":"WebSite","@id":"https:\/\/dorogimedence.hu\/#website","url":"https:\/\/dorogimedence.hu\/","name":"Dorogi-medence Region\u00e1lis H\u00edrport\u00e1l","description":"Dorog, Keszt\u00f6lc, Le\u00e1nyv\u00e1r, Piliscs\u00e9v, Tokod, Tokodalt\u00e1r\u00f3, Csolnok, Esztergom-kertv\u00e1ros: h\u00edrek, programok","publisher":{"@id":"https:\/\/dorogimedence.hu\/#organization"},"potentialAction":[{"@type":"SearchAction","target":{"@type":"EntryPoint","urlTemplate":"https:\/\/dorogimedence.hu\/?s={search_term_string}"},"query-input":{"@type":"PropertyValueSpecification","valueRequired":true,"valueName":"search_term_string"}}],"inLanguage":"hu"},{"@type":"Organization","@id":"https:\/\/dorogimedence.hu\/#organization","name":"Dorogi-medence Region\u00e1lis H\u00edrport\u00e1l","url":"https:\/\/dorogimedence.hu\/","logo":{"@type":"ImageObject","inLanguage":"hu","@id":"https:\/\/dorogimedence.hu\/#\/schema\/logo\/image\/","url":"https:\/\/dorogimedence.hu\/wp-content\/uploads\/2021\/04\/logo-feher-600.png","contentUrl":"https:\/\/dorogimedence.hu\/wp-content\/uploads\/2021\/04\/logo-feher-600.png","width":600,"height":100,"caption":"Dorogi-medence Region\u00e1lis H\u00edrport\u00e1l"},"image":{"@id":"https:\/\/dorogimedence.hu\/#\/schema\/logo\/image\/"},"sameAs":["https:\/\/www.facebook.com\/dorogimedence\/"]},{"@type":"Person","@id":"https:\/\/dorogimedence.hu\/#\/schema\/person\/ce6091eeb7e95ecdc87890d6aa8e0fd4","name":"dorogimedence.hu","image":{"@type":"ImageObject","inLanguage":"hu","@id":"\/\/www.gravatar.com\/avatar\/d8d45f8901aadff40a4af72c0b826f1d?s=96&#038;r=g&#038;d=mm","url":"\/\/www.gravatar.com\/avatar\/d8d45f8901aadff40a4af72c0b826f1d?s=96&#038;r=g&#038;d=mm","contentUrl":"\/\/www.gravatar.com\/avatar\/d8d45f8901aadff40a4af72c0b826f1d?s=96&#038;r=g&#038;d=mm","caption":"dorogimedence.hu"}}]}},"_links":{"self":[{"href":"https:\/\/dorogimedence.hu\/index.php\/wp-json\/wp\/v2\/posts\/70759","targetHints":{"allow":["GET"]}}],"collection":[{"href":"https:\/\/dorogimedence.hu\/index.php\/wp-json\/wp\/v2\/posts"}],"about":[{"href":"https:\/\/dorogimedence.hu\/index.php\/wp-json\/wp\/v2\/types\/post"}],"author":[{"embeddable":true,"href":"https:\/\/dorogimedence.hu\/index.php\/wp-json\/wp\/v2\/users\/1"}],"replies":[{"embeddable":true,"href":"https:\/\/dorogimedence.hu\/index.php\/wp-json\/wp\/v2\/comments?post=70759"}],"version-history":[{"count":0,"href":"https:\/\/dorogimedence.hu\/index.php\/wp-json\/wp\/v2\/posts\/70759\/revisions"}],"wp:featuredmedia":[{"embeddable":true,"href":"https:\/\/dorogimedence.hu\/index.php\/wp-json\/wp\/v2\/media\/65640"}],"wp:attachment":[{"href":"https:\/\/dorogimedence.hu\/index.php\/wp-json\/wp\/v2\/media?parent=70759"}],"wp:term":[{"taxonomy":"category","embeddable":true,"href":"https:\/\/dorogimedence.hu\/index.php\/wp-json\/wp\/v2\/categories?post=70759"},{"taxonomy":"post_tag","embeddable":true,"href":"https:\/\/dorogimedence.hu\/index.php\/wp-json\/wp\/v2\/tags?post=70759"}],"curies":[{"name":"wp","href":"https:\/\/api.w.org\/{rel}","templated":true}]}}