{"id":70756,"date":"2025-05-05T10:01:17","date_gmt":"2025-05-05T08:01:17","guid":{"rendered":"https:\/\/dorogimedence.hu\/?p=70756"},"modified":"2025-05-05T13:22:28","modified_gmt":"2025-05-05T11:22:28","slug":"veget-ert-a-buzanszky-100-emlektorna","status":"publish","type":"post","link":"https:\/\/dorogimedence.hu\/index.php\/2025\/05\/05\/veget-ert-a-buzanszky-100-emlektorna\/","title":{"rendered":"V\u00e9get \u00e9rt a Buz\u00e1nszky 100 Eml\u00e9ktorna"},"content":{"rendered":"<p><strong>M\u00e1jus 3-4-\u00e9n Telkiben rendezt\u00e9k meg a Buz\u00e1nszky 100 Eml\u00e9ktorn\u00e1t, amelyen a Dorogi FC U14-es l\u00e1nycsapata arany-, m\u00edg az U11-es fi\u00facsapata bronz\u00e9rmet szerzett. A torna g\u00f3lkir\u00e1lya \u00e9s g\u00f3lkir\u00e1lyn\u0151je is dorogi j\u00e1t\u00e9kos lett.<\/strong><\/p>\n<p>Vas\u00e1rnap z\u00e1rult a k\u00e9tnapos Buz\u00e1nszky 100-eml\u00e9ktorna, amelyet az Aranycsapat legend\u00e1ja, Buz\u00e1nszky Jen\u0151 sz\u00fclet\u00e9s\u00e9nek 100. \u00e9vfordul\u00f3ja alkalm\u00e1b\u00f3l a Magyar Labdar\u00fag\u00f3-sz\u00f6vets\u00e9g \u00e1ltal alap\u00edtott Buz\u00e1nszky Jen\u0151 Ut\u00e1np\u00f3tl\u00e1s-nevel\u00e9si Alap\u00edtv\u00e1ny szervezett Telkiben. A rendezv\u00e9nyen az U11-es fi\u00fa koroszt\u00e1lyban nyolc csapat vett r\u00e9szt, \u00e9s a szombati csoportm\u00e9rk\u0151z\u00e9seket k\u00f6vet\u0151en m\u00e1snap a helyoszt\u00f3kra ker\u00fclt sor. A d\u00f6nt\u0151ben a Tatab\u00e1nyai SC 2\u20131-re legy\u0151zte a Kom\u00e1romi VSE-t, ezzel elh\u00f3d\u00edtotta a tr\u00f3fe\u00e1t, m\u00edg a bronzm\u00e9rk\u0151z\u00e9st a Dorogi FC nyerte meg a Pusk\u00e1s Akad\u00e9mia ellen. A torna g\u00f3lkir\u00e1lya Balogh Martin (Dorog) lett h\u00e9t g\u00f3llal, a legjobb j\u00e1t\u00e9kos d\u00edj\u00e1t Nemecsek Rich\u00e1rd (Kom\u00e1rom), m\u00edg a legjobb kapus\u00e9t L\u0151rincz Barna (Tatab\u00e1nya) vihette haza.<\/p>\n<p>Az U14-es l\u00e1nyok k\u00f6z\u00f6tt k\u00f6rm\u00e9rk\u0151z\u00e9sek d\u00f6nt\u00f6ttek, az els\u0151 helyezett a Dorogi FC lett, megel\u0151zve a Tatab\u00e1nyai SC, a Kecsk\u00e9d KSK \u00e9s a K\u00f6rnye SE csapat\u00e1t. A torna g\u00f3lkir\u00e1lyi c\u00edm\u00e9t Szalai D\u00f3ra (Dorog) \u00e9rdemelte ki kilenc g\u00f3llal, a legjobb mez\u0151nyj\u00e1t\u00e9kos Mechler Ad\u00e9l (Dorog), a legjobb kapus Hasznos L\u00e9na (Tatab\u00e1nya) lett.<\/p>\n<p>A d\u00edjakat Dunai Antal olimpiai bajnok labdar\u00fag\u00f3, Ifj. Buz\u00e1nszky Jen\u0151, Szab\u00f3 Gy\u00f6rgy, Popovics Gy\u00f6rgy a Buz\u00e1nszky Alap\u00edtv\u00e1ny eln\u00f6ke, Er\u0151s G\u00e1bor az MLSZ Kom\u00e1rom-Esztergom V\u00e1rmegyei eln\u00f6ks\u00e9g\u00e9nek a tagja \u00e9s Kh\u00e9ner L\u00e1szl\u00f3 MLSZ ter\u00fcleti igazgat\u00f3 adt\u00e1k \u00e1t.<\/p>\n<p>A r\u00e9szletes eredm\u00e9nyek <a href=\"https:\/\/mimegyenk.hu\/hirek\/buzanszky-jenore-emlekeztek-telkiben\" target=\"_blank\" rel=\"noopener\"><span style=\"text-decoration: underline; color: #0000ff;\">ide kattintva<\/span><\/a> tekinthet\u0151k meg!<\/p>\n<p><em>Forr\u00e1s: Nemzeti Sport \/ Dorogi FC \/ mimegyenk.hu<br \/>\nBor\u00edt\u00f3k\u00e9p: Dorogi FC<\/em><\/p>\n","protected":false},"excerpt":{"rendered":"<p>M\u00e1jus 3-4-\u00e9n Telkiben rendezt\u00e9k meg a Buz\u00e1nszky 100 Eml\u00e9ktorn\u00e1t, amelyen a Dorogi FC U14-es l\u00e1nycsapata arany-, m\u00edg az U11-es fi\u00facsapata bronz\u00e9rmet szerzett. A torna g\u00f3lkir\u00e1lya \u00e9s g\u00f3lkir\u00e1lyn\u0151je is dorogi j\u00e1t\u00e9kos lett. Vas\u00e1rnap z\u00e1rult a k\u00e9tnapos Buz\u00e1nszky 100-eml\u00e9ktorna, amelyet az Aranycsapat legend\u00e1ja, Buz\u00e1nszky Jen\u0151 sz\u00fclet\u00e9s\u00e9nek 100. \u00e9vfordul\u00f3ja alkalm\u00e1b\u00f3l a Magyar Labdar\u00fag\u00f3-sz\u00f6vets\u00e9g \u00e1ltal alap\u00edtott Buz\u00e1nszky Jen\u0151 Ut\u00e1np\u00f3tl\u00e1s-nevel\u00e9si<\/p>\n","protected":false},"author":1,"featured_media":70757,"comment_status":"closed","ping_status":"closed","sticky":false,"template":"","format":"standard","meta":{"ngg_post_thumbnail":0,"footnotes":""},"categories":[2,3,5],"tags":[8362,15,37,5624,70,69,72,16],"class_list":{"0":"post-70756","1":"post","2":"type-post","3":"status-publish","4":"format-standard","5":"has-post-thumbnail","7":"category-dorog","8":"category-hirek","9":"category-sport","10":"tag-buzanszky-100-emlektorna","11":"tag-dorog","12":"tag-dorogi-fc","13":"tag-featured","14":"tag-foci","15":"tag-futball","16":"tag-labdarugas","17":"tag-sport"},"yoast_head":"<!-- This site is optimized with the Yoast SEO plugin v27.5 - https:\/\/yoast.com\/product\/yoast-seo-wordpress\/ -->\n<title>V\u00e9get \u00e9rt a Buz\u00e1nszky 100 Eml\u00e9ktorna<\/title>\n<meta name=\"robots\" content=\"index, follow, max-snippet:-1, max-image-preview:large, max-video-preview:-1\" \/>\n<link rel=\"canonical\" href=\"https:\/\/dorogimedence.hu\/index.php\/2025\/05\/05\/veget-ert-a-buzanszky-100-emlektorna\/\" class=\"yoast-seo-meta-tag\" \/>\n<meta property=\"og:locale\" content=\"hu_HU\" class=\"yoast-seo-meta-tag\" \/>\n<meta property=\"og:type\" content=\"article\" class=\"yoast-seo-meta-tag\" \/>\n<meta property=\"og:title\" content=\"V\u00e9get \u00e9rt a Buz\u00e1nszky 100 Eml\u00e9ktorna\" class=\"yoast-seo-meta-tag\" \/>\n<meta property=\"og:description\" content=\"M\u00e1jus 3-4-\u00e9n Telkiben rendezt\u00e9k meg a Buz\u00e1nszky 100 Eml\u00e9ktorn\u00e1t, amelyen a Dorogi FC U14-es l\u00e1nycsapata arany-, m\u00edg az U11-es fi\u00facsapata bronz\u00e9rmet szerzett. A torna g\u00f3lkir\u00e1lya \u00e9s g\u00f3lkir\u00e1lyn\u0151je is dorogi j\u00e1t\u00e9kos lett. Vas\u00e1rnap z\u00e1rult a k\u00e9tnapos Buz\u00e1nszky 100-eml\u00e9ktorna, amelyet az Aranycsapat legend\u00e1ja, Buz\u00e1nszky Jen\u0151 sz\u00fclet\u00e9s\u00e9nek 100. \u00e9vfordul\u00f3ja alkalm\u00e1b\u00f3l a Magyar Labdar\u00fag\u00f3-sz\u00f6vets\u00e9g \u00e1ltal alap\u00edtott Buz\u00e1nszky Jen\u0151 Ut\u00e1np\u00f3tl\u00e1s-nevel\u00e9si\" class=\"yoast-seo-meta-tag\" \/>\n<meta property=\"og:url\" content=\"https:\/\/dorogimedence.hu\/index.php\/2025\/05\/05\/veget-ert-a-buzanszky-100-emlektorna\/\" class=\"yoast-seo-meta-tag\" \/>\n<meta property=\"og:site_name\" content=\"Dorogi-medence Region\u00e1lis H\u00edrport\u00e1l\" class=\"yoast-seo-meta-tag\" \/>\n<meta property=\"article:publisher\" content=\"https:\/\/www.facebook.com\/dorogimedence\/\" class=\"yoast-seo-meta-tag\" \/>\n<meta property=\"article:published_time\" content=\"2025-05-05T08:01:17+00:00\" class=\"yoast-seo-meta-tag\" \/>\n<meta property=\"article:modified_time\" content=\"2025-05-05T11:22:28+00:00\" class=\"yoast-seo-meta-tag\" \/>\n<meta property=\"og:image\" content=\"https:\/\/dorogimedence.hu\/wp-content\/uploads\/2025\/05\/495641667_1233158575484266_1406003797807576224_n.jpg\" class=\"yoast-seo-meta-tag\" \/>\n\t<meta property=\"og:image:width\" content=\"2048\" class=\"yoast-seo-meta-tag\" \/>\n\t<meta property=\"og:image:height\" content=\"1365\" class=\"yoast-seo-meta-tag\" \/>\n\t<meta property=\"og:image:type\" content=\"image\/jpeg\" class=\"yoast-seo-meta-tag\" \/>\n<meta name=\"author\" content=\"dorogimedence.hu\" class=\"yoast-seo-meta-tag\" \/>\n<meta name=\"twitter:card\" content=\"summary_large_image\" class=\"yoast-seo-meta-tag\" \/>\n<meta name=\"twitter:label1\" content=\"Szerz\u0151:\" class=\"yoast-seo-meta-tag\" \/>\n\t<meta name=\"twitter:data1\" content=\"dorogimedence.hu\" class=\"yoast-seo-meta-tag\" \/>\n\t<meta name=\"twitter:label2\" content=\"Becs\u00fclt olvas\u00e1si id\u0151\" class=\"yoast-seo-meta-tag\" \/>\n\t<meta name=\"twitter:data2\" content=\"2 perc\" class=\"yoast-seo-meta-tag\" \/>\n<script type=\"application\/ld+json\" class=\"yoast-schema-graph\">{\"@context\":\"https:\\\/\\\/schema.org\",\"@graph\":[{\"@type\":\"Article\",\"@id\":\"https:\\\/\\\/dorogimedence.hu\\\/index.php\\\/2025\\\/05\\\/05\\\/veget-ert-a-buzanszky-100-emlektorna\\\/#article\",\"isPartOf\":{\"@id\":\"https:\\\/\\\/dorogimedence.hu\\\/index.php\\\/2025\\\/05\\\/05\\\/veget-ert-a-buzanszky-100-emlektorna\\\/\"},\"author\":{\"name\":\"dorogimedence.hu\",\"@id\":\"https:\\\/\\\/dorogimedence.hu\\\/#\\\/schema\\\/person\\\/ce6091eeb7e95ecdc87890d6aa8e0fd4\"},\"headline\":\"V\u00e9get \u00e9rt a Buz\u00e1nszky 100 Eml\u00e9ktorna\",\"datePublished\":\"2025-05-05T08:01:17+00:00\",\"dateModified\":\"2025-05-05T11:22:28+00:00\",\"mainEntityOfPage\":{\"@id\":\"https:\\\/\\\/dorogimedence.hu\\\/index.php\\\/2025\\\/05\\\/05\\\/veget-ert-a-buzanszky-100-emlektorna\\\/\"},\"wordCount\":376,\"publisher\":{\"@id\":\"https:\\\/\\\/dorogimedence.hu\\\/#organization\"},\"image\":{\"@id\":\"https:\\\/\\\/dorogimedence.hu\\\/index.php\\\/2025\\\/05\\\/05\\\/veget-ert-a-buzanszky-100-emlektorna\\\/#primaryimage\"},\"thumbnailUrl\":\"https:\\\/\\\/dorogimedence.hu\\\/wp-content\\\/uploads\\\/2025\\\/05\\\/495641667_1233158575484266_1406003797807576224_n.jpg\",\"keywords\":[\"Buz\u00e1nszky 100 Eml\u00e9ktorna\",\"Dorog\",\"Dorogi FC\",\"featured\",\"foci\",\"futball\",\"labdar\u00fag\u00e1s\",\"sport\"],\"articleSection\":[\"Dorog\",\"H\u00edrek\",\"Sport\"],\"inLanguage\":\"hu\"},{\"@type\":\"WebPage\",\"@id\":\"https:\\\/\\\/dorogimedence.hu\\\/index.php\\\/2025\\\/05\\\/05\\\/veget-ert-a-buzanszky-100-emlektorna\\\/\",\"url\":\"https:\\\/\\\/dorogimedence.hu\\\/index.php\\\/2025\\\/05\\\/05\\\/veget-ert-a-buzanszky-100-emlektorna\\\/\",\"name\":\"V\u00e9get \u00e9rt a Buz\u00e1nszky 100 Eml\u00e9ktorna\",\"isPartOf\":{\"@id\":\"https:\\\/\\\/dorogimedence.hu\\\/#website\"},\"primaryImageOfPage\":{\"@id\":\"https:\\\/\\\/dorogimedence.hu\\\/index.php\\\/2025\\\/05\\\/05\\\/veget-ert-a-buzanszky-100-emlektorna\\\/#primaryimage\"},\"image\":{\"@id\":\"https:\\\/\\\/dorogimedence.hu\\\/index.php\\\/2025\\\/05\\\/05\\\/veget-ert-a-buzanszky-100-emlektorna\\\/#primaryimage\"},\"thumbnailUrl\":\"https:\\\/\\\/dorogimedence.hu\\\/wp-content\\\/uploads\\\/2025\\\/05\\\/495641667_1233158575484266_1406003797807576224_n.jpg\",\"datePublished\":\"2025-05-05T08:01:17+00:00\",\"dateModified\":\"2025-05-05T11:22:28+00:00\",\"breadcrumb\":{\"@id\":\"https:\\\/\\\/dorogimedence.hu\\\/index.php\\\/2025\\\/05\\\/05\\\/veget-ert-a-buzanszky-100-emlektorna\\\/#breadcrumb\"},\"inLanguage\":\"hu\",\"potentialAction\":[{\"@type\":\"ReadAction\",\"target\":[\"https:\\\/\\\/dorogimedence.hu\\\/index.php\\\/2025\\\/05\\\/05\\\/veget-ert-a-buzanszky-100-emlektorna\\\/\"]}]},{\"@type\":\"ImageObject\",\"inLanguage\":\"hu\",\"@id\":\"https:\\\/\\\/dorogimedence.hu\\\/index.php\\\/2025\\\/05\\\/05\\\/veget-ert-a-buzanszky-100-emlektorna\\\/#primaryimage\",\"url\":\"https:\\\/\\\/dorogimedence.hu\\\/wp-content\\\/uploads\\\/2025\\\/05\\\/495641667_1233158575484266_1406003797807576224_n.jpg\",\"contentUrl\":\"https:\\\/\\\/dorogimedence.hu\\\/wp-content\\\/uploads\\\/2025\\\/05\\\/495641667_1233158575484266_1406003797807576224_n.jpg\",\"width\":2048,\"height\":1365},{\"@type\":\"BreadcrumbList\",\"@id\":\"https:\\\/\\\/dorogimedence.hu\\\/index.php\\\/2025\\\/05\\\/05\\\/veget-ert-a-buzanszky-100-emlektorna\\\/#breadcrumb\",\"itemListElement\":[{\"@type\":\"ListItem\",\"position\":1,\"name\":\"Kezd\u0151lap\",\"item\":\"https:\\\/\\\/dorogimedence.hu\\\/\"},{\"@type\":\"ListItem\",\"position\":2,\"name\":\"V\u00e9get \u00e9rt a Buz\u00e1nszky 100 Eml\u00e9ktorna\"}]},{\"@type\":\"WebSite\",\"@id\":\"https:\\\/\\\/dorogimedence.hu\\\/#website\",\"url\":\"https:\\\/\\\/dorogimedence.hu\\\/\",\"name\":\"Dorogi-medence Region\u00e1lis H\u00edrport\u00e1l\",\"description\":\"Dorog, Keszt\u00f6lc, Le\u00e1nyv\u00e1r, Piliscs\u00e9v, Tokod, Tokodalt\u00e1r\u00f3, Csolnok, Esztergom-kertv\u00e1ros: h\u00edrek, programok\",\"publisher\":{\"@id\":\"https:\\\/\\\/dorogimedence.hu\\\/#organization\"},\"potentialAction\":[{\"@type\":\"SearchAction\",\"target\":{\"@type\":\"EntryPoint\",\"urlTemplate\":\"https:\\\/\\\/dorogimedence.hu\\\/?s={search_term_string}\"},\"query-input\":{\"@type\":\"PropertyValueSpecification\",\"valueRequired\":true,\"valueName\":\"search_term_string\"}}],\"inLanguage\":\"hu\"},{\"@type\":\"Organization\",\"@id\":\"https:\\\/\\\/dorogimedence.hu\\\/#organization\",\"name\":\"Dorogi-medence Region\u00e1lis H\u00edrport\u00e1l\",\"url\":\"https:\\\/\\\/dorogimedence.hu\\\/\",\"logo\":{\"@type\":\"ImageObject\",\"inLanguage\":\"hu\",\"@id\":\"https:\\\/\\\/dorogimedence.hu\\\/#\\\/schema\\\/logo\\\/image\\\/\",\"url\":\"https:\\\/\\\/dorogimedence.hu\\\/wp-content\\\/uploads\\\/2021\\\/04\\\/logo-feher-600.png\",\"contentUrl\":\"https:\\\/\\\/dorogimedence.hu\\\/wp-content\\\/uploads\\\/2021\\\/04\\\/logo-feher-600.png\",\"width\":600,\"height\":100,\"caption\":\"Dorogi-medence Region\u00e1lis H\u00edrport\u00e1l\"},\"image\":{\"@id\":\"https:\\\/\\\/dorogimedence.hu\\\/#\\\/schema\\\/logo\\\/image\\\/\"},\"sameAs\":[\"https:\\\/\\\/www.facebook.com\\\/dorogimedence\\\/\"]},{\"@type\":\"Person\",\"@id\":\"https:\\\/\\\/dorogimedence.hu\\\/#\\\/schema\\\/person\\\/ce6091eeb7e95ecdc87890d6aa8e0fd4\",\"name\":\"dorogimedence.hu\",\"image\":{\"@type\":\"ImageObject\",\"inLanguage\":\"hu\",\"@id\":\"\\\/\\\/www.gravatar.com\\\/avatar\\\/d8d45f8901aadff40a4af72c0b826f1d?s=96&#038;r=g&#038;d=mm\",\"url\":\"\\\/\\\/www.gravatar.com\\\/avatar\\\/d8d45f8901aadff40a4af72c0b826f1d?s=96&#038;r=g&#038;d=mm\",\"contentUrl\":\"\\\/\\\/www.gravatar.com\\\/avatar\\\/d8d45f8901aadff40a4af72c0b826f1d?s=96&#038;r=g&#038;d=mm\",\"caption\":\"dorogimedence.hu\"}}]}<\/script>\n<!-- \/ Yoast SEO plugin. -->","yoast_head_json":{"title":"V\u00e9get \u00e9rt a Buz\u00e1nszky 100 Eml\u00e9ktorna","robots":{"index":"index","follow":"follow","max-snippet":"max-snippet:-1","max-image-preview":"max-image-preview:large","max-video-preview":"max-video-preview:-1"},"canonical":"https:\/\/dorogimedence.hu\/index.php\/2025\/05\/05\/veget-ert-a-buzanszky-100-emlektorna\/","og_locale":"hu_HU","og_type":"article","og_title":"V\u00e9get \u00e9rt a Buz\u00e1nszky 100 Eml\u00e9ktorna","og_description":"M\u00e1jus 3-4-\u00e9n Telkiben rendezt\u00e9k meg a Buz\u00e1nszky 100 Eml\u00e9ktorn\u00e1t, amelyen a Dorogi FC U14-es l\u00e1nycsapata arany-, m\u00edg az U11-es fi\u00facsapata bronz\u00e9rmet szerzett. A torna g\u00f3lkir\u00e1lya \u00e9s g\u00f3lkir\u00e1lyn\u0151je is dorogi j\u00e1t\u00e9kos lett. Vas\u00e1rnap z\u00e1rult a k\u00e9tnapos Buz\u00e1nszky 100-eml\u00e9ktorna, amelyet az Aranycsapat legend\u00e1ja, Buz\u00e1nszky Jen\u0151 sz\u00fclet\u00e9s\u00e9nek 100. \u00e9vfordul\u00f3ja alkalm\u00e1b\u00f3l a Magyar Labdar\u00fag\u00f3-sz\u00f6vets\u00e9g \u00e1ltal alap\u00edtott Buz\u00e1nszky Jen\u0151 Ut\u00e1np\u00f3tl\u00e1s-nevel\u00e9si","og_url":"https:\/\/dorogimedence.hu\/index.php\/2025\/05\/05\/veget-ert-a-buzanszky-100-emlektorna\/","og_site_name":"Dorogi-medence Region\u00e1lis H\u00edrport\u00e1l","article_publisher":"https:\/\/www.facebook.com\/dorogimedence\/","article_published_time":"2025-05-05T08:01:17+00:00","article_modified_time":"2025-05-05T11:22:28+00:00","og_image":[{"width":2048,"height":1365,"url":"https:\/\/dorogimedence.hu\/wp-content\/uploads\/2025\/05\/495641667_1233158575484266_1406003797807576224_n.jpg","type":"image\/jpeg"}],"author":"dorogimedence.hu","twitter_card":"summary_large_image","twitter_misc":{"Szerz\u0151:":"dorogimedence.hu","Becs\u00fclt olvas\u00e1si id\u0151":"2 perc"},"schema":{"@context":"https:\/\/schema.org","@graph":[{"@type":"Article","@id":"https:\/\/dorogimedence.hu\/index.php\/2025\/05\/05\/veget-ert-a-buzanszky-100-emlektorna\/#article","isPartOf":{"@id":"https:\/\/dorogimedence.hu\/index.php\/2025\/05\/05\/veget-ert-a-buzanszky-100-emlektorna\/"},"author":{"name":"dorogimedence.hu","@id":"https:\/\/dorogimedence.hu\/#\/schema\/person\/ce6091eeb7e95ecdc87890d6aa8e0fd4"},"headline":"V\u00e9get \u00e9rt a Buz\u00e1nszky 100 Eml\u00e9ktorna","datePublished":"2025-05-05T08:01:17+00:00","dateModified":"2025-05-05T11:22:28+00:00","mainEntityOfPage":{"@id":"https:\/\/dorogimedence.hu\/index.php\/2025\/05\/05\/veget-ert-a-buzanszky-100-emlektorna\/"},"wordCount":376,"publisher":{"@id":"https:\/\/dorogimedence.hu\/#organization"},"image":{"@id":"https:\/\/dorogimedence.hu\/index.php\/2025\/05\/05\/veget-ert-a-buzanszky-100-emlektorna\/#primaryimage"},"thumbnailUrl":"https:\/\/dorogimedence.hu\/wp-content\/uploads\/2025\/05\/495641667_1233158575484266_1406003797807576224_n.jpg","keywords":["Buz\u00e1nszky 100 Eml\u00e9ktorna","Dorog","Dorogi FC","featured","foci","futball","labdar\u00fag\u00e1s","sport"],"articleSection":["Dorog","H\u00edrek","Sport"],"inLanguage":"hu"},{"@type":"WebPage","@id":"https:\/\/dorogimedence.hu\/index.php\/2025\/05\/05\/veget-ert-a-buzanszky-100-emlektorna\/","url":"https:\/\/dorogimedence.hu\/index.php\/2025\/05\/05\/veget-ert-a-buzanszky-100-emlektorna\/","name":"V\u00e9get \u00e9rt a Buz\u00e1nszky 100 Eml\u00e9ktorna","isPartOf":{"@id":"https:\/\/dorogimedence.hu\/#website"},"primaryImageOfPage":{"@id":"https:\/\/dorogimedence.hu\/index.php\/2025\/05\/05\/veget-ert-a-buzanszky-100-emlektorna\/#primaryimage"},"image":{"@id":"https:\/\/dorogimedence.hu\/index.php\/2025\/05\/05\/veget-ert-a-buzanszky-100-emlektorna\/#primaryimage"},"thumbnailUrl":"https:\/\/dorogimedence.hu\/wp-content\/uploads\/2025\/05\/495641667_1233158575484266_1406003797807576224_n.jpg","datePublished":"2025-05-05T08:01:17+00:00","dateModified":"2025-05-05T11:22:28+00:00","breadcrumb":{"@id":"https:\/\/dorogimedence.hu\/index.php\/2025\/05\/05\/veget-ert-a-buzanszky-100-emlektorna\/#breadcrumb"},"inLanguage":"hu","potentialAction":[{"@type":"ReadAction","target":["https:\/\/dorogimedence.hu\/index.php\/2025\/05\/05\/veget-ert-a-buzanszky-100-emlektorna\/"]}]},{"@type":"ImageObject","inLanguage":"hu","@id":"https:\/\/dorogimedence.hu\/index.php\/2025\/05\/05\/veget-ert-a-buzanszky-100-emlektorna\/#primaryimage","url":"https:\/\/dorogimedence.hu\/wp-content\/uploads\/2025\/05\/495641667_1233158575484266_1406003797807576224_n.jpg","contentUrl":"https:\/\/dorogimedence.hu\/wp-content\/uploads\/2025\/05\/495641667_1233158575484266_1406003797807576224_n.jpg","width":2048,"height":1365},{"@type":"BreadcrumbList","@id":"https:\/\/dorogimedence.hu\/index.php\/2025\/05\/05\/veget-ert-a-buzanszky-100-emlektorna\/#breadcrumb","itemListElement":[{"@type":"ListItem","position":1,"name":"Kezd\u0151lap","item":"https:\/\/dorogimedence.hu\/"},{"@type":"ListItem","position":2,"name":"V\u00e9get \u00e9rt a Buz\u00e1nszky 100 Eml\u00e9ktorna"}]},{"@type":"WebSite","@id":"https:\/\/dorogimedence.hu\/#website","url":"https:\/\/dorogimedence.hu\/","name":"Dorogi-medence Region\u00e1lis H\u00edrport\u00e1l","description":"Dorog, Keszt\u00f6lc, Le\u00e1nyv\u00e1r, Piliscs\u00e9v, Tokod, Tokodalt\u00e1r\u00f3, Csolnok, Esztergom-kertv\u00e1ros: h\u00edrek, programok","publisher":{"@id":"https:\/\/dorogimedence.hu\/#organization"},"potentialAction":[{"@type":"SearchAction","target":{"@type":"EntryPoint","urlTemplate":"https:\/\/dorogimedence.hu\/?s={search_term_string}"},"query-input":{"@type":"PropertyValueSpecification","valueRequired":true,"valueName":"search_term_string"}}],"inLanguage":"hu"},{"@type":"Organization","@id":"https:\/\/dorogimedence.hu\/#organization","name":"Dorogi-medence Region\u00e1lis H\u00edrport\u00e1l","url":"https:\/\/dorogimedence.hu\/","logo":{"@type":"ImageObject","inLanguage":"hu","@id":"https:\/\/dorogimedence.hu\/#\/schema\/logo\/image\/","url":"https:\/\/dorogimedence.hu\/wp-content\/uploads\/2021\/04\/logo-feher-600.png","contentUrl":"https:\/\/dorogimedence.hu\/wp-content\/uploads\/2021\/04\/logo-feher-600.png","width":600,"height":100,"caption":"Dorogi-medence Region\u00e1lis H\u00edrport\u00e1l"},"image":{"@id":"https:\/\/dorogimedence.hu\/#\/schema\/logo\/image\/"},"sameAs":["https:\/\/www.facebook.com\/dorogimedence\/"]},{"@type":"Person","@id":"https:\/\/dorogimedence.hu\/#\/schema\/person\/ce6091eeb7e95ecdc87890d6aa8e0fd4","name":"dorogimedence.hu","image":{"@type":"ImageObject","inLanguage":"hu","@id":"\/\/www.gravatar.com\/avatar\/d8d45f8901aadff40a4af72c0b826f1d?s=96&#038;r=g&#038;d=mm","url":"\/\/www.gravatar.com\/avatar\/d8d45f8901aadff40a4af72c0b826f1d?s=96&#038;r=g&#038;d=mm","contentUrl":"\/\/www.gravatar.com\/avatar\/d8d45f8901aadff40a4af72c0b826f1d?s=96&#038;r=g&#038;d=mm","caption":"dorogimedence.hu"}}]}},"_links":{"self":[{"href":"https:\/\/dorogimedence.hu\/index.php\/wp-json\/wp\/v2\/posts\/70756","targetHints":{"allow":["GET"]}}],"collection":[{"href":"https:\/\/dorogimedence.hu\/index.php\/wp-json\/wp\/v2\/posts"}],"about":[{"href":"https:\/\/dorogimedence.hu\/index.php\/wp-json\/wp\/v2\/types\/post"}],"author":[{"embeddable":true,"href":"https:\/\/dorogimedence.hu\/index.php\/wp-json\/wp\/v2\/users\/1"}],"replies":[{"embeddable":true,"href":"https:\/\/dorogimedence.hu\/index.php\/wp-json\/wp\/v2\/comments?post=70756"}],"version-history":[{"count":0,"href":"https:\/\/dorogimedence.hu\/index.php\/wp-json\/wp\/v2\/posts\/70756\/revisions"}],"wp:featuredmedia":[{"embeddable":true,"href":"https:\/\/dorogimedence.hu\/index.php\/wp-json\/wp\/v2\/media\/70757"}],"wp:attachment":[{"href":"https:\/\/dorogimedence.hu\/index.php\/wp-json\/wp\/v2\/media?parent=70756"}],"wp:term":[{"taxonomy":"category","embeddable":true,"href":"https:\/\/dorogimedence.hu\/index.php\/wp-json\/wp\/v2\/categories?post=70756"},{"taxonomy":"post_tag","embeddable":true,"href":"https:\/\/dorogimedence.hu\/index.php\/wp-json\/wp\/v2\/tags?post=70756"}],"curies":[{"name":"wp","href":"https:\/\/api.w.org\/{rel}","templated":true}]}}