{"id":70721,"date":"2025-05-03T11:57:01","date_gmt":"2025-05-03T09:57:01","guid":{"rendered":"https:\/\/dorogimedence.hu\/?p=70721"},"modified":"2025-05-03T11:57:01","modified_gmt":"2025-05-03T09:57:01","slug":"a-jatszoteri-eszkozok-uzemeltetesi-felteteleit-ellenorzi-a-fogyasztovedelmi-hatosag","status":"publish","type":"post","link":"https:\/\/dorogimedence.hu\/index.php\/2025\/05\/03\/a-jatszoteri-eszkozok-uzemeltetesi-felteteleit-ellenorzi-a-fogyasztovedelmi-hatosag\/","title":{"rendered":"A j\u00e1tsz\u00f3t\u00e9ri eszk\u00f6z\u00f6k \u00fczemeltet\u00e9si felt\u00e9teleit ellen\u0151rzi a fogyaszt\u00f3v\u00e9delmi hat\u00f3s\u00e1g"},"content":{"rendered":"<div id=\"572\" class=\"mb-6 relative pl-4 text-text\/neutral\/subtle text-lg font-medium italic before:absolute before:left-0 before:border-l-[3px] before:border-brand\/1000 before:h-full\">\n<p class=\"mb-6\"><strong>A Nemzeti Kereskedelmi \u00e9s Fogyaszt\u00f3v\u00e9delmi Hat\u00f3s\u00e1g (NKFH) elk\u00f6telezetten dolgozik azon, hogy a j\u00e1tsz\u00f3tereken az idei \u00e9vben is biztons\u00e1gos k\u00f6rnyezet v\u00e1rja a gyermekeket. Az ellen\u0151rz\u00e9s c\u00e9lja annak felt\u00e1r\u00e1sa, hogy a j\u00e1tsz\u00f3t\u00e9ri eszk\u00f6z\u00f6k \u00fczemeltet\u00e9si k\u00f6r\u00fclm\u00e9nyei \u00f6sszhangban vannak-e a jogszab\u00e1lyi k\u00f6vetelm\u00e9nyekkel. Amennyiben a vizsg\u00e1latok sor\u00e1n hi\u00e1nyoss\u00e1gok mer\u00fclnek fel, sor ker\u00fcl az eszk\u00f6z\u00f6k haszn\u00e1lat\u00e1nak ideiglenes megtilt\u00e1s\u00e1ra is a gyermekek v\u00e9delme \u00e9rdek\u00e9ben. Az ellen\u0151rz\u00e9seket a kor\u00e1bbi \u00e9vek tapasztalatai is indokolj\u00e1k, hiszen a fogyaszt\u00f3v\u00e9delmi hat\u00f3s\u00e1g csak a tavalyi \u00e9vben t\u00f6bb mint 22 milli\u00f3 forint \u00e9rt\u00e9kben szabott ki b\u00edrs\u00e1got az eml\u00edtett vizsg\u00e1latok sor\u00e1n.<\/strong><\/p>\n<\/div>\n<div id=\"3804\" class=\"text-text\/neutral\/strong font-medium mb-6\">\n<p class=\"mb-6\">A j\u00e1tsz\u00f3t\u00e9ri eszk\u00f6z\u00f6k haszn\u00e1lata k\u00fcl\u00f6nb\u00f6z\u0151 vesz\u00e9lyeket, kock\u00e1zatokat rejt mag\u00e1ban. Az NKFH szakmai ir\u00e1ny\u00edt\u00e1sa alatt \u00e1ll\u00f3 korm\u00e1nyhivatalok \u00e1ltal folytatott vizsg\u00e1lat c\u00e9lja, hogy j\u00e1t\u00e9k k\u00f6zben a gyermekek ne szenvedhessenek maradand\u00f3 s\u00e9r\u00fcl\u00e9st, k\u00e1rosod\u00e1st, a j\u00e1tsz\u00f3tereken ne t\u00f6rt\u00e9nhessenek balesetek. A vizsg\u00e1lt eszk\u00f6z\u00f6k k\u00f6z\u00f6tt megtal\u00e1lhat\u00f3k p\u00e9ld\u00e1ul a hint\u00e1k, cs\u00faszd\u00e1k, forg\u00f3hint\u00e1k \u00e9s billen\u0151eszk\u00f6z\u00f6k is, melyek fokozott vesz\u00e9lyt jelenthetnek, ha nem megfelel\u0151 tervez\u00e9ssel, anyagv\u00e1laszt\u00e1ssal alak\u00edtj\u00e1k ki azokat, valamint, ha karbantart\u00e1suk nem felel meg a jogszab\u00e1lyi el\u0151\u00edr\u00e1soknak.<\/p>\n<p class=\"mb-6\">A fogyaszt\u00f3v\u00e9delmi hat\u00f3s\u00e1g 2011. \u00f3ta rendszeresen ellen\u0151rzi a j\u00e1tsz\u00f3tereken tal\u00e1lhat\u00f3, m\u00e1r telep\u00edtett j\u00e1tsz\u00f3t\u00e9ri eszk\u00f6z\u00f6k \u00fczemeltet\u00e9si k\u00f6r\u00fclm\u00e9nyeit, hogy megfelelnek-e a vonatkoz\u00f3 jogszab\u00e1lyban foglaltaknak. A gyermekek biztons\u00e1g\u00e1nak meg\u0151rz\u00e9se \u00e9rdek\u00e9ben a hat\u00f3s\u00e1g az ellen\u0151rz\u00e9s sor\u00e1n nagy hangs\u00falyt fektet a b\u00f6lcs\u0151dei, \u00f3vodai \u00e9s iskolai j\u00e1tsz\u00f3t\u00e9ri eszk\u00f6z\u00f6k vizsg\u00e1lat\u00e1ra is. Legf\u0151bb ellen\u0151rz\u00e9si szempont az el\u0151\u00edrt nyilv\u00e1ntart\u00e1s, illetve az abban r\u00f6gz\u00edtett int\u00e9zked\u00e9seket igazol\u00f3 dokumentumok megl\u00e9te, az id\u0151szakos ellen\u0151rz\u00e9si k\u00f6telezetts\u00e9g teljes\u00edt\u00e9se, valamint a k\u00fcl\u00f6n t\u00e1bl\u00e1n szerepl\u0151, j\u00f3l l\u00e1that\u00f3 tartalmi jel\u00f6l\u00e9sek megl\u00e9te. A vizsg\u00e1lat indokolts\u00e1g\u00e1t a kor\u00e1bbi \u00e9vek tapasztalatai is al\u00e1t\u00e1masztj\u00e1k.<\/p>\n<p class=\"mb-6\">Dr. N\u00e9met-Weingartner Lilla, az NKFH eln\u00f6ke elmondta, hogy \u201ea korm\u00e1nyhivatalok a tavalyi \u00e9vben 483 db j\u00e1tsz\u00f3t\u00e9ren \u00f6sszesen 3.538 db j\u00e1tsz\u00f3t\u00e9ri eszk\u00f6zt ellen\u0151riztek. A j\u00e1tsz\u00f3terek 29%-\u00e1n\u00e1l, az eszk\u00f6z\u00f6k eset\u00e9ben 24%-\u00e1n\u00e1l ker\u00fclt meg\u00e1llap\u00edt\u00e1sra jogs\u00e9rt\u00e9s. Jogs\u00e9rt\u00e9sek eset\u00e9n a korm\u00e1nyhivatalok megtett\u00e9k a sz\u00fcks\u00e9ges l\u00e9p\u00e9seket azok megsz\u00fcntet\u00e9se \u00e9rdek\u00e9ben. Indokolt esetben int\u00e9zkedtek a j\u00e1tsz\u00f3t\u00e9ri eszk\u00f6z\u00f6k haszn\u00e1lat\u00e1nak megtilt\u00e1s\u00e1r\u00f3l addig, am\u00edg az \u00fczemeltet\u0151 a sz\u00fcks\u00e9ges l\u00e9p\u00e9seket meg nem tette a hib\u00e1k elh\u00e1r\u00edt\u00e1sa \u00e9rdek\u00e9ben. A 2024. \u00e9vben 22.050.000 Ft \u00f6sszegben ker\u00fclt sor b\u00edrs\u00e1g kiszab\u00e1s\u00e1ra\u201d.<\/p>\n<p class=\"mb-6\">Az NKFH \u00e9s a korm\u00e1nyhivatalok a j\u00f6v\u0151ben is folytatj\u00e1k az ellen\u0151rz\u00e9seket, mivel c\u00e9lunk nemcsak a hi\u00e1nyoss\u00e1gok azonos\u00edt\u00e1sa, hanem a szab\u00e1lyszer\u0171 m\u0171k\u00f6d\u00e9s \u00f6szt\u00f6nz\u00e9se, a biztons\u00e1gos \u00fczemeltet\u00e9s meger\u0151s\u00edt\u00e9se \u00e9s az eddigi alacsony kifog\u00e1sol\u00e1si ar\u00e1ny fenntart\u00e1sa.<\/p>\n<p><em>Forr\u00e1s: NKFH<\/em><br \/>\n<em>Bor\u00edt\u00f3k\u00e9p: illusztr\u00e1ci\u00f3<\/em><\/p>\n<\/div>\n","protected":false},"excerpt":{"rendered":"<p>A Nemzeti Kereskedelmi \u00e9s Fogyaszt\u00f3v\u00e9delmi Hat\u00f3s\u00e1g (NKFH) elk\u00f6telezetten dolgozik azon, hogy a j\u00e1tsz\u00f3tereken az idei \u00e9vben is biztons\u00e1gos k\u00f6rnyezet v\u00e1rja a gyermekeket. Az ellen\u0151rz\u00e9s c\u00e9lja annak felt\u00e1r\u00e1sa, hogy a j\u00e1tsz\u00f3t\u00e9ri eszk\u00f6z\u00f6k \u00fczemeltet\u00e9si k\u00f6r\u00fclm\u00e9nyei \u00f6sszhangban vannak-e a jogszab\u00e1lyi k\u00f6vetelm\u00e9nyekkel. Amennyiben a vizsg\u00e1latok sor\u00e1n hi\u00e1nyoss\u00e1gok mer\u00fclnek fel, sor ker\u00fcl az eszk\u00f6z\u00f6k haszn\u00e1lat\u00e1nak ideiglenes megtilt\u00e1s\u00e1ra is a gyermekek<\/p>\n","protected":false},"author":1,"featured_media":70722,"comment_status":"closed","ping_status":"closed","sticky":false,"template":"","format":"standard","meta":{"ngg_post_thumbnail":0,"footnotes":""},"categories":[3],"tags":[515,597,8210],"class_list":{"0":"post-70721","1":"post","2":"type-post","3":"status-publish","4":"format-standard","5":"has-post-thumbnail","7":"category-hirek","8":"tag-ellenorzes","9":"tag-jatszoter","10":"tag-nkfh"},"yoast_head":"<!-- This site is optimized with the Yoast SEO plugin v27.4 - https:\/\/yoast.com\/product\/yoast-seo-wordpress\/ -->\n<title>A j\u00e1tsz\u00f3t\u00e9ri eszk\u00f6z\u00f6k \u00fczemeltet\u00e9si felt\u00e9teleit ellen\u0151rzi a fogyaszt\u00f3v\u00e9delmi hat\u00f3s\u00e1g<\/title>\n<meta name=\"robots\" content=\"index, follow, max-snippet:-1, max-image-preview:large, max-video-preview:-1\" \/>\n<link rel=\"canonical\" href=\"https:\/\/dorogimedence.hu\/index.php\/2025\/05\/03\/a-jatszoteri-eszkozok-uzemeltetesi-felteteleit-ellenorzi-a-fogyasztovedelmi-hatosag\/\" class=\"yoast-seo-meta-tag\" \/>\n<meta property=\"og:locale\" content=\"hu_HU\" class=\"yoast-seo-meta-tag\" \/>\n<meta property=\"og:type\" content=\"article\" class=\"yoast-seo-meta-tag\" \/>\n<meta property=\"og:title\" content=\"A j\u00e1tsz\u00f3t\u00e9ri eszk\u00f6z\u00f6k \u00fczemeltet\u00e9si felt\u00e9teleit ellen\u0151rzi a fogyaszt\u00f3v\u00e9delmi hat\u00f3s\u00e1g\" class=\"yoast-seo-meta-tag\" \/>\n<meta property=\"og:description\" content=\"A Nemzeti Kereskedelmi \u00e9s Fogyaszt\u00f3v\u00e9delmi Hat\u00f3s\u00e1g (NKFH) elk\u00f6telezetten dolgozik azon, hogy a j\u00e1tsz\u00f3tereken az idei \u00e9vben is biztons\u00e1gos k\u00f6rnyezet v\u00e1rja a gyermekeket. Az ellen\u0151rz\u00e9s c\u00e9lja annak felt\u00e1r\u00e1sa, hogy a j\u00e1tsz\u00f3t\u00e9ri eszk\u00f6z\u00f6k \u00fczemeltet\u00e9si k\u00f6r\u00fclm\u00e9nyei \u00f6sszhangban vannak-e a jogszab\u00e1lyi k\u00f6vetelm\u00e9nyekkel. Amennyiben a vizsg\u00e1latok sor\u00e1n hi\u00e1nyoss\u00e1gok mer\u00fclnek fel, sor ker\u00fcl az eszk\u00f6z\u00f6k haszn\u00e1lat\u00e1nak ideiglenes megtilt\u00e1s\u00e1ra is a gyermekek\" class=\"yoast-seo-meta-tag\" \/>\n<meta property=\"og:url\" content=\"https:\/\/dorogimedence.hu\/index.php\/2025\/05\/03\/a-jatszoteri-eszkozok-uzemeltetesi-felteteleit-ellenorzi-a-fogyasztovedelmi-hatosag\/\" class=\"yoast-seo-meta-tag\" \/>\n<meta property=\"og:site_name\" content=\"Dorogi-medence Region\u00e1lis H\u00edrport\u00e1l\" class=\"yoast-seo-meta-tag\" \/>\n<meta property=\"article:publisher\" content=\"https:\/\/www.facebook.com\/dorogimedence\/\" class=\"yoast-seo-meta-tag\" \/>\n<meta property=\"article:published_time\" content=\"2025-05-03T09:57:01+00:00\" class=\"yoast-seo-meta-tag\" \/>\n<meta property=\"og:image\" content=\"https:\/\/dorogimedence.hu\/wp-content\/uploads\/2025\/05\/2149587821-1920x1280.jpg\" class=\"yoast-seo-meta-tag\" \/>\n\t<meta property=\"og:image:width\" content=\"1920\" class=\"yoast-seo-meta-tag\" \/>\n\t<meta property=\"og:image:height\" content=\"1280\" class=\"yoast-seo-meta-tag\" \/>\n\t<meta property=\"og:image:type\" content=\"image\/jpeg\" class=\"yoast-seo-meta-tag\" \/>\n<meta name=\"author\" content=\"dorogimedence.hu\" class=\"yoast-seo-meta-tag\" \/>\n<meta name=\"twitter:card\" content=\"summary_large_image\" class=\"yoast-seo-meta-tag\" \/>\n<meta name=\"twitter:label1\" content=\"Szerz\u0151:\" class=\"yoast-seo-meta-tag\" \/>\n\t<meta name=\"twitter:data1\" content=\"dorogimedence.hu\" class=\"yoast-seo-meta-tag\" \/>\n\t<meta name=\"twitter:label2\" content=\"Becs\u00fclt olvas\u00e1si id\u0151\" class=\"yoast-seo-meta-tag\" \/>\n\t<meta name=\"twitter:data2\" content=\"3 perc\" class=\"yoast-seo-meta-tag\" \/>\n<script type=\"application\/ld+json\" class=\"yoast-schema-graph\">{\"@context\":\"https:\\\/\\\/schema.org\",\"@graph\":[{\"@type\":\"Article\",\"@id\":\"https:\\\/\\\/dorogimedence.hu\\\/index.php\\\/2025\\\/05\\\/03\\\/a-jatszoteri-eszkozok-uzemeltetesi-felteteleit-ellenorzi-a-fogyasztovedelmi-hatosag\\\/#article\",\"isPartOf\":{\"@id\":\"https:\\\/\\\/dorogimedence.hu\\\/index.php\\\/2025\\\/05\\\/03\\\/a-jatszoteri-eszkozok-uzemeltetesi-felteteleit-ellenorzi-a-fogyasztovedelmi-hatosag\\\/\"},\"author\":{\"name\":\"dorogimedence.hu\",\"@id\":\"https:\\\/\\\/dorogimedence.hu\\\/#\\\/schema\\\/person\\\/ce6091eeb7e95ecdc87890d6aa8e0fd4\"},\"headline\":\"A j\u00e1tsz\u00f3t\u00e9ri eszk\u00f6z\u00f6k \u00fczemeltet\u00e9si felt\u00e9teleit ellen\u0151rzi a fogyaszt\u00f3v\u00e9delmi hat\u00f3s\u00e1g\",\"datePublished\":\"2025-05-03T09:57:01+00:00\",\"mainEntityOfPage\":{\"@id\":\"https:\\\/\\\/dorogimedence.hu\\\/index.php\\\/2025\\\/05\\\/03\\\/a-jatszoteri-eszkozok-uzemeltetesi-felteteleit-ellenorzi-a-fogyasztovedelmi-hatosag\\\/\"},\"wordCount\":646,\"publisher\":{\"@id\":\"https:\\\/\\\/dorogimedence.hu\\\/#organization\"},\"image\":{\"@id\":\"https:\\\/\\\/dorogimedence.hu\\\/index.php\\\/2025\\\/05\\\/03\\\/a-jatszoteri-eszkozok-uzemeltetesi-felteteleit-ellenorzi-a-fogyasztovedelmi-hatosag\\\/#primaryimage\"},\"thumbnailUrl\":\"https:\\\/\\\/dorogimedence.hu\\\/wp-content\\\/uploads\\\/2025\\\/05\\\/2149587821.jpg\",\"keywords\":[\"ellen\u0151rz\u00e9s\",\"j\u00e1tsz\u00f3t\u00e9r\",\"NKFH\"],\"articleSection\":[\"H\u00edrek\"],\"inLanguage\":\"hu\"},{\"@type\":\"WebPage\",\"@id\":\"https:\\\/\\\/dorogimedence.hu\\\/index.php\\\/2025\\\/05\\\/03\\\/a-jatszoteri-eszkozok-uzemeltetesi-felteteleit-ellenorzi-a-fogyasztovedelmi-hatosag\\\/\",\"url\":\"https:\\\/\\\/dorogimedence.hu\\\/index.php\\\/2025\\\/05\\\/03\\\/a-jatszoteri-eszkozok-uzemeltetesi-felteteleit-ellenorzi-a-fogyasztovedelmi-hatosag\\\/\",\"name\":\"A j\u00e1tsz\u00f3t\u00e9ri eszk\u00f6z\u00f6k \u00fczemeltet\u00e9si felt\u00e9teleit ellen\u0151rzi a fogyaszt\u00f3v\u00e9delmi hat\u00f3s\u00e1g\",\"isPartOf\":{\"@id\":\"https:\\\/\\\/dorogimedence.hu\\\/#website\"},\"primaryImageOfPage\":{\"@id\":\"https:\\\/\\\/dorogimedence.hu\\\/index.php\\\/2025\\\/05\\\/03\\\/a-jatszoteri-eszkozok-uzemeltetesi-felteteleit-ellenorzi-a-fogyasztovedelmi-hatosag\\\/#primaryimage\"},\"image\":{\"@id\":\"https:\\\/\\\/dorogimedence.hu\\\/index.php\\\/2025\\\/05\\\/03\\\/a-jatszoteri-eszkozok-uzemeltetesi-felteteleit-ellenorzi-a-fogyasztovedelmi-hatosag\\\/#primaryimage\"},\"thumbnailUrl\":\"https:\\\/\\\/dorogimedence.hu\\\/wp-content\\\/uploads\\\/2025\\\/05\\\/2149587821.jpg\",\"datePublished\":\"2025-05-03T09:57:01+00:00\",\"breadcrumb\":{\"@id\":\"https:\\\/\\\/dorogimedence.hu\\\/index.php\\\/2025\\\/05\\\/03\\\/a-jatszoteri-eszkozok-uzemeltetesi-felteteleit-ellenorzi-a-fogyasztovedelmi-hatosag\\\/#breadcrumb\"},\"inLanguage\":\"hu\",\"potentialAction\":[{\"@type\":\"ReadAction\",\"target\":[\"https:\\\/\\\/dorogimedence.hu\\\/index.php\\\/2025\\\/05\\\/03\\\/a-jatszoteri-eszkozok-uzemeltetesi-felteteleit-ellenorzi-a-fogyasztovedelmi-hatosag\\\/\"]}]},{\"@type\":\"ImageObject\",\"inLanguage\":\"hu\",\"@id\":\"https:\\\/\\\/dorogimedence.hu\\\/index.php\\\/2025\\\/05\\\/03\\\/a-jatszoteri-eszkozok-uzemeltetesi-felteteleit-ellenorzi-a-fogyasztovedelmi-hatosag\\\/#primaryimage\",\"url\":\"https:\\\/\\\/dorogimedence.hu\\\/wp-content\\\/uploads\\\/2025\\\/05\\\/2149587821.jpg\",\"contentUrl\":\"https:\\\/\\\/dorogimedence.hu\\\/wp-content\\\/uploads\\\/2025\\\/05\\\/2149587821.jpg\",\"width\":2000,\"height\":1333},{\"@type\":\"BreadcrumbList\",\"@id\":\"https:\\\/\\\/dorogimedence.hu\\\/index.php\\\/2025\\\/05\\\/03\\\/a-jatszoteri-eszkozok-uzemeltetesi-felteteleit-ellenorzi-a-fogyasztovedelmi-hatosag\\\/#breadcrumb\",\"itemListElement\":[{\"@type\":\"ListItem\",\"position\":1,\"name\":\"Kezd\u0151lap\",\"item\":\"https:\\\/\\\/dorogimedence.hu\\\/\"},{\"@type\":\"ListItem\",\"position\":2,\"name\":\"A j\u00e1tsz\u00f3t\u00e9ri eszk\u00f6z\u00f6k \u00fczemeltet\u00e9si felt\u00e9teleit ellen\u0151rzi a fogyaszt\u00f3v\u00e9delmi hat\u00f3s\u00e1g\"}]},{\"@type\":\"WebSite\",\"@id\":\"https:\\\/\\\/dorogimedence.hu\\\/#website\",\"url\":\"https:\\\/\\\/dorogimedence.hu\\\/\",\"name\":\"Dorogi-medence Region\u00e1lis H\u00edrport\u00e1l\",\"description\":\"Dorog, Keszt\u00f6lc, Le\u00e1nyv\u00e1r, Piliscs\u00e9v, Tokod, Tokodalt\u00e1r\u00f3, Csolnok, Esztergom-kertv\u00e1ros: h\u00edrek, programok\",\"publisher\":{\"@id\":\"https:\\\/\\\/dorogimedence.hu\\\/#organization\"},\"potentialAction\":[{\"@type\":\"SearchAction\",\"target\":{\"@type\":\"EntryPoint\",\"urlTemplate\":\"https:\\\/\\\/dorogimedence.hu\\\/?s={search_term_string}\"},\"query-input\":{\"@type\":\"PropertyValueSpecification\",\"valueRequired\":true,\"valueName\":\"search_term_string\"}}],\"inLanguage\":\"hu\"},{\"@type\":\"Organization\",\"@id\":\"https:\\\/\\\/dorogimedence.hu\\\/#organization\",\"name\":\"Dorogi-medence Region\u00e1lis H\u00edrport\u00e1l\",\"url\":\"https:\\\/\\\/dorogimedence.hu\\\/\",\"logo\":{\"@type\":\"ImageObject\",\"inLanguage\":\"hu\",\"@id\":\"https:\\\/\\\/dorogimedence.hu\\\/#\\\/schema\\\/logo\\\/image\\\/\",\"url\":\"https:\\\/\\\/dorogimedence.hu\\\/wp-content\\\/uploads\\\/2021\\\/04\\\/logo-feher-600.png\",\"contentUrl\":\"https:\\\/\\\/dorogimedence.hu\\\/wp-content\\\/uploads\\\/2021\\\/04\\\/logo-feher-600.png\",\"width\":600,\"height\":100,\"caption\":\"Dorogi-medence Region\u00e1lis H\u00edrport\u00e1l\"},\"image\":{\"@id\":\"https:\\\/\\\/dorogimedence.hu\\\/#\\\/schema\\\/logo\\\/image\\\/\"},\"sameAs\":[\"https:\\\/\\\/www.facebook.com\\\/dorogimedence\\\/\"]},{\"@type\":\"Person\",\"@id\":\"https:\\\/\\\/dorogimedence.hu\\\/#\\\/schema\\\/person\\\/ce6091eeb7e95ecdc87890d6aa8e0fd4\",\"name\":\"dorogimedence.hu\",\"image\":{\"@type\":\"ImageObject\",\"inLanguage\":\"hu\",\"@id\":\"\\\/\\\/www.gravatar.com\\\/avatar\\\/d8d45f8901aadff40a4af72c0b826f1d?s=96&#038;r=g&#038;d=mm\",\"url\":\"\\\/\\\/www.gravatar.com\\\/avatar\\\/d8d45f8901aadff40a4af72c0b826f1d?s=96&#038;r=g&#038;d=mm\",\"contentUrl\":\"\\\/\\\/www.gravatar.com\\\/avatar\\\/d8d45f8901aadff40a4af72c0b826f1d?s=96&#038;r=g&#038;d=mm\",\"caption\":\"dorogimedence.hu\"}}]}<\/script>\n<!-- \/ Yoast SEO plugin. -->","yoast_head_json":{"title":"A j\u00e1tsz\u00f3t\u00e9ri eszk\u00f6z\u00f6k \u00fczemeltet\u00e9si felt\u00e9teleit ellen\u0151rzi a fogyaszt\u00f3v\u00e9delmi hat\u00f3s\u00e1g","robots":{"index":"index","follow":"follow","max-snippet":"max-snippet:-1","max-image-preview":"max-image-preview:large","max-video-preview":"max-video-preview:-1"},"canonical":"https:\/\/dorogimedence.hu\/index.php\/2025\/05\/03\/a-jatszoteri-eszkozok-uzemeltetesi-felteteleit-ellenorzi-a-fogyasztovedelmi-hatosag\/","og_locale":"hu_HU","og_type":"article","og_title":"A j\u00e1tsz\u00f3t\u00e9ri eszk\u00f6z\u00f6k \u00fczemeltet\u00e9si felt\u00e9teleit ellen\u0151rzi a fogyaszt\u00f3v\u00e9delmi hat\u00f3s\u00e1g","og_description":"A Nemzeti Kereskedelmi \u00e9s Fogyaszt\u00f3v\u00e9delmi Hat\u00f3s\u00e1g (NKFH) elk\u00f6telezetten dolgozik azon, hogy a j\u00e1tsz\u00f3tereken az idei \u00e9vben is biztons\u00e1gos k\u00f6rnyezet v\u00e1rja a gyermekeket. Az ellen\u0151rz\u00e9s c\u00e9lja annak felt\u00e1r\u00e1sa, hogy a j\u00e1tsz\u00f3t\u00e9ri eszk\u00f6z\u00f6k \u00fczemeltet\u00e9si k\u00f6r\u00fclm\u00e9nyei \u00f6sszhangban vannak-e a jogszab\u00e1lyi k\u00f6vetelm\u00e9nyekkel. Amennyiben a vizsg\u00e1latok sor\u00e1n hi\u00e1nyoss\u00e1gok mer\u00fclnek fel, sor ker\u00fcl az eszk\u00f6z\u00f6k haszn\u00e1lat\u00e1nak ideiglenes megtilt\u00e1s\u00e1ra is a gyermekek","og_url":"https:\/\/dorogimedence.hu\/index.php\/2025\/05\/03\/a-jatszoteri-eszkozok-uzemeltetesi-felteteleit-ellenorzi-a-fogyasztovedelmi-hatosag\/","og_site_name":"Dorogi-medence Region\u00e1lis H\u00edrport\u00e1l","article_publisher":"https:\/\/www.facebook.com\/dorogimedence\/","article_published_time":"2025-05-03T09:57:01+00:00","og_image":[{"width":1920,"height":1280,"url":"https:\/\/dorogimedence.hu\/wp-content\/uploads\/2025\/05\/2149587821-1920x1280.jpg","type":"image\/jpeg"}],"author":"dorogimedence.hu","twitter_card":"summary_large_image","twitter_misc":{"Szerz\u0151:":"dorogimedence.hu","Becs\u00fclt olvas\u00e1si id\u0151":"3 perc"},"schema":{"@context":"https:\/\/schema.org","@graph":[{"@type":"Article","@id":"https:\/\/dorogimedence.hu\/index.php\/2025\/05\/03\/a-jatszoteri-eszkozok-uzemeltetesi-felteteleit-ellenorzi-a-fogyasztovedelmi-hatosag\/#article","isPartOf":{"@id":"https:\/\/dorogimedence.hu\/index.php\/2025\/05\/03\/a-jatszoteri-eszkozok-uzemeltetesi-felteteleit-ellenorzi-a-fogyasztovedelmi-hatosag\/"},"author":{"name":"dorogimedence.hu","@id":"https:\/\/dorogimedence.hu\/#\/schema\/person\/ce6091eeb7e95ecdc87890d6aa8e0fd4"},"headline":"A j\u00e1tsz\u00f3t\u00e9ri eszk\u00f6z\u00f6k \u00fczemeltet\u00e9si felt\u00e9teleit ellen\u0151rzi a fogyaszt\u00f3v\u00e9delmi hat\u00f3s\u00e1g","datePublished":"2025-05-03T09:57:01+00:00","mainEntityOfPage":{"@id":"https:\/\/dorogimedence.hu\/index.php\/2025\/05\/03\/a-jatszoteri-eszkozok-uzemeltetesi-felteteleit-ellenorzi-a-fogyasztovedelmi-hatosag\/"},"wordCount":646,"publisher":{"@id":"https:\/\/dorogimedence.hu\/#organization"},"image":{"@id":"https:\/\/dorogimedence.hu\/index.php\/2025\/05\/03\/a-jatszoteri-eszkozok-uzemeltetesi-felteteleit-ellenorzi-a-fogyasztovedelmi-hatosag\/#primaryimage"},"thumbnailUrl":"https:\/\/dorogimedence.hu\/wp-content\/uploads\/2025\/05\/2149587821.jpg","keywords":["ellen\u0151rz\u00e9s","j\u00e1tsz\u00f3t\u00e9r","NKFH"],"articleSection":["H\u00edrek"],"inLanguage":"hu"},{"@type":"WebPage","@id":"https:\/\/dorogimedence.hu\/index.php\/2025\/05\/03\/a-jatszoteri-eszkozok-uzemeltetesi-felteteleit-ellenorzi-a-fogyasztovedelmi-hatosag\/","url":"https:\/\/dorogimedence.hu\/index.php\/2025\/05\/03\/a-jatszoteri-eszkozok-uzemeltetesi-felteteleit-ellenorzi-a-fogyasztovedelmi-hatosag\/","name":"A j\u00e1tsz\u00f3t\u00e9ri eszk\u00f6z\u00f6k \u00fczemeltet\u00e9si felt\u00e9teleit ellen\u0151rzi a fogyaszt\u00f3v\u00e9delmi hat\u00f3s\u00e1g","isPartOf":{"@id":"https:\/\/dorogimedence.hu\/#website"},"primaryImageOfPage":{"@id":"https:\/\/dorogimedence.hu\/index.php\/2025\/05\/03\/a-jatszoteri-eszkozok-uzemeltetesi-felteteleit-ellenorzi-a-fogyasztovedelmi-hatosag\/#primaryimage"},"image":{"@id":"https:\/\/dorogimedence.hu\/index.php\/2025\/05\/03\/a-jatszoteri-eszkozok-uzemeltetesi-felteteleit-ellenorzi-a-fogyasztovedelmi-hatosag\/#primaryimage"},"thumbnailUrl":"https:\/\/dorogimedence.hu\/wp-content\/uploads\/2025\/05\/2149587821.jpg","datePublished":"2025-05-03T09:57:01+00:00","breadcrumb":{"@id":"https:\/\/dorogimedence.hu\/index.php\/2025\/05\/03\/a-jatszoteri-eszkozok-uzemeltetesi-felteteleit-ellenorzi-a-fogyasztovedelmi-hatosag\/#breadcrumb"},"inLanguage":"hu","potentialAction":[{"@type":"ReadAction","target":["https:\/\/dorogimedence.hu\/index.php\/2025\/05\/03\/a-jatszoteri-eszkozok-uzemeltetesi-felteteleit-ellenorzi-a-fogyasztovedelmi-hatosag\/"]}]},{"@type":"ImageObject","inLanguage":"hu","@id":"https:\/\/dorogimedence.hu\/index.php\/2025\/05\/03\/a-jatszoteri-eszkozok-uzemeltetesi-felteteleit-ellenorzi-a-fogyasztovedelmi-hatosag\/#primaryimage","url":"https:\/\/dorogimedence.hu\/wp-content\/uploads\/2025\/05\/2149587821.jpg","contentUrl":"https:\/\/dorogimedence.hu\/wp-content\/uploads\/2025\/05\/2149587821.jpg","width":2000,"height":1333},{"@type":"BreadcrumbList","@id":"https:\/\/dorogimedence.hu\/index.php\/2025\/05\/03\/a-jatszoteri-eszkozok-uzemeltetesi-felteteleit-ellenorzi-a-fogyasztovedelmi-hatosag\/#breadcrumb","itemListElement":[{"@type":"ListItem","position":1,"name":"Kezd\u0151lap","item":"https:\/\/dorogimedence.hu\/"},{"@type":"ListItem","position":2,"name":"A j\u00e1tsz\u00f3t\u00e9ri eszk\u00f6z\u00f6k \u00fczemeltet\u00e9si felt\u00e9teleit ellen\u0151rzi a fogyaszt\u00f3v\u00e9delmi hat\u00f3s\u00e1g"}]},{"@type":"WebSite","@id":"https:\/\/dorogimedence.hu\/#website","url":"https:\/\/dorogimedence.hu\/","name":"Dorogi-medence Region\u00e1lis H\u00edrport\u00e1l","description":"Dorog, Keszt\u00f6lc, Le\u00e1nyv\u00e1r, Piliscs\u00e9v, Tokod, Tokodalt\u00e1r\u00f3, Csolnok, Esztergom-kertv\u00e1ros: h\u00edrek, programok","publisher":{"@id":"https:\/\/dorogimedence.hu\/#organization"},"potentialAction":[{"@type":"SearchAction","target":{"@type":"EntryPoint","urlTemplate":"https:\/\/dorogimedence.hu\/?s={search_term_string}"},"query-input":{"@type":"PropertyValueSpecification","valueRequired":true,"valueName":"search_term_string"}}],"inLanguage":"hu"},{"@type":"Organization","@id":"https:\/\/dorogimedence.hu\/#organization","name":"Dorogi-medence Region\u00e1lis H\u00edrport\u00e1l","url":"https:\/\/dorogimedence.hu\/","logo":{"@type":"ImageObject","inLanguage":"hu","@id":"https:\/\/dorogimedence.hu\/#\/schema\/logo\/image\/","url":"https:\/\/dorogimedence.hu\/wp-content\/uploads\/2021\/04\/logo-feher-600.png","contentUrl":"https:\/\/dorogimedence.hu\/wp-content\/uploads\/2021\/04\/logo-feher-600.png","width":600,"height":100,"caption":"Dorogi-medence Region\u00e1lis H\u00edrport\u00e1l"},"image":{"@id":"https:\/\/dorogimedence.hu\/#\/schema\/logo\/image\/"},"sameAs":["https:\/\/www.facebook.com\/dorogimedence\/"]},{"@type":"Person","@id":"https:\/\/dorogimedence.hu\/#\/schema\/person\/ce6091eeb7e95ecdc87890d6aa8e0fd4","name":"dorogimedence.hu","image":{"@type":"ImageObject","inLanguage":"hu","@id":"\/\/www.gravatar.com\/avatar\/d8d45f8901aadff40a4af72c0b826f1d?s=96&#038;r=g&#038;d=mm","url":"\/\/www.gravatar.com\/avatar\/d8d45f8901aadff40a4af72c0b826f1d?s=96&#038;r=g&#038;d=mm","contentUrl":"\/\/www.gravatar.com\/avatar\/d8d45f8901aadff40a4af72c0b826f1d?s=96&#038;r=g&#038;d=mm","caption":"dorogimedence.hu"}}]}},"_links":{"self":[{"href":"https:\/\/dorogimedence.hu\/index.php\/wp-json\/wp\/v2\/posts\/70721","targetHints":{"allow":["GET"]}}],"collection":[{"href":"https:\/\/dorogimedence.hu\/index.php\/wp-json\/wp\/v2\/posts"}],"about":[{"href":"https:\/\/dorogimedence.hu\/index.php\/wp-json\/wp\/v2\/types\/post"}],"author":[{"embeddable":true,"href":"https:\/\/dorogimedence.hu\/index.php\/wp-json\/wp\/v2\/users\/1"}],"replies":[{"embeddable":true,"href":"https:\/\/dorogimedence.hu\/index.php\/wp-json\/wp\/v2\/comments?post=70721"}],"version-history":[{"count":0,"href":"https:\/\/dorogimedence.hu\/index.php\/wp-json\/wp\/v2\/posts\/70721\/revisions"}],"wp:featuredmedia":[{"embeddable":true,"href":"https:\/\/dorogimedence.hu\/index.php\/wp-json\/wp\/v2\/media\/70722"}],"wp:attachment":[{"href":"https:\/\/dorogimedence.hu\/index.php\/wp-json\/wp\/v2\/media?parent=70721"}],"wp:term":[{"taxonomy":"category","embeddable":true,"href":"https:\/\/dorogimedence.hu\/index.php\/wp-json\/wp\/v2\/categories?post=70721"},{"taxonomy":"post_tag","embeddable":true,"href":"https:\/\/dorogimedence.hu\/index.php\/wp-json\/wp\/v2\/tags?post=70721"}],"curies":[{"name":"wp","href":"https:\/\/api.w.org\/{rel}","templated":true}]}}