{"id":70655,"date":"2025-04-30T11:31:19","date_gmt":"2025-04-30T09:31:19","guid":{"rendered":"https:\/\/dorogimedence.hu\/?p=70655"},"modified":"2025-04-30T11:31:19","modified_gmt":"2025-04-30T09:31:19","slug":"majus-1-jei-kozlekedesi-rend-a-mav-csoportnal","status":"publish","type":"post","link":"https:\/\/dorogimedence.hu\/index.php\/2025\/04\/30\/majus-1-jei-kozlekedesi-rend-a-mav-csoportnal\/","title":{"rendered":"M\u00e1jus 1-jei k\u00f6zleked\u00e9si rend a M\u00c1V-csoportn\u00e1l"},"content":{"rendered":"<div class=\"field-lead\">\n<p><strong>H\u00fasv\u00e9tot k\u00f6vet\u0151en a m\u00e1jus 1-j\u00e9t mag\u00e1ban foglal\u00f3 hossz\u00fa h\u00e9tv\u00e9g\u00e9re is er\u0151s\u00edt\u00e9ssel k\u00e9sz\u00fcl a M\u00c1V-csoport. Minden\u00fctt, ahol sz\u00fcks\u00e9ges, t\u00f6bb j\u00e1rm\u0171 \u00e9s nagyobb kapacit\u00e1ssal k\u00f6zlekedik ebben az id\u0151szakban. El\u0151v\u00e9telben v\u00e1ltott jegyeikkel az utasok is seg\u00edthetik a t\u00f6bbletkapacit\u00e1sok eloszt\u00e1s\u00e1t. Min\u00e9l t\u00f6bben jelzik el\u0151re, hol \u00e9s mikor venn\u00e9k ig\u00e9nybe a vas\u00fati vagy aut\u00f3buszos szolg\u00e1ltat\u00e1sokat, ann\u00e1l biztosabb\u00e1 tehetik nem csup\u00e1n a saj\u00e1t utaz\u00e1sukat, de k\u00f6zvetve az utast\u00e1rsak\u00e9t is, hiszen az el\u0151v\u00e9teli inform\u00e1ci\u00f3k birtok\u00e1ban a M\u00c1V-csoport val\u00f3ban ott vetheti be a meger\u0151s\u00edtett j\u00e1ratokat, ahol azokra legink\u00e1bb sz\u00fcks\u00e9g lesz. <\/strong><\/p>\n<\/div>\n<div class=\"field-body\">\n<p>A h\u00fasv\u00e9ti hossz\u00fa h\u00e9tv\u00e9g\u00e9n az utasok \u00e9s a k\u00f6zleked\u00e9si t\u00e1rsas\u00e1g egy\u00fcttm\u0171k\u00f6d\u00e9se rendk\u00edv\u00fcl hat\u00e9konynak bizonyult, amit a M\u00c1V-csoport ez\u00faton is k\u00f6sz\u00f6n az utasoknak! Az el\u0151v\u00e9telben t\u00f6rt\u00e9n\u0151 jegyv\u00e1lt\u00e1s a most kezd\u0151d\u0151 n\u00e9gy napos id\u0151szakban sz\u00e1zezrek utaz\u00e1s\u00e1t teheti gondtalanabb\u00e1 \u00e9s biztoss\u00e1. Ehhez ma m\u00e1r sz\u00e1mos k\u00e9nyelmes, gyors \u00e9s egyszer\u0171en haszn\u00e1lhat\u00f3 megold\u00e1s \u00e1ll az utasok rendelkez\u00e9s\u00e9re: a menetjegyek megv\u00e1s\u00e1rolhat\u00f3k a jegykiad\u00f3 automat\u00e1kban, online a <a tabindex=\"0\" href=\"https:\/\/jegy.mav.hu\/\" target=\"_blank\" rel=\"noopener\"><span style=\"text-decoration: underline; color: #0000ff;\">https:\/\/jegy.mav.hu<\/span><\/a> oldalon, valamint a&nbsp;M\u00c1V applik\u00e1ci\u00f3ban is. Az utaz\u00e1s megtervez\u00e9s\u00e9hez aj\u00e1nljuk az <a tabindex=\"0\" href=\"https:\/\/emma.mav.hu\/#\/?modeButtons=transit_coach&amp;wheelchair=false\" target=\"_blank\" rel=\"noopener\"><span style=\"text-decoration: underline; color: #0000ff;\">EMMA<\/span><\/a> weboldalt, a M\u00c1V-csoport integr\u00e1lt menetrendi \u00fatvonaltervez\u0151j\u00e9t is.<\/p>\n<h3>A vonatk\u00f6zleked\u00e9sben a k\u00f6vetkez\u0151 v\u00e1ltoz\u00e1sok lesznek:<\/h3>\n<ul>\n<li>\u00e1prilis <strong>30-\u00e1n a p\u00e9nteki<\/strong>, &nbsp;&nbsp;<\/li>\n<li>m\u00e1jus <strong>1-j\u00e9n a szombati<\/strong>,<\/li>\n<li><strong>2-\u00e1n \u00e9s 3-\u00e1n<\/strong> <strong>az \u00fcnnepnapi, &nbsp;<\/strong><\/li>\n<li><strong>4-\u00e9n<\/strong> a vas\u00e1rnapi,<\/li>\n<li>m\u00e1jus 5-t\u0151l a munkanapi k\u00f6zleked\u00e9si rend szerint j\u00e1rnak a vonatok.<\/li>\n<\/ul>\n<h3>A VOL\u00c1N-j\u00e1ratok k\u00f6zleked\u00e9si rendje is v\u00e1ltozik:<\/h3>\n<ul>\n<li><strong>\u00e1prilis 30-\u00e1n<\/strong>,&nbsp;szerd\u00e1n<strong>&nbsp;munkanapra \u00e9s a h\u00e9t utols\u00f3 tan\u00edt\u00e1si napj\u00e1n, <\/strong><\/li>\n<li><strong>m\u00e1jus 1-j\u00e9n,&nbsp;<\/strong>cs\u00fct\u00f6rt\u00f6k\u00f6n&nbsp;<strong>munkasz\u00fcneti napon, <\/strong><\/li>\n<li><strong>2-\u00e1n, <\/strong>p\u00e9nteken<strong> \u00e9s 3-\u00e1n, <\/strong>szombaton<strong> szabadnapon, <\/strong><\/li>\n<li><strong>4-\u00e9n,&nbsp;<\/strong>vas\u00e1rnap<strong> a h\u00e9t els\u0151 tan\u00edt\u00e1si \u00e9s munkanapj\u00e1t megel\u0151z\u0151 munkasz\u00fcneti napon<\/strong>,<\/li>\n<li>m\u00e1jus 5-\u00e9n, h\u00e9tf\u0151n pedig a h\u00e9t els\u0151 tan\u00edt\u00e1si \u00e9s munkanapj\u00e1n \u00e9rv\u00e9nyes menetrend szerint indulnak a buszj\u00e1ratok.<\/li>\n<\/ul>\n<h3>A H\u00c9V j\u00e1ratain\u00e1l is lesznek v\u00e1ltoz\u00e1sok a k\u00f6zleked\u00e9si rendben:<\/h3>\n<p>A H\u00c9V eset\u00e9ben <strong>m\u00e1jus 1-j\u00e9t\u0151l 4-\u00e9ig<\/strong> (cs\u00fct\u00f6rt\u00f6kt\u0151l vas\u00e1rnapig) a <strong>munkasz\u00fcneti napi<\/strong> (a H7-es H\u00c9V eset\u00e9ben <strong>m\u00e1jus 2-\u00e1n \u00e9s 3-\u00e1n<\/strong> \u2013 p\u00e9nteken \u00e9s szombaton \u2013 <strong>a szombati<\/strong>) menetrend lesz \u00e9rv\u00e9nyben.<\/p>\n<p><em>Forr\u00e1s: M\u00c1V Zrt. Kommunik\u00e1ci\u00f3s Igazgat\u00f3s\u00e1g<\/em><\/p>\n<\/div>\n","protected":false},"excerpt":{"rendered":"<p>H\u00fasv\u00e9tot k\u00f6vet\u0151en a m\u00e1jus 1-j\u00e9t mag\u00e1ban foglal\u00f3 hossz\u00fa h\u00e9tv\u00e9g\u00e9re is er\u0151s\u00edt\u00e9ssel k\u00e9sz\u00fcl a M\u00c1V-csoport. Minden\u00fctt, ahol sz\u00fcks\u00e9ges, t\u00f6bb j\u00e1rm\u0171 \u00e9s nagyobb kapacit\u00e1ssal k\u00f6zlekedik ebben az id\u0151szakban. El\u0151v\u00e9telben v\u00e1ltott jegyeikkel az utasok is seg\u00edthetik a t\u00f6bbletkapacit\u00e1sok eloszt\u00e1s\u00e1t. Min\u00e9l t\u00f6bben jelzik el\u0151re, hol \u00e9s mikor venn\u00e9k ig\u00e9nybe a vas\u00fati vagy aut\u00f3buszos szolg\u00e1ltat\u00e1sokat, ann\u00e1l biztosabb\u00e1 tehetik nem csup\u00e1n<\/p>\n","protected":false},"author":1,"featured_media":31017,"comment_status":"closed","ping_status":"closed","sticky":false,"template":"","format":"standard","meta":{"ngg_post_thumbnail":0,"footnotes":""},"categories":[3],"tags":[458,1043,292,293,381,4787,291],"class_list":{"0":"post-70655","1":"post","2":"type-post","3":"status-publish","4":"format-standard","5":"has-post-thumbnail","7":"category-hirek","8":"tag-autobusz","9":"tag-busz","10":"tag-mav","11":"tag-menetrend","12":"tag-vasut","13":"tag-volan","14":"tag-vonat"},"yoast_head":"<!-- This site is optimized with the Yoast SEO plugin v27.5 - https:\/\/yoast.com\/product\/yoast-seo-wordpress\/ -->\n<title>M\u00e1jus 1-jei k\u00f6zleked\u00e9si rend a M\u00c1V-csoportn\u00e1l<\/title>\n<meta name=\"robots\" content=\"index, follow, max-snippet:-1, max-image-preview:large, max-video-preview:-1\" \/>\n<link rel=\"canonical\" href=\"https:\/\/dorogimedence.hu\/index.php\/2025\/04\/30\/majus-1-jei-kozlekedesi-rend-a-mav-csoportnal\/\" class=\"yoast-seo-meta-tag\" \/>\n<meta property=\"og:locale\" content=\"hu_HU\" class=\"yoast-seo-meta-tag\" \/>\n<meta property=\"og:type\" content=\"article\" class=\"yoast-seo-meta-tag\" \/>\n<meta property=\"og:title\" content=\"M\u00e1jus 1-jei k\u00f6zleked\u00e9si rend a M\u00c1V-csoportn\u00e1l\" class=\"yoast-seo-meta-tag\" \/>\n<meta property=\"og:description\" content=\"H\u00fasv\u00e9tot k\u00f6vet\u0151en a m\u00e1jus 1-j\u00e9t mag\u00e1ban foglal\u00f3 hossz\u00fa h\u00e9tv\u00e9g\u00e9re is er\u0151s\u00edt\u00e9ssel k\u00e9sz\u00fcl a M\u00c1V-csoport. Minden\u00fctt, ahol sz\u00fcks\u00e9ges, t\u00f6bb j\u00e1rm\u0171 \u00e9s nagyobb kapacit\u00e1ssal k\u00f6zlekedik ebben az id\u0151szakban. El\u0151v\u00e9telben v\u00e1ltott jegyeikkel az utasok is seg\u00edthetik a t\u00f6bbletkapacit\u00e1sok eloszt\u00e1s\u00e1t. Min\u00e9l t\u00f6bben jelzik el\u0151re, hol \u00e9s mikor venn\u00e9k ig\u00e9nybe a vas\u00fati vagy aut\u00f3buszos szolg\u00e1ltat\u00e1sokat, ann\u00e1l biztosabb\u00e1 tehetik nem csup\u00e1n\" class=\"yoast-seo-meta-tag\" \/>\n<meta property=\"og:url\" content=\"https:\/\/dorogimedence.hu\/index.php\/2025\/04\/30\/majus-1-jei-kozlekedesi-rend-a-mav-csoportnal\/\" class=\"yoast-seo-meta-tag\" \/>\n<meta property=\"og:site_name\" content=\"Dorogi-medence Region\u00e1lis H\u00edrport\u00e1l\" class=\"yoast-seo-meta-tag\" \/>\n<meta property=\"article:publisher\" content=\"https:\/\/www.facebook.com\/dorogimedence\/\" class=\"yoast-seo-meta-tag\" \/>\n<meta property=\"article:published_time\" content=\"2025-04-30T09:31:19+00:00\" class=\"yoast-seo-meta-tag\" \/>\n<meta property=\"og:image\" content=\"https:\/\/dorogimedence.hu\/wp-content\/uploads\/2021\/03\/vonat-busz.png\" class=\"yoast-seo-meta-tag\" \/>\n\t<meta property=\"og:image:width\" content=\"830\" class=\"yoast-seo-meta-tag\" \/>\n\t<meta property=\"og:image:height\" content=\"450\" class=\"yoast-seo-meta-tag\" \/>\n\t<meta property=\"og:image:type\" content=\"image\/png\" class=\"yoast-seo-meta-tag\" \/>\n<meta name=\"author\" content=\"dorogimedence.hu\" class=\"yoast-seo-meta-tag\" \/>\n<meta name=\"twitter:card\" content=\"summary_large_image\" class=\"yoast-seo-meta-tag\" \/>\n<meta name=\"twitter:label1\" content=\"Szerz\u0151:\" class=\"yoast-seo-meta-tag\" \/>\n\t<meta name=\"twitter:data1\" content=\"dorogimedence.hu\" class=\"yoast-seo-meta-tag\" \/>\n\t<meta name=\"twitter:label2\" content=\"Becs\u00fclt olvas\u00e1si id\u0151\" class=\"yoast-seo-meta-tag\" \/>\n\t<meta name=\"twitter:data2\" content=\"3 perc\" class=\"yoast-seo-meta-tag\" \/>\n<script type=\"application\/ld+json\" class=\"yoast-schema-graph\">{\"@context\":\"https:\\\/\\\/schema.org\",\"@graph\":[{\"@type\":\"Article\",\"@id\":\"https:\\\/\\\/dorogimedence.hu\\\/index.php\\\/2025\\\/04\\\/30\\\/majus-1-jei-kozlekedesi-rend-a-mav-csoportnal\\\/#article\",\"isPartOf\":{\"@id\":\"https:\\\/\\\/dorogimedence.hu\\\/index.php\\\/2025\\\/04\\\/30\\\/majus-1-jei-kozlekedesi-rend-a-mav-csoportnal\\\/\"},\"author\":{\"name\":\"dorogimedence.hu\",\"@id\":\"https:\\\/\\\/dorogimedence.hu\\\/#\\\/schema\\\/person\\\/ce6091eeb7e95ecdc87890d6aa8e0fd4\"},\"headline\":\"M\u00e1jus 1-jei k\u00f6zleked\u00e9si rend a M\u00c1V-csoportn\u00e1l\",\"datePublished\":\"2025-04-30T09:31:19+00:00\",\"mainEntityOfPage\":{\"@id\":\"https:\\\/\\\/dorogimedence.hu\\\/index.php\\\/2025\\\/04\\\/30\\\/majus-1-jei-kozlekedesi-rend-a-mav-csoportnal\\\/\"},\"wordCount\":518,\"publisher\":{\"@id\":\"https:\\\/\\\/dorogimedence.hu\\\/#organization\"},\"image\":{\"@id\":\"https:\\\/\\\/dorogimedence.hu\\\/index.php\\\/2025\\\/04\\\/30\\\/majus-1-jei-kozlekedesi-rend-a-mav-csoportnal\\\/#primaryimage\"},\"thumbnailUrl\":\"https:\\\/\\\/dorogimedence.hu\\\/wp-content\\\/uploads\\\/2021\\\/03\\\/vonat-busz.png\",\"keywords\":[\"aut\u00f3busz\",\"busz\",\"m\u00e1v\",\"menetrend\",\"vas\u00fat\",\"Vol\u00e1n\",\"vonat\"],\"articleSection\":[\"H\u00edrek\"],\"inLanguage\":\"hu\"},{\"@type\":\"WebPage\",\"@id\":\"https:\\\/\\\/dorogimedence.hu\\\/index.php\\\/2025\\\/04\\\/30\\\/majus-1-jei-kozlekedesi-rend-a-mav-csoportnal\\\/\",\"url\":\"https:\\\/\\\/dorogimedence.hu\\\/index.php\\\/2025\\\/04\\\/30\\\/majus-1-jei-kozlekedesi-rend-a-mav-csoportnal\\\/\",\"name\":\"M\u00e1jus 1-jei k\u00f6zleked\u00e9si rend a M\u00c1V-csoportn\u00e1l\",\"isPartOf\":{\"@id\":\"https:\\\/\\\/dorogimedence.hu\\\/#website\"},\"primaryImageOfPage\":{\"@id\":\"https:\\\/\\\/dorogimedence.hu\\\/index.php\\\/2025\\\/04\\\/30\\\/majus-1-jei-kozlekedesi-rend-a-mav-csoportnal\\\/#primaryimage\"},\"image\":{\"@id\":\"https:\\\/\\\/dorogimedence.hu\\\/index.php\\\/2025\\\/04\\\/30\\\/majus-1-jei-kozlekedesi-rend-a-mav-csoportnal\\\/#primaryimage\"},\"thumbnailUrl\":\"https:\\\/\\\/dorogimedence.hu\\\/wp-content\\\/uploads\\\/2021\\\/03\\\/vonat-busz.png\",\"datePublished\":\"2025-04-30T09:31:19+00:00\",\"breadcrumb\":{\"@id\":\"https:\\\/\\\/dorogimedence.hu\\\/index.php\\\/2025\\\/04\\\/30\\\/majus-1-jei-kozlekedesi-rend-a-mav-csoportnal\\\/#breadcrumb\"},\"inLanguage\":\"hu\",\"potentialAction\":[{\"@type\":\"ReadAction\",\"target\":[\"https:\\\/\\\/dorogimedence.hu\\\/index.php\\\/2025\\\/04\\\/30\\\/majus-1-jei-kozlekedesi-rend-a-mav-csoportnal\\\/\"]}]},{\"@type\":\"ImageObject\",\"inLanguage\":\"hu\",\"@id\":\"https:\\\/\\\/dorogimedence.hu\\\/index.php\\\/2025\\\/04\\\/30\\\/majus-1-jei-kozlekedesi-rend-a-mav-csoportnal\\\/#primaryimage\",\"url\":\"https:\\\/\\\/dorogimedence.hu\\\/wp-content\\\/uploads\\\/2021\\\/03\\\/vonat-busz.png\",\"contentUrl\":\"https:\\\/\\\/dorogimedence.hu\\\/wp-content\\\/uploads\\\/2021\\\/03\\\/vonat-busz.png\",\"width\":830,\"height\":450},{\"@type\":\"BreadcrumbList\",\"@id\":\"https:\\\/\\\/dorogimedence.hu\\\/index.php\\\/2025\\\/04\\\/30\\\/majus-1-jei-kozlekedesi-rend-a-mav-csoportnal\\\/#breadcrumb\",\"itemListElement\":[{\"@type\":\"ListItem\",\"position\":1,\"name\":\"Kezd\u0151lap\",\"item\":\"https:\\\/\\\/dorogimedence.hu\\\/\"},{\"@type\":\"ListItem\",\"position\":2,\"name\":\"M\u00e1jus 1-jei k\u00f6zleked\u00e9si rend a M\u00c1V-csoportn\u00e1l\"}]},{\"@type\":\"WebSite\",\"@id\":\"https:\\\/\\\/dorogimedence.hu\\\/#website\",\"url\":\"https:\\\/\\\/dorogimedence.hu\\\/\",\"name\":\"Dorogi-medence Region\u00e1lis H\u00edrport\u00e1l\",\"description\":\"Dorog, Keszt\u00f6lc, Le\u00e1nyv\u00e1r, Piliscs\u00e9v, Tokod, Tokodalt\u00e1r\u00f3, Csolnok, Esztergom-kertv\u00e1ros: h\u00edrek, programok\",\"publisher\":{\"@id\":\"https:\\\/\\\/dorogimedence.hu\\\/#organization\"},\"potentialAction\":[{\"@type\":\"SearchAction\",\"target\":{\"@type\":\"EntryPoint\",\"urlTemplate\":\"https:\\\/\\\/dorogimedence.hu\\\/?s={search_term_string}\"},\"query-input\":{\"@type\":\"PropertyValueSpecification\",\"valueRequired\":true,\"valueName\":\"search_term_string\"}}],\"inLanguage\":\"hu\"},{\"@type\":\"Organization\",\"@id\":\"https:\\\/\\\/dorogimedence.hu\\\/#organization\",\"name\":\"Dorogi-medence Region\u00e1lis H\u00edrport\u00e1l\",\"url\":\"https:\\\/\\\/dorogimedence.hu\\\/\",\"logo\":{\"@type\":\"ImageObject\",\"inLanguage\":\"hu\",\"@id\":\"https:\\\/\\\/dorogimedence.hu\\\/#\\\/schema\\\/logo\\\/image\\\/\",\"url\":\"https:\\\/\\\/dorogimedence.hu\\\/wp-content\\\/uploads\\\/2021\\\/04\\\/logo-feher-600.png\",\"contentUrl\":\"https:\\\/\\\/dorogimedence.hu\\\/wp-content\\\/uploads\\\/2021\\\/04\\\/logo-feher-600.png\",\"width\":600,\"height\":100,\"caption\":\"Dorogi-medence Region\u00e1lis H\u00edrport\u00e1l\"},\"image\":{\"@id\":\"https:\\\/\\\/dorogimedence.hu\\\/#\\\/schema\\\/logo\\\/image\\\/\"},\"sameAs\":[\"https:\\\/\\\/www.facebook.com\\\/dorogimedence\\\/\"]},{\"@type\":\"Person\",\"@id\":\"https:\\\/\\\/dorogimedence.hu\\\/#\\\/schema\\\/person\\\/ce6091eeb7e95ecdc87890d6aa8e0fd4\",\"name\":\"dorogimedence.hu\",\"image\":{\"@type\":\"ImageObject\",\"inLanguage\":\"hu\",\"@id\":\"\\\/\\\/www.gravatar.com\\\/avatar\\\/d8d45f8901aadff40a4af72c0b826f1d?s=96&#038;r=g&#038;d=mm\",\"url\":\"\\\/\\\/www.gravatar.com\\\/avatar\\\/d8d45f8901aadff40a4af72c0b826f1d?s=96&#038;r=g&#038;d=mm\",\"contentUrl\":\"\\\/\\\/www.gravatar.com\\\/avatar\\\/d8d45f8901aadff40a4af72c0b826f1d?s=96&#038;r=g&#038;d=mm\",\"caption\":\"dorogimedence.hu\"}}]}<\/script>\n<!-- \/ Yoast SEO plugin. -->","yoast_head_json":{"title":"M\u00e1jus 1-jei k\u00f6zleked\u00e9si rend a M\u00c1V-csoportn\u00e1l","robots":{"index":"index","follow":"follow","max-snippet":"max-snippet:-1","max-image-preview":"max-image-preview:large","max-video-preview":"max-video-preview:-1"},"canonical":"https:\/\/dorogimedence.hu\/index.php\/2025\/04\/30\/majus-1-jei-kozlekedesi-rend-a-mav-csoportnal\/","og_locale":"hu_HU","og_type":"article","og_title":"M\u00e1jus 1-jei k\u00f6zleked\u00e9si rend a M\u00c1V-csoportn\u00e1l","og_description":"H\u00fasv\u00e9tot k\u00f6vet\u0151en a m\u00e1jus 1-j\u00e9t mag\u00e1ban foglal\u00f3 hossz\u00fa h\u00e9tv\u00e9g\u00e9re is er\u0151s\u00edt\u00e9ssel k\u00e9sz\u00fcl a M\u00c1V-csoport. Minden\u00fctt, ahol sz\u00fcks\u00e9ges, t\u00f6bb j\u00e1rm\u0171 \u00e9s nagyobb kapacit\u00e1ssal k\u00f6zlekedik ebben az id\u0151szakban. El\u0151v\u00e9telben v\u00e1ltott jegyeikkel az utasok is seg\u00edthetik a t\u00f6bbletkapacit\u00e1sok eloszt\u00e1s\u00e1t. Min\u00e9l t\u00f6bben jelzik el\u0151re, hol \u00e9s mikor venn\u00e9k ig\u00e9nybe a vas\u00fati vagy aut\u00f3buszos szolg\u00e1ltat\u00e1sokat, ann\u00e1l biztosabb\u00e1 tehetik nem csup\u00e1n","og_url":"https:\/\/dorogimedence.hu\/index.php\/2025\/04\/30\/majus-1-jei-kozlekedesi-rend-a-mav-csoportnal\/","og_site_name":"Dorogi-medence Region\u00e1lis H\u00edrport\u00e1l","article_publisher":"https:\/\/www.facebook.com\/dorogimedence\/","article_published_time":"2025-04-30T09:31:19+00:00","og_image":[{"width":830,"height":450,"url":"https:\/\/dorogimedence.hu\/wp-content\/uploads\/2021\/03\/vonat-busz.png","type":"image\/png"}],"author":"dorogimedence.hu","twitter_card":"summary_large_image","twitter_misc":{"Szerz\u0151:":"dorogimedence.hu","Becs\u00fclt olvas\u00e1si id\u0151":"3 perc"},"schema":{"@context":"https:\/\/schema.org","@graph":[{"@type":"Article","@id":"https:\/\/dorogimedence.hu\/index.php\/2025\/04\/30\/majus-1-jei-kozlekedesi-rend-a-mav-csoportnal\/#article","isPartOf":{"@id":"https:\/\/dorogimedence.hu\/index.php\/2025\/04\/30\/majus-1-jei-kozlekedesi-rend-a-mav-csoportnal\/"},"author":{"name":"dorogimedence.hu","@id":"https:\/\/dorogimedence.hu\/#\/schema\/person\/ce6091eeb7e95ecdc87890d6aa8e0fd4"},"headline":"M\u00e1jus 1-jei k\u00f6zleked\u00e9si rend a M\u00c1V-csoportn\u00e1l","datePublished":"2025-04-30T09:31:19+00:00","mainEntityOfPage":{"@id":"https:\/\/dorogimedence.hu\/index.php\/2025\/04\/30\/majus-1-jei-kozlekedesi-rend-a-mav-csoportnal\/"},"wordCount":518,"publisher":{"@id":"https:\/\/dorogimedence.hu\/#organization"},"image":{"@id":"https:\/\/dorogimedence.hu\/index.php\/2025\/04\/30\/majus-1-jei-kozlekedesi-rend-a-mav-csoportnal\/#primaryimage"},"thumbnailUrl":"https:\/\/dorogimedence.hu\/wp-content\/uploads\/2021\/03\/vonat-busz.png","keywords":["aut\u00f3busz","busz","m\u00e1v","menetrend","vas\u00fat","Vol\u00e1n","vonat"],"articleSection":["H\u00edrek"],"inLanguage":"hu"},{"@type":"WebPage","@id":"https:\/\/dorogimedence.hu\/index.php\/2025\/04\/30\/majus-1-jei-kozlekedesi-rend-a-mav-csoportnal\/","url":"https:\/\/dorogimedence.hu\/index.php\/2025\/04\/30\/majus-1-jei-kozlekedesi-rend-a-mav-csoportnal\/","name":"M\u00e1jus 1-jei k\u00f6zleked\u00e9si rend a M\u00c1V-csoportn\u00e1l","isPartOf":{"@id":"https:\/\/dorogimedence.hu\/#website"},"primaryImageOfPage":{"@id":"https:\/\/dorogimedence.hu\/index.php\/2025\/04\/30\/majus-1-jei-kozlekedesi-rend-a-mav-csoportnal\/#primaryimage"},"image":{"@id":"https:\/\/dorogimedence.hu\/index.php\/2025\/04\/30\/majus-1-jei-kozlekedesi-rend-a-mav-csoportnal\/#primaryimage"},"thumbnailUrl":"https:\/\/dorogimedence.hu\/wp-content\/uploads\/2021\/03\/vonat-busz.png","datePublished":"2025-04-30T09:31:19+00:00","breadcrumb":{"@id":"https:\/\/dorogimedence.hu\/index.php\/2025\/04\/30\/majus-1-jei-kozlekedesi-rend-a-mav-csoportnal\/#breadcrumb"},"inLanguage":"hu","potentialAction":[{"@type":"ReadAction","target":["https:\/\/dorogimedence.hu\/index.php\/2025\/04\/30\/majus-1-jei-kozlekedesi-rend-a-mav-csoportnal\/"]}]},{"@type":"ImageObject","inLanguage":"hu","@id":"https:\/\/dorogimedence.hu\/index.php\/2025\/04\/30\/majus-1-jei-kozlekedesi-rend-a-mav-csoportnal\/#primaryimage","url":"https:\/\/dorogimedence.hu\/wp-content\/uploads\/2021\/03\/vonat-busz.png","contentUrl":"https:\/\/dorogimedence.hu\/wp-content\/uploads\/2021\/03\/vonat-busz.png","width":830,"height":450},{"@type":"BreadcrumbList","@id":"https:\/\/dorogimedence.hu\/index.php\/2025\/04\/30\/majus-1-jei-kozlekedesi-rend-a-mav-csoportnal\/#breadcrumb","itemListElement":[{"@type":"ListItem","position":1,"name":"Kezd\u0151lap","item":"https:\/\/dorogimedence.hu\/"},{"@type":"ListItem","position":2,"name":"M\u00e1jus 1-jei k\u00f6zleked\u00e9si rend a M\u00c1V-csoportn\u00e1l"}]},{"@type":"WebSite","@id":"https:\/\/dorogimedence.hu\/#website","url":"https:\/\/dorogimedence.hu\/","name":"Dorogi-medence Region\u00e1lis H\u00edrport\u00e1l","description":"Dorog, Keszt\u00f6lc, Le\u00e1nyv\u00e1r, Piliscs\u00e9v, Tokod, Tokodalt\u00e1r\u00f3, Csolnok, Esztergom-kertv\u00e1ros: h\u00edrek, programok","publisher":{"@id":"https:\/\/dorogimedence.hu\/#organization"},"potentialAction":[{"@type":"SearchAction","target":{"@type":"EntryPoint","urlTemplate":"https:\/\/dorogimedence.hu\/?s={search_term_string}"},"query-input":{"@type":"PropertyValueSpecification","valueRequired":true,"valueName":"search_term_string"}}],"inLanguage":"hu"},{"@type":"Organization","@id":"https:\/\/dorogimedence.hu\/#organization","name":"Dorogi-medence Region\u00e1lis H\u00edrport\u00e1l","url":"https:\/\/dorogimedence.hu\/","logo":{"@type":"ImageObject","inLanguage":"hu","@id":"https:\/\/dorogimedence.hu\/#\/schema\/logo\/image\/","url":"https:\/\/dorogimedence.hu\/wp-content\/uploads\/2021\/04\/logo-feher-600.png","contentUrl":"https:\/\/dorogimedence.hu\/wp-content\/uploads\/2021\/04\/logo-feher-600.png","width":600,"height":100,"caption":"Dorogi-medence Region\u00e1lis H\u00edrport\u00e1l"},"image":{"@id":"https:\/\/dorogimedence.hu\/#\/schema\/logo\/image\/"},"sameAs":["https:\/\/www.facebook.com\/dorogimedence\/"]},{"@type":"Person","@id":"https:\/\/dorogimedence.hu\/#\/schema\/person\/ce6091eeb7e95ecdc87890d6aa8e0fd4","name":"dorogimedence.hu","image":{"@type":"ImageObject","inLanguage":"hu","@id":"\/\/www.gravatar.com\/avatar\/d8d45f8901aadff40a4af72c0b826f1d?s=96&#038;r=g&#038;d=mm","url":"\/\/www.gravatar.com\/avatar\/d8d45f8901aadff40a4af72c0b826f1d?s=96&#038;r=g&#038;d=mm","contentUrl":"\/\/www.gravatar.com\/avatar\/d8d45f8901aadff40a4af72c0b826f1d?s=96&#038;r=g&#038;d=mm","caption":"dorogimedence.hu"}}]}},"_links":{"self":[{"href":"https:\/\/dorogimedence.hu\/index.php\/wp-json\/wp\/v2\/posts\/70655","targetHints":{"allow":["GET"]}}],"collection":[{"href":"https:\/\/dorogimedence.hu\/index.php\/wp-json\/wp\/v2\/posts"}],"about":[{"href":"https:\/\/dorogimedence.hu\/index.php\/wp-json\/wp\/v2\/types\/post"}],"author":[{"embeddable":true,"href":"https:\/\/dorogimedence.hu\/index.php\/wp-json\/wp\/v2\/users\/1"}],"replies":[{"embeddable":true,"href":"https:\/\/dorogimedence.hu\/index.php\/wp-json\/wp\/v2\/comments?post=70655"}],"version-history":[{"count":0,"href":"https:\/\/dorogimedence.hu\/index.php\/wp-json\/wp\/v2\/posts\/70655\/revisions"}],"wp:featuredmedia":[{"embeddable":true,"href":"https:\/\/dorogimedence.hu\/index.php\/wp-json\/wp\/v2\/media\/31017"}],"wp:attachment":[{"href":"https:\/\/dorogimedence.hu\/index.php\/wp-json\/wp\/v2\/media?parent=70655"}],"wp:term":[{"taxonomy":"category","embeddable":true,"href":"https:\/\/dorogimedence.hu\/index.php\/wp-json\/wp\/v2\/categories?post=70655"},{"taxonomy":"post_tag","embeddable":true,"href":"https:\/\/dorogimedence.hu\/index.php\/wp-json\/wp\/v2\/tags?post=70655"}],"curies":[{"name":"wp","href":"https:\/\/api.w.org\/{rel}","templated":true}]}}