{"id":70646,"date":"2025-04-30T10:57:10","date_gmt":"2025-04-30T08:57:10","guid":{"rendered":"https:\/\/dorogimedence.hu\/?p=70646"},"modified":"2025-04-30T10:57:10","modified_gmt":"2025-04-30T08:57:10","slug":"indul-az-erettsegi-idoszak","status":"publish","type":"post","link":"https:\/\/dorogimedence.hu\/index.php\/2025\/04\/30\/indul-az-erettsegi-idoszak\/","title":{"rendered":"Indul az \u00e9retts\u00e9gi id\u0151szak"},"content":{"rendered":"<div class=\"clearfix text-formatted field field--name-field-bevezeto-full field--type-text-long field--label-hidden field__item\">\n<p class=\"text-align-justify\"><strong>Kom\u00e1rom-Esztergom v\u00e1rmegy\u00e9ben id\u00e9n tavasszal 36 k\u00f6z\u00e9pszint\u0171 \u00e9s 6 emelt szint\u0171 vizsgahelysz\u00ednen, \u00f6sszesen 4246 \u00e9retts\u00e9giz\u0151 fog sz\u00e1mot adni tud\u00e1s\u00e1r\u00f3l, a korm\u00e1nyhivatal koordin\u00e1l\u00e1s\u00e1val. A m\u00e1jus 5-\u00e9n kezd\u0151d\u0151 vizsgaid\u0151szakban k\u00f6z\u00e9pszinten 26 vizsgat\u00e1rgyb\u00f3l 9063, emelt szinten pedig 21 vizsgat\u00e1rgyb\u00f3l 1999 jelentkez\u00e9sre ker\u00fclt sor.<\/strong><\/p>\n<\/div>\n<div class=\"node__body\">\n<div class=\"clearfix text-formatted field field--name-body field--type-text-with-summary field--label-hidden field__item\">\n<p class=\"text-align-justify\">2025-ben az \u00e9retts\u00e9gi vizsgaid\u0151szak m\u00e1jus 5-\u00e9n kezd\u0151dik, magyar nyelv \u00e9s irodalom t\u00e1rgyb\u00f3l a v\u00e1rmegy\u00e9ben 2214 f\u0151 k\u00f6z\u00e9pszinten, 92 tanul\u00f3 pedig emelt szinten teszi pr\u00f3b\u00e1ra tud\u00e1s\u00e1t az els\u0151 vizsganapon.<\/p>\n<p class=\"text-align-justify\">A matematika tant\u00e1rggyal folytat\u00f3dik m\u00e1jus 6-\u00e1n a megm\u00e9rettet\u00e9sek sora, amikor k\u00f6z\u00e9pszinten 2147, emelt szinten 219 di\u00e1k vizsg\u00e1zik majd.<\/p>\n<p class=\"text-align-justify\">M\u00e1jus 7-\u00e9n a t\u00f6rt\u00e9nelem vizsga k\u00f6vetkezik, ahol \u2013 a jelentkez\u00e9sek alapj\u00e1n \u2013 k\u00f6z\u00e9pszinten 2093, m\u00edg emelt szinten 255 fiatal ad sz\u00e1mot tud\u00e1s\u00e1r\u00f3l. K\u00f6z\u00fcl\u00fck 30 f\u0151 angol nyelven, k\u00f6z\u00e9pszinten teszi le ezt a vizsg\u00e1t.<\/p>\n<p class=\"text-align-justify\">M\u00e1jus 8-\u00e1n az angol, m\u00e1jus 9-\u00e9n pedig a n\u00e9met nyelv \u00edr\u00e1sbeli vizsgar\u00e9szekkel folytat\u00f3dnak a tud\u00e1sm\u00e9r\u00e9sek. Az idegen nyelvi vizsg\u00e1k k\u00f6z\u00fcl a legt\u00f6bben az angol nyelvet v\u00e1lasztott\u00e1k, \u00f6sszesen 1299 f\u0151 k\u00f6z\u00e9pszinten \u00e9s 781 f\u0151 emelt szinten. N\u00e9met nyelvet k\u00f6z\u00e9pszinten 376 f\u0151, emelt szinten 89 f\u0151 ad sz\u00e1mot tud\u00e1s\u00e1r\u00f3l. Kom\u00e1rom-Esztergom v\u00e1rmegy\u00e9ben ezeken a nyelveken k\u00edv\u00fcl francia, holland, olasz, orosz, spanyol \u00e9s szlov\u00e1k nyelvb\u0151l is lesz vizsga emelt szinten.<\/p>\n<p class=\"text-align-justify\">\u00c9rdekess\u00e9g, hogy digit\u00e1lis kult\u00fara \u00e9s biol\u00f3gia tant\u00e1rgyb\u00f3l angol nyelven 1-1 di\u00e1k sz\u00e1m\u00e1ra ker\u00fcl megszervez\u00e9sre a tant\u00e1rgyi vizsga.<\/p>\n<p class=\"text-align-justify\">Az utols\u00f3 \u00edr\u00e1sbeli vizsganap m\u00e1jus 23-\u00e1n lesz, ezt k\u00f6vet\u0151en az \u00e9retts\u00e9gi a sz\u00f3beli vizsg\u00e1kkal folytat\u00f3dik. Az emelt szint\u0171 sz\u00f3beli vizsgaid\u0151szak j\u00fanius 3-11. k\u00f6z\u00f6tt ker\u00fcl megszervez\u00e9sre, m\u00edg a k\u00f6z\u00e9pszint\u0171 sz\u00f3beli r\u00e9sz j\u00fanius 16. napj\u00e1t\u00f3l j\u00falius 2. napj\u00e1ig tart.<\/p>\n<p class=\"text-align-justify\">A technikumok 13. \u00e9vfolyamos \u00e9retts\u00e9giz\u0151i a sikeres szakmai vizsg\u00e1kat k\u00f6vet\u0151en kapj\u00e1k meg bizony\u00edtv\u00e1nyukat, amennyiben a n\u00e9gy k\u00f6telez\u0151 vizsgat\u00e1rgy k\u00f6vetelm\u00e9nyeit sikeresen teljes\u00edtik.<\/p>\n<p class=\"text-align-justify\">Sok sikert k\u00edv\u00e1nunk minden matur\u00e1l\u00f3nak!<\/p>\n<\/div>\n<\/div>\n<div class=\"forras mb-5\"><em>Forr\u00e1s: Kom\u00e1rom-Esztergom V\u00e1rmegyei Korm\u00e1nyhivatal<\/em><\/div>\n","protected":false},"excerpt":{"rendered":"<p>Kom\u00e1rom-Esztergom v\u00e1rmegy\u00e9ben id\u00e9n tavasszal 36 k\u00f6z\u00e9pszint\u0171 \u00e9s 6 emelt szint\u0171 vizsgahelysz\u00ednen, \u00f6sszesen 4246 \u00e9retts\u00e9giz\u0151 fog sz\u00e1mot adni tud\u00e1s\u00e1r\u00f3l, a korm\u00e1nyhivatal koordin\u00e1l\u00e1s\u00e1val. A m\u00e1jus 5-\u00e9n kezd\u0151d\u0151 vizsgaid\u0151szakban k\u00f6z\u00e9pszinten 26 vizsgat\u00e1rgyb\u00f3l 9063, emelt szinten pedig 21 vizsgat\u00e1rgyb\u00f3l 1999 jelentkez\u00e9sre ker\u00fclt sor. 2025-ben az \u00e9retts\u00e9gi vizsgaid\u0151szak m\u00e1jus 5-\u00e9n kezd\u0151dik, magyar nyelv \u00e9s irodalom t\u00e1rgyb\u00f3l a v\u00e1rmegy\u00e9ben 2214 f\u0151<\/p>\n","protected":false},"author":1,"featured_media":19563,"comment_status":"closed","ping_status":"closed","sticky":false,"template":"","format":"standard","meta":{"ngg_post_thumbnail":0,"footnotes":""},"categories":[3,56],"tags":[4270,6890],"class_list":{"0":"post-70646","1":"post","2":"type-post","3":"status-publish","4":"format-standard","5":"has-post-thumbnail","7":"category-hirek","8":"category-komarom-esztergom","9":"tag-erettsegi","10":"tag-komarom-esztergom-varmegye"},"yoast_head":"<!-- This site is optimized with the Yoast SEO plugin v27.5 - https:\/\/yoast.com\/product\/yoast-seo-wordpress\/ -->\n<title>Indul az \u00e9retts\u00e9gi id\u0151szak<\/title>\n<meta name=\"robots\" content=\"index, follow, max-snippet:-1, max-image-preview:large, max-video-preview:-1\" \/>\n<link rel=\"canonical\" href=\"https:\/\/dorogimedence.hu\/index.php\/2025\/04\/30\/indul-az-erettsegi-idoszak\/\" class=\"yoast-seo-meta-tag\" \/>\n<meta property=\"og:locale\" content=\"hu_HU\" class=\"yoast-seo-meta-tag\" \/>\n<meta property=\"og:type\" content=\"article\" class=\"yoast-seo-meta-tag\" \/>\n<meta property=\"og:title\" content=\"Indul az \u00e9retts\u00e9gi id\u0151szak\" class=\"yoast-seo-meta-tag\" \/>\n<meta property=\"og:description\" content=\"Kom\u00e1rom-Esztergom v\u00e1rmegy\u00e9ben id\u00e9n tavasszal 36 k\u00f6z\u00e9pszint\u0171 \u00e9s 6 emelt szint\u0171 vizsgahelysz\u00ednen, \u00f6sszesen 4246 \u00e9retts\u00e9giz\u0151 fog sz\u00e1mot adni tud\u00e1s\u00e1r\u00f3l, a korm\u00e1nyhivatal koordin\u00e1l\u00e1s\u00e1val. A m\u00e1jus 5-\u00e9n kezd\u0151d\u0151 vizsgaid\u0151szakban k\u00f6z\u00e9pszinten 26 vizsgat\u00e1rgyb\u00f3l 9063, emelt szinten pedig 21 vizsgat\u00e1rgyb\u00f3l 1999 jelentkez\u00e9sre ker\u00fclt sor. 2025-ben az \u00e9retts\u00e9gi vizsgaid\u0151szak m\u00e1jus 5-\u00e9n kezd\u0151dik, magyar nyelv \u00e9s irodalom t\u00e1rgyb\u00f3l a v\u00e1rmegy\u00e9ben 2214 f\u0151\" class=\"yoast-seo-meta-tag\" \/>\n<meta property=\"og:url\" content=\"https:\/\/dorogimedence.hu\/index.php\/2025\/04\/30\/indul-az-erettsegi-idoszak\/\" class=\"yoast-seo-meta-tag\" \/>\n<meta property=\"og:site_name\" content=\"Dorogi-medence Region\u00e1lis H\u00edrport\u00e1l\" class=\"yoast-seo-meta-tag\" \/>\n<meta property=\"article:publisher\" content=\"https:\/\/www.facebook.com\/dorogimedence\/\" class=\"yoast-seo-meta-tag\" \/>\n<meta property=\"article:published_time\" content=\"2025-04-30T08:57:10+00:00\" class=\"yoast-seo-meta-tag\" \/>\n<meta property=\"og:image\" content=\"https:\/\/dorogimedence.hu\/wp-content\/uploads\/2019\/09\/erettsegi-02.jpg\" class=\"yoast-seo-meta-tag\" \/>\n\t<meta property=\"og:image:width\" content=\"670\" class=\"yoast-seo-meta-tag\" \/>\n\t<meta property=\"og:image:height\" content=\"365\" class=\"yoast-seo-meta-tag\" \/>\n\t<meta property=\"og:image:type\" content=\"image\/jpeg\" class=\"yoast-seo-meta-tag\" \/>\n<meta name=\"author\" content=\"dorogimedence.hu\" class=\"yoast-seo-meta-tag\" \/>\n<meta name=\"twitter:card\" content=\"summary_large_image\" class=\"yoast-seo-meta-tag\" \/>\n<meta name=\"twitter:label1\" content=\"Szerz\u0151:\" class=\"yoast-seo-meta-tag\" \/>\n\t<meta name=\"twitter:data1\" content=\"dorogimedence.hu\" class=\"yoast-seo-meta-tag\" \/>\n\t<meta name=\"twitter:label2\" content=\"Becs\u00fclt olvas\u00e1si id\u0151\" class=\"yoast-seo-meta-tag\" \/>\n\t<meta name=\"twitter:data2\" content=\"2 perc\" class=\"yoast-seo-meta-tag\" \/>\n<script type=\"application\/ld+json\" class=\"yoast-schema-graph\">{\"@context\":\"https:\\\/\\\/schema.org\",\"@graph\":[{\"@type\":\"Article\",\"@id\":\"https:\\\/\\\/dorogimedence.hu\\\/index.php\\\/2025\\\/04\\\/30\\\/indul-az-erettsegi-idoszak\\\/#article\",\"isPartOf\":{\"@id\":\"https:\\\/\\\/dorogimedence.hu\\\/index.php\\\/2025\\\/04\\\/30\\\/indul-az-erettsegi-idoszak\\\/\"},\"author\":{\"name\":\"dorogimedence.hu\",\"@id\":\"https:\\\/\\\/dorogimedence.hu\\\/#\\\/schema\\\/person\\\/ce6091eeb7e95ecdc87890d6aa8e0fd4\"},\"headline\":\"Indul az \u00e9retts\u00e9gi id\u0151szak\",\"datePublished\":\"2025-04-30T08:57:10+00:00\",\"mainEntityOfPage\":{\"@id\":\"https:\\\/\\\/dorogimedence.hu\\\/index.php\\\/2025\\\/04\\\/30\\\/indul-az-erettsegi-idoszak\\\/\"},\"wordCount\":417,\"publisher\":{\"@id\":\"https:\\\/\\\/dorogimedence.hu\\\/#organization\"},\"image\":{\"@id\":\"https:\\\/\\\/dorogimedence.hu\\\/index.php\\\/2025\\\/04\\\/30\\\/indul-az-erettsegi-idoszak\\\/#primaryimage\"},\"thumbnailUrl\":\"https:\\\/\\\/dorogimedence.hu\\\/wp-content\\\/uploads\\\/2019\\\/09\\\/erettsegi-02.jpg\",\"keywords\":[\"\u00e9retts\u00e9gi\",\"Kom\u00e1rom-Esztergom v\u00e1rmegye\"],\"articleSection\":[\"H\u00edrek\",\"Kom\u00e1rom-Esztergom\"],\"inLanguage\":\"hu\"},{\"@type\":\"WebPage\",\"@id\":\"https:\\\/\\\/dorogimedence.hu\\\/index.php\\\/2025\\\/04\\\/30\\\/indul-az-erettsegi-idoszak\\\/\",\"url\":\"https:\\\/\\\/dorogimedence.hu\\\/index.php\\\/2025\\\/04\\\/30\\\/indul-az-erettsegi-idoszak\\\/\",\"name\":\"Indul az \u00e9retts\u00e9gi id\u0151szak\",\"isPartOf\":{\"@id\":\"https:\\\/\\\/dorogimedence.hu\\\/#website\"},\"primaryImageOfPage\":{\"@id\":\"https:\\\/\\\/dorogimedence.hu\\\/index.php\\\/2025\\\/04\\\/30\\\/indul-az-erettsegi-idoszak\\\/#primaryimage\"},\"image\":{\"@id\":\"https:\\\/\\\/dorogimedence.hu\\\/index.php\\\/2025\\\/04\\\/30\\\/indul-az-erettsegi-idoszak\\\/#primaryimage\"},\"thumbnailUrl\":\"https:\\\/\\\/dorogimedence.hu\\\/wp-content\\\/uploads\\\/2019\\\/09\\\/erettsegi-02.jpg\",\"datePublished\":\"2025-04-30T08:57:10+00:00\",\"breadcrumb\":{\"@id\":\"https:\\\/\\\/dorogimedence.hu\\\/index.php\\\/2025\\\/04\\\/30\\\/indul-az-erettsegi-idoszak\\\/#breadcrumb\"},\"inLanguage\":\"hu\",\"potentialAction\":[{\"@type\":\"ReadAction\",\"target\":[\"https:\\\/\\\/dorogimedence.hu\\\/index.php\\\/2025\\\/04\\\/30\\\/indul-az-erettsegi-idoszak\\\/\"]}]},{\"@type\":\"ImageObject\",\"inLanguage\":\"hu\",\"@id\":\"https:\\\/\\\/dorogimedence.hu\\\/index.php\\\/2025\\\/04\\\/30\\\/indul-az-erettsegi-idoszak\\\/#primaryimage\",\"url\":\"https:\\\/\\\/dorogimedence.hu\\\/wp-content\\\/uploads\\\/2019\\\/09\\\/erettsegi-02.jpg\",\"contentUrl\":\"https:\\\/\\\/dorogimedence.hu\\\/wp-content\\\/uploads\\\/2019\\\/09\\\/erettsegi-02.jpg\",\"width\":670,\"height\":365},{\"@type\":\"BreadcrumbList\",\"@id\":\"https:\\\/\\\/dorogimedence.hu\\\/index.php\\\/2025\\\/04\\\/30\\\/indul-az-erettsegi-idoszak\\\/#breadcrumb\",\"itemListElement\":[{\"@type\":\"ListItem\",\"position\":1,\"name\":\"Kezd\u0151lap\",\"item\":\"https:\\\/\\\/dorogimedence.hu\\\/\"},{\"@type\":\"ListItem\",\"position\":2,\"name\":\"Indul az \u00e9retts\u00e9gi id\u0151szak\"}]},{\"@type\":\"WebSite\",\"@id\":\"https:\\\/\\\/dorogimedence.hu\\\/#website\",\"url\":\"https:\\\/\\\/dorogimedence.hu\\\/\",\"name\":\"Dorogi-medence Region\u00e1lis H\u00edrport\u00e1l\",\"description\":\"Dorog, Keszt\u00f6lc, Le\u00e1nyv\u00e1r, Piliscs\u00e9v, Tokod, Tokodalt\u00e1r\u00f3, Csolnok, Esztergom-kertv\u00e1ros: h\u00edrek, programok\",\"publisher\":{\"@id\":\"https:\\\/\\\/dorogimedence.hu\\\/#organization\"},\"potentialAction\":[{\"@type\":\"SearchAction\",\"target\":{\"@type\":\"EntryPoint\",\"urlTemplate\":\"https:\\\/\\\/dorogimedence.hu\\\/?s={search_term_string}\"},\"query-input\":{\"@type\":\"PropertyValueSpecification\",\"valueRequired\":true,\"valueName\":\"search_term_string\"}}],\"inLanguage\":\"hu\"},{\"@type\":\"Organization\",\"@id\":\"https:\\\/\\\/dorogimedence.hu\\\/#organization\",\"name\":\"Dorogi-medence Region\u00e1lis H\u00edrport\u00e1l\",\"url\":\"https:\\\/\\\/dorogimedence.hu\\\/\",\"logo\":{\"@type\":\"ImageObject\",\"inLanguage\":\"hu\",\"@id\":\"https:\\\/\\\/dorogimedence.hu\\\/#\\\/schema\\\/logo\\\/image\\\/\",\"url\":\"https:\\\/\\\/dorogimedence.hu\\\/wp-content\\\/uploads\\\/2021\\\/04\\\/logo-feher-600.png\",\"contentUrl\":\"https:\\\/\\\/dorogimedence.hu\\\/wp-content\\\/uploads\\\/2021\\\/04\\\/logo-feher-600.png\",\"width\":600,\"height\":100,\"caption\":\"Dorogi-medence Region\u00e1lis H\u00edrport\u00e1l\"},\"image\":{\"@id\":\"https:\\\/\\\/dorogimedence.hu\\\/#\\\/schema\\\/logo\\\/image\\\/\"},\"sameAs\":[\"https:\\\/\\\/www.facebook.com\\\/dorogimedence\\\/\"]},{\"@type\":\"Person\",\"@id\":\"https:\\\/\\\/dorogimedence.hu\\\/#\\\/schema\\\/person\\\/ce6091eeb7e95ecdc87890d6aa8e0fd4\",\"name\":\"dorogimedence.hu\",\"image\":{\"@type\":\"ImageObject\",\"inLanguage\":\"hu\",\"@id\":\"\\\/\\\/www.gravatar.com\\\/avatar\\\/d8d45f8901aadff40a4af72c0b826f1d?s=96&#038;r=g&#038;d=mm\",\"url\":\"\\\/\\\/www.gravatar.com\\\/avatar\\\/d8d45f8901aadff40a4af72c0b826f1d?s=96&#038;r=g&#038;d=mm\",\"contentUrl\":\"\\\/\\\/www.gravatar.com\\\/avatar\\\/d8d45f8901aadff40a4af72c0b826f1d?s=96&#038;r=g&#038;d=mm\",\"caption\":\"dorogimedence.hu\"}}]}<\/script>\n<!-- \/ Yoast SEO plugin. -->","yoast_head_json":{"title":"Indul az \u00e9retts\u00e9gi id\u0151szak","robots":{"index":"index","follow":"follow","max-snippet":"max-snippet:-1","max-image-preview":"max-image-preview:large","max-video-preview":"max-video-preview:-1"},"canonical":"https:\/\/dorogimedence.hu\/index.php\/2025\/04\/30\/indul-az-erettsegi-idoszak\/","og_locale":"hu_HU","og_type":"article","og_title":"Indul az \u00e9retts\u00e9gi id\u0151szak","og_description":"Kom\u00e1rom-Esztergom v\u00e1rmegy\u00e9ben id\u00e9n tavasszal 36 k\u00f6z\u00e9pszint\u0171 \u00e9s 6 emelt szint\u0171 vizsgahelysz\u00ednen, \u00f6sszesen 4246 \u00e9retts\u00e9giz\u0151 fog sz\u00e1mot adni tud\u00e1s\u00e1r\u00f3l, a korm\u00e1nyhivatal koordin\u00e1l\u00e1s\u00e1val. A m\u00e1jus 5-\u00e9n kezd\u0151d\u0151 vizsgaid\u0151szakban k\u00f6z\u00e9pszinten 26 vizsgat\u00e1rgyb\u00f3l 9063, emelt szinten pedig 21 vizsgat\u00e1rgyb\u00f3l 1999 jelentkez\u00e9sre ker\u00fclt sor. 2025-ben az \u00e9retts\u00e9gi vizsgaid\u0151szak m\u00e1jus 5-\u00e9n kezd\u0151dik, magyar nyelv \u00e9s irodalom t\u00e1rgyb\u00f3l a v\u00e1rmegy\u00e9ben 2214 f\u0151","og_url":"https:\/\/dorogimedence.hu\/index.php\/2025\/04\/30\/indul-az-erettsegi-idoszak\/","og_site_name":"Dorogi-medence Region\u00e1lis H\u00edrport\u00e1l","article_publisher":"https:\/\/www.facebook.com\/dorogimedence\/","article_published_time":"2025-04-30T08:57:10+00:00","og_image":[{"width":670,"height":365,"url":"https:\/\/dorogimedence.hu\/wp-content\/uploads\/2019\/09\/erettsegi-02.jpg","type":"image\/jpeg"}],"author":"dorogimedence.hu","twitter_card":"summary_large_image","twitter_misc":{"Szerz\u0151:":"dorogimedence.hu","Becs\u00fclt olvas\u00e1si id\u0151":"2 perc"},"schema":{"@context":"https:\/\/schema.org","@graph":[{"@type":"Article","@id":"https:\/\/dorogimedence.hu\/index.php\/2025\/04\/30\/indul-az-erettsegi-idoszak\/#article","isPartOf":{"@id":"https:\/\/dorogimedence.hu\/index.php\/2025\/04\/30\/indul-az-erettsegi-idoszak\/"},"author":{"name":"dorogimedence.hu","@id":"https:\/\/dorogimedence.hu\/#\/schema\/person\/ce6091eeb7e95ecdc87890d6aa8e0fd4"},"headline":"Indul az \u00e9retts\u00e9gi id\u0151szak","datePublished":"2025-04-30T08:57:10+00:00","mainEntityOfPage":{"@id":"https:\/\/dorogimedence.hu\/index.php\/2025\/04\/30\/indul-az-erettsegi-idoszak\/"},"wordCount":417,"publisher":{"@id":"https:\/\/dorogimedence.hu\/#organization"},"image":{"@id":"https:\/\/dorogimedence.hu\/index.php\/2025\/04\/30\/indul-az-erettsegi-idoszak\/#primaryimage"},"thumbnailUrl":"https:\/\/dorogimedence.hu\/wp-content\/uploads\/2019\/09\/erettsegi-02.jpg","keywords":["\u00e9retts\u00e9gi","Kom\u00e1rom-Esztergom v\u00e1rmegye"],"articleSection":["H\u00edrek","Kom\u00e1rom-Esztergom"],"inLanguage":"hu"},{"@type":"WebPage","@id":"https:\/\/dorogimedence.hu\/index.php\/2025\/04\/30\/indul-az-erettsegi-idoszak\/","url":"https:\/\/dorogimedence.hu\/index.php\/2025\/04\/30\/indul-az-erettsegi-idoszak\/","name":"Indul az \u00e9retts\u00e9gi id\u0151szak","isPartOf":{"@id":"https:\/\/dorogimedence.hu\/#website"},"primaryImageOfPage":{"@id":"https:\/\/dorogimedence.hu\/index.php\/2025\/04\/30\/indul-az-erettsegi-idoszak\/#primaryimage"},"image":{"@id":"https:\/\/dorogimedence.hu\/index.php\/2025\/04\/30\/indul-az-erettsegi-idoszak\/#primaryimage"},"thumbnailUrl":"https:\/\/dorogimedence.hu\/wp-content\/uploads\/2019\/09\/erettsegi-02.jpg","datePublished":"2025-04-30T08:57:10+00:00","breadcrumb":{"@id":"https:\/\/dorogimedence.hu\/index.php\/2025\/04\/30\/indul-az-erettsegi-idoszak\/#breadcrumb"},"inLanguage":"hu","potentialAction":[{"@type":"ReadAction","target":["https:\/\/dorogimedence.hu\/index.php\/2025\/04\/30\/indul-az-erettsegi-idoszak\/"]}]},{"@type":"ImageObject","inLanguage":"hu","@id":"https:\/\/dorogimedence.hu\/index.php\/2025\/04\/30\/indul-az-erettsegi-idoszak\/#primaryimage","url":"https:\/\/dorogimedence.hu\/wp-content\/uploads\/2019\/09\/erettsegi-02.jpg","contentUrl":"https:\/\/dorogimedence.hu\/wp-content\/uploads\/2019\/09\/erettsegi-02.jpg","width":670,"height":365},{"@type":"BreadcrumbList","@id":"https:\/\/dorogimedence.hu\/index.php\/2025\/04\/30\/indul-az-erettsegi-idoszak\/#breadcrumb","itemListElement":[{"@type":"ListItem","position":1,"name":"Kezd\u0151lap","item":"https:\/\/dorogimedence.hu\/"},{"@type":"ListItem","position":2,"name":"Indul az \u00e9retts\u00e9gi id\u0151szak"}]},{"@type":"WebSite","@id":"https:\/\/dorogimedence.hu\/#website","url":"https:\/\/dorogimedence.hu\/","name":"Dorogi-medence Region\u00e1lis H\u00edrport\u00e1l","description":"Dorog, Keszt\u00f6lc, Le\u00e1nyv\u00e1r, Piliscs\u00e9v, Tokod, Tokodalt\u00e1r\u00f3, Csolnok, Esztergom-kertv\u00e1ros: h\u00edrek, programok","publisher":{"@id":"https:\/\/dorogimedence.hu\/#organization"},"potentialAction":[{"@type":"SearchAction","target":{"@type":"EntryPoint","urlTemplate":"https:\/\/dorogimedence.hu\/?s={search_term_string}"},"query-input":{"@type":"PropertyValueSpecification","valueRequired":true,"valueName":"search_term_string"}}],"inLanguage":"hu"},{"@type":"Organization","@id":"https:\/\/dorogimedence.hu\/#organization","name":"Dorogi-medence Region\u00e1lis H\u00edrport\u00e1l","url":"https:\/\/dorogimedence.hu\/","logo":{"@type":"ImageObject","inLanguage":"hu","@id":"https:\/\/dorogimedence.hu\/#\/schema\/logo\/image\/","url":"https:\/\/dorogimedence.hu\/wp-content\/uploads\/2021\/04\/logo-feher-600.png","contentUrl":"https:\/\/dorogimedence.hu\/wp-content\/uploads\/2021\/04\/logo-feher-600.png","width":600,"height":100,"caption":"Dorogi-medence Region\u00e1lis H\u00edrport\u00e1l"},"image":{"@id":"https:\/\/dorogimedence.hu\/#\/schema\/logo\/image\/"},"sameAs":["https:\/\/www.facebook.com\/dorogimedence\/"]},{"@type":"Person","@id":"https:\/\/dorogimedence.hu\/#\/schema\/person\/ce6091eeb7e95ecdc87890d6aa8e0fd4","name":"dorogimedence.hu","image":{"@type":"ImageObject","inLanguage":"hu","@id":"\/\/www.gravatar.com\/avatar\/d8d45f8901aadff40a4af72c0b826f1d?s=96&#038;r=g&#038;d=mm","url":"\/\/www.gravatar.com\/avatar\/d8d45f8901aadff40a4af72c0b826f1d?s=96&#038;r=g&#038;d=mm","contentUrl":"\/\/www.gravatar.com\/avatar\/d8d45f8901aadff40a4af72c0b826f1d?s=96&#038;r=g&#038;d=mm","caption":"dorogimedence.hu"}}]}},"_links":{"self":[{"href":"https:\/\/dorogimedence.hu\/index.php\/wp-json\/wp\/v2\/posts\/70646","targetHints":{"allow":["GET"]}}],"collection":[{"href":"https:\/\/dorogimedence.hu\/index.php\/wp-json\/wp\/v2\/posts"}],"about":[{"href":"https:\/\/dorogimedence.hu\/index.php\/wp-json\/wp\/v2\/types\/post"}],"author":[{"embeddable":true,"href":"https:\/\/dorogimedence.hu\/index.php\/wp-json\/wp\/v2\/users\/1"}],"replies":[{"embeddable":true,"href":"https:\/\/dorogimedence.hu\/index.php\/wp-json\/wp\/v2\/comments?post=70646"}],"version-history":[{"count":0,"href":"https:\/\/dorogimedence.hu\/index.php\/wp-json\/wp\/v2\/posts\/70646\/revisions"}],"wp:featuredmedia":[{"embeddable":true,"href":"https:\/\/dorogimedence.hu\/index.php\/wp-json\/wp\/v2\/media\/19563"}],"wp:attachment":[{"href":"https:\/\/dorogimedence.hu\/index.php\/wp-json\/wp\/v2\/media?parent=70646"}],"wp:term":[{"taxonomy":"category","embeddable":true,"href":"https:\/\/dorogimedence.hu\/index.php\/wp-json\/wp\/v2\/categories?post=70646"},{"taxonomy":"post_tag","embeddable":true,"href":"https:\/\/dorogimedence.hu\/index.php\/wp-json\/wp\/v2\/tags?post=70646"}],"curies":[{"name":"wp","href":"https:\/\/api.w.org\/{rel}","templated":true}]}}