{"id":70577,"date":"2025-04-28T07:18:24","date_gmt":"2025-04-28T05:18:24","guid":{"rendered":"https:\/\/dorogimedence.hu\/?p=70577"},"modified":"2025-04-29T07:38:53","modified_gmt":"2025-04-29T05:38:53","slug":"szoros-csataban-ket-gollal-nyert-a-mol-esztergom","status":"publish","type":"post","link":"https:\/\/dorogimedence.hu\/index.php\/2025\/04\/28\/szoros-csataban-ket-gollal-nyert-a-mol-esztergom\/","title":{"rendered":"Szoros csat\u00e1ban k\u00e9t g\u00f3llal nyert a MOL Esztergom"},"content":{"rendered":"<p><strong>A n\u0151i k\u00e9zilabda NB I 22. fordul\u00f3j\u00e1ban a MOL Esztergom 25\u201323-ra legy\u0151zte az Alba Feh\u00e9rv\u00e1r KC-t \u00e1prilis 26-\u00e1n, szombaton <\/strong><em>&#8211; \u00edrja a <a href=\"https:\/\/www.nemzetisport.hu\/kezilabda\/2025\/04\/az-esztergom-szoros-csataban-ket-gollal-legyozte-a-fehervart-a-noi-kezilabda-nb-i-ben\" target=\"_blank\" rel=\"noopener\"><span style=\"text-decoration: underline; color: #0000ff;\">Nemzeti Sport<\/span><\/a>.<\/em><\/p>\n<p>A vend\u00e9g Feh\u00e9rv\u00e1r a 6. percben 2\u20131-re vezetett, \u00e9s v\u00e9gig szoross\u00e1 tudta tenni az \u00e1ll\u00e1st. Farag\u00f3 Lea nyolc g\u00f3llal, Herczeg Lili 12 v\u00e9d\u00e9ssel j\u00e1rult hozz\u00e1 az esztergomiak siker\u00e9hez. A feh\u00e9rv\u00e1riakn\u00e1l Katarina Pavlovic h\u00e9t, Utasi Linda hat tal\u00e1lattal z\u00e1rt. A szoros eredm\u00e9ny legink\u00e1bb Maddi Aall\u00e1nak k\u00f6sz\u00f6nhette a vend\u00e9gcsapat, a spanyol kapus 22 v\u00e9d\u00e9ssel z\u00e1rt (46 l\u00f6v\u00e9sb\u0151l), &nbsp;ami 48 sz\u00e1zal\u00e9kos teljes\u00edtm\u00e9nyt jelent.<\/p>\n<p><strong>K\u00c9ZILABDA <\/strong><strong>N\u0150I NB I &#8211; <\/strong><strong>22. fordul\u00f3<\/strong><br \/>\n<strong>Mol Esztergom\u2013Alba Feh\u00e9rv\u00e1r KC&nbsp;25\u201323 <\/strong>(12\u201310)<br \/>\n<strong>Esztergom, 640<\/strong> n\u00e9z\u0151. <strong>Vezette<\/strong>: Kiu G., Kiu T.<br \/>\n<strong>ESZTERGOM: <\/strong>HERCZEG L. \u2013 Kov\u00e1cs Anett <strong>3,<\/strong> Ballai B. <strong>2, <\/strong>SZUCS\u00c1NSZKI <strong>3,<\/strong> KISFALUDY <strong>4,<\/strong> Farag\u00f3 Lea<strong> 8 (3), <\/strong>Hajtai. <strong>Csere:<\/strong> T\u00f3th Nikolett (kapus), Majoros, Sz\u0151ke <strong>1,<\/strong> Nick, Ballai A.<strong> 3,<\/strong> Horv\u00e1th F., K\u00e1rm\u00e1n, Tepl\u00e1n<strong> 1. Edz\u0151:<\/strong> Elek G\u00e1bor<br \/>\n<strong>FKC:<\/strong> AALLA \u2013 Szab\u00f3-M\u00e1jer, PAVLOVIC <strong>7 (2),<\/strong> KOCSIS <strong>5,<\/strong> Moreno, Utasi <strong>6,<\/strong> Tak\u00f3. <strong>Csere:<\/strong> Hadfi (kapus), Szab\u00f3 Kitti <strong>1 (1), <\/strong>K\u00f6v\u00e9r <strong>1,<\/strong> Szmbatjan <strong>2,<\/strong> Tolnai <strong>1,<\/strong> Szemes, Sulyok. <strong>Edz\u0151:<\/strong> Szuzana Lazovics<br \/>\n<strong>Az eredm\u00e9ny alakul\u00e1sa. 5. perc:<\/strong> 1\u20132.<strong> 8. p.:<\/strong> 4\u20132. <strong>17. p.:<\/strong> 9\u20134.<strong> 26. p.:<\/strong> 9\u20137. <strong>38. p.:<\/strong> 14\u201313. <strong>47. p.:<\/strong> 18\u201315. <strong>51. p.:<\/strong> 20\u201319. <strong>57. p.:<\/strong> 24\u201321<br \/>\n<strong>Ki\u00e1ll\u00edt\u00e1sok: 6, <\/strong>ill. 10 perc<br \/>\n<strong>H\u00e9tm\u00e9teresek:<\/strong> 5\/3, ill. 5\/3<\/p>\n<p><strong>MESTERM\u00c9RLEG<\/strong><br \/>\n<strong>Elek G\u00e1bor: <\/strong>\u2013 Minden szempontb\u00f3l furcsa m\u00e9rk\u0151z\u00e9st j\u00e1tszottunk, nem a t\u00e1mad\u00e1sok domin\u00e1ltak, rengeteg volt a rossz kapura l\u00f6v\u00e9s \u00e9s a kihagyott helyzet mindk\u00e9t oldalon. Bizonyos szitu\u00e1ci\u00f3kban nagyon gyeng\u00e9n k\u00e9zilabd\u00e1ztunk, de a szerencs\u00e9vel nem \u00e1lltunk hadil\u00e1bon.<br \/>\n<strong>Szuzana Lazovics:<\/strong> \u2013 El\u00e9gedett vagyok a csapattal, egy pillanatra sem adt\u00e1k fel a l\u00e1nyok. Biztat\u00f3, ha v\u00e9dekez\u00e9sben \u00edgy tudjuk folytatni a h\u00e1tral\u00e9v\u0151 fordul\u00f3kban \u00e9s a k\u00f6vetkez\u0151 id\u00e9nyben, t\u00e1mad\u00e1sban viszont enn\u00e9l sokkal jobban kell teljes\u00edten\u00fcnk.<\/p>\n<p><em>Bor\u00edt\u00f3k\u00e9p: Esztergom Handball Facebook-oldal<\/em><br \/>\n<em>Forr\u00e1s: nemzetisport.hu<\/em><\/p>\n","protected":false},"excerpt":{"rendered":"<p>A n\u0151i k\u00e9zilabda NB I 22. fordul\u00f3j\u00e1ban a MOL Esztergom 25\u201323-ra legy\u0151zte az Alba Feh\u00e9rv\u00e1r KC-t \u00e1prilis 26-\u00e1n, szombaton &#8211; \u00edrja a Nemzeti Sport. A vend\u00e9g Feh\u00e9rv\u00e1r a 6. percben 2\u20131-re vezetett, \u00e9s v\u00e9gig szoross\u00e1 tudta tenni az \u00e1ll\u00e1st. Farag\u00f3 Lea nyolc g\u00f3llal, Herczeg Lili 12 v\u00e9d\u00e9ssel j\u00e1rult hozz\u00e1 az esztergomiak siker\u00e9hez. A feh\u00e9rv\u00e1riakn\u00e1l Katarina<\/p>\n","protected":false},"author":1,"featured_media":70578,"comment_status":"closed","ping_status":"closed","sticky":false,"template":"","format":"standard","meta":{"ngg_post_thumbnail":0,"footnotes":""},"categories":[38,3,5],"tags":[42,5624,355,8025,7855,16,3653],"class_list":{"0":"post-70577","1":"post","2":"type-post","3":"status-publish","4":"format-standard","5":"has-post-thumbnail","7":"category-esztergom","8":"category-hirek","9":"category-sport","10":"tag-esztergom","11":"tag-featured","12":"tag-kezilabda","13":"tag-mol-esztergom","14":"tag-nb-i","15":"tag-sport","16":"tag-szekesfehervar"},"yoast_head":"<!-- This site is optimized with the Yoast SEO plugin v27.4 - https:\/\/yoast.com\/product\/yoast-seo-wordpress\/ -->\n<title>Szoros csat\u00e1ban k\u00e9t g\u00f3llal nyert a MOL Esztergom<\/title>\n<meta name=\"robots\" content=\"index, follow, max-snippet:-1, max-image-preview:large, max-video-preview:-1\" \/>\n<link rel=\"canonical\" href=\"https:\/\/dorogimedence.hu\/index.php\/2025\/04\/28\/szoros-csataban-ket-gollal-nyert-a-mol-esztergom\/\" class=\"yoast-seo-meta-tag\" \/>\n<meta property=\"og:locale\" content=\"hu_HU\" class=\"yoast-seo-meta-tag\" \/>\n<meta property=\"og:type\" content=\"article\" class=\"yoast-seo-meta-tag\" \/>\n<meta property=\"og:title\" content=\"Szoros csat\u00e1ban k\u00e9t g\u00f3llal nyert a MOL Esztergom\" class=\"yoast-seo-meta-tag\" \/>\n<meta property=\"og:description\" content=\"A n\u0151i k\u00e9zilabda NB I 22. fordul\u00f3j\u00e1ban a MOL Esztergom 25\u201323-ra legy\u0151zte az Alba Feh\u00e9rv\u00e1r KC-t \u00e1prilis 26-\u00e1n, szombaton &#8211; \u00edrja a Nemzeti Sport. A vend\u00e9g Feh\u00e9rv\u00e1r a 6. percben 2\u20131-re vezetett, \u00e9s v\u00e9gig szoross\u00e1 tudta tenni az \u00e1ll\u00e1st. Farag\u00f3 Lea nyolc g\u00f3llal, Herczeg Lili 12 v\u00e9d\u00e9ssel j\u00e1rult hozz\u00e1 az esztergomiak siker\u00e9hez. A feh\u00e9rv\u00e1riakn\u00e1l Katarina\" class=\"yoast-seo-meta-tag\" \/>\n<meta property=\"og:url\" content=\"https:\/\/dorogimedence.hu\/index.php\/2025\/04\/28\/szoros-csataban-ket-gollal-nyert-a-mol-esztergom\/\" class=\"yoast-seo-meta-tag\" \/>\n<meta property=\"og:site_name\" content=\"Dorogi-medence Region\u00e1lis H\u00edrport\u00e1l\" class=\"yoast-seo-meta-tag\" \/>\n<meta property=\"article:publisher\" content=\"https:\/\/www.facebook.com\/dorogimedence\/\" class=\"yoast-seo-meta-tag\" \/>\n<meta property=\"article:published_time\" content=\"2025-04-28T05:18:24+00:00\" class=\"yoast-seo-meta-tag\" \/>\n<meta property=\"article:modified_time\" content=\"2025-04-29T05:38:53+00:00\" class=\"yoast-seo-meta-tag\" \/>\n<meta property=\"og:image\" content=\"https:\/\/dorogimedence.hu\/wp-content\/uploads\/2025\/04\/491464948_17975006468840640_8872782942182012930_n.jpg\" class=\"yoast-seo-meta-tag\" \/>\n\t<meta property=\"og:image:width\" content=\"1440\" class=\"yoast-seo-meta-tag\" \/>\n\t<meta property=\"og:image:height\" content=\"810\" class=\"yoast-seo-meta-tag\" \/>\n\t<meta property=\"og:image:type\" content=\"image\/jpeg\" class=\"yoast-seo-meta-tag\" \/>\n<meta name=\"author\" content=\"dorogimedence.hu\" class=\"yoast-seo-meta-tag\" \/>\n<meta name=\"twitter:card\" content=\"summary_large_image\" class=\"yoast-seo-meta-tag\" \/>\n<meta name=\"twitter:label1\" content=\"Szerz\u0151:\" class=\"yoast-seo-meta-tag\" \/>\n\t<meta name=\"twitter:data1\" content=\"dorogimedence.hu\" class=\"yoast-seo-meta-tag\" \/>\n\t<meta name=\"twitter:label2\" content=\"Becs\u00fclt olvas\u00e1si id\u0151\" class=\"yoast-seo-meta-tag\" \/>\n\t<meta name=\"twitter:data2\" content=\"2 perc\" class=\"yoast-seo-meta-tag\" \/>\n<script type=\"application\/ld+json\" class=\"yoast-schema-graph\">{\"@context\":\"https:\\\/\\\/schema.org\",\"@graph\":[{\"@type\":\"Article\",\"@id\":\"https:\\\/\\\/dorogimedence.hu\\\/index.php\\\/2025\\\/04\\\/28\\\/szoros-csataban-ket-gollal-nyert-a-mol-esztergom\\\/#article\",\"isPartOf\":{\"@id\":\"https:\\\/\\\/dorogimedence.hu\\\/index.php\\\/2025\\\/04\\\/28\\\/szoros-csataban-ket-gollal-nyert-a-mol-esztergom\\\/\"},\"author\":{\"name\":\"dorogimedence.hu\",\"@id\":\"https:\\\/\\\/dorogimedence.hu\\\/#\\\/schema\\\/person\\\/ce6091eeb7e95ecdc87890d6aa8e0fd4\"},\"headline\":\"Szoros csat\u00e1ban k\u00e9t g\u00f3llal nyert a MOL Esztergom\",\"datePublished\":\"2025-04-28T05:18:24+00:00\",\"dateModified\":\"2025-04-29T05:38:53+00:00\",\"mainEntityOfPage\":{\"@id\":\"https:\\\/\\\/dorogimedence.hu\\\/index.php\\\/2025\\\/04\\\/28\\\/szoros-csataban-ket-gollal-nyert-a-mol-esztergom\\\/\"},\"wordCount\":353,\"publisher\":{\"@id\":\"https:\\\/\\\/dorogimedence.hu\\\/#organization\"},\"image\":{\"@id\":\"https:\\\/\\\/dorogimedence.hu\\\/index.php\\\/2025\\\/04\\\/28\\\/szoros-csataban-ket-gollal-nyert-a-mol-esztergom\\\/#primaryimage\"},\"thumbnailUrl\":\"https:\\\/\\\/dorogimedence.hu\\\/wp-content\\\/uploads\\\/2025\\\/04\\\/491464948_17975006468840640_8872782942182012930_n.jpg\",\"keywords\":[\"esztergom\",\"featured\",\"k\u00e9zilabda\",\"Mol Esztergom\",\"NB I\",\"sport\",\"Sz\u00e9kesfeh\u00e9rv\u00e1r\"],\"articleSection\":[\"Esztergom\",\"H\u00edrek\",\"Sport\"],\"inLanguage\":\"hu\"},{\"@type\":\"WebPage\",\"@id\":\"https:\\\/\\\/dorogimedence.hu\\\/index.php\\\/2025\\\/04\\\/28\\\/szoros-csataban-ket-gollal-nyert-a-mol-esztergom\\\/\",\"url\":\"https:\\\/\\\/dorogimedence.hu\\\/index.php\\\/2025\\\/04\\\/28\\\/szoros-csataban-ket-gollal-nyert-a-mol-esztergom\\\/\",\"name\":\"Szoros csat\u00e1ban k\u00e9t g\u00f3llal nyert a MOL Esztergom\",\"isPartOf\":{\"@id\":\"https:\\\/\\\/dorogimedence.hu\\\/#website\"},\"primaryImageOfPage\":{\"@id\":\"https:\\\/\\\/dorogimedence.hu\\\/index.php\\\/2025\\\/04\\\/28\\\/szoros-csataban-ket-gollal-nyert-a-mol-esztergom\\\/#primaryimage\"},\"image\":{\"@id\":\"https:\\\/\\\/dorogimedence.hu\\\/index.php\\\/2025\\\/04\\\/28\\\/szoros-csataban-ket-gollal-nyert-a-mol-esztergom\\\/#primaryimage\"},\"thumbnailUrl\":\"https:\\\/\\\/dorogimedence.hu\\\/wp-content\\\/uploads\\\/2025\\\/04\\\/491464948_17975006468840640_8872782942182012930_n.jpg\",\"datePublished\":\"2025-04-28T05:18:24+00:00\",\"dateModified\":\"2025-04-29T05:38:53+00:00\",\"breadcrumb\":{\"@id\":\"https:\\\/\\\/dorogimedence.hu\\\/index.php\\\/2025\\\/04\\\/28\\\/szoros-csataban-ket-gollal-nyert-a-mol-esztergom\\\/#breadcrumb\"},\"inLanguage\":\"hu\",\"potentialAction\":[{\"@type\":\"ReadAction\",\"target\":[\"https:\\\/\\\/dorogimedence.hu\\\/index.php\\\/2025\\\/04\\\/28\\\/szoros-csataban-ket-gollal-nyert-a-mol-esztergom\\\/\"]}]},{\"@type\":\"ImageObject\",\"inLanguage\":\"hu\",\"@id\":\"https:\\\/\\\/dorogimedence.hu\\\/index.php\\\/2025\\\/04\\\/28\\\/szoros-csataban-ket-gollal-nyert-a-mol-esztergom\\\/#primaryimage\",\"url\":\"https:\\\/\\\/dorogimedence.hu\\\/wp-content\\\/uploads\\\/2025\\\/04\\\/491464948_17975006468840640_8872782942182012930_n.jpg\",\"contentUrl\":\"https:\\\/\\\/dorogimedence.hu\\\/wp-content\\\/uploads\\\/2025\\\/04\\\/491464948_17975006468840640_8872782942182012930_n.jpg\",\"width\":1440,\"height\":810},{\"@type\":\"BreadcrumbList\",\"@id\":\"https:\\\/\\\/dorogimedence.hu\\\/index.php\\\/2025\\\/04\\\/28\\\/szoros-csataban-ket-gollal-nyert-a-mol-esztergom\\\/#breadcrumb\",\"itemListElement\":[{\"@type\":\"ListItem\",\"position\":1,\"name\":\"Kezd\u0151lap\",\"item\":\"https:\\\/\\\/dorogimedence.hu\\\/\"},{\"@type\":\"ListItem\",\"position\":2,\"name\":\"Szoros csat\u00e1ban k\u00e9t g\u00f3llal nyert a MOL Esztergom\"}]},{\"@type\":\"WebSite\",\"@id\":\"https:\\\/\\\/dorogimedence.hu\\\/#website\",\"url\":\"https:\\\/\\\/dorogimedence.hu\\\/\",\"name\":\"Dorogi-medence Region\u00e1lis H\u00edrport\u00e1l\",\"description\":\"Dorog, Keszt\u00f6lc, Le\u00e1nyv\u00e1r, Piliscs\u00e9v, Tokod, Tokodalt\u00e1r\u00f3, Csolnok, Esztergom-kertv\u00e1ros: h\u00edrek, programok\",\"publisher\":{\"@id\":\"https:\\\/\\\/dorogimedence.hu\\\/#organization\"},\"potentialAction\":[{\"@type\":\"SearchAction\",\"target\":{\"@type\":\"EntryPoint\",\"urlTemplate\":\"https:\\\/\\\/dorogimedence.hu\\\/?s={search_term_string}\"},\"query-input\":{\"@type\":\"PropertyValueSpecification\",\"valueRequired\":true,\"valueName\":\"search_term_string\"}}],\"inLanguage\":\"hu\"},{\"@type\":\"Organization\",\"@id\":\"https:\\\/\\\/dorogimedence.hu\\\/#organization\",\"name\":\"Dorogi-medence Region\u00e1lis H\u00edrport\u00e1l\",\"url\":\"https:\\\/\\\/dorogimedence.hu\\\/\",\"logo\":{\"@type\":\"ImageObject\",\"inLanguage\":\"hu\",\"@id\":\"https:\\\/\\\/dorogimedence.hu\\\/#\\\/schema\\\/logo\\\/image\\\/\",\"url\":\"https:\\\/\\\/dorogimedence.hu\\\/wp-content\\\/uploads\\\/2021\\\/04\\\/logo-feher-600.png\",\"contentUrl\":\"https:\\\/\\\/dorogimedence.hu\\\/wp-content\\\/uploads\\\/2021\\\/04\\\/logo-feher-600.png\",\"width\":600,\"height\":100,\"caption\":\"Dorogi-medence Region\u00e1lis H\u00edrport\u00e1l\"},\"image\":{\"@id\":\"https:\\\/\\\/dorogimedence.hu\\\/#\\\/schema\\\/logo\\\/image\\\/\"},\"sameAs\":[\"https:\\\/\\\/www.facebook.com\\\/dorogimedence\\\/\"]},{\"@type\":\"Person\",\"@id\":\"https:\\\/\\\/dorogimedence.hu\\\/#\\\/schema\\\/person\\\/ce6091eeb7e95ecdc87890d6aa8e0fd4\",\"name\":\"dorogimedence.hu\",\"image\":{\"@type\":\"ImageObject\",\"inLanguage\":\"hu\",\"@id\":\"\\\/\\\/www.gravatar.com\\\/avatar\\\/d8d45f8901aadff40a4af72c0b826f1d?s=96&#038;r=g&#038;d=mm\",\"url\":\"\\\/\\\/www.gravatar.com\\\/avatar\\\/d8d45f8901aadff40a4af72c0b826f1d?s=96&#038;r=g&#038;d=mm\",\"contentUrl\":\"\\\/\\\/www.gravatar.com\\\/avatar\\\/d8d45f8901aadff40a4af72c0b826f1d?s=96&#038;r=g&#038;d=mm\",\"caption\":\"dorogimedence.hu\"}}]}<\/script>\n<!-- \/ Yoast SEO plugin. -->","yoast_head_json":{"title":"Szoros csat\u00e1ban k\u00e9t g\u00f3llal nyert a MOL Esztergom","robots":{"index":"index","follow":"follow","max-snippet":"max-snippet:-1","max-image-preview":"max-image-preview:large","max-video-preview":"max-video-preview:-1"},"canonical":"https:\/\/dorogimedence.hu\/index.php\/2025\/04\/28\/szoros-csataban-ket-gollal-nyert-a-mol-esztergom\/","og_locale":"hu_HU","og_type":"article","og_title":"Szoros csat\u00e1ban k\u00e9t g\u00f3llal nyert a MOL Esztergom","og_description":"A n\u0151i k\u00e9zilabda NB I 22. fordul\u00f3j\u00e1ban a MOL Esztergom 25\u201323-ra legy\u0151zte az Alba Feh\u00e9rv\u00e1r KC-t \u00e1prilis 26-\u00e1n, szombaton &#8211; \u00edrja a Nemzeti Sport. A vend\u00e9g Feh\u00e9rv\u00e1r a 6. percben 2\u20131-re vezetett, \u00e9s v\u00e9gig szoross\u00e1 tudta tenni az \u00e1ll\u00e1st. Farag\u00f3 Lea nyolc g\u00f3llal, Herczeg Lili 12 v\u00e9d\u00e9ssel j\u00e1rult hozz\u00e1 az esztergomiak siker\u00e9hez. A feh\u00e9rv\u00e1riakn\u00e1l Katarina","og_url":"https:\/\/dorogimedence.hu\/index.php\/2025\/04\/28\/szoros-csataban-ket-gollal-nyert-a-mol-esztergom\/","og_site_name":"Dorogi-medence Region\u00e1lis H\u00edrport\u00e1l","article_publisher":"https:\/\/www.facebook.com\/dorogimedence\/","article_published_time":"2025-04-28T05:18:24+00:00","article_modified_time":"2025-04-29T05:38:53+00:00","og_image":[{"width":1440,"height":810,"url":"https:\/\/dorogimedence.hu\/wp-content\/uploads\/2025\/04\/491464948_17975006468840640_8872782942182012930_n.jpg","type":"image\/jpeg"}],"author":"dorogimedence.hu","twitter_card":"summary_large_image","twitter_misc":{"Szerz\u0151:":"dorogimedence.hu","Becs\u00fclt olvas\u00e1si id\u0151":"2 perc"},"schema":{"@context":"https:\/\/schema.org","@graph":[{"@type":"Article","@id":"https:\/\/dorogimedence.hu\/index.php\/2025\/04\/28\/szoros-csataban-ket-gollal-nyert-a-mol-esztergom\/#article","isPartOf":{"@id":"https:\/\/dorogimedence.hu\/index.php\/2025\/04\/28\/szoros-csataban-ket-gollal-nyert-a-mol-esztergom\/"},"author":{"name":"dorogimedence.hu","@id":"https:\/\/dorogimedence.hu\/#\/schema\/person\/ce6091eeb7e95ecdc87890d6aa8e0fd4"},"headline":"Szoros csat\u00e1ban k\u00e9t g\u00f3llal nyert a MOL Esztergom","datePublished":"2025-04-28T05:18:24+00:00","dateModified":"2025-04-29T05:38:53+00:00","mainEntityOfPage":{"@id":"https:\/\/dorogimedence.hu\/index.php\/2025\/04\/28\/szoros-csataban-ket-gollal-nyert-a-mol-esztergom\/"},"wordCount":353,"publisher":{"@id":"https:\/\/dorogimedence.hu\/#organization"},"image":{"@id":"https:\/\/dorogimedence.hu\/index.php\/2025\/04\/28\/szoros-csataban-ket-gollal-nyert-a-mol-esztergom\/#primaryimage"},"thumbnailUrl":"https:\/\/dorogimedence.hu\/wp-content\/uploads\/2025\/04\/491464948_17975006468840640_8872782942182012930_n.jpg","keywords":["esztergom","featured","k\u00e9zilabda","Mol Esztergom","NB I","sport","Sz\u00e9kesfeh\u00e9rv\u00e1r"],"articleSection":["Esztergom","H\u00edrek","Sport"],"inLanguage":"hu"},{"@type":"WebPage","@id":"https:\/\/dorogimedence.hu\/index.php\/2025\/04\/28\/szoros-csataban-ket-gollal-nyert-a-mol-esztergom\/","url":"https:\/\/dorogimedence.hu\/index.php\/2025\/04\/28\/szoros-csataban-ket-gollal-nyert-a-mol-esztergom\/","name":"Szoros csat\u00e1ban k\u00e9t g\u00f3llal nyert a MOL Esztergom","isPartOf":{"@id":"https:\/\/dorogimedence.hu\/#website"},"primaryImageOfPage":{"@id":"https:\/\/dorogimedence.hu\/index.php\/2025\/04\/28\/szoros-csataban-ket-gollal-nyert-a-mol-esztergom\/#primaryimage"},"image":{"@id":"https:\/\/dorogimedence.hu\/index.php\/2025\/04\/28\/szoros-csataban-ket-gollal-nyert-a-mol-esztergom\/#primaryimage"},"thumbnailUrl":"https:\/\/dorogimedence.hu\/wp-content\/uploads\/2025\/04\/491464948_17975006468840640_8872782942182012930_n.jpg","datePublished":"2025-04-28T05:18:24+00:00","dateModified":"2025-04-29T05:38:53+00:00","breadcrumb":{"@id":"https:\/\/dorogimedence.hu\/index.php\/2025\/04\/28\/szoros-csataban-ket-gollal-nyert-a-mol-esztergom\/#breadcrumb"},"inLanguage":"hu","potentialAction":[{"@type":"ReadAction","target":["https:\/\/dorogimedence.hu\/index.php\/2025\/04\/28\/szoros-csataban-ket-gollal-nyert-a-mol-esztergom\/"]}]},{"@type":"ImageObject","inLanguage":"hu","@id":"https:\/\/dorogimedence.hu\/index.php\/2025\/04\/28\/szoros-csataban-ket-gollal-nyert-a-mol-esztergom\/#primaryimage","url":"https:\/\/dorogimedence.hu\/wp-content\/uploads\/2025\/04\/491464948_17975006468840640_8872782942182012930_n.jpg","contentUrl":"https:\/\/dorogimedence.hu\/wp-content\/uploads\/2025\/04\/491464948_17975006468840640_8872782942182012930_n.jpg","width":1440,"height":810},{"@type":"BreadcrumbList","@id":"https:\/\/dorogimedence.hu\/index.php\/2025\/04\/28\/szoros-csataban-ket-gollal-nyert-a-mol-esztergom\/#breadcrumb","itemListElement":[{"@type":"ListItem","position":1,"name":"Kezd\u0151lap","item":"https:\/\/dorogimedence.hu\/"},{"@type":"ListItem","position":2,"name":"Szoros csat\u00e1ban k\u00e9t g\u00f3llal nyert a MOL Esztergom"}]},{"@type":"WebSite","@id":"https:\/\/dorogimedence.hu\/#website","url":"https:\/\/dorogimedence.hu\/","name":"Dorogi-medence Region\u00e1lis H\u00edrport\u00e1l","description":"Dorog, Keszt\u00f6lc, Le\u00e1nyv\u00e1r, Piliscs\u00e9v, Tokod, Tokodalt\u00e1r\u00f3, Csolnok, Esztergom-kertv\u00e1ros: h\u00edrek, programok","publisher":{"@id":"https:\/\/dorogimedence.hu\/#organization"},"potentialAction":[{"@type":"SearchAction","target":{"@type":"EntryPoint","urlTemplate":"https:\/\/dorogimedence.hu\/?s={search_term_string}"},"query-input":{"@type":"PropertyValueSpecification","valueRequired":true,"valueName":"search_term_string"}}],"inLanguage":"hu"},{"@type":"Organization","@id":"https:\/\/dorogimedence.hu\/#organization","name":"Dorogi-medence Region\u00e1lis H\u00edrport\u00e1l","url":"https:\/\/dorogimedence.hu\/","logo":{"@type":"ImageObject","inLanguage":"hu","@id":"https:\/\/dorogimedence.hu\/#\/schema\/logo\/image\/","url":"https:\/\/dorogimedence.hu\/wp-content\/uploads\/2021\/04\/logo-feher-600.png","contentUrl":"https:\/\/dorogimedence.hu\/wp-content\/uploads\/2021\/04\/logo-feher-600.png","width":600,"height":100,"caption":"Dorogi-medence Region\u00e1lis H\u00edrport\u00e1l"},"image":{"@id":"https:\/\/dorogimedence.hu\/#\/schema\/logo\/image\/"},"sameAs":["https:\/\/www.facebook.com\/dorogimedence\/"]},{"@type":"Person","@id":"https:\/\/dorogimedence.hu\/#\/schema\/person\/ce6091eeb7e95ecdc87890d6aa8e0fd4","name":"dorogimedence.hu","image":{"@type":"ImageObject","inLanguage":"hu","@id":"\/\/www.gravatar.com\/avatar\/d8d45f8901aadff40a4af72c0b826f1d?s=96&#038;r=g&#038;d=mm","url":"\/\/www.gravatar.com\/avatar\/d8d45f8901aadff40a4af72c0b826f1d?s=96&#038;r=g&#038;d=mm","contentUrl":"\/\/www.gravatar.com\/avatar\/d8d45f8901aadff40a4af72c0b826f1d?s=96&#038;r=g&#038;d=mm","caption":"dorogimedence.hu"}}]}},"_links":{"self":[{"href":"https:\/\/dorogimedence.hu\/index.php\/wp-json\/wp\/v2\/posts\/70577","targetHints":{"allow":["GET"]}}],"collection":[{"href":"https:\/\/dorogimedence.hu\/index.php\/wp-json\/wp\/v2\/posts"}],"about":[{"href":"https:\/\/dorogimedence.hu\/index.php\/wp-json\/wp\/v2\/types\/post"}],"author":[{"embeddable":true,"href":"https:\/\/dorogimedence.hu\/index.php\/wp-json\/wp\/v2\/users\/1"}],"replies":[{"embeddable":true,"href":"https:\/\/dorogimedence.hu\/index.php\/wp-json\/wp\/v2\/comments?post=70577"}],"version-history":[{"count":0,"href":"https:\/\/dorogimedence.hu\/index.php\/wp-json\/wp\/v2\/posts\/70577\/revisions"}],"wp:featuredmedia":[{"embeddable":true,"href":"https:\/\/dorogimedence.hu\/index.php\/wp-json\/wp\/v2\/media\/70578"}],"wp:attachment":[{"href":"https:\/\/dorogimedence.hu\/index.php\/wp-json\/wp\/v2\/media?parent=70577"}],"wp:term":[{"taxonomy":"category","embeddable":true,"href":"https:\/\/dorogimedence.hu\/index.php\/wp-json\/wp\/v2\/categories?post=70577"},{"taxonomy":"post_tag","embeddable":true,"href":"https:\/\/dorogimedence.hu\/index.php\/wp-json\/wp\/v2\/tags?post=70577"}],"curies":[{"name":"wp","href":"https:\/\/api.w.org\/{rel}","templated":true}]}}