{"id":70538,"date":"2025-04-25T16:42:03","date_gmt":"2025-04-25T14:42:03","guid":{"rendered":"https:\/\/dorogimedence.hu\/?p=70538"},"modified":"2025-04-25T16:42:03","modified_gmt":"2025-04-25T14:42:03","slug":"megujult-a-meszlenyi-iskola-sportcsarnoka","status":"publish","type":"post","link":"https:\/\/dorogimedence.hu\/index.php\/2025\/04\/25\/megujult-a-meszlenyi-iskola-sportcsarnoka\/","title":{"rendered":"Meg\u00fajult a Meszl\u00e9nyi iskola sportcsarnoka"},"content":{"rendered":"<p><strong>K\u00f6zel 200 milli\u00f3 forditb\u00f3l \u00fajult meg az esztergom-kertv\u00e1rosi Meszl\u00e9nyi Zolt\u00e1n Katolikus \u00c1ltal\u00e1nos Iskola sportcsarnoka. A m\u0171szaki \u00e1tad\u00e1s megt\u00f6rt\u00e9nt, kezd\u0151dhet a sport<\/strong> <em>&#8211; k\u00f6z\u00f6lte Baranya Istv\u00e1n, az int\u00e9zm\u00e9ny igazgat\u00f3ja az iskola <a href=\"https:\/\/www.facebook.com\/permalink.php?story_fbid=1196116378972987&amp;id=100057239088301\" target=\"_blank\" rel=\"noopener\"><span style=\"text-decoration: underline; color: #0000ff;\">k\u00f6z\u00f6ss\u00e9gi oldal\u00e1n<\/span><\/a>.<\/em><\/p>\n<p>Az iskola sportcsarnok\u00e1nak fel\u00faj\u00edt\u00e1si munk\u00e1latai m\u00e9g az elm\u00falt \u00e9v \u0151sz\u00e9n kezd\u0151dtek, melyet a MKSZ \u00e9s az Esztergom-Budapest F\u0151egyh\u00e1zmegye int\u00e9zm\u00e9nyfenntart\u00f3ja (EKIF) finansz\u00edrozott. Szinte minden meg\u00fajult, megsz\u00e9p\u00fclt. A k\u00fczd\u0151t\u00e9r \u00faj rugalmas sportparkett\u00e1t \u00e9s nagy f\u00e9nyerej\u0171 led vil\u00e1g\u00edt\u00e1st kapott. Kicser\u00e9lt\u00e9k a ny\u00edl\u00e1sz\u00e1r\u00f3kat, a csarnok ablakait, melyek k\u00fcl\u00f6n-k\u00fcl\u00f6n elektronikusan nyithat\u00f3k lettek. A legkorszer\u0171bb automatiz\u00e1lt, l\u00e9gkever\u00e9ses szell\u0151ztet\u00e9se lett a k\u00fczd\u0151t\u00e9rnek, a teljes f\u0171t\u00e9s is meg\u00fajult. Digit\u00e1lis, t\u00f6bbfunkci\u00f3s eredm\u00e9nyjelz\u0151s \u00e9s teljesk\u00f6r\u0171 teremhangos\u00edt\u00e1s teszi komfortoss\u00e1 a sportot. A hat\u00e9kony \u00e9s megosztott testnevel\u00e9s \u00f3r\u00e1k \u00e9rdek\u00e9ben elektromosan leereszthet\u0151 t\u00e9relv\u00e1laszt\u00f3 f\u00fcgg\u00f6ny ker\u00fclt a mennyezetre.<\/p>\n<p>&#8222;A tavaszi sz\u00fcnet ut\u00e1n sz\u00e1mos sportbemutat\u00f3val, m\u00e9rk\u0151z\u00e9ssel, rendezv\u00e9nnyel avatjuk meg\u00fajult iskolai sportcsarnokunkat. K\u00f6sz\u00f6nj\u00fck az MKSZ \u00e9s az EKIF jelent\u0151s anyagi t\u00e1mogat\u00e1s\u00e1t \u00e9s az Esztergomi K\u00e9zilabda SE partners\u00e9g\u00e9t, a kivitelez\u0151k szakszer\u0171 munk\u00e1j\u00e1t&#8221; &#8211; jegyezte meg Baranya Istv\u00e1n.<\/p>\n<p><img fetchpriority=\"high\" decoding=\"async\" class=\"alignnone size-full wp-image-70540\" src=\"https:\/\/dorogimedence.hu\/wp-content\/uploads\/2025\/04\/492362004_1196114728973152_2289170197909493337_n.jpg\" alt=\"\" width=\"1216\" height=\"913\" srcset=\"https:\/\/dorogimedence.hu\/wp-content\/uploads\/2025\/04\/492362004_1196114728973152_2289170197909493337_n.jpg 1216w, https:\/\/dorogimedence.hu\/wp-content\/uploads\/2025\/04\/492362004_1196114728973152_2289170197909493337_n-600x450.jpg 600w, https:\/\/dorogimedence.hu\/wp-content\/uploads\/2025\/04\/492362004_1196114728973152_2289170197909493337_n-768x577.jpg 768w, https:\/\/dorogimedence.hu\/wp-content\/uploads\/2025\/04\/492362004_1196114728973152_2289170197909493337_n-150x113.jpg 150w, https:\/\/dorogimedence.hu\/wp-content\/uploads\/2025\/04\/492362004_1196114728973152_2289170197909493337_n-450x338.jpg 450w, https:\/\/dorogimedence.hu\/wp-content\/uploads\/2025\/04\/492362004_1196114728973152_2289170197909493337_n-1200x901.jpg 1200w\" sizes=\"(max-width: 1216px) 100vw, 1216px\" \/><\/p>\n<p><em>Fot\u00f3k, forr\u00e1s: Meszl\u00e9nyi Zolt\u00e1n Katolikus \u00c1ltal\u00e1nos Iskola Facebook-oldala<\/em><\/p>\n","protected":false},"excerpt":{"rendered":"<p>K\u00f6zel 200 milli\u00f3 forditb\u00f3l \u00fajult meg az esztergom-kertv\u00e1rosi Meszl\u00e9nyi Zolt\u00e1n Katolikus \u00c1ltal\u00e1nos Iskola sportcsarnoka. A m\u0171szaki \u00e1tad\u00e1s megt\u00f6rt\u00e9nt, kezd\u0151dhet a sport &#8211; k\u00f6z\u00f6lte Baranya Istv\u00e1n, az int\u00e9zm\u00e9ny igazgat\u00f3ja az iskola k\u00f6z\u00f6ss\u00e9gi oldal\u00e1n. Az iskola sportcsarnok\u00e1nak fel\u00faj\u00edt\u00e1si munk\u00e1latai m\u00e9g az elm\u00falt \u00e9v \u0151sz\u00e9n kezd\u0151dtek, melyet a MKSZ \u00e9s az Esztergom-Budapest F\u0151egyh\u00e1zmegye int\u00e9zm\u00e9nyfenntart\u00f3ja (EKIF) finansz\u00edrozott. Szinte minden<\/p>\n","protected":false},"author":1,"featured_media":70539,"comment_status":"closed","ping_status":"closed","sticky":false,"template":"","format":"standard","meta":{"ngg_post_thumbnail":0,"footnotes":""},"categories":[38,7,3],"tags":[42,169,464,268,6029],"class_list":{"0":"post-70538","1":"post","2":"type-post","3":"status-publish","4":"format-standard","5":"has-post-thumbnail","7":"category-esztergom","8":"category-esztergom_kertvaros","9":"category-hirek","10":"tag-esztergom","11":"tag-esztergom-kertvaros","12":"tag-felujitas","13":"tag-iskola","14":"tag-meszlenyi-zoltan-katolikus-altalanos-iskola"},"yoast_head":"<!-- This site is optimized with the Yoast SEO plugin v27.5 - https:\/\/yoast.com\/product\/yoast-seo-wordpress\/ -->\n<title>Meg\u00fajult a Meszl\u00e9nyi iskola sportcsarnoka<\/title>\n<meta name=\"robots\" content=\"index, follow, max-snippet:-1, max-image-preview:large, max-video-preview:-1\" \/>\n<link rel=\"canonical\" href=\"https:\/\/dorogimedence.hu\/index.php\/2025\/04\/25\/megujult-a-meszlenyi-iskola-sportcsarnoka\/\" class=\"yoast-seo-meta-tag\" \/>\n<meta property=\"og:locale\" content=\"hu_HU\" class=\"yoast-seo-meta-tag\" \/>\n<meta property=\"og:type\" content=\"article\" class=\"yoast-seo-meta-tag\" \/>\n<meta property=\"og:title\" content=\"Meg\u00fajult a Meszl\u00e9nyi iskola sportcsarnoka\" class=\"yoast-seo-meta-tag\" \/>\n<meta property=\"og:description\" content=\"K\u00f6zel 200 milli\u00f3 forditb\u00f3l \u00fajult meg az esztergom-kertv\u00e1rosi Meszl\u00e9nyi Zolt\u00e1n Katolikus \u00c1ltal\u00e1nos Iskola sportcsarnoka. A m\u0171szaki \u00e1tad\u00e1s megt\u00f6rt\u00e9nt, kezd\u0151dhet a sport &#8211; k\u00f6z\u00f6lte Baranya Istv\u00e1n, az int\u00e9zm\u00e9ny igazgat\u00f3ja az iskola k\u00f6z\u00f6ss\u00e9gi oldal\u00e1n. Az iskola sportcsarnok\u00e1nak fel\u00faj\u00edt\u00e1si munk\u00e1latai m\u00e9g az elm\u00falt \u00e9v \u0151sz\u00e9n kezd\u0151dtek, melyet a MKSZ \u00e9s az Esztergom-Budapest F\u0151egyh\u00e1zmegye int\u00e9zm\u00e9nyfenntart\u00f3ja (EKIF) finansz\u00edrozott. Szinte minden\" class=\"yoast-seo-meta-tag\" \/>\n<meta property=\"og:url\" content=\"https:\/\/dorogimedence.hu\/index.php\/2025\/04\/25\/megujult-a-meszlenyi-iskola-sportcsarnoka\/\" class=\"yoast-seo-meta-tag\" \/>\n<meta property=\"og:site_name\" content=\"Dorogi-medence Region\u00e1lis H\u00edrport\u00e1l\" class=\"yoast-seo-meta-tag\" \/>\n<meta property=\"article:publisher\" content=\"https:\/\/www.facebook.com\/dorogimedence\/\" class=\"yoast-seo-meta-tag\" \/>\n<meta property=\"article:published_time\" content=\"2025-04-25T14:42:03+00:00\" class=\"yoast-seo-meta-tag\" \/>\n<meta property=\"og:image\" content=\"https:\/\/dorogimedence.hu\/wp-content\/uploads\/2025\/04\/493002293_1196114488973176_2809066346408981058_n.jpg\" class=\"yoast-seo-meta-tag\" \/>\n\t<meta property=\"og:image:width\" content=\"1216\" class=\"yoast-seo-meta-tag\" \/>\n\t<meta property=\"og:image:height\" content=\"913\" class=\"yoast-seo-meta-tag\" \/>\n\t<meta property=\"og:image:type\" content=\"image\/jpeg\" class=\"yoast-seo-meta-tag\" \/>\n<meta name=\"author\" content=\"dorogimedence.hu\" class=\"yoast-seo-meta-tag\" \/>\n<meta name=\"twitter:card\" content=\"summary_large_image\" class=\"yoast-seo-meta-tag\" \/>\n<meta name=\"twitter:label1\" content=\"Szerz\u0151:\" class=\"yoast-seo-meta-tag\" \/>\n\t<meta name=\"twitter:data1\" content=\"dorogimedence.hu\" class=\"yoast-seo-meta-tag\" \/>\n\t<meta name=\"twitter:label2\" content=\"Becs\u00fclt olvas\u00e1si id\u0151\" class=\"yoast-seo-meta-tag\" \/>\n\t<meta name=\"twitter:data2\" content=\"1 perc\" class=\"yoast-seo-meta-tag\" \/>\n<script type=\"application\/ld+json\" class=\"yoast-schema-graph\">{\"@context\":\"https:\\\/\\\/schema.org\",\"@graph\":[{\"@type\":\"Article\",\"@id\":\"https:\\\/\\\/dorogimedence.hu\\\/index.php\\\/2025\\\/04\\\/25\\\/megujult-a-meszlenyi-iskola-sportcsarnoka\\\/#article\",\"isPartOf\":{\"@id\":\"https:\\\/\\\/dorogimedence.hu\\\/index.php\\\/2025\\\/04\\\/25\\\/megujult-a-meszlenyi-iskola-sportcsarnoka\\\/\"},\"author\":{\"name\":\"dorogimedence.hu\",\"@id\":\"https:\\\/\\\/dorogimedence.hu\\\/#\\\/schema\\\/person\\\/ce6091eeb7e95ecdc87890d6aa8e0fd4\"},\"headline\":\"Meg\u00fajult a Meszl\u00e9nyi iskola sportcsarnoka\",\"datePublished\":\"2025-04-25T14:42:03+00:00\",\"mainEntityOfPage\":{\"@id\":\"https:\\\/\\\/dorogimedence.hu\\\/index.php\\\/2025\\\/04\\\/25\\\/megujult-a-meszlenyi-iskola-sportcsarnoka\\\/\"},\"wordCount\":281,\"publisher\":{\"@id\":\"https:\\\/\\\/dorogimedence.hu\\\/#organization\"},\"image\":{\"@id\":\"https:\\\/\\\/dorogimedence.hu\\\/index.php\\\/2025\\\/04\\\/25\\\/megujult-a-meszlenyi-iskola-sportcsarnoka\\\/#primaryimage\"},\"thumbnailUrl\":\"https:\\\/\\\/dorogimedence.hu\\\/wp-content\\\/uploads\\\/2025\\\/04\\\/493002293_1196114488973176_2809066346408981058_n.jpg\",\"keywords\":[\"esztergom\",\"Esztergom-kertv\u00e1ros\",\"fel\u00faj\u00edt\u00e1s\",\"iskola\",\"Meszl\u00e9nyi Zolt\u00e1n Katolikus \u00c1ltal\u00e1nos Iskola\"],\"articleSection\":[\"Esztergom\",\"Esztergom-kertv\u00e1ros\",\"H\u00edrek\"],\"inLanguage\":\"hu\"},{\"@type\":\"WebPage\",\"@id\":\"https:\\\/\\\/dorogimedence.hu\\\/index.php\\\/2025\\\/04\\\/25\\\/megujult-a-meszlenyi-iskola-sportcsarnoka\\\/\",\"url\":\"https:\\\/\\\/dorogimedence.hu\\\/index.php\\\/2025\\\/04\\\/25\\\/megujult-a-meszlenyi-iskola-sportcsarnoka\\\/\",\"name\":\"Meg\u00fajult a Meszl\u00e9nyi iskola sportcsarnoka\",\"isPartOf\":{\"@id\":\"https:\\\/\\\/dorogimedence.hu\\\/#website\"},\"primaryImageOfPage\":{\"@id\":\"https:\\\/\\\/dorogimedence.hu\\\/index.php\\\/2025\\\/04\\\/25\\\/megujult-a-meszlenyi-iskola-sportcsarnoka\\\/#primaryimage\"},\"image\":{\"@id\":\"https:\\\/\\\/dorogimedence.hu\\\/index.php\\\/2025\\\/04\\\/25\\\/megujult-a-meszlenyi-iskola-sportcsarnoka\\\/#primaryimage\"},\"thumbnailUrl\":\"https:\\\/\\\/dorogimedence.hu\\\/wp-content\\\/uploads\\\/2025\\\/04\\\/493002293_1196114488973176_2809066346408981058_n.jpg\",\"datePublished\":\"2025-04-25T14:42:03+00:00\",\"breadcrumb\":{\"@id\":\"https:\\\/\\\/dorogimedence.hu\\\/index.php\\\/2025\\\/04\\\/25\\\/megujult-a-meszlenyi-iskola-sportcsarnoka\\\/#breadcrumb\"},\"inLanguage\":\"hu\",\"potentialAction\":[{\"@type\":\"ReadAction\",\"target\":[\"https:\\\/\\\/dorogimedence.hu\\\/index.php\\\/2025\\\/04\\\/25\\\/megujult-a-meszlenyi-iskola-sportcsarnoka\\\/\"]}]},{\"@type\":\"ImageObject\",\"inLanguage\":\"hu\",\"@id\":\"https:\\\/\\\/dorogimedence.hu\\\/index.php\\\/2025\\\/04\\\/25\\\/megujult-a-meszlenyi-iskola-sportcsarnoka\\\/#primaryimage\",\"url\":\"https:\\\/\\\/dorogimedence.hu\\\/wp-content\\\/uploads\\\/2025\\\/04\\\/493002293_1196114488973176_2809066346408981058_n.jpg\",\"contentUrl\":\"https:\\\/\\\/dorogimedence.hu\\\/wp-content\\\/uploads\\\/2025\\\/04\\\/493002293_1196114488973176_2809066346408981058_n.jpg\",\"width\":1216,\"height\":913},{\"@type\":\"BreadcrumbList\",\"@id\":\"https:\\\/\\\/dorogimedence.hu\\\/index.php\\\/2025\\\/04\\\/25\\\/megujult-a-meszlenyi-iskola-sportcsarnoka\\\/#breadcrumb\",\"itemListElement\":[{\"@type\":\"ListItem\",\"position\":1,\"name\":\"Kezd\u0151lap\",\"item\":\"https:\\\/\\\/dorogimedence.hu\\\/\"},{\"@type\":\"ListItem\",\"position\":2,\"name\":\"Meg\u00fajult a Meszl\u00e9nyi iskola sportcsarnoka\"}]},{\"@type\":\"WebSite\",\"@id\":\"https:\\\/\\\/dorogimedence.hu\\\/#website\",\"url\":\"https:\\\/\\\/dorogimedence.hu\\\/\",\"name\":\"Dorogi-medence Region\u00e1lis H\u00edrport\u00e1l\",\"description\":\"Dorog, Keszt\u00f6lc, Le\u00e1nyv\u00e1r, Piliscs\u00e9v, Tokod, Tokodalt\u00e1r\u00f3, Csolnok, Esztergom-kertv\u00e1ros: h\u00edrek, programok\",\"publisher\":{\"@id\":\"https:\\\/\\\/dorogimedence.hu\\\/#organization\"},\"potentialAction\":[{\"@type\":\"SearchAction\",\"target\":{\"@type\":\"EntryPoint\",\"urlTemplate\":\"https:\\\/\\\/dorogimedence.hu\\\/?s={search_term_string}\"},\"query-input\":{\"@type\":\"PropertyValueSpecification\",\"valueRequired\":true,\"valueName\":\"search_term_string\"}}],\"inLanguage\":\"hu\"},{\"@type\":\"Organization\",\"@id\":\"https:\\\/\\\/dorogimedence.hu\\\/#organization\",\"name\":\"Dorogi-medence Region\u00e1lis H\u00edrport\u00e1l\",\"url\":\"https:\\\/\\\/dorogimedence.hu\\\/\",\"logo\":{\"@type\":\"ImageObject\",\"inLanguage\":\"hu\",\"@id\":\"https:\\\/\\\/dorogimedence.hu\\\/#\\\/schema\\\/logo\\\/image\\\/\",\"url\":\"https:\\\/\\\/dorogimedence.hu\\\/wp-content\\\/uploads\\\/2021\\\/04\\\/logo-feher-600.png\",\"contentUrl\":\"https:\\\/\\\/dorogimedence.hu\\\/wp-content\\\/uploads\\\/2021\\\/04\\\/logo-feher-600.png\",\"width\":600,\"height\":100,\"caption\":\"Dorogi-medence Region\u00e1lis H\u00edrport\u00e1l\"},\"image\":{\"@id\":\"https:\\\/\\\/dorogimedence.hu\\\/#\\\/schema\\\/logo\\\/image\\\/\"},\"sameAs\":[\"https:\\\/\\\/www.facebook.com\\\/dorogimedence\\\/\"]},{\"@type\":\"Person\",\"@id\":\"https:\\\/\\\/dorogimedence.hu\\\/#\\\/schema\\\/person\\\/ce6091eeb7e95ecdc87890d6aa8e0fd4\",\"name\":\"dorogimedence.hu\",\"image\":{\"@type\":\"ImageObject\",\"inLanguage\":\"hu\",\"@id\":\"\\\/\\\/www.gravatar.com\\\/avatar\\\/d8d45f8901aadff40a4af72c0b826f1d?s=96&#038;r=g&#038;d=mm\",\"url\":\"\\\/\\\/www.gravatar.com\\\/avatar\\\/d8d45f8901aadff40a4af72c0b826f1d?s=96&#038;r=g&#038;d=mm\",\"contentUrl\":\"\\\/\\\/www.gravatar.com\\\/avatar\\\/d8d45f8901aadff40a4af72c0b826f1d?s=96&#038;r=g&#038;d=mm\",\"caption\":\"dorogimedence.hu\"}}]}<\/script>\n<!-- \/ Yoast SEO plugin. -->","yoast_head_json":{"title":"Meg\u00fajult a Meszl\u00e9nyi iskola sportcsarnoka","robots":{"index":"index","follow":"follow","max-snippet":"max-snippet:-1","max-image-preview":"max-image-preview:large","max-video-preview":"max-video-preview:-1"},"canonical":"https:\/\/dorogimedence.hu\/index.php\/2025\/04\/25\/megujult-a-meszlenyi-iskola-sportcsarnoka\/","og_locale":"hu_HU","og_type":"article","og_title":"Meg\u00fajult a Meszl\u00e9nyi iskola sportcsarnoka","og_description":"K\u00f6zel 200 milli\u00f3 forditb\u00f3l \u00fajult meg az esztergom-kertv\u00e1rosi Meszl\u00e9nyi Zolt\u00e1n Katolikus \u00c1ltal\u00e1nos Iskola sportcsarnoka. A m\u0171szaki \u00e1tad\u00e1s megt\u00f6rt\u00e9nt, kezd\u0151dhet a sport &#8211; k\u00f6z\u00f6lte Baranya Istv\u00e1n, az int\u00e9zm\u00e9ny igazgat\u00f3ja az iskola k\u00f6z\u00f6ss\u00e9gi oldal\u00e1n. Az iskola sportcsarnok\u00e1nak fel\u00faj\u00edt\u00e1si munk\u00e1latai m\u00e9g az elm\u00falt \u00e9v \u0151sz\u00e9n kezd\u0151dtek, melyet a MKSZ \u00e9s az Esztergom-Budapest F\u0151egyh\u00e1zmegye int\u00e9zm\u00e9nyfenntart\u00f3ja (EKIF) finansz\u00edrozott. Szinte minden","og_url":"https:\/\/dorogimedence.hu\/index.php\/2025\/04\/25\/megujult-a-meszlenyi-iskola-sportcsarnoka\/","og_site_name":"Dorogi-medence Region\u00e1lis H\u00edrport\u00e1l","article_publisher":"https:\/\/www.facebook.com\/dorogimedence\/","article_published_time":"2025-04-25T14:42:03+00:00","og_image":[{"width":1216,"height":913,"url":"https:\/\/dorogimedence.hu\/wp-content\/uploads\/2025\/04\/493002293_1196114488973176_2809066346408981058_n.jpg","type":"image\/jpeg"}],"author":"dorogimedence.hu","twitter_card":"summary_large_image","twitter_misc":{"Szerz\u0151:":"dorogimedence.hu","Becs\u00fclt olvas\u00e1si id\u0151":"1 perc"},"schema":{"@context":"https:\/\/schema.org","@graph":[{"@type":"Article","@id":"https:\/\/dorogimedence.hu\/index.php\/2025\/04\/25\/megujult-a-meszlenyi-iskola-sportcsarnoka\/#article","isPartOf":{"@id":"https:\/\/dorogimedence.hu\/index.php\/2025\/04\/25\/megujult-a-meszlenyi-iskola-sportcsarnoka\/"},"author":{"name":"dorogimedence.hu","@id":"https:\/\/dorogimedence.hu\/#\/schema\/person\/ce6091eeb7e95ecdc87890d6aa8e0fd4"},"headline":"Meg\u00fajult a Meszl\u00e9nyi iskola sportcsarnoka","datePublished":"2025-04-25T14:42:03+00:00","mainEntityOfPage":{"@id":"https:\/\/dorogimedence.hu\/index.php\/2025\/04\/25\/megujult-a-meszlenyi-iskola-sportcsarnoka\/"},"wordCount":281,"publisher":{"@id":"https:\/\/dorogimedence.hu\/#organization"},"image":{"@id":"https:\/\/dorogimedence.hu\/index.php\/2025\/04\/25\/megujult-a-meszlenyi-iskola-sportcsarnoka\/#primaryimage"},"thumbnailUrl":"https:\/\/dorogimedence.hu\/wp-content\/uploads\/2025\/04\/493002293_1196114488973176_2809066346408981058_n.jpg","keywords":["esztergom","Esztergom-kertv\u00e1ros","fel\u00faj\u00edt\u00e1s","iskola","Meszl\u00e9nyi Zolt\u00e1n Katolikus \u00c1ltal\u00e1nos Iskola"],"articleSection":["Esztergom","Esztergom-kertv\u00e1ros","H\u00edrek"],"inLanguage":"hu"},{"@type":"WebPage","@id":"https:\/\/dorogimedence.hu\/index.php\/2025\/04\/25\/megujult-a-meszlenyi-iskola-sportcsarnoka\/","url":"https:\/\/dorogimedence.hu\/index.php\/2025\/04\/25\/megujult-a-meszlenyi-iskola-sportcsarnoka\/","name":"Meg\u00fajult a Meszl\u00e9nyi iskola sportcsarnoka","isPartOf":{"@id":"https:\/\/dorogimedence.hu\/#website"},"primaryImageOfPage":{"@id":"https:\/\/dorogimedence.hu\/index.php\/2025\/04\/25\/megujult-a-meszlenyi-iskola-sportcsarnoka\/#primaryimage"},"image":{"@id":"https:\/\/dorogimedence.hu\/index.php\/2025\/04\/25\/megujult-a-meszlenyi-iskola-sportcsarnoka\/#primaryimage"},"thumbnailUrl":"https:\/\/dorogimedence.hu\/wp-content\/uploads\/2025\/04\/493002293_1196114488973176_2809066346408981058_n.jpg","datePublished":"2025-04-25T14:42:03+00:00","breadcrumb":{"@id":"https:\/\/dorogimedence.hu\/index.php\/2025\/04\/25\/megujult-a-meszlenyi-iskola-sportcsarnoka\/#breadcrumb"},"inLanguage":"hu","potentialAction":[{"@type":"ReadAction","target":["https:\/\/dorogimedence.hu\/index.php\/2025\/04\/25\/megujult-a-meszlenyi-iskola-sportcsarnoka\/"]}]},{"@type":"ImageObject","inLanguage":"hu","@id":"https:\/\/dorogimedence.hu\/index.php\/2025\/04\/25\/megujult-a-meszlenyi-iskola-sportcsarnoka\/#primaryimage","url":"https:\/\/dorogimedence.hu\/wp-content\/uploads\/2025\/04\/493002293_1196114488973176_2809066346408981058_n.jpg","contentUrl":"https:\/\/dorogimedence.hu\/wp-content\/uploads\/2025\/04\/493002293_1196114488973176_2809066346408981058_n.jpg","width":1216,"height":913},{"@type":"BreadcrumbList","@id":"https:\/\/dorogimedence.hu\/index.php\/2025\/04\/25\/megujult-a-meszlenyi-iskola-sportcsarnoka\/#breadcrumb","itemListElement":[{"@type":"ListItem","position":1,"name":"Kezd\u0151lap","item":"https:\/\/dorogimedence.hu\/"},{"@type":"ListItem","position":2,"name":"Meg\u00fajult a Meszl\u00e9nyi iskola sportcsarnoka"}]},{"@type":"WebSite","@id":"https:\/\/dorogimedence.hu\/#website","url":"https:\/\/dorogimedence.hu\/","name":"Dorogi-medence Region\u00e1lis H\u00edrport\u00e1l","description":"Dorog, Keszt\u00f6lc, Le\u00e1nyv\u00e1r, Piliscs\u00e9v, Tokod, Tokodalt\u00e1r\u00f3, Csolnok, Esztergom-kertv\u00e1ros: h\u00edrek, programok","publisher":{"@id":"https:\/\/dorogimedence.hu\/#organization"},"potentialAction":[{"@type":"SearchAction","target":{"@type":"EntryPoint","urlTemplate":"https:\/\/dorogimedence.hu\/?s={search_term_string}"},"query-input":{"@type":"PropertyValueSpecification","valueRequired":true,"valueName":"search_term_string"}}],"inLanguage":"hu"},{"@type":"Organization","@id":"https:\/\/dorogimedence.hu\/#organization","name":"Dorogi-medence Region\u00e1lis H\u00edrport\u00e1l","url":"https:\/\/dorogimedence.hu\/","logo":{"@type":"ImageObject","inLanguage":"hu","@id":"https:\/\/dorogimedence.hu\/#\/schema\/logo\/image\/","url":"https:\/\/dorogimedence.hu\/wp-content\/uploads\/2021\/04\/logo-feher-600.png","contentUrl":"https:\/\/dorogimedence.hu\/wp-content\/uploads\/2021\/04\/logo-feher-600.png","width":600,"height":100,"caption":"Dorogi-medence Region\u00e1lis H\u00edrport\u00e1l"},"image":{"@id":"https:\/\/dorogimedence.hu\/#\/schema\/logo\/image\/"},"sameAs":["https:\/\/www.facebook.com\/dorogimedence\/"]},{"@type":"Person","@id":"https:\/\/dorogimedence.hu\/#\/schema\/person\/ce6091eeb7e95ecdc87890d6aa8e0fd4","name":"dorogimedence.hu","image":{"@type":"ImageObject","inLanguage":"hu","@id":"\/\/www.gravatar.com\/avatar\/d8d45f8901aadff40a4af72c0b826f1d?s=96&#038;r=g&#038;d=mm","url":"\/\/www.gravatar.com\/avatar\/d8d45f8901aadff40a4af72c0b826f1d?s=96&#038;r=g&#038;d=mm","contentUrl":"\/\/www.gravatar.com\/avatar\/d8d45f8901aadff40a4af72c0b826f1d?s=96&#038;r=g&#038;d=mm","caption":"dorogimedence.hu"}}]}},"_links":{"self":[{"href":"https:\/\/dorogimedence.hu\/index.php\/wp-json\/wp\/v2\/posts\/70538","targetHints":{"allow":["GET"]}}],"collection":[{"href":"https:\/\/dorogimedence.hu\/index.php\/wp-json\/wp\/v2\/posts"}],"about":[{"href":"https:\/\/dorogimedence.hu\/index.php\/wp-json\/wp\/v2\/types\/post"}],"author":[{"embeddable":true,"href":"https:\/\/dorogimedence.hu\/index.php\/wp-json\/wp\/v2\/users\/1"}],"replies":[{"embeddable":true,"href":"https:\/\/dorogimedence.hu\/index.php\/wp-json\/wp\/v2\/comments?post=70538"}],"version-history":[{"count":0,"href":"https:\/\/dorogimedence.hu\/index.php\/wp-json\/wp\/v2\/posts\/70538\/revisions"}],"wp:featuredmedia":[{"embeddable":true,"href":"https:\/\/dorogimedence.hu\/index.php\/wp-json\/wp\/v2\/media\/70539"}],"wp:attachment":[{"href":"https:\/\/dorogimedence.hu\/index.php\/wp-json\/wp\/v2\/media?parent=70538"}],"wp:term":[{"taxonomy":"category","embeddable":true,"href":"https:\/\/dorogimedence.hu\/index.php\/wp-json\/wp\/v2\/categories?post=70538"},{"taxonomy":"post_tag","embeddable":true,"href":"https:\/\/dorogimedence.hu\/index.php\/wp-json\/wp\/v2\/tags?post=70538"}],"curies":[{"name":"wp","href":"https:\/\/api.w.org\/{rel}","templated":true}]}}