{"id":70381,"date":"2025-04-17T15:48:44","date_gmt":"2025-04-17T13:48:44","guid":{"rendered":"https:\/\/dorogimedence.hu\/?p=70381"},"modified":"2025-04-17T15:48:44","modified_gmt":"2025-04-17T13:48:44","slug":"mozgalmas-volt-a-dorogi-ac-kempo-szakosztalyanak-elso-negyedeve","status":"publish","type":"post","link":"https:\/\/dorogimedence.hu\/index.php\/2025\/04\/17\/mozgalmas-volt-a-dorogi-ac-kempo-szakosztalyanak-elso-negyedeve\/","title":{"rendered":"Mozgalmas volt a Dorogi AC kempo szakoszt\u00e1ly\u00e1nak els\u0151 negyed\u00e9ve"},"content":{"rendered":"<p><strong>Mozgalmas volt a Dorogi AC kempo szakoszt\u00e1ly\u00e1nak els\u0151 negyed\u00e9ve. Mutatjuk a szakoszt\u00e1ly besz\u00e1mol\u00f3j\u00e1t!<\/strong><\/p>\n<ul>\n<li>Janu\u00e1rban a szakoszt\u00e1ly k\u00e9pviselte mag\u00e1t a Magyarorsz\u00e1gi Kempo Szervezetek Sport\u00e1gi Sz\u00f6vets\u00e9g\u00e9nek k\u00f6zgy\u0171l\u00e9s\u00e9n.<\/li>\n<li>Febru\u00e1rban Judo szemin\u00e1riumon vettek r\u00e9szt Budapesten, a TOTO Sportban, amit Barta Zolt\u00e1n 3. danos judo mester, \u00f6tsz\u00f6r\u00f6s magyar bajnok, Eur\u00f3pa bajnoki bronz\u00e9rmes, vil\u00e1gbajnoki 4. helyezett mester tartott.<\/li>\n<li>M\u00e1rcius 8-\u00e1n a kempo \u00fcnnep\u00e9n, t\u00f6bb kempo st\u00edlussal k\u00f6z\u00f6sen tartottak szemin\u00e1riumot Budapesten. A r\u00e9sztvev\u0151knek t\u00f6bb mestert\u0151l volt lehet\u0151s\u00e9g\u00fck tanulni az \u00e1ll\u00f3harc k\u00fcl\u00f6nf\u00e9le elemeir\u0151l, \u00f6nv\u00e9delemr\u0151l, f\u00f6ldre vitelekr\u0151l \u00e9s f\u00f6ldharc technik\u00e1kr\u00f3l. A rendezv\u00e9nyt d\u00e9lut\u00e1n j\u00f3 hangulat\u00fa \u00e1ll\u00f3harc, f\u00f6ldharc \u00e9s puszta kezes open mat-tel z\u00e1rult.<\/li>\n<li>A szakoszt\u00e1lyt m\u00e1rciusban ism\u00e9t az MKSzSSz k\u00f6zgy\u0171l\u00e9s\u00e9re sz\u00f3l\u00edtotta a k\u00f6teless\u00e9g, ahol komoly l\u00e9p\u00e9sek indultak el a Magyarorsz\u00e1gi Kempo Szervezetek Orsz\u00e1gos Szaksz\u00f6vets\u00e9g\u00e9nek l\u00e9trehoz\u00e1s\u00e1nak ir\u00e1ny\u00e1ba.<\/li>\n<li>M\u00e1rcius v\u00e9g\u00e9n pedig \u00f6vvizsg\u00e1t rendezett a szakoszt\u00e1ly Dorogon, ahol az egyes\u00fclet sportol\u00f3i mellett Budapestr\u0151l, Budafokr\u00f3l \u00e9s Esztergomb\u00f3l is \u00e9rkeztek kempok\u00e1k, hogy sz\u00e1mot adjanak tud\u00e1sukr\u00f3l. A Dorogi AC kempo szakoszt\u00e1ly\u00e1nak r\u00e9sz\u00e9r\u0151l Ruzsinszki J\u00e1zmin citroms\u00e1rga \u00f6vre (10kyu), Kelecz Emma feh\u00e9r \u00f6v 2 fekete cs\u00edkra, Ivanov Dominik feh\u00e9r \u00f6v 3 fekete cs\u00edkra, Kelecz \u00c1ron feh\u00e9r \u00f6v 2 fekete cs\u00edkra vizsg\u00e1zott.<\/li>\n<\/ul>\n<p><em>Bor\u00edt\u00f3k\u00e9p, forr\u00e1s: dorogiac.hu<\/em><\/p>\n","protected":false},"excerpt":{"rendered":"<p>Mozgalmas volt a Dorogi AC kempo szakoszt\u00e1ly\u00e1nak els\u0151 negyed\u00e9ve. Mutatjuk a szakoszt\u00e1ly besz\u00e1mol\u00f3j\u00e1t! Janu\u00e1rban a szakoszt\u00e1ly k\u00e9pviselte mag\u00e1t a Magyarorsz\u00e1gi Kempo Szervezetek Sport\u00e1gi Sz\u00f6vets\u00e9g\u00e9nek k\u00f6zgy\u0171l\u00e9s\u00e9n. Febru\u00e1rban Judo szemin\u00e1riumon vettek r\u00e9szt Budapesten, a TOTO Sportban, amit Barta Zolt\u00e1n 3. danos judo mester, \u00f6tsz\u00f6r\u00f6s magyar bajnok, Eur\u00f3pa bajnoki bronz\u00e9rmes, vil\u00e1gbajnoki 4. helyezett mester tartott. M\u00e1rcius 8-\u00e1n a<\/p>\n","protected":false},"author":1,"featured_media":70382,"comment_status":"closed","ping_status":"closed","sticky":false,"template":"","format":"standard","meta":{"ngg_post_thumbnail":0,"footnotes":""},"categories":[2,3,5],"tags":[15,4037,444,16],"class_list":{"0":"post-70381","1":"post","2":"type-post","3":"status-publish","4":"format-standard","5":"has-post-thumbnail","7":"category-dorog","8":"category-hirek","9":"category-sport","10":"tag-dorog","11":"tag-dorogi-ac","12":"tag-kempo","13":"tag-sport"},"yoast_head":"<!-- This site is optimized with the Yoast SEO plugin v27.5 - https:\/\/yoast.com\/product\/yoast-seo-wordpress\/ -->\n<title>Mozgalmas volt a Dorogi AC kempo szakoszt\u00e1ly\u00e1nak els\u0151 negyed\u00e9ve<\/title>\n<meta name=\"robots\" content=\"index, follow, max-snippet:-1, max-image-preview:large, max-video-preview:-1\" \/>\n<link rel=\"canonical\" href=\"https:\/\/dorogimedence.hu\/index.php\/2025\/04\/17\/mozgalmas-volt-a-dorogi-ac-kempo-szakosztalyanak-elso-negyedeve\/\" class=\"yoast-seo-meta-tag\" \/>\n<meta property=\"og:locale\" content=\"hu_HU\" class=\"yoast-seo-meta-tag\" \/>\n<meta property=\"og:type\" content=\"article\" class=\"yoast-seo-meta-tag\" \/>\n<meta property=\"og:title\" content=\"Mozgalmas volt a Dorogi AC kempo szakoszt\u00e1ly\u00e1nak els\u0151 negyed\u00e9ve\" class=\"yoast-seo-meta-tag\" \/>\n<meta property=\"og:description\" content=\"Mozgalmas volt a Dorogi AC kempo szakoszt\u00e1ly\u00e1nak els\u0151 negyed\u00e9ve. Mutatjuk a szakoszt\u00e1ly besz\u00e1mol\u00f3j\u00e1t! Janu\u00e1rban a szakoszt\u00e1ly k\u00e9pviselte mag\u00e1t a Magyarorsz\u00e1gi Kempo Szervezetek Sport\u00e1gi Sz\u00f6vets\u00e9g\u00e9nek k\u00f6zgy\u0171l\u00e9s\u00e9n. Febru\u00e1rban Judo szemin\u00e1riumon vettek r\u00e9szt Budapesten, a TOTO Sportban, amit Barta Zolt\u00e1n 3. danos judo mester, \u00f6tsz\u00f6r\u00f6s magyar bajnok, Eur\u00f3pa bajnoki bronz\u00e9rmes, vil\u00e1gbajnoki 4. helyezett mester tartott. M\u00e1rcius 8-\u00e1n a\" class=\"yoast-seo-meta-tag\" \/>\n<meta property=\"og:url\" content=\"https:\/\/dorogimedence.hu\/index.php\/2025\/04\/17\/mozgalmas-volt-a-dorogi-ac-kempo-szakosztalyanak-elso-negyedeve\/\" class=\"yoast-seo-meta-tag\" \/>\n<meta property=\"og:site_name\" content=\"Dorogi-medence Region\u00e1lis H\u00edrport\u00e1l\" class=\"yoast-seo-meta-tag\" \/>\n<meta property=\"article:publisher\" content=\"https:\/\/www.facebook.com\/dorogimedence\/\" class=\"yoast-seo-meta-tag\" \/>\n<meta property=\"article:published_time\" content=\"2025-04-17T13:48:44+00:00\" class=\"yoast-seo-meta-tag\" \/>\n<meta property=\"og:image\" content=\"https:\/\/dorogimedence.hu\/wp-content\/uploads\/2025\/04\/IMG_3134-1-scaled.jpg\" class=\"yoast-seo-meta-tag\" \/>\n\t<meta property=\"og:image:width\" content=\"2560\" class=\"yoast-seo-meta-tag\" \/>\n\t<meta property=\"og:image:height\" content=\"1920\" class=\"yoast-seo-meta-tag\" \/>\n\t<meta property=\"og:image:type\" content=\"image\/jpeg\" class=\"yoast-seo-meta-tag\" \/>\n<meta name=\"author\" content=\"dorogimedence.hu\" class=\"yoast-seo-meta-tag\" \/>\n<meta name=\"twitter:card\" content=\"summary_large_image\" class=\"yoast-seo-meta-tag\" \/>\n<meta name=\"twitter:label1\" content=\"Szerz\u0151:\" class=\"yoast-seo-meta-tag\" \/>\n\t<meta name=\"twitter:data1\" content=\"dorogimedence.hu\" class=\"yoast-seo-meta-tag\" \/>\n\t<meta name=\"twitter:label2\" content=\"Becs\u00fclt olvas\u00e1si id\u0151\" class=\"yoast-seo-meta-tag\" \/>\n\t<meta name=\"twitter:data2\" content=\"1 perc\" class=\"yoast-seo-meta-tag\" \/>\n<script type=\"application\/ld+json\" class=\"yoast-schema-graph\">{\"@context\":\"https:\\\/\\\/schema.org\",\"@graph\":[{\"@type\":\"Article\",\"@id\":\"https:\\\/\\\/dorogimedence.hu\\\/index.php\\\/2025\\\/04\\\/17\\\/mozgalmas-volt-a-dorogi-ac-kempo-szakosztalyanak-elso-negyedeve\\\/#article\",\"isPartOf\":{\"@id\":\"https:\\\/\\\/dorogimedence.hu\\\/index.php\\\/2025\\\/04\\\/17\\\/mozgalmas-volt-a-dorogi-ac-kempo-szakosztalyanak-elso-negyedeve\\\/\"},\"author\":{\"name\":\"dorogimedence.hu\",\"@id\":\"https:\\\/\\\/dorogimedence.hu\\\/#\\\/schema\\\/person\\\/ce6091eeb7e95ecdc87890d6aa8e0fd4\"},\"headline\":\"Mozgalmas volt a Dorogi AC kempo szakoszt\u00e1ly\u00e1nak els\u0151 negyed\u00e9ve\",\"datePublished\":\"2025-04-17T13:48:44+00:00\",\"mainEntityOfPage\":{\"@id\":\"https:\\\/\\\/dorogimedence.hu\\\/index.php\\\/2025\\\/04\\\/17\\\/mozgalmas-volt-a-dorogi-ac-kempo-szakosztalyanak-elso-negyedeve\\\/\"},\"wordCount\":302,\"publisher\":{\"@id\":\"https:\\\/\\\/dorogimedence.hu\\\/#organization\"},\"image\":{\"@id\":\"https:\\\/\\\/dorogimedence.hu\\\/index.php\\\/2025\\\/04\\\/17\\\/mozgalmas-volt-a-dorogi-ac-kempo-szakosztalyanak-elso-negyedeve\\\/#primaryimage\"},\"thumbnailUrl\":\"https:\\\/\\\/dorogimedence.hu\\\/wp-content\\\/uploads\\\/2025\\\/04\\\/IMG_3134-1-scaled.jpg\",\"keywords\":[\"Dorog\",\"Dorogi AC\",\"Kempo\",\"sport\"],\"articleSection\":[\"Dorog\",\"H\u00edrek\",\"Sport\"],\"inLanguage\":\"hu\"},{\"@type\":\"WebPage\",\"@id\":\"https:\\\/\\\/dorogimedence.hu\\\/index.php\\\/2025\\\/04\\\/17\\\/mozgalmas-volt-a-dorogi-ac-kempo-szakosztalyanak-elso-negyedeve\\\/\",\"url\":\"https:\\\/\\\/dorogimedence.hu\\\/index.php\\\/2025\\\/04\\\/17\\\/mozgalmas-volt-a-dorogi-ac-kempo-szakosztalyanak-elso-negyedeve\\\/\",\"name\":\"Mozgalmas volt a Dorogi AC kempo szakoszt\u00e1ly\u00e1nak els\u0151 negyed\u00e9ve\",\"isPartOf\":{\"@id\":\"https:\\\/\\\/dorogimedence.hu\\\/#website\"},\"primaryImageOfPage\":{\"@id\":\"https:\\\/\\\/dorogimedence.hu\\\/index.php\\\/2025\\\/04\\\/17\\\/mozgalmas-volt-a-dorogi-ac-kempo-szakosztalyanak-elso-negyedeve\\\/#primaryimage\"},\"image\":{\"@id\":\"https:\\\/\\\/dorogimedence.hu\\\/index.php\\\/2025\\\/04\\\/17\\\/mozgalmas-volt-a-dorogi-ac-kempo-szakosztalyanak-elso-negyedeve\\\/#primaryimage\"},\"thumbnailUrl\":\"https:\\\/\\\/dorogimedence.hu\\\/wp-content\\\/uploads\\\/2025\\\/04\\\/IMG_3134-1-scaled.jpg\",\"datePublished\":\"2025-04-17T13:48:44+00:00\",\"breadcrumb\":{\"@id\":\"https:\\\/\\\/dorogimedence.hu\\\/index.php\\\/2025\\\/04\\\/17\\\/mozgalmas-volt-a-dorogi-ac-kempo-szakosztalyanak-elso-negyedeve\\\/#breadcrumb\"},\"inLanguage\":\"hu\",\"potentialAction\":[{\"@type\":\"ReadAction\",\"target\":[\"https:\\\/\\\/dorogimedence.hu\\\/index.php\\\/2025\\\/04\\\/17\\\/mozgalmas-volt-a-dorogi-ac-kempo-szakosztalyanak-elso-negyedeve\\\/\"]}]},{\"@type\":\"ImageObject\",\"inLanguage\":\"hu\",\"@id\":\"https:\\\/\\\/dorogimedence.hu\\\/index.php\\\/2025\\\/04\\\/17\\\/mozgalmas-volt-a-dorogi-ac-kempo-szakosztalyanak-elso-negyedeve\\\/#primaryimage\",\"url\":\"https:\\\/\\\/dorogimedence.hu\\\/wp-content\\\/uploads\\\/2025\\\/04\\\/IMG_3134-1-scaled.jpg\",\"contentUrl\":\"https:\\\/\\\/dorogimedence.hu\\\/wp-content\\\/uploads\\\/2025\\\/04\\\/IMG_3134-1-scaled.jpg\",\"width\":2560,\"height\":1920},{\"@type\":\"BreadcrumbList\",\"@id\":\"https:\\\/\\\/dorogimedence.hu\\\/index.php\\\/2025\\\/04\\\/17\\\/mozgalmas-volt-a-dorogi-ac-kempo-szakosztalyanak-elso-negyedeve\\\/#breadcrumb\",\"itemListElement\":[{\"@type\":\"ListItem\",\"position\":1,\"name\":\"Kezd\u0151lap\",\"item\":\"https:\\\/\\\/dorogimedence.hu\\\/\"},{\"@type\":\"ListItem\",\"position\":2,\"name\":\"Mozgalmas volt a Dorogi AC kempo szakoszt\u00e1ly\u00e1nak els\u0151 negyed\u00e9ve\"}]},{\"@type\":\"WebSite\",\"@id\":\"https:\\\/\\\/dorogimedence.hu\\\/#website\",\"url\":\"https:\\\/\\\/dorogimedence.hu\\\/\",\"name\":\"Dorogi-medence Region\u00e1lis H\u00edrport\u00e1l\",\"description\":\"Dorog, Keszt\u00f6lc, Le\u00e1nyv\u00e1r, Piliscs\u00e9v, Tokod, Tokodalt\u00e1r\u00f3, Csolnok, Esztergom-kertv\u00e1ros: h\u00edrek, programok\",\"publisher\":{\"@id\":\"https:\\\/\\\/dorogimedence.hu\\\/#organization\"},\"potentialAction\":[{\"@type\":\"SearchAction\",\"target\":{\"@type\":\"EntryPoint\",\"urlTemplate\":\"https:\\\/\\\/dorogimedence.hu\\\/?s={search_term_string}\"},\"query-input\":{\"@type\":\"PropertyValueSpecification\",\"valueRequired\":true,\"valueName\":\"search_term_string\"}}],\"inLanguage\":\"hu\"},{\"@type\":\"Organization\",\"@id\":\"https:\\\/\\\/dorogimedence.hu\\\/#organization\",\"name\":\"Dorogi-medence Region\u00e1lis H\u00edrport\u00e1l\",\"url\":\"https:\\\/\\\/dorogimedence.hu\\\/\",\"logo\":{\"@type\":\"ImageObject\",\"inLanguage\":\"hu\",\"@id\":\"https:\\\/\\\/dorogimedence.hu\\\/#\\\/schema\\\/logo\\\/image\\\/\",\"url\":\"https:\\\/\\\/dorogimedence.hu\\\/wp-content\\\/uploads\\\/2021\\\/04\\\/logo-feher-600.png\",\"contentUrl\":\"https:\\\/\\\/dorogimedence.hu\\\/wp-content\\\/uploads\\\/2021\\\/04\\\/logo-feher-600.png\",\"width\":600,\"height\":100,\"caption\":\"Dorogi-medence Region\u00e1lis H\u00edrport\u00e1l\"},\"image\":{\"@id\":\"https:\\\/\\\/dorogimedence.hu\\\/#\\\/schema\\\/logo\\\/image\\\/\"},\"sameAs\":[\"https:\\\/\\\/www.facebook.com\\\/dorogimedence\\\/\"]},{\"@type\":\"Person\",\"@id\":\"https:\\\/\\\/dorogimedence.hu\\\/#\\\/schema\\\/person\\\/ce6091eeb7e95ecdc87890d6aa8e0fd4\",\"name\":\"dorogimedence.hu\",\"image\":{\"@type\":\"ImageObject\",\"inLanguage\":\"hu\",\"@id\":\"\\\/\\\/www.gravatar.com\\\/avatar\\\/d8d45f8901aadff40a4af72c0b826f1d?s=96&#038;r=g&#038;d=mm\",\"url\":\"\\\/\\\/www.gravatar.com\\\/avatar\\\/d8d45f8901aadff40a4af72c0b826f1d?s=96&#038;r=g&#038;d=mm\",\"contentUrl\":\"\\\/\\\/www.gravatar.com\\\/avatar\\\/d8d45f8901aadff40a4af72c0b826f1d?s=96&#038;r=g&#038;d=mm\",\"caption\":\"dorogimedence.hu\"}}]}<\/script>\n<!-- \/ Yoast SEO plugin. -->","yoast_head_json":{"title":"Mozgalmas volt a Dorogi AC kempo szakoszt\u00e1ly\u00e1nak els\u0151 negyed\u00e9ve","robots":{"index":"index","follow":"follow","max-snippet":"max-snippet:-1","max-image-preview":"max-image-preview:large","max-video-preview":"max-video-preview:-1"},"canonical":"https:\/\/dorogimedence.hu\/index.php\/2025\/04\/17\/mozgalmas-volt-a-dorogi-ac-kempo-szakosztalyanak-elso-negyedeve\/","og_locale":"hu_HU","og_type":"article","og_title":"Mozgalmas volt a Dorogi AC kempo szakoszt\u00e1ly\u00e1nak els\u0151 negyed\u00e9ve","og_description":"Mozgalmas volt a Dorogi AC kempo szakoszt\u00e1ly\u00e1nak els\u0151 negyed\u00e9ve. Mutatjuk a szakoszt\u00e1ly besz\u00e1mol\u00f3j\u00e1t! Janu\u00e1rban a szakoszt\u00e1ly k\u00e9pviselte mag\u00e1t a Magyarorsz\u00e1gi Kempo Szervezetek Sport\u00e1gi Sz\u00f6vets\u00e9g\u00e9nek k\u00f6zgy\u0171l\u00e9s\u00e9n. Febru\u00e1rban Judo szemin\u00e1riumon vettek r\u00e9szt Budapesten, a TOTO Sportban, amit Barta Zolt\u00e1n 3. danos judo mester, \u00f6tsz\u00f6r\u00f6s magyar bajnok, Eur\u00f3pa bajnoki bronz\u00e9rmes, vil\u00e1gbajnoki 4. helyezett mester tartott. M\u00e1rcius 8-\u00e1n a","og_url":"https:\/\/dorogimedence.hu\/index.php\/2025\/04\/17\/mozgalmas-volt-a-dorogi-ac-kempo-szakosztalyanak-elso-negyedeve\/","og_site_name":"Dorogi-medence Region\u00e1lis H\u00edrport\u00e1l","article_publisher":"https:\/\/www.facebook.com\/dorogimedence\/","article_published_time":"2025-04-17T13:48:44+00:00","og_image":[{"width":2560,"height":1920,"url":"https:\/\/dorogimedence.hu\/wp-content\/uploads\/2025\/04\/IMG_3134-1-scaled.jpg","type":"image\/jpeg"}],"author":"dorogimedence.hu","twitter_card":"summary_large_image","twitter_misc":{"Szerz\u0151:":"dorogimedence.hu","Becs\u00fclt olvas\u00e1si id\u0151":"1 perc"},"schema":{"@context":"https:\/\/schema.org","@graph":[{"@type":"Article","@id":"https:\/\/dorogimedence.hu\/index.php\/2025\/04\/17\/mozgalmas-volt-a-dorogi-ac-kempo-szakosztalyanak-elso-negyedeve\/#article","isPartOf":{"@id":"https:\/\/dorogimedence.hu\/index.php\/2025\/04\/17\/mozgalmas-volt-a-dorogi-ac-kempo-szakosztalyanak-elso-negyedeve\/"},"author":{"name":"dorogimedence.hu","@id":"https:\/\/dorogimedence.hu\/#\/schema\/person\/ce6091eeb7e95ecdc87890d6aa8e0fd4"},"headline":"Mozgalmas volt a Dorogi AC kempo szakoszt\u00e1ly\u00e1nak els\u0151 negyed\u00e9ve","datePublished":"2025-04-17T13:48:44+00:00","mainEntityOfPage":{"@id":"https:\/\/dorogimedence.hu\/index.php\/2025\/04\/17\/mozgalmas-volt-a-dorogi-ac-kempo-szakosztalyanak-elso-negyedeve\/"},"wordCount":302,"publisher":{"@id":"https:\/\/dorogimedence.hu\/#organization"},"image":{"@id":"https:\/\/dorogimedence.hu\/index.php\/2025\/04\/17\/mozgalmas-volt-a-dorogi-ac-kempo-szakosztalyanak-elso-negyedeve\/#primaryimage"},"thumbnailUrl":"https:\/\/dorogimedence.hu\/wp-content\/uploads\/2025\/04\/IMG_3134-1-scaled.jpg","keywords":["Dorog","Dorogi AC","Kempo","sport"],"articleSection":["Dorog","H\u00edrek","Sport"],"inLanguage":"hu"},{"@type":"WebPage","@id":"https:\/\/dorogimedence.hu\/index.php\/2025\/04\/17\/mozgalmas-volt-a-dorogi-ac-kempo-szakosztalyanak-elso-negyedeve\/","url":"https:\/\/dorogimedence.hu\/index.php\/2025\/04\/17\/mozgalmas-volt-a-dorogi-ac-kempo-szakosztalyanak-elso-negyedeve\/","name":"Mozgalmas volt a Dorogi AC kempo szakoszt\u00e1ly\u00e1nak els\u0151 negyed\u00e9ve","isPartOf":{"@id":"https:\/\/dorogimedence.hu\/#website"},"primaryImageOfPage":{"@id":"https:\/\/dorogimedence.hu\/index.php\/2025\/04\/17\/mozgalmas-volt-a-dorogi-ac-kempo-szakosztalyanak-elso-negyedeve\/#primaryimage"},"image":{"@id":"https:\/\/dorogimedence.hu\/index.php\/2025\/04\/17\/mozgalmas-volt-a-dorogi-ac-kempo-szakosztalyanak-elso-negyedeve\/#primaryimage"},"thumbnailUrl":"https:\/\/dorogimedence.hu\/wp-content\/uploads\/2025\/04\/IMG_3134-1-scaled.jpg","datePublished":"2025-04-17T13:48:44+00:00","breadcrumb":{"@id":"https:\/\/dorogimedence.hu\/index.php\/2025\/04\/17\/mozgalmas-volt-a-dorogi-ac-kempo-szakosztalyanak-elso-negyedeve\/#breadcrumb"},"inLanguage":"hu","potentialAction":[{"@type":"ReadAction","target":["https:\/\/dorogimedence.hu\/index.php\/2025\/04\/17\/mozgalmas-volt-a-dorogi-ac-kempo-szakosztalyanak-elso-negyedeve\/"]}]},{"@type":"ImageObject","inLanguage":"hu","@id":"https:\/\/dorogimedence.hu\/index.php\/2025\/04\/17\/mozgalmas-volt-a-dorogi-ac-kempo-szakosztalyanak-elso-negyedeve\/#primaryimage","url":"https:\/\/dorogimedence.hu\/wp-content\/uploads\/2025\/04\/IMG_3134-1-scaled.jpg","contentUrl":"https:\/\/dorogimedence.hu\/wp-content\/uploads\/2025\/04\/IMG_3134-1-scaled.jpg","width":2560,"height":1920},{"@type":"BreadcrumbList","@id":"https:\/\/dorogimedence.hu\/index.php\/2025\/04\/17\/mozgalmas-volt-a-dorogi-ac-kempo-szakosztalyanak-elso-negyedeve\/#breadcrumb","itemListElement":[{"@type":"ListItem","position":1,"name":"Kezd\u0151lap","item":"https:\/\/dorogimedence.hu\/"},{"@type":"ListItem","position":2,"name":"Mozgalmas volt a Dorogi AC kempo szakoszt\u00e1ly\u00e1nak els\u0151 negyed\u00e9ve"}]},{"@type":"WebSite","@id":"https:\/\/dorogimedence.hu\/#website","url":"https:\/\/dorogimedence.hu\/","name":"Dorogi-medence Region\u00e1lis H\u00edrport\u00e1l","description":"Dorog, Keszt\u00f6lc, Le\u00e1nyv\u00e1r, Piliscs\u00e9v, Tokod, Tokodalt\u00e1r\u00f3, Csolnok, Esztergom-kertv\u00e1ros: h\u00edrek, programok","publisher":{"@id":"https:\/\/dorogimedence.hu\/#organization"},"potentialAction":[{"@type":"SearchAction","target":{"@type":"EntryPoint","urlTemplate":"https:\/\/dorogimedence.hu\/?s={search_term_string}"},"query-input":{"@type":"PropertyValueSpecification","valueRequired":true,"valueName":"search_term_string"}}],"inLanguage":"hu"},{"@type":"Organization","@id":"https:\/\/dorogimedence.hu\/#organization","name":"Dorogi-medence Region\u00e1lis H\u00edrport\u00e1l","url":"https:\/\/dorogimedence.hu\/","logo":{"@type":"ImageObject","inLanguage":"hu","@id":"https:\/\/dorogimedence.hu\/#\/schema\/logo\/image\/","url":"https:\/\/dorogimedence.hu\/wp-content\/uploads\/2021\/04\/logo-feher-600.png","contentUrl":"https:\/\/dorogimedence.hu\/wp-content\/uploads\/2021\/04\/logo-feher-600.png","width":600,"height":100,"caption":"Dorogi-medence Region\u00e1lis H\u00edrport\u00e1l"},"image":{"@id":"https:\/\/dorogimedence.hu\/#\/schema\/logo\/image\/"},"sameAs":["https:\/\/www.facebook.com\/dorogimedence\/"]},{"@type":"Person","@id":"https:\/\/dorogimedence.hu\/#\/schema\/person\/ce6091eeb7e95ecdc87890d6aa8e0fd4","name":"dorogimedence.hu","image":{"@type":"ImageObject","inLanguage":"hu","@id":"\/\/www.gravatar.com\/avatar\/d8d45f8901aadff40a4af72c0b826f1d?s=96&#038;r=g&#038;d=mm","url":"\/\/www.gravatar.com\/avatar\/d8d45f8901aadff40a4af72c0b826f1d?s=96&#038;r=g&#038;d=mm","contentUrl":"\/\/www.gravatar.com\/avatar\/d8d45f8901aadff40a4af72c0b826f1d?s=96&#038;r=g&#038;d=mm","caption":"dorogimedence.hu"}}]}},"_links":{"self":[{"href":"https:\/\/dorogimedence.hu\/index.php\/wp-json\/wp\/v2\/posts\/70381","targetHints":{"allow":["GET"]}}],"collection":[{"href":"https:\/\/dorogimedence.hu\/index.php\/wp-json\/wp\/v2\/posts"}],"about":[{"href":"https:\/\/dorogimedence.hu\/index.php\/wp-json\/wp\/v2\/types\/post"}],"author":[{"embeddable":true,"href":"https:\/\/dorogimedence.hu\/index.php\/wp-json\/wp\/v2\/users\/1"}],"replies":[{"embeddable":true,"href":"https:\/\/dorogimedence.hu\/index.php\/wp-json\/wp\/v2\/comments?post=70381"}],"version-history":[{"count":0,"href":"https:\/\/dorogimedence.hu\/index.php\/wp-json\/wp\/v2\/posts\/70381\/revisions"}],"wp:featuredmedia":[{"embeddable":true,"href":"https:\/\/dorogimedence.hu\/index.php\/wp-json\/wp\/v2\/media\/70382"}],"wp:attachment":[{"href":"https:\/\/dorogimedence.hu\/index.php\/wp-json\/wp\/v2\/media?parent=70381"}],"wp:term":[{"taxonomy":"category","embeddable":true,"href":"https:\/\/dorogimedence.hu\/index.php\/wp-json\/wp\/v2\/categories?post=70381"},{"taxonomy":"post_tag","embeddable":true,"href":"https:\/\/dorogimedence.hu\/index.php\/wp-json\/wp\/v2\/tags?post=70381"}],"curies":[{"name":"wp","href":"https:\/\/api.w.org\/{rel}","templated":true}]}}