{"id":70359,"date":"2025-04-16T15:31:52","date_gmt":"2025-04-16T13:31:52","guid":{"rendered":"https:\/\/dorogimedence.hu\/?p=70359"},"modified":"2025-04-16T15:31:52","modified_gmt":"2025-04-16T13:31:52","slug":"cselenyak-imre-alkotasat-is-dijaztak-a-csokol-attila-cimu-dramapalyazaton","status":"publish","type":"post","link":"https:\/\/dorogimedence.hu\/index.php\/2025\/04\/16\/cselenyak-imre-alkotasat-is-dijaztak-a-csokol-attila-cimu-dramapalyazaton\/","title":{"rendered":"Cseleny\u00e1k Imre alkot\u00e1s\u00e1t is d\u00edjazt\u00e1k a &#8222;Cs\u00f3kol, Attila&#8221; c\u00edm\u0171 dr\u00e1map\u00e1ly\u00e1zaton"},"content":{"rendered":"<p class=\"article-lead\"><strong>A J\u00f3zsef Attila Sz\u00ednh\u00e1zban \u00e1prilis 11-\u00e9n, a magyar k\u00f6lt\u00e9szet napj\u00e1n hozt\u00e1k nyilv\u00e1noss\u00e1gra a te\u00e1trum \u00e1ltal meghirdetett Cs\u00f3kol, Attila c\u00edm\u0171 dr\u00e1map\u00e1ly\u00e1zat eredm\u00e9ny\u00e9t<\/strong> <em>&#8211; olvashat\u00f3 a <a href=\"https:\/\/kultura.hu\/kihirdettek-a-csokol-attila-cimu-dramapalyazat-dijazottjait\/\" target=\"_blank\" rel=\"noopener\"><span style=\"text-decoration: underline; color: #0000ff;\">kultura.hu<\/span><\/a> oldalon.<\/em><\/p>\n<p>Nemcs\u00e1k K\u00e1roly, a J\u00f3zsef Attila Sz\u00ednh\u00e1z igazgat\u00f3ja az eredm\u00e9nyhirdet\u0151 \u00fcnneps\u00e9gen felid\u00e9zte: egy \u00e9vvel ezel\u0151tt d\u00f6nt\u00f6tt \u00fagy a sz\u00ednh\u00e1z vezet\u0151s\u00e9ge, hogy 2025-ben, J\u00f3zsef Attila sz\u00fclet\u00e9s\u00e9nek 120. sz\u00fclet\u00e9snapj\u00e1ra dr\u00e1map\u00e1ly\u00e1zatot \u00edr ki. A ny\u00edlt dr\u00e1map\u00e1ly\u00e1zatra 58 m\u0171 \u00e9rkezett, amelyek k\u00f6z\u00fcl az el\u0151zs\u0171ri \u00e1ltal v\u00e9gzett v\u00e1logat\u00e1st k\u00f6vet\u0151en 12 alkot\u00e1s ker\u00fclt a n\u00e9gyf\u0151s, Szakonyi K\u00e1roly \u00edr\u00f3, dr\u00e1ma\u00edr\u00f3 vezette szakmai zs\u0171ri el\u00e9. A zs\u0171ri tagja volt Hargitai Iv\u00e1n rendez\u0151, a sz\u00ednh\u00e1z m\u0171v\u00e9szeti vezet\u0151je, Szentm\u00e1rtoni J\u00e1nos k\u00f6lt\u0151, \u00edr\u00f3, valamint Takar\u00f3 Mih\u00e1ly \u00edr\u00f3, irodalomt\u00f6rt\u00e9n\u00e9sz, tan\u00e1r.<\/p>\n<p>Nemcs\u00e1k K\u00e1roly bejelentette, hogy a zs\u0171ri d\u00f6nt\u00e9se alapj\u00e1n az eredetileg tervezett h\u00e1rom d\u00edjazott helyett v\u00e9g\u00fcl n\u00e9gy alkot\u00f3 k\u00f6z\u00f6tt osztj\u00e1k el az \u00f6tmilli\u00f3 forintnyi p\u00e9nzjutalmat. Az els\u0151 d\u00edj k\u00e9tmilli\u00f3 forintot \u00e9r, a m\u00e1sodik d\u00edj m\u00e1sf\u00e9l milli\u00f3t, \u00e9s k\u00e9t harmadik d\u00edjat osztanak ki 750-750 ezer forint \u00e9rt\u00e9kben.<\/p>\n<p>A be\u00e9rkezett p\u00e1lyam\u0171vekkel kapcsolatban Takar\u00f3 Mih\u00e1ly kiemelte, hogy meglep\u0151 volt az a m\u0171faji soksz\u00edn\u0171s\u00e9g, amellyel a zs\u0171riz\u00e9s sor\u00e1n tal\u00e1lkoztak. Szentm\u00e1rtoni J\u00e1nos a m\u0171vek nyelvezet\u00e9nek fontoss\u00e1g\u00e1t emelte ki, m\u00edg Hargitai Iv\u00e1n a t\u00e9ma neh\u00e9zs\u00e9g\u00e9re h\u00edvta fel a figyelmet. \u00dagy fogalmazott, hogy J\u00f3zsef Attila egyike azoknak a szerz\u0151knek, akiknek a szem\u00e9ly\u00e9hez \u00e9s m\u0171veihez annyi ismeret \u00e9s \u00e9rzelem kapcsol\u00f3dik, hogy neh\u00e9z r\u00e1juk objekt\u00edven tekinteni.<\/p>\n<p>A nyertes szerz\u0151k m\u0171veit a zs\u0171ri tagjai laud\u00e1lt\u00e1k. A k\u00e9t <strong>harmadik d\u00edjat Cseleny\u00e1k Imre <em>\u00c9n m\u00e1r k\u00f6db\u0151l, cs\u00f6ndb\u0151l vagyok<\/em> c\u00edm\u0171 k\u00e9tfelvon\u00e1sos dr\u00e1m\u00e1ja<\/strong> \u00e9s Varga L\u00f3r\u00e1nt <em>Nem \u00e9n ki\u00e1ltok<\/em> c\u00edm\u0171 sz\u00ednm\u0171ve nyerte el. M\u00e1sodik d\u00edjjal Fazekas M\u00e1t\u00e9 Bence <em>Nincs bocs\u00e1nat<\/em> c\u00edm\u0171 darabj\u00e1t jutalmazta a zs\u0171ri, a gy\u0151ztes p\u00e1lyam\u0171 pedig Pa\u00e1l Zsolt <em>K\u00fcsz\u00f6b<\/em> c\u00edm\u0171 alkot\u00e1sa lett.<\/p>\n<p>A zs\u0171ri d\u00f6nt\u00e9se \u00e9rtelm\u00e9ben a <em>Nem \u00e9n ki\u00e1ltok<\/em> c\u00edm\u0171 darabot szeptember 21-\u00e9n, a magyar dr\u00e1ma napj\u00e1n bemutatja a J\u00f3zsef Attila Sz\u00ednh\u00e1z. Hargitai Iv\u00e1n elmondta: a p\u00e1ly\u00e1zat meghirdet\u00e9sekor kiemelt szempont volt, hogy a m\u0171 a k\u00f6z\u00e9piskol\u00e1s \u00e9s fiatal feln\u0151tt koroszt\u00e1lyt megsz\u00f3l\u00edtva k\u00f6zelebb hozza hozz\u00e1juk J\u00f3zsef Attila szellemis\u00e9g\u00e9t, \u00e9let\u00fatj\u00e1t \u00e9s \u00e9letm\u0171v\u00e9nek jelent\u0151s elemeit. Mint mondta, ez a m\u0171 megtal\u00e1lta az ehhez megfelel\u0151 nyelvezetet \u00e9s t\u00e9m\u00e1t, a minden kamaszra jellemz\u0151 l\u00e1zad\u00e1st is. Kit\u00e9rt arra is, hogy a darabot egy m\u0171v\u00e9szeti egyetemist\u00e1kb\u00f3l \u00e1ll\u00f3 csapattal szeretn\u00e9 sz\u00ednpadra \u00e1ll\u00edtani.<\/p>\n<p><em>Forr\u00e1s: kultura.hu<\/em><br \/>\n<em>Bor\u00edt\u00f3k\u00e9p: K\u00e1llai-T\u00f3th Anett \/ J\u00f3zsef Attila Sz\u00ednh\u00e1z<\/em><\/p>\n","protected":false},"excerpt":{"rendered":"<p>A J\u00f3zsef Attila Sz\u00ednh\u00e1zban \u00e1prilis 11-\u00e9n, a magyar k\u00f6lt\u00e9szet napj\u00e1n hozt\u00e1k nyilv\u00e1noss\u00e1gra a te\u00e1trum \u00e1ltal meghirdetett Cs\u00f3kol, Attila c\u00edm\u0171 dr\u00e1map\u00e1ly\u00e1zat eredm\u00e9ny\u00e9t &#8211; olvashat\u00f3 a kultura.hu oldalon. Nemcs\u00e1k K\u00e1roly, a J\u00f3zsef Attila Sz\u00ednh\u00e1z igazgat\u00f3ja az eredm\u00e9nyhirdet\u0151 \u00fcnneps\u00e9gen felid\u00e9zte: egy \u00e9vvel ezel\u0151tt d\u00f6nt\u00f6tt \u00fagy a sz\u00ednh\u00e1z vezet\u0151s\u00e9ge, hogy 2025-ben, J\u00f3zsef Attila sz\u00fclet\u00e9s\u00e9nek 120. sz\u00fclet\u00e9snapj\u00e1ra dr\u00e1map\u00e1ly\u00e1zatot \u00edr ki.<\/p>\n","protected":false},"author":1,"featured_media":0,"comment_status":"closed","ping_status":"closed","sticky":false,"template":"","format":"standard","meta":{"ngg_post_thumbnail":0,"footnotes":""},"categories":[2,3,6948],"tags":[1970,15,388,74],"class_list":{"0":"post-70359","1":"post","2":"type-post","3":"status-publish","4":"format-standard","6":"category-dorog","7":"category-hirek","8":"category-szines","9":"tag-cselenyak-imre","10":"tag-dorog","11":"tag-kultura","12":"tag-palyazat"},"yoast_head":"<!-- This site is optimized with the Yoast SEO plugin v27.4 - https:\/\/yoast.com\/product\/yoast-seo-wordpress\/ -->\n<title>Cseleny\u00e1k Imre alkot\u00e1s\u00e1t is d\u00edjazt\u00e1k a &quot;Cs\u00f3kol, Attila&quot; c\u00edm\u0171 dr\u00e1map\u00e1ly\u00e1zaton<\/title>\n<meta name=\"robots\" content=\"index, follow, max-snippet:-1, max-image-preview:large, max-video-preview:-1\" \/>\n<link rel=\"canonical\" href=\"https:\/\/dorogimedence.hu\/index.php\/2025\/04\/16\/cselenyak-imre-alkotasat-is-dijaztak-a-csokol-attila-cimu-dramapalyazaton\/\" class=\"yoast-seo-meta-tag\" \/>\n<meta property=\"og:locale\" content=\"hu_HU\" class=\"yoast-seo-meta-tag\" \/>\n<meta property=\"og:type\" content=\"article\" class=\"yoast-seo-meta-tag\" \/>\n<meta property=\"og:title\" content=\"Cseleny\u00e1k Imre alkot\u00e1s\u00e1t is d\u00edjazt\u00e1k a &quot;Cs\u00f3kol, Attila&quot; c\u00edm\u0171 dr\u00e1map\u00e1ly\u00e1zaton\" class=\"yoast-seo-meta-tag\" \/>\n<meta property=\"og:description\" content=\"A J\u00f3zsef Attila Sz\u00ednh\u00e1zban \u00e1prilis 11-\u00e9n, a magyar k\u00f6lt\u00e9szet napj\u00e1n hozt\u00e1k nyilv\u00e1noss\u00e1gra a te\u00e1trum \u00e1ltal meghirdetett Cs\u00f3kol, Attila c\u00edm\u0171 dr\u00e1map\u00e1ly\u00e1zat eredm\u00e9ny\u00e9t &#8211; olvashat\u00f3 a kultura.hu oldalon. Nemcs\u00e1k K\u00e1roly, a J\u00f3zsef Attila Sz\u00ednh\u00e1z igazgat\u00f3ja az eredm\u00e9nyhirdet\u0151 \u00fcnneps\u00e9gen felid\u00e9zte: egy \u00e9vvel ezel\u0151tt d\u00f6nt\u00f6tt \u00fagy a sz\u00ednh\u00e1z vezet\u0151s\u00e9ge, hogy 2025-ben, J\u00f3zsef Attila sz\u00fclet\u00e9s\u00e9nek 120. sz\u00fclet\u00e9snapj\u00e1ra dr\u00e1map\u00e1ly\u00e1zatot \u00edr ki.\" class=\"yoast-seo-meta-tag\" \/>\n<meta property=\"og:url\" content=\"https:\/\/dorogimedence.hu\/index.php\/2025\/04\/16\/cselenyak-imre-alkotasat-is-dijaztak-a-csokol-attila-cimu-dramapalyazaton\/\" class=\"yoast-seo-meta-tag\" \/>\n<meta property=\"og:site_name\" content=\"Dorogi-medence Region\u00e1lis H\u00edrport\u00e1l\" class=\"yoast-seo-meta-tag\" \/>\n<meta property=\"article:publisher\" content=\"https:\/\/www.facebook.com\/dorogimedence\/\" class=\"yoast-seo-meta-tag\" \/>\n<meta property=\"article:published_time\" content=\"2025-04-16T13:31:52+00:00\" class=\"yoast-seo-meta-tag\" \/>\n<meta property=\"og:image\" content=\"https:\/\/dorogimedence.hu\/wp-content\/uploads\/2025\/04\/thumb_218477_default_big.jpg\" class=\"yoast-seo-meta-tag\" \/>\n\t<meta property=\"og:image:width\" content=\"1200\" class=\"yoast-seo-meta-tag\" \/>\n\t<meta property=\"og:image:height\" content=\"675\" class=\"yoast-seo-meta-tag\" \/>\n\t<meta property=\"og:image:type\" content=\"image\/jpeg\" class=\"yoast-seo-meta-tag\" \/>\n<meta name=\"author\" content=\"dorogimedence.hu\" class=\"yoast-seo-meta-tag\" \/>\n<meta name=\"twitter:card\" content=\"summary_large_image\" class=\"yoast-seo-meta-tag\" \/>\n<meta name=\"twitter:label1\" content=\"Szerz\u0151:\" class=\"yoast-seo-meta-tag\" \/>\n\t<meta name=\"twitter:data1\" content=\"dorogimedence.hu\" class=\"yoast-seo-meta-tag\" \/>\n\t<meta name=\"twitter:label2\" content=\"Becs\u00fclt olvas\u00e1si id\u0151\" class=\"yoast-seo-meta-tag\" \/>\n\t<meta name=\"twitter:data2\" content=\"3 perc\" class=\"yoast-seo-meta-tag\" \/>\n<script type=\"application\/ld+json\" class=\"yoast-schema-graph\">{\"@context\":\"https:\\\/\\\/schema.org\",\"@graph\":[{\"@type\":\"Article\",\"@id\":\"https:\\\/\\\/dorogimedence.hu\\\/index.php\\\/2025\\\/04\\\/16\\\/cselenyak-imre-alkotasat-is-dijaztak-a-csokol-attila-cimu-dramapalyazaton\\\/#article\",\"isPartOf\":{\"@id\":\"https:\\\/\\\/dorogimedence.hu\\\/index.php\\\/2025\\\/04\\\/16\\\/cselenyak-imre-alkotasat-is-dijaztak-a-csokol-attila-cimu-dramapalyazaton\\\/\"},\"author\":{\"name\":\"dorogimedence.hu\",\"@id\":\"https:\\\/\\\/dorogimedence.hu\\\/#\\\/schema\\\/person\\\/ce6091eeb7e95ecdc87890d6aa8e0fd4\"},\"headline\":\"Cseleny\u00e1k Imre alkot\u00e1s\u00e1t is d\u00edjazt\u00e1k a &#8222;Cs\u00f3kol, Attila&#8221; c\u00edm\u0171 dr\u00e1map\u00e1ly\u00e1zaton\",\"datePublished\":\"2025-04-16T13:31:52+00:00\",\"mainEntityOfPage\":{\"@id\":\"https:\\\/\\\/dorogimedence.hu\\\/index.php\\\/2025\\\/04\\\/16\\\/cselenyak-imre-alkotasat-is-dijaztak-a-csokol-attila-cimu-dramapalyazaton\\\/\"},\"wordCount\":604,\"publisher\":{\"@id\":\"https:\\\/\\\/dorogimedence.hu\\\/#organization\"},\"keywords\":[\"Cseleny\u00e1k Imre\",\"Dorog\",\"kult\u00fara\",\"p\u00e1ly\u00e1zat\"],\"articleSection\":[\"Dorog\",\"H\u00edrek\",\"Sz\u00ednes\"],\"inLanguage\":\"hu\"},{\"@type\":\"WebPage\",\"@id\":\"https:\\\/\\\/dorogimedence.hu\\\/index.php\\\/2025\\\/04\\\/16\\\/cselenyak-imre-alkotasat-is-dijaztak-a-csokol-attila-cimu-dramapalyazaton\\\/\",\"url\":\"https:\\\/\\\/dorogimedence.hu\\\/index.php\\\/2025\\\/04\\\/16\\\/cselenyak-imre-alkotasat-is-dijaztak-a-csokol-attila-cimu-dramapalyazaton\\\/\",\"name\":\"Cseleny\u00e1k Imre alkot\u00e1s\u00e1t is d\u00edjazt\u00e1k a \\\"Cs\u00f3kol, Attila\\\" c\u00edm\u0171 dr\u00e1map\u00e1ly\u00e1zaton\",\"isPartOf\":{\"@id\":\"https:\\\/\\\/dorogimedence.hu\\\/#website\"},\"datePublished\":\"2025-04-16T13:31:52+00:00\",\"breadcrumb\":{\"@id\":\"https:\\\/\\\/dorogimedence.hu\\\/index.php\\\/2025\\\/04\\\/16\\\/cselenyak-imre-alkotasat-is-dijaztak-a-csokol-attila-cimu-dramapalyazaton\\\/#breadcrumb\"},\"inLanguage\":\"hu\",\"potentialAction\":[{\"@type\":\"ReadAction\",\"target\":[\"https:\\\/\\\/dorogimedence.hu\\\/index.php\\\/2025\\\/04\\\/16\\\/cselenyak-imre-alkotasat-is-dijaztak-a-csokol-attila-cimu-dramapalyazaton\\\/\"]}]},{\"@type\":\"BreadcrumbList\",\"@id\":\"https:\\\/\\\/dorogimedence.hu\\\/index.php\\\/2025\\\/04\\\/16\\\/cselenyak-imre-alkotasat-is-dijaztak-a-csokol-attila-cimu-dramapalyazaton\\\/#breadcrumb\",\"itemListElement\":[{\"@type\":\"ListItem\",\"position\":1,\"name\":\"Kezd\u0151lap\",\"item\":\"https:\\\/\\\/dorogimedence.hu\\\/\"},{\"@type\":\"ListItem\",\"position\":2,\"name\":\"Cseleny\u00e1k Imre alkot\u00e1s\u00e1t is d\u00edjazt\u00e1k a &#8222;Cs\u00f3kol, Attila&#8221; c\u00edm\u0171 dr\u00e1map\u00e1ly\u00e1zaton\"}]},{\"@type\":\"WebSite\",\"@id\":\"https:\\\/\\\/dorogimedence.hu\\\/#website\",\"url\":\"https:\\\/\\\/dorogimedence.hu\\\/\",\"name\":\"Dorogi-medence Region\u00e1lis H\u00edrport\u00e1l\",\"description\":\"Dorog, Keszt\u00f6lc, Le\u00e1nyv\u00e1r, Piliscs\u00e9v, Tokod, Tokodalt\u00e1r\u00f3, Csolnok, Esztergom-kertv\u00e1ros: h\u00edrek, programok\",\"publisher\":{\"@id\":\"https:\\\/\\\/dorogimedence.hu\\\/#organization\"},\"potentialAction\":[{\"@type\":\"SearchAction\",\"target\":{\"@type\":\"EntryPoint\",\"urlTemplate\":\"https:\\\/\\\/dorogimedence.hu\\\/?s={search_term_string}\"},\"query-input\":{\"@type\":\"PropertyValueSpecification\",\"valueRequired\":true,\"valueName\":\"search_term_string\"}}],\"inLanguage\":\"hu\"},{\"@type\":\"Organization\",\"@id\":\"https:\\\/\\\/dorogimedence.hu\\\/#organization\",\"name\":\"Dorogi-medence Region\u00e1lis H\u00edrport\u00e1l\",\"url\":\"https:\\\/\\\/dorogimedence.hu\\\/\",\"logo\":{\"@type\":\"ImageObject\",\"inLanguage\":\"hu\",\"@id\":\"https:\\\/\\\/dorogimedence.hu\\\/#\\\/schema\\\/logo\\\/image\\\/\",\"url\":\"https:\\\/\\\/dorogimedence.hu\\\/wp-content\\\/uploads\\\/2021\\\/04\\\/logo-feher-600.png\",\"contentUrl\":\"https:\\\/\\\/dorogimedence.hu\\\/wp-content\\\/uploads\\\/2021\\\/04\\\/logo-feher-600.png\",\"width\":600,\"height\":100,\"caption\":\"Dorogi-medence Region\u00e1lis H\u00edrport\u00e1l\"},\"image\":{\"@id\":\"https:\\\/\\\/dorogimedence.hu\\\/#\\\/schema\\\/logo\\\/image\\\/\"},\"sameAs\":[\"https:\\\/\\\/www.facebook.com\\\/dorogimedence\\\/\"]},{\"@type\":\"Person\",\"@id\":\"https:\\\/\\\/dorogimedence.hu\\\/#\\\/schema\\\/person\\\/ce6091eeb7e95ecdc87890d6aa8e0fd4\",\"name\":\"dorogimedence.hu\",\"image\":{\"@type\":\"ImageObject\",\"inLanguage\":\"hu\",\"@id\":\"\\\/\\\/www.gravatar.com\\\/avatar\\\/d8d45f8901aadff40a4af72c0b826f1d?s=96&#038;r=g&#038;d=mm\",\"url\":\"\\\/\\\/www.gravatar.com\\\/avatar\\\/d8d45f8901aadff40a4af72c0b826f1d?s=96&#038;r=g&#038;d=mm\",\"contentUrl\":\"\\\/\\\/www.gravatar.com\\\/avatar\\\/d8d45f8901aadff40a4af72c0b826f1d?s=96&#038;r=g&#038;d=mm\",\"caption\":\"dorogimedence.hu\"}}]}<\/script>\n<!-- \/ Yoast SEO plugin. -->","yoast_head_json":{"title":"Cseleny\u00e1k Imre alkot\u00e1s\u00e1t is d\u00edjazt\u00e1k a \"Cs\u00f3kol, Attila\" c\u00edm\u0171 dr\u00e1map\u00e1ly\u00e1zaton","robots":{"index":"index","follow":"follow","max-snippet":"max-snippet:-1","max-image-preview":"max-image-preview:large","max-video-preview":"max-video-preview:-1"},"canonical":"https:\/\/dorogimedence.hu\/index.php\/2025\/04\/16\/cselenyak-imre-alkotasat-is-dijaztak-a-csokol-attila-cimu-dramapalyazaton\/","og_locale":"hu_HU","og_type":"article","og_title":"Cseleny\u00e1k Imre alkot\u00e1s\u00e1t is d\u00edjazt\u00e1k a \"Cs\u00f3kol, Attila\" c\u00edm\u0171 dr\u00e1map\u00e1ly\u00e1zaton","og_description":"A J\u00f3zsef Attila Sz\u00ednh\u00e1zban \u00e1prilis 11-\u00e9n, a magyar k\u00f6lt\u00e9szet napj\u00e1n hozt\u00e1k nyilv\u00e1noss\u00e1gra a te\u00e1trum \u00e1ltal meghirdetett Cs\u00f3kol, Attila c\u00edm\u0171 dr\u00e1map\u00e1ly\u00e1zat eredm\u00e9ny\u00e9t &#8211; olvashat\u00f3 a kultura.hu oldalon. Nemcs\u00e1k K\u00e1roly, a J\u00f3zsef Attila Sz\u00ednh\u00e1z igazgat\u00f3ja az eredm\u00e9nyhirdet\u0151 \u00fcnneps\u00e9gen felid\u00e9zte: egy \u00e9vvel ezel\u0151tt d\u00f6nt\u00f6tt \u00fagy a sz\u00ednh\u00e1z vezet\u0151s\u00e9ge, hogy 2025-ben, J\u00f3zsef Attila sz\u00fclet\u00e9s\u00e9nek 120. sz\u00fclet\u00e9snapj\u00e1ra dr\u00e1map\u00e1ly\u00e1zatot \u00edr ki.","og_url":"https:\/\/dorogimedence.hu\/index.php\/2025\/04\/16\/cselenyak-imre-alkotasat-is-dijaztak-a-csokol-attila-cimu-dramapalyazaton\/","og_site_name":"Dorogi-medence Region\u00e1lis H\u00edrport\u00e1l","article_publisher":"https:\/\/www.facebook.com\/dorogimedence\/","article_published_time":"2025-04-16T13:31:52+00:00","og_image":[{"width":1200,"height":675,"url":"https:\/\/dorogimedence.hu\/wp-content\/uploads\/2025\/04\/thumb_218477_default_big.jpg","type":"image\/jpeg"}],"author":"dorogimedence.hu","twitter_card":"summary_large_image","twitter_misc":{"Szerz\u0151:":"dorogimedence.hu","Becs\u00fclt olvas\u00e1si id\u0151":"3 perc"},"schema":{"@context":"https:\/\/schema.org","@graph":[{"@type":"Article","@id":"https:\/\/dorogimedence.hu\/index.php\/2025\/04\/16\/cselenyak-imre-alkotasat-is-dijaztak-a-csokol-attila-cimu-dramapalyazaton\/#article","isPartOf":{"@id":"https:\/\/dorogimedence.hu\/index.php\/2025\/04\/16\/cselenyak-imre-alkotasat-is-dijaztak-a-csokol-attila-cimu-dramapalyazaton\/"},"author":{"name":"dorogimedence.hu","@id":"https:\/\/dorogimedence.hu\/#\/schema\/person\/ce6091eeb7e95ecdc87890d6aa8e0fd4"},"headline":"Cseleny\u00e1k Imre alkot\u00e1s\u00e1t is d\u00edjazt\u00e1k a &#8222;Cs\u00f3kol, Attila&#8221; c\u00edm\u0171 dr\u00e1map\u00e1ly\u00e1zaton","datePublished":"2025-04-16T13:31:52+00:00","mainEntityOfPage":{"@id":"https:\/\/dorogimedence.hu\/index.php\/2025\/04\/16\/cselenyak-imre-alkotasat-is-dijaztak-a-csokol-attila-cimu-dramapalyazaton\/"},"wordCount":604,"publisher":{"@id":"https:\/\/dorogimedence.hu\/#organization"},"keywords":["Cseleny\u00e1k Imre","Dorog","kult\u00fara","p\u00e1ly\u00e1zat"],"articleSection":["Dorog","H\u00edrek","Sz\u00ednes"],"inLanguage":"hu"},{"@type":"WebPage","@id":"https:\/\/dorogimedence.hu\/index.php\/2025\/04\/16\/cselenyak-imre-alkotasat-is-dijaztak-a-csokol-attila-cimu-dramapalyazaton\/","url":"https:\/\/dorogimedence.hu\/index.php\/2025\/04\/16\/cselenyak-imre-alkotasat-is-dijaztak-a-csokol-attila-cimu-dramapalyazaton\/","name":"Cseleny\u00e1k Imre alkot\u00e1s\u00e1t is d\u00edjazt\u00e1k a \"Cs\u00f3kol, Attila\" c\u00edm\u0171 dr\u00e1map\u00e1ly\u00e1zaton","isPartOf":{"@id":"https:\/\/dorogimedence.hu\/#website"},"datePublished":"2025-04-16T13:31:52+00:00","breadcrumb":{"@id":"https:\/\/dorogimedence.hu\/index.php\/2025\/04\/16\/cselenyak-imre-alkotasat-is-dijaztak-a-csokol-attila-cimu-dramapalyazaton\/#breadcrumb"},"inLanguage":"hu","potentialAction":[{"@type":"ReadAction","target":["https:\/\/dorogimedence.hu\/index.php\/2025\/04\/16\/cselenyak-imre-alkotasat-is-dijaztak-a-csokol-attila-cimu-dramapalyazaton\/"]}]},{"@type":"BreadcrumbList","@id":"https:\/\/dorogimedence.hu\/index.php\/2025\/04\/16\/cselenyak-imre-alkotasat-is-dijaztak-a-csokol-attila-cimu-dramapalyazaton\/#breadcrumb","itemListElement":[{"@type":"ListItem","position":1,"name":"Kezd\u0151lap","item":"https:\/\/dorogimedence.hu\/"},{"@type":"ListItem","position":2,"name":"Cseleny\u00e1k Imre alkot\u00e1s\u00e1t is d\u00edjazt\u00e1k a &#8222;Cs\u00f3kol, Attila&#8221; c\u00edm\u0171 dr\u00e1map\u00e1ly\u00e1zaton"}]},{"@type":"WebSite","@id":"https:\/\/dorogimedence.hu\/#website","url":"https:\/\/dorogimedence.hu\/","name":"Dorogi-medence Region\u00e1lis H\u00edrport\u00e1l","description":"Dorog, Keszt\u00f6lc, Le\u00e1nyv\u00e1r, Piliscs\u00e9v, Tokod, Tokodalt\u00e1r\u00f3, Csolnok, Esztergom-kertv\u00e1ros: h\u00edrek, programok","publisher":{"@id":"https:\/\/dorogimedence.hu\/#organization"},"potentialAction":[{"@type":"SearchAction","target":{"@type":"EntryPoint","urlTemplate":"https:\/\/dorogimedence.hu\/?s={search_term_string}"},"query-input":{"@type":"PropertyValueSpecification","valueRequired":true,"valueName":"search_term_string"}}],"inLanguage":"hu"},{"@type":"Organization","@id":"https:\/\/dorogimedence.hu\/#organization","name":"Dorogi-medence Region\u00e1lis H\u00edrport\u00e1l","url":"https:\/\/dorogimedence.hu\/","logo":{"@type":"ImageObject","inLanguage":"hu","@id":"https:\/\/dorogimedence.hu\/#\/schema\/logo\/image\/","url":"https:\/\/dorogimedence.hu\/wp-content\/uploads\/2021\/04\/logo-feher-600.png","contentUrl":"https:\/\/dorogimedence.hu\/wp-content\/uploads\/2021\/04\/logo-feher-600.png","width":600,"height":100,"caption":"Dorogi-medence Region\u00e1lis H\u00edrport\u00e1l"},"image":{"@id":"https:\/\/dorogimedence.hu\/#\/schema\/logo\/image\/"},"sameAs":["https:\/\/www.facebook.com\/dorogimedence\/"]},{"@type":"Person","@id":"https:\/\/dorogimedence.hu\/#\/schema\/person\/ce6091eeb7e95ecdc87890d6aa8e0fd4","name":"dorogimedence.hu","image":{"@type":"ImageObject","inLanguage":"hu","@id":"\/\/www.gravatar.com\/avatar\/d8d45f8901aadff40a4af72c0b826f1d?s=96&#038;r=g&#038;d=mm","url":"\/\/www.gravatar.com\/avatar\/d8d45f8901aadff40a4af72c0b826f1d?s=96&#038;r=g&#038;d=mm","contentUrl":"\/\/www.gravatar.com\/avatar\/d8d45f8901aadff40a4af72c0b826f1d?s=96&#038;r=g&#038;d=mm","caption":"dorogimedence.hu"}}]}},"_links":{"self":[{"href":"https:\/\/dorogimedence.hu\/index.php\/wp-json\/wp\/v2\/posts\/70359","targetHints":{"allow":["GET"]}}],"collection":[{"href":"https:\/\/dorogimedence.hu\/index.php\/wp-json\/wp\/v2\/posts"}],"about":[{"href":"https:\/\/dorogimedence.hu\/index.php\/wp-json\/wp\/v2\/types\/post"}],"author":[{"embeddable":true,"href":"https:\/\/dorogimedence.hu\/index.php\/wp-json\/wp\/v2\/users\/1"}],"replies":[{"embeddable":true,"href":"https:\/\/dorogimedence.hu\/index.php\/wp-json\/wp\/v2\/comments?post=70359"}],"version-history":[{"count":0,"href":"https:\/\/dorogimedence.hu\/index.php\/wp-json\/wp\/v2\/posts\/70359\/revisions"}],"wp:attachment":[{"href":"https:\/\/dorogimedence.hu\/index.php\/wp-json\/wp\/v2\/media?parent=70359"}],"wp:term":[{"taxonomy":"category","embeddable":true,"href":"https:\/\/dorogimedence.hu\/index.php\/wp-json\/wp\/v2\/categories?post=70359"},{"taxonomy":"post_tag","embeddable":true,"href":"https:\/\/dorogimedence.hu\/index.php\/wp-json\/wp\/v2\/tags?post=70359"}],"curies":[{"name":"wp","href":"https:\/\/api.w.org\/{rel}","templated":true}]}}