{"id":70301,"date":"2025-04-15T11:30:10","date_gmt":"2025-04-15T09:30:10","guid":{"rendered":"https:\/\/dorogimedence.hu\/?p=70301"},"modified":"2025-04-15T11:30:10","modified_gmt":"2025-04-15T09:30:10","slug":"hatartalanul-jo-rendezvenyek-lesznek-varmegyenkben","status":"publish","type":"post","link":"https:\/\/dorogimedence.hu\/index.php\/2025\/04\/15\/hatartalanul-jo-rendezvenyek-lesznek-varmegyenkben\/","title":{"rendered":"Hat\u00e1rtalanul j\u00f3 rendezv\u00e9nyek lesznek v\u00e1rmegy\u00e9nkben"},"content":{"rendered":"<p><strong>K\u00f6zel 77 milli\u00f3 Ft seg\u00edts\u00e9g\u00e9vel rendezhetnek hat\u00e1ron t\u00fali vend\u00e9gek r\u00e9szv\u00e9tel\u00e9vel zajl\u00f3 programokat Kom\u00e1rom-Esztergom v\u00e1rmegy\u00e9ben. <span class=\"x193iq5w xeuugli x13faqbe x1vvkbs x1xmvt09 x1lliihq x1s928wv xhkezso x1gmr53x x1cpjm7i x1fgarty x1943h6x xudqn12 x3x7a5m x6prxxf xvq8zen xo1l8bm xzsf02u x1yc453h\" dir=\"auto\">A helysz\u00ednek: Kom\u00e1rom, Kocs, Oroszl\u00e1ny, Neszm\u00e9ly, Tokodalt\u00e1r\u00f3, Nyerges\u00fajfalu, Keszt\u00f6lc, H\u00e9reg, Tata \u00e9s Tatab\u00e1nya.<\/span><\/strong><\/p>\n<p>A hat\u00e1ron \u00e1tny\u00fal\u00f3 egy\u00fcttm\u0171k\u00f6d\u00e9seket er\u0151s\u00edt\u0151 eur\u00f3pai uni\u00f3s Kisprojekt Alap nyilv\u00e1noss\u00e1gra hozta a t\u00e1mogatott p\u00e1ly\u00e1zatokat.<\/p>\n<p>A Popovics Gy\u00f6rgy eln\u00f6k\u00f6lte R\u00e1ba-Duna-V\u00e1g Korl\u00e1tolt Felel\u0151ss\u00e9g\u0171 Eur\u00f3pai Ter\u00fcleti T\u00e1rsul\u00e1s (RDV ETT) h\u00e1rom szlov\u00e1kiai ker\u00fcletet \u00e9s h\u00e1rom hazai v\u00e1rmegy\u00e9t \u00f6sszefogva seg\u00edti a hat\u00e1rter\u00fcletek fejl\u0151d\u00e9s\u00e9t. Az \u00fan. Kisprojekt Alap tavaly \u0151sszel m\u00e1r a m\u00e1sodik felh\u00edv\u00e1s\u00e1t tette k\u00f6zz\u00e9. Ennek keret\u00e9ben \u00f6sszesen 1,45 milli\u00f3 eur\u00f3ra lehetett p\u00e1ly\u00e1zni 8 455 eur\u00f3t\u00f3l 50 745 eur\u00f3ig terjed\u0151 \u00f6sszegig. Az elnyert t\u00e1mogat\u00e1s r\u00e9v\u00e9n olyan kultur\u00e1lis fesztiv\u00e1lok, sportesem\u00e9nyek, szakmai rendezv\u00e9nyek hozhat\u00f3k l\u00e9tre, amelyek lehet\u0151v\u00e9 teszik a hat\u00e1r k\u00e9t oldal\u00e1n \u00e9l\u0151k tal\u00e1lkoz\u00e1s\u00e1t, teh\u00e1t er\u0151s\u00edtik a partners\u00e9get. A mostani d\u00f6nt\u00e9ssel 83 projekt nyert z\u00f6ld utat, k\u00f6z\u00fcl\u00fck 12 v\u00e1rmegy\u00e9nkben rendezhet\u0151 meg, k\u00f6zel 77 milli\u00f3 Ft \u00e9rt\u00e9kben. Az elnyert \u00f6sszegeket azok 15 sz\u00e1zal\u00e9k\u00e1val a magyar korm\u00e1ny eg\u00e9sz\u00edti ki nemzeti forr\u00e1sb\u00f3l, 5 sz\u00e1zal\u00e9k \u00f6ner\u0151t pedig a p\u00e1ly\u00e1zat nyertes\u00e9nek kell biztos\u00edtania.<\/p>\n<p>Kom\u00e1romban a Mozg\u00e1sba Hozzuk a J\u00f6v\u0151t Alap\u00edtv\u00e1ny projektje 8 milli\u00f3 318 ezer Ft kapott, m\u00edg a Kemence Hagyom\u00e1ny\u0151rz\u0151 Gasztro-kultur\u00e1lis \u00e9s K\u00f6z\u00f6ss\u00e9gfejleszt\u0151 Egyes\u00fclet 6 milli\u00f3 929 ezer Ft-o nyert <em>a<\/em><em> XI. Sz\u0151nyi Kemenc\u00e9s Csal\u00e1di Napra,<\/em> valamint 5 milli\u00f3 200 ezer Ft-ot a <em>Kemence Konferenci\u00e1ra.<\/em><\/p>\n<p>Kocs \u00f6nkorm\u00e1nyzata a <em>Hat\u00e1ron \u00e1tny\u00fal\u00f3 Kocsi Napok<\/em> b\u00fcdzs\u00e9j\u00e9t er\u0151s\u00edtheti 8 milli\u00f3 664 ezer Ft-tal. Oroszl\u00e1ny A<em>z \u00e9ghajlatv\u00e1ltoz\u00e1s m\u00e9rs\u00e9kl\u00e9s\u00e9nek lehet\u0151s\u00e9gei \u00e9s helyi szint\u0171 hat\u00e1sai c\u00edm\u0171 rendezv\u00e9ny\u00e9lhez<\/em> 10 milli\u00f3 51 ezer Ft-ot haszn\u00e1lhat fel.<\/p>\n<p>Tat\u00e1n a Magyary Zolt\u00e1n N\u00e9pf\u0151iskolai T\u00e1rsas\u00e1g 8 milli\u00f3 318 ezer Ft-ot kaphat az <em>\u00d6sszek\u00f6t a t\u00f6rt\u00e9nelem<\/em> c\u00edm\u0171 rendezv\u00e9ny\u00e9re, az ugyancsak tatai Neszm\u00e9lyi Bor\u00fat Egyes\u00fclet pedig Neszm\u00e9lyen rendezhet k\u00f6z\u00f6s \u00fcnneps\u00e9get 5 milli\u00f3 200 ezer Ft t\u00e1mogat\u00e1s seg\u00edts\u00e9g\u00e9vel. A tatab\u00e1nyai Duna-Gerecse Turisztikai Nonprofit Kft. <em>Eszme \u00e9s tapasztalatcser\u00e9k<\/em> elnevez\u00e9s\u0171 programja 5 milli\u00f3 200 ezer Ft \u00e9rt\u00e9kben kap t\u00e1mogat\u00e1st.<\/p>\n<p>H\u00e9reg \u00cdmely testv\u00e9rtelep\u00fcl\u00e9s\u00e9vel szervezhet tal\u00e1lkoz\u00f3t, amelyt az elnyert 5 milli\u00f3 415 ezer Ft j\u00e1rul hozz\u00e1. Tokodalt\u00e1r\u00f3n az V. Gesztenyefesztiv\u00e1lhoz \u00e9rkezik 3 milli\u00f3 464 ezer Ft, a Nyerges\u00fajfalu \u00d6nk\u00e9ntes T\u0171zolt\u00f3 Egyes\u00fclet pedig <em>A hivat\u00e1s \u00f6sszek\u00f6t <\/em>c\u00edmmel l\u00e1t vend\u00e9g\u00fcl felvid\u00e9kieket, s az esem\u00e9nyre 3 milli\u00f3 464 ezer Ft-ot k\u00f6lthet el. A keszt\u00f6lci program a <em>K\u00f6z\u00f6s j\u00f6v\u0151 \u00e9p\u00edt\u00e9se: szinergi\u00e1k az \u00f6nkorm\u00e1nyzati kapcsolatokban<\/em> c\u00edmet viseli, t\u00e1mogat\u00e1sa 6 milli\u00f3 496 ezer Ft.<\/p>\n<p><em>Forr\u00e1s: Kom\u00e1rom-Esztergom V\u00e1rmegyei \u00d6nkorm\u00e1nyzat<\/em><\/p>\n","protected":false},"excerpt":{"rendered":"<p>K\u00f6zel 77 milli\u00f3 Ft seg\u00edts\u00e9g\u00e9vel rendezhetnek hat\u00e1ron t\u00fali vend\u00e9gek r\u00e9szv\u00e9tel\u00e9vel zajl\u00f3 programokat Kom\u00e1rom-Esztergom v\u00e1rmegy\u00e9ben. A helysz\u00ednek: Kom\u00e1rom, Kocs, Oroszl\u00e1ny, Neszm\u00e9ly, Tokodalt\u00e1r\u00f3, Nyerges\u00fajfalu, Keszt\u00f6lc, H\u00e9reg, Tata \u00e9s Tatab\u00e1nya. A hat\u00e1ron \u00e1tny\u00fal\u00f3 egy\u00fcttm\u0171k\u00f6d\u00e9seket er\u0151s\u00edt\u0151 eur\u00f3pai uni\u00f3s Kisprojekt Alap nyilv\u00e1noss\u00e1gra hozta a t\u00e1mogatott p\u00e1ly\u00e1zatokat. A Popovics Gy\u00f6rgy eln\u00f6k\u00f6lte R\u00e1ba-Duna-V\u00e1g Korl\u00e1tolt Felel\u0151ss\u00e9g\u0171 Eur\u00f3pai Ter\u00fcleti T\u00e1rsul\u00e1s (RDV ETT) h\u00e1rom szlov\u00e1kiai<\/p>\n","protected":false},"author":1,"featured_media":70302,"comment_status":"closed","ping_status":"closed","sticky":false,"template":"","format":"standard","meta":{"ngg_post_thumbnail":0,"footnotes":""},"categories":[3,8,56,1390,10],"tags":[8339,6890],"class_list":{"0":"post-70301","1":"post","2":"type-post","3":"status-publish","4":"format-standard","5":"has-post-thumbnail","7":"category-hirek","8":"category-kesztolc","9":"category-komarom-esztergom","10":"category-nyergesujfalu","11":"category-tokodaltaro","12":"tag-interreg-palyazat","13":"tag-komarom-esztergom-varmegye"},"yoast_head":"<!-- This site is optimized with the Yoast SEO plugin v27.5 - https:\/\/yoast.com\/product\/yoast-seo-wordpress\/ -->\n<title>Hat\u00e1rtalanul j\u00f3 rendezv\u00e9nyek lesznek v\u00e1rmegy\u00e9nkben<\/title>\n<meta name=\"robots\" content=\"index, follow, max-snippet:-1, max-image-preview:large, max-video-preview:-1\" \/>\n<link rel=\"canonical\" href=\"https:\/\/dorogimedence.hu\/index.php\/2025\/04\/15\/hatartalanul-jo-rendezvenyek-lesznek-varmegyenkben\/\" class=\"yoast-seo-meta-tag\" \/>\n<meta property=\"og:locale\" content=\"hu_HU\" class=\"yoast-seo-meta-tag\" \/>\n<meta property=\"og:type\" content=\"article\" class=\"yoast-seo-meta-tag\" \/>\n<meta property=\"og:title\" content=\"Hat\u00e1rtalanul j\u00f3 rendezv\u00e9nyek lesznek v\u00e1rmegy\u00e9nkben\" class=\"yoast-seo-meta-tag\" \/>\n<meta property=\"og:description\" content=\"K\u00f6zel 77 milli\u00f3 Ft seg\u00edts\u00e9g\u00e9vel rendezhetnek hat\u00e1ron t\u00fali vend\u00e9gek r\u00e9szv\u00e9tel\u00e9vel zajl\u00f3 programokat Kom\u00e1rom-Esztergom v\u00e1rmegy\u00e9ben. A helysz\u00ednek: Kom\u00e1rom, Kocs, Oroszl\u00e1ny, Neszm\u00e9ly, Tokodalt\u00e1r\u00f3, Nyerges\u00fajfalu, Keszt\u00f6lc, H\u00e9reg, Tata \u00e9s Tatab\u00e1nya. A hat\u00e1ron \u00e1tny\u00fal\u00f3 egy\u00fcttm\u0171k\u00f6d\u00e9seket er\u0151s\u00edt\u0151 eur\u00f3pai uni\u00f3s Kisprojekt Alap nyilv\u00e1noss\u00e1gra hozta a t\u00e1mogatott p\u00e1ly\u00e1zatokat. A Popovics Gy\u00f6rgy eln\u00f6k\u00f6lte R\u00e1ba-Duna-V\u00e1g Korl\u00e1tolt Felel\u0151ss\u00e9g\u0171 Eur\u00f3pai Ter\u00fcleti T\u00e1rsul\u00e1s (RDV ETT) h\u00e1rom szlov\u00e1kiai\" class=\"yoast-seo-meta-tag\" \/>\n<meta property=\"og:url\" content=\"https:\/\/dorogimedence.hu\/index.php\/2025\/04\/15\/hatartalanul-jo-rendezvenyek-lesznek-varmegyenkben\/\" class=\"yoast-seo-meta-tag\" \/>\n<meta property=\"og:site_name\" content=\"Dorogi-medence Region\u00e1lis H\u00edrport\u00e1l\" class=\"yoast-seo-meta-tag\" \/>\n<meta property=\"article:publisher\" content=\"https:\/\/www.facebook.com\/dorogimedence\/\" class=\"yoast-seo-meta-tag\" \/>\n<meta property=\"article:published_time\" content=\"2025-04-15T09:30:10+00:00\" class=\"yoast-seo-meta-tag\" \/>\n<meta property=\"og:image\" content=\"https:\/\/dorogimedence.hu\/wp-content\/uploads\/2025\/04\/interreg.jpg\" class=\"yoast-seo-meta-tag\" \/>\n\t<meta property=\"og:image:width\" content=\"1920\" class=\"yoast-seo-meta-tag\" \/>\n\t<meta property=\"og:image:height\" content=\"970\" class=\"yoast-seo-meta-tag\" \/>\n\t<meta property=\"og:image:type\" content=\"image\/jpeg\" class=\"yoast-seo-meta-tag\" \/>\n<meta name=\"author\" content=\"dorogimedence.hu\" class=\"yoast-seo-meta-tag\" \/>\n<meta name=\"twitter:card\" content=\"summary_large_image\" class=\"yoast-seo-meta-tag\" \/>\n<meta name=\"twitter:label1\" content=\"Szerz\u0151:\" class=\"yoast-seo-meta-tag\" \/>\n\t<meta name=\"twitter:data1\" content=\"dorogimedence.hu\" class=\"yoast-seo-meta-tag\" \/>\n\t<meta name=\"twitter:label2\" content=\"Becs\u00fclt olvas\u00e1si id\u0151\" class=\"yoast-seo-meta-tag\" \/>\n\t<meta name=\"twitter:data2\" content=\"3 perc\" class=\"yoast-seo-meta-tag\" \/>\n<script type=\"application\/ld+json\" class=\"yoast-schema-graph\">{\"@context\":\"https:\\\/\\\/schema.org\",\"@graph\":[{\"@type\":\"Article\",\"@id\":\"https:\\\/\\\/dorogimedence.hu\\\/index.php\\\/2025\\\/04\\\/15\\\/hatartalanul-jo-rendezvenyek-lesznek-varmegyenkben\\\/#article\",\"isPartOf\":{\"@id\":\"https:\\\/\\\/dorogimedence.hu\\\/index.php\\\/2025\\\/04\\\/15\\\/hatartalanul-jo-rendezvenyek-lesznek-varmegyenkben\\\/\"},\"author\":{\"name\":\"dorogimedence.hu\",\"@id\":\"https:\\\/\\\/dorogimedence.hu\\\/#\\\/schema\\\/person\\\/ce6091eeb7e95ecdc87890d6aa8e0fd4\"},\"headline\":\"Hat\u00e1rtalanul j\u00f3 rendezv\u00e9nyek lesznek v\u00e1rmegy\u00e9nkben\",\"datePublished\":\"2025-04-15T09:30:10+00:00\",\"mainEntityOfPage\":{\"@id\":\"https:\\\/\\\/dorogimedence.hu\\\/index.php\\\/2025\\\/04\\\/15\\\/hatartalanul-jo-rendezvenyek-lesznek-varmegyenkben\\\/\"},\"wordCount\":563,\"publisher\":{\"@id\":\"https:\\\/\\\/dorogimedence.hu\\\/#organization\"},\"image\":{\"@id\":\"https:\\\/\\\/dorogimedence.hu\\\/index.php\\\/2025\\\/04\\\/15\\\/hatartalanul-jo-rendezvenyek-lesznek-varmegyenkben\\\/#primaryimage\"},\"thumbnailUrl\":\"https:\\\/\\\/dorogimedence.hu\\\/wp-content\\\/uploads\\\/2025\\\/04\\\/interreg.jpg\",\"keywords\":[\"interreg p\u00e1ly\u00e1zat\",\"Kom\u00e1rom-Esztergom v\u00e1rmegye\"],\"articleSection\":[\"H\u00edrek\",\"Keszt\u00f6lc\",\"Kom\u00e1rom-Esztergom\",\"Nyerges\u00fajfalu\",\"Tokodalt\u00e1r\u00f3\"],\"inLanguage\":\"hu\"},{\"@type\":\"WebPage\",\"@id\":\"https:\\\/\\\/dorogimedence.hu\\\/index.php\\\/2025\\\/04\\\/15\\\/hatartalanul-jo-rendezvenyek-lesznek-varmegyenkben\\\/\",\"url\":\"https:\\\/\\\/dorogimedence.hu\\\/index.php\\\/2025\\\/04\\\/15\\\/hatartalanul-jo-rendezvenyek-lesznek-varmegyenkben\\\/\",\"name\":\"Hat\u00e1rtalanul j\u00f3 rendezv\u00e9nyek lesznek v\u00e1rmegy\u00e9nkben\",\"isPartOf\":{\"@id\":\"https:\\\/\\\/dorogimedence.hu\\\/#website\"},\"primaryImageOfPage\":{\"@id\":\"https:\\\/\\\/dorogimedence.hu\\\/index.php\\\/2025\\\/04\\\/15\\\/hatartalanul-jo-rendezvenyek-lesznek-varmegyenkben\\\/#primaryimage\"},\"image\":{\"@id\":\"https:\\\/\\\/dorogimedence.hu\\\/index.php\\\/2025\\\/04\\\/15\\\/hatartalanul-jo-rendezvenyek-lesznek-varmegyenkben\\\/#primaryimage\"},\"thumbnailUrl\":\"https:\\\/\\\/dorogimedence.hu\\\/wp-content\\\/uploads\\\/2025\\\/04\\\/interreg.jpg\",\"datePublished\":\"2025-04-15T09:30:10+00:00\",\"breadcrumb\":{\"@id\":\"https:\\\/\\\/dorogimedence.hu\\\/index.php\\\/2025\\\/04\\\/15\\\/hatartalanul-jo-rendezvenyek-lesznek-varmegyenkben\\\/#breadcrumb\"},\"inLanguage\":\"hu\",\"potentialAction\":[{\"@type\":\"ReadAction\",\"target\":[\"https:\\\/\\\/dorogimedence.hu\\\/index.php\\\/2025\\\/04\\\/15\\\/hatartalanul-jo-rendezvenyek-lesznek-varmegyenkben\\\/\"]}]},{\"@type\":\"ImageObject\",\"inLanguage\":\"hu\",\"@id\":\"https:\\\/\\\/dorogimedence.hu\\\/index.php\\\/2025\\\/04\\\/15\\\/hatartalanul-jo-rendezvenyek-lesznek-varmegyenkben\\\/#primaryimage\",\"url\":\"https:\\\/\\\/dorogimedence.hu\\\/wp-content\\\/uploads\\\/2025\\\/04\\\/interreg.jpg\",\"contentUrl\":\"https:\\\/\\\/dorogimedence.hu\\\/wp-content\\\/uploads\\\/2025\\\/04\\\/interreg.jpg\",\"width\":1920,\"height\":970},{\"@type\":\"BreadcrumbList\",\"@id\":\"https:\\\/\\\/dorogimedence.hu\\\/index.php\\\/2025\\\/04\\\/15\\\/hatartalanul-jo-rendezvenyek-lesznek-varmegyenkben\\\/#breadcrumb\",\"itemListElement\":[{\"@type\":\"ListItem\",\"position\":1,\"name\":\"Kezd\u0151lap\",\"item\":\"https:\\\/\\\/dorogimedence.hu\\\/\"},{\"@type\":\"ListItem\",\"position\":2,\"name\":\"Hat\u00e1rtalanul j\u00f3 rendezv\u00e9nyek lesznek v\u00e1rmegy\u00e9nkben\"}]},{\"@type\":\"WebSite\",\"@id\":\"https:\\\/\\\/dorogimedence.hu\\\/#website\",\"url\":\"https:\\\/\\\/dorogimedence.hu\\\/\",\"name\":\"Dorogi-medence Region\u00e1lis H\u00edrport\u00e1l\",\"description\":\"Dorog, Keszt\u00f6lc, Le\u00e1nyv\u00e1r, Piliscs\u00e9v, Tokod, Tokodalt\u00e1r\u00f3, Csolnok, Esztergom-kertv\u00e1ros: h\u00edrek, programok\",\"publisher\":{\"@id\":\"https:\\\/\\\/dorogimedence.hu\\\/#organization\"},\"potentialAction\":[{\"@type\":\"SearchAction\",\"target\":{\"@type\":\"EntryPoint\",\"urlTemplate\":\"https:\\\/\\\/dorogimedence.hu\\\/?s={search_term_string}\"},\"query-input\":{\"@type\":\"PropertyValueSpecification\",\"valueRequired\":true,\"valueName\":\"search_term_string\"}}],\"inLanguage\":\"hu\"},{\"@type\":\"Organization\",\"@id\":\"https:\\\/\\\/dorogimedence.hu\\\/#organization\",\"name\":\"Dorogi-medence Region\u00e1lis H\u00edrport\u00e1l\",\"url\":\"https:\\\/\\\/dorogimedence.hu\\\/\",\"logo\":{\"@type\":\"ImageObject\",\"inLanguage\":\"hu\",\"@id\":\"https:\\\/\\\/dorogimedence.hu\\\/#\\\/schema\\\/logo\\\/image\\\/\",\"url\":\"https:\\\/\\\/dorogimedence.hu\\\/wp-content\\\/uploads\\\/2021\\\/04\\\/logo-feher-600.png\",\"contentUrl\":\"https:\\\/\\\/dorogimedence.hu\\\/wp-content\\\/uploads\\\/2021\\\/04\\\/logo-feher-600.png\",\"width\":600,\"height\":100,\"caption\":\"Dorogi-medence Region\u00e1lis H\u00edrport\u00e1l\"},\"image\":{\"@id\":\"https:\\\/\\\/dorogimedence.hu\\\/#\\\/schema\\\/logo\\\/image\\\/\"},\"sameAs\":[\"https:\\\/\\\/www.facebook.com\\\/dorogimedence\\\/\"]},{\"@type\":\"Person\",\"@id\":\"https:\\\/\\\/dorogimedence.hu\\\/#\\\/schema\\\/person\\\/ce6091eeb7e95ecdc87890d6aa8e0fd4\",\"name\":\"dorogimedence.hu\",\"image\":{\"@type\":\"ImageObject\",\"inLanguage\":\"hu\",\"@id\":\"\\\/\\\/www.gravatar.com\\\/avatar\\\/d8d45f8901aadff40a4af72c0b826f1d?s=96&#038;r=g&#038;d=mm\",\"url\":\"\\\/\\\/www.gravatar.com\\\/avatar\\\/d8d45f8901aadff40a4af72c0b826f1d?s=96&#038;r=g&#038;d=mm\",\"contentUrl\":\"\\\/\\\/www.gravatar.com\\\/avatar\\\/d8d45f8901aadff40a4af72c0b826f1d?s=96&#038;r=g&#038;d=mm\",\"caption\":\"dorogimedence.hu\"}}]}<\/script>\n<!-- \/ Yoast SEO plugin. -->","yoast_head_json":{"title":"Hat\u00e1rtalanul j\u00f3 rendezv\u00e9nyek lesznek v\u00e1rmegy\u00e9nkben","robots":{"index":"index","follow":"follow","max-snippet":"max-snippet:-1","max-image-preview":"max-image-preview:large","max-video-preview":"max-video-preview:-1"},"canonical":"https:\/\/dorogimedence.hu\/index.php\/2025\/04\/15\/hatartalanul-jo-rendezvenyek-lesznek-varmegyenkben\/","og_locale":"hu_HU","og_type":"article","og_title":"Hat\u00e1rtalanul j\u00f3 rendezv\u00e9nyek lesznek v\u00e1rmegy\u00e9nkben","og_description":"K\u00f6zel 77 milli\u00f3 Ft seg\u00edts\u00e9g\u00e9vel rendezhetnek hat\u00e1ron t\u00fali vend\u00e9gek r\u00e9szv\u00e9tel\u00e9vel zajl\u00f3 programokat Kom\u00e1rom-Esztergom v\u00e1rmegy\u00e9ben. A helysz\u00ednek: Kom\u00e1rom, Kocs, Oroszl\u00e1ny, Neszm\u00e9ly, Tokodalt\u00e1r\u00f3, Nyerges\u00fajfalu, Keszt\u00f6lc, H\u00e9reg, Tata \u00e9s Tatab\u00e1nya. A hat\u00e1ron \u00e1tny\u00fal\u00f3 egy\u00fcttm\u0171k\u00f6d\u00e9seket er\u0151s\u00edt\u0151 eur\u00f3pai uni\u00f3s Kisprojekt Alap nyilv\u00e1noss\u00e1gra hozta a t\u00e1mogatott p\u00e1ly\u00e1zatokat. A Popovics Gy\u00f6rgy eln\u00f6k\u00f6lte R\u00e1ba-Duna-V\u00e1g Korl\u00e1tolt Felel\u0151ss\u00e9g\u0171 Eur\u00f3pai Ter\u00fcleti T\u00e1rsul\u00e1s (RDV ETT) h\u00e1rom szlov\u00e1kiai","og_url":"https:\/\/dorogimedence.hu\/index.php\/2025\/04\/15\/hatartalanul-jo-rendezvenyek-lesznek-varmegyenkben\/","og_site_name":"Dorogi-medence Region\u00e1lis H\u00edrport\u00e1l","article_publisher":"https:\/\/www.facebook.com\/dorogimedence\/","article_published_time":"2025-04-15T09:30:10+00:00","og_image":[{"width":1920,"height":970,"url":"https:\/\/dorogimedence.hu\/wp-content\/uploads\/2025\/04\/interreg.jpg","type":"image\/jpeg"}],"author":"dorogimedence.hu","twitter_card":"summary_large_image","twitter_misc":{"Szerz\u0151:":"dorogimedence.hu","Becs\u00fclt olvas\u00e1si id\u0151":"3 perc"},"schema":{"@context":"https:\/\/schema.org","@graph":[{"@type":"Article","@id":"https:\/\/dorogimedence.hu\/index.php\/2025\/04\/15\/hatartalanul-jo-rendezvenyek-lesznek-varmegyenkben\/#article","isPartOf":{"@id":"https:\/\/dorogimedence.hu\/index.php\/2025\/04\/15\/hatartalanul-jo-rendezvenyek-lesznek-varmegyenkben\/"},"author":{"name":"dorogimedence.hu","@id":"https:\/\/dorogimedence.hu\/#\/schema\/person\/ce6091eeb7e95ecdc87890d6aa8e0fd4"},"headline":"Hat\u00e1rtalanul j\u00f3 rendezv\u00e9nyek lesznek v\u00e1rmegy\u00e9nkben","datePublished":"2025-04-15T09:30:10+00:00","mainEntityOfPage":{"@id":"https:\/\/dorogimedence.hu\/index.php\/2025\/04\/15\/hatartalanul-jo-rendezvenyek-lesznek-varmegyenkben\/"},"wordCount":563,"publisher":{"@id":"https:\/\/dorogimedence.hu\/#organization"},"image":{"@id":"https:\/\/dorogimedence.hu\/index.php\/2025\/04\/15\/hatartalanul-jo-rendezvenyek-lesznek-varmegyenkben\/#primaryimage"},"thumbnailUrl":"https:\/\/dorogimedence.hu\/wp-content\/uploads\/2025\/04\/interreg.jpg","keywords":["interreg p\u00e1ly\u00e1zat","Kom\u00e1rom-Esztergom v\u00e1rmegye"],"articleSection":["H\u00edrek","Keszt\u00f6lc","Kom\u00e1rom-Esztergom","Nyerges\u00fajfalu","Tokodalt\u00e1r\u00f3"],"inLanguage":"hu"},{"@type":"WebPage","@id":"https:\/\/dorogimedence.hu\/index.php\/2025\/04\/15\/hatartalanul-jo-rendezvenyek-lesznek-varmegyenkben\/","url":"https:\/\/dorogimedence.hu\/index.php\/2025\/04\/15\/hatartalanul-jo-rendezvenyek-lesznek-varmegyenkben\/","name":"Hat\u00e1rtalanul j\u00f3 rendezv\u00e9nyek lesznek v\u00e1rmegy\u00e9nkben","isPartOf":{"@id":"https:\/\/dorogimedence.hu\/#website"},"primaryImageOfPage":{"@id":"https:\/\/dorogimedence.hu\/index.php\/2025\/04\/15\/hatartalanul-jo-rendezvenyek-lesznek-varmegyenkben\/#primaryimage"},"image":{"@id":"https:\/\/dorogimedence.hu\/index.php\/2025\/04\/15\/hatartalanul-jo-rendezvenyek-lesznek-varmegyenkben\/#primaryimage"},"thumbnailUrl":"https:\/\/dorogimedence.hu\/wp-content\/uploads\/2025\/04\/interreg.jpg","datePublished":"2025-04-15T09:30:10+00:00","breadcrumb":{"@id":"https:\/\/dorogimedence.hu\/index.php\/2025\/04\/15\/hatartalanul-jo-rendezvenyek-lesznek-varmegyenkben\/#breadcrumb"},"inLanguage":"hu","potentialAction":[{"@type":"ReadAction","target":["https:\/\/dorogimedence.hu\/index.php\/2025\/04\/15\/hatartalanul-jo-rendezvenyek-lesznek-varmegyenkben\/"]}]},{"@type":"ImageObject","inLanguage":"hu","@id":"https:\/\/dorogimedence.hu\/index.php\/2025\/04\/15\/hatartalanul-jo-rendezvenyek-lesznek-varmegyenkben\/#primaryimage","url":"https:\/\/dorogimedence.hu\/wp-content\/uploads\/2025\/04\/interreg.jpg","contentUrl":"https:\/\/dorogimedence.hu\/wp-content\/uploads\/2025\/04\/interreg.jpg","width":1920,"height":970},{"@type":"BreadcrumbList","@id":"https:\/\/dorogimedence.hu\/index.php\/2025\/04\/15\/hatartalanul-jo-rendezvenyek-lesznek-varmegyenkben\/#breadcrumb","itemListElement":[{"@type":"ListItem","position":1,"name":"Kezd\u0151lap","item":"https:\/\/dorogimedence.hu\/"},{"@type":"ListItem","position":2,"name":"Hat\u00e1rtalanul j\u00f3 rendezv\u00e9nyek lesznek v\u00e1rmegy\u00e9nkben"}]},{"@type":"WebSite","@id":"https:\/\/dorogimedence.hu\/#website","url":"https:\/\/dorogimedence.hu\/","name":"Dorogi-medence Region\u00e1lis H\u00edrport\u00e1l","description":"Dorog, Keszt\u00f6lc, Le\u00e1nyv\u00e1r, Piliscs\u00e9v, Tokod, Tokodalt\u00e1r\u00f3, Csolnok, Esztergom-kertv\u00e1ros: h\u00edrek, programok","publisher":{"@id":"https:\/\/dorogimedence.hu\/#organization"},"potentialAction":[{"@type":"SearchAction","target":{"@type":"EntryPoint","urlTemplate":"https:\/\/dorogimedence.hu\/?s={search_term_string}"},"query-input":{"@type":"PropertyValueSpecification","valueRequired":true,"valueName":"search_term_string"}}],"inLanguage":"hu"},{"@type":"Organization","@id":"https:\/\/dorogimedence.hu\/#organization","name":"Dorogi-medence Region\u00e1lis H\u00edrport\u00e1l","url":"https:\/\/dorogimedence.hu\/","logo":{"@type":"ImageObject","inLanguage":"hu","@id":"https:\/\/dorogimedence.hu\/#\/schema\/logo\/image\/","url":"https:\/\/dorogimedence.hu\/wp-content\/uploads\/2021\/04\/logo-feher-600.png","contentUrl":"https:\/\/dorogimedence.hu\/wp-content\/uploads\/2021\/04\/logo-feher-600.png","width":600,"height":100,"caption":"Dorogi-medence Region\u00e1lis H\u00edrport\u00e1l"},"image":{"@id":"https:\/\/dorogimedence.hu\/#\/schema\/logo\/image\/"},"sameAs":["https:\/\/www.facebook.com\/dorogimedence\/"]},{"@type":"Person","@id":"https:\/\/dorogimedence.hu\/#\/schema\/person\/ce6091eeb7e95ecdc87890d6aa8e0fd4","name":"dorogimedence.hu","image":{"@type":"ImageObject","inLanguage":"hu","@id":"\/\/www.gravatar.com\/avatar\/d8d45f8901aadff40a4af72c0b826f1d?s=96&#038;r=g&#038;d=mm","url":"\/\/www.gravatar.com\/avatar\/d8d45f8901aadff40a4af72c0b826f1d?s=96&#038;r=g&#038;d=mm","contentUrl":"\/\/www.gravatar.com\/avatar\/d8d45f8901aadff40a4af72c0b826f1d?s=96&#038;r=g&#038;d=mm","caption":"dorogimedence.hu"}}]}},"_links":{"self":[{"href":"https:\/\/dorogimedence.hu\/index.php\/wp-json\/wp\/v2\/posts\/70301","targetHints":{"allow":["GET"]}}],"collection":[{"href":"https:\/\/dorogimedence.hu\/index.php\/wp-json\/wp\/v2\/posts"}],"about":[{"href":"https:\/\/dorogimedence.hu\/index.php\/wp-json\/wp\/v2\/types\/post"}],"author":[{"embeddable":true,"href":"https:\/\/dorogimedence.hu\/index.php\/wp-json\/wp\/v2\/users\/1"}],"replies":[{"embeddable":true,"href":"https:\/\/dorogimedence.hu\/index.php\/wp-json\/wp\/v2\/comments?post=70301"}],"version-history":[{"count":0,"href":"https:\/\/dorogimedence.hu\/index.php\/wp-json\/wp\/v2\/posts\/70301\/revisions"}],"wp:featuredmedia":[{"embeddable":true,"href":"https:\/\/dorogimedence.hu\/index.php\/wp-json\/wp\/v2\/media\/70302"}],"wp:attachment":[{"href":"https:\/\/dorogimedence.hu\/index.php\/wp-json\/wp\/v2\/media?parent=70301"}],"wp:term":[{"taxonomy":"category","embeddable":true,"href":"https:\/\/dorogimedence.hu\/index.php\/wp-json\/wp\/v2\/categories?post=70301"},{"taxonomy":"post_tag","embeddable":true,"href":"https:\/\/dorogimedence.hu\/index.php\/wp-json\/wp\/v2\/tags?post=70301"}],"curies":[{"name":"wp","href":"https:\/\/api.w.org\/{rel}","templated":true}]}}