{"id":7029,"date":"2017-11-27T18:44:08","date_gmt":"2017-11-27T17:44:08","guid":{"rendered":"http:\/\/dorogimedence.hu\/?p=7029"},"modified":"2017-11-27T18:44:08","modified_gmt":"2017-11-27T17:44:08","slug":"evzaro-borvacsora-es-zenei-est","status":"publish","type":"post","link":"https:\/\/dorogimedence.hu\/index.php\/2017\/11\/27\/evzaro-borvacsora-es-zenei-est\/","title":{"rendered":"\u00c9vz\u00e1r\u00f3 Borvacsora \u00e9s Zenei Est"},"content":{"rendered":"<p><strong>December 9-\u00e9n, szombaton 17.30-kor Borvacsora \u00e9s Zenei Est heted h\u00e9t orsz\u00e1gb\u00f3l c\u00edmmel \u00e9vz\u00e1r\u00f3t tartanak az Esztergomi V\u00e1r K\u00e1v\u00e9z\u00f3ban.<\/strong><\/p>\n<p>A vacsor\u00e1t nem h\u00e9tk\u00f6znapi m\u00f3don szerv\u00edrozz\u00e1k, az el\u0151\u00e9telt\u0151l eg\u00e9szen a desszertig v\u00e9gigk\u00f3stolhatjuk a sv\u00e9dek, a spanyolok, a franci\u00e1k, az olaszok, a n\u00e9metek, az osztr\u00e1kok \u00e9s a magyarok egy-egy specialit\u00e1s\u00e1t. Mindemellett pedig 8 k\u00fcl\u00f6nb\u00f6z\u0151 bort is v\u00e9gig k\u00f3stolhatunk az \u00e9tkez\u00e9s ideje alatt. Az est vend\u00e9gbor\u00e1sza a m\u00f3ri Lincz Csal\u00e1di Pinc\u00e9szet lesz. A talpal\u00e1val\u00f3t pedig Ny\u00e1ri L\u00e1szl\u00f3 \u00e9s zenekara biztos\u00edtja!<\/p>\n<p>A bel\u00e9p\u0151jegy \u00e1ra 11.500 Ft\/f\u0151, mely tartalmazza a vacsor\u00e1t \u00e9s mindegyik borfajt\u00e1b\u00f3l 1-1 dl-t. A korl\u00e1tozott helyek miatt csak 48 f\u0151nek tudnak biztos\u00edtani helyet. Az esem\u00e9nyre el\u0151zetes helyfoglal\u00e1s sz\u00fcks\u00e9ges: <strong>kapcsolat@lipotterasz.hu | +36 30 530 0818.<\/strong><\/p>\n<p><img fetchpriority=\"high\" decoding=\"async\" class=\"alignnone size-full wp-image-7030\" src=\"https:\/\/dorogimedence.hu\/wp-content\/uploads\/2017\/11\/evzaro-buli-webre.jpg\" alt=\"\" width=\"670\" height=\"948\" srcset=\"https:\/\/dorogimedence.hu\/wp-content\/uploads\/2017\/11\/evzaro-buli-webre.jpg 670w, https:\/\/dorogimedence.hu\/wp-content\/uploads\/2017\/11\/evzaro-buli-webre-212x300.jpg 212w\" sizes=\"(max-width: 670px) 100vw, 670px\" \/><\/p>\n","protected":false},"excerpt":{"rendered":"<p>December 9-\u00e9n, szombaton 17.30-kor Borvacsora \u00e9s Zenei Est heted h\u00e9t orsz\u00e1gb\u00f3l c\u00edmmel \u00e9vz\u00e1r\u00f3t tartanak az Esztergomi V\u00e1r K\u00e1v\u00e9z\u00f3ban. A vacsor\u00e1t nem h\u00e9tk\u00f6znapi m\u00f3don szerv\u00edrozz\u00e1k, az el\u0151\u00e9telt\u0151l eg\u00e9szen a desszertig v\u00e9gigk\u00f3stolhatjuk a sv\u00e9dek, a spanyolok, a franci\u00e1k, az olaszok, a n\u00e9metek, az osztr\u00e1kok \u00e9s a magyarok egy-egy specialit\u00e1s\u00e1t. Mindemellett pedig 8 k\u00fcl\u00f6nb\u00f6z\u0151 bort is v\u00e9gig k\u00f3stolhatunk<\/p>\n","protected":false},"author":1,"featured_media":7031,"comment_status":"closed","ping_status":"closed","sticky":false,"template":"","format":"standard","meta":{"ngg_post_thumbnail":0,"footnotes":""},"categories":[38,3],"tags":[1907,42,1906,549,386,1908],"class_list":{"0":"post-7029","1":"post","2":"type-post","3":"status-publish","4":"format-standard","5":"has-post-thumbnail","7":"category-esztergom","8":"category-hirek","9":"tag-borvacsora","10":"tag-esztergom","11":"tag-evzaro","12":"tag-lipot-terasz","13":"tag-var-kavezo","14":"tag-zenei-est"},"yoast_head":"<!-- This site is optimized with the Yoast SEO plugin v27.4 - https:\/\/yoast.com\/product\/yoast-seo-wordpress\/ -->\n<title>\u00c9vz\u00e1r\u00f3 Borvacsora \u00e9s Zenei Est<\/title>\n<meta name=\"robots\" content=\"index, follow, max-snippet:-1, max-image-preview:large, max-video-preview:-1\" \/>\n<link rel=\"canonical\" href=\"https:\/\/dorogimedence.hu\/index.php\/2017\/11\/27\/evzaro-borvacsora-es-zenei-est\/\" class=\"yoast-seo-meta-tag\" \/>\n<meta property=\"og:locale\" content=\"hu_HU\" class=\"yoast-seo-meta-tag\" \/>\n<meta property=\"og:type\" content=\"article\" class=\"yoast-seo-meta-tag\" \/>\n<meta property=\"og:title\" content=\"\u00c9vz\u00e1r\u00f3 Borvacsora \u00e9s Zenei Est\" class=\"yoast-seo-meta-tag\" \/>\n<meta property=\"og:description\" content=\"December 9-\u00e9n, szombaton 17.30-kor Borvacsora \u00e9s Zenei Est heted h\u00e9t orsz\u00e1gb\u00f3l c\u00edmmel \u00e9vz\u00e1r\u00f3t tartanak az Esztergomi V\u00e1r K\u00e1v\u00e9z\u00f3ban. A vacsor\u00e1t nem h\u00e9tk\u00f6znapi m\u00f3don szerv\u00edrozz\u00e1k, az el\u0151\u00e9telt\u0151l eg\u00e9szen a desszertig v\u00e9gigk\u00f3stolhatjuk a sv\u00e9dek, a spanyolok, a franci\u00e1k, az olaszok, a n\u00e9metek, az osztr\u00e1kok \u00e9s a magyarok egy-egy specialit\u00e1s\u00e1t. Mindemellett pedig 8 k\u00fcl\u00f6nb\u00f6z\u0151 bort is v\u00e9gig k\u00f3stolhatunk\" class=\"yoast-seo-meta-tag\" \/>\n<meta property=\"og:url\" content=\"https:\/\/dorogimedence.hu\/index.php\/2017\/11\/27\/evzaro-borvacsora-es-zenei-est\/\" class=\"yoast-seo-meta-tag\" \/>\n<meta property=\"og:site_name\" content=\"Dorogi-medence Region\u00e1lis H\u00edrport\u00e1l\" class=\"yoast-seo-meta-tag\" \/>\n<meta property=\"article:publisher\" content=\"https:\/\/www.facebook.com\/dorogimedence\/\" class=\"yoast-seo-meta-tag\" \/>\n<meta property=\"article:published_time\" content=\"2017-11-27T17:44:08+00:00\" class=\"yoast-seo-meta-tag\" \/>\n<meta property=\"og:image\" content=\"https:\/\/i0.wp.com\/dorogimedence.hu\/wp-content\/uploads\/2017\/11\/evzaro-varkavezo.jpg?fit=670%2C365&ssl=1\" class=\"yoast-seo-meta-tag\" \/>\n\t<meta property=\"og:image:width\" content=\"670\" class=\"yoast-seo-meta-tag\" \/>\n\t<meta property=\"og:image:height\" content=\"365\" class=\"yoast-seo-meta-tag\" \/>\n\t<meta property=\"og:image:type\" content=\"image\/jpeg\" class=\"yoast-seo-meta-tag\" \/>\n<meta name=\"author\" content=\"dorogimedence.hu\" class=\"yoast-seo-meta-tag\" \/>\n<meta name=\"twitter:card\" content=\"summary_large_image\" class=\"yoast-seo-meta-tag\" \/>\n<meta name=\"twitter:label1\" content=\"Szerz\u0151:\" class=\"yoast-seo-meta-tag\" \/>\n\t<meta name=\"twitter:data1\" content=\"dorogimedence.hu\" class=\"yoast-seo-meta-tag\" \/>\n\t<meta name=\"twitter:label2\" content=\"Becs\u00fclt olvas\u00e1si id\u0151\" class=\"yoast-seo-meta-tag\" \/>\n\t<meta name=\"twitter:data2\" content=\"1 perc\" class=\"yoast-seo-meta-tag\" \/>\n<script type=\"application\/ld+json\" class=\"yoast-schema-graph\">{\"@context\":\"https:\\\/\\\/schema.org\",\"@graph\":[{\"@type\":\"Article\",\"@id\":\"https:\\\/\\\/dorogimedence.hu\\\/index.php\\\/2017\\\/11\\\/27\\\/evzaro-borvacsora-es-zenei-est\\\/#article\",\"isPartOf\":{\"@id\":\"https:\\\/\\\/dorogimedence.hu\\\/index.php\\\/2017\\\/11\\\/27\\\/evzaro-borvacsora-es-zenei-est\\\/\"},\"author\":{\"name\":\"dorogimedence.hu\",\"@id\":\"https:\\\/\\\/dorogimedence.hu\\\/#\\\/schema\\\/person\\\/ce6091eeb7e95ecdc87890d6aa8e0fd4\"},\"headline\":\"\u00c9vz\u00e1r\u00f3 Borvacsora \u00e9s Zenei Est\",\"datePublished\":\"2017-11-27T17:44:08+00:00\",\"mainEntityOfPage\":{\"@id\":\"https:\\\/\\\/dorogimedence.hu\\\/index.php\\\/2017\\\/11\\\/27\\\/evzaro-borvacsora-es-zenei-est\\\/\"},\"wordCount\":169,\"publisher\":{\"@id\":\"https:\\\/\\\/dorogimedence.hu\\\/#organization\"},\"image\":{\"@id\":\"https:\\\/\\\/dorogimedence.hu\\\/index.php\\\/2017\\\/11\\\/27\\\/evzaro-borvacsora-es-zenei-est\\\/#primaryimage\"},\"thumbnailUrl\":\"https:\\\/\\\/dorogimedence.hu\\\/wp-content\\\/uploads\\\/2017\\\/11\\\/evzaro-varkavezo.jpg\",\"keywords\":[\"Borvacsora\",\"esztergom\",\"\u00c9vz\u00e1r\u00f3\",\"Lip\u00f3t-terasz\",\"V\u00e1r K\u00e1v\u00e9z\u00f3\",\"zenei est\"],\"articleSection\":[\"Esztergom\",\"H\u00edrek\"],\"inLanguage\":\"hu\"},{\"@type\":\"WebPage\",\"@id\":\"https:\\\/\\\/dorogimedence.hu\\\/index.php\\\/2017\\\/11\\\/27\\\/evzaro-borvacsora-es-zenei-est\\\/\",\"url\":\"https:\\\/\\\/dorogimedence.hu\\\/index.php\\\/2017\\\/11\\\/27\\\/evzaro-borvacsora-es-zenei-est\\\/\",\"name\":\"\u00c9vz\u00e1r\u00f3 Borvacsora \u00e9s Zenei Est\",\"isPartOf\":{\"@id\":\"https:\\\/\\\/dorogimedence.hu\\\/#website\"},\"primaryImageOfPage\":{\"@id\":\"https:\\\/\\\/dorogimedence.hu\\\/index.php\\\/2017\\\/11\\\/27\\\/evzaro-borvacsora-es-zenei-est\\\/#primaryimage\"},\"image\":{\"@id\":\"https:\\\/\\\/dorogimedence.hu\\\/index.php\\\/2017\\\/11\\\/27\\\/evzaro-borvacsora-es-zenei-est\\\/#primaryimage\"},\"thumbnailUrl\":\"https:\\\/\\\/dorogimedence.hu\\\/wp-content\\\/uploads\\\/2017\\\/11\\\/evzaro-varkavezo.jpg\",\"datePublished\":\"2017-11-27T17:44:08+00:00\",\"breadcrumb\":{\"@id\":\"https:\\\/\\\/dorogimedence.hu\\\/index.php\\\/2017\\\/11\\\/27\\\/evzaro-borvacsora-es-zenei-est\\\/#breadcrumb\"},\"inLanguage\":\"hu\",\"potentialAction\":[{\"@type\":\"ReadAction\",\"target\":[\"https:\\\/\\\/dorogimedence.hu\\\/index.php\\\/2017\\\/11\\\/27\\\/evzaro-borvacsora-es-zenei-est\\\/\"]}]},{\"@type\":\"ImageObject\",\"inLanguage\":\"hu\",\"@id\":\"https:\\\/\\\/dorogimedence.hu\\\/index.php\\\/2017\\\/11\\\/27\\\/evzaro-borvacsora-es-zenei-est\\\/#primaryimage\",\"url\":\"https:\\\/\\\/dorogimedence.hu\\\/wp-content\\\/uploads\\\/2017\\\/11\\\/evzaro-varkavezo.jpg\",\"contentUrl\":\"https:\\\/\\\/dorogimedence.hu\\\/wp-content\\\/uploads\\\/2017\\\/11\\\/evzaro-varkavezo.jpg\",\"width\":670,\"height\":365},{\"@type\":\"BreadcrumbList\",\"@id\":\"https:\\\/\\\/dorogimedence.hu\\\/index.php\\\/2017\\\/11\\\/27\\\/evzaro-borvacsora-es-zenei-est\\\/#breadcrumb\",\"itemListElement\":[{\"@type\":\"ListItem\",\"position\":1,\"name\":\"Kezd\u0151lap\",\"item\":\"https:\\\/\\\/dorogimedence.hu\\\/\"},{\"@type\":\"ListItem\",\"position\":2,\"name\":\"\u00c9vz\u00e1r\u00f3 Borvacsora \u00e9s Zenei Est\"}]},{\"@type\":\"WebSite\",\"@id\":\"https:\\\/\\\/dorogimedence.hu\\\/#website\",\"url\":\"https:\\\/\\\/dorogimedence.hu\\\/\",\"name\":\"Dorogi-medence Region\u00e1lis H\u00edrport\u00e1l\",\"description\":\"Dorog, Keszt\u00f6lc, Le\u00e1nyv\u00e1r, Piliscs\u00e9v, Tokod, Tokodalt\u00e1r\u00f3, Csolnok, Esztergom-kertv\u00e1ros: h\u00edrek, programok\",\"publisher\":{\"@id\":\"https:\\\/\\\/dorogimedence.hu\\\/#organization\"},\"potentialAction\":[{\"@type\":\"SearchAction\",\"target\":{\"@type\":\"EntryPoint\",\"urlTemplate\":\"https:\\\/\\\/dorogimedence.hu\\\/?s={search_term_string}\"},\"query-input\":{\"@type\":\"PropertyValueSpecification\",\"valueRequired\":true,\"valueName\":\"search_term_string\"}}],\"inLanguage\":\"hu\"},{\"@type\":\"Organization\",\"@id\":\"https:\\\/\\\/dorogimedence.hu\\\/#organization\",\"name\":\"Dorogi-medence Region\u00e1lis H\u00edrport\u00e1l\",\"url\":\"https:\\\/\\\/dorogimedence.hu\\\/\",\"logo\":{\"@type\":\"ImageObject\",\"inLanguage\":\"hu\",\"@id\":\"https:\\\/\\\/dorogimedence.hu\\\/#\\\/schema\\\/logo\\\/image\\\/\",\"url\":\"https:\\\/\\\/dorogimedence.hu\\\/wp-content\\\/uploads\\\/2021\\\/04\\\/logo-feher-600.png\",\"contentUrl\":\"https:\\\/\\\/dorogimedence.hu\\\/wp-content\\\/uploads\\\/2021\\\/04\\\/logo-feher-600.png\",\"width\":600,\"height\":100,\"caption\":\"Dorogi-medence Region\u00e1lis H\u00edrport\u00e1l\"},\"image\":{\"@id\":\"https:\\\/\\\/dorogimedence.hu\\\/#\\\/schema\\\/logo\\\/image\\\/\"},\"sameAs\":[\"https:\\\/\\\/www.facebook.com\\\/dorogimedence\\\/\"]},{\"@type\":\"Person\",\"@id\":\"https:\\\/\\\/dorogimedence.hu\\\/#\\\/schema\\\/person\\\/ce6091eeb7e95ecdc87890d6aa8e0fd4\",\"name\":\"dorogimedence.hu\",\"image\":{\"@type\":\"ImageObject\",\"inLanguage\":\"hu\",\"@id\":\"\\\/\\\/www.gravatar.com\\\/avatar\\\/d8d45f8901aadff40a4af72c0b826f1d?s=96&#038;r=g&#038;d=mm\",\"url\":\"\\\/\\\/www.gravatar.com\\\/avatar\\\/d8d45f8901aadff40a4af72c0b826f1d?s=96&#038;r=g&#038;d=mm\",\"contentUrl\":\"\\\/\\\/www.gravatar.com\\\/avatar\\\/d8d45f8901aadff40a4af72c0b826f1d?s=96&#038;r=g&#038;d=mm\",\"caption\":\"dorogimedence.hu\"}}]}<\/script>\n<!-- \/ Yoast SEO plugin. -->","yoast_head_json":{"title":"\u00c9vz\u00e1r\u00f3 Borvacsora \u00e9s Zenei Est","robots":{"index":"index","follow":"follow","max-snippet":"max-snippet:-1","max-image-preview":"max-image-preview:large","max-video-preview":"max-video-preview:-1"},"canonical":"https:\/\/dorogimedence.hu\/index.php\/2017\/11\/27\/evzaro-borvacsora-es-zenei-est\/","og_locale":"hu_HU","og_type":"article","og_title":"\u00c9vz\u00e1r\u00f3 Borvacsora \u00e9s Zenei Est","og_description":"December 9-\u00e9n, szombaton 17.30-kor Borvacsora \u00e9s Zenei Est heted h\u00e9t orsz\u00e1gb\u00f3l c\u00edmmel \u00e9vz\u00e1r\u00f3t tartanak az Esztergomi V\u00e1r K\u00e1v\u00e9z\u00f3ban. A vacsor\u00e1t nem h\u00e9tk\u00f6znapi m\u00f3don szerv\u00edrozz\u00e1k, az el\u0151\u00e9telt\u0151l eg\u00e9szen a desszertig v\u00e9gigk\u00f3stolhatjuk a sv\u00e9dek, a spanyolok, a franci\u00e1k, az olaszok, a n\u00e9metek, az osztr\u00e1kok \u00e9s a magyarok egy-egy specialit\u00e1s\u00e1t. Mindemellett pedig 8 k\u00fcl\u00f6nb\u00f6z\u0151 bort is v\u00e9gig k\u00f3stolhatunk","og_url":"https:\/\/dorogimedence.hu\/index.php\/2017\/11\/27\/evzaro-borvacsora-es-zenei-est\/","og_site_name":"Dorogi-medence Region\u00e1lis H\u00edrport\u00e1l","article_publisher":"https:\/\/www.facebook.com\/dorogimedence\/","article_published_time":"2017-11-27T17:44:08+00:00","og_image":[{"width":670,"height":365,"url":"https:\/\/i0.wp.com\/dorogimedence.hu\/wp-content\/uploads\/2017\/11\/evzaro-varkavezo.jpg?fit=670%2C365&ssl=1","type":"image\/jpeg"}],"author":"dorogimedence.hu","twitter_card":"summary_large_image","twitter_misc":{"Szerz\u0151:":"dorogimedence.hu","Becs\u00fclt olvas\u00e1si id\u0151":"1 perc"},"schema":{"@context":"https:\/\/schema.org","@graph":[{"@type":"Article","@id":"https:\/\/dorogimedence.hu\/index.php\/2017\/11\/27\/evzaro-borvacsora-es-zenei-est\/#article","isPartOf":{"@id":"https:\/\/dorogimedence.hu\/index.php\/2017\/11\/27\/evzaro-borvacsora-es-zenei-est\/"},"author":{"name":"dorogimedence.hu","@id":"https:\/\/dorogimedence.hu\/#\/schema\/person\/ce6091eeb7e95ecdc87890d6aa8e0fd4"},"headline":"\u00c9vz\u00e1r\u00f3 Borvacsora \u00e9s Zenei Est","datePublished":"2017-11-27T17:44:08+00:00","mainEntityOfPage":{"@id":"https:\/\/dorogimedence.hu\/index.php\/2017\/11\/27\/evzaro-borvacsora-es-zenei-est\/"},"wordCount":169,"publisher":{"@id":"https:\/\/dorogimedence.hu\/#organization"},"image":{"@id":"https:\/\/dorogimedence.hu\/index.php\/2017\/11\/27\/evzaro-borvacsora-es-zenei-est\/#primaryimage"},"thumbnailUrl":"https:\/\/dorogimedence.hu\/wp-content\/uploads\/2017\/11\/evzaro-varkavezo.jpg","keywords":["Borvacsora","esztergom","\u00c9vz\u00e1r\u00f3","Lip\u00f3t-terasz","V\u00e1r K\u00e1v\u00e9z\u00f3","zenei est"],"articleSection":["Esztergom","H\u00edrek"],"inLanguage":"hu"},{"@type":"WebPage","@id":"https:\/\/dorogimedence.hu\/index.php\/2017\/11\/27\/evzaro-borvacsora-es-zenei-est\/","url":"https:\/\/dorogimedence.hu\/index.php\/2017\/11\/27\/evzaro-borvacsora-es-zenei-est\/","name":"\u00c9vz\u00e1r\u00f3 Borvacsora \u00e9s Zenei Est","isPartOf":{"@id":"https:\/\/dorogimedence.hu\/#website"},"primaryImageOfPage":{"@id":"https:\/\/dorogimedence.hu\/index.php\/2017\/11\/27\/evzaro-borvacsora-es-zenei-est\/#primaryimage"},"image":{"@id":"https:\/\/dorogimedence.hu\/index.php\/2017\/11\/27\/evzaro-borvacsora-es-zenei-est\/#primaryimage"},"thumbnailUrl":"https:\/\/dorogimedence.hu\/wp-content\/uploads\/2017\/11\/evzaro-varkavezo.jpg","datePublished":"2017-11-27T17:44:08+00:00","breadcrumb":{"@id":"https:\/\/dorogimedence.hu\/index.php\/2017\/11\/27\/evzaro-borvacsora-es-zenei-est\/#breadcrumb"},"inLanguage":"hu","potentialAction":[{"@type":"ReadAction","target":["https:\/\/dorogimedence.hu\/index.php\/2017\/11\/27\/evzaro-borvacsora-es-zenei-est\/"]}]},{"@type":"ImageObject","inLanguage":"hu","@id":"https:\/\/dorogimedence.hu\/index.php\/2017\/11\/27\/evzaro-borvacsora-es-zenei-est\/#primaryimage","url":"https:\/\/dorogimedence.hu\/wp-content\/uploads\/2017\/11\/evzaro-varkavezo.jpg","contentUrl":"https:\/\/dorogimedence.hu\/wp-content\/uploads\/2017\/11\/evzaro-varkavezo.jpg","width":670,"height":365},{"@type":"BreadcrumbList","@id":"https:\/\/dorogimedence.hu\/index.php\/2017\/11\/27\/evzaro-borvacsora-es-zenei-est\/#breadcrumb","itemListElement":[{"@type":"ListItem","position":1,"name":"Kezd\u0151lap","item":"https:\/\/dorogimedence.hu\/"},{"@type":"ListItem","position":2,"name":"\u00c9vz\u00e1r\u00f3 Borvacsora \u00e9s Zenei Est"}]},{"@type":"WebSite","@id":"https:\/\/dorogimedence.hu\/#website","url":"https:\/\/dorogimedence.hu\/","name":"Dorogi-medence Region\u00e1lis H\u00edrport\u00e1l","description":"Dorog, Keszt\u00f6lc, Le\u00e1nyv\u00e1r, Piliscs\u00e9v, Tokod, Tokodalt\u00e1r\u00f3, Csolnok, Esztergom-kertv\u00e1ros: h\u00edrek, programok","publisher":{"@id":"https:\/\/dorogimedence.hu\/#organization"},"potentialAction":[{"@type":"SearchAction","target":{"@type":"EntryPoint","urlTemplate":"https:\/\/dorogimedence.hu\/?s={search_term_string}"},"query-input":{"@type":"PropertyValueSpecification","valueRequired":true,"valueName":"search_term_string"}}],"inLanguage":"hu"},{"@type":"Organization","@id":"https:\/\/dorogimedence.hu\/#organization","name":"Dorogi-medence Region\u00e1lis H\u00edrport\u00e1l","url":"https:\/\/dorogimedence.hu\/","logo":{"@type":"ImageObject","inLanguage":"hu","@id":"https:\/\/dorogimedence.hu\/#\/schema\/logo\/image\/","url":"https:\/\/dorogimedence.hu\/wp-content\/uploads\/2021\/04\/logo-feher-600.png","contentUrl":"https:\/\/dorogimedence.hu\/wp-content\/uploads\/2021\/04\/logo-feher-600.png","width":600,"height":100,"caption":"Dorogi-medence Region\u00e1lis H\u00edrport\u00e1l"},"image":{"@id":"https:\/\/dorogimedence.hu\/#\/schema\/logo\/image\/"},"sameAs":["https:\/\/www.facebook.com\/dorogimedence\/"]},{"@type":"Person","@id":"https:\/\/dorogimedence.hu\/#\/schema\/person\/ce6091eeb7e95ecdc87890d6aa8e0fd4","name":"dorogimedence.hu","image":{"@type":"ImageObject","inLanguage":"hu","@id":"\/\/www.gravatar.com\/avatar\/d8d45f8901aadff40a4af72c0b826f1d?s=96&#038;r=g&#038;d=mm","url":"\/\/www.gravatar.com\/avatar\/d8d45f8901aadff40a4af72c0b826f1d?s=96&#038;r=g&#038;d=mm","contentUrl":"\/\/www.gravatar.com\/avatar\/d8d45f8901aadff40a4af72c0b826f1d?s=96&#038;r=g&#038;d=mm","caption":"dorogimedence.hu"}}]}},"_links":{"self":[{"href":"https:\/\/dorogimedence.hu\/index.php\/wp-json\/wp\/v2\/posts\/7029","targetHints":{"allow":["GET"]}}],"collection":[{"href":"https:\/\/dorogimedence.hu\/index.php\/wp-json\/wp\/v2\/posts"}],"about":[{"href":"https:\/\/dorogimedence.hu\/index.php\/wp-json\/wp\/v2\/types\/post"}],"author":[{"embeddable":true,"href":"https:\/\/dorogimedence.hu\/index.php\/wp-json\/wp\/v2\/users\/1"}],"replies":[{"embeddable":true,"href":"https:\/\/dorogimedence.hu\/index.php\/wp-json\/wp\/v2\/comments?post=7029"}],"version-history":[{"count":0,"href":"https:\/\/dorogimedence.hu\/index.php\/wp-json\/wp\/v2\/posts\/7029\/revisions"}],"wp:featuredmedia":[{"embeddable":true,"href":"https:\/\/dorogimedence.hu\/index.php\/wp-json\/wp\/v2\/media\/7031"}],"wp:attachment":[{"href":"https:\/\/dorogimedence.hu\/index.php\/wp-json\/wp\/v2\/media?parent=7029"}],"wp:term":[{"taxonomy":"category","embeddable":true,"href":"https:\/\/dorogimedence.hu\/index.php\/wp-json\/wp\/v2\/categories?post=7029"},{"taxonomy":"post_tag","embeddable":true,"href":"https:\/\/dorogimedence.hu\/index.php\/wp-json\/wp\/v2\/tags?post=7029"}],"curies":[{"name":"wp","href":"https:\/\/api.w.org\/{rel}","templated":true}]}}