{"id":70198,"date":"2025-04-11T11:40:33","date_gmt":"2025-04-11T09:40:33","guid":{"rendered":"https:\/\/dorogimedence.hu\/?p=70198"},"modified":"2025-04-11T11:44:49","modified_gmt":"2025-04-11T09:44:49","slug":"esztergomban-tartjak-meg-a-harmincadik-varosi-polgarmesterek-randevujat","status":"publish","type":"post","link":"https:\/\/dorogimedence.hu\/index.php\/2025\/04\/11\/esztergomban-tartjak-meg-a-harmincadik-varosi-polgarmesterek-randevujat\/","title":{"rendered":"Esztergomban tartj\u00e1k meg a harmincadik V\u00e1rosi Polg\u00e1rmesterek Randev\u00faj\u00e1t"},"content":{"rendered":"<p><strong>Hern\u00e1di \u00c1d\u00e1m, Esztergom Megyei Jog\u00fa V\u00e1ros polg\u00e1rmestere \u00e9s dr. Oltv\u00e1nyi Tam\u00e1s az \u00f6tletgazda-rendez\u0151 Szf\u00e9ra \u00fcgyvezet\u0151je \u00e1prilis 10-\u00e9n sajt\u00f3t\u00e1j\u00e9koztat\u00f3n jelentette be, hogy az egyik legnagyobb hagyom\u00e1nnyal b\u00edr\u00f3 \u00f6nkorm\u00e1nyzati rendezv\u00e9ny, a XXX. V\u00e1rosi Polg\u00e1rmesterek Randev\u00faja helysz\u00edne 2025. j\u00fanius 3-\u00e1n 11 \u00f3r\u00e1t\u00f3l Esztergomban lesz, a Szent Adalbert Rendezv\u00e9nyk\u00f6zpont D\u00edszterm\u00e9ben. A rendezv\u00e9ny f\u0151v\u00e9dn\u00f6ke dr. Navracsics Tibor k\u00f6zigazgat\u00e1si \u00e9s ter\u00fcletfejleszt\u00e9si miniszter <\/strong><em>&#8211; k\u00f6z\u00f6lt\u00e9k a <a href=\"https:\/\/www.szferaeuropa.hu\/\" target=\"_blank\" rel=\"noopener\"><span style=\"text-decoration: underline; color: #0000ff;\">szervez\u0151k<\/span><\/a>.<\/em><\/p>\n<p>Esztergom Magyarorsz\u00e1g egyik legr\u00e9gebbi v\u00e1rosa, amely az \u0151skorban lakott volt; a V\u00e1rhegyen \u00e9s k\u00f6rny\u00e9k\u00e9n 18-20 ezer \u00e9ves telep\u00fcl\u00e9snyomokat t\u00e1rtak fel. A 10. sz\u00e1zadban G\u00e9za fejedelem Esztergomot tette meg sz\u00e9khely\u00e9\u00fcl, itt sz\u00fcletett fia, Vajk, a k\u00e9s\u0151bbi Szent Istv\u00e1n kir\u00e1ly. Istv\u00e1n uralkod\u00e1sa alatt Esztergom az orsz\u00e1g vall\u00e1si k\u00f6zpontj\u00e1v\u00e1 v\u00e1lt, itt alap\u00edtott\u00e1k meg Magyarorsz\u00e1g els\u0151 \u00e9rseks\u00e9g\u00e9t. A t\u00f6r\u00f6k h\u00f3dolts\u00e1g idej\u00e9n, 1543-t\u00f3l 1683-ig, Esztergom oszm\u00e1n uralom alatt \u00e1llt, \u00e9s ez id\u0151 alatt jelent\u0151s k\u00e1rokat szenvedett. A 18. \u00e9s 19. sz\u00e1zadban a v\u00e1ros \u00fajj\u00e1\u00e9p\u00fclt, \u00e9s 1820-ban visszanyerte \u00e9rseki sz\u00e9khely st\u00e1tusz\u00e1t. Ekkor kezd\u0151d\u00f6tt meg a ma is l\u00e1that\u00f3 bazilika \u00e9p\u00edt\u00e9se, amely 1856-ban k\u00e9sz\u00fclt el. A 20. sz\u00e1zadban Esztergom hat\u00e1rv\u00e1ross\u00e1 v\u00e1lt, k\u00fcl\u00f6n\u00f6sen Trianon, majd a II. vil\u00e1gh\u00e1bor\u00fat k\u00f6vet\u0151 szovjet megsz\u00e1ll\u00e1s brut\u00e1lis elnyom\u00f3int\u00e9zked\u00e9sei nyom\u00e1n, amikor elvesztette kor\u00e1bbi vonz\u00e1sk\u00f6rzet\u00e9nek jelent\u0151s r\u00e9sz\u00e9t, az egyh\u00e1z m\u0171k\u00f6d\u00e9s\u00e9t minden eszk\u00f6zzel akad\u00e1lyozt\u00e1k. M\u00e1ra a v\u00e1ros visszanyerte kor\u00e1bbi egyh\u00e1zi jogait, politikai \u00e9s gazdas\u00e1gi befoly\u00e1s\u00e1t, jelent\u0151s kultur\u00e1lis \u00e9s t\u00f6rt\u00e9nelmi k\u00f6zpontt\u00e1 v\u00e1lt, sz\u00e1mos m\u0171eml\u00e9kkel \u00e9s m\u00fazeummal v\u00e1rja a l\u00e1togat\u00f3kat.<\/p>\n<p>A v\u00e1rosvezet\u0151k \u00e9vente megrendez\u00e9sre ker\u00fcl\u0151 tal\u00e1lkoz\u00f3j\u00e1t az \u00f6tletgazda Szf\u00e9ra 1995 \u00f3ta rendezi meg (2021-ben a pand\u00e9mia miatt a rendezv\u00e9nyt nem tudt\u00e1k megtartani). Polg\u00e1rmesterek, alpolg\u00e1rmesterek \u00e9s jegyz\u0151k randev\u00faztak Veszpr\u00e9mben, Szolnokon, V\u00e1cott, Kiskunf\u00e9legyh\u00e1z\u00e1n, Szeksz\u00e1rdon, Szegeden, H\u00e9v\u00edzen, Budapesten, Szarvason, Gy\u00f6ngy\u00f6s\u00f6n, Hajd\u00fab\u00f6sz\u00f6rm\u00e9nyben, Kecskem\u00e9ten, P\u00e9csen, Zalaegerszegen, Szombathelyen, Debrecenben, Szolnokon, Tihanyban, B\u00e9k\u00e9scsab\u00e1n, Budapesten, P\u00e9csen, Szerencsen, Balatonf\u00fcreden, Hajd\u00faszoboszl\u00f3n, Velenc\u00e9n, Szarvason, Kom\u00e1romban, Zalaegerszegen \u00e9s Karcagon.<\/p>\n<p>Az id\u00e9n j\u00fanius 3-\u00e1n, cs\u00fct\u00f6rt\u00f6k\u00f6n 11 \u00f3r\u00e1t\u00f3l Esztergomban lesz az esem\u00e9ny, amelynek f\u0151sz\u00f3noka dr. Dukai Mikl\u00f3s \u00f6nkorm\u00e1nyzati \u00e1llamtitk\u00e1r. Az esem\u00e9nyen \u00e1tadj\u00e1k a Szf\u00e9ra \u00e1ltal alap\u00edtott, az \u201e\u00c9v polg\u00e1rmestere\u201d, \u201e\u00c9v alpolg\u00e1rmestere\u201d \u00e9s az \u201e\u00c9v jegyz\u0151je\u201d d\u00edjakat, melyeket azok a v\u00e1rosvezet\u0151k kapj\u00e1k, akik a polg\u00e1rok szavazatai alapj\u00e1n legink\u00e1bb ki\u00e9rdemelt\u00e9k a lakoss\u00e1g megbecs\u00fcl\u00e9s\u00e9t. A d\u00edj Sz\u00e1sz Endre lin\u00f3metszete. Szavazni kiz\u00e1r\u00f3lag a rendezv\u00e9ny honlapj\u00e1n (<a href=\"https:\/\/www.szferaeuropa.hu\/\" target=\"_blank\" rel=\"noopener\"><span style=\"text-decoration: underline;\"><span style=\"color: #0000ff; text-decoration: underline;\">www.szferaeuropa.hu<\/span><\/span><\/a>) lehet 2025. \u00e1prilis 15-t\u0151l m\u00e1jus 15-\u00e9n \u00e9jf\u00e9lig. Egy mailc\u00edmr\u0151l egy szavazat adhat\u00f3 le. A tavalyi voksol\u00e1son megv\u00e1lasztott v\u00e1rosvezet\u0151kre m\u00e1r lehet szavazni, s a Szf\u00e9ra j\u00falius 15-\u00e9ig \u00e1ll rendelkez\u00e9sre az idei VPR-v\u00e1laszt\u00e1ssal kapcsolatos k\u00e9rd\u00e9sre. Teh\u00e1t k\u00e9t h\u00f3napig, ahogyan a m\u00faltban is volt.<\/p>\n<p>Az esem\u00e9nyen a Porsche Hungaria tesztvezet\u00e9st rendez. R\u00f6videsen \u2013 a hogyan a v\u00e1rosvezet\u0151k m\u00e1r megszokhatt\u00e1k honlapunkon \u2013 k\u00f6zz\u00e9tessz\u00fck, milyen g\u00e9pkocsikat lesz szerencs\u00e9j\u00fck kipr\u00f3b\u00e1lni. Fontos, jogos\u00edtv\u00e1nyukat ne feledj\u00e9k el magukkal hozni!<\/p>\n<p>Az esem\u00e9ny t\u00e1mogat\u00f3i: MBH Bank Nyrt., Magyar Telekom Nyrt., Porsche Hungaria Kereskedelmi Kft.<\/p>\n<p><em>Forr\u00e1s: Szf\u00e9ra Eur\u00f3pa<\/em><br \/>\n<i>Bor\u00edt\u00f3k\u00e9p: Hern\u00e1di \u00c1d\u00e1m, Esztergom v\u00e1rosvezet\u0151je tavaly lett az \u00e9v polg\u00e1rmestere (Fot\u00f3: MTI\/Purger Tam\u00e1s)<\/i><\/p>\n","protected":false},"excerpt":{"rendered":"<p>Hern\u00e1di \u00c1d\u00e1m, Esztergom Megyei Jog\u00fa V\u00e1ros polg\u00e1rmestere \u00e9s dr. Oltv\u00e1nyi Tam\u00e1s az \u00f6tletgazda-rendez\u0151 Szf\u00e9ra \u00fcgyvezet\u0151je \u00e1prilis 10-\u00e9n sajt\u00f3t\u00e1j\u00e9koztat\u00f3n jelentette be, hogy az egyik legnagyobb hagyom\u00e1nnyal b\u00edr\u00f3 \u00f6nkorm\u00e1nyzati rendezv\u00e9ny, a XXX. V\u00e1rosi Polg\u00e1rmesterek Randev\u00faja helysz\u00edne 2025. j\u00fanius 3-\u00e1n 11 \u00f3r\u00e1t\u00f3l Esztergomban lesz, a Szent Adalbert Rendezv\u00e9nyk\u00f6zpont D\u00edszterm\u00e9ben. A rendezv\u00e9ny f\u0151v\u00e9dn\u00f6ke dr. Navracsics Tibor k\u00f6zigazgat\u00e1si \u00e9s ter\u00fcletfejleszt\u00e9si<\/p>\n","protected":false},"author":1,"featured_media":0,"comment_status":"closed","ping_status":"closed","sticky":false,"template":"","format":"standard","meta":{"ngg_post_thumbnail":0,"footnotes":""},"categories":[38,3],"tags":[42,8020,5624,8332,8333],"class_list":{"0":"post-70198","1":"post","2":"type-post","3":"status-publish","4":"format-standard","6":"category-esztergom","7":"category-hirek","8":"tag-esztergom","9":"tag-ev-polgarmestere","10":"tag-featured","11":"tag-szfera","12":"tag-varosi-polgarmesterek-randevuja"},"yoast_head":"<!-- This site is optimized with the Yoast SEO plugin v27.4 - https:\/\/yoast.com\/product\/yoast-seo-wordpress\/ -->\n<title>Esztergomban tartj\u00e1k meg a harmincadik V\u00e1rosi Polg\u00e1rmesterek Randev\u00faj\u00e1t<\/title>\n<meta name=\"robots\" content=\"index, follow, max-snippet:-1, max-image-preview:large, max-video-preview:-1\" \/>\n<link rel=\"canonical\" href=\"https:\/\/dorogimedence.hu\/index.php\/2025\/04\/11\/esztergomban-tartjak-meg-a-harmincadik-varosi-polgarmesterek-randevujat\/\" class=\"yoast-seo-meta-tag\" \/>\n<meta property=\"og:locale\" content=\"hu_HU\" class=\"yoast-seo-meta-tag\" \/>\n<meta property=\"og:type\" content=\"article\" class=\"yoast-seo-meta-tag\" \/>\n<meta property=\"og:title\" content=\"Esztergomban tartj\u00e1k meg a harmincadik V\u00e1rosi Polg\u00e1rmesterek Randev\u00faj\u00e1t\" class=\"yoast-seo-meta-tag\" \/>\n<meta property=\"og:description\" content=\"Hern\u00e1di \u00c1d\u00e1m, Esztergom Megyei Jog\u00fa V\u00e1ros polg\u00e1rmestere \u00e9s dr. Oltv\u00e1nyi Tam\u00e1s az \u00f6tletgazda-rendez\u0151 Szf\u00e9ra \u00fcgyvezet\u0151je \u00e1prilis 10-\u00e9n sajt\u00f3t\u00e1j\u00e9koztat\u00f3n jelentette be, hogy az egyik legnagyobb hagyom\u00e1nnyal b\u00edr\u00f3 \u00f6nkorm\u00e1nyzati rendezv\u00e9ny, a XXX. V\u00e1rosi Polg\u00e1rmesterek Randev\u00faja helysz\u00edne 2025. j\u00fanius 3-\u00e1n 11 \u00f3r\u00e1t\u00f3l Esztergomban lesz, a Szent Adalbert Rendezv\u00e9nyk\u00f6zpont D\u00edszterm\u00e9ben. A rendezv\u00e9ny f\u0151v\u00e9dn\u00f6ke dr. Navracsics Tibor k\u00f6zigazgat\u00e1si \u00e9s ter\u00fcletfejleszt\u00e9si\" class=\"yoast-seo-meta-tag\" \/>\n<meta property=\"og:url\" content=\"https:\/\/dorogimedence.hu\/index.php\/2025\/04\/11\/esztergomban-tartjak-meg-a-harmincadik-varosi-polgarmesterek-randevujat\/\" class=\"yoast-seo-meta-tag\" \/>\n<meta property=\"og:site_name\" content=\"Dorogi-medence Region\u00e1lis H\u00edrport\u00e1l\" class=\"yoast-seo-meta-tag\" \/>\n<meta property=\"article:publisher\" content=\"https:\/\/www.facebook.com\/dorogimedence\/\" class=\"yoast-seo-meta-tag\" \/>\n<meta property=\"article:published_time\" content=\"2025-04-11T09:40:33+00:00\" class=\"yoast-seo-meta-tag\" \/>\n<meta property=\"article:modified_time\" content=\"2025-04-11T09:44:49+00:00\" class=\"yoast-seo-meta-tag\" \/>\n<meta property=\"og:image\" content=\"https:\/\/dorogimedence.hu\/wp-content\/uploads\/2025\/04\/hernadi-adam.jpg\" class=\"yoast-seo-meta-tag\" \/>\n\t<meta property=\"og:image:width\" content=\"1920\" class=\"yoast-seo-meta-tag\" \/>\n\t<meta property=\"og:image:height\" content=\"970\" class=\"yoast-seo-meta-tag\" \/>\n\t<meta property=\"og:image:type\" content=\"image\/jpeg\" class=\"yoast-seo-meta-tag\" \/>\n<meta name=\"author\" content=\"dorogimedence.hu\" class=\"yoast-seo-meta-tag\" \/>\n<meta name=\"twitter:card\" content=\"summary_large_image\" class=\"yoast-seo-meta-tag\" \/>\n<meta name=\"twitter:label1\" content=\"Szerz\u0151:\" class=\"yoast-seo-meta-tag\" \/>\n\t<meta name=\"twitter:data1\" content=\"dorogimedence.hu\" class=\"yoast-seo-meta-tag\" \/>\n\t<meta name=\"twitter:label2\" content=\"Becs\u00fclt olvas\u00e1si id\u0151\" class=\"yoast-seo-meta-tag\" \/>\n\t<meta name=\"twitter:data2\" content=\"4 perc\" class=\"yoast-seo-meta-tag\" \/>\n<script type=\"application\/ld+json\" class=\"yoast-schema-graph\">{\"@context\":\"https:\\\/\\\/schema.org\",\"@graph\":[{\"@type\":\"Article\",\"@id\":\"https:\\\/\\\/dorogimedence.hu\\\/index.php\\\/2025\\\/04\\\/11\\\/esztergomban-tartjak-meg-a-harmincadik-varosi-polgarmesterek-randevujat\\\/#article\",\"isPartOf\":{\"@id\":\"https:\\\/\\\/dorogimedence.hu\\\/index.php\\\/2025\\\/04\\\/11\\\/esztergomban-tartjak-meg-a-harmincadik-varosi-polgarmesterek-randevujat\\\/\"},\"author\":{\"name\":\"dorogimedence.hu\",\"@id\":\"https:\\\/\\\/dorogimedence.hu\\\/#\\\/schema\\\/person\\\/ce6091eeb7e95ecdc87890d6aa8e0fd4\"},\"headline\":\"Esztergomban tartj\u00e1k meg a harmincadik V\u00e1rosi Polg\u00e1rmesterek Randev\u00faj\u00e1t\",\"datePublished\":\"2025-04-11T09:40:33+00:00\",\"dateModified\":\"2025-04-11T09:44:49+00:00\",\"mainEntityOfPage\":{\"@id\":\"https:\\\/\\\/dorogimedence.hu\\\/index.php\\\/2025\\\/04\\\/11\\\/esztergomban-tartjak-meg-a-harmincadik-varosi-polgarmesterek-randevujat\\\/\"},\"wordCount\":722,\"publisher\":{\"@id\":\"https:\\\/\\\/dorogimedence.hu\\\/#organization\"},\"keywords\":[\"esztergom\",\"\u00c9v Polg\u00e1rmestere\",\"featured\",\"szf\u00e9ra\",\"V\u00e1rosi Polg\u00e1rmesterek Randev\u00faja\"],\"articleSection\":[\"Esztergom\",\"H\u00edrek\"],\"inLanguage\":\"hu\"},{\"@type\":\"WebPage\",\"@id\":\"https:\\\/\\\/dorogimedence.hu\\\/index.php\\\/2025\\\/04\\\/11\\\/esztergomban-tartjak-meg-a-harmincadik-varosi-polgarmesterek-randevujat\\\/\",\"url\":\"https:\\\/\\\/dorogimedence.hu\\\/index.php\\\/2025\\\/04\\\/11\\\/esztergomban-tartjak-meg-a-harmincadik-varosi-polgarmesterek-randevujat\\\/\",\"name\":\"Esztergomban tartj\u00e1k meg a harmincadik V\u00e1rosi Polg\u00e1rmesterek Randev\u00faj\u00e1t\",\"isPartOf\":{\"@id\":\"https:\\\/\\\/dorogimedence.hu\\\/#website\"},\"datePublished\":\"2025-04-11T09:40:33+00:00\",\"dateModified\":\"2025-04-11T09:44:49+00:00\",\"breadcrumb\":{\"@id\":\"https:\\\/\\\/dorogimedence.hu\\\/index.php\\\/2025\\\/04\\\/11\\\/esztergomban-tartjak-meg-a-harmincadik-varosi-polgarmesterek-randevujat\\\/#breadcrumb\"},\"inLanguage\":\"hu\",\"potentialAction\":[{\"@type\":\"ReadAction\",\"target\":[\"https:\\\/\\\/dorogimedence.hu\\\/index.php\\\/2025\\\/04\\\/11\\\/esztergomban-tartjak-meg-a-harmincadik-varosi-polgarmesterek-randevujat\\\/\"]}]},{\"@type\":\"BreadcrumbList\",\"@id\":\"https:\\\/\\\/dorogimedence.hu\\\/index.php\\\/2025\\\/04\\\/11\\\/esztergomban-tartjak-meg-a-harmincadik-varosi-polgarmesterek-randevujat\\\/#breadcrumb\",\"itemListElement\":[{\"@type\":\"ListItem\",\"position\":1,\"name\":\"Kezd\u0151lap\",\"item\":\"https:\\\/\\\/dorogimedence.hu\\\/\"},{\"@type\":\"ListItem\",\"position\":2,\"name\":\"Esztergomban tartj\u00e1k meg a harmincadik V\u00e1rosi Polg\u00e1rmesterek Randev\u00faj\u00e1t\"}]},{\"@type\":\"WebSite\",\"@id\":\"https:\\\/\\\/dorogimedence.hu\\\/#website\",\"url\":\"https:\\\/\\\/dorogimedence.hu\\\/\",\"name\":\"Dorogi-medence Region\u00e1lis H\u00edrport\u00e1l\",\"description\":\"Dorog, Keszt\u00f6lc, Le\u00e1nyv\u00e1r, Piliscs\u00e9v, Tokod, Tokodalt\u00e1r\u00f3, Csolnok, Esztergom-kertv\u00e1ros: h\u00edrek, programok\",\"publisher\":{\"@id\":\"https:\\\/\\\/dorogimedence.hu\\\/#organization\"},\"potentialAction\":[{\"@type\":\"SearchAction\",\"target\":{\"@type\":\"EntryPoint\",\"urlTemplate\":\"https:\\\/\\\/dorogimedence.hu\\\/?s={search_term_string}\"},\"query-input\":{\"@type\":\"PropertyValueSpecification\",\"valueRequired\":true,\"valueName\":\"search_term_string\"}}],\"inLanguage\":\"hu\"},{\"@type\":\"Organization\",\"@id\":\"https:\\\/\\\/dorogimedence.hu\\\/#organization\",\"name\":\"Dorogi-medence Region\u00e1lis H\u00edrport\u00e1l\",\"url\":\"https:\\\/\\\/dorogimedence.hu\\\/\",\"logo\":{\"@type\":\"ImageObject\",\"inLanguage\":\"hu\",\"@id\":\"https:\\\/\\\/dorogimedence.hu\\\/#\\\/schema\\\/logo\\\/image\\\/\",\"url\":\"https:\\\/\\\/dorogimedence.hu\\\/wp-content\\\/uploads\\\/2021\\\/04\\\/logo-feher-600.png\",\"contentUrl\":\"https:\\\/\\\/dorogimedence.hu\\\/wp-content\\\/uploads\\\/2021\\\/04\\\/logo-feher-600.png\",\"width\":600,\"height\":100,\"caption\":\"Dorogi-medence Region\u00e1lis H\u00edrport\u00e1l\"},\"image\":{\"@id\":\"https:\\\/\\\/dorogimedence.hu\\\/#\\\/schema\\\/logo\\\/image\\\/\"},\"sameAs\":[\"https:\\\/\\\/www.facebook.com\\\/dorogimedence\\\/\"]},{\"@type\":\"Person\",\"@id\":\"https:\\\/\\\/dorogimedence.hu\\\/#\\\/schema\\\/person\\\/ce6091eeb7e95ecdc87890d6aa8e0fd4\",\"name\":\"dorogimedence.hu\",\"image\":{\"@type\":\"ImageObject\",\"inLanguage\":\"hu\",\"@id\":\"\\\/\\\/www.gravatar.com\\\/avatar\\\/d8d45f8901aadff40a4af72c0b826f1d?s=96&#038;r=g&#038;d=mm\",\"url\":\"\\\/\\\/www.gravatar.com\\\/avatar\\\/d8d45f8901aadff40a4af72c0b826f1d?s=96&#038;r=g&#038;d=mm\",\"contentUrl\":\"\\\/\\\/www.gravatar.com\\\/avatar\\\/d8d45f8901aadff40a4af72c0b826f1d?s=96&#038;r=g&#038;d=mm\",\"caption\":\"dorogimedence.hu\"}}]}<\/script>\n<!-- \/ Yoast SEO plugin. -->","yoast_head_json":{"title":"Esztergomban tartj\u00e1k meg a harmincadik V\u00e1rosi Polg\u00e1rmesterek Randev\u00faj\u00e1t","robots":{"index":"index","follow":"follow","max-snippet":"max-snippet:-1","max-image-preview":"max-image-preview:large","max-video-preview":"max-video-preview:-1"},"canonical":"https:\/\/dorogimedence.hu\/index.php\/2025\/04\/11\/esztergomban-tartjak-meg-a-harmincadik-varosi-polgarmesterek-randevujat\/","og_locale":"hu_HU","og_type":"article","og_title":"Esztergomban tartj\u00e1k meg a harmincadik V\u00e1rosi Polg\u00e1rmesterek Randev\u00faj\u00e1t","og_description":"Hern\u00e1di \u00c1d\u00e1m, Esztergom Megyei Jog\u00fa V\u00e1ros polg\u00e1rmestere \u00e9s dr. Oltv\u00e1nyi Tam\u00e1s az \u00f6tletgazda-rendez\u0151 Szf\u00e9ra \u00fcgyvezet\u0151je \u00e1prilis 10-\u00e9n sajt\u00f3t\u00e1j\u00e9koztat\u00f3n jelentette be, hogy az egyik legnagyobb hagyom\u00e1nnyal b\u00edr\u00f3 \u00f6nkorm\u00e1nyzati rendezv\u00e9ny, a XXX. V\u00e1rosi Polg\u00e1rmesterek Randev\u00faja helysz\u00edne 2025. j\u00fanius 3-\u00e1n 11 \u00f3r\u00e1t\u00f3l Esztergomban lesz, a Szent Adalbert Rendezv\u00e9nyk\u00f6zpont D\u00edszterm\u00e9ben. A rendezv\u00e9ny f\u0151v\u00e9dn\u00f6ke dr. Navracsics Tibor k\u00f6zigazgat\u00e1si \u00e9s ter\u00fcletfejleszt\u00e9si","og_url":"https:\/\/dorogimedence.hu\/index.php\/2025\/04\/11\/esztergomban-tartjak-meg-a-harmincadik-varosi-polgarmesterek-randevujat\/","og_site_name":"Dorogi-medence Region\u00e1lis H\u00edrport\u00e1l","article_publisher":"https:\/\/www.facebook.com\/dorogimedence\/","article_published_time":"2025-04-11T09:40:33+00:00","article_modified_time":"2025-04-11T09:44:49+00:00","og_image":[{"width":1920,"height":970,"url":"https:\/\/dorogimedence.hu\/wp-content\/uploads\/2025\/04\/hernadi-adam.jpg","type":"image\/jpeg"}],"author":"dorogimedence.hu","twitter_card":"summary_large_image","twitter_misc":{"Szerz\u0151:":"dorogimedence.hu","Becs\u00fclt olvas\u00e1si id\u0151":"4 perc"},"schema":{"@context":"https:\/\/schema.org","@graph":[{"@type":"Article","@id":"https:\/\/dorogimedence.hu\/index.php\/2025\/04\/11\/esztergomban-tartjak-meg-a-harmincadik-varosi-polgarmesterek-randevujat\/#article","isPartOf":{"@id":"https:\/\/dorogimedence.hu\/index.php\/2025\/04\/11\/esztergomban-tartjak-meg-a-harmincadik-varosi-polgarmesterek-randevujat\/"},"author":{"name":"dorogimedence.hu","@id":"https:\/\/dorogimedence.hu\/#\/schema\/person\/ce6091eeb7e95ecdc87890d6aa8e0fd4"},"headline":"Esztergomban tartj\u00e1k meg a harmincadik V\u00e1rosi Polg\u00e1rmesterek Randev\u00faj\u00e1t","datePublished":"2025-04-11T09:40:33+00:00","dateModified":"2025-04-11T09:44:49+00:00","mainEntityOfPage":{"@id":"https:\/\/dorogimedence.hu\/index.php\/2025\/04\/11\/esztergomban-tartjak-meg-a-harmincadik-varosi-polgarmesterek-randevujat\/"},"wordCount":722,"publisher":{"@id":"https:\/\/dorogimedence.hu\/#organization"},"keywords":["esztergom","\u00c9v Polg\u00e1rmestere","featured","szf\u00e9ra","V\u00e1rosi Polg\u00e1rmesterek Randev\u00faja"],"articleSection":["Esztergom","H\u00edrek"],"inLanguage":"hu"},{"@type":"WebPage","@id":"https:\/\/dorogimedence.hu\/index.php\/2025\/04\/11\/esztergomban-tartjak-meg-a-harmincadik-varosi-polgarmesterek-randevujat\/","url":"https:\/\/dorogimedence.hu\/index.php\/2025\/04\/11\/esztergomban-tartjak-meg-a-harmincadik-varosi-polgarmesterek-randevujat\/","name":"Esztergomban tartj\u00e1k meg a harmincadik V\u00e1rosi Polg\u00e1rmesterek Randev\u00faj\u00e1t","isPartOf":{"@id":"https:\/\/dorogimedence.hu\/#website"},"datePublished":"2025-04-11T09:40:33+00:00","dateModified":"2025-04-11T09:44:49+00:00","breadcrumb":{"@id":"https:\/\/dorogimedence.hu\/index.php\/2025\/04\/11\/esztergomban-tartjak-meg-a-harmincadik-varosi-polgarmesterek-randevujat\/#breadcrumb"},"inLanguage":"hu","potentialAction":[{"@type":"ReadAction","target":["https:\/\/dorogimedence.hu\/index.php\/2025\/04\/11\/esztergomban-tartjak-meg-a-harmincadik-varosi-polgarmesterek-randevujat\/"]}]},{"@type":"BreadcrumbList","@id":"https:\/\/dorogimedence.hu\/index.php\/2025\/04\/11\/esztergomban-tartjak-meg-a-harmincadik-varosi-polgarmesterek-randevujat\/#breadcrumb","itemListElement":[{"@type":"ListItem","position":1,"name":"Kezd\u0151lap","item":"https:\/\/dorogimedence.hu\/"},{"@type":"ListItem","position":2,"name":"Esztergomban tartj\u00e1k meg a harmincadik V\u00e1rosi Polg\u00e1rmesterek Randev\u00faj\u00e1t"}]},{"@type":"WebSite","@id":"https:\/\/dorogimedence.hu\/#website","url":"https:\/\/dorogimedence.hu\/","name":"Dorogi-medence Region\u00e1lis H\u00edrport\u00e1l","description":"Dorog, Keszt\u00f6lc, Le\u00e1nyv\u00e1r, Piliscs\u00e9v, Tokod, Tokodalt\u00e1r\u00f3, Csolnok, Esztergom-kertv\u00e1ros: h\u00edrek, programok","publisher":{"@id":"https:\/\/dorogimedence.hu\/#organization"},"potentialAction":[{"@type":"SearchAction","target":{"@type":"EntryPoint","urlTemplate":"https:\/\/dorogimedence.hu\/?s={search_term_string}"},"query-input":{"@type":"PropertyValueSpecification","valueRequired":true,"valueName":"search_term_string"}}],"inLanguage":"hu"},{"@type":"Organization","@id":"https:\/\/dorogimedence.hu\/#organization","name":"Dorogi-medence Region\u00e1lis H\u00edrport\u00e1l","url":"https:\/\/dorogimedence.hu\/","logo":{"@type":"ImageObject","inLanguage":"hu","@id":"https:\/\/dorogimedence.hu\/#\/schema\/logo\/image\/","url":"https:\/\/dorogimedence.hu\/wp-content\/uploads\/2021\/04\/logo-feher-600.png","contentUrl":"https:\/\/dorogimedence.hu\/wp-content\/uploads\/2021\/04\/logo-feher-600.png","width":600,"height":100,"caption":"Dorogi-medence Region\u00e1lis H\u00edrport\u00e1l"},"image":{"@id":"https:\/\/dorogimedence.hu\/#\/schema\/logo\/image\/"},"sameAs":["https:\/\/www.facebook.com\/dorogimedence\/"]},{"@type":"Person","@id":"https:\/\/dorogimedence.hu\/#\/schema\/person\/ce6091eeb7e95ecdc87890d6aa8e0fd4","name":"dorogimedence.hu","image":{"@type":"ImageObject","inLanguage":"hu","@id":"\/\/www.gravatar.com\/avatar\/d8d45f8901aadff40a4af72c0b826f1d?s=96&#038;r=g&#038;d=mm","url":"\/\/www.gravatar.com\/avatar\/d8d45f8901aadff40a4af72c0b826f1d?s=96&#038;r=g&#038;d=mm","contentUrl":"\/\/www.gravatar.com\/avatar\/d8d45f8901aadff40a4af72c0b826f1d?s=96&#038;r=g&#038;d=mm","caption":"dorogimedence.hu"}}]}},"_links":{"self":[{"href":"https:\/\/dorogimedence.hu\/index.php\/wp-json\/wp\/v2\/posts\/70198","targetHints":{"allow":["GET"]}}],"collection":[{"href":"https:\/\/dorogimedence.hu\/index.php\/wp-json\/wp\/v2\/posts"}],"about":[{"href":"https:\/\/dorogimedence.hu\/index.php\/wp-json\/wp\/v2\/types\/post"}],"author":[{"embeddable":true,"href":"https:\/\/dorogimedence.hu\/index.php\/wp-json\/wp\/v2\/users\/1"}],"replies":[{"embeddable":true,"href":"https:\/\/dorogimedence.hu\/index.php\/wp-json\/wp\/v2\/comments?post=70198"}],"version-history":[{"count":0,"href":"https:\/\/dorogimedence.hu\/index.php\/wp-json\/wp\/v2\/posts\/70198\/revisions"}],"wp:attachment":[{"href":"https:\/\/dorogimedence.hu\/index.php\/wp-json\/wp\/v2\/media?parent=70198"}],"wp:term":[{"taxonomy":"category","embeddable":true,"href":"https:\/\/dorogimedence.hu\/index.php\/wp-json\/wp\/v2\/categories?post=70198"},{"taxonomy":"post_tag","embeddable":true,"href":"https:\/\/dorogimedence.hu\/index.php\/wp-json\/wp\/v2\/tags?post=70198"}],"curies":[{"name":"wp","href":"https:\/\/api.w.org\/{rel}","templated":true}]}}