{"id":70190,"date":"2025-04-11T10:20:45","date_gmt":"2025-04-11T08:20:45","guid":{"rendered":"https:\/\/dorogimedence.hu\/?p=70190"},"modified":"2025-04-11T10:20:45","modified_gmt":"2025-04-11T08:20:45","slug":"jon-a-nyar-es-hozza-magaval-a-pigmentfoltokat","status":"publish","type":"post","link":"https:\/\/dorogimedence.hu\/index.php\/2025\/04\/11\/jon-a-nyar-es-hozza-magaval-a-pigmentfoltokat\/","title":{"rendered":"J\u00f6n a ny\u00e1r, \u00e9s hozza mag\u00e1val a pigmentfoltokat!"},"content":{"rendered":"<p><strong>A naps\u00fct\u00e9ses h\u00f3napok meg\u00e9rkez\u00e9se sok \u00f6r\u00f6mteli pillanatot tartogat \u2013 hosszabb nappalok, szabadt\u00e9ri programok, nyaral\u00e1sok. \u00c1m a b\u0151r\u00fcnk sz\u00e1m\u00e1ra a ny\u00e1r komoly kih\u00edv\u00e1s is lehet, k\u00fcl\u00f6n\u00f6sen, ha hajlamosak vagyunk a pigmentfoltok kialakul\u00e1s\u00e1ra. A napf\u00e9ny hat\u00e1s\u00e1ra fokoz\u00f3dik a melanin termel\u0151d\u00e9se, ami nemcsak a barnul\u00e1s\u00e9rt, hanem az egyenetlen b\u0151rfelsz\u00ednt eredm\u00e9nyez\u0151 foltok megjelen\u00e9s\u00e9\u00e9rt is felel\u0151s.<\/strong><\/p>\n<h2><b>Els\u00f6pr\u0151 megold\u00e1s a hurrik\u00e1nok ellen<\/b><\/h2>\n<p>A ny\u00e1ri h\u00f3napokban \u00e9rdemes m\u00e1r id\u0151ben felk\u00e9sz\u00edteni b\u0151r\u00fcnket, \u00e9s megel\u0151z\u0151 vagy c\u00e9lzott kezel\u00e9sekkel tenni a <span style=\"text-decoration: underline; color: #0000ff;\"><a style=\"color: #0000ff; text-decoration: underline;\" href=\"https:\/\/spandora.hu\/pigmentfoltok\/\" target=\"_blank\" rel=\"noopener\">pigment foltok ellen<\/a><\/span>. Az egyik leghat\u00e9konyabb megold\u00e1s a Hurrik\u00e1n Kezel\u00e9s, amely a hidrodermabr\u00e1zi\u00f3 erej\u00e9vel halv\u00e1ny\u00edtja a megl\u00e9v\u0151 elsz\u00ednez\u0151d\u00e9seket, mik\u00f6zben t\u00e1mogatja a b\u0151r meg\u00fajul\u00e1s\u00e1t. Ez az elj\u00e1r\u00e1s k\u00fcl\u00f6n\u00f6sen aj\u00e1nlott azoknak, akik a ny\u00e1r bek\u00f6sz\u00f6nt\u00e9vel szeretn\u00e9k megel\u0151zni a foltok er\u0151s\u00f6d\u00e9s\u00e9t, vagy m\u00e1r megl\u00e9v\u0151 pigment\u00e1ci\u00f3val k\u00fczdenek.<\/p>\n<h2><b>Mi\u00e9rt jelennek meg ny\u00e1ron gyakrabban a pigmentfoltok?<\/b><\/h2>\n<p>A pigmentfoltokat leggyakrabban a t\u00falzott UV-sug\u00e1rz\u00e1s okozza. A b\u0151r term\u00e9szetes v\u00e9dekez\u00e9sk\u00e9nt melanin termel\u00e9s\u00e9vel pr\u00f3b\u00e1lja cs\u00f6kkenteni az UV-k\u00e1rosod\u00e1st, azonban ez a folyamat nem mindig egyenletes. \u00cdgy alakulnak ki a s\u00f6t\u00e9tebb foltok, amelyek f\u0151k\u00e9nt az arcon, dekolt\u00e1zson, k\u00e9zfejen \u00e9s v\u00e1llakon jelennek meg. A melegebb h\u00f3napokban a napsug\u00e1rz\u00e1s intenzit\u00e1sa megn\u0151, ez\u00e9rt a b\u0151r sokkal \u00e9rz\u00e9kenyebben reag\u00e1l \u2013 k\u00fcl\u00f6n\u00f6sen akkor, ha m\u00e1r kor\u00e1bban is hajlamos volt a hiperpigment\u00e1ci\u00f3ra.<\/p>\n<h2><b>Hidrodermabr\u00e1zi\u00f3: gyeng\u00e9d, m\u00e9gis hat\u00e9kony megold\u00e1s<\/b><\/h2>\n<p>A Hurrik\u00e1n Kezel\u00e9sk\u00e9nt is ismert hidrodermabr\u00e1zi\u00f3 egy innovat\u00edv, f\u00e1jdalommentes elj\u00e1r\u00e1s, amely a b\u0151rfelsz\u00edn k\u00edm\u00e9letes meg\u00faj\u00edt\u00e1s\u00e1t c\u00e9lozza meg. A kezel\u00e9s sor\u00e1n v\u00edz, oxig\u00e9n \u00e9s v\u00e1kuum egy\u00fcttes hat\u00e1s\u00e1val t\u00e1vol\u00edtj\u00e1k el az elhalt h\u00e1msejteket, mik\u00f6zben hidrat\u00e1l\u00f3, vil\u00e1gos\u00edt\u00f3 hat\u00f3anyagokat juttatnak a b\u0151r m\u00e9lyebb r\u00e9tegeibe. A folyamat serkenti a sejtmeg\u00fajul\u00e1st \u00e9s cs\u00f6kkenti a pigmentfoltok intenzit\u00e1s\u00e1t, mik\u00f6zben friss, ragyog\u00f3 arcb\u0151rt eredm\u00e9nyez.<\/p>\n<h3>Mit tehetsz m\u00e9g, ha hajlamos vagy a foltokra?<\/h3>\n<p>A napf\u00e9ny elleni tudatos v\u00e9dekez\u00e9s elengedhetetlen. Mindennapi f\u00e9nyv\u00e9d\u0151 haszn\u00e1lata minimum SPF 30-as faktorsz\u00e1mmal, sz\u00e9les spektrum\u00fa v\u00e9delemmel aj\u00e1nlott \u2013 nemcsak a strandon, hanem a h\u00e9tk\u00f6znapokon is. Emellett fontos a b\u0151rt bel\u00fclr\u0151l is t\u00e1mogatni elegend\u0151 folyad\u00e9kfogyaszt\u00e1ssal, antioxid\u00e1nsokban gazdag \u00e9trenddel, \u00e9s ha sz\u00fcks\u00e9ges, c\u00e9lzott kieg\u00e9sz\u00edt\u0151kkel. A b\u0151r t\u00f3nus\u00e1nak kiegyenl\u00edt\u00e9s\u00e9re \u00e9s a megl\u00e9v\u0151 foltok halv\u00e1ny\u00edt\u00e1s\u00e1ra pedig hat\u00e9kony kieg\u00e9sz\u00edt\u00e9s a Hurrik\u00e1n Kezel\u00e9s rendszeres ig\u00e9nybev\u00e9tele.<\/p>\n<h3>Mikor \u00e9rdemes kezelni a pigmentfoltokat?<\/h3>\n<p>Ahogy a term\u00e9szet tavasszal \u00e9s ny\u00e1ron \u00faj \u00e9letre kel, \u00fagy a b\u0151r\u00fcnk is ig\u00e9nyli a friss\u00edt\u00e9st, tiszt\u00edt\u00e1st \u00e9s meg\u00fajul\u00e1st. A pigmentfoltok nem csup\u00e1n eszt\u00e9tikai probl\u00e9m\u00e1t jelentenek, hanem a b\u0151r egyens\u00faly\u00e1nak felborul\u00e1s\u00e1ra is utalhatnak. Ez\u00e9rt fontos, hogy tudatosan k\u00e9sz\u00fclj\u00fcnk fel a napos id\u0151szakra, \u00e9s ne csak ny\u00e1ron, hanem eg\u00e9sz \u00e9vben figyelj\u00fcnk a b\u0151r eg\u00e9szs\u00e9g\u00e9re.<\/p>\n<p>A hidrodermabr\u00e1zi\u00f3val kombin\u00e1lt c\u00e9lzott kezel\u00e9sek nemcsak l\u00e1tv\u00e1nyos eredm\u00e9nyt ny\u00fajtanak, hanem seg\u00edtenek megel\u0151zni a ny\u00e1ri b\u0151rk\u00e1rosod\u00e1sokat. \u00cdgy b\u00e1tran \u00e9lvezhetj\u00fck a naps\u00fct\u00e9st, an\u00e9lk\u00fcl, hogy annak nyomai maradand\u00f3an megjelenn\u00e9nek az arcunkon vagy a dekolt\u00e1zsunkon.<\/p>\n","protected":false},"excerpt":{"rendered":"<p>A naps\u00fct\u00e9ses h\u00f3napok meg\u00e9rkez\u00e9se sok \u00f6r\u00f6mteli pillanatot tartogat \u2013 hosszabb nappalok, szabadt\u00e9ri programok, nyaral\u00e1sok. \u00c1m a b\u0151r\u00fcnk sz\u00e1m\u00e1ra a ny\u00e1r komoly kih\u00edv\u00e1s is lehet, k\u00fcl\u00f6n\u00f6sen, ha hajlamosak vagyunk a pigmentfoltok kialakul\u00e1s\u00e1ra. A napf\u00e9ny hat\u00e1s\u00e1ra fokoz\u00f3dik a melanin termel\u0151d\u00e9se, ami nemcsak a barnul\u00e1s\u00e9rt, hanem az egyenetlen b\u0151rfelsz\u00ednt eredm\u00e9nyez\u0151 foltok megjelen\u00e9s\u00e9\u00e9rt is felel\u0151s. Els\u00f6pr\u0151 megold\u00e1s a hurrik\u00e1nok<\/p>\n","protected":false},"author":1,"featured_media":70191,"comment_status":"closed","ping_status":"closed","sticky":false,"template":"","format":"standard","meta":{"ngg_post_thumbnail":0,"footnotes":""},"categories":[3],"tags":[8329,8330],"class_list":{"0":"post-70190","1":"post","2":"type-post","3":"status-publish","4":"format-standard","5":"has-post-thumbnail","7":"category-hirek","8":"tag-napsutes","9":"tag-pigmentfolt"},"yoast_head":"<!-- This site is optimized with the Yoast SEO plugin v27.4 - https:\/\/yoast.com\/product\/yoast-seo-wordpress\/ -->\n<title>J\u00f6n a ny\u00e1r, \u00e9s hozza mag\u00e1val a pigmentfoltokat!<\/title>\n<meta name=\"robots\" content=\"index, follow, max-snippet:-1, max-image-preview:large, max-video-preview:-1\" \/>\n<link rel=\"canonical\" href=\"https:\/\/dorogimedence.hu\/index.php\/2025\/04\/11\/jon-a-nyar-es-hozza-magaval-a-pigmentfoltokat\/\" class=\"yoast-seo-meta-tag\" \/>\n<meta property=\"og:locale\" content=\"hu_HU\" class=\"yoast-seo-meta-tag\" \/>\n<meta property=\"og:type\" content=\"article\" class=\"yoast-seo-meta-tag\" \/>\n<meta property=\"og:title\" content=\"J\u00f6n a ny\u00e1r, \u00e9s hozza mag\u00e1val a pigmentfoltokat!\" class=\"yoast-seo-meta-tag\" \/>\n<meta property=\"og:description\" content=\"A naps\u00fct\u00e9ses h\u00f3napok meg\u00e9rkez\u00e9se sok \u00f6r\u00f6mteli pillanatot tartogat \u2013 hosszabb nappalok, szabadt\u00e9ri programok, nyaral\u00e1sok. \u00c1m a b\u0151r\u00fcnk sz\u00e1m\u00e1ra a ny\u00e1r komoly kih\u00edv\u00e1s is lehet, k\u00fcl\u00f6n\u00f6sen, ha hajlamosak vagyunk a pigmentfoltok kialakul\u00e1s\u00e1ra. A napf\u00e9ny hat\u00e1s\u00e1ra fokoz\u00f3dik a melanin termel\u0151d\u00e9se, ami nemcsak a barnul\u00e1s\u00e9rt, hanem az egyenetlen b\u0151rfelsz\u00ednt eredm\u00e9nyez\u0151 foltok megjelen\u00e9s\u00e9\u00e9rt is felel\u0151s. Els\u00f6pr\u0151 megold\u00e1s a hurrik\u00e1nok\" class=\"yoast-seo-meta-tag\" \/>\n<meta property=\"og:url\" content=\"https:\/\/dorogimedence.hu\/index.php\/2025\/04\/11\/jon-a-nyar-es-hozza-magaval-a-pigmentfoltokat\/\" class=\"yoast-seo-meta-tag\" \/>\n<meta property=\"og:site_name\" content=\"Dorogi-medence Region\u00e1lis H\u00edrport\u00e1l\" class=\"yoast-seo-meta-tag\" \/>\n<meta property=\"article:publisher\" content=\"https:\/\/www.facebook.com\/dorogimedence\/\" class=\"yoast-seo-meta-tag\" \/>\n<meta property=\"article:published_time\" content=\"2025-04-11T08:20:45+00:00\" class=\"yoast-seo-meta-tag\" \/>\n<meta property=\"og:image\" content=\"https:\/\/dorogimedence.hu\/wp-content\/uploads\/2025\/04\/ID-3785.jpg\" class=\"yoast-seo-meta-tag\" \/>\n\t<meta property=\"og:image:width\" content=\"2000\" class=\"yoast-seo-meta-tag\" \/>\n\t<meta property=\"og:image:height\" content=\"1600\" class=\"yoast-seo-meta-tag\" \/>\n\t<meta property=\"og:image:type\" content=\"image\/jpeg\" class=\"yoast-seo-meta-tag\" \/>\n<meta name=\"author\" content=\"dorogimedence.hu\" class=\"yoast-seo-meta-tag\" \/>\n<meta name=\"twitter:card\" content=\"summary_large_image\" class=\"yoast-seo-meta-tag\" \/>\n<meta name=\"twitter:label1\" content=\"Szerz\u0151:\" class=\"yoast-seo-meta-tag\" \/>\n\t<meta name=\"twitter:data1\" content=\"dorogimedence.hu\" class=\"yoast-seo-meta-tag\" \/>\n\t<meta name=\"twitter:label2\" content=\"Becs\u00fclt olvas\u00e1si id\u0151\" class=\"yoast-seo-meta-tag\" \/>\n\t<meta name=\"twitter:data2\" content=\"3 perc\" class=\"yoast-seo-meta-tag\" \/>\n<script type=\"application\/ld+json\" class=\"yoast-schema-graph\">{\"@context\":\"https:\\\/\\\/schema.org\",\"@graph\":[{\"@type\":\"Article\",\"@id\":\"https:\\\/\\\/dorogimedence.hu\\\/index.php\\\/2025\\\/04\\\/11\\\/jon-a-nyar-es-hozza-magaval-a-pigmentfoltokat\\\/#article\",\"isPartOf\":{\"@id\":\"https:\\\/\\\/dorogimedence.hu\\\/index.php\\\/2025\\\/04\\\/11\\\/jon-a-nyar-es-hozza-magaval-a-pigmentfoltokat\\\/\"},\"author\":{\"name\":\"dorogimedence.hu\",\"@id\":\"https:\\\/\\\/dorogimedence.hu\\\/#\\\/schema\\\/person\\\/ce6091eeb7e95ecdc87890d6aa8e0fd4\"},\"headline\":\"J\u00f6n a ny\u00e1r, \u00e9s hozza mag\u00e1val a pigmentfoltokat!\",\"datePublished\":\"2025-04-11T08:20:45+00:00\",\"mainEntityOfPage\":{\"@id\":\"https:\\\/\\\/dorogimedence.hu\\\/index.php\\\/2025\\\/04\\\/11\\\/jon-a-nyar-es-hozza-magaval-a-pigmentfoltokat\\\/\"},\"wordCount\":686,\"publisher\":{\"@id\":\"https:\\\/\\\/dorogimedence.hu\\\/#organization\"},\"image\":{\"@id\":\"https:\\\/\\\/dorogimedence.hu\\\/index.php\\\/2025\\\/04\\\/11\\\/jon-a-nyar-es-hozza-magaval-a-pigmentfoltokat\\\/#primaryimage\"},\"thumbnailUrl\":\"https:\\\/\\\/dorogimedence.hu\\\/wp-content\\\/uploads\\\/2025\\\/04\\\/ID-3785.jpg\",\"keywords\":[\"naps\u00fct\u00e9s\",\"pigmentfolt\"],\"articleSection\":[\"H\u00edrek\"],\"inLanguage\":\"hu\"},{\"@type\":\"WebPage\",\"@id\":\"https:\\\/\\\/dorogimedence.hu\\\/index.php\\\/2025\\\/04\\\/11\\\/jon-a-nyar-es-hozza-magaval-a-pigmentfoltokat\\\/\",\"url\":\"https:\\\/\\\/dorogimedence.hu\\\/index.php\\\/2025\\\/04\\\/11\\\/jon-a-nyar-es-hozza-magaval-a-pigmentfoltokat\\\/\",\"name\":\"J\u00f6n a ny\u00e1r, \u00e9s hozza mag\u00e1val a pigmentfoltokat!\",\"isPartOf\":{\"@id\":\"https:\\\/\\\/dorogimedence.hu\\\/#website\"},\"primaryImageOfPage\":{\"@id\":\"https:\\\/\\\/dorogimedence.hu\\\/index.php\\\/2025\\\/04\\\/11\\\/jon-a-nyar-es-hozza-magaval-a-pigmentfoltokat\\\/#primaryimage\"},\"image\":{\"@id\":\"https:\\\/\\\/dorogimedence.hu\\\/index.php\\\/2025\\\/04\\\/11\\\/jon-a-nyar-es-hozza-magaval-a-pigmentfoltokat\\\/#primaryimage\"},\"thumbnailUrl\":\"https:\\\/\\\/dorogimedence.hu\\\/wp-content\\\/uploads\\\/2025\\\/04\\\/ID-3785.jpg\",\"datePublished\":\"2025-04-11T08:20:45+00:00\",\"breadcrumb\":{\"@id\":\"https:\\\/\\\/dorogimedence.hu\\\/index.php\\\/2025\\\/04\\\/11\\\/jon-a-nyar-es-hozza-magaval-a-pigmentfoltokat\\\/#breadcrumb\"},\"inLanguage\":\"hu\",\"potentialAction\":[{\"@type\":\"ReadAction\",\"target\":[\"https:\\\/\\\/dorogimedence.hu\\\/index.php\\\/2025\\\/04\\\/11\\\/jon-a-nyar-es-hozza-magaval-a-pigmentfoltokat\\\/\"]}]},{\"@type\":\"ImageObject\",\"inLanguage\":\"hu\",\"@id\":\"https:\\\/\\\/dorogimedence.hu\\\/index.php\\\/2025\\\/04\\\/11\\\/jon-a-nyar-es-hozza-magaval-a-pigmentfoltokat\\\/#primaryimage\",\"url\":\"https:\\\/\\\/dorogimedence.hu\\\/wp-content\\\/uploads\\\/2025\\\/04\\\/ID-3785.jpg\",\"contentUrl\":\"https:\\\/\\\/dorogimedence.hu\\\/wp-content\\\/uploads\\\/2025\\\/04\\\/ID-3785.jpg\",\"width\":2000,\"height\":1600},{\"@type\":\"BreadcrumbList\",\"@id\":\"https:\\\/\\\/dorogimedence.hu\\\/index.php\\\/2025\\\/04\\\/11\\\/jon-a-nyar-es-hozza-magaval-a-pigmentfoltokat\\\/#breadcrumb\",\"itemListElement\":[{\"@type\":\"ListItem\",\"position\":1,\"name\":\"Kezd\u0151lap\",\"item\":\"https:\\\/\\\/dorogimedence.hu\\\/\"},{\"@type\":\"ListItem\",\"position\":2,\"name\":\"J\u00f6n a ny\u00e1r, \u00e9s hozza mag\u00e1val a pigmentfoltokat!\"}]},{\"@type\":\"WebSite\",\"@id\":\"https:\\\/\\\/dorogimedence.hu\\\/#website\",\"url\":\"https:\\\/\\\/dorogimedence.hu\\\/\",\"name\":\"Dorogi-medence Region\u00e1lis H\u00edrport\u00e1l\",\"description\":\"Dorog, Keszt\u00f6lc, Le\u00e1nyv\u00e1r, Piliscs\u00e9v, Tokod, Tokodalt\u00e1r\u00f3, Csolnok, Esztergom-kertv\u00e1ros: h\u00edrek, programok\",\"publisher\":{\"@id\":\"https:\\\/\\\/dorogimedence.hu\\\/#organization\"},\"potentialAction\":[{\"@type\":\"SearchAction\",\"target\":{\"@type\":\"EntryPoint\",\"urlTemplate\":\"https:\\\/\\\/dorogimedence.hu\\\/?s={search_term_string}\"},\"query-input\":{\"@type\":\"PropertyValueSpecification\",\"valueRequired\":true,\"valueName\":\"search_term_string\"}}],\"inLanguage\":\"hu\"},{\"@type\":\"Organization\",\"@id\":\"https:\\\/\\\/dorogimedence.hu\\\/#organization\",\"name\":\"Dorogi-medence Region\u00e1lis H\u00edrport\u00e1l\",\"url\":\"https:\\\/\\\/dorogimedence.hu\\\/\",\"logo\":{\"@type\":\"ImageObject\",\"inLanguage\":\"hu\",\"@id\":\"https:\\\/\\\/dorogimedence.hu\\\/#\\\/schema\\\/logo\\\/image\\\/\",\"url\":\"https:\\\/\\\/dorogimedence.hu\\\/wp-content\\\/uploads\\\/2021\\\/04\\\/logo-feher-600.png\",\"contentUrl\":\"https:\\\/\\\/dorogimedence.hu\\\/wp-content\\\/uploads\\\/2021\\\/04\\\/logo-feher-600.png\",\"width\":600,\"height\":100,\"caption\":\"Dorogi-medence Region\u00e1lis H\u00edrport\u00e1l\"},\"image\":{\"@id\":\"https:\\\/\\\/dorogimedence.hu\\\/#\\\/schema\\\/logo\\\/image\\\/\"},\"sameAs\":[\"https:\\\/\\\/www.facebook.com\\\/dorogimedence\\\/\"]},{\"@type\":\"Person\",\"@id\":\"https:\\\/\\\/dorogimedence.hu\\\/#\\\/schema\\\/person\\\/ce6091eeb7e95ecdc87890d6aa8e0fd4\",\"name\":\"dorogimedence.hu\",\"image\":{\"@type\":\"ImageObject\",\"inLanguage\":\"hu\",\"@id\":\"\\\/\\\/www.gravatar.com\\\/avatar\\\/d8d45f8901aadff40a4af72c0b826f1d?s=96&#038;r=g&#038;d=mm\",\"url\":\"\\\/\\\/www.gravatar.com\\\/avatar\\\/d8d45f8901aadff40a4af72c0b826f1d?s=96&#038;r=g&#038;d=mm\",\"contentUrl\":\"\\\/\\\/www.gravatar.com\\\/avatar\\\/d8d45f8901aadff40a4af72c0b826f1d?s=96&#038;r=g&#038;d=mm\",\"caption\":\"dorogimedence.hu\"}}]}<\/script>\n<!-- \/ Yoast SEO plugin. -->","yoast_head_json":{"title":"J\u00f6n a ny\u00e1r, \u00e9s hozza mag\u00e1val a pigmentfoltokat!","robots":{"index":"index","follow":"follow","max-snippet":"max-snippet:-1","max-image-preview":"max-image-preview:large","max-video-preview":"max-video-preview:-1"},"canonical":"https:\/\/dorogimedence.hu\/index.php\/2025\/04\/11\/jon-a-nyar-es-hozza-magaval-a-pigmentfoltokat\/","og_locale":"hu_HU","og_type":"article","og_title":"J\u00f6n a ny\u00e1r, \u00e9s hozza mag\u00e1val a pigmentfoltokat!","og_description":"A naps\u00fct\u00e9ses h\u00f3napok meg\u00e9rkez\u00e9se sok \u00f6r\u00f6mteli pillanatot tartogat \u2013 hosszabb nappalok, szabadt\u00e9ri programok, nyaral\u00e1sok. \u00c1m a b\u0151r\u00fcnk sz\u00e1m\u00e1ra a ny\u00e1r komoly kih\u00edv\u00e1s is lehet, k\u00fcl\u00f6n\u00f6sen, ha hajlamosak vagyunk a pigmentfoltok kialakul\u00e1s\u00e1ra. A napf\u00e9ny hat\u00e1s\u00e1ra fokoz\u00f3dik a melanin termel\u0151d\u00e9se, ami nemcsak a barnul\u00e1s\u00e9rt, hanem az egyenetlen b\u0151rfelsz\u00ednt eredm\u00e9nyez\u0151 foltok megjelen\u00e9s\u00e9\u00e9rt is felel\u0151s. Els\u00f6pr\u0151 megold\u00e1s a hurrik\u00e1nok","og_url":"https:\/\/dorogimedence.hu\/index.php\/2025\/04\/11\/jon-a-nyar-es-hozza-magaval-a-pigmentfoltokat\/","og_site_name":"Dorogi-medence Region\u00e1lis H\u00edrport\u00e1l","article_publisher":"https:\/\/www.facebook.com\/dorogimedence\/","article_published_time":"2025-04-11T08:20:45+00:00","og_image":[{"width":2000,"height":1600,"url":"https:\/\/dorogimedence.hu\/wp-content\/uploads\/2025\/04\/ID-3785.jpg","type":"image\/jpeg"}],"author":"dorogimedence.hu","twitter_card":"summary_large_image","twitter_misc":{"Szerz\u0151:":"dorogimedence.hu","Becs\u00fclt olvas\u00e1si id\u0151":"3 perc"},"schema":{"@context":"https:\/\/schema.org","@graph":[{"@type":"Article","@id":"https:\/\/dorogimedence.hu\/index.php\/2025\/04\/11\/jon-a-nyar-es-hozza-magaval-a-pigmentfoltokat\/#article","isPartOf":{"@id":"https:\/\/dorogimedence.hu\/index.php\/2025\/04\/11\/jon-a-nyar-es-hozza-magaval-a-pigmentfoltokat\/"},"author":{"name":"dorogimedence.hu","@id":"https:\/\/dorogimedence.hu\/#\/schema\/person\/ce6091eeb7e95ecdc87890d6aa8e0fd4"},"headline":"J\u00f6n a ny\u00e1r, \u00e9s hozza mag\u00e1val a pigmentfoltokat!","datePublished":"2025-04-11T08:20:45+00:00","mainEntityOfPage":{"@id":"https:\/\/dorogimedence.hu\/index.php\/2025\/04\/11\/jon-a-nyar-es-hozza-magaval-a-pigmentfoltokat\/"},"wordCount":686,"publisher":{"@id":"https:\/\/dorogimedence.hu\/#organization"},"image":{"@id":"https:\/\/dorogimedence.hu\/index.php\/2025\/04\/11\/jon-a-nyar-es-hozza-magaval-a-pigmentfoltokat\/#primaryimage"},"thumbnailUrl":"https:\/\/dorogimedence.hu\/wp-content\/uploads\/2025\/04\/ID-3785.jpg","keywords":["naps\u00fct\u00e9s","pigmentfolt"],"articleSection":["H\u00edrek"],"inLanguage":"hu"},{"@type":"WebPage","@id":"https:\/\/dorogimedence.hu\/index.php\/2025\/04\/11\/jon-a-nyar-es-hozza-magaval-a-pigmentfoltokat\/","url":"https:\/\/dorogimedence.hu\/index.php\/2025\/04\/11\/jon-a-nyar-es-hozza-magaval-a-pigmentfoltokat\/","name":"J\u00f6n a ny\u00e1r, \u00e9s hozza mag\u00e1val a pigmentfoltokat!","isPartOf":{"@id":"https:\/\/dorogimedence.hu\/#website"},"primaryImageOfPage":{"@id":"https:\/\/dorogimedence.hu\/index.php\/2025\/04\/11\/jon-a-nyar-es-hozza-magaval-a-pigmentfoltokat\/#primaryimage"},"image":{"@id":"https:\/\/dorogimedence.hu\/index.php\/2025\/04\/11\/jon-a-nyar-es-hozza-magaval-a-pigmentfoltokat\/#primaryimage"},"thumbnailUrl":"https:\/\/dorogimedence.hu\/wp-content\/uploads\/2025\/04\/ID-3785.jpg","datePublished":"2025-04-11T08:20:45+00:00","breadcrumb":{"@id":"https:\/\/dorogimedence.hu\/index.php\/2025\/04\/11\/jon-a-nyar-es-hozza-magaval-a-pigmentfoltokat\/#breadcrumb"},"inLanguage":"hu","potentialAction":[{"@type":"ReadAction","target":["https:\/\/dorogimedence.hu\/index.php\/2025\/04\/11\/jon-a-nyar-es-hozza-magaval-a-pigmentfoltokat\/"]}]},{"@type":"ImageObject","inLanguage":"hu","@id":"https:\/\/dorogimedence.hu\/index.php\/2025\/04\/11\/jon-a-nyar-es-hozza-magaval-a-pigmentfoltokat\/#primaryimage","url":"https:\/\/dorogimedence.hu\/wp-content\/uploads\/2025\/04\/ID-3785.jpg","contentUrl":"https:\/\/dorogimedence.hu\/wp-content\/uploads\/2025\/04\/ID-3785.jpg","width":2000,"height":1600},{"@type":"BreadcrumbList","@id":"https:\/\/dorogimedence.hu\/index.php\/2025\/04\/11\/jon-a-nyar-es-hozza-magaval-a-pigmentfoltokat\/#breadcrumb","itemListElement":[{"@type":"ListItem","position":1,"name":"Kezd\u0151lap","item":"https:\/\/dorogimedence.hu\/"},{"@type":"ListItem","position":2,"name":"J\u00f6n a ny\u00e1r, \u00e9s hozza mag\u00e1val a pigmentfoltokat!"}]},{"@type":"WebSite","@id":"https:\/\/dorogimedence.hu\/#website","url":"https:\/\/dorogimedence.hu\/","name":"Dorogi-medence Region\u00e1lis H\u00edrport\u00e1l","description":"Dorog, Keszt\u00f6lc, Le\u00e1nyv\u00e1r, Piliscs\u00e9v, Tokod, Tokodalt\u00e1r\u00f3, Csolnok, Esztergom-kertv\u00e1ros: h\u00edrek, programok","publisher":{"@id":"https:\/\/dorogimedence.hu\/#organization"},"potentialAction":[{"@type":"SearchAction","target":{"@type":"EntryPoint","urlTemplate":"https:\/\/dorogimedence.hu\/?s={search_term_string}"},"query-input":{"@type":"PropertyValueSpecification","valueRequired":true,"valueName":"search_term_string"}}],"inLanguage":"hu"},{"@type":"Organization","@id":"https:\/\/dorogimedence.hu\/#organization","name":"Dorogi-medence Region\u00e1lis H\u00edrport\u00e1l","url":"https:\/\/dorogimedence.hu\/","logo":{"@type":"ImageObject","inLanguage":"hu","@id":"https:\/\/dorogimedence.hu\/#\/schema\/logo\/image\/","url":"https:\/\/dorogimedence.hu\/wp-content\/uploads\/2021\/04\/logo-feher-600.png","contentUrl":"https:\/\/dorogimedence.hu\/wp-content\/uploads\/2021\/04\/logo-feher-600.png","width":600,"height":100,"caption":"Dorogi-medence Region\u00e1lis H\u00edrport\u00e1l"},"image":{"@id":"https:\/\/dorogimedence.hu\/#\/schema\/logo\/image\/"},"sameAs":["https:\/\/www.facebook.com\/dorogimedence\/"]},{"@type":"Person","@id":"https:\/\/dorogimedence.hu\/#\/schema\/person\/ce6091eeb7e95ecdc87890d6aa8e0fd4","name":"dorogimedence.hu","image":{"@type":"ImageObject","inLanguage":"hu","@id":"\/\/www.gravatar.com\/avatar\/d8d45f8901aadff40a4af72c0b826f1d?s=96&#038;r=g&#038;d=mm","url":"\/\/www.gravatar.com\/avatar\/d8d45f8901aadff40a4af72c0b826f1d?s=96&#038;r=g&#038;d=mm","contentUrl":"\/\/www.gravatar.com\/avatar\/d8d45f8901aadff40a4af72c0b826f1d?s=96&#038;r=g&#038;d=mm","caption":"dorogimedence.hu"}}]}},"_links":{"self":[{"href":"https:\/\/dorogimedence.hu\/index.php\/wp-json\/wp\/v2\/posts\/70190","targetHints":{"allow":["GET"]}}],"collection":[{"href":"https:\/\/dorogimedence.hu\/index.php\/wp-json\/wp\/v2\/posts"}],"about":[{"href":"https:\/\/dorogimedence.hu\/index.php\/wp-json\/wp\/v2\/types\/post"}],"author":[{"embeddable":true,"href":"https:\/\/dorogimedence.hu\/index.php\/wp-json\/wp\/v2\/users\/1"}],"replies":[{"embeddable":true,"href":"https:\/\/dorogimedence.hu\/index.php\/wp-json\/wp\/v2\/comments?post=70190"}],"version-history":[{"count":0,"href":"https:\/\/dorogimedence.hu\/index.php\/wp-json\/wp\/v2\/posts\/70190\/revisions"}],"wp:featuredmedia":[{"embeddable":true,"href":"https:\/\/dorogimedence.hu\/index.php\/wp-json\/wp\/v2\/media\/70191"}],"wp:attachment":[{"href":"https:\/\/dorogimedence.hu\/index.php\/wp-json\/wp\/v2\/media?parent=70190"}],"wp:term":[{"taxonomy":"category","embeddable":true,"href":"https:\/\/dorogimedence.hu\/index.php\/wp-json\/wp\/v2\/categories?post=70190"},{"taxonomy":"post_tag","embeddable":true,"href":"https:\/\/dorogimedence.hu\/index.php\/wp-json\/wp\/v2\/tags?post=70190"}],"curies":[{"name":"wp","href":"https:\/\/api.w.org\/{rel}","templated":true}]}}