{"id":70178,"date":"2025-04-10T13:56:47","date_gmt":"2025-04-10T11:56:47","guid":{"rendered":"https:\/\/dorogimedence.hu\/?p=70178"},"modified":"2025-04-10T13:56:47","modified_gmt":"2025-04-10T11:56:47","slug":"otletversenyre-hivta-az-egyetemistakat-a-richter","status":"publish","type":"post","link":"https:\/\/dorogimedence.hu\/index.php\/2025\/04\/10\/otletversenyre-hivta-az-egyetemistakat-a-richter\/","title":{"rendered":"\u00d6tletversenyre h\u00edvta az egyetemist\u00e1kat a Richter"},"content":{"rendered":"<p><strong>Harminc egyetemista vehetett r\u00e9szt <\/strong><strong>a Richter Gedeon Nyrt. MindRun elnevez\u00e9s\u0171 k\u00e9tnapos esem\u00e9ny\u00e9n, amelynek c\u00e9lja, hogy a Z-gener\u00e1ci\u00f3 tehets\u00e9ges fiataljait egy k\u00fcl\u00f6nleges \u00f6tletverseny keret\u00e9ben vonja be az eg\u00e9szs\u00e9gtudatos \u00e9letm\u00f3dot t\u00e1mogat\u00f3 megold\u00e1sokr\u00f3l val\u00f3 k\u00f6z\u00f6s gondolkod\u00e1sba. A negyedik alkalommal megrendezett verseny k\u00f6z\u00e9ppontj\u00e1ban az eg\u00e9szs\u00e9gmeg\u0151rz\u00e9s \u00e9s az akt\u00edv \u00e9letm\u00f3d \u00e1llt: a r\u00e9sztvev\u0151knek olyan projekteket kellett kidolgozniuk, amelyek k\u00fcl\u00f6nb\u00f6z\u0151 tudom\u00e1nyter\u00fcletek eszk\u00f6zt\u00e1r\u00e1t \u00f6tv\u00f6zve reag\u00e1lnak aktu\u00e1lis t\u00e1rsadalmi probl\u00e9m\u00e1kra.<\/strong><\/p>\n<p>A Mindrun p\u00e1ly\u00e1zat\u00e1ra b\u00e1rmely magyarorsz\u00e1gi egyetemi hallgat\u00f3 jelentkezhetett, szakir\u00e1nyt\u00f3l f\u00fcggetlen\u00fcl. A jelentkez\u0151knek egy akci\u00f3tervet kellett beny\u00fajtaniuk egy \u00e1ltaluk v\u00e1lasztott eg\u00e9szs\u00e9g\u00fcgyi-t\u00e1rsadalmi probl\u00e9m\u00e1ra. A p\u00e1ly\u00e1z\u00f3k k\u00f6z\u00fcl \u00f6sszesen 30 hallgat\u00f3 kapott megh\u00edv\u00e1st az idei programba.<\/p>\n<p>Az \u00f6tletversenynek a Richter balatonszemesi \u00fcd\u00fcl\u0151je adott otthont, ahol a munk\u00e1t id\u00e9n <strong>Kis-T\u00f3th \u00c1gnes,<\/strong> asztrofizikus, az ELTE TTK Fizikai Int\u00e9zet\u00e9nek mestertan\u00e1ra, <strong>Kobl Gabriella Adrienn<\/strong>, a New Code Csoport marketing menedzsere, <strong>Zsiros L\u00e1szl\u00f3 R\u00f3bert PhD<\/strong>, tudom\u00e1nyos kommunik\u00e1ci\u00f3s szak\u00e9rt\u0151, <strong>Bajcsi \u00c1ron, <\/strong>kutat\u00f3-fejleszt\u0151 vegy\u00e9sz \u00e9s <strong>Dr. Papp Benjamin Tam\u00e1s<\/strong>, a Szegedi Biol\u00f3giai Kutat\u00f3k\u00f6zpont Rendszerimmunol\u00f3giai laborat\u00f3rium\u00e1nak PhD hallgat\u00f3ja, ScUP alap\u00edt\u00f3 seg\u00edtett\u00e9k. A mentorok els\u0151k\u00e9nt \u00f6t, egyenk\u00e9nt hatf\u0151s csapatot alak\u00edtottak ki, k\u00fcl\u00f6n figyelmet ford\u00edtva arra, hogy a r\u00e9sztvev\u0151k k\u00fcl\u00f6nb\u00f6z\u0151 tudom\u00e1nyter\u00fcleteket k\u00e9pviseljenek, \u00e9s elt\u00e9r\u0151 szeml\u00e9letm\u00f3djaik er\u0151s\u00edts\u00e9k a k\u00f6z\u00f6s gondolkod\u00e1st.<\/p>\n<p>A programot interakt\u00edv improviz\u00e1ci\u00f3s workshop nyitotta meg Hars\u00e1nyi Bence \u00e9s Kiskov\u00e1cs Attila improviz\u00e1ci\u00f3s tr\u00e9nerek vezet\u00e9s\u00e9vel. Emellett neves el\u0151ad\u00f3k is inspir\u00e1lt\u00e1k a fiatalokat: <strong>Polg\u00e1r Judit<\/strong> nemzetk\u00f6zi sakknagymester saj\u00e1t tapasztalataira alapozva h\u00edvta fel a figyelmet a strat\u00e9giai gondolkod\u00e1s \u00e9s a kih\u00edv\u00e1sokban rejl\u0151 lehet\u0151s\u00e9gek fontoss\u00e1g\u00e1ra. <strong>Szil\u00e1gyi \u00c1ron<\/strong> h\u00e1romszoros olimpiai bajnok kardv\u00edv\u00f3 el\u0151ad\u00e1s\u00e1ban a bels\u0151 motiv\u00e1ci\u00f3, a c\u00e9lkit\u0171z\u00e9sek \u00e9s a ment\u00e1lis er\u0151 szerep\u00e9re vil\u00e1g\u00edtott r\u00e1.<\/p>\n<p>A versenyz\u0151k a r\u00e1hangol\u00f3d\u00e1st k\u00f6vet\u0151en l\u00e1thattak hozz\u00e1 a csapatmunk\u00e1hoz. 24 \u00f3r\u00e1juk volt, hogy egy olyan projekt\u00f6tletet dolgozzanak ki, amely k\u00fcl\u00f6nb\u00f6z\u0151 tudom\u00e1nyter\u00fcletek eszk\u00f6zeit \u00f6tv\u00f6zve t\u00e1mogatja az eg\u00e9szs\u00e9gmeg\u0151rz\u00e9st \u00e9s az akt\u00edv \u00e9letm\u00f3dot \u00e9s hozz\u00e1j\u00e1rul az eg\u00e9szs\u00e9g\u00fcgyi \u00f6kosziszt\u00e9m\u00e1k fejl\u0151d\u00e9s\u00e9hez. Fontos szempont volt tov\u00e1bb\u00e1, hogy olyan megold\u00e1sokat hozzanak, amelyek v\u00e1laszolnak a kiv\u00e1lasztott c\u00e9lcsoport ig\u00e9nyeire, val\u00f3di hat\u00e1st gyakorolnak annak eg\u00e9szs\u00e9gtudatoss\u00e1g\u00e1ra, \u00e9s nett\u00f3 10 milli\u00f3 forint keret\u00f6sszegb\u0151l re\u00e1lisan megval\u00f3s\u00edthat\u00f3k.<\/p>\n<p><img fetchpriority=\"high\" decoding=\"async\" class=\"alignnone size-full wp-image-70180\" src=\"https:\/\/dorogimedence.hu\/wp-content\/uploads\/2025\/04\/mindrun-torna.jpg\" alt=\"\" width=\"1920\" height=\"1280\" srcset=\"https:\/\/dorogimedence.hu\/wp-content\/uploads\/2025\/04\/mindrun-torna.jpg 1920w, https:\/\/dorogimedence.hu\/wp-content\/uploads\/2025\/04\/mindrun-torna-600x400.jpg 600w, https:\/\/dorogimedence.hu\/wp-content\/uploads\/2025\/04\/mindrun-torna-768x512.jpg 768w, https:\/\/dorogimedence.hu\/wp-content\/uploads\/2025\/04\/mindrun-torna-1536x1024.jpg 1536w, https:\/\/dorogimedence.hu\/wp-content\/uploads\/2025\/04\/mindrun-torna-150x100.jpg 150w, https:\/\/dorogimedence.hu\/wp-content\/uploads\/2025\/04\/mindrun-torna-450x300.jpg 450w, https:\/\/dorogimedence.hu\/wp-content\/uploads\/2025\/04\/mindrun-torna-1200x800.jpg 1200w, https:\/\/dorogimedence.hu\/wp-content\/uploads\/2025\/04\/mindrun-torna-272x182.jpg 272w\" sizes=\"(max-width: 1920px) 100vw, 1920px\" \/><\/p>\n<p>A 24 \u00f3ra eltelt\u00e9vel a csapatok egy r\u00f6vid prezent\u00e1ci\u00f3 keret\u00e9ben mutathatt\u00e1k be projektj\u00fcket. A zs\u0171ri d\u00f6nt\u00e9se alapj\u00e1n a <strong>2025-\u00f6s Richter MindRun gy\u0151ztese<\/strong> a <strong>Kis-T\u00f3th \u00c1gnes<\/strong> \u00e1ltal mentor\u00e1lt csapat <strong>\u201eIntim Torna (Il)leg\u00e1l\u201d<\/strong> elnevez\u00e9s\u0171 projektje lett. A csapat tagjai: <strong>\u00c1rvai Nat\u00e1lia, Heirits M\u00f3nika, Kut\u00e1s Adri\u00e1na, Istenes Zsuzska, De\u00e1k Darina \u00e9s Ol\u00e1h No\u00e9mi<\/strong>. A projekt c\u00e9lja egy olyan eduk\u00e1ci\u00f3s t\u00e9r l\u00e9trehoz\u00e1sa, ahol a fiatal feln\u0151ttek nyitottan, szak\u00e9rt\u0151i t\u00e1mogat\u00e1ssal besz\u00e9lhetnek a szexualit\u00e1sr\u00f3l, saj\u00e1t test\u00fck m\u0171k\u00f6d\u00e9s\u00e9r\u0151l, \u00e9s sz\u00ednh\u00e1zi, mozg\u00e1salap\u00fa, k\u00f6z\u00f6ss\u00e9gi programokon kereszt\u00fcl fejleszthetik \u00f6nismeret\u00fcket \u00e9s eg\u00e9szs\u00e9gtudatoss\u00e1gukat.<\/p>\n<p>A <strong>k\u00fcl\u00f6nd\u00edjat<\/strong> a <strong>\u201eMozdulj!\u201d<\/strong> projekt kapta. A <strong>Dr. Papp Benjamin Tam\u00e1s<\/strong> \u00e1ltal mentor\u00e1lt csapat tagjai: <strong>Fodor Kinga, Jung\u00e1bel \u00c9va, Karvai Kriszti\u00e1n M\u00e1rk, Lintner Mil\u00e1n, Radnai Janka Roz\u00e1lia, Sz\u00e1szfai Di\u00e1na<\/strong>. Projekt\u00f6tlet\u00fck egy olyan t\u00f6bbnapos \u00e9lm\u00e9nyt\u00e1bor koncepci\u00f3j\u00e1ra \u00e9p\u00fclt, amely a h\u00e1tr\u00e1nyos helyzetben \u00e9l\u0151 10\u201314 \u00e9ves koroszt\u00e1ly sz\u00e1m\u00e1ra k\u00edn\u00e1l komplex programot a ment\u00e1lis eg\u00e9szs\u00e9g, a mozg\u00e1s, a t\u00e1pl\u00e1lkoz\u00e1s \u00e9s az eg\u00e9szs\u00e9ges \u00e9letm\u00f3d ter\u00e9n. A program c\u00e9lja, hogy fiatal korban megalapozza a hossz\u00fa t\u00e1v\u00fa eg\u00e9szs\u00e9gtudatos gondolkod\u00e1st, \u00e9s hiteles mentorokkal er\u0151s\u00edtse a r\u00e9sztvev\u0151k \u00f6nbizalm\u00e1t \u00e9s elk\u00f6telez\u0151d\u00e9s\u00e9t.<\/p>\n<p><img decoding=\"async\" class=\"alignnone size-full wp-image-70181\" src=\"https:\/\/dorogimedence.hu\/wp-content\/uploads\/2025\/04\/mindrun-mozdulj.jpg\" alt=\"\" width=\"1920\" height=\"1280\" srcset=\"https:\/\/dorogimedence.hu\/wp-content\/uploads\/2025\/04\/mindrun-mozdulj.jpg 1920w, https:\/\/dorogimedence.hu\/wp-content\/uploads\/2025\/04\/mindrun-mozdulj-600x400.jpg 600w, https:\/\/dorogimedence.hu\/wp-content\/uploads\/2025\/04\/mindrun-mozdulj-768x512.jpg 768w, https:\/\/dorogimedence.hu\/wp-content\/uploads\/2025\/04\/mindrun-mozdulj-1536x1024.jpg 1536w, https:\/\/dorogimedence.hu\/wp-content\/uploads\/2025\/04\/mindrun-mozdulj-150x100.jpg 150w, https:\/\/dorogimedence.hu\/wp-content\/uploads\/2025\/04\/mindrun-mozdulj-450x300.jpg 450w, https:\/\/dorogimedence.hu\/wp-content\/uploads\/2025\/04\/mindrun-mozdulj-1200x800.jpg 1200w, https:\/\/dorogimedence.hu\/wp-content\/uploads\/2025\/04\/mindrun-mozdulj-272x182.jpg 272w\" sizes=\"(max-width: 1920px) 100vw, 1920px\" \/><\/p>\n<p>A nyerteseket egy h\u00e1romtag\u00fa szakmai zs\u0171ri v\u00e1lasztotta ki, melynek tagjai: <strong>Polg\u00e1r Judit<\/strong>, nemzetk\u00f6zi sakknagymester, <strong>Prof. Dr. Sz\u00e1ntay Csaba<\/strong>, a Richter Gedeon Nyrt. tudom\u00e1nyos f\u0151tan\u00e1csad\u00f3ja \u00e9s <strong>G\u00e1l-Olasz Sarolta<\/strong>, a Richter Gedeon Nyrt. k\u00fcls\u0151 kommunik\u00e1ci\u00f3s \u00e9s rendezv\u00e9ny csoport csoportvezet\u0151je voltak.&nbsp;<\/p>\n<p><em>\u201eA Richter sz\u00e1m\u00e1ra t\u00e1rsadalmi szerepv\u00e1llal\u00e1sunk r\u00e9szek\u00e9nt kiemelten fontos a tehets\u00e9gek t\u00e1mogat\u00e1sa, hiszen \u00fagy gondoljuk, a j\u00f6v\u0151 megold\u00e1sai azok kez\u00e9ben vannak, akik ma tanulnak meg alkot\u00f3 m\u00f3don gondolkodni. Az innovat\u00edv, de egyben prec\u00edz gondolkod\u00e1s elengedhetetlen a j\u00f6v\u0151 form\u00e1l\u00e1s\u00e1hoz, k\u00fcl\u00f6n\u00f6sen egy olyan ipar\u00e1gban, mint a gy\u00f3gyszeripar, ahol folyamatosan \u00faj megold\u00e1sokat kell tal\u00e1lnunk az emberek \u00e9letmin\u0151s\u00e9g\u00e9nek jav\u00edt\u00e1s\u00e1ra. A Richter Mindrun nemcsak arra \u00f6szt\u00f6nzi a Z-gener\u00e1ci\u00f3t, hogy b\u00e1tran gondolkodjon \u00e9s merjen nagyot \u00e1lmodni, hanem arra is, hogy felel\u0151sen \u00e1lljon hozz\u00e1 a t\u00e1rsadalmi probl\u00e9m\u00e1khoz. A fiatalok friss szeml\u00e9lete \u00e9s kreativit\u00e1sa \u00faj perspekt\u00edv\u00e1kat nyithat, amelyeket ak\u00e1r a v\u00e1llalati innov\u00e1ci\u00f3 sor\u00e1n is hasznos\u00edthatunk\u201d \u2013 mondta el a versenyr\u0151l <strong>Prof. Dr. Sz\u00e1ntay Csaba<\/strong>, a Richter Gedeon Nyrt. tudom\u00e1nyos f\u0151tan\u00e1csad\u00f3ja. <\/em><\/p>\n<p>A Richter MindRun tal\u00e1lkoz\u00e1si pont a tudom\u00e1ny, a kreativit\u00e1s \u00e9s a t\u00e1rsadalmi felel\u0151ss\u00e9gv\u00e1llal\u00e1s hat\u00e1rter\u00fcletein. A Richter sz\u00e1m\u00e1ra strat\u00e9giai fontoss\u00e1g\u00fa, hogy a j\u00f6v\u0151 szakembereit akt\u00edvan t\u00e1mogassa abban, hogy alkot\u00f3 m\u00f3don, felel\u0151sen \u00e9s hossz\u00fa t\u00e1v\u00fa hat\u00e1ssal gondolkodjanak az eg\u00e9szs\u00e9g j\u00f6v\u0151j\u00e9r\u0151l. Az elm\u00falt n\u00e9gy \u00e9vben \u00f6sszesen 120 egyetemista kapott lehet\u0151s\u00e9get az \u00f6tletmaratonon val\u00f3 r\u00e9szv\u00e9telre.<\/p>\n<p><strong>A versenyr\u0151l k\u00e9sz\u00fclt vide\u00f3s \u00f6sszefoglal\u00f3 itt tekinthet\u0151 meg:<\/strong><\/p>\n<p><iframe title=\"Richter MindRun 2025\" width=\"755\" height=\"425\" src=\"https:\/\/www.youtube.com\/embed\/_uRXQwZeUrw?feature=oembed\" frameborder=\"0\" allow=\"accelerometer; autoplay; clipboard-write; encrypted-media; gyroscope; picture-in-picture; web-share\" referrerpolicy=\"strict-origin-when-cross-origin\" allowfullscreen><\/iframe><\/p>\n","protected":false},"excerpt":{"rendered":"<p>Harminc egyetemista vehetett r\u00e9szt a Richter Gedeon Nyrt. MindRun elnevez\u00e9s\u0171 k\u00e9tnapos esem\u00e9ny\u00e9n, amelynek c\u00e9lja, hogy a Z-gener\u00e1ci\u00f3 tehets\u00e9ges fiataljait egy k\u00fcl\u00f6nleges \u00f6tletverseny keret\u00e9ben vonja be az eg\u00e9szs\u00e9gtudatos \u00e9letm\u00f3dot t\u00e1mogat\u00f3 megold\u00e1sokr\u00f3l val\u00f3 k\u00f6z\u00f6s gondolkod\u00e1sba. A negyedik alkalommal megrendezett verseny k\u00f6z\u00e9ppontj\u00e1ban az eg\u00e9szs\u00e9gmeg\u0151rz\u00e9s \u00e9s az akt\u00edv \u00e9letm\u00f3d \u00e1llt: a r\u00e9sztvev\u0151knek olyan projekteket kellett kidolgozniuk, amelyek k\u00fcl\u00f6nb\u00f6z\u0151 tudom\u00e1nyter\u00fcletek<\/p>\n","protected":false},"author":1,"featured_media":70179,"comment_status":"closed","ping_status":"closed","sticky":false,"template":"","format":"standard","meta":{"ngg_post_thumbnail":0,"footnotes":""},"categories":[3],"tags":[8328,4060],"class_list":{"0":"post-70178","1":"post","2":"type-post","3":"status-publish","4":"format-standard","5":"has-post-thumbnail","7":"category-hirek","8":"tag-mindrun","9":"tag-richter"},"yoast_head":"<!-- This site is optimized with the Yoast SEO plugin v27.4 - https:\/\/yoast.com\/product\/yoast-seo-wordpress\/ -->\n<title>\u00d6tletversenyre h\u00edvta az egyetemist\u00e1kat a Richter<\/title>\n<meta name=\"robots\" content=\"index, follow, max-snippet:-1, max-image-preview:large, max-video-preview:-1\" \/>\n<link rel=\"canonical\" href=\"https:\/\/dorogimedence.hu\/index.php\/2025\/04\/10\/otletversenyre-hivta-az-egyetemistakat-a-richter\/\" class=\"yoast-seo-meta-tag\" \/>\n<meta property=\"og:locale\" content=\"hu_HU\" class=\"yoast-seo-meta-tag\" \/>\n<meta property=\"og:type\" content=\"article\" class=\"yoast-seo-meta-tag\" \/>\n<meta property=\"og:title\" content=\"\u00d6tletversenyre h\u00edvta az egyetemist\u00e1kat a Richter\" class=\"yoast-seo-meta-tag\" \/>\n<meta property=\"og:description\" content=\"Harminc egyetemista vehetett r\u00e9szt a Richter Gedeon Nyrt. MindRun elnevez\u00e9s\u0171 k\u00e9tnapos esem\u00e9ny\u00e9n, amelynek c\u00e9lja, hogy a Z-gener\u00e1ci\u00f3 tehets\u00e9ges fiataljait egy k\u00fcl\u00f6nleges \u00f6tletverseny keret\u00e9ben vonja be az eg\u00e9szs\u00e9gtudatos \u00e9letm\u00f3dot t\u00e1mogat\u00f3 megold\u00e1sokr\u00f3l val\u00f3 k\u00f6z\u00f6s gondolkod\u00e1sba. A negyedik alkalommal megrendezett verseny k\u00f6z\u00e9ppontj\u00e1ban az eg\u00e9szs\u00e9gmeg\u0151rz\u00e9s \u00e9s az akt\u00edv \u00e9letm\u00f3d \u00e1llt: a r\u00e9sztvev\u0151knek olyan projekteket kellett kidolgozniuk, amelyek k\u00fcl\u00f6nb\u00f6z\u0151 tudom\u00e1nyter\u00fcletek\" class=\"yoast-seo-meta-tag\" \/>\n<meta property=\"og:url\" content=\"https:\/\/dorogimedence.hu\/index.php\/2025\/04\/10\/otletversenyre-hivta-az-egyetemistakat-a-richter\/\" class=\"yoast-seo-meta-tag\" \/>\n<meta property=\"og:site_name\" content=\"Dorogi-medence Region\u00e1lis H\u00edrport\u00e1l\" class=\"yoast-seo-meta-tag\" \/>\n<meta property=\"article:publisher\" content=\"https:\/\/www.facebook.com\/dorogimedence\/\" class=\"yoast-seo-meta-tag\" \/>\n<meta property=\"article:published_time\" content=\"2025-04-10T11:56:47+00:00\" class=\"yoast-seo-meta-tag\" \/>\n<meta property=\"og:image\" content=\"https:\/\/dorogimedence.hu\/wp-content\/uploads\/2025\/04\/mindrun.jpg\" class=\"yoast-seo-meta-tag\" \/>\n\t<meta property=\"og:image:width\" content=\"1920\" class=\"yoast-seo-meta-tag\" \/>\n\t<meta property=\"og:image:height\" content=\"970\" class=\"yoast-seo-meta-tag\" \/>\n\t<meta property=\"og:image:type\" content=\"image\/jpeg\" class=\"yoast-seo-meta-tag\" \/>\n<meta name=\"author\" content=\"dorogimedence.hu\" class=\"yoast-seo-meta-tag\" \/>\n<meta name=\"twitter:card\" content=\"summary_large_image\" class=\"yoast-seo-meta-tag\" \/>\n<meta name=\"twitter:label1\" content=\"Szerz\u0151:\" class=\"yoast-seo-meta-tag\" \/>\n\t<meta name=\"twitter:data1\" content=\"dorogimedence.hu\" class=\"yoast-seo-meta-tag\" \/>\n\t<meta name=\"twitter:label2\" content=\"Becs\u00fclt olvas\u00e1si id\u0151\" class=\"yoast-seo-meta-tag\" \/>\n\t<meta name=\"twitter:data2\" content=\"6 perc\" class=\"yoast-seo-meta-tag\" \/>\n<script type=\"application\/ld+json\" class=\"yoast-schema-graph\">{\"@context\":\"https:\\\/\\\/schema.org\",\"@graph\":[{\"@type\":\"Article\",\"@id\":\"https:\\\/\\\/dorogimedence.hu\\\/index.php\\\/2025\\\/04\\\/10\\\/otletversenyre-hivta-az-egyetemistakat-a-richter\\\/#article\",\"isPartOf\":{\"@id\":\"https:\\\/\\\/dorogimedence.hu\\\/index.php\\\/2025\\\/04\\\/10\\\/otletversenyre-hivta-az-egyetemistakat-a-richter\\\/\"},\"author\":{\"name\":\"dorogimedence.hu\",\"@id\":\"https:\\\/\\\/dorogimedence.hu\\\/#\\\/schema\\\/person\\\/ce6091eeb7e95ecdc87890d6aa8e0fd4\"},\"headline\":\"\u00d6tletversenyre h\u00edvta az egyetemist\u00e1kat a Richter\",\"datePublished\":\"2025-04-10T11:56:47+00:00\",\"mainEntityOfPage\":{\"@id\":\"https:\\\/\\\/dorogimedence.hu\\\/index.php\\\/2025\\\/04\\\/10\\\/otletversenyre-hivta-az-egyetemistakat-a-richter\\\/\"},\"wordCount\":1113,\"publisher\":{\"@id\":\"https:\\\/\\\/dorogimedence.hu\\\/#organization\"},\"image\":{\"@id\":\"https:\\\/\\\/dorogimedence.hu\\\/index.php\\\/2025\\\/04\\\/10\\\/otletversenyre-hivta-az-egyetemistakat-a-richter\\\/#primaryimage\"},\"thumbnailUrl\":\"https:\\\/\\\/dorogimedence.hu\\\/wp-content\\\/uploads\\\/2025\\\/04\\\/mindrun.jpg\",\"keywords\":[\"mindrun\",\"richter\"],\"articleSection\":[\"H\u00edrek\"],\"inLanguage\":\"hu\"},{\"@type\":\"WebPage\",\"@id\":\"https:\\\/\\\/dorogimedence.hu\\\/index.php\\\/2025\\\/04\\\/10\\\/otletversenyre-hivta-az-egyetemistakat-a-richter\\\/\",\"url\":\"https:\\\/\\\/dorogimedence.hu\\\/index.php\\\/2025\\\/04\\\/10\\\/otletversenyre-hivta-az-egyetemistakat-a-richter\\\/\",\"name\":\"\u00d6tletversenyre h\u00edvta az egyetemist\u00e1kat a Richter\",\"isPartOf\":{\"@id\":\"https:\\\/\\\/dorogimedence.hu\\\/#website\"},\"primaryImageOfPage\":{\"@id\":\"https:\\\/\\\/dorogimedence.hu\\\/index.php\\\/2025\\\/04\\\/10\\\/otletversenyre-hivta-az-egyetemistakat-a-richter\\\/#primaryimage\"},\"image\":{\"@id\":\"https:\\\/\\\/dorogimedence.hu\\\/index.php\\\/2025\\\/04\\\/10\\\/otletversenyre-hivta-az-egyetemistakat-a-richter\\\/#primaryimage\"},\"thumbnailUrl\":\"https:\\\/\\\/dorogimedence.hu\\\/wp-content\\\/uploads\\\/2025\\\/04\\\/mindrun.jpg\",\"datePublished\":\"2025-04-10T11:56:47+00:00\",\"breadcrumb\":{\"@id\":\"https:\\\/\\\/dorogimedence.hu\\\/index.php\\\/2025\\\/04\\\/10\\\/otletversenyre-hivta-az-egyetemistakat-a-richter\\\/#breadcrumb\"},\"inLanguage\":\"hu\",\"potentialAction\":[{\"@type\":\"ReadAction\",\"target\":[\"https:\\\/\\\/dorogimedence.hu\\\/index.php\\\/2025\\\/04\\\/10\\\/otletversenyre-hivta-az-egyetemistakat-a-richter\\\/\"]}]},{\"@type\":\"ImageObject\",\"inLanguage\":\"hu\",\"@id\":\"https:\\\/\\\/dorogimedence.hu\\\/index.php\\\/2025\\\/04\\\/10\\\/otletversenyre-hivta-az-egyetemistakat-a-richter\\\/#primaryimage\",\"url\":\"https:\\\/\\\/dorogimedence.hu\\\/wp-content\\\/uploads\\\/2025\\\/04\\\/mindrun.jpg\",\"contentUrl\":\"https:\\\/\\\/dorogimedence.hu\\\/wp-content\\\/uploads\\\/2025\\\/04\\\/mindrun.jpg\",\"width\":1920,\"height\":970},{\"@type\":\"BreadcrumbList\",\"@id\":\"https:\\\/\\\/dorogimedence.hu\\\/index.php\\\/2025\\\/04\\\/10\\\/otletversenyre-hivta-az-egyetemistakat-a-richter\\\/#breadcrumb\",\"itemListElement\":[{\"@type\":\"ListItem\",\"position\":1,\"name\":\"Kezd\u0151lap\",\"item\":\"https:\\\/\\\/dorogimedence.hu\\\/\"},{\"@type\":\"ListItem\",\"position\":2,\"name\":\"\u00d6tletversenyre h\u00edvta az egyetemist\u00e1kat a Richter\"}]},{\"@type\":\"WebSite\",\"@id\":\"https:\\\/\\\/dorogimedence.hu\\\/#website\",\"url\":\"https:\\\/\\\/dorogimedence.hu\\\/\",\"name\":\"Dorogi-medence Region\u00e1lis H\u00edrport\u00e1l\",\"description\":\"Dorog, Keszt\u00f6lc, Le\u00e1nyv\u00e1r, Piliscs\u00e9v, Tokod, Tokodalt\u00e1r\u00f3, Csolnok, Esztergom-kertv\u00e1ros: h\u00edrek, programok\",\"publisher\":{\"@id\":\"https:\\\/\\\/dorogimedence.hu\\\/#organization\"},\"potentialAction\":[{\"@type\":\"SearchAction\",\"target\":{\"@type\":\"EntryPoint\",\"urlTemplate\":\"https:\\\/\\\/dorogimedence.hu\\\/?s={search_term_string}\"},\"query-input\":{\"@type\":\"PropertyValueSpecification\",\"valueRequired\":true,\"valueName\":\"search_term_string\"}}],\"inLanguage\":\"hu\"},{\"@type\":\"Organization\",\"@id\":\"https:\\\/\\\/dorogimedence.hu\\\/#organization\",\"name\":\"Dorogi-medence Region\u00e1lis H\u00edrport\u00e1l\",\"url\":\"https:\\\/\\\/dorogimedence.hu\\\/\",\"logo\":{\"@type\":\"ImageObject\",\"inLanguage\":\"hu\",\"@id\":\"https:\\\/\\\/dorogimedence.hu\\\/#\\\/schema\\\/logo\\\/image\\\/\",\"url\":\"https:\\\/\\\/dorogimedence.hu\\\/wp-content\\\/uploads\\\/2021\\\/04\\\/logo-feher-600.png\",\"contentUrl\":\"https:\\\/\\\/dorogimedence.hu\\\/wp-content\\\/uploads\\\/2021\\\/04\\\/logo-feher-600.png\",\"width\":600,\"height\":100,\"caption\":\"Dorogi-medence Region\u00e1lis H\u00edrport\u00e1l\"},\"image\":{\"@id\":\"https:\\\/\\\/dorogimedence.hu\\\/#\\\/schema\\\/logo\\\/image\\\/\"},\"sameAs\":[\"https:\\\/\\\/www.facebook.com\\\/dorogimedence\\\/\"]},{\"@type\":\"Person\",\"@id\":\"https:\\\/\\\/dorogimedence.hu\\\/#\\\/schema\\\/person\\\/ce6091eeb7e95ecdc87890d6aa8e0fd4\",\"name\":\"dorogimedence.hu\",\"image\":{\"@type\":\"ImageObject\",\"inLanguage\":\"hu\",\"@id\":\"\\\/\\\/www.gravatar.com\\\/avatar\\\/d8d45f8901aadff40a4af72c0b826f1d?s=96&#038;r=g&#038;d=mm\",\"url\":\"\\\/\\\/www.gravatar.com\\\/avatar\\\/d8d45f8901aadff40a4af72c0b826f1d?s=96&#038;r=g&#038;d=mm\",\"contentUrl\":\"\\\/\\\/www.gravatar.com\\\/avatar\\\/d8d45f8901aadff40a4af72c0b826f1d?s=96&#038;r=g&#038;d=mm\",\"caption\":\"dorogimedence.hu\"}}]}<\/script>\n<!-- \/ Yoast SEO plugin. -->","yoast_head_json":{"title":"\u00d6tletversenyre h\u00edvta az egyetemist\u00e1kat a Richter","robots":{"index":"index","follow":"follow","max-snippet":"max-snippet:-1","max-image-preview":"max-image-preview:large","max-video-preview":"max-video-preview:-1"},"canonical":"https:\/\/dorogimedence.hu\/index.php\/2025\/04\/10\/otletversenyre-hivta-az-egyetemistakat-a-richter\/","og_locale":"hu_HU","og_type":"article","og_title":"\u00d6tletversenyre h\u00edvta az egyetemist\u00e1kat a Richter","og_description":"Harminc egyetemista vehetett r\u00e9szt a Richter Gedeon Nyrt. MindRun elnevez\u00e9s\u0171 k\u00e9tnapos esem\u00e9ny\u00e9n, amelynek c\u00e9lja, hogy a Z-gener\u00e1ci\u00f3 tehets\u00e9ges fiataljait egy k\u00fcl\u00f6nleges \u00f6tletverseny keret\u00e9ben vonja be az eg\u00e9szs\u00e9gtudatos \u00e9letm\u00f3dot t\u00e1mogat\u00f3 megold\u00e1sokr\u00f3l val\u00f3 k\u00f6z\u00f6s gondolkod\u00e1sba. A negyedik alkalommal megrendezett verseny k\u00f6z\u00e9ppontj\u00e1ban az eg\u00e9szs\u00e9gmeg\u0151rz\u00e9s \u00e9s az akt\u00edv \u00e9letm\u00f3d \u00e1llt: a r\u00e9sztvev\u0151knek olyan projekteket kellett kidolgozniuk, amelyek k\u00fcl\u00f6nb\u00f6z\u0151 tudom\u00e1nyter\u00fcletek","og_url":"https:\/\/dorogimedence.hu\/index.php\/2025\/04\/10\/otletversenyre-hivta-az-egyetemistakat-a-richter\/","og_site_name":"Dorogi-medence Region\u00e1lis H\u00edrport\u00e1l","article_publisher":"https:\/\/www.facebook.com\/dorogimedence\/","article_published_time":"2025-04-10T11:56:47+00:00","og_image":[{"width":1920,"height":970,"url":"https:\/\/dorogimedence.hu\/wp-content\/uploads\/2025\/04\/mindrun.jpg","type":"image\/jpeg"}],"author":"dorogimedence.hu","twitter_card":"summary_large_image","twitter_misc":{"Szerz\u0151:":"dorogimedence.hu","Becs\u00fclt olvas\u00e1si id\u0151":"6 perc"},"schema":{"@context":"https:\/\/schema.org","@graph":[{"@type":"Article","@id":"https:\/\/dorogimedence.hu\/index.php\/2025\/04\/10\/otletversenyre-hivta-az-egyetemistakat-a-richter\/#article","isPartOf":{"@id":"https:\/\/dorogimedence.hu\/index.php\/2025\/04\/10\/otletversenyre-hivta-az-egyetemistakat-a-richter\/"},"author":{"name":"dorogimedence.hu","@id":"https:\/\/dorogimedence.hu\/#\/schema\/person\/ce6091eeb7e95ecdc87890d6aa8e0fd4"},"headline":"\u00d6tletversenyre h\u00edvta az egyetemist\u00e1kat a Richter","datePublished":"2025-04-10T11:56:47+00:00","mainEntityOfPage":{"@id":"https:\/\/dorogimedence.hu\/index.php\/2025\/04\/10\/otletversenyre-hivta-az-egyetemistakat-a-richter\/"},"wordCount":1113,"publisher":{"@id":"https:\/\/dorogimedence.hu\/#organization"},"image":{"@id":"https:\/\/dorogimedence.hu\/index.php\/2025\/04\/10\/otletversenyre-hivta-az-egyetemistakat-a-richter\/#primaryimage"},"thumbnailUrl":"https:\/\/dorogimedence.hu\/wp-content\/uploads\/2025\/04\/mindrun.jpg","keywords":["mindrun","richter"],"articleSection":["H\u00edrek"],"inLanguage":"hu"},{"@type":"WebPage","@id":"https:\/\/dorogimedence.hu\/index.php\/2025\/04\/10\/otletversenyre-hivta-az-egyetemistakat-a-richter\/","url":"https:\/\/dorogimedence.hu\/index.php\/2025\/04\/10\/otletversenyre-hivta-az-egyetemistakat-a-richter\/","name":"\u00d6tletversenyre h\u00edvta az egyetemist\u00e1kat a Richter","isPartOf":{"@id":"https:\/\/dorogimedence.hu\/#website"},"primaryImageOfPage":{"@id":"https:\/\/dorogimedence.hu\/index.php\/2025\/04\/10\/otletversenyre-hivta-az-egyetemistakat-a-richter\/#primaryimage"},"image":{"@id":"https:\/\/dorogimedence.hu\/index.php\/2025\/04\/10\/otletversenyre-hivta-az-egyetemistakat-a-richter\/#primaryimage"},"thumbnailUrl":"https:\/\/dorogimedence.hu\/wp-content\/uploads\/2025\/04\/mindrun.jpg","datePublished":"2025-04-10T11:56:47+00:00","breadcrumb":{"@id":"https:\/\/dorogimedence.hu\/index.php\/2025\/04\/10\/otletversenyre-hivta-az-egyetemistakat-a-richter\/#breadcrumb"},"inLanguage":"hu","potentialAction":[{"@type":"ReadAction","target":["https:\/\/dorogimedence.hu\/index.php\/2025\/04\/10\/otletversenyre-hivta-az-egyetemistakat-a-richter\/"]}]},{"@type":"ImageObject","inLanguage":"hu","@id":"https:\/\/dorogimedence.hu\/index.php\/2025\/04\/10\/otletversenyre-hivta-az-egyetemistakat-a-richter\/#primaryimage","url":"https:\/\/dorogimedence.hu\/wp-content\/uploads\/2025\/04\/mindrun.jpg","contentUrl":"https:\/\/dorogimedence.hu\/wp-content\/uploads\/2025\/04\/mindrun.jpg","width":1920,"height":970},{"@type":"BreadcrumbList","@id":"https:\/\/dorogimedence.hu\/index.php\/2025\/04\/10\/otletversenyre-hivta-az-egyetemistakat-a-richter\/#breadcrumb","itemListElement":[{"@type":"ListItem","position":1,"name":"Kezd\u0151lap","item":"https:\/\/dorogimedence.hu\/"},{"@type":"ListItem","position":2,"name":"\u00d6tletversenyre h\u00edvta az egyetemist\u00e1kat a Richter"}]},{"@type":"WebSite","@id":"https:\/\/dorogimedence.hu\/#website","url":"https:\/\/dorogimedence.hu\/","name":"Dorogi-medence Region\u00e1lis H\u00edrport\u00e1l","description":"Dorog, Keszt\u00f6lc, Le\u00e1nyv\u00e1r, Piliscs\u00e9v, Tokod, Tokodalt\u00e1r\u00f3, Csolnok, Esztergom-kertv\u00e1ros: h\u00edrek, programok","publisher":{"@id":"https:\/\/dorogimedence.hu\/#organization"},"potentialAction":[{"@type":"SearchAction","target":{"@type":"EntryPoint","urlTemplate":"https:\/\/dorogimedence.hu\/?s={search_term_string}"},"query-input":{"@type":"PropertyValueSpecification","valueRequired":true,"valueName":"search_term_string"}}],"inLanguage":"hu"},{"@type":"Organization","@id":"https:\/\/dorogimedence.hu\/#organization","name":"Dorogi-medence Region\u00e1lis H\u00edrport\u00e1l","url":"https:\/\/dorogimedence.hu\/","logo":{"@type":"ImageObject","inLanguage":"hu","@id":"https:\/\/dorogimedence.hu\/#\/schema\/logo\/image\/","url":"https:\/\/dorogimedence.hu\/wp-content\/uploads\/2021\/04\/logo-feher-600.png","contentUrl":"https:\/\/dorogimedence.hu\/wp-content\/uploads\/2021\/04\/logo-feher-600.png","width":600,"height":100,"caption":"Dorogi-medence Region\u00e1lis H\u00edrport\u00e1l"},"image":{"@id":"https:\/\/dorogimedence.hu\/#\/schema\/logo\/image\/"},"sameAs":["https:\/\/www.facebook.com\/dorogimedence\/"]},{"@type":"Person","@id":"https:\/\/dorogimedence.hu\/#\/schema\/person\/ce6091eeb7e95ecdc87890d6aa8e0fd4","name":"dorogimedence.hu","image":{"@type":"ImageObject","inLanguage":"hu","@id":"\/\/www.gravatar.com\/avatar\/d8d45f8901aadff40a4af72c0b826f1d?s=96&#038;r=g&#038;d=mm","url":"\/\/www.gravatar.com\/avatar\/d8d45f8901aadff40a4af72c0b826f1d?s=96&#038;r=g&#038;d=mm","contentUrl":"\/\/www.gravatar.com\/avatar\/d8d45f8901aadff40a4af72c0b826f1d?s=96&#038;r=g&#038;d=mm","caption":"dorogimedence.hu"}}]}},"_links":{"self":[{"href":"https:\/\/dorogimedence.hu\/index.php\/wp-json\/wp\/v2\/posts\/70178","targetHints":{"allow":["GET"]}}],"collection":[{"href":"https:\/\/dorogimedence.hu\/index.php\/wp-json\/wp\/v2\/posts"}],"about":[{"href":"https:\/\/dorogimedence.hu\/index.php\/wp-json\/wp\/v2\/types\/post"}],"author":[{"embeddable":true,"href":"https:\/\/dorogimedence.hu\/index.php\/wp-json\/wp\/v2\/users\/1"}],"replies":[{"embeddable":true,"href":"https:\/\/dorogimedence.hu\/index.php\/wp-json\/wp\/v2\/comments?post=70178"}],"version-history":[{"count":0,"href":"https:\/\/dorogimedence.hu\/index.php\/wp-json\/wp\/v2\/posts\/70178\/revisions"}],"wp:featuredmedia":[{"embeddable":true,"href":"https:\/\/dorogimedence.hu\/index.php\/wp-json\/wp\/v2\/media\/70179"}],"wp:attachment":[{"href":"https:\/\/dorogimedence.hu\/index.php\/wp-json\/wp\/v2\/media?parent=70178"}],"wp:term":[{"taxonomy":"category","embeddable":true,"href":"https:\/\/dorogimedence.hu\/index.php\/wp-json\/wp\/v2\/categories?post=70178"},{"taxonomy":"post_tag","embeddable":true,"href":"https:\/\/dorogimedence.hu\/index.php\/wp-json\/wp\/v2\/tags?post=70178"}],"curies":[{"name":"wp","href":"https:\/\/api.w.org\/{rel}","templated":true}]}}