{"id":70175,"date":"2025-04-10T13:40:14","date_gmt":"2025-04-10T11:40:14","guid":{"rendered":"https:\/\/dorogimedence.hu\/?p=70175"},"modified":"2025-04-10T13:40:14","modified_gmt":"2025-04-10T11:40:14","slug":"alkoto-muzsikusok-tarsasaga-ifjusagi-hangversenye","status":"publish","type":"post","link":"https:\/\/dorogimedence.hu\/index.php\/2025\/04\/10\/alkoto-muzsikusok-tarsasaga-ifjusagi-hangversenye\/","title":{"rendered":"Alkot\u00f3 Muzsikusok T\u00e1rsas\u00e1ga ifj\u00fas\u00e1gi hangversenye"},"content":{"rendered":"<p><strong>A Dorogi Erkel Ferenc Alapfok\u00fa M\u0171v\u00e9szeti Iskola adott otthont az Alkot\u00f3 Muzsikusok T\u00e1rsas\u00e1ga (AMT) koncertj\u00e9nek \u00e1prilis 9-\u00e9n, szerd\u00e1n.<\/strong><\/p>\n<p>Az esem\u00e9nyen szerepeltek az int\u00e9zm\u00e9ny tan\u00e1rai, zongora- \u00e9s furulya szakos n\u00f6vend\u00e9kei, valamint egy r\u00e9gi di\u00e1k, r\u00e9gi tan\u00e1r K\u00e1lvin Bal\u00e1zs, aki jelenleg az Operah\u00e1z egyik korrepet\u00edtora.<\/p>\n<p>Az AMT egy \u00f6sszm\u0171v\u00e9szeti csoport, amelynek hivat\u00e1sos zen\u00e9sz tagjai kompon\u00e1lnak, irodalmi, k\u00e9pz\u0151m\u0171v\u00e9szeti tev\u00e9kenys\u00e9get folytatnak. A m\u0171sorban elhangzottak az AMT-zeneszerz\u0151 tagok alkot\u00e1sai, de vers, novella r\u00e9szlet \u00e9s mese felolvas\u00e1s\u00e1ra is sor ker\u00fclt.<\/p>\n<p>A zeneiskola tan\u00e1ri kar\u00e1b\u00f3l fell\u00e9pett Benk \u00c1gota (szaxofon), ifj. Demeter L\u00e1szl\u00f3 (fuvola), Rebe Attila (zongora, furulya, k\u00fcrt), Szab\u00f3n\u00e9 \u00c9rdi M\u00f3nika (heged\u0171), Szendi \u00c1gnes (zongora).<\/p>\n<p>K\u00e1lvin Bal\u00e1zs zongoram\u0171v\u00e9sz az Alkot\u00f3 Muzsikusok T\u00e1rsas\u00e1ga egyik \u00fajabb tagja \u00fagy adta el\u0151 h\u00e1rom t\u00e9teles zongoraciklus\u00e1t, a \u201eJelenetek a term\u00e9szetb\u0151l\u201d c\u00edm\u0171t \u2013 1. Vill\u00e1mcsap\u00e1s 2. V\u00e9gtelen h\u00f3mez\u0151k&nbsp; 3. Farmon \u2013, hogy k\u00f6zben megtekinthette a k\u00f6z\u00f6ns\u00e9g a m\u0171 ihlette gyermekrajzokat.<\/p>\n<p>K\u00f6sz\u00f6net Kolonics P\u00e9ternek \u00e9s Partosn\u00e9 T\u00f3th Major Krisztin\u00e1nak, hogy v\u00e1llalt\u00e1k ezt az egy\u00fcttm\u0171k\u00f6d\u00e9st \u00e9s igaz\u00e1n v\u00e1ltozatos rajzokat k\u00e9sz\u00edtettek tan\u00edtv\u00e1nyaik. \u00cdgy valami \u00faj \u00e9lm\u00e9ny sz\u00fcletett a m\u0171v\u00e9szetek tal\u00e1lkoz\u00e1sa \u00e1ltal. A k\u00f6z\u00f6ns\u00e9g h\u00e1l\u00e1s tapssal jutalmazta az el\u0151ad\u00f3kat.<\/p>\n<p><strong><em>Szendi \u00c1gnes<\/em><\/strong><\/p>\n","protected":false},"excerpt":{"rendered":"<p>A Dorogi Erkel Ferenc Alapfok\u00fa M\u0171v\u00e9szeti Iskola adott otthont az Alkot\u00f3 Muzsikusok T\u00e1rsas\u00e1ga (AMT) koncertj\u00e9nek \u00e1prilis 9-\u00e9n, szerd\u00e1n. Az esem\u00e9nyen szerepeltek az int\u00e9zm\u00e9ny tan\u00e1rai, zongora- \u00e9s furulya szakos n\u00f6vend\u00e9kei, valamint egy r\u00e9gi di\u00e1k, r\u00e9gi tan\u00e1r K\u00e1lvin Bal\u00e1zs, aki jelenleg az Operah\u00e1z egyik korrepet\u00edtora. Az AMT egy \u00f6sszm\u0171v\u00e9szeti csoport, amelynek hivat\u00e1sos zen\u00e9sz tagjai kompon\u00e1lnak, irodalmi, k\u00e9pz\u0151m\u0171v\u00e9szeti<\/p>\n","protected":false},"author":1,"featured_media":70176,"comment_status":"closed","ping_status":"closed","sticky":false,"template":"","format":"standard","meta":{"ngg_post_thumbnail":0,"footnotes":""},"categories":[2,3],"tags":[15,8304,1010,119,107,997],"class_list":{"0":"post-70175","1":"post","2":"type-post","3":"status-publish","4":"format-standard","5":"has-post-thumbnail","7":"category-dorog","8":"category-hirek","9":"tag-dorog","10":"tag-dorogi-zeneiskola","11":"tag-hangverseny","12":"tag-koncert","13":"tag-zene","14":"tag-zeneiskola"},"yoast_head":"<!-- This site is optimized with the Yoast SEO plugin v27.4 - https:\/\/yoast.com\/product\/yoast-seo-wordpress\/ -->\n<title>Alkot\u00f3 Muzsikusok T\u00e1rsas\u00e1ga ifj\u00fas\u00e1gi hangversenye<\/title>\n<meta name=\"robots\" content=\"index, follow, max-snippet:-1, max-image-preview:large, max-video-preview:-1\" \/>\n<link rel=\"canonical\" href=\"https:\/\/dorogimedence.hu\/index.php\/2025\/04\/10\/alkoto-muzsikusok-tarsasaga-ifjusagi-hangversenye\/\" class=\"yoast-seo-meta-tag\" \/>\n<meta property=\"og:locale\" content=\"hu_HU\" class=\"yoast-seo-meta-tag\" \/>\n<meta property=\"og:type\" content=\"article\" class=\"yoast-seo-meta-tag\" \/>\n<meta property=\"og:title\" content=\"Alkot\u00f3 Muzsikusok T\u00e1rsas\u00e1ga ifj\u00fas\u00e1gi hangversenye\" class=\"yoast-seo-meta-tag\" \/>\n<meta property=\"og:description\" content=\"A Dorogi Erkel Ferenc Alapfok\u00fa M\u0171v\u00e9szeti Iskola adott otthont az Alkot\u00f3 Muzsikusok T\u00e1rsas\u00e1ga (AMT) koncertj\u00e9nek \u00e1prilis 9-\u00e9n, szerd\u00e1n. Az esem\u00e9nyen szerepeltek az int\u00e9zm\u00e9ny tan\u00e1rai, zongora- \u00e9s furulya szakos n\u00f6vend\u00e9kei, valamint egy r\u00e9gi di\u00e1k, r\u00e9gi tan\u00e1r K\u00e1lvin Bal\u00e1zs, aki jelenleg az Operah\u00e1z egyik korrepet\u00edtora. Az AMT egy \u00f6sszm\u0171v\u00e9szeti csoport, amelynek hivat\u00e1sos zen\u00e9sz tagjai kompon\u00e1lnak, irodalmi, k\u00e9pz\u0151m\u0171v\u00e9szeti\" class=\"yoast-seo-meta-tag\" \/>\n<meta property=\"og:url\" content=\"https:\/\/dorogimedence.hu\/index.php\/2025\/04\/10\/alkoto-muzsikusok-tarsasaga-ifjusagi-hangversenye\/\" class=\"yoast-seo-meta-tag\" \/>\n<meta property=\"og:site_name\" content=\"Dorogi-medence Region\u00e1lis H\u00edrport\u00e1l\" class=\"yoast-seo-meta-tag\" \/>\n<meta property=\"article:publisher\" content=\"https:\/\/www.facebook.com\/dorogimedence\/\" class=\"yoast-seo-meta-tag\" \/>\n<meta property=\"article:published_time\" content=\"2025-04-10T11:40:14+00:00\" class=\"yoast-seo-meta-tag\" \/>\n<meta property=\"og:image\" content=\"https:\/\/dorogimedence.hu\/wp-content\/uploads\/2025\/04\/ETkX0IgX.jpg\" class=\"yoast-seo-meta-tag\" \/>\n\t<meta property=\"og:image:width\" content=\"2048\" class=\"yoast-seo-meta-tag\" \/>\n\t<meta property=\"og:image:height\" content=\"1152\" class=\"yoast-seo-meta-tag\" \/>\n\t<meta property=\"og:image:type\" content=\"image\/jpeg\" class=\"yoast-seo-meta-tag\" \/>\n<meta name=\"author\" content=\"dorogimedence.hu\" class=\"yoast-seo-meta-tag\" \/>\n<meta name=\"twitter:card\" content=\"summary_large_image\" class=\"yoast-seo-meta-tag\" \/>\n<meta name=\"twitter:label1\" content=\"Szerz\u0151:\" class=\"yoast-seo-meta-tag\" \/>\n\t<meta name=\"twitter:data1\" content=\"dorogimedence.hu\" class=\"yoast-seo-meta-tag\" \/>\n\t<meta name=\"twitter:label2\" content=\"Becs\u00fclt olvas\u00e1si id\u0151\" class=\"yoast-seo-meta-tag\" \/>\n\t<meta name=\"twitter:data2\" content=\"1 perc\" class=\"yoast-seo-meta-tag\" \/>\n<script type=\"application\/ld+json\" class=\"yoast-schema-graph\">{\"@context\":\"https:\\\/\\\/schema.org\",\"@graph\":[{\"@type\":\"Article\",\"@id\":\"https:\\\/\\\/dorogimedence.hu\\\/index.php\\\/2025\\\/04\\\/10\\\/alkoto-muzsikusok-tarsasaga-ifjusagi-hangversenye\\\/#article\",\"isPartOf\":{\"@id\":\"https:\\\/\\\/dorogimedence.hu\\\/index.php\\\/2025\\\/04\\\/10\\\/alkoto-muzsikusok-tarsasaga-ifjusagi-hangversenye\\\/\"},\"author\":{\"name\":\"dorogimedence.hu\",\"@id\":\"https:\\\/\\\/dorogimedence.hu\\\/#\\\/schema\\\/person\\\/ce6091eeb7e95ecdc87890d6aa8e0fd4\"},\"headline\":\"Alkot\u00f3 Muzsikusok T\u00e1rsas\u00e1ga ifj\u00fas\u00e1gi hangversenye\",\"datePublished\":\"2025-04-10T11:40:14+00:00\",\"mainEntityOfPage\":{\"@id\":\"https:\\\/\\\/dorogimedence.hu\\\/index.php\\\/2025\\\/04\\\/10\\\/alkoto-muzsikusok-tarsasaga-ifjusagi-hangversenye\\\/\"},\"wordCount\":277,\"publisher\":{\"@id\":\"https:\\\/\\\/dorogimedence.hu\\\/#organization\"},\"image\":{\"@id\":\"https:\\\/\\\/dorogimedence.hu\\\/index.php\\\/2025\\\/04\\\/10\\\/alkoto-muzsikusok-tarsasaga-ifjusagi-hangversenye\\\/#primaryimage\"},\"thumbnailUrl\":\"https:\\\/\\\/dorogimedence.hu\\\/wp-content\\\/uploads\\\/2025\\\/04\\\/ETkX0IgX.jpg\",\"keywords\":[\"Dorog\",\"dorogi zeneiskola\",\"hangverseny\",\"koncert\",\"zene\",\"zeneiskola\"],\"articleSection\":[\"Dorog\",\"H\u00edrek\"],\"inLanguage\":\"hu\"},{\"@type\":\"WebPage\",\"@id\":\"https:\\\/\\\/dorogimedence.hu\\\/index.php\\\/2025\\\/04\\\/10\\\/alkoto-muzsikusok-tarsasaga-ifjusagi-hangversenye\\\/\",\"url\":\"https:\\\/\\\/dorogimedence.hu\\\/index.php\\\/2025\\\/04\\\/10\\\/alkoto-muzsikusok-tarsasaga-ifjusagi-hangversenye\\\/\",\"name\":\"Alkot\u00f3 Muzsikusok T\u00e1rsas\u00e1ga ifj\u00fas\u00e1gi hangversenye\",\"isPartOf\":{\"@id\":\"https:\\\/\\\/dorogimedence.hu\\\/#website\"},\"primaryImageOfPage\":{\"@id\":\"https:\\\/\\\/dorogimedence.hu\\\/index.php\\\/2025\\\/04\\\/10\\\/alkoto-muzsikusok-tarsasaga-ifjusagi-hangversenye\\\/#primaryimage\"},\"image\":{\"@id\":\"https:\\\/\\\/dorogimedence.hu\\\/index.php\\\/2025\\\/04\\\/10\\\/alkoto-muzsikusok-tarsasaga-ifjusagi-hangversenye\\\/#primaryimage\"},\"thumbnailUrl\":\"https:\\\/\\\/dorogimedence.hu\\\/wp-content\\\/uploads\\\/2025\\\/04\\\/ETkX0IgX.jpg\",\"datePublished\":\"2025-04-10T11:40:14+00:00\",\"breadcrumb\":{\"@id\":\"https:\\\/\\\/dorogimedence.hu\\\/index.php\\\/2025\\\/04\\\/10\\\/alkoto-muzsikusok-tarsasaga-ifjusagi-hangversenye\\\/#breadcrumb\"},\"inLanguage\":\"hu\",\"potentialAction\":[{\"@type\":\"ReadAction\",\"target\":[\"https:\\\/\\\/dorogimedence.hu\\\/index.php\\\/2025\\\/04\\\/10\\\/alkoto-muzsikusok-tarsasaga-ifjusagi-hangversenye\\\/\"]}]},{\"@type\":\"ImageObject\",\"inLanguage\":\"hu\",\"@id\":\"https:\\\/\\\/dorogimedence.hu\\\/index.php\\\/2025\\\/04\\\/10\\\/alkoto-muzsikusok-tarsasaga-ifjusagi-hangversenye\\\/#primaryimage\",\"url\":\"https:\\\/\\\/dorogimedence.hu\\\/wp-content\\\/uploads\\\/2025\\\/04\\\/ETkX0IgX.jpg\",\"contentUrl\":\"https:\\\/\\\/dorogimedence.hu\\\/wp-content\\\/uploads\\\/2025\\\/04\\\/ETkX0IgX.jpg\",\"width\":2048,\"height\":1152},{\"@type\":\"BreadcrumbList\",\"@id\":\"https:\\\/\\\/dorogimedence.hu\\\/index.php\\\/2025\\\/04\\\/10\\\/alkoto-muzsikusok-tarsasaga-ifjusagi-hangversenye\\\/#breadcrumb\",\"itemListElement\":[{\"@type\":\"ListItem\",\"position\":1,\"name\":\"Kezd\u0151lap\",\"item\":\"https:\\\/\\\/dorogimedence.hu\\\/\"},{\"@type\":\"ListItem\",\"position\":2,\"name\":\"Alkot\u00f3 Muzsikusok T\u00e1rsas\u00e1ga ifj\u00fas\u00e1gi hangversenye\"}]},{\"@type\":\"WebSite\",\"@id\":\"https:\\\/\\\/dorogimedence.hu\\\/#website\",\"url\":\"https:\\\/\\\/dorogimedence.hu\\\/\",\"name\":\"Dorogi-medence Region\u00e1lis H\u00edrport\u00e1l\",\"description\":\"Dorog, Keszt\u00f6lc, Le\u00e1nyv\u00e1r, Piliscs\u00e9v, Tokod, Tokodalt\u00e1r\u00f3, Csolnok, Esztergom-kertv\u00e1ros: h\u00edrek, programok\",\"publisher\":{\"@id\":\"https:\\\/\\\/dorogimedence.hu\\\/#organization\"},\"potentialAction\":[{\"@type\":\"SearchAction\",\"target\":{\"@type\":\"EntryPoint\",\"urlTemplate\":\"https:\\\/\\\/dorogimedence.hu\\\/?s={search_term_string}\"},\"query-input\":{\"@type\":\"PropertyValueSpecification\",\"valueRequired\":true,\"valueName\":\"search_term_string\"}}],\"inLanguage\":\"hu\"},{\"@type\":\"Organization\",\"@id\":\"https:\\\/\\\/dorogimedence.hu\\\/#organization\",\"name\":\"Dorogi-medence Region\u00e1lis H\u00edrport\u00e1l\",\"url\":\"https:\\\/\\\/dorogimedence.hu\\\/\",\"logo\":{\"@type\":\"ImageObject\",\"inLanguage\":\"hu\",\"@id\":\"https:\\\/\\\/dorogimedence.hu\\\/#\\\/schema\\\/logo\\\/image\\\/\",\"url\":\"https:\\\/\\\/dorogimedence.hu\\\/wp-content\\\/uploads\\\/2021\\\/04\\\/logo-feher-600.png\",\"contentUrl\":\"https:\\\/\\\/dorogimedence.hu\\\/wp-content\\\/uploads\\\/2021\\\/04\\\/logo-feher-600.png\",\"width\":600,\"height\":100,\"caption\":\"Dorogi-medence Region\u00e1lis H\u00edrport\u00e1l\"},\"image\":{\"@id\":\"https:\\\/\\\/dorogimedence.hu\\\/#\\\/schema\\\/logo\\\/image\\\/\"},\"sameAs\":[\"https:\\\/\\\/www.facebook.com\\\/dorogimedence\\\/\"]},{\"@type\":\"Person\",\"@id\":\"https:\\\/\\\/dorogimedence.hu\\\/#\\\/schema\\\/person\\\/ce6091eeb7e95ecdc87890d6aa8e0fd4\",\"name\":\"dorogimedence.hu\",\"image\":{\"@type\":\"ImageObject\",\"inLanguage\":\"hu\",\"@id\":\"\\\/\\\/www.gravatar.com\\\/avatar\\\/d8d45f8901aadff40a4af72c0b826f1d?s=96&#038;r=g&#038;d=mm\",\"url\":\"\\\/\\\/www.gravatar.com\\\/avatar\\\/d8d45f8901aadff40a4af72c0b826f1d?s=96&#038;r=g&#038;d=mm\",\"contentUrl\":\"\\\/\\\/www.gravatar.com\\\/avatar\\\/d8d45f8901aadff40a4af72c0b826f1d?s=96&#038;r=g&#038;d=mm\",\"caption\":\"dorogimedence.hu\"}}]}<\/script>\n<!-- \/ Yoast SEO plugin. -->","yoast_head_json":{"title":"Alkot\u00f3 Muzsikusok T\u00e1rsas\u00e1ga ifj\u00fas\u00e1gi hangversenye","robots":{"index":"index","follow":"follow","max-snippet":"max-snippet:-1","max-image-preview":"max-image-preview:large","max-video-preview":"max-video-preview:-1"},"canonical":"https:\/\/dorogimedence.hu\/index.php\/2025\/04\/10\/alkoto-muzsikusok-tarsasaga-ifjusagi-hangversenye\/","og_locale":"hu_HU","og_type":"article","og_title":"Alkot\u00f3 Muzsikusok T\u00e1rsas\u00e1ga ifj\u00fas\u00e1gi hangversenye","og_description":"A Dorogi Erkel Ferenc Alapfok\u00fa M\u0171v\u00e9szeti Iskola adott otthont az Alkot\u00f3 Muzsikusok T\u00e1rsas\u00e1ga (AMT) koncertj\u00e9nek \u00e1prilis 9-\u00e9n, szerd\u00e1n. Az esem\u00e9nyen szerepeltek az int\u00e9zm\u00e9ny tan\u00e1rai, zongora- \u00e9s furulya szakos n\u00f6vend\u00e9kei, valamint egy r\u00e9gi di\u00e1k, r\u00e9gi tan\u00e1r K\u00e1lvin Bal\u00e1zs, aki jelenleg az Operah\u00e1z egyik korrepet\u00edtora. Az AMT egy \u00f6sszm\u0171v\u00e9szeti csoport, amelynek hivat\u00e1sos zen\u00e9sz tagjai kompon\u00e1lnak, irodalmi, k\u00e9pz\u0151m\u0171v\u00e9szeti","og_url":"https:\/\/dorogimedence.hu\/index.php\/2025\/04\/10\/alkoto-muzsikusok-tarsasaga-ifjusagi-hangversenye\/","og_site_name":"Dorogi-medence Region\u00e1lis H\u00edrport\u00e1l","article_publisher":"https:\/\/www.facebook.com\/dorogimedence\/","article_published_time":"2025-04-10T11:40:14+00:00","og_image":[{"width":2048,"height":1152,"url":"https:\/\/dorogimedence.hu\/wp-content\/uploads\/2025\/04\/ETkX0IgX.jpg","type":"image\/jpeg"}],"author":"dorogimedence.hu","twitter_card":"summary_large_image","twitter_misc":{"Szerz\u0151:":"dorogimedence.hu","Becs\u00fclt olvas\u00e1si id\u0151":"1 perc"},"schema":{"@context":"https:\/\/schema.org","@graph":[{"@type":"Article","@id":"https:\/\/dorogimedence.hu\/index.php\/2025\/04\/10\/alkoto-muzsikusok-tarsasaga-ifjusagi-hangversenye\/#article","isPartOf":{"@id":"https:\/\/dorogimedence.hu\/index.php\/2025\/04\/10\/alkoto-muzsikusok-tarsasaga-ifjusagi-hangversenye\/"},"author":{"name":"dorogimedence.hu","@id":"https:\/\/dorogimedence.hu\/#\/schema\/person\/ce6091eeb7e95ecdc87890d6aa8e0fd4"},"headline":"Alkot\u00f3 Muzsikusok T\u00e1rsas\u00e1ga ifj\u00fas\u00e1gi hangversenye","datePublished":"2025-04-10T11:40:14+00:00","mainEntityOfPage":{"@id":"https:\/\/dorogimedence.hu\/index.php\/2025\/04\/10\/alkoto-muzsikusok-tarsasaga-ifjusagi-hangversenye\/"},"wordCount":277,"publisher":{"@id":"https:\/\/dorogimedence.hu\/#organization"},"image":{"@id":"https:\/\/dorogimedence.hu\/index.php\/2025\/04\/10\/alkoto-muzsikusok-tarsasaga-ifjusagi-hangversenye\/#primaryimage"},"thumbnailUrl":"https:\/\/dorogimedence.hu\/wp-content\/uploads\/2025\/04\/ETkX0IgX.jpg","keywords":["Dorog","dorogi zeneiskola","hangverseny","koncert","zene","zeneiskola"],"articleSection":["Dorog","H\u00edrek"],"inLanguage":"hu"},{"@type":"WebPage","@id":"https:\/\/dorogimedence.hu\/index.php\/2025\/04\/10\/alkoto-muzsikusok-tarsasaga-ifjusagi-hangversenye\/","url":"https:\/\/dorogimedence.hu\/index.php\/2025\/04\/10\/alkoto-muzsikusok-tarsasaga-ifjusagi-hangversenye\/","name":"Alkot\u00f3 Muzsikusok T\u00e1rsas\u00e1ga ifj\u00fas\u00e1gi hangversenye","isPartOf":{"@id":"https:\/\/dorogimedence.hu\/#website"},"primaryImageOfPage":{"@id":"https:\/\/dorogimedence.hu\/index.php\/2025\/04\/10\/alkoto-muzsikusok-tarsasaga-ifjusagi-hangversenye\/#primaryimage"},"image":{"@id":"https:\/\/dorogimedence.hu\/index.php\/2025\/04\/10\/alkoto-muzsikusok-tarsasaga-ifjusagi-hangversenye\/#primaryimage"},"thumbnailUrl":"https:\/\/dorogimedence.hu\/wp-content\/uploads\/2025\/04\/ETkX0IgX.jpg","datePublished":"2025-04-10T11:40:14+00:00","breadcrumb":{"@id":"https:\/\/dorogimedence.hu\/index.php\/2025\/04\/10\/alkoto-muzsikusok-tarsasaga-ifjusagi-hangversenye\/#breadcrumb"},"inLanguage":"hu","potentialAction":[{"@type":"ReadAction","target":["https:\/\/dorogimedence.hu\/index.php\/2025\/04\/10\/alkoto-muzsikusok-tarsasaga-ifjusagi-hangversenye\/"]}]},{"@type":"ImageObject","inLanguage":"hu","@id":"https:\/\/dorogimedence.hu\/index.php\/2025\/04\/10\/alkoto-muzsikusok-tarsasaga-ifjusagi-hangversenye\/#primaryimage","url":"https:\/\/dorogimedence.hu\/wp-content\/uploads\/2025\/04\/ETkX0IgX.jpg","contentUrl":"https:\/\/dorogimedence.hu\/wp-content\/uploads\/2025\/04\/ETkX0IgX.jpg","width":2048,"height":1152},{"@type":"BreadcrumbList","@id":"https:\/\/dorogimedence.hu\/index.php\/2025\/04\/10\/alkoto-muzsikusok-tarsasaga-ifjusagi-hangversenye\/#breadcrumb","itemListElement":[{"@type":"ListItem","position":1,"name":"Kezd\u0151lap","item":"https:\/\/dorogimedence.hu\/"},{"@type":"ListItem","position":2,"name":"Alkot\u00f3 Muzsikusok T\u00e1rsas\u00e1ga ifj\u00fas\u00e1gi hangversenye"}]},{"@type":"WebSite","@id":"https:\/\/dorogimedence.hu\/#website","url":"https:\/\/dorogimedence.hu\/","name":"Dorogi-medence Region\u00e1lis H\u00edrport\u00e1l","description":"Dorog, Keszt\u00f6lc, Le\u00e1nyv\u00e1r, Piliscs\u00e9v, Tokod, Tokodalt\u00e1r\u00f3, Csolnok, Esztergom-kertv\u00e1ros: h\u00edrek, programok","publisher":{"@id":"https:\/\/dorogimedence.hu\/#organization"},"potentialAction":[{"@type":"SearchAction","target":{"@type":"EntryPoint","urlTemplate":"https:\/\/dorogimedence.hu\/?s={search_term_string}"},"query-input":{"@type":"PropertyValueSpecification","valueRequired":true,"valueName":"search_term_string"}}],"inLanguage":"hu"},{"@type":"Organization","@id":"https:\/\/dorogimedence.hu\/#organization","name":"Dorogi-medence Region\u00e1lis H\u00edrport\u00e1l","url":"https:\/\/dorogimedence.hu\/","logo":{"@type":"ImageObject","inLanguage":"hu","@id":"https:\/\/dorogimedence.hu\/#\/schema\/logo\/image\/","url":"https:\/\/dorogimedence.hu\/wp-content\/uploads\/2021\/04\/logo-feher-600.png","contentUrl":"https:\/\/dorogimedence.hu\/wp-content\/uploads\/2021\/04\/logo-feher-600.png","width":600,"height":100,"caption":"Dorogi-medence Region\u00e1lis H\u00edrport\u00e1l"},"image":{"@id":"https:\/\/dorogimedence.hu\/#\/schema\/logo\/image\/"},"sameAs":["https:\/\/www.facebook.com\/dorogimedence\/"]},{"@type":"Person","@id":"https:\/\/dorogimedence.hu\/#\/schema\/person\/ce6091eeb7e95ecdc87890d6aa8e0fd4","name":"dorogimedence.hu","image":{"@type":"ImageObject","inLanguage":"hu","@id":"\/\/www.gravatar.com\/avatar\/d8d45f8901aadff40a4af72c0b826f1d?s=96&#038;r=g&#038;d=mm","url":"\/\/www.gravatar.com\/avatar\/d8d45f8901aadff40a4af72c0b826f1d?s=96&#038;r=g&#038;d=mm","contentUrl":"\/\/www.gravatar.com\/avatar\/d8d45f8901aadff40a4af72c0b826f1d?s=96&#038;r=g&#038;d=mm","caption":"dorogimedence.hu"}}]}},"_links":{"self":[{"href":"https:\/\/dorogimedence.hu\/index.php\/wp-json\/wp\/v2\/posts\/70175","targetHints":{"allow":["GET"]}}],"collection":[{"href":"https:\/\/dorogimedence.hu\/index.php\/wp-json\/wp\/v2\/posts"}],"about":[{"href":"https:\/\/dorogimedence.hu\/index.php\/wp-json\/wp\/v2\/types\/post"}],"author":[{"embeddable":true,"href":"https:\/\/dorogimedence.hu\/index.php\/wp-json\/wp\/v2\/users\/1"}],"replies":[{"embeddable":true,"href":"https:\/\/dorogimedence.hu\/index.php\/wp-json\/wp\/v2\/comments?post=70175"}],"version-history":[{"count":0,"href":"https:\/\/dorogimedence.hu\/index.php\/wp-json\/wp\/v2\/posts\/70175\/revisions"}],"wp:featuredmedia":[{"embeddable":true,"href":"https:\/\/dorogimedence.hu\/index.php\/wp-json\/wp\/v2\/media\/70176"}],"wp:attachment":[{"href":"https:\/\/dorogimedence.hu\/index.php\/wp-json\/wp\/v2\/media?parent=70175"}],"wp:term":[{"taxonomy":"category","embeddable":true,"href":"https:\/\/dorogimedence.hu\/index.php\/wp-json\/wp\/v2\/categories?post=70175"},{"taxonomy":"post_tag","embeddable":true,"href":"https:\/\/dorogimedence.hu\/index.php\/wp-json\/wp\/v2\/tags?post=70175"}],"curies":[{"name":"wp","href":"https:\/\/api.w.org\/{rel}","templated":true}]}}