{"id":70124,"date":"2025-04-08T14:23:21","date_gmt":"2025-04-08T12:23:21","guid":{"rendered":"https:\/\/dorogimedence.hu\/?p=70124"},"modified":"2025-04-08T14:40:16","modified_gmt":"2025-04-08T12:40:16","slug":"uj-eletre-kel-a-gerenday-kert-es-a-duna-part-labatlanon","status":"publish","type":"post","link":"https:\/\/dorogimedence.hu\/index.php\/2025\/04\/08\/uj-eletre-kel-a-gerenday-kert-es-a-duna-part-labatlanon\/","title":{"rendered":"\u00daj \u00e9letre kel a Gerenday Kert \u00e9s a Duna-part L\u00e1batlanon"},"content":{"rendered":"<p><strong>L\u00e1batlan V\u00e1ros \u00d6nkorm\u00e1nyzata hossz\u00fa ideje elk\u00f6telezett a k\u00f6rnyezeti \u00e9rt\u00e9kek v\u00e9delme \u00e9s a fenntarthat\u00f3 fejl\u0151d\u00e9s ir\u00e1nt. Most \u00fajabb m\u00e9rf\u00f6ldk\u0151h\u00f6z \u00e9rkezett: egy jelent\u0151s hat\u00e1ron \u00e1tny\u00fal\u00f3 z\u00f6ldinfrastrukt\u00fara-fejleszt\u00e9si projekt indult el, amelynek c\u00e9lja a telep\u00fcl\u00e9s z\u00f6ldfel\u00fcleteinek komplex meg\u00faj\u00edt\u00e1sa.<\/strong><\/p>\n<p>A \u201eKast\u00e9lyparkok \u00dcrm\u00e9nyen \u00e9s L\u00e1batlanon\u201d (<em>Castleparks in Mojm\u00edrovce and L\u00e1batlan, <\/em>#replantparks, k\u00f3dja: HUSK\/2302\/1.2\/094) c\u00edm\u0171 kezdem\u00e9nyez\u00e9s az Interreg VI-A Magyarorsz\u00e1g\u2013Szlov\u00e1kia Egy\u00fcttm\u0171k\u00f6d\u00e9si Program keret\u00e9ben val\u00f3sul meg. Az Eur\u00f3pai Region\u00e1lis Fejleszt\u00e9si Alap \u00f6sszesen 1.519.697,40 eur\u00f3 t\u00e1mogat\u00e1st ny\u00fajt a projekthez, ebb\u0151l 985.045,40 eur\u00f3 L\u00e1batlan projekttev\u00e9kenys\u00e9geire ker\u00fcl felhaszn\u00e1l\u00e1sra. A projekt befejez\u00e9se 2026 j\u00fanius\u00e1ra v\u00e1rhat\u00f3\u200b.<\/p>\n<p>A projekt c\u00e9lja a v\u00e1rosi z\u00f6ldter\u00fcletek revitaliz\u00e1ci\u00f3ja, a kl\u00edmav\u00e1ltoz\u00e1shoz val\u00f3 alkalmazkod\u00e1s el\u0151seg\u00edt\u00e9se, a mikrokl\u00edma jav\u00edt\u00e1sa, valamint a k\u00f6rnyezeti szeml\u00e9letform\u00e1l\u00e1s. A fejleszt\u00e9sek L\u00e1batlan k\u00e9t jelent\u0151s k\u00f6zter\u00fclet\u00e9re terjednek ki: a v\u00e1rosk\u00f6zpontban tal\u00e1lhat\u00f3 t\u00f6rt\u00e9nelmi Gerenday Kertre, valamint a Duna-partra.<\/p>\n<p>A Gerenday Kert \u00e1tfog\u00f3 revitaliz\u00e1ci\u00f3n esik \u00e1t. A ter\u00fclet megtisztul az elvadult n\u00f6v\u00e9nyzett\u0151l, \u00faj s\u00e9t\u00e1nyok \u00e9s pihen\u0151helyek l\u00e9tes\u00fclnek, korszer\u0171 \u00f6nt\u00f6z\u0151rendszerrel, napelemes vil\u00e1g\u00edt\u00e1ssal \u00e9s k\u00f6rnyezetbar\u00e1t kert\u00e9szeti megold\u00e1sokkal. A kertbe \u0151shonos f\u00e1k, cserj\u00e9k, vir\u00e1gos gyepfel\u00fcletek, valamint f\u0171szerkert ker\u00fcl telep\u00edt\u00e9sre. Inform\u00e1ci\u00f3s t\u00e1bl\u00e1k \u00e9s szeml\u00e9letform\u00e1l\u00f3 elemek seg\u00edtik a l\u00e1togat\u00f3kat a fenntarthat\u00f3 kertgazd\u00e1lkod\u00e1s megismer\u00e9s\u00e9ben. A v\u00e1ros egyik legkedveltebb k\u00f6zter\u00fclete, a Duna-part is meg\u00fajul. A fejleszt\u00e9sek sor\u00e1n \u00faj z\u00f6ldfel\u00fcletek, vir\u00e1gz\u00f3 n\u00f6v\u00e9nyfoltok, f\u00e1k, bokrok, pihen\u0151helyek \u00e9s akad\u00e1lymentes s\u00e9t\u00e1nyok j\u00f6nnek l\u00e9tre. A c\u00e9l az \u00e1rt\u00e9ri n\u00f6v\u00e9nyzet meg\u00f3v\u00e1sa, a v\u00edzmegtart\u00f3 k\u00e9pess\u00e9g jav\u00edt\u00e1sa \u00e9s a term\u00e9szetk\u00f6zeli kikapcsol\u00f3d\u00e1si lehet\u0151s\u00e9gek b\u0151v\u00edt\u00e9se \u2013 k\u00fcl\u00f6n\u00f6s figyelemmel a beporz\u00f3k v\u00e9delm\u00e9re \u00e9s az oktat\u00e1sra. A projekt fontos eleme a k\u00f6z\u00f6ss\u00e9g akt\u00edv bevon\u00e1sa. \u00d6nk\u00e9ntes napok, kert\u00e9szeti bemutat\u00f3k, fa- \u00e9s n\u00f6v\u00e9nyismereti foglalkoz\u00e1sok, valamint h\u00e1ztart\u00e1si k\u00f6rnyezetv\u00e9delemr\u0151l sz\u00f3l\u00f3 el\u0151ad\u00e1sok v\u00e1rj\u00e1k az \u00e9rdekl\u0151d\u0151ket, hozz\u00e1j\u00e1rulva a szeml\u00e9letform\u00e1l\u00e1shoz \u00e9s az \u00e9lhet\u0151bb k\u00f6rnyezet kialak\u00edt\u00e1s\u00e1hoz.<\/p>\n<p>A projekt szlov\u00e1kiai partnere a Mojm\u00edr Alap\u00edtv\u00e1ny (Nad\u00e1cia Mojm\u00edr), amely a 18. sz\u00e1zad v\u00e9g\u00e9n \u00e9p\u00fclt \u00dcrm\u00e9nyi kast\u00e9ly parkj\u00e1t \u00faj\u00edtja fel. A t\u00f6rt\u00e9nelmi angolpark t\u00f6bb sz\u00e1z \u00e9ves h\u00e1rsaknak, v\u00e9dett n\u00f6v\u00e9nyfajoknak \u00e9s \u00e9rt\u00e9kes t\u00e1jk\u00e9pi elemeknek ad otthont, \u00e9s egyben a r\u00e9gi\u00f3 egyik legismertebb kultur\u00e1lis \u00e9s term\u00e9szeti l\u00e1tv\u00e1nyoss\u00e1ga. A fejleszt\u00e9s c\u00e9lja, hogy a park visszanyerje eszt\u00e9tikai \u00e9s \u00f6kol\u00f3giai \u00e9rt\u00e9keit, mik\u00f6zben megfelel a mai kor k\u00f6z\u00f6ss\u00e9gi \u00e9s k\u00f6rnyezeti elv\u00e1r\u00e1sainak \u2013 mindezt \u00fagy, hogy t\u00f6rt\u00e9nelmi karakter\u00e9t \u00e9s egyedis\u00e9g\u00e9t is meg\u0151rzi.<\/p>\n<p>A fejleszt\u00e9sek a hat\u00e1r k\u00e9t oldal\u00e1n k\u00f6z\u00f6s alapokon nyugszanak: mindk\u00e9t partner c\u00e9lja a term\u00e9szeti \u00f6r\u00f6ks\u00e9g meg\u00f3v\u00e1sa, a z\u00f6ldfel\u00fcletek fenntarthat\u00f3 fejleszt\u00e9se, \u00e9s a helyi k\u00f6z\u00f6ss\u00e9gek akt\u00edv bevon\u00e1sa. A projekt nemcsak fizikai k\u00f6rnyezetet form\u00e1l, hanem szeml\u00e9letet is \u2013 a term\u00e9szetk\u00f6zpont\u00fa gondolkod\u00e1s, a tapasztalatcsere \u00e9s a k\u00f6z\u00f6ss\u00e9gi r\u00e9szv\u00e9tel r\u00e9v\u00e9n mint\u00e1t k\u00edn\u00e1l m\u00e1s telep\u00fcl\u00e9sek sz\u00e1m\u00e1ra is. A hat\u00e1ron \u00e1tny\u00fal\u00f3 egy\u00fcttm\u0171k\u00f6d\u00e9s megalapozza a partnerek j\u00f6v\u0151beli k\u00f6z\u00f6s egy\u00fcttm\u0171k\u00f6d\u00e9s\u00e9t, \u00e9s hossz\u00fa t\u00e1von is biztos\u00edtja a kialak\u00edtott \u00e9rt\u00e9kek meg\u0151rz\u00e9s\u00e9t.<\/p>\n<p>Az Interreg Magyarorsz\u00e1g\u2013Szlov\u00e1kia Programr\u00f3l tov\u00e1bbi inform\u00e1ci\u00f3k\u00e9rt l\u00e1togasson el a <a href=\"http:\/\/www.interreghusk.eu\" target=\"_blank\" rel=\"noopener\"><span style=\"text-decoration: underline; color: #0000ff;\">www.interreghusk.eu<\/span><\/a> weboldalra.<\/p>\n<p><img fetchpriority=\"high\" decoding=\"async\" class=\"alignnone size-full wp-image-70126\" src=\"https:\/\/dorogimedence.hu\/wp-content\/uploads\/2025\/04\/488910667_1079475547549597_8894485808012272656_n.jpg\" alt=\"\" width=\"1170\" height=\"1373\" srcset=\"https:\/\/dorogimedence.hu\/wp-content\/uploads\/2025\/04\/488910667_1079475547549597_8894485808012272656_n.jpg 1170w, https:\/\/dorogimedence.hu\/wp-content\/uploads\/2025\/04\/488910667_1079475547549597_8894485808012272656_n-511x600.jpg 511w, https:\/\/dorogimedence.hu\/wp-content\/uploads\/2025\/04\/488910667_1079475547549597_8894485808012272656_n-768x901.jpg 768w, https:\/\/dorogimedence.hu\/wp-content\/uploads\/2025\/04\/488910667_1079475547549597_8894485808012272656_n-150x176.jpg 150w, https:\/\/dorogimedence.hu\/wp-content\/uploads\/2025\/04\/488910667_1079475547549597_8894485808012272656_n-450x528.jpg 450w\" sizes=\"(max-width: 1170px) 100vw, 1170px\" \/><\/p>\n","protected":false},"excerpt":{"rendered":"<p>L\u00e1batlan V\u00e1ros \u00d6nkorm\u00e1nyzata hossz\u00fa ideje elk\u00f6telezett a k\u00f6rnyezeti \u00e9rt\u00e9kek v\u00e9delme \u00e9s a fenntarthat\u00f3 fejl\u0151d\u00e9s ir\u00e1nt. Most \u00fajabb m\u00e9rf\u00f6ldk\u0151h\u00f6z \u00e9rkezett: egy jelent\u0151s hat\u00e1ron \u00e1tny\u00fal\u00f3 z\u00f6ldinfrastrukt\u00fara-fejleszt\u00e9si projekt indult el, amelynek c\u00e9lja a telep\u00fcl\u00e9s z\u00f6ldfel\u00fcleteinek komplex meg\u00faj\u00edt\u00e1sa. A \u201eKast\u00e9lyparkok \u00dcrm\u00e9nyen \u00e9s L\u00e1batlanon\u201d (Castleparks in Mojm\u00edrovce and L\u00e1batlan, #replantparks, k\u00f3dja: HUSK\/2302\/1.2\/094) c\u00edm\u0171 kezdem\u00e9nyez\u00e9s az Interreg VI-A Magyarorsz\u00e1g\u2013Szlov\u00e1kia Egy\u00fcttm\u0171k\u00f6d\u00e9si Program<\/p>\n","protected":false},"author":1,"featured_media":60223,"comment_status":"closed","ping_status":"closed","sticky":false,"template":"","format":"standard","meta":{"ngg_post_thumbnail":0,"footnotes":""},"categories":[3],"tags":[7689,489],"class_list":{"0":"post-70124","1":"post","2":"type-post","3":"status-publish","4":"format-standard","5":"has-post-thumbnail","7":"category-hirek","8":"tag-gerenday-kert","9":"tag-labatlan"},"yoast_head":"<!-- This site is optimized with the Yoast SEO plugin v27.5 - https:\/\/yoast.com\/product\/yoast-seo-wordpress\/ -->\n<title>\u00daj \u00e9letre kel a Gerenday Kert \u00e9s a Duna-part L\u00e1batlanon<\/title>\n<meta name=\"robots\" content=\"index, follow, max-snippet:-1, max-image-preview:large, max-video-preview:-1\" \/>\n<link rel=\"canonical\" href=\"https:\/\/dorogimedence.hu\/index.php\/2025\/04\/08\/uj-eletre-kel-a-gerenday-kert-es-a-duna-part-labatlanon\/\" class=\"yoast-seo-meta-tag\" \/>\n<meta property=\"og:locale\" content=\"hu_HU\" class=\"yoast-seo-meta-tag\" \/>\n<meta property=\"og:type\" content=\"article\" class=\"yoast-seo-meta-tag\" \/>\n<meta property=\"og:title\" content=\"\u00daj \u00e9letre kel a Gerenday Kert \u00e9s a Duna-part L\u00e1batlanon\" class=\"yoast-seo-meta-tag\" \/>\n<meta property=\"og:description\" content=\"L\u00e1batlan V\u00e1ros \u00d6nkorm\u00e1nyzata hossz\u00fa ideje elk\u00f6telezett a k\u00f6rnyezeti \u00e9rt\u00e9kek v\u00e9delme \u00e9s a fenntarthat\u00f3 fejl\u0151d\u00e9s ir\u00e1nt. Most \u00fajabb m\u00e9rf\u00f6ldk\u0151h\u00f6z \u00e9rkezett: egy jelent\u0151s hat\u00e1ron \u00e1tny\u00fal\u00f3 z\u00f6ldinfrastrukt\u00fara-fejleszt\u00e9si projekt indult el, amelynek c\u00e9lja a telep\u00fcl\u00e9s z\u00f6ldfel\u00fcleteinek komplex meg\u00faj\u00edt\u00e1sa. A \u201eKast\u00e9lyparkok \u00dcrm\u00e9nyen \u00e9s L\u00e1batlanon\u201d (Castleparks in Mojm\u00edrovce and L\u00e1batlan, #replantparks, k\u00f3dja: HUSK\/2302\/1.2\/094) c\u00edm\u0171 kezdem\u00e9nyez\u00e9s az Interreg VI-A Magyarorsz\u00e1g\u2013Szlov\u00e1kia Egy\u00fcttm\u0171k\u00f6d\u00e9si Program\" class=\"yoast-seo-meta-tag\" \/>\n<meta property=\"og:url\" content=\"https:\/\/dorogimedence.hu\/index.php\/2025\/04\/08\/uj-eletre-kel-a-gerenday-kert-es-a-duna-part-labatlanon\/\" class=\"yoast-seo-meta-tag\" \/>\n<meta property=\"og:site_name\" content=\"Dorogi-medence Region\u00e1lis H\u00edrport\u00e1l\" class=\"yoast-seo-meta-tag\" \/>\n<meta property=\"article:publisher\" content=\"https:\/\/www.facebook.com\/dorogimedence\/\" class=\"yoast-seo-meta-tag\" \/>\n<meta property=\"article:published_time\" content=\"2025-04-08T12:23:21+00:00\" class=\"yoast-seo-meta-tag\" \/>\n<meta property=\"article:modified_time\" content=\"2025-04-08T12:40:16+00:00\" class=\"yoast-seo-meta-tag\" \/>\n<meta property=\"og:image\" content=\"https:\/\/dorogimedence.hu\/wp-content\/uploads\/2024\/03\/03fc239bb947ecd6020c4426d6b27069_SPS0253.jpg\" class=\"yoast-seo-meta-tag\" \/>\n\t<meta property=\"og:image:width\" content=\"1920\" class=\"yoast-seo-meta-tag\" \/>\n\t<meta property=\"og:image:height\" content=\"1280\" class=\"yoast-seo-meta-tag\" \/>\n\t<meta property=\"og:image:type\" content=\"image\/jpeg\" class=\"yoast-seo-meta-tag\" \/>\n<meta name=\"author\" content=\"dorogimedence.hu\" class=\"yoast-seo-meta-tag\" \/>\n<meta name=\"twitter:card\" content=\"summary_large_image\" class=\"yoast-seo-meta-tag\" \/>\n<meta name=\"twitter:label1\" content=\"Szerz\u0151:\" class=\"yoast-seo-meta-tag\" \/>\n\t<meta name=\"twitter:data1\" content=\"dorogimedence.hu\" class=\"yoast-seo-meta-tag\" \/>\n\t<meta name=\"twitter:label2\" content=\"Becs\u00fclt olvas\u00e1si id\u0151\" class=\"yoast-seo-meta-tag\" \/>\n\t<meta name=\"twitter:data2\" content=\"4 perc\" class=\"yoast-seo-meta-tag\" \/>\n<script type=\"application\/ld+json\" class=\"yoast-schema-graph\">{\"@context\":\"https:\\\/\\\/schema.org\",\"@graph\":[{\"@type\":\"Article\",\"@id\":\"https:\\\/\\\/dorogimedence.hu\\\/index.php\\\/2025\\\/04\\\/08\\\/uj-eletre-kel-a-gerenday-kert-es-a-duna-part-labatlanon\\\/#article\",\"isPartOf\":{\"@id\":\"https:\\\/\\\/dorogimedence.hu\\\/index.php\\\/2025\\\/04\\\/08\\\/uj-eletre-kel-a-gerenday-kert-es-a-duna-part-labatlanon\\\/\"},\"author\":{\"name\":\"dorogimedence.hu\",\"@id\":\"https:\\\/\\\/dorogimedence.hu\\\/#\\\/schema\\\/person\\\/ce6091eeb7e95ecdc87890d6aa8e0fd4\"},\"headline\":\"\u00daj \u00e9letre kel a Gerenday Kert \u00e9s a Duna-part L\u00e1batlanon\",\"datePublished\":\"2025-04-08T12:23:21+00:00\",\"dateModified\":\"2025-04-08T12:40:16+00:00\",\"mainEntityOfPage\":{\"@id\":\"https:\\\/\\\/dorogimedence.hu\\\/index.php\\\/2025\\\/04\\\/08\\\/uj-eletre-kel-a-gerenday-kert-es-a-duna-part-labatlanon\\\/\"},\"wordCount\":748,\"publisher\":{\"@id\":\"https:\\\/\\\/dorogimedence.hu\\\/#organization\"},\"image\":{\"@id\":\"https:\\\/\\\/dorogimedence.hu\\\/index.php\\\/2025\\\/04\\\/08\\\/uj-eletre-kel-a-gerenday-kert-es-a-duna-part-labatlanon\\\/#primaryimage\"},\"thumbnailUrl\":\"https:\\\/\\\/dorogimedence.hu\\\/wp-content\\\/uploads\\\/2024\\\/03\\\/03fc239bb947ecd6020c4426d6b27069_SPS0253.jpg\",\"keywords\":[\"Gerenday-kert\",\"L\u00e1batlan\"],\"articleSection\":[\"H\u00edrek\"],\"inLanguage\":\"hu\"},{\"@type\":\"WebPage\",\"@id\":\"https:\\\/\\\/dorogimedence.hu\\\/index.php\\\/2025\\\/04\\\/08\\\/uj-eletre-kel-a-gerenday-kert-es-a-duna-part-labatlanon\\\/\",\"url\":\"https:\\\/\\\/dorogimedence.hu\\\/index.php\\\/2025\\\/04\\\/08\\\/uj-eletre-kel-a-gerenday-kert-es-a-duna-part-labatlanon\\\/\",\"name\":\"\u00daj \u00e9letre kel a Gerenday Kert \u00e9s a Duna-part L\u00e1batlanon\",\"isPartOf\":{\"@id\":\"https:\\\/\\\/dorogimedence.hu\\\/#website\"},\"primaryImageOfPage\":{\"@id\":\"https:\\\/\\\/dorogimedence.hu\\\/index.php\\\/2025\\\/04\\\/08\\\/uj-eletre-kel-a-gerenday-kert-es-a-duna-part-labatlanon\\\/#primaryimage\"},\"image\":{\"@id\":\"https:\\\/\\\/dorogimedence.hu\\\/index.php\\\/2025\\\/04\\\/08\\\/uj-eletre-kel-a-gerenday-kert-es-a-duna-part-labatlanon\\\/#primaryimage\"},\"thumbnailUrl\":\"https:\\\/\\\/dorogimedence.hu\\\/wp-content\\\/uploads\\\/2024\\\/03\\\/03fc239bb947ecd6020c4426d6b27069_SPS0253.jpg\",\"datePublished\":\"2025-04-08T12:23:21+00:00\",\"dateModified\":\"2025-04-08T12:40:16+00:00\",\"breadcrumb\":{\"@id\":\"https:\\\/\\\/dorogimedence.hu\\\/index.php\\\/2025\\\/04\\\/08\\\/uj-eletre-kel-a-gerenday-kert-es-a-duna-part-labatlanon\\\/#breadcrumb\"},\"inLanguage\":\"hu\",\"potentialAction\":[{\"@type\":\"ReadAction\",\"target\":[\"https:\\\/\\\/dorogimedence.hu\\\/index.php\\\/2025\\\/04\\\/08\\\/uj-eletre-kel-a-gerenday-kert-es-a-duna-part-labatlanon\\\/\"]}]},{\"@type\":\"ImageObject\",\"inLanguage\":\"hu\",\"@id\":\"https:\\\/\\\/dorogimedence.hu\\\/index.php\\\/2025\\\/04\\\/08\\\/uj-eletre-kel-a-gerenday-kert-es-a-duna-part-labatlanon\\\/#primaryimage\",\"url\":\"https:\\\/\\\/dorogimedence.hu\\\/wp-content\\\/uploads\\\/2024\\\/03\\\/03fc239bb947ecd6020c4426d6b27069_SPS0253.jpg\",\"contentUrl\":\"https:\\\/\\\/dorogimedence.hu\\\/wp-content\\\/uploads\\\/2024\\\/03\\\/03fc239bb947ecd6020c4426d6b27069_SPS0253.jpg\",\"width\":1920,\"height\":1280},{\"@type\":\"BreadcrumbList\",\"@id\":\"https:\\\/\\\/dorogimedence.hu\\\/index.php\\\/2025\\\/04\\\/08\\\/uj-eletre-kel-a-gerenday-kert-es-a-duna-part-labatlanon\\\/#breadcrumb\",\"itemListElement\":[{\"@type\":\"ListItem\",\"position\":1,\"name\":\"Kezd\u0151lap\",\"item\":\"https:\\\/\\\/dorogimedence.hu\\\/\"},{\"@type\":\"ListItem\",\"position\":2,\"name\":\"\u00daj \u00e9letre kel a Gerenday Kert \u00e9s a Duna-part L\u00e1batlanon\"}]},{\"@type\":\"WebSite\",\"@id\":\"https:\\\/\\\/dorogimedence.hu\\\/#website\",\"url\":\"https:\\\/\\\/dorogimedence.hu\\\/\",\"name\":\"Dorogi-medence Region\u00e1lis H\u00edrport\u00e1l\",\"description\":\"Dorog, Keszt\u00f6lc, Le\u00e1nyv\u00e1r, Piliscs\u00e9v, Tokod, Tokodalt\u00e1r\u00f3, Csolnok, Esztergom-kertv\u00e1ros: h\u00edrek, programok\",\"publisher\":{\"@id\":\"https:\\\/\\\/dorogimedence.hu\\\/#organization\"},\"potentialAction\":[{\"@type\":\"SearchAction\",\"target\":{\"@type\":\"EntryPoint\",\"urlTemplate\":\"https:\\\/\\\/dorogimedence.hu\\\/?s={search_term_string}\"},\"query-input\":{\"@type\":\"PropertyValueSpecification\",\"valueRequired\":true,\"valueName\":\"search_term_string\"}}],\"inLanguage\":\"hu\"},{\"@type\":\"Organization\",\"@id\":\"https:\\\/\\\/dorogimedence.hu\\\/#organization\",\"name\":\"Dorogi-medence Region\u00e1lis H\u00edrport\u00e1l\",\"url\":\"https:\\\/\\\/dorogimedence.hu\\\/\",\"logo\":{\"@type\":\"ImageObject\",\"inLanguage\":\"hu\",\"@id\":\"https:\\\/\\\/dorogimedence.hu\\\/#\\\/schema\\\/logo\\\/image\\\/\",\"url\":\"https:\\\/\\\/dorogimedence.hu\\\/wp-content\\\/uploads\\\/2021\\\/04\\\/logo-feher-600.png\",\"contentUrl\":\"https:\\\/\\\/dorogimedence.hu\\\/wp-content\\\/uploads\\\/2021\\\/04\\\/logo-feher-600.png\",\"width\":600,\"height\":100,\"caption\":\"Dorogi-medence Region\u00e1lis H\u00edrport\u00e1l\"},\"image\":{\"@id\":\"https:\\\/\\\/dorogimedence.hu\\\/#\\\/schema\\\/logo\\\/image\\\/\"},\"sameAs\":[\"https:\\\/\\\/www.facebook.com\\\/dorogimedence\\\/\"]},{\"@type\":\"Person\",\"@id\":\"https:\\\/\\\/dorogimedence.hu\\\/#\\\/schema\\\/person\\\/ce6091eeb7e95ecdc87890d6aa8e0fd4\",\"name\":\"dorogimedence.hu\",\"image\":{\"@type\":\"ImageObject\",\"inLanguage\":\"hu\",\"@id\":\"\\\/\\\/www.gravatar.com\\\/avatar\\\/d8d45f8901aadff40a4af72c0b826f1d?s=96&#038;r=g&#038;d=mm\",\"url\":\"\\\/\\\/www.gravatar.com\\\/avatar\\\/d8d45f8901aadff40a4af72c0b826f1d?s=96&#038;r=g&#038;d=mm\",\"contentUrl\":\"\\\/\\\/www.gravatar.com\\\/avatar\\\/d8d45f8901aadff40a4af72c0b826f1d?s=96&#038;r=g&#038;d=mm\",\"caption\":\"dorogimedence.hu\"}}]}<\/script>\n<!-- \/ Yoast SEO plugin. -->","yoast_head_json":{"title":"\u00daj \u00e9letre kel a Gerenday Kert \u00e9s a Duna-part L\u00e1batlanon","robots":{"index":"index","follow":"follow","max-snippet":"max-snippet:-1","max-image-preview":"max-image-preview:large","max-video-preview":"max-video-preview:-1"},"canonical":"https:\/\/dorogimedence.hu\/index.php\/2025\/04\/08\/uj-eletre-kel-a-gerenday-kert-es-a-duna-part-labatlanon\/","og_locale":"hu_HU","og_type":"article","og_title":"\u00daj \u00e9letre kel a Gerenday Kert \u00e9s a Duna-part L\u00e1batlanon","og_description":"L\u00e1batlan V\u00e1ros \u00d6nkorm\u00e1nyzata hossz\u00fa ideje elk\u00f6telezett a k\u00f6rnyezeti \u00e9rt\u00e9kek v\u00e9delme \u00e9s a fenntarthat\u00f3 fejl\u0151d\u00e9s ir\u00e1nt. Most \u00fajabb m\u00e9rf\u00f6ldk\u0151h\u00f6z \u00e9rkezett: egy jelent\u0151s hat\u00e1ron \u00e1tny\u00fal\u00f3 z\u00f6ldinfrastrukt\u00fara-fejleszt\u00e9si projekt indult el, amelynek c\u00e9lja a telep\u00fcl\u00e9s z\u00f6ldfel\u00fcleteinek komplex meg\u00faj\u00edt\u00e1sa. A \u201eKast\u00e9lyparkok \u00dcrm\u00e9nyen \u00e9s L\u00e1batlanon\u201d (Castleparks in Mojm\u00edrovce and L\u00e1batlan, #replantparks, k\u00f3dja: HUSK\/2302\/1.2\/094) c\u00edm\u0171 kezdem\u00e9nyez\u00e9s az Interreg VI-A Magyarorsz\u00e1g\u2013Szlov\u00e1kia Egy\u00fcttm\u0171k\u00f6d\u00e9si Program","og_url":"https:\/\/dorogimedence.hu\/index.php\/2025\/04\/08\/uj-eletre-kel-a-gerenday-kert-es-a-duna-part-labatlanon\/","og_site_name":"Dorogi-medence Region\u00e1lis H\u00edrport\u00e1l","article_publisher":"https:\/\/www.facebook.com\/dorogimedence\/","article_published_time":"2025-04-08T12:23:21+00:00","article_modified_time":"2025-04-08T12:40:16+00:00","og_image":[{"width":1920,"height":1280,"url":"https:\/\/dorogimedence.hu\/wp-content\/uploads\/2024\/03\/03fc239bb947ecd6020c4426d6b27069_SPS0253.jpg","type":"image\/jpeg"}],"author":"dorogimedence.hu","twitter_card":"summary_large_image","twitter_misc":{"Szerz\u0151:":"dorogimedence.hu","Becs\u00fclt olvas\u00e1si id\u0151":"4 perc"},"schema":{"@context":"https:\/\/schema.org","@graph":[{"@type":"Article","@id":"https:\/\/dorogimedence.hu\/index.php\/2025\/04\/08\/uj-eletre-kel-a-gerenday-kert-es-a-duna-part-labatlanon\/#article","isPartOf":{"@id":"https:\/\/dorogimedence.hu\/index.php\/2025\/04\/08\/uj-eletre-kel-a-gerenday-kert-es-a-duna-part-labatlanon\/"},"author":{"name":"dorogimedence.hu","@id":"https:\/\/dorogimedence.hu\/#\/schema\/person\/ce6091eeb7e95ecdc87890d6aa8e0fd4"},"headline":"\u00daj \u00e9letre kel a Gerenday Kert \u00e9s a Duna-part L\u00e1batlanon","datePublished":"2025-04-08T12:23:21+00:00","dateModified":"2025-04-08T12:40:16+00:00","mainEntityOfPage":{"@id":"https:\/\/dorogimedence.hu\/index.php\/2025\/04\/08\/uj-eletre-kel-a-gerenday-kert-es-a-duna-part-labatlanon\/"},"wordCount":748,"publisher":{"@id":"https:\/\/dorogimedence.hu\/#organization"},"image":{"@id":"https:\/\/dorogimedence.hu\/index.php\/2025\/04\/08\/uj-eletre-kel-a-gerenday-kert-es-a-duna-part-labatlanon\/#primaryimage"},"thumbnailUrl":"https:\/\/dorogimedence.hu\/wp-content\/uploads\/2024\/03\/03fc239bb947ecd6020c4426d6b27069_SPS0253.jpg","keywords":["Gerenday-kert","L\u00e1batlan"],"articleSection":["H\u00edrek"],"inLanguage":"hu"},{"@type":"WebPage","@id":"https:\/\/dorogimedence.hu\/index.php\/2025\/04\/08\/uj-eletre-kel-a-gerenday-kert-es-a-duna-part-labatlanon\/","url":"https:\/\/dorogimedence.hu\/index.php\/2025\/04\/08\/uj-eletre-kel-a-gerenday-kert-es-a-duna-part-labatlanon\/","name":"\u00daj \u00e9letre kel a Gerenday Kert \u00e9s a Duna-part L\u00e1batlanon","isPartOf":{"@id":"https:\/\/dorogimedence.hu\/#website"},"primaryImageOfPage":{"@id":"https:\/\/dorogimedence.hu\/index.php\/2025\/04\/08\/uj-eletre-kel-a-gerenday-kert-es-a-duna-part-labatlanon\/#primaryimage"},"image":{"@id":"https:\/\/dorogimedence.hu\/index.php\/2025\/04\/08\/uj-eletre-kel-a-gerenday-kert-es-a-duna-part-labatlanon\/#primaryimage"},"thumbnailUrl":"https:\/\/dorogimedence.hu\/wp-content\/uploads\/2024\/03\/03fc239bb947ecd6020c4426d6b27069_SPS0253.jpg","datePublished":"2025-04-08T12:23:21+00:00","dateModified":"2025-04-08T12:40:16+00:00","breadcrumb":{"@id":"https:\/\/dorogimedence.hu\/index.php\/2025\/04\/08\/uj-eletre-kel-a-gerenday-kert-es-a-duna-part-labatlanon\/#breadcrumb"},"inLanguage":"hu","potentialAction":[{"@type":"ReadAction","target":["https:\/\/dorogimedence.hu\/index.php\/2025\/04\/08\/uj-eletre-kel-a-gerenday-kert-es-a-duna-part-labatlanon\/"]}]},{"@type":"ImageObject","inLanguage":"hu","@id":"https:\/\/dorogimedence.hu\/index.php\/2025\/04\/08\/uj-eletre-kel-a-gerenday-kert-es-a-duna-part-labatlanon\/#primaryimage","url":"https:\/\/dorogimedence.hu\/wp-content\/uploads\/2024\/03\/03fc239bb947ecd6020c4426d6b27069_SPS0253.jpg","contentUrl":"https:\/\/dorogimedence.hu\/wp-content\/uploads\/2024\/03\/03fc239bb947ecd6020c4426d6b27069_SPS0253.jpg","width":1920,"height":1280},{"@type":"BreadcrumbList","@id":"https:\/\/dorogimedence.hu\/index.php\/2025\/04\/08\/uj-eletre-kel-a-gerenday-kert-es-a-duna-part-labatlanon\/#breadcrumb","itemListElement":[{"@type":"ListItem","position":1,"name":"Kezd\u0151lap","item":"https:\/\/dorogimedence.hu\/"},{"@type":"ListItem","position":2,"name":"\u00daj \u00e9letre kel a Gerenday Kert \u00e9s a Duna-part L\u00e1batlanon"}]},{"@type":"WebSite","@id":"https:\/\/dorogimedence.hu\/#website","url":"https:\/\/dorogimedence.hu\/","name":"Dorogi-medence Region\u00e1lis H\u00edrport\u00e1l","description":"Dorog, Keszt\u00f6lc, Le\u00e1nyv\u00e1r, Piliscs\u00e9v, Tokod, Tokodalt\u00e1r\u00f3, Csolnok, Esztergom-kertv\u00e1ros: h\u00edrek, programok","publisher":{"@id":"https:\/\/dorogimedence.hu\/#organization"},"potentialAction":[{"@type":"SearchAction","target":{"@type":"EntryPoint","urlTemplate":"https:\/\/dorogimedence.hu\/?s={search_term_string}"},"query-input":{"@type":"PropertyValueSpecification","valueRequired":true,"valueName":"search_term_string"}}],"inLanguage":"hu"},{"@type":"Organization","@id":"https:\/\/dorogimedence.hu\/#organization","name":"Dorogi-medence Region\u00e1lis H\u00edrport\u00e1l","url":"https:\/\/dorogimedence.hu\/","logo":{"@type":"ImageObject","inLanguage":"hu","@id":"https:\/\/dorogimedence.hu\/#\/schema\/logo\/image\/","url":"https:\/\/dorogimedence.hu\/wp-content\/uploads\/2021\/04\/logo-feher-600.png","contentUrl":"https:\/\/dorogimedence.hu\/wp-content\/uploads\/2021\/04\/logo-feher-600.png","width":600,"height":100,"caption":"Dorogi-medence Region\u00e1lis H\u00edrport\u00e1l"},"image":{"@id":"https:\/\/dorogimedence.hu\/#\/schema\/logo\/image\/"},"sameAs":["https:\/\/www.facebook.com\/dorogimedence\/"]},{"@type":"Person","@id":"https:\/\/dorogimedence.hu\/#\/schema\/person\/ce6091eeb7e95ecdc87890d6aa8e0fd4","name":"dorogimedence.hu","image":{"@type":"ImageObject","inLanguage":"hu","@id":"\/\/www.gravatar.com\/avatar\/d8d45f8901aadff40a4af72c0b826f1d?s=96&#038;r=g&#038;d=mm","url":"\/\/www.gravatar.com\/avatar\/d8d45f8901aadff40a4af72c0b826f1d?s=96&#038;r=g&#038;d=mm","contentUrl":"\/\/www.gravatar.com\/avatar\/d8d45f8901aadff40a4af72c0b826f1d?s=96&#038;r=g&#038;d=mm","caption":"dorogimedence.hu"}}]}},"_links":{"self":[{"href":"https:\/\/dorogimedence.hu\/index.php\/wp-json\/wp\/v2\/posts\/70124","targetHints":{"allow":["GET"]}}],"collection":[{"href":"https:\/\/dorogimedence.hu\/index.php\/wp-json\/wp\/v2\/posts"}],"about":[{"href":"https:\/\/dorogimedence.hu\/index.php\/wp-json\/wp\/v2\/types\/post"}],"author":[{"embeddable":true,"href":"https:\/\/dorogimedence.hu\/index.php\/wp-json\/wp\/v2\/users\/1"}],"replies":[{"embeddable":true,"href":"https:\/\/dorogimedence.hu\/index.php\/wp-json\/wp\/v2\/comments?post=70124"}],"version-history":[{"count":0,"href":"https:\/\/dorogimedence.hu\/index.php\/wp-json\/wp\/v2\/posts\/70124\/revisions"}],"wp:featuredmedia":[{"embeddable":true,"href":"https:\/\/dorogimedence.hu\/index.php\/wp-json\/wp\/v2\/media\/60223"}],"wp:attachment":[{"href":"https:\/\/dorogimedence.hu\/index.php\/wp-json\/wp\/v2\/media?parent=70124"}],"wp:term":[{"taxonomy":"category","embeddable":true,"href":"https:\/\/dorogimedence.hu\/index.php\/wp-json\/wp\/v2\/categories?post=70124"},{"taxonomy":"post_tag","embeddable":true,"href":"https:\/\/dorogimedence.hu\/index.php\/wp-json\/wp\/v2\/tags?post=70124"}],"curies":[{"name":"wp","href":"https:\/\/api.w.org\/{rel}","templated":true}]}}