{"id":70099,"date":"2025-04-07T16:53:10","date_gmt":"2025-04-07T14:53:10","guid":{"rendered":"https:\/\/dorogimedence.hu\/?p=70099"},"modified":"2025-04-07T16:53:10","modified_gmt":"2025-04-07T14:53:10","slug":"minyonok-az-esztergomi-rendorkapitanysagon","status":"publish","type":"post","link":"https:\/\/dorogimedence.hu\/index.php\/2025\/04\/07\/minyonok-az-esztergomi-rendorkapitanysagon\/","title":{"rendered":"Minyonok az Esztergomi Rend\u0151rkapit\u00e1nys\u00e1gon"},"content":{"rendered":"<p><strong>A rend\u0151ri hivat\u00e1ssal ismerkedtek a gyermekek az Esztergomi Rend\u0151rkapit\u00e1nys\u00e1gon.<\/strong><\/p>\n<p>\u201e\u00d6r\u00f6mmel jelentj\u00fck be, hogy az Esztergomi Rend\u0151rkapit\u00e1nys\u00e1g \u00e1llom\u00e1ny\u00e1ba \u00faj, rendk\u00edv\u00fcl lelkes \u00e9s apr\u00f3 egyenruh\u00e1s munkat\u00e1rsak \u00e9rkeztek! B\u00e1r m\u00e9ret\u00fckb\u0151l ad\u00f3d\u00f3an m\u00e9g nem \u00e9rik fel az \u00edr\u00f3asztalokat, \u00e9s a szolg\u00e1lati sapka is kiss\u00e9 nagy r\u00e1juk, lelkesed\u00e9s\u00fck \u00e9s kedvess\u00e9g\u00fck minden eddigi rekordot megd\u00f6nt\u00f6tt.\u201d &#8211; k\u00f6z\u00f6lte a j\u00f3 h\u00edrt a Kom\u00e1rom-Esztergom V\u00e1rmegyei Rend\u0151r-f\u0151kapit\u00e1nys\u00e1g a <a href=\"https:\/\/www.facebook.com\/kemrfk\/posts\/983803560595018\" target=\"_blank\" rel=\"noopener\"><span style=\"text-decoration: underline; color: #0000ff;\">k\u00f6z\u00f6ss\u00e9gi oldal\u00e1n<\/span><\/a>, majd tiszt\u00e1zt\u00e1k is, hogy nem arr\u00f3l van sz\u00f3, hogy a kapit\u00e1nys\u00e1got elfoglalt\u00e1k volna a Minyonok \u2013 csup\u00e1n arr\u00f3l, hogy \u00f3vod\u00e1sok \u00e9s b\u00f6lcs\u0151d\u00e9sek l\u00e1togattak el hozz\u00e1juk, hogy testk\u00f6zelb\u0151l is megismerkedjenek a rend\u0151ri hivat\u00e1ssal.<\/p>\n<p>A kis l\u00e1togat\u00f3k lelkesen pr\u00f3b\u00e1lt\u00e1k ki a rend\u0151raut\u00f3t, szem\u00fcgyre vett\u00e9k az egyenruh\u00e1kat, \u00e9s szakszer\u0171 v\u00e1laszokat adtak Schweitzer Anik\u00f3 rend\u0151r z\u00e1szl\u00f3s \u00e9s Wieszt-G\u00f6nd\u00f6cs Bernadett rend\u0151r hadnagy k\u00e9rd\u00e9seire a szab\u00e1lyk\u00f6vet\u0151 magatart\u00e1sokkal kapcsolatban.<\/p>\n<p>A l\u00e1togat\u00e1s v\u00e9g\u00e9n mind a kicsik, mind k\u00eds\u00e9r\u0151ik nagy mosollyal \u00e9s j\u00f3 \u00e9lm\u00e9nnyel t\u00e1voztak. \u201eK\u00f6sz\u00f6nj\u00fck a l\u00e1togat\u00e1st, \u00e9s v\u00e1rjuk \u0151ket sorainkba egy p\u00e1r \u00e9v m\u00falva!\u201d <em>&#8211; tett\u00e9k hozz\u00e1.<\/em><\/p>\n<p><em>Bor\u00edt\u00f3k\u00e9p, forr\u00e1s: Kom\u00e1rom-Esztergom V\u00e1rmegyei Rend\u0151r-f\u0151kapit\u00e1nys\u00e1g<\/em><\/p>\n","protected":false},"excerpt":{"rendered":"<p>A rend\u0151ri hivat\u00e1ssal ismerkedtek a gyermekek az Esztergomi Rend\u0151rkapit\u00e1nys\u00e1gon. \u201e\u00d6r\u00f6mmel jelentj\u00fck be, hogy az Esztergomi Rend\u0151rkapit\u00e1nys\u00e1g \u00e1llom\u00e1ny\u00e1ba \u00faj, rendk\u00edv\u00fcl lelkes \u00e9s apr\u00f3 egyenruh\u00e1s munkat\u00e1rsak \u00e9rkeztek! B\u00e1r m\u00e9ret\u00fckb\u0151l ad\u00f3d\u00f3an m\u00e9g nem \u00e9rik fel az \u00edr\u00f3asztalokat, \u00e9s a szolg\u00e1lati sapka is kiss\u00e9 nagy r\u00e1juk, lelkesed\u00e9s\u00fck \u00e9s kedvess\u00e9g\u00fck minden eddigi rekordot megd\u00f6nt\u00f6tt.\u201d &#8211; k\u00f6z\u00f6lte a j\u00f3 h\u00edrt a<\/p>\n","protected":false},"author":1,"featured_media":70100,"comment_status":"closed","ping_status":"closed","sticky":false,"template":"","format":"standard","meta":{"ngg_post_thumbnail":0,"footnotes":""},"categories":[38,3,6948],"tags":[42,61],"class_list":{"0":"post-70099","1":"post","2":"type-post","3":"status-publish","4":"format-standard","5":"has-post-thumbnail","7":"category-esztergom","8":"category-hirek","9":"category-szines","10":"tag-esztergom","11":"tag-rendorsegi-hirek"},"yoast_head":"<!-- This site is optimized with the Yoast SEO plugin v27.4 - https:\/\/yoast.com\/product\/yoast-seo-wordpress\/ -->\n<title>Minyonok az Esztergomi Rend\u0151rkapit\u00e1nys\u00e1gon<\/title>\n<meta name=\"robots\" content=\"index, follow, max-snippet:-1, max-image-preview:large, max-video-preview:-1\" \/>\n<link rel=\"canonical\" href=\"https:\/\/dorogimedence.hu\/index.php\/2025\/04\/07\/minyonok-az-esztergomi-rendorkapitanysagon\/\" class=\"yoast-seo-meta-tag\" \/>\n<meta property=\"og:locale\" content=\"hu_HU\" class=\"yoast-seo-meta-tag\" \/>\n<meta property=\"og:type\" content=\"article\" class=\"yoast-seo-meta-tag\" \/>\n<meta property=\"og:title\" content=\"Minyonok az Esztergomi Rend\u0151rkapit\u00e1nys\u00e1gon\" class=\"yoast-seo-meta-tag\" \/>\n<meta property=\"og:description\" content=\"A rend\u0151ri hivat\u00e1ssal ismerkedtek a gyermekek az Esztergomi Rend\u0151rkapit\u00e1nys\u00e1gon. \u201e\u00d6r\u00f6mmel jelentj\u00fck be, hogy az Esztergomi Rend\u0151rkapit\u00e1nys\u00e1g \u00e1llom\u00e1ny\u00e1ba \u00faj, rendk\u00edv\u00fcl lelkes \u00e9s apr\u00f3 egyenruh\u00e1s munkat\u00e1rsak \u00e9rkeztek! B\u00e1r m\u00e9ret\u00fckb\u0151l ad\u00f3d\u00f3an m\u00e9g nem \u00e9rik fel az \u00edr\u00f3asztalokat, \u00e9s a szolg\u00e1lati sapka is kiss\u00e9 nagy r\u00e1juk, lelkesed\u00e9s\u00fck \u00e9s kedvess\u00e9g\u00fck minden eddigi rekordot megd\u00f6nt\u00f6tt.\u201d &#8211; k\u00f6z\u00f6lte a j\u00f3 h\u00edrt a\" class=\"yoast-seo-meta-tag\" \/>\n<meta property=\"og:url\" content=\"https:\/\/dorogimedence.hu\/index.php\/2025\/04\/07\/minyonok-az-esztergomi-rendorkapitanysagon\/\" class=\"yoast-seo-meta-tag\" \/>\n<meta property=\"og:site_name\" content=\"Dorogi-medence Region\u00e1lis H\u00edrport\u00e1l\" class=\"yoast-seo-meta-tag\" \/>\n<meta property=\"article:publisher\" content=\"https:\/\/www.facebook.com\/dorogimedence\/\" class=\"yoast-seo-meta-tag\" \/>\n<meta property=\"article:published_time\" content=\"2025-04-07T14:53:10+00:00\" class=\"yoast-seo-meta-tag\" \/>\n<meta property=\"og:image\" content=\"https:\/\/dorogimedence.hu\/wp-content\/uploads\/2025\/04\/rendorseg-gyerekek.jpg\" class=\"yoast-seo-meta-tag\" \/>\n\t<meta property=\"og:image:width\" content=\"1920\" class=\"yoast-seo-meta-tag\" \/>\n\t<meta property=\"og:image:height\" content=\"970\" class=\"yoast-seo-meta-tag\" \/>\n\t<meta property=\"og:image:type\" content=\"image\/jpeg\" class=\"yoast-seo-meta-tag\" \/>\n<meta name=\"author\" content=\"dorogimedence.hu\" class=\"yoast-seo-meta-tag\" \/>\n<meta name=\"twitter:card\" content=\"summary_large_image\" class=\"yoast-seo-meta-tag\" \/>\n<meta name=\"twitter:label1\" content=\"Szerz\u0151:\" class=\"yoast-seo-meta-tag\" \/>\n\t<meta name=\"twitter:data1\" content=\"dorogimedence.hu\" class=\"yoast-seo-meta-tag\" \/>\n\t<meta name=\"twitter:label2\" content=\"Becs\u00fclt olvas\u00e1si id\u0151\" class=\"yoast-seo-meta-tag\" \/>\n\t<meta name=\"twitter:data2\" content=\"1 perc\" class=\"yoast-seo-meta-tag\" \/>\n<script type=\"application\/ld+json\" class=\"yoast-schema-graph\">{\"@context\":\"https:\\\/\\\/schema.org\",\"@graph\":[{\"@type\":\"Article\",\"@id\":\"https:\\\/\\\/dorogimedence.hu\\\/index.php\\\/2025\\\/04\\\/07\\\/minyonok-az-esztergomi-rendorkapitanysagon\\\/#article\",\"isPartOf\":{\"@id\":\"https:\\\/\\\/dorogimedence.hu\\\/index.php\\\/2025\\\/04\\\/07\\\/minyonok-az-esztergomi-rendorkapitanysagon\\\/\"},\"author\":{\"name\":\"dorogimedence.hu\",\"@id\":\"https:\\\/\\\/dorogimedence.hu\\\/#\\\/schema\\\/person\\\/ce6091eeb7e95ecdc87890d6aa8e0fd4\"},\"headline\":\"Minyonok az Esztergomi Rend\u0151rkapit\u00e1nys\u00e1gon\",\"datePublished\":\"2025-04-07T14:53:10+00:00\",\"mainEntityOfPage\":{\"@id\":\"https:\\\/\\\/dorogimedence.hu\\\/index.php\\\/2025\\\/04\\\/07\\\/minyonok-az-esztergomi-rendorkapitanysagon\\\/\"},\"wordCount\":275,\"publisher\":{\"@id\":\"https:\\\/\\\/dorogimedence.hu\\\/#organization\"},\"image\":{\"@id\":\"https:\\\/\\\/dorogimedence.hu\\\/index.php\\\/2025\\\/04\\\/07\\\/minyonok-az-esztergomi-rendorkapitanysagon\\\/#primaryimage\"},\"thumbnailUrl\":\"https:\\\/\\\/dorogimedence.hu\\\/wp-content\\\/uploads\\\/2025\\\/04\\\/rendorseg-gyerekek.jpg\",\"keywords\":[\"esztergom\",\"rend\u0151rs\u00e9gi h\u00edrek\"],\"articleSection\":[\"Esztergom\",\"H\u00edrek\",\"Sz\u00ednes\"],\"inLanguage\":\"hu\"},{\"@type\":\"WebPage\",\"@id\":\"https:\\\/\\\/dorogimedence.hu\\\/index.php\\\/2025\\\/04\\\/07\\\/minyonok-az-esztergomi-rendorkapitanysagon\\\/\",\"url\":\"https:\\\/\\\/dorogimedence.hu\\\/index.php\\\/2025\\\/04\\\/07\\\/minyonok-az-esztergomi-rendorkapitanysagon\\\/\",\"name\":\"Minyonok az Esztergomi Rend\u0151rkapit\u00e1nys\u00e1gon\",\"isPartOf\":{\"@id\":\"https:\\\/\\\/dorogimedence.hu\\\/#website\"},\"primaryImageOfPage\":{\"@id\":\"https:\\\/\\\/dorogimedence.hu\\\/index.php\\\/2025\\\/04\\\/07\\\/minyonok-az-esztergomi-rendorkapitanysagon\\\/#primaryimage\"},\"image\":{\"@id\":\"https:\\\/\\\/dorogimedence.hu\\\/index.php\\\/2025\\\/04\\\/07\\\/minyonok-az-esztergomi-rendorkapitanysagon\\\/#primaryimage\"},\"thumbnailUrl\":\"https:\\\/\\\/dorogimedence.hu\\\/wp-content\\\/uploads\\\/2025\\\/04\\\/rendorseg-gyerekek.jpg\",\"datePublished\":\"2025-04-07T14:53:10+00:00\",\"breadcrumb\":{\"@id\":\"https:\\\/\\\/dorogimedence.hu\\\/index.php\\\/2025\\\/04\\\/07\\\/minyonok-az-esztergomi-rendorkapitanysagon\\\/#breadcrumb\"},\"inLanguage\":\"hu\",\"potentialAction\":[{\"@type\":\"ReadAction\",\"target\":[\"https:\\\/\\\/dorogimedence.hu\\\/index.php\\\/2025\\\/04\\\/07\\\/minyonok-az-esztergomi-rendorkapitanysagon\\\/\"]}]},{\"@type\":\"ImageObject\",\"inLanguage\":\"hu\",\"@id\":\"https:\\\/\\\/dorogimedence.hu\\\/index.php\\\/2025\\\/04\\\/07\\\/minyonok-az-esztergomi-rendorkapitanysagon\\\/#primaryimage\",\"url\":\"https:\\\/\\\/dorogimedence.hu\\\/wp-content\\\/uploads\\\/2025\\\/04\\\/rendorseg-gyerekek.jpg\",\"contentUrl\":\"https:\\\/\\\/dorogimedence.hu\\\/wp-content\\\/uploads\\\/2025\\\/04\\\/rendorseg-gyerekek.jpg\",\"width\":1920,\"height\":970},{\"@type\":\"BreadcrumbList\",\"@id\":\"https:\\\/\\\/dorogimedence.hu\\\/index.php\\\/2025\\\/04\\\/07\\\/minyonok-az-esztergomi-rendorkapitanysagon\\\/#breadcrumb\",\"itemListElement\":[{\"@type\":\"ListItem\",\"position\":1,\"name\":\"Kezd\u0151lap\",\"item\":\"https:\\\/\\\/dorogimedence.hu\\\/\"},{\"@type\":\"ListItem\",\"position\":2,\"name\":\"Minyonok az Esztergomi Rend\u0151rkapit\u00e1nys\u00e1gon\"}]},{\"@type\":\"WebSite\",\"@id\":\"https:\\\/\\\/dorogimedence.hu\\\/#website\",\"url\":\"https:\\\/\\\/dorogimedence.hu\\\/\",\"name\":\"Dorogi-medence Region\u00e1lis H\u00edrport\u00e1l\",\"description\":\"Dorog, Keszt\u00f6lc, Le\u00e1nyv\u00e1r, Piliscs\u00e9v, Tokod, Tokodalt\u00e1r\u00f3, Csolnok, Esztergom-kertv\u00e1ros: h\u00edrek, programok\",\"publisher\":{\"@id\":\"https:\\\/\\\/dorogimedence.hu\\\/#organization\"},\"potentialAction\":[{\"@type\":\"SearchAction\",\"target\":{\"@type\":\"EntryPoint\",\"urlTemplate\":\"https:\\\/\\\/dorogimedence.hu\\\/?s={search_term_string}\"},\"query-input\":{\"@type\":\"PropertyValueSpecification\",\"valueRequired\":true,\"valueName\":\"search_term_string\"}}],\"inLanguage\":\"hu\"},{\"@type\":\"Organization\",\"@id\":\"https:\\\/\\\/dorogimedence.hu\\\/#organization\",\"name\":\"Dorogi-medence Region\u00e1lis H\u00edrport\u00e1l\",\"url\":\"https:\\\/\\\/dorogimedence.hu\\\/\",\"logo\":{\"@type\":\"ImageObject\",\"inLanguage\":\"hu\",\"@id\":\"https:\\\/\\\/dorogimedence.hu\\\/#\\\/schema\\\/logo\\\/image\\\/\",\"url\":\"https:\\\/\\\/dorogimedence.hu\\\/wp-content\\\/uploads\\\/2021\\\/04\\\/logo-feher-600.png\",\"contentUrl\":\"https:\\\/\\\/dorogimedence.hu\\\/wp-content\\\/uploads\\\/2021\\\/04\\\/logo-feher-600.png\",\"width\":600,\"height\":100,\"caption\":\"Dorogi-medence Region\u00e1lis H\u00edrport\u00e1l\"},\"image\":{\"@id\":\"https:\\\/\\\/dorogimedence.hu\\\/#\\\/schema\\\/logo\\\/image\\\/\"},\"sameAs\":[\"https:\\\/\\\/www.facebook.com\\\/dorogimedence\\\/\"]},{\"@type\":\"Person\",\"@id\":\"https:\\\/\\\/dorogimedence.hu\\\/#\\\/schema\\\/person\\\/ce6091eeb7e95ecdc87890d6aa8e0fd4\",\"name\":\"dorogimedence.hu\",\"image\":{\"@type\":\"ImageObject\",\"inLanguage\":\"hu\",\"@id\":\"\\\/\\\/www.gravatar.com\\\/avatar\\\/d8d45f8901aadff40a4af72c0b826f1d?s=96&#038;r=g&#038;d=mm\",\"url\":\"\\\/\\\/www.gravatar.com\\\/avatar\\\/d8d45f8901aadff40a4af72c0b826f1d?s=96&#038;r=g&#038;d=mm\",\"contentUrl\":\"\\\/\\\/www.gravatar.com\\\/avatar\\\/d8d45f8901aadff40a4af72c0b826f1d?s=96&#038;r=g&#038;d=mm\",\"caption\":\"dorogimedence.hu\"}}]}<\/script>\n<!-- \/ Yoast SEO plugin. -->","yoast_head_json":{"title":"Minyonok az Esztergomi Rend\u0151rkapit\u00e1nys\u00e1gon","robots":{"index":"index","follow":"follow","max-snippet":"max-snippet:-1","max-image-preview":"max-image-preview:large","max-video-preview":"max-video-preview:-1"},"canonical":"https:\/\/dorogimedence.hu\/index.php\/2025\/04\/07\/minyonok-az-esztergomi-rendorkapitanysagon\/","og_locale":"hu_HU","og_type":"article","og_title":"Minyonok az Esztergomi Rend\u0151rkapit\u00e1nys\u00e1gon","og_description":"A rend\u0151ri hivat\u00e1ssal ismerkedtek a gyermekek az Esztergomi Rend\u0151rkapit\u00e1nys\u00e1gon. \u201e\u00d6r\u00f6mmel jelentj\u00fck be, hogy az Esztergomi Rend\u0151rkapit\u00e1nys\u00e1g \u00e1llom\u00e1ny\u00e1ba \u00faj, rendk\u00edv\u00fcl lelkes \u00e9s apr\u00f3 egyenruh\u00e1s munkat\u00e1rsak \u00e9rkeztek! B\u00e1r m\u00e9ret\u00fckb\u0151l ad\u00f3d\u00f3an m\u00e9g nem \u00e9rik fel az \u00edr\u00f3asztalokat, \u00e9s a szolg\u00e1lati sapka is kiss\u00e9 nagy r\u00e1juk, lelkesed\u00e9s\u00fck \u00e9s kedvess\u00e9g\u00fck minden eddigi rekordot megd\u00f6nt\u00f6tt.\u201d &#8211; k\u00f6z\u00f6lte a j\u00f3 h\u00edrt a","og_url":"https:\/\/dorogimedence.hu\/index.php\/2025\/04\/07\/minyonok-az-esztergomi-rendorkapitanysagon\/","og_site_name":"Dorogi-medence Region\u00e1lis H\u00edrport\u00e1l","article_publisher":"https:\/\/www.facebook.com\/dorogimedence\/","article_published_time":"2025-04-07T14:53:10+00:00","og_image":[{"width":1920,"height":970,"url":"https:\/\/dorogimedence.hu\/wp-content\/uploads\/2025\/04\/rendorseg-gyerekek.jpg","type":"image\/jpeg"}],"author":"dorogimedence.hu","twitter_card":"summary_large_image","twitter_misc":{"Szerz\u0151:":"dorogimedence.hu","Becs\u00fclt olvas\u00e1si id\u0151":"1 perc"},"schema":{"@context":"https:\/\/schema.org","@graph":[{"@type":"Article","@id":"https:\/\/dorogimedence.hu\/index.php\/2025\/04\/07\/minyonok-az-esztergomi-rendorkapitanysagon\/#article","isPartOf":{"@id":"https:\/\/dorogimedence.hu\/index.php\/2025\/04\/07\/minyonok-az-esztergomi-rendorkapitanysagon\/"},"author":{"name":"dorogimedence.hu","@id":"https:\/\/dorogimedence.hu\/#\/schema\/person\/ce6091eeb7e95ecdc87890d6aa8e0fd4"},"headline":"Minyonok az Esztergomi Rend\u0151rkapit\u00e1nys\u00e1gon","datePublished":"2025-04-07T14:53:10+00:00","mainEntityOfPage":{"@id":"https:\/\/dorogimedence.hu\/index.php\/2025\/04\/07\/minyonok-az-esztergomi-rendorkapitanysagon\/"},"wordCount":275,"publisher":{"@id":"https:\/\/dorogimedence.hu\/#organization"},"image":{"@id":"https:\/\/dorogimedence.hu\/index.php\/2025\/04\/07\/minyonok-az-esztergomi-rendorkapitanysagon\/#primaryimage"},"thumbnailUrl":"https:\/\/dorogimedence.hu\/wp-content\/uploads\/2025\/04\/rendorseg-gyerekek.jpg","keywords":["esztergom","rend\u0151rs\u00e9gi h\u00edrek"],"articleSection":["Esztergom","H\u00edrek","Sz\u00ednes"],"inLanguage":"hu"},{"@type":"WebPage","@id":"https:\/\/dorogimedence.hu\/index.php\/2025\/04\/07\/minyonok-az-esztergomi-rendorkapitanysagon\/","url":"https:\/\/dorogimedence.hu\/index.php\/2025\/04\/07\/minyonok-az-esztergomi-rendorkapitanysagon\/","name":"Minyonok az Esztergomi Rend\u0151rkapit\u00e1nys\u00e1gon","isPartOf":{"@id":"https:\/\/dorogimedence.hu\/#website"},"primaryImageOfPage":{"@id":"https:\/\/dorogimedence.hu\/index.php\/2025\/04\/07\/minyonok-az-esztergomi-rendorkapitanysagon\/#primaryimage"},"image":{"@id":"https:\/\/dorogimedence.hu\/index.php\/2025\/04\/07\/minyonok-az-esztergomi-rendorkapitanysagon\/#primaryimage"},"thumbnailUrl":"https:\/\/dorogimedence.hu\/wp-content\/uploads\/2025\/04\/rendorseg-gyerekek.jpg","datePublished":"2025-04-07T14:53:10+00:00","breadcrumb":{"@id":"https:\/\/dorogimedence.hu\/index.php\/2025\/04\/07\/minyonok-az-esztergomi-rendorkapitanysagon\/#breadcrumb"},"inLanguage":"hu","potentialAction":[{"@type":"ReadAction","target":["https:\/\/dorogimedence.hu\/index.php\/2025\/04\/07\/minyonok-az-esztergomi-rendorkapitanysagon\/"]}]},{"@type":"ImageObject","inLanguage":"hu","@id":"https:\/\/dorogimedence.hu\/index.php\/2025\/04\/07\/minyonok-az-esztergomi-rendorkapitanysagon\/#primaryimage","url":"https:\/\/dorogimedence.hu\/wp-content\/uploads\/2025\/04\/rendorseg-gyerekek.jpg","contentUrl":"https:\/\/dorogimedence.hu\/wp-content\/uploads\/2025\/04\/rendorseg-gyerekek.jpg","width":1920,"height":970},{"@type":"BreadcrumbList","@id":"https:\/\/dorogimedence.hu\/index.php\/2025\/04\/07\/minyonok-az-esztergomi-rendorkapitanysagon\/#breadcrumb","itemListElement":[{"@type":"ListItem","position":1,"name":"Kezd\u0151lap","item":"https:\/\/dorogimedence.hu\/"},{"@type":"ListItem","position":2,"name":"Minyonok az Esztergomi Rend\u0151rkapit\u00e1nys\u00e1gon"}]},{"@type":"WebSite","@id":"https:\/\/dorogimedence.hu\/#website","url":"https:\/\/dorogimedence.hu\/","name":"Dorogi-medence Region\u00e1lis H\u00edrport\u00e1l","description":"Dorog, Keszt\u00f6lc, Le\u00e1nyv\u00e1r, Piliscs\u00e9v, Tokod, Tokodalt\u00e1r\u00f3, Csolnok, Esztergom-kertv\u00e1ros: h\u00edrek, programok","publisher":{"@id":"https:\/\/dorogimedence.hu\/#organization"},"potentialAction":[{"@type":"SearchAction","target":{"@type":"EntryPoint","urlTemplate":"https:\/\/dorogimedence.hu\/?s={search_term_string}"},"query-input":{"@type":"PropertyValueSpecification","valueRequired":true,"valueName":"search_term_string"}}],"inLanguage":"hu"},{"@type":"Organization","@id":"https:\/\/dorogimedence.hu\/#organization","name":"Dorogi-medence Region\u00e1lis H\u00edrport\u00e1l","url":"https:\/\/dorogimedence.hu\/","logo":{"@type":"ImageObject","inLanguage":"hu","@id":"https:\/\/dorogimedence.hu\/#\/schema\/logo\/image\/","url":"https:\/\/dorogimedence.hu\/wp-content\/uploads\/2021\/04\/logo-feher-600.png","contentUrl":"https:\/\/dorogimedence.hu\/wp-content\/uploads\/2021\/04\/logo-feher-600.png","width":600,"height":100,"caption":"Dorogi-medence Region\u00e1lis H\u00edrport\u00e1l"},"image":{"@id":"https:\/\/dorogimedence.hu\/#\/schema\/logo\/image\/"},"sameAs":["https:\/\/www.facebook.com\/dorogimedence\/"]},{"@type":"Person","@id":"https:\/\/dorogimedence.hu\/#\/schema\/person\/ce6091eeb7e95ecdc87890d6aa8e0fd4","name":"dorogimedence.hu","image":{"@type":"ImageObject","inLanguage":"hu","@id":"\/\/www.gravatar.com\/avatar\/d8d45f8901aadff40a4af72c0b826f1d?s=96&#038;r=g&#038;d=mm","url":"\/\/www.gravatar.com\/avatar\/d8d45f8901aadff40a4af72c0b826f1d?s=96&#038;r=g&#038;d=mm","contentUrl":"\/\/www.gravatar.com\/avatar\/d8d45f8901aadff40a4af72c0b826f1d?s=96&#038;r=g&#038;d=mm","caption":"dorogimedence.hu"}}]}},"_links":{"self":[{"href":"https:\/\/dorogimedence.hu\/index.php\/wp-json\/wp\/v2\/posts\/70099","targetHints":{"allow":["GET"]}}],"collection":[{"href":"https:\/\/dorogimedence.hu\/index.php\/wp-json\/wp\/v2\/posts"}],"about":[{"href":"https:\/\/dorogimedence.hu\/index.php\/wp-json\/wp\/v2\/types\/post"}],"author":[{"embeddable":true,"href":"https:\/\/dorogimedence.hu\/index.php\/wp-json\/wp\/v2\/users\/1"}],"replies":[{"embeddable":true,"href":"https:\/\/dorogimedence.hu\/index.php\/wp-json\/wp\/v2\/comments?post=70099"}],"version-history":[{"count":0,"href":"https:\/\/dorogimedence.hu\/index.php\/wp-json\/wp\/v2\/posts\/70099\/revisions"}],"wp:featuredmedia":[{"embeddable":true,"href":"https:\/\/dorogimedence.hu\/index.php\/wp-json\/wp\/v2\/media\/70100"}],"wp:attachment":[{"href":"https:\/\/dorogimedence.hu\/index.php\/wp-json\/wp\/v2\/media?parent=70099"}],"wp:term":[{"taxonomy":"category","embeddable":true,"href":"https:\/\/dorogimedence.hu\/index.php\/wp-json\/wp\/v2\/categories?post=70099"},{"taxonomy":"post_tag","embeddable":true,"href":"https:\/\/dorogimedence.hu\/index.php\/wp-json\/wp\/v2\/tags?post=70099"}],"curies":[{"name":"wp","href":"https:\/\/api.w.org\/{rel}","templated":true}]}}