{"id":70089,"date":"2025-04-07T16:09:31","date_gmt":"2025-04-07T14:09:31","guid":{"rendered":"https:\/\/dorogimedence.hu\/?p=70089"},"modified":"2025-04-07T16:09:31","modified_gmt":"2025-04-07T14:09:31","slug":"harcmuveszek-csaptak-ossze-esztergomban","status":"publish","type":"post","link":"https:\/\/dorogimedence.hu\/index.php\/2025\/04\/07\/harcmuveszek-csaptak-ossze-esztergomban\/","title":{"rendered":"Harcm\u0171v\u00e9szek csaptak \u00f6ssze Esztergomban"},"content":{"rendered":"<p><strong>\u00c1prilis 5-\u00e9n, szombaton rendezte meg a Fighting Kempo Pokorni Team SE a XVII. Esztergom-Kertv\u00e1ros Kupa Nemzetk\u00f6zi Harcm\u0171v\u00e9szeti Bajnoks\u00e1got. A nagyszab\u00e1s\u00fa versenyen 18 csapat 129 indul\u00f3ja vett r\u00e9szt formagyakorlat, f\u00f6ldharc, light contact \u00e9s full contact versenysz\u00e1mokban.<\/strong><\/p>\n<p>Nagysz\u00e1m\u00fa k\u00f6z\u00f6ns\u00e9g el\u0151tt kiv\u00e1l\u00f3 k\u00fczdelmeket lehetett l\u00e1tni, melynek sz\u00ednvonal\u00e1t 25 Szlov\u00e1ki\u00e1b\u00f3l \u00e9rkezett felvid\u00e9ki versenyz\u0151 is emelte.<\/p>\n<p><strong>Az esztergom-kertv\u00e1rosi \u00e9s a s\u00e1ris\u00e1pi csapat versenyz\u0151inek eredm\u00e9nyei:<\/strong><\/p>\n<ul>\n<li>Kolozsv\u00e1ri Ramon: full contact 1. hely.<\/li>\n<li>Kl\u00e1nyi Erik: full contact 1. hely, light contact 1. hely.<\/li>\n<li>F\u00fcle Kevin: f\u00f6ldharc 1. hely, formagyakorlat 2. hely, light contact 3. hely.<\/li>\n<li>T\u00f3th D\u00e1vid: light contact 2. hely, f\u00f6ldharc 2. hely.<\/li>\n<li>Rozbora G\u00e1bor: k\u00e9t k\u00fcl\u00f6nb\u00f6z\u0151 light contact kateg\u00f3ria 1 arany \u00e9s 1 ez\u00fcst.<\/li>\n<li>K\u00f3nya B\u00e1lint: feln\u0151tt light contact 1. hely, junior light contact 2. hely, f\u00f6ldharc 1. hely.<\/li>\n<li>N\u00e9meth Mil\u00e1n: light contact 1. hely, f\u00f6ldharc 2. hely.<\/li>\n<li>Forg\u00f3 Hunor: light contact 1. hely, f\u00f6ldharc 2. hely.<\/li>\n<li>Ferenczi L\u00e1szl\u00f3: full contact 2. hely, light contact 2. hely.<\/li>\n<li>Guly\u00e1s \u00c1ron: light contact 4. hely.<\/li>\n<li>Sutyinszki Gerg\u0151: light contact 1. hely.<\/li>\n<li>T\u00f3th Fl\u00f3ra: light contact 2. hely.<\/li>\n<li>K\u00e1ntor Bogl\u00e1rka: light contact 4. hely.<\/li>\n<li>Keszthelyi Bende: light contact 4. hely.<\/li>\n<\/ul>\n<p>Ezen kiv\u00e1l\u00f3 eredm\u00e9nyek el\u00e9r\u00e9s\u00e9hez gratul\u00e1lunk a felk\u00e9sz\u00edt\u0151 edz\u0151knek: Pokorni G\u00e1bor, Pokorni Mil\u00e1n, Pokorni \u00c1d\u00e1m \u00e9s Pokorni G\u00e1born\u00e9.<\/p>\n","protected":false},"excerpt":{"rendered":"<p>\u00c1prilis 5-\u00e9n, szombaton rendezte meg a Fighting Kempo Pokorni Team SE a XVII. Esztergom-Kertv\u00e1ros Kupa Nemzetk\u00f6zi Harcm\u0171v\u00e9szeti Bajnoks\u00e1got. A nagyszab\u00e1s\u00fa versenyen 18 csapat 129 indul\u00f3ja vett r\u00e9szt formagyakorlat, f\u00f6ldharc, light contact \u00e9s full contact versenysz\u00e1mokban. Nagysz\u00e1m\u00fa k\u00f6z\u00f6ns\u00e9g el\u0151tt kiv\u00e1l\u00f3 k\u00fczdelmeket lehetett l\u00e1tni, melynek sz\u00ednvonal\u00e1t 25 Szlov\u00e1ki\u00e1b\u00f3l \u00e9rkezett felvid\u00e9ki versenyz\u0151 is emelte. Az esztergom-kertv\u00e1rosi \u00e9s a<\/p>\n","protected":false},"author":1,"featured_media":70090,"comment_status":"closed","ping_status":"closed","sticky":false,"template":"","format":"standard","meta":{"ngg_post_thumbnail":0,"footnotes":""},"categories":[38,7,3,5],"tags":[42,169,444,423,16],"class_list":{"0":"post-70089","1":"post","2":"type-post","3":"status-publish","4":"format-standard","5":"has-post-thumbnail","7":"category-esztergom","8":"category-esztergom_kertvaros","9":"category-hirek","10":"category-sport","11":"tag-esztergom","12":"tag-esztergom-kertvaros","13":"tag-kempo","14":"tag-sarisap","15":"tag-sport"},"yoast_head":"<!-- This site is optimized with the Yoast SEO plugin v27.5 - https:\/\/yoast.com\/product\/yoast-seo-wordpress\/ -->\n<title>Harcm\u0171v\u00e9szek csaptak \u00f6ssze Esztergomban<\/title>\n<meta name=\"robots\" content=\"index, follow, max-snippet:-1, max-image-preview:large, max-video-preview:-1\" \/>\n<link rel=\"canonical\" href=\"https:\/\/dorogimedence.hu\/index.php\/2025\/04\/07\/harcmuveszek-csaptak-ossze-esztergomban\/\" class=\"yoast-seo-meta-tag\" \/>\n<meta property=\"og:locale\" content=\"hu_HU\" class=\"yoast-seo-meta-tag\" \/>\n<meta property=\"og:type\" content=\"article\" class=\"yoast-seo-meta-tag\" \/>\n<meta property=\"og:title\" content=\"Harcm\u0171v\u00e9szek csaptak \u00f6ssze Esztergomban\" class=\"yoast-seo-meta-tag\" \/>\n<meta property=\"og:description\" content=\"\u00c1prilis 5-\u00e9n, szombaton rendezte meg a Fighting Kempo Pokorni Team SE a XVII. Esztergom-Kertv\u00e1ros Kupa Nemzetk\u00f6zi Harcm\u0171v\u00e9szeti Bajnoks\u00e1got. A nagyszab\u00e1s\u00fa versenyen 18 csapat 129 indul\u00f3ja vett r\u00e9szt formagyakorlat, f\u00f6ldharc, light contact \u00e9s full contact versenysz\u00e1mokban. Nagysz\u00e1m\u00fa k\u00f6z\u00f6ns\u00e9g el\u0151tt kiv\u00e1l\u00f3 k\u00fczdelmeket lehetett l\u00e1tni, melynek sz\u00ednvonal\u00e1t 25 Szlov\u00e1ki\u00e1b\u00f3l \u00e9rkezett felvid\u00e9ki versenyz\u0151 is emelte. Az esztergom-kertv\u00e1rosi \u00e9s a\" class=\"yoast-seo-meta-tag\" \/>\n<meta property=\"og:url\" content=\"https:\/\/dorogimedence.hu\/index.php\/2025\/04\/07\/harcmuveszek-csaptak-ossze-esztergomban\/\" class=\"yoast-seo-meta-tag\" \/>\n<meta property=\"og:site_name\" content=\"Dorogi-medence Region\u00e1lis H\u00edrport\u00e1l\" class=\"yoast-seo-meta-tag\" \/>\n<meta property=\"article:publisher\" content=\"https:\/\/www.facebook.com\/dorogimedence\/\" class=\"yoast-seo-meta-tag\" \/>\n<meta property=\"article:published_time\" content=\"2025-04-07T14:09:31+00:00\" class=\"yoast-seo-meta-tag\" \/>\n<meta property=\"og:image\" content=\"https:\/\/dorogimedence.hu\/wp-content\/uploads\/2025\/04\/kempo.jpg\" class=\"yoast-seo-meta-tag\" \/>\n\t<meta property=\"og:image:width\" content=\"1920\" class=\"yoast-seo-meta-tag\" \/>\n\t<meta property=\"og:image:height\" content=\"970\" class=\"yoast-seo-meta-tag\" \/>\n\t<meta property=\"og:image:type\" content=\"image\/jpeg\" class=\"yoast-seo-meta-tag\" \/>\n<meta name=\"author\" content=\"dorogimedence.hu\" class=\"yoast-seo-meta-tag\" \/>\n<meta name=\"twitter:card\" content=\"summary_large_image\" class=\"yoast-seo-meta-tag\" \/>\n<meta name=\"twitter:label1\" content=\"Szerz\u0151:\" class=\"yoast-seo-meta-tag\" \/>\n\t<meta name=\"twitter:data1\" content=\"dorogimedence.hu\" class=\"yoast-seo-meta-tag\" \/>\n\t<meta name=\"twitter:label2\" content=\"Becs\u00fclt olvas\u00e1si id\u0151\" class=\"yoast-seo-meta-tag\" \/>\n\t<meta name=\"twitter:data2\" content=\"1 perc\" class=\"yoast-seo-meta-tag\" \/>\n<script type=\"application\/ld+json\" class=\"yoast-schema-graph\">{\"@context\":\"https:\\\/\\\/schema.org\",\"@graph\":[{\"@type\":\"Article\",\"@id\":\"https:\\\/\\\/dorogimedence.hu\\\/index.php\\\/2025\\\/04\\\/07\\\/harcmuveszek-csaptak-ossze-esztergomban\\\/#article\",\"isPartOf\":{\"@id\":\"https:\\\/\\\/dorogimedence.hu\\\/index.php\\\/2025\\\/04\\\/07\\\/harcmuveszek-csaptak-ossze-esztergomban\\\/\"},\"author\":{\"name\":\"dorogimedence.hu\",\"@id\":\"https:\\\/\\\/dorogimedence.hu\\\/#\\\/schema\\\/person\\\/ce6091eeb7e95ecdc87890d6aa8e0fd4\"},\"headline\":\"Harcm\u0171v\u00e9szek csaptak \u00f6ssze Esztergomban\",\"datePublished\":\"2025-04-07T14:09:31+00:00\",\"mainEntityOfPage\":{\"@id\":\"https:\\\/\\\/dorogimedence.hu\\\/index.php\\\/2025\\\/04\\\/07\\\/harcmuveszek-csaptak-ossze-esztergomban\\\/\"},\"wordCount\":248,\"publisher\":{\"@id\":\"https:\\\/\\\/dorogimedence.hu\\\/#organization\"},\"image\":{\"@id\":\"https:\\\/\\\/dorogimedence.hu\\\/index.php\\\/2025\\\/04\\\/07\\\/harcmuveszek-csaptak-ossze-esztergomban\\\/#primaryimage\"},\"thumbnailUrl\":\"https:\\\/\\\/dorogimedence.hu\\\/wp-content\\\/uploads\\\/2025\\\/04\\\/kempo.jpg\",\"keywords\":[\"esztergom\",\"Esztergom-kertv\u00e1ros\",\"Kempo\",\"S\u00e1ris\u00e1p\",\"sport\"],\"articleSection\":[\"Esztergom\",\"Esztergom-kertv\u00e1ros\",\"H\u00edrek\",\"Sport\"],\"inLanguage\":\"hu\"},{\"@type\":\"WebPage\",\"@id\":\"https:\\\/\\\/dorogimedence.hu\\\/index.php\\\/2025\\\/04\\\/07\\\/harcmuveszek-csaptak-ossze-esztergomban\\\/\",\"url\":\"https:\\\/\\\/dorogimedence.hu\\\/index.php\\\/2025\\\/04\\\/07\\\/harcmuveszek-csaptak-ossze-esztergomban\\\/\",\"name\":\"Harcm\u0171v\u00e9szek csaptak \u00f6ssze Esztergomban\",\"isPartOf\":{\"@id\":\"https:\\\/\\\/dorogimedence.hu\\\/#website\"},\"primaryImageOfPage\":{\"@id\":\"https:\\\/\\\/dorogimedence.hu\\\/index.php\\\/2025\\\/04\\\/07\\\/harcmuveszek-csaptak-ossze-esztergomban\\\/#primaryimage\"},\"image\":{\"@id\":\"https:\\\/\\\/dorogimedence.hu\\\/index.php\\\/2025\\\/04\\\/07\\\/harcmuveszek-csaptak-ossze-esztergomban\\\/#primaryimage\"},\"thumbnailUrl\":\"https:\\\/\\\/dorogimedence.hu\\\/wp-content\\\/uploads\\\/2025\\\/04\\\/kempo.jpg\",\"datePublished\":\"2025-04-07T14:09:31+00:00\",\"breadcrumb\":{\"@id\":\"https:\\\/\\\/dorogimedence.hu\\\/index.php\\\/2025\\\/04\\\/07\\\/harcmuveszek-csaptak-ossze-esztergomban\\\/#breadcrumb\"},\"inLanguage\":\"hu\",\"potentialAction\":[{\"@type\":\"ReadAction\",\"target\":[\"https:\\\/\\\/dorogimedence.hu\\\/index.php\\\/2025\\\/04\\\/07\\\/harcmuveszek-csaptak-ossze-esztergomban\\\/\"]}]},{\"@type\":\"ImageObject\",\"inLanguage\":\"hu\",\"@id\":\"https:\\\/\\\/dorogimedence.hu\\\/index.php\\\/2025\\\/04\\\/07\\\/harcmuveszek-csaptak-ossze-esztergomban\\\/#primaryimage\",\"url\":\"https:\\\/\\\/dorogimedence.hu\\\/wp-content\\\/uploads\\\/2025\\\/04\\\/kempo.jpg\",\"contentUrl\":\"https:\\\/\\\/dorogimedence.hu\\\/wp-content\\\/uploads\\\/2025\\\/04\\\/kempo.jpg\",\"width\":1920,\"height\":970},{\"@type\":\"BreadcrumbList\",\"@id\":\"https:\\\/\\\/dorogimedence.hu\\\/index.php\\\/2025\\\/04\\\/07\\\/harcmuveszek-csaptak-ossze-esztergomban\\\/#breadcrumb\",\"itemListElement\":[{\"@type\":\"ListItem\",\"position\":1,\"name\":\"Kezd\u0151lap\",\"item\":\"https:\\\/\\\/dorogimedence.hu\\\/\"},{\"@type\":\"ListItem\",\"position\":2,\"name\":\"Harcm\u0171v\u00e9szek csaptak \u00f6ssze Esztergomban\"}]},{\"@type\":\"WebSite\",\"@id\":\"https:\\\/\\\/dorogimedence.hu\\\/#website\",\"url\":\"https:\\\/\\\/dorogimedence.hu\\\/\",\"name\":\"Dorogi-medence Region\u00e1lis H\u00edrport\u00e1l\",\"description\":\"Dorog, Keszt\u00f6lc, Le\u00e1nyv\u00e1r, Piliscs\u00e9v, Tokod, Tokodalt\u00e1r\u00f3, Csolnok, Esztergom-kertv\u00e1ros: h\u00edrek, programok\",\"publisher\":{\"@id\":\"https:\\\/\\\/dorogimedence.hu\\\/#organization\"},\"potentialAction\":[{\"@type\":\"SearchAction\",\"target\":{\"@type\":\"EntryPoint\",\"urlTemplate\":\"https:\\\/\\\/dorogimedence.hu\\\/?s={search_term_string}\"},\"query-input\":{\"@type\":\"PropertyValueSpecification\",\"valueRequired\":true,\"valueName\":\"search_term_string\"}}],\"inLanguage\":\"hu\"},{\"@type\":\"Organization\",\"@id\":\"https:\\\/\\\/dorogimedence.hu\\\/#organization\",\"name\":\"Dorogi-medence Region\u00e1lis H\u00edrport\u00e1l\",\"url\":\"https:\\\/\\\/dorogimedence.hu\\\/\",\"logo\":{\"@type\":\"ImageObject\",\"inLanguage\":\"hu\",\"@id\":\"https:\\\/\\\/dorogimedence.hu\\\/#\\\/schema\\\/logo\\\/image\\\/\",\"url\":\"https:\\\/\\\/dorogimedence.hu\\\/wp-content\\\/uploads\\\/2021\\\/04\\\/logo-feher-600.png\",\"contentUrl\":\"https:\\\/\\\/dorogimedence.hu\\\/wp-content\\\/uploads\\\/2021\\\/04\\\/logo-feher-600.png\",\"width\":600,\"height\":100,\"caption\":\"Dorogi-medence Region\u00e1lis H\u00edrport\u00e1l\"},\"image\":{\"@id\":\"https:\\\/\\\/dorogimedence.hu\\\/#\\\/schema\\\/logo\\\/image\\\/\"},\"sameAs\":[\"https:\\\/\\\/www.facebook.com\\\/dorogimedence\\\/\"]},{\"@type\":\"Person\",\"@id\":\"https:\\\/\\\/dorogimedence.hu\\\/#\\\/schema\\\/person\\\/ce6091eeb7e95ecdc87890d6aa8e0fd4\",\"name\":\"dorogimedence.hu\",\"image\":{\"@type\":\"ImageObject\",\"inLanguage\":\"hu\",\"@id\":\"\\\/\\\/www.gravatar.com\\\/avatar\\\/d8d45f8901aadff40a4af72c0b826f1d?s=96&#038;r=g&#038;d=mm\",\"url\":\"\\\/\\\/www.gravatar.com\\\/avatar\\\/d8d45f8901aadff40a4af72c0b826f1d?s=96&#038;r=g&#038;d=mm\",\"contentUrl\":\"\\\/\\\/www.gravatar.com\\\/avatar\\\/d8d45f8901aadff40a4af72c0b826f1d?s=96&#038;r=g&#038;d=mm\",\"caption\":\"dorogimedence.hu\"}}]}<\/script>\n<!-- \/ Yoast SEO plugin. -->","yoast_head_json":{"title":"Harcm\u0171v\u00e9szek csaptak \u00f6ssze Esztergomban","robots":{"index":"index","follow":"follow","max-snippet":"max-snippet:-1","max-image-preview":"max-image-preview:large","max-video-preview":"max-video-preview:-1"},"canonical":"https:\/\/dorogimedence.hu\/index.php\/2025\/04\/07\/harcmuveszek-csaptak-ossze-esztergomban\/","og_locale":"hu_HU","og_type":"article","og_title":"Harcm\u0171v\u00e9szek csaptak \u00f6ssze Esztergomban","og_description":"\u00c1prilis 5-\u00e9n, szombaton rendezte meg a Fighting Kempo Pokorni Team SE a XVII. Esztergom-Kertv\u00e1ros Kupa Nemzetk\u00f6zi Harcm\u0171v\u00e9szeti Bajnoks\u00e1got. A nagyszab\u00e1s\u00fa versenyen 18 csapat 129 indul\u00f3ja vett r\u00e9szt formagyakorlat, f\u00f6ldharc, light contact \u00e9s full contact versenysz\u00e1mokban. Nagysz\u00e1m\u00fa k\u00f6z\u00f6ns\u00e9g el\u0151tt kiv\u00e1l\u00f3 k\u00fczdelmeket lehetett l\u00e1tni, melynek sz\u00ednvonal\u00e1t 25 Szlov\u00e1ki\u00e1b\u00f3l \u00e9rkezett felvid\u00e9ki versenyz\u0151 is emelte. Az esztergom-kertv\u00e1rosi \u00e9s a","og_url":"https:\/\/dorogimedence.hu\/index.php\/2025\/04\/07\/harcmuveszek-csaptak-ossze-esztergomban\/","og_site_name":"Dorogi-medence Region\u00e1lis H\u00edrport\u00e1l","article_publisher":"https:\/\/www.facebook.com\/dorogimedence\/","article_published_time":"2025-04-07T14:09:31+00:00","og_image":[{"width":1920,"height":970,"url":"https:\/\/dorogimedence.hu\/wp-content\/uploads\/2025\/04\/kempo.jpg","type":"image\/jpeg"}],"author":"dorogimedence.hu","twitter_card":"summary_large_image","twitter_misc":{"Szerz\u0151:":"dorogimedence.hu","Becs\u00fclt olvas\u00e1si id\u0151":"1 perc"},"schema":{"@context":"https:\/\/schema.org","@graph":[{"@type":"Article","@id":"https:\/\/dorogimedence.hu\/index.php\/2025\/04\/07\/harcmuveszek-csaptak-ossze-esztergomban\/#article","isPartOf":{"@id":"https:\/\/dorogimedence.hu\/index.php\/2025\/04\/07\/harcmuveszek-csaptak-ossze-esztergomban\/"},"author":{"name":"dorogimedence.hu","@id":"https:\/\/dorogimedence.hu\/#\/schema\/person\/ce6091eeb7e95ecdc87890d6aa8e0fd4"},"headline":"Harcm\u0171v\u00e9szek csaptak \u00f6ssze Esztergomban","datePublished":"2025-04-07T14:09:31+00:00","mainEntityOfPage":{"@id":"https:\/\/dorogimedence.hu\/index.php\/2025\/04\/07\/harcmuveszek-csaptak-ossze-esztergomban\/"},"wordCount":248,"publisher":{"@id":"https:\/\/dorogimedence.hu\/#organization"},"image":{"@id":"https:\/\/dorogimedence.hu\/index.php\/2025\/04\/07\/harcmuveszek-csaptak-ossze-esztergomban\/#primaryimage"},"thumbnailUrl":"https:\/\/dorogimedence.hu\/wp-content\/uploads\/2025\/04\/kempo.jpg","keywords":["esztergom","Esztergom-kertv\u00e1ros","Kempo","S\u00e1ris\u00e1p","sport"],"articleSection":["Esztergom","Esztergom-kertv\u00e1ros","H\u00edrek","Sport"],"inLanguage":"hu"},{"@type":"WebPage","@id":"https:\/\/dorogimedence.hu\/index.php\/2025\/04\/07\/harcmuveszek-csaptak-ossze-esztergomban\/","url":"https:\/\/dorogimedence.hu\/index.php\/2025\/04\/07\/harcmuveszek-csaptak-ossze-esztergomban\/","name":"Harcm\u0171v\u00e9szek csaptak \u00f6ssze Esztergomban","isPartOf":{"@id":"https:\/\/dorogimedence.hu\/#website"},"primaryImageOfPage":{"@id":"https:\/\/dorogimedence.hu\/index.php\/2025\/04\/07\/harcmuveszek-csaptak-ossze-esztergomban\/#primaryimage"},"image":{"@id":"https:\/\/dorogimedence.hu\/index.php\/2025\/04\/07\/harcmuveszek-csaptak-ossze-esztergomban\/#primaryimage"},"thumbnailUrl":"https:\/\/dorogimedence.hu\/wp-content\/uploads\/2025\/04\/kempo.jpg","datePublished":"2025-04-07T14:09:31+00:00","breadcrumb":{"@id":"https:\/\/dorogimedence.hu\/index.php\/2025\/04\/07\/harcmuveszek-csaptak-ossze-esztergomban\/#breadcrumb"},"inLanguage":"hu","potentialAction":[{"@type":"ReadAction","target":["https:\/\/dorogimedence.hu\/index.php\/2025\/04\/07\/harcmuveszek-csaptak-ossze-esztergomban\/"]}]},{"@type":"ImageObject","inLanguage":"hu","@id":"https:\/\/dorogimedence.hu\/index.php\/2025\/04\/07\/harcmuveszek-csaptak-ossze-esztergomban\/#primaryimage","url":"https:\/\/dorogimedence.hu\/wp-content\/uploads\/2025\/04\/kempo.jpg","contentUrl":"https:\/\/dorogimedence.hu\/wp-content\/uploads\/2025\/04\/kempo.jpg","width":1920,"height":970},{"@type":"BreadcrumbList","@id":"https:\/\/dorogimedence.hu\/index.php\/2025\/04\/07\/harcmuveszek-csaptak-ossze-esztergomban\/#breadcrumb","itemListElement":[{"@type":"ListItem","position":1,"name":"Kezd\u0151lap","item":"https:\/\/dorogimedence.hu\/"},{"@type":"ListItem","position":2,"name":"Harcm\u0171v\u00e9szek csaptak \u00f6ssze Esztergomban"}]},{"@type":"WebSite","@id":"https:\/\/dorogimedence.hu\/#website","url":"https:\/\/dorogimedence.hu\/","name":"Dorogi-medence Region\u00e1lis H\u00edrport\u00e1l","description":"Dorog, Keszt\u00f6lc, Le\u00e1nyv\u00e1r, Piliscs\u00e9v, Tokod, Tokodalt\u00e1r\u00f3, Csolnok, Esztergom-kertv\u00e1ros: h\u00edrek, programok","publisher":{"@id":"https:\/\/dorogimedence.hu\/#organization"},"potentialAction":[{"@type":"SearchAction","target":{"@type":"EntryPoint","urlTemplate":"https:\/\/dorogimedence.hu\/?s={search_term_string}"},"query-input":{"@type":"PropertyValueSpecification","valueRequired":true,"valueName":"search_term_string"}}],"inLanguage":"hu"},{"@type":"Organization","@id":"https:\/\/dorogimedence.hu\/#organization","name":"Dorogi-medence Region\u00e1lis H\u00edrport\u00e1l","url":"https:\/\/dorogimedence.hu\/","logo":{"@type":"ImageObject","inLanguage":"hu","@id":"https:\/\/dorogimedence.hu\/#\/schema\/logo\/image\/","url":"https:\/\/dorogimedence.hu\/wp-content\/uploads\/2021\/04\/logo-feher-600.png","contentUrl":"https:\/\/dorogimedence.hu\/wp-content\/uploads\/2021\/04\/logo-feher-600.png","width":600,"height":100,"caption":"Dorogi-medence Region\u00e1lis H\u00edrport\u00e1l"},"image":{"@id":"https:\/\/dorogimedence.hu\/#\/schema\/logo\/image\/"},"sameAs":["https:\/\/www.facebook.com\/dorogimedence\/"]},{"@type":"Person","@id":"https:\/\/dorogimedence.hu\/#\/schema\/person\/ce6091eeb7e95ecdc87890d6aa8e0fd4","name":"dorogimedence.hu","image":{"@type":"ImageObject","inLanguage":"hu","@id":"\/\/www.gravatar.com\/avatar\/d8d45f8901aadff40a4af72c0b826f1d?s=96&#038;r=g&#038;d=mm","url":"\/\/www.gravatar.com\/avatar\/d8d45f8901aadff40a4af72c0b826f1d?s=96&#038;r=g&#038;d=mm","contentUrl":"\/\/www.gravatar.com\/avatar\/d8d45f8901aadff40a4af72c0b826f1d?s=96&#038;r=g&#038;d=mm","caption":"dorogimedence.hu"}}]}},"_links":{"self":[{"href":"https:\/\/dorogimedence.hu\/index.php\/wp-json\/wp\/v2\/posts\/70089","targetHints":{"allow":["GET"]}}],"collection":[{"href":"https:\/\/dorogimedence.hu\/index.php\/wp-json\/wp\/v2\/posts"}],"about":[{"href":"https:\/\/dorogimedence.hu\/index.php\/wp-json\/wp\/v2\/types\/post"}],"author":[{"embeddable":true,"href":"https:\/\/dorogimedence.hu\/index.php\/wp-json\/wp\/v2\/users\/1"}],"replies":[{"embeddable":true,"href":"https:\/\/dorogimedence.hu\/index.php\/wp-json\/wp\/v2\/comments?post=70089"}],"version-history":[{"count":0,"href":"https:\/\/dorogimedence.hu\/index.php\/wp-json\/wp\/v2\/posts\/70089\/revisions"}],"wp:featuredmedia":[{"embeddable":true,"href":"https:\/\/dorogimedence.hu\/index.php\/wp-json\/wp\/v2\/media\/70090"}],"wp:attachment":[{"href":"https:\/\/dorogimedence.hu\/index.php\/wp-json\/wp\/v2\/media?parent=70089"}],"wp:term":[{"taxonomy":"category","embeddable":true,"href":"https:\/\/dorogimedence.hu\/index.php\/wp-json\/wp\/v2\/categories?post=70089"},{"taxonomy":"post_tag","embeddable":true,"href":"https:\/\/dorogimedence.hu\/index.php\/wp-json\/wp\/v2\/tags?post=70089"}],"curies":[{"name":"wp","href":"https:\/\/api.w.org\/{rel}","templated":true}]}}