{"id":70074,"date":"2025-04-06T09:25:24","date_gmt":"2025-04-06T07:25:24","guid":{"rendered":"https:\/\/dorogimedence.hu\/?p=70074"},"modified":"2025-04-06T09:25:24","modified_gmt":"2025-04-06T07:25:24","slug":"a-gyor-21-gollal-nyert-esztergomban","status":"publish","type":"post","link":"https:\/\/dorogimedence.hu\/index.php\/2025\/04\/06\/a-gyor-21-gollal-nyert-esztergomban\/","title":{"rendered":"A Gy\u0151r 21 g\u00f3llal nyert Esztergomban"},"content":{"rendered":"<p><strong>A Gy\u0151ri Audi ETO KC 45\u201324-re legy\u0151zte az Esztergomot a n\u0151i k\u00e9zilabda NB I 20. fordul\u00f3j\u00e1ban \u00e1prilis 5-\u00e9n, szombaton<\/strong> <em>&#8211; \u00edrja a <a href=\"https:\/\/www.nemzetisport.hu\/kezilabda\/2025\/04\/a-gyor-21-gollal-nyert-esztergomban\" target=\"_blank\" rel=\"noopener\"><span style=\"text-decoration: underline; color: #0000ff;\">Nemzeti Sport<\/span><\/a>.<\/em><\/p>\n<p>Nem volt k\u00f6nny\u0171 hete az esztergomi n\u0151i k\u00e9zilabd\u00e1z\u00f3knak. Szerd\u00e1n a Ferencv\u00e1rossal meccseltek a 21. fordul\u00f3b\u00f3l el\u0151rehozott tal\u00e1lkoz\u00f3n a N\u00e9pligetben, szombaton hazai p\u00e1ly\u00e1n fogadt\u00e1k a Gy\u0151rt. A helyez\u00e9seket n\u00e9zve rangad\u00f3 is lehetett volna, \u00e1m val\u00f3j\u00e1ban csak az volt a k\u00e9rd\u00e9s, hogy Per Johansson csapata mekkora k\u00fcl\u00f6nbs\u00e9ggel nyer.<\/p>\n<p>Elek G\u00e1bor csapata tisztess\u00e9ggel helyt \u00e1llt, de \u00edgy is 21 g\u00f3llos veres\u00e9get szenvedett. Az els\u0151 t\u00edz percben m\u00e9g tartotta a l\u00e9p\u00e9st es\u00e9lyesebb ellenfel\u00e9vel, amely azut\u00e1n fokozatosan elt\u00e1volodva a sz\u00fcnetre kilencg\u00f3los el\u0151nyt dolgozott ki. A m\u00e1sodik f\u00e9lid\u0151ben f\u00f6l\u00e9nyess\u00e9 tette siker\u00e9t a tabell\u00e1n m\u00e1sodik helyen \u00e1ll\u00f3 kisalf\u00f6ldi alakulat.<\/p>\n<p>A Gy\u0151rben Kari Brattset nyolc g\u00f3lt szerzett, Bruna de Paula h\u00e9ttel vette ki r\u00e9sz\u00e9t a sikerb\u0151l. A kapuban Hatadou Sako remekelt, 21 l\u00f6v\u00e9sb\u0151l tizet is megfogott, ami 48 sz\u00e1zal\u00e9kos v\u00e9d\u00e9si hat\u00e9konys\u00e1got jelent.<\/p>\n<p><strong>Elek G\u00e1bor \u00e9rt\u00e9kel\u00e9se az M4 Sportnak: <\/strong><i>\u201eNagyon kev\u00e9s ellen\u00e1ll\u00e1st tudtunk kifejteni h\u00e1tul \u00e9s rengeteget hib\u00e1ztunk el\u0151l. Szerintem a v\u00e9g\u00e9re m\u00e1r teljesen \u00f6ssze is tojtuk magunkat. Nagyon ut\u00e1lom ezeket a meccseket, ki lehet kapni egy ETO-t\u00f3l, de nem \u00edgy. Att\u00f3l f\u00e9ltem a m\u00e1sodik f\u00e9lid\u0151 elej\u00e9n, hogy autogramokat fogunk t\u0151l\u00fck k\u00e9regetni, ez engem nagyon zavar. Az\u00e9rt a Fradin\u00e1l m\u00e1sok az emocion\u00e1lis dolgok az ir\u00e1nyomba mint a Gy\u0151rn\u00e9l, r\u00e1ad\u00e1sul rengeteg fiatal onnan j\u00f6tt a Fradib\u00f3l, kev\u00e9sb\u00e9 tojja \u00f6ssze mag\u00e1t, de nagyon nagy k\u00fcl\u00f6nbs\u00e9g nem volt, csak ez kiv\u00e9gz\u00e9s volt, az meg kev\u00e9sb\u00e9.\u201d<\/i><\/p>\n<p><strong>N\u0150I K\u00c9ZILABDA NB I <\/strong><strong>20. FORDUL\u00d3<\/strong><br \/>\n<strong>MOL ESZTERGOM\u2013GY\u0150RI AUDI ETO KC 24\u201345<\/strong> (13\u201322)<br \/>\n<strong>Esztergom, 640<\/strong> n\u00e9z\u0151. <strong>V:<\/strong> B\u00e1tori, Sz\u00e9csi Lantos<br \/>\n<strong>ESZTERGOM:<\/strong> Herczeg L. \u2013 SZ\u0150KE N. <strong>7,<\/strong> Majoros K., Kisfaludy<strong> 1,<\/strong> Farag\u00f3 Lea <strong>3 (1),<\/strong> HORV\u00c1TH F. <strong>4,<\/strong> Hajtai <strong>1. Csere:<\/strong> T\u00f3th Nikolett (kapus), Ballai B. <strong>3 (2),<\/strong> Tepl\u00e1n, Mlink\u00f3 <strong>1,<\/strong> K\u00e1rm\u00e1n <strong>3,<\/strong> Ballai A.<strong> 1,<\/strong> Bede, Kiss D. <strong>Edz\u0151:<\/strong> Elek G\u00e1bor<br \/>\n<strong>GY\u0150R:<\/strong> S. Toft \u2013 Hovden<strong> 5,<\/strong> Housheer <strong>5 (1),<\/strong> K. J\u00f6rgensen <strong>1,<\/strong> BRATTSET DALE <strong>8,<\/strong> DE PAULA <strong>7,<\/strong> Blohm <strong>3. Csere:<\/strong> SAKO (kapus), BREIST\u00d6L <strong>4,<\/strong> Gy\u0151ri-Luk\u00e1cs <strong>3,<\/strong> Lagerquist <strong>1,<\/strong> Rju Un Hi <strong>4,<\/strong> V. KRISTIANSEN <strong>4. Edz\u0151:<\/strong> Per Johansson<br \/>\n<strong>Az eredm\u00e9ny alakul\u00e1sa. 4. perc:<\/strong> 1\u20133. <strong>7. p.:<\/strong> 5\u20134. <strong>14. p.:<\/strong> 8\u201311. <strong>24. p.:<\/strong> 10\u201318.<strong> 39. p.:<\/strong> 15\u201330. <strong>48. p.:<\/strong> 20\u201335. <strong>54. p.:<\/strong> 21\u201340<br \/>\n<strong>Ki\u00e1ll\u00edt\u00e1sok:<\/strong> 2, ill. 8 perc<br \/>\n<strong>H\u00e9tm\u00e9teresek:<\/strong> 5\/3, ill. 1\/1<br \/>\n<strong>MESTERM\u00c9RLEG<\/strong><br \/>\n<strong>Elek G\u00e1bor:<\/strong> \u2013 Nagyon kev\u00e9s ellen\u00e1ll\u00e1st tudtunk kifejteni v\u00e9dekez\u00e9sben, t\u00e1mad\u00e1sban pedig rengeteget hib\u00e1ztunk, a v\u00e9g\u00e9n pedig m\u00e1r teljesen \u00f6ssze is tojtuk magunkat. Ki lehet kapni a Gy\u0151rt\u0151l, de nem \u00edgy, ez nagyon zavar.<br \/>\n<strong>Per Johansson:<\/strong> \u2013 Az els\u0151 negyed\u00f3ra ut\u00e1n megtal\u00e1ltuk a megfelel\u0151 megold\u00e1sokat v\u00e9dekez\u00e9sben, j\u00f3l semleges\u00edtett\u00fck az ellenf\u00e9l egy\u00e9ni megold\u00e1sait \u00e9s er\u0151ss\u00e9geit. Onnant\u00f3l kezdve gyakorlatilag t\u00f6k\u00e9letesen teljes\u00edtett\u00fcnk h\u00e1tul \u00e9s a lerohan\u00e1saink is nagyszer\u0171ek voltak.<\/p>\n<table class=\"ck-table-resized\">\n<tbody>\n<tr>\n<td><strong>AZ \u00c1LL\u00c1S<\/strong><\/td>\n<td><strong>M<\/strong><\/td>\n<td><strong>Gy<\/strong><\/td>\n<td><strong>D<\/strong><\/td>\n<td><strong>V<\/strong><\/td>\n<td><strong>L\u2013K<\/strong><\/td>\n<td><strong>Gk<\/strong><\/td>\n<td><strong>P<\/strong><\/td>\n<\/tr>\n<tr>\n<td><strong>1. FTC<\/strong><\/td>\n<td>22<\/td>\n<td>21<\/td>\n<td>1<\/td>\n<td>\u2013<\/td>\n<td>783\u2013545<\/td>\n<td>+238<\/td>\n<td>43<\/td>\n<\/tr>\n<tr>\n<td><strong>2. Gy\u0151r<\/strong><\/td>\n<td>22<\/td>\n<td>21<\/td>\n<td>\u2013<\/td>\n<td>1<\/td>\n<td>841\u2013515<\/td>\n<td>+326<\/td>\n<td>42<\/td>\n<\/tr>\n<tr>\n<td><strong>3. Esztergom<\/strong><\/td>\n<td>21<\/td>\n<td>16<\/td>\n<td>\u2013<\/td>\n<td>5<\/td>\n<td>645\u2013610<\/td>\n<td>+35<\/td>\n<td>32<\/td>\n<\/tr>\n<tr>\n<td><strong>4. Debrecen<\/strong><\/td>\n<td>20<\/td>\n<td>14<\/td>\n<td>2<\/td>\n<td>4<\/td>\n<td>640\u2013548<\/td>\n<td>+92<\/td>\n<td>30<\/td>\n<\/tr>\n<tr>\n<td><strong>5. V\u00e1c<\/strong><\/td>\n<td>20<\/td>\n<td>11<\/td>\n<td>\u2013<\/td>\n<td>9<\/td>\n<td>589\u2013589<\/td>\n<td>0<\/td>\n<td>22<\/td>\n<\/tr>\n<tr>\n<td><strong>6. Mosonmagyar\u00f3v\u00e1r<\/strong><\/td>\n<td>20<\/td>\n<td>10<\/td>\n<td>\u2013<\/td>\n<td>10<\/td>\n<td>574\u2013604<\/td>\n<td>\u201330<\/td>\n<td>20<\/td>\n<\/tr>\n<tr>\n<td><strong>7. Szombathely<\/strong><\/td>\n<td>21<\/td>\n<td>7<\/td>\n<td>5<\/td>\n<td>9<\/td>\n<td>587\u2013641<\/td>\n<td>\u201354<\/td>\n<td>19<\/td>\n<\/tr>\n<tr>\n<td><strong>8. Kisv\u00e1rda<\/strong><\/td>\n<td>20<\/td>\n<td>8<\/td>\n<td>1<\/td>\n<td>11<\/td>\n<td>485\u2013552<\/td>\n<td>\u201367<\/td>\n<td>17<\/td>\n<\/tr>\n<tr>\n<td><strong>9. Feh\u00e9rv\u00e1r<\/strong><\/td>\n<td>20<\/td>\n<td>6<\/td>\n<td>1<\/td>\n<td>13<\/td>\n<td>539\u2013579<\/td>\n<td>\u201340<\/td>\n<td>13<\/td>\n<\/tr>\n<tr>\n<td><strong>10. Buda\u00f6rs<\/strong><\/td>\n<td>20<\/td>\n<td>5<\/td>\n<td>2<\/td>\n<td>13<\/td>\n<td>534\u2013625<\/td>\n<td>\u201391<\/td>\n<td>12<\/td>\n<\/tr>\n<tr>\n<td><strong>11. Duna\u00fajv\u00e1ros<\/strong><\/td>\n<td>20<\/td>\n<td>5<\/td>\n<td>1<\/td>\n<td>14<\/td>\n<td>597\u2013673<\/td>\n<td>\u201376<\/td>\n<td>11<\/td>\n<\/tr>\n<tr>\n<td><strong>12. Vasas<\/strong><\/td>\n<td>20<\/td>\n<td>5<\/td>\n<td>1<\/td>\n<td>14<\/td>\n<td>547\u2013668<\/td>\n<td>\u2013121<\/td>\n<td>11<\/td>\n<\/tr>\n<tr>\n<td><strong>13. B\u00e9k\u00e9scsaba<\/strong><\/td>\n<td>20<\/td>\n<td>3<\/td>\n<td>2<\/td>\n<td>15<\/td>\n<td>552\u2013633<\/td>\n<td>\u201381<\/td>\n<td>8<\/td>\n<\/tr>\n<tr>\n<td><strong>14. MTK<\/strong><\/td>\n<td>22<\/td>\n<td>4<\/td>\n<td>\u2013<\/td>\n<td>18<\/td>\n<td>601\u2013732<\/td>\n<td>\u2013131<\/td>\n<td>8<\/td>\n<\/tr>\n<\/tbody>\n<\/table>\n<p><em>Forr\u00e1s: nemzetisport.hu<br \/>\nBor\u00edt\u00f3k\u00e9p: Esztergom Handball<\/em><\/p>\n","protected":false},"excerpt":{"rendered":"<p>A Gy\u0151ri Audi ETO KC 45\u201324-re legy\u0151zte az Esztergomot a n\u0151i k\u00e9zilabda NB I 20. fordul\u00f3j\u00e1ban \u00e1prilis 5-\u00e9n, szombaton &#8211; \u00edrja a Nemzeti Sport. Nem volt k\u00f6nny\u0171 hete az esztergomi n\u0151i k\u00e9zilabd\u00e1z\u00f3knak. Szerd\u00e1n a Ferencv\u00e1rossal meccseltek a 21. fordul\u00f3b\u00f3l el\u0151rehozott tal\u00e1lkoz\u00f3n a N\u00e9pligetben, szombaton hazai p\u00e1ly\u00e1n fogadt\u00e1k a Gy\u0151rt. A helyez\u00e9seket n\u00e9zve rangad\u00f3 is lehetett<\/p>\n","protected":false},"author":1,"featured_media":70075,"comment_status":"closed","ping_status":"closed","sticky":false,"template":"","format":"standard","meta":{"ngg_post_thumbnail":0,"footnotes":""},"categories":[38,3,5],"tags":[42,2311,355,8025,16],"class_list":{"0":"post-70074","1":"post","2":"type-post","3":"status-publish","4":"format-standard","5":"has-post-thumbnail","7":"category-esztergom","8":"category-hirek","9":"category-sport","10":"tag-esztergom","11":"tag-gyor","12":"tag-kezilabda","13":"tag-mol-esztergom","14":"tag-sport"},"yoast_head":"<!-- This site is optimized with the Yoast SEO plugin v27.5 - https:\/\/yoast.com\/product\/yoast-seo-wordpress\/ -->\n<title>A Gy\u0151r 21 g\u00f3llal nyert Esztergomban<\/title>\n<meta name=\"robots\" content=\"index, follow, max-snippet:-1, max-image-preview:large, max-video-preview:-1\" \/>\n<link rel=\"canonical\" href=\"https:\/\/dorogimedence.hu\/index.php\/2025\/04\/06\/a-gyor-21-gollal-nyert-esztergomban\/\" class=\"yoast-seo-meta-tag\" \/>\n<meta property=\"og:locale\" content=\"hu_HU\" class=\"yoast-seo-meta-tag\" \/>\n<meta property=\"og:type\" content=\"article\" class=\"yoast-seo-meta-tag\" \/>\n<meta property=\"og:title\" content=\"A Gy\u0151r 21 g\u00f3llal nyert Esztergomban\" class=\"yoast-seo-meta-tag\" \/>\n<meta property=\"og:description\" content=\"A Gy\u0151ri Audi ETO KC 45\u201324-re legy\u0151zte az Esztergomot a n\u0151i k\u00e9zilabda NB I 20. fordul\u00f3j\u00e1ban \u00e1prilis 5-\u00e9n, szombaton &#8211; \u00edrja a Nemzeti Sport. Nem volt k\u00f6nny\u0171 hete az esztergomi n\u0151i k\u00e9zilabd\u00e1z\u00f3knak. Szerd\u00e1n a Ferencv\u00e1rossal meccseltek a 21. fordul\u00f3b\u00f3l el\u0151rehozott tal\u00e1lkoz\u00f3n a N\u00e9pligetben, szombaton hazai p\u00e1ly\u00e1n fogadt\u00e1k a Gy\u0151rt. A helyez\u00e9seket n\u00e9zve rangad\u00f3 is lehetett\" class=\"yoast-seo-meta-tag\" \/>\n<meta property=\"og:url\" content=\"https:\/\/dorogimedence.hu\/index.php\/2025\/04\/06\/a-gyor-21-gollal-nyert-esztergomban\/\" class=\"yoast-seo-meta-tag\" \/>\n<meta property=\"og:site_name\" content=\"Dorogi-medence Region\u00e1lis H\u00edrport\u00e1l\" class=\"yoast-seo-meta-tag\" \/>\n<meta property=\"article:publisher\" content=\"https:\/\/www.facebook.com\/dorogimedence\/\" class=\"yoast-seo-meta-tag\" \/>\n<meta property=\"article:published_time\" content=\"2025-04-06T07:25:24+00:00\" class=\"yoast-seo-meta-tag\" \/>\n<meta property=\"og:image\" content=\"https:\/\/dorogimedence.hu\/wp-content\/uploads\/2025\/04\/488380827_17972856863840640_5083397453909288011_n.jpg\" class=\"yoast-seo-meta-tag\" \/>\n\t<meta property=\"og:image:width\" content=\"1440\" class=\"yoast-seo-meta-tag\" \/>\n\t<meta property=\"og:image:height\" content=\"809\" class=\"yoast-seo-meta-tag\" \/>\n\t<meta property=\"og:image:type\" content=\"image\/jpeg\" class=\"yoast-seo-meta-tag\" \/>\n<meta name=\"author\" content=\"dorogimedence.hu\" class=\"yoast-seo-meta-tag\" \/>\n<meta name=\"twitter:card\" content=\"summary_large_image\" class=\"yoast-seo-meta-tag\" \/>\n<meta name=\"twitter:label1\" content=\"Szerz\u0151:\" class=\"yoast-seo-meta-tag\" \/>\n\t<meta name=\"twitter:data1\" content=\"dorogimedence.hu\" class=\"yoast-seo-meta-tag\" \/>\n\t<meta name=\"twitter:label2\" content=\"Becs\u00fclt olvas\u00e1si id\u0151\" class=\"yoast-seo-meta-tag\" \/>\n\t<meta name=\"twitter:data2\" content=\"3 perc\" class=\"yoast-seo-meta-tag\" \/>\n<script type=\"application\/ld+json\" class=\"yoast-schema-graph\">{\"@context\":\"https:\\\/\\\/schema.org\",\"@graph\":[{\"@type\":\"Article\",\"@id\":\"https:\\\/\\\/dorogimedence.hu\\\/index.php\\\/2025\\\/04\\\/06\\\/a-gyor-21-gollal-nyert-esztergomban\\\/#article\",\"isPartOf\":{\"@id\":\"https:\\\/\\\/dorogimedence.hu\\\/index.php\\\/2025\\\/04\\\/06\\\/a-gyor-21-gollal-nyert-esztergomban\\\/\"},\"author\":{\"name\":\"dorogimedence.hu\",\"@id\":\"https:\\\/\\\/dorogimedence.hu\\\/#\\\/schema\\\/person\\\/ce6091eeb7e95ecdc87890d6aa8e0fd4\"},\"headline\":\"A Gy\u0151r 21 g\u00f3llal nyert Esztergomban\",\"datePublished\":\"2025-04-06T07:25:24+00:00\",\"mainEntityOfPage\":{\"@id\":\"https:\\\/\\\/dorogimedence.hu\\\/index.php\\\/2025\\\/04\\\/06\\\/a-gyor-21-gollal-nyert-esztergomban\\\/\"},\"wordCount\":613,\"publisher\":{\"@id\":\"https:\\\/\\\/dorogimedence.hu\\\/#organization\"},\"image\":{\"@id\":\"https:\\\/\\\/dorogimedence.hu\\\/index.php\\\/2025\\\/04\\\/06\\\/a-gyor-21-gollal-nyert-esztergomban\\\/#primaryimage\"},\"thumbnailUrl\":\"https:\\\/\\\/dorogimedence.hu\\\/wp-content\\\/uploads\\\/2025\\\/04\\\/488380827_17972856863840640_5083397453909288011_n.jpg\",\"keywords\":[\"esztergom\",\"Gy\u0151r\",\"k\u00e9zilabda\",\"Mol Esztergom\",\"sport\"],\"articleSection\":[\"Esztergom\",\"H\u00edrek\",\"Sport\"],\"inLanguage\":\"hu\"},{\"@type\":\"WebPage\",\"@id\":\"https:\\\/\\\/dorogimedence.hu\\\/index.php\\\/2025\\\/04\\\/06\\\/a-gyor-21-gollal-nyert-esztergomban\\\/\",\"url\":\"https:\\\/\\\/dorogimedence.hu\\\/index.php\\\/2025\\\/04\\\/06\\\/a-gyor-21-gollal-nyert-esztergomban\\\/\",\"name\":\"A Gy\u0151r 21 g\u00f3llal nyert Esztergomban\",\"isPartOf\":{\"@id\":\"https:\\\/\\\/dorogimedence.hu\\\/#website\"},\"primaryImageOfPage\":{\"@id\":\"https:\\\/\\\/dorogimedence.hu\\\/index.php\\\/2025\\\/04\\\/06\\\/a-gyor-21-gollal-nyert-esztergomban\\\/#primaryimage\"},\"image\":{\"@id\":\"https:\\\/\\\/dorogimedence.hu\\\/index.php\\\/2025\\\/04\\\/06\\\/a-gyor-21-gollal-nyert-esztergomban\\\/#primaryimage\"},\"thumbnailUrl\":\"https:\\\/\\\/dorogimedence.hu\\\/wp-content\\\/uploads\\\/2025\\\/04\\\/488380827_17972856863840640_5083397453909288011_n.jpg\",\"datePublished\":\"2025-04-06T07:25:24+00:00\",\"breadcrumb\":{\"@id\":\"https:\\\/\\\/dorogimedence.hu\\\/index.php\\\/2025\\\/04\\\/06\\\/a-gyor-21-gollal-nyert-esztergomban\\\/#breadcrumb\"},\"inLanguage\":\"hu\",\"potentialAction\":[{\"@type\":\"ReadAction\",\"target\":[\"https:\\\/\\\/dorogimedence.hu\\\/index.php\\\/2025\\\/04\\\/06\\\/a-gyor-21-gollal-nyert-esztergomban\\\/\"]}]},{\"@type\":\"ImageObject\",\"inLanguage\":\"hu\",\"@id\":\"https:\\\/\\\/dorogimedence.hu\\\/index.php\\\/2025\\\/04\\\/06\\\/a-gyor-21-gollal-nyert-esztergomban\\\/#primaryimage\",\"url\":\"https:\\\/\\\/dorogimedence.hu\\\/wp-content\\\/uploads\\\/2025\\\/04\\\/488380827_17972856863840640_5083397453909288011_n.jpg\",\"contentUrl\":\"https:\\\/\\\/dorogimedence.hu\\\/wp-content\\\/uploads\\\/2025\\\/04\\\/488380827_17972856863840640_5083397453909288011_n.jpg\",\"width\":1440,\"height\":809},{\"@type\":\"BreadcrumbList\",\"@id\":\"https:\\\/\\\/dorogimedence.hu\\\/index.php\\\/2025\\\/04\\\/06\\\/a-gyor-21-gollal-nyert-esztergomban\\\/#breadcrumb\",\"itemListElement\":[{\"@type\":\"ListItem\",\"position\":1,\"name\":\"Kezd\u0151lap\",\"item\":\"https:\\\/\\\/dorogimedence.hu\\\/\"},{\"@type\":\"ListItem\",\"position\":2,\"name\":\"A Gy\u0151r 21 g\u00f3llal nyert Esztergomban\"}]},{\"@type\":\"WebSite\",\"@id\":\"https:\\\/\\\/dorogimedence.hu\\\/#website\",\"url\":\"https:\\\/\\\/dorogimedence.hu\\\/\",\"name\":\"Dorogi-medence Region\u00e1lis H\u00edrport\u00e1l\",\"description\":\"Dorog, Keszt\u00f6lc, Le\u00e1nyv\u00e1r, Piliscs\u00e9v, Tokod, Tokodalt\u00e1r\u00f3, Csolnok, Esztergom-kertv\u00e1ros: h\u00edrek, programok\",\"publisher\":{\"@id\":\"https:\\\/\\\/dorogimedence.hu\\\/#organization\"},\"potentialAction\":[{\"@type\":\"SearchAction\",\"target\":{\"@type\":\"EntryPoint\",\"urlTemplate\":\"https:\\\/\\\/dorogimedence.hu\\\/?s={search_term_string}\"},\"query-input\":{\"@type\":\"PropertyValueSpecification\",\"valueRequired\":true,\"valueName\":\"search_term_string\"}}],\"inLanguage\":\"hu\"},{\"@type\":\"Organization\",\"@id\":\"https:\\\/\\\/dorogimedence.hu\\\/#organization\",\"name\":\"Dorogi-medence Region\u00e1lis H\u00edrport\u00e1l\",\"url\":\"https:\\\/\\\/dorogimedence.hu\\\/\",\"logo\":{\"@type\":\"ImageObject\",\"inLanguage\":\"hu\",\"@id\":\"https:\\\/\\\/dorogimedence.hu\\\/#\\\/schema\\\/logo\\\/image\\\/\",\"url\":\"https:\\\/\\\/dorogimedence.hu\\\/wp-content\\\/uploads\\\/2021\\\/04\\\/logo-feher-600.png\",\"contentUrl\":\"https:\\\/\\\/dorogimedence.hu\\\/wp-content\\\/uploads\\\/2021\\\/04\\\/logo-feher-600.png\",\"width\":600,\"height\":100,\"caption\":\"Dorogi-medence Region\u00e1lis H\u00edrport\u00e1l\"},\"image\":{\"@id\":\"https:\\\/\\\/dorogimedence.hu\\\/#\\\/schema\\\/logo\\\/image\\\/\"},\"sameAs\":[\"https:\\\/\\\/www.facebook.com\\\/dorogimedence\\\/\"]},{\"@type\":\"Person\",\"@id\":\"https:\\\/\\\/dorogimedence.hu\\\/#\\\/schema\\\/person\\\/ce6091eeb7e95ecdc87890d6aa8e0fd4\",\"name\":\"dorogimedence.hu\",\"image\":{\"@type\":\"ImageObject\",\"inLanguage\":\"hu\",\"@id\":\"\\\/\\\/www.gravatar.com\\\/avatar\\\/d8d45f8901aadff40a4af72c0b826f1d?s=96&#038;r=g&#038;d=mm\",\"url\":\"\\\/\\\/www.gravatar.com\\\/avatar\\\/d8d45f8901aadff40a4af72c0b826f1d?s=96&#038;r=g&#038;d=mm\",\"contentUrl\":\"\\\/\\\/www.gravatar.com\\\/avatar\\\/d8d45f8901aadff40a4af72c0b826f1d?s=96&#038;r=g&#038;d=mm\",\"caption\":\"dorogimedence.hu\"}}]}<\/script>\n<!-- \/ Yoast SEO plugin. -->","yoast_head_json":{"title":"A Gy\u0151r 21 g\u00f3llal nyert Esztergomban","robots":{"index":"index","follow":"follow","max-snippet":"max-snippet:-1","max-image-preview":"max-image-preview:large","max-video-preview":"max-video-preview:-1"},"canonical":"https:\/\/dorogimedence.hu\/index.php\/2025\/04\/06\/a-gyor-21-gollal-nyert-esztergomban\/","og_locale":"hu_HU","og_type":"article","og_title":"A Gy\u0151r 21 g\u00f3llal nyert Esztergomban","og_description":"A Gy\u0151ri Audi ETO KC 45\u201324-re legy\u0151zte az Esztergomot a n\u0151i k\u00e9zilabda NB I 20. fordul\u00f3j\u00e1ban \u00e1prilis 5-\u00e9n, szombaton &#8211; \u00edrja a Nemzeti Sport. Nem volt k\u00f6nny\u0171 hete az esztergomi n\u0151i k\u00e9zilabd\u00e1z\u00f3knak. Szerd\u00e1n a Ferencv\u00e1rossal meccseltek a 21. fordul\u00f3b\u00f3l el\u0151rehozott tal\u00e1lkoz\u00f3n a N\u00e9pligetben, szombaton hazai p\u00e1ly\u00e1n fogadt\u00e1k a Gy\u0151rt. A helyez\u00e9seket n\u00e9zve rangad\u00f3 is lehetett","og_url":"https:\/\/dorogimedence.hu\/index.php\/2025\/04\/06\/a-gyor-21-gollal-nyert-esztergomban\/","og_site_name":"Dorogi-medence Region\u00e1lis H\u00edrport\u00e1l","article_publisher":"https:\/\/www.facebook.com\/dorogimedence\/","article_published_time":"2025-04-06T07:25:24+00:00","og_image":[{"width":1440,"height":809,"url":"https:\/\/dorogimedence.hu\/wp-content\/uploads\/2025\/04\/488380827_17972856863840640_5083397453909288011_n.jpg","type":"image\/jpeg"}],"author":"dorogimedence.hu","twitter_card":"summary_large_image","twitter_misc":{"Szerz\u0151:":"dorogimedence.hu","Becs\u00fclt olvas\u00e1si id\u0151":"3 perc"},"schema":{"@context":"https:\/\/schema.org","@graph":[{"@type":"Article","@id":"https:\/\/dorogimedence.hu\/index.php\/2025\/04\/06\/a-gyor-21-gollal-nyert-esztergomban\/#article","isPartOf":{"@id":"https:\/\/dorogimedence.hu\/index.php\/2025\/04\/06\/a-gyor-21-gollal-nyert-esztergomban\/"},"author":{"name":"dorogimedence.hu","@id":"https:\/\/dorogimedence.hu\/#\/schema\/person\/ce6091eeb7e95ecdc87890d6aa8e0fd4"},"headline":"A Gy\u0151r 21 g\u00f3llal nyert Esztergomban","datePublished":"2025-04-06T07:25:24+00:00","mainEntityOfPage":{"@id":"https:\/\/dorogimedence.hu\/index.php\/2025\/04\/06\/a-gyor-21-gollal-nyert-esztergomban\/"},"wordCount":613,"publisher":{"@id":"https:\/\/dorogimedence.hu\/#organization"},"image":{"@id":"https:\/\/dorogimedence.hu\/index.php\/2025\/04\/06\/a-gyor-21-gollal-nyert-esztergomban\/#primaryimage"},"thumbnailUrl":"https:\/\/dorogimedence.hu\/wp-content\/uploads\/2025\/04\/488380827_17972856863840640_5083397453909288011_n.jpg","keywords":["esztergom","Gy\u0151r","k\u00e9zilabda","Mol Esztergom","sport"],"articleSection":["Esztergom","H\u00edrek","Sport"],"inLanguage":"hu"},{"@type":"WebPage","@id":"https:\/\/dorogimedence.hu\/index.php\/2025\/04\/06\/a-gyor-21-gollal-nyert-esztergomban\/","url":"https:\/\/dorogimedence.hu\/index.php\/2025\/04\/06\/a-gyor-21-gollal-nyert-esztergomban\/","name":"A Gy\u0151r 21 g\u00f3llal nyert Esztergomban","isPartOf":{"@id":"https:\/\/dorogimedence.hu\/#website"},"primaryImageOfPage":{"@id":"https:\/\/dorogimedence.hu\/index.php\/2025\/04\/06\/a-gyor-21-gollal-nyert-esztergomban\/#primaryimage"},"image":{"@id":"https:\/\/dorogimedence.hu\/index.php\/2025\/04\/06\/a-gyor-21-gollal-nyert-esztergomban\/#primaryimage"},"thumbnailUrl":"https:\/\/dorogimedence.hu\/wp-content\/uploads\/2025\/04\/488380827_17972856863840640_5083397453909288011_n.jpg","datePublished":"2025-04-06T07:25:24+00:00","breadcrumb":{"@id":"https:\/\/dorogimedence.hu\/index.php\/2025\/04\/06\/a-gyor-21-gollal-nyert-esztergomban\/#breadcrumb"},"inLanguage":"hu","potentialAction":[{"@type":"ReadAction","target":["https:\/\/dorogimedence.hu\/index.php\/2025\/04\/06\/a-gyor-21-gollal-nyert-esztergomban\/"]}]},{"@type":"ImageObject","inLanguage":"hu","@id":"https:\/\/dorogimedence.hu\/index.php\/2025\/04\/06\/a-gyor-21-gollal-nyert-esztergomban\/#primaryimage","url":"https:\/\/dorogimedence.hu\/wp-content\/uploads\/2025\/04\/488380827_17972856863840640_5083397453909288011_n.jpg","contentUrl":"https:\/\/dorogimedence.hu\/wp-content\/uploads\/2025\/04\/488380827_17972856863840640_5083397453909288011_n.jpg","width":1440,"height":809},{"@type":"BreadcrumbList","@id":"https:\/\/dorogimedence.hu\/index.php\/2025\/04\/06\/a-gyor-21-gollal-nyert-esztergomban\/#breadcrumb","itemListElement":[{"@type":"ListItem","position":1,"name":"Kezd\u0151lap","item":"https:\/\/dorogimedence.hu\/"},{"@type":"ListItem","position":2,"name":"A Gy\u0151r 21 g\u00f3llal nyert Esztergomban"}]},{"@type":"WebSite","@id":"https:\/\/dorogimedence.hu\/#website","url":"https:\/\/dorogimedence.hu\/","name":"Dorogi-medence Region\u00e1lis H\u00edrport\u00e1l","description":"Dorog, Keszt\u00f6lc, Le\u00e1nyv\u00e1r, Piliscs\u00e9v, Tokod, Tokodalt\u00e1r\u00f3, Csolnok, Esztergom-kertv\u00e1ros: h\u00edrek, programok","publisher":{"@id":"https:\/\/dorogimedence.hu\/#organization"},"potentialAction":[{"@type":"SearchAction","target":{"@type":"EntryPoint","urlTemplate":"https:\/\/dorogimedence.hu\/?s={search_term_string}"},"query-input":{"@type":"PropertyValueSpecification","valueRequired":true,"valueName":"search_term_string"}}],"inLanguage":"hu"},{"@type":"Organization","@id":"https:\/\/dorogimedence.hu\/#organization","name":"Dorogi-medence Region\u00e1lis H\u00edrport\u00e1l","url":"https:\/\/dorogimedence.hu\/","logo":{"@type":"ImageObject","inLanguage":"hu","@id":"https:\/\/dorogimedence.hu\/#\/schema\/logo\/image\/","url":"https:\/\/dorogimedence.hu\/wp-content\/uploads\/2021\/04\/logo-feher-600.png","contentUrl":"https:\/\/dorogimedence.hu\/wp-content\/uploads\/2021\/04\/logo-feher-600.png","width":600,"height":100,"caption":"Dorogi-medence Region\u00e1lis H\u00edrport\u00e1l"},"image":{"@id":"https:\/\/dorogimedence.hu\/#\/schema\/logo\/image\/"},"sameAs":["https:\/\/www.facebook.com\/dorogimedence\/"]},{"@type":"Person","@id":"https:\/\/dorogimedence.hu\/#\/schema\/person\/ce6091eeb7e95ecdc87890d6aa8e0fd4","name":"dorogimedence.hu","image":{"@type":"ImageObject","inLanguage":"hu","@id":"\/\/www.gravatar.com\/avatar\/d8d45f8901aadff40a4af72c0b826f1d?s=96&#038;r=g&#038;d=mm","url":"\/\/www.gravatar.com\/avatar\/d8d45f8901aadff40a4af72c0b826f1d?s=96&#038;r=g&#038;d=mm","contentUrl":"\/\/www.gravatar.com\/avatar\/d8d45f8901aadff40a4af72c0b826f1d?s=96&#038;r=g&#038;d=mm","caption":"dorogimedence.hu"}}]}},"_links":{"self":[{"href":"https:\/\/dorogimedence.hu\/index.php\/wp-json\/wp\/v2\/posts\/70074","targetHints":{"allow":["GET"]}}],"collection":[{"href":"https:\/\/dorogimedence.hu\/index.php\/wp-json\/wp\/v2\/posts"}],"about":[{"href":"https:\/\/dorogimedence.hu\/index.php\/wp-json\/wp\/v2\/types\/post"}],"author":[{"embeddable":true,"href":"https:\/\/dorogimedence.hu\/index.php\/wp-json\/wp\/v2\/users\/1"}],"replies":[{"embeddable":true,"href":"https:\/\/dorogimedence.hu\/index.php\/wp-json\/wp\/v2\/comments?post=70074"}],"version-history":[{"count":0,"href":"https:\/\/dorogimedence.hu\/index.php\/wp-json\/wp\/v2\/posts\/70074\/revisions"}],"wp:featuredmedia":[{"embeddable":true,"href":"https:\/\/dorogimedence.hu\/index.php\/wp-json\/wp\/v2\/media\/70075"}],"wp:attachment":[{"href":"https:\/\/dorogimedence.hu\/index.php\/wp-json\/wp\/v2\/media?parent=70074"}],"wp:term":[{"taxonomy":"category","embeddable":true,"href":"https:\/\/dorogimedence.hu\/index.php\/wp-json\/wp\/v2\/categories?post=70074"},{"taxonomy":"post_tag","embeddable":true,"href":"https:\/\/dorogimedence.hu\/index.php\/wp-json\/wp\/v2\/tags?post=70074"}],"curies":[{"name":"wp","href":"https:\/\/api.w.org\/{rel}","templated":true}]}}