{"id":70058,"date":"2025-04-04T15:37:10","date_gmt":"2025-04-04T13:37:10","guid":{"rendered":"https:\/\/dorogimedence.hu\/?p=70058"},"modified":"2025-04-04T15:37:10","modified_gmt":"2025-04-04T13:37:10","slug":"megujulhat-a-pilismaroti-tabor","status":"publish","type":"post","link":"https:\/\/dorogimedence.hu\/index.php\/2025\/04\/04\/megujulhat-a-pilismaroti-tabor\/","title":{"rendered":"Meg\u00fajulhat a pilismar\u00f3ti t\u00e1bor"},"content":{"rendered":"<p><strong>A Versenyk\u00e9pes J\u00e1r\u00e1sok Program keret\u00e9ben k\u00f6zbeszerz\u00e9si elj\u00e1r\u00e1st ind\u00edtanak a pilismar\u00f3ti gyermekt\u00e1bor bont\u00e1si, ter\u00fcletel\u0151k\u00e9sz\u00edt\u00e9si, tervez\u00e9si \u00e9s kivitelez\u00e9si munk\u00e1ival kapcsolatban.<\/strong><\/p>\n<p><a href=\"https:\/\/dorogimedence.hu\/index.php\/2025\/01\/22\/megujulhat-a-pilismaroti-tabor-es-feltarhatjak-a-reimann-altarot\/\" target=\"_blank\" rel=\"noopener\"><span style=\"text-decoration: underline; color: #0000ff;\">Kor\u00e1bban \u00edrtuk<\/span><\/a>, hogy janu\u00e1rban Dorog V\u00e1ros \u00d6nkorm\u00e1nyzat P\u00e9nz\u00fcgyi \u00e9s V\u00e1rosfejleszt\u00e9si Bizotts\u00e1ga, valamint az Emberi Er\u0151forr\u00e1s Bizotts\u00e1ga \u00fcl\u00e9st tartott, ahol megvitatt\u00e1k, hogy milyen beruh\u00e1z\u00e1sokkal p\u00e1ly\u00e1zzanak a Magyar Korm\u00e1ny Versenyk\u00e9pes J\u00e1r\u00e1sok Programj\u00e1ban. Az el\u0151terjeszt\u00e9sben a pilismar\u00f3ti t\u00e1bor fel\u00faj\u00edt\u00e1sa, valamint a Reimann-alt\u00e1r\u00f3 felt\u00e1r\u00e1sa szerepelt.<\/p>\n<p>\u00c1prilis 4-\u00e9n, p\u00e9nteken a P\u00e9nz\u00fcgyi, V\u00e1rosfejleszt\u00e9si Bizotts\u00e1g rendk\u00edv\u00fcli \u00fcl\u00e9s\u00e9n a \u201ePilismar\u00f3ti gyermekt\u00e1bor bont\u00e1si, ter\u00fcletel\u0151k\u00e9sz\u00edt\u00e9si, tervez\u00e9si \u00e9s kivitelez\u00e9si munk\u00e1k\u201d t\u00e1rgy\u00fa k\u00f6zbeszerz\u00e9si elj\u00e1r\u00e1s megind\u00edt\u00e1sa is napirendre ker\u00fclt. Az \u00fcl\u00e9sen a bizotts\u00e1g javasolta a K\u00e9pvisel\u0151-test\u00fcletnek, hogy az eml\u00edtett t\u00e1rgyban k\u00f6zbeszerz\u00e9si elj\u00e1r\u00e1st ind\u00edtson, melyet az \u00d6nkorm\u00e1nyzat 2025. \u00e9vi \u00f6sszes\u00edtett k\u00f6zbeszerz\u00e9si terv\u00e9be felvesz, valamint, hogy b\u00edzz\u00e1k meg a polg\u00e1rmestert a k\u00f6zbeszerz\u00e9si elj\u00e1r\u00e1s el\u0151k\u00e9sz\u00edt\u00e9s\u00e9re, lebonyol\u00edt\u00e1s\u00e1ra. Az ezzel kapcsolatos el\u0151terjeszt\u00e9s <span style=\"text-decoration: underline; color: #0000ff;\"><a style=\"color: #0000ff; text-decoration: underline;\" href=\"https:\/\/www.dorog.hu\/file\/11068-1-pilismaroti-gyermektabor-kozbesz-indito.pdf\" target=\"_blank\" rel=\"noopener\">ide kattintva<\/a><\/span> tekinthet\u0151 meg.<\/p>\n<p>A napirendi pontok k\u00f6z\u00f6tt szerepelt tov\u00e1bb\u00e1 egy nem \u00f6nkorm\u00e1nyzati k\u00e9pvisel\u0151 bizotts\u00e1gi tag lemond\u00e1sa \u00e9s \u00faj nem \u00f6nkorm\u00e1nyzati k\u00e9pvisel\u0151 bizotts\u00e1gi tag megv\u00e1laszt\u00e1sa is. F\u00fcl\u00f6p Zita Gabriella lemond\u00e1sa ut\u00e1n Moln\u00e1r Henriettet v\u00e1lasztott\u00e1k meg \u00faj bizotts\u00e1gi tagnak. Az el\u0151terjeszt\u00e9s <a href=\"https:\/\/www.dorog.hu\/file\/11071-3-nem-onkormanyzati-kepviselo-bizottsagi-tag-lemondasa.pdf\" target=\"_blank\" rel=\"noopener\"><span style=\"text-decoration: underline; color: #0000ff;\">ide kattintva<\/span><\/a> olvashat\u00f3.<\/p>\n","protected":false},"excerpt":{"rendered":"<p>A Versenyk\u00e9pes J\u00e1r\u00e1sok Program keret\u00e9ben k\u00f6zbeszerz\u00e9si elj\u00e1r\u00e1st ind\u00edtanak a pilismar\u00f3ti gyermekt\u00e1bor bont\u00e1si, ter\u00fcletel\u0151k\u00e9sz\u00edt\u00e9si, tervez\u00e9si \u00e9s kivitelez\u00e9si munk\u00e1ival kapcsolatban. Kor\u00e1bban \u00edrtuk, hogy janu\u00e1rban Dorog V\u00e1ros \u00d6nkorm\u00e1nyzat P\u00e9nz\u00fcgyi \u00e9s V\u00e1rosfejleszt\u00e9si Bizotts\u00e1ga, valamint az Emberi Er\u0151forr\u00e1s Bizotts\u00e1ga \u00fcl\u00e9st tartott, ahol megvitatt\u00e1k, hogy milyen beruh\u00e1z\u00e1sokkal p\u00e1ly\u00e1zzanak a Magyar Korm\u00e1ny Versenyk\u00e9pes J\u00e1r\u00e1sok Programj\u00e1ban. Az el\u0151terjeszt\u00e9sben a pilismar\u00f3ti t\u00e1bor fel\u00faj\u00edt\u00e1sa, valamint<\/p>\n","protected":false},"author":1,"featured_media":68254,"comment_status":"closed","ping_status":"closed","sticky":false,"template":"","format":"standard","meta":{"ngg_post_thumbnail":0,"footnotes":""},"categories":[2,3],"tags":[15,464,480,8212],"class_list":{"0":"post-70058","1":"post","2":"type-post","3":"status-publish","4":"format-standard","5":"has-post-thumbnail","7":"category-dorog","8":"category-hirek","9":"tag-dorog","10":"tag-felujitas","11":"tag-pilismarot","12":"tag-pilismaroti-tabor"},"yoast_head":"<!-- This site is optimized with the Yoast SEO plugin v27.5 - https:\/\/yoast.com\/product\/yoast-seo-wordpress\/ -->\n<title>Meg\u00fajulhat a pilismar\u00f3ti t\u00e1bor<\/title>\n<meta name=\"robots\" content=\"index, follow, max-snippet:-1, max-image-preview:large, max-video-preview:-1\" \/>\n<link rel=\"canonical\" href=\"https:\/\/dorogimedence.hu\/index.php\/2025\/04\/04\/megujulhat-a-pilismaroti-tabor\/\" class=\"yoast-seo-meta-tag\" \/>\n<meta property=\"og:locale\" content=\"hu_HU\" class=\"yoast-seo-meta-tag\" \/>\n<meta property=\"og:type\" content=\"article\" class=\"yoast-seo-meta-tag\" \/>\n<meta property=\"og:title\" content=\"Meg\u00fajulhat a pilismar\u00f3ti t\u00e1bor\" class=\"yoast-seo-meta-tag\" \/>\n<meta property=\"og:description\" content=\"A Versenyk\u00e9pes J\u00e1r\u00e1sok Program keret\u00e9ben k\u00f6zbeszerz\u00e9si elj\u00e1r\u00e1st ind\u00edtanak a pilismar\u00f3ti gyermekt\u00e1bor bont\u00e1si, ter\u00fcletel\u0151k\u00e9sz\u00edt\u00e9si, tervez\u00e9si \u00e9s kivitelez\u00e9si munk\u00e1ival kapcsolatban. Kor\u00e1bban \u00edrtuk, hogy janu\u00e1rban Dorog V\u00e1ros \u00d6nkorm\u00e1nyzat P\u00e9nz\u00fcgyi \u00e9s V\u00e1rosfejleszt\u00e9si Bizotts\u00e1ga, valamint az Emberi Er\u0151forr\u00e1s Bizotts\u00e1ga \u00fcl\u00e9st tartott, ahol megvitatt\u00e1k, hogy milyen beruh\u00e1z\u00e1sokkal p\u00e1ly\u00e1zzanak a Magyar Korm\u00e1ny Versenyk\u00e9pes J\u00e1r\u00e1sok Programj\u00e1ban. Az el\u0151terjeszt\u00e9sben a pilismar\u00f3ti t\u00e1bor fel\u00faj\u00edt\u00e1sa, valamint\" class=\"yoast-seo-meta-tag\" \/>\n<meta property=\"og:url\" content=\"https:\/\/dorogimedence.hu\/index.php\/2025\/04\/04\/megujulhat-a-pilismaroti-tabor\/\" class=\"yoast-seo-meta-tag\" \/>\n<meta property=\"og:site_name\" content=\"Dorogi-medence Region\u00e1lis H\u00edrport\u00e1l\" class=\"yoast-seo-meta-tag\" \/>\n<meta property=\"article:publisher\" content=\"https:\/\/www.facebook.com\/dorogimedence\/\" class=\"yoast-seo-meta-tag\" \/>\n<meta property=\"article:published_time\" content=\"2025-04-04T13:37:10+00:00\" class=\"yoast-seo-meta-tag\" \/>\n<meta property=\"og:image\" content=\"https:\/\/dorogimedence.hu\/wp-content\/uploads\/2025\/01\/466971297_122194284380073899_231222485606803640_n.jpg\" class=\"yoast-seo-meta-tag\" \/>\n\t<meta property=\"og:image:width\" content=\"2048\" class=\"yoast-seo-meta-tag\" \/>\n\t<meta property=\"og:image:height\" content=\"1536\" class=\"yoast-seo-meta-tag\" \/>\n\t<meta property=\"og:image:type\" content=\"image\/jpeg\" class=\"yoast-seo-meta-tag\" \/>\n<meta name=\"author\" content=\"dorogimedence.hu\" class=\"yoast-seo-meta-tag\" \/>\n<meta name=\"twitter:card\" content=\"summary_large_image\" class=\"yoast-seo-meta-tag\" \/>\n<meta name=\"twitter:label1\" content=\"Szerz\u0151:\" class=\"yoast-seo-meta-tag\" \/>\n\t<meta name=\"twitter:data1\" content=\"dorogimedence.hu\" class=\"yoast-seo-meta-tag\" \/>\n\t<meta name=\"twitter:label2\" content=\"Becs\u00fclt olvas\u00e1si id\u0151\" class=\"yoast-seo-meta-tag\" \/>\n\t<meta name=\"twitter:data2\" content=\"2 perc\" class=\"yoast-seo-meta-tag\" \/>\n<script type=\"application\/ld+json\" class=\"yoast-schema-graph\">{\"@context\":\"https:\\\/\\\/schema.org\",\"@graph\":[{\"@type\":\"Article\",\"@id\":\"https:\\\/\\\/dorogimedence.hu\\\/index.php\\\/2025\\\/04\\\/04\\\/megujulhat-a-pilismaroti-tabor\\\/#article\",\"isPartOf\":{\"@id\":\"https:\\\/\\\/dorogimedence.hu\\\/index.php\\\/2025\\\/04\\\/04\\\/megujulhat-a-pilismaroti-tabor\\\/\"},\"author\":{\"name\":\"dorogimedence.hu\",\"@id\":\"https:\\\/\\\/dorogimedence.hu\\\/#\\\/schema\\\/person\\\/ce6091eeb7e95ecdc87890d6aa8e0fd4\"},\"headline\":\"Meg\u00fajulhat a pilismar\u00f3ti t\u00e1bor\",\"datePublished\":\"2025-04-04T13:37:10+00:00\",\"mainEntityOfPage\":{\"@id\":\"https:\\\/\\\/dorogimedence.hu\\\/index.php\\\/2025\\\/04\\\/04\\\/megujulhat-a-pilismaroti-tabor\\\/\"},\"wordCount\":310,\"publisher\":{\"@id\":\"https:\\\/\\\/dorogimedence.hu\\\/#organization\"},\"image\":{\"@id\":\"https:\\\/\\\/dorogimedence.hu\\\/index.php\\\/2025\\\/04\\\/04\\\/megujulhat-a-pilismaroti-tabor\\\/#primaryimage\"},\"thumbnailUrl\":\"https:\\\/\\\/dorogimedence.hu\\\/wp-content\\\/uploads\\\/2025\\\/01\\\/466971297_122194284380073899_231222485606803640_n.jpg\",\"keywords\":[\"Dorog\",\"fel\u00faj\u00edt\u00e1s\",\"Pilismar\u00f3t\",\"pilismar\u00f3ti t\u00e1bor\"],\"articleSection\":[\"Dorog\",\"H\u00edrek\"],\"inLanguage\":\"hu\"},{\"@type\":\"WebPage\",\"@id\":\"https:\\\/\\\/dorogimedence.hu\\\/index.php\\\/2025\\\/04\\\/04\\\/megujulhat-a-pilismaroti-tabor\\\/\",\"url\":\"https:\\\/\\\/dorogimedence.hu\\\/index.php\\\/2025\\\/04\\\/04\\\/megujulhat-a-pilismaroti-tabor\\\/\",\"name\":\"Meg\u00fajulhat a pilismar\u00f3ti t\u00e1bor\",\"isPartOf\":{\"@id\":\"https:\\\/\\\/dorogimedence.hu\\\/#website\"},\"primaryImageOfPage\":{\"@id\":\"https:\\\/\\\/dorogimedence.hu\\\/index.php\\\/2025\\\/04\\\/04\\\/megujulhat-a-pilismaroti-tabor\\\/#primaryimage\"},\"image\":{\"@id\":\"https:\\\/\\\/dorogimedence.hu\\\/index.php\\\/2025\\\/04\\\/04\\\/megujulhat-a-pilismaroti-tabor\\\/#primaryimage\"},\"thumbnailUrl\":\"https:\\\/\\\/dorogimedence.hu\\\/wp-content\\\/uploads\\\/2025\\\/01\\\/466971297_122194284380073899_231222485606803640_n.jpg\",\"datePublished\":\"2025-04-04T13:37:10+00:00\",\"breadcrumb\":{\"@id\":\"https:\\\/\\\/dorogimedence.hu\\\/index.php\\\/2025\\\/04\\\/04\\\/megujulhat-a-pilismaroti-tabor\\\/#breadcrumb\"},\"inLanguage\":\"hu\",\"potentialAction\":[{\"@type\":\"ReadAction\",\"target\":[\"https:\\\/\\\/dorogimedence.hu\\\/index.php\\\/2025\\\/04\\\/04\\\/megujulhat-a-pilismaroti-tabor\\\/\"]}]},{\"@type\":\"ImageObject\",\"inLanguage\":\"hu\",\"@id\":\"https:\\\/\\\/dorogimedence.hu\\\/index.php\\\/2025\\\/04\\\/04\\\/megujulhat-a-pilismaroti-tabor\\\/#primaryimage\",\"url\":\"https:\\\/\\\/dorogimedence.hu\\\/wp-content\\\/uploads\\\/2025\\\/01\\\/466971297_122194284380073899_231222485606803640_n.jpg\",\"contentUrl\":\"https:\\\/\\\/dorogimedence.hu\\\/wp-content\\\/uploads\\\/2025\\\/01\\\/466971297_122194284380073899_231222485606803640_n.jpg\",\"width\":2048,\"height\":1536},{\"@type\":\"BreadcrumbList\",\"@id\":\"https:\\\/\\\/dorogimedence.hu\\\/index.php\\\/2025\\\/04\\\/04\\\/megujulhat-a-pilismaroti-tabor\\\/#breadcrumb\",\"itemListElement\":[{\"@type\":\"ListItem\",\"position\":1,\"name\":\"Kezd\u0151lap\",\"item\":\"https:\\\/\\\/dorogimedence.hu\\\/\"},{\"@type\":\"ListItem\",\"position\":2,\"name\":\"Meg\u00fajulhat a pilismar\u00f3ti t\u00e1bor\"}]},{\"@type\":\"WebSite\",\"@id\":\"https:\\\/\\\/dorogimedence.hu\\\/#website\",\"url\":\"https:\\\/\\\/dorogimedence.hu\\\/\",\"name\":\"Dorogi-medence Region\u00e1lis H\u00edrport\u00e1l\",\"description\":\"Dorog, Keszt\u00f6lc, Le\u00e1nyv\u00e1r, Piliscs\u00e9v, Tokod, Tokodalt\u00e1r\u00f3, Csolnok, Esztergom-kertv\u00e1ros: h\u00edrek, programok\",\"publisher\":{\"@id\":\"https:\\\/\\\/dorogimedence.hu\\\/#organization\"},\"potentialAction\":[{\"@type\":\"SearchAction\",\"target\":{\"@type\":\"EntryPoint\",\"urlTemplate\":\"https:\\\/\\\/dorogimedence.hu\\\/?s={search_term_string}\"},\"query-input\":{\"@type\":\"PropertyValueSpecification\",\"valueRequired\":true,\"valueName\":\"search_term_string\"}}],\"inLanguage\":\"hu\"},{\"@type\":\"Organization\",\"@id\":\"https:\\\/\\\/dorogimedence.hu\\\/#organization\",\"name\":\"Dorogi-medence Region\u00e1lis H\u00edrport\u00e1l\",\"url\":\"https:\\\/\\\/dorogimedence.hu\\\/\",\"logo\":{\"@type\":\"ImageObject\",\"inLanguage\":\"hu\",\"@id\":\"https:\\\/\\\/dorogimedence.hu\\\/#\\\/schema\\\/logo\\\/image\\\/\",\"url\":\"https:\\\/\\\/dorogimedence.hu\\\/wp-content\\\/uploads\\\/2021\\\/04\\\/logo-feher-600.png\",\"contentUrl\":\"https:\\\/\\\/dorogimedence.hu\\\/wp-content\\\/uploads\\\/2021\\\/04\\\/logo-feher-600.png\",\"width\":600,\"height\":100,\"caption\":\"Dorogi-medence Region\u00e1lis H\u00edrport\u00e1l\"},\"image\":{\"@id\":\"https:\\\/\\\/dorogimedence.hu\\\/#\\\/schema\\\/logo\\\/image\\\/\"},\"sameAs\":[\"https:\\\/\\\/www.facebook.com\\\/dorogimedence\\\/\"]},{\"@type\":\"Person\",\"@id\":\"https:\\\/\\\/dorogimedence.hu\\\/#\\\/schema\\\/person\\\/ce6091eeb7e95ecdc87890d6aa8e0fd4\",\"name\":\"dorogimedence.hu\",\"image\":{\"@type\":\"ImageObject\",\"inLanguage\":\"hu\",\"@id\":\"\\\/\\\/www.gravatar.com\\\/avatar\\\/d8d45f8901aadff40a4af72c0b826f1d?s=96&#038;r=g&#038;d=mm\",\"url\":\"\\\/\\\/www.gravatar.com\\\/avatar\\\/d8d45f8901aadff40a4af72c0b826f1d?s=96&#038;r=g&#038;d=mm\",\"contentUrl\":\"\\\/\\\/www.gravatar.com\\\/avatar\\\/d8d45f8901aadff40a4af72c0b826f1d?s=96&#038;r=g&#038;d=mm\",\"caption\":\"dorogimedence.hu\"}}]}<\/script>\n<!-- \/ Yoast SEO plugin. -->","yoast_head_json":{"title":"Meg\u00fajulhat a pilismar\u00f3ti t\u00e1bor","robots":{"index":"index","follow":"follow","max-snippet":"max-snippet:-1","max-image-preview":"max-image-preview:large","max-video-preview":"max-video-preview:-1"},"canonical":"https:\/\/dorogimedence.hu\/index.php\/2025\/04\/04\/megujulhat-a-pilismaroti-tabor\/","og_locale":"hu_HU","og_type":"article","og_title":"Meg\u00fajulhat a pilismar\u00f3ti t\u00e1bor","og_description":"A Versenyk\u00e9pes J\u00e1r\u00e1sok Program keret\u00e9ben k\u00f6zbeszerz\u00e9si elj\u00e1r\u00e1st ind\u00edtanak a pilismar\u00f3ti gyermekt\u00e1bor bont\u00e1si, ter\u00fcletel\u0151k\u00e9sz\u00edt\u00e9si, tervez\u00e9si \u00e9s kivitelez\u00e9si munk\u00e1ival kapcsolatban. Kor\u00e1bban \u00edrtuk, hogy janu\u00e1rban Dorog V\u00e1ros \u00d6nkorm\u00e1nyzat P\u00e9nz\u00fcgyi \u00e9s V\u00e1rosfejleszt\u00e9si Bizotts\u00e1ga, valamint az Emberi Er\u0151forr\u00e1s Bizotts\u00e1ga \u00fcl\u00e9st tartott, ahol megvitatt\u00e1k, hogy milyen beruh\u00e1z\u00e1sokkal p\u00e1ly\u00e1zzanak a Magyar Korm\u00e1ny Versenyk\u00e9pes J\u00e1r\u00e1sok Programj\u00e1ban. Az el\u0151terjeszt\u00e9sben a pilismar\u00f3ti t\u00e1bor fel\u00faj\u00edt\u00e1sa, valamint","og_url":"https:\/\/dorogimedence.hu\/index.php\/2025\/04\/04\/megujulhat-a-pilismaroti-tabor\/","og_site_name":"Dorogi-medence Region\u00e1lis H\u00edrport\u00e1l","article_publisher":"https:\/\/www.facebook.com\/dorogimedence\/","article_published_time":"2025-04-04T13:37:10+00:00","og_image":[{"width":2048,"height":1536,"url":"https:\/\/dorogimedence.hu\/wp-content\/uploads\/2025\/01\/466971297_122194284380073899_231222485606803640_n.jpg","type":"image\/jpeg"}],"author":"dorogimedence.hu","twitter_card":"summary_large_image","twitter_misc":{"Szerz\u0151:":"dorogimedence.hu","Becs\u00fclt olvas\u00e1si id\u0151":"2 perc"},"schema":{"@context":"https:\/\/schema.org","@graph":[{"@type":"Article","@id":"https:\/\/dorogimedence.hu\/index.php\/2025\/04\/04\/megujulhat-a-pilismaroti-tabor\/#article","isPartOf":{"@id":"https:\/\/dorogimedence.hu\/index.php\/2025\/04\/04\/megujulhat-a-pilismaroti-tabor\/"},"author":{"name":"dorogimedence.hu","@id":"https:\/\/dorogimedence.hu\/#\/schema\/person\/ce6091eeb7e95ecdc87890d6aa8e0fd4"},"headline":"Meg\u00fajulhat a pilismar\u00f3ti t\u00e1bor","datePublished":"2025-04-04T13:37:10+00:00","mainEntityOfPage":{"@id":"https:\/\/dorogimedence.hu\/index.php\/2025\/04\/04\/megujulhat-a-pilismaroti-tabor\/"},"wordCount":310,"publisher":{"@id":"https:\/\/dorogimedence.hu\/#organization"},"image":{"@id":"https:\/\/dorogimedence.hu\/index.php\/2025\/04\/04\/megujulhat-a-pilismaroti-tabor\/#primaryimage"},"thumbnailUrl":"https:\/\/dorogimedence.hu\/wp-content\/uploads\/2025\/01\/466971297_122194284380073899_231222485606803640_n.jpg","keywords":["Dorog","fel\u00faj\u00edt\u00e1s","Pilismar\u00f3t","pilismar\u00f3ti t\u00e1bor"],"articleSection":["Dorog","H\u00edrek"],"inLanguage":"hu"},{"@type":"WebPage","@id":"https:\/\/dorogimedence.hu\/index.php\/2025\/04\/04\/megujulhat-a-pilismaroti-tabor\/","url":"https:\/\/dorogimedence.hu\/index.php\/2025\/04\/04\/megujulhat-a-pilismaroti-tabor\/","name":"Meg\u00fajulhat a pilismar\u00f3ti t\u00e1bor","isPartOf":{"@id":"https:\/\/dorogimedence.hu\/#website"},"primaryImageOfPage":{"@id":"https:\/\/dorogimedence.hu\/index.php\/2025\/04\/04\/megujulhat-a-pilismaroti-tabor\/#primaryimage"},"image":{"@id":"https:\/\/dorogimedence.hu\/index.php\/2025\/04\/04\/megujulhat-a-pilismaroti-tabor\/#primaryimage"},"thumbnailUrl":"https:\/\/dorogimedence.hu\/wp-content\/uploads\/2025\/01\/466971297_122194284380073899_231222485606803640_n.jpg","datePublished":"2025-04-04T13:37:10+00:00","breadcrumb":{"@id":"https:\/\/dorogimedence.hu\/index.php\/2025\/04\/04\/megujulhat-a-pilismaroti-tabor\/#breadcrumb"},"inLanguage":"hu","potentialAction":[{"@type":"ReadAction","target":["https:\/\/dorogimedence.hu\/index.php\/2025\/04\/04\/megujulhat-a-pilismaroti-tabor\/"]}]},{"@type":"ImageObject","inLanguage":"hu","@id":"https:\/\/dorogimedence.hu\/index.php\/2025\/04\/04\/megujulhat-a-pilismaroti-tabor\/#primaryimage","url":"https:\/\/dorogimedence.hu\/wp-content\/uploads\/2025\/01\/466971297_122194284380073899_231222485606803640_n.jpg","contentUrl":"https:\/\/dorogimedence.hu\/wp-content\/uploads\/2025\/01\/466971297_122194284380073899_231222485606803640_n.jpg","width":2048,"height":1536},{"@type":"BreadcrumbList","@id":"https:\/\/dorogimedence.hu\/index.php\/2025\/04\/04\/megujulhat-a-pilismaroti-tabor\/#breadcrumb","itemListElement":[{"@type":"ListItem","position":1,"name":"Kezd\u0151lap","item":"https:\/\/dorogimedence.hu\/"},{"@type":"ListItem","position":2,"name":"Meg\u00fajulhat a pilismar\u00f3ti t\u00e1bor"}]},{"@type":"WebSite","@id":"https:\/\/dorogimedence.hu\/#website","url":"https:\/\/dorogimedence.hu\/","name":"Dorogi-medence Region\u00e1lis H\u00edrport\u00e1l","description":"Dorog, Keszt\u00f6lc, Le\u00e1nyv\u00e1r, Piliscs\u00e9v, Tokod, Tokodalt\u00e1r\u00f3, Csolnok, Esztergom-kertv\u00e1ros: h\u00edrek, programok","publisher":{"@id":"https:\/\/dorogimedence.hu\/#organization"},"potentialAction":[{"@type":"SearchAction","target":{"@type":"EntryPoint","urlTemplate":"https:\/\/dorogimedence.hu\/?s={search_term_string}"},"query-input":{"@type":"PropertyValueSpecification","valueRequired":true,"valueName":"search_term_string"}}],"inLanguage":"hu"},{"@type":"Organization","@id":"https:\/\/dorogimedence.hu\/#organization","name":"Dorogi-medence Region\u00e1lis H\u00edrport\u00e1l","url":"https:\/\/dorogimedence.hu\/","logo":{"@type":"ImageObject","inLanguage":"hu","@id":"https:\/\/dorogimedence.hu\/#\/schema\/logo\/image\/","url":"https:\/\/dorogimedence.hu\/wp-content\/uploads\/2021\/04\/logo-feher-600.png","contentUrl":"https:\/\/dorogimedence.hu\/wp-content\/uploads\/2021\/04\/logo-feher-600.png","width":600,"height":100,"caption":"Dorogi-medence Region\u00e1lis H\u00edrport\u00e1l"},"image":{"@id":"https:\/\/dorogimedence.hu\/#\/schema\/logo\/image\/"},"sameAs":["https:\/\/www.facebook.com\/dorogimedence\/"]},{"@type":"Person","@id":"https:\/\/dorogimedence.hu\/#\/schema\/person\/ce6091eeb7e95ecdc87890d6aa8e0fd4","name":"dorogimedence.hu","image":{"@type":"ImageObject","inLanguage":"hu","@id":"\/\/www.gravatar.com\/avatar\/d8d45f8901aadff40a4af72c0b826f1d?s=96&#038;r=g&#038;d=mm","url":"\/\/www.gravatar.com\/avatar\/d8d45f8901aadff40a4af72c0b826f1d?s=96&#038;r=g&#038;d=mm","contentUrl":"\/\/www.gravatar.com\/avatar\/d8d45f8901aadff40a4af72c0b826f1d?s=96&#038;r=g&#038;d=mm","caption":"dorogimedence.hu"}}]}},"_links":{"self":[{"href":"https:\/\/dorogimedence.hu\/index.php\/wp-json\/wp\/v2\/posts\/70058","targetHints":{"allow":["GET"]}}],"collection":[{"href":"https:\/\/dorogimedence.hu\/index.php\/wp-json\/wp\/v2\/posts"}],"about":[{"href":"https:\/\/dorogimedence.hu\/index.php\/wp-json\/wp\/v2\/types\/post"}],"author":[{"embeddable":true,"href":"https:\/\/dorogimedence.hu\/index.php\/wp-json\/wp\/v2\/users\/1"}],"replies":[{"embeddable":true,"href":"https:\/\/dorogimedence.hu\/index.php\/wp-json\/wp\/v2\/comments?post=70058"}],"version-history":[{"count":0,"href":"https:\/\/dorogimedence.hu\/index.php\/wp-json\/wp\/v2\/posts\/70058\/revisions"}],"wp:featuredmedia":[{"embeddable":true,"href":"https:\/\/dorogimedence.hu\/index.php\/wp-json\/wp\/v2\/media\/68254"}],"wp:attachment":[{"href":"https:\/\/dorogimedence.hu\/index.php\/wp-json\/wp\/v2\/media?parent=70058"}],"wp:term":[{"taxonomy":"category","embeddable":true,"href":"https:\/\/dorogimedence.hu\/index.php\/wp-json\/wp\/v2\/categories?post=70058"},{"taxonomy":"post_tag","embeddable":true,"href":"https:\/\/dorogimedence.hu\/index.php\/wp-json\/wp\/v2\/tags?post=70058"}],"curies":[{"name":"wp","href":"https:\/\/api.w.org\/{rel}","templated":true}]}}