{"id":70034,"date":"2025-04-04T07:11:35","date_gmt":"2025-04-04T05:11:35","guid":{"rendered":"https:\/\/dorogimedence.hu\/?p=70034"},"modified":"2025-04-04T07:11:35","modified_gmt":"2025-04-04T05:11:35","slug":"a-parkolohelyek-bovitese-a-budapesti-repuloteren","status":"publish","type":"post","link":"https:\/\/dorogimedence.hu\/index.php\/2025\/04\/04\/a-parkolohelyek-bovitese-a-budapesti-repuloteren\/","title":{"rendered":"A parkol\u00f3helyek b\u0151v\u00edt\u00e9se a budapesti rep\u00fcl\u0151t\u00e9ren"},"content":{"rendered":"<p><strong>2016-ban a Budapest Airport t\u00f6bb mint 1 000 \u00faj parkol\u00f3helyet hozott l\u00e9tre, ami 40%-os kapacit\u00e1sn\u00f6veked\u00e9st jelentett.<\/strong><\/p>\n<h3 data-pm-slice=\"1 1 []\">Mi\u00e9rt volt sz\u00fcks\u00e9g a b\u0151v\u00edt\u00e9sre?<\/h3>\n<p>A rept\u00e9r forgalma \u00e9vr\u0151l \u00e9vre n\u00f6vekszik, \u00e9s egyre t\u00f6bben v\u00e1lasztj\u00e1k az aut\u00f3s \u00e9rkez\u00e9st. A kapacit\u00e1sn\u00f6vel\u00e9s c\u00e9lja az volt, hogy:<\/p>\n<ul data-spread=\"false\">\n<li>Cs\u00f6kkentse a parkol\u00f3helyek hi\u00e1ny\u00e1b\u00f3l ad\u00f3d\u00f3 stresszt,<\/li>\n<li>Megold\u00e1st ny\u00fajtson a f\u0151szezonban kialakul\u00f3 parkol\u00e1si probl\u00e9m\u00e1kra,<\/li>\n<li>K\u00e9nyelmesebb \u00e9s biztons\u00e1gosabb parkol\u00e1si lehet\u0151s\u00e9get biztos\u00edtson az utaz\u00f3knak.<\/li>\n<\/ul>\n<h3>Milyen lehet\u0151s\u00e9gek \u00e9rhet\u0151k el ma?<\/h3>\n<p>A Budapest Airport jelenleg t\u00f6bb parkol\u00e1si opci\u00f3t k\u00edn\u00e1l az utasok ig\u00e9nyeinek megfelel\u0151en:<\/p>\n<ul data-spread=\"false\">\n<li><strong>Pr\u00e9mium parkol\u00e1s:<\/strong> A termin\u00e1lhoz k\u00f6zeli, gyors \u00e9s k\u00e9nyelmes megold\u00e1s, f\u0151k\u00e9nt \u00fczleti utaz\u00f3k sz\u00e1m\u00e1ra.<\/li>\n<li><strong>R\u00f6vid t\u00e1v\u00fa parkol\u00e1s:<\/strong> Ide\u00e1lis azoknak, akik n\u00e9h\u00e1ny \u00f3r\u00e1ra vagy egy napra hagyj\u00e1k ott aut\u00f3jukat.<\/li>\n<li><strong>Hossz\u00fa t\u00e1v\u00fa parkol\u00e1s:<\/strong> Azok sz\u00e1m\u00e1ra, akik hosszabb utaz\u00e1sra indulnak, \u00e9s kedvez\u0151bb \u00e1ron szeretn\u00e9nek parkolni.<\/li>\n<\/ul>\n<h3>Kedvez\u0151 \u00e1r\u00fa, biztons\u00e1gos parkol\u00e1s alternat\u00edva<\/h3>\n<p>Ha elker\u00fcln\u00e9 a rept\u00e9ri parkol\u00f3k magasabb d\u00edjait, \u00e9rdemes el\u0151re foglalnia egy megb\u00edzhat\u00f3 szolg\u00e1ltat\u00f3n\u00e1l. Az <a href=\"https:\/\/www.europaparkolo.hu\/\" target=\"_blank\" rel=\"noopener\"><strong><span style=\"text-decoration: underline; color: #0000ff;\">europaparkolo.hu<\/span><\/strong><\/a> weboldalon biztons\u00e1gos \u00e9s megfizethet\u0151 parkol\u00e1si lehet\u0151s\u00e9geket tal\u00e1l, ahol j\u00e1rm\u0171v\u00e9t 24 \u00f3r\u00e1s fel\u00fcgyelet v\u00e9di, mik\u00f6zben \u00d6n nyugodtan utazhat.<\/p>\n<h3>\u00d6sszegz\u00e9s<\/h3>\n<p>A budapesti<span style=\"text-decoration: underline; color: #0000ff;\"><a style=\"color: #0000ff; text-decoration: underline;\" href=\"https:\/\/www.europaparkolo.hu\/\" target=\"_blank\" rel=\"noopener\"> rep\u00fcl\u0151t\u00e9r parkol\u00e1si lehet\u0151s\u00e9gei<\/a><\/span> jelent\u0151sen b\u0151v\u00fcltek az ut\u00f3bbi \u00e9vekben, azonban a forgalom n\u00f6veked\u00e9se miatt tov\u00e1bbra is \u00e9rdemes el\u0151re gondolkodni. Ha szeretn\u00e9 biztos\u00edtani hely\u00e9t egy k\u00e9nyelmes \u00e9s biztons\u00e1gos parkol\u00f3ban, l\u00e1togasson el az <a href=\"https:\/\/www.europaparkolo.hu\/\" target=\"_blank\" rel=\"noopener\"><strong><span style=\"text-decoration: underline; color: #0000ff;\">europaparkolo.hu<\/span><\/strong><\/a> weboldalra, \u00e9s foglaljon el\u0151re!<\/p>\n","protected":false},"excerpt":{"rendered":"<p>2016-ban a Budapest Airport t\u00f6bb mint 1 000 \u00faj parkol\u00f3helyet hozott l\u00e9tre, ami 40%-os kapacit\u00e1sn\u00f6veked\u00e9st jelentett. Mi\u00e9rt volt sz\u00fcks\u00e9g a b\u0151v\u00edt\u00e9sre? A rept\u00e9r forgalma \u00e9vr\u0151l \u00e9vre n\u00f6vekszik, \u00e9s egyre t\u00f6bben v\u00e1lasztj\u00e1k az aut\u00f3s \u00e9rkez\u00e9st. A kapacit\u00e1sn\u00f6vel\u00e9s c\u00e9lja az volt, hogy: Cs\u00f6kkentse a parkol\u00f3helyek hi\u00e1ny\u00e1b\u00f3l ad\u00f3d\u00f3 stresszt, Megold\u00e1st ny\u00fajtson a f\u0151szezonban kialakul\u00f3 parkol\u00e1si probl\u00e9m\u00e1kra, K\u00e9nyelmesebb \u00e9s<\/p>\n","protected":false},"author":1,"featured_media":70035,"comment_status":"closed","ping_status":"closed","sticky":false,"template":"","format":"standard","meta":{"ngg_post_thumbnail":0,"footnotes":""},"categories":[3],"tags":[1113],"class_list":{"0":"post-70034","1":"post","2":"type-post","3":"status-publish","4":"format-standard","5":"has-post-thumbnail","7":"category-hirek","8":"tag-parkolohely"},"yoast_head":"<!-- This site is optimized with the Yoast SEO plugin v27.5 - https:\/\/yoast.com\/product\/yoast-seo-wordpress\/ -->\n<title>A parkol\u00f3helyek b\u0151v\u00edt\u00e9se a budapesti rep\u00fcl\u0151t\u00e9ren<\/title>\n<meta name=\"robots\" content=\"index, follow, max-snippet:-1, max-image-preview:large, max-video-preview:-1\" \/>\n<link rel=\"canonical\" href=\"https:\/\/dorogimedence.hu\/index.php\/2025\/04\/04\/a-parkolohelyek-bovitese-a-budapesti-repuloteren\/\" class=\"yoast-seo-meta-tag\" \/>\n<meta property=\"og:locale\" content=\"hu_HU\" class=\"yoast-seo-meta-tag\" \/>\n<meta property=\"og:type\" content=\"article\" class=\"yoast-seo-meta-tag\" \/>\n<meta property=\"og:title\" content=\"A parkol\u00f3helyek b\u0151v\u00edt\u00e9se a budapesti rep\u00fcl\u0151t\u00e9ren\" class=\"yoast-seo-meta-tag\" \/>\n<meta property=\"og:description\" content=\"2016-ban a Budapest Airport t\u00f6bb mint 1 000 \u00faj parkol\u00f3helyet hozott l\u00e9tre, ami 40%-os kapacit\u00e1sn\u00f6veked\u00e9st jelentett. Mi\u00e9rt volt sz\u00fcks\u00e9g a b\u0151v\u00edt\u00e9sre? A rept\u00e9r forgalma \u00e9vr\u0151l \u00e9vre n\u00f6vekszik, \u00e9s egyre t\u00f6bben v\u00e1lasztj\u00e1k az aut\u00f3s \u00e9rkez\u00e9st. A kapacit\u00e1sn\u00f6vel\u00e9s c\u00e9lja az volt, hogy: Cs\u00f6kkentse a parkol\u00f3helyek hi\u00e1ny\u00e1b\u00f3l ad\u00f3d\u00f3 stresszt, Megold\u00e1st ny\u00fajtson a f\u0151szezonban kialakul\u00f3 parkol\u00e1si probl\u00e9m\u00e1kra, K\u00e9nyelmesebb \u00e9s\" class=\"yoast-seo-meta-tag\" \/>\n<meta property=\"og:url\" content=\"https:\/\/dorogimedence.hu\/index.php\/2025\/04\/04\/a-parkolohelyek-bovitese-a-budapesti-repuloteren\/\" class=\"yoast-seo-meta-tag\" \/>\n<meta property=\"og:site_name\" content=\"Dorogi-medence Region\u00e1lis H\u00edrport\u00e1l\" class=\"yoast-seo-meta-tag\" \/>\n<meta property=\"article:publisher\" content=\"https:\/\/www.facebook.com\/dorogimedence\/\" class=\"yoast-seo-meta-tag\" \/>\n<meta property=\"article:published_time\" content=\"2025-04-04T05:11:35+00:00\" class=\"yoast-seo-meta-tag\" \/>\n<meta property=\"og:image\" content=\"https:\/\/dorogimedence.hu\/wp-content\/uploads\/2025\/04\/8e3b7615473f4c0bac4ef02c771b78de1.jpg\" class=\"yoast-seo-meta-tag\" \/>\n\t<meta property=\"og:image:width\" content=\"792\" class=\"yoast-seo-meta-tag\" \/>\n\t<meta property=\"og:image:height\" content=\"528\" class=\"yoast-seo-meta-tag\" \/>\n\t<meta property=\"og:image:type\" content=\"image\/jpeg\" class=\"yoast-seo-meta-tag\" \/>\n<meta name=\"author\" content=\"dorogimedence.hu\" class=\"yoast-seo-meta-tag\" \/>\n<meta name=\"twitter:card\" content=\"summary_large_image\" class=\"yoast-seo-meta-tag\" \/>\n<meta name=\"twitter:label1\" content=\"Szerz\u0151:\" class=\"yoast-seo-meta-tag\" \/>\n\t<meta name=\"twitter:data1\" content=\"dorogimedence.hu\" class=\"yoast-seo-meta-tag\" \/>\n\t<meta name=\"twitter:label2\" content=\"Becs\u00fclt olvas\u00e1si id\u0151\" class=\"yoast-seo-meta-tag\" \/>\n\t<meta name=\"twitter:data2\" content=\"2 perc\" class=\"yoast-seo-meta-tag\" \/>\n<script type=\"application\/ld+json\" class=\"yoast-schema-graph\">{\"@context\":\"https:\\\/\\\/schema.org\",\"@graph\":[{\"@type\":\"Article\",\"@id\":\"https:\\\/\\\/dorogimedence.hu\\\/index.php\\\/2025\\\/04\\\/04\\\/a-parkolohelyek-bovitese-a-budapesti-repuloteren\\\/#article\",\"isPartOf\":{\"@id\":\"https:\\\/\\\/dorogimedence.hu\\\/index.php\\\/2025\\\/04\\\/04\\\/a-parkolohelyek-bovitese-a-budapesti-repuloteren\\\/\"},\"author\":{\"name\":\"dorogimedence.hu\",\"@id\":\"https:\\\/\\\/dorogimedence.hu\\\/#\\\/schema\\\/person\\\/ce6091eeb7e95ecdc87890d6aa8e0fd4\"},\"headline\":\"A parkol\u00f3helyek b\u0151v\u00edt\u00e9se a budapesti rep\u00fcl\u0151t\u00e9ren\",\"datePublished\":\"2025-04-04T05:11:35+00:00\",\"mainEntityOfPage\":{\"@id\":\"https:\\\/\\\/dorogimedence.hu\\\/index.php\\\/2025\\\/04\\\/04\\\/a-parkolohelyek-bovitese-a-budapesti-repuloteren\\\/\"},\"wordCount\":332,\"publisher\":{\"@id\":\"https:\\\/\\\/dorogimedence.hu\\\/#organization\"},\"image\":{\"@id\":\"https:\\\/\\\/dorogimedence.hu\\\/index.php\\\/2025\\\/04\\\/04\\\/a-parkolohelyek-bovitese-a-budapesti-repuloteren\\\/#primaryimage\"},\"thumbnailUrl\":\"https:\\\/\\\/dorogimedence.hu\\\/wp-content\\\/uploads\\\/2025\\\/04\\\/8e3b7615473f4c0bac4ef02c771b78de1.jpg\",\"keywords\":[\"parkol\u00f3hely\"],\"articleSection\":[\"H\u00edrek\"],\"inLanguage\":\"hu\"},{\"@type\":\"WebPage\",\"@id\":\"https:\\\/\\\/dorogimedence.hu\\\/index.php\\\/2025\\\/04\\\/04\\\/a-parkolohelyek-bovitese-a-budapesti-repuloteren\\\/\",\"url\":\"https:\\\/\\\/dorogimedence.hu\\\/index.php\\\/2025\\\/04\\\/04\\\/a-parkolohelyek-bovitese-a-budapesti-repuloteren\\\/\",\"name\":\"A parkol\u00f3helyek b\u0151v\u00edt\u00e9se a budapesti rep\u00fcl\u0151t\u00e9ren\",\"isPartOf\":{\"@id\":\"https:\\\/\\\/dorogimedence.hu\\\/#website\"},\"primaryImageOfPage\":{\"@id\":\"https:\\\/\\\/dorogimedence.hu\\\/index.php\\\/2025\\\/04\\\/04\\\/a-parkolohelyek-bovitese-a-budapesti-repuloteren\\\/#primaryimage\"},\"image\":{\"@id\":\"https:\\\/\\\/dorogimedence.hu\\\/index.php\\\/2025\\\/04\\\/04\\\/a-parkolohelyek-bovitese-a-budapesti-repuloteren\\\/#primaryimage\"},\"thumbnailUrl\":\"https:\\\/\\\/dorogimedence.hu\\\/wp-content\\\/uploads\\\/2025\\\/04\\\/8e3b7615473f4c0bac4ef02c771b78de1.jpg\",\"datePublished\":\"2025-04-04T05:11:35+00:00\",\"breadcrumb\":{\"@id\":\"https:\\\/\\\/dorogimedence.hu\\\/index.php\\\/2025\\\/04\\\/04\\\/a-parkolohelyek-bovitese-a-budapesti-repuloteren\\\/#breadcrumb\"},\"inLanguage\":\"hu\",\"potentialAction\":[{\"@type\":\"ReadAction\",\"target\":[\"https:\\\/\\\/dorogimedence.hu\\\/index.php\\\/2025\\\/04\\\/04\\\/a-parkolohelyek-bovitese-a-budapesti-repuloteren\\\/\"]}]},{\"@type\":\"ImageObject\",\"inLanguage\":\"hu\",\"@id\":\"https:\\\/\\\/dorogimedence.hu\\\/index.php\\\/2025\\\/04\\\/04\\\/a-parkolohelyek-bovitese-a-budapesti-repuloteren\\\/#primaryimage\",\"url\":\"https:\\\/\\\/dorogimedence.hu\\\/wp-content\\\/uploads\\\/2025\\\/04\\\/8e3b7615473f4c0bac4ef02c771b78de1.jpg\",\"contentUrl\":\"https:\\\/\\\/dorogimedence.hu\\\/wp-content\\\/uploads\\\/2025\\\/04\\\/8e3b7615473f4c0bac4ef02c771b78de1.jpg\",\"width\":792,\"height\":528},{\"@type\":\"BreadcrumbList\",\"@id\":\"https:\\\/\\\/dorogimedence.hu\\\/index.php\\\/2025\\\/04\\\/04\\\/a-parkolohelyek-bovitese-a-budapesti-repuloteren\\\/#breadcrumb\",\"itemListElement\":[{\"@type\":\"ListItem\",\"position\":1,\"name\":\"Kezd\u0151lap\",\"item\":\"https:\\\/\\\/dorogimedence.hu\\\/\"},{\"@type\":\"ListItem\",\"position\":2,\"name\":\"A parkol\u00f3helyek b\u0151v\u00edt\u00e9se a budapesti rep\u00fcl\u0151t\u00e9ren\"}]},{\"@type\":\"WebSite\",\"@id\":\"https:\\\/\\\/dorogimedence.hu\\\/#website\",\"url\":\"https:\\\/\\\/dorogimedence.hu\\\/\",\"name\":\"Dorogi-medence Region\u00e1lis H\u00edrport\u00e1l\",\"description\":\"Dorog, Keszt\u00f6lc, Le\u00e1nyv\u00e1r, Piliscs\u00e9v, Tokod, Tokodalt\u00e1r\u00f3, Csolnok, Esztergom-kertv\u00e1ros: h\u00edrek, programok\",\"publisher\":{\"@id\":\"https:\\\/\\\/dorogimedence.hu\\\/#organization\"},\"potentialAction\":[{\"@type\":\"SearchAction\",\"target\":{\"@type\":\"EntryPoint\",\"urlTemplate\":\"https:\\\/\\\/dorogimedence.hu\\\/?s={search_term_string}\"},\"query-input\":{\"@type\":\"PropertyValueSpecification\",\"valueRequired\":true,\"valueName\":\"search_term_string\"}}],\"inLanguage\":\"hu\"},{\"@type\":\"Organization\",\"@id\":\"https:\\\/\\\/dorogimedence.hu\\\/#organization\",\"name\":\"Dorogi-medence Region\u00e1lis H\u00edrport\u00e1l\",\"url\":\"https:\\\/\\\/dorogimedence.hu\\\/\",\"logo\":{\"@type\":\"ImageObject\",\"inLanguage\":\"hu\",\"@id\":\"https:\\\/\\\/dorogimedence.hu\\\/#\\\/schema\\\/logo\\\/image\\\/\",\"url\":\"https:\\\/\\\/dorogimedence.hu\\\/wp-content\\\/uploads\\\/2021\\\/04\\\/logo-feher-600.png\",\"contentUrl\":\"https:\\\/\\\/dorogimedence.hu\\\/wp-content\\\/uploads\\\/2021\\\/04\\\/logo-feher-600.png\",\"width\":600,\"height\":100,\"caption\":\"Dorogi-medence Region\u00e1lis H\u00edrport\u00e1l\"},\"image\":{\"@id\":\"https:\\\/\\\/dorogimedence.hu\\\/#\\\/schema\\\/logo\\\/image\\\/\"},\"sameAs\":[\"https:\\\/\\\/www.facebook.com\\\/dorogimedence\\\/\"]},{\"@type\":\"Person\",\"@id\":\"https:\\\/\\\/dorogimedence.hu\\\/#\\\/schema\\\/person\\\/ce6091eeb7e95ecdc87890d6aa8e0fd4\",\"name\":\"dorogimedence.hu\",\"image\":{\"@type\":\"ImageObject\",\"inLanguage\":\"hu\",\"@id\":\"\\\/\\\/www.gravatar.com\\\/avatar\\\/d8d45f8901aadff40a4af72c0b826f1d?s=96&#038;r=g&#038;d=mm\",\"url\":\"\\\/\\\/www.gravatar.com\\\/avatar\\\/d8d45f8901aadff40a4af72c0b826f1d?s=96&#038;r=g&#038;d=mm\",\"contentUrl\":\"\\\/\\\/www.gravatar.com\\\/avatar\\\/d8d45f8901aadff40a4af72c0b826f1d?s=96&#038;r=g&#038;d=mm\",\"caption\":\"dorogimedence.hu\"}}]}<\/script>\n<!-- \/ Yoast SEO plugin. -->","yoast_head_json":{"title":"A parkol\u00f3helyek b\u0151v\u00edt\u00e9se a budapesti rep\u00fcl\u0151t\u00e9ren","robots":{"index":"index","follow":"follow","max-snippet":"max-snippet:-1","max-image-preview":"max-image-preview:large","max-video-preview":"max-video-preview:-1"},"canonical":"https:\/\/dorogimedence.hu\/index.php\/2025\/04\/04\/a-parkolohelyek-bovitese-a-budapesti-repuloteren\/","og_locale":"hu_HU","og_type":"article","og_title":"A parkol\u00f3helyek b\u0151v\u00edt\u00e9se a budapesti rep\u00fcl\u0151t\u00e9ren","og_description":"2016-ban a Budapest Airport t\u00f6bb mint 1 000 \u00faj parkol\u00f3helyet hozott l\u00e9tre, ami 40%-os kapacit\u00e1sn\u00f6veked\u00e9st jelentett. Mi\u00e9rt volt sz\u00fcks\u00e9g a b\u0151v\u00edt\u00e9sre? A rept\u00e9r forgalma \u00e9vr\u0151l \u00e9vre n\u00f6vekszik, \u00e9s egyre t\u00f6bben v\u00e1lasztj\u00e1k az aut\u00f3s \u00e9rkez\u00e9st. A kapacit\u00e1sn\u00f6vel\u00e9s c\u00e9lja az volt, hogy: Cs\u00f6kkentse a parkol\u00f3helyek hi\u00e1ny\u00e1b\u00f3l ad\u00f3d\u00f3 stresszt, Megold\u00e1st ny\u00fajtson a f\u0151szezonban kialakul\u00f3 parkol\u00e1si probl\u00e9m\u00e1kra, K\u00e9nyelmesebb \u00e9s","og_url":"https:\/\/dorogimedence.hu\/index.php\/2025\/04\/04\/a-parkolohelyek-bovitese-a-budapesti-repuloteren\/","og_site_name":"Dorogi-medence Region\u00e1lis H\u00edrport\u00e1l","article_publisher":"https:\/\/www.facebook.com\/dorogimedence\/","article_published_time":"2025-04-04T05:11:35+00:00","og_image":[{"width":792,"height":528,"url":"https:\/\/dorogimedence.hu\/wp-content\/uploads\/2025\/04\/8e3b7615473f4c0bac4ef02c771b78de1.jpg","type":"image\/jpeg"}],"author":"dorogimedence.hu","twitter_card":"summary_large_image","twitter_misc":{"Szerz\u0151:":"dorogimedence.hu","Becs\u00fclt olvas\u00e1si id\u0151":"2 perc"},"schema":{"@context":"https:\/\/schema.org","@graph":[{"@type":"Article","@id":"https:\/\/dorogimedence.hu\/index.php\/2025\/04\/04\/a-parkolohelyek-bovitese-a-budapesti-repuloteren\/#article","isPartOf":{"@id":"https:\/\/dorogimedence.hu\/index.php\/2025\/04\/04\/a-parkolohelyek-bovitese-a-budapesti-repuloteren\/"},"author":{"name":"dorogimedence.hu","@id":"https:\/\/dorogimedence.hu\/#\/schema\/person\/ce6091eeb7e95ecdc87890d6aa8e0fd4"},"headline":"A parkol\u00f3helyek b\u0151v\u00edt\u00e9se a budapesti rep\u00fcl\u0151t\u00e9ren","datePublished":"2025-04-04T05:11:35+00:00","mainEntityOfPage":{"@id":"https:\/\/dorogimedence.hu\/index.php\/2025\/04\/04\/a-parkolohelyek-bovitese-a-budapesti-repuloteren\/"},"wordCount":332,"publisher":{"@id":"https:\/\/dorogimedence.hu\/#organization"},"image":{"@id":"https:\/\/dorogimedence.hu\/index.php\/2025\/04\/04\/a-parkolohelyek-bovitese-a-budapesti-repuloteren\/#primaryimage"},"thumbnailUrl":"https:\/\/dorogimedence.hu\/wp-content\/uploads\/2025\/04\/8e3b7615473f4c0bac4ef02c771b78de1.jpg","keywords":["parkol\u00f3hely"],"articleSection":["H\u00edrek"],"inLanguage":"hu"},{"@type":"WebPage","@id":"https:\/\/dorogimedence.hu\/index.php\/2025\/04\/04\/a-parkolohelyek-bovitese-a-budapesti-repuloteren\/","url":"https:\/\/dorogimedence.hu\/index.php\/2025\/04\/04\/a-parkolohelyek-bovitese-a-budapesti-repuloteren\/","name":"A parkol\u00f3helyek b\u0151v\u00edt\u00e9se a budapesti rep\u00fcl\u0151t\u00e9ren","isPartOf":{"@id":"https:\/\/dorogimedence.hu\/#website"},"primaryImageOfPage":{"@id":"https:\/\/dorogimedence.hu\/index.php\/2025\/04\/04\/a-parkolohelyek-bovitese-a-budapesti-repuloteren\/#primaryimage"},"image":{"@id":"https:\/\/dorogimedence.hu\/index.php\/2025\/04\/04\/a-parkolohelyek-bovitese-a-budapesti-repuloteren\/#primaryimage"},"thumbnailUrl":"https:\/\/dorogimedence.hu\/wp-content\/uploads\/2025\/04\/8e3b7615473f4c0bac4ef02c771b78de1.jpg","datePublished":"2025-04-04T05:11:35+00:00","breadcrumb":{"@id":"https:\/\/dorogimedence.hu\/index.php\/2025\/04\/04\/a-parkolohelyek-bovitese-a-budapesti-repuloteren\/#breadcrumb"},"inLanguage":"hu","potentialAction":[{"@type":"ReadAction","target":["https:\/\/dorogimedence.hu\/index.php\/2025\/04\/04\/a-parkolohelyek-bovitese-a-budapesti-repuloteren\/"]}]},{"@type":"ImageObject","inLanguage":"hu","@id":"https:\/\/dorogimedence.hu\/index.php\/2025\/04\/04\/a-parkolohelyek-bovitese-a-budapesti-repuloteren\/#primaryimage","url":"https:\/\/dorogimedence.hu\/wp-content\/uploads\/2025\/04\/8e3b7615473f4c0bac4ef02c771b78de1.jpg","contentUrl":"https:\/\/dorogimedence.hu\/wp-content\/uploads\/2025\/04\/8e3b7615473f4c0bac4ef02c771b78de1.jpg","width":792,"height":528},{"@type":"BreadcrumbList","@id":"https:\/\/dorogimedence.hu\/index.php\/2025\/04\/04\/a-parkolohelyek-bovitese-a-budapesti-repuloteren\/#breadcrumb","itemListElement":[{"@type":"ListItem","position":1,"name":"Kezd\u0151lap","item":"https:\/\/dorogimedence.hu\/"},{"@type":"ListItem","position":2,"name":"A parkol\u00f3helyek b\u0151v\u00edt\u00e9se a budapesti rep\u00fcl\u0151t\u00e9ren"}]},{"@type":"WebSite","@id":"https:\/\/dorogimedence.hu\/#website","url":"https:\/\/dorogimedence.hu\/","name":"Dorogi-medence Region\u00e1lis H\u00edrport\u00e1l","description":"Dorog, Keszt\u00f6lc, Le\u00e1nyv\u00e1r, Piliscs\u00e9v, Tokod, Tokodalt\u00e1r\u00f3, Csolnok, Esztergom-kertv\u00e1ros: h\u00edrek, programok","publisher":{"@id":"https:\/\/dorogimedence.hu\/#organization"},"potentialAction":[{"@type":"SearchAction","target":{"@type":"EntryPoint","urlTemplate":"https:\/\/dorogimedence.hu\/?s={search_term_string}"},"query-input":{"@type":"PropertyValueSpecification","valueRequired":true,"valueName":"search_term_string"}}],"inLanguage":"hu"},{"@type":"Organization","@id":"https:\/\/dorogimedence.hu\/#organization","name":"Dorogi-medence Region\u00e1lis H\u00edrport\u00e1l","url":"https:\/\/dorogimedence.hu\/","logo":{"@type":"ImageObject","inLanguage":"hu","@id":"https:\/\/dorogimedence.hu\/#\/schema\/logo\/image\/","url":"https:\/\/dorogimedence.hu\/wp-content\/uploads\/2021\/04\/logo-feher-600.png","contentUrl":"https:\/\/dorogimedence.hu\/wp-content\/uploads\/2021\/04\/logo-feher-600.png","width":600,"height":100,"caption":"Dorogi-medence Region\u00e1lis H\u00edrport\u00e1l"},"image":{"@id":"https:\/\/dorogimedence.hu\/#\/schema\/logo\/image\/"},"sameAs":["https:\/\/www.facebook.com\/dorogimedence\/"]},{"@type":"Person","@id":"https:\/\/dorogimedence.hu\/#\/schema\/person\/ce6091eeb7e95ecdc87890d6aa8e0fd4","name":"dorogimedence.hu","image":{"@type":"ImageObject","inLanguage":"hu","@id":"\/\/www.gravatar.com\/avatar\/d8d45f8901aadff40a4af72c0b826f1d?s=96&#038;r=g&#038;d=mm","url":"\/\/www.gravatar.com\/avatar\/d8d45f8901aadff40a4af72c0b826f1d?s=96&#038;r=g&#038;d=mm","contentUrl":"\/\/www.gravatar.com\/avatar\/d8d45f8901aadff40a4af72c0b826f1d?s=96&#038;r=g&#038;d=mm","caption":"dorogimedence.hu"}}]}},"_links":{"self":[{"href":"https:\/\/dorogimedence.hu\/index.php\/wp-json\/wp\/v2\/posts\/70034","targetHints":{"allow":["GET"]}}],"collection":[{"href":"https:\/\/dorogimedence.hu\/index.php\/wp-json\/wp\/v2\/posts"}],"about":[{"href":"https:\/\/dorogimedence.hu\/index.php\/wp-json\/wp\/v2\/types\/post"}],"author":[{"embeddable":true,"href":"https:\/\/dorogimedence.hu\/index.php\/wp-json\/wp\/v2\/users\/1"}],"replies":[{"embeddable":true,"href":"https:\/\/dorogimedence.hu\/index.php\/wp-json\/wp\/v2\/comments?post=70034"}],"version-history":[{"count":0,"href":"https:\/\/dorogimedence.hu\/index.php\/wp-json\/wp\/v2\/posts\/70034\/revisions"}],"wp:featuredmedia":[{"embeddable":true,"href":"https:\/\/dorogimedence.hu\/index.php\/wp-json\/wp\/v2\/media\/70035"}],"wp:attachment":[{"href":"https:\/\/dorogimedence.hu\/index.php\/wp-json\/wp\/v2\/media?parent=70034"}],"wp:term":[{"taxonomy":"category","embeddable":true,"href":"https:\/\/dorogimedence.hu\/index.php\/wp-json\/wp\/v2\/categories?post=70034"},{"taxonomy":"post_tag","embeddable":true,"href":"https:\/\/dorogimedence.hu\/index.php\/wp-json\/wp\/v2\/tags?post=70034"}],"curies":[{"name":"wp","href":"https:\/\/api.w.org\/{rel}","templated":true}]}}