{"id":70011,"date":"2025-04-03T10:20:56","date_gmt":"2025-04-03T08:20:56","guid":{"rendered":"https:\/\/dorogimedence.hu\/?p=70011"},"modified":"2025-04-03T10:20:56","modified_gmt":"2025-04-03T08:20:56","slug":"lezarult-a-kosz-hogy-ujrahasznositod-projekt","status":"publish","type":"post","link":"https:\/\/dorogimedence.hu\/index.php\/2025\/04\/03\/lezarult-a-kosz-hogy-ujrahasznositod-projekt\/","title":{"rendered":"Lez\u00e1rult a \u201cK\u00d6SZ, hogy \u00fajrahasznos\u00edtod!\u201d projekt"},"content":{"rendered":"<p><strong>M\u00e1rcius 28-\u00e1n Esztergomban hivatalosan is lez\u00e1rult a Kisv\u00e1rosi \u00d6nk\u00e9ntes Szem\u00e9tszed\u0151k (K\u00d6SZ) eddigi legnagyobb szab\u00e1s\u00fa rendezv\u00e9nysorozata, amelyet KA154 Erasmus+ forr\u00e1sb\u00f3l val\u00f3s\u00edtottak meg.<\/strong><\/p>\n<p>Az esem\u00e9nyen Er\u0151s G\u00e1bor, a t\u00e9rs\u00e9g orsz\u00e1ggy\u0171l\u00e9si k\u00e9pvisel\u0151je, Steindl Bal\u00e1zs, Esztergom Megyei Jog\u00fa V\u00e1ros alpolg\u00e1rmestere, valamint Runt\u00e1g Tivadar, a MOHU Zrt. operat\u00edv igazgat\u00f3ja k\u00f6sz\u00f6nt\u00f6tte a r\u00e9sztvev\u0151ket.<\/p>\n<p><img fetchpriority=\"high\" decoding=\"async\" class=\"alignnone size-full wp-image-70013\" src=\"https:\/\/dorogimedence.hu\/wp-content\/uploads\/2025\/04\/487209093_18038508788533923_1454130042951327332_n.jpg\" alt=\"\" width=\"1365\" height=\"910\" srcset=\"https:\/\/dorogimedence.hu\/wp-content\/uploads\/2025\/04\/487209093_18038508788533923_1454130042951327332_n.jpg 1365w, https:\/\/dorogimedence.hu\/wp-content\/uploads\/2025\/04\/487209093_18038508788533923_1454130042951327332_n-600x400.jpg 600w, https:\/\/dorogimedence.hu\/wp-content\/uploads\/2025\/04\/487209093_18038508788533923_1454130042951327332_n-768x512.jpg 768w, https:\/\/dorogimedence.hu\/wp-content\/uploads\/2025\/04\/487209093_18038508788533923_1454130042951327332_n-150x100.jpg 150w, https:\/\/dorogimedence.hu\/wp-content\/uploads\/2025\/04\/487209093_18038508788533923_1454130042951327332_n-450x300.jpg 450w, https:\/\/dorogimedence.hu\/wp-content\/uploads\/2025\/04\/487209093_18038508788533923_1454130042951327332_n-1200x800.jpg 1200w, https:\/\/dorogimedence.hu\/wp-content\/uploads\/2025\/04\/487209093_18038508788533923_1454130042951327332_n-272x182.jpg 272w\" sizes=\"(max-width: 1365px) 100vw, 1365px\" \/><\/p>\n<p>Az esem\u00e9nyen bemutat\u00e1sra ker\u00fcltek a projekt eredm\u00e9nyei:<\/p>\n<ul>\n<li>10 db esem\u00e9ny<\/li>\n<li>K\u00f6zel 420 f\u0151 \u00f6ssz r\u00e9sztvev\u0151<\/li>\n<li>K\u00f6zel 250 db zs\u00e1k \u00f6sszegy\u0171jt\u00f6tt hullad\u00e9k<\/li>\n<li>15 km kitakar\u00edtott Dunapart szakasz<\/li>\n<li>Legfiatalabb r\u00e9sztvev\u0151: 1 \u00e9v<\/li>\n<li>Legid\u0151sebb r\u00e9sztvev\u0151: 81 \u00e9v<\/li>\n<li>5 napos ny\u00e1ri t\u00e1bor 37 f\u0151vel<\/li>\n<li>M\u0171anyag \u00fajrahasznos\u00edt\u00f3 g\u00e9psor<\/li>\n<li>Sz\u00e1mtalan \u00e9lm\u00e9ny \u00e9s bar\u00e1ts\u00e1g<\/li>\n<\/ul>\n<p><img decoding=\"async\" class=\"alignnone size-full wp-image-70014\" src=\"https:\/\/dorogimedence.hu\/wp-content\/uploads\/2025\/04\/486846503_18038508770533923_6684305354339364774_n.jpg\" alt=\"\" width=\"1365\" height=\"910\" srcset=\"https:\/\/dorogimedence.hu\/wp-content\/uploads\/2025\/04\/486846503_18038508770533923_6684305354339364774_n.jpg 1365w, https:\/\/dorogimedence.hu\/wp-content\/uploads\/2025\/04\/486846503_18038508770533923_6684305354339364774_n-600x400.jpg 600w, https:\/\/dorogimedence.hu\/wp-content\/uploads\/2025\/04\/486846503_18038508770533923_6684305354339364774_n-768x512.jpg 768w, https:\/\/dorogimedence.hu\/wp-content\/uploads\/2025\/04\/486846503_18038508770533923_6684305354339364774_n-150x100.jpg 150w, https:\/\/dorogimedence.hu\/wp-content\/uploads\/2025\/04\/486846503_18038508770533923_6684305354339364774_n-450x300.jpg 450w, https:\/\/dorogimedence.hu\/wp-content\/uploads\/2025\/04\/486846503_18038508770533923_6684305354339364774_n-1200x800.jpg 1200w, https:\/\/dorogimedence.hu\/wp-content\/uploads\/2025\/04\/486846503_18038508770533923_6684305354339364774_n-272x182.jpg 272w\" sizes=\"(max-width: 1365px) 100vw, 1365px\" \/><\/p>\n<p>A projektnek k\u00f6sz\u00f6nhet\u0151en, az egyes\u00fclet r\u00e9gi \u00e1la teljes\u00fclt, miszerint \u00fajra tudj\u00e1k hasznos\u00edtani az \u00e1ltaluk \u00f6sszegy\u0171jt\u00f6tt hullad\u00e9kok egy r\u00e9sz\u00e9t, \u00edgy tov\u00e1bb b\u0151v\u00edtve az egyes\u00fclet szeml\u00e9letform\u00e1l\u00f3 tev\u00e9kenys\u00e9g\u00e9t.<\/p>\n<p>A rendezv\u00e9nyen bemutat\u00e1sra ker\u00fclt a K\u00d6SZ Egyes\u00fclet hivatalos strat\u00e9gi\u00e1ja is, amely kijel\u00f6li az egyes\u00fclet k\u00f6zeli \u00e9s t\u00e1voli terveit \u00e9s c\u00e9ljait.<\/p>\n<p>Az egyes\u00fclet k\u00f6sz\u00f6ni minden \u00f6nk\u00e9ntesnek, \u00f6nkorm\u00e1nyzatnak, civil szervezetnek, valamint \u00fczleti partnereinek, akik valamilyen form\u00e1ban t\u00e1mogatt\u00e1k a munk\u00e1nkat az elm\u00falt m\u00e1sf\u00e9l \u00e9vben!<\/p>\n<p><em>Fot\u00f3k: Dud\u00e1s M\u00e1t\u00e9<\/em><br \/>\n<em>Forr\u00e1s: Kisv\u00e1rosi \u00d6nk\u00e9ntes Szem\u00e9tszed\u0151k (K\u00d6SZ)<\/em><\/p>\n","protected":false},"excerpt":{"rendered":"<p>M\u00e1rcius 28-\u00e1n Esztergomban hivatalosan is lez\u00e1rult a Kisv\u00e1rosi \u00d6nk\u00e9ntes Szem\u00e9tszed\u0151k (K\u00d6SZ) eddigi legnagyobb szab\u00e1s\u00fa rendezv\u00e9nysorozata, amelyet KA154 Erasmus+ forr\u00e1sb\u00f3l val\u00f3s\u00edtottak meg. Az esem\u00e9nyen Er\u0151s G\u00e1bor, a t\u00e9rs\u00e9g orsz\u00e1ggy\u0171l\u00e9si k\u00e9pvisel\u0151je, Steindl Bal\u00e1zs, Esztergom Megyei Jog\u00fa V\u00e1ros alpolg\u00e1rmestere, valamint Runt\u00e1g Tivadar, a MOHU Zrt. operat\u00edv igazgat\u00f3ja k\u00f6sz\u00f6nt\u00f6tte a r\u00e9sztvev\u0151ket. Az esem\u00e9nyen bemutat\u00e1sra ker\u00fcltek a projekt eredm\u00e9nyei: 10<\/p>\n","protected":false},"author":1,"featured_media":70012,"comment_status":"closed","ping_status":"closed","sticky":false,"template":"","format":"standard","meta":{"ngg_post_thumbnail":0,"footnotes":""},"categories":[38,3],"tags":[42,8321,3527],"class_list":{"0":"post-70011","1":"post","2":"type-post","3":"status-publish","4":"format-standard","5":"has-post-thumbnail","7":"category-esztergom","8":"category-hirek","9":"tag-esztergom","10":"tag-kosz","11":"tag-projekt"},"yoast_head":"<!-- This site is optimized with the Yoast SEO plugin v27.5 - https:\/\/yoast.com\/product\/yoast-seo-wordpress\/ -->\n<title>Lez\u00e1rult a \u201cK\u00d6SZ, hogy \u00fajrahasznos\u00edtod!\u201d projekt<\/title>\n<meta name=\"robots\" content=\"index, follow, max-snippet:-1, max-image-preview:large, max-video-preview:-1\" \/>\n<link rel=\"canonical\" href=\"https:\/\/dorogimedence.hu\/index.php\/2025\/04\/03\/lezarult-a-kosz-hogy-ujrahasznositod-projekt\/\" class=\"yoast-seo-meta-tag\" \/>\n<meta property=\"og:locale\" content=\"hu_HU\" class=\"yoast-seo-meta-tag\" \/>\n<meta property=\"og:type\" content=\"article\" class=\"yoast-seo-meta-tag\" \/>\n<meta property=\"og:title\" content=\"Lez\u00e1rult a \u201cK\u00d6SZ, hogy \u00fajrahasznos\u00edtod!\u201d projekt\" class=\"yoast-seo-meta-tag\" \/>\n<meta property=\"og:description\" content=\"M\u00e1rcius 28-\u00e1n Esztergomban hivatalosan is lez\u00e1rult a Kisv\u00e1rosi \u00d6nk\u00e9ntes Szem\u00e9tszed\u0151k (K\u00d6SZ) eddigi legnagyobb szab\u00e1s\u00fa rendezv\u00e9nysorozata, amelyet KA154 Erasmus+ forr\u00e1sb\u00f3l val\u00f3s\u00edtottak meg. Az esem\u00e9nyen Er\u0151s G\u00e1bor, a t\u00e9rs\u00e9g orsz\u00e1ggy\u0171l\u00e9si k\u00e9pvisel\u0151je, Steindl Bal\u00e1zs, Esztergom Megyei Jog\u00fa V\u00e1ros alpolg\u00e1rmestere, valamint Runt\u00e1g Tivadar, a MOHU Zrt. operat\u00edv igazgat\u00f3ja k\u00f6sz\u00f6nt\u00f6tte a r\u00e9sztvev\u0151ket. Az esem\u00e9nyen bemutat\u00e1sra ker\u00fcltek a projekt eredm\u00e9nyei: 10\" class=\"yoast-seo-meta-tag\" \/>\n<meta property=\"og:url\" content=\"https:\/\/dorogimedence.hu\/index.php\/2025\/04\/03\/lezarult-a-kosz-hogy-ujrahasznositod-projekt\/\" class=\"yoast-seo-meta-tag\" \/>\n<meta property=\"og:site_name\" content=\"Dorogi-medence Region\u00e1lis H\u00edrport\u00e1l\" class=\"yoast-seo-meta-tag\" \/>\n<meta property=\"article:publisher\" content=\"https:\/\/www.facebook.com\/dorogimedence\/\" class=\"yoast-seo-meta-tag\" \/>\n<meta property=\"article:published_time\" content=\"2025-04-03T08:20:56+00:00\" class=\"yoast-seo-meta-tag\" \/>\n<meta property=\"og:image\" content=\"https:\/\/dorogimedence.hu\/wp-content\/uploads\/2025\/04\/487805840_18038508824533923_8805599503676469864_n.jpg\" class=\"yoast-seo-meta-tag\" \/>\n\t<meta property=\"og:image:width\" content=\"1365\" class=\"yoast-seo-meta-tag\" \/>\n\t<meta property=\"og:image:height\" content=\"910\" class=\"yoast-seo-meta-tag\" \/>\n\t<meta property=\"og:image:type\" content=\"image\/jpeg\" class=\"yoast-seo-meta-tag\" \/>\n<meta name=\"author\" content=\"dorogimedence.hu\" class=\"yoast-seo-meta-tag\" \/>\n<meta name=\"twitter:card\" content=\"summary_large_image\" class=\"yoast-seo-meta-tag\" \/>\n<meta name=\"twitter:label1\" content=\"Szerz\u0151:\" class=\"yoast-seo-meta-tag\" \/>\n\t<meta name=\"twitter:data1\" content=\"dorogimedence.hu\" class=\"yoast-seo-meta-tag\" \/>\n\t<meta name=\"twitter:label2\" content=\"Becs\u00fclt olvas\u00e1si id\u0151\" class=\"yoast-seo-meta-tag\" \/>\n\t<meta name=\"twitter:data2\" content=\"1 perc\" class=\"yoast-seo-meta-tag\" \/>\n<script type=\"application\/ld+json\" class=\"yoast-schema-graph\">{\"@context\":\"https:\\\/\\\/schema.org\",\"@graph\":[{\"@type\":\"Article\",\"@id\":\"https:\\\/\\\/dorogimedence.hu\\\/index.php\\\/2025\\\/04\\\/03\\\/lezarult-a-kosz-hogy-ujrahasznositod-projekt\\\/#article\",\"isPartOf\":{\"@id\":\"https:\\\/\\\/dorogimedence.hu\\\/index.php\\\/2025\\\/04\\\/03\\\/lezarult-a-kosz-hogy-ujrahasznositod-projekt\\\/\"},\"author\":{\"name\":\"dorogimedence.hu\",\"@id\":\"https:\\\/\\\/dorogimedence.hu\\\/#\\\/schema\\\/person\\\/ce6091eeb7e95ecdc87890d6aa8e0fd4\"},\"headline\":\"Lez\u00e1rult a \u201cK\u00d6SZ, hogy \u00fajrahasznos\u00edtod!\u201d projekt\",\"datePublished\":\"2025-04-03T08:20:56+00:00\",\"mainEntityOfPage\":{\"@id\":\"https:\\\/\\\/dorogimedence.hu\\\/index.php\\\/2025\\\/04\\\/03\\\/lezarult-a-kosz-hogy-ujrahasznositod-projekt\\\/\"},\"wordCount\":285,\"publisher\":{\"@id\":\"https:\\\/\\\/dorogimedence.hu\\\/#organization\"},\"image\":{\"@id\":\"https:\\\/\\\/dorogimedence.hu\\\/index.php\\\/2025\\\/04\\\/03\\\/lezarult-a-kosz-hogy-ujrahasznositod-projekt\\\/#primaryimage\"},\"thumbnailUrl\":\"https:\\\/\\\/dorogimedence.hu\\\/wp-content\\\/uploads\\\/2025\\\/04\\\/487805840_18038508824533923_8805599503676469864_n.jpg\",\"keywords\":[\"esztergom\",\"K\u00d6SZ\",\"projekt\"],\"articleSection\":[\"Esztergom\",\"H\u00edrek\"],\"inLanguage\":\"hu\"},{\"@type\":\"WebPage\",\"@id\":\"https:\\\/\\\/dorogimedence.hu\\\/index.php\\\/2025\\\/04\\\/03\\\/lezarult-a-kosz-hogy-ujrahasznositod-projekt\\\/\",\"url\":\"https:\\\/\\\/dorogimedence.hu\\\/index.php\\\/2025\\\/04\\\/03\\\/lezarult-a-kosz-hogy-ujrahasznositod-projekt\\\/\",\"name\":\"Lez\u00e1rult a \u201cK\u00d6SZ, hogy \u00fajrahasznos\u00edtod!\u201d projekt\",\"isPartOf\":{\"@id\":\"https:\\\/\\\/dorogimedence.hu\\\/#website\"},\"primaryImageOfPage\":{\"@id\":\"https:\\\/\\\/dorogimedence.hu\\\/index.php\\\/2025\\\/04\\\/03\\\/lezarult-a-kosz-hogy-ujrahasznositod-projekt\\\/#primaryimage\"},\"image\":{\"@id\":\"https:\\\/\\\/dorogimedence.hu\\\/index.php\\\/2025\\\/04\\\/03\\\/lezarult-a-kosz-hogy-ujrahasznositod-projekt\\\/#primaryimage\"},\"thumbnailUrl\":\"https:\\\/\\\/dorogimedence.hu\\\/wp-content\\\/uploads\\\/2025\\\/04\\\/487805840_18038508824533923_8805599503676469864_n.jpg\",\"datePublished\":\"2025-04-03T08:20:56+00:00\",\"breadcrumb\":{\"@id\":\"https:\\\/\\\/dorogimedence.hu\\\/index.php\\\/2025\\\/04\\\/03\\\/lezarult-a-kosz-hogy-ujrahasznositod-projekt\\\/#breadcrumb\"},\"inLanguage\":\"hu\",\"potentialAction\":[{\"@type\":\"ReadAction\",\"target\":[\"https:\\\/\\\/dorogimedence.hu\\\/index.php\\\/2025\\\/04\\\/03\\\/lezarult-a-kosz-hogy-ujrahasznositod-projekt\\\/\"]}]},{\"@type\":\"ImageObject\",\"inLanguage\":\"hu\",\"@id\":\"https:\\\/\\\/dorogimedence.hu\\\/index.php\\\/2025\\\/04\\\/03\\\/lezarult-a-kosz-hogy-ujrahasznositod-projekt\\\/#primaryimage\",\"url\":\"https:\\\/\\\/dorogimedence.hu\\\/wp-content\\\/uploads\\\/2025\\\/04\\\/487805840_18038508824533923_8805599503676469864_n.jpg\",\"contentUrl\":\"https:\\\/\\\/dorogimedence.hu\\\/wp-content\\\/uploads\\\/2025\\\/04\\\/487805840_18038508824533923_8805599503676469864_n.jpg\",\"width\":1365,\"height\":910},{\"@type\":\"BreadcrumbList\",\"@id\":\"https:\\\/\\\/dorogimedence.hu\\\/index.php\\\/2025\\\/04\\\/03\\\/lezarult-a-kosz-hogy-ujrahasznositod-projekt\\\/#breadcrumb\",\"itemListElement\":[{\"@type\":\"ListItem\",\"position\":1,\"name\":\"Kezd\u0151lap\",\"item\":\"https:\\\/\\\/dorogimedence.hu\\\/\"},{\"@type\":\"ListItem\",\"position\":2,\"name\":\"Lez\u00e1rult a \u201cK\u00d6SZ, hogy \u00fajrahasznos\u00edtod!\u201d projekt\"}]},{\"@type\":\"WebSite\",\"@id\":\"https:\\\/\\\/dorogimedence.hu\\\/#website\",\"url\":\"https:\\\/\\\/dorogimedence.hu\\\/\",\"name\":\"Dorogi-medence Region\u00e1lis H\u00edrport\u00e1l\",\"description\":\"Dorog, Keszt\u00f6lc, Le\u00e1nyv\u00e1r, Piliscs\u00e9v, Tokod, Tokodalt\u00e1r\u00f3, Csolnok, Esztergom-kertv\u00e1ros: h\u00edrek, programok\",\"publisher\":{\"@id\":\"https:\\\/\\\/dorogimedence.hu\\\/#organization\"},\"potentialAction\":[{\"@type\":\"SearchAction\",\"target\":{\"@type\":\"EntryPoint\",\"urlTemplate\":\"https:\\\/\\\/dorogimedence.hu\\\/?s={search_term_string}\"},\"query-input\":{\"@type\":\"PropertyValueSpecification\",\"valueRequired\":true,\"valueName\":\"search_term_string\"}}],\"inLanguage\":\"hu\"},{\"@type\":\"Organization\",\"@id\":\"https:\\\/\\\/dorogimedence.hu\\\/#organization\",\"name\":\"Dorogi-medence Region\u00e1lis H\u00edrport\u00e1l\",\"url\":\"https:\\\/\\\/dorogimedence.hu\\\/\",\"logo\":{\"@type\":\"ImageObject\",\"inLanguage\":\"hu\",\"@id\":\"https:\\\/\\\/dorogimedence.hu\\\/#\\\/schema\\\/logo\\\/image\\\/\",\"url\":\"https:\\\/\\\/dorogimedence.hu\\\/wp-content\\\/uploads\\\/2021\\\/04\\\/logo-feher-600.png\",\"contentUrl\":\"https:\\\/\\\/dorogimedence.hu\\\/wp-content\\\/uploads\\\/2021\\\/04\\\/logo-feher-600.png\",\"width\":600,\"height\":100,\"caption\":\"Dorogi-medence Region\u00e1lis H\u00edrport\u00e1l\"},\"image\":{\"@id\":\"https:\\\/\\\/dorogimedence.hu\\\/#\\\/schema\\\/logo\\\/image\\\/\"},\"sameAs\":[\"https:\\\/\\\/www.facebook.com\\\/dorogimedence\\\/\"]},{\"@type\":\"Person\",\"@id\":\"https:\\\/\\\/dorogimedence.hu\\\/#\\\/schema\\\/person\\\/ce6091eeb7e95ecdc87890d6aa8e0fd4\",\"name\":\"dorogimedence.hu\",\"image\":{\"@type\":\"ImageObject\",\"inLanguage\":\"hu\",\"@id\":\"\\\/\\\/www.gravatar.com\\\/avatar\\\/d8d45f8901aadff40a4af72c0b826f1d?s=96&#038;r=g&#038;d=mm\",\"url\":\"\\\/\\\/www.gravatar.com\\\/avatar\\\/d8d45f8901aadff40a4af72c0b826f1d?s=96&#038;r=g&#038;d=mm\",\"contentUrl\":\"\\\/\\\/www.gravatar.com\\\/avatar\\\/d8d45f8901aadff40a4af72c0b826f1d?s=96&#038;r=g&#038;d=mm\",\"caption\":\"dorogimedence.hu\"}}]}<\/script>\n<!-- \/ Yoast SEO plugin. -->","yoast_head_json":{"title":"Lez\u00e1rult a \u201cK\u00d6SZ, hogy \u00fajrahasznos\u00edtod!\u201d projekt","robots":{"index":"index","follow":"follow","max-snippet":"max-snippet:-1","max-image-preview":"max-image-preview:large","max-video-preview":"max-video-preview:-1"},"canonical":"https:\/\/dorogimedence.hu\/index.php\/2025\/04\/03\/lezarult-a-kosz-hogy-ujrahasznositod-projekt\/","og_locale":"hu_HU","og_type":"article","og_title":"Lez\u00e1rult a \u201cK\u00d6SZ, hogy \u00fajrahasznos\u00edtod!\u201d projekt","og_description":"M\u00e1rcius 28-\u00e1n Esztergomban hivatalosan is lez\u00e1rult a Kisv\u00e1rosi \u00d6nk\u00e9ntes Szem\u00e9tszed\u0151k (K\u00d6SZ) eddigi legnagyobb szab\u00e1s\u00fa rendezv\u00e9nysorozata, amelyet KA154 Erasmus+ forr\u00e1sb\u00f3l val\u00f3s\u00edtottak meg. Az esem\u00e9nyen Er\u0151s G\u00e1bor, a t\u00e9rs\u00e9g orsz\u00e1ggy\u0171l\u00e9si k\u00e9pvisel\u0151je, Steindl Bal\u00e1zs, Esztergom Megyei Jog\u00fa V\u00e1ros alpolg\u00e1rmestere, valamint Runt\u00e1g Tivadar, a MOHU Zrt. operat\u00edv igazgat\u00f3ja k\u00f6sz\u00f6nt\u00f6tte a r\u00e9sztvev\u0151ket. Az esem\u00e9nyen bemutat\u00e1sra ker\u00fcltek a projekt eredm\u00e9nyei: 10","og_url":"https:\/\/dorogimedence.hu\/index.php\/2025\/04\/03\/lezarult-a-kosz-hogy-ujrahasznositod-projekt\/","og_site_name":"Dorogi-medence Region\u00e1lis H\u00edrport\u00e1l","article_publisher":"https:\/\/www.facebook.com\/dorogimedence\/","article_published_time":"2025-04-03T08:20:56+00:00","og_image":[{"width":1365,"height":910,"url":"https:\/\/dorogimedence.hu\/wp-content\/uploads\/2025\/04\/487805840_18038508824533923_8805599503676469864_n.jpg","type":"image\/jpeg"}],"author":"dorogimedence.hu","twitter_card":"summary_large_image","twitter_misc":{"Szerz\u0151:":"dorogimedence.hu","Becs\u00fclt olvas\u00e1si id\u0151":"1 perc"},"schema":{"@context":"https:\/\/schema.org","@graph":[{"@type":"Article","@id":"https:\/\/dorogimedence.hu\/index.php\/2025\/04\/03\/lezarult-a-kosz-hogy-ujrahasznositod-projekt\/#article","isPartOf":{"@id":"https:\/\/dorogimedence.hu\/index.php\/2025\/04\/03\/lezarult-a-kosz-hogy-ujrahasznositod-projekt\/"},"author":{"name":"dorogimedence.hu","@id":"https:\/\/dorogimedence.hu\/#\/schema\/person\/ce6091eeb7e95ecdc87890d6aa8e0fd4"},"headline":"Lez\u00e1rult a \u201cK\u00d6SZ, hogy \u00fajrahasznos\u00edtod!\u201d projekt","datePublished":"2025-04-03T08:20:56+00:00","mainEntityOfPage":{"@id":"https:\/\/dorogimedence.hu\/index.php\/2025\/04\/03\/lezarult-a-kosz-hogy-ujrahasznositod-projekt\/"},"wordCount":285,"publisher":{"@id":"https:\/\/dorogimedence.hu\/#organization"},"image":{"@id":"https:\/\/dorogimedence.hu\/index.php\/2025\/04\/03\/lezarult-a-kosz-hogy-ujrahasznositod-projekt\/#primaryimage"},"thumbnailUrl":"https:\/\/dorogimedence.hu\/wp-content\/uploads\/2025\/04\/487805840_18038508824533923_8805599503676469864_n.jpg","keywords":["esztergom","K\u00d6SZ","projekt"],"articleSection":["Esztergom","H\u00edrek"],"inLanguage":"hu"},{"@type":"WebPage","@id":"https:\/\/dorogimedence.hu\/index.php\/2025\/04\/03\/lezarult-a-kosz-hogy-ujrahasznositod-projekt\/","url":"https:\/\/dorogimedence.hu\/index.php\/2025\/04\/03\/lezarult-a-kosz-hogy-ujrahasznositod-projekt\/","name":"Lez\u00e1rult a \u201cK\u00d6SZ, hogy \u00fajrahasznos\u00edtod!\u201d projekt","isPartOf":{"@id":"https:\/\/dorogimedence.hu\/#website"},"primaryImageOfPage":{"@id":"https:\/\/dorogimedence.hu\/index.php\/2025\/04\/03\/lezarult-a-kosz-hogy-ujrahasznositod-projekt\/#primaryimage"},"image":{"@id":"https:\/\/dorogimedence.hu\/index.php\/2025\/04\/03\/lezarult-a-kosz-hogy-ujrahasznositod-projekt\/#primaryimage"},"thumbnailUrl":"https:\/\/dorogimedence.hu\/wp-content\/uploads\/2025\/04\/487805840_18038508824533923_8805599503676469864_n.jpg","datePublished":"2025-04-03T08:20:56+00:00","breadcrumb":{"@id":"https:\/\/dorogimedence.hu\/index.php\/2025\/04\/03\/lezarult-a-kosz-hogy-ujrahasznositod-projekt\/#breadcrumb"},"inLanguage":"hu","potentialAction":[{"@type":"ReadAction","target":["https:\/\/dorogimedence.hu\/index.php\/2025\/04\/03\/lezarult-a-kosz-hogy-ujrahasznositod-projekt\/"]}]},{"@type":"ImageObject","inLanguage":"hu","@id":"https:\/\/dorogimedence.hu\/index.php\/2025\/04\/03\/lezarult-a-kosz-hogy-ujrahasznositod-projekt\/#primaryimage","url":"https:\/\/dorogimedence.hu\/wp-content\/uploads\/2025\/04\/487805840_18038508824533923_8805599503676469864_n.jpg","contentUrl":"https:\/\/dorogimedence.hu\/wp-content\/uploads\/2025\/04\/487805840_18038508824533923_8805599503676469864_n.jpg","width":1365,"height":910},{"@type":"BreadcrumbList","@id":"https:\/\/dorogimedence.hu\/index.php\/2025\/04\/03\/lezarult-a-kosz-hogy-ujrahasznositod-projekt\/#breadcrumb","itemListElement":[{"@type":"ListItem","position":1,"name":"Kezd\u0151lap","item":"https:\/\/dorogimedence.hu\/"},{"@type":"ListItem","position":2,"name":"Lez\u00e1rult a \u201cK\u00d6SZ, hogy \u00fajrahasznos\u00edtod!\u201d projekt"}]},{"@type":"WebSite","@id":"https:\/\/dorogimedence.hu\/#website","url":"https:\/\/dorogimedence.hu\/","name":"Dorogi-medence Region\u00e1lis H\u00edrport\u00e1l","description":"Dorog, Keszt\u00f6lc, Le\u00e1nyv\u00e1r, Piliscs\u00e9v, Tokod, Tokodalt\u00e1r\u00f3, Csolnok, Esztergom-kertv\u00e1ros: h\u00edrek, programok","publisher":{"@id":"https:\/\/dorogimedence.hu\/#organization"},"potentialAction":[{"@type":"SearchAction","target":{"@type":"EntryPoint","urlTemplate":"https:\/\/dorogimedence.hu\/?s={search_term_string}"},"query-input":{"@type":"PropertyValueSpecification","valueRequired":true,"valueName":"search_term_string"}}],"inLanguage":"hu"},{"@type":"Organization","@id":"https:\/\/dorogimedence.hu\/#organization","name":"Dorogi-medence Region\u00e1lis H\u00edrport\u00e1l","url":"https:\/\/dorogimedence.hu\/","logo":{"@type":"ImageObject","inLanguage":"hu","@id":"https:\/\/dorogimedence.hu\/#\/schema\/logo\/image\/","url":"https:\/\/dorogimedence.hu\/wp-content\/uploads\/2021\/04\/logo-feher-600.png","contentUrl":"https:\/\/dorogimedence.hu\/wp-content\/uploads\/2021\/04\/logo-feher-600.png","width":600,"height":100,"caption":"Dorogi-medence Region\u00e1lis H\u00edrport\u00e1l"},"image":{"@id":"https:\/\/dorogimedence.hu\/#\/schema\/logo\/image\/"},"sameAs":["https:\/\/www.facebook.com\/dorogimedence\/"]},{"@type":"Person","@id":"https:\/\/dorogimedence.hu\/#\/schema\/person\/ce6091eeb7e95ecdc87890d6aa8e0fd4","name":"dorogimedence.hu","image":{"@type":"ImageObject","inLanguage":"hu","@id":"\/\/www.gravatar.com\/avatar\/d8d45f8901aadff40a4af72c0b826f1d?s=96&#038;r=g&#038;d=mm","url":"\/\/www.gravatar.com\/avatar\/d8d45f8901aadff40a4af72c0b826f1d?s=96&#038;r=g&#038;d=mm","contentUrl":"\/\/www.gravatar.com\/avatar\/d8d45f8901aadff40a4af72c0b826f1d?s=96&#038;r=g&#038;d=mm","caption":"dorogimedence.hu"}}]}},"_links":{"self":[{"href":"https:\/\/dorogimedence.hu\/index.php\/wp-json\/wp\/v2\/posts\/70011","targetHints":{"allow":["GET"]}}],"collection":[{"href":"https:\/\/dorogimedence.hu\/index.php\/wp-json\/wp\/v2\/posts"}],"about":[{"href":"https:\/\/dorogimedence.hu\/index.php\/wp-json\/wp\/v2\/types\/post"}],"author":[{"embeddable":true,"href":"https:\/\/dorogimedence.hu\/index.php\/wp-json\/wp\/v2\/users\/1"}],"replies":[{"embeddable":true,"href":"https:\/\/dorogimedence.hu\/index.php\/wp-json\/wp\/v2\/comments?post=70011"}],"version-history":[{"count":0,"href":"https:\/\/dorogimedence.hu\/index.php\/wp-json\/wp\/v2\/posts\/70011\/revisions"}],"wp:featuredmedia":[{"embeddable":true,"href":"https:\/\/dorogimedence.hu\/index.php\/wp-json\/wp\/v2\/media\/70012"}],"wp:attachment":[{"href":"https:\/\/dorogimedence.hu\/index.php\/wp-json\/wp\/v2\/media?parent=70011"}],"wp:term":[{"taxonomy":"category","embeddable":true,"href":"https:\/\/dorogimedence.hu\/index.php\/wp-json\/wp\/v2\/categories?post=70011"},{"taxonomy":"post_tag","embeddable":true,"href":"https:\/\/dorogimedence.hu\/index.php\/wp-json\/wp\/v2\/tags?post=70011"}],"curies":[{"name":"wp","href":"https:\/\/api.w.org\/{rel}","templated":true}]}}