{"id":69979,"date":"2025-04-02T14:17:59","date_gmt":"2025-04-02T12:17:59","guid":{"rendered":"https:\/\/dorogimedence.hu\/?p=69979"},"modified":"2025-04-02T14:17:59","modified_gmt":"2025-04-02T12:17:59","slug":"oriasplakat-tervezo-palyazat-kozepiskolasoknak","status":"publish","type":"post","link":"https:\/\/dorogimedence.hu\/index.php\/2025\/04\/02\/oriasplakat-tervezo-palyazat-kozepiskolasoknak\/","title":{"rendered":"\u00d3ri\u00e1splak\u00e1t-tervez\u0151 p\u00e1ly\u00e1zat k\u00f6z\u00e9piskol\u00e1soknak"},"content":{"rendered":"<div class=\"field-lead\">\n<p><strong>Az idei \u00e9vben m\u00e1rcius v\u00e9g\u00e9ig m\u00e1r 13 \u00fagynevezett idegenhib\u00e1s \u00fat\u00e1tj\u00e1r\u00f3s baleset t\u00f6rt\u00e9nt a KRESZ be nem tart\u00e1sa miatt. 2025-ben a figyelmetlen, szab\u00e1lyszeg\u0151 aut\u00f3sok miatt 5 \u00e9rtelmetlen hal\u00e1leset k\u00f6vetkezett be. Ez\u00e9rt a M\u00c1V \u00e9s az ORFK-Orsz\u00e1gos Balesetmegel\u0151z\u00e9si Bizotts\u00e1g k\u00f6z\u00f6s \u00f3ri\u00e1splak\u00e1t-tervez\u0151 p\u00e1ly\u00e1zatot hirdet k\u00f6z\u00e9piskol\u00e1soknak, amelynek t\u00e9m\u00e1ja a biztons\u00e1gos k\u00f6zleked\u00e9s, c\u00e9lja pedig a k\u00f6zleked\u0151k figyelemfelh\u00edv\u00e1sa arra, hogy vas\u00fati \u00e1tj\u00e1r\u00f3hoz k\u00f6zelednek. A p\u00e1ly\u00e1zatra k\u00e9t kateg\u00f3ri\u00e1ban jelentkezhetnek a 14-20 \u00e9v k\u00f6z\u00f6tti k\u00f6z\u00e9piskol\u00e1s di\u00e1kok. A <span style=\"text-decoration: underline; color: #0000ff;\"><a style=\"color: #0000ff; text-decoration: underline;\" tabindex=\"0\" href=\"https:\/\/www.mavcsoport.hu\/sites\/default\/files\/upload\/page\/palyazati_felhivas_mav_es_orfk_tablatervezo_palyazat_2025_metmod_vegleges.pdf\" target=\"_blank\" rel=\"noopener\">p\u00e1ly\u00e1zati ki\u00edr\u00e1s<\/a><\/span> szerint a digit\u00e1lis kateg\u00f3ri\u00e1ban elektronikus eszk\u00f6zzel k\u00e9sz\u00edtett plak\u00e1ttervek, m\u00edg a k\u00e9zzel k\u00e9sz\u00edtett kateg\u00f3ri\u00e1ban a szabadk\u00e9zzel rajzolt p\u00e1lyam\u0171veket v\u00e1rj\u00e1k a szervez\u0151k.<\/strong><\/p>\n<\/div>\n<div class=\"field-body\">\n<p>A M\u00c1V h\u00e1l\u00f3zat\u00e1n&nbsp;2025-ben eddig&nbsp;13 baleset&nbsp;t\u00f6rt\u00e9nt&nbsp;vas\u00fati \u00e1tj\u00e1r\u00f3ban, amelyek sor\u00e1n 5 ember \u00e9let\u00e9t vesztette, kett\u0151&nbsp;s\u00falyos, egy pedig k\u00f6nny\u0171 s\u00e9r\u00fcl\u00e9ssel j\u00e1rt (a tavalyi \u00e9v azonos id\u0151szak\u00e1ban 12 baleset t\u00f6rt\u00e9nt, 2 s\u00falyos \u00e9s 1 k\u00f6nny\u0171 s\u00e9r\u00fcl\u00e9ssel). A M\u00c1V hib\u00e1j\u00e1b\u00f3l vas\u00fati \u00e1tj\u00e1r\u00f3ban 2009 \u00f3ta, t\u00f6bb mint m\u00e1sf\u00e9l \u00e9vtizede nem t\u00f6rt\u00e9nt hal\u00e1los baleset.&nbsp;A vas\u00fatt\u00e1rsas\u00e1g arra k\u00e9ri a k\u00f6zleked\u0151ket, hogy a vas\u00fati \u00e1tj\u00e1r\u00f3t mindig fokozott k\u00f6r\u00fcltekint\u00e9ssel k\u00f6zel\u00edts\u00e9k meg.<\/p>\n<h2><strong>A p\u00e1ly\u00e1zat<\/strong><\/h2>\n<p>A M\u00c1V \u00e9s az ORFK-Orsz\u00e1gos Balesetmegel\u0151z\u00e9si Bizotts\u00e1g k\u00f6z\u00f6s&nbsp;\u00f3ri\u00e1splak\u00e1t-tervez\u0151 p\u00e1ly\u00e1zatot hirdet&nbsp;k\u00f6z\u00e9piskol\u00e1soknak. Tervezz \u00f3ri\u00e1splak\u00e1tot, h\u00edvd fel a k\u00f6zleked\u0151k figyelm\u00e9t, hogy vas\u00fati \u00e1tj\u00e1r\u00f3hoz k\u00f6zelednek. Az \u00f3ri\u00e1splak\u00e1t felirata: VIGY\u00c1ZZ! VAS\u00daTI \u00c1TJ\u00c1R\u00d3!<\/p>\n<p>Mindk\u00e9t kateg\u00f3ri\u00e1ban hirdetnek els\u0151, m\u00e1sodik \u00e9s harmadik helyezettet. A nyerem\u00e9nyt\u00e1rgyak mell\u00e9 minden nyertesnek M\u00c1V-csoportos \u00e9s ORFK-OBB-s meglepet\u00e9s aj\u00e1nd\u00e9kt\u00e1rgyakat rejt\u0151 h\u00e1tizs\u00e1kkal lesz gazdagabb. Az els\u0151 helyezettek alkot\u00e1sai \u00f3ri\u00e1splak\u00e1tokon jelennek meg a M\u00c1V-csoport ter\u00fclet\u00e9n.<\/p>\n<p>Az ORFK-OBB k\u00f6zrem\u0171k\u00f6d\u00e9s\u00e9vel a k\u00f6z\u00e9piskol\u00e1k di\u00e1kjai megkapj\u00e1k az \u00f3ri\u00e1splak\u00e1t-tervez\u0151 p\u00e1ly\u00e1zat felh\u00edv\u00e1s\u00e1t, amely \u00edgy k\u00f6zvetlen\u00fcl is eljuthatnak a pedag\u00f3gusokhoz \u00e9s a di\u00e1kokhoz.<\/p>\n<p><a href=\"https:\/\/www.mavcsoport.hu\/mav-csoport\/oriasplakat-tervezo-palyazat-kozepiskolasoknak-vasuti-atjaros-balesetek-megelozese\" target=\"_blank\" rel=\"noopener\"><span style=\"text-decoration: underline; color: #0000ff;\">Tov\u00e1bbi r\u00e9szletek&gt;&gt;<\/span><\/a><\/p>\n<p><em>Forr\u00e1s: M\u00c1V Zrt. Kommunik\u00e1ci\u00f3s Igazgat\u00f3s\u00e1g<\/em><\/p>\n<\/div>\n","protected":false},"excerpt":{"rendered":"<p>Az idei \u00e9vben m\u00e1rcius v\u00e9g\u00e9ig m\u00e1r 13 \u00fagynevezett idegenhib\u00e1s \u00fat\u00e1tj\u00e1r\u00f3s baleset t\u00f6rt\u00e9nt a KRESZ be nem tart\u00e1sa miatt. 2025-ben a figyelmetlen, szab\u00e1lyszeg\u0151 aut\u00f3sok miatt 5 \u00e9rtelmetlen hal\u00e1leset k\u00f6vetkezett be. Ez\u00e9rt a M\u00c1V \u00e9s az ORFK-Orsz\u00e1gos Balesetmegel\u0151z\u00e9si Bizotts\u00e1g k\u00f6z\u00f6s \u00f3ri\u00e1splak\u00e1t-tervez\u0151 p\u00e1ly\u00e1zatot hirdet k\u00f6z\u00e9piskol\u00e1soknak, amelynek t\u00e9m\u00e1ja a biztons\u00e1gos k\u00f6zleked\u00e9s, c\u00e9lja pedig a k\u00f6zleked\u0151k figyelemfelh\u00edv\u00e1sa arra, hogy vas\u00fati<\/p>\n","protected":false},"author":1,"featured_media":69980,"comment_status":"closed","ping_status":"closed","sticky":false,"template":"","format":"standard","meta":{"ngg_post_thumbnail":0,"footnotes":""},"categories":[3,6948],"tags":[292,8318,74],"class_list":{"0":"post-69979","1":"post","2":"type-post","3":"status-publish","4":"format-standard","5":"has-post-thumbnail","7":"category-hirek","8":"category-szines","9":"tag-mav","10":"tag-oriasplakat","11":"tag-palyazat"},"yoast_head":"<!-- This site is optimized with the Yoast SEO plugin v27.4 - https:\/\/yoast.com\/product\/yoast-seo-wordpress\/ -->\n<title>\u00d3ri\u00e1splak\u00e1t-tervez\u0151 p\u00e1ly\u00e1zat k\u00f6z\u00e9piskol\u00e1soknak<\/title>\n<meta name=\"robots\" content=\"index, follow, max-snippet:-1, max-image-preview:large, max-video-preview:-1\" \/>\n<link rel=\"canonical\" href=\"https:\/\/dorogimedence.hu\/index.php\/2025\/04\/02\/oriasplakat-tervezo-palyazat-kozepiskolasoknak\/\" class=\"yoast-seo-meta-tag\" \/>\n<meta property=\"og:locale\" content=\"hu_HU\" class=\"yoast-seo-meta-tag\" \/>\n<meta property=\"og:type\" content=\"article\" class=\"yoast-seo-meta-tag\" \/>\n<meta property=\"og:title\" content=\"\u00d3ri\u00e1splak\u00e1t-tervez\u0151 p\u00e1ly\u00e1zat k\u00f6z\u00e9piskol\u00e1soknak\" class=\"yoast-seo-meta-tag\" \/>\n<meta property=\"og:description\" content=\"Az idei \u00e9vben m\u00e1rcius v\u00e9g\u00e9ig m\u00e1r 13 \u00fagynevezett idegenhib\u00e1s \u00fat\u00e1tj\u00e1r\u00f3s baleset t\u00f6rt\u00e9nt a KRESZ be nem tart\u00e1sa miatt. 2025-ben a figyelmetlen, szab\u00e1lyszeg\u0151 aut\u00f3sok miatt 5 \u00e9rtelmetlen hal\u00e1leset k\u00f6vetkezett be. Ez\u00e9rt a M\u00c1V \u00e9s az ORFK-Orsz\u00e1gos Balesetmegel\u0151z\u00e9si Bizotts\u00e1g k\u00f6z\u00f6s \u00f3ri\u00e1splak\u00e1t-tervez\u0151 p\u00e1ly\u00e1zatot hirdet k\u00f6z\u00e9piskol\u00e1soknak, amelynek t\u00e9m\u00e1ja a biztons\u00e1gos k\u00f6zleked\u00e9s, c\u00e9lja pedig a k\u00f6zleked\u0151k figyelemfelh\u00edv\u00e1sa arra, hogy vas\u00fati\" class=\"yoast-seo-meta-tag\" \/>\n<meta property=\"og:url\" content=\"https:\/\/dorogimedence.hu\/index.php\/2025\/04\/02\/oriasplakat-tervezo-palyazat-kozepiskolasoknak\/\" class=\"yoast-seo-meta-tag\" \/>\n<meta property=\"og:site_name\" content=\"Dorogi-medence Region\u00e1lis H\u00edrport\u00e1l\" class=\"yoast-seo-meta-tag\" \/>\n<meta property=\"article:publisher\" content=\"https:\/\/www.facebook.com\/dorogimedence\/\" class=\"yoast-seo-meta-tag\" \/>\n<meta property=\"article:published_time\" content=\"2025-04-02T12:17:59+00:00\" class=\"yoast-seo-meta-tag\" \/>\n<meta property=\"og:image\" content=\"https:\/\/dorogimedence.hu\/wp-content\/uploads\/2025\/04\/oriasplakat.jpg\" class=\"yoast-seo-meta-tag\" \/>\n\t<meta property=\"og:image:width\" content=\"1920\" class=\"yoast-seo-meta-tag\" \/>\n\t<meta property=\"og:image:height\" content=\"970\" class=\"yoast-seo-meta-tag\" \/>\n\t<meta property=\"og:image:type\" content=\"image\/jpeg\" class=\"yoast-seo-meta-tag\" \/>\n<meta name=\"author\" content=\"dorogimedence.hu\" class=\"yoast-seo-meta-tag\" \/>\n<meta name=\"twitter:card\" content=\"summary_large_image\" class=\"yoast-seo-meta-tag\" \/>\n<meta name=\"twitter:label1\" content=\"Szerz\u0151:\" class=\"yoast-seo-meta-tag\" \/>\n\t<meta name=\"twitter:data1\" content=\"dorogimedence.hu\" class=\"yoast-seo-meta-tag\" \/>\n\t<meta name=\"twitter:label2\" content=\"Becs\u00fclt olvas\u00e1si id\u0151\" class=\"yoast-seo-meta-tag\" \/>\n\t<meta name=\"twitter:data2\" content=\"2 perc\" class=\"yoast-seo-meta-tag\" \/>\n<script type=\"application\/ld+json\" class=\"yoast-schema-graph\">{\"@context\":\"https:\\\/\\\/schema.org\",\"@graph\":[{\"@type\":\"Article\",\"@id\":\"https:\\\/\\\/dorogimedence.hu\\\/index.php\\\/2025\\\/04\\\/02\\\/oriasplakat-tervezo-palyazat-kozepiskolasoknak\\\/#article\",\"isPartOf\":{\"@id\":\"https:\\\/\\\/dorogimedence.hu\\\/index.php\\\/2025\\\/04\\\/02\\\/oriasplakat-tervezo-palyazat-kozepiskolasoknak\\\/\"},\"author\":{\"name\":\"dorogimedence.hu\",\"@id\":\"https:\\\/\\\/dorogimedence.hu\\\/#\\\/schema\\\/person\\\/ce6091eeb7e95ecdc87890d6aa8e0fd4\"},\"headline\":\"\u00d3ri\u00e1splak\u00e1t-tervez\u0151 p\u00e1ly\u00e1zat k\u00f6z\u00e9piskol\u00e1soknak\",\"datePublished\":\"2025-04-02T12:17:59+00:00\",\"mainEntityOfPage\":{\"@id\":\"https:\\\/\\\/dorogimedence.hu\\\/index.php\\\/2025\\\/04\\\/02\\\/oriasplakat-tervezo-palyazat-kozepiskolasoknak\\\/\"},\"wordCount\":472,\"publisher\":{\"@id\":\"https:\\\/\\\/dorogimedence.hu\\\/#organization\"},\"image\":{\"@id\":\"https:\\\/\\\/dorogimedence.hu\\\/index.php\\\/2025\\\/04\\\/02\\\/oriasplakat-tervezo-palyazat-kozepiskolasoknak\\\/#primaryimage\"},\"thumbnailUrl\":\"https:\\\/\\\/dorogimedence.hu\\\/wp-content\\\/uploads\\\/2025\\\/04\\\/oriasplakat.jpg\",\"keywords\":[\"m\u00e1v\",\"\u00f3ri\u00e1splak\u00e1t\",\"p\u00e1ly\u00e1zat\"],\"articleSection\":[\"H\u00edrek\",\"Sz\u00ednes\"],\"inLanguage\":\"hu\"},{\"@type\":\"WebPage\",\"@id\":\"https:\\\/\\\/dorogimedence.hu\\\/index.php\\\/2025\\\/04\\\/02\\\/oriasplakat-tervezo-palyazat-kozepiskolasoknak\\\/\",\"url\":\"https:\\\/\\\/dorogimedence.hu\\\/index.php\\\/2025\\\/04\\\/02\\\/oriasplakat-tervezo-palyazat-kozepiskolasoknak\\\/\",\"name\":\"\u00d3ri\u00e1splak\u00e1t-tervez\u0151 p\u00e1ly\u00e1zat k\u00f6z\u00e9piskol\u00e1soknak\",\"isPartOf\":{\"@id\":\"https:\\\/\\\/dorogimedence.hu\\\/#website\"},\"primaryImageOfPage\":{\"@id\":\"https:\\\/\\\/dorogimedence.hu\\\/index.php\\\/2025\\\/04\\\/02\\\/oriasplakat-tervezo-palyazat-kozepiskolasoknak\\\/#primaryimage\"},\"image\":{\"@id\":\"https:\\\/\\\/dorogimedence.hu\\\/index.php\\\/2025\\\/04\\\/02\\\/oriasplakat-tervezo-palyazat-kozepiskolasoknak\\\/#primaryimage\"},\"thumbnailUrl\":\"https:\\\/\\\/dorogimedence.hu\\\/wp-content\\\/uploads\\\/2025\\\/04\\\/oriasplakat.jpg\",\"datePublished\":\"2025-04-02T12:17:59+00:00\",\"breadcrumb\":{\"@id\":\"https:\\\/\\\/dorogimedence.hu\\\/index.php\\\/2025\\\/04\\\/02\\\/oriasplakat-tervezo-palyazat-kozepiskolasoknak\\\/#breadcrumb\"},\"inLanguage\":\"hu\",\"potentialAction\":[{\"@type\":\"ReadAction\",\"target\":[\"https:\\\/\\\/dorogimedence.hu\\\/index.php\\\/2025\\\/04\\\/02\\\/oriasplakat-tervezo-palyazat-kozepiskolasoknak\\\/\"]}]},{\"@type\":\"ImageObject\",\"inLanguage\":\"hu\",\"@id\":\"https:\\\/\\\/dorogimedence.hu\\\/index.php\\\/2025\\\/04\\\/02\\\/oriasplakat-tervezo-palyazat-kozepiskolasoknak\\\/#primaryimage\",\"url\":\"https:\\\/\\\/dorogimedence.hu\\\/wp-content\\\/uploads\\\/2025\\\/04\\\/oriasplakat.jpg\",\"contentUrl\":\"https:\\\/\\\/dorogimedence.hu\\\/wp-content\\\/uploads\\\/2025\\\/04\\\/oriasplakat.jpg\",\"width\":1920,\"height\":970},{\"@type\":\"BreadcrumbList\",\"@id\":\"https:\\\/\\\/dorogimedence.hu\\\/index.php\\\/2025\\\/04\\\/02\\\/oriasplakat-tervezo-palyazat-kozepiskolasoknak\\\/#breadcrumb\",\"itemListElement\":[{\"@type\":\"ListItem\",\"position\":1,\"name\":\"Kezd\u0151lap\",\"item\":\"https:\\\/\\\/dorogimedence.hu\\\/\"},{\"@type\":\"ListItem\",\"position\":2,\"name\":\"\u00d3ri\u00e1splak\u00e1t-tervez\u0151 p\u00e1ly\u00e1zat k\u00f6z\u00e9piskol\u00e1soknak\"}]},{\"@type\":\"WebSite\",\"@id\":\"https:\\\/\\\/dorogimedence.hu\\\/#website\",\"url\":\"https:\\\/\\\/dorogimedence.hu\\\/\",\"name\":\"Dorogi-medence Region\u00e1lis H\u00edrport\u00e1l\",\"description\":\"Dorog, Keszt\u00f6lc, Le\u00e1nyv\u00e1r, Piliscs\u00e9v, Tokod, Tokodalt\u00e1r\u00f3, Csolnok, Esztergom-kertv\u00e1ros: h\u00edrek, programok\",\"publisher\":{\"@id\":\"https:\\\/\\\/dorogimedence.hu\\\/#organization\"},\"potentialAction\":[{\"@type\":\"SearchAction\",\"target\":{\"@type\":\"EntryPoint\",\"urlTemplate\":\"https:\\\/\\\/dorogimedence.hu\\\/?s={search_term_string}\"},\"query-input\":{\"@type\":\"PropertyValueSpecification\",\"valueRequired\":true,\"valueName\":\"search_term_string\"}}],\"inLanguage\":\"hu\"},{\"@type\":\"Organization\",\"@id\":\"https:\\\/\\\/dorogimedence.hu\\\/#organization\",\"name\":\"Dorogi-medence Region\u00e1lis H\u00edrport\u00e1l\",\"url\":\"https:\\\/\\\/dorogimedence.hu\\\/\",\"logo\":{\"@type\":\"ImageObject\",\"inLanguage\":\"hu\",\"@id\":\"https:\\\/\\\/dorogimedence.hu\\\/#\\\/schema\\\/logo\\\/image\\\/\",\"url\":\"https:\\\/\\\/dorogimedence.hu\\\/wp-content\\\/uploads\\\/2021\\\/04\\\/logo-feher-600.png\",\"contentUrl\":\"https:\\\/\\\/dorogimedence.hu\\\/wp-content\\\/uploads\\\/2021\\\/04\\\/logo-feher-600.png\",\"width\":600,\"height\":100,\"caption\":\"Dorogi-medence Region\u00e1lis H\u00edrport\u00e1l\"},\"image\":{\"@id\":\"https:\\\/\\\/dorogimedence.hu\\\/#\\\/schema\\\/logo\\\/image\\\/\"},\"sameAs\":[\"https:\\\/\\\/www.facebook.com\\\/dorogimedence\\\/\"]},{\"@type\":\"Person\",\"@id\":\"https:\\\/\\\/dorogimedence.hu\\\/#\\\/schema\\\/person\\\/ce6091eeb7e95ecdc87890d6aa8e0fd4\",\"name\":\"dorogimedence.hu\",\"image\":{\"@type\":\"ImageObject\",\"inLanguage\":\"hu\",\"@id\":\"\\\/\\\/www.gravatar.com\\\/avatar\\\/d8d45f8901aadff40a4af72c0b826f1d?s=96&#038;r=g&#038;d=mm\",\"url\":\"\\\/\\\/www.gravatar.com\\\/avatar\\\/d8d45f8901aadff40a4af72c0b826f1d?s=96&#038;r=g&#038;d=mm\",\"contentUrl\":\"\\\/\\\/www.gravatar.com\\\/avatar\\\/d8d45f8901aadff40a4af72c0b826f1d?s=96&#038;r=g&#038;d=mm\",\"caption\":\"dorogimedence.hu\"}}]}<\/script>\n<!-- \/ Yoast SEO plugin. -->","yoast_head_json":{"title":"\u00d3ri\u00e1splak\u00e1t-tervez\u0151 p\u00e1ly\u00e1zat k\u00f6z\u00e9piskol\u00e1soknak","robots":{"index":"index","follow":"follow","max-snippet":"max-snippet:-1","max-image-preview":"max-image-preview:large","max-video-preview":"max-video-preview:-1"},"canonical":"https:\/\/dorogimedence.hu\/index.php\/2025\/04\/02\/oriasplakat-tervezo-palyazat-kozepiskolasoknak\/","og_locale":"hu_HU","og_type":"article","og_title":"\u00d3ri\u00e1splak\u00e1t-tervez\u0151 p\u00e1ly\u00e1zat k\u00f6z\u00e9piskol\u00e1soknak","og_description":"Az idei \u00e9vben m\u00e1rcius v\u00e9g\u00e9ig m\u00e1r 13 \u00fagynevezett idegenhib\u00e1s \u00fat\u00e1tj\u00e1r\u00f3s baleset t\u00f6rt\u00e9nt a KRESZ be nem tart\u00e1sa miatt. 2025-ben a figyelmetlen, szab\u00e1lyszeg\u0151 aut\u00f3sok miatt 5 \u00e9rtelmetlen hal\u00e1leset k\u00f6vetkezett be. Ez\u00e9rt a M\u00c1V \u00e9s az ORFK-Orsz\u00e1gos Balesetmegel\u0151z\u00e9si Bizotts\u00e1g k\u00f6z\u00f6s \u00f3ri\u00e1splak\u00e1t-tervez\u0151 p\u00e1ly\u00e1zatot hirdet k\u00f6z\u00e9piskol\u00e1soknak, amelynek t\u00e9m\u00e1ja a biztons\u00e1gos k\u00f6zleked\u00e9s, c\u00e9lja pedig a k\u00f6zleked\u0151k figyelemfelh\u00edv\u00e1sa arra, hogy vas\u00fati","og_url":"https:\/\/dorogimedence.hu\/index.php\/2025\/04\/02\/oriasplakat-tervezo-palyazat-kozepiskolasoknak\/","og_site_name":"Dorogi-medence Region\u00e1lis H\u00edrport\u00e1l","article_publisher":"https:\/\/www.facebook.com\/dorogimedence\/","article_published_time":"2025-04-02T12:17:59+00:00","og_image":[{"width":1920,"height":970,"url":"https:\/\/dorogimedence.hu\/wp-content\/uploads\/2025\/04\/oriasplakat.jpg","type":"image\/jpeg"}],"author":"dorogimedence.hu","twitter_card":"summary_large_image","twitter_misc":{"Szerz\u0151:":"dorogimedence.hu","Becs\u00fclt olvas\u00e1si id\u0151":"2 perc"},"schema":{"@context":"https:\/\/schema.org","@graph":[{"@type":"Article","@id":"https:\/\/dorogimedence.hu\/index.php\/2025\/04\/02\/oriasplakat-tervezo-palyazat-kozepiskolasoknak\/#article","isPartOf":{"@id":"https:\/\/dorogimedence.hu\/index.php\/2025\/04\/02\/oriasplakat-tervezo-palyazat-kozepiskolasoknak\/"},"author":{"name":"dorogimedence.hu","@id":"https:\/\/dorogimedence.hu\/#\/schema\/person\/ce6091eeb7e95ecdc87890d6aa8e0fd4"},"headline":"\u00d3ri\u00e1splak\u00e1t-tervez\u0151 p\u00e1ly\u00e1zat k\u00f6z\u00e9piskol\u00e1soknak","datePublished":"2025-04-02T12:17:59+00:00","mainEntityOfPage":{"@id":"https:\/\/dorogimedence.hu\/index.php\/2025\/04\/02\/oriasplakat-tervezo-palyazat-kozepiskolasoknak\/"},"wordCount":472,"publisher":{"@id":"https:\/\/dorogimedence.hu\/#organization"},"image":{"@id":"https:\/\/dorogimedence.hu\/index.php\/2025\/04\/02\/oriasplakat-tervezo-palyazat-kozepiskolasoknak\/#primaryimage"},"thumbnailUrl":"https:\/\/dorogimedence.hu\/wp-content\/uploads\/2025\/04\/oriasplakat.jpg","keywords":["m\u00e1v","\u00f3ri\u00e1splak\u00e1t","p\u00e1ly\u00e1zat"],"articleSection":["H\u00edrek","Sz\u00ednes"],"inLanguage":"hu"},{"@type":"WebPage","@id":"https:\/\/dorogimedence.hu\/index.php\/2025\/04\/02\/oriasplakat-tervezo-palyazat-kozepiskolasoknak\/","url":"https:\/\/dorogimedence.hu\/index.php\/2025\/04\/02\/oriasplakat-tervezo-palyazat-kozepiskolasoknak\/","name":"\u00d3ri\u00e1splak\u00e1t-tervez\u0151 p\u00e1ly\u00e1zat k\u00f6z\u00e9piskol\u00e1soknak","isPartOf":{"@id":"https:\/\/dorogimedence.hu\/#website"},"primaryImageOfPage":{"@id":"https:\/\/dorogimedence.hu\/index.php\/2025\/04\/02\/oriasplakat-tervezo-palyazat-kozepiskolasoknak\/#primaryimage"},"image":{"@id":"https:\/\/dorogimedence.hu\/index.php\/2025\/04\/02\/oriasplakat-tervezo-palyazat-kozepiskolasoknak\/#primaryimage"},"thumbnailUrl":"https:\/\/dorogimedence.hu\/wp-content\/uploads\/2025\/04\/oriasplakat.jpg","datePublished":"2025-04-02T12:17:59+00:00","breadcrumb":{"@id":"https:\/\/dorogimedence.hu\/index.php\/2025\/04\/02\/oriasplakat-tervezo-palyazat-kozepiskolasoknak\/#breadcrumb"},"inLanguage":"hu","potentialAction":[{"@type":"ReadAction","target":["https:\/\/dorogimedence.hu\/index.php\/2025\/04\/02\/oriasplakat-tervezo-palyazat-kozepiskolasoknak\/"]}]},{"@type":"ImageObject","inLanguage":"hu","@id":"https:\/\/dorogimedence.hu\/index.php\/2025\/04\/02\/oriasplakat-tervezo-palyazat-kozepiskolasoknak\/#primaryimage","url":"https:\/\/dorogimedence.hu\/wp-content\/uploads\/2025\/04\/oriasplakat.jpg","contentUrl":"https:\/\/dorogimedence.hu\/wp-content\/uploads\/2025\/04\/oriasplakat.jpg","width":1920,"height":970},{"@type":"BreadcrumbList","@id":"https:\/\/dorogimedence.hu\/index.php\/2025\/04\/02\/oriasplakat-tervezo-palyazat-kozepiskolasoknak\/#breadcrumb","itemListElement":[{"@type":"ListItem","position":1,"name":"Kezd\u0151lap","item":"https:\/\/dorogimedence.hu\/"},{"@type":"ListItem","position":2,"name":"\u00d3ri\u00e1splak\u00e1t-tervez\u0151 p\u00e1ly\u00e1zat k\u00f6z\u00e9piskol\u00e1soknak"}]},{"@type":"WebSite","@id":"https:\/\/dorogimedence.hu\/#website","url":"https:\/\/dorogimedence.hu\/","name":"Dorogi-medence Region\u00e1lis H\u00edrport\u00e1l","description":"Dorog, Keszt\u00f6lc, Le\u00e1nyv\u00e1r, Piliscs\u00e9v, Tokod, Tokodalt\u00e1r\u00f3, Csolnok, Esztergom-kertv\u00e1ros: h\u00edrek, programok","publisher":{"@id":"https:\/\/dorogimedence.hu\/#organization"},"potentialAction":[{"@type":"SearchAction","target":{"@type":"EntryPoint","urlTemplate":"https:\/\/dorogimedence.hu\/?s={search_term_string}"},"query-input":{"@type":"PropertyValueSpecification","valueRequired":true,"valueName":"search_term_string"}}],"inLanguage":"hu"},{"@type":"Organization","@id":"https:\/\/dorogimedence.hu\/#organization","name":"Dorogi-medence Region\u00e1lis H\u00edrport\u00e1l","url":"https:\/\/dorogimedence.hu\/","logo":{"@type":"ImageObject","inLanguage":"hu","@id":"https:\/\/dorogimedence.hu\/#\/schema\/logo\/image\/","url":"https:\/\/dorogimedence.hu\/wp-content\/uploads\/2021\/04\/logo-feher-600.png","contentUrl":"https:\/\/dorogimedence.hu\/wp-content\/uploads\/2021\/04\/logo-feher-600.png","width":600,"height":100,"caption":"Dorogi-medence Region\u00e1lis H\u00edrport\u00e1l"},"image":{"@id":"https:\/\/dorogimedence.hu\/#\/schema\/logo\/image\/"},"sameAs":["https:\/\/www.facebook.com\/dorogimedence\/"]},{"@type":"Person","@id":"https:\/\/dorogimedence.hu\/#\/schema\/person\/ce6091eeb7e95ecdc87890d6aa8e0fd4","name":"dorogimedence.hu","image":{"@type":"ImageObject","inLanguage":"hu","@id":"\/\/www.gravatar.com\/avatar\/d8d45f8901aadff40a4af72c0b826f1d?s=96&#038;r=g&#038;d=mm","url":"\/\/www.gravatar.com\/avatar\/d8d45f8901aadff40a4af72c0b826f1d?s=96&#038;r=g&#038;d=mm","contentUrl":"\/\/www.gravatar.com\/avatar\/d8d45f8901aadff40a4af72c0b826f1d?s=96&#038;r=g&#038;d=mm","caption":"dorogimedence.hu"}}]}},"_links":{"self":[{"href":"https:\/\/dorogimedence.hu\/index.php\/wp-json\/wp\/v2\/posts\/69979","targetHints":{"allow":["GET"]}}],"collection":[{"href":"https:\/\/dorogimedence.hu\/index.php\/wp-json\/wp\/v2\/posts"}],"about":[{"href":"https:\/\/dorogimedence.hu\/index.php\/wp-json\/wp\/v2\/types\/post"}],"author":[{"embeddable":true,"href":"https:\/\/dorogimedence.hu\/index.php\/wp-json\/wp\/v2\/users\/1"}],"replies":[{"embeddable":true,"href":"https:\/\/dorogimedence.hu\/index.php\/wp-json\/wp\/v2\/comments?post=69979"}],"version-history":[{"count":0,"href":"https:\/\/dorogimedence.hu\/index.php\/wp-json\/wp\/v2\/posts\/69979\/revisions"}],"wp:featuredmedia":[{"embeddable":true,"href":"https:\/\/dorogimedence.hu\/index.php\/wp-json\/wp\/v2\/media\/69980"}],"wp:attachment":[{"href":"https:\/\/dorogimedence.hu\/index.php\/wp-json\/wp\/v2\/media?parent=69979"}],"wp:term":[{"taxonomy":"category","embeddable":true,"href":"https:\/\/dorogimedence.hu\/index.php\/wp-json\/wp\/v2\/categories?post=69979"},{"taxonomy":"post_tag","embeddable":true,"href":"https:\/\/dorogimedence.hu\/index.php\/wp-json\/wp\/v2\/tags?post=69979"}],"curies":[{"name":"wp","href":"https:\/\/api.w.org\/{rel}","templated":true}]}}